{"id":25454,"date":"2025-02-11T14:05:55","date_gmt":"2025-02-11T13:05:55","guid":{"rendered":"https:\/\/nid.pl\/?p=25454"},"modified":"2025-02-24T15:01:44","modified_gmt":"2025-02-24T14:01:44","slug":"nauczmy-sie-sluchac-zabytkow-rozmowa-agaty-jankowskiej-z-dr-iwona-lizewska","status":"publish","type":"post","link":"https:\/\/nid.pl\/en\/2025\/02\/11\/nauczmy-sie-sluchac-zabytkow-rozmowa-agaty-jankowskiej-z-dr-iwona-lizewska\/","title":{"rendered":"Nauczmy si\u0119 s\u0142ucha\u0107 zabytk\u00f3w \u2013 rozmowa Agaty Jankowskiej z dr Iwon\u0105 Li\u017cewsk\u0105\u00a0"},"content":{"rendered":"<p class=\"has-medium-font-size\"><strong>Do 15 lutego br. trwa nab\u00f3r do jubileuszowej edycji konkursu Ministra Kultury i Dziedzictwa Narodowego, Generalnego Konserwatora Zabytk\u00f3w \u201eZabytek Zadbany\u201d, w ramach kt\u00f3rego&nbsp;wyr\u00f3\u017cniane i doceniane s\u0105 najlepsze praktyki i przyk\u0142ady w ochronie i konserwacji dziedzictwa. O wyzwaniach zwi\u0105zanych z opiek\u0105 nad zabytkami w rozmowie z Agat\u0105 Jankowsk\u0105 opowiada dr Iwona Li\u017cewska, kierownik Oddzia\u0142u Terenowego NID w Olsztynie.&nbsp;Narodowy Instytut Dziedzictwa od 2010 r. odpowiada za realizacj\u0119 procedury konkursowej. <\/strong>&nbsp;<\/p>\n\n\n\n<p><\/p>\n\n\n\n<h6 class=\"wp-block-heading has-text-color has-link-color wp-elements-fff9355b45acfd2acbe5a7566a17a980\" style=\"color:#727272\"><strong>Jak dba\u0107 o zabytki?&nbsp;<\/strong><\/h6>\n\n\n\n<p><\/p>\n\n\n\n<blockquote class=\"wp-block-quote is-layout-flow wp-block-quote-is-layout-flow\">\n<p><em>Maj\u0105c wyj\u0105tkowy obiekt musimy wykaza\u0107 troch\u0119 pokory wobec tego, co zrobili ju\u017c nasi przodkowie. Trzeba w taki spos\u00f3b szuka\u0107 rozwi\u0105za\u0144 funkcjonalnych i sposob\u00f3w remontu, by chroni\u0107 autentyzm, integralno\u015b\u0107 i to wszystko, co dotrwa\u0142o do dzisiaj<\/em>.<\/p>\n<\/blockquote>\n\n\n\n<p> &#8211; podkre\u015bla dr Iwona Li\u017cewska z olszty\u0144skiego oddzia\u0142u terenowego Narodowego Instytutu Dziedzictwa.&nbsp;<\/p>\n\n\n\n<p><\/p>\n\n\n\n<h6 class=\"wp-block-heading has-text-color has-link-color wp-elements-c96628c0e73f44909bbea0bcee4c06f6\" style=\"color:#727272\"><strong>Co znajdziesz w artykule?<\/strong>&nbsp;<\/h6>\n\n\n\n<p><\/p>\n\n\n\n<p>W rozmowie poruszono kluczowe kwestie dotycz\u0105ce ochrony zabytk\u00f3w:&nbsp;<\/p>\n\n\n\n<ul class=\"wp-block-list\">\n<li><strong>historia<\/strong> konkursu \u201eZabytek Zadbany\u201d \u2013 jak na przestrzeni lat zmienia\u0142y si\u0119 standardy ochrony dziedzictwa oraz jakie nowe wyzwania pojawi\u0142y si\u0119 w ostatnich latach;\u00a0<\/li>\n<\/ul>\n\n\n\n<ul class=\"wp-block-list\">\n<li>najwi\u0119ksze <strong>wyzwania<\/strong> w zarz\u0105dzaniu zabytkami \u2013 jakie b\u0142\u0119dy najcz\u0119\u015bciej pope\u0142niaj\u0105 w\u0142a\u015bciciele obiekt\u00f3w i na co szczeg\u00f3lnie nale\u017cy zwr\u00f3ci\u0107 uwag\u0119;\u00a0<\/li>\n<\/ul>\n\n\n\n<ul class=\"wp-block-list\">\n<li><strong>przysz\u0142o\u015b\u0107<\/strong> ochrony dziedzictwa \u2013 jakie dzia\u0142ania nale\u017cy podejmowa\u0107, by skutecznie dba\u0107 o zabytki w przysz\u0142o\u015bci oraz jakie innowacje i technologie mog\u0105 wspiera\u0107 konserwacj\u0119.\u00a0<\/li>\n<\/ul>\n\n\n\n<p>Ca\u0142y wywiad dost\u0119pny jest na portalu <strong>\u201eSpotkania z Zabytkami\u201d <\/strong>&#8211; <a href=\"https:\/\/spotkaniazzabytkami.pl\/nauczmy-sie-sluchac-zabytkow\/?fbclid=IwY2xjawIYF0JleHRuA2FlbQIxMAABHfeea18xfewwoVZ0OyZia-kutFweeJo9XjjRQ2tfE2-AazVFn3KA17bWSA_aem_FcU2uPwDaNfsZtFL-cMKVA.\" target=\"_blank\" rel=\"noreferrer noopener\">https:\/\/spotkaniazzabytkami.pl\/nauczmy-sie-sluchac-zabytkow\/?fbclid=IwY2xjawIYF0JleHRuA2FlbQIxMAABHfeea18xfewwoVZ0OyZia-kutFweeJo9XjjRQ2tfE2-AazVFn3KA17bWSA_aem_FcU2uPwDaNfsZtFL-cMKVA.<\/a>\u00a0<\/p>\n\n\n\n<p>Wi\u0119cej informacji oraz formularz zg\u0142oszeniowy do konkursu dost\u0119pny jest&nbsp;na stronie &#8211; <a href=\"https:\/\/l.facebook.com\/l.php?u=http%3A%2F%2Fnid.pl%2Fkonkursy%2Fzabytek-zadbany%2F%3Ffbclid%3DIwZXh0bgNhZW0CMTAAAR33nmtfMX3sMKFWdDsmYmvpLrRcHniaPV440UNrXxNvgGs1RZ9ygNe21kg_aem_FcU2uPwDaNfsZtFL-cMKVA&amp;h=AT0xS8BxDf-Dt03JWE9ITvCV-3yHMnOPRndDiCAvqsNtP1FWzluJsGvWxosJRQXtZ70eZktjuWEC5VmHR6Q_7mOl9dQG-ipgFYqATWt7d4tQOxAvGtWu7gKgezQnDJS3pnBW&amp;__tn__=-UK-R-R&amp;c%5b0%5d=AT1d0sQxfI8XIuQAcy7z0o-w-qS1kqHEu3XAS8J3wBTaZxCAzvK5gHs2pr8ZVBNzXIvXjrZzozrwtFS10tcdhj4JUcJQ8CUW_PFzZUStQtAgTfK7PhW9GGXDxNKtXv92s0jcRHBPs4Zx5Qd0DpS_KqIl3WjjNMuFK_vEdbCUzdrj-NGQ8AQQFCCDLS6zYFMwlEKmRLEAZb6_SsLFj2HsVmNXVzk\" target=\"_blank\" rel=\"noreferrer noopener\">nid.pl\/konkursy\/zabytek-zadbany\/.<\/a>&nbsp;<\/p>\n\n\n\n<p><\/p>\n\n\n\n<p><\/p>\n\n\n\n<div class=\"wp-block-columns is-layout-flex wp-container-core-columns-is-layout-9d6595d7 wp-block-columns-is-layout-flex\">\n<div class=\"wp-block-column is-layout-flow wp-block-column-is-layout-flow\">\n<figure data-wp-context=\"{&quot;imageId&quot;:&quot;69f1211a1b8a8&quot;}\" data-wp-interactive=\"core\/image\" data-wp-key=\"69f1211a1b8a8\" class=\"wp-block-image size-large wp-lightbox-container\"><img loading=\"lazy\" decoding=\"async\" width=\"1024\" height=\"673\" data-wp-class--hide=\"state.isContentHidden\" data-wp-class--show=\"state.isContentVisible\" data-wp-init=\"callbacks.setButtonStyles\" data-wp-on--click=\"actions.showLightbox\" data-wp-on--load=\"callbacks.setButtonStyles\" data-wp-on-window--resize=\"callbacks.setButtonStyles\" src=\"https:\/\/nid.pl\/wp-content\/uploads\/2025\/02\/Papiernia-\u2013-mlyn-papierniczy-w-Dusznikach-Zdroju-woj.-dolnoslaskie-wlasciciel-Muzeum-Papiernictwa-w-Dusznikach-Zdroju.-Wyroznienie-w-kategorii-architektury-i-budownictwa-drewnianego-\u201eZabytek-Zadbany-2019-1024x673.png\" alt=\"\" class=\"wp-image-25458\" srcset=\"https:\/\/nid.pl\/wp-content\/uploads\/2025\/02\/Papiernia-\u2013-mlyn-papierniczy-w-Dusznikach-Zdroju-woj.-dolnoslaskie-wlasciciel-Muzeum-Papiernictwa-w-Dusznikach-Zdroju.-Wyroznienie-w-kategorii-architektury-i-budownictwa-drewnianego-\u201eZabytek-Zadbany-2019-1024x673.png 1024w, https:\/\/nid.pl\/wp-content\/uploads\/2025\/02\/Papiernia-\u2013-mlyn-papierniczy-w-Dusznikach-Zdroju-woj.-dolnoslaskie-wlasciciel-Muzeum-Papiernictwa-w-Dusznikach-Zdroju.-Wyroznienie-w-kategorii-architektury-i-budownictwa-drewnianego-\u201eZabytek-Zadbany-2019-300x197.png 300w, https:\/\/nid.pl\/wp-content\/uploads\/2025\/02\/Papiernia-\u2013-mlyn-papierniczy-w-Dusznikach-Zdroju-woj.-dolnoslaskie-wlasciciel-Muzeum-Papiernictwa-w-Dusznikach-Zdroju.-Wyroznienie-w-kategorii-architektury-i-budownictwa-drewnianego-\u201eZabytek-Zadbany-2019-768x505.png 768w, https:\/\/nid.pl\/wp-content\/uploads\/2025\/02\/Papiernia-\u2013-mlyn-papierniczy-w-Dusznikach-Zdroju-woj.-dolnoslaskie-wlasciciel-Muzeum-Papiernictwa-w-Dusznikach-Zdroju.-Wyroznienie-w-kategorii-architektury-i-budownictwa-drewnianego-\u201eZabytek-Zadbany-2019-18x12.png 18w, https:\/\/nid.pl\/wp-content\/uploads\/2025\/02\/Papiernia-\u2013-mlyn-papierniczy-w-Dusznikach-Zdroju-woj.-dolnoslaskie-wlasciciel-Muzeum-Papiernictwa-w-Dusznikach-Zdroju.-Wyroznienie-w-kategorii-architektury-i-budownictwa-drewnianego-\u201eZabytek-Zadbany-2019-1080x710.png 1080w, https:\/\/nid.pl\/wp-content\/uploads\/2025\/02\/Papiernia-\u2013-mlyn-papierniczy-w-Dusznikach-Zdroju-woj.-dolnoslaskie-wlasciciel-Muzeum-Papiernictwa-w-Dusznikach-Zdroju.-Wyroznienie-w-kategorii-architektury-i-budownictwa-drewnianego-\u201eZabytek-Zadbany-2019-980x644.png 980w, https:\/\/nid.pl\/wp-content\/uploads\/2025\/02\/Papiernia-\u2013-mlyn-papierniczy-w-Dusznikach-Zdroju-woj.-dolnoslaskie-wlasciciel-Muzeum-Papiernictwa-w-Dusznikach-Zdroju.-Wyroznienie-w-kategorii-architektury-i-budownictwa-drewnianego-\u201eZabytek-Zadbany-2019-480x315.png 480w, https:\/\/nid.pl\/wp-content\/uploads\/2025\/02\/Papiernia-\u2013-mlyn-papierniczy-w-Dusznikach-Zdroju-woj.-dolnoslaskie-wlasciciel-Muzeum-Papiernictwa-w-Dusznikach-Zdroju.-Wyroznienie-w-kategorii-architektury-i-budownictwa-drewnianego-\u201eZabytek-Zadbany-2019.png 1114w\" sizes=\"(max-width: 1024px) 100vw, 1024px\" \/><button\n\t\t\tclass=\"lightbox-trigger\"\n\t\t\ttype=\"button\"\n\t\t\taria-haspopup=\"dialog\"\n\t\t\taria-label=\"Enlarge\"\n\t\t\tdata-wp-init=\"callbacks.initTriggerButton\"\n\t\t\tdata-wp-on--click=\"actions.showLightbox\"\n\t\t\tdata-wp-style--right=\"state.imageButtonRight\"\n\t\t\tdata-wp-style--top=\"state.imageButtonTop\"\n\t\t>\n\t\t\t<svg xmlns=\"http:\/\/www.w3.org\/2000\/svg\" width=\"12\" height=\"12\" fill=\"none\" viewbox=\"0 0 12 12\">\n\t\t\t\t<path fill=\"#fff\" d=\"M2 0a2 2 0 0 0-2 2v2h1.5V2a.5.5 0 0 1 .5-.5h2V0H2Zm2 10.5H2a.5.5 0 0 1-.5-.5V8H0v2a2 2 0 0 0 2 2h2v-1.5ZM8 12v-1.5h2a.5.5 0 0 0 .5-.5V8H12v2a2 2 0 0 1-2 2H8Zm2-12a2 2 0 0 1 2 2v2h-1.5V2a.5.5 0 0 0-.5-.5H8V0h2Z\" \/>\n\t\t\t<\/svg>\n\t\t<\/button><figcaption class=\"wp-element-caption\">Papiernia \u2013 m\u0142yn papierniczy w Dusznikach-Zdroju, woj. dolno\u015bl\u0105skie, w\u0142a\u015bciciel Muzeum Papiernictwa w Dusznikach-Zdroju. Wyr\u00f3\u017cnienie w kategorii architektury i budownictwa drewnianego, \u201eZabytek Zadbany 2019<\/figcaption><\/figure>\n<\/div>\n\n\n\n<div class=\"wp-block-column is-layout-flow wp-block-column-is-layout-flow\">\n<figure data-wp-context=\"{&quot;imageId&quot;:&quot;69f1211a1bcd3&quot;}\" data-wp-interactive=\"core\/image\" data-wp-key=\"69f1211a1bcd3\" class=\"wp-block-image size-full wp-lightbox-container\"><img loading=\"lazy\" decoding=\"async\" width=\"800\" height=\"533\" data-wp-class--hide=\"state.isContentHidden\" data-wp-class--show=\"state.isContentVisible\" data-wp-init=\"callbacks.setButtonStyles\" data-wp-on--click=\"actions.showLightbox\" data-wp-on--load=\"callbacks.setButtonStyles\" data-wp-on-window--resize=\"callbacks.setButtonStyles\" src=\"https:\/\/nid.pl\/wp-content\/uploads\/2025\/02\/Walcownia-cynku-obecnie-Muzeum-Hutnictwa-Cynku-\u201eWalcownia-w-Katowicach-Szopienicach-woj.-slaskie-zarzadca-Fundacja-Ochrony-Dziedzictwa-Przemyslowego-Slaska.-Laureat-w-kategorii-zabytkow-techniki-\u201eZabytek-Zadb.jpg\" alt=\"\" class=\"wp-image-25459\" srcset=\"https:\/\/nid.pl\/wp-content\/uploads\/2025\/02\/Walcownia-cynku-obecnie-Muzeum-Hutnictwa-Cynku-\u201eWalcownia-w-Katowicach-Szopienicach-woj.-slaskie-zarzadca-Fundacja-Ochrony-Dziedzictwa-Przemyslowego-Slaska.-Laureat-w-kategorii-zabytkow-techniki-\u201eZabytek-Zadb.jpg 800w, https:\/\/nid.pl\/wp-content\/uploads\/2025\/02\/Walcownia-cynku-obecnie-Muzeum-Hutnictwa-Cynku-\u201eWalcownia-w-Katowicach-Szopienicach-woj.-slaskie-zarzadca-Fundacja-Ochrony-Dziedzictwa-Przemyslowego-Slaska.-Laureat-w-kategorii-zabytkow-techniki-\u201eZabytek-Zadb-300x200.jpg 300w, https:\/\/nid.pl\/wp-content\/uploads\/2025\/02\/Walcownia-cynku-obecnie-Muzeum-Hutnictwa-Cynku-\u201eWalcownia-w-Katowicach-Szopienicach-woj.-slaskie-zarzadca-Fundacja-Ochrony-Dziedzictwa-Przemyslowego-Slaska.-Laureat-w-kategorii-zabytkow-techniki-\u201eZabytek-Zadb-768x512.jpg 768w, https:\/\/nid.pl\/wp-content\/uploads\/2025\/02\/Walcownia-cynku-obecnie-Muzeum-Hutnictwa-Cynku-\u201eWalcownia-w-Katowicach-Szopienicach-woj.-slaskie-zarzadca-Fundacja-Ochrony-Dziedzictwa-Przemyslowego-Slaska.-Laureat-w-kategorii-zabytkow-techniki-\u201eZabytek-Zadb-18x12.jpg 18w, https:\/\/nid.pl\/wp-content\/uploads\/2025\/02\/Walcownia-cynku-obecnie-Muzeum-Hutnictwa-Cynku-\u201eWalcownia-w-Katowicach-Szopienicach-woj.-slaskie-zarzadca-Fundacja-Ochrony-Dziedzictwa-Przemyslowego-Slaska.-Laureat-w-kategorii-zabytkow-techniki-\u201eZabytek-Zadb-480x320.jpg 480w\" sizes=\"(max-width: 800px) 100vw, 800px\" \/><button\n\t\t\tclass=\"lightbox-trigger\"\n\t\t\ttype=\"button\"\n\t\t\taria-haspopup=\"dialog\"\n\t\t\taria-label=\"Enlarge\"\n\t\t\tdata-wp-init=\"callbacks.initTriggerButton\"\n\t\t\tdata-wp-on--click=\"actions.showLightbox\"\n\t\t\tdata-wp-style--right=\"state.imageButtonRight\"\n\t\t\tdata-wp-style--top=\"state.imageButtonTop\"\n\t\t>\n\t\t\t<svg xmlns=\"http:\/\/www.w3.org\/2000\/svg\" width=\"12\" height=\"12\" fill=\"none\" viewbox=\"0 0 12 12\">\n\t\t\t\t<path fill=\"#fff\" d=\"M2 0a2 2 0 0 0-2 2v2h1.5V2a.5.5 0 0 1 .5-.5h2V0H2Zm2 10.5H2a.5.5 0 0 1-.5-.5V8H0v2a2 2 0 0 0 2 2h2v-1.5ZM8 12v-1.5h2a.5.5 0 0 0 .5-.5V8H12v2a2 2 0 0 1-2 2H8Zm2-12a2 2 0 0 1 2 2v2h-1.5V2a.5.5 0 0 0-.5-.5H8V0h2Z\" \/>\n\t\t\t<\/svg>\n\t\t<\/button><figcaption class=\"wp-element-caption\">Walcownia cynku, obecnie Muzeum Hutnictwa Cynku &#8220;Walcownia&#8221; w Katowicach-Szopienicach, woj. \u015bl\u0105skie, zarz\u0105dca: Fundacja Ochrony Dziedzictwa Przemys\u0142owego \u015al\u0105ska. Laureat w kategorii zabytk\u00f3w techniki, Zabytek Zadbany 2018. Fot. Agata Mucha, NID \/ OT Katowice<\/figcaption><\/figure>\n<\/div>\n<\/div>\n\n\n\n<p><\/p>","protected":false},"excerpt":{"rendered":"<p>Do 15 lutego br. trwa nab\u00f3r do jubileuszowej edycji konkursu Ministra Kultury i Dziedzictwa Narodowego, Generalnego Konserwatora Zabytk\u00f3w \u201eZabytek Zadbany\u201d, w ramach kt\u00f3rego&nbsp;wyr\u00f3\u017cniane i doceniane s\u0105 najlepsze praktyki i przyk\u0142ady [&hellip;]<\/p>","protected":false},"author":15,"featured_media":25456,"comment_status":"closed","ping_status":"closed","sticky":false,"template":"","format":"standard","meta":{"_et_pb_use_builder":"off","_et_pb_old_content":"","_et_gb_content_width":"","_monsterinsights_skip_tracking":false,"_monsterinsights_sitenote_active":false,"_monsterinsights_sitenote_note":"","_monsterinsights_sitenote_category":0,"footnotes":""},"categories":[3,31],"tags":[],"class_list":["post-25454","post","type-post","status-publish","format-standard","has-post-thumbnail","hentry","category-aktualnosci","category-zabytek-zadbany"],"yoast_head":"<!-- This site is optimized with the Yoast SEO plugin v26.5 - https:\/\/yoast.com\/wordpress\/plugins\/seo\/ -->\n<title>Nauczmy si\u0119 s\u0142ucha\u0107 zabytk\u00f3w \u2013 rozmowa Agaty Jankowskiej z dr Iwon\u0105 Li\u017cewsk\u0105\u00a0 - NID<\/title>\n<meta name=\"robots\" content=\"index, follow, max-snippet:-1, max-image-preview:large, max-video-preview:-1\" \/>\n<link rel=\"canonical\" href=\"https:\/\/nid.pl\/en\/2025\/02\/11\/nauczmy-sie-sluchac-zabytkow-rozmowa-agaty-jankowskiej-z-dr-iwona-lizewska\/\" \/>\n<meta property=\"og:locale\" content=\"en_GB\" \/>\n<meta property=\"og:type\" content=\"article\" \/>\n<meta property=\"og:title\" content=\"Nauczmy si\u0119 s\u0142ucha\u0107 zabytk\u00f3w \u2013 rozmowa Agaty Jankowskiej z dr Iwon\u0105 Li\u017cewsk\u0105\u00a0 - NID\" \/>\n<meta property=\"og:description\" content=\"Do 15 lutego br. trwa nab\u00f3r do jubileuszowej edycji konkursu Ministra Kultury i Dziedzictwa Narodowego, Generalnego Konserwatora Zabytk\u00f3w \u201eZabytek Zadbany\u201d, w ramach kt\u00f3rego&nbsp;wyr\u00f3\u017cniane i doceniane s\u0105 najlepsze praktyki i przyk\u0142ady [&hellip;]\" \/>\n<meta property=\"og:url\" content=\"https:\/\/nid.pl\/en\/2025\/02\/11\/nauczmy-sie-sluchac-zabytkow-rozmowa-agaty-jankowskiej-z-dr-iwona-lizewska\/\" \/>\n<meta property=\"og:site_name\" content=\"NID\" \/>\n<meta property=\"article:publisher\" content=\"https:\/\/www.facebook.com\/zabytek\" \/>\n<meta property=\"article:published_time\" content=\"2025-02-11T13:05:55+00:00\" \/>\n<meta property=\"article:modified_time\" content=\"2025-02-24T14:01:44+00:00\" \/>\n<meta property=\"og:image\" content=\"https:\/\/nid.pl\/wp-content\/uploads\/2025\/02\/miniatura-www-wywiad-iwona-lizewska.jpg\" \/>\n\t<meta property=\"og:image:width\" content=\"1857\" \/>\n\t<meta property=\"og:image:height\" content=\"1238\" \/>\n\t<meta property=\"og:image:type\" content=\"image\/jpeg\" \/>\n<meta name=\"author\" content=\"Monika Ciura\" \/>\n<meta name=\"twitter:card\" content=\"summary_large_image\" \/>\n<meta name=\"twitter:creator\" content=\"@NarIDpl\" \/>\n<meta name=\"twitter:site\" content=\"@NarIDpl\" \/>\n<meta name=\"twitter:label1\" content=\"Written by\" \/>\n\t<meta name=\"twitter:data1\" content=\"Monika Ciura\" \/>\n\t<meta name=\"twitter:label2\" content=\"Estimated reading time\" \/>\n\t<meta name=\"twitter:data2\" content=\"3 minutes\" \/>\n<script type=\"application\/ld+json\" class=\"yoast-schema-graph\">{\"@context\":\"https:\/\/schema.org\",\"@graph\":[{\"@type\":\"Article\",\"@id\":\"https:\/\/nid.pl\/2025\/02\/11\/nauczmy-sie-sluchac-zabytkow-rozmowa-agaty-jankowskiej-z-dr-iwona-lizewska\/#article\",\"isPartOf\":{\"@id\":\"https:\/\/nid.pl\/2025\/02\/11\/nauczmy-sie-sluchac-zabytkow-rozmowa-agaty-jankowskiej-z-dr-iwona-lizewska\/\"},\"author\":{\"name\":\"Monika Ciura\",\"@id\":\"https:\/\/nid.pl\/#\/schema\/person\/ab9abea4caecdccde4fb0d555271145f\"},\"headline\":\"Nauczmy si\u0119 s\u0142ucha\u0107 zabytk\u00f3w \u2013 rozmowa Agaty Jankowskiej z dr Iwon\u0105 Li\u017cewsk\u0105\u00a0\",\"datePublished\":\"2025-02-11T13:05:55+00:00\",\"dateModified\":\"2025-02-24T14:01:44+00:00\",\"mainEntityOfPage\":{\"@id\":\"https:\/\/nid.pl\/2025\/02\/11\/nauczmy-sie-sluchac-zabytkow-rozmowa-agaty-jankowskiej-z-dr-iwona-lizewska\/\"},\"wordCount\":365,\"publisher\":{\"@id\":\"https:\/\/nid.pl\/#organization\"},\"image\":{\"@id\":\"https:\/\/nid.pl\/2025\/02\/11\/nauczmy-sie-sluchac-zabytkow-rozmowa-agaty-jankowskiej-z-dr-iwona-lizewska\/#primaryimage\"},\"thumbnailUrl\":\"https:\/\/nid.pl\/wp-content\/uploads\/2025\/02\/miniatura-www-wywiad-iwona-lizewska.jpg\",\"articleSection\":[\"Aktualno\u015bci\",\"Zabytek Zadbany\"],\"inLanguage\":\"en-GB\"},{\"@type\":\"WebPage\",\"@id\":\"https:\/\/nid.pl\/2025\/02\/11\/nauczmy-sie-sluchac-zabytkow-rozmowa-agaty-jankowskiej-z-dr-iwona-lizewska\/\",\"url\":\"https:\/\/nid.pl\/2025\/02\/11\/nauczmy-sie-sluchac-zabytkow-rozmowa-agaty-jankowskiej-z-dr-iwona-lizewska\/\",\"name\":\"Nauczmy si\u0119 s\u0142ucha\u0107 zabytk\u00f3w \u2013 rozmowa Agaty Jankowskiej z dr Iwon\u0105 Li\u017cewsk\u0105\u00a0 - NID\",\"isPartOf\":{\"@id\":\"https:\/\/nid.pl\/#website\"},\"primaryImageOfPage\":{\"@id\":\"https:\/\/nid.pl\/2025\/02\/11\/nauczmy-sie-sluchac-zabytkow-rozmowa-agaty-jankowskiej-z-dr-iwona-lizewska\/#primaryimage\"},\"image\":{\"@id\":\"https:\/\/nid.pl\/2025\/02\/11\/nauczmy-sie-sluchac-zabytkow-rozmowa-agaty-jankowskiej-z-dr-iwona-lizewska\/#primaryimage\"},\"thumbnailUrl\":\"https:\/\/nid.pl\/wp-content\/uploads\/2025\/02\/miniatura-www-wywiad-iwona-lizewska.jpg\",\"datePublished\":\"2025-02-11T13:05:55+00:00\",\"dateModified\":\"2025-02-24T14:01:44+00:00\",\"breadcrumb\":{\"@id\":\"https:\/\/nid.pl\/2025\/02\/11\/nauczmy-sie-sluchac-zabytkow-rozmowa-agaty-jankowskiej-z-dr-iwona-lizewska\/#breadcrumb\"},\"inLanguage\":\"en-GB\",\"potentialAction\":[{\"@type\":\"ReadAction\",\"target\":[\"https:\/\/nid.pl\/2025\/02\/11\/nauczmy-sie-sluchac-zabytkow-rozmowa-agaty-jankowskiej-z-dr-iwona-lizewska\/\"]}]},{\"@type\":\"ImageObject\",\"inLanguage\":\"en-GB\",\"@id\":\"https:\/\/nid.pl\/2025\/02\/11\/nauczmy-sie-sluchac-zabytkow-rozmowa-agaty-jankowskiej-z-dr-iwona-lizewska\/#primaryimage\",\"url\":\"https:\/\/nid.pl\/wp-content\/uploads\/2025\/02\/miniatura-www-wywiad-iwona-lizewska.jpg\",\"contentUrl\":\"https:\/\/nid.pl\/wp-content\/uploads\/2025\/02\/miniatura-www-wywiad-iwona-lizewska.jpg\",\"width\":1857,\"height\":1238,\"caption\":\"zdj\u0119cie przedstawia tabliczk\u0119 z napisem zabytek zadbany przymocowan\u0105 do drewanianej \u015bciany\"},{\"@type\":\"BreadcrumbList\",\"@id\":\"https:\/\/nid.pl\/2025\/02\/11\/nauczmy-sie-sluchac-zabytkow-rozmowa-agaty-jankowskiej-z-dr-iwona-lizewska\/#breadcrumb\",\"itemListElement\":[{\"@type\":\"ListItem\",\"position\":1,\"name\":\"Home\",\"item\":\"https:\/\/nid.pl\/\"},{\"@type\":\"ListItem\",\"position\":2,\"name\":\"Nauczmy si\u0119 s\u0142ucha\u0107 zabytk\u00f3w \u2013 rozmowa Agaty Jankowskiej z dr Iwon\u0105 Li\u017cewsk\u0105\u00a0\"}]},{\"@type\":\"WebSite\",\"@id\":\"https:\/\/nid.pl\/#website\",\"url\":\"https:\/\/nid.pl\/\",\"name\":\"NID\",\"description\":\"Narodowy Instytut Dziedzictwa\",\"publisher\":{\"@id\":\"https:\/\/nid.pl\/#organization\"},\"potentialAction\":[{\"@type\":\"SearchAction\",\"target\":{\"@type\":\"EntryPoint\",\"urlTemplate\":\"https:\/\/nid.pl\/?s={search_term_string}\"},\"query-input\":{\"@type\":\"PropertyValueSpecification\",\"valueRequired\":true,\"valueName\":\"search_term_string\"}}],\"inLanguage\":\"en-GB\"},{\"@type\":\"Organization\",\"@id\":\"https:\/\/nid.pl\/#organization\",\"name\":\"Narodowy Instytut Dziedzictwa\",\"url\":\"https:\/\/nid.pl\/\",\"logo\":{\"@type\":\"ImageObject\",\"inLanguage\":\"en-GB\",\"@id\":\"https:\/\/nid.pl\/#\/schema\/logo\/image\/\",\"url\":\"https:\/\/nid.pl\/wp-content\/uploads\/2022\/10\/logoRedDark.png\",\"contentUrl\":\"https:\/\/nid.pl\/wp-content\/uploads\/2022\/10\/logoRedDark.png\",\"width\":200,\"height\":197,\"caption\":\"Narodowy Instytut Dziedzictwa\"},\"image\":{\"@id\":\"https:\/\/nid.pl\/#\/schema\/logo\/image\/\"},\"sameAs\":[\"https:\/\/www.facebook.com\/zabytek\",\"https:\/\/x.com\/NarIDpl\",\"https:\/\/www.instagram.com\/nid.pl\/?hl=pl\",\"https:\/\/www.linkedin.com\/company\/narodowy-instytut-dziedzictwa\",\"https:\/\/www.youtube.com\/channel\/UCQXuhKa2uHtmNvLRUSx40JA\"]},{\"@type\":\"Person\",\"@id\":\"https:\/\/nid.pl\/#\/schema\/person\/ab9abea4caecdccde4fb0d555271145f\",\"name\":\"Monika Ciura\",\"image\":{\"@type\":\"ImageObject\",\"inLanguage\":\"en-GB\",\"@id\":\"https:\/\/nid.pl\/#\/schema\/person\/image\/\",\"url\":\"https:\/\/nid.pl\/wp-content\/litespeed\/avatar\/bfdb15d1cc317fac4b66bdc91090ff11.jpg?ver=1776840533\",\"contentUrl\":\"https:\/\/nid.pl\/wp-content\/litespeed\/avatar\/bfdb15d1cc317fac4b66bdc91090ff11.jpg?ver=1776840533\",\"caption\":\"Monika Ciura\"},\"url\":\"https:\/\/nid.pl\/en\/author\/mciura\/\"}]}<\/script>\n<!-- \/ Yoast SEO plugin. -->","yoast_head_json":{"title":"Nauczmy si\u0119 s\u0142ucha\u0107 zabytk\u00f3w \u2013 rozmowa Agaty Jankowskiej z dr Iwon\u0105 Li\u017cewsk\u0105\u00a0 - NID","robots":{"index":"index","follow":"follow","max-snippet":"max-snippet:-1","max-image-preview":"max-image-preview:large","max-video-preview":"max-video-preview:-1"},"canonical":"https:\/\/nid.pl\/en\/2025\/02\/11\/nauczmy-sie-sluchac-zabytkow-rozmowa-agaty-jankowskiej-z-dr-iwona-lizewska\/","og_locale":"en_GB","og_type":"article","og_title":"Nauczmy si\u0119 s\u0142ucha\u0107 zabytk\u00f3w \u2013 rozmowa Agaty Jankowskiej z dr Iwon\u0105 Li\u017cewsk\u0105\u00a0 - NID","og_description":"Do 15 lutego br. trwa nab\u00f3r do jubileuszowej edycji konkursu Ministra Kultury i Dziedzictwa Narodowego, Generalnego Konserwatora Zabytk\u00f3w \u201eZabytek Zadbany\u201d, w ramach kt\u00f3rego&nbsp;wyr\u00f3\u017cniane i doceniane s\u0105 najlepsze praktyki i przyk\u0142ady [&hellip;]","og_url":"https:\/\/nid.pl\/en\/2025\/02\/11\/nauczmy-sie-sluchac-zabytkow-rozmowa-agaty-jankowskiej-z-dr-iwona-lizewska\/","og_site_name":"NID","article_publisher":"https:\/\/www.facebook.com\/zabytek","article_published_time":"2025-02-11T13:05:55+00:00","article_modified_time":"2025-02-24T14:01:44+00:00","og_image":[{"width":1857,"height":1238,"url":"https:\/\/nid.pl\/wp-content\/uploads\/2025\/02\/miniatura-www-wywiad-iwona-lizewska.jpg","type":"image\/jpeg"}],"author":"Monika Ciura","twitter_card":"summary_large_image","twitter_creator":"@NarIDpl","twitter_site":"@NarIDpl","twitter_misc":{"Written by":"Monika Ciura","Estimated reading time":"3 minutes"},"schema":{"@context":"https:\/\/schema.org","@graph":[{"@type":"Article","@id":"https:\/\/nid.pl\/2025\/02\/11\/nauczmy-sie-sluchac-zabytkow-rozmowa-agaty-jankowskiej-z-dr-iwona-lizewska\/#article","isPartOf":{"@id":"https:\/\/nid.pl\/2025\/02\/11\/nauczmy-sie-sluchac-zabytkow-rozmowa-agaty-jankowskiej-z-dr-iwona-lizewska\/"},"author":{"name":"Monika Ciura","@id":"https:\/\/nid.pl\/#\/schema\/person\/ab9abea4caecdccde4fb0d555271145f"},"headline":"Nauczmy si\u0119 s\u0142ucha\u0107 zabytk\u00f3w \u2013 rozmowa Agaty Jankowskiej z dr Iwon\u0105 Li\u017cewsk\u0105\u00a0","datePublished":"2025-02-11T13:05:55+00:00","dateModified":"2025-02-24T14:01:44+00:00","mainEntityOfPage":{"@id":"https:\/\/nid.pl\/2025\/02\/11\/nauczmy-sie-sluchac-zabytkow-rozmowa-agaty-jankowskiej-z-dr-iwona-lizewska\/"},"wordCount":365,"publisher":{"@id":"https:\/\/nid.pl\/#organization"},"image":{"@id":"https:\/\/nid.pl\/2025\/02\/11\/nauczmy-sie-sluchac-zabytkow-rozmowa-agaty-jankowskiej-z-dr-iwona-lizewska\/#primaryimage"},"thumbnailUrl":"https:\/\/nid.pl\/wp-content\/uploads\/2025\/02\/miniatura-www-wywiad-iwona-lizewska.jpg","articleSection":["Aktualno\u015bci","Zabytek Zadbany"],"inLanguage":"en-GB"},{"@type":"WebPage","@id":"https:\/\/nid.pl\/2025\/02\/11\/nauczmy-sie-sluchac-zabytkow-rozmowa-agaty-jankowskiej-z-dr-iwona-lizewska\/","url":"https:\/\/nid.pl\/2025\/02\/11\/nauczmy-sie-sluchac-zabytkow-rozmowa-agaty-jankowskiej-z-dr-iwona-lizewska\/","name":"Nauczmy si\u0119 s\u0142ucha\u0107 zabytk\u00f3w \u2013 rozmowa Agaty Jankowskiej z dr Iwon\u0105 Li\u017cewsk\u0105\u00a0 - NID","isPartOf":{"@id":"https:\/\/nid.pl\/#website"},"primaryImageOfPage":{"@id":"https:\/\/nid.pl\/2025\/02\/11\/nauczmy-sie-sluchac-zabytkow-rozmowa-agaty-jankowskiej-z-dr-iwona-lizewska\/#primaryimage"},"image":{"@id":"https:\/\/nid.pl\/2025\/02\/11\/nauczmy-sie-sluchac-zabytkow-rozmowa-agaty-jankowskiej-z-dr-iwona-lizewska\/#primaryimage"},"thumbnailUrl":"https:\/\/nid.pl\/wp-content\/uploads\/2025\/02\/miniatura-www-wywiad-iwona-lizewska.jpg","datePublished":"2025-02-11T13:05:55+00:00","dateModified":"2025-02-24T14:01:44+00:00","breadcrumb":{"@id":"https:\/\/nid.pl\/2025\/02\/11\/nauczmy-sie-sluchac-zabytkow-rozmowa-agaty-jankowskiej-z-dr-iwona-lizewska\/#breadcrumb"},"inLanguage":"en-GB","potentialAction":[{"@type":"ReadAction","target":["https:\/\/nid.pl\/2025\/02\/11\/nauczmy-sie-sluchac-zabytkow-rozmowa-agaty-jankowskiej-z-dr-iwona-lizewska\/"]}]},{"@type":"ImageObject","inLanguage":"en-GB","@id":"https:\/\/nid.pl\/2025\/02\/11\/nauczmy-sie-sluchac-zabytkow-rozmowa-agaty-jankowskiej-z-dr-iwona-lizewska\/#primaryimage","url":"https:\/\/nid.pl\/wp-content\/uploads\/2025\/02\/miniatura-www-wywiad-iwona-lizewska.jpg","contentUrl":"https:\/\/nid.pl\/wp-content\/uploads\/2025\/02\/miniatura-www-wywiad-iwona-lizewska.jpg","width":1857,"height":1238,"caption":"zdj\u0119cie przedstawia tabliczk\u0119 z napisem zabytek zadbany przymocowan\u0105 do drewanianej \u015bciany"},{"@type":"BreadcrumbList","@id":"https:\/\/nid.pl\/2025\/02\/11\/nauczmy-sie-sluchac-zabytkow-rozmowa-agaty-jankowskiej-z-dr-iwona-lizewska\/#breadcrumb","itemListElement":[{"@type":"ListItem","position":1,"name":"Home","item":"https:\/\/nid.pl\/"},{"@type":"ListItem","position":2,"name":"Nauczmy si\u0119 s\u0142ucha\u0107 zabytk\u00f3w \u2013 rozmowa Agaty Jankowskiej z dr Iwon\u0105 Li\u017cewsk\u0105\u00a0"}]},{"@type":"WebSite","@id":"https:\/\/nid.pl\/#website","url":"https:\/\/nid.pl\/","name":"NID","description":"Narodowy Instytut Dziedzictwa","publisher":{"@id":"https:\/\/nid.pl\/#organization"},"potentialAction":[{"@type":"SearchAction","target":{"@type":"EntryPoint","urlTemplate":"https:\/\/nid.pl\/?s={search_term_string}"},"query-input":{"@type":"PropertyValueSpecification","valueRequired":true,"valueName":"search_term_string"}}],"inLanguage":"en-GB"},{"@type":"Organization","@id":"https:\/\/nid.pl\/#organization","name":"Narodowy Instytut Dziedzictwa","url":"https:\/\/nid.pl\/","logo":{"@type":"ImageObject","inLanguage":"en-GB","@id":"https:\/\/nid.pl\/#\/schema\/logo\/image\/","url":"https:\/\/nid.pl\/wp-content\/uploads\/2022\/10\/logoRedDark.png","contentUrl":"https:\/\/nid.pl\/wp-content\/uploads\/2022\/10\/logoRedDark.png","width":200,"height":197,"caption":"Narodowy Instytut Dziedzictwa"},"image":{"@id":"https:\/\/nid.pl\/#\/schema\/logo\/image\/"},"sameAs":["https:\/\/www.facebook.com\/zabytek","https:\/\/x.com\/NarIDpl","https:\/\/www.instagram.com\/nid.pl\/?hl=pl","https:\/\/www.linkedin.com\/company\/narodowy-instytut-dziedzictwa","https:\/\/www.youtube.com\/channel\/UCQXuhKa2uHtmNvLRUSx40JA"]},{"@type":"Person","@id":"https:\/\/nid.pl\/#\/schema\/person\/ab9abea4caecdccde4fb0d555271145f","name":"Monika Ciura","image":{"@type":"ImageObject","inLanguage":"en-GB","@id":"https:\/\/nid.pl\/#\/schema\/person\/image\/","url":"https:\/\/nid.pl\/wp-content\/litespeed\/avatar\/bfdb15d1cc317fac4b66bdc91090ff11.jpg?ver=1776840533","contentUrl":"https:\/\/nid.pl\/wp-content\/litespeed\/avatar\/bfdb15d1cc317fac4b66bdc91090ff11.jpg?ver=1776840533","caption":"Monika Ciura"},"url":"https:\/\/nid.pl\/en\/author\/mciura\/"}]}},"_links":{"self":[{"href":"https:\/\/nid.pl\/en\/wp-json\/wp\/v2\/posts\/25454","targetHints":{"allow":["GET"]}}],"collection":[{"href":"https:\/\/nid.pl\/en\/wp-json\/wp\/v2\/posts"}],"about":[{"href":"https:\/\/nid.pl\/en\/wp-json\/wp\/v2\/types\/post"}],"author":[{"embeddable":true,"href":"https:\/\/nid.pl\/en\/wp-json\/wp\/v2\/users\/15"}],"replies":[{"embeddable":true,"href":"https:\/\/nid.pl\/en\/wp-json\/wp\/v2\/comments?post=25454"}],"version-history":[{"count":0,"href":"https:\/\/nid.pl\/en\/wp-json\/wp\/v2\/posts\/25454\/revisions"}],"wp:featuredmedia":[{"embeddable":true,"href":"https:\/\/nid.pl\/en\/wp-json\/wp\/v2\/media\/25456"}],"wp:attachment":[{"href":"https:\/\/nid.pl\/en\/wp-json\/wp\/v2\/media?parent=25454"}],"wp:term":[{"taxonomy":"category","embeddable":true,"href":"https:\/\/nid.pl\/en\/wp-json\/wp\/v2\/categories?post=25454"},{"taxonomy":"post_tag","embeddable":true,"href":"https:\/\/nid.pl\/en\/wp-json\/wp\/v2\/tags?post=25454"}],"curies":[{"name":"wp","href":"https:\/\/api.w.org\/{rel}","templated":true}]}}