{"id":25448,"date":"2025-02-10T12:41:18","date_gmt":"2025-02-10T11:41:18","guid":{"rendered":"https:\/\/nid.pl\/?p=25448"},"modified":"2025-02-10T12:41:19","modified_gmt":"2025-02-10T11:41:19","slug":"nowa-publikacja-w-ksiegarni-nid-odbudowac-zmienic-zachowac-zamki-w-krajobrazie-polski","status":"publish","type":"post","link":"https:\/\/nid.pl\/en\/2025\/02\/10\/nowa-publikacja-w-ksiegarni-nid-odbudowac-zmienic-zachowac-zamki-w-krajobrazie-polski\/","title":{"rendered":"Nowa publikacja w Ksi\u0119garni NID &#8211; \u201eOdbudowa\u0107, zmieni\u0107, zachowa\u0107? Zamki w krajobrazie Polski\u201d\u00a0"},"content":{"rendered":"<p class=\"has-medium-font-size\"><strong>Dwutomowa publikacja<\/strong><strong><em> Odbudowa\u0107, zmieni\u0107, zachowa\u0107? Zamki w krajobrazie Polski <\/em><\/strong><strong>to<\/strong><strong>&nbsp;podsumowanie konferencji na temat konserwacji i adaptacji zamk\u00f3w, k<\/strong><strong>t\u00f3ra odby\u0142a si\u0119 w Warszawie w dniach 7-8 listopada 2023 roku. Wsp\u00f3\u0142organizatorem wydarzenia by\u0142 Narodowy Instytut Konserwacji Zabytk\u00f3w, obecnie Narodowy Instytut Dziedzictwa.<\/strong>&nbsp;<\/p>\n\n\n\n<p>Odbudowa\u0107, zmieni\u0107, zachowa\u0107? Co czeka zamki w stanie <strong>ruiny<\/strong>? Czy architektura <strong>obronna<\/strong> obroni si\u0119 sama, czy jednak potrzebuje naszej pomocy? Kt\u00f3re dotychczasowe <strong>dzia\u0142ania konserwatorskie<\/strong> mo\u017cna uzna\u0107 za niew\u0105tpliwy sukces, a kt\u00f3re wzbudzi\u0142y najwi\u0119cej kontrowersji i w\u0105tpliwo\u015bci? Jak z tym wyzwaniem radz\u0105 sobie nasi s\u0105siedzi? Na te pytania starali si\u0119 odpowiedzie\u0107 uczestnicy konferencji oraz autorzy <strong>publikacji pokonferencyjnej,<\/strong> kt\u00f3ra zosta\u0142a podzielona na dwa tomy.\u00a0<\/p>\n\n\n\n<p><strong>Pierwszy tom<\/strong> publikacji skupia si\u0119 na historii konserwacji: dr Tomasz Ratajczak pisze o licz\u0105cej ponad 200 lat restauracji zamk\u00f3w w Malborku i na Wawelu, dr hab. Piotr Majewski o odbudowie przestrzeni historycznej w Polsce po 1945 r., za\u015b dr in\u017c. Jan Janczykowski o praktyce stosowania zasad Karty ochrony historycznych ruin. Zagraniczni autorzy przybli\u017caj\u0105 nam zagadnienia ochrony zamk\u00f3w w krajach o\u015bciennych &#8211; S\u0142owacji, Litwie, Bia\u0142orusi, Czechach, Niemczech i Ukrainie.\u00a0<\/p>\n\n\n\n<p><strong>W drugim tomie<\/strong> prezentujemy przyk\u0142ady dobrych praktyk konserwatorskich i patrzymy w przysz\u0142o\u015b\u0107: prof. Anna Sylwia Czy\u017c przygl\u0105da si\u0119 nauczaniu historii architektury na uczelniach, za\u015b dr in\u017c. arch. Wojciech W\u00f3\u0142kowski zastanawia si\u0119, czy analogia mo\u017ce by\u0107 podstaw\u0105 do rekonstrukcji historycznej. Czytelnik ma te\u017c okazj\u0119 do zapoznania si\u0119 ze studium przypadku odbudowy zamk\u00f3w w P\u0142oninie, \u015awinach i Wi\u015bniczu. Swoistym podsumowaniem konferencji jest artyku\u0142 dr. in\u017c. arch. Krzysztofa Wielgusa \u201eOdbudowa czy trwa\u0142a ruina\u201d.\u00a0<\/p>\n\n\n\n<p>Obydwa tomy publikacji dost\u0119pne s\u0105 w<strong><a href=\"https:\/\/ksiegarnia.nid.pl\/\" target=\"_blank\" rel=\"noreferrer noopener\"> Ksi\u0119garni NID<\/a><\/strong> w wersji cyfrowej dost\u0119pnej do pobrania za darmo oraz w wersji papierowej, dost\u0119pnej na zam\u00f3wienie. \u00a0<\/p>\n\n\n\n<p><\/p>\n\n\n\n<div class=\"wp-block-columns is-layout-flex wp-container-core-columns-is-layout-9d6595d7 wp-block-columns-is-layout-flex\">\n<div class=\"wp-block-column is-layout-flow wp-block-column-is-layout-flow\">\n<figure class=\"wp-block-image alignright size-large\"><a href=\"https:\/\/ksiegarnia.nid.pl\/produkt\/odbudowac-zmienic-zachowac-tom-1\/\" target=\"_blank\" rel=\" noreferrer noopener\"><img loading=\"lazy\" decoding=\"async\" width=\"1024\" height=\"1024\" src=\"https:\/\/nid.pl\/wp-content\/uploads\/2025\/02\/Odbudowc-zmienic-zachowac-tom1_okladka-1024x1024.webp\" alt=\"\" class=\"wp-image-25449\" srcset=\"https:\/\/nid.pl\/wp-content\/uploads\/2025\/02\/Odbudowc-zmienic-zachowac-tom1_okladka-980x980.webp 980w, https:\/\/nid.pl\/wp-content\/uploads\/2025\/02\/Odbudowc-zmienic-zachowac-tom1_okladka-480x480.webp 480w\" sizes=\"(min-width: 0px) and (max-width: 480px) 480px, (min-width: 481px) and (max-width: 980px) 980px, (min-width: 981px) 1024px, 100vw\" \/><\/a><figcaption class=\"wp-element-caption\">Pobierz ksi\u0105\u017ck\u0119 klikaj\u0105c na ok\u0142adk\u0119<\/figcaption><\/figure>\n<\/div>\n\n\n\n<div class=\"wp-block-column is-layout-flow wp-block-column-is-layout-flow\">\n<figure class=\"wp-block-image alignleft size-large\"><a href=\"https:\/\/ksiegarnia.nid.pl\/produkt\/odbudowac-zmienic-zachowac-tom-2\/\" target=\"_blank\" rel=\" noreferrer noopener\"><img loading=\"lazy\" decoding=\"async\" width=\"1024\" height=\"1024\" src=\"https:\/\/nid.pl\/wp-content\/uploads\/2025\/02\/Odbudowc-zmienic-zachowac-tom2_okladka-1024x1024.webp\" alt=\"\" class=\"wp-image-25450\" srcset=\"https:\/\/nid.pl\/wp-content\/uploads\/2025\/02\/Odbudowc-zmienic-zachowac-tom2_okladka-980x980.webp 980w, https:\/\/nid.pl\/wp-content\/uploads\/2025\/02\/Odbudowc-zmienic-zachowac-tom2_okladka-480x480.webp 480w\" sizes=\"(min-width: 0px) and (max-width: 480px) 480px, (min-width: 481px) and (max-width: 980px) 980px, (min-width: 981px) 1024px, 100vw\" \/><\/a><figcaption class=\"wp-element-caption\">Pobierz ksi\u0105\u017ck\u0119 klikaj\u0105c na ok\u0142adk\u0119<\/figcaption><\/figure>\n<\/div>\n<\/div>\n\n\n\n<p><\/p>","protected":false},"excerpt":{"rendered":"<p>Dwutomowa publikacja Odbudowa\u0107, zmieni\u0107, zachowa\u0107? Zamki w krajobrazie Polski to&nbsp;podsumowanie konferencji na temat konserwacji i adaptacji zamk\u00f3w, kt\u00f3ra odby\u0142a si\u0119 w Warszawie w dniach 7-8 listopada 2023 roku. Wsp\u00f3\u0142organizatorem wydarzenia [&hellip;]<\/p>","protected":false},"author":15,"featured_media":25451,"comment_status":"closed","ping_status":"closed","sticky":false,"template":"","format":"standard","meta":{"_et_pb_use_builder":"off","_et_pb_old_content":"","_et_gb_content_width":"","_monsterinsights_skip_tracking":false,"_monsterinsights_sitenote_active":false,"_monsterinsights_sitenote_note":"","_monsterinsights_sitenote_category":0,"footnotes":""},"categories":[3,1],"tags":[],"class_list":["post-25448","post","type-post","status-publish","format-standard","has-post-thumbnail","hentry","category-aktualnosci","category-bez-kategorii"],"yoast_head":"<!-- This site is optimized with the Yoast SEO plugin v26.5 - https:\/\/yoast.com\/wordpress\/plugins\/seo\/ -->\n<title>Nowa publikacja w Ksi\u0119garni NID - \u201eOdbudowa\u0107, zmieni\u0107, zachowa\u0107? Zamki w krajobrazie Polski\u201d\u00a0 - NID<\/title>\n<meta name=\"robots\" content=\"index, follow, max-snippet:-1, max-image-preview:large, max-video-preview:-1\" \/>\n<link rel=\"canonical\" href=\"https:\/\/nid.pl\/en\/2025\/02\/10\/nowa-publikacja-w-ksiegarni-nid-odbudowac-zmienic-zachowac-zamki-w-krajobrazie-polski\/\" \/>\n<meta property=\"og:locale\" content=\"en_GB\" \/>\n<meta property=\"og:type\" content=\"article\" \/>\n<meta property=\"og:title\" content=\"Nowa publikacja w Ksi\u0119garni NID - \u201eOdbudowa\u0107, zmieni\u0107, zachowa\u0107? Zamki w krajobrazie Polski\u201d\u00a0 - NID\" \/>\n<meta property=\"og:description\" content=\"Dwutomowa publikacja Odbudowa\u0107, zmieni\u0107, zachowa\u0107? Zamki w krajobrazie Polski to&nbsp;podsumowanie konferencji na temat konserwacji i adaptacji zamk\u00f3w, kt\u00f3ra odby\u0142a si\u0119 w Warszawie w dniach 7-8 listopada 2023 roku. Wsp\u00f3\u0142organizatorem wydarzenia [&hellip;]\" \/>\n<meta property=\"og:url\" content=\"https:\/\/nid.pl\/en\/2025\/02\/10\/nowa-publikacja-w-ksiegarni-nid-odbudowac-zmienic-zachowac-zamki-w-krajobrazie-polski\/\" \/>\n<meta property=\"og:site_name\" content=\"NID\" \/>\n<meta property=\"article:publisher\" content=\"https:\/\/www.facebook.com\/zabytek\" \/>\n<meta property=\"article:published_time\" content=\"2025-02-10T11:41:18+00:00\" \/>\n<meta property=\"article:modified_time\" content=\"2025-02-10T11:41:19+00:00\" \/>\n<meta property=\"og:image\" content=\"https:\/\/nid.pl\/wp-content\/uploads\/2025\/02\/miniatura-www-zamki.jpg\" \/>\n\t<meta property=\"og:image:width\" content=\"1857\" \/>\n\t<meta property=\"og:image:height\" content=\"1238\" \/>\n\t<meta property=\"og:image:type\" content=\"image\/jpeg\" \/>\n<meta name=\"author\" content=\"Monika Ciura\" \/>\n<meta name=\"twitter:card\" content=\"summary_large_image\" \/>\n<meta name=\"twitter:creator\" content=\"@NarIDpl\" \/>\n<meta name=\"twitter:site\" content=\"@NarIDpl\" \/>\n<meta name=\"twitter:label1\" content=\"Written by\" \/>\n\t<meta name=\"twitter:data1\" content=\"Monika Ciura\" \/>\n\t<meta name=\"twitter:label2\" content=\"Estimated reading time\" \/>\n\t<meta name=\"twitter:data2\" content=\"3 minutes\" \/>\n<script type=\"application\/ld+json\" class=\"yoast-schema-graph\">{\"@context\":\"https:\/\/schema.org\",\"@graph\":[{\"@type\":\"Article\",\"@id\":\"https:\/\/nid.pl\/2025\/02\/10\/nowa-publikacja-w-ksiegarni-nid-odbudowac-zmienic-zachowac-zamki-w-krajobrazie-polski\/#article\",\"isPartOf\":{\"@id\":\"https:\/\/nid.pl\/2025\/02\/10\/nowa-publikacja-w-ksiegarni-nid-odbudowac-zmienic-zachowac-zamki-w-krajobrazie-polski\/\"},\"author\":{\"name\":\"Monika Ciura\",\"@id\":\"https:\/\/nid.pl\/#\/schema\/person\/ab9abea4caecdccde4fb0d555271145f\"},\"headline\":\"Nowa publikacja w Ksi\u0119garni NID &#8211; \u201eOdbudowa\u0107, zmieni\u0107, zachowa\u0107? Zamki w krajobrazie Polski\u201d\u00a0\",\"datePublished\":\"2025-02-10T11:41:18+00:00\",\"dateModified\":\"2025-02-10T11:41:19+00:00\",\"mainEntityOfPage\":{\"@id\":\"https:\/\/nid.pl\/2025\/02\/10\/nowa-publikacja-w-ksiegarni-nid-odbudowac-zmienic-zachowac-zamki-w-krajobrazie-polski\/\"},\"wordCount\":331,\"publisher\":{\"@id\":\"https:\/\/nid.pl\/#organization\"},\"image\":{\"@id\":\"https:\/\/nid.pl\/2025\/02\/10\/nowa-publikacja-w-ksiegarni-nid-odbudowac-zmienic-zachowac-zamki-w-krajobrazie-polski\/#primaryimage\"},\"thumbnailUrl\":\"https:\/\/nid.pl\/wp-content\/uploads\/2025\/02\/miniatura-www-zamki.jpg\",\"articleSection\":[\"Aktualno\u015bci\",\"Bez kategorii\"],\"inLanguage\":\"en-GB\"},{\"@type\":\"WebPage\",\"@id\":\"https:\/\/nid.pl\/2025\/02\/10\/nowa-publikacja-w-ksiegarni-nid-odbudowac-zmienic-zachowac-zamki-w-krajobrazie-polski\/\",\"url\":\"https:\/\/nid.pl\/2025\/02\/10\/nowa-publikacja-w-ksiegarni-nid-odbudowac-zmienic-zachowac-zamki-w-krajobrazie-polski\/\",\"name\":\"Nowa publikacja w Ksi\u0119garni NID - \u201eOdbudowa\u0107, zmieni\u0107, zachowa\u0107? Zamki w krajobrazie Polski\u201d\u00a0 - NID\",\"isPartOf\":{\"@id\":\"https:\/\/nid.pl\/#website\"},\"primaryImageOfPage\":{\"@id\":\"https:\/\/nid.pl\/2025\/02\/10\/nowa-publikacja-w-ksiegarni-nid-odbudowac-zmienic-zachowac-zamki-w-krajobrazie-polski\/#primaryimage\"},\"image\":{\"@id\":\"https:\/\/nid.pl\/2025\/02\/10\/nowa-publikacja-w-ksiegarni-nid-odbudowac-zmienic-zachowac-zamki-w-krajobrazie-polski\/#primaryimage\"},\"thumbnailUrl\":\"https:\/\/nid.pl\/wp-content\/uploads\/2025\/02\/miniatura-www-zamki.jpg\",\"datePublished\":\"2025-02-10T11:41:18+00:00\",\"dateModified\":\"2025-02-10T11:41:19+00:00\",\"breadcrumb\":{\"@id\":\"https:\/\/nid.pl\/2025\/02\/10\/nowa-publikacja-w-ksiegarni-nid-odbudowac-zmienic-zachowac-zamki-w-krajobrazie-polski\/#breadcrumb\"},\"inLanguage\":\"en-GB\",\"potentialAction\":[{\"@type\":\"ReadAction\",\"target\":[\"https:\/\/nid.pl\/2025\/02\/10\/nowa-publikacja-w-ksiegarni-nid-odbudowac-zmienic-zachowac-zamki-w-krajobrazie-polski\/\"]}]},{\"@type\":\"ImageObject\",\"inLanguage\":\"en-GB\",\"@id\":\"https:\/\/nid.pl\/2025\/02\/10\/nowa-publikacja-w-ksiegarni-nid-odbudowac-zmienic-zachowac-zamki-w-krajobrazie-polski\/#primaryimage\",\"url\":\"https:\/\/nid.pl\/wp-content\/uploads\/2025\/02\/miniatura-www-zamki.jpg\",\"contentUrl\":\"https:\/\/nid.pl\/wp-content\/uploads\/2025\/02\/miniatura-www-zamki.jpg\",\"width\":1857,\"height\":1238,\"caption\":\"miniatura do teksu przedstawia tablet z wy\u015bwietlon\u0105 publikacj\u0105\"},{\"@type\":\"BreadcrumbList\",\"@id\":\"https:\/\/nid.pl\/2025\/02\/10\/nowa-publikacja-w-ksiegarni-nid-odbudowac-zmienic-zachowac-zamki-w-krajobrazie-polski\/#breadcrumb\",\"itemListElement\":[{\"@type\":\"ListItem\",\"position\":1,\"name\":\"Home\",\"item\":\"https:\/\/nid.pl\/\"},{\"@type\":\"ListItem\",\"position\":2,\"name\":\"Nowa publikacja w Ksi\u0119garni NID &#8211; \u201eOdbudowa\u0107, zmieni\u0107, zachowa\u0107? Zamki w krajobrazie Polski\u201d\u00a0\"}]},{\"@type\":\"WebSite\",\"@id\":\"https:\/\/nid.pl\/#website\",\"url\":\"https:\/\/nid.pl\/\",\"name\":\"NID\",\"description\":\"Narodowy Instytut Dziedzictwa\",\"publisher\":{\"@id\":\"https:\/\/nid.pl\/#organization\"},\"potentialAction\":[{\"@type\":\"SearchAction\",\"target\":{\"@type\":\"EntryPoint\",\"urlTemplate\":\"https:\/\/nid.pl\/?s={search_term_string}\"},\"query-input\":{\"@type\":\"PropertyValueSpecification\",\"valueRequired\":true,\"valueName\":\"search_term_string\"}}],\"inLanguage\":\"en-GB\"},{\"@type\":\"Organization\",\"@id\":\"https:\/\/nid.pl\/#organization\",\"name\":\"Narodowy Instytut Dziedzictwa\",\"url\":\"https:\/\/nid.pl\/\",\"logo\":{\"@type\":\"ImageObject\",\"inLanguage\":\"en-GB\",\"@id\":\"https:\/\/nid.pl\/#\/schema\/logo\/image\/\",\"url\":\"https:\/\/nid.pl\/wp-content\/uploads\/2022\/10\/logoRedDark.png\",\"contentUrl\":\"https:\/\/nid.pl\/wp-content\/uploads\/2022\/10\/logoRedDark.png\",\"width\":200,\"height\":197,\"caption\":\"Narodowy Instytut Dziedzictwa\"},\"image\":{\"@id\":\"https:\/\/nid.pl\/#\/schema\/logo\/image\/\"},\"sameAs\":[\"https:\/\/www.facebook.com\/zabytek\",\"https:\/\/x.com\/NarIDpl\",\"https:\/\/www.instagram.com\/nid.pl\/?hl=pl\",\"https:\/\/www.linkedin.com\/company\/narodowy-instytut-dziedzictwa\",\"https:\/\/www.youtube.com\/channel\/UCQXuhKa2uHtmNvLRUSx40JA\"]},{\"@type\":\"Person\",\"@id\":\"https:\/\/nid.pl\/#\/schema\/person\/ab9abea4caecdccde4fb0d555271145f\",\"name\":\"Monika Ciura\",\"image\":{\"@type\":\"ImageObject\",\"inLanguage\":\"en-GB\",\"@id\":\"https:\/\/nid.pl\/#\/schema\/person\/image\/\",\"url\":\"https:\/\/nid.pl\/wp-content\/litespeed\/avatar\/bfdb15d1cc317fac4b66bdc91090ff11.jpg?ver=1776840533\",\"contentUrl\":\"https:\/\/nid.pl\/wp-content\/litespeed\/avatar\/bfdb15d1cc317fac4b66bdc91090ff11.jpg?ver=1776840533\",\"caption\":\"Monika Ciura\"},\"url\":\"https:\/\/nid.pl\/en\/author\/mciura\/\"}]}<\/script>\n<!-- \/ Yoast SEO plugin. -->","yoast_head_json":{"title":"Nowa publikacja w Ksi\u0119garni NID - \u201eOdbudowa\u0107, zmieni\u0107, zachowa\u0107? Zamki w krajobrazie Polski\u201d\u00a0 - NID","robots":{"index":"index","follow":"follow","max-snippet":"max-snippet:-1","max-image-preview":"max-image-preview:large","max-video-preview":"max-video-preview:-1"},"canonical":"https:\/\/nid.pl\/en\/2025\/02\/10\/nowa-publikacja-w-ksiegarni-nid-odbudowac-zmienic-zachowac-zamki-w-krajobrazie-polski\/","og_locale":"en_GB","og_type":"article","og_title":"Nowa publikacja w Ksi\u0119garni NID - \u201eOdbudowa\u0107, zmieni\u0107, zachowa\u0107? Zamki w krajobrazie Polski\u201d\u00a0 - NID","og_description":"Dwutomowa publikacja Odbudowa\u0107, zmieni\u0107, zachowa\u0107? Zamki w krajobrazie Polski to&nbsp;podsumowanie konferencji na temat konserwacji i adaptacji zamk\u00f3w, kt\u00f3ra odby\u0142a si\u0119 w Warszawie w dniach 7-8 listopada 2023 roku. Wsp\u00f3\u0142organizatorem wydarzenia [&hellip;]","og_url":"https:\/\/nid.pl\/en\/2025\/02\/10\/nowa-publikacja-w-ksiegarni-nid-odbudowac-zmienic-zachowac-zamki-w-krajobrazie-polski\/","og_site_name":"NID","article_publisher":"https:\/\/www.facebook.com\/zabytek","article_published_time":"2025-02-10T11:41:18+00:00","article_modified_time":"2025-02-10T11:41:19+00:00","og_image":[{"width":1857,"height":1238,"url":"https:\/\/nid.pl\/wp-content\/uploads\/2025\/02\/miniatura-www-zamki.jpg","type":"image\/jpeg"}],"author":"Monika Ciura","twitter_card":"summary_large_image","twitter_creator":"@NarIDpl","twitter_site":"@NarIDpl","twitter_misc":{"Written by":"Monika Ciura","Estimated reading time":"3 minutes"},"schema":{"@context":"https:\/\/schema.org","@graph":[{"@type":"Article","@id":"https:\/\/nid.pl\/2025\/02\/10\/nowa-publikacja-w-ksiegarni-nid-odbudowac-zmienic-zachowac-zamki-w-krajobrazie-polski\/#article","isPartOf":{"@id":"https:\/\/nid.pl\/2025\/02\/10\/nowa-publikacja-w-ksiegarni-nid-odbudowac-zmienic-zachowac-zamki-w-krajobrazie-polski\/"},"author":{"name":"Monika Ciura","@id":"https:\/\/nid.pl\/#\/schema\/person\/ab9abea4caecdccde4fb0d555271145f"},"headline":"Nowa publikacja w Ksi\u0119garni NID &#8211; \u201eOdbudowa\u0107, zmieni\u0107, zachowa\u0107? Zamki w krajobrazie Polski\u201d\u00a0","datePublished":"2025-02-10T11:41:18+00:00","dateModified":"2025-02-10T11:41:19+00:00","mainEntityOfPage":{"@id":"https:\/\/nid.pl\/2025\/02\/10\/nowa-publikacja-w-ksiegarni-nid-odbudowac-zmienic-zachowac-zamki-w-krajobrazie-polski\/"},"wordCount":331,"publisher":{"@id":"https:\/\/nid.pl\/#organization"},"image":{"@id":"https:\/\/nid.pl\/2025\/02\/10\/nowa-publikacja-w-ksiegarni-nid-odbudowac-zmienic-zachowac-zamki-w-krajobrazie-polski\/#primaryimage"},"thumbnailUrl":"https:\/\/nid.pl\/wp-content\/uploads\/2025\/02\/miniatura-www-zamki.jpg","articleSection":["Aktualno\u015bci","Bez kategorii"],"inLanguage":"en-GB"},{"@type":"WebPage","@id":"https:\/\/nid.pl\/2025\/02\/10\/nowa-publikacja-w-ksiegarni-nid-odbudowac-zmienic-zachowac-zamki-w-krajobrazie-polski\/","url":"https:\/\/nid.pl\/2025\/02\/10\/nowa-publikacja-w-ksiegarni-nid-odbudowac-zmienic-zachowac-zamki-w-krajobrazie-polski\/","name":"Nowa publikacja w Ksi\u0119garni NID - \u201eOdbudowa\u0107, zmieni\u0107, zachowa\u0107? Zamki w krajobrazie Polski\u201d\u00a0 - NID","isPartOf":{"@id":"https:\/\/nid.pl\/#website"},"primaryImageOfPage":{"@id":"https:\/\/nid.pl\/2025\/02\/10\/nowa-publikacja-w-ksiegarni-nid-odbudowac-zmienic-zachowac-zamki-w-krajobrazie-polski\/#primaryimage"},"image":{"@id":"https:\/\/nid.pl\/2025\/02\/10\/nowa-publikacja-w-ksiegarni-nid-odbudowac-zmienic-zachowac-zamki-w-krajobrazie-polski\/#primaryimage"},"thumbnailUrl":"https:\/\/nid.pl\/wp-content\/uploads\/2025\/02\/miniatura-www-zamki.jpg","datePublished":"2025-02-10T11:41:18+00:00","dateModified":"2025-02-10T11:41:19+00:00","breadcrumb":{"@id":"https:\/\/nid.pl\/2025\/02\/10\/nowa-publikacja-w-ksiegarni-nid-odbudowac-zmienic-zachowac-zamki-w-krajobrazie-polski\/#breadcrumb"},"inLanguage":"en-GB","potentialAction":[{"@type":"ReadAction","target":["https:\/\/nid.pl\/2025\/02\/10\/nowa-publikacja-w-ksiegarni-nid-odbudowac-zmienic-zachowac-zamki-w-krajobrazie-polski\/"]}]},{"@type":"ImageObject","inLanguage":"en-GB","@id":"https:\/\/nid.pl\/2025\/02\/10\/nowa-publikacja-w-ksiegarni-nid-odbudowac-zmienic-zachowac-zamki-w-krajobrazie-polski\/#primaryimage","url":"https:\/\/nid.pl\/wp-content\/uploads\/2025\/02\/miniatura-www-zamki.jpg","contentUrl":"https:\/\/nid.pl\/wp-content\/uploads\/2025\/02\/miniatura-www-zamki.jpg","width":1857,"height":1238,"caption":"miniatura do teksu przedstawia tablet z wy\u015bwietlon\u0105 publikacj\u0105"},{"@type":"BreadcrumbList","@id":"https:\/\/nid.pl\/2025\/02\/10\/nowa-publikacja-w-ksiegarni-nid-odbudowac-zmienic-zachowac-zamki-w-krajobrazie-polski\/#breadcrumb","itemListElement":[{"@type":"ListItem","position":1,"name":"Home","item":"https:\/\/nid.pl\/"},{"@type":"ListItem","position":2,"name":"Nowa publikacja w Ksi\u0119garni NID &#8211; \u201eOdbudowa\u0107, zmieni\u0107, zachowa\u0107? Zamki w krajobrazie Polski\u201d\u00a0"}]},{"@type":"WebSite","@id":"https:\/\/nid.pl\/#website","url":"https:\/\/nid.pl\/","name":"NID","description":"Narodowy Instytut Dziedzictwa","publisher":{"@id":"https:\/\/nid.pl\/#organization"},"potentialAction":[{"@type":"SearchAction","target":{"@type":"EntryPoint","urlTemplate":"https:\/\/nid.pl\/?s={search_term_string}"},"query-input":{"@type":"PropertyValueSpecification","valueRequired":true,"valueName":"search_term_string"}}],"inLanguage":"en-GB"},{"@type":"Organization","@id":"https:\/\/nid.pl\/#organization","name":"Narodowy Instytut Dziedzictwa","url":"https:\/\/nid.pl\/","logo":{"@type":"ImageObject","inLanguage":"en-GB","@id":"https:\/\/nid.pl\/#\/schema\/logo\/image\/","url":"https:\/\/nid.pl\/wp-content\/uploads\/2022\/10\/logoRedDark.png","contentUrl":"https:\/\/nid.pl\/wp-content\/uploads\/2022\/10\/logoRedDark.png","width":200,"height":197,"caption":"Narodowy Instytut Dziedzictwa"},"image":{"@id":"https:\/\/nid.pl\/#\/schema\/logo\/image\/"},"sameAs":["https:\/\/www.facebook.com\/zabytek","https:\/\/x.com\/NarIDpl","https:\/\/www.instagram.com\/nid.pl\/?hl=pl","https:\/\/www.linkedin.com\/company\/narodowy-instytut-dziedzictwa","https:\/\/www.youtube.com\/channel\/UCQXuhKa2uHtmNvLRUSx40JA"]},{"@type":"Person","@id":"https:\/\/nid.pl\/#\/schema\/person\/ab9abea4caecdccde4fb0d555271145f","name":"Monika Ciura","image":{"@type":"ImageObject","inLanguage":"en-GB","@id":"https:\/\/nid.pl\/#\/schema\/person\/image\/","url":"https:\/\/nid.pl\/wp-content\/litespeed\/avatar\/bfdb15d1cc317fac4b66bdc91090ff11.jpg?ver=1776840533","contentUrl":"https:\/\/nid.pl\/wp-content\/litespeed\/avatar\/bfdb15d1cc317fac4b66bdc91090ff11.jpg?ver=1776840533","caption":"Monika Ciura"},"url":"https:\/\/nid.pl\/en\/author\/mciura\/"}]}},"_links":{"self":[{"href":"https:\/\/nid.pl\/en\/wp-json\/wp\/v2\/posts\/25448","targetHints":{"allow":["GET"]}}],"collection":[{"href":"https:\/\/nid.pl\/en\/wp-json\/wp\/v2\/posts"}],"about":[{"href":"https:\/\/nid.pl\/en\/wp-json\/wp\/v2\/types\/post"}],"author":[{"embeddable":true,"href":"https:\/\/nid.pl\/en\/wp-json\/wp\/v2\/users\/15"}],"replies":[{"embeddable":true,"href":"https:\/\/nid.pl\/en\/wp-json\/wp\/v2\/comments?post=25448"}],"version-history":[{"count":0,"href":"https:\/\/nid.pl\/en\/wp-json\/wp\/v2\/posts\/25448\/revisions"}],"wp:featuredmedia":[{"embeddable":true,"href":"https:\/\/nid.pl\/en\/wp-json\/wp\/v2\/media\/25451"}],"wp:attachment":[{"href":"https:\/\/nid.pl\/en\/wp-json\/wp\/v2\/media?parent=25448"}],"wp:term":[{"taxonomy":"category","embeddable":true,"href":"https:\/\/nid.pl\/en\/wp-json\/wp\/v2\/categories?post=25448"},{"taxonomy":"post_tag","embeddable":true,"href":"https:\/\/nid.pl\/en\/wp-json\/wp\/v2\/tags?post=25448"}],"curies":[{"name":"wp","href":"https:\/\/api.w.org\/{rel}","templated":true}]}}