{"id":25019,"date":"2024-03-01T15:53:19","date_gmt":"2024-03-01T14:53:19","guid":{"rendered":"https:\/\/nid.pl\/?p=25019"},"modified":"2025-02-04T13:21:56","modified_gmt":"2025-02-04T12:21:56","slug":"witraze-asp-wroclaw","status":"publish","type":"post","link":"https:\/\/nid.pl\/en\/2024\/03\/01\/witraze-asp-wroclaw\/","title":{"rendered":"Pierwsze witra\u017ce opuszczaj\u0105 pracownie konserwatorskie ASP we Wroc\u0142awiu"},"content":{"rendered":"<p>[et_pb_section admin_label=&#8221;section&#8221;][et_pb_row admin_label=&#8221;row&#8221;][et_pb_column type=&#8221;4_4&#8243;][et_pb_text]<\/p>\n<p>Pod koniec 2023 roku Narodowy Instytut Konserwacji Zabytk\u00f3w i <a href=\"https:\/\/www.asp.wroc.pl\/pl\">Akademia Sztuk Pi\u0119knych im. Eugeniusza Gepperta we Wroc\u0142awiu<\/a> podpisali umowy kilkuletnie na przeprowadzenie prac konserwatorskich i restauratorskich przy:<\/p>\n<ul class=\"wp-block-list\">\n<li>XIX w. witra\u017cu z ko\u015bcio\u0142a pw. \u015aw. Miko\u0142aja w Gda\u0144sku, pochodz\u0105cego z pracowni Adalberta Rednera z Wroc\u0142awia;<\/li>\n<li>zespole XVI-wiecznych witra\u017cy z ko\u015bcio\u0142a pw. \u015aw. Teresy w Chociminie;<\/li>\n<li>czterech XVI-wiecznych witra\u017cach z ko\u015bcio\u0142a pw. \u015aw. Jana Chrzciciela w \u0141eknie;<\/li>\n<li>zespole witra\u017cy nowo\u017cytnych z pocz\u0105tku XVII w. z ko\u015bcio\u0142a pw. Chrystusa Kr\u00f3la w Pomianowie.<\/li>\n<\/ul>\n<p>Umowy s\u0105 realizowane zgodnie z porozumieniem mi\u0119dzy instytucjami w ramach <a href=\"https:\/\/nid.pl\/en\/wsparcie-dydaktyki-na-wydzialach-konserwatorskich\/\" target=\"_blank\" rel=\"noreferrer noopener\">\u201eProgramu Wsparcia Dydaktyki na Wydzia\u0142ach Konserwatorskich w Polsce\u201d<\/a> realizowanego przez NIKZ. W ramach porozumienia dydaktycy i studenci pracowni Konserwacji i Restauracji Witra\u017cy, w Katedrze Konserwacji i Restauracji Ceramiki i Szk\u0142a z Wydzia\u0142u Ceramiki i Szk\u0142a zajmuj\u0105 si\u0119 zabytkowymi obiektami pochodz\u0105cymi z ca\u0142ej Polski i staraj\u0105 si\u0119 przywr\u00f3ci\u0107 im dawn\u0105 \u015bwietno\u015b\u0107. Dzia\u0142ania te prowadzone s\u0105 pod kierunkiem dr. hab. Marcina Czeskiego, prof. uczelni, przy wsp\u00f3\u0142pracy as. Katarzyny Czai-Arkabus i as. Agaty \u015arody.<\/p>\n<p>27.02. pracownia odda\u0142a pierwsze odrestaurowane obiekty. Z dum\u0105 prezentujemy efekty naszej wsp\u00f3\u0142pracy przy zespole witra\u017cy z ko\u015bcio\u0142a pw. Chrystusa Kr\u00f3la w Pomianowie. Na zdj\u0119ciach s\u0105 widoczne fragmenty prac zespo\u0142u konserwatorskiego (fot. M. Pietrzak\/ASP Wroc\u0142aw).<\/p>\n<p>[\/et_pb_text][\/et_pb_column][\/et_pb_row][\/et_pb_section][et_pb_section fb_built=&#8221;1&#8243; admin_label=&#8221;section&#8221; _builder_version=&#8221;4.16&#8243; global_colors_info=&#8221;{}&#8221;][et_pb_row admin_label=&#8221;row&#8221; _builder_version=&#8221;4.16&#8243; background_size=&#8221;initial&#8221; background_position=&#8221;top_left&#8221; background_repeat=&#8221;repeat&#8221; hover_enabled=&#8221;0&#8243; global_colors_info=&#8221;{}&#8221; sticky_enabled=&#8221;0&#8243;][et_pb_column _builder_version=&#8221;4.27.4&#8243; _module_preset=&#8221;default&#8221; type=&#8221;4_4&#8243;][et_pb_gallery _builder_version=&#8221;4.27.4&#8243; _module_preset=&#8221;default&#8221; fullwidth=&#8221;on&#8221; gallery_ids=&#8221;25230,25231,25232,25233,25234,25235,25236,25237,25238,25239,25240,25241&#8243; hover_enabled=&#8221;0&#8243; sticky_enabled=&#8221;0&#8243;][\/et_pb_gallery][\/et_pb_column][\/et_pb_row][\/et_pb_section][et_pb_section admin_label=&#8221;section&#8221;][et_pb_row admin_label=&#8221;row&#8221;][et_pb_column type=&#8221;4_4&#8243;][et_pb_text]<\/p>\n<div style=\"height:42px\" aria-hidden=\"true\" class=\"wp-block-spacer\"><\/div>\n<p class=\"has-text-align-right\"><strong><em>Projekt realizowany przez Narodowy Instytut Konserwacji Zabytk\u00f3w (obecnie Narodowy Instytut Dziedzictwa). <\/em><br \/><em>Wi\u0119cej informacji na stronie:&nbsp;<a href=\"https:\/\/nid.pl\/en\/o-nas\/\" target=\"_blank\" rel=\"noreferrer noopener\">O nas<\/a><\/em><\/strong><\/p>\n<\/p>\n<div style=\"height:31px\" aria-hidden=\"true\" class=\"wp-block-spacer\"><\/div>\n<p>[\/et_pb_text][\/et_pb_column][\/et_pb_row][\/et_pb_section]<\/p>","protected":false},"excerpt":{"rendered":"<p><div class=\"et_pb_module et_pb_text et_pb_text_0  et_pb_text_align_left et_pb_bg_layout_light\">\n\t\t\t\t\n\t\t\t\t\n\t\t\t\t\n\t\t\t\t\n\t\t\t\t\n\t\t\t<\/div> Pod koniec 2023 roku Narodowy Instytut Konserwacji Zabytk\u00f3w i Akademia Sztuk Pi\u0119knych im. Eugeniusza Gepperta we Wroc\u0142awiu podpisali umowy kilkuletnie na przeprowadzenie prac konserwatorskich i restauratorskich przy: XIX w. [&hellip;]<\/p>","protected":false},"author":4,"featured_media":25021,"comment_status":"closed","ping_status":"closed","sticky":false,"template":"","format":"standard","meta":{"_et_pb_use_builder":"on","_et_pb_old_content":"<!-- wp:paragraph -->\n<p>Pod koniec 2023 roku Narodowy Instytut Konserwacji Zabytk\u00f3w i <a href=\"https:\/\/www.asp.wroc.pl\/pl\">Akademia Sztuk Pi\u0119knych im. Eugeniusza Gepperta we Wroc\u0142awiu<\/a> podpisali umowy kilkuletnie na przeprowadzenie prac konserwatorskich i restauratorskich przy:<\/p>\n<!-- \/wp:paragraph -->\n\n<!-- wp:list -->\n<ul class=\"wp-block-list\"><!-- wp:list-item -->\n<li>XIX w. witra\u017cu z ko\u015bcio\u0142a pw. \u015aw. Miko\u0142aja w Gda\u0144sku, pochodz\u0105cego z pracowni Adalberta Rednera z Wroc\u0142awia;<\/li>\n<!-- \/wp:list-item -->\n\n<!-- wp:list-item -->\n<li>zespole XVI-wiecznych witra\u017cy z ko\u015bcio\u0142a pw. \u015aw. Teresy w Chociminie;<\/li>\n<!-- \/wp:list-item -->\n\n<!-- wp:list-item -->\n<li>czterech XVI-wiecznych witra\u017cach z ko\u015bcio\u0142a pw. \u015aw. Jana Chrzciciela w \u0141eknie;<\/li>\n<!-- \/wp:list-item -->\n\n<!-- wp:list-item -->\n<li>zespole witra\u017cy nowo\u017cytnych z pocz\u0105tku XVII w. z ko\u015bcio\u0142a pw. Chrystusa Kr\u00f3la w Pomianowie.<\/li>\n<!-- \/wp:list-item --><\/ul>\n<!-- \/wp:list -->\n\n<!-- wp:paragraph -->\n<p>Umowy s\u0105 realizowane zgodnie z porozumieniem mi\u0119dzy instytucjami w ramach <a href=\"https:\/\/nid.pl\/wsparcie-dydaktyki-na-wydzialach-konserwatorskich\/\" target=\"_blank\" rel=\"noreferrer noopener\">\u201eProgramu Wsparcia Dydaktyki na Wydzia\u0142ach Konserwatorskich w Polsce\u201d<\/a> realizowanego przez NIKZ. W ramach porozumienia dydaktycy i studenci pracowni Konserwacji i Restauracji Witra\u017cy, w Katedrze Konserwacji i Restauracji Ceramiki i Szk\u0142a z Wydzia\u0142u Ceramiki i Szk\u0142a zajmuj\u0105 si\u0119 zabytkowymi obiektami pochodz\u0105cymi z ca\u0142ej Polski i staraj\u0105 si\u0119 przywr\u00f3ci\u0107 im dawn\u0105 \u015bwietno\u015b\u0107. Dzia\u0142ania te prowadzone s\u0105 pod kierunkiem dr. hab. Marcina Czeskiego, prof. uczelni, przy wsp\u00f3\u0142pracy as. Katarzyny Czai-Arkabus i as. Agaty \u015arody.<\/p>\n<!-- \/wp:paragraph -->\n\n<!-- wp:paragraph -->\n<p>27.02. pracownia odda\u0142a pierwsze odrestaurowane obiekty. Z dum\u0105 prezentujemy efekty naszej wsp\u00f3\u0142pracy przy zespole witra\u017cy z ko\u015bcio\u0142a pw. Chrystusa Kr\u00f3la w Pomianowie. Na zdj\u0119ciach s\u0105 widoczne fragmenty prac zespo\u0142u konserwatorskiego (fot. M. Pietrzak\/ASP Wroc\u0142aw).<\/p>\n<!-- \/wp:paragraph -->\n\n<!-- wp:divi\/layout -->\n<div class=\"wp-block-divi-layout\">[et_pb_section fb_built=\"1\" admin_label=\"section\" _builder_version=\"4.16\" global_colors_info=\"{}\"][et_pb_row admin_label=\"row\" _builder_version=\"4.16\" background_size=\"initial\" background_position=\"top_left\" background_repeat=\"repeat\" hover_enabled=\"0\" global_colors_info=\"{}\" sticky_enabled=\"0\"][et_pb_column _builder_version=\"4.27.4\" _module_preset=\"default\" type=\"4_4\"][et_pb_gallery _builder_version=\"4.27.4\" _module_preset=\"default\" fullwidth=\"on\" gallery_ids=\"25230,25231,25232,25233,25234,25235,25236,25237,25238,25239,25240,25241\" hover_enabled=\"0\" sticky_enabled=\"0\"][\/et_pb_gallery][\/et_pb_column][\/et_pb_row][\/et_pb_section]<\/div>\n<!-- \/wp:divi\/layout -->\n\n<!-- wp:spacer {\"height\":\"42px\"} -->\n<div style=\"height:42px\" aria-hidden=\"true\" class=\"wp-block-spacer\"><\/div>\n<!-- \/wp:spacer -->\n\n<!-- wp:paragraph {\"align\":\"right\"} -->\n<p class=\"has-text-align-right\"><strong><em>Projekt realizowany przez Narodowy Instytut Konserwacji Zabytk\u00f3w (obecnie Narodowy Instytut Dziedzictwa). <\/em><br><em>Wi\u0119cej informacji na stronie:&nbsp;<a href=\"https:\/\/nid.pl\/o-nas\/\" target=\"_blank\" rel=\"noreferrer noopener\">O nas<\/a><\/em><\/strong><\/p>\n<!-- \/wp:paragraph -->\n\n<!-- wp:paragraph -->\n<p><\/p>\n<!-- \/wp:paragraph -->\n\n<!-- wp:spacer {\"height\":\"31px\"} -->\n<div style=\"height:31px\" aria-hidden=\"true\" class=\"wp-block-spacer\"><\/div>\n<!-- \/wp:spacer -->","_et_gb_content_width":"","_monsterinsights_skip_tracking":false,"_monsterinsights_sitenote_active":false,"_monsterinsights_sitenote_note":"","_monsterinsights_sitenote_category":0,"footnotes":""},"categories":[134,136],"tags":[],"class_list":["post-25019","post","type-post","status-publish","format-standard","has-post-thumbnail","hentry","category-nikz-projekty","category-nikz-wydzialy-konserwatorskie"],"yoast_head":"<!-- This site is optimized with the Yoast SEO plugin v26.5 - https:\/\/yoast.com\/wordpress\/plugins\/seo\/ -->\n<title>Pierwsze witra\u017ce opuszczaj\u0105 pracownie konserwatorskie ASP we Wroc\u0142awiu - NID<\/title>\n<meta name=\"robots\" content=\"index, follow, max-snippet:-1, max-image-preview:large, max-video-preview:-1\" \/>\n<link rel=\"canonical\" href=\"https:\/\/nid.pl\/en\/2024\/03\/01\/witraze-asp-wroclaw\/\" \/>\n<meta property=\"og:locale\" content=\"en_GB\" \/>\n<meta property=\"og:type\" content=\"article\" \/>\n<meta property=\"og:title\" content=\"Pierwsze witra\u017ce opuszczaj\u0105 pracownie konserwatorskie ASP we Wroc\u0142awiu - NID\" \/>\n<meta property=\"og:description\" content=\"Pod koniec 2023 roku Narodowy Instytut Konserwacji Zabytk\u00f3w i Akademia Sztuk Pi\u0119knych im. Eugeniusza Gepperta we Wroc\u0142awiu podpisali umowy kilkuletnie na przeprowadzenie prac konserwatorskich i restauratorskich przy: XIX w. [&hellip;]\" \/>\n<meta property=\"og:url\" content=\"https:\/\/nid.pl\/en\/2024\/03\/01\/witraze-asp-wroclaw\/\" \/>\n<meta property=\"og:site_name\" content=\"NID\" \/>\n<meta property=\"article:publisher\" content=\"https:\/\/www.facebook.com\/zabytek\" \/>\n<meta property=\"article:published_time\" content=\"2024-03-01T14:53:19+00:00\" \/>\n<meta property=\"article:modified_time\" content=\"2025-02-04T12:21:56+00:00\" \/>\n<meta property=\"og:image\" content=\"https:\/\/nid.pl\/wp-content\/uploads\/2024\/03\/4.3_Fot.-M.Pietrzak-ASP-Wroclaw.jpg\" \/>\n\t<meta property=\"og:image:width\" content=\"1920\" \/>\n\t<meta property=\"og:image:height\" content=\"1280\" \/>\n\t<meta property=\"og:image:type\" content=\"image\/jpeg\" \/>\n<meta name=\"author\" content=\"Marta Or\u0119ziak\" \/>\n<meta name=\"twitter:card\" content=\"summary_large_image\" \/>\n<meta name=\"twitter:creator\" content=\"@NarIDpl\" \/>\n<meta name=\"twitter:site\" content=\"@NarIDpl\" \/>\n<meta name=\"twitter:label1\" content=\"Written by\" \/>\n\t<meta name=\"twitter:data1\" content=\"Marta Or\u0119ziak\" \/>\n\t<meta name=\"twitter:label2\" content=\"Estimated reading time\" \/>\n\t<meta name=\"twitter:data2\" content=\"2 minutes\" \/>\n<script type=\"application\/ld+json\" class=\"yoast-schema-graph\">{\"@context\":\"https:\/\/schema.org\",\"@graph\":[{\"@type\":\"Article\",\"@id\":\"https:\/\/nid.pl\/2024\/03\/01\/witraze-asp-wroclaw\/#article\",\"isPartOf\":{\"@id\":\"https:\/\/nid.pl\/2024\/03\/01\/witraze-asp-wroclaw\/\"},\"author\":{\"name\":\"Marta Or\u0119ziak\",\"@id\":\"https:\/\/nid.pl\/#\/schema\/person\/9d848c4a54b78bc2a1461f1c5d8de615\"},\"headline\":\"Pierwsze witra\u017ce opuszczaj\u0105 pracownie konserwatorskie ASP we Wroc\u0142awiu\",\"datePublished\":\"2024-03-01T14:53:19+00:00\",\"dateModified\":\"2025-02-04T12:21:56+00:00\",\"mainEntityOfPage\":{\"@id\":\"https:\/\/nid.pl\/2024\/03\/01\/witraze-asp-wroclaw\/\"},\"wordCount\":402,\"publisher\":{\"@id\":\"https:\/\/nid.pl\/#organization\"},\"image\":{\"@id\":\"https:\/\/nid.pl\/2024\/03\/01\/witraze-asp-wroclaw\/#primaryimage\"},\"thumbnailUrl\":\"https:\/\/nid.pl\/wp-content\/uploads\/2024\/03\/4.3_Fot.-M.Pietrzak-ASP-Wroclaw.jpg\",\"articleSection\":[\"NIKZ Projekty\",\"NIKZ Wydzia\u0142y Konserwatorskie\"],\"inLanguage\":\"en-GB\"},{\"@type\":\"WebPage\",\"@id\":\"https:\/\/nid.pl\/2024\/03\/01\/witraze-asp-wroclaw\/\",\"url\":\"https:\/\/nid.pl\/2024\/03\/01\/witraze-asp-wroclaw\/\",\"name\":\"Pierwsze witra\u017ce opuszczaj\u0105 pracownie konserwatorskie ASP we Wroc\u0142awiu - NID\",\"isPartOf\":{\"@id\":\"https:\/\/nid.pl\/#website\"},\"primaryImageOfPage\":{\"@id\":\"https:\/\/nid.pl\/2024\/03\/01\/witraze-asp-wroclaw\/#primaryimage\"},\"image\":{\"@id\":\"https:\/\/nid.pl\/2024\/03\/01\/witraze-asp-wroclaw\/#primaryimage\"},\"thumbnailUrl\":\"https:\/\/nid.pl\/wp-content\/uploads\/2024\/03\/4.3_Fot.-M.Pietrzak-ASP-Wroclaw.jpg\",\"datePublished\":\"2024-03-01T14:53:19+00:00\",\"dateModified\":\"2025-02-04T12:21:56+00:00\",\"breadcrumb\":{\"@id\":\"https:\/\/nid.pl\/2024\/03\/01\/witraze-asp-wroclaw\/#breadcrumb\"},\"inLanguage\":\"en-GB\",\"potentialAction\":[{\"@type\":\"ReadAction\",\"target\":[\"https:\/\/nid.pl\/2024\/03\/01\/witraze-asp-wroclaw\/\"]}]},{\"@type\":\"ImageObject\",\"inLanguage\":\"en-GB\",\"@id\":\"https:\/\/nid.pl\/2024\/03\/01\/witraze-asp-wroclaw\/#primaryimage\",\"url\":\"https:\/\/nid.pl\/wp-content\/uploads\/2024\/03\/4.3_Fot.-M.Pietrzak-ASP-Wroclaw.jpg\",\"contentUrl\":\"https:\/\/nid.pl\/wp-content\/uploads\/2024\/03\/4.3_Fot.-M.Pietrzak-ASP-Wroclaw.jpg\",\"width\":1920,\"height\":1280,\"caption\":\"Pierwsze witra\u017ce opuszczaj\u0105 pracownie konserwatorskie ASP we Wroc\u0142awiu, fot. M. Pietrzak\"},{\"@type\":\"BreadcrumbList\",\"@id\":\"https:\/\/nid.pl\/2024\/03\/01\/witraze-asp-wroclaw\/#breadcrumb\",\"itemListElement\":[{\"@type\":\"ListItem\",\"position\":1,\"name\":\"Home\",\"item\":\"https:\/\/nid.pl\/\"},{\"@type\":\"ListItem\",\"position\":2,\"name\":\"Pierwsze witra\u017ce opuszczaj\u0105 pracownie konserwatorskie ASP we Wroc\u0142awiu\"}]},{\"@type\":\"WebSite\",\"@id\":\"https:\/\/nid.pl\/#website\",\"url\":\"https:\/\/nid.pl\/\",\"name\":\"NID\",\"description\":\"Narodowy Instytut Dziedzictwa\",\"publisher\":{\"@id\":\"https:\/\/nid.pl\/#organization\"},\"potentialAction\":[{\"@type\":\"SearchAction\",\"target\":{\"@type\":\"EntryPoint\",\"urlTemplate\":\"https:\/\/nid.pl\/?s={search_term_string}\"},\"query-input\":{\"@type\":\"PropertyValueSpecification\",\"valueRequired\":true,\"valueName\":\"search_term_string\"}}],\"inLanguage\":\"en-GB\"},{\"@type\":\"Organization\",\"@id\":\"https:\/\/nid.pl\/#organization\",\"name\":\"Narodowy Instytut Dziedzictwa\",\"url\":\"https:\/\/nid.pl\/\",\"logo\":{\"@type\":\"ImageObject\",\"inLanguage\":\"en-GB\",\"@id\":\"https:\/\/nid.pl\/#\/schema\/logo\/image\/\",\"url\":\"https:\/\/nid.pl\/wp-content\/uploads\/2022\/10\/logoRedDark.png\",\"contentUrl\":\"https:\/\/nid.pl\/wp-content\/uploads\/2022\/10\/logoRedDark.png\",\"width\":200,\"height\":197,\"caption\":\"Narodowy Instytut Dziedzictwa\"},\"image\":{\"@id\":\"https:\/\/nid.pl\/#\/schema\/logo\/image\/\"},\"sameAs\":[\"https:\/\/www.facebook.com\/zabytek\",\"https:\/\/x.com\/NarIDpl\",\"https:\/\/www.instagram.com\/nid.pl\/?hl=pl\",\"https:\/\/www.linkedin.com\/company\/narodowy-instytut-dziedzictwa\",\"https:\/\/www.youtube.com\/channel\/UCQXuhKa2uHtmNvLRUSx40JA\"]},{\"@type\":\"Person\",\"@id\":\"https:\/\/nid.pl\/#\/schema\/person\/9d848c4a54b78bc2a1461f1c5d8de615\",\"name\":\"Marta Or\u0119ziak\",\"image\":{\"@type\":\"ImageObject\",\"inLanguage\":\"en-GB\",\"@id\":\"https:\/\/nid.pl\/#\/schema\/person\/image\/\",\"url\":\"https:\/\/nid.pl\/wp-content\/litespeed\/avatar\/3cdc296a7eb01425272974c992bee3ea.jpg?ver=1777445267\",\"contentUrl\":\"https:\/\/nid.pl\/wp-content\/litespeed\/avatar\/3cdc296a7eb01425272974c992bee3ea.jpg?ver=1777445267\",\"caption\":\"Marta Or\u0119ziak\"},\"url\":\"https:\/\/nid.pl\/en\/author\/moreziak\/\"}]}<\/script>\n<!-- \/ Yoast SEO plugin. -->","yoast_head_json":{"title":"Pierwsze witra\u017ce opuszczaj\u0105 pracownie konserwatorskie ASP we Wroc\u0142awiu - NID","robots":{"index":"index","follow":"follow","max-snippet":"max-snippet:-1","max-image-preview":"max-image-preview:large","max-video-preview":"max-video-preview:-1"},"canonical":"https:\/\/nid.pl\/en\/2024\/03\/01\/witraze-asp-wroclaw\/","og_locale":"en_GB","og_type":"article","og_title":"Pierwsze witra\u017ce opuszczaj\u0105 pracownie konserwatorskie ASP we Wroc\u0142awiu - NID","og_description":"Pod koniec 2023 roku Narodowy Instytut Konserwacji Zabytk\u00f3w i Akademia Sztuk Pi\u0119knych im. Eugeniusza Gepperta we Wroc\u0142awiu podpisali umowy kilkuletnie na przeprowadzenie prac konserwatorskich i restauratorskich przy: XIX w. [&hellip;]","og_url":"https:\/\/nid.pl\/en\/2024\/03\/01\/witraze-asp-wroclaw\/","og_site_name":"NID","article_publisher":"https:\/\/www.facebook.com\/zabytek","article_published_time":"2024-03-01T14:53:19+00:00","article_modified_time":"2025-02-04T12:21:56+00:00","og_image":[{"width":1920,"height":1280,"url":"https:\/\/nid.pl\/wp-content\/uploads\/2024\/03\/4.3_Fot.-M.Pietrzak-ASP-Wroclaw.jpg","type":"image\/jpeg"}],"author":"Marta Or\u0119ziak","twitter_card":"summary_large_image","twitter_creator":"@NarIDpl","twitter_site":"@NarIDpl","twitter_misc":{"Written by":"Marta Or\u0119ziak","Estimated reading time":"2 minutes"},"schema":{"@context":"https:\/\/schema.org","@graph":[{"@type":"Article","@id":"https:\/\/nid.pl\/2024\/03\/01\/witraze-asp-wroclaw\/#article","isPartOf":{"@id":"https:\/\/nid.pl\/2024\/03\/01\/witraze-asp-wroclaw\/"},"author":{"name":"Marta Or\u0119ziak","@id":"https:\/\/nid.pl\/#\/schema\/person\/9d848c4a54b78bc2a1461f1c5d8de615"},"headline":"Pierwsze witra\u017ce opuszczaj\u0105 pracownie konserwatorskie ASP we Wroc\u0142awiu","datePublished":"2024-03-01T14:53:19+00:00","dateModified":"2025-02-04T12:21:56+00:00","mainEntityOfPage":{"@id":"https:\/\/nid.pl\/2024\/03\/01\/witraze-asp-wroclaw\/"},"wordCount":402,"publisher":{"@id":"https:\/\/nid.pl\/#organization"},"image":{"@id":"https:\/\/nid.pl\/2024\/03\/01\/witraze-asp-wroclaw\/#primaryimage"},"thumbnailUrl":"https:\/\/nid.pl\/wp-content\/uploads\/2024\/03\/4.3_Fot.-M.Pietrzak-ASP-Wroclaw.jpg","articleSection":["NIKZ Projekty","NIKZ Wydzia\u0142y Konserwatorskie"],"inLanguage":"en-GB"},{"@type":"WebPage","@id":"https:\/\/nid.pl\/2024\/03\/01\/witraze-asp-wroclaw\/","url":"https:\/\/nid.pl\/2024\/03\/01\/witraze-asp-wroclaw\/","name":"Pierwsze witra\u017ce opuszczaj\u0105 pracownie konserwatorskie ASP we Wroc\u0142awiu - NID","isPartOf":{"@id":"https:\/\/nid.pl\/#website"},"primaryImageOfPage":{"@id":"https:\/\/nid.pl\/2024\/03\/01\/witraze-asp-wroclaw\/#primaryimage"},"image":{"@id":"https:\/\/nid.pl\/2024\/03\/01\/witraze-asp-wroclaw\/#primaryimage"},"thumbnailUrl":"https:\/\/nid.pl\/wp-content\/uploads\/2024\/03\/4.3_Fot.-M.Pietrzak-ASP-Wroclaw.jpg","datePublished":"2024-03-01T14:53:19+00:00","dateModified":"2025-02-04T12:21:56+00:00","breadcrumb":{"@id":"https:\/\/nid.pl\/2024\/03\/01\/witraze-asp-wroclaw\/#breadcrumb"},"inLanguage":"en-GB","potentialAction":[{"@type":"ReadAction","target":["https:\/\/nid.pl\/2024\/03\/01\/witraze-asp-wroclaw\/"]}]},{"@type":"ImageObject","inLanguage":"en-GB","@id":"https:\/\/nid.pl\/2024\/03\/01\/witraze-asp-wroclaw\/#primaryimage","url":"https:\/\/nid.pl\/wp-content\/uploads\/2024\/03\/4.3_Fot.-M.Pietrzak-ASP-Wroclaw.jpg","contentUrl":"https:\/\/nid.pl\/wp-content\/uploads\/2024\/03\/4.3_Fot.-M.Pietrzak-ASP-Wroclaw.jpg","width":1920,"height":1280,"caption":"Pierwsze witra\u017ce opuszczaj\u0105 pracownie konserwatorskie ASP we Wroc\u0142awiu, fot. M. Pietrzak"},{"@type":"BreadcrumbList","@id":"https:\/\/nid.pl\/2024\/03\/01\/witraze-asp-wroclaw\/#breadcrumb","itemListElement":[{"@type":"ListItem","position":1,"name":"Home","item":"https:\/\/nid.pl\/"},{"@type":"ListItem","position":2,"name":"Pierwsze witra\u017ce opuszczaj\u0105 pracownie konserwatorskie ASP we Wroc\u0142awiu"}]},{"@type":"WebSite","@id":"https:\/\/nid.pl\/#website","url":"https:\/\/nid.pl\/","name":"NID","description":"Narodowy Instytut Dziedzictwa","publisher":{"@id":"https:\/\/nid.pl\/#organization"},"potentialAction":[{"@type":"SearchAction","target":{"@type":"EntryPoint","urlTemplate":"https:\/\/nid.pl\/?s={search_term_string}"},"query-input":{"@type":"PropertyValueSpecification","valueRequired":true,"valueName":"search_term_string"}}],"inLanguage":"en-GB"},{"@type":"Organization","@id":"https:\/\/nid.pl\/#organization","name":"Narodowy Instytut Dziedzictwa","url":"https:\/\/nid.pl\/","logo":{"@type":"ImageObject","inLanguage":"en-GB","@id":"https:\/\/nid.pl\/#\/schema\/logo\/image\/","url":"https:\/\/nid.pl\/wp-content\/uploads\/2022\/10\/logoRedDark.png","contentUrl":"https:\/\/nid.pl\/wp-content\/uploads\/2022\/10\/logoRedDark.png","width":200,"height":197,"caption":"Narodowy Instytut Dziedzictwa"},"image":{"@id":"https:\/\/nid.pl\/#\/schema\/logo\/image\/"},"sameAs":["https:\/\/www.facebook.com\/zabytek","https:\/\/x.com\/NarIDpl","https:\/\/www.instagram.com\/nid.pl\/?hl=pl","https:\/\/www.linkedin.com\/company\/narodowy-instytut-dziedzictwa","https:\/\/www.youtube.com\/channel\/UCQXuhKa2uHtmNvLRUSx40JA"]},{"@type":"Person","@id":"https:\/\/nid.pl\/#\/schema\/person\/9d848c4a54b78bc2a1461f1c5d8de615","name":"Marta Or\u0119ziak","image":{"@type":"ImageObject","inLanguage":"en-GB","@id":"https:\/\/nid.pl\/#\/schema\/person\/image\/","url":"https:\/\/nid.pl\/wp-content\/litespeed\/avatar\/3cdc296a7eb01425272974c992bee3ea.jpg?ver=1777445267","contentUrl":"https:\/\/nid.pl\/wp-content\/litespeed\/avatar\/3cdc296a7eb01425272974c992bee3ea.jpg?ver=1777445267","caption":"Marta Or\u0119ziak"},"url":"https:\/\/nid.pl\/en\/author\/moreziak\/"}]}},"_links":{"self":[{"href":"https:\/\/nid.pl\/en\/wp-json\/wp\/v2\/posts\/25019","targetHints":{"allow":["GET"]}}],"collection":[{"href":"https:\/\/nid.pl\/en\/wp-json\/wp\/v2\/posts"}],"about":[{"href":"https:\/\/nid.pl\/en\/wp-json\/wp\/v2\/types\/post"}],"author":[{"embeddable":true,"href":"https:\/\/nid.pl\/en\/wp-json\/wp\/v2\/users\/4"}],"replies":[{"embeddable":true,"href":"https:\/\/nid.pl\/en\/wp-json\/wp\/v2\/comments?post=25019"}],"version-history":[{"count":0,"href":"https:\/\/nid.pl\/en\/wp-json\/wp\/v2\/posts\/25019\/revisions"}],"wp:featuredmedia":[{"embeddable":true,"href":"https:\/\/nid.pl\/en\/wp-json\/wp\/v2\/media\/25021"}],"wp:attachment":[{"href":"https:\/\/nid.pl\/en\/wp-json\/wp\/v2\/media?parent=25019"}],"wp:term":[{"taxonomy":"category","embeddable":true,"href":"https:\/\/nid.pl\/en\/wp-json\/wp\/v2\/categories?post=25019"},{"taxonomy":"post_tag","embeddable":true,"href":"https:\/\/nid.pl\/en\/wp-json\/wp\/v2\/tags?post=25019"}],"curies":[{"name":"wp","href":"https:\/\/api.w.org\/{rel}","templated":true}]}}