{"id":24955,"date":"2024-03-06T16:12:18","date_gmt":"2024-03-06T15:12:18","guid":{"rendered":"https:\/\/nid.pl\/?p=24955"},"modified":"2025-02-04T12:34:44","modified_gmt":"2025-02-04T11:34:44","slug":"przestrzenie-pamieci-rejestracja","status":"publish","type":"post","link":"https:\/\/nid.pl\/en\/2024\/03\/06\/przestrzenie-pamieci-rejestracja\/","title":{"rendered":"Rusza rejestracja na konferencj\u0119 \u201ePrzestrzenie pami\u0119ci. Zabytkowe cmentarze we wsp\u00f3\u0142czesnych kontekstach\u201d"},"content":{"rendered":"<p><strong>Serdecznie zapraszamy do udzia\u0142u w kwietniowej konferencji \u201ePrzestrzenie pami\u0119ci. Zabytkowe cmentarze we wsp\u00f3\u0142czesnych kontekstach\u201d.<\/strong><\/p>\n\n\n\n<p>Konferencja odb\u0119dzie si\u0119 w dniach 9-10 kwietnia 2024 roku, w siedzibie Pa\u0144stwowego Muzeum Etnograficznego w Warszawie przy ul. Kredytowej 1.<\/p>\n\n\n\n<p>Wydarzenie organizowane jest przez Narodowy Instytut Konserwacji Zabytk\u00f3w przy wsp\u00f3\u0142pracy ze Stowarzyszeniem Konserwator\u00f3w Zabytk\u00f3w oraz Stowarzyszeniem Historyk\u00f3w Sztuki. Wraz z ekspertami i ekspertkami z zakresu konserwacji i ochrony zabytk\u00f3w, architektury krajobrazu, historii i historii sztuki, a tak\u017ce z osobami dzia\u0142aj\u0105cymi spo\u0142ecznie zastanowimy si\u0119 m.in. nad tym:<\/p>\n\n\n\n<ul class=\"wp-block-list\">\n<li>Jak dba\u0107 o zabytkowe cmentarze z wykorzystaniem nowoczesnych technologii?<\/li>\n\n\n\n<li>Jak upami\u0119tni\u0107 miejsce, w kt\u00f3rym znajduje si\u0119 cmentarz, a kt\u00f3re bezpowrotnie utraci\u0142o sw\u00f3j charakter?<\/li>\n\n\n\n<li>Jak powinny wygl\u0105da\u0107 dzia\u0142ania spo\u0142eczne na cmentarzach i wsp\u00f3\u0142praca z innymi podmiotami?<\/li>\n<\/ul>\n\n\n\n<p><strong>Osoby zainteresowane udzia\u0142em w konferencji prosimy o wype\u0142nienie<\/strong> <a href=\"https:\/\/przestrzeniepamieci.webankieta.pl\/\" target=\"_blank\" rel=\"noreferrer noopener\">formularza zg\u0142oszeniowego<\/a>.<\/p>\n\n\n\n<p>Rejestracja trwa do <strong>24 marca 2024 r<\/strong>., decyduje kolejno\u015b\u0107 zg\u0142osze\u0144. Osoby zakwalifikowane otrzymaj\u0105 potwierdzenie uczestnictwa do 26 marca 2024 r.<\/p>\n\n\n\n<p><strong>Wi\u0119cej informacji na temat konferencji znajd\u0105 Pa\u0144stwo <a href=\"https:\/\/nid.pl\/en\/przestrzenie-pamieci\/\" target=\"_blank\" rel=\"noreferrer noopener\">tutaj<\/a>.<\/strong><\/p>\n\n\n\n<p>Program spotkania udost\u0119pnimy ju\u017c wkr\u00f3tce, zach\u0119camy zatem do \u015bledzenia naszej strony internetowej oraz profili spo\u0142eczno\u015bciowych na <a href=\"https:\/\/www.facebook.com\/people\/Narodowy-Instytut-Konserwacji-Zabytk%C3%B3w\/100083429374959\/\" target=\"_blank\" rel=\"noreferrer noopener\">Facebooku<\/a>, <a href=\"https:\/\/www.instagram.com\/zabytnikz\/\" target=\"_blank\" rel=\"noreferrer noopener\">Instagramie<\/a>, <a href=\"https:\/\/twitter.com\/NIKZ_zabytki?ref_src=twsrc%5Egoogle%7Ctwcamp%5Eserp%7Ctwgr%5Eauthor\" target=\"_blank\" rel=\"noreferrer noopener\">X<\/a> (dawniej Twitter) oraz <a href=\"https:\/\/www.linkedin.com\/company\/narodowy-instytut-konserwacji-zabytk%C3%B3w\/\" target=\"_blank\" rel=\"noreferrer noopener\">LinkedIn<\/a>.<\/p>\n\n\n\n<div style=\"height:34px\" aria-hidden=\"true\" class=\"wp-block-spacer\"><\/div>\n\n\n\n<p class=\"has-text-align-right\"><strong><em>Projekt realizowany przez Narodowy Instytut Konserwacji Zabytk\u00f3w (obecnie Narodowy Instytut Dziedzictwa). <\/em><br><em>Wi\u0119cej informacji na stronie:&nbsp;<a href=\"https:\/\/nid.pl\/en\/o-nas\/\" target=\"_blank\" rel=\"noreferrer noopener\">O nas<\/a><\/em><\/strong><\/p>","protected":false},"excerpt":{"rendered":"<p>Serdecznie zapraszamy do udzia\u0142u w kwietniowej konferencji \u201ePrzestrzenie pami\u0119ci. Zabytkowe cmentarze we wsp\u00f3\u0142czesnych kontekstach\u201d. Konferencja odb\u0119dzie si\u0119 w dniach 9-10 kwietnia 2024 roku, w siedzibie Pa\u0144stwowego Muzeum Etnograficznego w Warszawie [&hellip;]<\/p>","protected":false},"author":4,"featured_media":24942,"comment_status":"closed","ping_status":"closed","sticky":false,"template":"","format":"standard","meta":{"_et_pb_use_builder":"off","_et_pb_old_content":"<!-- wp:paragraph -->\n<p><strong>Serdecznie zapraszamy do udzia\u0142u w kwietniowej konferencji \u201ePrzestrzenie pami\u0119ci. Zabytkowe cmentarze we wsp\u00f3\u0142czesnych kontekstach\u201d.<\/strong><\/p>\n<!-- \/wp:paragraph -->\n\n<!-- wp:paragraph -->\n<p>Konferencja odb\u0119dzie si\u0119 w dniach 9-10 kwietnia 2024 roku, w siedzibie Pa\u0144stwowego Muzeum Etnograficznego w Warszawie przy ul. Kredytowej 1.<\/p>\n<!-- \/wp:paragraph -->\n\n<!-- wp:paragraph -->\n<p>Wydarzenie organizowane jest przez Narodowy Instytut Konserwacji Zabytk\u00f3w przy wsp\u00f3\u0142pracy ze Stowarzyszeniem Konserwator\u00f3w Zabytk\u00f3w oraz Stowarzyszeniem Historyk\u00f3w Sztuki. Wraz z ekspertami i ekspertkami z zakresu konserwacji i ochrony zabytk\u00f3w, architektury krajobrazu, historii i historii sztuki, a tak\u017ce z osobami dzia\u0142aj\u0105cymi spo\u0142ecznie zastanowimy si\u0119 m.in. nad tym:<\/p>\n<!-- \/wp:paragraph -->\n\n<!-- wp:paragraph -->\n<p>Jak dba\u0107 o zabytkowe cmentarze z wykorzystaniem nowoczesnych technologii?<br>Jak upami\u0119tni\u0107 miejsce, w kt\u00f3rym znajduje si\u0119 cmentarz, a kt\u00f3re bezpowrotnie utraci\u0142o sw\u00f3j charakter?<br>Jak powinny wygl\u0105da\u0107 dzia\u0142ania spo\u0142eczne na cmentarzach i wsp\u00f3\u0142praca z innymi podmiotami?<\/p>\n<!-- \/wp:paragraph -->\n\n<!-- wp:paragraph -->\n<p><strong>Osoby zainteresowane udzia\u0142em w konferencji prosimy o wype\u0142nienie<\/strong> <a href=\"https:\/\/przestrzeniepamieci.webankieta.pl\/\" target=\"_blank\" rel=\"noreferrer noopener\">formularza zg\u0142oszeniowego<\/a>.<\/p>\n<!-- \/wp:paragraph -->\n\n<!-- wp:paragraph -->\n<p>Rejestracja trwa do <strong>24 marca 2024 r<\/strong>., decyduje kolejno\u015b\u0107 zg\u0142osze\u0144. Osoby zakwalifikowane otrzymaj\u0105 potwierdzenie uczestnictwa do 26 marca 2024 r.<\/p>\n<!-- \/wp:paragraph -->\n\n<!-- wp:paragraph -->\n<p><strong>Wi\u0119cej informacji na temat konferencji znajd\u0105 Pa\u0144stwo <a href=\"https:\/\/nid.pl\/przestrzenie-pamieci\/\" target=\"_blank\" rel=\"noreferrer noopener\">tutaj<\/a>.<\/strong><\/p>\n<!-- \/wp:paragraph -->\n\n<!-- wp:paragraph -->\n<p>Program spotkania udost\u0119pnimy ju\u017c wkr\u00f3tce, zach\u0119camy zatem do \u015bledzenia naszej strony internetowej oraz profili spo\u0142eczno\u015bciowych na <a href=\"https:\/\/www.facebook.com\/people\/Narodowy-Instytut-Konserwacji-Zabytk%C3%B3w\/100083429374959\/\" target=\"_blank\" rel=\"noreferrer noopener\">Facebooku<\/a>, <a href=\"https:\/\/www.instagram.com\/zabytnikz\/\" target=\"_blank\" rel=\"noreferrer noopener\">Instagramie<\/a>, <a href=\"https:\/\/twitter.com\/NIKZ_zabytki?ref_src=twsrc%5Egoogle%7Ctwcamp%5Eserp%7Ctwgr%5Eauthor\" target=\"_blank\" rel=\"noreferrer noopener\">X<\/a> (dawniej Twitter) oraz <a href=\"https:\/\/www.linkedin.com\/company\/narodowy-instytut-konserwacji-zabytk%C3%B3w\/\" target=\"_blank\" rel=\"noreferrer noopener\">LinkedIn<\/a>.<\/p>\n<!-- \/wp:paragraph -->\n\n<!-- wp:spacer {\"height\":\"34px\"} -->\n<div style=\"height:34px\" aria-hidden=\"true\" class=\"wp-block-spacer\"><\/div>\n<!-- \/wp:spacer -->\n\n<!-- wp:paragraph {\"align\":\"right\"} -->\n<p class=\"has-text-align-right\"><strong><em>Projekt realizowany przez Narodowy Instytut Konserwacji Zabytk\u00f3w (obecnie Narodowy Instytut Dziedzictwa). <\/em><br><em>Wi\u0119cej informacji na stronie:&nbsp;<a href=\"https:\/\/nid.pl\/o-nas\/\" target=\"_blank\" rel=\"noreferrer noopener\">O nas<\/a><\/em><\/strong><\/p>\n<!-- \/wp:paragraph -->","_et_gb_content_width":"","_monsterinsights_skip_tracking":false,"_monsterinsights_sitenote_active":false,"_monsterinsights_sitenote_note":"","_monsterinsights_sitenote_category":0,"footnotes":""},"categories":[134,135],"tags":[],"class_list":["post-24955","post","type-post","status-publish","format-standard","has-post-thumbnail","hentry","category-nikz-projekty","category-nikz-przestrzenie-pamieci-konferencja"],"yoast_head":"<!-- This site is optimized with the Yoast SEO plugin v26.5 - https:\/\/yoast.com\/wordpress\/plugins\/seo\/ -->\n<title>Rusza rejestracja na konferencj\u0119 \u201ePrzestrzenie pami\u0119ci. Zabytkowe cmentarze we wsp\u00f3\u0142czesnych kontekstach\u201d - NID<\/title>\n<meta name=\"robots\" content=\"index, follow, max-snippet:-1, max-image-preview:large, max-video-preview:-1\" \/>\n<link rel=\"canonical\" href=\"https:\/\/nid.pl\/en\/2024\/03\/06\/przestrzenie-pamieci-rejestracja\/\" \/>\n<meta property=\"og:locale\" content=\"en_GB\" \/>\n<meta property=\"og:type\" content=\"article\" \/>\n<meta property=\"og:title\" content=\"Rusza rejestracja na konferencj\u0119 \u201ePrzestrzenie pami\u0119ci. Zabytkowe cmentarze we wsp\u00f3\u0142czesnych kontekstach\u201d - NID\" \/>\n<meta property=\"og:description\" content=\"Serdecznie zapraszamy do udzia\u0142u w kwietniowej konferencji \u201ePrzestrzenie pami\u0119ci. Zabytkowe cmentarze we wsp\u00f3\u0142czesnych kontekstach\u201d. Konferencja odb\u0119dzie si\u0119 w dniach 9-10 kwietnia 2024 roku, w siedzibie Pa\u0144stwowego Muzeum Etnograficznego w Warszawie [&hellip;]\" \/>\n<meta property=\"og:url\" content=\"https:\/\/nid.pl\/en\/2024\/03\/06\/przestrzenie-pamieci-rejestracja\/\" \/>\n<meta property=\"og:site_name\" content=\"NID\" \/>\n<meta property=\"article:publisher\" content=\"https:\/\/www.facebook.com\/zabytek\" \/>\n<meta property=\"article:published_time\" content=\"2024-03-06T15:12:18+00:00\" \/>\n<meta property=\"article:modified_time\" content=\"2025-02-04T11:34:44+00:00\" \/>\n<meta property=\"og:image\" content=\"https:\/\/nid.pl\/wp-content\/uploads\/2025\/01\/3.Przestrzenie-pamieci-konferencja.jpg\" \/>\n\t<meta property=\"og:image:width\" content=\"1719\" \/>\n\t<meta property=\"og:image:height\" content=\"1127\" \/>\n\t<meta property=\"og:image:type\" content=\"image\/jpeg\" \/>\n<meta name=\"author\" content=\"Marta Or\u0119ziak\" \/>\n<meta name=\"twitter:card\" content=\"summary_large_image\" \/>\n<meta name=\"twitter:creator\" content=\"@NarIDpl\" \/>\n<meta name=\"twitter:site\" content=\"@NarIDpl\" \/>\n<meta name=\"twitter:label1\" content=\"Written by\" \/>\n\t<meta name=\"twitter:data1\" content=\"Marta Or\u0119ziak\" \/>\n\t<meta name=\"twitter:label2\" content=\"Estimated reading time\" \/>\n\t<meta name=\"twitter:data2\" content=\"2 minutes\" \/>\n<script type=\"application\/ld+json\" class=\"yoast-schema-graph\">{\"@context\":\"https:\/\/schema.org\",\"@graph\":[{\"@type\":\"Article\",\"@id\":\"https:\/\/nid.pl\/2024\/03\/06\/przestrzenie-pamieci-rejestracja\/#article\",\"isPartOf\":{\"@id\":\"https:\/\/nid.pl\/2024\/03\/06\/przestrzenie-pamieci-rejestracja\/\"},\"author\":{\"name\":\"Marta Or\u0119ziak\",\"@id\":\"https:\/\/nid.pl\/#\/schema\/person\/9d848c4a54b78bc2a1461f1c5d8de615\"},\"headline\":\"Rusza rejestracja na konferencj\u0119 \u201ePrzestrzenie pami\u0119ci. Zabytkowe cmentarze we wsp\u00f3\u0142czesnych kontekstach\u201d\",\"datePublished\":\"2024-03-06T15:12:18+00:00\",\"dateModified\":\"2025-02-04T11:34:44+00:00\",\"mainEntityOfPage\":{\"@id\":\"https:\/\/nid.pl\/2024\/03\/06\/przestrzenie-pamieci-rejestracja\/\"},\"wordCount\":239,\"publisher\":{\"@id\":\"https:\/\/nid.pl\/#organization\"},\"image\":{\"@id\":\"https:\/\/nid.pl\/2024\/03\/06\/przestrzenie-pamieci-rejestracja\/#primaryimage\"},\"thumbnailUrl\":\"https:\/\/nid.pl\/wp-content\/uploads\/2025\/01\/3.Przestrzenie-pamieci-konferencja.jpg\",\"articleSection\":[\"NIKZ Projekty\",\"NIKZ Przestrzenie pami\u0119ci Konferencja\"],\"inLanguage\":\"en-GB\"},{\"@type\":\"WebPage\",\"@id\":\"https:\/\/nid.pl\/2024\/03\/06\/przestrzenie-pamieci-rejestracja\/\",\"url\":\"https:\/\/nid.pl\/2024\/03\/06\/przestrzenie-pamieci-rejestracja\/\",\"name\":\"Rusza rejestracja na konferencj\u0119 \u201ePrzestrzenie pami\u0119ci. Zabytkowe cmentarze we wsp\u00f3\u0142czesnych kontekstach\u201d - NID\",\"isPartOf\":{\"@id\":\"https:\/\/nid.pl\/#website\"},\"primaryImageOfPage\":{\"@id\":\"https:\/\/nid.pl\/2024\/03\/06\/przestrzenie-pamieci-rejestracja\/#primaryimage\"},\"image\":{\"@id\":\"https:\/\/nid.pl\/2024\/03\/06\/przestrzenie-pamieci-rejestracja\/#primaryimage\"},\"thumbnailUrl\":\"https:\/\/nid.pl\/wp-content\/uploads\/2025\/01\/3.Przestrzenie-pamieci-konferencja.jpg\",\"datePublished\":\"2024-03-06T15:12:18+00:00\",\"dateModified\":\"2025-02-04T11:34:44+00:00\",\"breadcrumb\":{\"@id\":\"https:\/\/nid.pl\/2024\/03\/06\/przestrzenie-pamieci-rejestracja\/#breadcrumb\"},\"inLanguage\":\"en-GB\",\"potentialAction\":[{\"@type\":\"ReadAction\",\"target\":[\"https:\/\/nid.pl\/2024\/03\/06\/przestrzenie-pamieci-rejestracja\/\"]}]},{\"@type\":\"ImageObject\",\"inLanguage\":\"en-GB\",\"@id\":\"https:\/\/nid.pl\/2024\/03\/06\/przestrzenie-pamieci-rejestracja\/#primaryimage\",\"url\":\"https:\/\/nid.pl\/wp-content\/uploads\/2025\/01\/3.Przestrzenie-pamieci-konferencja.jpg\",\"contentUrl\":\"https:\/\/nid.pl\/wp-content\/uploads\/2025\/01\/3.Przestrzenie-pamieci-konferencja.jpg\",\"width\":1719,\"height\":1127},{\"@type\":\"BreadcrumbList\",\"@id\":\"https:\/\/nid.pl\/2024\/03\/06\/przestrzenie-pamieci-rejestracja\/#breadcrumb\",\"itemListElement\":[{\"@type\":\"ListItem\",\"position\":1,\"name\":\"Home\",\"item\":\"https:\/\/nid.pl\/\"},{\"@type\":\"ListItem\",\"position\":2,\"name\":\"Rusza rejestracja na konferencj\u0119 \u201ePrzestrzenie pami\u0119ci. Zabytkowe cmentarze we wsp\u00f3\u0142czesnych kontekstach\u201d\"}]},{\"@type\":\"WebSite\",\"@id\":\"https:\/\/nid.pl\/#website\",\"url\":\"https:\/\/nid.pl\/\",\"name\":\"NID\",\"description\":\"Narodowy Instytut Dziedzictwa\",\"publisher\":{\"@id\":\"https:\/\/nid.pl\/#organization\"},\"potentialAction\":[{\"@type\":\"SearchAction\",\"target\":{\"@type\":\"EntryPoint\",\"urlTemplate\":\"https:\/\/nid.pl\/?s={search_term_string}\"},\"query-input\":{\"@type\":\"PropertyValueSpecification\",\"valueRequired\":true,\"valueName\":\"search_term_string\"}}],\"inLanguage\":\"en-GB\"},{\"@type\":\"Organization\",\"@id\":\"https:\/\/nid.pl\/#organization\",\"name\":\"Narodowy Instytut Dziedzictwa\",\"url\":\"https:\/\/nid.pl\/\",\"logo\":{\"@type\":\"ImageObject\",\"inLanguage\":\"en-GB\",\"@id\":\"https:\/\/nid.pl\/#\/schema\/logo\/image\/\",\"url\":\"https:\/\/nid.pl\/wp-content\/uploads\/2022\/10\/logoRedDark.png\",\"contentUrl\":\"https:\/\/nid.pl\/wp-content\/uploads\/2022\/10\/logoRedDark.png\",\"width\":200,\"height\":197,\"caption\":\"Narodowy Instytut Dziedzictwa\"},\"image\":{\"@id\":\"https:\/\/nid.pl\/#\/schema\/logo\/image\/\"},\"sameAs\":[\"https:\/\/www.facebook.com\/zabytek\",\"https:\/\/x.com\/NarIDpl\",\"https:\/\/www.instagram.com\/nid.pl\/?hl=pl\",\"https:\/\/www.linkedin.com\/company\/narodowy-instytut-dziedzictwa\",\"https:\/\/www.youtube.com\/channel\/UCQXuhKa2uHtmNvLRUSx40JA\"]},{\"@type\":\"Person\",\"@id\":\"https:\/\/nid.pl\/#\/schema\/person\/9d848c4a54b78bc2a1461f1c5d8de615\",\"name\":\"Marta Or\u0119ziak\",\"image\":{\"@type\":\"ImageObject\",\"inLanguage\":\"en-GB\",\"@id\":\"https:\/\/nid.pl\/#\/schema\/person\/image\/\",\"url\":\"https:\/\/nid.pl\/wp-content\/litespeed\/avatar\/3cdc296a7eb01425272974c992bee3ea.jpg?ver=1777445267\",\"contentUrl\":\"https:\/\/nid.pl\/wp-content\/litespeed\/avatar\/3cdc296a7eb01425272974c992bee3ea.jpg?ver=1777445267\",\"caption\":\"Marta Or\u0119ziak\"},\"url\":\"https:\/\/nid.pl\/en\/author\/moreziak\/\"}]}<\/script>\n<!-- \/ Yoast SEO plugin. -->","yoast_head_json":{"title":"Rusza rejestracja na konferencj\u0119 \u201ePrzestrzenie pami\u0119ci. Zabytkowe cmentarze we wsp\u00f3\u0142czesnych kontekstach\u201d - NID","robots":{"index":"index","follow":"follow","max-snippet":"max-snippet:-1","max-image-preview":"max-image-preview:large","max-video-preview":"max-video-preview:-1"},"canonical":"https:\/\/nid.pl\/en\/2024\/03\/06\/przestrzenie-pamieci-rejestracja\/","og_locale":"en_GB","og_type":"article","og_title":"Rusza rejestracja na konferencj\u0119 \u201ePrzestrzenie pami\u0119ci. Zabytkowe cmentarze we wsp\u00f3\u0142czesnych kontekstach\u201d - NID","og_description":"Serdecznie zapraszamy do udzia\u0142u w kwietniowej konferencji \u201ePrzestrzenie pami\u0119ci. Zabytkowe cmentarze we wsp\u00f3\u0142czesnych kontekstach\u201d. Konferencja odb\u0119dzie si\u0119 w dniach 9-10 kwietnia 2024 roku, w siedzibie Pa\u0144stwowego Muzeum Etnograficznego w Warszawie [&hellip;]","og_url":"https:\/\/nid.pl\/en\/2024\/03\/06\/przestrzenie-pamieci-rejestracja\/","og_site_name":"NID","article_publisher":"https:\/\/www.facebook.com\/zabytek","article_published_time":"2024-03-06T15:12:18+00:00","article_modified_time":"2025-02-04T11:34:44+00:00","og_image":[{"width":1719,"height":1127,"url":"https:\/\/nid.pl\/wp-content\/uploads\/2025\/01\/3.Przestrzenie-pamieci-konferencja.jpg","type":"image\/jpeg"}],"author":"Marta Or\u0119ziak","twitter_card":"summary_large_image","twitter_creator":"@NarIDpl","twitter_site":"@NarIDpl","twitter_misc":{"Written by":"Marta Or\u0119ziak","Estimated reading time":"2 minutes"},"schema":{"@context":"https:\/\/schema.org","@graph":[{"@type":"Article","@id":"https:\/\/nid.pl\/2024\/03\/06\/przestrzenie-pamieci-rejestracja\/#article","isPartOf":{"@id":"https:\/\/nid.pl\/2024\/03\/06\/przestrzenie-pamieci-rejestracja\/"},"author":{"name":"Marta Or\u0119ziak","@id":"https:\/\/nid.pl\/#\/schema\/person\/9d848c4a54b78bc2a1461f1c5d8de615"},"headline":"Rusza rejestracja na konferencj\u0119 \u201ePrzestrzenie pami\u0119ci. Zabytkowe cmentarze we wsp\u00f3\u0142czesnych kontekstach\u201d","datePublished":"2024-03-06T15:12:18+00:00","dateModified":"2025-02-04T11:34:44+00:00","mainEntityOfPage":{"@id":"https:\/\/nid.pl\/2024\/03\/06\/przestrzenie-pamieci-rejestracja\/"},"wordCount":239,"publisher":{"@id":"https:\/\/nid.pl\/#organization"},"image":{"@id":"https:\/\/nid.pl\/2024\/03\/06\/przestrzenie-pamieci-rejestracja\/#primaryimage"},"thumbnailUrl":"https:\/\/nid.pl\/wp-content\/uploads\/2025\/01\/3.Przestrzenie-pamieci-konferencja.jpg","articleSection":["NIKZ Projekty","NIKZ Przestrzenie pami\u0119ci Konferencja"],"inLanguage":"en-GB"},{"@type":"WebPage","@id":"https:\/\/nid.pl\/2024\/03\/06\/przestrzenie-pamieci-rejestracja\/","url":"https:\/\/nid.pl\/2024\/03\/06\/przestrzenie-pamieci-rejestracja\/","name":"Rusza rejestracja na konferencj\u0119 \u201ePrzestrzenie pami\u0119ci. Zabytkowe cmentarze we wsp\u00f3\u0142czesnych kontekstach\u201d - NID","isPartOf":{"@id":"https:\/\/nid.pl\/#website"},"primaryImageOfPage":{"@id":"https:\/\/nid.pl\/2024\/03\/06\/przestrzenie-pamieci-rejestracja\/#primaryimage"},"image":{"@id":"https:\/\/nid.pl\/2024\/03\/06\/przestrzenie-pamieci-rejestracja\/#primaryimage"},"thumbnailUrl":"https:\/\/nid.pl\/wp-content\/uploads\/2025\/01\/3.Przestrzenie-pamieci-konferencja.jpg","datePublished":"2024-03-06T15:12:18+00:00","dateModified":"2025-02-04T11:34:44+00:00","breadcrumb":{"@id":"https:\/\/nid.pl\/2024\/03\/06\/przestrzenie-pamieci-rejestracja\/#breadcrumb"},"inLanguage":"en-GB","potentialAction":[{"@type":"ReadAction","target":["https:\/\/nid.pl\/2024\/03\/06\/przestrzenie-pamieci-rejestracja\/"]}]},{"@type":"ImageObject","inLanguage":"en-GB","@id":"https:\/\/nid.pl\/2024\/03\/06\/przestrzenie-pamieci-rejestracja\/#primaryimage","url":"https:\/\/nid.pl\/wp-content\/uploads\/2025\/01\/3.Przestrzenie-pamieci-konferencja.jpg","contentUrl":"https:\/\/nid.pl\/wp-content\/uploads\/2025\/01\/3.Przestrzenie-pamieci-konferencja.jpg","width":1719,"height":1127},{"@type":"BreadcrumbList","@id":"https:\/\/nid.pl\/2024\/03\/06\/przestrzenie-pamieci-rejestracja\/#breadcrumb","itemListElement":[{"@type":"ListItem","position":1,"name":"Home","item":"https:\/\/nid.pl\/"},{"@type":"ListItem","position":2,"name":"Rusza rejestracja na konferencj\u0119 \u201ePrzestrzenie pami\u0119ci. Zabytkowe cmentarze we wsp\u00f3\u0142czesnych kontekstach\u201d"}]},{"@type":"WebSite","@id":"https:\/\/nid.pl\/#website","url":"https:\/\/nid.pl\/","name":"NID","description":"Narodowy Instytut Dziedzictwa","publisher":{"@id":"https:\/\/nid.pl\/#organization"},"potentialAction":[{"@type":"SearchAction","target":{"@type":"EntryPoint","urlTemplate":"https:\/\/nid.pl\/?s={search_term_string}"},"query-input":{"@type":"PropertyValueSpecification","valueRequired":true,"valueName":"search_term_string"}}],"inLanguage":"en-GB"},{"@type":"Organization","@id":"https:\/\/nid.pl\/#organization","name":"Narodowy Instytut Dziedzictwa","url":"https:\/\/nid.pl\/","logo":{"@type":"ImageObject","inLanguage":"en-GB","@id":"https:\/\/nid.pl\/#\/schema\/logo\/image\/","url":"https:\/\/nid.pl\/wp-content\/uploads\/2022\/10\/logoRedDark.png","contentUrl":"https:\/\/nid.pl\/wp-content\/uploads\/2022\/10\/logoRedDark.png","width":200,"height":197,"caption":"Narodowy Instytut Dziedzictwa"},"image":{"@id":"https:\/\/nid.pl\/#\/schema\/logo\/image\/"},"sameAs":["https:\/\/www.facebook.com\/zabytek","https:\/\/x.com\/NarIDpl","https:\/\/www.instagram.com\/nid.pl\/?hl=pl","https:\/\/www.linkedin.com\/company\/narodowy-instytut-dziedzictwa","https:\/\/www.youtube.com\/channel\/UCQXuhKa2uHtmNvLRUSx40JA"]},{"@type":"Person","@id":"https:\/\/nid.pl\/#\/schema\/person\/9d848c4a54b78bc2a1461f1c5d8de615","name":"Marta Or\u0119ziak","image":{"@type":"ImageObject","inLanguage":"en-GB","@id":"https:\/\/nid.pl\/#\/schema\/person\/image\/","url":"https:\/\/nid.pl\/wp-content\/litespeed\/avatar\/3cdc296a7eb01425272974c992bee3ea.jpg?ver=1777445267","contentUrl":"https:\/\/nid.pl\/wp-content\/litespeed\/avatar\/3cdc296a7eb01425272974c992bee3ea.jpg?ver=1777445267","caption":"Marta Or\u0119ziak"},"url":"https:\/\/nid.pl\/en\/author\/moreziak\/"}]}},"_links":{"self":[{"href":"https:\/\/nid.pl\/en\/wp-json\/wp\/v2\/posts\/24955","targetHints":{"allow":["GET"]}}],"collection":[{"href":"https:\/\/nid.pl\/en\/wp-json\/wp\/v2\/posts"}],"about":[{"href":"https:\/\/nid.pl\/en\/wp-json\/wp\/v2\/types\/post"}],"author":[{"embeddable":true,"href":"https:\/\/nid.pl\/en\/wp-json\/wp\/v2\/users\/4"}],"replies":[{"embeddable":true,"href":"https:\/\/nid.pl\/en\/wp-json\/wp\/v2\/comments?post=24955"}],"version-history":[{"count":0,"href":"https:\/\/nid.pl\/en\/wp-json\/wp\/v2\/posts\/24955\/revisions"}],"wp:featuredmedia":[{"embeddable":true,"href":"https:\/\/nid.pl\/en\/wp-json\/wp\/v2\/media\/24942"}],"wp:attachment":[{"href":"https:\/\/nid.pl\/en\/wp-json\/wp\/v2\/media?parent=24955"}],"wp:term":[{"taxonomy":"category","embeddable":true,"href":"https:\/\/nid.pl\/en\/wp-json\/wp\/v2\/categories?post=24955"},{"taxonomy":"post_tag","embeddable":true,"href":"https:\/\/nid.pl\/en\/wp-json\/wp\/v2\/tags?post=24955"}],"curies":[{"name":"wp","href":"https:\/\/api.w.org\/{rel}","templated":true}]}}