{"id":24826,"date":"2025-01-17T11:49:13","date_gmt":"2025-01-17T10:49:13","guid":{"rendered":"https:\/\/nid.pl\/?p=24826"},"modified":"2025-02-24T15:06:51","modified_gmt":"2025-02-24T14:06:51","slug":"nowe-wpisy-na-krajowej-liscie-niematerialnego-dziedzictwa-kulturowego-2","status":"publish","type":"post","link":"https:\/\/nid.pl\/en\/2025\/01\/17\/nowe-wpisy-na-krajowej-liscie-niematerialnego-dziedzictwa-kulturowego-2\/","title":{"rendered":"Nowe wpisy na Krajowej li\u015bcie niematerialnego dziedzictwa kulturowego\u00a0"},"content":{"rendered":"<p class=\"has-medium-font-size\"><strong>Decyzj\u0105 Ministra Kultury i Dziedzictwa Narodowego, Krajowa lista niematerialnego dziedzictwa kulturowego zosta\u0142a poszerzona o kolejne cztery elementy: rucznik\/rusznyk &#8211; bielski r\u0119cznik obrz\u0119dowy, umiej\u0119tno\u015b\u0107 wykonywania paj\u0105k\u00f3w ze s\u0142omy, papieru i bibu\u0142y na Lubelszczy\u017anie, tradycje tkackie Bodzentyna i okolic i tradycje G\u00f3rali Czadeckich. Z kolei Festiwal Folklorystyczny \u201eLimanowska S\u0142aza\u201d zosta\u0142 wpisany do Krajowego rejestru dobrych praktyk w ochronie niematerialnego dziedzictwa kulturowego.&nbsp;<\/strong>&nbsp;<\/p>\n\n\n\n<p><\/p>\n\n\n\n<h6 class=\"wp-block-heading has-text-color has-link-color wp-elements-55c1144c490ce6516eb2d23e2dc57f63\" style=\"color:#727272\"><strong>Krajowa lista niematerialnego dziedzictwa kulturowego<\/strong>&nbsp;<\/h6>\n\n\n\n<p><\/p>\n\n\n\n<p>Ratyfikowana przez Polsk\u0119 Konwencja UNESCO w sprawie ochrony niematerialnego dziedzictwa kulturowego zobowi\u0105zuje Pa\u0144stwa-Strony do prowadzenia inwentaryzacji tradycji obecnych na ich terytorium. Wpisy na Krajow\u0105 list\u0119 niematerialnego dziedzictwa kulturowego pozwalaj\u0105 na dokumentowanie r\u00f3\u017cnorodnych praktyk kulturowych oraz promuj\u0105 utrzymanie ich ci\u0105g\u0142o\u015bci. Za prowadzenie listy odpowiada Minister Kultury i Dziedzictwa Narodowego we wsp\u00f3\u0142pracy z Narodowym Instytutem Dziedzictwa. Wszyscy depozytariusze dziedzictwa niematerialnego \u2013 od obrz\u0119d\u00f3w i rzemios\u0142a po tradycje j\u0119zykowe i muzyczne \u2013 mog\u0105 zg\u0142asza\u0107 proponowane zjawiska do wpisu.&nbsp;<\/p>\n\n\n\n<p>Obecnie<a href=\"https:\/\/niematerialne.nid.pl\/krajowa-lista-niematerialnego-dziedzictwa-kulturowego\/\"> <strong>Krajowa lista niematerialnego dziedzictwa kulturoweg<\/strong><\/a><strong><a href=\"https:\/\/niematerialne.nid.pl\/krajowa-lista-niematerialnego-dziedzictwa-kulturowego\/\" target=\"_blank\" rel=\"noreferrer noopener\">o<\/a><\/strong> liczy 107 wpis\u00f3w, w tym cztery najnowsze, kt\u00f3re przedstawiamy poni\u017cej.&nbsp;&nbsp;&#8216;<\/p>\n\n\n\n<p><\/p>\n\n\n\n<h6 class=\"wp-block-heading has-text-color has-link-color wp-elements-547a2d37a043f109ebbf9193a125315d\" style=\"color:#727272\"><strong>Rucznik\/rusznyk &#8211; bielski r\u0119cznik obrz\u0119dowy<\/strong>&nbsp;<\/h6>\n\n\n\n<p><\/p>\n\n\n\n<p><\/p>\n\n\n\n<div class=\"wp-block-columns is-layout-flex wp-container-core-columns-is-layout-9d6595d7 wp-block-columns-is-layout-flex\">\n<div class=\"wp-block-column is-layout-flow wp-block-column-is-layout-flow\">\n<figure class=\"wp-block-image size-large\"><img loading=\"lazy\" decoding=\"async\" width=\"768\" height=\"1024\" src=\"https:\/\/nid.pl\/wp-content\/uploads\/2025\/01\/Rucznik_swiety-kat_Kaniuki_fot.-A.-Debowska-Jankiewicz-768x1024.jpg\" alt=\"zdj\u0119cie - Rucznik w \u015bwi\u0119tym k\u0105cie, Kaniuki, fot. A. D\u0119bowska-Jankiewicz\" class=\"wp-image-24815\"\/><figcaption class=\"wp-element-caption\">Rucznik w \u015bwi\u0119tym k\u0105cie, Kaniuki, fot. A. D\u0119bowska-Jankiewicz<\/figcaption><\/figure>\n<\/div>\n\n\n\n<div class=\"wp-block-column is-layout-flow wp-block-column-is-layout-flow\">\n<p><strong>Bielski r\u0119cznik obrz\u0119dowy<\/strong> to niezwykle wa\u017cny element tradycji Podlasia, kt\u00f3ry od wiek\u00f3w towarzyszy mieszka\u0144com regionu w najwa\u017cniejszych momentach \u017cycia.&nbsp;&nbsp;<\/p>\n\n\n\n<p><em>Rucznik<\/em> wykonuje si\u0119 z najpi\u0119kniejszego lnu. Jego wymiary wahaj\u0105 si\u0119 od 2 do 3,5 metra d\u0142ugo\u015bci i 35\u201344 cm szeroko\u015bci. Ka\u017cdy zdobiony jest <strong>misternymi wzorami<\/strong> \u2013 haftem krzy\u017cykowym, p\u0142askim, koronk\u0105 szyde\u0142kow\u0105 lub wi\u0105zan\u0105.&nbsp;&nbsp;<\/p>\n\n\n\n<p>Niegdy\u015b <em>rucznik<\/em> by\u0142 nieodzownym elementem <strong>posagu m\u0142odych dziewcz\u0105t,<\/strong> kt\u00f3re od najm\u0142odszych lat uczy\u0142y si\u0119 rzemios\u0142a tkackiego i hafciarskiego. Do dzi\u015b bielski r\u0119cznik obrz\u0119dowy odgrywa wa\u017cn\u0105 rol\u0119 w ceremoniach za\u015blubin i obrz\u0119dach weselnych &#8211; w czasie \u015blubu, w cerkwi m\u0142oda para staje na roz\u0142o\u017conym r\u0119czniku, co ma symbolizowa\u0107 trwa\u0142o\u015b\u0107 zwi\u0105zku. Za\u015blubionych, po powrocie z cerkwi, na progu wita matka z korowajem \u2013 obrz\u0119dowym pieczywem, kt\u00f3re spoczywa na ozdobnym ruczniku. W codziennym \u017cyciu <strong>rucznik zdobi\u0142 \u015bwi\u0119ty k\u0105t w domu<\/strong>, gdzie otacza\u0142 ikony.&nbsp;&nbsp;<\/p>\n\n\n\n<p>Rucznik wykorzystywano r\u00f3wnie\u017c w obrz\u0119dach pogrzebowych. Towarzyszy\u0142 zmar\u0142emu w ostatniej drodze, wieszany na krzy\u017cu lub umieszczany na ikonie przez 40 dni, aby dusza zmar\u0142ego mia\u0142a schronienie.&nbsp;&nbsp;<\/p>\n\n\n\n<p>Wsp\u00f3\u0142cze\u015bnie tradycja r\u0119cznika obrz\u0119dowego jest nadal \u017cywa, zar\u00f3wno w codziennych praktykach, jak i podczas warsztat\u00f3w organizowanych w muzeach i domach kultury. M\u0142ode kobiety cz\u0119sto same wykonuj\u0105 ruczniki na swoje \u015bluby, a lokalne zespo\u0142y ludowe wykorzystuj\u0105 je podczas wyst\u0119p\u00f3w.&nbsp;&nbsp;<\/p>\n<\/div>\n<\/div>\n\n\n\n<figure class=\"wp-block-image alignleft size-large\"><img loading=\"lazy\" decoding=\"async\" width=\"1024\" height=\"683\" src=\"https:\/\/nid.pl\/wp-content\/uploads\/2025\/01\/Ikony-z-recznikiem_fot.-A.-Debowska-Jankiewicz-1024x683.jpg\" alt=\"zdj\u0119cie - Ikony z r\u0119cznikiem obrz\u0119dowym, fot. A. D\u0119bowska-Jankiewicz\" class=\"wp-image-24816\" srcset=\"https:\/\/nid.pl\/wp-content\/uploads\/2025\/01\/Ikony-z-recznikiem_fot.-A.-Debowska-Jankiewicz-980x653.jpg 980w, https:\/\/nid.pl\/wp-content\/uploads\/2025\/01\/Ikony-z-recznikiem_fot.-A.-Debowska-Jankiewicz-480x320.jpg 480w\" sizes=\"(min-width: 0px) and (max-width: 480px) 480px, (min-width: 481px) and (max-width: 980px) 980px, (min-width: 981px) 1024px, 100vw\" \/><figcaption class=\"wp-element-caption\">Ikony z r\u0119cznikiem obrz\u0119dowym, fot. A. D\u0119bowska-Jankiewicz<\/figcaption><\/figure>\n\n\n\n<p><\/p>\n\n\n\n<p><\/p>\n\n\n\n<h6 class=\"wp-block-heading has-text-color has-link-color wp-elements-2283c89ff67b578e61d431941e274bad\" style=\"color:#727272\"><strong>Umiej\u0119tno\u015b\u0107 wykonywania paj\u0105k\u00f3w ze s\u0142omy, papieru i bibu\u0142y na Lubelszczy\u017anie<\/strong>&nbsp;<\/h6>\n\n\n\n<p><\/p>\n\n\n\n<p><\/p>\n\n\n\n<p><strong>Paj\u0105ki ludowe<\/strong> to przestrzenne konstrukcje ze s\u0142omy, papieru i bibu\u0142y, kt\u00f3re przez wieki pe\u0142ni\u0142y wa\u017cn\u0105 rol\u0119 w tradycji ludowej na Lubelszczy\u017anie. Te misternie wykonane ozdoby posiadaj\u0105 wielowiekow\u0105 tradycj\u0119. Paj\u0105ki popularne by\u0142y na wsiach w wielu krajach, w tym w Polsce, Estonii, Litwie, \u0141otwie, Rosji, Szwecji, Czechach, S\u0142owacji czy W\u0119grzech.&nbsp;<\/p>\n\n\n\n<p>Na Lubelszczy\u017anie g\u0142\u00f3wnym materia\u0142em by\u0142a <strong>s\u0142oma \u017cytnia<\/strong>. Wa\u017cne by\u0142o staranne przygotowanie s\u0142omy \u2013 oczyszczenie, podzia\u0142 na odpowiednie d\u0142ugo\u015bci oraz moczenie w wodzie, co nadawa\u0142o jej gi\u0119tko\u015bci. Opr\u00f3cz s\u0142omy, wykorzystywano bibu\u0142\u0119 i kolorowy papier, z kt\u00f3rych tworzono dekoracyjne kwiaty, \u0142a\u0144cuchy czy charakterystyczne je\u017cyki. Paj\u0105ki wykonywano przede wszystkim w <strong>okresie jesienno-zimowym<\/strong>, gdy gospodynie mia\u0142y wi\u0119cej wolnego czasu po zebraniu plon\u00f3w. Gotowe paj\u0105ki wieszano w izbach, g\u0142\u00f3wnie podczas <strong>\u015bwi\u0105t Bo\u017cego Narodzenia<\/strong>.&nbsp;<\/p>\n\n\n\n<p>Paj\u0105ki mia\u0142y r\u00f3\u017cne funkcje. Przede wszystkim zdobi\u0142y wiejskie cha\u0142upy, nadaj\u0105c im od\u015bwi\u0119tny charakter. Wieszane w centralnym punkcie izby lub w tzw. \u015bwi\u0119tym k\u0105cie, mia\u0142y r\u00f3wnie\u017c znaczenie symboliczne. Wierzono, \u017ce przynosz\u0105 <strong>szcz\u0119\u015bcie, urodzaj i ochron\u0119<\/strong> przed z\u0142ymi mocami.&nbsp;&nbsp;<\/p>\n\n\n\n<p>Stare, zniszczone ozdoby z wyblakni\u0119tymi bibu\u0142kami by\u0142y palone z szacunku do \u017cyta, kt\u00f3re na wsi uwa\u017cano niemal za \u015bwi\u0119to\u015b\u0107, ze wzgl\u0119du na ziarno, z kt\u00f3rego robi si\u0119 m\u0105k\u0119 na chleb.&nbsp;<\/p>\n\n\n\n<p>W latach 50. XX wieku paj\u0105ki niemal ca\u0142kowicie ust\u0105pi\u0142y miejsca choinkom jako g\u0142\u00f3wnej ozdobie \u015bwi\u0105tecznej. Obecnie prze\u017cywaj\u0105 swoisty renesans. Zyskuj\u0105 popularno\u015b\u0107 jako element dekoracyjny we wsp\u00f3\u0142czesnych wn\u0119trzach, cho\u0107 coraz cz\u0119\u015bciej trac\u0105 swoje pierwotne znaczenie.&nbsp;<\/p>\n\n\n\n<p><\/p>\n\n\n\n<div class=\"wp-block-columns is-layout-flex wp-container-core-columns-is-layout-9d6595d7 wp-block-columns-is-layout-flex\">\n<div class=\"wp-block-column is-layout-flow wp-block-column-is-layout-flow\">\n<figure class=\"wp-block-image alignleft size-full\"><img loading=\"lazy\" decoding=\"async\" width=\"489\" height=\"500\" src=\"https:\/\/nid.pl\/wp-content\/uploads\/2025\/01\/Tomasz-Krajewski-pajak-tarczowy_2016_fot.-K.-Krepa.jpg\" alt=\"zdj\u0119cie - paj\u0105k tarczowy, 2016 r., fot. K. Kr\u0119pa\" class=\"wp-image-24824\" srcset=\"https:\/\/nid.pl\/wp-content\/uploads\/2025\/01\/Tomasz-Krajewski-pajak-tarczowy_2016_fot.-K.-Krepa.jpg 489w, https:\/\/nid.pl\/wp-content\/uploads\/2025\/01\/Tomasz-Krajewski-pajak-tarczowy_2016_fot.-K.-Krepa-480x491.jpg 480w\" sizes=\"(min-width: 0px) and (max-width: 480px) 480px, (min-width: 481px) 489px, 100vw\" \/><figcaption class=\"wp-element-caption\">Tomasz Krajewski, paj\u0105k tarczowy, 2016 r., fot. K. Kr\u0119pa<\/figcaption><\/figure>\n<\/div>\n\n\n\n<div class=\"wp-block-column is-layout-flow wp-block-column-is-layout-flow\"><\/div>\n<\/div>\n\n\n\n<p><\/p>\n\n\n\n<p><\/p>\n\n\n\n<h6 class=\"wp-block-heading has-text-color has-link-color wp-elements-a31977f34901651e00bddd598ee680cf\" style=\"color:#727272\"><strong>Tradycje tkackie Bodzentyna i okolic<\/strong>&nbsp;<\/h6>\n\n\n\n<p><\/p>\n\n\n\n<p><\/p>\n\n\n\n<div class=\"wp-block-columns is-layout-flex wp-container-core-columns-is-layout-9d6595d7 wp-block-columns-is-layout-flex\">\n<div class=\"wp-block-column is-layout-flow wp-block-column-is-layout-flow\">\n<figure class=\"wp-block-image size-large\"><img loading=\"lazy\" decoding=\"async\" width=\"768\" height=\"1024\" src=\"https:\/\/nid.pl\/wp-content\/uploads\/2025\/01\/Tradycje-tkackie-Bodzentyna-i-okolic-4_fot.-E.-Pstragowska-768x1024.jpg\" alt=\"zdj\u0119cie - Tradycje tkackie Bodzentyna i okolic, fot. E. Pstr\u0105gowska\" class=\"wp-image-24817\"\/><figcaption class=\"wp-element-caption\">Tradycje tkackie Bodzentyna i okolic, fot. E. Pstr\u0105gowska<\/figcaption><\/figure>\n<\/div>\n\n\n\n<div class=\"wp-block-column is-layout-flow wp-block-column-is-layout-flow\">\n<p>Rejon Bodzentyna to jeden z nielicznych obszar\u00f3w w Polsce, gdzie tradycje tkackie s\u0105 wci\u0105\u017c \u017cywe, cho\u0107 nie pe\u0142ni\u0105 ju\u017c tak istotnej roli jak dawniej.&nbsp; <strong>Krosna, ko\u0142owrotki czy snowad\u0142a<\/strong> mo\u017cna do dzi\u015b znale\u017a\u0107 w wielu domach lub na strychach, cz\u0119sto osnute i gotowe do pracy. Tradycje te s\u0105 pieczo\u0142owicie chronione i o\u017cywiane przez grupy pasjonat\u00f3w. Dzi\u0119ki warsztatom i pokazom tkackim dawne techniki s\u0105 dzi\u015b ponownie popularne.&nbsp;<\/p>\n\n\n\n<p>Historia tkactwa na Kielecczy\u017anie si\u0119ga co najmniej <strong>XVI wieku<\/strong>. Pierwsze wzmianki o cechu sukiennik\u00f3w w Bodzentynie pochodz\u0105 z 1506 roku. Najstarsze tkaniny ludowe z regionu charakteryzowa\u0142y si\u0119 prostot\u0105 wzoru i kolorystyki. <strong>Pasiaki \u2013 dwukolorowe,<\/strong> najcz\u0119\u015bciej w czerni (zwanej tu modrym) i czerwieni \u2013 s\u0105 typowe dla G\u00f3r \u015awi\u0119tokrzyskich.&nbsp;&nbsp;<\/p>\n\n\n\n<p>W XX wieku, dzi\u0119ki dzia\u0142alno\u015bci Sp\u00f3\u0142dzielni \u201eTkactwo \u015awi\u0119tokrzyskie\u201d w Bodzentynie, tradycyjny wz\u00f3r zyska\u0142 na popularno\u015bci. Sp\u00f3\u0142dzielnia dzia\u0142a\u0142a od 1950 roku, produkuj\u0105c kilimy, narzuty oraz elementy stroju ludowego. <strong>Wz\u00f3r czerwono-czarnych<\/strong> pas\u00f3w sta\u0142 si\u0119 wizyt\u00f3wk\u0105 regionu, a produkty sp\u00f3\u0142dzielni by\u0142y prezentowane na Cepeliadach i wystawach w ca\u0142ej Polsce.&nbsp;<\/p>\n\n\n\n<p>Tkactwo jest procesem wieloetapowym, wymagaj\u0105cym precyzji i cierpliwo\u015bci. Pierwszym krokiem jest przygotowanie <strong>osnowy<\/strong>, czyli pionowych nici, kt\u00f3re s\u0105 podstaw\u0105 tkaniny. Do jej wykonania s\u0142u\u017cy <strong>snowad\u0142o<\/strong> \u2013 obrotowe urz\u0105dzenie, na kt\u00f3rym uk\u0142ada si\u0119 pasma nici, tworz\u0105c charakterystyczne \u201e\u00f3semki\u201d. Proces ten, zwany snuciem, by\u0142 w regionie specjalno\u015bci\u0105 snowaczy, kt\u00f3rzy precyzyjnie przeliczali ilo\u015b\u0107 nitek i d\u0142ugo\u015b\u0107 osnowy.&nbsp;<\/p>\n<\/div>\n<\/div>\n\n\n\n<p>Nast\u0119pnie osnowa by\u0142a nawijana na<strong> wa\u0142 krosna<\/strong>, a nici przeplatano w\u0105tkiem za pomoc\u0105 cz\u00f3\u0142enka. Charakterystyczne dla \u015bwi\u0119tokrzyskich tkaczek by\u0142o u\u017cywanie prostych wzor\u00f3w geometrycznych, kt\u00f3re mimo swojej oszcz\u0119dno\u015bci estetycznej, wymaga\u0142y du\u017cej wprawy. Wytworzenie jednej narzuty lub kilimu mog\u0142o zaj\u0105\u0107 wiele tygodni, a w proces zaanga\u017cowana by\u0142a cz\u0119sto ca\u0142a rodzina.&nbsp;<\/p>\n\n\n\n<p><\/p>\n\n\n\n<div class=\"wp-block-columns is-layout-flex wp-container-core-columns-is-layout-9d6595d7 wp-block-columns-is-layout-flex\">\n<div class=\"wp-block-column is-layout-flow wp-block-column-is-layout-flow\">\n<figure data-wp-context=\"{&quot;imageId&quot;:&quot;69f5cb5886ecd&quot;}\" data-wp-interactive=\"core\/image\" data-wp-key=\"69f5cb5886ecd\" class=\"wp-block-image size-large wp-lightbox-container\"><img loading=\"lazy\" decoding=\"async\" width=\"2560\" height=\"1920\" data-wp-class--hide=\"state.isContentHidden\" data-wp-class--show=\"state.isContentVisible\" data-wp-init=\"callbacks.setButtonStyles\" data-wp-on--click=\"actions.showLightbox\" data-wp-on--load=\"callbacks.setButtonStyles\" data-wp-on-window--resize=\"callbacks.setButtonStyles\" src=\"https:\/\/nid.pl\/wp-content\/uploads\/2025\/01\/Tradycje-tkackie-Bodzentyna-i-okolic.-Tradycyjny-motyw_fot.-E.-Pstragowska-1-edited-scaled.jpg\" alt=\"Tradycje tkackie Bodzentyna i okolic. Tradycyjny motyw w czarno czerwone pasy, fot. E. Pstr\u0105gowska\" class=\"wp-image-24827\" srcset=\"https:\/\/nid.pl\/wp-content\/uploads\/2025\/01\/Tradycje-tkackie-Bodzentyna-i-okolic.-Tradycyjny-motyw_fot.-E.-Pstragowska-1-edited-scaled.jpg 2560w, https:\/\/nid.pl\/wp-content\/uploads\/2025\/01\/Tradycje-tkackie-Bodzentyna-i-okolic.-Tradycyjny-motyw_fot.-E.-Pstragowska-1-edited-1280x960.jpg 1280w, https:\/\/nid.pl\/wp-content\/uploads\/2025\/01\/Tradycje-tkackie-Bodzentyna-i-okolic.-Tradycyjny-motyw_fot.-E.-Pstragowska-1-edited-980x735.jpg 980w, https:\/\/nid.pl\/wp-content\/uploads\/2025\/01\/Tradycje-tkackie-Bodzentyna-i-okolic.-Tradycyjny-motyw_fot.-E.-Pstragowska-1-edited-480x360.jpg 480w\" sizes=\"(min-width: 0px) and (max-width: 480px) 480px, (min-width: 481px) and (max-width: 980px) 980px, (min-width: 981px) and (max-width: 1280px) 1280px, (min-width: 1281px) 2560px, 100vw\" \/><button\n\t\t\tclass=\"lightbox-trigger\"\n\t\t\ttype=\"button\"\n\t\t\taria-haspopup=\"dialog\"\n\t\t\taria-label=\"Enlarge\"\n\t\t\tdata-wp-init=\"callbacks.initTriggerButton\"\n\t\t\tdata-wp-on--click=\"actions.showLightbox\"\n\t\t\tdata-wp-style--right=\"state.imageButtonRight\"\n\t\t\tdata-wp-style--top=\"state.imageButtonTop\"\n\t\t>\n\t\t\t<svg xmlns=\"http:\/\/www.w3.org\/2000\/svg\" width=\"12\" height=\"12\" fill=\"none\" viewbox=\"0 0 12 12\">\n\t\t\t\t<path fill=\"#fff\" d=\"M2 0a2 2 0 0 0-2 2v2h1.5V2a.5.5 0 0 1 .5-.5h2V0H2Zm2 10.5H2a.5.5 0 0 1-.5-.5V8H0v2a2 2 0 0 0 2 2h2v-1.5ZM8 12v-1.5h2a.5.5 0 0 0 .5-.5V8H12v2a2 2 0 0 1-2 2H8Zm2-12a2 2 0 0 1 2 2v2h-1.5V2a.5.5 0 0 0-.5-.5H8V0h2Z\" \/>\n\t\t\t<\/svg>\n\t\t<\/button><figcaption class=\"wp-element-caption\">Tradycje tkackie Bodzentyna i okolic. Tradycyjny motyw, fot. E. Pstr\u0105gowska<\/figcaption><\/figure>\n<\/div>\n\n\n\n<div class=\"wp-block-column is-layout-flow wp-block-column-is-layout-flow\">\n<figure data-wp-context=\"{&quot;imageId&quot;:&quot;69f5cb5887238&quot;}\" data-wp-interactive=\"core\/image\" data-wp-key=\"69f5cb5887238\" class=\"wp-block-image size-large wp-lightbox-container\"><img loading=\"lazy\" decoding=\"async\" width=\"1024\" height=\"768\" data-wp-class--hide=\"state.isContentHidden\" data-wp-class--show=\"state.isContentVisible\" data-wp-init=\"callbacks.setButtonStyles\" data-wp-on--click=\"actions.showLightbox\" data-wp-on--load=\"callbacks.setButtonStyles\" data-wp-on-window--resize=\"callbacks.setButtonStyles\" src=\"https:\/\/nid.pl\/wp-content\/uploads\/2025\/01\/Tradycje-tkackie-Bodzentyna-i-okolic_2_-fot.-Beata-Syzdol-1024x768.jpg\" alt=\"zdj\u0119cie tkaczek obok wozu na kt\u00f3rym wisz\u0105 tradycyjne tkaniny, fot. Beata Syzd\u00f3\u0142\" class=\"wp-image-24819\" srcset=\"https:\/\/nid.pl\/wp-content\/uploads\/2025\/01\/Tradycje-tkackie-Bodzentyna-i-okolic_2_-fot.-Beata-Syzdol-980x735.jpg 980w, https:\/\/nid.pl\/wp-content\/uploads\/2025\/01\/Tradycje-tkackie-Bodzentyna-i-okolic_2_-fot.-Beata-Syzdol-480x360.jpg 480w\" sizes=\"(min-width: 0px) and (max-width: 480px) 480px, (min-width: 481px) and (max-width: 980px) 980px, (min-width: 981px) 1024px, 100vw\" \/><button\n\t\t\tclass=\"lightbox-trigger\"\n\t\t\ttype=\"button\"\n\t\t\taria-haspopup=\"dialog\"\n\t\t\taria-label=\"Enlarge\"\n\t\t\tdata-wp-init=\"callbacks.initTriggerButton\"\n\t\t\tdata-wp-on--click=\"actions.showLightbox\"\n\t\t\tdata-wp-style--right=\"state.imageButtonRight\"\n\t\t\tdata-wp-style--top=\"state.imageButtonTop\"\n\t\t>\n\t\t\t<svg xmlns=\"http:\/\/www.w3.org\/2000\/svg\" width=\"12\" height=\"12\" fill=\"none\" viewbox=\"0 0 12 12\">\n\t\t\t\t<path fill=\"#fff\" d=\"M2 0a2 2 0 0 0-2 2v2h1.5V2a.5.5 0 0 1 .5-.5h2V0H2Zm2 10.5H2a.5.5 0 0 1-.5-.5V8H0v2a2 2 0 0 0 2 2h2v-1.5ZM8 12v-1.5h2a.5.5 0 0 0 .5-.5V8H12v2a2 2 0 0 1-2 2H8Zm2-12a2 2 0 0 1 2 2v2h-1.5V2a.5.5 0 0 0-.5-.5H8V0h2Z\" \/>\n\t\t\t<\/svg>\n\t\t<\/button><figcaption class=\"wp-element-caption\">Tradycje tkackie Bodzentyna i okolic, fot. Beata Syzd\u00f3\u0142<\/figcaption><\/figure>\n<\/div>\n<\/div>\n\n\n\n<p><\/p>\n\n\n\n<p><\/p>\n\n\n\n<h6 class=\"wp-block-heading has-text-color has-link-color wp-elements-b69b928d4ce5df59dfed223ae29c28f0\" style=\"color:#727272\"><strong>Tradycje G\u00f3rali Czadeckich&nbsp;<\/strong>&nbsp;<\/h6>\n\n\n\n<p><\/p>\n\n\n\n<p><\/p>\n\n\n\n<p>G\u00f3rale Czadeccy to grupa kulturowa, kt\u00f3rej historia i tradycje \u0142\u0105cz\u0105 wp\u0142ywy wielu kultur oraz region\u00f3w. Wywodzi si\u0119 z <strong>Beskidu \u017bywieckiego i \u015al\u0105skiego, a tak\u017ce Ziemi Cieszy\u0144skiej<\/strong>, sk\u0105d w XVI i XVII wieku g\u00f3rale rozpocz\u0119li migracj\u0119 na tereny obecnej S\u0142owacji, osiedlaj\u0105c si\u0119 w okolicach miasta Czadca (s\u0142ow. \u010cadca). To w\u0142a\u015bnie od tej miejscowo\u015bci pochodzi nazwa G\u00f3rale Czadeccy. W XVIII i XIX wieku ich w\u0119dr\u00f3wka obj\u0119\u0142a Bukowin\u0119, gdzie na terenach dzisiejszej Ukrainy i Rumunii stworzyli nowe osady. Po II wojnie \u015bwiatowej, w wyniku repatriacji, <strong>osiedlili si\u0119 na Dolnym \u015al\u0105sku<\/strong>, w wojew\u00f3dztwie lubuskim i wielkopolskim, gdzie do dzi\u015b piel\u0119gnuj\u0105 swoj\u0105 odr\u0119bno\u015b\u0107 kulturow\u0105.&nbsp;<\/p>\n\n\n\n<p>Tradycje G\u00f3rali Czadeckich odzwierciedlaj\u0105 bogactwo wielokulturowych wp\u0142yw\u00f3w. W ich obyczajach mo\u017cna dostrzec elementy kultury s\u0142owackiej, rumu\u0144skiej, w\u0119gierskiej, ukrai\u0144skiej, niemieckiej, \u017cydowskiej oraz cyga\u0144skiej. Dzi\u0119ki temu wypracowali w\u0142asn\u0105 to\u017csamo\u015b\u0107, kt\u00f3ra jest widoczna w ich<strong> j\u0119zyku, muzyce, r\u0119kodziele oraz stroju<\/strong>. Gwara, u\u017cywana obecnie przez starsze pokolenie, \u0142\u0105czy w sobie cechy j\u0119zyk\u00f3w region\u00f3w, przez kt\u00f3re migrowali.&nbsp;<\/p>\n\n\n\n<p><strong>Tradycyjny str\u00f3j <\/strong>G\u00f3rali Czadeckich to jeden z najbardziej rozpoznawalnych element\u00f3w ich kultury. Kobiety nosz\u0105 haftowane koszule, we\u0142niane sp\u00f3dnice szyte \u201ena zak\u0142adk\u0119\u201d, chusty lub wianki z mirtu, a na nogach \u2013 kierpce. M\u0119\u017cczy\u017ani z kolei zak\u0142adaj\u0105 lniane koszule, sk\u00f3rzane pasy, czarne kapelusze oraz ma\u0142e torby zwane \u201etorbinkami\u201d, kt\u00f3re cz\u0119sto s\u0105 zdobione haftem. Ka\u017cdy element stroju podkre\u015bla przynale\u017cno\u015b\u0107 do grupy i wyr\u00f3\u017cnia ich spo\u015br\u00f3d innych spo\u0142eczno\u015bci.&nbsp;<\/p>\n\n\n\n<p><\/p>\n\n\n\n<div class=\"wp-block-columns is-layout-flex wp-container-core-columns-is-layout-9d6595d7 wp-block-columns-is-layout-flex\">\n<div class=\"wp-block-column is-layout-flow wp-block-column-is-layout-flow\">\n<figure class=\"wp-block-image size-large\"><img loading=\"lazy\" decoding=\"async\" width=\"683\" height=\"1024\" src=\"https:\/\/nid.pl\/wp-content\/uploads\/2025\/01\/Goralka-z-Zagania-woj.-Lubuskie_fot.-P.-Baczkiewicz-683x1024.jpg\" alt=\"G\u00f3ralka z \u017bagania (woj. Lubuskie), fot. P. B\u0105czkiewicz\" class=\"wp-image-24823\"\/><figcaption class=\"wp-element-caption\">G\u00f3ralka z \u017bagania (woj. Lubuskie), fot. P. B\u0105czkiewicz<\/figcaption><\/figure>\n<\/div>\n\n\n\n<div class=\"wp-block-column is-layout-flow wp-block-column-is-layout-flow\">\n<figure class=\"wp-block-image size-large\"><img loading=\"lazy\" decoding=\"async\" width=\"683\" height=\"1024\" src=\"https:\/\/nid.pl\/wp-content\/uploads\/2025\/01\/Goral-z-Kozlic-pow.-glogowski_fot.-P.-Baczkiewicz-683x1024.jpg\" alt=\"G\u00f3ral z Ko\u017alic (pow. g\u0142ogowski), fot. P. B\u0105czkiewicz\" class=\"wp-image-24822\"\/><figcaption class=\"wp-element-caption\">G\u00f3ral z Ko\u017alic (pow. g\u0142ogowski), fot. P. B\u0105czkiewicz<\/figcaption><\/figure>\n<\/div>\n<\/div>\n\n\n\n<p><\/p>\n\n\n\n<p>Charakterystycznym r\u0119kodzie\u0142em, podobnym do \u0142emkowskich krywulek, s\u0105 <strong>\u201epiesek\u201d i \u201edziordanek<\/strong>\u201d. \u201ePiesek\u201d to cienki pasek wykonany z delikatnych koralik\u00f3w noszony przez kobiety ciasno na szyi. Do \u201epieska\u201d dopinany jest \u201edziordanek\u201d \u2013 r\u00f3wnie\u017c zrobiony z drobnych koralik\u00f3w, ale w przeciwie\u0144stwie do \u201epieska\u201d delikatnie opadaj\u0105cy na koszul\u0119. Te misternie wykonane ozdoby wyr\u00f3\u017cniaj\u0105 G\u00f3rali Czadeckich na tle innych grup g\u00f3ralskich w Polsce.&nbsp;<\/p>\n\n\n\n<p><\/p>\n\n\n\n<p><\/p>\n\n\n\n<figure class=\"wp-block-image alignleft size-large\"><img loading=\"lazy\" decoding=\"async\" width=\"1024\" height=\"640\" src=\"https:\/\/nid.pl\/wp-content\/uploads\/2025\/01\/Dziordanek-z-pieskiem_fot.-P.-Baczkiewicz-scaled-e1737109835953-1024x640.jpg\" alt=\"zdj\u0119cie - Dziordanek z pieskiem, fot. P. B\u0105czkiewicz\" class=\"wp-image-24821\" srcset=\"https:\/\/nid.pl\/wp-content\/uploads\/2025\/01\/Dziordanek-z-pieskiem_fot.-P.-Baczkiewicz-scaled-e1737109835953-980x551.jpg 980w, https:\/\/nid.pl\/wp-content\/uploads\/2025\/01\/Dziordanek-z-pieskiem_fot.-P.-Baczkiewicz-scaled-e1737109835953-480x270.jpg 480w\" sizes=\"(min-width: 0px) and (max-width: 480px) 480px, (min-width: 481px) and (max-width: 980px) 980px, (min-width: 981px) 1024px, 100vw\" \/><figcaption class=\"wp-element-caption\">Dziordanek z pieskiem, fot. P. B\u0105czkiewicz<\/figcaption><\/figure>\n\n\n\n<p><\/p>\n\n\n\n<p><\/p>\n\n\n\n<p>R\u0119kodzie\u0142o G\u00f3rali Czadeckich obejmuje r\u00f3wnie\u017c tradycyjn\u0105 sztuk\u0119 zdobienia pisanek oraz plecenia przez m\u0119\u017cczyzn \u201e\u015bmiergust\u00f3w\u201d, kt\u00f3rymi na powodzenie i szcz\u0119\u015bcie smagane s\u0105 panny w Wielkanoc.&nbsp;&nbsp;Do tradycji tej grupy nale\u017c\u0105 tak\u017ce pie\u015bni i ta\u0144ce, mi\u0119dzy innymi takie jak \u201eKoszulinka Cinka\u201d i \u201eDawidenka\u201d, kt\u00f3re s\u0105 integraln\u0105 cz\u0119\u015bci\u0105 obrz\u0119d\u00f3w.&nbsp;<\/p>\n\n\n\n<p>Codzienno\u015b\u0107 i \u015bwi\u0119ta G\u00f3rali Czadeckich wype\u0142niaj\u0105 unikalne zwyczaje. W czasie Bo\u017cego Narodzenia kol\u0119duj\u0105, a na Wigili\u0119 podaj\u0105 grochow\u0105 zup\u0119. W okresie zapust\u00f3w przygotowuj\u0105 charakterystyczne \u201epampuchy\u201d.&nbsp;&nbsp;<\/p>\n\n\n\n<p><\/p>\n\n\n\n<p><\/p>\n\n\n\n<h5 class=\"wp-block-heading has-text-color has-link-color wp-elements-ae69aeebc14a601635ce1792465ac957\" style=\"color:#727272\"><strong>Krajowy rejestr dobrych praktyk w ochronie niematerialnego dziedzictwa kulturowego<\/strong>&nbsp;<\/h5>\n\n\n\n<p><\/p>\n\n\n\n<p><strong>Krajowy rejestr dobrych praktyk<\/strong> to platforma wymiany do\u015bwiadcze\u0144 oraz inspiracji dla Pa\u0144stw-Stron Konwencji, wsp\u00f3lnot oraz wszystkich zainteresowanych ochron\u0105 niematerialnego dziedzictwa kulturowego. Obecnie liczy on 12 pozycji, najnowsza z nich to <strong>Festiwal Folklorystyczny \u201eLimanowska S\u0142aza\u201d.&nbsp;<\/strong><\/p>\n\n\n\n<p><\/p>\n\n\n\n<h6 class=\"wp-block-heading has-text-color has-link-color wp-elements-caef52b2e883b0d517b06d29b9bc90fc\" style=\"color:#727272\"><strong>Festiwal Folklorystyczny \u201eLimanowska S\u0142aza\u201d<\/strong>&nbsp;<\/h6>\n\n\n\n<p><\/p>\n\n\n\n<p>Festiwal Folklorystyczny \u201eLimanowska S\u0142aza\u201d to jedno z najwa\u017cniejszych wydarze\u0144 kulturalnych w regionie limanowskim, kt\u00f3re od prawie p\u00f3\u0142 wieku wspiera ci\u0105g\u0142o\u015b\u0107 bogatych tradycji folklorystycznych Lach\u00f3w Limanowskich, S\u0105deckich i Szczyrzyckich, Zag\u00f3rzan oraz G\u00f3rali S\u0105deckich. Wydarzenie skupia si\u0119 na prezentacji i promocji r\u00f3\u017cnorodnych form niematerialnego dziedzictwa kulturowego, w tym<strong> muzyki, ta\u0144ca, gwary, obrz\u0119d\u00f3w i zwyczaj\u00f3w ludowych<\/strong>, tworz\u0105c barwn\u0105 mozaik\u0119 dziedzictwa kulturowego.&nbsp;&nbsp;<\/p>\n\n\n\n<p>Na scenie Limanowskiego Domu Kultury <strong>zespo\u0142y regionalne, grupy \u015bpiewacze, instrumentali\u015bci i gaw\u0119dziarze<\/strong> prezentuj\u0105 swoje umiej\u0119tno\u015bci w ramach przes\u0142ucha\u0144 konkursowych, kt\u00f3re s\u0105 sercem wydarzenia. Uczestnicy w swoich wyst\u0119pach staraj\u0105 si\u0119 odda\u0107 autentyczno\u015b\u0107 i pi\u0119kno tradycji, dbaj\u0105c o ka\u017cdy detal \u2013 od stroj\u00f3w, przez uk\u0142ady taneczne, a\u017c po pie\u015bni. Obrz\u0119dy zwi\u0105zane z do\u017cynkami, \u015bwi\u0119tami religijnymi czy sezonowymi rytua\u0142ami przypominaj\u0105 o dawnych zwyczajach.&nbsp;<\/p>\n\n\n\n<p><\/p>\n\n\n\n<div class=\"wp-block-columns is-layout-flex wp-container-core-columns-is-layout-9d6595d7 wp-block-columns-is-layout-flex\">\n<div class=\"wp-block-column is-layout-flow wp-block-column-is-layout-flow\">\n<figure data-wp-context=\"{&quot;imageId&quot;:&quot;69f5cb5887c88&quot;}\" data-wp-interactive=\"core\/image\" data-wp-key=\"69f5cb5887c88\" class=\"wp-block-image size-large wp-lightbox-container\"><img loading=\"lazy\" decoding=\"async\" width=\"2560\" height=\"1919\" data-wp-class--hide=\"state.isContentHidden\" data-wp-class--show=\"state.isContentVisible\" data-wp-init=\"callbacks.setButtonStyles\" data-wp-on--click=\"actions.showLightbox\" data-wp-on--load=\"callbacks.setButtonStyles\" data-wp-on-window--resize=\"callbacks.setButtonStyles\" src=\"https:\/\/nid.pl\/wp-content\/uploads\/2025\/01\/12.-Wystep-ZR-Szczyrzycanie-_Festiwal-Folklorystyczny-Limanowska-Slaza-2021r.-Autor-LDK-edited-scaled.jpg\" alt=\"zdj\u0119cie Wyst\u0119p ZR Szczyrzycanie na Festiwalu Folklorystycznym &quot;Limanowska S\u0142aza&quot;, 2021 r., fot. LDK\" class=\"wp-image-24833\" srcset=\"https:\/\/nid.pl\/wp-content\/uploads\/2025\/01\/12.-Wystep-ZR-Szczyrzycanie-_Festiwal-Folklorystyczny-Limanowska-Slaza-2021r.-Autor-LDK-edited-scaled.jpg 2560w, https:\/\/nid.pl\/wp-content\/uploads\/2025\/01\/12.-Wystep-ZR-Szczyrzycanie-_Festiwal-Folklorystyczny-Limanowska-Slaza-2021r.-Autor-LDK-edited-1280x960.jpg 1280w, https:\/\/nid.pl\/wp-content\/uploads\/2025\/01\/12.-Wystep-ZR-Szczyrzycanie-_Festiwal-Folklorystyczny-Limanowska-Slaza-2021r.-Autor-LDK-edited-980x735.jpg 980w, https:\/\/nid.pl\/wp-content\/uploads\/2025\/01\/12.-Wystep-ZR-Szczyrzycanie-_Festiwal-Folklorystyczny-Limanowska-Slaza-2021r.-Autor-LDK-edited-480x360.jpg 480w\" sizes=\"(min-width: 0px) and (max-width: 480px) 480px, (min-width: 481px) and (max-width: 980px) 980px, (min-width: 981px) and (max-width: 1280px) 1280px, (min-width: 1281px) 2560px, 100vw\" \/><button\n\t\t\tclass=\"lightbox-trigger\"\n\t\t\ttype=\"button\"\n\t\t\taria-haspopup=\"dialog\"\n\t\t\taria-label=\"Enlarge\"\n\t\t\tdata-wp-init=\"callbacks.initTriggerButton\"\n\t\t\tdata-wp-on--click=\"actions.showLightbox\"\n\t\t\tdata-wp-style--right=\"state.imageButtonRight\"\n\t\t\tdata-wp-style--top=\"state.imageButtonTop\"\n\t\t>\n\t\t\t<svg xmlns=\"http:\/\/www.w3.org\/2000\/svg\" width=\"12\" height=\"12\" fill=\"none\" viewbox=\"0 0 12 12\">\n\t\t\t\t<path fill=\"#fff\" d=\"M2 0a2 2 0 0 0-2 2v2h1.5V2a.5.5 0 0 1 .5-.5h2V0H2Zm2 10.5H2a.5.5 0 0 1-.5-.5V8H0v2a2 2 0 0 0 2 2h2v-1.5ZM8 12v-1.5h2a.5.5 0 0 0 .5-.5V8H12v2a2 2 0 0 1-2 2H8Zm2-12a2 2 0 0 1 2 2v2h-1.5V2a.5.5 0 0 0-.5-.5H8V0h2Z\" \/>\n\t\t\t<\/svg>\n\t\t<\/button><figcaption class=\"wp-element-caption\">Wyst\u0119p ZR Szczyrzycanie  na Festiwalu Folklorystycznym &#8220;Limanowska S\u0142aza&#8221;, 2021 r., fot. LDK<\/figcaption><\/figure>\n<\/div>\n\n\n\n<div class=\"wp-block-column is-layout-flow wp-block-column-is-layout-flow\">\n<figure data-wp-context=\"{&quot;imageId&quot;:&quot;69f5cb5887f5c&quot;}\" data-wp-interactive=\"core\/image\" data-wp-key=\"69f5cb5887f5c\" class=\"wp-block-image size-large wp-lightbox-container\"><img loading=\"lazy\" decoding=\"async\" width=\"2560\" height=\"1920\" data-wp-class--hide=\"state.isContentHidden\" data-wp-class--show=\"state.isContentVisible\" data-wp-init=\"callbacks.setButtonStyles\" data-wp-on--click=\"actions.showLightbox\" data-wp-on--load=\"callbacks.setButtonStyles\" data-wp-on-window--resize=\"callbacks.setButtonStyles\" src=\"https:\/\/nid.pl\/wp-content\/uploads\/2025\/01\/2.-Wystep-ZR-Kasinianie_Festiwal-Folklorystyczny-Limanowska-Slaza-1978r.-Autor-LDK-edited-scaled.jpg\" alt=\"zdj\u0119cie - Wyst\u0119p ZR Kasinianie na Festiwalu Folklorystycznym &quot;Limanowska S\u0142aza&quot;,1978 r., fot. LDK\" class=\"wp-image-24834\" srcset=\"https:\/\/nid.pl\/wp-content\/uploads\/2025\/01\/2.-Wystep-ZR-Kasinianie_Festiwal-Folklorystyczny-Limanowska-Slaza-1978r.-Autor-LDK-edited-scaled.jpg 2560w, https:\/\/nid.pl\/wp-content\/uploads\/2025\/01\/2.-Wystep-ZR-Kasinianie_Festiwal-Folklorystyczny-Limanowska-Slaza-1978r.-Autor-LDK-edited-1280x960.jpg 1280w, https:\/\/nid.pl\/wp-content\/uploads\/2025\/01\/2.-Wystep-ZR-Kasinianie_Festiwal-Folklorystyczny-Limanowska-Slaza-1978r.-Autor-LDK-edited-980x735.jpg 980w, https:\/\/nid.pl\/wp-content\/uploads\/2025\/01\/2.-Wystep-ZR-Kasinianie_Festiwal-Folklorystyczny-Limanowska-Slaza-1978r.-Autor-LDK-edited-480x360.jpg 480w\" sizes=\"(min-width: 0px) and (max-width: 480px) 480px, (min-width: 481px) and (max-width: 980px) 980px, (min-width: 981px) and (max-width: 1280px) 1280px, (min-width: 1281px) 2560px, 100vw\" \/><button\n\t\t\tclass=\"lightbox-trigger\"\n\t\t\ttype=\"button\"\n\t\t\taria-haspopup=\"dialog\"\n\t\t\taria-label=\"Enlarge\"\n\t\t\tdata-wp-init=\"callbacks.initTriggerButton\"\n\t\t\tdata-wp-on--click=\"actions.showLightbox\"\n\t\t\tdata-wp-style--right=\"state.imageButtonRight\"\n\t\t\tdata-wp-style--top=\"state.imageButtonTop\"\n\t\t>\n\t\t\t<svg xmlns=\"http:\/\/www.w3.org\/2000\/svg\" width=\"12\" height=\"12\" fill=\"none\" viewbox=\"0 0 12 12\">\n\t\t\t\t<path fill=\"#fff\" d=\"M2 0a2 2 0 0 0-2 2v2h1.5V2a.5.5 0 0 1 .5-.5h2V0H2Zm2 10.5H2a.5.5 0 0 1-.5-.5V8H0v2a2 2 0 0 0 2 2h2v-1.5ZM8 12v-1.5h2a.5.5 0 0 0 .5-.5V8H12v2a2 2 0 0 1-2 2H8Zm2-12a2 2 0 0 1 2 2v2h-1.5V2a.5.5 0 0 0-.5-.5H8V0h2Z\" \/>\n\t\t\t<\/svg>\n\t\t<\/button><figcaption class=\"wp-element-caption\">Wyst\u0119p ZR Kasinianie na Festiwalu Folklorystycznym &#8220;Limanowska S\u0142aza&#8221;,1978 r., fot. LDK<\/figcaption><\/figure>\n<\/div>\n<\/div>\n\n\n\n<p><\/p>\n\n\n\n<p>Integraln\u0105 cz\u0119\u015bci\u0105 festiwalu jest <strong>kiermasz sztuki ludowej,<\/strong> gdzie mo\u017cna podziwia\u0107 i zakupi\u0107 r\u0119kodzie\u0142o oraz porozmawia\u0107 z tw\u00f3rcami, kt\u00f3rzy ch\u0119tnie dziel\u0105 si\u0119 histori\u0105 i technikami swojej pracy.&nbsp;&nbsp;<\/p>\n\n\n\n<p>Festiwal \u201eLimanowska S\u0142aza\u201d od lat pe\u0142ni rol\u0119 edukacyjn\u0105, organizuj\u0105c <strong>warsztaty z udzia\u0142em ekspert\u00f3w <\/strong>w dziedzinie folkloru. Uczestnicy mog\u0105 dowiedzie\u0107 si\u0119, jak udoskonali\u0107 swoje wyst\u0119py, a tak\u017ce zg\u0142\u0119bi\u0107 wiedz\u0119 o historii i tradycjach regionu. Dzi\u0119ki badaniom terenowym zespo\u0142y poznaj\u0105 lokalne obyczaje, kt\u00f3re nast\u0119pnie s\u0105 dokumentowane i prezentowane podczas przes\u0142ucha\u0144. Archiwizacja materia\u0142\u00f3w przez Ma\u0142opolskie Centrum Kultury \u201eSok\u00f3\u0142\u201d gwarantuje zachowanie tych cennych zasob\u00f3w dla przysz\u0142ych pokole\u0144.&nbsp;<\/p>\n\n\n\n<p>To wyj\u0105tkowe wydarzenie nie tylko celebruje kultur\u0119, ale r\u00f3wnie\u017c chroni i przekazuje tradycje kolejnym pokoleniom. Festiwal anga\u017cuje lokalne spo\u0142eczno\u015bci, wzmacniaj\u0105c ich to\u017csamo\u015b\u0107 kulturow\u0105 i staje si\u0119 inspiracj\u0105 dla innych dzia\u0142a\u0144 na rzecz ochrony niematerialnego dziedzictwa. Ju\u017c niemal od 50 lat, dzi\u0119ki swojej barwnej formie i r\u00f3\u017cnorodno\u015bci, pozostaje niepowtarzalnym \u015bwi\u0119tem folkloru.&nbsp;<\/p>\n\n\n\n<p><\/p>\n\n\n\n<figure class=\"wp-block-image alignleft size-large\"><img loading=\"lazy\" decoding=\"async\" width=\"1024\" height=\"683\" src=\"https:\/\/nid.pl\/wp-content\/uploads\/2025\/01\/29.-Wystep-ZR-Olszowianie_Festiwal-Folklorystyczny-Limanowska-Slaza-2023r.-Autor-LDK-1024x683.jpg\" alt=\"zdj\u0119cie - Wyst\u0119p ZR Olszowianie na Festiwalu Folklorystycznym &quot;Limanowska S\u0142aza&quot;, 2023 r., fot. LDK\" class=\"wp-image-24812\" srcset=\"https:\/\/nid.pl\/wp-content\/uploads\/2025\/01\/29.-Wystep-ZR-Olszowianie_Festiwal-Folklorystyczny-Limanowska-Slaza-2023r.-Autor-LDK-980x653.jpg 980w, https:\/\/nid.pl\/wp-content\/uploads\/2025\/01\/29.-Wystep-ZR-Olszowianie_Festiwal-Folklorystyczny-Limanowska-Slaza-2023r.-Autor-LDK-480x320.jpg 480w\" sizes=\"(min-width: 0px) and (max-width: 480px) 480px, (min-width: 481px) and (max-width: 980px) 980px, (min-width: 981px) 1024px, 100vw\" \/><figcaption class=\"wp-element-caption\">Wyst\u0119p ZR Olszowianie na Festiwalu Folklorystycznym &#8220;Limanowska S\u0142aza&#8221;, 2023 r., fot. LDK<\/figcaption><\/figure>","protected":false},"excerpt":{"rendered":"<p>Decyzj\u0105 Ministra Kultury i Dziedzictwa Narodowego, Krajowa lista niematerialnego dziedzictwa kulturowego zosta\u0142a poszerzona o kolejne cztery elementy: rucznik\/rusznyk &#8211; bielski r\u0119cznik obrz\u0119dowy, umiej\u0119tno\u015b\u0107 wykonywania paj\u0105k\u00f3w ze s\u0142omy, papieru i bibu\u0142y [&hellip;]<\/p>","protected":false},"author":15,"featured_media":24820,"comment_status":"closed","ping_status":"closed","sticky":false,"template":"","format":"standard","meta":{"_et_pb_use_builder":"off","_et_pb_old_content":"","_et_gb_content_width":"","_monsterinsights_skip_tracking":false,"_monsterinsights_sitenote_active":false,"_monsterinsights_sitenote_note":"","_monsterinsights_sitenote_category":0,"footnotes":""},"categories":[3],"tags":[],"class_list":["post-24826","post","type-post","status-publish","format-standard","has-post-thumbnail","hentry","category-aktualnosci"],"yoast_head":"<!-- This site is optimized with the Yoast SEO plugin v26.5 - https:\/\/yoast.com\/wordpress\/plugins\/seo\/ -->\n<title>Nowe wpisy na Krajowej li\u015bcie niematerialnego dziedzictwa kulturowego\u00a0 - NID<\/title>\n<meta name=\"robots\" content=\"index, follow, max-snippet:-1, max-image-preview:large, max-video-preview:-1\" \/>\n<link rel=\"canonical\" href=\"https:\/\/nid.pl\/en\/2025\/01\/17\/nowe-wpisy-na-krajowej-liscie-niematerialnego-dziedzictwa-kulturowego-2\/\" \/>\n<meta property=\"og:locale\" content=\"en_GB\" \/>\n<meta property=\"og:type\" content=\"article\" \/>\n<meta property=\"og:title\" content=\"Nowe wpisy na Krajowej li\u015bcie niematerialnego dziedzictwa kulturowego\u00a0 - NID\" \/>\n<meta property=\"og:description\" content=\"Decyzj\u0105 Ministra Kultury i Dziedzictwa Narodowego, Krajowa lista niematerialnego dziedzictwa kulturowego zosta\u0142a poszerzona o kolejne cztery elementy: rucznik\/rusznyk &#8211; bielski r\u0119cznik obrz\u0119dowy, umiej\u0119tno\u015b\u0107 wykonywania paj\u0105k\u00f3w ze s\u0142omy, papieru i bibu\u0142y [&hellip;]\" \/>\n<meta property=\"og:url\" content=\"https:\/\/nid.pl\/en\/2025\/01\/17\/nowe-wpisy-na-krajowej-liscie-niematerialnego-dziedzictwa-kulturowego-2\/\" \/>\n<meta property=\"og:site_name\" content=\"NID\" \/>\n<meta property=\"article:publisher\" content=\"https:\/\/www.facebook.com\/zabytek\" \/>\n<meta property=\"article:published_time\" content=\"2025-01-17T10:49:13+00:00\" \/>\n<meta property=\"article:modified_time\" content=\"2025-02-24T14:06:51+00:00\" \/>\n<meta property=\"og:image\" content=\"https:\/\/nid.pl\/wp-content\/uploads\/2025\/01\/miniatura-www-nowe-wpisy-na-klndk.jpg\" \/>\n\t<meta property=\"og:image:width\" content=\"1857\" \/>\n\t<meta property=\"og:image:height\" content=\"1238\" \/>\n\t<meta property=\"og:image:type\" content=\"image\/jpeg\" \/>\n<meta name=\"author\" content=\"Monika Ciura\" \/>\n<meta name=\"twitter:card\" content=\"summary_large_image\" \/>\n<meta name=\"twitter:creator\" content=\"@NarIDpl\" \/>\n<meta name=\"twitter:site\" content=\"@NarIDpl\" \/>\n<meta name=\"twitter:label1\" content=\"Written by\" \/>\n\t<meta name=\"twitter:data1\" content=\"Monika Ciura\" \/>\n\t<meta name=\"twitter:label2\" content=\"Estimated reading time\" \/>\n\t<meta name=\"twitter:data2\" content=\"13 minutes\" \/>\n<script type=\"application\/ld+json\" class=\"yoast-schema-graph\">{\"@context\":\"https:\/\/schema.org\",\"@graph\":[{\"@type\":\"Article\",\"@id\":\"https:\/\/nid.pl\/2025\/01\/17\/nowe-wpisy-na-krajowej-liscie-niematerialnego-dziedzictwa-kulturowego-2\/#article\",\"isPartOf\":{\"@id\":\"https:\/\/nid.pl\/2025\/01\/17\/nowe-wpisy-na-krajowej-liscie-niematerialnego-dziedzictwa-kulturowego-2\/\"},\"author\":{\"name\":\"Monika Ciura\",\"@id\":\"https:\/\/nid.pl\/#\/schema\/person\/ab9abea4caecdccde4fb0d555271145f\"},\"headline\":\"Nowe wpisy na Krajowej li\u015bcie niematerialnego dziedzictwa kulturowego\u00a0\",\"datePublished\":\"2025-01-17T10:49:13+00:00\",\"dateModified\":\"2025-02-24T14:06:51+00:00\",\"mainEntityOfPage\":{\"@id\":\"https:\/\/nid.pl\/2025\/01\/17\/nowe-wpisy-na-krajowej-liscie-niematerialnego-dziedzictwa-kulturowego-2\/\"},\"wordCount\":2072,\"publisher\":{\"@id\":\"https:\/\/nid.pl\/#organization\"},\"image\":{\"@id\":\"https:\/\/nid.pl\/2025\/01\/17\/nowe-wpisy-na-krajowej-liscie-niematerialnego-dziedzictwa-kulturowego-2\/#primaryimage\"},\"thumbnailUrl\":\"https:\/\/nid.pl\/wp-content\/uploads\/2025\/01\/miniatura-www-nowe-wpisy-na-klndk.jpg\",\"articleSection\":[\"Aktualno\u015bci\"],\"inLanguage\":\"en-GB\"},{\"@type\":\"WebPage\",\"@id\":\"https:\/\/nid.pl\/2025\/01\/17\/nowe-wpisy-na-krajowej-liscie-niematerialnego-dziedzictwa-kulturowego-2\/\",\"url\":\"https:\/\/nid.pl\/2025\/01\/17\/nowe-wpisy-na-krajowej-liscie-niematerialnego-dziedzictwa-kulturowego-2\/\",\"name\":\"Nowe wpisy na Krajowej li\u015bcie niematerialnego dziedzictwa kulturowego\u00a0 - NID\",\"isPartOf\":{\"@id\":\"https:\/\/nid.pl\/#website\"},\"primaryImageOfPage\":{\"@id\":\"https:\/\/nid.pl\/2025\/01\/17\/nowe-wpisy-na-krajowej-liscie-niematerialnego-dziedzictwa-kulturowego-2\/#primaryimage\"},\"image\":{\"@id\":\"https:\/\/nid.pl\/2025\/01\/17\/nowe-wpisy-na-krajowej-liscie-niematerialnego-dziedzictwa-kulturowego-2\/#primaryimage\"},\"thumbnailUrl\":\"https:\/\/nid.pl\/wp-content\/uploads\/2025\/01\/miniatura-www-nowe-wpisy-na-klndk.jpg\",\"datePublished\":\"2025-01-17T10:49:13+00:00\",\"dateModified\":\"2025-02-24T14:06:51+00:00\",\"breadcrumb\":{\"@id\":\"https:\/\/nid.pl\/2025\/01\/17\/nowe-wpisy-na-krajowej-liscie-niematerialnego-dziedzictwa-kulturowego-2\/#breadcrumb\"},\"inLanguage\":\"en-GB\",\"potentialAction\":[{\"@type\":\"ReadAction\",\"target\":[\"https:\/\/nid.pl\/2025\/01\/17\/nowe-wpisy-na-krajowej-liscie-niematerialnego-dziedzictwa-kulturowego-2\/\"]}]},{\"@type\":\"ImageObject\",\"inLanguage\":\"en-GB\",\"@id\":\"https:\/\/nid.pl\/2025\/01\/17\/nowe-wpisy-na-krajowej-liscie-niematerialnego-dziedzictwa-kulturowego-2\/#primaryimage\",\"url\":\"https:\/\/nid.pl\/wp-content\/uploads\/2025\/01\/miniatura-www-nowe-wpisy-na-klndk.jpg\",\"contentUrl\":\"https:\/\/nid.pl\/wp-content\/uploads\/2025\/01\/miniatura-www-nowe-wpisy-na-klndk.jpg\",\"width\":1857,\"height\":1238,\"caption\":\"zdj\u0119cie tkaczek obok wozu na kt\u00f3rym wisz\u0105 tradycyjne tkaniny, fot. Beata Syzd\u00f3\u0142\"},{\"@type\":\"BreadcrumbList\",\"@id\":\"https:\/\/nid.pl\/2025\/01\/17\/nowe-wpisy-na-krajowej-liscie-niematerialnego-dziedzictwa-kulturowego-2\/#breadcrumb\",\"itemListElement\":[{\"@type\":\"ListItem\",\"position\":1,\"name\":\"Home\",\"item\":\"https:\/\/nid.pl\/\"},{\"@type\":\"ListItem\",\"position\":2,\"name\":\"Nowe wpisy na Krajowej li\u015bcie niematerialnego dziedzictwa kulturowego\u00a0\"}]},{\"@type\":\"WebSite\",\"@id\":\"https:\/\/nid.pl\/#website\",\"url\":\"https:\/\/nid.pl\/\",\"name\":\"NID\",\"description\":\"Narodowy Instytut Dziedzictwa\",\"publisher\":{\"@id\":\"https:\/\/nid.pl\/#organization\"},\"potentialAction\":[{\"@type\":\"SearchAction\",\"target\":{\"@type\":\"EntryPoint\",\"urlTemplate\":\"https:\/\/nid.pl\/?s={search_term_string}\"},\"query-input\":{\"@type\":\"PropertyValueSpecification\",\"valueRequired\":true,\"valueName\":\"search_term_string\"}}],\"inLanguage\":\"en-GB\"},{\"@type\":\"Organization\",\"@id\":\"https:\/\/nid.pl\/#organization\",\"name\":\"Narodowy Instytut Dziedzictwa\",\"url\":\"https:\/\/nid.pl\/\",\"logo\":{\"@type\":\"ImageObject\",\"inLanguage\":\"en-GB\",\"@id\":\"https:\/\/nid.pl\/#\/schema\/logo\/image\/\",\"url\":\"https:\/\/nid.pl\/wp-content\/uploads\/2022\/10\/logoRedDark.png\",\"contentUrl\":\"https:\/\/nid.pl\/wp-content\/uploads\/2022\/10\/logoRedDark.png\",\"width\":200,\"height\":197,\"caption\":\"Narodowy Instytut Dziedzictwa\"},\"image\":{\"@id\":\"https:\/\/nid.pl\/#\/schema\/logo\/image\/\"},\"sameAs\":[\"https:\/\/www.facebook.com\/zabytek\",\"https:\/\/x.com\/NarIDpl\",\"https:\/\/www.instagram.com\/nid.pl\/?hl=pl\",\"https:\/\/www.linkedin.com\/company\/narodowy-instytut-dziedzictwa\",\"https:\/\/www.youtube.com\/channel\/UCQXuhKa2uHtmNvLRUSx40JA\"]},{\"@type\":\"Person\",\"@id\":\"https:\/\/nid.pl\/#\/schema\/person\/ab9abea4caecdccde4fb0d555271145f\",\"name\":\"Monika Ciura\",\"image\":{\"@type\":\"ImageObject\",\"inLanguage\":\"en-GB\",\"@id\":\"https:\/\/nid.pl\/#\/schema\/person\/image\/\",\"url\":\"https:\/\/nid.pl\/wp-content\/litespeed\/avatar\/bfdb15d1cc317fac4b66bdc91090ff11.jpg?ver=1777445370\",\"contentUrl\":\"https:\/\/nid.pl\/wp-content\/litespeed\/avatar\/bfdb15d1cc317fac4b66bdc91090ff11.jpg?ver=1777445370\",\"caption\":\"Monika Ciura\"},\"url\":\"https:\/\/nid.pl\/en\/author\/mciura\/\"}]}<\/script>\n<!-- \/ Yoast SEO plugin. -->","yoast_head_json":{"title":"Nowe wpisy na Krajowej li\u015bcie niematerialnego dziedzictwa kulturowego\u00a0 - NID","robots":{"index":"index","follow":"follow","max-snippet":"max-snippet:-1","max-image-preview":"max-image-preview:large","max-video-preview":"max-video-preview:-1"},"canonical":"https:\/\/nid.pl\/en\/2025\/01\/17\/nowe-wpisy-na-krajowej-liscie-niematerialnego-dziedzictwa-kulturowego-2\/","og_locale":"en_GB","og_type":"article","og_title":"Nowe wpisy na Krajowej li\u015bcie niematerialnego dziedzictwa kulturowego\u00a0 - NID","og_description":"Decyzj\u0105 Ministra Kultury i Dziedzictwa Narodowego, Krajowa lista niematerialnego dziedzictwa kulturowego zosta\u0142a poszerzona o kolejne cztery elementy: rucznik\/rusznyk &#8211; bielski r\u0119cznik obrz\u0119dowy, umiej\u0119tno\u015b\u0107 wykonywania paj\u0105k\u00f3w ze s\u0142omy, papieru i bibu\u0142y [&hellip;]","og_url":"https:\/\/nid.pl\/en\/2025\/01\/17\/nowe-wpisy-na-krajowej-liscie-niematerialnego-dziedzictwa-kulturowego-2\/","og_site_name":"NID","article_publisher":"https:\/\/www.facebook.com\/zabytek","article_published_time":"2025-01-17T10:49:13+00:00","article_modified_time":"2025-02-24T14:06:51+00:00","og_image":[{"width":1857,"height":1238,"url":"https:\/\/nid.pl\/wp-content\/uploads\/2025\/01\/miniatura-www-nowe-wpisy-na-klndk.jpg","type":"image\/jpeg"}],"author":"Monika Ciura","twitter_card":"summary_large_image","twitter_creator":"@NarIDpl","twitter_site":"@NarIDpl","twitter_misc":{"Written by":"Monika Ciura","Estimated reading time":"13 minutes"},"schema":{"@context":"https:\/\/schema.org","@graph":[{"@type":"Article","@id":"https:\/\/nid.pl\/2025\/01\/17\/nowe-wpisy-na-krajowej-liscie-niematerialnego-dziedzictwa-kulturowego-2\/#article","isPartOf":{"@id":"https:\/\/nid.pl\/2025\/01\/17\/nowe-wpisy-na-krajowej-liscie-niematerialnego-dziedzictwa-kulturowego-2\/"},"author":{"name":"Monika Ciura","@id":"https:\/\/nid.pl\/#\/schema\/person\/ab9abea4caecdccde4fb0d555271145f"},"headline":"Nowe wpisy na Krajowej li\u015bcie niematerialnego dziedzictwa kulturowego\u00a0","datePublished":"2025-01-17T10:49:13+00:00","dateModified":"2025-02-24T14:06:51+00:00","mainEntityOfPage":{"@id":"https:\/\/nid.pl\/2025\/01\/17\/nowe-wpisy-na-krajowej-liscie-niematerialnego-dziedzictwa-kulturowego-2\/"},"wordCount":2072,"publisher":{"@id":"https:\/\/nid.pl\/#organization"},"image":{"@id":"https:\/\/nid.pl\/2025\/01\/17\/nowe-wpisy-na-krajowej-liscie-niematerialnego-dziedzictwa-kulturowego-2\/#primaryimage"},"thumbnailUrl":"https:\/\/nid.pl\/wp-content\/uploads\/2025\/01\/miniatura-www-nowe-wpisy-na-klndk.jpg","articleSection":["Aktualno\u015bci"],"inLanguage":"en-GB"},{"@type":"WebPage","@id":"https:\/\/nid.pl\/2025\/01\/17\/nowe-wpisy-na-krajowej-liscie-niematerialnego-dziedzictwa-kulturowego-2\/","url":"https:\/\/nid.pl\/2025\/01\/17\/nowe-wpisy-na-krajowej-liscie-niematerialnego-dziedzictwa-kulturowego-2\/","name":"Nowe wpisy na Krajowej li\u015bcie niematerialnego dziedzictwa kulturowego\u00a0 - NID","isPartOf":{"@id":"https:\/\/nid.pl\/#website"},"primaryImageOfPage":{"@id":"https:\/\/nid.pl\/2025\/01\/17\/nowe-wpisy-na-krajowej-liscie-niematerialnego-dziedzictwa-kulturowego-2\/#primaryimage"},"image":{"@id":"https:\/\/nid.pl\/2025\/01\/17\/nowe-wpisy-na-krajowej-liscie-niematerialnego-dziedzictwa-kulturowego-2\/#primaryimage"},"thumbnailUrl":"https:\/\/nid.pl\/wp-content\/uploads\/2025\/01\/miniatura-www-nowe-wpisy-na-klndk.jpg","datePublished":"2025-01-17T10:49:13+00:00","dateModified":"2025-02-24T14:06:51+00:00","breadcrumb":{"@id":"https:\/\/nid.pl\/2025\/01\/17\/nowe-wpisy-na-krajowej-liscie-niematerialnego-dziedzictwa-kulturowego-2\/#breadcrumb"},"inLanguage":"en-GB","potentialAction":[{"@type":"ReadAction","target":["https:\/\/nid.pl\/2025\/01\/17\/nowe-wpisy-na-krajowej-liscie-niematerialnego-dziedzictwa-kulturowego-2\/"]}]},{"@type":"ImageObject","inLanguage":"en-GB","@id":"https:\/\/nid.pl\/2025\/01\/17\/nowe-wpisy-na-krajowej-liscie-niematerialnego-dziedzictwa-kulturowego-2\/#primaryimage","url":"https:\/\/nid.pl\/wp-content\/uploads\/2025\/01\/miniatura-www-nowe-wpisy-na-klndk.jpg","contentUrl":"https:\/\/nid.pl\/wp-content\/uploads\/2025\/01\/miniatura-www-nowe-wpisy-na-klndk.jpg","width":1857,"height":1238,"caption":"zdj\u0119cie tkaczek obok wozu na kt\u00f3rym wisz\u0105 tradycyjne tkaniny, fot. Beata Syzd\u00f3\u0142"},{"@type":"BreadcrumbList","@id":"https:\/\/nid.pl\/2025\/01\/17\/nowe-wpisy-na-krajowej-liscie-niematerialnego-dziedzictwa-kulturowego-2\/#breadcrumb","itemListElement":[{"@type":"ListItem","position":1,"name":"Home","item":"https:\/\/nid.pl\/"},{"@type":"ListItem","position":2,"name":"Nowe wpisy na Krajowej li\u015bcie niematerialnego dziedzictwa kulturowego\u00a0"}]},{"@type":"WebSite","@id":"https:\/\/nid.pl\/#website","url":"https:\/\/nid.pl\/","name":"NID","description":"Narodowy Instytut Dziedzictwa","publisher":{"@id":"https:\/\/nid.pl\/#organization"},"potentialAction":[{"@type":"SearchAction","target":{"@type":"EntryPoint","urlTemplate":"https:\/\/nid.pl\/?s={search_term_string}"},"query-input":{"@type":"PropertyValueSpecification","valueRequired":true,"valueName":"search_term_string"}}],"inLanguage":"en-GB"},{"@type":"Organization","@id":"https:\/\/nid.pl\/#organization","name":"Narodowy Instytut Dziedzictwa","url":"https:\/\/nid.pl\/","logo":{"@type":"ImageObject","inLanguage":"en-GB","@id":"https:\/\/nid.pl\/#\/schema\/logo\/image\/","url":"https:\/\/nid.pl\/wp-content\/uploads\/2022\/10\/logoRedDark.png","contentUrl":"https:\/\/nid.pl\/wp-content\/uploads\/2022\/10\/logoRedDark.png","width":200,"height":197,"caption":"Narodowy Instytut Dziedzictwa"},"image":{"@id":"https:\/\/nid.pl\/#\/schema\/logo\/image\/"},"sameAs":["https:\/\/www.facebook.com\/zabytek","https:\/\/x.com\/NarIDpl","https:\/\/www.instagram.com\/nid.pl\/?hl=pl","https:\/\/www.linkedin.com\/company\/narodowy-instytut-dziedzictwa","https:\/\/www.youtube.com\/channel\/UCQXuhKa2uHtmNvLRUSx40JA"]},{"@type":"Person","@id":"https:\/\/nid.pl\/#\/schema\/person\/ab9abea4caecdccde4fb0d555271145f","name":"Monika Ciura","image":{"@type":"ImageObject","inLanguage":"en-GB","@id":"https:\/\/nid.pl\/#\/schema\/person\/image\/","url":"https:\/\/nid.pl\/wp-content\/litespeed\/avatar\/bfdb15d1cc317fac4b66bdc91090ff11.jpg?ver=1777445370","contentUrl":"https:\/\/nid.pl\/wp-content\/litespeed\/avatar\/bfdb15d1cc317fac4b66bdc91090ff11.jpg?ver=1777445370","caption":"Monika Ciura"},"url":"https:\/\/nid.pl\/en\/author\/mciura\/"}]}},"_links":{"self":[{"href":"https:\/\/nid.pl\/en\/wp-json\/wp\/v2\/posts\/24826","targetHints":{"allow":["GET"]}}],"collection":[{"href":"https:\/\/nid.pl\/en\/wp-json\/wp\/v2\/posts"}],"about":[{"href":"https:\/\/nid.pl\/en\/wp-json\/wp\/v2\/types\/post"}],"author":[{"embeddable":true,"href":"https:\/\/nid.pl\/en\/wp-json\/wp\/v2\/users\/15"}],"replies":[{"embeddable":true,"href":"https:\/\/nid.pl\/en\/wp-json\/wp\/v2\/comments?post=24826"}],"version-history":[{"count":0,"href":"https:\/\/nid.pl\/en\/wp-json\/wp\/v2\/posts\/24826\/revisions"}],"wp:featuredmedia":[{"embeddable":true,"href":"https:\/\/nid.pl\/en\/wp-json\/wp\/v2\/media\/24820"}],"wp:attachment":[{"href":"https:\/\/nid.pl\/en\/wp-json\/wp\/v2\/media?parent=24826"}],"wp:term":[{"taxonomy":"category","embeddable":true,"href":"https:\/\/nid.pl\/en\/wp-json\/wp\/v2\/categories?post=24826"},{"taxonomy":"post_tag","embeddable":true,"href":"https:\/\/nid.pl\/en\/wp-json\/wp\/v2\/tags?post=24826"}],"curies":[{"name":"wp","href":"https:\/\/api.w.org\/{rel}","templated":true}]}}