{"id":24800,"date":"2024-12-07T11:49:00","date_gmt":"2024-12-07T10:49:00","guid":{"rendered":"https:\/\/nid.pl\/?p=24800"},"modified":"2025-01-17T08:52:45","modified_gmt":"2025-01-17T07:52:45","slug":"podsumowanie-32-edycji-edd","status":"publish","type":"post","link":"https:\/\/nid.pl\/en\/2024\/12\/07\/podsumowanie-32-edycji-edd\/","title":{"rendered":"Podsumowanie\u00a032. edycji Europejskich Dni Dziedzictwa!"},"content":{"rendered":"<p><strong>Za nami 32. edycja Europejskich Dni Dziedzictwa w Polsce. W tym roku odby\u0142o si\u0119 1120 wydarze\u0144 w ca\u0142ym kraju, w kt\u00f3rych uczestniczy\u0142o ponad 200 tysi\u0119cy os\u00f3b. Wrze\u015bniowe dni sta\u0142y si\u0119 okazj\u0105 do wsp\u00f3lnego celebrowania polskiego dziedzictwa kulturowego dzi\u0119ki zaanga\u017cowaniu a\u017c 709 organizator\u00f3w. W\u015br\u00f3d nich znale\u017ali si\u0119 zar\u00f3wno przedstawiciele du\u017cych muze\u00f3w i lokalnych dom\u00f3w kultury, jak i organizacje pozarz\u0105dowe, gminne biblioteki, a nawet osoby prywatne. Dzi\u0119ki ich pracy mogli\u015bmy wsp\u00f3lnie odkrywa\u0107 bogactwo kultury i tradycji naszego kraju.<\/strong><\/p>\n\n\n\n<p>Tegoroczna edycja wydarzenia pod has\u0142em <strong>\u201eSzlaki. Sieci. Po\u0142\u0105czenia.\u201d<\/strong>\u00a0 nawi\u0105zywa\u0142a do projektu Szlak\u00f3w Kulturowych Rady Europy, zainicjowanego w 1987 roku, kt\u00f3ry promuje wsp\u00f3\u0142prac\u0119 kulturaln\u0105 z rozwojem turystyki. W Polsce projekt obejmuje 18 z 47 tras. Szlaki posiadaj\u0105 bardzo r\u00f3\u017cnorodny charakter od najstarszych np. Santiago de Compostela, po mniej oczywiste w postaci szlaku pisarek np. Marii Konopnickiej, ko\u0144cz\u0105c na Europejskim Szlaku Ceramiki, gdzie nie mo\u017ce zabrakn\u0105\u0107 Boles\u0142awca.<\/p>\n\n\n\n<p>Wydarzenie ukaza\u0142o tak\u017ce znaczenie dziedzictwa niematerialnego, w tym zjawisk wpisanych na Krajow\u0105 list\u0119 niematerialnego dziedzictwa kulturowego. Przede wszystkim mistrz\u00f3w rzemios\u0142a i r\u0119kodzie\u0142a, przekazuj\u0105cych umiej\u0119tno\u015bci kolejnym pokoleniom, kt\u00f3rych mogli\u015bmy spotka\u0107 na licznych szlakach, takich jak: Szlak Kultury Wo\u0142oskiej, Ma\u0142opolski Szlak Rzemios\u0142a.<\/p>\n\n\n\n<p>Narodowy Instytut Dziedzictwa od lat odgrywa kluczow\u0105 rol\u0119 w zarz\u0105dzaniu i ochronie dziedzictwa kulturowego w Polsce, nadzoruj\u0105c procedur\u0119 wpisu na List\u0119 pomnik\u00f3w historii, kt\u00f3ra obecnie obejmuje 132 obiekty o szczeg\u00f3lnej warto\u015bci kulturowej. Wa\u017cnym elementem tej sieci s\u0105 r\u00f3wnie\u017c obiekty wpisane na list\u0119 UNESCO oraz inne bran\u017cowe instytucje kultury. Tegoroczne has\u0142o podkre\u015bli\u0142o, jak szlaki i sieci mog\u0105 \u0142\u0105czy\u0107 r\u00f3\u017cne formy dziedzictwa, zar\u00f3wno materialnego, jak i niematerialnego.<\/p>\n\n\n\n<p>Edycja ta by\u0142a r\u00f3wnie\u017c przestrzeni\u0105 do refleksji nad rol\u0105 nowoczesnych technologii w ochronie i promocji dziedzictwa. Wydarzenie sta\u0142o si\u0119 przestrzeni\u0105 wymiany do\u015bwiadcze\u0144 mi\u0119dzy ekspertami, praktykami i mi\u0142o\u015bnikami kultury.<\/p>\n\n\n\n<p>W tym roku odby\u0142o si\u0119\u00a0<strong>1120 wydarze\u0144<\/strong>\u00a0w ca\u0142ym kraju, w kt\u00f3rych uczestniczy\u0142o\u00a0<strong>ponad 200 tysi\u0119cy os\u00f3b<\/strong>. Wrze\u015bniowe dni sta\u0142y si\u0119 okazj\u0105 do wsp\u00f3lnego celebrowania polskiego dziedzictwa kulturowego dzi\u0119ki zaanga\u017cowaniu a\u017c\u00a0<strong>709 organizator\u00f3w<\/strong>. Uczestnicy mieli okazj\u0119 zg\u0142\u0119bi\u0107 tematy zwi\u0105zane z ochron\u0105 dziedzictwa oraz wykorzystaniem cyfrowych technologii do jego popularyzacji.<\/p>\n\n\n\n<p><\/p>\n\n\n\n<p><strong>Dzi\u0119kujemy za udzia\u0142 w tegorocznej edycji #EDD<\/strong><\/p>\n\n\n\n<p>Narodowy Instytut Dziedzictwa, pe\u0142ni\u0105cy rol\u0119 og\u00f3lnopolskiego koordynatora Europejskich Dni Dziedzictwa, dzi\u0119kuj\u0119 organizatorom, kt\u00f3rzy przyczynili si\u0119 do sukcesu tegorocznej edycji. Podzi\u0119kowania kierujemy tak\u017ce do koordynator\u00f3w regionalnych, kt\u00f3rzy przez ca\u0142y rok wspierali organizator\u00f3w w promocji i realizacji wydarze\u0144, a tak\u017ce wsp\u00f3\u0142tworzyli stron\u0119 edd.nid.pl. Dzi\u0119ki ich pracy powsta\u0142a szeroka oferta wydarze\u0144 dost\u0119pnych w r\u00f3\u017cnych regionach Polski.<\/p>\n\n\n\n<p>Dzi\u0119kujemy!<\/p>\n\n\n\n<ul class=\"wp-block-list\">\n<li>Biuro Dokumentacji Zabytk\u00f3w w Szczecinie,<\/li>\n\n\n\n<li>Fundacj\u0119 Sztuki, Przygody i Przyjemno\u015bci ARTS,<\/li>\n\n\n\n<li>Kujawsko-Pomorskie Centrum Kultury,<\/li>\n\n\n\n<li>\u0141\u00f3dzki Dom Kultury,<\/li>\n\n\n\n<li>Muzeum Bitwy pod Grunwaldem,<\/li>\n\n\n\n<li>Muzeum Narodowe we Wroc\u0142awiu \u2013 Oddzia\u0142 Muzeum Etnograficzne,<\/li>\n\n\n\n<li>Muzeum Podkarpackie w Kro\u015bnie,<\/li>\n\n\n\n<li>Muzeum Narodowe w Lublinie,<\/li>\n\n\n\n<li>Muzeum Zamkowe w Malborku,<\/li>\n\n\n\n<li>Oddzia\u0142 Terenowy NID w Opolu,<\/li>\n\n\n\n<li>Oddzia\u0142 Terenowy NID w Poznaniu,<\/li>\n\n\n\n<li>Oddzia\u0142 Terenowy NID w Katowicach,<\/li>\n\n\n\n<li>Stowarzyszenie Czas A.R.T.,<\/li>\n\n\n\n<li>Urz\u0105d Marsza\u0142kowski Wojew\u00f3dztwa Podlaskiego,<\/li>\n\n\n\n<li>Urz\u0105d Marsza\u0142kowski Wojew\u00f3dztwa \u015awi\u0119tokrzyskiego,<\/li>\n\n\n\n<li>Urz\u0105d Marsza\u0142kowski Wojew\u00f3dztwa Warmi\u0144sko-Mazurskiego.<\/li>\n<\/ul>\n\n\n\n<p><\/p>\n\n\n\n<p><strong>Zapraszamy do udzia\u0142u w #EDD 2025!<\/strong><\/p>\n\n\n\n<p>Ju\u017c teraz serdecznie zapraszamy na kolejn\u0105 edycj\u0119 Europejskich Dni Dziedzictwa, kt\u00f3ra odb\u0119dzie si\u0119 we wrze\u015bniu 2025 roku. Narodowy Instytut Dziedzictwa zach\u0119ca do udzia\u0142u w tym wydarzeniu wszystkie instytucje kultury, szko\u0142y, biblioteki, teatry, stowarzyszenia i mi\u0142o\u015bnik\u00f3w dziedzictwa. Razem mo\u017cemy chroni\u0107 i promowa\u0107 nasz\u0105 kultur\u0119, kt\u00f3ra inspiruje i \u0142\u0105czy pokolenia.<\/p>\n\n\n\n<p>Od 2007 roku Narodowy Instytut Dziedzictwa pe\u0142ni funkcj\u0119 og\u00f3lnopolskiego koordynatora tej inicjatywy. Przy wsparciu 16 koordynator\u00f3w dzia\u0142aj\u0105cych na terenie ca\u0142ego kraju, przygotowuje i promuje wyj\u0105tkow\u0105 ofert\u0119 wydarze\u0144. Ka\u017cdego roku Europejskie Dni Dziedzictwa gromadz\u0105 setki podmiot\u00f3w, takich jak instytucje kulturalne, plac\u00f3wki o\u015bwiatowe, stowarzyszenia, mi\u0142o\u015bnicy dziedzictwa, edukatorzy, regionali\u015bci, przewodnicy turystyczni oraz prywatni w\u0142a\u015bciciele zabytkowych obiekt\u00f3w. To dzi\u0119ki nim to wyj\u0105tkowe \u015bwi\u0119to kultury staje si\u0119 tak wyj\u0105tkowe i inspiruj\u0105ce.<\/p>\n\n\n\n<p>Wi\u0119cej informacji o przysz\u0142orocznej edycji znajdziecie na stronie\u00a0<a href=\"http:\/\/edd.nid.pl\/\" target=\"_blank\" rel=\"noreferrer noopener\">edd.nid.pl<\/a>\u00a0oraz w mediach spo\u0142eczno\u015bciowych Europejskich Dni Dziedzictwa. Zapraszamy do wsp\u00f3\u0142pracy i wsp\u00f3lnego odkrywania naszego dziedzictwa w 2025 roku!<\/p>\n\n\n\n<p><\/p>\n\n\n\n<p><strong>Patronatem medialnym Europejskich Dni Dziedzictwa by\u0142o Polskie Radio S.A.<\/strong><\/p>\n\n\n\n<p><\/p>\n\n\n\n<p><\/p>\n\n\n\n<p><\/p>\n\n\n\n<figure data-wp-context=\"{&quot;imageId&quot;:&quot;69f56a2627120&quot;}\" data-wp-interactive=\"core\/image\" data-wp-key=\"69f56a2627120\" class=\"wp-block-image aligncenter size-large is-resized wp-lightbox-container\"><img loading=\"lazy\" decoding=\"async\" width=\"1024\" height=\"1024\" data-wp-class--hide=\"state.isContentHidden\" data-wp-class--show=\"state.isContentVisible\" data-wp-init=\"callbacks.setButtonStyles\" data-wp-on--click=\"actions.showLightbox\" data-wp-on--load=\"callbacks.setButtonStyles\" data-wp-on-window--resize=\"callbacks.setButtonStyles\" src=\"https:\/\/nid.pl\/wp-content\/uploads\/2025\/01\/woj.-dolnoslaskie-1024x1024.jpg\" alt=\"EDD wojew\u00f3dztwo dolno\u015bl\u0105skie\" class=\"wp-image-24785\" style=\"width:617px;height:auto\" srcset=\"https:\/\/nid.pl\/wp-content\/uploads\/2025\/01\/woj.-dolnoslaskie-980x980.jpg 980w, https:\/\/nid.pl\/wp-content\/uploads\/2025\/01\/woj.-dolnoslaskie-480x480.jpg 480w\" sizes=\"(min-width: 0px) and (max-width: 480px) 480px, (min-width: 481px) and (max-width: 980px) 980px, (min-width: 981px) 1024px, 100vw\" \/><button\n\t\t\tclass=\"lightbox-trigger\"\n\t\t\ttype=\"button\"\n\t\t\taria-haspopup=\"dialog\"\n\t\t\taria-label=\"Enlarge\"\n\t\t\tdata-wp-init=\"callbacks.initTriggerButton\"\n\t\t\tdata-wp-on--click=\"actions.showLightbox\"\n\t\t\tdata-wp-style--right=\"state.imageButtonRight\"\n\t\t\tdata-wp-style--top=\"state.imageButtonTop\"\n\t\t>\n\t\t\t<svg xmlns=\"http:\/\/www.w3.org\/2000\/svg\" width=\"12\" height=\"12\" fill=\"none\" viewbox=\"0 0 12 12\">\n\t\t\t\t<path fill=\"#fff\" d=\"M2 0a2 2 0 0 0-2 2v2h1.5V2a.5.5 0 0 1 .5-.5h2V0H2Zm2 10.5H2a.5.5 0 0 1-.5-.5V8H0v2a2 2 0 0 0 2 2h2v-1.5ZM8 12v-1.5h2a.5.5 0 0 0 .5-.5V8H12v2a2 2 0 0 1-2 2H8Zm2-12a2 2 0 0 1 2 2v2h-1.5V2a.5.5 0 0 0-.5-.5H8V0h2Z\" \/>\n\t\t\t<\/svg>\n\t\t<\/button><\/figure>\n\n\n\n<p><\/p>\n\n\n\n<figure data-wp-context=\"{&quot;imageId&quot;:&quot;69f56a2627695&quot;}\" data-wp-interactive=\"core\/image\" data-wp-key=\"69f56a2627695\" class=\"wp-block-image aligncenter size-large is-resized wp-lightbox-container\"><img loading=\"lazy\" decoding=\"async\" width=\"1024\" height=\"1024\" data-wp-class--hide=\"state.isContentHidden\" data-wp-class--show=\"state.isContentVisible\" data-wp-init=\"callbacks.setButtonStyles\" data-wp-on--click=\"actions.showLightbox\" data-wp-on--load=\"callbacks.setButtonStyles\" data-wp-on-window--resize=\"callbacks.setButtonStyles\" src=\"https:\/\/nid.pl\/wp-content\/uploads\/2025\/01\/woj.-kujawsko-pomorskie-1024x1024.jpg\" alt=\"EDD wojew\u00f3dztwo kujawsko-pomorskie\" class=\"wp-image-24786\" style=\"width:613px;height:auto\" srcset=\"https:\/\/nid.pl\/wp-content\/uploads\/2025\/01\/woj.-kujawsko-pomorskie-980x980.jpg 980w, https:\/\/nid.pl\/wp-content\/uploads\/2025\/01\/woj.-kujawsko-pomorskie-480x480.jpg 480w\" sizes=\"(min-width: 0px) and (max-width: 480px) 480px, (min-width: 481px) and (max-width: 980px) 980px, (min-width: 981px) 1024px, 100vw\" \/><button\n\t\t\tclass=\"lightbox-trigger\"\n\t\t\ttype=\"button\"\n\t\t\taria-haspopup=\"dialog\"\n\t\t\taria-label=\"Enlarge\"\n\t\t\tdata-wp-init=\"callbacks.initTriggerButton\"\n\t\t\tdata-wp-on--click=\"actions.showLightbox\"\n\t\t\tdata-wp-style--right=\"state.imageButtonRight\"\n\t\t\tdata-wp-style--top=\"state.imageButtonTop\"\n\t\t>\n\t\t\t<svg xmlns=\"http:\/\/www.w3.org\/2000\/svg\" width=\"12\" height=\"12\" fill=\"none\" viewbox=\"0 0 12 12\">\n\t\t\t\t<path fill=\"#fff\" d=\"M2 0a2 2 0 0 0-2 2v2h1.5V2a.5.5 0 0 1 .5-.5h2V0H2Zm2 10.5H2a.5.5 0 0 1-.5-.5V8H0v2a2 2 0 0 0 2 2h2v-1.5ZM8 12v-1.5h2a.5.5 0 0 0 .5-.5V8H12v2a2 2 0 0 1-2 2H8Zm2-12a2 2 0 0 1 2 2v2h-1.5V2a.5.5 0 0 0-.5-.5H8V0h2Z\" \/>\n\t\t\t<\/svg>\n\t\t<\/button><\/figure>\n\n\n\n<p><\/p>\n\n\n\n<figure data-wp-context=\"{&quot;imageId&quot;:&quot;69f56a2627baf&quot;}\" data-wp-interactive=\"core\/image\" data-wp-key=\"69f56a2627baf\" class=\"wp-block-image aligncenter size-large is-resized wp-lightbox-container\"><img loading=\"lazy\" decoding=\"async\" width=\"1024\" height=\"1024\" data-wp-class--hide=\"state.isContentHidden\" data-wp-class--show=\"state.isContentVisible\" data-wp-init=\"callbacks.setButtonStyles\" data-wp-on--click=\"actions.showLightbox\" data-wp-on--load=\"callbacks.setButtonStyles\" data-wp-on-window--resize=\"callbacks.setButtonStyles\" src=\"https:\/\/nid.pl\/wp-content\/uploads\/2025\/01\/woj.-lubelskie-1024x1024.jpg\" alt=\"EDD wojew\u00f3dztwo lubelskie\" class=\"wp-image-24788\" style=\"width:613px;height:auto\" srcset=\"https:\/\/nid.pl\/wp-content\/uploads\/2025\/01\/woj.-lubelskie-980x980.jpg 980w, https:\/\/nid.pl\/wp-content\/uploads\/2025\/01\/woj.-lubelskie-480x480.jpg 480w\" sizes=\"(min-width: 0px) and (max-width: 480px) 480px, (min-width: 481px) and (max-width: 980px) 980px, (min-width: 981px) 1024px, 100vw\" \/><button\n\t\t\tclass=\"lightbox-trigger\"\n\t\t\ttype=\"button\"\n\t\t\taria-haspopup=\"dialog\"\n\t\t\taria-label=\"Enlarge\"\n\t\t\tdata-wp-init=\"callbacks.initTriggerButton\"\n\t\t\tdata-wp-on--click=\"actions.showLightbox\"\n\t\t\tdata-wp-style--right=\"state.imageButtonRight\"\n\t\t\tdata-wp-style--top=\"state.imageButtonTop\"\n\t\t>\n\t\t\t<svg xmlns=\"http:\/\/www.w3.org\/2000\/svg\" width=\"12\" height=\"12\" fill=\"none\" viewbox=\"0 0 12 12\">\n\t\t\t\t<path fill=\"#fff\" d=\"M2 0a2 2 0 0 0-2 2v2h1.5V2a.5.5 0 0 1 .5-.5h2V0H2Zm2 10.5H2a.5.5 0 0 1-.5-.5V8H0v2a2 2 0 0 0 2 2h2v-1.5ZM8 12v-1.5h2a.5.5 0 0 0 .5-.5V8H12v2a2 2 0 0 1-2 2H8Zm2-12a2 2 0 0 1 2 2v2h-1.5V2a.5.5 0 0 0-.5-.5H8V0h2Z\" \/>\n\t\t\t<\/svg>\n\t\t<\/button><\/figure>\n\n\n\n<p><\/p>\n\n\n\n<figure data-wp-context=\"{&quot;imageId&quot;:&quot;69f56a2627f78&quot;}\" data-wp-interactive=\"core\/image\" data-wp-key=\"69f56a2627f78\" class=\"wp-block-image aligncenter size-large is-resized wp-lightbox-container\"><img loading=\"lazy\" decoding=\"async\" width=\"1024\" height=\"1024\" data-wp-class--hide=\"state.isContentHidden\" data-wp-class--show=\"state.isContentVisible\" data-wp-init=\"callbacks.setButtonStyles\" data-wp-on--click=\"actions.showLightbox\" data-wp-on--load=\"callbacks.setButtonStyles\" data-wp-on-window--resize=\"callbacks.setButtonStyles\" src=\"https:\/\/nid.pl\/wp-content\/uploads\/2025\/01\/1500x1500-woj.-lubuskie-1024x1024.jpg\" alt=\"EDD wojew\u00f3dztwo lubuskie\" class=\"wp-image-24784\" style=\"width:617px;height:auto\" srcset=\"https:\/\/nid.pl\/wp-content\/uploads\/2025\/01\/1500x1500-woj.-lubuskie-980x980.jpg 980w, https:\/\/nid.pl\/wp-content\/uploads\/2025\/01\/1500x1500-woj.-lubuskie-480x480.jpg 480w\" sizes=\"(min-width: 0px) and (max-width: 480px) 480px, (min-width: 481px) and (max-width: 980px) 980px, (min-width: 981px) 1024px, 100vw\" \/><button\n\t\t\tclass=\"lightbox-trigger\"\n\t\t\ttype=\"button\"\n\t\t\taria-haspopup=\"dialog\"\n\t\t\taria-label=\"Enlarge\"\n\t\t\tdata-wp-init=\"callbacks.initTriggerButton\"\n\t\t\tdata-wp-on--click=\"actions.showLightbox\"\n\t\t\tdata-wp-style--right=\"state.imageButtonRight\"\n\t\t\tdata-wp-style--top=\"state.imageButtonTop\"\n\t\t>\n\t\t\t<svg xmlns=\"http:\/\/www.w3.org\/2000\/svg\" width=\"12\" height=\"12\" fill=\"none\" viewbox=\"0 0 12 12\">\n\t\t\t\t<path fill=\"#fff\" d=\"M2 0a2 2 0 0 0-2 2v2h1.5V2a.5.5 0 0 1 .5-.5h2V0H2Zm2 10.5H2a.5.5 0 0 1-.5-.5V8H0v2a2 2 0 0 0 2 2h2v-1.5ZM8 12v-1.5h2a.5.5 0 0 0 .5-.5V8H12v2a2 2 0 0 1-2 2H8Zm2-12a2 2 0 0 1 2 2v2h-1.5V2a.5.5 0 0 0-.5-.5H8V0h2Z\" \/>\n\t\t\t<\/svg>\n\t\t<\/button><\/figure>\n\n\n\n<p><\/p>\n\n\n\n<figure data-wp-context=\"{&quot;imageId&quot;:&quot;69f56a262831c&quot;}\" data-wp-interactive=\"core\/image\" data-wp-key=\"69f56a262831c\" class=\"wp-block-image aligncenter size-large is-resized wp-lightbox-container\"><img loading=\"lazy\" decoding=\"async\" width=\"1024\" height=\"1024\" data-wp-class--hide=\"state.isContentHidden\" data-wp-class--show=\"state.isContentVisible\" data-wp-init=\"callbacks.setButtonStyles\" data-wp-on--click=\"actions.showLightbox\" data-wp-on--load=\"callbacks.setButtonStyles\" data-wp-on-window--resize=\"callbacks.setButtonStyles\" src=\"https:\/\/nid.pl\/wp-content\/uploads\/2025\/01\/woj.-lodzkie-1024x1024.jpg\" alt=\"EDD wojew\u00f3dztwo \u0142\u00f3dzkie\" class=\"wp-image-24787\" style=\"width:615px;height:auto\" srcset=\"https:\/\/nid.pl\/wp-content\/uploads\/2025\/01\/woj.-lodzkie-980x980.jpg 980w, https:\/\/nid.pl\/wp-content\/uploads\/2025\/01\/woj.-lodzkie-480x480.jpg 480w\" sizes=\"(min-width: 0px) and (max-width: 480px) 480px, (min-width: 481px) and (max-width: 980px) 980px, (min-width: 981px) 1024px, 100vw\" \/><button\n\t\t\tclass=\"lightbox-trigger\"\n\t\t\ttype=\"button\"\n\t\t\taria-haspopup=\"dialog\"\n\t\t\taria-label=\"Enlarge\"\n\t\t\tdata-wp-init=\"callbacks.initTriggerButton\"\n\t\t\tdata-wp-on--click=\"actions.showLightbox\"\n\t\t\tdata-wp-style--right=\"state.imageButtonRight\"\n\t\t\tdata-wp-style--top=\"state.imageButtonTop\"\n\t\t>\n\t\t\t<svg xmlns=\"http:\/\/www.w3.org\/2000\/svg\" width=\"12\" height=\"12\" fill=\"none\" viewbox=\"0 0 12 12\">\n\t\t\t\t<path fill=\"#fff\" d=\"M2 0a2 2 0 0 0-2 2v2h1.5V2a.5.5 0 0 1 .5-.5h2V0H2Zm2 10.5H2a.5.5 0 0 1-.5-.5V8H0v2a2 2 0 0 0 2 2h2v-1.5ZM8 12v-1.5h2a.5.5 0 0 0 .5-.5V8H12v2a2 2 0 0 1-2 2H8Zm2-12a2 2 0 0 1 2 2v2h-1.5V2a.5.5 0 0 0-.5-.5H8V0h2Z\" \/>\n\t\t\t<\/svg>\n\t\t<\/button><\/figure>\n\n\n\n<p><\/p>\n\n\n\n<figure data-wp-context=\"{&quot;imageId&quot;:&quot;69f56a26286ae&quot;}\" data-wp-interactive=\"core\/image\" data-wp-key=\"69f56a26286ae\" class=\"wp-block-image aligncenter size-large is-resized wp-lightbox-container\"><img loading=\"lazy\" decoding=\"async\" width=\"1024\" height=\"1024\" data-wp-class--hide=\"state.isContentHidden\" data-wp-class--show=\"state.isContentVisible\" data-wp-init=\"callbacks.setButtonStyles\" data-wp-on--click=\"actions.showLightbox\" data-wp-on--load=\"callbacks.setButtonStyles\" data-wp-on-window--resize=\"callbacks.setButtonStyles\" src=\"https:\/\/nid.pl\/wp-content\/uploads\/2025\/01\/woj.-malopolskie-1024x1024.jpg\" alt=\"EDD wojew\u00f3dztwo ma\u0142opolskie\" class=\"wp-image-24789\" style=\"width:615px;height:auto\" srcset=\"https:\/\/nid.pl\/wp-content\/uploads\/2025\/01\/woj.-malopolskie-980x980.jpg 980w, https:\/\/nid.pl\/wp-content\/uploads\/2025\/01\/woj.-malopolskie-480x480.jpg 480w\" sizes=\"(min-width: 0px) and (max-width: 480px) 480px, (min-width: 481px) and (max-width: 980px) 980px, (min-width: 981px) 1024px, 100vw\" \/><button\n\t\t\tclass=\"lightbox-trigger\"\n\t\t\ttype=\"button\"\n\t\t\taria-haspopup=\"dialog\"\n\t\t\taria-label=\"Enlarge\"\n\t\t\tdata-wp-init=\"callbacks.initTriggerButton\"\n\t\t\tdata-wp-on--click=\"actions.showLightbox\"\n\t\t\tdata-wp-style--right=\"state.imageButtonRight\"\n\t\t\tdata-wp-style--top=\"state.imageButtonTop\"\n\t\t>\n\t\t\t<svg xmlns=\"http:\/\/www.w3.org\/2000\/svg\" width=\"12\" height=\"12\" fill=\"none\" viewbox=\"0 0 12 12\">\n\t\t\t\t<path fill=\"#fff\" d=\"M2 0a2 2 0 0 0-2 2v2h1.5V2a.5.5 0 0 1 .5-.5h2V0H2Zm2 10.5H2a.5.5 0 0 1-.5-.5V8H0v2a2 2 0 0 0 2 2h2v-1.5ZM8 12v-1.5h2a.5.5 0 0 0 .5-.5V8H12v2a2 2 0 0 1-2 2H8Zm2-12a2 2 0 0 1 2 2v2h-1.5V2a.5.5 0 0 0-.5-.5H8V0h2Z\" \/>\n\t\t\t<\/svg>\n\t\t<\/button><\/figure>\n\n\n\n<p><\/p>\n\n\n\n<figure data-wp-context=\"{&quot;imageId&quot;:&quot;69f56a2628a51&quot;}\" data-wp-interactive=\"core\/image\" data-wp-key=\"69f56a2628a51\" class=\"wp-block-image aligncenter size-large is-resized wp-lightbox-container\"><img loading=\"lazy\" decoding=\"async\" width=\"1024\" height=\"1024\" data-wp-class--hide=\"state.isContentHidden\" data-wp-class--show=\"state.isContentVisible\" data-wp-init=\"callbacks.setButtonStyles\" data-wp-on--click=\"actions.showLightbox\" data-wp-on--load=\"callbacks.setButtonStyles\" data-wp-on-window--resize=\"callbacks.setButtonStyles\" src=\"https:\/\/nid.pl\/wp-content\/uploads\/2025\/01\/woj.-mazowieckie-1024x1024.jpg\" alt=\"EDD wojew\u00f3dztwo mazowieckie\" class=\"wp-image-24790\" style=\"width:615px;height:auto\" srcset=\"https:\/\/nid.pl\/wp-content\/uploads\/2025\/01\/woj.-mazowieckie-980x981.jpg 980w, https:\/\/nid.pl\/wp-content\/uploads\/2025\/01\/woj.-mazowieckie-480x480.jpg 480w\" sizes=\"(min-width: 0px) and (max-width: 480px) 480px, (min-width: 481px) and (max-width: 980px) 980px, (min-width: 981px) 1024px, 100vw\" \/><button\n\t\t\tclass=\"lightbox-trigger\"\n\t\t\ttype=\"button\"\n\t\t\taria-haspopup=\"dialog\"\n\t\t\taria-label=\"Enlarge\"\n\t\t\tdata-wp-init=\"callbacks.initTriggerButton\"\n\t\t\tdata-wp-on--click=\"actions.showLightbox\"\n\t\t\tdata-wp-style--right=\"state.imageButtonRight\"\n\t\t\tdata-wp-style--top=\"state.imageButtonTop\"\n\t\t>\n\t\t\t<svg xmlns=\"http:\/\/www.w3.org\/2000\/svg\" width=\"12\" height=\"12\" fill=\"none\" viewbox=\"0 0 12 12\">\n\t\t\t\t<path fill=\"#fff\" d=\"M2 0a2 2 0 0 0-2 2v2h1.5V2a.5.5 0 0 1 .5-.5h2V0H2Zm2 10.5H2a.5.5 0 0 1-.5-.5V8H0v2a2 2 0 0 0 2 2h2v-1.5ZM8 12v-1.5h2a.5.5 0 0 0 .5-.5V8H12v2a2 2 0 0 1-2 2H8Zm2-12a2 2 0 0 1 2 2v2h-1.5V2a.5.5 0 0 0-.5-.5H8V0h2Z\" \/>\n\t\t\t<\/svg>\n\t\t<\/button><\/figure>\n\n\n\n<p><\/p>\n\n\n\n<figure data-wp-context=\"{&quot;imageId&quot;:&quot;69f56a2628dcd&quot;}\" data-wp-interactive=\"core\/image\" data-wp-key=\"69f56a2628dcd\" class=\"wp-block-image aligncenter size-large is-resized wp-lightbox-container\"><img loading=\"lazy\" decoding=\"async\" width=\"1024\" height=\"1024\" data-wp-class--hide=\"state.isContentHidden\" data-wp-class--show=\"state.isContentVisible\" data-wp-init=\"callbacks.setButtonStyles\" data-wp-on--click=\"actions.showLightbox\" data-wp-on--load=\"callbacks.setButtonStyles\" data-wp-on-window--resize=\"callbacks.setButtonStyles\" src=\"https:\/\/nid.pl\/wp-content\/uploads\/2025\/01\/woj.-opolskie-1024x1024.jpg\" alt=\"EDD wojew\u00f3dztwo opolskie\" class=\"wp-image-24791\" style=\"width:613px;height:auto\" srcset=\"https:\/\/nid.pl\/wp-content\/uploads\/2025\/01\/woj.-opolskie-980x980.jpg 980w, https:\/\/nid.pl\/wp-content\/uploads\/2025\/01\/woj.-opolskie-480x480.jpg 480w\" sizes=\"(min-width: 0px) and (max-width: 480px) 480px, (min-width: 481px) and (max-width: 980px) 980px, (min-width: 981px) 1024px, 100vw\" \/><button\n\t\t\tclass=\"lightbox-trigger\"\n\t\t\ttype=\"button\"\n\t\t\taria-haspopup=\"dialog\"\n\t\t\taria-label=\"Enlarge\"\n\t\t\tdata-wp-init=\"callbacks.initTriggerButton\"\n\t\t\tdata-wp-on--click=\"actions.showLightbox\"\n\t\t\tdata-wp-style--right=\"state.imageButtonRight\"\n\t\t\tdata-wp-style--top=\"state.imageButtonTop\"\n\t\t>\n\t\t\t<svg xmlns=\"http:\/\/www.w3.org\/2000\/svg\" width=\"12\" height=\"12\" fill=\"none\" viewbox=\"0 0 12 12\">\n\t\t\t\t<path fill=\"#fff\" d=\"M2 0a2 2 0 0 0-2 2v2h1.5V2a.5.5 0 0 1 .5-.5h2V0H2Zm2 10.5H2a.5.5 0 0 1-.5-.5V8H0v2a2 2 0 0 0 2 2h2v-1.5ZM8 12v-1.5h2a.5.5 0 0 0 .5-.5V8H12v2a2 2 0 0 1-2 2H8Zm2-12a2 2 0 0 1 2 2v2h-1.5V2a.5.5 0 0 0-.5-.5H8V0h2Z\" \/>\n\t\t\t<\/svg>\n\t\t<\/button><\/figure>\n\n\n\n<p><\/p>\n\n\n\n<figure data-wp-context=\"{&quot;imageId&quot;:&quot;69f56a262916d&quot;}\" data-wp-interactive=\"core\/image\" data-wp-key=\"69f56a262916d\" class=\"wp-block-image aligncenter size-large is-resized wp-lightbox-container\"><img loading=\"lazy\" decoding=\"async\" width=\"1024\" height=\"1024\" data-wp-class--hide=\"state.isContentHidden\" data-wp-class--show=\"state.isContentVisible\" data-wp-init=\"callbacks.setButtonStyles\" data-wp-on--click=\"actions.showLightbox\" data-wp-on--load=\"callbacks.setButtonStyles\" data-wp-on-window--resize=\"callbacks.setButtonStyles\" src=\"https:\/\/nid.pl\/wp-content\/uploads\/2025\/01\/woj.-podkarpackie-1024x1024.jpg\" alt=\"EDD wojew\u00f3dztwo podkarpackie\" class=\"wp-image-24792\" style=\"width:613px;height:auto\" srcset=\"https:\/\/nid.pl\/wp-content\/uploads\/2025\/01\/woj.-podkarpackie-980x980.jpg 980w, https:\/\/nid.pl\/wp-content\/uploads\/2025\/01\/woj.-podkarpackie-480x480.jpg 480w\" sizes=\"(min-width: 0px) and (max-width: 480px) 480px, (min-width: 481px) and (max-width: 980px) 980px, (min-width: 981px) 1024px, 100vw\" \/><button\n\t\t\tclass=\"lightbox-trigger\"\n\t\t\ttype=\"button\"\n\t\t\taria-haspopup=\"dialog\"\n\t\t\taria-label=\"Enlarge\"\n\t\t\tdata-wp-init=\"callbacks.initTriggerButton\"\n\t\t\tdata-wp-on--click=\"actions.showLightbox\"\n\t\t\tdata-wp-style--right=\"state.imageButtonRight\"\n\t\t\tdata-wp-style--top=\"state.imageButtonTop\"\n\t\t>\n\t\t\t<svg xmlns=\"http:\/\/www.w3.org\/2000\/svg\" width=\"12\" height=\"12\" fill=\"none\" viewbox=\"0 0 12 12\">\n\t\t\t\t<path fill=\"#fff\" d=\"M2 0a2 2 0 0 0-2 2v2h1.5V2a.5.5 0 0 1 .5-.5h2V0H2Zm2 10.5H2a.5.5 0 0 1-.5-.5V8H0v2a2 2 0 0 0 2 2h2v-1.5ZM8 12v-1.5h2a.5.5 0 0 0 .5-.5V8H12v2a2 2 0 0 1-2 2H8Zm2-12a2 2 0 0 1 2 2v2h-1.5V2a.5.5 0 0 0-.5-.5H8V0h2Z\" \/>\n\t\t\t<\/svg>\n\t\t<\/button><\/figure>\n\n\n\n<p><\/p>\n\n\n\n<figure data-wp-context=\"{&quot;imageId&quot;:&quot;69f56a26294f5&quot;}\" data-wp-interactive=\"core\/image\" data-wp-key=\"69f56a26294f5\" class=\"wp-block-image aligncenter size-large is-resized wp-lightbox-container\"><img loading=\"lazy\" decoding=\"async\" width=\"1024\" height=\"1024\" data-wp-class--hide=\"state.isContentHidden\" data-wp-class--show=\"state.isContentVisible\" data-wp-init=\"callbacks.setButtonStyles\" data-wp-on--click=\"actions.showLightbox\" data-wp-on--load=\"callbacks.setButtonStyles\" data-wp-on-window--resize=\"callbacks.setButtonStyles\" src=\"https:\/\/nid.pl\/wp-content\/uploads\/2025\/01\/woj.-podlaskie-1024x1024.jpg\" alt=\"EDD wojew\u00f3dztwo podlaskie\" class=\"wp-image-24793\" style=\"width:617px;height:auto\" srcset=\"https:\/\/nid.pl\/wp-content\/uploads\/2025\/01\/woj.-podlaskie-980x980.jpg 980w, https:\/\/nid.pl\/wp-content\/uploads\/2025\/01\/woj.-podlaskie-480x480.jpg 480w\" sizes=\"(min-width: 0px) and (max-width: 480px) 480px, (min-width: 481px) and (max-width: 980px) 980px, (min-width: 981px) 1024px, 100vw\" \/><button\n\t\t\tclass=\"lightbox-trigger\"\n\t\t\ttype=\"button\"\n\t\t\taria-haspopup=\"dialog\"\n\t\t\taria-label=\"Enlarge\"\n\t\t\tdata-wp-init=\"callbacks.initTriggerButton\"\n\t\t\tdata-wp-on--click=\"actions.showLightbox\"\n\t\t\tdata-wp-style--right=\"state.imageButtonRight\"\n\t\t\tdata-wp-style--top=\"state.imageButtonTop\"\n\t\t>\n\t\t\t<svg xmlns=\"http:\/\/www.w3.org\/2000\/svg\" width=\"12\" height=\"12\" fill=\"none\" viewbox=\"0 0 12 12\">\n\t\t\t\t<path fill=\"#fff\" d=\"M2 0a2 2 0 0 0-2 2v2h1.5V2a.5.5 0 0 1 .5-.5h2V0H2Zm2 10.5H2a.5.5 0 0 1-.5-.5V8H0v2a2 2 0 0 0 2 2h2v-1.5ZM8 12v-1.5h2a.5.5 0 0 0 .5-.5V8H12v2a2 2 0 0 1-2 2H8Zm2-12a2 2 0 0 1 2 2v2h-1.5V2a.5.5 0 0 0-.5-.5H8V0h2Z\" \/>\n\t\t\t<\/svg>\n\t\t<\/button><\/figure>\n\n\n\n<p><\/p>\n\n\n\n<figure data-wp-context=\"{&quot;imageId&quot;:&quot;69f56a262989c&quot;}\" data-wp-interactive=\"core\/image\" data-wp-key=\"69f56a262989c\" class=\"wp-block-image aligncenter size-large is-resized wp-lightbox-container\"><img loading=\"lazy\" decoding=\"async\" width=\"1024\" height=\"1024\" data-wp-class--hide=\"state.isContentHidden\" data-wp-class--show=\"state.isContentVisible\" data-wp-init=\"callbacks.setButtonStyles\" data-wp-on--click=\"actions.showLightbox\" data-wp-on--load=\"callbacks.setButtonStyles\" data-wp-on-window--resize=\"callbacks.setButtonStyles\" src=\"https:\/\/nid.pl\/wp-content\/uploads\/2025\/01\/woj.-pomorskie-1024x1024.jpg\" alt=\"EDD wojew\u00f3dztwo pomorskie\" class=\"wp-image-24794\" style=\"width:617px;height:auto\" srcset=\"https:\/\/nid.pl\/wp-content\/uploads\/2025\/01\/woj.-pomorskie-980x980.jpg 980w, https:\/\/nid.pl\/wp-content\/uploads\/2025\/01\/woj.-pomorskie-480x480.jpg 480w\" sizes=\"(min-width: 0px) and (max-width: 480px) 480px, (min-width: 481px) and (max-width: 980px) 980px, (min-width: 981px) 1024px, 100vw\" \/><button\n\t\t\tclass=\"lightbox-trigger\"\n\t\t\ttype=\"button\"\n\t\t\taria-haspopup=\"dialog\"\n\t\t\taria-label=\"Enlarge\"\n\t\t\tdata-wp-init=\"callbacks.initTriggerButton\"\n\t\t\tdata-wp-on--click=\"actions.showLightbox\"\n\t\t\tdata-wp-style--right=\"state.imageButtonRight\"\n\t\t\tdata-wp-style--top=\"state.imageButtonTop\"\n\t\t>\n\t\t\t<svg xmlns=\"http:\/\/www.w3.org\/2000\/svg\" width=\"12\" height=\"12\" fill=\"none\" viewbox=\"0 0 12 12\">\n\t\t\t\t<path fill=\"#fff\" d=\"M2 0a2 2 0 0 0-2 2v2h1.5V2a.5.5 0 0 1 .5-.5h2V0H2Zm2 10.5H2a.5.5 0 0 1-.5-.5V8H0v2a2 2 0 0 0 2 2h2v-1.5ZM8 12v-1.5h2a.5.5 0 0 0 .5-.5V8H12v2a2 2 0 0 1-2 2H8Zm2-12a2 2 0 0 1 2 2v2h-1.5V2a.5.5 0 0 0-.5-.5H8V0h2Z\" \/>\n\t\t\t<\/svg>\n\t\t<\/button><\/figure>\n\n\n\n<p><\/p>\n\n\n\n<figure data-wp-context=\"{&quot;imageId&quot;:&quot;69f56a2629c26&quot;}\" data-wp-interactive=\"core\/image\" data-wp-key=\"69f56a2629c26\" class=\"wp-block-image aligncenter size-large is-resized wp-lightbox-container\"><img loading=\"lazy\" decoding=\"async\" width=\"1024\" height=\"1024\" data-wp-class--hide=\"state.isContentHidden\" data-wp-class--show=\"state.isContentVisible\" data-wp-init=\"callbacks.setButtonStyles\" data-wp-on--click=\"actions.showLightbox\" data-wp-on--load=\"callbacks.setButtonStyles\" data-wp-on-window--resize=\"callbacks.setButtonStyles\" src=\"https:\/\/nid.pl\/wp-content\/uploads\/2025\/01\/woj.-slaskie-1024x1024.jpg\" alt=\"EDD wojew\u00f3dztwo \u015bl\u0105skie\" class=\"wp-image-24795\" style=\"width:617px;height:auto\" srcset=\"https:\/\/nid.pl\/wp-content\/uploads\/2025\/01\/woj.-slaskie-980x980.jpg 980w, https:\/\/nid.pl\/wp-content\/uploads\/2025\/01\/woj.-slaskie-480x480.jpg 480w\" sizes=\"(min-width: 0px) and (max-width: 480px) 480px, (min-width: 481px) and (max-width: 980px) 980px, (min-width: 981px) 1024px, 100vw\" \/><button\n\t\t\tclass=\"lightbox-trigger\"\n\t\t\ttype=\"button\"\n\t\t\taria-haspopup=\"dialog\"\n\t\t\taria-label=\"Enlarge\"\n\t\t\tdata-wp-init=\"callbacks.initTriggerButton\"\n\t\t\tdata-wp-on--click=\"actions.showLightbox\"\n\t\t\tdata-wp-style--right=\"state.imageButtonRight\"\n\t\t\tdata-wp-style--top=\"state.imageButtonTop\"\n\t\t>\n\t\t\t<svg xmlns=\"http:\/\/www.w3.org\/2000\/svg\" width=\"12\" height=\"12\" fill=\"none\" viewbox=\"0 0 12 12\">\n\t\t\t\t<path fill=\"#fff\" d=\"M2 0a2 2 0 0 0-2 2v2h1.5V2a.5.5 0 0 1 .5-.5h2V0H2Zm2 10.5H2a.5.5 0 0 1-.5-.5V8H0v2a2 2 0 0 0 2 2h2v-1.5ZM8 12v-1.5h2a.5.5 0 0 0 .5-.5V8H12v2a2 2 0 0 1-2 2H8Zm2-12a2 2 0 0 1 2 2v2h-1.5V2a.5.5 0 0 0-.5-.5H8V0h2Z\" \/>\n\t\t\t<\/svg>\n\t\t<\/button><\/figure>\n\n\n\n<p><\/p>\n\n\n\n<figure data-wp-context=\"{&quot;imageId&quot;:&quot;69f56a2629fb0&quot;}\" data-wp-interactive=\"core\/image\" data-wp-key=\"69f56a2629fb0\" class=\"wp-block-image aligncenter size-large is-resized wp-lightbox-container\"><img loading=\"lazy\" decoding=\"async\" width=\"1024\" height=\"1024\" data-wp-class--hide=\"state.isContentHidden\" data-wp-class--show=\"state.isContentVisible\" data-wp-init=\"callbacks.setButtonStyles\" data-wp-on--click=\"actions.showLightbox\" data-wp-on--load=\"callbacks.setButtonStyles\" data-wp-on-window--resize=\"callbacks.setButtonStyles\" src=\"https:\/\/nid.pl\/wp-content\/uploads\/2025\/01\/woj.-swietokrzyskie-1024x1024.jpg\" alt=\"EDD wojew\u00f3dztwo \u015bwi\u0119tokrzyskie\" class=\"wp-image-24796\" style=\"width:615px;height:auto\" srcset=\"https:\/\/nid.pl\/wp-content\/uploads\/2025\/01\/woj.-swietokrzyskie-980x980.jpg 980w, https:\/\/nid.pl\/wp-content\/uploads\/2025\/01\/woj.-swietokrzyskie-480x480.jpg 480w\" sizes=\"(min-width: 0px) and (max-width: 480px) 480px, (min-width: 481px) and (max-width: 980px) 980px, (min-width: 981px) 1024px, 100vw\" \/><button\n\t\t\tclass=\"lightbox-trigger\"\n\t\t\ttype=\"button\"\n\t\t\taria-haspopup=\"dialog\"\n\t\t\taria-label=\"Enlarge\"\n\t\t\tdata-wp-init=\"callbacks.initTriggerButton\"\n\t\t\tdata-wp-on--click=\"actions.showLightbox\"\n\t\t\tdata-wp-style--right=\"state.imageButtonRight\"\n\t\t\tdata-wp-style--top=\"state.imageButtonTop\"\n\t\t>\n\t\t\t<svg xmlns=\"http:\/\/www.w3.org\/2000\/svg\" width=\"12\" height=\"12\" fill=\"none\" viewbox=\"0 0 12 12\">\n\t\t\t\t<path fill=\"#fff\" d=\"M2 0a2 2 0 0 0-2 2v2h1.5V2a.5.5 0 0 1 .5-.5h2V0H2Zm2 10.5H2a.5.5 0 0 1-.5-.5V8H0v2a2 2 0 0 0 2 2h2v-1.5ZM8 12v-1.5h2a.5.5 0 0 0 .5-.5V8H12v2a2 2 0 0 1-2 2H8Zm2-12a2 2 0 0 1 2 2v2h-1.5V2a.5.5 0 0 0-.5-.5H8V0h2Z\" \/>\n\t\t\t<\/svg>\n\t\t<\/button><\/figure>\n\n\n\n<p><\/p>\n\n\n\n<figure data-wp-context=\"{&quot;imageId&quot;:&quot;69f56a262a357&quot;}\" data-wp-interactive=\"core\/image\" data-wp-key=\"69f56a262a357\" class=\"wp-block-image aligncenter size-large is-resized wp-lightbox-container\"><img loading=\"lazy\" decoding=\"async\" width=\"1024\" height=\"1024\" data-wp-class--hide=\"state.isContentHidden\" data-wp-class--show=\"state.isContentVisible\" data-wp-init=\"callbacks.setButtonStyles\" data-wp-on--click=\"actions.showLightbox\" data-wp-on--load=\"callbacks.setButtonStyles\" data-wp-on-window--resize=\"callbacks.setButtonStyles\" src=\"https:\/\/nid.pl\/wp-content\/uploads\/2025\/01\/woj.-warminsko-mazurskie-1024x1024.jpg\" alt=\"EDD wojew\u00f3dztwo warmi\u0144sko-mazurskie\" class=\"wp-image-24797\" style=\"width:615px;height:auto\" srcset=\"https:\/\/nid.pl\/wp-content\/uploads\/2025\/01\/woj.-warminsko-mazurskie-980x981.jpg 980w, https:\/\/nid.pl\/wp-content\/uploads\/2025\/01\/woj.-warminsko-mazurskie-480x480.jpg 480w\" sizes=\"(min-width: 0px) and (max-width: 480px) 480px, (min-width: 481px) and (max-width: 980px) 980px, (min-width: 981px) 1024px, 100vw\" \/><button\n\t\t\tclass=\"lightbox-trigger\"\n\t\t\ttype=\"button\"\n\t\t\taria-haspopup=\"dialog\"\n\t\t\taria-label=\"Enlarge\"\n\t\t\tdata-wp-init=\"callbacks.initTriggerButton\"\n\t\t\tdata-wp-on--click=\"actions.showLightbox\"\n\t\t\tdata-wp-style--right=\"state.imageButtonRight\"\n\t\t\tdata-wp-style--top=\"state.imageButtonTop\"\n\t\t>\n\t\t\t<svg xmlns=\"http:\/\/www.w3.org\/2000\/svg\" width=\"12\" height=\"12\" fill=\"none\" viewbox=\"0 0 12 12\">\n\t\t\t\t<path fill=\"#fff\" d=\"M2 0a2 2 0 0 0-2 2v2h1.5V2a.5.5 0 0 1 .5-.5h2V0H2Zm2 10.5H2a.5.5 0 0 1-.5-.5V8H0v2a2 2 0 0 0 2 2h2v-1.5ZM8 12v-1.5h2a.5.5 0 0 0 .5-.5V8H12v2a2 2 0 0 1-2 2H8Zm2-12a2 2 0 0 1 2 2v2h-1.5V2a.5.5 0 0 0-.5-.5H8V0h2Z\" \/>\n\t\t\t<\/svg>\n\t\t<\/button><\/figure>\n\n\n\n<p><\/p>\n\n\n\n<figure data-wp-context=\"{&quot;imageId&quot;:&quot;69f56a262a6e9&quot;}\" data-wp-interactive=\"core\/image\" data-wp-key=\"69f56a262a6e9\" class=\"wp-block-image aligncenter size-large is-resized wp-lightbox-container\"><img loading=\"lazy\" decoding=\"async\" width=\"1024\" height=\"1024\" data-wp-class--hide=\"state.isContentHidden\" data-wp-class--show=\"state.isContentVisible\" data-wp-init=\"callbacks.setButtonStyles\" data-wp-on--click=\"actions.showLightbox\" data-wp-on--load=\"callbacks.setButtonStyles\" data-wp-on-window--resize=\"callbacks.setButtonStyles\" src=\"https:\/\/nid.pl\/wp-content\/uploads\/2025\/01\/woj.-wielkopolskie-1024x1024.jpg\" alt=\"EDD wojew\u00f3dztwo wielkopolskie\" class=\"wp-image-24798\" style=\"width:617px;height:auto\" srcset=\"https:\/\/nid.pl\/wp-content\/uploads\/2025\/01\/woj.-wielkopolskie-980x980.jpg 980w, https:\/\/nid.pl\/wp-content\/uploads\/2025\/01\/woj.-wielkopolskie-480x480.jpg 480w\" sizes=\"(min-width: 0px) and (max-width: 480px) 480px, (min-width: 481px) and (max-width: 980px) 980px, (min-width: 981px) 1024px, 100vw\" \/><button\n\t\t\tclass=\"lightbox-trigger\"\n\t\t\ttype=\"button\"\n\t\t\taria-haspopup=\"dialog\"\n\t\t\taria-label=\"Enlarge\"\n\t\t\tdata-wp-init=\"callbacks.initTriggerButton\"\n\t\t\tdata-wp-on--click=\"actions.showLightbox\"\n\t\t\tdata-wp-style--right=\"state.imageButtonRight\"\n\t\t\tdata-wp-style--top=\"state.imageButtonTop\"\n\t\t>\n\t\t\t<svg xmlns=\"http:\/\/www.w3.org\/2000\/svg\" width=\"12\" height=\"12\" fill=\"none\" viewbox=\"0 0 12 12\">\n\t\t\t\t<path fill=\"#fff\" d=\"M2 0a2 2 0 0 0-2 2v2h1.5V2a.5.5 0 0 1 .5-.5h2V0H2Zm2 10.5H2a.5.5 0 0 1-.5-.5V8H0v2a2 2 0 0 0 2 2h2v-1.5ZM8 12v-1.5h2a.5.5 0 0 0 .5-.5V8H12v2a2 2 0 0 1-2 2H8Zm2-12a2 2 0 0 1 2 2v2h-1.5V2a.5.5 0 0 0-.5-.5H8V0h2Z\" \/>\n\t\t\t<\/svg>\n\t\t<\/button><\/figure>\n\n\n\n<p><\/p>\n\n\n\n<figure data-wp-context=\"{&quot;imageId&quot;:&quot;69f56a262aa90&quot;}\" data-wp-interactive=\"core\/image\" data-wp-key=\"69f56a262aa90\" class=\"wp-block-image aligncenter size-large is-resized wp-lightbox-container\"><img loading=\"lazy\" decoding=\"async\" width=\"1024\" height=\"1024\" data-wp-class--hide=\"state.isContentHidden\" data-wp-class--show=\"state.isContentVisible\" data-wp-init=\"callbacks.setButtonStyles\" data-wp-on--click=\"actions.showLightbox\" data-wp-on--load=\"callbacks.setButtonStyles\" data-wp-on-window--resize=\"callbacks.setButtonStyles\" src=\"https:\/\/nid.pl\/wp-content\/uploads\/2025\/01\/woj.-zachodniopomorskie-1024x1024.jpg\" alt=\"EDD wojew\u00f3dztwo zachodniopomorskie\" class=\"wp-image-24799\" style=\"width:613px;height:auto\" srcset=\"https:\/\/nid.pl\/wp-content\/uploads\/2025\/01\/woj.-zachodniopomorskie-980x980.jpg 980w, https:\/\/nid.pl\/wp-content\/uploads\/2025\/01\/woj.-zachodniopomorskie-480x480.jpg 480w\" sizes=\"(min-width: 0px) and (max-width: 480px) 480px, (min-width: 481px) and (max-width: 980px) 980px, (min-width: 981px) 1024px, 100vw\" \/><button\n\t\t\tclass=\"lightbox-trigger\"\n\t\t\ttype=\"button\"\n\t\t\taria-haspopup=\"dialog\"\n\t\t\taria-label=\"Enlarge\"\n\t\t\tdata-wp-init=\"callbacks.initTriggerButton\"\n\t\t\tdata-wp-on--click=\"actions.showLightbox\"\n\t\t\tdata-wp-style--right=\"state.imageButtonRight\"\n\t\t\tdata-wp-style--top=\"state.imageButtonTop\"\n\t\t>\n\t\t\t<svg xmlns=\"http:\/\/www.w3.org\/2000\/svg\" width=\"12\" height=\"12\" fill=\"none\" viewbox=\"0 0 12 12\">\n\t\t\t\t<path fill=\"#fff\" d=\"M2 0a2 2 0 0 0-2 2v2h1.5V2a.5.5 0 0 1 .5-.5h2V0H2Zm2 10.5H2a.5.5 0 0 1-.5-.5V8H0v2a2 2 0 0 0 2 2h2v-1.5ZM8 12v-1.5h2a.5.5 0 0 0 .5-.5V8H12v2a2 2 0 0 1-2 2H8Zm2-12a2 2 0 0 1 2 2v2h-1.5V2a.5.5 0 0 0-.5-.5H8V0h2Z\" \/>\n\t\t\t<\/svg>\n\t\t<\/button><\/figure>","protected":false},"excerpt":{"rendered":"<p>Za nami 32. edycja Europejskich Dni Dziedzictwa w Polsce. W tym roku odby\u0142o si\u0119 1120 wydarze\u0144 w ca\u0142ym kraju, w kt\u00f3rych uczestniczy\u0142o ponad 200 tysi\u0119cy os\u00f3b. Wrze\u015bniowe dni sta\u0142y si\u0119 [&hellip;]<\/p>","protected":false},"author":7,"featured_media":24806,"comment_status":"closed","ping_status":"closed","sticky":false,"template":"","format":"standard","meta":{"_et_pb_use_builder":"","_et_pb_old_content":"","_et_gb_content_width":"","_monsterinsights_skip_tracking":false,"_monsterinsights_sitenote_active":false,"_monsterinsights_sitenote_note":"","_monsterinsights_sitenote_category":0,"footnotes":""},"categories":[89],"tags":[],"class_list":["post-24800","post","type-post","status-publish","format-standard","has-post-thumbnail","hentry","category-europejskie-dni-dziedzictwa"],"yoast_head":"<!-- This site is optimized with the Yoast SEO plugin v26.5 - https:\/\/yoast.com\/wordpress\/plugins\/seo\/ -->\n<title>Podsumowanie\u00a032. edycji Europejskich Dni Dziedzictwa! - NID<\/title>\n<meta name=\"robots\" content=\"index, follow, max-snippet:-1, max-image-preview:large, max-video-preview:-1\" \/>\n<link rel=\"canonical\" href=\"https:\/\/nid.pl\/en\/2024\/12\/07\/podsumowanie-32-edycji-edd\/\" \/>\n<meta property=\"og:locale\" content=\"en_GB\" \/>\n<meta property=\"og:type\" content=\"article\" \/>\n<meta property=\"og:title\" content=\"Podsumowanie\u00a032. edycji Europejskich Dni Dziedzictwa! - NID\" \/>\n<meta property=\"og:description\" content=\"Za nami 32. edycja Europejskich Dni Dziedzictwa w Polsce. W tym roku odby\u0142o si\u0119 1120 wydarze\u0144 w ca\u0142ym kraju, w kt\u00f3rych uczestniczy\u0142o ponad 200 tysi\u0119cy os\u00f3b. Wrze\u015bniowe dni sta\u0142y si\u0119 [&hellip;]\" \/>\n<meta property=\"og:url\" content=\"https:\/\/nid.pl\/en\/2024\/12\/07\/podsumowanie-32-edycji-edd\/\" \/>\n<meta property=\"og:site_name\" content=\"NID\" \/>\n<meta property=\"article:publisher\" content=\"https:\/\/www.facebook.com\/zabytek\" \/>\n<meta property=\"article:published_time\" content=\"2024-12-07T10:49:00+00:00\" \/>\n<meta property=\"article:modified_time\" content=\"2025-01-17T07:52:45+00:00\" \/>\n<meta property=\"og:image\" content=\"https:\/\/nid.pl\/wp-content\/uploads\/2024\/12\/miniaturka-fot.-Slawomir-Mielnik.jpg\" \/>\n\t<meta property=\"og:image:width\" content=\"1600\" \/>\n\t<meta property=\"og:image:height\" content=\"1066\" \/>\n\t<meta property=\"og:image:type\" content=\"image\/jpeg\" \/>\n<meta name=\"author\" content=\"Barbara Halliop\" \/>\n<meta name=\"twitter:card\" content=\"summary_large_image\" \/>\n<meta name=\"twitter:creator\" content=\"@NarIDpl\" \/>\n<meta name=\"twitter:site\" content=\"@NarIDpl\" \/>\n<meta name=\"twitter:label1\" content=\"Written by\" \/>\n\t<meta name=\"twitter:data1\" content=\"Barbara Halliop\" \/>\n\t<meta name=\"twitter:label2\" content=\"Estimated reading time\" \/>\n\t<meta name=\"twitter:data2\" content=\"8 minutes\" \/>\n<script type=\"application\/ld+json\" class=\"yoast-schema-graph\">{\"@context\":\"https:\/\/schema.org\",\"@graph\":[{\"@type\":\"Article\",\"@id\":\"https:\/\/nid.pl\/2024\/12\/07\/podsumowanie-32-edycji-edd\/#article\",\"isPartOf\":{\"@id\":\"https:\/\/nid.pl\/2024\/12\/07\/podsumowanie-32-edycji-edd\/\"},\"author\":{\"name\":\"Barbara Halliop\",\"@id\":\"https:\/\/nid.pl\/#\/schema\/person\/1b690a8998a5111cfb9f0ffe24195a15\"},\"headline\":\"Podsumowanie\u00a032. edycji Europejskich Dni Dziedzictwa!\",\"datePublished\":\"2024-12-07T10:49:00+00:00\",\"dateModified\":\"2025-01-17T07:52:45+00:00\",\"mainEntityOfPage\":{\"@id\":\"https:\/\/nid.pl\/2024\/12\/07\/podsumowanie-32-edycji-edd\/\"},\"wordCount\":765,\"publisher\":{\"@id\":\"https:\/\/nid.pl\/#organization\"},\"image\":{\"@id\":\"https:\/\/nid.pl\/2024\/12\/07\/podsumowanie-32-edycji-edd\/#primaryimage\"},\"thumbnailUrl\":\"https:\/\/nid.pl\/wp-content\/uploads\/2024\/12\/miniaturka-fot.-Slawomir-Mielnik.jpg\",\"articleSection\":[\"EDD\"],\"inLanguage\":\"en-GB\"},{\"@type\":\"WebPage\",\"@id\":\"https:\/\/nid.pl\/2024\/12\/07\/podsumowanie-32-edycji-edd\/\",\"url\":\"https:\/\/nid.pl\/2024\/12\/07\/podsumowanie-32-edycji-edd\/\",\"name\":\"Podsumowanie\u00a032. edycji Europejskich Dni Dziedzictwa! - NID\",\"isPartOf\":{\"@id\":\"https:\/\/nid.pl\/#website\"},\"primaryImageOfPage\":{\"@id\":\"https:\/\/nid.pl\/2024\/12\/07\/podsumowanie-32-edycji-edd\/#primaryimage\"},\"image\":{\"@id\":\"https:\/\/nid.pl\/2024\/12\/07\/podsumowanie-32-edycji-edd\/#primaryimage\"},\"thumbnailUrl\":\"https:\/\/nid.pl\/wp-content\/uploads\/2024\/12\/miniaturka-fot.-Slawomir-Mielnik.jpg\",\"datePublished\":\"2024-12-07T10:49:00+00:00\",\"dateModified\":\"2025-01-17T07:52:45+00:00\",\"breadcrumb\":{\"@id\":\"https:\/\/nid.pl\/2024\/12\/07\/podsumowanie-32-edycji-edd\/#breadcrumb\"},\"inLanguage\":\"en-GB\",\"potentialAction\":[{\"@type\":\"ReadAction\",\"target\":[\"https:\/\/nid.pl\/2024\/12\/07\/podsumowanie-32-edycji-edd\/\"]}]},{\"@type\":\"ImageObject\",\"inLanguage\":\"en-GB\",\"@id\":\"https:\/\/nid.pl\/2024\/12\/07\/podsumowanie-32-edycji-edd\/#primaryimage\",\"url\":\"https:\/\/nid.pl\/wp-content\/uploads\/2024\/12\/miniaturka-fot.-Slawomir-Mielnik.jpg\",\"contentUrl\":\"https:\/\/nid.pl\/wp-content\/uploads\/2024\/12\/miniaturka-fot.-Slawomir-Mielnik.jpg\",\"width\":1600,\"height\":1066,\"caption\":\"zdj\u0119cie pianki EDD na tle kwiatowego dywanu\"},{\"@type\":\"BreadcrumbList\",\"@id\":\"https:\/\/nid.pl\/2024\/12\/07\/podsumowanie-32-edycji-edd\/#breadcrumb\",\"itemListElement\":[{\"@type\":\"ListItem\",\"position\":1,\"name\":\"Home\",\"item\":\"https:\/\/nid.pl\/\"},{\"@type\":\"ListItem\",\"position\":2,\"name\":\"Podsumowanie\u00a032. edycji Europejskich Dni Dziedzictwa!\"}]},{\"@type\":\"WebSite\",\"@id\":\"https:\/\/nid.pl\/#website\",\"url\":\"https:\/\/nid.pl\/\",\"name\":\"NID\",\"description\":\"Narodowy Instytut Dziedzictwa\",\"publisher\":{\"@id\":\"https:\/\/nid.pl\/#organization\"},\"potentialAction\":[{\"@type\":\"SearchAction\",\"target\":{\"@type\":\"EntryPoint\",\"urlTemplate\":\"https:\/\/nid.pl\/?s={search_term_string}\"},\"query-input\":{\"@type\":\"PropertyValueSpecification\",\"valueRequired\":true,\"valueName\":\"search_term_string\"}}],\"inLanguage\":\"en-GB\"},{\"@type\":\"Organization\",\"@id\":\"https:\/\/nid.pl\/#organization\",\"name\":\"Narodowy Instytut Dziedzictwa\",\"url\":\"https:\/\/nid.pl\/\",\"logo\":{\"@type\":\"ImageObject\",\"inLanguage\":\"en-GB\",\"@id\":\"https:\/\/nid.pl\/#\/schema\/logo\/image\/\",\"url\":\"https:\/\/nid.pl\/wp-content\/uploads\/2022\/10\/logoRedDark.png\",\"contentUrl\":\"https:\/\/nid.pl\/wp-content\/uploads\/2022\/10\/logoRedDark.png\",\"width\":200,\"height\":197,\"caption\":\"Narodowy Instytut Dziedzictwa\"},\"image\":{\"@id\":\"https:\/\/nid.pl\/#\/schema\/logo\/image\/\"},\"sameAs\":[\"https:\/\/www.facebook.com\/zabytek\",\"https:\/\/x.com\/NarIDpl\",\"https:\/\/www.instagram.com\/nid.pl\/?hl=pl\",\"https:\/\/www.linkedin.com\/company\/narodowy-instytut-dziedzictwa\",\"https:\/\/www.youtube.com\/channel\/UCQXuhKa2uHtmNvLRUSx40JA\"]},{\"@type\":\"Person\",\"@id\":\"https:\/\/nid.pl\/#\/schema\/person\/1b690a8998a5111cfb9f0ffe24195a15\",\"name\":\"Barbara Halliop\",\"image\":{\"@type\":\"ImageObject\",\"inLanguage\":\"en-GB\",\"@id\":\"https:\/\/nid.pl\/#\/schema\/person\/image\/\",\"url\":\"https:\/\/nid.pl\/wp-content\/litespeed\/avatar\/924046d17dd0c842c9fa9ccf489bc6dc.jpg?ver=1777444967\",\"contentUrl\":\"https:\/\/nid.pl\/wp-content\/litespeed\/avatar\/924046d17dd0c842c9fa9ccf489bc6dc.jpg?ver=1777444967\",\"caption\":\"Barbara Halliop\"},\"url\":\"https:\/\/nid.pl\/en\/author\/bhalliop\/\"}]}<\/script>\n<!-- \/ Yoast SEO plugin. -->","yoast_head_json":{"title":"Podsumowanie\u00a032. edycji Europejskich Dni Dziedzictwa! - NID","robots":{"index":"index","follow":"follow","max-snippet":"max-snippet:-1","max-image-preview":"max-image-preview:large","max-video-preview":"max-video-preview:-1"},"canonical":"https:\/\/nid.pl\/en\/2024\/12\/07\/podsumowanie-32-edycji-edd\/","og_locale":"en_GB","og_type":"article","og_title":"Podsumowanie\u00a032. edycji Europejskich Dni Dziedzictwa! - NID","og_description":"Za nami 32. edycja Europejskich Dni Dziedzictwa w Polsce. W tym roku odby\u0142o si\u0119 1120 wydarze\u0144 w ca\u0142ym kraju, w kt\u00f3rych uczestniczy\u0142o ponad 200 tysi\u0119cy os\u00f3b. Wrze\u015bniowe dni sta\u0142y si\u0119 [&hellip;]","og_url":"https:\/\/nid.pl\/en\/2024\/12\/07\/podsumowanie-32-edycji-edd\/","og_site_name":"NID","article_publisher":"https:\/\/www.facebook.com\/zabytek","article_published_time":"2024-12-07T10:49:00+00:00","article_modified_time":"2025-01-17T07:52:45+00:00","og_image":[{"width":1600,"height":1066,"url":"https:\/\/nid.pl\/wp-content\/uploads\/2024\/12\/miniaturka-fot.-Slawomir-Mielnik.jpg","type":"image\/jpeg"}],"author":"Barbara Halliop","twitter_card":"summary_large_image","twitter_creator":"@NarIDpl","twitter_site":"@NarIDpl","twitter_misc":{"Written by":"Barbara Halliop","Estimated reading time":"8 minutes"},"schema":{"@context":"https:\/\/schema.org","@graph":[{"@type":"Article","@id":"https:\/\/nid.pl\/2024\/12\/07\/podsumowanie-32-edycji-edd\/#article","isPartOf":{"@id":"https:\/\/nid.pl\/2024\/12\/07\/podsumowanie-32-edycji-edd\/"},"author":{"name":"Barbara Halliop","@id":"https:\/\/nid.pl\/#\/schema\/person\/1b690a8998a5111cfb9f0ffe24195a15"},"headline":"Podsumowanie\u00a032. edycji Europejskich Dni Dziedzictwa!","datePublished":"2024-12-07T10:49:00+00:00","dateModified":"2025-01-17T07:52:45+00:00","mainEntityOfPage":{"@id":"https:\/\/nid.pl\/2024\/12\/07\/podsumowanie-32-edycji-edd\/"},"wordCount":765,"publisher":{"@id":"https:\/\/nid.pl\/#organization"},"image":{"@id":"https:\/\/nid.pl\/2024\/12\/07\/podsumowanie-32-edycji-edd\/#primaryimage"},"thumbnailUrl":"https:\/\/nid.pl\/wp-content\/uploads\/2024\/12\/miniaturka-fot.-Slawomir-Mielnik.jpg","articleSection":["EDD"],"inLanguage":"en-GB"},{"@type":"WebPage","@id":"https:\/\/nid.pl\/2024\/12\/07\/podsumowanie-32-edycji-edd\/","url":"https:\/\/nid.pl\/2024\/12\/07\/podsumowanie-32-edycji-edd\/","name":"Podsumowanie\u00a032. edycji Europejskich Dni Dziedzictwa! - NID","isPartOf":{"@id":"https:\/\/nid.pl\/#website"},"primaryImageOfPage":{"@id":"https:\/\/nid.pl\/2024\/12\/07\/podsumowanie-32-edycji-edd\/#primaryimage"},"image":{"@id":"https:\/\/nid.pl\/2024\/12\/07\/podsumowanie-32-edycji-edd\/#primaryimage"},"thumbnailUrl":"https:\/\/nid.pl\/wp-content\/uploads\/2024\/12\/miniaturka-fot.-Slawomir-Mielnik.jpg","datePublished":"2024-12-07T10:49:00+00:00","dateModified":"2025-01-17T07:52:45+00:00","breadcrumb":{"@id":"https:\/\/nid.pl\/2024\/12\/07\/podsumowanie-32-edycji-edd\/#breadcrumb"},"inLanguage":"en-GB","potentialAction":[{"@type":"ReadAction","target":["https:\/\/nid.pl\/2024\/12\/07\/podsumowanie-32-edycji-edd\/"]}]},{"@type":"ImageObject","inLanguage":"en-GB","@id":"https:\/\/nid.pl\/2024\/12\/07\/podsumowanie-32-edycji-edd\/#primaryimage","url":"https:\/\/nid.pl\/wp-content\/uploads\/2024\/12\/miniaturka-fot.-Slawomir-Mielnik.jpg","contentUrl":"https:\/\/nid.pl\/wp-content\/uploads\/2024\/12\/miniaturka-fot.-Slawomir-Mielnik.jpg","width":1600,"height":1066,"caption":"zdj\u0119cie pianki EDD na tle kwiatowego dywanu"},{"@type":"BreadcrumbList","@id":"https:\/\/nid.pl\/2024\/12\/07\/podsumowanie-32-edycji-edd\/#breadcrumb","itemListElement":[{"@type":"ListItem","position":1,"name":"Home","item":"https:\/\/nid.pl\/"},{"@type":"ListItem","position":2,"name":"Podsumowanie\u00a032. edycji Europejskich Dni Dziedzictwa!"}]},{"@type":"WebSite","@id":"https:\/\/nid.pl\/#website","url":"https:\/\/nid.pl\/","name":"NID","description":"Narodowy Instytut Dziedzictwa","publisher":{"@id":"https:\/\/nid.pl\/#organization"},"potentialAction":[{"@type":"SearchAction","target":{"@type":"EntryPoint","urlTemplate":"https:\/\/nid.pl\/?s={search_term_string}"},"query-input":{"@type":"PropertyValueSpecification","valueRequired":true,"valueName":"search_term_string"}}],"inLanguage":"en-GB"},{"@type":"Organization","@id":"https:\/\/nid.pl\/#organization","name":"Narodowy Instytut Dziedzictwa","url":"https:\/\/nid.pl\/","logo":{"@type":"ImageObject","inLanguage":"en-GB","@id":"https:\/\/nid.pl\/#\/schema\/logo\/image\/","url":"https:\/\/nid.pl\/wp-content\/uploads\/2022\/10\/logoRedDark.png","contentUrl":"https:\/\/nid.pl\/wp-content\/uploads\/2022\/10\/logoRedDark.png","width":200,"height":197,"caption":"Narodowy Instytut Dziedzictwa"},"image":{"@id":"https:\/\/nid.pl\/#\/schema\/logo\/image\/"},"sameAs":["https:\/\/www.facebook.com\/zabytek","https:\/\/x.com\/NarIDpl","https:\/\/www.instagram.com\/nid.pl\/?hl=pl","https:\/\/www.linkedin.com\/company\/narodowy-instytut-dziedzictwa","https:\/\/www.youtube.com\/channel\/UCQXuhKa2uHtmNvLRUSx40JA"]},{"@type":"Person","@id":"https:\/\/nid.pl\/#\/schema\/person\/1b690a8998a5111cfb9f0ffe24195a15","name":"Barbara Halliop","image":{"@type":"ImageObject","inLanguage":"en-GB","@id":"https:\/\/nid.pl\/#\/schema\/person\/image\/","url":"https:\/\/nid.pl\/wp-content\/litespeed\/avatar\/924046d17dd0c842c9fa9ccf489bc6dc.jpg?ver=1777444967","contentUrl":"https:\/\/nid.pl\/wp-content\/litespeed\/avatar\/924046d17dd0c842c9fa9ccf489bc6dc.jpg?ver=1777444967","caption":"Barbara Halliop"},"url":"https:\/\/nid.pl\/en\/author\/bhalliop\/"}]}},"_links":{"self":[{"href":"https:\/\/nid.pl\/en\/wp-json\/wp\/v2\/posts\/24800","targetHints":{"allow":["GET"]}}],"collection":[{"href":"https:\/\/nid.pl\/en\/wp-json\/wp\/v2\/posts"}],"about":[{"href":"https:\/\/nid.pl\/en\/wp-json\/wp\/v2\/types\/post"}],"author":[{"embeddable":true,"href":"https:\/\/nid.pl\/en\/wp-json\/wp\/v2\/users\/7"}],"replies":[{"embeddable":true,"href":"https:\/\/nid.pl\/en\/wp-json\/wp\/v2\/comments?post=24800"}],"version-history":[{"count":0,"href":"https:\/\/nid.pl\/en\/wp-json\/wp\/v2\/posts\/24800\/revisions"}],"wp:featuredmedia":[{"embeddable":true,"href":"https:\/\/nid.pl\/en\/wp-json\/wp\/v2\/media\/24806"}],"wp:attachment":[{"href":"https:\/\/nid.pl\/en\/wp-json\/wp\/v2\/media?parent=24800"}],"wp:term":[{"taxonomy":"category","embeddable":true,"href":"https:\/\/nid.pl\/en\/wp-json\/wp\/v2\/categories?post=24800"},{"taxonomy":"post_tag","embeddable":true,"href":"https:\/\/nid.pl\/en\/wp-json\/wp\/v2\/tags?post=24800"}],"curies":[{"name":"wp","href":"https:\/\/api.w.org\/{rel}","templated":true}]}}