{"id":24681,"date":"2025-01-14T16:19:53","date_gmt":"2025-01-14T15:19:53","guid":{"rendered":"https:\/\/nid.pl\/?p=24681"},"modified":"2025-05-20T14:05:26","modified_gmt":"2025-05-20T12:05:26","slug":"seminarium-w-ramach-wspolpracy-bilateralnej-cultural-heritage-and-the-climate-changes-new-perspectives","status":"publish","type":"post","link":"https:\/\/nid.pl\/en\/2025\/01\/14\/seminarium-w-ramach-wspolpracy-bilateralnej-cultural-heritage-and-the-climate-changes-new-perspectives\/","title":{"rendered":"Seminarium w ramach wsp\u00f3\u0142pracy bilateralnej \u201eCultural Heritage and the Climate Changes. New perspectives&#8221;\u00a0"},"content":{"rendered":"<p class=\"has-medium-font-size\"><strong>14 stycznia w Krakowie rozpocz\u0119\u0142o si\u0119 seminarium inauguruj\u0105ce projekt we wsp\u00f3\u0142pracy bilateralnej pomi\u0119dzy Narodowym Instytutem Dziedzictwa a norwesk\u0105 instytucj\u0105 Riksantikvaren, pt. &#8220;Cultural Heritage and the Climate Changes. New perspectives&#8221;.<\/strong> <strong>Seminarium jest cz\u0119\u015bci\u0105 dwudniowej wizyty studyjnej przedstawicieli Riksantikvaren w Polsce.<\/strong> <strong>Celem spotkania by\u0142o zaanga\u017cowanie ekspert\u00f3w w dyskusj\u0119 nad zagadnieniami zwi\u0105zanymi z ochron\u0105 dziedzictwa w kontek\u015bcie zmian klimatu.<\/strong>&nbsp;<\/p>\n\n\n\n<p><\/p>\n\n\n\n<h5 class=\"wp-block-heading has-text-color has-link-color wp-elements-3507a9e1ca28e7ac41633b626ddfa637\" style=\"color:#727272\"><strong>Projekt \u201eCultural Heritage and the Climate Changes. New perspectives&#8221;<\/strong>&nbsp;<\/h5>\n\n\n\n<p><\/p>\n\n\n\n<p>Projekt \u201eCultural Heritage and the Climate Changes. New perspectives&#8221; jest kontynuacj\u0105 wcze\u015bniejszych dzia\u0142a\u0144 podj\u0119tych w ramach inicjatywy \u201eCultural Heritage and Climate Change\u201d i koncentruje si\u0119 na analizie mo\u017cliwo\u015bci wdro\u017cenia systemu prewencyjnej konserwacji dziedzictwa kulturowego, wzorowanego na modelu <em>Monumentenwacht<\/em> funkcjonuj\u0105cym w Holandii. System ten opiera si\u0119 na regularnych inspekcjach obiekt\u00f3w zabytkowych, dostarczaj\u0105cych w\u0142a\u015bcicielom oraz zarz\u0105dcom informacji o stanie technicznym budynk\u00f3w i wskaz\u00f3wek dotycz\u0105cych ich w\u0142a\u015bciwej konserwacji. Istotnym elementem modelu jest r\u00f3wnie\u017c edukacja i podnoszenie \u015bwiadomo\u015bci na temat znaczenia prewencyjnej ochrony budynk\u00f3w historycznych.&nbsp;<\/p>\n\n\n\n<p>G\u0142\u00f3wnym celem inicjatywy <strong>\u201eCultural Heritage and the Climate Changes. New perspectives&#8221; <\/strong>jest analiza mo\u017cliwo\u015bci wdro\u017cenia podobnych rozwi\u0105za\u0144 w Polsce i Norwegii. W kontek\u015bcie coraz bardziej dynamicznych zmian klimatycznych oraz ich wp\u0142ywu na dziedzictwo kulturowe, konieczno\u015b\u0107 wprowadzenia efektywnych strategii prewencyjnych staje si\u0119 kluczowa. Regularna konserwacja jest znacznie bardziej efektywna kosztowo i organizacyjnie ni\u017c kompleksowe renowacje, a odpowiednio opracowane systemy monitoruj\u0105ce mog\u0105 znacz\u0105co zwi\u0119kszy\u0107 ochron\u0119 obiekt\u00f3w historycznych.&nbsp;<\/p>\n\n\n\n<p><\/p>\n\n\n\n<h5 class=\"wp-block-heading has-text-color has-link-color wp-elements-450f38a16575431aebc0abe84da8da26\" style=\"color:#727272\"><strong>Wizyta studyjna w Polsce &#8211; Krak\u00f3w i Zakopane<\/strong>&nbsp;<\/h5>\n\n\n\n<p><\/p>\n\n\n\n<p>Wizyta studyjna w Krakowie (13\u201315 stycznia 2025) koncentrowa\u0142a si\u0119 na wymianie do\u015bwiadcze\u0144 i analizie prewencyjnej konserwacji dziedzictwa kulturowego. Przedstawiciele norweskiej instytucji Riksantikvaren oraz Narodowego Instytutu Dziedzictwa wzi\u0119li udzia\u0142 w seminarium po\u015bwi\u0119conym metodom ochrony zabytk\u00f3w. W programie znalaz\u0142y si\u0119 prezentacje dotycz\u0105ce strategii konserwacji architektury drewnianej, roli niematerialnego dziedzictwa w zachowaniu budowli historycznych oraz wp\u0142ywu zmian klimatycznych na zarz\u0105dzanie dziedzictwem. Om\u00f3wione zosta\u0142y tak\u017ce do\u015bwiadczenia zwi\u0105zane z norweskim funduszem renowacyjnym oraz funkcjonowaniem systemu <em>Monumentenwacht<\/em> w Europie.&nbsp;<\/p>\n\n\n\n<p>Druga cz\u0119\u015b\u0107 wizyty by\u0142a po\u015bwi\u0119cona badaniu tradycyjnych technik rzemie\u015blniczych. Uczestnicy wzi\u0119li udzia\u0142 w spacerze \u015bladami krakowskich witra\u017cy, a nast\u0119pnie odwiedzili Muzeum Witra\u017cu. Kolejnego dnia eksperci przeanalizowali metody ochrony drewnianej architektury Zakopanego oraz poznali tradycyjne techniki ciesielskie stosowane w regionie Podhala.&nbsp;<\/p>\n\n\n\n<p><\/p>\n\n\n\n<p><\/p>\n\n\n\n<div class=\"wp-block-columns is-layout-flex wp-container-core-columns-is-layout-9d6595d7 wp-block-columns-is-layout-flex\">\n<div class=\"wp-block-column is-layout-flow wp-block-column-is-layout-flow\">\n<figure data-wp-context=\"{&quot;imageId&quot;:&quot;69f72567948aa&quot;}\" data-wp-interactive=\"core\/image\" data-wp-key=\"69f72567948aa\" class=\"wp-block-image size-large wp-lightbox-container\"><img loading=\"lazy\" decoding=\"async\" width=\"1024\" height=\"768\" data-wp-class--hide=\"state.isContentHidden\" data-wp-class--show=\"state.isContentVisible\" data-wp-init=\"callbacks.setButtonStyles\" data-wp-on--click=\"actions.showLightbox\" data-wp-on--load=\"callbacks.setButtonStyles\" data-wp-on-window--resize=\"callbacks.setButtonStyles\" src=\"https:\/\/nid.pl\/wp-content\/uploads\/2025\/01\/IMG_2221-1024x768.jpg\" alt=\"\" class=\"wp-image-24683\" srcset=\"https:\/\/nid.pl\/wp-content\/uploads\/2025\/01\/IMG_2221-980x735.jpg 980w, https:\/\/nid.pl\/wp-content\/uploads\/2025\/01\/IMG_2221-480x360.jpg 480w\" sizes=\"(min-width: 0px) and (max-width: 480px) 480px, (min-width: 481px) and (max-width: 980px) 980px, (min-width: 981px) 1024px, 100vw\" \/><button\n\t\t\tclass=\"lightbox-trigger\"\n\t\t\ttype=\"button\"\n\t\t\taria-haspopup=\"dialog\"\n\t\t\taria-label=\"Enlarge\"\n\t\t\tdata-wp-init=\"callbacks.initTriggerButton\"\n\t\t\tdata-wp-on--click=\"actions.showLightbox\"\n\t\t\tdata-wp-style--right=\"state.imageButtonRight\"\n\t\t\tdata-wp-style--top=\"state.imageButtonTop\"\n\t\t>\n\t\t\t<svg xmlns=\"http:\/\/www.w3.org\/2000\/svg\" width=\"12\" height=\"12\" fill=\"none\" viewbox=\"0 0 12 12\">\n\t\t\t\t<path fill=\"#fff\" d=\"M2 0a2 2 0 0 0-2 2v2h1.5V2a.5.5 0 0 1 .5-.5h2V0H2Zm2 10.5H2a.5.5 0 0 1-.5-.5V8H0v2a2 2 0 0 0 2 2h2v-1.5ZM8 12v-1.5h2a.5.5 0 0 0 .5-.5V8H12v2a2 2 0 0 1-2 2H8Zm2-12a2 2 0 0 1 2 2v2h-1.5V2a.5.5 0 0 0-.5-.5H8V0h2Z\" \/>\n\t\t\t<\/svg>\n\t\t<\/button><figcaption class=\"wp-element-caption\">zast\u0119pca dyrektora NID, dr Andrzej Siwek podczas seminarium w Krakowie, fot. NID\/P.Adamczyk<\/figcaption><\/figure>\n<\/div>\n\n\n\n<div class=\"wp-block-column is-layout-flow wp-block-column-is-layout-flow\">\n<figure data-wp-context=\"{&quot;imageId&quot;:&quot;69f7256795ab5&quot;}\" data-wp-interactive=\"core\/image\" data-wp-key=\"69f7256795ab5\" class=\"wp-block-image size-large wp-lightbox-container\"><img loading=\"lazy\" decoding=\"async\" width=\"1024\" height=\"768\" data-wp-class--hide=\"state.isContentHidden\" data-wp-class--show=\"state.isContentVisible\" data-wp-init=\"callbacks.setButtonStyles\" data-wp-on--click=\"actions.showLightbox\" data-wp-on--load=\"callbacks.setButtonStyles\" data-wp-on-window--resize=\"callbacks.setButtonStyles\" src=\"https:\/\/nid.pl\/wp-content\/uploads\/2025\/01\/IMG_2216-1024x768.jpg\" alt=\"\" class=\"wp-image-24684\" srcset=\"https:\/\/nid.pl\/wp-content\/uploads\/2025\/01\/IMG_2216-980x735.jpg 980w, https:\/\/nid.pl\/wp-content\/uploads\/2025\/01\/IMG_2216-480x360.jpg 480w\" sizes=\"(min-width: 0px) and (max-width: 480px) 480px, (min-width: 481px) and (max-width: 980px) 980px, (min-width: 981px) 1024px, 100vw\" \/><button\n\t\t\tclass=\"lightbox-trigger\"\n\t\t\ttype=\"button\"\n\t\t\taria-haspopup=\"dialog\"\n\t\t\taria-label=\"Enlarge\"\n\t\t\tdata-wp-init=\"callbacks.initTriggerButton\"\n\t\t\tdata-wp-on--click=\"actions.showLightbox\"\n\t\t\tdata-wp-style--right=\"state.imageButtonRight\"\n\t\t\tdata-wp-style--top=\"state.imageButtonTop\"\n\t\t>\n\t\t\t<svg xmlns=\"http:\/\/www.w3.org\/2000\/svg\" width=\"12\" height=\"12\" fill=\"none\" viewbox=\"0 0 12 12\">\n\t\t\t\t<path fill=\"#fff\" d=\"M2 0a2 2 0 0 0-2 2v2h1.5V2a.5.5 0 0 1 .5-.5h2V0H2Zm2 10.5H2a.5.5 0 0 1-.5-.5V8H0v2a2 2 0 0 0 2 2h2v-1.5ZM8 12v-1.5h2a.5.5 0 0 0 .5-.5V8H12v2a2 2 0 0 1-2 2H8Zm2-12a2 2 0 0 1 2 2v2h-1.5V2a.5.5 0 0 0-.5-.5H8V0h2Z\" \/>\n\t\t\t<\/svg>\n\t\t<\/button><figcaption class=\"wp-element-caption\">wyst\u0105pienie Vegarda Bergg\u00e5rda, Riksantikvaren, fot. NID\/P.Adamczyk<\/figcaption><\/figure>\n<\/div>\n\n\n\n<div class=\"wp-block-column is-layout-flow wp-block-column-is-layout-flow\">\n<figure data-wp-context=\"{&quot;imageId&quot;:&quot;69f7256795f43&quot;}\" data-wp-interactive=\"core\/image\" data-wp-key=\"69f7256795f43\" class=\"wp-block-image size-large wp-lightbox-container\"><img loading=\"lazy\" decoding=\"async\" width=\"1024\" height=\"768\" data-wp-class--hide=\"state.isContentHidden\" data-wp-class--show=\"state.isContentVisible\" data-wp-init=\"callbacks.setButtonStyles\" data-wp-on--click=\"actions.showLightbox\" data-wp-on--load=\"callbacks.setButtonStyles\" data-wp-on-window--resize=\"callbacks.setButtonStyles\" src=\"https:\/\/nid.pl\/wp-content\/uploads\/2025\/01\/IMG_2275-1024x768.jpg\" alt=\"\" class=\"wp-image-24688\" srcset=\"https:\/\/nid.pl\/wp-content\/uploads\/2025\/01\/IMG_2275-980x735.jpg 980w, https:\/\/nid.pl\/wp-content\/uploads\/2025\/01\/IMG_2275-480x360.jpg 480w\" sizes=\"(min-width: 0px) and (max-width: 480px) 480px, (min-width: 481px) and (max-width: 980px) 980px, (min-width: 981px) 1024px, 100vw\" \/><button\n\t\t\tclass=\"lightbox-trigger\"\n\t\t\ttype=\"button\"\n\t\t\taria-haspopup=\"dialog\"\n\t\t\taria-label=\"Enlarge\"\n\t\t\tdata-wp-init=\"callbacks.initTriggerButton\"\n\t\t\tdata-wp-on--click=\"actions.showLightbox\"\n\t\t\tdata-wp-style--right=\"state.imageButtonRight\"\n\t\t\tdata-wp-style--top=\"state.imageButtonTop\"\n\t\t>\n\t\t\t<svg xmlns=\"http:\/\/www.w3.org\/2000\/svg\" width=\"12\" height=\"12\" fill=\"none\" viewbox=\"0 0 12 12\">\n\t\t\t\t<path fill=\"#fff\" d=\"M2 0a2 2 0 0 0-2 2v2h1.5V2a.5.5 0 0 1 .5-.5h2V0H2Zm2 10.5H2a.5.5 0 0 1-.5-.5V8H0v2a2 2 0 0 0 2 2h2v-1.5ZM8 12v-1.5h2a.5.5 0 0 0 .5-.5V8H12v2a2 2 0 0 1-2 2H8Zm2-12a2 2 0 0 1 2 2v2h-1.5V2a.5.5 0 0 0-.5-.5H8V0h2Z\" \/>\n\t\t\t<\/svg>\n\t\t<\/button><figcaption class=\"wp-element-caption\">wyst\u0105pienie Anny Kozio\u0142-S\u0142upskiej  i Anna Fogel, NID, fot. NID\/P.Adamczyk<\/figcaption><\/figure>\n<\/div>\n<\/div>\n\n\n\n<div class=\"wp-block-columns is-layout-flex wp-container-core-columns-is-layout-9d6595d7 wp-block-columns-is-layout-flex\">\n<div class=\"wp-block-column is-layout-flow wp-block-column-is-layout-flow\">\n<figure data-wp-context=\"{&quot;imageId&quot;:&quot;69f7256796407&quot;}\" data-wp-interactive=\"core\/image\" data-wp-key=\"69f7256796407\" class=\"wp-block-image size-large wp-lightbox-container\"><img loading=\"lazy\" decoding=\"async\" width=\"1024\" height=\"768\" data-wp-class--hide=\"state.isContentHidden\" data-wp-class--show=\"state.isContentVisible\" data-wp-init=\"callbacks.setButtonStyles\" data-wp-on--click=\"actions.showLightbox\" data-wp-on--load=\"callbacks.setButtonStyles\" data-wp-on-window--resize=\"callbacks.setButtonStyles\" src=\"https:\/\/nid.pl\/wp-content\/uploads\/2025\/01\/IMG_2191-1024x768.jpg\" alt=\"\" class=\"wp-image-24686\" srcset=\"https:\/\/nid.pl\/wp-content\/uploads\/2025\/01\/IMG_2191-980x735.jpg 980w, https:\/\/nid.pl\/wp-content\/uploads\/2025\/01\/IMG_2191-480x360.jpg 480w\" sizes=\"(min-width: 0px) and (max-width: 480px) 480px, (min-width: 481px) and (max-width: 980px) 980px, (min-width: 981px) 1024px, 100vw\" \/><button\n\t\t\tclass=\"lightbox-trigger\"\n\t\t\ttype=\"button\"\n\t\t\taria-haspopup=\"dialog\"\n\t\t\taria-label=\"Enlarge\"\n\t\t\tdata-wp-init=\"callbacks.initTriggerButton\"\n\t\t\tdata-wp-on--click=\"actions.showLightbox\"\n\t\t\tdata-wp-style--right=\"state.imageButtonRight\"\n\t\t\tdata-wp-style--top=\"state.imageButtonTop\"\n\t\t>\n\t\t\t<svg xmlns=\"http:\/\/www.w3.org\/2000\/svg\" width=\"12\" height=\"12\" fill=\"none\" viewbox=\"0 0 12 12\">\n\t\t\t\t<path fill=\"#fff\" d=\"M2 0a2 2 0 0 0-2 2v2h1.5V2a.5.5 0 0 1 .5-.5h2V0H2Zm2 10.5H2a.5.5 0 0 1-.5-.5V8H0v2a2 2 0 0 0 2 2h2v-1.5ZM8 12v-1.5h2a.5.5 0 0 0 .5-.5V8H12v2a2 2 0 0 1-2 2H8Zm2-12a2 2 0 0 1 2 2v2h-1.5V2a.5.5 0 0 0-.5-.5H8V0h2Z\" \/>\n\t\t\t<\/svg>\n\t\t<\/button><figcaption class=\"wp-element-caption\">wyst\u0105pienie Agaty Muchy, NID, fot. NID\/P.Adamczyk<\/figcaption><\/figure>\n<\/div>\n\n\n\n<div class=\"wp-block-column is-layout-flow wp-block-column-is-layout-flow\">\n<figure data-wp-context=\"{&quot;imageId&quot;:&quot;69f7256796769&quot;}\" data-wp-interactive=\"core\/image\" data-wp-key=\"69f7256796769\" class=\"wp-block-image size-large wp-lightbox-container\"><img loading=\"lazy\" decoding=\"async\" width=\"1024\" height=\"768\" data-wp-class--hide=\"state.isContentHidden\" data-wp-class--show=\"state.isContentVisible\" data-wp-init=\"callbacks.setButtonStyles\" data-wp-on--click=\"actions.showLightbox\" data-wp-on--load=\"callbacks.setButtonStyles\" data-wp-on-window--resize=\"callbacks.setButtonStyles\" src=\"https:\/\/nid.pl\/wp-content\/uploads\/2025\/01\/IMG_2347-1024x768.jpg\" alt=\"\" class=\"wp-image-24687\" srcset=\"https:\/\/nid.pl\/wp-content\/uploads\/2025\/01\/IMG_2347-980x735.jpg 980w, https:\/\/nid.pl\/wp-content\/uploads\/2025\/01\/IMG_2347-480x360.jpg 480w\" sizes=\"(min-width: 0px) and (max-width: 480px) 480px, (min-width: 481px) and (max-width: 980px) 980px, (min-width: 981px) 1024px, 100vw\" \/><button\n\t\t\tclass=\"lightbox-trigger\"\n\t\t\ttype=\"button\"\n\t\t\taria-haspopup=\"dialog\"\n\t\t\taria-label=\"Enlarge\"\n\t\t\tdata-wp-init=\"callbacks.initTriggerButton\"\n\t\t\tdata-wp-on--click=\"actions.showLightbox\"\n\t\t\tdata-wp-style--right=\"state.imageButtonRight\"\n\t\t\tdata-wp-style--top=\"state.imageButtonTop\"\n\t\t>\n\t\t\t<svg xmlns=\"http:\/\/www.w3.org\/2000\/svg\" width=\"12\" height=\"12\" fill=\"none\" viewbox=\"0 0 12 12\">\n\t\t\t\t<path fill=\"#fff\" d=\"M2 0a2 2 0 0 0-2 2v2h1.5V2a.5.5 0 0 1 .5-.5h2V0H2Zm2 10.5H2a.5.5 0 0 1-.5-.5V8H0v2a2 2 0 0 0 2 2h2v-1.5ZM8 12v-1.5h2a.5.5 0 0 0 .5-.5V8H12v2a2 2 0 0 1-2 2H8Zm2-12a2 2 0 0 1 2 2v2h-1.5V2a.5.5 0 0 0-.5-.5H8V0h2Z\" \/>\n\t\t\t<\/svg>\n\t\t<\/button><figcaption class=\"wp-element-caption\">wyst\u0105pienie Marty Kami\u0144skiej, fot. NID\/P.Adamczyk<\/figcaption><\/figure>\n<\/div>\n<\/div>\n\n\n\n<p><\/p>\n\n\n\n<p><\/p>\n\n\n\n<h5 class=\"wp-block-heading has-text-color has-link-color wp-elements-f59f9647f45856bfc7c1b122225aca6a\" style=\"color:#727272\"><strong>Realizacja projektu<\/strong>&nbsp;<\/h5>\n\n\n\n<p><\/p>\n\n\n\n<p>W ramach projektu planowane s\u0105 kolejne dzia\u0142ania:&nbsp;<\/p>\n\n\n\n<ul class=\"wp-block-list\">\n<li>Analiza istniej\u0105cych system\u00f3w prewencyjnego monitoringu i konserwacji&nbsp;&nbsp;<\/li>\n\n\n\n<li>Identyfikacja luk i wyzwa\u0144 w systemach ochrony dziedzictwa kulturowego&nbsp;<\/li>\n\n\n\n<li>Analiza metod stosowanych w systemie Monumentenwacht&nbsp;&nbsp;<\/li>\n\n\n\n<li>Ocena roli tradycyjnych technik rzemie\u015blniczych&nbsp;&nbsp;<\/li>\n\n\n\n<li>Badanie rozwi\u0105za\u0144 zwi\u0105zanych z efektywno\u015bci\u0105 energetyczn\u0105&nbsp;<\/li>\n<\/ul>\n\n\n\n<p>Kolejne wydarzenia, kt\u00f3re odb\u0119d\u0105 si\u0119 w ramach realizacji wsp\u00f3\u0142pracy to podr\u00f3\u017c studyjna do Holandii i Belgii oraz udzia\u0142 w mi\u0119dzynarodowej konferencji po\u015bwi\u0119conej monitoringowi prewencyjnemu, kt\u00f3ra odb\u0119dzie si\u0119 w marcu w Bratys\u0142awie, na S\u0142owacji.&nbsp;<\/p>\n\n\n\n<p>W wyniku realizacji projektu powstanie raport ko\u0144cowy podsumowuj\u0105cy dzia\u0142ania podj\u0119te w ramach inicjatywy. Dokument ten zawiera\u0107 b\u0119dzie rekomendacje dotycz\u0105ce mo\u017cliwo\u015bci wdro\u017cenia systemu prewencyjnej konserwacji w Polsce i Norwegii, zar\u00f3wno w pe\u0142nym zakresie, jak i w formie dostosowanych rozwi\u0105za\u0144 opartych na najlepszych praktykach europejskich.&nbsp;<\/p>\n\n\n\n<p><\/p>\n\n\n\n<p><\/p>\n\n\n\n<figure class=\"wp-block-image size-full\"><img loading=\"lazy\" decoding=\"async\" width=\"173\" height=\"71\" src=\"https:\/\/nid.pl\/wp-content\/uploads\/2025\/01\/image001.png\" alt=\"\" class=\"wp-image-24857\" srcset=\"https:\/\/nid.pl\/wp-content\/uploads\/2025\/01\/image001.png 173w, https:\/\/nid.pl\/wp-content\/uploads\/2025\/01\/image001-18x7.png 18w\" sizes=\"(max-width: 173px) 100vw, 173px\" \/><\/figure>\n\n\n\n<p><\/p>\n\n\n\n<p><\/p>\n\n\n\n<p><\/p>\n\n\n\n<div class=\"wp-block-columns is-layout-flex wp-container-core-columns-is-layout-9d6595d7 wp-block-columns-is-layout-flex\">\n<div class=\"wp-block-column is-layout-flow wp-block-column-is-layout-flow\">\n<figure data-wp-context=\"{&quot;imageId&quot;:&quot;69f7256796f83&quot;}\" data-wp-interactive=\"core\/image\" data-wp-key=\"69f7256796f83\" class=\"wp-block-image size-large wp-lightbox-container\"><img loading=\"lazy\" decoding=\"async\" width=\"1024\" height=\"768\" data-wp-class--hide=\"state.isContentHidden\" data-wp-class--show=\"state.isContentVisible\" data-wp-init=\"callbacks.setButtonStyles\" data-wp-on--click=\"actions.showLightbox\" data-wp-on--load=\"callbacks.setButtonStyles\" data-wp-on-window--resize=\"callbacks.setButtonStyles\" src=\"https:\/\/nid.pl\/wp-content\/uploads\/2025\/01\/IMG_2450-1024x768.jpeg\" alt=\"Wizyta studyjna w Krakowie - Muzeum Witra\u017cu, fot. NID\/P.Adamczyk\" class=\"wp-image-24720\" srcset=\"https:\/\/nid.pl\/wp-content\/uploads\/2025\/01\/IMG_2450-980x735.jpeg 980w, https:\/\/nid.pl\/wp-content\/uploads\/2025\/01\/IMG_2450-480x360.jpeg 480w\" sizes=\"(min-width: 0px) and (max-width: 480px) 480px, (min-width: 481px) and (max-width: 980px) 980px, (min-width: 981px) 1024px, 100vw\" \/><button\n\t\t\tclass=\"lightbox-trigger\"\n\t\t\ttype=\"button\"\n\t\t\taria-haspopup=\"dialog\"\n\t\t\taria-label=\"Enlarge\"\n\t\t\tdata-wp-init=\"callbacks.initTriggerButton\"\n\t\t\tdata-wp-on--click=\"actions.showLightbox\"\n\t\t\tdata-wp-style--right=\"state.imageButtonRight\"\n\t\t\tdata-wp-style--top=\"state.imageButtonTop\"\n\t\t>\n\t\t\t<svg xmlns=\"http:\/\/www.w3.org\/2000\/svg\" width=\"12\" height=\"12\" fill=\"none\" viewbox=\"0 0 12 12\">\n\t\t\t\t<path fill=\"#fff\" d=\"M2 0a2 2 0 0 0-2 2v2h1.5V2a.5.5 0 0 1 .5-.5h2V0H2Zm2 10.5H2a.5.5 0 0 1-.5-.5V8H0v2a2 2 0 0 0 2 2h2v-1.5ZM8 12v-1.5h2a.5.5 0 0 0 .5-.5V8H12v2a2 2 0 0 1-2 2H8Zm2-12a2 2 0 0 1 2 2v2h-1.5V2a.5.5 0 0 0-.5-.5H8V0h2Z\" \/>\n\t\t\t<\/svg>\n\t\t<\/button><figcaption class=\"wp-element-caption\">Wizyta studyjna w Krakowie &#8211; Muzeum Witra\u017cu, fot. NID\/P.Adamczyk<\/figcaption><\/figure>\n<\/div>\n\n\n\n<div class=\"wp-block-column is-layout-flow wp-block-column-is-layout-flow\">\n<figure data-wp-context=\"{&quot;imageId&quot;:&quot;69f7256797313&quot;}\" data-wp-interactive=\"core\/image\" data-wp-key=\"69f7256797313\" class=\"wp-block-image size-large wp-lightbox-container\"><img loading=\"lazy\" decoding=\"async\" width=\"1024\" height=\"768\" data-wp-class--hide=\"state.isContentHidden\" data-wp-class--show=\"state.isContentVisible\" data-wp-init=\"callbacks.setButtonStyles\" data-wp-on--click=\"actions.showLightbox\" data-wp-on--load=\"callbacks.setButtonStyles\" data-wp-on-window--resize=\"callbacks.setButtonStyles\" src=\"https:\/\/nid.pl\/wp-content\/uploads\/2025\/01\/IMG_2434-1024x768.jpeg\" alt=\"Wizyta studyjna w Krakowie - Muzeum Witra\u017cu, fot. NID\/P.Adamczyk\" class=\"wp-image-24719\" srcset=\"https:\/\/nid.pl\/wp-content\/uploads\/2025\/01\/IMG_2434-980x735.jpeg 980w, https:\/\/nid.pl\/wp-content\/uploads\/2025\/01\/IMG_2434-480x360.jpeg 480w\" sizes=\"(min-width: 0px) and (max-width: 480px) 480px, (min-width: 481px) and (max-width: 980px) 980px, (min-width: 981px) 1024px, 100vw\" \/><button\n\t\t\tclass=\"lightbox-trigger\"\n\t\t\ttype=\"button\"\n\t\t\taria-haspopup=\"dialog\"\n\t\t\taria-label=\"Enlarge\"\n\t\t\tdata-wp-init=\"callbacks.initTriggerButton\"\n\t\t\tdata-wp-on--click=\"actions.showLightbox\"\n\t\t\tdata-wp-style--right=\"state.imageButtonRight\"\n\t\t\tdata-wp-style--top=\"state.imageButtonTop\"\n\t\t>\n\t\t\t<svg xmlns=\"http:\/\/www.w3.org\/2000\/svg\" width=\"12\" height=\"12\" fill=\"none\" viewbox=\"0 0 12 12\">\n\t\t\t\t<path fill=\"#fff\" d=\"M2 0a2 2 0 0 0-2 2v2h1.5V2a.5.5 0 0 1 .5-.5h2V0H2Zm2 10.5H2a.5.5 0 0 1-.5-.5V8H0v2a2 2 0 0 0 2 2h2v-1.5ZM8 12v-1.5h2a.5.5 0 0 0 .5-.5V8H12v2a2 2 0 0 1-2 2H8Zm2-12a2 2 0 0 1 2 2v2h-1.5V2a.5.5 0 0 0-.5-.5H8V0h2Z\" \/>\n\t\t\t<\/svg>\n\t\t<\/button><figcaption class=\"wp-element-caption\">Wizyta studyjna w Krakowie &#8211; Muzeum Witra\u017cu, fot. NID\/P.Adamczyk<\/figcaption><\/figure>\n<\/div>\n\n\n\n<div class=\"wp-block-column is-layout-flow wp-block-column-is-layout-flow\">\n<figure data-wp-context=\"{&quot;imageId&quot;:&quot;69f7256797680&quot;}\" data-wp-interactive=\"core\/image\" data-wp-key=\"69f7256797680\" class=\"wp-block-image size-large wp-lightbox-container\"><img loading=\"lazy\" decoding=\"async\" width=\"1024\" height=\"768\" data-wp-class--hide=\"state.isContentHidden\" data-wp-class--show=\"state.isContentVisible\" data-wp-init=\"callbacks.setButtonStyles\" data-wp-on--click=\"actions.showLightbox\" data-wp-on--load=\"callbacks.setButtonStyles\" data-wp-on-window--resize=\"callbacks.setButtonStyles\" src=\"https:\/\/nid.pl\/wp-content\/uploads\/2025\/01\/IMG_2392-1024x768.jpeg\" alt=\"Wizyta studyjna w Krakowie - Muzeum Witra\u017cu, fot. NID\/P.Adamczyk\" class=\"wp-image-24730\" srcset=\"https:\/\/nid.pl\/wp-content\/uploads\/2025\/01\/IMG_2392-980x735.jpeg 980w, https:\/\/nid.pl\/wp-content\/uploads\/2025\/01\/IMG_2392-480x360.jpeg 480w\" sizes=\"(min-width: 0px) and (max-width: 480px) 480px, (min-width: 481px) and (max-width: 980px) 980px, (min-width: 981px) 1024px, 100vw\" \/><button\n\t\t\tclass=\"lightbox-trigger\"\n\t\t\ttype=\"button\"\n\t\t\taria-haspopup=\"dialog\"\n\t\t\taria-label=\"Enlarge\"\n\t\t\tdata-wp-init=\"callbacks.initTriggerButton\"\n\t\t\tdata-wp-on--click=\"actions.showLightbox\"\n\t\t\tdata-wp-style--right=\"state.imageButtonRight\"\n\t\t\tdata-wp-style--top=\"state.imageButtonTop\"\n\t\t>\n\t\t\t<svg xmlns=\"http:\/\/www.w3.org\/2000\/svg\" width=\"12\" height=\"12\" fill=\"none\" viewbox=\"0 0 12 12\">\n\t\t\t\t<path fill=\"#fff\" d=\"M2 0a2 2 0 0 0-2 2v2h1.5V2a.5.5 0 0 1 .5-.5h2V0H2Zm2 10.5H2a.5.5 0 0 1-.5-.5V8H0v2a2 2 0 0 0 2 2h2v-1.5ZM8 12v-1.5h2a.5.5 0 0 0 .5-.5V8H12v2a2 2 0 0 1-2 2H8Zm2-12a2 2 0 0 1 2 2v2h-1.5V2a.5.5 0 0 0-.5-.5H8V0h2Z\" \/>\n\t\t\t<\/svg>\n\t\t<\/button><figcaption class=\"wp-element-caption\">Wizyta studyjna w Krakowie &#8211; Muzeum Witra\u017cu, fot. NID\/P.Adamczyk<\/figcaption><\/figure>\n<\/div>\n<\/div>\n\n\n\n<div class=\"wp-block-columns is-layout-flex wp-container-core-columns-is-layout-9d6595d7 wp-block-columns-is-layout-flex\">\n<div class=\"wp-block-column is-layout-flow wp-block-column-is-layout-flow\">\n<figure data-wp-context=\"{&quot;imageId&quot;:&quot;69f7256797a90&quot;}\" data-wp-interactive=\"core\/image\" data-wp-key=\"69f7256797a90\" class=\"wp-block-image size-large wp-lightbox-container\"><img loading=\"lazy\" decoding=\"async\" width=\"1024\" height=\"768\" data-wp-class--hide=\"state.isContentHidden\" data-wp-class--show=\"state.isContentVisible\" data-wp-init=\"callbacks.setButtonStyles\" data-wp-on--click=\"actions.showLightbox\" data-wp-on--load=\"callbacks.setButtonStyles\" data-wp-on-window--resize=\"callbacks.setButtonStyles\" src=\"https:\/\/nid.pl\/wp-content\/uploads\/2025\/01\/IMG_2546-1024x768.jpeg\" alt=\"Wizyta studyjna w Zakopanem, fot. NID\/P.Adamczyk\" class=\"wp-image-24722\" srcset=\"https:\/\/nid.pl\/wp-content\/uploads\/2025\/01\/IMG_2546-980x735.jpeg 980w, https:\/\/nid.pl\/wp-content\/uploads\/2025\/01\/IMG_2546-480x360.jpeg 480w\" sizes=\"(min-width: 0px) and (max-width: 480px) 480px, (min-width: 481px) and (max-width: 980px) 980px, (min-width: 981px) 1024px, 100vw\" \/><button\n\t\t\tclass=\"lightbox-trigger\"\n\t\t\ttype=\"button\"\n\t\t\taria-haspopup=\"dialog\"\n\t\t\taria-label=\"Enlarge\"\n\t\t\tdata-wp-init=\"callbacks.initTriggerButton\"\n\t\t\tdata-wp-on--click=\"actions.showLightbox\"\n\t\t\tdata-wp-style--right=\"state.imageButtonRight\"\n\t\t\tdata-wp-style--top=\"state.imageButtonTop\"\n\t\t>\n\t\t\t<svg xmlns=\"http:\/\/www.w3.org\/2000\/svg\" width=\"12\" height=\"12\" fill=\"none\" viewbox=\"0 0 12 12\">\n\t\t\t\t<path fill=\"#fff\" d=\"M2 0a2 2 0 0 0-2 2v2h1.5V2a.5.5 0 0 1 .5-.5h2V0H2Zm2 10.5H2a.5.5 0 0 1-.5-.5V8H0v2a2 2 0 0 0 2 2h2v-1.5ZM8 12v-1.5h2a.5.5 0 0 0 .5-.5V8H12v2a2 2 0 0 1-2 2H8Zm2-12a2 2 0 0 1 2 2v2h-1.5V2a.5.5 0 0 0-.5-.5H8V0h2Z\" \/>\n\t\t\t<\/svg>\n\t\t<\/button><figcaption class=\"wp-element-caption\">Wizyta studyjna w Zakopanem, fot. NID\/P.Adamczyk<\/figcaption><\/figure>\n<\/div>\n\n\n\n<div class=\"wp-block-column is-layout-flow wp-block-column-is-layout-flow\">\n<figure data-wp-context=\"{&quot;imageId&quot;:&quot;69f7256797df3&quot;}\" data-wp-interactive=\"core\/image\" data-wp-key=\"69f7256797df3\" class=\"wp-block-image size-large wp-lightbox-container\"><img loading=\"lazy\" decoding=\"async\" width=\"1024\" height=\"768\" data-wp-class--hide=\"state.isContentHidden\" data-wp-class--show=\"state.isContentVisible\" data-wp-init=\"callbacks.setButtonStyles\" data-wp-on--click=\"actions.showLightbox\" data-wp-on--load=\"callbacks.setButtonStyles\" data-wp-on-window--resize=\"callbacks.setButtonStyles\" src=\"https:\/\/nid.pl\/wp-content\/uploads\/2025\/01\/IMG_2562-1024x768.jpeg\" alt=\"Wizyta studyjna w Zakopanem, fot. NID\/P.Adamczyk\" class=\"wp-image-24723\" srcset=\"https:\/\/nid.pl\/wp-content\/uploads\/2025\/01\/IMG_2562-980x735.jpeg 980w, https:\/\/nid.pl\/wp-content\/uploads\/2025\/01\/IMG_2562-480x360.jpeg 480w\" sizes=\"(min-width: 0px) and (max-width: 480px) 480px, (min-width: 481px) and (max-width: 980px) 980px, (min-width: 981px) 1024px, 100vw\" \/><button\n\t\t\tclass=\"lightbox-trigger\"\n\t\t\ttype=\"button\"\n\t\t\taria-haspopup=\"dialog\"\n\t\t\taria-label=\"Enlarge\"\n\t\t\tdata-wp-init=\"callbacks.initTriggerButton\"\n\t\t\tdata-wp-on--click=\"actions.showLightbox\"\n\t\t\tdata-wp-style--right=\"state.imageButtonRight\"\n\t\t\tdata-wp-style--top=\"state.imageButtonTop\"\n\t\t>\n\t\t\t<svg xmlns=\"http:\/\/www.w3.org\/2000\/svg\" width=\"12\" height=\"12\" fill=\"none\" viewbox=\"0 0 12 12\">\n\t\t\t\t<path fill=\"#fff\" d=\"M2 0a2 2 0 0 0-2 2v2h1.5V2a.5.5 0 0 1 .5-.5h2V0H2Zm2 10.5H2a.5.5 0 0 1-.5-.5V8H0v2a2 2 0 0 0 2 2h2v-1.5ZM8 12v-1.5h2a.5.5 0 0 0 .5-.5V8H12v2a2 2 0 0 1-2 2H8Zm2-12a2 2 0 0 1 2 2v2h-1.5V2a.5.5 0 0 0-.5-.5H8V0h2Z\" \/>\n\t\t\t<\/svg>\n\t\t<\/button><figcaption class=\"wp-element-caption\">Wizyta studyjna w Zakopanem, fot. NID\/P.Adamczyk<\/figcaption><\/figure>\n<\/div>\n<\/div>\n\n\n\n<div class=\"wp-block-columns is-layout-flex wp-container-core-columns-is-layout-9d6595d7 wp-block-columns-is-layout-flex\">\n<div class=\"wp-block-column is-layout-flow wp-block-column-is-layout-flow\">\n<figure data-wp-context=\"{&quot;imageId&quot;:&quot;69f72567981ea&quot;}\" data-wp-interactive=\"core\/image\" data-wp-key=\"69f72567981ea\" class=\"wp-block-image size-large wp-lightbox-container\"><img loading=\"lazy\" decoding=\"async\" width=\"1024\" height=\"768\" data-wp-class--hide=\"state.isContentHidden\" data-wp-class--show=\"state.isContentVisible\" data-wp-init=\"callbacks.setButtonStyles\" data-wp-on--click=\"actions.showLightbox\" data-wp-on--load=\"callbacks.setButtonStyles\" data-wp-on-window--resize=\"callbacks.setButtonStyles\" src=\"https:\/\/nid.pl\/wp-content\/uploads\/2025\/01\/IMG_2567-1024x768.jpeg\" alt=\"Wizyta studyjna w Zakopanem, fot. NID\/P.Adamczyk\" class=\"wp-image-24724\" srcset=\"https:\/\/nid.pl\/wp-content\/uploads\/2025\/01\/IMG_2567-980x735.jpeg 980w, https:\/\/nid.pl\/wp-content\/uploads\/2025\/01\/IMG_2567-480x360.jpeg 480w\" sizes=\"(min-width: 0px) and (max-width: 480px) 480px, (min-width: 481px) and (max-width: 980px) 980px, (min-width: 981px) 1024px, 100vw\" \/><button\n\t\t\tclass=\"lightbox-trigger\"\n\t\t\ttype=\"button\"\n\t\t\taria-haspopup=\"dialog\"\n\t\t\taria-label=\"Enlarge\"\n\t\t\tdata-wp-init=\"callbacks.initTriggerButton\"\n\t\t\tdata-wp-on--click=\"actions.showLightbox\"\n\t\t\tdata-wp-style--right=\"state.imageButtonRight\"\n\t\t\tdata-wp-style--top=\"state.imageButtonTop\"\n\t\t>\n\t\t\t<svg xmlns=\"http:\/\/www.w3.org\/2000\/svg\" width=\"12\" height=\"12\" fill=\"none\" viewbox=\"0 0 12 12\">\n\t\t\t\t<path fill=\"#fff\" d=\"M2 0a2 2 0 0 0-2 2v2h1.5V2a.5.5 0 0 1 .5-.5h2V0H2Zm2 10.5H2a.5.5 0 0 1-.5-.5V8H0v2a2 2 0 0 0 2 2h2v-1.5ZM8 12v-1.5h2a.5.5 0 0 0 .5-.5V8H12v2a2 2 0 0 1-2 2H8Zm2-12a2 2 0 0 1 2 2v2h-1.5V2a.5.5 0 0 0-.5-.5H8V0h2Z\" \/>\n\t\t\t<\/svg>\n\t\t<\/button><figcaption class=\"wp-element-caption\">Wizyta studyjna w Zakopanem, fot. NID\/P.Adamczyk<\/figcaption><\/figure>\n<\/div>\n\n\n\n<div class=\"wp-block-column is-layout-flow wp-block-column-is-layout-flow\">\n<figure data-wp-context=\"{&quot;imageId&quot;:&quot;69f7256798533&quot;}\" data-wp-interactive=\"core\/image\" data-wp-key=\"69f7256798533\" class=\"wp-block-image size-large wp-lightbox-container\"><img loading=\"lazy\" decoding=\"async\" width=\"1024\" height=\"768\" data-wp-class--hide=\"state.isContentHidden\" data-wp-class--show=\"state.isContentVisible\" data-wp-init=\"callbacks.setButtonStyles\" data-wp-on--click=\"actions.showLightbox\" data-wp-on--load=\"callbacks.setButtonStyles\" data-wp-on-window--resize=\"callbacks.setButtonStyles\" src=\"https:\/\/nid.pl\/wp-content\/uploads\/2025\/01\/IMG_2589-1024x768.jpeg\" alt=\"Wizyta studyjna w Zakopanem, fot. NID\/P.Adamczyk\" class=\"wp-image-24725\" srcset=\"https:\/\/nid.pl\/wp-content\/uploads\/2025\/01\/IMG_2589-980x735.jpeg 980w, https:\/\/nid.pl\/wp-content\/uploads\/2025\/01\/IMG_2589-480x360.jpeg 480w\" sizes=\"(min-width: 0px) and (max-width: 480px) 480px, (min-width: 481px) and (max-width: 980px) 980px, (min-width: 981px) 1024px, 100vw\" \/><button\n\t\t\tclass=\"lightbox-trigger\"\n\t\t\ttype=\"button\"\n\t\t\taria-haspopup=\"dialog\"\n\t\t\taria-label=\"Enlarge\"\n\t\t\tdata-wp-init=\"callbacks.initTriggerButton\"\n\t\t\tdata-wp-on--click=\"actions.showLightbox\"\n\t\t\tdata-wp-style--right=\"state.imageButtonRight\"\n\t\t\tdata-wp-style--top=\"state.imageButtonTop\"\n\t\t>\n\t\t\t<svg xmlns=\"http:\/\/www.w3.org\/2000\/svg\" width=\"12\" height=\"12\" fill=\"none\" viewbox=\"0 0 12 12\">\n\t\t\t\t<path fill=\"#fff\" d=\"M2 0a2 2 0 0 0-2 2v2h1.5V2a.5.5 0 0 1 .5-.5h2V0H2Zm2 10.5H2a.5.5 0 0 1-.5-.5V8H0v2a2 2 0 0 0 2 2h2v-1.5ZM8 12v-1.5h2a.5.5 0 0 0 .5-.5V8H12v2a2 2 0 0 1-2 2H8Zm2-12a2 2 0 0 1 2 2v2h-1.5V2a.5.5 0 0 0-.5-.5H8V0h2Z\" \/>\n\t\t\t<\/svg>\n\t\t<\/button><figcaption class=\"wp-element-caption\">Wizyta studyjna w Zakopanem, fot. NID\/P.Adamczyk<\/figcaption><\/figure>\n<\/div>\n<\/div>\n\n\n\n<p><\/p>\n\n\n\n<figure class=\"wp-block-image aligncenter size-large\"><img loading=\"lazy\" decoding=\"async\" width=\"1024\" height=\"768\" src=\"https:\/\/nid.pl\/wp-content\/uploads\/2025\/01\/IMG_2640-1024x768.jpeg\" alt=\"Wizyta studyjna w Zakopanem, fot. NID\/P.Adamczyk\" class=\"wp-image-24728\" srcset=\"https:\/\/nid.pl\/wp-content\/uploads\/2025\/01\/IMG_2640-980x735.jpeg 980w, https:\/\/nid.pl\/wp-content\/uploads\/2025\/01\/IMG_2640-480x360.jpeg 480w\" sizes=\"(min-width: 0px) and (max-width: 480px) 480px, (min-width: 481px) and (max-width: 980px) 980px, (min-width: 981px) 1024px, 100vw\" \/><figcaption class=\"wp-element-caption\">Uczestnicy wizyty studyjnej w Zakopanem, fot. NID\/P.Adamczyk<\/figcaption><\/figure>\n\n\n\n<p><\/p>\n\n\n\n<figure class=\"wp-block-gallery has-nested-images columns-default is-cropped wp-block-gallery-1 is-layout-flex wp-block-gallery-is-layout-flex\"><\/figure>","protected":false},"excerpt":{"rendered":"<p>14 stycznia w Krakowie rozpocz\u0119\u0142o si\u0119 seminarium inauguruj\u0105ce projekt we wsp\u00f3\u0142pracy bilateralnej pomi\u0119dzy Narodowym Instytutem Dziedzictwa a norwesk\u0105 instytucj\u0105 Riksantikvaren, pt. &#8220;Cultural Heritage and the Climate Changes. New perspectives&#8221;. Seminarium [&hellip;]<\/p>","protected":false},"author":15,"featured_media":24704,"comment_status":"closed","ping_status":"closed","sticky":false,"template":"","format":"standard","meta":{"_et_pb_use_builder":"off","_et_pb_old_content":"","_et_gb_content_width":"","_monsterinsights_skip_tracking":false,"_monsterinsights_sitenote_active":false,"_monsterinsights_sitenote_note":"","_monsterinsights_sitenote_category":0,"footnotes":""},"categories":[3,144],"tags":[],"class_list":["post-24681","post","type-post","status-publish","format-standard","has-post-thumbnail","hentry","category-aktualnosci","category-projekt-dziedzictwo-kulturowe-a-zmiany-klimatu"],"yoast_head":"<!-- This site is optimized with the Yoast SEO plugin v26.5 - https:\/\/yoast.com\/wordpress\/plugins\/seo\/ -->\n<title>Seminarium w ramach wsp\u00f3\u0142pracy bilateralnej \u201eCultural Heritage and the Climate Changes. New perspectives&quot;\u00a0 - NID<\/title>\n<meta name=\"robots\" content=\"index, follow, max-snippet:-1, max-image-preview:large, max-video-preview:-1\" \/>\n<link rel=\"canonical\" href=\"https:\/\/nid.pl\/en\/2025\/01\/14\/seminarium-w-ramach-wspolpracy-bilateralnej-cultural-heritage-and-the-climate-changes-new-perspectives\/\" \/>\n<meta property=\"og:locale\" content=\"en_GB\" \/>\n<meta property=\"og:type\" content=\"article\" \/>\n<meta property=\"og:title\" content=\"Seminarium w ramach wsp\u00f3\u0142pracy bilateralnej \u201eCultural Heritage and the Climate Changes. New perspectives&quot;\u00a0 - NID\" \/>\n<meta property=\"og:description\" content=\"14 stycznia w Krakowie rozpocz\u0119\u0142o si\u0119 seminarium inauguruj\u0105ce projekt we wsp\u00f3\u0142pracy bilateralnej pomi\u0119dzy Narodowym Instytutem Dziedzictwa a norwesk\u0105 instytucj\u0105 Riksantikvaren, pt. &#8220;Cultural Heritage and the Climate Changes. New perspectives&#8221;. Seminarium [&hellip;]\" \/>\n<meta property=\"og:url\" content=\"https:\/\/nid.pl\/en\/2025\/01\/14\/seminarium-w-ramach-wspolpracy-bilateralnej-cultural-heritage-and-the-climate-changes-new-perspectives\/\" \/>\n<meta property=\"og:site_name\" content=\"NID\" \/>\n<meta property=\"article:publisher\" content=\"https:\/\/www.facebook.com\/zabytek\" \/>\n<meta property=\"article:published_time\" content=\"2025-01-14T15:19:53+00:00\" \/>\n<meta property=\"article:modified_time\" content=\"2025-05-20T12:05:26+00:00\" \/>\n<meta property=\"og:image\" content=\"https:\/\/nid.pl\/wp-content\/uploads\/2025\/01\/miniatura-www-seminarium-krakow.jpg\" \/>\n\t<meta property=\"og:image:width\" content=\"1857\" \/>\n\t<meta property=\"og:image:height\" content=\"1238\" \/>\n\t<meta property=\"og:image:type\" content=\"image\/jpeg\" \/>\n<meta name=\"author\" content=\"Monika Ciura\" \/>\n<meta name=\"twitter:card\" content=\"summary_large_image\" \/>\n<meta name=\"twitter:creator\" content=\"@NarIDpl\" \/>\n<meta name=\"twitter:site\" content=\"@NarIDpl\" \/>\n<meta name=\"twitter:label1\" content=\"Written by\" \/>\n\t<meta name=\"twitter:data1\" content=\"Monika Ciura\" \/>\n\t<meta name=\"twitter:label2\" content=\"Estimated reading time\" \/>\n\t<meta name=\"twitter:data2\" content=\"7 minutes\" \/>\n<script type=\"application\/ld+json\" class=\"yoast-schema-graph\">{\"@context\":\"https:\/\/schema.org\",\"@graph\":[{\"@type\":\"Article\",\"@id\":\"https:\/\/nid.pl\/2025\/01\/14\/seminarium-w-ramach-wspolpracy-bilateralnej-cultural-heritage-and-the-climate-changes-new-perspectives\/#article\",\"isPartOf\":{\"@id\":\"https:\/\/nid.pl\/2025\/01\/14\/seminarium-w-ramach-wspolpracy-bilateralnej-cultural-heritage-and-the-climate-changes-new-perspectives\/\"},\"author\":{\"name\":\"Monika Ciura\",\"@id\":\"https:\/\/nid.pl\/#\/schema\/person\/ab9abea4caecdccde4fb0d555271145f\"},\"headline\":\"Seminarium w ramach wsp\u00f3\u0142pracy bilateralnej \u201eCultural Heritage and the Climate Changes. New perspectives&#8221;\u00a0\",\"datePublished\":\"2025-01-14T15:19:53+00:00\",\"dateModified\":\"2025-05-20T12:05:26+00:00\",\"mainEntityOfPage\":{\"@id\":\"https:\/\/nid.pl\/2025\/01\/14\/seminarium-w-ramach-wspolpracy-bilateralnej-cultural-heritage-and-the-climate-changes-new-perspectives\/\"},\"wordCount\":708,\"publisher\":{\"@id\":\"https:\/\/nid.pl\/#organization\"},\"image\":{\"@id\":\"https:\/\/nid.pl\/2025\/01\/14\/seminarium-w-ramach-wspolpracy-bilateralnej-cultural-heritage-and-the-climate-changes-new-perspectives\/#primaryimage\"},\"thumbnailUrl\":\"https:\/\/nid.pl\/wp-content\/uploads\/2025\/01\/miniatura-www-seminarium-krakow.jpg\",\"articleSection\":[\"Aktualno\u015bci\",\"PROJEKT - Dziedzictwo kulturowe a zmiany klimatu\"],\"inLanguage\":\"en-GB\"},{\"@type\":\"WebPage\",\"@id\":\"https:\/\/nid.pl\/2025\/01\/14\/seminarium-w-ramach-wspolpracy-bilateralnej-cultural-heritage-and-the-climate-changes-new-perspectives\/\",\"url\":\"https:\/\/nid.pl\/2025\/01\/14\/seminarium-w-ramach-wspolpracy-bilateralnej-cultural-heritage-and-the-climate-changes-new-perspectives\/\",\"name\":\"Seminarium w ramach wsp\u00f3\u0142pracy bilateralnej \u201eCultural Heritage and the Climate Changes. New perspectives\\\"\u00a0 - NID\",\"isPartOf\":{\"@id\":\"https:\/\/nid.pl\/#website\"},\"primaryImageOfPage\":{\"@id\":\"https:\/\/nid.pl\/2025\/01\/14\/seminarium-w-ramach-wspolpracy-bilateralnej-cultural-heritage-and-the-climate-changes-new-perspectives\/#primaryimage\"},\"image\":{\"@id\":\"https:\/\/nid.pl\/2025\/01\/14\/seminarium-w-ramach-wspolpracy-bilateralnej-cultural-heritage-and-the-climate-changes-new-perspectives\/#primaryimage\"},\"thumbnailUrl\":\"https:\/\/nid.pl\/wp-content\/uploads\/2025\/01\/miniatura-www-seminarium-krakow.jpg\",\"datePublished\":\"2025-01-14T15:19:53+00:00\",\"dateModified\":\"2025-05-20T12:05:26+00:00\",\"breadcrumb\":{\"@id\":\"https:\/\/nid.pl\/2025\/01\/14\/seminarium-w-ramach-wspolpracy-bilateralnej-cultural-heritage-and-the-climate-changes-new-perspectives\/#breadcrumb\"},\"inLanguage\":\"en-GB\",\"potentialAction\":[{\"@type\":\"ReadAction\",\"target\":[\"https:\/\/nid.pl\/2025\/01\/14\/seminarium-w-ramach-wspolpracy-bilateralnej-cultural-heritage-and-the-climate-changes-new-perspectives\/\"]}]},{\"@type\":\"ImageObject\",\"inLanguage\":\"en-GB\",\"@id\":\"https:\/\/nid.pl\/2025\/01\/14\/seminarium-w-ramach-wspolpracy-bilateralnej-cultural-heritage-and-the-climate-changes-new-perspectives\/#primaryimage\",\"url\":\"https:\/\/nid.pl\/wp-content\/uploads\/2025\/01\/miniatura-www-seminarium-krakow.jpg\",\"contentUrl\":\"https:\/\/nid.pl\/wp-content\/uploads\/2025\/01\/miniatura-www-seminarium-krakow.jpg\",\"width\":1857,\"height\":1238,\"caption\":\"miniatura, zdj\u0119cie przedstawiaj\u0105ce uczestnik\u00f3w wizyty studyjnej\"},{\"@type\":\"BreadcrumbList\",\"@id\":\"https:\/\/nid.pl\/2025\/01\/14\/seminarium-w-ramach-wspolpracy-bilateralnej-cultural-heritage-and-the-climate-changes-new-perspectives\/#breadcrumb\",\"itemListElement\":[{\"@type\":\"ListItem\",\"position\":1,\"name\":\"Home\",\"item\":\"https:\/\/nid.pl\/\"},{\"@type\":\"ListItem\",\"position\":2,\"name\":\"Seminarium w ramach wsp\u00f3\u0142pracy bilateralnej \u201eCultural Heritage and the Climate Changes. New perspectives&#8221;\u00a0\"}]},{\"@type\":\"WebSite\",\"@id\":\"https:\/\/nid.pl\/#website\",\"url\":\"https:\/\/nid.pl\/\",\"name\":\"NID\",\"description\":\"Narodowy Instytut Dziedzictwa\",\"publisher\":{\"@id\":\"https:\/\/nid.pl\/#organization\"},\"potentialAction\":[{\"@type\":\"SearchAction\",\"target\":{\"@type\":\"EntryPoint\",\"urlTemplate\":\"https:\/\/nid.pl\/?s={search_term_string}\"},\"query-input\":{\"@type\":\"PropertyValueSpecification\",\"valueRequired\":true,\"valueName\":\"search_term_string\"}}],\"inLanguage\":\"en-GB\"},{\"@type\":\"Organization\",\"@id\":\"https:\/\/nid.pl\/#organization\",\"name\":\"Narodowy Instytut Dziedzictwa\",\"url\":\"https:\/\/nid.pl\/\",\"logo\":{\"@type\":\"ImageObject\",\"inLanguage\":\"en-GB\",\"@id\":\"https:\/\/nid.pl\/#\/schema\/logo\/image\/\",\"url\":\"https:\/\/nid.pl\/wp-content\/uploads\/2022\/10\/logoRedDark.png\",\"contentUrl\":\"https:\/\/nid.pl\/wp-content\/uploads\/2022\/10\/logoRedDark.png\",\"width\":200,\"height\":197,\"caption\":\"Narodowy Instytut Dziedzictwa\"},\"image\":{\"@id\":\"https:\/\/nid.pl\/#\/schema\/logo\/image\/\"},\"sameAs\":[\"https:\/\/www.facebook.com\/zabytek\",\"https:\/\/x.com\/NarIDpl\",\"https:\/\/www.instagram.com\/nid.pl\/?hl=pl\",\"https:\/\/www.linkedin.com\/company\/narodowy-instytut-dziedzictwa\",\"https:\/\/www.youtube.com\/channel\/UCQXuhKa2uHtmNvLRUSx40JA\"]},{\"@type\":\"Person\",\"@id\":\"https:\/\/nid.pl\/#\/schema\/person\/ab9abea4caecdccde4fb0d555271145f\",\"name\":\"Monika Ciura\",\"image\":{\"@type\":\"ImageObject\",\"inLanguage\":\"en-GB\",\"@id\":\"https:\/\/nid.pl\/#\/schema\/person\/image\/\",\"url\":\"https:\/\/nid.pl\/wp-content\/litespeed\/avatar\/bfdb15d1cc317fac4b66bdc91090ff11.jpg?ver=1777445370\",\"contentUrl\":\"https:\/\/nid.pl\/wp-content\/litespeed\/avatar\/bfdb15d1cc317fac4b66bdc91090ff11.jpg?ver=1777445370\",\"caption\":\"Monika Ciura\"},\"url\":\"https:\/\/nid.pl\/en\/author\/mciura\/\"}]}<\/script>\n<!-- \/ Yoast SEO plugin. -->","yoast_head_json":{"title":"Seminarium w ramach wsp\u00f3\u0142pracy bilateralnej \u201eCultural Heritage and the Climate Changes. New perspectives\"\u00a0 - NID","robots":{"index":"index","follow":"follow","max-snippet":"max-snippet:-1","max-image-preview":"max-image-preview:large","max-video-preview":"max-video-preview:-1"},"canonical":"https:\/\/nid.pl\/en\/2025\/01\/14\/seminarium-w-ramach-wspolpracy-bilateralnej-cultural-heritage-and-the-climate-changes-new-perspectives\/","og_locale":"en_GB","og_type":"article","og_title":"Seminarium w ramach wsp\u00f3\u0142pracy bilateralnej \u201eCultural Heritage and the Climate Changes. New perspectives\"\u00a0 - NID","og_description":"14 stycznia w Krakowie rozpocz\u0119\u0142o si\u0119 seminarium inauguruj\u0105ce projekt we wsp\u00f3\u0142pracy bilateralnej pomi\u0119dzy Narodowym Instytutem Dziedzictwa a norwesk\u0105 instytucj\u0105 Riksantikvaren, pt. &#8220;Cultural Heritage and the Climate Changes. New perspectives&#8221;. Seminarium [&hellip;]","og_url":"https:\/\/nid.pl\/en\/2025\/01\/14\/seminarium-w-ramach-wspolpracy-bilateralnej-cultural-heritage-and-the-climate-changes-new-perspectives\/","og_site_name":"NID","article_publisher":"https:\/\/www.facebook.com\/zabytek","article_published_time":"2025-01-14T15:19:53+00:00","article_modified_time":"2025-05-20T12:05:26+00:00","og_image":[{"width":1857,"height":1238,"url":"https:\/\/nid.pl\/wp-content\/uploads\/2025\/01\/miniatura-www-seminarium-krakow.jpg","type":"image\/jpeg"}],"author":"Monika Ciura","twitter_card":"summary_large_image","twitter_creator":"@NarIDpl","twitter_site":"@NarIDpl","twitter_misc":{"Written by":"Monika Ciura","Estimated reading time":"7 minutes"},"schema":{"@context":"https:\/\/schema.org","@graph":[{"@type":"Article","@id":"https:\/\/nid.pl\/2025\/01\/14\/seminarium-w-ramach-wspolpracy-bilateralnej-cultural-heritage-and-the-climate-changes-new-perspectives\/#article","isPartOf":{"@id":"https:\/\/nid.pl\/2025\/01\/14\/seminarium-w-ramach-wspolpracy-bilateralnej-cultural-heritage-and-the-climate-changes-new-perspectives\/"},"author":{"name":"Monika Ciura","@id":"https:\/\/nid.pl\/#\/schema\/person\/ab9abea4caecdccde4fb0d555271145f"},"headline":"Seminarium w ramach wsp\u00f3\u0142pracy bilateralnej \u201eCultural Heritage and the Climate Changes. New perspectives&#8221;\u00a0","datePublished":"2025-01-14T15:19:53+00:00","dateModified":"2025-05-20T12:05:26+00:00","mainEntityOfPage":{"@id":"https:\/\/nid.pl\/2025\/01\/14\/seminarium-w-ramach-wspolpracy-bilateralnej-cultural-heritage-and-the-climate-changes-new-perspectives\/"},"wordCount":708,"publisher":{"@id":"https:\/\/nid.pl\/#organization"},"image":{"@id":"https:\/\/nid.pl\/2025\/01\/14\/seminarium-w-ramach-wspolpracy-bilateralnej-cultural-heritage-and-the-climate-changes-new-perspectives\/#primaryimage"},"thumbnailUrl":"https:\/\/nid.pl\/wp-content\/uploads\/2025\/01\/miniatura-www-seminarium-krakow.jpg","articleSection":["Aktualno\u015bci","PROJEKT - Dziedzictwo kulturowe a zmiany klimatu"],"inLanguage":"en-GB"},{"@type":"WebPage","@id":"https:\/\/nid.pl\/2025\/01\/14\/seminarium-w-ramach-wspolpracy-bilateralnej-cultural-heritage-and-the-climate-changes-new-perspectives\/","url":"https:\/\/nid.pl\/2025\/01\/14\/seminarium-w-ramach-wspolpracy-bilateralnej-cultural-heritage-and-the-climate-changes-new-perspectives\/","name":"Seminarium w ramach wsp\u00f3\u0142pracy bilateralnej \u201eCultural Heritage and the Climate Changes. New perspectives\"\u00a0 - NID","isPartOf":{"@id":"https:\/\/nid.pl\/#website"},"primaryImageOfPage":{"@id":"https:\/\/nid.pl\/2025\/01\/14\/seminarium-w-ramach-wspolpracy-bilateralnej-cultural-heritage-and-the-climate-changes-new-perspectives\/#primaryimage"},"image":{"@id":"https:\/\/nid.pl\/2025\/01\/14\/seminarium-w-ramach-wspolpracy-bilateralnej-cultural-heritage-and-the-climate-changes-new-perspectives\/#primaryimage"},"thumbnailUrl":"https:\/\/nid.pl\/wp-content\/uploads\/2025\/01\/miniatura-www-seminarium-krakow.jpg","datePublished":"2025-01-14T15:19:53+00:00","dateModified":"2025-05-20T12:05:26+00:00","breadcrumb":{"@id":"https:\/\/nid.pl\/2025\/01\/14\/seminarium-w-ramach-wspolpracy-bilateralnej-cultural-heritage-and-the-climate-changes-new-perspectives\/#breadcrumb"},"inLanguage":"en-GB","potentialAction":[{"@type":"ReadAction","target":["https:\/\/nid.pl\/2025\/01\/14\/seminarium-w-ramach-wspolpracy-bilateralnej-cultural-heritage-and-the-climate-changes-new-perspectives\/"]}]},{"@type":"ImageObject","inLanguage":"en-GB","@id":"https:\/\/nid.pl\/2025\/01\/14\/seminarium-w-ramach-wspolpracy-bilateralnej-cultural-heritage-and-the-climate-changes-new-perspectives\/#primaryimage","url":"https:\/\/nid.pl\/wp-content\/uploads\/2025\/01\/miniatura-www-seminarium-krakow.jpg","contentUrl":"https:\/\/nid.pl\/wp-content\/uploads\/2025\/01\/miniatura-www-seminarium-krakow.jpg","width":1857,"height":1238,"caption":"miniatura, zdj\u0119cie przedstawiaj\u0105ce uczestnik\u00f3w wizyty studyjnej"},{"@type":"BreadcrumbList","@id":"https:\/\/nid.pl\/2025\/01\/14\/seminarium-w-ramach-wspolpracy-bilateralnej-cultural-heritage-and-the-climate-changes-new-perspectives\/#breadcrumb","itemListElement":[{"@type":"ListItem","position":1,"name":"Home","item":"https:\/\/nid.pl\/"},{"@type":"ListItem","position":2,"name":"Seminarium w ramach wsp\u00f3\u0142pracy bilateralnej \u201eCultural Heritage and the Climate Changes. New perspectives&#8221;\u00a0"}]},{"@type":"WebSite","@id":"https:\/\/nid.pl\/#website","url":"https:\/\/nid.pl\/","name":"NID","description":"Narodowy Instytut Dziedzictwa","publisher":{"@id":"https:\/\/nid.pl\/#organization"},"potentialAction":[{"@type":"SearchAction","target":{"@type":"EntryPoint","urlTemplate":"https:\/\/nid.pl\/?s={search_term_string}"},"query-input":{"@type":"PropertyValueSpecification","valueRequired":true,"valueName":"search_term_string"}}],"inLanguage":"en-GB"},{"@type":"Organization","@id":"https:\/\/nid.pl\/#organization","name":"Narodowy Instytut Dziedzictwa","url":"https:\/\/nid.pl\/","logo":{"@type":"ImageObject","inLanguage":"en-GB","@id":"https:\/\/nid.pl\/#\/schema\/logo\/image\/","url":"https:\/\/nid.pl\/wp-content\/uploads\/2022\/10\/logoRedDark.png","contentUrl":"https:\/\/nid.pl\/wp-content\/uploads\/2022\/10\/logoRedDark.png","width":200,"height":197,"caption":"Narodowy Instytut Dziedzictwa"},"image":{"@id":"https:\/\/nid.pl\/#\/schema\/logo\/image\/"},"sameAs":["https:\/\/www.facebook.com\/zabytek","https:\/\/x.com\/NarIDpl","https:\/\/www.instagram.com\/nid.pl\/?hl=pl","https:\/\/www.linkedin.com\/company\/narodowy-instytut-dziedzictwa","https:\/\/www.youtube.com\/channel\/UCQXuhKa2uHtmNvLRUSx40JA"]},{"@type":"Person","@id":"https:\/\/nid.pl\/#\/schema\/person\/ab9abea4caecdccde4fb0d555271145f","name":"Monika Ciura","image":{"@type":"ImageObject","inLanguage":"en-GB","@id":"https:\/\/nid.pl\/#\/schema\/person\/image\/","url":"https:\/\/nid.pl\/wp-content\/litespeed\/avatar\/bfdb15d1cc317fac4b66bdc91090ff11.jpg?ver=1777445370","contentUrl":"https:\/\/nid.pl\/wp-content\/litespeed\/avatar\/bfdb15d1cc317fac4b66bdc91090ff11.jpg?ver=1777445370","caption":"Monika Ciura"},"url":"https:\/\/nid.pl\/en\/author\/mciura\/"}]}},"_links":{"self":[{"href":"https:\/\/nid.pl\/en\/wp-json\/wp\/v2\/posts\/24681","targetHints":{"allow":["GET"]}}],"collection":[{"href":"https:\/\/nid.pl\/en\/wp-json\/wp\/v2\/posts"}],"about":[{"href":"https:\/\/nid.pl\/en\/wp-json\/wp\/v2\/types\/post"}],"author":[{"embeddable":true,"href":"https:\/\/nid.pl\/en\/wp-json\/wp\/v2\/users\/15"}],"replies":[{"embeddable":true,"href":"https:\/\/nid.pl\/en\/wp-json\/wp\/v2\/comments?post=24681"}],"version-history":[{"count":0,"href":"https:\/\/nid.pl\/en\/wp-json\/wp\/v2\/posts\/24681\/revisions"}],"wp:featuredmedia":[{"embeddable":true,"href":"https:\/\/nid.pl\/en\/wp-json\/wp\/v2\/media\/24704"}],"wp:attachment":[{"href":"https:\/\/nid.pl\/en\/wp-json\/wp\/v2\/media?parent=24681"}],"wp:term":[{"taxonomy":"category","embeddable":true,"href":"https:\/\/nid.pl\/en\/wp-json\/wp\/v2\/categories?post=24681"},{"taxonomy":"post_tag","embeddable":true,"href":"https:\/\/nid.pl\/en\/wp-json\/wp\/v2\/tags?post=24681"}],"curies":[{"name":"wp","href":"https:\/\/api.w.org\/{rel}","templated":true}]}}