{"id":24612,"date":"2025-01-03T12:13:46","date_gmt":"2025-01-03T11:13:46","guid":{"rendered":"https:\/\/nid.pl\/?p=24612"},"modified":"2025-04-14T12:08:02","modified_gmt":"2025-04-14T10:08:02","slug":"nowy-numer-oz-02-2024-dostepny-do-pobrania","status":"publish","type":"post","link":"https:\/\/nid.pl\/en\/2025\/01\/03\/nowy-numer-oz-02-2024-dostepny-do-pobrania\/","title":{"rendered":"Nowy numer \u201eOchrony Zabytk\u00f3w\u201d jest ju\u017c dost\u0119pny do pobrania"},"content":{"rendered":"[et_pb_section admin_label=&#8221;section&#8221;]\n\t\t\t[et_pb_row admin_label=&#8221;row&#8221;]\n\t\t\t\t[et_pb_column type=&#8221;4_4&#8243;][et_pb_text admin_label=&#8221;Text&#8221;]\n<p class=\"has-medium-font-size\"><strong>Najnowszy numer \u201eOchrony Zabytk\u00f3w\u201d (2\/2024) mo\u017cna ju\u017c pobra\u0107 za darmo na stronie ksi\u0119garni Narodowego Instytutu Dziedzictwa. Jego wiod\u0105cym tematem jest fenomen rze\u017aby plenerowej lat 60. i 70. XX wieku w Polsce. Prezentowane artyku\u0142y analizuj\u0105 to zjawisko z perspektywy historycznej, spo\u0142ecznej i konserwatorskiej, podkre\u015blaj\u0105c jego wp\u0142yw na krajobraz kulturowy i to\u017csamo\u015b\u0107 miast.<\/strong><\/p>\n\n\n\n<p>W najnowszym numerze \u201eOchrony Zabytk\u00f3w\u201d znalaz\u0142y si\u0119 m.in. refleksje nad dzie\u0142ami W\u0142adys\u0142awa Hasiora, takimi jak \u201e\u017belazne Organy\u201d czy \u201eP\u0142on\u0105ce Ptaki\u201d. Katarzyna Chrudzimska-Uhera przedstawia ich artystyczne znaczenie, a tak\u017ce burzliwe dzieje zwi\u0105zane z recepcj\u0105 spo\u0142eczn\u0105 i ochron\u0105 konserwatorsk\u0105. Temat rze\u017aby plenerowej podejmuje r\u00f3wnie\u017c Sebastian Wicher, kt\u00f3ry ukazuje, jak w Bia\u0142ymstoku wykorzystywano sztuk\u0119 do budowania wizerunku nowoczesnego miasta w czasach PRL.<\/p>\n\n\n\n<p>Nie zabrak\u0142o r\u00f3wnie\u017c wnikliwych analiz dotycz\u0105cych efemerycznego charakteru rze\u017abiarskiego dziedzictwa PRL. Bernadeta Stano przybli\u017ca jego ideologiczne i artystyczne uwarunkowania, za\u015b Monika Kozio\u0142-Sumera opisuje, jak wsp\u00f3\u0142praca artyst\u00f3w z zak\u0142adami przemys\u0142owymi wp\u0142ywa\u0142a na kszta\u0142t przestrzeni miejskich.<\/p>\n\n\n\n<p>Joanna Szymula-Grygiel opowiada histori\u0119 Galerii Wsp\u00f3\u0142czesnej Rze\u017aby Gda\u0144skiej w parku Oliwskim, wskazuj\u0105c na wsp\u00f3\u0142czesne wyzwania zwi\u0105zane z ochron\u0105 tej unikatowej ekspozycji.<\/p>\n\n\n\n<p>Xawery Sta\u0144czyk wraca do historii i krytyki I Biennale Rze\u017aby w Metalu, podkre\u015blaj\u0105c jego znaczenie dla wsp\u00f3\u0142czesnej refleksji nad dziedzictwem artystycznym. W kontek\u015bcie prac Jerzego Beresia Anna Ozaist-Przyby\u0142a i Zofia Ozaist-Zgodzi\u0144ska omawiaj\u0105 wyzwania zwi\u0105zane z ekspozycj\u0105 jego performatywnych dzie\u0142 drewnianych.<\/p>\n\n\n\n<p>W sekcji dotycz\u0105cej ochrony konserwatorskiej dr Andrzej Siwek przybli\u017ca systemy ochrony rze\u017aby plenerowej z perspektywy Ma\u0142opolski, a Maria Dankowska i Marta Liszewska podejmuj\u0105 debat\u0119 o stanie zachowania takich dzie\u0142 w zurbanizowanym krajobrazie Polski.<\/p>\n\n\n\n<p>Numer ten to tak\u017ce miejsce dla szerokiej perspektywy badawczej. W najnowszym wydaniu mo\u017cna znale\u017a\u0107 studium warsztatu malarskiego W\u0142odzimierza Tetmajera oraz wyniki bada\u0144 archeologicznych prowadzonych na cmentarzyskach w regionie g\u00f3rnej Wilii. Architektura zimnowojenna r\u00f3wnie\u017c znalaz\u0142a swoje miejsce, dzi\u0119ki artyku\u0142owi po\u015bwi\u0119conemu ukrytym i zakazanym obiektom militarnym w Holandii.<\/p>\n\n\n\n<p>Nowy numer zamyka recenzja ksi\u0105\u017cki prof. Piotra \u015al\u0119zaka, po\u015bwi\u0119conej prawnym aspektom ochrony konserwatorskiej.<\/p>\n\n\n\n<p>Pobierz aktualny numer: <a href=\"https:\/\/ochronazabytkow.nid.pl\/numery\/ochrona-zabytkow-2-2024\/\" target=\"_blank\" rel=\"noreferrer noopener\"><strong>\u201eOchrona Zabytk\u00f3w\u201d Nr 2\/2024<\/strong><\/a><\/p>\n\n\n\n<p><\/p>\n\n\n\n<h5 class=\"wp-block-heading\"><strong>Czasopismo specjalistyczne \u201eOchrona Zabytk\u00f3w&#8221;<\/strong><\/h5>\n\n\n\n<p>\u201eOchrona Zabytk\u00f3w\u201d&nbsp;to specjalistyczne czasopismo po\u015bwi\u0119cone tematyce ochrony dziedzictwa kulturowego, konserwacji i badaniu obiekt\u00f3w zabytkowych. Czasopismo od ponad 70 lat prezentuje osi\u0105gni\u0119cia konserwator\u00f3w, historyk\u00f3w sztuki, archeolog\u00f3w, architekt\u00f3w i innych os\u00f3b zajmuj\u0105cych si\u0119 szeroko poj\u0119t\u0105 ochron\u0105 dziedzictwa kulturowego. \u0141amy \u201eOchrony Zabytk\u00f3w\u201d otwarte s\u0105 zar\u00f3wno dla naukowc\u00f3w, jak i praktyk\u00f3w, a podstawowym warunkiem publikacji jest wysoki poziom merytoryczny artyku\u0142\u00f3w.<\/p>\n\n\n\n<p>Od 2014 roku \u201eOchrona Zabytk\u00f3w\u201d jest p\u00f3\u0142rocznikiem, a od roku 2023 wersj\u0105 pierwotn\u0105 (referencyjn\u0105) jest wersja elektroniczna w otwartym dost\u0119pie. Jego wydawc\u0105 jest Narodowy Instytut Dziedzictwa.<\/p>\n\n\n\n<p>\u201eOchrona Zabytk\u00f3w\u201d uj\u0119ta jest w wykazie czasopism naukowych i recenzowanych materia\u0142\u00f3w z konferencji mi\u0119dzynarodowych Ministerstwa Edukacji i Nauki (identyfikator 29441; 40 pkt).<\/p>\n\n\n\n<p>Numery bie\u017c\u0105ce oraz archiwalne s\u0105 dost\u0119pne na stronie czasopisma:&nbsp;<a href=\"https:\/\/ochronazabytkow.nid.pl\/\">https:\/\/ochronazabytkow.nid.pl\/<\/a><\/p>\n\n\n\n<p><\/p>\n[\/et_pb_text][\/et_pb_column]\n\t\t\t[\/et_pb_row]\n\t\t[\/et_pb_section]","protected":false},"excerpt":{"rendered":"<p>Najnowszy numer \u201eOchrony Zabytk\u00f3w\u201d (2\/2024) mo\u017cna ju\u017c pobra\u0107 za darmo na stronie ksi\u0119garni Narodowego Instytutu Dziedzictwa. Jego wiod\u0105cym tematem jest fenomen rze\u017aby plenerowej lat 60. i 70. XX wieku w [&hellip;]<\/p>","protected":false},"author":7,"featured_media":24611,"comment_status":"closed","ping_status":"closed","sticky":false,"template":"","format":"standard","meta":{"_et_pb_use_builder":"on","_et_pb_old_content":"<!-- wp:paragraph {\"fontSize\":\"medium\"} -->\n<p class=\"has-medium-font-size\"><strong>Najnowszy numer \u201eOchrony Zabytk\u00f3w\u201d (2\/2024) mo\u017cna ju\u017c pobra\u0107 za darmo na stronie ksi\u0119garni Narodowego Instytutu Dziedzictwa. Jego wiod\u0105cym tematem jest fenomen rze\u017aby plenerowej lat 60. i 70. XX wieku w Polsce. Prezentowane artyku\u0142y analizuj\u0105 to zjawisko z perspektywy historycznej, spo\u0142ecznej i konserwatorskiej, podkre\u015blaj\u0105c jego wp\u0142yw na krajobraz kulturowy i to\u017csamo\u015b\u0107 miast.<\/strong><\/p>\n<!-- \/wp:paragraph -->\n\n<!-- wp:paragraph -->\n<p>W najnowszym numerze \u201eOchrony Zabytk\u00f3w\u201d znalaz\u0142y si\u0119 m.in. refleksje nad dzie\u0142ami W\u0142adys\u0142awa Hasiora, takimi jak \u201e\u017belazne Organy\u201d czy \u201eP\u0142on\u0105ce Ptaki\u201d. Katarzyna Chrudzimska-Uhera przedstawia ich artystyczne znaczenie, a tak\u017ce burzliwe dzieje zwi\u0105zane z recepcj\u0105 spo\u0142eczn\u0105 i ochron\u0105 konserwatorsk\u0105. Temat rze\u017aby plenerowej podejmuje r\u00f3wnie\u017c Sebastian Wicher, kt\u00f3ry ukazuje, jak w Bia\u0142ymstoku wykorzystywano sztuk\u0119 do budowania wizerunku nowoczesnego miasta w czasach PRL.<\/p>\n<!-- \/wp:paragraph -->\n\n<!-- wp:paragraph -->\n<p>Nie zabrak\u0142o r\u00f3wnie\u017c wnikliwych analiz dotycz\u0105cych efemerycznego charakteru rze\u017abiarskiego dziedzictwa PRL. Bernadeta Stano przybli\u017ca jego ideologiczne i artystyczne uwarunkowania, za\u015b Monika Kozio\u0142-Sumera opisuje, jak wsp\u00f3\u0142praca artyst\u00f3w z zak\u0142adami przemys\u0142owymi wp\u0142ywa\u0142a na kszta\u0142t przestrzeni miejskich.<\/p>\n<!-- \/wp:paragraph -->\n\n<!-- wp:paragraph -->\n<p>Joanna Szymula-Grygiel opowiada histori\u0119 Galerii Wsp\u00f3\u0142czesnej Rze\u017aby Gda\u0144skiej w parku Oliwskim, wskazuj\u0105c na wsp\u00f3\u0142czesne wyzwania zwi\u0105zane z ochron\u0105 tej unikatowej ekspozycji.<\/p>\n<!-- \/wp:paragraph -->\n\n<!-- wp:paragraph -->\n<p>Xawery Sta\u0144czyk wraca do historii i krytyki I Biennale Rze\u017aby w Metalu, podkre\u015blaj\u0105c jego znaczenie dla wsp\u00f3\u0142czesnej refleksji nad dziedzictwem artystycznym. W kontek\u015bcie prac Jerzego Beresia Anna Ozaist-Przyby\u0142a i Zofia Ozaist-Zgodzi\u0144ska omawiaj\u0105 wyzwania zwi\u0105zane z ekspozycj\u0105 jego performatywnych dzie\u0142 drewnianych.<\/p>\n<!-- \/wp:paragraph -->\n\n<!-- wp:paragraph -->\n<p>W sekcji dotycz\u0105cej ochrony konserwatorskiej dr Andrzej Siwek przybli\u017ca systemy ochrony rze\u017aby plenerowej z perspektywy Ma\u0142opolski, a Maria Dankowska i Marta Liszewska podejmuj\u0105 debat\u0119 o stanie zachowania takich dzie\u0142 w zurbanizowanym krajobrazie Polski.<\/p>\n<!-- \/wp:paragraph -->\n\n<!-- wp:paragraph -->\n<p>Numer ten to tak\u017ce miejsce dla szerokiej perspektywy badawczej. W najnowszym wydaniu mo\u017cna znale\u017a\u0107 studium warsztatu malarskiego W\u0142odzimierza Tetmajera oraz wyniki bada\u0144 archeologicznych prowadzonych na cmentarzyskach w regionie g\u00f3rnej Wilii. Architektura zimnowojenna r\u00f3wnie\u017c znalaz\u0142a swoje miejsce, dzi\u0119ki artyku\u0142owi po\u015bwi\u0119conemu ukrytym i zakazanym obiektom militarnym w Holandii.<\/p>\n<!-- \/wp:paragraph -->\n\n<!-- wp:paragraph -->\n<p>Nowy numer zamyka recenzja ksi\u0105\u017cki prof. Piotra \u015al\u0119zaka, po\u015bwi\u0119conej prawnym aspektom ochrony konserwatorskiej.<\/p>\n<!-- \/wp:paragraph -->\n\n<!-- wp:paragraph -->\n<p>Pobierz aktualny numer: <a href=\"https:\/\/ochronazabytkow.nid.pl\/numery\/ochrona-zabytkow-2-2024\/\" target=\"_blank\" rel=\"noreferrer noopener\"><strong>\u201eOchrona Zabytk\u00f3w\u201d Nr 2\/2024<\/strong><\/a><\/p>\n<!-- \/wp:paragraph -->\n\n<!-- wp:paragraph -->\n<p><\/p>\n<!-- \/wp:paragraph -->\n\n<!-- wp:heading {\"level\":5} -->\n<h5 class=\"wp-block-heading\"><strong>Czasopismo specjalistyczne \u201eOchrona Zabytk\u00f3w\"<\/strong><\/h5>\n<!-- \/wp:heading -->\n\n<!-- wp:paragraph -->\n<p>\u201eOchrona Zabytk\u00f3w\u201d&nbsp;to specjalistyczne czasopismo po\u015bwi\u0119cone tematyce ochrony dziedzictwa kulturowego, konserwacji i badaniu obiekt\u00f3w zabytkowych. Czasopismo od ponad 70 lat prezentuje osi\u0105gni\u0119cia konserwator\u00f3w, historyk\u00f3w sztuki, archeolog\u00f3w, architekt\u00f3w i innych os\u00f3b zajmuj\u0105cych si\u0119 szeroko poj\u0119t\u0105 ochron\u0105 dziedzictwa kulturowego. \u0141amy \u201eOchrony Zabytk\u00f3w\u201d otwarte s\u0105 zar\u00f3wno dla naukowc\u00f3w, jak i praktyk\u00f3w, a podstawowym warunkiem publikacji jest wysoki poziom merytoryczny artyku\u0142\u00f3w.<\/p>\n<!-- \/wp:paragraph -->\n\n<!-- wp:paragraph -->\n<p>Od 2014 roku \u201eOchrona Zabytk\u00f3w\u201d jest p\u00f3\u0142rocznikiem, a od roku 2023 wersj\u0105 pierwotn\u0105 (referencyjn\u0105) jest wersja elektroniczna w otwartym dost\u0119pie. Jego wydawc\u0105 jest Narodowy Instytut Dziedzictwa.<\/p>\n<!-- \/wp:paragraph -->\n\n<!-- wp:paragraph -->\n<p>\u201eOchrona Zabytk\u00f3w\u201d uj\u0119ta jest w wykazie czasopism naukowych i recenzowanych materia\u0142\u00f3w z konferencji mi\u0119dzynarodowych Ministerstwa Edukacji i Nauki (identyfikator 29441; 40 pkt).<\/p>\n<!-- \/wp:paragraph -->\n\n<!-- wp:paragraph -->\n<p>Numery bie\u017c\u0105ce oraz archiwalne s\u0105 dost\u0119pne na stronie czasopisma:&nbsp;<a href=\"https:\/\/ochronazabytkow.nid.pl\/\">https:\/\/ochronazabytkow.nid.pl\/<\/a><\/p>\n<!-- \/wp:paragraph -->\n\n<!-- wp:paragraph -->\n<p><\/p>\n<!-- \/wp:paragraph -->","_et_gb_content_width":"","_monsterinsights_skip_tracking":false,"_monsterinsights_sitenote_active":false,"_monsterinsights_sitenote_note":"","_monsterinsights_sitenote_category":0,"footnotes":""},"categories":[3],"tags":[],"class_list":["post-24612","post","type-post","status-publish","format-standard","has-post-thumbnail","hentry","category-aktualnosci"],"yoast_head":"<!-- This site is optimized with the Yoast SEO plugin v26.5 - https:\/\/yoast.com\/wordpress\/plugins\/seo\/ -->\n<title>Nowy numer \u201eOchrony Zabytk\u00f3w\u201d jest ju\u017c dost\u0119pny do pobrania - NID<\/title>\n<meta name=\"robots\" content=\"index, follow, max-snippet:-1, max-image-preview:large, max-video-preview:-1\" \/>\n<link rel=\"canonical\" href=\"https:\/\/nid.pl\/en\/2025\/01\/03\/nowy-numer-oz-02-2024-dostepny-do-pobrania\/\" \/>\n<meta property=\"og:locale\" content=\"en_GB\" \/>\n<meta property=\"og:type\" content=\"article\" \/>\n<meta property=\"og:title\" content=\"Nowy numer \u201eOchrony Zabytk\u00f3w\u201d jest ju\u017c dost\u0119pny do pobrania - NID\" \/>\n<meta property=\"og:description\" content=\"Najnowszy numer \u201eOchrony Zabytk\u00f3w\u201d (2\/2024) mo\u017cna ju\u017c pobra\u0107 za darmo na stronie ksi\u0119garni Narodowego Instytutu Dziedzictwa. Jego wiod\u0105cym tematem jest fenomen rze\u017aby plenerowej lat 60. i 70. XX wieku w [&hellip;]\" \/>\n<meta property=\"og:url\" content=\"https:\/\/nid.pl\/en\/2025\/01\/03\/nowy-numer-oz-02-2024-dostepny-do-pobrania\/\" \/>\n<meta property=\"og:site_name\" content=\"NID\" \/>\n<meta property=\"article:publisher\" content=\"https:\/\/www.facebook.com\/zabytek\" \/>\n<meta property=\"article:published_time\" content=\"2025-01-03T11:13:46+00:00\" \/>\n<meta property=\"article:modified_time\" content=\"2025-04-14T10:08:02+00:00\" \/>\n<meta property=\"og:image\" content=\"https:\/\/nid.pl\/wp-content\/uploads\/2025\/01\/Ochrona-Zabytkow-2-2024.jpg\" \/>\n\t<meta property=\"og:image:width\" content=\"1850\" \/>\n\t<meta property=\"og:image:height\" content=\"1238\" \/>\n\t<meta property=\"og:image:type\" content=\"image\/jpeg\" \/>\n<meta name=\"author\" content=\"Barbara Halliop\" \/>\n<meta name=\"twitter:card\" content=\"summary_large_image\" \/>\n<meta name=\"twitter:creator\" content=\"@NarIDpl\" \/>\n<meta name=\"twitter:site\" content=\"@NarIDpl\" \/>\n<meta name=\"twitter:label1\" content=\"Written by\" \/>\n\t<meta name=\"twitter:data1\" content=\"Barbara Halliop\" \/>\n\t<meta name=\"twitter:label2\" content=\"Estimated reading time\" \/>\n\t<meta name=\"twitter:data2\" content=\"3 minutes\" \/>\n<script type=\"application\/ld+json\" class=\"yoast-schema-graph\">{\"@context\":\"https:\/\/schema.org\",\"@graph\":[{\"@type\":\"Article\",\"@id\":\"https:\/\/nid.pl\/2025\/01\/03\/nowy-numer-oz-02-2024-dostepny-do-pobrania\/#article\",\"isPartOf\":{\"@id\":\"https:\/\/nid.pl\/2025\/01\/03\/nowy-numer-oz-02-2024-dostepny-do-pobrania\/\"},\"author\":{\"name\":\"Barbara Halliop\",\"@id\":\"https:\/\/nid.pl\/#\/schema\/person\/1b690a8998a5111cfb9f0ffe24195a15\"},\"headline\":\"Nowy numer \u201eOchrony Zabytk\u00f3w\u201d jest ju\u017c dost\u0119pny do pobrania\",\"datePublished\":\"2025-01-03T11:13:46+00:00\",\"dateModified\":\"2025-04-14T10:08:02+00:00\",\"mainEntityOfPage\":{\"@id\":\"https:\/\/nid.pl\/2025\/01\/03\/nowy-numer-oz-02-2024-dostepny-do-pobrania\/\"},\"wordCount\":565,\"publisher\":{\"@id\":\"https:\/\/nid.pl\/#organization\"},\"image\":{\"@id\":\"https:\/\/nid.pl\/2025\/01\/03\/nowy-numer-oz-02-2024-dostepny-do-pobrania\/#primaryimage\"},\"thumbnailUrl\":\"https:\/\/nid.pl\/wp-content\/uploads\/2025\/01\/Ochrona-Zabytkow-2-2024.jpg\",\"articleSection\":[\"Aktualno\u015bci\"],\"inLanguage\":\"en-GB\"},{\"@type\":\"WebPage\",\"@id\":\"https:\/\/nid.pl\/2025\/01\/03\/nowy-numer-oz-02-2024-dostepny-do-pobrania\/\",\"url\":\"https:\/\/nid.pl\/2025\/01\/03\/nowy-numer-oz-02-2024-dostepny-do-pobrania\/\",\"name\":\"Nowy numer \u201eOchrony Zabytk\u00f3w\u201d jest ju\u017c dost\u0119pny do pobrania - NID\",\"isPartOf\":{\"@id\":\"https:\/\/nid.pl\/#website\"},\"primaryImageOfPage\":{\"@id\":\"https:\/\/nid.pl\/2025\/01\/03\/nowy-numer-oz-02-2024-dostepny-do-pobrania\/#primaryimage\"},\"image\":{\"@id\":\"https:\/\/nid.pl\/2025\/01\/03\/nowy-numer-oz-02-2024-dostepny-do-pobrania\/#primaryimage\"},\"thumbnailUrl\":\"https:\/\/nid.pl\/wp-content\/uploads\/2025\/01\/Ochrona-Zabytkow-2-2024.jpg\",\"datePublished\":\"2025-01-03T11:13:46+00:00\",\"dateModified\":\"2025-04-14T10:08:02+00:00\",\"breadcrumb\":{\"@id\":\"https:\/\/nid.pl\/2025\/01\/03\/nowy-numer-oz-02-2024-dostepny-do-pobrania\/#breadcrumb\"},\"inLanguage\":\"en-GB\",\"potentialAction\":[{\"@type\":\"ReadAction\",\"target\":[\"https:\/\/nid.pl\/2025\/01\/03\/nowy-numer-oz-02-2024-dostepny-do-pobrania\/\"]}]},{\"@type\":\"ImageObject\",\"inLanguage\":\"en-GB\",\"@id\":\"https:\/\/nid.pl\/2025\/01\/03\/nowy-numer-oz-02-2024-dostepny-do-pobrania\/#primaryimage\",\"url\":\"https:\/\/nid.pl\/wp-content\/uploads\/2025\/01\/Ochrona-Zabytkow-2-2024.jpg\",\"contentUrl\":\"https:\/\/nid.pl\/wp-content\/uploads\/2025\/01\/Ochrona-Zabytkow-2-2024.jpg\",\"width\":1850,\"height\":1238,\"caption\":\"najnowszy numer Ochrony Zabytk\u00f3w\"},{\"@type\":\"BreadcrumbList\",\"@id\":\"https:\/\/nid.pl\/2025\/01\/03\/nowy-numer-oz-02-2024-dostepny-do-pobrania\/#breadcrumb\",\"itemListElement\":[{\"@type\":\"ListItem\",\"position\":1,\"name\":\"Home\",\"item\":\"https:\/\/nid.pl\/\"},{\"@type\":\"ListItem\",\"position\":2,\"name\":\"Nowy numer \u201eOchrony Zabytk\u00f3w\u201d jest ju\u017c dost\u0119pny do pobrania\"}]},{\"@type\":\"WebSite\",\"@id\":\"https:\/\/nid.pl\/#website\",\"url\":\"https:\/\/nid.pl\/\",\"name\":\"NID\",\"description\":\"Narodowy Instytut Dziedzictwa\",\"publisher\":{\"@id\":\"https:\/\/nid.pl\/#organization\"},\"potentialAction\":[{\"@type\":\"SearchAction\",\"target\":{\"@type\":\"EntryPoint\",\"urlTemplate\":\"https:\/\/nid.pl\/?s={search_term_string}\"},\"query-input\":{\"@type\":\"PropertyValueSpecification\",\"valueRequired\":true,\"valueName\":\"search_term_string\"}}],\"inLanguage\":\"en-GB\"},{\"@type\":\"Organization\",\"@id\":\"https:\/\/nid.pl\/#organization\",\"name\":\"Narodowy Instytut Dziedzictwa\",\"url\":\"https:\/\/nid.pl\/\",\"logo\":{\"@type\":\"ImageObject\",\"inLanguage\":\"en-GB\",\"@id\":\"https:\/\/nid.pl\/#\/schema\/logo\/image\/\",\"url\":\"https:\/\/nid.pl\/wp-content\/uploads\/2022\/10\/logoRedDark.png\",\"contentUrl\":\"https:\/\/nid.pl\/wp-content\/uploads\/2022\/10\/logoRedDark.png\",\"width\":200,\"height\":197,\"caption\":\"Narodowy Instytut Dziedzictwa\"},\"image\":{\"@id\":\"https:\/\/nid.pl\/#\/schema\/logo\/image\/\"},\"sameAs\":[\"https:\/\/www.facebook.com\/zabytek\",\"https:\/\/x.com\/NarIDpl\",\"https:\/\/www.instagram.com\/nid.pl\/?hl=pl\",\"https:\/\/www.linkedin.com\/company\/narodowy-instytut-dziedzictwa\",\"https:\/\/www.youtube.com\/channel\/UCQXuhKa2uHtmNvLRUSx40JA\"]},{\"@type\":\"Person\",\"@id\":\"https:\/\/nid.pl\/#\/schema\/person\/1b690a8998a5111cfb9f0ffe24195a15\",\"name\":\"Barbara Halliop\",\"image\":{\"@type\":\"ImageObject\",\"inLanguage\":\"en-GB\",\"@id\":\"https:\/\/nid.pl\/#\/schema\/person\/image\/\",\"url\":\"https:\/\/nid.pl\/wp-content\/litespeed\/avatar\/924046d17dd0c842c9fa9ccf489bc6dc.jpg?ver=1777444967\",\"contentUrl\":\"https:\/\/nid.pl\/wp-content\/litespeed\/avatar\/924046d17dd0c842c9fa9ccf489bc6dc.jpg?ver=1777444967\",\"caption\":\"Barbara Halliop\"},\"url\":\"https:\/\/nid.pl\/en\/author\/bhalliop\/\"}]}<\/script>\n<!-- \/ Yoast SEO plugin. -->","yoast_head_json":{"title":"Nowy numer \u201eOchrony Zabytk\u00f3w\u201d jest ju\u017c dost\u0119pny do pobrania - NID","robots":{"index":"index","follow":"follow","max-snippet":"max-snippet:-1","max-image-preview":"max-image-preview:large","max-video-preview":"max-video-preview:-1"},"canonical":"https:\/\/nid.pl\/en\/2025\/01\/03\/nowy-numer-oz-02-2024-dostepny-do-pobrania\/","og_locale":"en_GB","og_type":"article","og_title":"Nowy numer \u201eOchrony Zabytk\u00f3w\u201d jest ju\u017c dost\u0119pny do pobrania - NID","og_description":"Najnowszy numer \u201eOchrony Zabytk\u00f3w\u201d (2\/2024) mo\u017cna ju\u017c pobra\u0107 za darmo na stronie ksi\u0119garni Narodowego Instytutu Dziedzictwa. Jego wiod\u0105cym tematem jest fenomen rze\u017aby plenerowej lat 60. i 70. XX wieku w [&hellip;]","og_url":"https:\/\/nid.pl\/en\/2025\/01\/03\/nowy-numer-oz-02-2024-dostepny-do-pobrania\/","og_site_name":"NID","article_publisher":"https:\/\/www.facebook.com\/zabytek","article_published_time":"2025-01-03T11:13:46+00:00","article_modified_time":"2025-04-14T10:08:02+00:00","og_image":[{"width":1850,"height":1238,"url":"https:\/\/nid.pl\/wp-content\/uploads\/2025\/01\/Ochrona-Zabytkow-2-2024.jpg","type":"image\/jpeg"}],"author":"Barbara Halliop","twitter_card":"summary_large_image","twitter_creator":"@NarIDpl","twitter_site":"@NarIDpl","twitter_misc":{"Written by":"Barbara Halliop","Estimated reading time":"3 minutes"},"schema":{"@context":"https:\/\/schema.org","@graph":[{"@type":"Article","@id":"https:\/\/nid.pl\/2025\/01\/03\/nowy-numer-oz-02-2024-dostepny-do-pobrania\/#article","isPartOf":{"@id":"https:\/\/nid.pl\/2025\/01\/03\/nowy-numer-oz-02-2024-dostepny-do-pobrania\/"},"author":{"name":"Barbara Halliop","@id":"https:\/\/nid.pl\/#\/schema\/person\/1b690a8998a5111cfb9f0ffe24195a15"},"headline":"Nowy numer \u201eOchrony Zabytk\u00f3w\u201d jest ju\u017c dost\u0119pny do pobrania","datePublished":"2025-01-03T11:13:46+00:00","dateModified":"2025-04-14T10:08:02+00:00","mainEntityOfPage":{"@id":"https:\/\/nid.pl\/2025\/01\/03\/nowy-numer-oz-02-2024-dostepny-do-pobrania\/"},"wordCount":565,"publisher":{"@id":"https:\/\/nid.pl\/#organization"},"image":{"@id":"https:\/\/nid.pl\/2025\/01\/03\/nowy-numer-oz-02-2024-dostepny-do-pobrania\/#primaryimage"},"thumbnailUrl":"https:\/\/nid.pl\/wp-content\/uploads\/2025\/01\/Ochrona-Zabytkow-2-2024.jpg","articleSection":["Aktualno\u015bci"],"inLanguage":"en-GB"},{"@type":"WebPage","@id":"https:\/\/nid.pl\/2025\/01\/03\/nowy-numer-oz-02-2024-dostepny-do-pobrania\/","url":"https:\/\/nid.pl\/2025\/01\/03\/nowy-numer-oz-02-2024-dostepny-do-pobrania\/","name":"Nowy numer \u201eOchrony Zabytk\u00f3w\u201d jest ju\u017c dost\u0119pny do pobrania - NID","isPartOf":{"@id":"https:\/\/nid.pl\/#website"},"primaryImageOfPage":{"@id":"https:\/\/nid.pl\/2025\/01\/03\/nowy-numer-oz-02-2024-dostepny-do-pobrania\/#primaryimage"},"image":{"@id":"https:\/\/nid.pl\/2025\/01\/03\/nowy-numer-oz-02-2024-dostepny-do-pobrania\/#primaryimage"},"thumbnailUrl":"https:\/\/nid.pl\/wp-content\/uploads\/2025\/01\/Ochrona-Zabytkow-2-2024.jpg","datePublished":"2025-01-03T11:13:46+00:00","dateModified":"2025-04-14T10:08:02+00:00","breadcrumb":{"@id":"https:\/\/nid.pl\/2025\/01\/03\/nowy-numer-oz-02-2024-dostepny-do-pobrania\/#breadcrumb"},"inLanguage":"en-GB","potentialAction":[{"@type":"ReadAction","target":["https:\/\/nid.pl\/2025\/01\/03\/nowy-numer-oz-02-2024-dostepny-do-pobrania\/"]}]},{"@type":"ImageObject","inLanguage":"en-GB","@id":"https:\/\/nid.pl\/2025\/01\/03\/nowy-numer-oz-02-2024-dostepny-do-pobrania\/#primaryimage","url":"https:\/\/nid.pl\/wp-content\/uploads\/2025\/01\/Ochrona-Zabytkow-2-2024.jpg","contentUrl":"https:\/\/nid.pl\/wp-content\/uploads\/2025\/01\/Ochrona-Zabytkow-2-2024.jpg","width":1850,"height":1238,"caption":"najnowszy numer Ochrony Zabytk\u00f3w"},{"@type":"BreadcrumbList","@id":"https:\/\/nid.pl\/2025\/01\/03\/nowy-numer-oz-02-2024-dostepny-do-pobrania\/#breadcrumb","itemListElement":[{"@type":"ListItem","position":1,"name":"Home","item":"https:\/\/nid.pl\/"},{"@type":"ListItem","position":2,"name":"Nowy numer \u201eOchrony Zabytk\u00f3w\u201d jest ju\u017c dost\u0119pny do pobrania"}]},{"@type":"WebSite","@id":"https:\/\/nid.pl\/#website","url":"https:\/\/nid.pl\/","name":"NID","description":"Narodowy Instytut Dziedzictwa","publisher":{"@id":"https:\/\/nid.pl\/#organization"},"potentialAction":[{"@type":"SearchAction","target":{"@type":"EntryPoint","urlTemplate":"https:\/\/nid.pl\/?s={search_term_string}"},"query-input":{"@type":"PropertyValueSpecification","valueRequired":true,"valueName":"search_term_string"}}],"inLanguage":"en-GB"},{"@type":"Organization","@id":"https:\/\/nid.pl\/#organization","name":"Narodowy Instytut Dziedzictwa","url":"https:\/\/nid.pl\/","logo":{"@type":"ImageObject","inLanguage":"en-GB","@id":"https:\/\/nid.pl\/#\/schema\/logo\/image\/","url":"https:\/\/nid.pl\/wp-content\/uploads\/2022\/10\/logoRedDark.png","contentUrl":"https:\/\/nid.pl\/wp-content\/uploads\/2022\/10\/logoRedDark.png","width":200,"height":197,"caption":"Narodowy Instytut Dziedzictwa"},"image":{"@id":"https:\/\/nid.pl\/#\/schema\/logo\/image\/"},"sameAs":["https:\/\/www.facebook.com\/zabytek","https:\/\/x.com\/NarIDpl","https:\/\/www.instagram.com\/nid.pl\/?hl=pl","https:\/\/www.linkedin.com\/company\/narodowy-instytut-dziedzictwa","https:\/\/www.youtube.com\/channel\/UCQXuhKa2uHtmNvLRUSx40JA"]},{"@type":"Person","@id":"https:\/\/nid.pl\/#\/schema\/person\/1b690a8998a5111cfb9f0ffe24195a15","name":"Barbara Halliop","image":{"@type":"ImageObject","inLanguage":"en-GB","@id":"https:\/\/nid.pl\/#\/schema\/person\/image\/","url":"https:\/\/nid.pl\/wp-content\/litespeed\/avatar\/924046d17dd0c842c9fa9ccf489bc6dc.jpg?ver=1777444967","contentUrl":"https:\/\/nid.pl\/wp-content\/litespeed\/avatar\/924046d17dd0c842c9fa9ccf489bc6dc.jpg?ver=1777444967","caption":"Barbara Halliop"},"url":"https:\/\/nid.pl\/en\/author\/bhalliop\/"}]}},"_links":{"self":[{"href":"https:\/\/nid.pl\/en\/wp-json\/wp\/v2\/posts\/24612","targetHints":{"allow":["GET"]}}],"collection":[{"href":"https:\/\/nid.pl\/en\/wp-json\/wp\/v2\/posts"}],"about":[{"href":"https:\/\/nid.pl\/en\/wp-json\/wp\/v2\/types\/post"}],"author":[{"embeddable":true,"href":"https:\/\/nid.pl\/en\/wp-json\/wp\/v2\/users\/7"}],"replies":[{"embeddable":true,"href":"https:\/\/nid.pl\/en\/wp-json\/wp\/v2\/comments?post=24612"}],"version-history":[{"count":0,"href":"https:\/\/nid.pl\/en\/wp-json\/wp\/v2\/posts\/24612\/revisions"}],"wp:featuredmedia":[{"embeddable":true,"href":"https:\/\/nid.pl\/en\/wp-json\/wp\/v2\/media\/24611"}],"wp:attachment":[{"href":"https:\/\/nid.pl\/en\/wp-json\/wp\/v2\/media?parent=24612"}],"wp:term":[{"taxonomy":"category","embeddable":true,"href":"https:\/\/nid.pl\/en\/wp-json\/wp\/v2\/categories?post=24612"},{"taxonomy":"post_tag","embeddable":true,"href":"https:\/\/nid.pl\/en\/wp-json\/wp\/v2\/tags?post=24612"}],"curies":[{"name":"wp","href":"https:\/\/api.w.org\/{rel}","templated":true}]}}