{"id":24589,"date":"2025-01-02T15:22:46","date_gmt":"2025-01-02T14:22:46","guid":{"rendered":"https:\/\/nid.pl\/?p=24589"},"modified":"2025-01-03T12:22:57","modified_gmt":"2025-01-03T11:22:57","slug":"najnowszy-numer-magazynu-spotkania-z-zabytkami-juz-w-sprzedazy","status":"publish","type":"post","link":"https:\/\/nid.pl\/en\/2025\/01\/02\/najnowszy-numer-magazynu-spotkania-z-zabytkami-juz-w-sprzedazy\/","title":{"rendered":"Najnowszy numer magazynu \u201cSpotkania z Zabytkami\u201d ju\u017c w sprzeda\u017cy \u00a0"},"content":{"rendered":"<p class=\"has-medium-font-size\"><strong>Najnowszy numer \u201eSpotka\u0144 z Zabytkami\u201d w\u0142a\u015bnie si\u0119 ukaza\u0142. Magazyn przywita nas a\u017c trzema r\u00f3\u017cnymi ok\u0142adkami. Tym razem redakcja szczeg\u00f3ln\u0105 uwag\u0119 po\u015bwi\u0119ci\u0142a tkaninie \u2013 kilimom, gobelinom i projektom artystycznym, kt\u00f3re zyskuj\u0105 na popularno\u015bci.<\/strong>\u00a0<br>\u00a0<\/p>\n\n\n\n<p>W nowym numerze 1\/2025 znajdziemy te\u017c m.in.:&nbsp;<\/p>\n\n\n\n<ul class=\"wp-block-list\">\n<li><strong>wywiad<\/strong> ze scenografk\u0105 i kostiumografk\u0105 Joann\u0105 Braun o wizualno\u015bci w teatrze,\u00a0<\/li>\n\n\n\n<li><strong>histori\u0119 polskiego jedwabiu<\/strong>,\u00a0<\/li>\n\n\n\n<li><strong>opowie\u015b\u0107<\/strong> o dr. Apolinarym Tarnawskim \u2013 \u201euzdrowicielu narodu\u201d w II RP,\u00a0<\/li>\n\n\n\n<li><strong>artyku\u0142y<\/strong> o pocz\u0105tkach fotografii w Kopalni Soli w Wieliczce, inspiracjach re\u017cyserki Agnieszki Holland i niezwyk\u0142ym powi\u0105zaniu Marii Konopnickiej i Marii Dul\u0119bianki z Mironem Bia\u0142oszewskim,\u00a0<\/li>\n\n\n\n<li>&#8230;a tak\u017ce o tradycji przemys\u0142u motoryzacyjnego na Pomorzu, ratowaniu architektury poprzemys\u0142owej i wykorzystaniu ludzkich w\u0142os\u00f3w w XIX-wiecznej bi\u017cuterii.\u00a0<\/li>\n<\/ul>\n\n\n\n<p><\/p>\n\n\n\n<h5 class=\"wp-block-heading has-text-color has-link-color wp-elements-5a9cd1150ca84fcb37f653f5cd65300c\" style=\"color:#727272\"><strong>Gdzie mo\u017cna kupi\u0107 magazyn?<\/strong>&nbsp;<\/h5>\n\n\n\n<p><\/p>\n\n\n\n<p>Magazyn \u201eSpotkania z Zabytkami\u201d dost\u0119pny jest w ponad 3 000 punktach sprzeda\u017cy u wybranych dystrybutor\u00f3w, w salonach sklep\u00f3w sieci&nbsp;<a href=\"https:\/\/www.empik.com\/spotkania-z-zabytkami,p1236038157,prasa-p\" target=\"_blank\" rel=\"noreferrer noopener\">Empik&nbsp;<\/a>oraz za po\u015brednictwem strony internetowej&nbsp;<a href=\"https:\/\/prenumerata24.pl\/pl\/p\/SPOTKANIA-Z-ZABYTKAMI-od-nr-424-4-wydania\/1324\" target=\"_blank\" rel=\"noreferrer noopener\">Prenumerata24.pl<\/a>.&nbsp;<br>Nowy numer 1\/2025 mo\u017cna zakupi\u0107&nbsp;<a href=\"https:\/\/www.empik.com\/spotkania-z-zabytkami,p1236038157,prasa-p\" target=\"_blank\" rel=\"noreferrer noopener\">&lt;tutaj&gt;<\/a>.&nbsp;<\/p>\n\n\n\n<p><\/p>\n\n\n\n<h5 class=\"wp-block-heading has-text-color has-link-color wp-elements-cce1bc6befdd10ac25054b6fa2f3b17f\" style=\"color:#727272\"><strong>Magazyn \u201eSpotkania z Zabytkami\u201d<\/strong>&nbsp;<\/h5>\n\n\n\n<p><\/p>\n\n\n\n<p>\u201eSpotkania z Zabytkami\u201d to jedno z najd\u0142u\u017cej ukazuj\u0105cych si\u0119 nieprzerwanie pism popularnonaukowych w Polsce. Pierwszy numer, ze s\u0142ynn\u0105 \u201eDam\u0105 z \u0142asiczk\u0105\u201d na ok\u0142adce, ukaza\u0142 si\u0119 w 1977 roku. To magazyn dla wszystkich mi\u0142o\u015bnik\u00f3w nie tylko zabytk\u00f3w, ale tak\u017ce historii i szeroko rozumianego dziedzictwa. Od numeru 7\/2023 ukazuje si\u0119 w nowej ods\u0142onie jako blisko 200-stronicowy kwartalnik.&nbsp;<\/p>\n\n\n\n<p>Zach\u0119camy tak\u017ce do obserwowania profili spo\u0142eczno\u015bciowych \u201eSpotka\u0144 z Zabytkami\u201d na\u00a0<a href=\"https:\/\/www.facebook.com\/spotkaniazzabytkami\" target=\"_blank\" rel=\"noreferrer noopener\">Facebooku<\/a>\u00a0oraz\u00a0<a href=\"https:\/\/www.instagram.com\/magazyn_spotkania_z_zabytkami\/\" target=\"_blank\" rel=\"noreferrer noopener\">Instagramie<\/a>.\u00a0<\/p>\n\n\n\n<p><\/p>\n\n\n\n<p><\/p>\n\n\n\n<figure class=\"wp-block-image aligncenter size-large\"><a href=\"https:\/\/spotkaniazzabytkami.pl\/biezacy-numer\/\" target=\"_blank\" rel=\" noreferrer noopener\"><img loading=\"lazy\" decoding=\"async\" width=\"1024\" height=\"396\" src=\"https:\/\/nid.pl\/wp-content\/uploads\/2025\/01\/szz-01-2025-fb-zdjecie-w-tle-1024x396.jpg\" alt=\"trzy ok\u0142adki magazynu Spotkania z Zabytkami nr 1\/2025\" class=\"wp-image-24594\" srcset=\"https:\/\/nid.pl\/wp-content\/uploads\/2025\/01\/szz-01-2025-fb-zdjecie-w-tle-980x379.jpg 980w, https:\/\/nid.pl\/wp-content\/uploads\/2025\/01\/szz-01-2025-fb-zdjecie-w-tle-480x186.jpg 480w\" sizes=\"(min-width: 0px) and (max-width: 480px) 480px, (min-width: 481px) and (max-width: 980px) 980px, (min-width: 981px) 1024px, 100vw\" \/><\/a><\/figure>","protected":false},"excerpt":{"rendered":"<p>Najnowszy numer \u201eSpotka\u0144 z Zabytkami\u201d w\u0142a\u015bnie si\u0119 ukaza\u0142. Magazyn przywita nas a\u017c trzema r\u00f3\u017cnymi ok\u0142adkami. Tym razem redakcja szczeg\u00f3ln\u0105 uwag\u0119 po\u015bwi\u0119ci\u0142a tkaninie \u2013 kilimom, gobelinom i projektom artystycznym, kt\u00f3re zyskuj\u0105 [&hellip;]<\/p>","protected":false},"author":15,"featured_media":24618,"comment_status":"closed","ping_status":"closed","sticky":false,"template":"","format":"standard","meta":{"_et_pb_use_builder":"off","_et_pb_old_content":"","_et_gb_content_width":"","_monsterinsights_skip_tracking":false,"_monsterinsights_sitenote_active":false,"_monsterinsights_sitenote_note":"","_monsterinsights_sitenote_category":0,"footnotes":""},"categories":[3],"tags":[],"class_list":["post-24589","post","type-post","status-publish","format-standard","has-post-thumbnail","hentry","category-aktualnosci"],"yoast_head":"<!-- This site is optimized with the Yoast SEO plugin v26.5 - https:\/\/yoast.com\/wordpress\/plugins\/seo\/ -->\n<title>Najnowszy numer magazynu \u201cSpotkania z Zabytkami\u201d ju\u017c w sprzeda\u017cy \u00a0 - NID<\/title>\n<meta name=\"robots\" content=\"index, follow, max-snippet:-1, max-image-preview:large, max-video-preview:-1\" \/>\n<link rel=\"canonical\" href=\"https:\/\/nid.pl\/en\/2025\/01\/02\/najnowszy-numer-magazynu-spotkania-z-zabytkami-juz-w-sprzedazy\/\" \/>\n<meta property=\"og:locale\" content=\"en_GB\" \/>\n<meta property=\"og:type\" content=\"article\" \/>\n<meta property=\"og:title\" content=\"Najnowszy numer magazynu \u201cSpotkania z Zabytkami\u201d ju\u017c w sprzeda\u017cy \u00a0 - NID\" \/>\n<meta property=\"og:description\" content=\"Najnowszy numer \u201eSpotka\u0144 z Zabytkami\u201d w\u0142a\u015bnie si\u0119 ukaza\u0142. Magazyn przywita nas a\u017c trzema r\u00f3\u017cnymi ok\u0142adkami. Tym razem redakcja szczeg\u00f3ln\u0105 uwag\u0119 po\u015bwi\u0119ci\u0142a tkaninie \u2013 kilimom, gobelinom i projektom artystycznym, kt\u00f3re zyskuj\u0105 [&hellip;]\" \/>\n<meta property=\"og:url\" content=\"https:\/\/nid.pl\/en\/2025\/01\/02\/najnowszy-numer-magazynu-spotkania-z-zabytkami-juz-w-sprzedazy\/\" \/>\n<meta property=\"og:site_name\" content=\"NID\" \/>\n<meta property=\"article:publisher\" content=\"https:\/\/www.facebook.com\/zabytek\" \/>\n<meta property=\"article:published_time\" content=\"2025-01-02T14:22:46+00:00\" \/>\n<meta property=\"article:modified_time\" content=\"2025-01-03T11:22:57+00:00\" \/>\n<meta property=\"og:image\" content=\"https:\/\/nid.pl\/wp-content\/uploads\/2025\/01\/Spotkania-z-Zabytkami-012025.jpg\" \/>\n\t<meta property=\"og:image:width\" content=\"1850\" \/>\n\t<meta property=\"og:image:height\" content=\"1238\" \/>\n\t<meta property=\"og:image:type\" content=\"image\/jpeg\" \/>\n<meta name=\"author\" content=\"Monika Ciura\" \/>\n<meta name=\"twitter:card\" content=\"summary_large_image\" \/>\n<meta name=\"twitter:creator\" content=\"@NarIDpl\" \/>\n<meta name=\"twitter:site\" content=\"@NarIDpl\" \/>\n<meta name=\"twitter:label1\" content=\"Written by\" \/>\n\t<meta name=\"twitter:data1\" content=\"Monika Ciura\" \/>\n\t<meta name=\"twitter:label2\" content=\"Estimated reading time\" \/>\n\t<meta name=\"twitter:data2\" content=\"2 minutes\" \/>\n<script type=\"application\/ld+json\" class=\"yoast-schema-graph\">{\"@context\":\"https:\/\/schema.org\",\"@graph\":[{\"@type\":\"Article\",\"@id\":\"https:\/\/nid.pl\/2025\/01\/02\/najnowszy-numer-magazynu-spotkania-z-zabytkami-juz-w-sprzedazy\/#article\",\"isPartOf\":{\"@id\":\"https:\/\/nid.pl\/2025\/01\/02\/najnowszy-numer-magazynu-spotkania-z-zabytkami-juz-w-sprzedazy\/\"},\"author\":{\"name\":\"Monika Ciura\",\"@id\":\"https:\/\/nid.pl\/#\/schema\/person\/ab9abea4caecdccde4fb0d555271145f\"},\"headline\":\"Najnowszy numer magazynu \u201cSpotkania z Zabytkami\u201d ju\u017c w sprzeda\u017cy \u00a0\",\"datePublished\":\"2025-01-02T14:22:46+00:00\",\"dateModified\":\"2025-01-03T11:22:57+00:00\",\"mainEntityOfPage\":{\"@id\":\"https:\/\/nid.pl\/2025\/01\/02\/najnowszy-numer-magazynu-spotkania-z-zabytkami-juz-w-sprzedazy\/\"},\"wordCount\":276,\"publisher\":{\"@id\":\"https:\/\/nid.pl\/#organization\"},\"image\":{\"@id\":\"https:\/\/nid.pl\/2025\/01\/02\/najnowszy-numer-magazynu-spotkania-z-zabytkami-juz-w-sprzedazy\/#primaryimage\"},\"thumbnailUrl\":\"https:\/\/nid.pl\/wp-content\/uploads\/2025\/01\/Spotkania-z-Zabytkami-012025.jpg\",\"articleSection\":[\"Aktualno\u015bci\"],\"inLanguage\":\"en-GB\"},{\"@type\":\"WebPage\",\"@id\":\"https:\/\/nid.pl\/2025\/01\/02\/najnowszy-numer-magazynu-spotkania-z-zabytkami-juz-w-sprzedazy\/\",\"url\":\"https:\/\/nid.pl\/2025\/01\/02\/najnowszy-numer-magazynu-spotkania-z-zabytkami-juz-w-sprzedazy\/\",\"name\":\"Najnowszy numer magazynu \u201cSpotkania z Zabytkami\u201d ju\u017c w sprzeda\u017cy \u00a0 - NID\",\"isPartOf\":{\"@id\":\"https:\/\/nid.pl\/#website\"},\"primaryImageOfPage\":{\"@id\":\"https:\/\/nid.pl\/2025\/01\/02\/najnowszy-numer-magazynu-spotkania-z-zabytkami-juz-w-sprzedazy\/#primaryimage\"},\"image\":{\"@id\":\"https:\/\/nid.pl\/2025\/01\/02\/najnowszy-numer-magazynu-spotkania-z-zabytkami-juz-w-sprzedazy\/#primaryimage\"},\"thumbnailUrl\":\"https:\/\/nid.pl\/wp-content\/uploads\/2025\/01\/Spotkania-z-Zabytkami-012025.jpg\",\"datePublished\":\"2025-01-02T14:22:46+00:00\",\"dateModified\":\"2025-01-03T11:22:57+00:00\",\"breadcrumb\":{\"@id\":\"https:\/\/nid.pl\/2025\/01\/02\/najnowszy-numer-magazynu-spotkania-z-zabytkami-juz-w-sprzedazy\/#breadcrumb\"},\"inLanguage\":\"en-GB\",\"potentialAction\":[{\"@type\":\"ReadAction\",\"target\":[\"https:\/\/nid.pl\/2025\/01\/02\/najnowszy-numer-magazynu-spotkania-z-zabytkami-juz-w-sprzedazy\/\"]}]},{\"@type\":\"ImageObject\",\"inLanguage\":\"en-GB\",\"@id\":\"https:\/\/nid.pl\/2025\/01\/02\/najnowszy-numer-magazynu-spotkania-z-zabytkami-juz-w-sprzedazy\/#primaryimage\",\"url\":\"https:\/\/nid.pl\/wp-content\/uploads\/2025\/01\/Spotkania-z-Zabytkami-012025.jpg\",\"contentUrl\":\"https:\/\/nid.pl\/wp-content\/uploads\/2025\/01\/Spotkania-z-Zabytkami-012025.jpg\",\"width\":1850,\"height\":1238,\"caption\":\"trzy ok\u0142adki magazynu spotkania z zabytkami nr 1\/2025\"},{\"@type\":\"BreadcrumbList\",\"@id\":\"https:\/\/nid.pl\/2025\/01\/02\/najnowszy-numer-magazynu-spotkania-z-zabytkami-juz-w-sprzedazy\/#breadcrumb\",\"itemListElement\":[{\"@type\":\"ListItem\",\"position\":1,\"name\":\"Home\",\"item\":\"https:\/\/nid.pl\/\"},{\"@type\":\"ListItem\",\"position\":2,\"name\":\"Najnowszy numer magazynu \u201cSpotkania z Zabytkami\u201d ju\u017c w sprzeda\u017cy \u00a0\"}]},{\"@type\":\"WebSite\",\"@id\":\"https:\/\/nid.pl\/#website\",\"url\":\"https:\/\/nid.pl\/\",\"name\":\"NID\",\"description\":\"Narodowy Instytut Dziedzictwa\",\"publisher\":{\"@id\":\"https:\/\/nid.pl\/#organization\"},\"potentialAction\":[{\"@type\":\"SearchAction\",\"target\":{\"@type\":\"EntryPoint\",\"urlTemplate\":\"https:\/\/nid.pl\/?s={search_term_string}\"},\"query-input\":{\"@type\":\"PropertyValueSpecification\",\"valueRequired\":true,\"valueName\":\"search_term_string\"}}],\"inLanguage\":\"en-GB\"},{\"@type\":\"Organization\",\"@id\":\"https:\/\/nid.pl\/#organization\",\"name\":\"Narodowy Instytut Dziedzictwa\",\"url\":\"https:\/\/nid.pl\/\",\"logo\":{\"@type\":\"ImageObject\",\"inLanguage\":\"en-GB\",\"@id\":\"https:\/\/nid.pl\/#\/schema\/logo\/image\/\",\"url\":\"https:\/\/nid.pl\/wp-content\/uploads\/2022\/10\/logoRedDark.png\",\"contentUrl\":\"https:\/\/nid.pl\/wp-content\/uploads\/2022\/10\/logoRedDark.png\",\"width\":200,\"height\":197,\"caption\":\"Narodowy Instytut Dziedzictwa\"},\"image\":{\"@id\":\"https:\/\/nid.pl\/#\/schema\/logo\/image\/\"},\"sameAs\":[\"https:\/\/www.facebook.com\/zabytek\",\"https:\/\/x.com\/NarIDpl\",\"https:\/\/www.instagram.com\/nid.pl\/?hl=pl\",\"https:\/\/www.linkedin.com\/company\/narodowy-instytut-dziedzictwa\",\"https:\/\/www.youtube.com\/channel\/UCQXuhKa2uHtmNvLRUSx40JA\"]},{\"@type\":\"Person\",\"@id\":\"https:\/\/nid.pl\/#\/schema\/person\/ab9abea4caecdccde4fb0d555271145f\",\"name\":\"Monika Ciura\",\"image\":{\"@type\":\"ImageObject\",\"inLanguage\":\"en-GB\",\"@id\":\"https:\/\/nid.pl\/#\/schema\/person\/image\/\",\"url\":\"https:\/\/nid.pl\/wp-content\/litespeed\/avatar\/bfdb15d1cc317fac4b66bdc91090ff11.jpg?ver=1776840533\",\"contentUrl\":\"https:\/\/nid.pl\/wp-content\/litespeed\/avatar\/bfdb15d1cc317fac4b66bdc91090ff11.jpg?ver=1776840533\",\"caption\":\"Monika Ciura\"},\"url\":\"https:\/\/nid.pl\/en\/author\/mciura\/\"}]}<\/script>\n<!-- \/ Yoast SEO plugin. -->","yoast_head_json":{"title":"Najnowszy numer magazynu \u201cSpotkania z Zabytkami\u201d ju\u017c w sprzeda\u017cy \u00a0 - NID","robots":{"index":"index","follow":"follow","max-snippet":"max-snippet:-1","max-image-preview":"max-image-preview:large","max-video-preview":"max-video-preview:-1"},"canonical":"https:\/\/nid.pl\/en\/2025\/01\/02\/najnowszy-numer-magazynu-spotkania-z-zabytkami-juz-w-sprzedazy\/","og_locale":"en_GB","og_type":"article","og_title":"Najnowszy numer magazynu \u201cSpotkania z Zabytkami\u201d ju\u017c w sprzeda\u017cy \u00a0 - NID","og_description":"Najnowszy numer \u201eSpotka\u0144 z Zabytkami\u201d w\u0142a\u015bnie si\u0119 ukaza\u0142. Magazyn przywita nas a\u017c trzema r\u00f3\u017cnymi ok\u0142adkami. Tym razem redakcja szczeg\u00f3ln\u0105 uwag\u0119 po\u015bwi\u0119ci\u0142a tkaninie \u2013 kilimom, gobelinom i projektom artystycznym, kt\u00f3re zyskuj\u0105 [&hellip;]","og_url":"https:\/\/nid.pl\/en\/2025\/01\/02\/najnowszy-numer-magazynu-spotkania-z-zabytkami-juz-w-sprzedazy\/","og_site_name":"NID","article_publisher":"https:\/\/www.facebook.com\/zabytek","article_published_time":"2025-01-02T14:22:46+00:00","article_modified_time":"2025-01-03T11:22:57+00:00","og_image":[{"width":1850,"height":1238,"url":"https:\/\/nid.pl\/wp-content\/uploads\/2025\/01\/Spotkania-z-Zabytkami-012025.jpg","type":"image\/jpeg"}],"author":"Monika Ciura","twitter_card":"summary_large_image","twitter_creator":"@NarIDpl","twitter_site":"@NarIDpl","twitter_misc":{"Written by":"Monika Ciura","Estimated reading time":"2 minutes"},"schema":{"@context":"https:\/\/schema.org","@graph":[{"@type":"Article","@id":"https:\/\/nid.pl\/2025\/01\/02\/najnowszy-numer-magazynu-spotkania-z-zabytkami-juz-w-sprzedazy\/#article","isPartOf":{"@id":"https:\/\/nid.pl\/2025\/01\/02\/najnowszy-numer-magazynu-spotkania-z-zabytkami-juz-w-sprzedazy\/"},"author":{"name":"Monika Ciura","@id":"https:\/\/nid.pl\/#\/schema\/person\/ab9abea4caecdccde4fb0d555271145f"},"headline":"Najnowszy numer magazynu \u201cSpotkania z Zabytkami\u201d ju\u017c w sprzeda\u017cy \u00a0","datePublished":"2025-01-02T14:22:46+00:00","dateModified":"2025-01-03T11:22:57+00:00","mainEntityOfPage":{"@id":"https:\/\/nid.pl\/2025\/01\/02\/najnowszy-numer-magazynu-spotkania-z-zabytkami-juz-w-sprzedazy\/"},"wordCount":276,"publisher":{"@id":"https:\/\/nid.pl\/#organization"},"image":{"@id":"https:\/\/nid.pl\/2025\/01\/02\/najnowszy-numer-magazynu-spotkania-z-zabytkami-juz-w-sprzedazy\/#primaryimage"},"thumbnailUrl":"https:\/\/nid.pl\/wp-content\/uploads\/2025\/01\/Spotkania-z-Zabytkami-012025.jpg","articleSection":["Aktualno\u015bci"],"inLanguage":"en-GB"},{"@type":"WebPage","@id":"https:\/\/nid.pl\/2025\/01\/02\/najnowszy-numer-magazynu-spotkania-z-zabytkami-juz-w-sprzedazy\/","url":"https:\/\/nid.pl\/2025\/01\/02\/najnowszy-numer-magazynu-spotkania-z-zabytkami-juz-w-sprzedazy\/","name":"Najnowszy numer magazynu \u201cSpotkania z Zabytkami\u201d ju\u017c w sprzeda\u017cy \u00a0 - NID","isPartOf":{"@id":"https:\/\/nid.pl\/#website"},"primaryImageOfPage":{"@id":"https:\/\/nid.pl\/2025\/01\/02\/najnowszy-numer-magazynu-spotkania-z-zabytkami-juz-w-sprzedazy\/#primaryimage"},"image":{"@id":"https:\/\/nid.pl\/2025\/01\/02\/najnowszy-numer-magazynu-spotkania-z-zabytkami-juz-w-sprzedazy\/#primaryimage"},"thumbnailUrl":"https:\/\/nid.pl\/wp-content\/uploads\/2025\/01\/Spotkania-z-Zabytkami-012025.jpg","datePublished":"2025-01-02T14:22:46+00:00","dateModified":"2025-01-03T11:22:57+00:00","breadcrumb":{"@id":"https:\/\/nid.pl\/2025\/01\/02\/najnowszy-numer-magazynu-spotkania-z-zabytkami-juz-w-sprzedazy\/#breadcrumb"},"inLanguage":"en-GB","potentialAction":[{"@type":"ReadAction","target":["https:\/\/nid.pl\/2025\/01\/02\/najnowszy-numer-magazynu-spotkania-z-zabytkami-juz-w-sprzedazy\/"]}]},{"@type":"ImageObject","inLanguage":"en-GB","@id":"https:\/\/nid.pl\/2025\/01\/02\/najnowszy-numer-magazynu-spotkania-z-zabytkami-juz-w-sprzedazy\/#primaryimage","url":"https:\/\/nid.pl\/wp-content\/uploads\/2025\/01\/Spotkania-z-Zabytkami-012025.jpg","contentUrl":"https:\/\/nid.pl\/wp-content\/uploads\/2025\/01\/Spotkania-z-Zabytkami-012025.jpg","width":1850,"height":1238,"caption":"trzy ok\u0142adki magazynu spotkania z zabytkami nr 1\/2025"},{"@type":"BreadcrumbList","@id":"https:\/\/nid.pl\/2025\/01\/02\/najnowszy-numer-magazynu-spotkania-z-zabytkami-juz-w-sprzedazy\/#breadcrumb","itemListElement":[{"@type":"ListItem","position":1,"name":"Home","item":"https:\/\/nid.pl\/"},{"@type":"ListItem","position":2,"name":"Najnowszy numer magazynu \u201cSpotkania z Zabytkami\u201d ju\u017c w sprzeda\u017cy \u00a0"}]},{"@type":"WebSite","@id":"https:\/\/nid.pl\/#website","url":"https:\/\/nid.pl\/","name":"NID","description":"Narodowy Instytut Dziedzictwa","publisher":{"@id":"https:\/\/nid.pl\/#organization"},"potentialAction":[{"@type":"SearchAction","target":{"@type":"EntryPoint","urlTemplate":"https:\/\/nid.pl\/?s={search_term_string}"},"query-input":{"@type":"PropertyValueSpecification","valueRequired":true,"valueName":"search_term_string"}}],"inLanguage":"en-GB"},{"@type":"Organization","@id":"https:\/\/nid.pl\/#organization","name":"Narodowy Instytut Dziedzictwa","url":"https:\/\/nid.pl\/","logo":{"@type":"ImageObject","inLanguage":"en-GB","@id":"https:\/\/nid.pl\/#\/schema\/logo\/image\/","url":"https:\/\/nid.pl\/wp-content\/uploads\/2022\/10\/logoRedDark.png","contentUrl":"https:\/\/nid.pl\/wp-content\/uploads\/2022\/10\/logoRedDark.png","width":200,"height":197,"caption":"Narodowy Instytut Dziedzictwa"},"image":{"@id":"https:\/\/nid.pl\/#\/schema\/logo\/image\/"},"sameAs":["https:\/\/www.facebook.com\/zabytek","https:\/\/x.com\/NarIDpl","https:\/\/www.instagram.com\/nid.pl\/?hl=pl","https:\/\/www.linkedin.com\/company\/narodowy-instytut-dziedzictwa","https:\/\/www.youtube.com\/channel\/UCQXuhKa2uHtmNvLRUSx40JA"]},{"@type":"Person","@id":"https:\/\/nid.pl\/#\/schema\/person\/ab9abea4caecdccde4fb0d555271145f","name":"Monika Ciura","image":{"@type":"ImageObject","inLanguage":"en-GB","@id":"https:\/\/nid.pl\/#\/schema\/person\/image\/","url":"https:\/\/nid.pl\/wp-content\/litespeed\/avatar\/bfdb15d1cc317fac4b66bdc91090ff11.jpg?ver=1776840533","contentUrl":"https:\/\/nid.pl\/wp-content\/litespeed\/avatar\/bfdb15d1cc317fac4b66bdc91090ff11.jpg?ver=1776840533","caption":"Monika Ciura"},"url":"https:\/\/nid.pl\/en\/author\/mciura\/"}]}},"_links":{"self":[{"href":"https:\/\/nid.pl\/en\/wp-json\/wp\/v2\/posts\/24589","targetHints":{"allow":["GET"]}}],"collection":[{"href":"https:\/\/nid.pl\/en\/wp-json\/wp\/v2\/posts"}],"about":[{"href":"https:\/\/nid.pl\/en\/wp-json\/wp\/v2\/types\/post"}],"author":[{"embeddable":true,"href":"https:\/\/nid.pl\/en\/wp-json\/wp\/v2\/users\/15"}],"replies":[{"embeddable":true,"href":"https:\/\/nid.pl\/en\/wp-json\/wp\/v2\/comments?post=24589"}],"version-history":[{"count":0,"href":"https:\/\/nid.pl\/en\/wp-json\/wp\/v2\/posts\/24589\/revisions"}],"wp:featuredmedia":[{"embeddable":true,"href":"https:\/\/nid.pl\/en\/wp-json\/wp\/v2\/media\/24618"}],"wp:attachment":[{"href":"https:\/\/nid.pl\/en\/wp-json\/wp\/v2\/media?parent=24589"}],"wp:term":[{"taxonomy":"category","embeddable":true,"href":"https:\/\/nid.pl\/en\/wp-json\/wp\/v2\/categories?post=24589"},{"taxonomy":"post_tag","embeddable":true,"href":"https:\/\/nid.pl\/en\/wp-json\/wp\/v2\/tags?post=24589"}],"curies":[{"name":"wp","href":"https:\/\/api.w.org\/{rel}","templated":true}]}}