{"id":24568,"date":"2025-01-02T11:43:13","date_gmt":"2025-01-02T10:43:13","guid":{"rendered":"https:\/\/nid.pl\/?p=24568"},"modified":"2025-01-09T11:08:43","modified_gmt":"2025-01-09T10:08:43","slug":"konkurs-zabytek-zadbany-edycja-2025","status":"publish","type":"post","link":"https:\/\/nid.pl\/en\/2025\/01\/02\/konkurs-zabytek-zadbany-edycja-2025\/","title":{"rendered":"Konkurs \u201eZabytek Zadbany\u201d edycja 2025\u00a0"},"content":{"rendered":"<p class=\"has-medium-font-size\"><strong>Jubileuszowa edycja konkursu Ministra Kultury i Dziedzictwa Narodowego oraz Generalnego Konserwatora Zabytk\u00f3w \u201eZabytek Zadbany\u201d w\u0142a\u015bnie ruszy\u0142a. Ju\u017c od pi\u0119\u0107dziesi\u0119ciu lat w\u0142a\u015bciciele, posiadacze i zarz\u0105dcy zabytk\u00f3w s\u0105 nagradzani za prace konserwatorskie, adaptacyjne i wzorcow\u0105 opiek\u0119 nad obiektami. Narodowy Instytut Dziedzictwa od 2011 prowadzi procedur\u0119 konkursow\u0105. W tym roku zg\u0142oszenia przyjmujemy do 15 lutego.<\/strong><\/p>\n\n\n\n<p>Tegoroczna edycja konkursu \u201eZabytek Zadbany\u201d obchodzi 50-lecie. O jego historii pisali\u015bmy szerzej<strong>\u00a0<a href=\"https:\/\/nid.pl\/en\/2024\/11\/19\/zabytek-zadbany-jubileuszowa-edycja-konkursu-z-50-letnia-tradycja\/\" target=\"_blank\" rel=\"noreferrer noopener\">tutaj<\/a><\/strong>. Je\u015bli chcesz by\u0107 cz\u0119\u015bci\u0105 wyj\u0105tkowej edycji tego presti\u017cowego wydarzenia, poni\u017cej znajduje si\u0119 szczeg\u00f3\u0142owa informacja dotycz\u0105ca zg\u0142osze\u0144.\u00a0<\/p>\n\n\n\n<p><\/p>\n\n\n\n<h5 class=\"wp-block-heading has-text-color has-link-color wp-elements-5fa8a049e13c085c77bb06d7ed51eee0\" style=\"color:#727272\"><strong>Kto mo\u017ce zg\u0142osi\u0107 obiekt do konkursu?<\/strong>&nbsp;<\/h5>\n\n\n\n<p><\/p>\n\n\n\n<ul class=\"wp-block-list\">\n<li>w\u0142a\u015bciciele, posiadacze i zarz\u0105dcy obiekt\u00f3w zabytkowych wpisanych do rejestru zabytk\u00f3w nieruchomych, kt\u00f3rzy wzorowo wywi\u0105zuj\u0105 si\u0119 z obowi\u0105zku opieki nad zabytkami;&nbsp;<\/li>\n\n\n\n<li>Wojew\u00f3dzcy Konserwatorzy Zabytk\u00f3w, kierownicy delegatur Wojew\u00f3dzkich Urz\u0119d\u00f3w Ochrony Zabytk\u00f3w oraz konserwatorzy samorz\u0105dowi.&nbsp;<\/li>\n<\/ul>\n\n\n\n<p><\/p>\n\n\n\n<h5 class=\"wp-block-heading has-text-color has-link-color wp-elements-42e5d49e98192d6b7b49cc00f648024a\" style=\"color:#727272\"><strong>Jakie warunki musi spe\u0142nia\u0107 zg\u0142oszony zabytek?<\/strong>&nbsp;<\/h5>\n\n\n\n<p><\/p>\n\n\n\n<ul class=\"wp-block-list\">\n<li>obiekt musi by\u0107 wpisany indywidualnie do rejestru zabytk\u00f3w nieruchomych;&nbsp;<\/li>\n\n\n\n<li>wszystkie prace badawcze i konserwatorskie oraz roboty budowlane przy zabytku zosta\u0142y wykonane zgodnie z pozwoleniem w\u0142a\u015bciwego Wojew\u00f3dzkiego Konserwatora Zabytk\u00f3w;&nbsp;<\/li>\n\n\n\n<li>prace przy zabytku zosta\u0142y zako\u0144czone w okresie 5 lat od roku poprzedzaj\u0105cego z\u0142o\u017cenie wniosku;&nbsp;&nbsp;<\/li>\n\n\n\n<li>do kategorii specjalnej w\u0142a\u015bciwego u\u017cytkowania i sta\u0142ej opieki nad zabytkiem mog\u0105 by\u0107 zg\u0142oszone takie obiekty, przy kt\u00f3rych prowadzono prace, tak\u017ce prace piel\u0119gnacyjno-porz\u0105dkowe,&nbsp;przez co najmniej 10 lat poprzedzaj\u0105cych rok z\u0142o\u017cenia wniosku.<\/li>\n<\/ul>\n\n\n\n<p><\/p>\n\n\n\n<h5 class=\"wp-block-heading has-text-color has-link-color wp-elements-c2ceada99ee6b9d0e45894564becd039\" style=\"color:#727272\"><strong>Kategorie konkursowe<\/strong>&nbsp;<\/h5>\n\n\n\n<p><\/p>\n\n\n\n<p>A. Utrwalenie warto\u015bci zabytkowej obiektu.&nbsp;<br>B. Rewaloryzacja przestrzeni kulturowej i krajobrazu (w tym za\u0142o\u017cenia dworskie &nbsp;<br>i pa\u0142acowe).&nbsp;<br>C. Adaptacja obiekt\u00f3w zabytkowych.&nbsp;<br>D. Architektura i budownictwo drewniane.&nbsp;<br>E. Zabytki techniki (w tym budownictwo przemys\u0142owe i in\u017cynieryjne).&nbsp;<br>F. Zabytek dost\u0119pny.&nbsp;<br>G. Kategoria specjalna: w\u0142a\u015bciwe u\u017cytkowanie i sta\u0142a opieka nad zabytkiem.&nbsp;<\/p>\n\n\n\n<p><\/p>\n\n\n\n<h5 class=\"wp-block-heading has-text-color has-link-color wp-elements-b4b7bbfefa0211bc53477b9ff044424c\" style=\"color:#727272\"><strong>Ocena<\/strong>&nbsp;<\/h5>\n\n\n\n<p><\/p>\n\n\n\n<p>Kontrol\u0119 nad prawid\u0142owo\u015bci\u0105 przebiegu konkursu oraz ocen\u0119 zg\u0142oszonych prac sprawuje jury, sk\u0142adaj\u0105ce si\u0119 z 7 os\u00f3b posiadaj\u0105cych wiedz\u0119 i do\u015bwiadczenie w dziedzinie konserwacji zabytk\u00f3w. Jury powo\u0142uje Generalny Konserwator Zabytk\u00f3w na wniosek dyrektora Narodowego Instytutu Dziedzictwa.&nbsp;<\/p>\n\n\n\n<p><\/p>\n\n\n\n<h5 class=\"wp-block-heading has-text-color has-link-color wp-elements-d020b6a9fe68b71c2abec5cb932d70f3\" style=\"color:#727272\"><strong>Nagrody<\/strong>&nbsp;<\/h5>\n\n\n\n<p><\/p>\n\n\n\n<p>W kategorii specjalnej w\u0142a\u015bciwego u\u017cytkowania i sta\u0142ej opieki nad zabytkiem jury przyznaje nagrod\u0119, bez wyr\u00f3\u017cnie\u0144. W pozosta\u0142ych kategoriach jury mo\u017ce przyzna\u0107 nagrod\u0119 i maksymalnie trzy wyr\u00f3\u017cnienia.&nbsp;&nbsp;<\/p>\n\n\n\n<p>W ka\u017cdej z kategorii jury ma prawo przyznania dw\u00f3ch nagr\u00f3d r\u00f3wnorz\u0119dnych (ex aequo).&nbsp;<\/p>\n\n\n\n<p>Nagrodzeni otrzymuj\u0105 dyplomy oraz tablice wykonane z br\u0105zu do oznaczenia zabytku, a wyr\u00f3\u017cnieni dyplomy i odpowiednie tablice.&nbsp;<\/p>\n\n\n\n<p><\/p>\n\n\n\n<h5 class=\"wp-block-heading has-text-color has-link-color wp-elements-4092cbabd97dccbfcea09d66e42f6fa7\" style=\"color:#727272\"><strong>Harmonogram konkursu<\/strong>&nbsp;<\/h5>\n\n\n\n<p><\/p>\n\n\n\n<p><strong>Do 15 lutego &#8211; <\/strong>przes\u0142anie dokumentacji zg\u0142oszeniowej na adres sekretariatu Konkursu:&nbsp;<\/p>\n\n\n\n<p>Narodowy Instytut Dziedzictwa&nbsp;<br>Oddzia\u0142 Terenowy w Olsztynie&nbsp;<br>ul. 11 Listopada 4, 10-104 Olsztyn&nbsp;<br>z dopiskiem \u201eZabytek Zadbany\u201d&nbsp;<\/p>\n\n\n\n<p><strong>Do 31 pa\u017adziernika <\/strong>&#8211; og\u0142oszenie listy nagrodzonych i wyr\u00f3\u017cnionych oraz uroczysta gala wr\u0119czenia nagr\u00f3d i wyr\u00f3\u017cnie\u0144.&nbsp;<\/p>\n\n\n\n<p><\/p>\n\n\n\n<p>Szczeg\u00f3\u0142owe informacje o regulaminie konkursu, formularz zg\u0142oszeniowy oraz procedura oceny zg\u0142osze\u0144 znajduj\u0105 si\u0119 na stronie internetowej:<strong> <a href=\"https:\/\/nid.pl\/en\/konkursy\/zabytek-zadbany\/\" target=\"_blank\" rel=\"noreferrer noopener\">Zabytek Zadbany &#8211; NID<\/a>&nbsp;<\/strong><\/p>\n\n\n\n<p><\/p>\n\n\n\n<p><\/p>\n\n\n\n<p><\/p>\n\n\n\n<figure class=\"wp-block-image aligncenter size-large\"><img loading=\"lazy\" decoding=\"async\" width=\"1024\" height=\"556\" src=\"https:\/\/nid.pl\/wp-content\/uploads\/2025\/01\/ZZ-plakat-2-1024x556.jpg\" alt=\"\" class=\"wp-image-24584\" srcset=\"https:\/\/nid.pl\/wp-content\/uploads\/2025\/01\/ZZ-plakat-2-980x532.jpg 980w, https:\/\/nid.pl\/wp-content\/uploads\/2025\/01\/ZZ-plakat-2-480x261.jpg 480w\" sizes=\"(min-width: 0px) and (max-width: 480px) 480px, (min-width: 481px) and (max-width: 980px) 980px, (min-width: 981px) 1024px, 100vw\" \/><\/figure>","protected":false},"excerpt":{"rendered":"<p>Jubileuszowa edycja konkursu Ministra Kultury i Dziedzictwa Narodowego oraz Generalnego Konserwatora Zabytk\u00f3w \u201eZabytek Zadbany\u201d w\u0142a\u015bnie ruszy\u0142a. Ju\u017c od pi\u0119\u0107dziesi\u0119ciu lat w\u0142a\u015bciciele, posiadacze i zarz\u0105dcy zabytk\u00f3w s\u0105 nagradzani za prace konserwatorskie, [&hellip;]<\/p>","protected":false},"author":15,"featured_media":24570,"comment_status":"closed","ping_status":"closed","sticky":false,"template":"","format":"standard","meta":{"_et_pb_use_builder":"off","_et_pb_old_content":"","_et_gb_content_width":"","_monsterinsights_skip_tracking":false,"_monsterinsights_sitenote_active":false,"_monsterinsights_sitenote_note":"","_monsterinsights_sitenote_category":0,"footnotes":""},"categories":[3,31],"tags":[],"class_list":["post-24568","post","type-post","status-publish","format-standard","has-post-thumbnail","hentry","category-aktualnosci","category-zabytek-zadbany"],"yoast_head":"<!-- This site is optimized with the Yoast SEO plugin v26.5 - https:\/\/yoast.com\/wordpress\/plugins\/seo\/ -->\n<title>Konkurs \u201eZabytek Zadbany\u201d edycja 2025\u00a0 - NID<\/title>\n<meta name=\"robots\" content=\"index, follow, max-snippet:-1, max-image-preview:large, max-video-preview:-1\" \/>\n<link rel=\"canonical\" href=\"https:\/\/nid.pl\/en\/2025\/01\/02\/konkurs-zabytek-zadbany-edycja-2025\/\" \/>\n<meta property=\"og:locale\" content=\"en_GB\" \/>\n<meta property=\"og:type\" content=\"article\" \/>\n<meta property=\"og:title\" content=\"Konkurs \u201eZabytek Zadbany\u201d edycja 2025\u00a0 - NID\" \/>\n<meta property=\"og:description\" content=\"Jubileuszowa edycja konkursu Ministra Kultury i Dziedzictwa Narodowego oraz Generalnego Konserwatora Zabytk\u00f3w \u201eZabytek Zadbany\u201d w\u0142a\u015bnie ruszy\u0142a. Ju\u017c od pi\u0119\u0107dziesi\u0119ciu lat w\u0142a\u015bciciele, posiadacze i zarz\u0105dcy zabytk\u00f3w s\u0105 nagradzani za prace konserwatorskie, [&hellip;]\" \/>\n<meta property=\"og:url\" content=\"https:\/\/nid.pl\/en\/2025\/01\/02\/konkurs-zabytek-zadbany-edycja-2025\/\" \/>\n<meta property=\"og:site_name\" content=\"NID\" \/>\n<meta property=\"article:publisher\" content=\"https:\/\/www.facebook.com\/zabytek\" \/>\n<meta property=\"article:published_time\" content=\"2025-01-02T10:43:13+00:00\" \/>\n<meta property=\"article:modified_time\" content=\"2025-01-09T10:08:43+00:00\" \/>\n<meta property=\"og:image\" content=\"https:\/\/nid.pl\/wp-content\/uploads\/2025\/01\/miniatura-www-zabytek-zadbany-2025.jpg\" \/>\n\t<meta property=\"og:image:width\" content=\"1857\" \/>\n\t<meta property=\"og:image:height\" content=\"1238\" \/>\n\t<meta property=\"og:image:type\" content=\"image\/jpeg\" \/>\n<meta name=\"author\" content=\"Monika Ciura\" \/>\n<meta name=\"twitter:card\" content=\"summary_large_image\" \/>\n<meta name=\"twitter:creator\" content=\"@NarIDpl\" \/>\n<meta name=\"twitter:site\" content=\"@NarIDpl\" \/>\n<meta name=\"twitter:label1\" content=\"Written by\" \/>\n\t<meta name=\"twitter:data1\" content=\"Monika Ciura\" \/>\n\t<meta name=\"twitter:label2\" content=\"Estimated reading time\" \/>\n\t<meta name=\"twitter:data2\" content=\"3 minutes\" \/>\n<script type=\"application\/ld+json\" class=\"yoast-schema-graph\">{\"@context\":\"https:\/\/schema.org\",\"@graph\":[{\"@type\":\"Article\",\"@id\":\"https:\/\/nid.pl\/2025\/01\/02\/konkurs-zabytek-zadbany-edycja-2025\/#article\",\"isPartOf\":{\"@id\":\"https:\/\/nid.pl\/2025\/01\/02\/konkurs-zabytek-zadbany-edycja-2025\/\"},\"author\":{\"name\":\"Monika Ciura\",\"@id\":\"https:\/\/nid.pl\/#\/schema\/person\/ab9abea4caecdccde4fb0d555271145f\"},\"headline\":\"Konkurs \u201eZabytek Zadbany\u201d edycja 2025\u00a0\",\"datePublished\":\"2025-01-02T10:43:13+00:00\",\"dateModified\":\"2025-01-09T10:08:43+00:00\",\"mainEntityOfPage\":{\"@id\":\"https:\/\/nid.pl\/2025\/01\/02\/konkurs-zabytek-zadbany-edycja-2025\/\"},\"wordCount\":546,\"publisher\":{\"@id\":\"https:\/\/nid.pl\/#organization\"},\"image\":{\"@id\":\"https:\/\/nid.pl\/2025\/01\/02\/konkurs-zabytek-zadbany-edycja-2025\/#primaryimage\"},\"thumbnailUrl\":\"https:\/\/nid.pl\/wp-content\/uploads\/2025\/01\/miniatura-www-zabytek-zadbany-2025.jpg\",\"articleSection\":[\"Aktualno\u015bci\",\"Zabytek Zadbany\"],\"inLanguage\":\"en-GB\"},{\"@type\":\"WebPage\",\"@id\":\"https:\/\/nid.pl\/2025\/01\/02\/konkurs-zabytek-zadbany-edycja-2025\/\",\"url\":\"https:\/\/nid.pl\/2025\/01\/02\/konkurs-zabytek-zadbany-edycja-2025\/\",\"name\":\"Konkurs \u201eZabytek Zadbany\u201d edycja 2025\u00a0 - NID\",\"isPartOf\":{\"@id\":\"https:\/\/nid.pl\/#website\"},\"primaryImageOfPage\":{\"@id\":\"https:\/\/nid.pl\/2025\/01\/02\/konkurs-zabytek-zadbany-edycja-2025\/#primaryimage\"},\"image\":{\"@id\":\"https:\/\/nid.pl\/2025\/01\/02\/konkurs-zabytek-zadbany-edycja-2025\/#primaryimage\"},\"thumbnailUrl\":\"https:\/\/nid.pl\/wp-content\/uploads\/2025\/01\/miniatura-www-zabytek-zadbany-2025.jpg\",\"datePublished\":\"2025-01-02T10:43:13+00:00\",\"dateModified\":\"2025-01-09T10:08:43+00:00\",\"breadcrumb\":{\"@id\":\"https:\/\/nid.pl\/2025\/01\/02\/konkurs-zabytek-zadbany-edycja-2025\/#breadcrumb\"},\"inLanguage\":\"en-GB\",\"potentialAction\":[{\"@type\":\"ReadAction\",\"target\":[\"https:\/\/nid.pl\/2025\/01\/02\/konkurs-zabytek-zadbany-edycja-2025\/\"]}]},{\"@type\":\"ImageObject\",\"inLanguage\":\"en-GB\",\"@id\":\"https:\/\/nid.pl\/2025\/01\/02\/konkurs-zabytek-zadbany-edycja-2025\/#primaryimage\",\"url\":\"https:\/\/nid.pl\/wp-content\/uploads\/2025\/01\/miniatura-www-zabytek-zadbany-2025.jpg\",\"contentUrl\":\"https:\/\/nid.pl\/wp-content\/uploads\/2025\/01\/miniatura-www-zabytek-zadbany-2025.jpg\",\"width\":1857,\"height\":1238,\"caption\":\"miniatura, grafika konkursu zabytek zadbany 2025\"},{\"@type\":\"BreadcrumbList\",\"@id\":\"https:\/\/nid.pl\/2025\/01\/02\/konkurs-zabytek-zadbany-edycja-2025\/#breadcrumb\",\"itemListElement\":[{\"@type\":\"ListItem\",\"position\":1,\"name\":\"Home\",\"item\":\"https:\/\/nid.pl\/\"},{\"@type\":\"ListItem\",\"position\":2,\"name\":\"Konkurs \u201eZabytek Zadbany\u201d edycja 2025\u00a0\"}]},{\"@type\":\"WebSite\",\"@id\":\"https:\/\/nid.pl\/#website\",\"url\":\"https:\/\/nid.pl\/\",\"name\":\"NID\",\"description\":\"Narodowy Instytut Dziedzictwa\",\"publisher\":{\"@id\":\"https:\/\/nid.pl\/#organization\"},\"potentialAction\":[{\"@type\":\"SearchAction\",\"target\":{\"@type\":\"EntryPoint\",\"urlTemplate\":\"https:\/\/nid.pl\/?s={search_term_string}\"},\"query-input\":{\"@type\":\"PropertyValueSpecification\",\"valueRequired\":true,\"valueName\":\"search_term_string\"}}],\"inLanguage\":\"en-GB\"},{\"@type\":\"Organization\",\"@id\":\"https:\/\/nid.pl\/#organization\",\"name\":\"Narodowy Instytut Dziedzictwa\",\"url\":\"https:\/\/nid.pl\/\",\"logo\":{\"@type\":\"ImageObject\",\"inLanguage\":\"en-GB\",\"@id\":\"https:\/\/nid.pl\/#\/schema\/logo\/image\/\",\"url\":\"https:\/\/nid.pl\/wp-content\/uploads\/2022\/10\/logoRedDark.png\",\"contentUrl\":\"https:\/\/nid.pl\/wp-content\/uploads\/2022\/10\/logoRedDark.png\",\"width\":200,\"height\":197,\"caption\":\"Narodowy Instytut Dziedzictwa\"},\"image\":{\"@id\":\"https:\/\/nid.pl\/#\/schema\/logo\/image\/\"},\"sameAs\":[\"https:\/\/www.facebook.com\/zabytek\",\"https:\/\/x.com\/NarIDpl\",\"https:\/\/www.instagram.com\/nid.pl\/?hl=pl\",\"https:\/\/www.linkedin.com\/company\/narodowy-instytut-dziedzictwa\",\"https:\/\/www.youtube.com\/channel\/UCQXuhKa2uHtmNvLRUSx40JA\"]},{\"@type\":\"Person\",\"@id\":\"https:\/\/nid.pl\/#\/schema\/person\/ab9abea4caecdccde4fb0d555271145f\",\"name\":\"Monika Ciura\",\"image\":{\"@type\":\"ImageObject\",\"inLanguage\":\"en-GB\",\"@id\":\"https:\/\/nid.pl\/#\/schema\/person\/image\/\",\"url\":\"https:\/\/nid.pl\/wp-content\/litespeed\/avatar\/bfdb15d1cc317fac4b66bdc91090ff11.jpg?ver=1776840533\",\"contentUrl\":\"https:\/\/nid.pl\/wp-content\/litespeed\/avatar\/bfdb15d1cc317fac4b66bdc91090ff11.jpg?ver=1776840533\",\"caption\":\"Monika Ciura\"},\"url\":\"https:\/\/nid.pl\/en\/author\/mciura\/\"}]}<\/script>\n<!-- \/ Yoast SEO plugin. -->","yoast_head_json":{"title":"Konkurs \u201eZabytek Zadbany\u201d edycja 2025\u00a0 - NID","robots":{"index":"index","follow":"follow","max-snippet":"max-snippet:-1","max-image-preview":"max-image-preview:large","max-video-preview":"max-video-preview:-1"},"canonical":"https:\/\/nid.pl\/en\/2025\/01\/02\/konkurs-zabytek-zadbany-edycja-2025\/","og_locale":"en_GB","og_type":"article","og_title":"Konkurs \u201eZabytek Zadbany\u201d edycja 2025\u00a0 - NID","og_description":"Jubileuszowa edycja konkursu Ministra Kultury i Dziedzictwa Narodowego oraz Generalnego Konserwatora Zabytk\u00f3w \u201eZabytek Zadbany\u201d w\u0142a\u015bnie ruszy\u0142a. Ju\u017c od pi\u0119\u0107dziesi\u0119ciu lat w\u0142a\u015bciciele, posiadacze i zarz\u0105dcy zabytk\u00f3w s\u0105 nagradzani za prace konserwatorskie, [&hellip;]","og_url":"https:\/\/nid.pl\/en\/2025\/01\/02\/konkurs-zabytek-zadbany-edycja-2025\/","og_site_name":"NID","article_publisher":"https:\/\/www.facebook.com\/zabytek","article_published_time":"2025-01-02T10:43:13+00:00","article_modified_time":"2025-01-09T10:08:43+00:00","og_image":[{"width":1857,"height":1238,"url":"https:\/\/nid.pl\/wp-content\/uploads\/2025\/01\/miniatura-www-zabytek-zadbany-2025.jpg","type":"image\/jpeg"}],"author":"Monika Ciura","twitter_card":"summary_large_image","twitter_creator":"@NarIDpl","twitter_site":"@NarIDpl","twitter_misc":{"Written by":"Monika Ciura","Estimated reading time":"3 minutes"},"schema":{"@context":"https:\/\/schema.org","@graph":[{"@type":"Article","@id":"https:\/\/nid.pl\/2025\/01\/02\/konkurs-zabytek-zadbany-edycja-2025\/#article","isPartOf":{"@id":"https:\/\/nid.pl\/2025\/01\/02\/konkurs-zabytek-zadbany-edycja-2025\/"},"author":{"name":"Monika Ciura","@id":"https:\/\/nid.pl\/#\/schema\/person\/ab9abea4caecdccde4fb0d555271145f"},"headline":"Konkurs \u201eZabytek Zadbany\u201d edycja 2025\u00a0","datePublished":"2025-01-02T10:43:13+00:00","dateModified":"2025-01-09T10:08:43+00:00","mainEntityOfPage":{"@id":"https:\/\/nid.pl\/2025\/01\/02\/konkurs-zabytek-zadbany-edycja-2025\/"},"wordCount":546,"publisher":{"@id":"https:\/\/nid.pl\/#organization"},"image":{"@id":"https:\/\/nid.pl\/2025\/01\/02\/konkurs-zabytek-zadbany-edycja-2025\/#primaryimage"},"thumbnailUrl":"https:\/\/nid.pl\/wp-content\/uploads\/2025\/01\/miniatura-www-zabytek-zadbany-2025.jpg","articleSection":["Aktualno\u015bci","Zabytek Zadbany"],"inLanguage":"en-GB"},{"@type":"WebPage","@id":"https:\/\/nid.pl\/2025\/01\/02\/konkurs-zabytek-zadbany-edycja-2025\/","url":"https:\/\/nid.pl\/2025\/01\/02\/konkurs-zabytek-zadbany-edycja-2025\/","name":"Konkurs \u201eZabytek Zadbany\u201d edycja 2025\u00a0 - NID","isPartOf":{"@id":"https:\/\/nid.pl\/#website"},"primaryImageOfPage":{"@id":"https:\/\/nid.pl\/2025\/01\/02\/konkurs-zabytek-zadbany-edycja-2025\/#primaryimage"},"image":{"@id":"https:\/\/nid.pl\/2025\/01\/02\/konkurs-zabytek-zadbany-edycja-2025\/#primaryimage"},"thumbnailUrl":"https:\/\/nid.pl\/wp-content\/uploads\/2025\/01\/miniatura-www-zabytek-zadbany-2025.jpg","datePublished":"2025-01-02T10:43:13+00:00","dateModified":"2025-01-09T10:08:43+00:00","breadcrumb":{"@id":"https:\/\/nid.pl\/2025\/01\/02\/konkurs-zabytek-zadbany-edycja-2025\/#breadcrumb"},"inLanguage":"en-GB","potentialAction":[{"@type":"ReadAction","target":["https:\/\/nid.pl\/2025\/01\/02\/konkurs-zabytek-zadbany-edycja-2025\/"]}]},{"@type":"ImageObject","inLanguage":"en-GB","@id":"https:\/\/nid.pl\/2025\/01\/02\/konkurs-zabytek-zadbany-edycja-2025\/#primaryimage","url":"https:\/\/nid.pl\/wp-content\/uploads\/2025\/01\/miniatura-www-zabytek-zadbany-2025.jpg","contentUrl":"https:\/\/nid.pl\/wp-content\/uploads\/2025\/01\/miniatura-www-zabytek-zadbany-2025.jpg","width":1857,"height":1238,"caption":"miniatura, grafika konkursu zabytek zadbany 2025"},{"@type":"BreadcrumbList","@id":"https:\/\/nid.pl\/2025\/01\/02\/konkurs-zabytek-zadbany-edycja-2025\/#breadcrumb","itemListElement":[{"@type":"ListItem","position":1,"name":"Home","item":"https:\/\/nid.pl\/"},{"@type":"ListItem","position":2,"name":"Konkurs \u201eZabytek Zadbany\u201d edycja 2025\u00a0"}]},{"@type":"WebSite","@id":"https:\/\/nid.pl\/#website","url":"https:\/\/nid.pl\/","name":"NID","description":"Narodowy Instytut Dziedzictwa","publisher":{"@id":"https:\/\/nid.pl\/#organization"},"potentialAction":[{"@type":"SearchAction","target":{"@type":"EntryPoint","urlTemplate":"https:\/\/nid.pl\/?s={search_term_string}"},"query-input":{"@type":"PropertyValueSpecification","valueRequired":true,"valueName":"search_term_string"}}],"inLanguage":"en-GB"},{"@type":"Organization","@id":"https:\/\/nid.pl\/#organization","name":"Narodowy Instytut Dziedzictwa","url":"https:\/\/nid.pl\/","logo":{"@type":"ImageObject","inLanguage":"en-GB","@id":"https:\/\/nid.pl\/#\/schema\/logo\/image\/","url":"https:\/\/nid.pl\/wp-content\/uploads\/2022\/10\/logoRedDark.png","contentUrl":"https:\/\/nid.pl\/wp-content\/uploads\/2022\/10\/logoRedDark.png","width":200,"height":197,"caption":"Narodowy Instytut Dziedzictwa"},"image":{"@id":"https:\/\/nid.pl\/#\/schema\/logo\/image\/"},"sameAs":["https:\/\/www.facebook.com\/zabytek","https:\/\/x.com\/NarIDpl","https:\/\/www.instagram.com\/nid.pl\/?hl=pl","https:\/\/www.linkedin.com\/company\/narodowy-instytut-dziedzictwa","https:\/\/www.youtube.com\/channel\/UCQXuhKa2uHtmNvLRUSx40JA"]},{"@type":"Person","@id":"https:\/\/nid.pl\/#\/schema\/person\/ab9abea4caecdccde4fb0d555271145f","name":"Monika Ciura","image":{"@type":"ImageObject","inLanguage":"en-GB","@id":"https:\/\/nid.pl\/#\/schema\/person\/image\/","url":"https:\/\/nid.pl\/wp-content\/litespeed\/avatar\/bfdb15d1cc317fac4b66bdc91090ff11.jpg?ver=1776840533","contentUrl":"https:\/\/nid.pl\/wp-content\/litespeed\/avatar\/bfdb15d1cc317fac4b66bdc91090ff11.jpg?ver=1776840533","caption":"Monika Ciura"},"url":"https:\/\/nid.pl\/en\/author\/mciura\/"}]}},"_links":{"self":[{"href":"https:\/\/nid.pl\/en\/wp-json\/wp\/v2\/posts\/24568","targetHints":{"allow":["GET"]}}],"collection":[{"href":"https:\/\/nid.pl\/en\/wp-json\/wp\/v2\/posts"}],"about":[{"href":"https:\/\/nid.pl\/en\/wp-json\/wp\/v2\/types\/post"}],"author":[{"embeddable":true,"href":"https:\/\/nid.pl\/en\/wp-json\/wp\/v2\/users\/15"}],"replies":[{"embeddable":true,"href":"https:\/\/nid.pl\/en\/wp-json\/wp\/v2\/comments?post=24568"}],"version-history":[{"count":0,"href":"https:\/\/nid.pl\/en\/wp-json\/wp\/v2\/posts\/24568\/revisions"}],"wp:featuredmedia":[{"embeddable":true,"href":"https:\/\/nid.pl\/en\/wp-json\/wp\/v2\/media\/24570"}],"wp:attachment":[{"href":"https:\/\/nid.pl\/en\/wp-json\/wp\/v2\/media?parent=24568"}],"wp:term":[{"taxonomy":"category","embeddable":true,"href":"https:\/\/nid.pl\/en\/wp-json\/wp\/v2\/categories?post=24568"},{"taxonomy":"post_tag","embeddable":true,"href":"https:\/\/nid.pl\/en\/wp-json\/wp\/v2\/tags?post=24568"}],"curies":[{"name":"wp","href":"https:\/\/api.w.org\/{rel}","templated":true}]}}