{"id":24499,"date":"2024-12-24T09:59:26","date_gmt":"2024-12-24T08:59:26","guid":{"rendered":"https:\/\/nid.pl\/?p=24499"},"modified":"2024-12-27T11:58:19","modified_gmt":"2024-12-27T10:58:19","slug":"zyczenia-swiateczne-narodowego-instytutu-dziedzictwa","status":"publish","type":"post","link":"https:\/\/nid.pl\/en\/2024\/12\/24\/zyczenia-swiateczne-narodowego-instytutu-dziedzictwa\/","title":{"rendered":"\u017byczenia \u015bwi\u0105teczne Narodowego Instytutu Dziedzictwa"},"content":{"rendered":"[et_pb_section admin_label=&#8221;section&#8221;]\n\t\t\t[et_pb_row admin_label=&#8221;row&#8221;]\n\t\t\t\t[et_pb_column type=&#8221;4_4&#8243;][et_pb_text admin_label=&#8221;Text&#8221;]\n<p class=\"has-medium-font-size\"><strong>W polskiej tradycji od wiek\u00f3w bo\u017conarodzeniowe \u017cyczenia traktowane by\u0142y w spos\u00f3b szczeg\u00f3lny &#8211; jako dar. Mia\u0142y sprawi\u0107, by los by\u0142 dla cz\u0142owieka \u0142askawy. Wierzono tak\u017ce, \u017ce wypowiadane pro\u015bby maj\u0105 w sobie moc. W tym szczeg\u00f3lnym czasie \u015awi\u0105t Bo\u017cego Narodzenia dyrektorka Narodowego Instytutu Dziedzictwa Marlena Happach skierowa\u0142a \u015bwi\u0105teczne \u017cyczenia do wszystkich os\u00f3b zajmuj\u0105cych si\u0119 ochron\u0105 dziedzictwa kulturowego.<\/strong><\/p>\n\n\n\n<p><\/p>\n\n\n\n<p><\/p>\n\n\n\n<blockquote class=\"wp-block-quote is-layout-flow wp-block-quote-is-layout-flow\">\n<p>\u201eWszystkim, kt\u00f3rym na sercu le\u017cy los dziedzictwa \u017cycz\u0119 spokojnych, rodzinnych \u015awi\u0105t. Aby ta Wigilia, kt\u00f3ra &#8211; mam nadziej\u0119 &#8211; niebawem znajdzie si\u0119 na Krajowej li\u015bcie niematerialnego dziedzictwa kulturowego, by\u0142a czasem refleksji i zadumy\u201d \u2013 powiedzia\u0142a dyrektorka NID.<\/p>\n<\/blockquote>\n\n\n\n<p><\/p>\n\n\n\n<p><\/p>\n\n\n\n<div class=\"wp-block-columns is-layout-flex wp-container-core-columns-is-layout-9d6595d7 wp-block-columns-is-layout-flex\">\n<div class=\"wp-block-column is-layout-flow wp-block-column-is-layout-flow\"><\/div>\n\n\n\n<div class=\"wp-block-column is-layout-flow wp-block-column-is-layout-flow\">\n<figure class=\"wp-block-video\"><video height=\"1920\" style=\"aspect-ratio: 1080 \/ 1920;\" width=\"1080\" controls src=\"https:\/\/nid.pl\/wp-content\/uploads\/2024\/12\/zyczenia-dyrektorka-NID-Marlena-Happach.mov\" playsinline><\/video><\/figure>\n<\/div>\n\n\n\n<div class=\"wp-block-column is-layout-flow wp-block-column-is-layout-flow\"><\/div>\n<\/div>\n[\/et_pb_text][\/et_pb_column]\n\t\t\t[\/et_pb_row]\n\t\t[\/et_pb_section]","protected":false},"excerpt":{"rendered":"<p>W polskiej tradycji od wiek\u00f3w bo\u017conarodzeniowe \u017cyczenia traktowane by\u0142y w spos\u00f3b szczeg\u00f3lny &#8211; jako dar. Mia\u0142y sprawi\u0107, by los by\u0142 dla cz\u0142owieka \u0142askawy. Wierzono tak\u017ce, \u017ce wypowiadane pro\u015bby maj\u0105 w [&hellip;]<\/p>","protected":false},"author":15,"featured_media":24500,"comment_status":"closed","ping_status":"closed","sticky":false,"template":"","format":"standard","meta":{"_et_pb_use_builder":"on","_et_pb_old_content":"<!-- wp:paragraph {\"fontSize\":\"medium\"} -->\n<p class=\"has-medium-font-size\"><strong>W polskiej tradycji od wiek\u00f3w bo\u017conarodzeniowe \u017cyczenia traktowane by\u0142y w spos\u00f3b szczeg\u00f3lny - jako dar. Mia\u0142y sprawi\u0107, by los by\u0142 dla cz\u0142owieka \u0142askawy. Wierzono tak\u017ce, \u017ce wypowiadane pro\u015bby maj\u0105 w sobie moc. W tym szczeg\u00f3lnym czasie \u015awi\u0105t Bo\u017cego Narodzenia dyrektorka Narodowego Instytutu Dziedzictwa Marlena Happach skierowa\u0142a \u015bwi\u0105teczne \u017cyczenia do wszystkich os\u00f3b zajmuj\u0105cych si\u0119 ochron\u0105 dziedzictwa kulturowego.<\/strong><\/p>\n<!-- \/wp:paragraph -->\n\n<!-- wp:paragraph -->\n<p><\/p>\n<!-- \/wp:paragraph -->\n\n<!-- wp:paragraph -->\n<p><\/p>\n<!-- \/wp:paragraph -->\n\n<!-- wp:quote -->\n<blockquote class=\"wp-block-quote\"><!-- wp:paragraph -->\n<p>\u201eWszystkim, kt\u00f3rym na sercu le\u017cy los dziedzictwa \u017cycz\u0119 spokojnych, rodzinnych \u015awi\u0105t. Aby ta Wigilia, kt\u00f3ra - mam nadziej\u0119 - niebawem znajdzie si\u0119 na Krajowej li\u015bcie niematerialnego dziedzictwa kulturowego, by\u0142a czasem refleksji i zadumy\u201d \u2013 powiedzia\u0142a dyrektorka NID.<\/p>\n<!-- \/wp:paragraph --><\/blockquote>\n<!-- \/wp:quote -->\n\n<!-- wp:paragraph -->\n<p><\/p>\n<!-- \/wp:paragraph -->\n\n<!-- wp:paragraph -->\n<p><\/p>\n<!-- \/wp:paragraph -->\n\n<!-- wp:columns -->\n<div class=\"wp-block-columns\"><!-- wp:column -->\n<div class=\"wp-block-column\"><\/div>\n<!-- \/wp:column -->\n\n<!-- wp:column -->\n<div class=\"wp-block-column\"><!-- wp:video {\"id\":24502} -->\n<figure class=\"wp-block-video\"><video controls src=\"https:\/\/nid.pl\/wp-content\/uploads\/2024\/12\/zyczenia-dyrektorka-NID-Marlena-Happach.mov\" playsinline><\/video><\/figure>\n<!-- \/wp:video --><\/div>\n<!-- \/wp:column -->\n\n<!-- wp:column -->\n<div class=\"wp-block-column\"><\/div>\n<!-- \/wp:column --><\/div>\n<!-- \/wp:columns -->","_et_gb_content_width":"","_monsterinsights_skip_tracking":false,"_monsterinsights_sitenote_active":false,"_monsterinsights_sitenote_note":"","_monsterinsights_sitenote_category":0,"footnotes":""},"categories":[3],"tags":[],"class_list":["post-24499","post","type-post","status-publish","format-standard","has-post-thumbnail","hentry","category-aktualnosci"],"yoast_head":"<!-- This site is optimized with the Yoast SEO plugin v26.5 - https:\/\/yoast.com\/wordpress\/plugins\/seo\/ -->\n<title>\u017byczenia \u015bwi\u0105teczne Narodowego Instytutu Dziedzictwa - NID<\/title>\n<meta name=\"robots\" content=\"index, follow, max-snippet:-1, max-image-preview:large, max-video-preview:-1\" \/>\n<link rel=\"canonical\" href=\"https:\/\/nid.pl\/en\/2024\/12\/24\/zyczenia-swiateczne-narodowego-instytutu-dziedzictwa\/\" \/>\n<meta property=\"og:locale\" content=\"en_GB\" \/>\n<meta property=\"og:type\" content=\"article\" \/>\n<meta property=\"og:title\" content=\"\u017byczenia \u015bwi\u0105teczne Narodowego Instytutu Dziedzictwa - NID\" \/>\n<meta property=\"og:description\" content=\"W polskiej tradycji od wiek\u00f3w bo\u017conarodzeniowe \u017cyczenia traktowane by\u0142y w spos\u00f3b szczeg\u00f3lny - jako dar. Mia\u0142y sprawi\u0107, by los by\u0142 dla cz\u0142owieka \u0142askawy. Wierzono tak\u017ce, \u017ce wypowiadane pro\u015bby maj\u0105 w [&hellip;]\" \/>\n<meta property=\"og:url\" content=\"https:\/\/nid.pl\/en\/2024\/12\/24\/zyczenia-swiateczne-narodowego-instytutu-dziedzictwa\/\" \/>\n<meta property=\"og:site_name\" content=\"NID\" \/>\n<meta property=\"article:publisher\" content=\"https:\/\/www.facebook.com\/zabytek\" \/>\n<meta property=\"article:published_time\" content=\"2024-12-24T08:59:26+00:00\" \/>\n<meta property=\"article:modified_time\" content=\"2024-12-27T10:58:19+00:00\" \/>\n<meta property=\"og:image\" content=\"https:\/\/nid.pl\/wp-content\/uploads\/2024\/12\/miniatura-www-zyczenia.jpg\" \/>\n\t<meta property=\"og:image:width\" content=\"1857\" \/>\n\t<meta property=\"og:image:height\" content=\"1238\" \/>\n\t<meta property=\"og:image:type\" content=\"image\/jpeg\" \/>\n<meta name=\"author\" content=\"Monika Ciura\" \/>\n<meta name=\"twitter:card\" content=\"summary_large_image\" \/>\n<meta name=\"twitter:creator\" content=\"@NarIDpl\" \/>\n<meta name=\"twitter:site\" content=\"@NarIDpl\" \/>\n<meta name=\"twitter:label1\" content=\"Written by\" \/>\n\t<meta name=\"twitter:data1\" content=\"Monika Ciura\" \/>\n\t<meta name=\"twitter:label2\" content=\"Estimated reading time\" \/>\n\t<meta name=\"twitter:data2\" content=\"1 minute\" \/>\n<script type=\"application\/ld+json\" class=\"yoast-schema-graph\">{\"@context\":\"https:\/\/schema.org\",\"@graph\":[{\"@type\":\"Article\",\"@id\":\"https:\/\/nid.pl\/2024\/12\/24\/zyczenia-swiateczne-narodowego-instytutu-dziedzictwa\/#article\",\"isPartOf\":{\"@id\":\"https:\/\/nid.pl\/2024\/12\/24\/zyczenia-swiateczne-narodowego-instytutu-dziedzictwa\/\"},\"author\":{\"name\":\"Monika Ciura\",\"@id\":\"https:\/\/nid.pl\/#\/schema\/person\/ab9abea4caecdccde4fb0d555271145f\"},\"headline\":\"\u017byczenia \u015bwi\u0105teczne Narodowego Instytutu Dziedzictwa\",\"datePublished\":\"2024-12-24T08:59:26+00:00\",\"dateModified\":\"2024-12-27T10:58:19+00:00\",\"mainEntityOfPage\":{\"@id\":\"https:\/\/nid.pl\/2024\/12\/24\/zyczenia-swiateczne-narodowego-instytutu-dziedzictwa\/\"},\"wordCount\":155,\"publisher\":{\"@id\":\"https:\/\/nid.pl\/#organization\"},\"image\":{\"@id\":\"https:\/\/nid.pl\/2024\/12\/24\/zyczenia-swiateczne-narodowego-instytutu-dziedzictwa\/#primaryimage\"},\"thumbnailUrl\":\"https:\/\/nid.pl\/wp-content\/uploads\/2024\/12\/miniatura-www-zyczenia.jpg\",\"articleSection\":[\"Aktualno\u015bci\"],\"inLanguage\":\"en-GB\"},{\"@type\":\"WebPage\",\"@id\":\"https:\/\/nid.pl\/2024\/12\/24\/zyczenia-swiateczne-narodowego-instytutu-dziedzictwa\/\",\"url\":\"https:\/\/nid.pl\/2024\/12\/24\/zyczenia-swiateczne-narodowego-instytutu-dziedzictwa\/\",\"name\":\"\u017byczenia \u015bwi\u0105teczne Narodowego Instytutu Dziedzictwa - NID\",\"isPartOf\":{\"@id\":\"https:\/\/nid.pl\/#website\"},\"primaryImageOfPage\":{\"@id\":\"https:\/\/nid.pl\/2024\/12\/24\/zyczenia-swiateczne-narodowego-instytutu-dziedzictwa\/#primaryimage\"},\"image\":{\"@id\":\"https:\/\/nid.pl\/2024\/12\/24\/zyczenia-swiateczne-narodowego-instytutu-dziedzictwa\/#primaryimage\"},\"thumbnailUrl\":\"https:\/\/nid.pl\/wp-content\/uploads\/2024\/12\/miniatura-www-zyczenia.jpg\",\"datePublished\":\"2024-12-24T08:59:26+00:00\",\"dateModified\":\"2024-12-27T10:58:19+00:00\",\"breadcrumb\":{\"@id\":\"https:\/\/nid.pl\/2024\/12\/24\/zyczenia-swiateczne-narodowego-instytutu-dziedzictwa\/#breadcrumb\"},\"inLanguage\":\"en-GB\",\"potentialAction\":[{\"@type\":\"ReadAction\",\"target\":[\"https:\/\/nid.pl\/2024\/12\/24\/zyczenia-swiateczne-narodowego-instytutu-dziedzictwa\/\"]}]},{\"@type\":\"ImageObject\",\"inLanguage\":\"en-GB\",\"@id\":\"https:\/\/nid.pl\/2024\/12\/24\/zyczenia-swiateczne-narodowego-instytutu-dziedzictwa\/#primaryimage\",\"url\":\"https:\/\/nid.pl\/wp-content\/uploads\/2024\/12\/miniatura-www-zyczenia.jpg\",\"contentUrl\":\"https:\/\/nid.pl\/wp-content\/uploads\/2024\/12\/miniatura-www-zyczenia.jpg\",\"width\":1857,\"height\":1238,\"caption\":\"kartka \u015bwi\u0105teczna NID - wycinanka przedstawiaj\u0105ca anio\u0142y ubieraj\u0105ce choink\u0119\"},{\"@type\":\"BreadcrumbList\",\"@id\":\"https:\/\/nid.pl\/2024\/12\/24\/zyczenia-swiateczne-narodowego-instytutu-dziedzictwa\/#breadcrumb\",\"itemListElement\":[{\"@type\":\"ListItem\",\"position\":1,\"name\":\"Home\",\"item\":\"https:\/\/nid.pl\/\"},{\"@type\":\"ListItem\",\"position\":2,\"name\":\"\u017byczenia \u015bwi\u0105teczne Narodowego Instytutu Dziedzictwa\"}]},{\"@type\":\"WebSite\",\"@id\":\"https:\/\/nid.pl\/#website\",\"url\":\"https:\/\/nid.pl\/\",\"name\":\"NID\",\"description\":\"Narodowy Instytut Dziedzictwa\",\"publisher\":{\"@id\":\"https:\/\/nid.pl\/#organization\"},\"potentialAction\":[{\"@type\":\"SearchAction\",\"target\":{\"@type\":\"EntryPoint\",\"urlTemplate\":\"https:\/\/nid.pl\/?s={search_term_string}\"},\"query-input\":{\"@type\":\"PropertyValueSpecification\",\"valueRequired\":true,\"valueName\":\"search_term_string\"}}],\"inLanguage\":\"en-GB\"},{\"@type\":\"Organization\",\"@id\":\"https:\/\/nid.pl\/#organization\",\"name\":\"Narodowy Instytut Dziedzictwa\",\"url\":\"https:\/\/nid.pl\/\",\"logo\":{\"@type\":\"ImageObject\",\"inLanguage\":\"en-GB\",\"@id\":\"https:\/\/nid.pl\/#\/schema\/logo\/image\/\",\"url\":\"https:\/\/nid.pl\/wp-content\/uploads\/2022\/10\/logoRedDark.png\",\"contentUrl\":\"https:\/\/nid.pl\/wp-content\/uploads\/2022\/10\/logoRedDark.png\",\"width\":200,\"height\":197,\"caption\":\"Narodowy Instytut Dziedzictwa\"},\"image\":{\"@id\":\"https:\/\/nid.pl\/#\/schema\/logo\/image\/\"},\"sameAs\":[\"https:\/\/www.facebook.com\/zabytek\",\"https:\/\/x.com\/NarIDpl\",\"https:\/\/www.instagram.com\/nid.pl\/?hl=pl\",\"https:\/\/www.linkedin.com\/company\/narodowy-instytut-dziedzictwa\",\"https:\/\/www.youtube.com\/channel\/UCQXuhKa2uHtmNvLRUSx40JA\"]},{\"@type\":\"Person\",\"@id\":\"https:\/\/nid.pl\/#\/schema\/person\/ab9abea4caecdccde4fb0d555271145f\",\"name\":\"Monika Ciura\",\"image\":{\"@type\":\"ImageObject\",\"inLanguage\":\"en-GB\",\"@id\":\"https:\/\/nid.pl\/#\/schema\/person\/image\/\",\"url\":\"https:\/\/nid.pl\/wp-content\/litespeed\/avatar\/bfdb15d1cc317fac4b66bdc91090ff11.jpg?ver=1776840533\",\"contentUrl\":\"https:\/\/nid.pl\/wp-content\/litespeed\/avatar\/bfdb15d1cc317fac4b66bdc91090ff11.jpg?ver=1776840533\",\"caption\":\"Monika Ciura\"},\"url\":\"https:\/\/nid.pl\/en\/author\/mciura\/\"}]}<\/script>\n<!-- \/ Yoast SEO plugin. -->","yoast_head_json":{"title":"\u017byczenia \u015bwi\u0105teczne Narodowego Instytutu Dziedzictwa - NID","robots":{"index":"index","follow":"follow","max-snippet":"max-snippet:-1","max-image-preview":"max-image-preview:large","max-video-preview":"max-video-preview:-1"},"canonical":"https:\/\/nid.pl\/en\/2024\/12\/24\/zyczenia-swiateczne-narodowego-instytutu-dziedzictwa\/","og_locale":"en_GB","og_type":"article","og_title":"\u017byczenia \u015bwi\u0105teczne Narodowego Instytutu Dziedzictwa - NID","og_description":"W polskiej tradycji od wiek\u00f3w bo\u017conarodzeniowe \u017cyczenia traktowane by\u0142y w spos\u00f3b szczeg\u00f3lny - jako dar. Mia\u0142y sprawi\u0107, by los by\u0142 dla cz\u0142owieka \u0142askawy. Wierzono tak\u017ce, \u017ce wypowiadane pro\u015bby maj\u0105 w [&hellip;]","og_url":"https:\/\/nid.pl\/en\/2024\/12\/24\/zyczenia-swiateczne-narodowego-instytutu-dziedzictwa\/","og_site_name":"NID","article_publisher":"https:\/\/www.facebook.com\/zabytek","article_published_time":"2024-12-24T08:59:26+00:00","article_modified_time":"2024-12-27T10:58:19+00:00","og_image":[{"width":1857,"height":1238,"url":"https:\/\/nid.pl\/wp-content\/uploads\/2024\/12\/miniatura-www-zyczenia.jpg","type":"image\/jpeg"}],"author":"Monika Ciura","twitter_card":"summary_large_image","twitter_creator":"@NarIDpl","twitter_site":"@NarIDpl","twitter_misc":{"Written by":"Monika Ciura","Estimated reading time":"1 minute"},"schema":{"@context":"https:\/\/schema.org","@graph":[{"@type":"Article","@id":"https:\/\/nid.pl\/2024\/12\/24\/zyczenia-swiateczne-narodowego-instytutu-dziedzictwa\/#article","isPartOf":{"@id":"https:\/\/nid.pl\/2024\/12\/24\/zyczenia-swiateczne-narodowego-instytutu-dziedzictwa\/"},"author":{"name":"Monika Ciura","@id":"https:\/\/nid.pl\/#\/schema\/person\/ab9abea4caecdccde4fb0d555271145f"},"headline":"\u017byczenia \u015bwi\u0105teczne Narodowego Instytutu Dziedzictwa","datePublished":"2024-12-24T08:59:26+00:00","dateModified":"2024-12-27T10:58:19+00:00","mainEntityOfPage":{"@id":"https:\/\/nid.pl\/2024\/12\/24\/zyczenia-swiateczne-narodowego-instytutu-dziedzictwa\/"},"wordCount":155,"publisher":{"@id":"https:\/\/nid.pl\/#organization"},"image":{"@id":"https:\/\/nid.pl\/2024\/12\/24\/zyczenia-swiateczne-narodowego-instytutu-dziedzictwa\/#primaryimage"},"thumbnailUrl":"https:\/\/nid.pl\/wp-content\/uploads\/2024\/12\/miniatura-www-zyczenia.jpg","articleSection":["Aktualno\u015bci"],"inLanguage":"en-GB"},{"@type":"WebPage","@id":"https:\/\/nid.pl\/2024\/12\/24\/zyczenia-swiateczne-narodowego-instytutu-dziedzictwa\/","url":"https:\/\/nid.pl\/2024\/12\/24\/zyczenia-swiateczne-narodowego-instytutu-dziedzictwa\/","name":"\u017byczenia \u015bwi\u0105teczne Narodowego Instytutu Dziedzictwa - NID","isPartOf":{"@id":"https:\/\/nid.pl\/#website"},"primaryImageOfPage":{"@id":"https:\/\/nid.pl\/2024\/12\/24\/zyczenia-swiateczne-narodowego-instytutu-dziedzictwa\/#primaryimage"},"image":{"@id":"https:\/\/nid.pl\/2024\/12\/24\/zyczenia-swiateczne-narodowego-instytutu-dziedzictwa\/#primaryimage"},"thumbnailUrl":"https:\/\/nid.pl\/wp-content\/uploads\/2024\/12\/miniatura-www-zyczenia.jpg","datePublished":"2024-12-24T08:59:26+00:00","dateModified":"2024-12-27T10:58:19+00:00","breadcrumb":{"@id":"https:\/\/nid.pl\/2024\/12\/24\/zyczenia-swiateczne-narodowego-instytutu-dziedzictwa\/#breadcrumb"},"inLanguage":"en-GB","potentialAction":[{"@type":"ReadAction","target":["https:\/\/nid.pl\/2024\/12\/24\/zyczenia-swiateczne-narodowego-instytutu-dziedzictwa\/"]}]},{"@type":"ImageObject","inLanguage":"en-GB","@id":"https:\/\/nid.pl\/2024\/12\/24\/zyczenia-swiateczne-narodowego-instytutu-dziedzictwa\/#primaryimage","url":"https:\/\/nid.pl\/wp-content\/uploads\/2024\/12\/miniatura-www-zyczenia.jpg","contentUrl":"https:\/\/nid.pl\/wp-content\/uploads\/2024\/12\/miniatura-www-zyczenia.jpg","width":1857,"height":1238,"caption":"kartka \u015bwi\u0105teczna NID - wycinanka przedstawiaj\u0105ca anio\u0142y ubieraj\u0105ce choink\u0119"},{"@type":"BreadcrumbList","@id":"https:\/\/nid.pl\/2024\/12\/24\/zyczenia-swiateczne-narodowego-instytutu-dziedzictwa\/#breadcrumb","itemListElement":[{"@type":"ListItem","position":1,"name":"Home","item":"https:\/\/nid.pl\/"},{"@type":"ListItem","position":2,"name":"\u017byczenia \u015bwi\u0105teczne Narodowego Instytutu Dziedzictwa"}]},{"@type":"WebSite","@id":"https:\/\/nid.pl\/#website","url":"https:\/\/nid.pl\/","name":"NID","description":"Narodowy Instytut Dziedzictwa","publisher":{"@id":"https:\/\/nid.pl\/#organization"},"potentialAction":[{"@type":"SearchAction","target":{"@type":"EntryPoint","urlTemplate":"https:\/\/nid.pl\/?s={search_term_string}"},"query-input":{"@type":"PropertyValueSpecification","valueRequired":true,"valueName":"search_term_string"}}],"inLanguage":"en-GB"},{"@type":"Organization","@id":"https:\/\/nid.pl\/#organization","name":"Narodowy Instytut Dziedzictwa","url":"https:\/\/nid.pl\/","logo":{"@type":"ImageObject","inLanguage":"en-GB","@id":"https:\/\/nid.pl\/#\/schema\/logo\/image\/","url":"https:\/\/nid.pl\/wp-content\/uploads\/2022\/10\/logoRedDark.png","contentUrl":"https:\/\/nid.pl\/wp-content\/uploads\/2022\/10\/logoRedDark.png","width":200,"height":197,"caption":"Narodowy Instytut Dziedzictwa"},"image":{"@id":"https:\/\/nid.pl\/#\/schema\/logo\/image\/"},"sameAs":["https:\/\/www.facebook.com\/zabytek","https:\/\/x.com\/NarIDpl","https:\/\/www.instagram.com\/nid.pl\/?hl=pl","https:\/\/www.linkedin.com\/company\/narodowy-instytut-dziedzictwa","https:\/\/www.youtube.com\/channel\/UCQXuhKa2uHtmNvLRUSx40JA"]},{"@type":"Person","@id":"https:\/\/nid.pl\/#\/schema\/person\/ab9abea4caecdccde4fb0d555271145f","name":"Monika Ciura","image":{"@type":"ImageObject","inLanguage":"en-GB","@id":"https:\/\/nid.pl\/#\/schema\/person\/image\/","url":"https:\/\/nid.pl\/wp-content\/litespeed\/avatar\/bfdb15d1cc317fac4b66bdc91090ff11.jpg?ver=1776840533","contentUrl":"https:\/\/nid.pl\/wp-content\/litespeed\/avatar\/bfdb15d1cc317fac4b66bdc91090ff11.jpg?ver=1776840533","caption":"Monika Ciura"},"url":"https:\/\/nid.pl\/en\/author\/mciura\/"}]}},"_links":{"self":[{"href":"https:\/\/nid.pl\/en\/wp-json\/wp\/v2\/posts\/24499","targetHints":{"allow":["GET"]}}],"collection":[{"href":"https:\/\/nid.pl\/en\/wp-json\/wp\/v2\/posts"}],"about":[{"href":"https:\/\/nid.pl\/en\/wp-json\/wp\/v2\/types\/post"}],"author":[{"embeddable":true,"href":"https:\/\/nid.pl\/en\/wp-json\/wp\/v2\/users\/15"}],"replies":[{"embeddable":true,"href":"https:\/\/nid.pl\/en\/wp-json\/wp\/v2\/comments?post=24499"}],"version-history":[{"count":0,"href":"https:\/\/nid.pl\/en\/wp-json\/wp\/v2\/posts\/24499\/revisions"}],"wp:featuredmedia":[{"embeddable":true,"href":"https:\/\/nid.pl\/en\/wp-json\/wp\/v2\/media\/24500"}],"wp:attachment":[{"href":"https:\/\/nid.pl\/en\/wp-json\/wp\/v2\/media?parent=24499"}],"wp:term":[{"taxonomy":"category","embeddable":true,"href":"https:\/\/nid.pl\/en\/wp-json\/wp\/v2\/categories?post=24499"},{"taxonomy":"post_tag","embeddable":true,"href":"https:\/\/nid.pl\/en\/wp-json\/wp\/v2\/tags?post=24499"}],"curies":[{"name":"wp","href":"https:\/\/api.w.org\/{rel}","templated":true}]}}