{"id":24165,"date":"2024-12-02T18:31:28","date_gmt":"2024-12-02T17:31:28","guid":{"rendered":"https:\/\/nid.pl\/?p=24165"},"modified":"2024-12-06T13:54:56","modified_gmt":"2024-12-06T12:54:56","slug":"konferencja-icomos-autentyzm-zabytkow","status":"publish","type":"post","link":"https:\/\/nid.pl\/en\/2024\/12\/02\/konferencja-icomos-autentyzm-zabytkow\/","title":{"rendered":"Konferencja ICOMOS pt. \u201eAutentyzm zabytk\u00f3w \u2013 30 lat Dokumentu z Nara o autentyzmie\u201d"},"content":{"rendered":"<h2 class=\"wp-block-heading has-text-color has-link-color has-medium-font-size wp-elements-4511aab72120bace946c952c3360cb47\" style=\"color:#727272\"><strong>Za nami otwarcie konferencji ICOMOS zorganizowanej z okazji 30. rocznicy Dokumentu z Nara. To spotkanie konserwator\u00f3w, naukowc\u00f3w i przedstawicieli instytucji kultury, kt\u00f3rzy rozmawiaj\u0105 o tym, jak analizowa\u0107 autentyzm obiekt\u00f3w i co oznacza on w kontek\u015bcie potrzeby adaptacji historycznych budynk\u00f3w do nowych funkcji. Wydarzenie, wsp\u00f3\u0142organizowane przez Narodowy Instytut Dziedzictwa, potrwa do 3 grudnia. Na koniec drugiego dnia konferencji wr\u0119czone zostan\u0105 nagrody Generalnego Konserwatora Zabytk\u00f3w i PKN ICOMOS im. profesora Jana Zachwatowicza za wybitne osi\u0105gni\u0119cia w dziedzinie bada\u0144 i ochrony zabytk\u00f3w.<\/strong><\/h2>\n\n\n\n<p><\/p>\n\n\n\n<p>2 grudnia, w Arkadach Kubickiego, w Zamku Kr\u00f3lewskim w Warszawie rozpocz\u0119\u0142a si\u0119 konferencja pt. <strong>\u201eAutentyzm zabytk\u00f3w \u2013 30 lat Dokumentu z Nara o autentyzmie\u201d.<\/strong> Wydarzenie zgromadzi\u0142o wybitne grono specjalist\u00f3w, kt\u00f3rzy przez najbli\u017csze dwa dni dyskutowa\u0107 b\u0119d\u0105 na temat jednego z kluczowych zagadnie\u0144 ochrony dziedzictwa \u2013 autentyzmu.<\/p>\n\n\n\n<p>W 2024 roku okr\u0105g\u0142e rocznice obchodz\u0105 dwa dokumenty &#8211; <strong>60-lecie Karty Weneckiej i 30-lecie Dokumentu z Nara<\/strong> to okazje do spojrzenia na zachodz\u0105ce na przestrzeni lat zmiany i bie\u017c\u0105ce potrzeby w zakresie teorii konserwatorskiej. Te akta, cho\u0107 odmienne w swoim charakterze, wsp\u00f3lnie okre\u015blaj\u0105 autentyzm jako kluczowy parametr dziedzictwa.<\/p>\n\n\n\n<p>W\u015br\u00f3d wyzwa\u0144 stoj\u0105cych przed wsp\u00f3\u0142czesnymi konserwatorami znajduj\u0105 si\u0119 adaptacja zabytk\u00f3w do nowych funkcji, zmian klimatu czy zmieniaj\u0105ce si\u0119 oczekiwania spo\u0142eczne. Konferencja ma na celu om\u00f3wienie <strong>metod analizy i ochrony autentyzmu<\/strong>, od kt\u00f3rego zale\u017cy naukowa, historyczna i artystyczna warto\u015b\u0107 dziedzictwa. Organizatorami wydarzenia s\u0105 Polski Komitet Narodowy Mi\u0119dzynarodowej Rady Ochrony Zabytk\u00f3w ICOMOS-POLSKA, Ministerstwo Kultury i Dziedzictwa Narodowego, Zamek Kr\u00f3lewski w Warszawie oraz Narodowy Instytut Dziedzictwa.<\/p>\n\n\n\n<p><\/p>\n\n\n\n<h5 class=\"wp-block-heading has-text-color has-link-color wp-elements-a57c02d29352605ec23ccb9ba125f6dc\" style=\"color:#727272\"><strong>Dzie\u0144 1 konferencji<\/strong><\/h5>\n\n\n\n<p>Konferencja rozpocz\u0119\u0142a si\u0119 2 grudnia, a przem\u00f3wienia otwieraj\u0105ce wyg\u0142osi\u0142y<strong> Marlena Happach<\/strong>, dyrektorka Narodowego Instytutu Dziedzictwa oraz <strong>prof. Ma\u0142gorzata Omilanowska-Kilja\u0144czyk<\/strong>, dyrektorka Zamku Kr\u00f3lewskiego.<\/p>\n\n\n\n<p>Dyrektorka NID w szczeg\u00f3lno\u015bci podkre\u015bli\u0142a:<\/p>\n\n\n\n<blockquote class=\"wp-block-quote is-layout-flow wp-block-quote-is-layout-flow\">\n<p>Ciesz\u0119 si\u0119, \u017ce jako Narodowy Instytut Dziedzictwa wraz z ICOMOS Polska wsp\u00f3\u0142tworzymy to wa\u017cne dla \u015bwiata konserwator\u00f3w wydarzenie. Tematyka dzisiejszej konferencji jest szczeg\u00f3lnie istotna. Coraz cz\u0119\u015bciej stajemy przed pytaniem w jaki spos\u00f3b mo\u017cemy remontowa\u0107 czy udost\u0119pnia\u0107 zachowuj\u0105c autentyzm obiektu. Wierz\u0119, \u017ce to dwudniowe spotkanie b\u0119dzie doskona\u0142\u0105 okazj\u0105 do wymiany do\u015bwiadcze\u0144 i rozm\u00f3w o r\u00f3\u017cnych mo\u017cliwo\u015bciach opieki nad obiektami zabytkowymi.<\/p>\n<\/blockquote>\n\n\n\n<p>W ramach pierwszej sesji tematycznej zatytu\u0142owanej<strong> \u201ePoj\u0119cie autentyzmu jako element teorii konserwatorskiej\u201d<\/strong>, prelekcje wyg\u0142osili dr Karolina Zimna-Kawecka, prof. Wojciech Kowalski oraz dr hab. Miron Urbaniak. Poruszane zagadnienia dotyczy\u0142y aspekt\u00f3w prawnych i okre\u015blania warto\u015bci poszczeg\u00f3lnych kategorii zabytk\u00f3w, w szczeg\u00f3lno\u015bci zabytk\u00f3w techniki.&nbsp; Podczas drugiej sesji, dotycz\u0105cej <strong>metodologii analizy autentyzm<\/strong>u, g\u0142os zabrali prof. Bogus\u0142aw Szmygin, prof. Jakub Lewicki, Jakub Urban i Filip Tomaszewski. Niezwykle cenne by\u0142o spojrzenie na temat z perspektywy praktyki konserwatorskiej.<\/p>\n\n\n\n<p><\/p>\n\n\n\n<h5 class=\"wp-block-heading has-text-color has-link-color wp-elements-947c149f77a90ce80db34d2dd79f9f6e\" style=\"color:#727272\"><strong>Dzie\u0144 2 konferencji<\/strong><\/h5>\n\n\n\n<p>Drugiego dnia konferencji, 3 grudnia, odby\u0142a si\u0119 trzecia sesja po\u015bwi\u0119cona <strong>krytycznej analizie autentyzmu <\/strong>na przyk\u0142adach konkretnych obiekt\u00f3w. Dr hab. Krystyna Kirschke zaprezentowa\u0142a studium przypadku powojennej rekonstrukcji kamienic na Starym Mie\u015bcie we Wroc\u0142awiu. O ochronie autentyzmu stanowisk archeologicznych opowiedzia\u0142a dr hab. Gra\u017cyna Stojak. \u0141ukasz Wo\u017aniak wraz Ann\u0105 Wo\u017aniak wyg\u0142osili prelekcj\u0119 pt. \u201e380. rocznica ods\u0142oni\u0119cia Kolumny Zygmuntowskiej w przestrzeni placu Zamkowego w Warszawie \u2013 autentyzm miejsca, obiektu, materia\u0142u i znaczenia zabytk\u00f3w\u201d.<\/p>\n\n\n\n<p>Konferencja zako\u0144czy\u0142a si\u0119 uroczysto\u015bci\u0105 wr\u0119czenia <strong>nagrody Generalnego Konserwatora Zabytk\u00f3w i PKN ICOMOS im. profesora Jana Zachwatowicza za wybitne osi\u0105gni\u0119cia w dziedzinie bada\u0144 i ochrony zabytk\u00f3w<\/strong>. Jednym z laureat\u00f3w zosta\u0142 <strong>dr Grzegorz Grajewski<\/strong>, kierownik Oddzia\u0142u Terenowego NID we Wroc\u0142awiu, kt\u00f3ry realizowa\u0142 program rozbudowy i budowy merytorycznych podstaw opieki oraz ochrony nad zabytkami wojew\u00f3dztwa dolno\u015bl\u0105skiego. Jego dzia\u0142ania mia\u0142y istotny wp\u0142yw na wpisanie Ko\u015bcio\u0142a Pokoju w Jaworze i \u015awidnicy oraz Hali Stulecia we Wroc\u0142awiu na List\u0119 \u015awiatowego Dziedzictwa UNESCO. W 2022 roku otrzyma\u0142 Z\u0142oty Medal \u201eZas\u0142u\u017cony Kulturze Gloria Artis\u201d za swoje osi\u0105gni\u0119cia w dziedzinie kultury.\u00a0Nast\u0119pnie Laudacj\u0119 wyg\u0142osi\u0142 Marek Konopka, niegdy\u015b Dyrektor O\u015brodka Dokumentacji Zabytk\u00f3w w Warszawie. Drugim nagrodzonym zosta\u0142<strong> Lech Nar\u0119bski<\/strong> wieloletni pracownik s\u0142u\u017cb konserwatorskich z Torunia. W przesz\u0142o\u015bci pe\u0142ni\u0142 funkcje wojew\u00f3dzkiego konserwatora zabytk\u00f3w w Kaliszu oraz miejskiego konserwatora zabytk\u00f3w w Toruniu. By\u0142 wsp\u00f3\u0142autorem Karty Ochrony Fortyfikacji ICOMOS-POLSKA oraz Wytycznych Generalnego Konserwatora Zabytk\u00f3w dotycz\u0105cych ochrony zabytkowych obiekt\u00f3w budownictwa obronnego. Bra\u0142 r\u00f3wnie\u017c udzia\u0142 w opracowywaniu wielu program\u00f3w ochrony konserwatorskiej, w tym dotycz\u0105cego Zespo\u0142u Staromiejskiego w Toruniu, znajduj\u0105cego si\u0119 na Li\u015bcie \u015awiatowego Dziedzictwa UNESCO.<br>Nagrody wr\u0119czy\u0142a Sekretarz Stanu w Ministerstwie Kultury i Dziedzictwa Narodowego, Generalna Konserwator Zabytk\u00f3w, Bo\u017cena \u017belazowska. Laureatom serdecznie gratulujemy!<\/p>\n\n\n\n<p><\/p>\n\n\n\n<figure data-wp-context=\"{&quot;imageId&quot;:&quot;69f13d80942ea&quot;}\" data-wp-interactive=\"core\/image\" data-wp-key=\"69f13d80942ea\" class=\"wp-block-image aligncenter size-large is-resized wp-lightbox-container\"><img loading=\"lazy\" decoding=\"async\" width=\"1024\" height=\"683\" data-wp-class--hide=\"state.isContentHidden\" data-wp-class--show=\"state.isContentVisible\" data-wp-init=\"callbacks.setButtonStyles\" data-wp-on--click=\"actions.showLightbox\" data-wp-on--load=\"callbacks.setButtonStyles\" data-wp-on-window--resize=\"callbacks.setButtonStyles\" src=\"https:\/\/nid.pl\/wp-content\/uploads\/2024\/12\/Konferencja-ICOMOS-02-03.12-1-1024x683.jpeg\" alt=\"\" class=\"wp-image-24181\" style=\"width:745px;height:auto\" srcset=\"https:\/\/nid.pl\/wp-content\/uploads\/2024\/12\/Konferencja-ICOMOS-02-03.12-1-980x653.jpeg 980w, https:\/\/nid.pl\/wp-content\/uploads\/2024\/12\/Konferencja-ICOMOS-02-03.12-1-480x320.jpeg 480w\" sizes=\"(min-width: 0px) and (max-width: 480px) 480px, (min-width: 481px) and (max-width: 980px) 980px, (min-width: 981px) 1024px, 100vw\" \/><button\n\t\t\tclass=\"lightbox-trigger\"\n\t\t\ttype=\"button\"\n\t\t\taria-haspopup=\"dialog\"\n\t\t\taria-label=\"Enlarge\"\n\t\t\tdata-wp-init=\"callbacks.initTriggerButton\"\n\t\t\tdata-wp-on--click=\"actions.showLightbox\"\n\t\t\tdata-wp-style--right=\"state.imageButtonRight\"\n\t\t\tdata-wp-style--top=\"state.imageButtonTop\"\n\t\t>\n\t\t\t<svg xmlns=\"http:\/\/www.w3.org\/2000\/svg\" width=\"12\" height=\"12\" fill=\"none\" viewbox=\"0 0 12 12\">\n\t\t\t\t<path fill=\"#fff\" d=\"M2 0a2 2 0 0 0-2 2v2h1.5V2a.5.5 0 0 1 .5-.5h2V0H2Zm2 10.5H2a.5.5 0 0 1-.5-.5V8H0v2a2 2 0 0 0 2 2h2v-1.5ZM8 12v-1.5h2a.5.5 0 0 0 .5-.5V8H12v2a2 2 0 0 1-2 2H8Zm2-12a2 2 0 0 1 2 2v2h-1.5V2a.5.5 0 0 0-.5-.5H8V0h2Z\" \/>\n\t\t\t<\/svg>\n\t\t<\/button><figcaption class=\"wp-element-caption\">Marlena Happach, dyrektorka Narodowego Instytutu Dziedzictwa, Konferencja ICOMOS pt. \u201eAutentyzm zabytk\u00f3w \u2013 30 lat Dokumentu z Nara o autentyzmie\u201d, fot. Magda Starowieyska<\/figcaption><\/figure>\n\n\n\n<figure data-wp-context=\"{&quot;imageId&quot;:&quot;69f13d80946ce&quot;}\" data-wp-interactive=\"core\/image\" data-wp-key=\"69f13d80946ce\" class=\"wp-block-image aligncenter size-large is-resized wp-lightbox-container\"><img loading=\"lazy\" decoding=\"async\" width=\"1024\" height=\"683\" data-wp-class--hide=\"state.isContentHidden\" data-wp-class--show=\"state.isContentVisible\" data-wp-init=\"callbacks.setButtonStyles\" data-wp-on--click=\"actions.showLightbox\" data-wp-on--load=\"callbacks.setButtonStyles\" data-wp-on-window--resize=\"callbacks.setButtonStyles\" src=\"https:\/\/nid.pl\/wp-content\/uploads\/2024\/12\/Konferencja-ICOMOS-02-03.12-7-1024x683.jpeg\" alt=\"\" class=\"wp-image-24187\" style=\"width:741px;height:auto\" srcset=\"https:\/\/nid.pl\/wp-content\/uploads\/2024\/12\/Konferencja-ICOMOS-02-03.12-7-980x653.jpeg 980w, https:\/\/nid.pl\/wp-content\/uploads\/2024\/12\/Konferencja-ICOMOS-02-03.12-7-480x320.jpeg 480w\" sizes=\"(min-width: 0px) and (max-width: 480px) 480px, (min-width: 481px) and (max-width: 980px) 980px, (min-width: 981px) 1024px, 100vw\" \/><button\n\t\t\tclass=\"lightbox-trigger\"\n\t\t\ttype=\"button\"\n\t\t\taria-haspopup=\"dialog\"\n\t\t\taria-label=\"Enlarge\"\n\t\t\tdata-wp-init=\"callbacks.initTriggerButton\"\n\t\t\tdata-wp-on--click=\"actions.showLightbox\"\n\t\t\tdata-wp-style--right=\"state.imageButtonRight\"\n\t\t\tdata-wp-style--top=\"state.imageButtonTop\"\n\t\t>\n\t\t\t<svg xmlns=\"http:\/\/www.w3.org\/2000\/svg\" width=\"12\" height=\"12\" fill=\"none\" viewbox=\"0 0 12 12\">\n\t\t\t\t<path fill=\"#fff\" d=\"M2 0a2 2 0 0 0-2 2v2h1.5V2a.5.5 0 0 1 .5-.5h2V0H2Zm2 10.5H2a.5.5 0 0 1-.5-.5V8H0v2a2 2 0 0 0 2 2h2v-1.5ZM8 12v-1.5h2a.5.5 0 0 0 .5-.5V8H12v2a2 2 0 0 1-2 2H8Zm2-12a2 2 0 0 1 2 2v2h-1.5V2a.5.5 0 0 0-.5-.5H8V0h2Z\" \/>\n\t\t\t<\/svg>\n\t\t<\/button><figcaption class=\"wp-element-caption\">prof. Ma\u0142gorzata Omilanowska-Kilja\u0144czyk, dyrektorka Zamku Kr\u00f3lewskiego w Warszawie, Konferencja ICOMOS pt. \u201eAutentyzm zabytk\u00f3w \u2013 30 lat Dokumentu z Nara o autentyzmie\u201d, fot. Magda Starowieyska<\/figcaption><\/figure>\n\n\n\n<figure data-wp-context=\"{&quot;imageId&quot;:&quot;69f13d8094a07&quot;}\" data-wp-interactive=\"core\/image\" data-wp-key=\"69f13d8094a07\" class=\"wp-block-image aligncenter size-large is-resized wp-lightbox-container\"><img loading=\"lazy\" decoding=\"async\" width=\"1024\" height=\"683\" data-wp-class--hide=\"state.isContentHidden\" data-wp-class--show=\"state.isContentVisible\" data-wp-init=\"callbacks.setButtonStyles\" data-wp-on--click=\"actions.showLightbox\" data-wp-on--load=\"callbacks.setButtonStyles\" data-wp-on-window--resize=\"callbacks.setButtonStyles\" src=\"https:\/\/nid.pl\/wp-content\/uploads\/2024\/12\/Konferencja-ICOMOS-02-03.12-4-1024x683.jpeg\" alt=\"\" class=\"wp-image-24184\" style=\"width:743px;height:auto\" srcset=\"https:\/\/nid.pl\/wp-content\/uploads\/2024\/12\/Konferencja-ICOMOS-02-03.12-4-980x653.jpeg 980w, https:\/\/nid.pl\/wp-content\/uploads\/2024\/12\/Konferencja-ICOMOS-02-03.12-4-480x320.jpeg 480w\" sizes=\"(min-width: 0px) and (max-width: 480px) 480px, (min-width: 481px) and (max-width: 980px) 980px, (min-width: 981px) 1024px, 100vw\" \/><button\n\t\t\tclass=\"lightbox-trigger\"\n\t\t\ttype=\"button\"\n\t\t\taria-haspopup=\"dialog\"\n\t\t\taria-label=\"Enlarge\"\n\t\t\tdata-wp-init=\"callbacks.initTriggerButton\"\n\t\t\tdata-wp-on--click=\"actions.showLightbox\"\n\t\t\tdata-wp-style--right=\"state.imageButtonRight\"\n\t\t\tdata-wp-style--top=\"state.imageButtonTop\"\n\t\t>\n\t\t\t<svg xmlns=\"http:\/\/www.w3.org\/2000\/svg\" width=\"12\" height=\"12\" fill=\"none\" viewbox=\"0 0 12 12\">\n\t\t\t\t<path fill=\"#fff\" d=\"M2 0a2 2 0 0 0-2 2v2h1.5V2a.5.5 0 0 1 .5-.5h2V0H2Zm2 10.5H2a.5.5 0 0 1-.5-.5V8H0v2a2 2 0 0 0 2 2h2v-1.5ZM8 12v-1.5h2a.5.5 0 0 0 .5-.5V8H12v2a2 2 0 0 1-2 2H8Zm2-12a2 2 0 0 1 2 2v2h-1.5V2a.5.5 0 0 0-.5-.5H8V0h2Z\" \/>\n\t\t\t<\/svg>\n\t\t<\/button><figcaption class=\"wp-element-caption\">dr Andrzej Siwek, zast\u0119pca dyrektora Narodowego Instytutu Dziedzictwa, Konferencja ICOMOS pt. \u201eAutentyzm zabytk\u00f3w \u2013 30 lat Dokumentu z Nara o autentyzmie\u201d, fot. Magda Starowieyska<\/figcaption><\/figure>\n\n\n\n<figure data-wp-context=\"{&quot;imageId&quot;:&quot;69f13d8094cbc&quot;}\" data-wp-interactive=\"core\/image\" data-wp-key=\"69f13d8094cbc\" class=\"wp-block-image aligncenter size-large is-resized wp-lightbox-container\"><img loading=\"lazy\" decoding=\"async\" width=\"1024\" height=\"683\" data-wp-class--hide=\"state.isContentHidden\" data-wp-class--show=\"state.isContentVisible\" data-wp-init=\"callbacks.setButtonStyles\" data-wp-on--click=\"actions.showLightbox\" data-wp-on--load=\"callbacks.setButtonStyles\" data-wp-on-window--resize=\"callbacks.setButtonStyles\" src=\"https:\/\/nid.pl\/wp-content\/uploads\/2024\/12\/Konferencja-ICOMOS-02-03.12-5-1024x683.jpeg\" alt=\"\" class=\"wp-image-24185\" style=\"width:745px;height:auto\" srcset=\"https:\/\/nid.pl\/wp-content\/uploads\/2024\/12\/Konferencja-ICOMOS-02-03.12-5-980x653.jpeg 980w, https:\/\/nid.pl\/wp-content\/uploads\/2024\/12\/Konferencja-ICOMOS-02-03.12-5-480x320.jpeg 480w\" sizes=\"(min-width: 0px) and (max-width: 480px) 480px, (min-width: 481px) and (max-width: 980px) 980px, (min-width: 981px) 1024px, 100vw\" \/><button\n\t\t\tclass=\"lightbox-trigger\"\n\t\t\ttype=\"button\"\n\t\t\taria-haspopup=\"dialog\"\n\t\t\taria-label=\"Enlarge\"\n\t\t\tdata-wp-init=\"callbacks.initTriggerButton\"\n\t\t\tdata-wp-on--click=\"actions.showLightbox\"\n\t\t\tdata-wp-style--right=\"state.imageButtonRight\"\n\t\t\tdata-wp-style--top=\"state.imageButtonTop\"\n\t\t>\n\t\t\t<svg xmlns=\"http:\/\/www.w3.org\/2000\/svg\" width=\"12\" height=\"12\" fill=\"none\" viewbox=\"0 0 12 12\">\n\t\t\t\t<path fill=\"#fff\" d=\"M2 0a2 2 0 0 0-2 2v2h1.5V2a.5.5 0 0 1 .5-.5h2V0H2Zm2 10.5H2a.5.5 0 0 1-.5-.5V8H0v2a2 2 0 0 0 2 2h2v-1.5ZM8 12v-1.5h2a.5.5 0 0 0 .5-.5V8H12v2a2 2 0 0 1-2 2H8Zm2-12a2 2 0 0 1 2 2v2h-1.5V2a.5.5 0 0 0-.5-.5H8V0h2Z\" \/>\n\t\t\t<\/svg>\n\t\t<\/button><figcaption class=\"wp-element-caption\">Konferencja ICOMOS pt. \u201eAutentyzm zabytk\u00f3w \u2013 30 lat Dokumentu z Nara o autentyzmie\u201d, fot. Magda Starowieyska<\/figcaption><\/figure>\n\n\n\n<figure data-wp-context=\"{&quot;imageId&quot;:&quot;69f13d8095015&quot;}\" data-wp-interactive=\"core\/image\" data-wp-key=\"69f13d8095015\" class=\"wp-block-image aligncenter size-large is-resized wp-lightbox-container\"><img loading=\"lazy\" decoding=\"async\" width=\"1024\" height=\"683\" data-wp-class--hide=\"state.isContentHidden\" data-wp-class--show=\"state.isContentVisible\" data-wp-init=\"callbacks.setButtonStyles\" data-wp-on--click=\"actions.showLightbox\" data-wp-on--load=\"callbacks.setButtonStyles\" data-wp-on-window--resize=\"callbacks.setButtonStyles\" src=\"https:\/\/nid.pl\/wp-content\/uploads\/2024\/12\/Konferencja-ICOMOS-02-03.12-2-1024x683.jpeg\" alt=\"\" class=\"wp-image-24182\" style=\"width:743px;height:auto\" srcset=\"https:\/\/nid.pl\/wp-content\/uploads\/2024\/12\/Konferencja-ICOMOS-02-03.12-2-980x653.jpeg 980w, https:\/\/nid.pl\/wp-content\/uploads\/2024\/12\/Konferencja-ICOMOS-02-03.12-2-480x320.jpeg 480w\" sizes=\"(min-width: 0px) and (max-width: 480px) 480px, (min-width: 481px) and (max-width: 980px) 980px, (min-width: 981px) 1024px, 100vw\" \/><button\n\t\t\tclass=\"lightbox-trigger\"\n\t\t\ttype=\"button\"\n\t\t\taria-haspopup=\"dialog\"\n\t\t\taria-label=\"Enlarge\"\n\t\t\tdata-wp-init=\"callbacks.initTriggerButton\"\n\t\t\tdata-wp-on--click=\"actions.showLightbox\"\n\t\t\tdata-wp-style--right=\"state.imageButtonRight\"\n\t\t\tdata-wp-style--top=\"state.imageButtonTop\"\n\t\t>\n\t\t\t<svg xmlns=\"http:\/\/www.w3.org\/2000\/svg\" width=\"12\" height=\"12\" fill=\"none\" viewbox=\"0 0 12 12\">\n\t\t\t\t<path fill=\"#fff\" d=\"M2 0a2 2 0 0 0-2 2v2h1.5V2a.5.5 0 0 1 .5-.5h2V0H2Zm2 10.5H2a.5.5 0 0 1-.5-.5V8H0v2a2 2 0 0 0 2 2h2v-1.5ZM8 12v-1.5h2a.5.5 0 0 0 .5-.5V8H12v2a2 2 0 0 1-2 2H8Zm2-12a2 2 0 0 1 2 2v2h-1.5V2a.5.5 0 0 0-.5-.5H8V0h2Z\" \/>\n\t\t\t<\/svg>\n\t\t<\/button><figcaption class=\"wp-element-caption\">prof. Wojciech Kowalski, Narodowy Instytut Dziedzictwa, Konferencja ICOMOS pt. \u201eAutentyzm zabytk\u00f3w \u2013 30 lat Dokumentu z Nara o autentyzmie\u201d, fot. Magda Starowieyska<\/figcaption><\/figure>\n\n\n\n<figure data-wp-context=\"{&quot;imageId&quot;:&quot;69f13d8095348&quot;}\" data-wp-interactive=\"core\/image\" data-wp-key=\"69f13d8095348\" class=\"wp-block-image aligncenter size-large is-resized wp-lightbox-container\"><img loading=\"lazy\" decoding=\"async\" width=\"1024\" height=\"683\" data-wp-class--hide=\"state.isContentHidden\" data-wp-class--show=\"state.isContentVisible\" data-wp-init=\"callbacks.setButtonStyles\" data-wp-on--click=\"actions.showLightbox\" data-wp-on--load=\"callbacks.setButtonStyles\" data-wp-on-window--resize=\"callbacks.setButtonStyles\" src=\"https:\/\/nid.pl\/wp-content\/uploads\/2024\/12\/Konferencja-ICOMOS-02-03.12-6-1024x683.jpeg\" alt=\"\" class=\"wp-image-24186\" style=\"width:743px;height:auto\" srcset=\"https:\/\/nid.pl\/wp-content\/uploads\/2024\/12\/Konferencja-ICOMOS-02-03.12-6-980x653.jpeg 980w, https:\/\/nid.pl\/wp-content\/uploads\/2024\/12\/Konferencja-ICOMOS-02-03.12-6-480x320.jpeg 480w\" sizes=\"(min-width: 0px) and (max-width: 480px) 480px, (min-width: 481px) and (max-width: 980px) 980px, (min-width: 981px) 1024px, 100vw\" \/><button\n\t\t\tclass=\"lightbox-trigger\"\n\t\t\ttype=\"button\"\n\t\t\taria-haspopup=\"dialog\"\n\t\t\taria-label=\"Enlarge\"\n\t\t\tdata-wp-init=\"callbacks.initTriggerButton\"\n\t\t\tdata-wp-on--click=\"actions.showLightbox\"\n\t\t\tdata-wp-style--right=\"state.imageButtonRight\"\n\t\t\tdata-wp-style--top=\"state.imageButtonTop\"\n\t\t>\n\t\t\t<svg xmlns=\"http:\/\/www.w3.org\/2000\/svg\" width=\"12\" height=\"12\" fill=\"none\" viewbox=\"0 0 12 12\">\n\t\t\t\t<path fill=\"#fff\" d=\"M2 0a2 2 0 0 0-2 2v2h1.5V2a.5.5 0 0 1 .5-.5h2V0H2Zm2 10.5H2a.5.5 0 0 1-.5-.5V8H0v2a2 2 0 0 0 2 2h2v-1.5ZM8 12v-1.5h2a.5.5 0 0 0 .5-.5V8H12v2a2 2 0 0 1-2 2H8Zm2-12a2 2 0 0 1 2 2v2h-1.5V2a.5.5 0 0 0-.5-.5H8V0h2Z\" \/>\n\t\t\t<\/svg>\n\t\t<\/button><figcaption class=\"wp-element-caption\">prof. Bogus\u0142aw Szmygin, Polski Komitet Narodowy ICOMOS, Konferencja ICOMOS pt. \u201eAutentyzm zabytk\u00f3w \u2013 30 lat Dokumentu z Nara o autentyzmie\u201d, fot. Magda Starowieyska<\/figcaption><\/figure>\n\n\n\n<figure data-wp-context=\"{&quot;imageId&quot;:&quot;69f13d80955ff&quot;}\" data-wp-interactive=\"core\/image\" data-wp-key=\"69f13d80955ff\" class=\"wp-block-image aligncenter size-large is-resized wp-lightbox-container\"><img loading=\"lazy\" decoding=\"async\" width=\"1024\" height=\"813\" data-wp-class--hide=\"state.isContentHidden\" data-wp-class--show=\"state.isContentVisible\" data-wp-init=\"callbacks.setButtonStyles\" data-wp-on--click=\"actions.showLightbox\" data-wp-on--load=\"callbacks.setButtonStyles\" data-wp-on-window--resize=\"callbacks.setButtonStyles\" src=\"https:\/\/nid.pl\/wp-content\/uploads\/2024\/12\/Konferencja-ICOMOS-fot.-NID-Patrycja-Adamczyk-1024x813.jpeg\" alt=\"Wn\u0119trze Arkad Kubickiego w Zamku Kr\u00f3lewskim\" class=\"wp-image-24178\" style=\"width:743px;height:auto\" srcset=\"https:\/\/nid.pl\/wp-content\/uploads\/2024\/12\/Konferencja-ICOMOS-fot.-NID-Patrycja-Adamczyk-980x778.jpeg 980w, https:\/\/nid.pl\/wp-content\/uploads\/2024\/12\/Konferencja-ICOMOS-fot.-NID-Patrycja-Adamczyk-480x381.jpeg 480w\" sizes=\"(min-width: 0px) and (max-width: 480px) 480px, (min-width: 481px) and (max-width: 980px) 980px, (min-width: 981px) 1024px, 100vw\" \/><button\n\t\t\tclass=\"lightbox-trigger\"\n\t\t\ttype=\"button\"\n\t\t\taria-haspopup=\"dialog\"\n\t\t\taria-label=\"Enlarge\"\n\t\t\tdata-wp-init=\"callbacks.initTriggerButton\"\n\t\t\tdata-wp-on--click=\"actions.showLightbox\"\n\t\t\tdata-wp-style--right=\"state.imageButtonRight\"\n\t\t\tdata-wp-style--top=\"state.imageButtonTop\"\n\t\t>\n\t\t\t<svg xmlns=\"http:\/\/www.w3.org\/2000\/svg\" width=\"12\" height=\"12\" fill=\"none\" viewbox=\"0 0 12 12\">\n\t\t\t\t<path fill=\"#fff\" d=\"M2 0a2 2 0 0 0-2 2v2h1.5V2a.5.5 0 0 1 .5-.5h2V0H2Zm2 10.5H2a.5.5 0 0 1-.5-.5V8H0v2a2 2 0 0 0 2 2h2v-1.5ZM8 12v-1.5h2a.5.5 0 0 0 .5-.5V8H12v2a2 2 0 0 1-2 2H8Zm2-12a2 2 0 0 1 2 2v2h-1.5V2a.5.5 0 0 0-.5-.5H8V0h2Z\" \/>\n\t\t\t<\/svg>\n\t\t<\/button><figcaption class=\"wp-element-caption\">Konferencja ICOMOS pt. \u201eAutentyzm zabytk\u00f3w \u2013 30 lat Dokumentu z Nara o autentyzmie\u201d, fot. NID\/ Patrycja Adamczyk<\/figcaption><\/figure>\n\n\n\n<figure data-wp-context=\"{&quot;imageId&quot;:&quot;69f13d8095944&quot;}\" data-wp-interactive=\"core\/image\" data-wp-key=\"69f13d8095944\" class=\"wp-block-image aligncenter size-large is-resized wp-lightbox-container\"><img loading=\"lazy\" decoding=\"async\" width=\"1024\" height=\"683\" data-wp-class--hide=\"state.isContentHidden\" data-wp-class--show=\"state.isContentVisible\" data-wp-init=\"callbacks.setButtonStyles\" data-wp-on--click=\"actions.showLightbox\" data-wp-on--load=\"callbacks.setButtonStyles\" data-wp-on-window--resize=\"callbacks.setButtonStyles\" src=\"https:\/\/nid.pl\/wp-content\/uploads\/2024\/12\/Konferencja-ICOMOS-02-03.12-3-1024x683.jpeg\" alt=\"\" class=\"wp-image-24183\" style=\"width:747px;height:auto\" srcset=\"https:\/\/nid.pl\/wp-content\/uploads\/2024\/12\/Konferencja-ICOMOS-02-03.12-3-980x653.jpeg 980w, https:\/\/nid.pl\/wp-content\/uploads\/2024\/12\/Konferencja-ICOMOS-02-03.12-3-480x320.jpeg 480w\" sizes=\"(min-width: 0px) and (max-width: 480px) 480px, (min-width: 481px) and (max-width: 980px) 980px, (min-width: 981px) 1024px, 100vw\" \/><button\n\t\t\tclass=\"lightbox-trigger\"\n\t\t\ttype=\"button\"\n\t\t\taria-haspopup=\"dialog\"\n\t\t\taria-label=\"Enlarge\"\n\t\t\tdata-wp-init=\"callbacks.initTriggerButton\"\n\t\t\tdata-wp-on--click=\"actions.showLightbox\"\n\t\t\tdata-wp-style--right=\"state.imageButtonRight\"\n\t\t\tdata-wp-style--top=\"state.imageButtonTop\"\n\t\t>\n\t\t\t<svg xmlns=\"http:\/\/www.w3.org\/2000\/svg\" width=\"12\" height=\"12\" fill=\"none\" viewbox=\"0 0 12 12\">\n\t\t\t\t<path fill=\"#fff\" d=\"M2 0a2 2 0 0 0-2 2v2h1.5V2a.5.5 0 0 1 .5-.5h2V0H2Zm2 10.5H2a.5.5 0 0 1-.5-.5V8H0v2a2 2 0 0 0 2 2h2v-1.5ZM8 12v-1.5h2a.5.5 0 0 0 .5-.5V8H12v2a2 2 0 0 1-2 2H8Zm2-12a2 2 0 0 1 2 2v2h-1.5V2a.5.5 0 0 0-.5-.5H8V0h2Z\" \/>\n\t\t\t<\/svg>\n\t\t<\/button><figcaption class=\"wp-element-caption\">Konferencja ICOMOS pt. \u201eAutentyzm zabytk\u00f3w \u2013 30 lat Dokumentu z Nara o autentyzmie\u201d, fot. NID\/ Patrycja Adamczyk<\/figcaption><\/figure>\n\n\n\n<figure class=\"wp-block-image aligncenter size-large is-resized\"><img loading=\"lazy\" decoding=\"async\" width=\"768\" height=\"1024\" src=\"https:\/\/nid.pl\/wp-content\/uploads\/2024\/12\/thumbnail_IMG_5546-768x1024.jpg\" alt=\"\" class=\"wp-image-24339\" style=\"width:630px;height:auto\"\/><figcaption class=\"wp-element-caption\">Wr\u0119czenie nagr\u00f3d Generalnego Konserwatora Zabytk\u00f3w i PKN ICOMOS im. profesora Jana Zachwatowicza za wybitne osi\u0105gni\u0119cia w dziedzinie bada\u0144 i ochrony zabytk\u00f3w, fot. ICOMOS\/ Alina Tarsa<\/figcaption><\/figure>\n\n\n\n<p><\/p>\n\n\n\n<figure class=\"wp-block-image aligncenter size-large is-resized\"><img loading=\"lazy\" decoding=\"async\" width=\"768\" height=\"1024\" src=\"https:\/\/nid.pl\/wp-content\/uploads\/2024\/12\/thumbnail_IMG_5554-768x1024.jpg\" alt=\"\" class=\"wp-image-24338\" style=\"width:640px;height:auto\"\/><figcaption class=\"wp-element-caption\">laureaci nagrody: dr Grzegorz Grajewsk<strong>i,  <\/strong>Lech Nar\u0119bski wraz z wr\u0119czaj\u0105cymi:  Sekretarz Stanu w Ministerstwie Kultury i Dziedzictwa Narodowego, Generaln\u0105 Konserwator Zabytk\u00f3w, Bo\u017cen\u0105 \u017belazowsk\u0105 oraz prof. Bogus\u0142awem Szmyginem, fot. ICOMOS\/ Alina Tarsa<br><br><\/figcaption><\/figure>\n\n\n\n<figure class=\"wp-block-image aligncenter size-large is-resized\"><img loading=\"lazy\" decoding=\"async\" width=\"768\" height=\"1024\" src=\"https:\/\/nid.pl\/wp-content\/uploads\/2024\/12\/thumbnail_IMG_5535-768x1024.jpg\" alt=\"\" class=\"wp-image-24340\" style=\"width:614px;height:auto\"\/><figcaption class=\"wp-element-caption\">nagrody Generalnego Konserwatora Zabytk\u00f3w i PKN ICOMOS im. profesora Jana Zachwatowicza za wybitne osi\u0105gni\u0119cia w dziedzinie bada\u0144 i ochrony zabytk\u00f3w, fot. ICOMOS\/ Alina Tarsa<br><br><br><br><\/figcaption><\/figure>","protected":false},"excerpt":{"rendered":"<p>Za nami otwarcie konferencji ICOMOS zorganizowanej z okazji 30. rocznicy Dokumentu z Nara. To spotkanie konserwator\u00f3w, naukowc\u00f3w i przedstawicieli instytucji kultury, kt\u00f3rzy rozmawiaj\u0105 o tym, jak analizowa\u0107 autentyzm obiekt\u00f3w i [&hellip;]<\/p>","protected":false},"author":7,"featured_media":24179,"comment_status":"closed","ping_status":"closed","sticky":false,"template":"","format":"standard","meta":{"_et_pb_use_builder":"off","_et_pb_old_content":"","_et_gb_content_width":"","_monsterinsights_skip_tracking":false,"_monsterinsights_sitenote_active":false,"_monsterinsights_sitenote_note":"","_monsterinsights_sitenote_category":0,"footnotes":""},"categories":[3],"tags":[],"class_list":["post-24165","post","type-post","status-publish","format-standard","has-post-thumbnail","hentry","category-aktualnosci"],"yoast_head":"<!-- This site is optimized with the Yoast SEO plugin v26.5 - https:\/\/yoast.com\/wordpress\/plugins\/seo\/ -->\n<title>Konferencja ICOMOS pt. \u201eAutentyzm zabytk\u00f3w \u2013 30 lat Dokumentu z Nara o autentyzmie\u201d - NID<\/title>\n<meta name=\"robots\" content=\"index, follow, max-snippet:-1, max-image-preview:large, max-video-preview:-1\" \/>\n<link rel=\"canonical\" href=\"https:\/\/nid.pl\/en\/2024\/12\/02\/konferencja-icomos-autentyzm-zabytkow\/\" \/>\n<meta property=\"og:locale\" content=\"en_GB\" \/>\n<meta property=\"og:type\" content=\"article\" \/>\n<meta property=\"og:title\" content=\"Konferencja ICOMOS pt. \u201eAutentyzm zabytk\u00f3w \u2013 30 lat Dokumentu z Nara o autentyzmie\u201d - NID\" \/>\n<meta property=\"og:description\" content=\"Za nami otwarcie konferencji ICOMOS zorganizowanej z okazji 30. rocznicy Dokumentu z Nara. To spotkanie konserwator\u00f3w, naukowc\u00f3w i przedstawicieli instytucji kultury, kt\u00f3rzy rozmawiaj\u0105 o tym, jak analizowa\u0107 autentyzm obiekt\u00f3w i [&hellip;]\" \/>\n<meta property=\"og:url\" content=\"https:\/\/nid.pl\/en\/2024\/12\/02\/konferencja-icomos-autentyzm-zabytkow\/\" \/>\n<meta property=\"og:site_name\" content=\"NID\" \/>\n<meta property=\"article:publisher\" content=\"https:\/\/www.facebook.com\/zabytek\" \/>\n<meta property=\"article:published_time\" content=\"2024-12-02T17:31:28+00:00\" \/>\n<meta property=\"article:modified_time\" content=\"2024-12-06T12:54:56+00:00\" \/>\n<meta property=\"og:image\" content=\"https:\/\/nid.pl\/wp-content\/uploads\/2024\/12\/miniatura-ICOMOS-fot.-NID-Patrycja-Adamczyk.jpg\" \/>\n\t<meta property=\"og:image:width\" content=\"1850\" \/>\n\t<meta property=\"og:image:height\" content=\"1238\" \/>\n\t<meta property=\"og:image:type\" content=\"image\/jpeg\" \/>\n<meta name=\"author\" content=\"Barbara Halliop\" \/>\n<meta name=\"twitter:card\" content=\"summary_large_image\" \/>\n<meta name=\"twitter:creator\" content=\"@NarIDpl\" \/>\n<meta name=\"twitter:site\" content=\"@NarIDpl\" \/>\n<meta name=\"twitter:label1\" content=\"Written by\" \/>\n\t<meta name=\"twitter:data1\" content=\"Barbara Halliop\" \/>\n\t<meta name=\"twitter:label2\" content=\"Estimated reading time\" \/>\n\t<meta name=\"twitter:data2\" content=\"8 minutes\" \/>\n<script type=\"application\/ld+json\" class=\"yoast-schema-graph\">{\"@context\":\"https:\/\/schema.org\",\"@graph\":[{\"@type\":\"Article\",\"@id\":\"https:\/\/nid.pl\/2024\/12\/02\/konferencja-icomos-autentyzm-zabytkow\/#article\",\"isPartOf\":{\"@id\":\"https:\/\/nid.pl\/2024\/12\/02\/konferencja-icomos-autentyzm-zabytkow\/\"},\"author\":{\"name\":\"Barbara Halliop\",\"@id\":\"https:\/\/nid.pl\/#\/schema\/person\/1b690a8998a5111cfb9f0ffe24195a15\"},\"headline\":\"Konferencja ICOMOS pt. \u201eAutentyzm zabytk\u00f3w \u2013 30 lat Dokumentu z Nara o autentyzmie\u201d\",\"datePublished\":\"2024-12-02T17:31:28+00:00\",\"dateModified\":\"2024-12-06T12:54:56+00:00\",\"mainEntityOfPage\":{\"@id\":\"https:\/\/nid.pl\/2024\/12\/02\/konferencja-icomos-autentyzm-zabytkow\/\"},\"wordCount\":1064,\"publisher\":{\"@id\":\"https:\/\/nid.pl\/#organization\"},\"image\":{\"@id\":\"https:\/\/nid.pl\/2024\/12\/02\/konferencja-icomos-autentyzm-zabytkow\/#primaryimage\"},\"thumbnailUrl\":\"https:\/\/nid.pl\/wp-content\/uploads\/2024\/12\/miniatura-ICOMOS-fot.-NID-Patrycja-Adamczyk.jpg\",\"articleSection\":[\"Aktualno\u015bci\"],\"inLanguage\":\"en-GB\"},{\"@type\":\"WebPage\",\"@id\":\"https:\/\/nid.pl\/2024\/12\/02\/konferencja-icomos-autentyzm-zabytkow\/\",\"url\":\"https:\/\/nid.pl\/2024\/12\/02\/konferencja-icomos-autentyzm-zabytkow\/\",\"name\":\"Konferencja ICOMOS pt. \u201eAutentyzm zabytk\u00f3w \u2013 30 lat Dokumentu z Nara o autentyzmie\u201d - NID\",\"isPartOf\":{\"@id\":\"https:\/\/nid.pl\/#website\"},\"primaryImageOfPage\":{\"@id\":\"https:\/\/nid.pl\/2024\/12\/02\/konferencja-icomos-autentyzm-zabytkow\/#primaryimage\"},\"image\":{\"@id\":\"https:\/\/nid.pl\/2024\/12\/02\/konferencja-icomos-autentyzm-zabytkow\/#primaryimage\"},\"thumbnailUrl\":\"https:\/\/nid.pl\/wp-content\/uploads\/2024\/12\/miniatura-ICOMOS-fot.-NID-Patrycja-Adamczyk.jpg\",\"datePublished\":\"2024-12-02T17:31:28+00:00\",\"dateModified\":\"2024-12-06T12:54:56+00:00\",\"breadcrumb\":{\"@id\":\"https:\/\/nid.pl\/2024\/12\/02\/konferencja-icomos-autentyzm-zabytkow\/#breadcrumb\"},\"inLanguage\":\"en-GB\",\"potentialAction\":[{\"@type\":\"ReadAction\",\"target\":[\"https:\/\/nid.pl\/2024\/12\/02\/konferencja-icomos-autentyzm-zabytkow\/\"]}]},{\"@type\":\"ImageObject\",\"inLanguage\":\"en-GB\",\"@id\":\"https:\/\/nid.pl\/2024\/12\/02\/konferencja-icomos-autentyzm-zabytkow\/#primaryimage\",\"url\":\"https:\/\/nid.pl\/wp-content\/uploads\/2024\/12\/miniatura-ICOMOS-fot.-NID-Patrycja-Adamczyk.jpg\",\"contentUrl\":\"https:\/\/nid.pl\/wp-content\/uploads\/2024\/12\/miniatura-ICOMOS-fot.-NID-Patrycja-Adamczyk.jpg\",\"width\":1850,\"height\":1238,\"caption\":\"Zamek Kr\u00f3lewski w Warszawie, fot. NID\/ Patrycja Adamczyk\"},{\"@type\":\"BreadcrumbList\",\"@id\":\"https:\/\/nid.pl\/2024\/12\/02\/konferencja-icomos-autentyzm-zabytkow\/#breadcrumb\",\"itemListElement\":[{\"@type\":\"ListItem\",\"position\":1,\"name\":\"Home\",\"item\":\"https:\/\/nid.pl\/\"},{\"@type\":\"ListItem\",\"position\":2,\"name\":\"Konferencja ICOMOS pt. \u201eAutentyzm zabytk\u00f3w \u2013 30 lat Dokumentu z Nara o autentyzmie\u201d\"}]},{\"@type\":\"WebSite\",\"@id\":\"https:\/\/nid.pl\/#website\",\"url\":\"https:\/\/nid.pl\/\",\"name\":\"NID\",\"description\":\"Narodowy Instytut Dziedzictwa\",\"publisher\":{\"@id\":\"https:\/\/nid.pl\/#organization\"},\"potentialAction\":[{\"@type\":\"SearchAction\",\"target\":{\"@type\":\"EntryPoint\",\"urlTemplate\":\"https:\/\/nid.pl\/?s={search_term_string}\"},\"query-input\":{\"@type\":\"PropertyValueSpecification\",\"valueRequired\":true,\"valueName\":\"search_term_string\"}}],\"inLanguage\":\"en-GB\"},{\"@type\":\"Organization\",\"@id\":\"https:\/\/nid.pl\/#organization\",\"name\":\"Narodowy Instytut Dziedzictwa\",\"url\":\"https:\/\/nid.pl\/\",\"logo\":{\"@type\":\"ImageObject\",\"inLanguage\":\"en-GB\",\"@id\":\"https:\/\/nid.pl\/#\/schema\/logo\/image\/\",\"url\":\"https:\/\/nid.pl\/wp-content\/uploads\/2022\/10\/logoRedDark.png\",\"contentUrl\":\"https:\/\/nid.pl\/wp-content\/uploads\/2022\/10\/logoRedDark.png\",\"width\":200,\"height\":197,\"caption\":\"Narodowy Instytut Dziedzictwa\"},\"image\":{\"@id\":\"https:\/\/nid.pl\/#\/schema\/logo\/image\/\"},\"sameAs\":[\"https:\/\/www.facebook.com\/zabytek\",\"https:\/\/x.com\/NarIDpl\",\"https:\/\/www.instagram.com\/nid.pl\/?hl=pl\",\"https:\/\/www.linkedin.com\/company\/narodowy-instytut-dziedzictwa\",\"https:\/\/www.youtube.com\/channel\/UCQXuhKa2uHtmNvLRUSx40JA\"]},{\"@type\":\"Person\",\"@id\":\"https:\/\/nid.pl\/#\/schema\/person\/1b690a8998a5111cfb9f0ffe24195a15\",\"name\":\"Barbara Halliop\",\"image\":{\"@type\":\"ImageObject\",\"inLanguage\":\"en-GB\",\"@id\":\"https:\/\/nid.pl\/#\/schema\/person\/image\/\",\"url\":\"https:\/\/nid.pl\/wp-content\/litespeed\/avatar\/924046d17dd0c842c9fa9ccf489bc6dc.jpg?ver=1776840122\",\"contentUrl\":\"https:\/\/nid.pl\/wp-content\/litespeed\/avatar\/924046d17dd0c842c9fa9ccf489bc6dc.jpg?ver=1776840122\",\"caption\":\"Barbara Halliop\"},\"url\":\"https:\/\/nid.pl\/en\/author\/bhalliop\/\"}]}<\/script>\n<!-- \/ Yoast SEO plugin. -->","yoast_head_json":{"title":"Konferencja ICOMOS pt. \u201eAutentyzm zabytk\u00f3w \u2013 30 lat Dokumentu z Nara o autentyzmie\u201d - NID","robots":{"index":"index","follow":"follow","max-snippet":"max-snippet:-1","max-image-preview":"max-image-preview:large","max-video-preview":"max-video-preview:-1"},"canonical":"https:\/\/nid.pl\/en\/2024\/12\/02\/konferencja-icomos-autentyzm-zabytkow\/","og_locale":"en_GB","og_type":"article","og_title":"Konferencja ICOMOS pt. \u201eAutentyzm zabytk\u00f3w \u2013 30 lat Dokumentu z Nara o autentyzmie\u201d - NID","og_description":"Za nami otwarcie konferencji ICOMOS zorganizowanej z okazji 30. rocznicy Dokumentu z Nara. To spotkanie konserwator\u00f3w, naukowc\u00f3w i przedstawicieli instytucji kultury, kt\u00f3rzy rozmawiaj\u0105 o tym, jak analizowa\u0107 autentyzm obiekt\u00f3w i [&hellip;]","og_url":"https:\/\/nid.pl\/en\/2024\/12\/02\/konferencja-icomos-autentyzm-zabytkow\/","og_site_name":"NID","article_publisher":"https:\/\/www.facebook.com\/zabytek","article_published_time":"2024-12-02T17:31:28+00:00","article_modified_time":"2024-12-06T12:54:56+00:00","og_image":[{"width":1850,"height":1238,"url":"https:\/\/nid.pl\/wp-content\/uploads\/2024\/12\/miniatura-ICOMOS-fot.-NID-Patrycja-Adamczyk.jpg","type":"image\/jpeg"}],"author":"Barbara Halliop","twitter_card":"summary_large_image","twitter_creator":"@NarIDpl","twitter_site":"@NarIDpl","twitter_misc":{"Written by":"Barbara Halliop","Estimated reading time":"8 minutes"},"schema":{"@context":"https:\/\/schema.org","@graph":[{"@type":"Article","@id":"https:\/\/nid.pl\/2024\/12\/02\/konferencja-icomos-autentyzm-zabytkow\/#article","isPartOf":{"@id":"https:\/\/nid.pl\/2024\/12\/02\/konferencja-icomos-autentyzm-zabytkow\/"},"author":{"name":"Barbara Halliop","@id":"https:\/\/nid.pl\/#\/schema\/person\/1b690a8998a5111cfb9f0ffe24195a15"},"headline":"Konferencja ICOMOS pt. \u201eAutentyzm zabytk\u00f3w \u2013 30 lat Dokumentu z Nara o autentyzmie\u201d","datePublished":"2024-12-02T17:31:28+00:00","dateModified":"2024-12-06T12:54:56+00:00","mainEntityOfPage":{"@id":"https:\/\/nid.pl\/2024\/12\/02\/konferencja-icomos-autentyzm-zabytkow\/"},"wordCount":1064,"publisher":{"@id":"https:\/\/nid.pl\/#organization"},"image":{"@id":"https:\/\/nid.pl\/2024\/12\/02\/konferencja-icomos-autentyzm-zabytkow\/#primaryimage"},"thumbnailUrl":"https:\/\/nid.pl\/wp-content\/uploads\/2024\/12\/miniatura-ICOMOS-fot.-NID-Patrycja-Adamczyk.jpg","articleSection":["Aktualno\u015bci"],"inLanguage":"en-GB"},{"@type":"WebPage","@id":"https:\/\/nid.pl\/2024\/12\/02\/konferencja-icomos-autentyzm-zabytkow\/","url":"https:\/\/nid.pl\/2024\/12\/02\/konferencja-icomos-autentyzm-zabytkow\/","name":"Konferencja ICOMOS pt. \u201eAutentyzm zabytk\u00f3w \u2013 30 lat Dokumentu z Nara o autentyzmie\u201d - NID","isPartOf":{"@id":"https:\/\/nid.pl\/#website"},"primaryImageOfPage":{"@id":"https:\/\/nid.pl\/2024\/12\/02\/konferencja-icomos-autentyzm-zabytkow\/#primaryimage"},"image":{"@id":"https:\/\/nid.pl\/2024\/12\/02\/konferencja-icomos-autentyzm-zabytkow\/#primaryimage"},"thumbnailUrl":"https:\/\/nid.pl\/wp-content\/uploads\/2024\/12\/miniatura-ICOMOS-fot.-NID-Patrycja-Adamczyk.jpg","datePublished":"2024-12-02T17:31:28+00:00","dateModified":"2024-12-06T12:54:56+00:00","breadcrumb":{"@id":"https:\/\/nid.pl\/2024\/12\/02\/konferencja-icomos-autentyzm-zabytkow\/#breadcrumb"},"inLanguage":"en-GB","potentialAction":[{"@type":"ReadAction","target":["https:\/\/nid.pl\/2024\/12\/02\/konferencja-icomos-autentyzm-zabytkow\/"]}]},{"@type":"ImageObject","inLanguage":"en-GB","@id":"https:\/\/nid.pl\/2024\/12\/02\/konferencja-icomos-autentyzm-zabytkow\/#primaryimage","url":"https:\/\/nid.pl\/wp-content\/uploads\/2024\/12\/miniatura-ICOMOS-fot.-NID-Patrycja-Adamczyk.jpg","contentUrl":"https:\/\/nid.pl\/wp-content\/uploads\/2024\/12\/miniatura-ICOMOS-fot.-NID-Patrycja-Adamczyk.jpg","width":1850,"height":1238,"caption":"Zamek Kr\u00f3lewski w Warszawie, fot. NID\/ Patrycja Adamczyk"},{"@type":"BreadcrumbList","@id":"https:\/\/nid.pl\/2024\/12\/02\/konferencja-icomos-autentyzm-zabytkow\/#breadcrumb","itemListElement":[{"@type":"ListItem","position":1,"name":"Home","item":"https:\/\/nid.pl\/"},{"@type":"ListItem","position":2,"name":"Konferencja ICOMOS pt. \u201eAutentyzm zabytk\u00f3w \u2013 30 lat Dokumentu z Nara o autentyzmie\u201d"}]},{"@type":"WebSite","@id":"https:\/\/nid.pl\/#website","url":"https:\/\/nid.pl\/","name":"NID","description":"Narodowy Instytut Dziedzictwa","publisher":{"@id":"https:\/\/nid.pl\/#organization"},"potentialAction":[{"@type":"SearchAction","target":{"@type":"EntryPoint","urlTemplate":"https:\/\/nid.pl\/?s={search_term_string}"},"query-input":{"@type":"PropertyValueSpecification","valueRequired":true,"valueName":"search_term_string"}}],"inLanguage":"en-GB"},{"@type":"Organization","@id":"https:\/\/nid.pl\/#organization","name":"Narodowy Instytut Dziedzictwa","url":"https:\/\/nid.pl\/","logo":{"@type":"ImageObject","inLanguage":"en-GB","@id":"https:\/\/nid.pl\/#\/schema\/logo\/image\/","url":"https:\/\/nid.pl\/wp-content\/uploads\/2022\/10\/logoRedDark.png","contentUrl":"https:\/\/nid.pl\/wp-content\/uploads\/2022\/10\/logoRedDark.png","width":200,"height":197,"caption":"Narodowy Instytut Dziedzictwa"},"image":{"@id":"https:\/\/nid.pl\/#\/schema\/logo\/image\/"},"sameAs":["https:\/\/www.facebook.com\/zabytek","https:\/\/x.com\/NarIDpl","https:\/\/www.instagram.com\/nid.pl\/?hl=pl","https:\/\/www.linkedin.com\/company\/narodowy-instytut-dziedzictwa","https:\/\/www.youtube.com\/channel\/UCQXuhKa2uHtmNvLRUSx40JA"]},{"@type":"Person","@id":"https:\/\/nid.pl\/#\/schema\/person\/1b690a8998a5111cfb9f0ffe24195a15","name":"Barbara Halliop","image":{"@type":"ImageObject","inLanguage":"en-GB","@id":"https:\/\/nid.pl\/#\/schema\/person\/image\/","url":"https:\/\/nid.pl\/wp-content\/litespeed\/avatar\/924046d17dd0c842c9fa9ccf489bc6dc.jpg?ver=1776840122","contentUrl":"https:\/\/nid.pl\/wp-content\/litespeed\/avatar\/924046d17dd0c842c9fa9ccf489bc6dc.jpg?ver=1776840122","caption":"Barbara Halliop"},"url":"https:\/\/nid.pl\/en\/author\/bhalliop\/"}]}},"_links":{"self":[{"href":"https:\/\/nid.pl\/en\/wp-json\/wp\/v2\/posts\/24165","targetHints":{"allow":["GET"]}}],"collection":[{"href":"https:\/\/nid.pl\/en\/wp-json\/wp\/v2\/posts"}],"about":[{"href":"https:\/\/nid.pl\/en\/wp-json\/wp\/v2\/types\/post"}],"author":[{"embeddable":true,"href":"https:\/\/nid.pl\/en\/wp-json\/wp\/v2\/users\/7"}],"replies":[{"embeddable":true,"href":"https:\/\/nid.pl\/en\/wp-json\/wp\/v2\/comments?post=24165"}],"version-history":[{"count":0,"href":"https:\/\/nid.pl\/en\/wp-json\/wp\/v2\/posts\/24165\/revisions"}],"wp:featuredmedia":[{"embeddable":true,"href":"https:\/\/nid.pl\/en\/wp-json\/wp\/v2\/media\/24179"}],"wp:attachment":[{"href":"https:\/\/nid.pl\/en\/wp-json\/wp\/v2\/media?parent=24165"}],"wp:term":[{"taxonomy":"category","embeddable":true,"href":"https:\/\/nid.pl\/en\/wp-json\/wp\/v2\/categories?post=24165"},{"taxonomy":"post_tag","embeddable":true,"href":"https:\/\/nid.pl\/en\/wp-json\/wp\/v2\/tags?post=24165"}],"curies":[{"name":"wp","href":"https:\/\/api.w.org\/{rel}","templated":true}]}}