{"id":24141,"date":"2024-11-28T14:05:28","date_gmt":"2024-11-28T13:05:28","guid":{"rendered":"https:\/\/nid.pl\/?p=24141"},"modified":"2024-11-28T14:39:28","modified_gmt":"2024-11-28T13:39:28","slug":"131-pomnik-historii-sanktuarium-matki-bozej-rokitnianskiej-w-rokitnie","status":"publish","type":"post","link":"https:\/\/nid.pl\/en\/2024\/11\/28\/131-pomnik-historii-sanktuarium-matki-bozej-rokitnianskiej-w-rokitnie\/","title":{"rendered":"131. pomnik historii &#8211; Sanktuarium Matki Bo\u017cej Rokitnia\u0144skiej w Rokitnie\u00a0"},"content":{"rendered":"<p class=\"has-medium-font-size\"><strong>Sanktuarium Matki Bo\u017cej Rokitnia\u0144skiej zosta\u0142o uznane za pomnik historii na mocy rozporz\u0105dzenia Prezydenta Rzeczpospolitej Polskiej z dnia 20 listopada 2024 roku, kt\u00f3re wesz\u0142o w \u017cycie 27 listopada. Barokowy ko\u015bci\u00f3\u0142 z zachowanymi polichromiami i wyposa\u017ceniem jest 131. obiektem o szczeg\u00f3lnym znaczeniu dla kultury.<\/strong>&nbsp;<\/p>\n\n\n\n<p>Pomnik historii to jedna z pi\u0119ciu form ochrony zabytk\u00f3w w Polsce, ustanawiana rozporz\u0105dzeniem Prezydenta RP na wniosek Ministra Kultury i Dziedzictwa Narodowego.&nbsp;Jest to&nbsp;uhonorowanie zabytk\u00f3w nieruchomych, kt\u00f3re wyr\u00f3\u017cniaj\u0105 si\u0119 ponadregionalnym znaczeniem oraz wyj\u0105tkowymi walorami historycznymi, naukowymi i artystycznymi. Narodowy Instytut Dziedzictwa prowadzi procedur\u0119 uznawania obiekt\u00f3w za pomnik historii w imieniu Ministerstwa Kultury i Dziedzictwa Narodowego.&nbsp;<\/p>\n\n\n\n<p><\/p>\n\n\n\n<h5 class=\"wp-block-heading has-text-color has-link-color wp-elements-acb36b1c3d7dacb91403839491adeb14\" style=\"color:#727272\"><strong>Historia Sanktuarium Matki Bo\u017cej Rokitnia\u0144skiej<\/strong>&nbsp;<\/h5>\n\n\n\n<p><\/p>\n\n\n\n<p>Sanktuarium w Rokitnie nale\u017cy do najwa\u017cniejszych o\u015brodk\u00f3w kultu maryjnego w zachodniej Polsce, kt\u00f3ry trwa w miejscowo\u015bci nieprzerwanie od drugiej po\u0142owy XVII wieku i jest zwi\u0105zany z obrazem Matki Bo\u017cej Rokitnia\u0144skiej, zajmuj\u0105cym szczeg\u00f3lne miejsce w historii i kulturze religijnej Rzeczypospolitej Polskiej.&nbsp;<\/p>\n\n\n\n<p>Wie\u015b Rokitno (Rokytno, Rokitten) po raz pierwszy by\u0142a wzmiankowana w 1378 roku, gdy sta\u0142a si\u0119 w\u0142asno\u015bci\u0105 opactwa cysterskiego. W tym czasie w miejscowo\u015bci mia\u0142 ju\u017c istnie\u0107 ko\u015bci\u00f3\u0142, kt\u00f3ry na kr\u00f3tko by\u0142 u\u017cytkowany przez protestant\u00f3w w okresie reformacji. Umieszczono w nim obraz Matki Boskiej &#8211; dzie\u0142o pochodz\u0105ce z&nbsp;pocz\u0105tku XVI wieku ze szko\u0142y niderlandzkiej lub flamandzkiej, kt\u00f3ry w 1670 roku uznano za cudowny.&nbsp;<\/p>\n\n\n\n<p><\/p>\n\n\n\n<figure class=\"wp-block-image aligncenter size-large\"><img loading=\"lazy\" decoding=\"async\" width=\"1024\" height=\"767\" src=\"https:\/\/nid.pl\/wp-content\/uploads\/2024\/11\/Rokitno_fot_F11_2024_zb_NID-17-1024x767.jpg\" alt=\"\" class=\"wp-image-24148\" srcset=\"https:\/\/nid.pl\/wp-content\/uploads\/2024\/11\/Rokitno_fot_F11_2024_zb_NID-17-980x734.jpg 980w, https:\/\/nid.pl\/wp-content\/uploads\/2024\/11\/Rokitno_fot_F11_2024_zb_NID-17-480x359.jpg 480w\" sizes=\"(min-width: 0px) and (max-width: 480px) 480px, (min-width: 481px) and (max-width: 980px) 980px, (min-width: 981px) 1024px, 100vw\" \/><figcaption class=\"wp-element-caption\">Rokitno, sanktuarium Matki Bo\u017cej Rokitnia\u0144skiej, widok na fasad\u0119 \u015bwi\u0105tyni oraz zabudowania miejscowo\u015bci,<br>Fot. Maciej Jab\u0142o\u0144ski\/F11<br><\/figcaption><\/figure>\n\n\n\n<p>Barokowy ko\u015bci\u00f3\u0142 z XVIII wieku, zbudowany w Rokitnie dla potrzeb kultu obrazu, stanowi czytelny przyk\u0142ad p\u00f3\u017anobarokowej architektury sakralnej w nurcie \u015bl\u0105sko-morawskim, o dobrze zachowanym, jednorodnym wystroju i wyposa\u017ceniu wn\u0119trz. Sklepienia ozdobione s\u0105 barokowymi polichromiami. Przedstawienia figuralne uj\u0119te s\u0105 w&nbsp;iluzjonistycznie oddane detale architektoniczne, ozdobione barokowym i&nbsp;rokokowym ornamentem. &nbsp;<\/p>\n\n\n\n<p>Wyposa\u017cenie ko\u015bcio\u0142a reprezentuje styl barokowy i rokokowy. Jest to bogaty zesp\u00f3\u0142, kt\u00f3ry sk\u0142ada si\u0119 z o\u0142tarza g\u0142\u00f3wnego z czczonym obrazem Matki Bo\u017cej Rokitnia\u0144skiej, stalli, czterech o\u0142tarzy bocznych, ambony, chrzcielnicy. Do zabytkowych element\u00f3w wyposa\u017cenia nale\u017cy prospekt organowy z drugiej po\u0142owy XIX wieku oraz cenne wota z XVII-XVIII wieku i paramenty liturgiczne, ufundowane przez cysters\u00f3w bledzewskich.&nbsp;<\/p>\n\n\n\n<p><\/p>\n\n\n\n<div class=\"wp-block-columns is-layout-flex wp-container-core-columns-is-layout-9d6595d7 wp-block-columns-is-layout-flex\">\n<div class=\"wp-block-column is-layout-flow wp-block-column-is-layout-flow\">\n<figure data-wp-context=\"{&quot;imageId&quot;:&quot;69f1255c8f42c&quot;}\" data-wp-interactive=\"core\/image\" data-wp-key=\"69f1255c8f42c\" class=\"wp-block-image size-large wp-lightbox-container\"><img loading=\"lazy\" decoding=\"async\" width=\"1024\" height=\"683\" data-wp-class--hide=\"state.isContentHidden\" data-wp-class--show=\"state.isContentVisible\" data-wp-init=\"callbacks.setButtonStyles\" data-wp-on--click=\"actions.showLightbox\" data-wp-on--load=\"callbacks.setButtonStyles\" data-wp-on-window--resize=\"callbacks.setButtonStyles\" src=\"https:\/\/nid.pl\/wp-content\/uploads\/2024\/11\/Rokitno_fot_F11_2024_zb_NID-24-1024x683.jpg\" alt=\"\" class=\"wp-image-24145\" srcset=\"https:\/\/nid.pl\/wp-content\/uploads\/2024\/11\/Rokitno_fot_F11_2024_zb_NID-24-980x653.jpg 980w, https:\/\/nid.pl\/wp-content\/uploads\/2024\/11\/Rokitno_fot_F11_2024_zb_NID-24-480x320.jpg 480w\" sizes=\"(min-width: 0px) and (max-width: 480px) 480px, (min-width: 481px) and (max-width: 980px) 980px, (min-width: 981px) 1024px, 100vw\" \/><button\n\t\t\tclass=\"lightbox-trigger\"\n\t\t\ttype=\"button\"\n\t\t\taria-haspopup=\"dialog\"\n\t\t\taria-label=\"Enlarge\"\n\t\t\tdata-wp-init=\"callbacks.initTriggerButton\"\n\t\t\tdata-wp-on--click=\"actions.showLightbox\"\n\t\t\tdata-wp-style--right=\"state.imageButtonRight\"\n\t\t\tdata-wp-style--top=\"state.imageButtonTop\"\n\t\t>\n\t\t\t<svg xmlns=\"http:\/\/www.w3.org\/2000\/svg\" width=\"12\" height=\"12\" fill=\"none\" viewbox=\"0 0 12 12\">\n\t\t\t\t<path fill=\"#fff\" d=\"M2 0a2 2 0 0 0-2 2v2h1.5V2a.5.5 0 0 1 .5-.5h2V0H2Zm2 10.5H2a.5.5 0 0 1-.5-.5V8H0v2a2 2 0 0 0 2 2h2v-1.5ZM8 12v-1.5h2a.5.5 0 0 0 .5-.5V8H12v2a2 2 0 0 1-2 2H8Zm2-12a2 2 0 0 1 2 2v2h-1.5V2a.5.5 0 0 0-.5-.5H8V0h2Z\" \/>\n\t\t\t<\/svg>\n\t\t<\/button><figcaption class=\"wp-element-caption\">Rokitno, sanktuarium Matki Bo\u017cej Rokitnia\u0144skiej, nawa g\u0142\u00f3wna, widok na o\u0142tarz g\u0142\u00f3wny, <br>Fot. Maciej Jab\u0142o\u0144ski\/F11<br><\/figcaption><\/figure>\n<\/div>\n\n\n\n<div class=\"wp-block-column is-layout-flow wp-block-column-is-layout-flow\">\n<figure data-wp-context=\"{&quot;imageId&quot;:&quot;69f1255c8f862&quot;}\" data-wp-interactive=\"core\/image\" data-wp-key=\"69f1255c8f862\" class=\"wp-block-image size-large wp-lightbox-container\"><img loading=\"lazy\" decoding=\"async\" width=\"1024\" height=\"683\" data-wp-class--hide=\"state.isContentHidden\" data-wp-class--show=\"state.isContentVisible\" data-wp-init=\"callbacks.setButtonStyles\" data-wp-on--click=\"actions.showLightbox\" data-wp-on--load=\"callbacks.setButtonStyles\" data-wp-on-window--resize=\"callbacks.setButtonStyles\" src=\"https:\/\/nid.pl\/wp-content\/uploads\/2024\/11\/Rokitno_fot_F11_2024_zb_NID-20-1024x683.jpg\" alt=\"\" class=\"wp-image-24143\" srcset=\"https:\/\/nid.pl\/wp-content\/uploads\/2024\/11\/Rokitno_fot_F11_2024_zb_NID-20-980x653.jpg 980w, https:\/\/nid.pl\/wp-content\/uploads\/2024\/11\/Rokitno_fot_F11_2024_zb_NID-20-480x320.jpg 480w\" sizes=\"(min-width: 0px) and (max-width: 480px) 480px, (min-width: 481px) and (max-width: 980px) 980px, (min-width: 981px) 1024px, 100vw\" \/><button\n\t\t\tclass=\"lightbox-trigger\"\n\t\t\ttype=\"button\"\n\t\t\taria-haspopup=\"dialog\"\n\t\t\taria-label=\"Enlarge\"\n\t\t\tdata-wp-init=\"callbacks.initTriggerButton\"\n\t\t\tdata-wp-on--click=\"actions.showLightbox\"\n\t\t\tdata-wp-style--right=\"state.imageButtonRight\"\n\t\t\tdata-wp-style--top=\"state.imageButtonTop\"\n\t\t>\n\t\t\t<svg xmlns=\"http:\/\/www.w3.org\/2000\/svg\" width=\"12\" height=\"12\" fill=\"none\" viewbox=\"0 0 12 12\">\n\t\t\t\t<path fill=\"#fff\" d=\"M2 0a2 2 0 0 0-2 2v2h1.5V2a.5.5 0 0 1 .5-.5h2V0H2Zm2 10.5H2a.5.5 0 0 1-.5-.5V8H0v2a2 2 0 0 0 2 2h2v-1.5ZM8 12v-1.5h2a.5.5 0 0 0 .5-.5V8H12v2a2 2 0 0 1-2 2H8Zm2-12a2 2 0 0 1 2 2v2h-1.5V2a.5.5 0 0 0-.5-.5H8V0h2Z\" \/>\n\t\t\t<\/svg>\n\t\t<\/button><figcaption class=\"wp-element-caption\">Rokitno, sanktuarium Matki Bo\u017cej Rokitnia\u0144skiej, polichromie na sklepieniu, XVIII w., <br>Fot. Maciej Jab\u0142o\u0144ski\/F11<br><\/figcaption><\/figure>\n<\/div>\n<\/div>\n\n\n\n<p><\/p>\n\n\n\n<p><\/p>\n\n\n\n<h5 class=\"wp-block-heading has-text-color has-link-color wp-elements-6931bccfc19b396bf64771df7923b13c\" style=\"color:#727272\"><strong>\u201eMatka Bo\u017ca Rokitnia\u0144ska\u201d &#8211; obraz otoczony kultem<\/strong>&nbsp;<\/h5>\n\n\n\n<p><\/p>\n\n\n\n<p>Obraz znajduj\u0105cy si\u0119 w \u015bwi\u0105tyni, przedstawiaj\u0105cy Matk\u0119 Bo\u017c\u0105, znany jako \u201eMatka Bo\u017ca Rokitnia\u0144ska\u201d&nbsp;stanowi fragment wi\u0119kszego obrazu, najprawdopodobniej nastawy o\u0142tarzowej, obejmuj\u0105cy sam\u0105 twarz Maryi. W tej formie otoczony zosta\u0142 kultem w XVII wieku. Do Rokitna obraz trafi\u0142 w 1669 roku jako dar opata Kazimierza Jana Opali\u0144skiego, kt\u00f3ry przeni\u00f3s\u0142 go z klasztoru cysters\u00f3w w Bledzewie do ko\u015bcio\u0142a wiejskiego w Rokitnie.&nbsp;<\/p>\n\n\n\n<p>Przedstawienie Matki Bo\u017cej z Rokitna zas\u0142yn\u0119\u0142o z wielu cud\u00f3w, opisanych m.in. w wydanej w Poznaniu ksi\u0119dze z 1672 roku. Przez kr\u00f3tki okres czasu, w 1671 roku, obraz przechowywany by\u0142 na Zamku Kr\u00f3lewskim w Warszawie, wypo\u017cyczony przez kr\u00f3la Micha\u0142a Korybuta Wi\u015bniowieckiego. Wierzono, \u017ce wizerunek Matki Bo\u017cej Rokitnia\u0144skiej przyczyni\u0142 si\u0119 do ugody kr\u00f3la ze zbuntowan\u0105 szlacht\u0105 pod Lublinem. \u00a0<\/p>\n\n\n\n<p>Obraz Matki Bo\u017cej Rokitnia\u0144skiej by\u0142 cz\u0119sto kopiowany i stanowi pierwowz\u00f3r dla innych otoczonych kultem wizerunk\u00f3w Matki Bo\u017cej, czczonych w r\u00f3\u017cnych regionach kraju, m.in. dla Matki Bo\u017cej Liche\u0144skiej oraz Matki Bo\u017cej \u0141\u0119gowskiej.&nbsp;<\/p>\n\n\n\n<p>Po II wojnie \u015bwiatowej Matka Bo\u017ca Rokitnia\u0144ska tytu\u0142owana jako \u201ePani Cierpliwie S\u0142uchaj\u0105ca\u201d, zosta\u0142a uznana przez prymasa Augusta Hlonda za \u201eKr\u00f3low\u0105 Polski Ziem Odzyskanych\u201d. Podkre\u015blano w ten spos\u00f3b wyj\u0105tkow\u0105 rol\u0119 sanktuarium w Rokitnie w procesie integracji powojennej spo\u0142eczno\u015bci zachodnich ziem Polski.&nbsp;<\/p>\n\n\n\n<p><\/p>\n\n\n\n<p><\/p>\n\n\n\n<p><\/p>\n\n\n\n<figure class=\"wp-block-image aligncenter size-large\"><img loading=\"lazy\" decoding=\"async\" width=\"1024\" height=\"683\" src=\"https:\/\/nid.pl\/wp-content\/uploads\/2024\/11\/Rokitno_fot_F11_2024_zb_NID-18-1024x683.jpg\" alt=\"\" class=\"wp-image-24142\" srcset=\"https:\/\/nid.pl\/wp-content\/uploads\/2024\/11\/Rokitno_fot_F11_2024_zb_NID-18-980x653.jpg 980w, https:\/\/nid.pl\/wp-content\/uploads\/2024\/11\/Rokitno_fot_F11_2024_zb_NID-18-480x320.jpg 480w\" sizes=\"(min-width: 0px) and (max-width: 480px) 480px, (min-width: 481px) and (max-width: 980px) 980px, (min-width: 981px) 1024px, 100vw\" \/><figcaption class=\"wp-element-caption\">Rokitno, sanktuarium Matki Bo\u017cej Rokitnia\u0144skiej, obraz Matki Bo\u017cej Rokitnia\u0144skiej w o\u0142tarzu g\u0142\u00f3wnym, <br>Fot. Maciej Jab\u0142o\u0144ski\/F11<br><br><br><\/figcaption><\/figure>\n\n\n\n<p><\/p>\n\n\n\n<p><\/p>","protected":false},"excerpt":{"rendered":"<p>Sanktuarium Matki Bo\u017cej Rokitnia\u0144skiej zosta\u0142o uznane za pomnik historii na mocy rozporz\u0105dzenia Prezydenta Rzeczpospolitej Polskiej z dnia 20 listopada 2024 roku, kt\u00f3re wesz\u0142o w \u017cycie 27 listopada. Barokowy ko\u015bci\u00f3\u0142 z [&hellip;]<\/p>","protected":false},"author":15,"featured_media":24149,"comment_status":"closed","ping_status":"closed","sticky":false,"template":"","format":"standard","meta":{"_et_pb_use_builder":"off","_et_pb_old_content":"","_et_gb_content_width":"","_monsterinsights_skip_tracking":false,"_monsterinsights_sitenote_active":false,"_monsterinsights_sitenote_note":"","_monsterinsights_sitenote_category":0,"footnotes":""},"categories":[3,109],"tags":[],"class_list":["post-24141","post","type-post","status-publish","format-standard","has-post-thumbnail","hentry","category-aktualnosci","category-pomniki-historii"],"yoast_head":"<!-- This site is optimized with the Yoast SEO plugin v26.5 - https:\/\/yoast.com\/wordpress\/plugins\/seo\/ -->\n<title>131. pomnik historii - Sanktuarium Matki Bo\u017cej Rokitnia\u0144skiej w Rokitnie\u00a0 - NID<\/title>\n<meta name=\"robots\" content=\"index, follow, max-snippet:-1, max-image-preview:large, max-video-preview:-1\" \/>\n<link rel=\"canonical\" href=\"https:\/\/nid.pl\/en\/2024\/11\/28\/131-pomnik-historii-sanktuarium-matki-bozej-rokitnianskiej-w-rokitnie\/\" \/>\n<meta property=\"og:locale\" content=\"en_GB\" \/>\n<meta property=\"og:type\" content=\"article\" \/>\n<meta property=\"og:title\" content=\"131. pomnik historii - Sanktuarium Matki Bo\u017cej Rokitnia\u0144skiej w Rokitnie\u00a0 - NID\" \/>\n<meta property=\"og:description\" content=\"Sanktuarium Matki Bo\u017cej Rokitnia\u0144skiej zosta\u0142o uznane za pomnik historii na mocy rozporz\u0105dzenia Prezydenta Rzeczpospolitej Polskiej z dnia 20 listopada 2024 roku, kt\u00f3re wesz\u0142o w \u017cycie 27 listopada. Barokowy ko\u015bci\u00f3\u0142 z [&hellip;]\" \/>\n<meta property=\"og:url\" content=\"https:\/\/nid.pl\/en\/2024\/11\/28\/131-pomnik-historii-sanktuarium-matki-bozej-rokitnianskiej-w-rokitnie\/\" \/>\n<meta property=\"og:site_name\" content=\"NID\" \/>\n<meta property=\"article:publisher\" content=\"https:\/\/www.facebook.com\/zabytek\" \/>\n<meta property=\"article:published_time\" content=\"2024-11-28T13:05:28+00:00\" \/>\n<meta property=\"article:modified_time\" content=\"2024-11-28T13:39:28+00:00\" \/>\n<meta property=\"og:image\" content=\"https:\/\/nid.pl\/wp-content\/uploads\/2024\/11\/rokitno-nowy-pomnik-historii.jpg\" \/>\n\t<meta property=\"og:image:width\" content=\"1857\" \/>\n\t<meta property=\"og:image:height\" content=\"1238\" \/>\n\t<meta property=\"og:image:type\" content=\"image\/jpeg\" \/>\n<meta name=\"author\" content=\"Monika Ciura\" \/>\n<meta name=\"twitter:card\" content=\"summary_large_image\" \/>\n<meta name=\"twitter:creator\" content=\"@NarIDpl\" \/>\n<meta name=\"twitter:site\" content=\"@NarIDpl\" \/>\n<meta name=\"twitter:label1\" content=\"Written by\" \/>\n\t<meta name=\"twitter:data1\" content=\"Monika Ciura\" \/>\n\t<meta name=\"twitter:label2\" content=\"Estimated reading time\" \/>\n\t<meta name=\"twitter:data2\" content=\"5 minutes\" \/>\n<script type=\"application\/ld+json\" class=\"yoast-schema-graph\">{\"@context\":\"https:\/\/schema.org\",\"@graph\":[{\"@type\":\"Article\",\"@id\":\"https:\/\/nid.pl\/2024\/11\/28\/131-pomnik-historii-sanktuarium-matki-bozej-rokitnianskiej-w-rokitnie\/#article\",\"isPartOf\":{\"@id\":\"https:\/\/nid.pl\/2024\/11\/28\/131-pomnik-historii-sanktuarium-matki-bozej-rokitnianskiej-w-rokitnie\/\"},\"author\":{\"name\":\"Monika Ciura\",\"@id\":\"https:\/\/nid.pl\/#\/schema\/person\/ab9abea4caecdccde4fb0d555271145f\"},\"headline\":\"131. pomnik historii &#8211; Sanktuarium Matki Bo\u017cej Rokitnia\u0144skiej w Rokitnie\u00a0\",\"datePublished\":\"2024-11-28T13:05:28+00:00\",\"dateModified\":\"2024-11-28T13:39:28+00:00\",\"mainEntityOfPage\":{\"@id\":\"https:\/\/nid.pl\/2024\/11\/28\/131-pomnik-historii-sanktuarium-matki-bozej-rokitnianskiej-w-rokitnie\/\"},\"wordCount\":727,\"publisher\":{\"@id\":\"https:\/\/nid.pl\/#organization\"},\"image\":{\"@id\":\"https:\/\/nid.pl\/2024\/11\/28\/131-pomnik-historii-sanktuarium-matki-bozej-rokitnianskiej-w-rokitnie\/#primaryimage\"},\"thumbnailUrl\":\"https:\/\/nid.pl\/wp-content\/uploads\/2024\/11\/rokitno-nowy-pomnik-historii.jpg\",\"articleSection\":[\"Aktualno\u015bci\",\"Pomniki historii\"],\"inLanguage\":\"en-GB\"},{\"@type\":\"WebPage\",\"@id\":\"https:\/\/nid.pl\/2024\/11\/28\/131-pomnik-historii-sanktuarium-matki-bozej-rokitnianskiej-w-rokitnie\/\",\"url\":\"https:\/\/nid.pl\/2024\/11\/28\/131-pomnik-historii-sanktuarium-matki-bozej-rokitnianskiej-w-rokitnie\/\",\"name\":\"131. pomnik historii - Sanktuarium Matki Bo\u017cej Rokitnia\u0144skiej w Rokitnie\u00a0 - NID\",\"isPartOf\":{\"@id\":\"https:\/\/nid.pl\/#website\"},\"primaryImageOfPage\":{\"@id\":\"https:\/\/nid.pl\/2024\/11\/28\/131-pomnik-historii-sanktuarium-matki-bozej-rokitnianskiej-w-rokitnie\/#primaryimage\"},\"image\":{\"@id\":\"https:\/\/nid.pl\/2024\/11\/28\/131-pomnik-historii-sanktuarium-matki-bozej-rokitnianskiej-w-rokitnie\/#primaryimage\"},\"thumbnailUrl\":\"https:\/\/nid.pl\/wp-content\/uploads\/2024\/11\/rokitno-nowy-pomnik-historii.jpg\",\"datePublished\":\"2024-11-28T13:05:28+00:00\",\"dateModified\":\"2024-11-28T13:39:28+00:00\",\"breadcrumb\":{\"@id\":\"https:\/\/nid.pl\/2024\/11\/28\/131-pomnik-historii-sanktuarium-matki-bozej-rokitnianskiej-w-rokitnie\/#breadcrumb\"},\"inLanguage\":\"en-GB\",\"potentialAction\":[{\"@type\":\"ReadAction\",\"target\":[\"https:\/\/nid.pl\/2024\/11\/28\/131-pomnik-historii-sanktuarium-matki-bozej-rokitnianskiej-w-rokitnie\/\"]}]},{\"@type\":\"ImageObject\",\"inLanguage\":\"en-GB\",\"@id\":\"https:\/\/nid.pl\/2024\/11\/28\/131-pomnik-historii-sanktuarium-matki-bozej-rokitnianskiej-w-rokitnie\/#primaryimage\",\"url\":\"https:\/\/nid.pl\/wp-content\/uploads\/2024\/11\/rokitno-nowy-pomnik-historii.jpg\",\"contentUrl\":\"https:\/\/nid.pl\/wp-content\/uploads\/2024\/11\/rokitno-nowy-pomnik-historii.jpg\",\"width\":1857,\"height\":1238,\"caption\":\"Rokitno, sanktuarium Matki Bo\u017cej Rokitnia\u0144skiej, widok od strony po\u0142udniowej, Fot. Maciej Jab\u0142o\u0144ski F11\"},{\"@type\":\"BreadcrumbList\",\"@id\":\"https:\/\/nid.pl\/2024\/11\/28\/131-pomnik-historii-sanktuarium-matki-bozej-rokitnianskiej-w-rokitnie\/#breadcrumb\",\"itemListElement\":[{\"@type\":\"ListItem\",\"position\":1,\"name\":\"Home\",\"item\":\"https:\/\/nid.pl\/\"},{\"@type\":\"ListItem\",\"position\":2,\"name\":\"131. pomnik historii &#8211; Sanktuarium Matki Bo\u017cej Rokitnia\u0144skiej w Rokitnie\u00a0\"}]},{\"@type\":\"WebSite\",\"@id\":\"https:\/\/nid.pl\/#website\",\"url\":\"https:\/\/nid.pl\/\",\"name\":\"NID\",\"description\":\"Narodowy Instytut Dziedzictwa\",\"publisher\":{\"@id\":\"https:\/\/nid.pl\/#organization\"},\"potentialAction\":[{\"@type\":\"SearchAction\",\"target\":{\"@type\":\"EntryPoint\",\"urlTemplate\":\"https:\/\/nid.pl\/?s={search_term_string}\"},\"query-input\":{\"@type\":\"PropertyValueSpecification\",\"valueRequired\":true,\"valueName\":\"search_term_string\"}}],\"inLanguage\":\"en-GB\"},{\"@type\":\"Organization\",\"@id\":\"https:\/\/nid.pl\/#organization\",\"name\":\"Narodowy Instytut Dziedzictwa\",\"url\":\"https:\/\/nid.pl\/\",\"logo\":{\"@type\":\"ImageObject\",\"inLanguage\":\"en-GB\",\"@id\":\"https:\/\/nid.pl\/#\/schema\/logo\/image\/\",\"url\":\"https:\/\/nid.pl\/wp-content\/uploads\/2022\/10\/logoRedDark.png\",\"contentUrl\":\"https:\/\/nid.pl\/wp-content\/uploads\/2022\/10\/logoRedDark.png\",\"width\":200,\"height\":197,\"caption\":\"Narodowy Instytut Dziedzictwa\"},\"image\":{\"@id\":\"https:\/\/nid.pl\/#\/schema\/logo\/image\/\"},\"sameAs\":[\"https:\/\/www.facebook.com\/zabytek\",\"https:\/\/x.com\/NarIDpl\",\"https:\/\/www.instagram.com\/nid.pl\/?hl=pl\",\"https:\/\/www.linkedin.com\/company\/narodowy-instytut-dziedzictwa\",\"https:\/\/www.youtube.com\/channel\/UCQXuhKa2uHtmNvLRUSx40JA\"]},{\"@type\":\"Person\",\"@id\":\"https:\/\/nid.pl\/#\/schema\/person\/ab9abea4caecdccde4fb0d555271145f\",\"name\":\"Monika Ciura\",\"image\":{\"@type\":\"ImageObject\",\"inLanguage\":\"en-GB\",\"@id\":\"https:\/\/nid.pl\/#\/schema\/person\/image\/\",\"url\":\"https:\/\/nid.pl\/wp-content\/litespeed\/avatar\/bfdb15d1cc317fac4b66bdc91090ff11.jpg?ver=1776840533\",\"contentUrl\":\"https:\/\/nid.pl\/wp-content\/litespeed\/avatar\/bfdb15d1cc317fac4b66bdc91090ff11.jpg?ver=1776840533\",\"caption\":\"Monika Ciura\"},\"url\":\"https:\/\/nid.pl\/en\/author\/mciura\/\"}]}<\/script>\n<!-- \/ Yoast SEO plugin. -->","yoast_head_json":{"title":"131. pomnik historii - Sanktuarium Matki Bo\u017cej Rokitnia\u0144skiej w Rokitnie\u00a0 - NID","robots":{"index":"index","follow":"follow","max-snippet":"max-snippet:-1","max-image-preview":"max-image-preview:large","max-video-preview":"max-video-preview:-1"},"canonical":"https:\/\/nid.pl\/en\/2024\/11\/28\/131-pomnik-historii-sanktuarium-matki-bozej-rokitnianskiej-w-rokitnie\/","og_locale":"en_GB","og_type":"article","og_title":"131. pomnik historii - Sanktuarium Matki Bo\u017cej Rokitnia\u0144skiej w Rokitnie\u00a0 - NID","og_description":"Sanktuarium Matki Bo\u017cej Rokitnia\u0144skiej zosta\u0142o uznane za pomnik historii na mocy rozporz\u0105dzenia Prezydenta Rzeczpospolitej Polskiej z dnia 20 listopada 2024 roku, kt\u00f3re wesz\u0142o w \u017cycie 27 listopada. Barokowy ko\u015bci\u00f3\u0142 z [&hellip;]","og_url":"https:\/\/nid.pl\/en\/2024\/11\/28\/131-pomnik-historii-sanktuarium-matki-bozej-rokitnianskiej-w-rokitnie\/","og_site_name":"NID","article_publisher":"https:\/\/www.facebook.com\/zabytek","article_published_time":"2024-11-28T13:05:28+00:00","article_modified_time":"2024-11-28T13:39:28+00:00","og_image":[{"width":1857,"height":1238,"url":"https:\/\/nid.pl\/wp-content\/uploads\/2024\/11\/rokitno-nowy-pomnik-historii.jpg","type":"image\/jpeg"}],"author":"Monika Ciura","twitter_card":"summary_large_image","twitter_creator":"@NarIDpl","twitter_site":"@NarIDpl","twitter_misc":{"Written by":"Monika Ciura","Estimated reading time":"5 minutes"},"schema":{"@context":"https:\/\/schema.org","@graph":[{"@type":"Article","@id":"https:\/\/nid.pl\/2024\/11\/28\/131-pomnik-historii-sanktuarium-matki-bozej-rokitnianskiej-w-rokitnie\/#article","isPartOf":{"@id":"https:\/\/nid.pl\/2024\/11\/28\/131-pomnik-historii-sanktuarium-matki-bozej-rokitnianskiej-w-rokitnie\/"},"author":{"name":"Monika Ciura","@id":"https:\/\/nid.pl\/#\/schema\/person\/ab9abea4caecdccde4fb0d555271145f"},"headline":"131. pomnik historii &#8211; Sanktuarium Matki Bo\u017cej Rokitnia\u0144skiej w Rokitnie\u00a0","datePublished":"2024-11-28T13:05:28+00:00","dateModified":"2024-11-28T13:39:28+00:00","mainEntityOfPage":{"@id":"https:\/\/nid.pl\/2024\/11\/28\/131-pomnik-historii-sanktuarium-matki-bozej-rokitnianskiej-w-rokitnie\/"},"wordCount":727,"publisher":{"@id":"https:\/\/nid.pl\/#organization"},"image":{"@id":"https:\/\/nid.pl\/2024\/11\/28\/131-pomnik-historii-sanktuarium-matki-bozej-rokitnianskiej-w-rokitnie\/#primaryimage"},"thumbnailUrl":"https:\/\/nid.pl\/wp-content\/uploads\/2024\/11\/rokitno-nowy-pomnik-historii.jpg","articleSection":["Aktualno\u015bci","Pomniki historii"],"inLanguage":"en-GB"},{"@type":"WebPage","@id":"https:\/\/nid.pl\/2024\/11\/28\/131-pomnik-historii-sanktuarium-matki-bozej-rokitnianskiej-w-rokitnie\/","url":"https:\/\/nid.pl\/2024\/11\/28\/131-pomnik-historii-sanktuarium-matki-bozej-rokitnianskiej-w-rokitnie\/","name":"131. pomnik historii - Sanktuarium Matki Bo\u017cej Rokitnia\u0144skiej w Rokitnie\u00a0 - NID","isPartOf":{"@id":"https:\/\/nid.pl\/#website"},"primaryImageOfPage":{"@id":"https:\/\/nid.pl\/2024\/11\/28\/131-pomnik-historii-sanktuarium-matki-bozej-rokitnianskiej-w-rokitnie\/#primaryimage"},"image":{"@id":"https:\/\/nid.pl\/2024\/11\/28\/131-pomnik-historii-sanktuarium-matki-bozej-rokitnianskiej-w-rokitnie\/#primaryimage"},"thumbnailUrl":"https:\/\/nid.pl\/wp-content\/uploads\/2024\/11\/rokitno-nowy-pomnik-historii.jpg","datePublished":"2024-11-28T13:05:28+00:00","dateModified":"2024-11-28T13:39:28+00:00","breadcrumb":{"@id":"https:\/\/nid.pl\/2024\/11\/28\/131-pomnik-historii-sanktuarium-matki-bozej-rokitnianskiej-w-rokitnie\/#breadcrumb"},"inLanguage":"en-GB","potentialAction":[{"@type":"ReadAction","target":["https:\/\/nid.pl\/2024\/11\/28\/131-pomnik-historii-sanktuarium-matki-bozej-rokitnianskiej-w-rokitnie\/"]}]},{"@type":"ImageObject","inLanguage":"en-GB","@id":"https:\/\/nid.pl\/2024\/11\/28\/131-pomnik-historii-sanktuarium-matki-bozej-rokitnianskiej-w-rokitnie\/#primaryimage","url":"https:\/\/nid.pl\/wp-content\/uploads\/2024\/11\/rokitno-nowy-pomnik-historii.jpg","contentUrl":"https:\/\/nid.pl\/wp-content\/uploads\/2024\/11\/rokitno-nowy-pomnik-historii.jpg","width":1857,"height":1238,"caption":"Rokitno, sanktuarium Matki Bo\u017cej Rokitnia\u0144skiej, widok od strony po\u0142udniowej, Fot. Maciej Jab\u0142o\u0144ski F11"},{"@type":"BreadcrumbList","@id":"https:\/\/nid.pl\/2024\/11\/28\/131-pomnik-historii-sanktuarium-matki-bozej-rokitnianskiej-w-rokitnie\/#breadcrumb","itemListElement":[{"@type":"ListItem","position":1,"name":"Home","item":"https:\/\/nid.pl\/"},{"@type":"ListItem","position":2,"name":"131. pomnik historii &#8211; Sanktuarium Matki Bo\u017cej Rokitnia\u0144skiej w Rokitnie\u00a0"}]},{"@type":"WebSite","@id":"https:\/\/nid.pl\/#website","url":"https:\/\/nid.pl\/","name":"NID","description":"Narodowy Instytut Dziedzictwa","publisher":{"@id":"https:\/\/nid.pl\/#organization"},"potentialAction":[{"@type":"SearchAction","target":{"@type":"EntryPoint","urlTemplate":"https:\/\/nid.pl\/?s={search_term_string}"},"query-input":{"@type":"PropertyValueSpecification","valueRequired":true,"valueName":"search_term_string"}}],"inLanguage":"en-GB"},{"@type":"Organization","@id":"https:\/\/nid.pl\/#organization","name":"Narodowy Instytut Dziedzictwa","url":"https:\/\/nid.pl\/","logo":{"@type":"ImageObject","inLanguage":"en-GB","@id":"https:\/\/nid.pl\/#\/schema\/logo\/image\/","url":"https:\/\/nid.pl\/wp-content\/uploads\/2022\/10\/logoRedDark.png","contentUrl":"https:\/\/nid.pl\/wp-content\/uploads\/2022\/10\/logoRedDark.png","width":200,"height":197,"caption":"Narodowy Instytut Dziedzictwa"},"image":{"@id":"https:\/\/nid.pl\/#\/schema\/logo\/image\/"},"sameAs":["https:\/\/www.facebook.com\/zabytek","https:\/\/x.com\/NarIDpl","https:\/\/www.instagram.com\/nid.pl\/?hl=pl","https:\/\/www.linkedin.com\/company\/narodowy-instytut-dziedzictwa","https:\/\/www.youtube.com\/channel\/UCQXuhKa2uHtmNvLRUSx40JA"]},{"@type":"Person","@id":"https:\/\/nid.pl\/#\/schema\/person\/ab9abea4caecdccde4fb0d555271145f","name":"Monika Ciura","image":{"@type":"ImageObject","inLanguage":"en-GB","@id":"https:\/\/nid.pl\/#\/schema\/person\/image\/","url":"https:\/\/nid.pl\/wp-content\/litespeed\/avatar\/bfdb15d1cc317fac4b66bdc91090ff11.jpg?ver=1776840533","contentUrl":"https:\/\/nid.pl\/wp-content\/litespeed\/avatar\/bfdb15d1cc317fac4b66bdc91090ff11.jpg?ver=1776840533","caption":"Monika Ciura"},"url":"https:\/\/nid.pl\/en\/author\/mciura\/"}]}},"_links":{"self":[{"href":"https:\/\/nid.pl\/en\/wp-json\/wp\/v2\/posts\/24141","targetHints":{"allow":["GET"]}}],"collection":[{"href":"https:\/\/nid.pl\/en\/wp-json\/wp\/v2\/posts"}],"about":[{"href":"https:\/\/nid.pl\/en\/wp-json\/wp\/v2\/types\/post"}],"author":[{"embeddable":true,"href":"https:\/\/nid.pl\/en\/wp-json\/wp\/v2\/users\/15"}],"replies":[{"embeddable":true,"href":"https:\/\/nid.pl\/en\/wp-json\/wp\/v2\/comments?post=24141"}],"version-history":[{"count":0,"href":"https:\/\/nid.pl\/en\/wp-json\/wp\/v2\/posts\/24141\/revisions"}],"wp:featuredmedia":[{"embeddable":true,"href":"https:\/\/nid.pl\/en\/wp-json\/wp\/v2\/media\/24149"}],"wp:attachment":[{"href":"https:\/\/nid.pl\/en\/wp-json\/wp\/v2\/media?parent=24141"}],"wp:term":[{"taxonomy":"category","embeddable":true,"href":"https:\/\/nid.pl\/en\/wp-json\/wp\/v2\/categories?post=24141"},{"taxonomy":"post_tag","embeddable":true,"href":"https:\/\/nid.pl\/en\/wp-json\/wp\/v2\/tags?post=24141"}],"curies":[{"name":"wp","href":"https:\/\/api.w.org\/{rel}","templated":true}]}}