{"id":24070,"date":"2024-11-22T14:56:26","date_gmt":"2024-11-22T13:56:26","guid":{"rendered":"https:\/\/nid.pl\/?p=24070"},"modified":"2024-11-26T10:32:37","modified_gmt":"2024-11-26T09:32:37","slug":"webinarium-program-mkidn-oza-2025","status":"publish","type":"post","link":"https:\/\/nid.pl\/en\/2024\/11\/22\/webinarium-program-mkidn-oza-2025\/","title":{"rendered":"Webinarium dotycz\u0105ce programu MKiDN \u201eOchrona zabytk\u00f3w archeologicznych\u201d\u00a0"},"content":{"rendered":"<p class=\"has-medium-font-size\"><strong>Zapraszamy do uczestnictwa w webinarium, kt\u00f3re&nbsp;dotyczy\u0107 b\u0119dzie naboru wniosk\u00f3w do programu Ministra Kultury i Dziedzictwa Narodowego \u201eOchrona zabytk\u00f3w archeologicznych\u201d na 2025 rok. Spotkanie odb\u0119dzie si\u0119 28 listopada o godz. 14.00 na platformie Teams.<\/strong><\/p>\n\n\n\n<p><strong>Podczas webinarium:<\/strong>&nbsp;<\/p>\n\n\n\n<ul class=\"wp-block-list\">\n<li>przedstawimy za\u0142o\u017cenia i cele programu oraz struktur\u0119 wniosku o dofinansowanie;&nbsp;<\/li>\n\n\n\n<li>om\u00f3wimy rodzaje dzia\u0142a\u0144, kt\u00f3re mog\u0105 by\u0107 dofinansowane w ramach programu;<\/li>\n\n\n\n<li>wska\u017cemy istotne kwestie dla prawid\u0142owo\u015bci formalnej wniosku;<\/li>\n\n\n\n<li>powiemy o czym pami\u0119ta\u0107, planuj\u0105c zadania w ramach programu;&nbsp;<\/li>\n\n\n\n<li>odpowiemy na nurtuj\u0105ce pytania.&nbsp;<\/li>\n<\/ul>\n\n\n\n<p><strong>Kiedy?<\/strong>&nbsp;28 listopada 2024 r. godz. 14.00 &#8211; 15.30&nbsp;<br><strong>Link do rejestracji<\/strong>:&nbsp;<a href=\"https:\/\/events.teams.microsoft.com\/event\/d81e2e87-e506-4fa4-a815-744f4d618f65@263a2be6-39c0-4c4d-9b57-59437c69146e\" target=\"_blank\" rel=\"noreferrer noopener\">&lt;tutaj&gt;<\/a><\/p>\n\n\n\n<p>Webinarium odb\u0119dzie si\u0119 na platformie Teams. Spotkanie ma charakter otwarty i bezp\u0142atny, obowi\u0105zuje wcze\u015bniejsza rejestracja.&nbsp;<\/p>\n\n\n\n<p>G\u0142\u00f3wnym celem programu <strong>\u201eOchrona zabytk\u00f3w archeologicznych\u201d<\/strong>&nbsp;jest rozw\u00f3j bada\u0144 archeologicznych. Ze wsparciem MKiDN mog\u0105 by\u0107 realizowane poni\u017csze rodzaje projekt\u00f3w. &nbsp;&nbsp;<\/p>\n\n\n\n<ol start=\"1\" class=\"wp-block-list\">\n<li>Rozpoznanie i dokumentacja nieruchomych zabytk\u00f3w archeologicznych,&nbsp;prowadzone przede wszystkim metodami niedestrukcyjnymi, s\u0142u\u017c\u0105cymi poprawie ochrony konserwatorskiej zabytku poprzez przygotowanie dokumentacji s\u0142u\u017c\u0105cej do rozpocz\u0119cia procedury wpisu stanowiska do rejestru zabytk\u00f3w b\u0105d\u017a zmiany zakresu ochrony.&nbsp;&nbsp;<\/li>\n\n\n\n<li>Opracowanie wraz z obowi\u0105zkow\u0105 publikacj\u0105 ksi\u0105\u017ckow\u0105 (tradycyjn\u0105), wynik\u00f3w przeprowadzonych bada\u0144 archeologicznych.&nbsp;&nbsp;<\/li>\n<\/ol>\n\n\n\n<p>Nab\u00f3r wniosk\u00f3w do programu zosta\u0142 og\u0142oszony 14 listopada br. i b\u0119dzie prowadzony&nbsp;<strong>do 16 grudnia 2024 r. <\/strong>&#8211; wi\u0119cej informacji o naborze znajduje si\u0119 <a href=\"https:\/\/nid.pl\/en\/2024\/11\/15\/ruszyl-nabor-do-programu-oza-2025\/\" target=\"_blank\" rel=\"noreferrer noopener\"><strong>tutaj.<\/strong><\/a>&nbsp;<\/p>\n\n\n\n<p><\/p>","protected":false},"excerpt":{"rendered":"<p>Zapraszamy do uczestnictwa w webinarium, kt\u00f3re&nbsp;dotyczy\u0107 b\u0119dzie naboru wniosk\u00f3w do programu Ministra Kultury i Dziedzictwa Narodowego \u201eOchrona zabytk\u00f3w archeologicznych\u201d na 2025 rok. Spotkanie odb\u0119dzie si\u0119 28 listopada o godz. 14.00 [&hellip;]<\/p>","protected":false},"author":7,"featured_media":24071,"comment_status":"closed","ping_status":"closed","sticky":false,"template":"","format":"standard","meta":{"_et_pb_use_builder":"off","_et_pb_old_content":"","_et_gb_content_width":"","_monsterinsights_skip_tracking":false,"_monsterinsights_sitenote_active":false,"_monsterinsights_sitenote_note":"","_monsterinsights_sitenote_category":0,"footnotes":""},"categories":[3,37],"tags":[],"class_list":["post-24070","post","type-post","status-publish","format-standard","has-post-thumbnail","hentry","category-aktualnosci","category-ochrona-zabytkow-archeologicznych"],"yoast_head":"<!-- This site is optimized with the Yoast SEO plugin v26.5 - https:\/\/yoast.com\/wordpress\/plugins\/seo\/ -->\n<title>Webinarium dotycz\u0105ce programu MKiDN \u201eOchrona zabytk\u00f3w archeologicznych\u201d\u00a0 - NID<\/title>\n<meta name=\"robots\" content=\"index, follow, max-snippet:-1, max-image-preview:large, max-video-preview:-1\" \/>\n<link rel=\"canonical\" href=\"https:\/\/nid.pl\/en\/2024\/11\/22\/webinarium-program-mkidn-oza-2025\/\" \/>\n<meta property=\"og:locale\" content=\"en_GB\" \/>\n<meta property=\"og:type\" content=\"article\" \/>\n<meta property=\"og:title\" content=\"Webinarium dotycz\u0105ce programu MKiDN \u201eOchrona zabytk\u00f3w archeologicznych\u201d\u00a0 - NID\" \/>\n<meta property=\"og:description\" content=\"Zapraszamy do uczestnictwa w webinarium, kt\u00f3re&nbsp;dotyczy\u0107 b\u0119dzie naboru wniosk\u00f3w do programu Ministra Kultury i Dziedzictwa Narodowego \u201eOchrona zabytk\u00f3w archeologicznych\u201d na 2025 rok. Spotkanie odb\u0119dzie si\u0119 28 listopada o godz. 14.00 [&hellip;]\" \/>\n<meta property=\"og:url\" content=\"https:\/\/nid.pl\/en\/2024\/11\/22\/webinarium-program-mkidn-oza-2025\/\" \/>\n<meta property=\"og:site_name\" content=\"NID\" \/>\n<meta property=\"article:publisher\" content=\"https:\/\/www.facebook.com\/zabytek\" \/>\n<meta property=\"article:published_time\" content=\"2024-11-22T13:56:26+00:00\" \/>\n<meta property=\"article:modified_time\" content=\"2024-11-26T09:32:37+00:00\" \/>\n<meta property=\"og:image\" content=\"https:\/\/nid.pl\/wp-content\/uploads\/2024\/11\/Ochrona-zabytkow-archeologicznych-1.jpg\" \/>\n\t<meta property=\"og:image:width\" content=\"1850\" \/>\n\t<meta property=\"og:image:height\" content=\"1238\" \/>\n\t<meta property=\"og:image:type\" content=\"image\/jpeg\" \/>\n<meta name=\"author\" content=\"Barbara Halliop\" \/>\n<meta name=\"twitter:card\" content=\"summary_large_image\" \/>\n<meta name=\"twitter:creator\" content=\"@NarIDpl\" \/>\n<meta name=\"twitter:site\" content=\"@NarIDpl\" \/>\n<meta name=\"twitter:label1\" content=\"Written by\" \/>\n\t<meta name=\"twitter:data1\" content=\"Barbara Halliop\" \/>\n\t<meta name=\"twitter:label2\" content=\"Estimated reading time\" \/>\n\t<meta name=\"twitter:data2\" content=\"2 minutes\" \/>\n<script type=\"application\/ld+json\" class=\"yoast-schema-graph\">{\"@context\":\"https:\/\/schema.org\",\"@graph\":[{\"@type\":\"Article\",\"@id\":\"https:\/\/nid.pl\/2024\/11\/22\/webinarium-program-mkidn-oza-2025\/#article\",\"isPartOf\":{\"@id\":\"https:\/\/nid.pl\/2024\/11\/22\/webinarium-program-mkidn-oza-2025\/\"},\"author\":{\"name\":\"Barbara Halliop\",\"@id\":\"https:\/\/nid.pl\/#\/schema\/person\/1b690a8998a5111cfb9f0ffe24195a15\"},\"headline\":\"Webinarium dotycz\u0105ce programu MKiDN \u201eOchrona zabytk\u00f3w archeologicznych\u201d\u00a0\",\"datePublished\":\"2024-11-22T13:56:26+00:00\",\"dateModified\":\"2024-11-26T09:32:37+00:00\",\"mainEntityOfPage\":{\"@id\":\"https:\/\/nid.pl\/2024\/11\/22\/webinarium-program-mkidn-oza-2025\/\"},\"wordCount\":252,\"publisher\":{\"@id\":\"https:\/\/nid.pl\/#organization\"},\"image\":{\"@id\":\"https:\/\/nid.pl\/2024\/11\/22\/webinarium-program-mkidn-oza-2025\/#primaryimage\"},\"thumbnailUrl\":\"https:\/\/nid.pl\/wp-content\/uploads\/2024\/11\/Ochrona-zabytkow-archeologicznych-1.jpg\",\"articleSection\":[\"Aktualno\u015bci\",\"Ochrona zabytk\u00f3w archeologicznych\"],\"inLanguage\":\"en-GB\"},{\"@type\":\"WebPage\",\"@id\":\"https:\/\/nid.pl\/2024\/11\/22\/webinarium-program-mkidn-oza-2025\/\",\"url\":\"https:\/\/nid.pl\/2024\/11\/22\/webinarium-program-mkidn-oza-2025\/\",\"name\":\"Webinarium dotycz\u0105ce programu MKiDN \u201eOchrona zabytk\u00f3w archeologicznych\u201d\u00a0 - NID\",\"isPartOf\":{\"@id\":\"https:\/\/nid.pl\/#website\"},\"primaryImageOfPage\":{\"@id\":\"https:\/\/nid.pl\/2024\/11\/22\/webinarium-program-mkidn-oza-2025\/#primaryimage\"},\"image\":{\"@id\":\"https:\/\/nid.pl\/2024\/11\/22\/webinarium-program-mkidn-oza-2025\/#primaryimage\"},\"thumbnailUrl\":\"https:\/\/nid.pl\/wp-content\/uploads\/2024\/11\/Ochrona-zabytkow-archeologicznych-1.jpg\",\"datePublished\":\"2024-11-22T13:56:26+00:00\",\"dateModified\":\"2024-11-26T09:32:37+00:00\",\"breadcrumb\":{\"@id\":\"https:\/\/nid.pl\/2024\/11\/22\/webinarium-program-mkidn-oza-2025\/#breadcrumb\"},\"inLanguage\":\"en-GB\",\"potentialAction\":[{\"@type\":\"ReadAction\",\"target\":[\"https:\/\/nid.pl\/2024\/11\/22\/webinarium-program-mkidn-oza-2025\/\"]}]},{\"@type\":\"ImageObject\",\"inLanguage\":\"en-GB\",\"@id\":\"https:\/\/nid.pl\/2024\/11\/22\/webinarium-program-mkidn-oza-2025\/#primaryimage\",\"url\":\"https:\/\/nid.pl\/wp-content\/uploads\/2024\/11\/Ochrona-zabytkow-archeologicznych-1.jpg\",\"contentUrl\":\"https:\/\/nid.pl\/wp-content\/uploads\/2024\/11\/Ochrona-zabytkow-archeologicznych-1.jpg\",\"width\":1850,\"height\":1238,\"caption\":\"Ochrona zabytk\u00f3w archeologicznych\"},{\"@type\":\"BreadcrumbList\",\"@id\":\"https:\/\/nid.pl\/2024\/11\/22\/webinarium-program-mkidn-oza-2025\/#breadcrumb\",\"itemListElement\":[{\"@type\":\"ListItem\",\"position\":1,\"name\":\"Home\",\"item\":\"https:\/\/nid.pl\/\"},{\"@type\":\"ListItem\",\"position\":2,\"name\":\"Webinarium dotycz\u0105ce programu MKiDN \u201eOchrona zabytk\u00f3w archeologicznych\u201d\u00a0\"}]},{\"@type\":\"WebSite\",\"@id\":\"https:\/\/nid.pl\/#website\",\"url\":\"https:\/\/nid.pl\/\",\"name\":\"NID\",\"description\":\"Narodowy Instytut Dziedzictwa\",\"publisher\":{\"@id\":\"https:\/\/nid.pl\/#organization\"},\"potentialAction\":[{\"@type\":\"SearchAction\",\"target\":{\"@type\":\"EntryPoint\",\"urlTemplate\":\"https:\/\/nid.pl\/?s={search_term_string}\"},\"query-input\":{\"@type\":\"PropertyValueSpecification\",\"valueRequired\":true,\"valueName\":\"search_term_string\"}}],\"inLanguage\":\"en-GB\"},{\"@type\":\"Organization\",\"@id\":\"https:\/\/nid.pl\/#organization\",\"name\":\"Narodowy Instytut Dziedzictwa\",\"url\":\"https:\/\/nid.pl\/\",\"logo\":{\"@type\":\"ImageObject\",\"inLanguage\":\"en-GB\",\"@id\":\"https:\/\/nid.pl\/#\/schema\/logo\/image\/\",\"url\":\"https:\/\/nid.pl\/wp-content\/uploads\/2022\/10\/logoRedDark.png\",\"contentUrl\":\"https:\/\/nid.pl\/wp-content\/uploads\/2022\/10\/logoRedDark.png\",\"width\":200,\"height\":197,\"caption\":\"Narodowy Instytut Dziedzictwa\"},\"image\":{\"@id\":\"https:\/\/nid.pl\/#\/schema\/logo\/image\/\"},\"sameAs\":[\"https:\/\/www.facebook.com\/zabytek\",\"https:\/\/x.com\/NarIDpl\",\"https:\/\/www.instagram.com\/nid.pl\/?hl=pl\",\"https:\/\/www.linkedin.com\/company\/narodowy-instytut-dziedzictwa\",\"https:\/\/www.youtube.com\/channel\/UCQXuhKa2uHtmNvLRUSx40JA\"]},{\"@type\":\"Person\",\"@id\":\"https:\/\/nid.pl\/#\/schema\/person\/1b690a8998a5111cfb9f0ffe24195a15\",\"name\":\"Barbara Halliop\",\"image\":{\"@type\":\"ImageObject\",\"inLanguage\":\"en-GB\",\"@id\":\"https:\/\/nid.pl\/#\/schema\/person\/image\/\",\"url\":\"https:\/\/nid.pl\/wp-content\/litespeed\/avatar\/924046d17dd0c842c9fa9ccf489bc6dc.jpg?ver=1776840122\",\"contentUrl\":\"https:\/\/nid.pl\/wp-content\/litespeed\/avatar\/924046d17dd0c842c9fa9ccf489bc6dc.jpg?ver=1776840122\",\"caption\":\"Barbara Halliop\"},\"url\":\"https:\/\/nid.pl\/en\/author\/bhalliop\/\"}]}<\/script>\n<!-- \/ Yoast SEO plugin. -->","yoast_head_json":{"title":"Webinarium dotycz\u0105ce programu MKiDN \u201eOchrona zabytk\u00f3w archeologicznych\u201d\u00a0 - NID","robots":{"index":"index","follow":"follow","max-snippet":"max-snippet:-1","max-image-preview":"max-image-preview:large","max-video-preview":"max-video-preview:-1"},"canonical":"https:\/\/nid.pl\/en\/2024\/11\/22\/webinarium-program-mkidn-oza-2025\/","og_locale":"en_GB","og_type":"article","og_title":"Webinarium dotycz\u0105ce programu MKiDN \u201eOchrona zabytk\u00f3w archeologicznych\u201d\u00a0 - NID","og_description":"Zapraszamy do uczestnictwa w webinarium, kt\u00f3re&nbsp;dotyczy\u0107 b\u0119dzie naboru wniosk\u00f3w do programu Ministra Kultury i Dziedzictwa Narodowego \u201eOchrona zabytk\u00f3w archeologicznych\u201d na 2025 rok. Spotkanie odb\u0119dzie si\u0119 28 listopada o godz. 14.00 [&hellip;]","og_url":"https:\/\/nid.pl\/en\/2024\/11\/22\/webinarium-program-mkidn-oza-2025\/","og_site_name":"NID","article_publisher":"https:\/\/www.facebook.com\/zabytek","article_published_time":"2024-11-22T13:56:26+00:00","article_modified_time":"2024-11-26T09:32:37+00:00","og_image":[{"width":1850,"height":1238,"url":"https:\/\/nid.pl\/wp-content\/uploads\/2024\/11\/Ochrona-zabytkow-archeologicznych-1.jpg","type":"image\/jpeg"}],"author":"Barbara Halliop","twitter_card":"summary_large_image","twitter_creator":"@NarIDpl","twitter_site":"@NarIDpl","twitter_misc":{"Written by":"Barbara Halliop","Estimated reading time":"2 minutes"},"schema":{"@context":"https:\/\/schema.org","@graph":[{"@type":"Article","@id":"https:\/\/nid.pl\/2024\/11\/22\/webinarium-program-mkidn-oza-2025\/#article","isPartOf":{"@id":"https:\/\/nid.pl\/2024\/11\/22\/webinarium-program-mkidn-oza-2025\/"},"author":{"name":"Barbara Halliop","@id":"https:\/\/nid.pl\/#\/schema\/person\/1b690a8998a5111cfb9f0ffe24195a15"},"headline":"Webinarium dotycz\u0105ce programu MKiDN \u201eOchrona zabytk\u00f3w archeologicznych\u201d\u00a0","datePublished":"2024-11-22T13:56:26+00:00","dateModified":"2024-11-26T09:32:37+00:00","mainEntityOfPage":{"@id":"https:\/\/nid.pl\/2024\/11\/22\/webinarium-program-mkidn-oza-2025\/"},"wordCount":252,"publisher":{"@id":"https:\/\/nid.pl\/#organization"},"image":{"@id":"https:\/\/nid.pl\/2024\/11\/22\/webinarium-program-mkidn-oza-2025\/#primaryimage"},"thumbnailUrl":"https:\/\/nid.pl\/wp-content\/uploads\/2024\/11\/Ochrona-zabytkow-archeologicznych-1.jpg","articleSection":["Aktualno\u015bci","Ochrona zabytk\u00f3w archeologicznych"],"inLanguage":"en-GB"},{"@type":"WebPage","@id":"https:\/\/nid.pl\/2024\/11\/22\/webinarium-program-mkidn-oza-2025\/","url":"https:\/\/nid.pl\/2024\/11\/22\/webinarium-program-mkidn-oza-2025\/","name":"Webinarium dotycz\u0105ce programu MKiDN \u201eOchrona zabytk\u00f3w archeologicznych\u201d\u00a0 - NID","isPartOf":{"@id":"https:\/\/nid.pl\/#website"},"primaryImageOfPage":{"@id":"https:\/\/nid.pl\/2024\/11\/22\/webinarium-program-mkidn-oza-2025\/#primaryimage"},"image":{"@id":"https:\/\/nid.pl\/2024\/11\/22\/webinarium-program-mkidn-oza-2025\/#primaryimage"},"thumbnailUrl":"https:\/\/nid.pl\/wp-content\/uploads\/2024\/11\/Ochrona-zabytkow-archeologicznych-1.jpg","datePublished":"2024-11-22T13:56:26+00:00","dateModified":"2024-11-26T09:32:37+00:00","breadcrumb":{"@id":"https:\/\/nid.pl\/2024\/11\/22\/webinarium-program-mkidn-oza-2025\/#breadcrumb"},"inLanguage":"en-GB","potentialAction":[{"@type":"ReadAction","target":["https:\/\/nid.pl\/2024\/11\/22\/webinarium-program-mkidn-oza-2025\/"]}]},{"@type":"ImageObject","inLanguage":"en-GB","@id":"https:\/\/nid.pl\/2024\/11\/22\/webinarium-program-mkidn-oza-2025\/#primaryimage","url":"https:\/\/nid.pl\/wp-content\/uploads\/2024\/11\/Ochrona-zabytkow-archeologicznych-1.jpg","contentUrl":"https:\/\/nid.pl\/wp-content\/uploads\/2024\/11\/Ochrona-zabytkow-archeologicznych-1.jpg","width":1850,"height":1238,"caption":"Ochrona zabytk\u00f3w archeologicznych"},{"@type":"BreadcrumbList","@id":"https:\/\/nid.pl\/2024\/11\/22\/webinarium-program-mkidn-oza-2025\/#breadcrumb","itemListElement":[{"@type":"ListItem","position":1,"name":"Home","item":"https:\/\/nid.pl\/"},{"@type":"ListItem","position":2,"name":"Webinarium dotycz\u0105ce programu MKiDN \u201eOchrona zabytk\u00f3w archeologicznych\u201d\u00a0"}]},{"@type":"WebSite","@id":"https:\/\/nid.pl\/#website","url":"https:\/\/nid.pl\/","name":"NID","description":"Narodowy Instytut Dziedzictwa","publisher":{"@id":"https:\/\/nid.pl\/#organization"},"potentialAction":[{"@type":"SearchAction","target":{"@type":"EntryPoint","urlTemplate":"https:\/\/nid.pl\/?s={search_term_string}"},"query-input":{"@type":"PropertyValueSpecification","valueRequired":true,"valueName":"search_term_string"}}],"inLanguage":"en-GB"},{"@type":"Organization","@id":"https:\/\/nid.pl\/#organization","name":"Narodowy Instytut Dziedzictwa","url":"https:\/\/nid.pl\/","logo":{"@type":"ImageObject","inLanguage":"en-GB","@id":"https:\/\/nid.pl\/#\/schema\/logo\/image\/","url":"https:\/\/nid.pl\/wp-content\/uploads\/2022\/10\/logoRedDark.png","contentUrl":"https:\/\/nid.pl\/wp-content\/uploads\/2022\/10\/logoRedDark.png","width":200,"height":197,"caption":"Narodowy Instytut Dziedzictwa"},"image":{"@id":"https:\/\/nid.pl\/#\/schema\/logo\/image\/"},"sameAs":["https:\/\/www.facebook.com\/zabytek","https:\/\/x.com\/NarIDpl","https:\/\/www.instagram.com\/nid.pl\/?hl=pl","https:\/\/www.linkedin.com\/company\/narodowy-instytut-dziedzictwa","https:\/\/www.youtube.com\/channel\/UCQXuhKa2uHtmNvLRUSx40JA"]},{"@type":"Person","@id":"https:\/\/nid.pl\/#\/schema\/person\/1b690a8998a5111cfb9f0ffe24195a15","name":"Barbara Halliop","image":{"@type":"ImageObject","inLanguage":"en-GB","@id":"https:\/\/nid.pl\/#\/schema\/person\/image\/","url":"https:\/\/nid.pl\/wp-content\/litespeed\/avatar\/924046d17dd0c842c9fa9ccf489bc6dc.jpg?ver=1776840122","contentUrl":"https:\/\/nid.pl\/wp-content\/litespeed\/avatar\/924046d17dd0c842c9fa9ccf489bc6dc.jpg?ver=1776840122","caption":"Barbara Halliop"},"url":"https:\/\/nid.pl\/en\/author\/bhalliop\/"}]}},"_links":{"self":[{"href":"https:\/\/nid.pl\/en\/wp-json\/wp\/v2\/posts\/24070","targetHints":{"allow":["GET"]}}],"collection":[{"href":"https:\/\/nid.pl\/en\/wp-json\/wp\/v2\/posts"}],"about":[{"href":"https:\/\/nid.pl\/en\/wp-json\/wp\/v2\/types\/post"}],"author":[{"embeddable":true,"href":"https:\/\/nid.pl\/en\/wp-json\/wp\/v2\/users\/7"}],"replies":[{"embeddable":true,"href":"https:\/\/nid.pl\/en\/wp-json\/wp\/v2\/comments?post=24070"}],"version-history":[{"count":0,"href":"https:\/\/nid.pl\/en\/wp-json\/wp\/v2\/posts\/24070\/revisions"}],"wp:featuredmedia":[{"embeddable":true,"href":"https:\/\/nid.pl\/en\/wp-json\/wp\/v2\/media\/24071"}],"wp:attachment":[{"href":"https:\/\/nid.pl\/en\/wp-json\/wp\/v2\/media?parent=24070"}],"wp:term":[{"taxonomy":"category","embeddable":true,"href":"https:\/\/nid.pl\/en\/wp-json\/wp\/v2\/categories?post=24070"},{"taxonomy":"post_tag","embeddable":true,"href":"https:\/\/nid.pl\/en\/wp-json\/wp\/v2\/tags?post=24070"}],"curies":[{"name":"wp","href":"https:\/\/api.w.org\/{rel}","templated":true}]}}