{"id":24008,"date":"2024-11-19T16:15:18","date_gmt":"2024-11-19T15:15:18","guid":{"rendered":"https:\/\/nid.pl\/?p=24008"},"modified":"2024-11-20T11:12:51","modified_gmt":"2024-11-20T10:12:51","slug":"miedzyrzecz-zamek-piastowski-ph","status":"publish","type":"post","link":"https:\/\/nid.pl\/en\/2024\/11\/19\/miedzyrzecz-zamek-piastowski-ph\/","title":{"rendered":"Mi\u0119dzyrzecz \u2013 zamek piastowski z zespo\u0142em dworsko-parkowym 130. pomnikiem historii"},"content":{"rendered":"<p class=\"has-medium-font-size\"><strong>Rozporz\u0105dzeniem Prezydenta Rzeczpospolitej Polskiej, na wniosek Ministra Kultury i Dziedzictwa Narodowego, zamek piastowski z zespo\u0142em dworsko-parkowym w Mi\u0119dzyrzeczu zosta\u0142 uznany za pomnik historii. Na presti\u017cowej li\u015bcie najcenniejszych zabytk\u00f3w Polski znajduje si\u0119 ju\u017c 130 obiekt\u00f3w i za\u0142o\u017ce\u0144 urbanistycznych. Rozporz\u0105dzenie z 13 listopada 2024 r. wesz\u0142o w \u017cycie dzisiaj.<\/strong><\/p>\n\n\n\n<p><\/p>\n\n\n\n<h5 class=\"wp-block-heading has-text-color has-link-color wp-elements-28b91bb2f32cfa443fd398f2fb63b3ec\" style=\"color:#727272\"><strong>Zamek piastowski<\/strong><\/h5>\n\n\n\n<p>Zamek piastowski w Mi\u0119dzyrzeczu wraz z towarzysz\u0105cym mu za\u0142o\u017ceniem dworsko-parkowym stanowi przyk\u0142ad dobrze zachowanego zespo\u0142u przestrzennego \u015bredniowiecznej twierdzy. Ze wzgl\u0119du na przygraniczne po\u0142o\u017cenie Mi\u0119dzyrzecza, jednego z najdalej na zach\u00f3d wysuni\u0119tych grod\u00f3w piastowskich, wzniesiony tu w XIV w.&nbsp; murowany zamek by\u0142 w kolejnych stuleciach miejscem licznych walk o utrzymanie zachodnich granic I Rzeczypospolitej. Teren zamku i jego podgrodzia by\u0142 tak\u017ce siedzib\u0105 regionalnej w\u0142adzy administracyjnej: kasztelanii, a nast\u0119pnie starostwa niegrodowego. Funkcj\u0119 starost\u00f3w mi\u0119dzyrzeckich piastowa\u0142y postaci wa\u017cne dla historii Polski, w tym hetmani wielcy koronni: Jan Zamoyski, Stanis\u0142aw \u017b\u00f3\u0142kiewski oraz Stanis\u0142aw Jab\u0142onowski. Podkre\u015bla to ponadregionalne znaczenie warowni w Mi\u0119dzyrzeczu w systemie obronnym I Rzeczypospolitej.<\/p>\n\n\n\n<p><\/p>\n\n\n\n<h5 class=\"wp-block-heading has-text-color has-link-color wp-elements-2f9e44d554df28bb30c1ddfd08842052\" style=\"color:#727272\"><strong>Zesp\u00f3\u0142 dworsko-parkowy<\/strong><\/h5>\n\n\n\n<p>Zabytkowy zesp\u00f3\u0142 sk\u0142ada si\u0119 z zamku usytuowanego na wyspie grodowej u uj\u015bcia rzeki Paklicy do rzeki Obry oraz nowo\u017cytnego za\u0142o\u017cenia dworu starost\u00f3w mi\u0119dzyrzeckich z parkiem na dawnym podgrodziu. Zamek wzniesiony zosta\u0142 za czas\u00f3w panowania kr\u00f3la Kazimierza Wielkiego, na miejscu wcze\u015bniejszego warownego grodu s\u0142owia\u0144skiego datowanego na IX\/X w.<\/p>\n\n\n\n<p><\/p>\n\n\n\n<h5 class=\"wp-block-heading has-text-color has-link-color wp-elements-4b7300f43ee47fbf475eaa2ec9f59d46\" style=\"color:#727272\"><strong>Historia<\/strong><\/h5>\n\n\n\n<p>Na istotn\u0105 rol\u0119 Mi\u0119dzyrzecza jako wa\u017cnego o\u015brodka wojskowego, administracyjnego i religijnego w pa\u0144stwie pierwszych Piast\u00f3w wskazuj\u0105 wzmianki w \u017ar\u00f3d\u0142ach historycznych. W \u017cywocie \u015bw. Wojciecha, tzw. <em>Pasji z Tegernsee<\/em> z pocz\u0105tku XI w. Mi\u0119dzyrzecz wskazany jest jako miejsce pierwszego na ziemiach polskich klasztoru benedyktyn\u00f3w. St\u0105d wywodzi\u0107 mia\u0142o si\u0119 Pi\u0119ciu Braci M\u0119czennik\u00f3w, mnich\u00f3w benedykty\u0144skich zamordowanych podczas misji chrystianizacyjnej na terenach Polski w 1003 r. Biskup Thietmar z Merseburga opisuje wizyt\u0119 w Mi\u0119dzyrzeczu cesarza Henryka II podczas wyprawy wojennej przeciwko Boles\u0142awowi Chrobremu w 1005 r. Gr\u00f3d wymieniany jest tak\u017ce w \u015bredniowiecznych kronikach Gala Anonima i Jana z Czarnkowa.<\/p>\n\n\n\n<p>&nbsp;Po drugiej wojnie \u015bwiatowej i powrocie miejscowo\u015bci w granice Polski zesp\u00f3\u0142 sta\u0142 si\u0119 siedzib\u0105 za\u0142o\u017conego przez Alfa Kowalskiego muzeum, dokumentuj\u0105cego histori\u0119 i kultur\u0119 polsk\u0105 na obszarze ziemi mi\u0119dzyrzeckiej. Zgromadzono w nim m.in. unikatow\u0105, najbogatsz\u0105 w Polsce kolekcj\u0119 portret\u00f3w trumiennych. Dzi\u0119ki pr\u0119\u017cnej dzia\u0142alno\u015bci muzeum, pod kt\u00f3rego opiek\u0105 znalaz\u0142 si\u0119 teren zamku wraz z otoczeniem, zabytek pe\u0142ni\u0142 w XX w. wa\u017cn\u0105 rol\u0119 w odbudowywaniu to\u017csamo\u015bci polskiej na tzw. ziemiach odzyskanych.<\/p>\n\n\n\n<h5 class=\"wp-block-heading has-text-color has-link-color wp-elements-90cc40a509fa4fb460c70dec88cb70e3\" style=\"color:#727272\"><strong>Lista pomnik\u00f3w historii<\/strong><\/h5>\n\n\n\n<p>Pomnik historii to jedna z pi\u0119ciu form ochrony zabytk\u00f3w, opisana w ustawie o ochronie zabytk\u00f3w i opiece nad zabytkami. Jest ona zarezerwowana dla zabytk\u00f3w nieruchomych o wyj\u0105tkowym znaczeniu dla dziedzictwa kulturowego Polski. Decyzj\u0119 o nadaniu zabytkowi statusu pomnika historii podejmuje Prezydent Rzeczypospolitej Polskiej na wniosek Ministra Kultury i Dziedzictwa Narodowego, po pozytywnym zaopiniowaniu przez Rad\u0119 Ochrony Zabytk\u00f3w. Narodowy Instytut Dziedzictwa odpowiada za prowadzenie procedury oraz&nbsp; kwestie merytoryczne zwi\u0105zane z uznaniem danego obiektu za pomnik historii.<\/p>\n\n\n\n<p>Wi\u0119cej o pomnikach historii mo\u017cna przeczyta\u0107 tutaj &#8211; <a href=\"https:\/\/nid.pl\/en\/pomniki-historii\/\" target=\"_blank\" rel=\"noreferrer noopener\">https:\/\/nid.pl\/pomniki-historii\/<\/a><\/p>\n\n\n\n<p><\/p>\n\n\n\n<p><\/p>\n\n\n\n<figure class=\"wp-block-gallery has-nested-images columns-default is-cropped wp-block-gallery-1 is-layout-flex wp-block-gallery-is-layout-flex\">\n<figure data-wp-context=\"{&quot;imageId&quot;:&quot;69f0f874c7974&quot;}\" data-wp-interactive=\"core\/image\" data-wp-key=\"69f0f874c7974\" class=\"wp-block-image aligncenter size-large wp-lightbox-container\"><img loading=\"lazy\" decoding=\"async\" width=\"1024\" height=\"664\" data-wp-class--hide=\"state.isContentHidden\" data-wp-class--show=\"state.isContentVisible\" data-wp-init=\"callbacks.setButtonStyles\" data-wp-on--click=\"actions.showLightbox\" data-wp-on--load=\"callbacks.setButtonStyles\" data-wp-on-window--resize=\"callbacks.setButtonStyles\" data-id=\"24053\" src=\"https:\/\/nid.pl\/wp-content\/uploads\/2024\/11\/Zamek-piastowski-z-zespolem-dworsko-parkowym-Miedzyrzecz-fot.-Maciej-Jablonski-F-11-4-1024x664.jpg\" alt=\"\" class=\"wp-image-24053\" srcset=\"https:\/\/nid.pl\/wp-content\/uploads\/2024\/11\/Zamek-piastowski-z-zespolem-dworsko-parkowym-Miedzyrzecz-fot.-Maciej-Jablonski-F-11-4-980x636.jpg 980w, https:\/\/nid.pl\/wp-content\/uploads\/2024\/11\/Zamek-piastowski-z-zespolem-dworsko-parkowym-Miedzyrzecz-fot.-Maciej-Jablonski-F-11-4-480x311.jpg 480w\" sizes=\"(min-width: 0px) and (max-width: 480px) 480px, (min-width: 481px) and (max-width: 980px) 980px, (min-width: 981px) 1024px, 100vw\" \/><button\n\t\t\tclass=\"lightbox-trigger\"\n\t\t\ttype=\"button\"\n\t\t\taria-haspopup=\"dialog\"\n\t\t\taria-label=\"Enlarge\"\n\t\t\tdata-wp-init=\"callbacks.initTriggerButton\"\n\t\t\tdata-wp-on--click=\"actions.showLightbox\"\n\t\t\tdata-wp-style--right=\"state.imageButtonRight\"\n\t\t\tdata-wp-style--top=\"state.imageButtonTop\"\n\t\t>\n\t\t\t<svg xmlns=\"http:\/\/www.w3.org\/2000\/svg\" width=\"12\" height=\"12\" fill=\"none\" viewbox=\"0 0 12 12\">\n\t\t\t\t<path fill=\"#fff\" d=\"M2 0a2 2 0 0 0-2 2v2h1.5V2a.5.5 0 0 1 .5-.5h2V0H2Zm2 10.5H2a.5.5 0 0 1-.5-.5V8H0v2a2 2 0 0 0 2 2h2v-1.5ZM8 12v-1.5h2a.5.5 0 0 0 .5-.5V8H12v2a2 2 0 0 1-2 2H8Zm2-12a2 2 0 0 1 2 2v2h-1.5V2a.5.5 0 0 0-.5-.5H8V0h2Z\" \/>\n\t\t\t<\/svg>\n\t\t<\/button><\/figure>\n\n\n\n<figure data-wp-context=\"{&quot;imageId&quot;:&quot;69f0f874c7ca5&quot;}\" data-wp-interactive=\"core\/image\" data-wp-key=\"69f0f874c7ca5\" class=\"wp-block-image aligncenter size-large wp-lightbox-container\"><img loading=\"lazy\" decoding=\"async\" width=\"1024\" height=\"644\" data-wp-class--hide=\"state.isContentHidden\" data-wp-class--show=\"state.isContentVisible\" data-wp-init=\"callbacks.setButtonStyles\" data-wp-on--click=\"actions.showLightbox\" data-wp-on--load=\"callbacks.setButtonStyles\" data-wp-on-window--resize=\"callbacks.setButtonStyles\" data-id=\"24055\" src=\"https:\/\/nid.pl\/wp-content\/uploads\/2024\/11\/Zamek-piastowski-z-zespolem-dworsko-parkowym-Miedzyrzecz-fot.-Maciej-Jablonski-F11-1024x644.jpg\" alt=\"\" class=\"wp-image-24055\" srcset=\"https:\/\/nid.pl\/wp-content\/uploads\/2024\/11\/Zamek-piastowski-z-zespolem-dworsko-parkowym-Miedzyrzecz-fot.-Maciej-Jablonski-F11-980x617.jpg 980w, https:\/\/nid.pl\/wp-content\/uploads\/2024\/11\/Zamek-piastowski-z-zespolem-dworsko-parkowym-Miedzyrzecz-fot.-Maciej-Jablonski-F11-480x302.jpg 480w\" sizes=\"(min-width: 0px) and (max-width: 480px) 480px, (min-width: 481px) and (max-width: 980px) 980px, (min-width: 981px) 1024px, 100vw\" \/><button\n\t\t\tclass=\"lightbox-trigger\"\n\t\t\ttype=\"button\"\n\t\t\taria-haspopup=\"dialog\"\n\t\t\taria-label=\"Enlarge\"\n\t\t\tdata-wp-init=\"callbacks.initTriggerButton\"\n\t\t\tdata-wp-on--click=\"actions.showLightbox\"\n\t\t\tdata-wp-style--right=\"state.imageButtonRight\"\n\t\t\tdata-wp-style--top=\"state.imageButtonTop\"\n\t\t>\n\t\t\t<svg xmlns=\"http:\/\/www.w3.org\/2000\/svg\" width=\"12\" height=\"12\" fill=\"none\" viewbox=\"0 0 12 12\">\n\t\t\t\t<path fill=\"#fff\" d=\"M2 0a2 2 0 0 0-2 2v2h1.5V2a.5.5 0 0 1 .5-.5h2V0H2Zm2 10.5H2a.5.5 0 0 1-.5-.5V8H0v2a2 2 0 0 0 2 2h2v-1.5ZM8 12v-1.5h2a.5.5 0 0 0 .5-.5V8H12v2a2 2 0 0 1-2 2H8Zm2-12a2 2 0 0 1 2 2v2h-1.5V2a.5.5 0 0 0-.5-.5H8V0h2Z\" \/>\n\t\t\t<\/svg>\n\t\t<\/button><\/figure>\n\n\n\n<figure data-wp-context=\"{&quot;imageId&quot;:&quot;69f0f874c7f6f&quot;}\" data-wp-interactive=\"core\/image\" data-wp-key=\"69f0f874c7f6f\" class=\"wp-block-image aligncenter size-large wp-lightbox-container\"><img loading=\"lazy\" decoding=\"async\" width=\"1024\" height=\"723\" data-wp-class--hide=\"state.isContentHidden\" data-wp-class--show=\"state.isContentVisible\" data-wp-init=\"callbacks.setButtonStyles\" data-wp-on--click=\"actions.showLightbox\" data-wp-on--load=\"callbacks.setButtonStyles\" data-wp-on-window--resize=\"callbacks.setButtonStyles\" data-id=\"24054\" src=\"https:\/\/nid.pl\/wp-content\/uploads\/2024\/11\/Zamek-piastowski-z-zespolem-dworsko-parkowym-Miedzyrzecz-fot.-Maciej-Jablonski-F-11-5-1024x723.jpg\" alt=\"\" class=\"wp-image-24054\" srcset=\"https:\/\/nid.pl\/wp-content\/uploads\/2024\/11\/Zamek-piastowski-z-zespolem-dworsko-parkowym-Miedzyrzecz-fot.-Maciej-Jablonski-F-11-5-980x692.jpg 980w, https:\/\/nid.pl\/wp-content\/uploads\/2024\/11\/Zamek-piastowski-z-zespolem-dworsko-parkowym-Miedzyrzecz-fot.-Maciej-Jablonski-F-11-5-480x339.jpg 480w\" sizes=\"(min-width: 0px) and (max-width: 480px) 480px, (min-width: 481px) and (max-width: 980px) 980px, (min-width: 981px) 1024px, 100vw\" \/><button\n\t\t\tclass=\"lightbox-trigger\"\n\t\t\ttype=\"button\"\n\t\t\taria-haspopup=\"dialog\"\n\t\t\taria-label=\"Enlarge\"\n\t\t\tdata-wp-init=\"callbacks.initTriggerButton\"\n\t\t\tdata-wp-on--click=\"actions.showLightbox\"\n\t\t\tdata-wp-style--right=\"state.imageButtonRight\"\n\t\t\tdata-wp-style--top=\"state.imageButtonTop\"\n\t\t>\n\t\t\t<svg xmlns=\"http:\/\/www.w3.org\/2000\/svg\" width=\"12\" height=\"12\" fill=\"none\" viewbox=\"0 0 12 12\">\n\t\t\t\t<path fill=\"#fff\" d=\"M2 0a2 2 0 0 0-2 2v2h1.5V2a.5.5 0 0 1 .5-.5h2V0H2Zm2 10.5H2a.5.5 0 0 1-.5-.5V8H0v2a2 2 0 0 0 2 2h2v-1.5ZM8 12v-1.5h2a.5.5 0 0 0 .5-.5V8H12v2a2 2 0 0 1-2 2H8Zm2-12a2 2 0 0 1 2 2v2h-1.5V2a.5.5 0 0 0-.5-.5H8V0h2Z\" \/>\n\t\t\t<\/svg>\n\t\t<\/button><\/figure>\n\n\n\n<figure data-wp-context=\"{&quot;imageId&quot;:&quot;69f0f874c81f7&quot;}\" data-wp-interactive=\"core\/image\" data-wp-key=\"69f0f874c81f7\" class=\"wp-block-image aligncenter size-large wp-lightbox-container\"><img loading=\"lazy\" decoding=\"async\" width=\"1024\" height=\"723\" data-wp-class--hide=\"state.isContentHidden\" data-wp-class--show=\"state.isContentVisible\" data-wp-init=\"callbacks.setButtonStyles\" data-wp-on--click=\"actions.showLightbox\" data-wp-on--load=\"callbacks.setButtonStyles\" data-wp-on-window--resize=\"callbacks.setButtonStyles\" data-id=\"24052\" src=\"https:\/\/nid.pl\/wp-content\/uploads\/2024\/11\/Zamek-piastowski-z-zespolem-dworsko-parkowym-Miedzyrzecz-fot.-Maciej-Jablonski-F-11-2-1024x723.jpg\" alt=\"Zamek piastowski z zespo\u0142em dworsko-parkowym w Mi\u0119dzyrzeczu\" class=\"wp-image-24052\" srcset=\"https:\/\/nid.pl\/wp-content\/uploads\/2024\/11\/Zamek-piastowski-z-zespolem-dworsko-parkowym-Miedzyrzecz-fot.-Maciej-Jablonski-F-11-2-980x692.jpg 980w, https:\/\/nid.pl\/wp-content\/uploads\/2024\/11\/Zamek-piastowski-z-zespolem-dworsko-parkowym-Miedzyrzecz-fot.-Maciej-Jablonski-F-11-2-480x339.jpg 480w\" sizes=\"(min-width: 0px) and (max-width: 480px) 480px, (min-width: 481px) and (max-width: 980px) 980px, (min-width: 981px) 1024px, 100vw\" \/><button\n\t\t\tclass=\"lightbox-trigger\"\n\t\t\ttype=\"button\"\n\t\t\taria-haspopup=\"dialog\"\n\t\t\taria-label=\"Enlarge\"\n\t\t\tdata-wp-init=\"callbacks.initTriggerButton\"\n\t\t\tdata-wp-on--click=\"actions.showLightbox\"\n\t\t\tdata-wp-style--right=\"state.imageButtonRight\"\n\t\t\tdata-wp-style--top=\"state.imageButtonTop\"\n\t\t>\n\t\t\t<svg xmlns=\"http:\/\/www.w3.org\/2000\/svg\" width=\"12\" height=\"12\" fill=\"none\" viewbox=\"0 0 12 12\">\n\t\t\t\t<path fill=\"#fff\" d=\"M2 0a2 2 0 0 0-2 2v2h1.5V2a.5.5 0 0 1 .5-.5h2V0H2Zm2 10.5H2a.5.5 0 0 1-.5-.5V8H0v2a2 2 0 0 0 2 2h2v-1.5ZM8 12v-1.5h2a.5.5 0 0 0 .5-.5V8H12v2a2 2 0 0 1-2 2H8Zm2-12a2 2 0 0 1 2 2v2h-1.5V2a.5.5 0 0 0-.5-.5H8V0h2Z\" \/>\n\t\t\t<\/svg>\n\t\t<\/button><\/figure>\n<\/figure>\n\n\n\n<p class=\"has-text-align-center\">Zamek piastowski z zespo\u0142em dworsko-parkowym, Mi\u0119dzyrzecz, fot. Maciej Jab\u0142o\u0144ski, F-11 <\/p>\n\n\n\n<p><\/p>","protected":false},"excerpt":{"rendered":"<p>Rozporz\u0105dzeniem Prezydenta Rzeczpospolitej Polskiej, na wniosek Ministra Kultury i Dziedzictwa Narodowego, zamek piastowski z zespo\u0142em dworsko-parkowym w Mi\u0119dzyrzeczu zosta\u0142 uznany za pomnik historii. Na presti\u017cowej li\u015bcie najcenniejszych zabytk\u00f3w Polski znajduje [&hellip;]<\/p>","protected":false},"author":15,"featured_media":24056,"comment_status":"closed","ping_status":"closed","sticky":false,"template":"","format":"standard","meta":{"_et_pb_use_builder":"","_et_pb_old_content":"","_et_gb_content_width":"","_monsterinsights_skip_tracking":false,"_monsterinsights_sitenote_active":false,"_monsterinsights_sitenote_note":"","_monsterinsights_sitenote_category":0,"footnotes":""},"categories":[3,109],"tags":[],"class_list":["post-24008","post","type-post","status-publish","format-standard","has-post-thumbnail","hentry","category-aktualnosci","category-pomniki-historii"],"yoast_head":"<!-- This site is optimized with the Yoast SEO plugin v26.5 - https:\/\/yoast.com\/wordpress\/plugins\/seo\/ -->\n<title>Mi\u0119dzyrzecz \u2013 zamek piastowski z zespo\u0142em dworsko-parkowym 130. pomnikiem historii - NID<\/title>\n<meta name=\"robots\" content=\"index, follow, max-snippet:-1, max-image-preview:large, max-video-preview:-1\" \/>\n<link rel=\"canonical\" href=\"https:\/\/nid.pl\/en\/2024\/11\/19\/miedzyrzecz-zamek-piastowski-ph\/\" \/>\n<meta property=\"og:locale\" content=\"en_GB\" \/>\n<meta property=\"og:type\" content=\"article\" \/>\n<meta property=\"og:title\" content=\"Mi\u0119dzyrzecz \u2013 zamek piastowski z zespo\u0142em dworsko-parkowym 130. pomnikiem historii - NID\" \/>\n<meta property=\"og:description\" content=\"Rozporz\u0105dzeniem Prezydenta Rzeczpospolitej Polskiej, na wniosek Ministra Kultury i Dziedzictwa Narodowego, zamek piastowski z zespo\u0142em dworsko-parkowym w Mi\u0119dzyrzeczu zosta\u0142 uznany za pomnik historii. Na presti\u017cowej li\u015bcie najcenniejszych zabytk\u00f3w Polski znajduje [&hellip;]\" \/>\n<meta property=\"og:url\" content=\"https:\/\/nid.pl\/en\/2024\/11\/19\/miedzyrzecz-zamek-piastowski-ph\/\" \/>\n<meta property=\"og:site_name\" content=\"NID\" \/>\n<meta property=\"article:publisher\" content=\"https:\/\/www.facebook.com\/zabytek\" \/>\n<meta property=\"article:published_time\" content=\"2024-11-19T15:15:18+00:00\" \/>\n<meta property=\"article:modified_time\" content=\"2024-11-20T10:12:51+00:00\" \/>\n<meta property=\"og:image\" content=\"https:\/\/nid.pl\/wp-content\/uploads\/2024\/11\/Zamek-piastowski-z-zespolem-dworsko-parkowym-Miedzyrzecz-fot.-Maciej-Jablonski-F-11.jpg\" \/>\n\t<meta property=\"og:image:width\" content=\"896\" \/>\n\t<meta property=\"og:image:height\" content=\"598\" \/>\n\t<meta property=\"og:image:type\" content=\"image\/jpeg\" \/>\n<meta name=\"author\" content=\"Monika Ciura\" \/>\n<meta name=\"twitter:card\" content=\"summary_large_image\" \/>\n<meta name=\"twitter:creator\" content=\"@NarIDpl\" \/>\n<meta name=\"twitter:site\" content=\"@NarIDpl\" \/>\n<meta name=\"twitter:label1\" content=\"Written by\" \/>\n\t<meta name=\"twitter:data1\" content=\"Monika Ciura\" \/>\n\t<meta name=\"twitter:label2\" content=\"Estimated reading time\" \/>\n\t<meta name=\"twitter:data2\" content=\"4 minutes\" \/>\n<script type=\"application\/ld+json\" class=\"yoast-schema-graph\">{\"@context\":\"https:\/\/schema.org\",\"@graph\":[{\"@type\":\"Article\",\"@id\":\"https:\/\/nid.pl\/2024\/11\/19\/miedzyrzecz-zamek-piastowski-ph\/#article\",\"isPartOf\":{\"@id\":\"https:\/\/nid.pl\/2024\/11\/19\/miedzyrzecz-zamek-piastowski-ph\/\"},\"author\":{\"name\":\"Monika Ciura\",\"@id\":\"https:\/\/nid.pl\/#\/schema\/person\/ab9abea4caecdccde4fb0d555271145f\"},\"headline\":\"Mi\u0119dzyrzecz \u2013 zamek piastowski z zespo\u0142em dworsko-parkowym 130. pomnikiem historii\",\"datePublished\":\"2024-11-19T15:15:18+00:00\",\"dateModified\":\"2024-11-20T10:12:51+00:00\",\"mainEntityOfPage\":{\"@id\":\"https:\/\/nid.pl\/2024\/11\/19\/miedzyrzecz-zamek-piastowski-ph\/\"},\"wordCount\":571,\"publisher\":{\"@id\":\"https:\/\/nid.pl\/#organization\"},\"image\":{\"@id\":\"https:\/\/nid.pl\/2024\/11\/19\/miedzyrzecz-zamek-piastowski-ph\/#primaryimage\"},\"thumbnailUrl\":\"https:\/\/nid.pl\/wp-content\/uploads\/2024\/11\/Zamek-piastowski-z-zespolem-dworsko-parkowym-Miedzyrzecz-fot.-Maciej-Jablonski-F-11.jpg\",\"articleSection\":[\"Aktualno\u015bci\",\"Pomniki historii\"],\"inLanguage\":\"en-GB\"},{\"@type\":\"WebPage\",\"@id\":\"https:\/\/nid.pl\/2024\/11\/19\/miedzyrzecz-zamek-piastowski-ph\/\",\"url\":\"https:\/\/nid.pl\/2024\/11\/19\/miedzyrzecz-zamek-piastowski-ph\/\",\"name\":\"Mi\u0119dzyrzecz \u2013 zamek piastowski z zespo\u0142em dworsko-parkowym 130. pomnikiem historii - NID\",\"isPartOf\":{\"@id\":\"https:\/\/nid.pl\/#website\"},\"primaryImageOfPage\":{\"@id\":\"https:\/\/nid.pl\/2024\/11\/19\/miedzyrzecz-zamek-piastowski-ph\/#primaryimage\"},\"image\":{\"@id\":\"https:\/\/nid.pl\/2024\/11\/19\/miedzyrzecz-zamek-piastowski-ph\/#primaryimage\"},\"thumbnailUrl\":\"https:\/\/nid.pl\/wp-content\/uploads\/2024\/11\/Zamek-piastowski-z-zespolem-dworsko-parkowym-Miedzyrzecz-fot.-Maciej-Jablonski-F-11.jpg\",\"datePublished\":\"2024-11-19T15:15:18+00:00\",\"dateModified\":\"2024-11-20T10:12:51+00:00\",\"breadcrumb\":{\"@id\":\"https:\/\/nid.pl\/2024\/11\/19\/miedzyrzecz-zamek-piastowski-ph\/#breadcrumb\"},\"inLanguage\":\"en-GB\",\"potentialAction\":[{\"@type\":\"ReadAction\",\"target\":[\"https:\/\/nid.pl\/2024\/11\/19\/miedzyrzecz-zamek-piastowski-ph\/\"]}]},{\"@type\":\"ImageObject\",\"inLanguage\":\"en-GB\",\"@id\":\"https:\/\/nid.pl\/2024\/11\/19\/miedzyrzecz-zamek-piastowski-ph\/#primaryimage\",\"url\":\"https:\/\/nid.pl\/wp-content\/uploads\/2024\/11\/Zamek-piastowski-z-zespolem-dworsko-parkowym-Miedzyrzecz-fot.-Maciej-Jablonski-F-11.jpg\",\"contentUrl\":\"https:\/\/nid.pl\/wp-content\/uploads\/2024\/11\/Zamek-piastowski-z-zespolem-dworsko-parkowym-Miedzyrzecz-fot.-Maciej-Jablonski-F-11.jpg\",\"width\":896,\"height\":598,\"caption\":\"Zamek piastowski z zespo\u0142em dworsko-parkowym, Mi\u0119dzyrzecz, fot. Maciej Jab\u0142o\u0144ski, F-11\"},{\"@type\":\"BreadcrumbList\",\"@id\":\"https:\/\/nid.pl\/2024\/11\/19\/miedzyrzecz-zamek-piastowski-ph\/#breadcrumb\",\"itemListElement\":[{\"@type\":\"ListItem\",\"position\":1,\"name\":\"Home\",\"item\":\"https:\/\/nid.pl\/\"},{\"@type\":\"ListItem\",\"position\":2,\"name\":\"Mi\u0119dzyrzecz \u2013 zamek piastowski z zespo\u0142em dworsko-parkowym 130. pomnikiem historii\"}]},{\"@type\":\"WebSite\",\"@id\":\"https:\/\/nid.pl\/#website\",\"url\":\"https:\/\/nid.pl\/\",\"name\":\"NID\",\"description\":\"Narodowy Instytut Dziedzictwa\",\"publisher\":{\"@id\":\"https:\/\/nid.pl\/#organization\"},\"potentialAction\":[{\"@type\":\"SearchAction\",\"target\":{\"@type\":\"EntryPoint\",\"urlTemplate\":\"https:\/\/nid.pl\/?s={search_term_string}\"},\"query-input\":{\"@type\":\"PropertyValueSpecification\",\"valueRequired\":true,\"valueName\":\"search_term_string\"}}],\"inLanguage\":\"en-GB\"},{\"@type\":\"Organization\",\"@id\":\"https:\/\/nid.pl\/#organization\",\"name\":\"Narodowy Instytut Dziedzictwa\",\"url\":\"https:\/\/nid.pl\/\",\"logo\":{\"@type\":\"ImageObject\",\"inLanguage\":\"en-GB\",\"@id\":\"https:\/\/nid.pl\/#\/schema\/logo\/image\/\",\"url\":\"https:\/\/nid.pl\/wp-content\/uploads\/2022\/10\/logoRedDark.png\",\"contentUrl\":\"https:\/\/nid.pl\/wp-content\/uploads\/2022\/10\/logoRedDark.png\",\"width\":200,\"height\":197,\"caption\":\"Narodowy Instytut Dziedzictwa\"},\"image\":{\"@id\":\"https:\/\/nid.pl\/#\/schema\/logo\/image\/\"},\"sameAs\":[\"https:\/\/www.facebook.com\/zabytek\",\"https:\/\/x.com\/NarIDpl\",\"https:\/\/www.instagram.com\/nid.pl\/?hl=pl\",\"https:\/\/www.linkedin.com\/company\/narodowy-instytut-dziedzictwa\",\"https:\/\/www.youtube.com\/channel\/UCQXuhKa2uHtmNvLRUSx40JA\"]},{\"@type\":\"Person\",\"@id\":\"https:\/\/nid.pl\/#\/schema\/person\/ab9abea4caecdccde4fb0d555271145f\",\"name\":\"Monika Ciura\",\"image\":{\"@type\":\"ImageObject\",\"inLanguage\":\"en-GB\",\"@id\":\"https:\/\/nid.pl\/#\/schema\/person\/image\/\",\"url\":\"https:\/\/nid.pl\/wp-content\/litespeed\/avatar\/bfdb15d1cc317fac4b66bdc91090ff11.jpg?ver=1776840533\",\"contentUrl\":\"https:\/\/nid.pl\/wp-content\/litespeed\/avatar\/bfdb15d1cc317fac4b66bdc91090ff11.jpg?ver=1776840533\",\"caption\":\"Monika Ciura\"},\"url\":\"https:\/\/nid.pl\/en\/author\/mciura\/\"}]}<\/script>\n<!-- \/ Yoast SEO plugin. -->","yoast_head_json":{"title":"Mi\u0119dzyrzecz \u2013 zamek piastowski z zespo\u0142em dworsko-parkowym 130. pomnikiem historii - NID","robots":{"index":"index","follow":"follow","max-snippet":"max-snippet:-1","max-image-preview":"max-image-preview:large","max-video-preview":"max-video-preview:-1"},"canonical":"https:\/\/nid.pl\/en\/2024\/11\/19\/miedzyrzecz-zamek-piastowski-ph\/","og_locale":"en_GB","og_type":"article","og_title":"Mi\u0119dzyrzecz \u2013 zamek piastowski z zespo\u0142em dworsko-parkowym 130. pomnikiem historii - NID","og_description":"Rozporz\u0105dzeniem Prezydenta Rzeczpospolitej Polskiej, na wniosek Ministra Kultury i Dziedzictwa Narodowego, zamek piastowski z zespo\u0142em dworsko-parkowym w Mi\u0119dzyrzeczu zosta\u0142 uznany za pomnik historii. Na presti\u017cowej li\u015bcie najcenniejszych zabytk\u00f3w Polski znajduje [&hellip;]","og_url":"https:\/\/nid.pl\/en\/2024\/11\/19\/miedzyrzecz-zamek-piastowski-ph\/","og_site_name":"NID","article_publisher":"https:\/\/www.facebook.com\/zabytek","article_published_time":"2024-11-19T15:15:18+00:00","article_modified_time":"2024-11-20T10:12:51+00:00","og_image":[{"width":896,"height":598,"url":"https:\/\/nid.pl\/wp-content\/uploads\/2024\/11\/Zamek-piastowski-z-zespolem-dworsko-parkowym-Miedzyrzecz-fot.-Maciej-Jablonski-F-11.jpg","type":"image\/jpeg"}],"author":"Monika Ciura","twitter_card":"summary_large_image","twitter_creator":"@NarIDpl","twitter_site":"@NarIDpl","twitter_misc":{"Written by":"Monika Ciura","Estimated reading time":"4 minutes"},"schema":{"@context":"https:\/\/schema.org","@graph":[{"@type":"Article","@id":"https:\/\/nid.pl\/2024\/11\/19\/miedzyrzecz-zamek-piastowski-ph\/#article","isPartOf":{"@id":"https:\/\/nid.pl\/2024\/11\/19\/miedzyrzecz-zamek-piastowski-ph\/"},"author":{"name":"Monika Ciura","@id":"https:\/\/nid.pl\/#\/schema\/person\/ab9abea4caecdccde4fb0d555271145f"},"headline":"Mi\u0119dzyrzecz \u2013 zamek piastowski z zespo\u0142em dworsko-parkowym 130. pomnikiem historii","datePublished":"2024-11-19T15:15:18+00:00","dateModified":"2024-11-20T10:12:51+00:00","mainEntityOfPage":{"@id":"https:\/\/nid.pl\/2024\/11\/19\/miedzyrzecz-zamek-piastowski-ph\/"},"wordCount":571,"publisher":{"@id":"https:\/\/nid.pl\/#organization"},"image":{"@id":"https:\/\/nid.pl\/2024\/11\/19\/miedzyrzecz-zamek-piastowski-ph\/#primaryimage"},"thumbnailUrl":"https:\/\/nid.pl\/wp-content\/uploads\/2024\/11\/Zamek-piastowski-z-zespolem-dworsko-parkowym-Miedzyrzecz-fot.-Maciej-Jablonski-F-11.jpg","articleSection":["Aktualno\u015bci","Pomniki historii"],"inLanguage":"en-GB"},{"@type":"WebPage","@id":"https:\/\/nid.pl\/2024\/11\/19\/miedzyrzecz-zamek-piastowski-ph\/","url":"https:\/\/nid.pl\/2024\/11\/19\/miedzyrzecz-zamek-piastowski-ph\/","name":"Mi\u0119dzyrzecz \u2013 zamek piastowski z zespo\u0142em dworsko-parkowym 130. pomnikiem historii - NID","isPartOf":{"@id":"https:\/\/nid.pl\/#website"},"primaryImageOfPage":{"@id":"https:\/\/nid.pl\/2024\/11\/19\/miedzyrzecz-zamek-piastowski-ph\/#primaryimage"},"image":{"@id":"https:\/\/nid.pl\/2024\/11\/19\/miedzyrzecz-zamek-piastowski-ph\/#primaryimage"},"thumbnailUrl":"https:\/\/nid.pl\/wp-content\/uploads\/2024\/11\/Zamek-piastowski-z-zespolem-dworsko-parkowym-Miedzyrzecz-fot.-Maciej-Jablonski-F-11.jpg","datePublished":"2024-11-19T15:15:18+00:00","dateModified":"2024-11-20T10:12:51+00:00","breadcrumb":{"@id":"https:\/\/nid.pl\/2024\/11\/19\/miedzyrzecz-zamek-piastowski-ph\/#breadcrumb"},"inLanguage":"en-GB","potentialAction":[{"@type":"ReadAction","target":["https:\/\/nid.pl\/2024\/11\/19\/miedzyrzecz-zamek-piastowski-ph\/"]}]},{"@type":"ImageObject","inLanguage":"en-GB","@id":"https:\/\/nid.pl\/2024\/11\/19\/miedzyrzecz-zamek-piastowski-ph\/#primaryimage","url":"https:\/\/nid.pl\/wp-content\/uploads\/2024\/11\/Zamek-piastowski-z-zespolem-dworsko-parkowym-Miedzyrzecz-fot.-Maciej-Jablonski-F-11.jpg","contentUrl":"https:\/\/nid.pl\/wp-content\/uploads\/2024\/11\/Zamek-piastowski-z-zespolem-dworsko-parkowym-Miedzyrzecz-fot.-Maciej-Jablonski-F-11.jpg","width":896,"height":598,"caption":"Zamek piastowski z zespo\u0142em dworsko-parkowym, Mi\u0119dzyrzecz, fot. Maciej Jab\u0142o\u0144ski, F-11"},{"@type":"BreadcrumbList","@id":"https:\/\/nid.pl\/2024\/11\/19\/miedzyrzecz-zamek-piastowski-ph\/#breadcrumb","itemListElement":[{"@type":"ListItem","position":1,"name":"Home","item":"https:\/\/nid.pl\/"},{"@type":"ListItem","position":2,"name":"Mi\u0119dzyrzecz \u2013 zamek piastowski z zespo\u0142em dworsko-parkowym 130. pomnikiem historii"}]},{"@type":"WebSite","@id":"https:\/\/nid.pl\/#website","url":"https:\/\/nid.pl\/","name":"NID","description":"Narodowy Instytut Dziedzictwa","publisher":{"@id":"https:\/\/nid.pl\/#organization"},"potentialAction":[{"@type":"SearchAction","target":{"@type":"EntryPoint","urlTemplate":"https:\/\/nid.pl\/?s={search_term_string}"},"query-input":{"@type":"PropertyValueSpecification","valueRequired":true,"valueName":"search_term_string"}}],"inLanguage":"en-GB"},{"@type":"Organization","@id":"https:\/\/nid.pl\/#organization","name":"Narodowy Instytut Dziedzictwa","url":"https:\/\/nid.pl\/","logo":{"@type":"ImageObject","inLanguage":"en-GB","@id":"https:\/\/nid.pl\/#\/schema\/logo\/image\/","url":"https:\/\/nid.pl\/wp-content\/uploads\/2022\/10\/logoRedDark.png","contentUrl":"https:\/\/nid.pl\/wp-content\/uploads\/2022\/10\/logoRedDark.png","width":200,"height":197,"caption":"Narodowy Instytut Dziedzictwa"},"image":{"@id":"https:\/\/nid.pl\/#\/schema\/logo\/image\/"},"sameAs":["https:\/\/www.facebook.com\/zabytek","https:\/\/x.com\/NarIDpl","https:\/\/www.instagram.com\/nid.pl\/?hl=pl","https:\/\/www.linkedin.com\/company\/narodowy-instytut-dziedzictwa","https:\/\/www.youtube.com\/channel\/UCQXuhKa2uHtmNvLRUSx40JA"]},{"@type":"Person","@id":"https:\/\/nid.pl\/#\/schema\/person\/ab9abea4caecdccde4fb0d555271145f","name":"Monika Ciura","image":{"@type":"ImageObject","inLanguage":"en-GB","@id":"https:\/\/nid.pl\/#\/schema\/person\/image\/","url":"https:\/\/nid.pl\/wp-content\/litespeed\/avatar\/bfdb15d1cc317fac4b66bdc91090ff11.jpg?ver=1776840533","contentUrl":"https:\/\/nid.pl\/wp-content\/litespeed\/avatar\/bfdb15d1cc317fac4b66bdc91090ff11.jpg?ver=1776840533","caption":"Monika Ciura"},"url":"https:\/\/nid.pl\/en\/author\/mciura\/"}]}},"_links":{"self":[{"href":"https:\/\/nid.pl\/en\/wp-json\/wp\/v2\/posts\/24008","targetHints":{"allow":["GET"]}}],"collection":[{"href":"https:\/\/nid.pl\/en\/wp-json\/wp\/v2\/posts"}],"about":[{"href":"https:\/\/nid.pl\/en\/wp-json\/wp\/v2\/types\/post"}],"author":[{"embeddable":true,"href":"https:\/\/nid.pl\/en\/wp-json\/wp\/v2\/users\/15"}],"replies":[{"embeddable":true,"href":"https:\/\/nid.pl\/en\/wp-json\/wp\/v2\/comments?post=24008"}],"version-history":[{"count":0,"href":"https:\/\/nid.pl\/en\/wp-json\/wp\/v2\/posts\/24008\/revisions"}],"wp:featuredmedia":[{"embeddable":true,"href":"https:\/\/nid.pl\/en\/wp-json\/wp\/v2\/media\/24056"}],"wp:attachment":[{"href":"https:\/\/nid.pl\/en\/wp-json\/wp\/v2\/media?parent=24008"}],"wp:term":[{"taxonomy":"category","embeddable":true,"href":"https:\/\/nid.pl\/en\/wp-json\/wp\/v2\/categories?post=24008"},{"taxonomy":"post_tag","embeddable":true,"href":"https:\/\/nid.pl\/en\/wp-json\/wp\/v2\/tags?post=24008"}],"curies":[{"name":"wp","href":"https:\/\/api.w.org\/{rel}","templated":true}]}}