{"id":23804,"date":"2024-11-26T09:13:00","date_gmt":"2024-11-26T08:13:00","guid":{"rendered":"https:\/\/nid.pl\/?p=23804"},"modified":"2024-11-26T14:09:27","modified_gmt":"2024-11-26T13:09:27","slug":"seminarium-konfrontacje-konserwatorskie","status":"publish","type":"post","link":"https:\/\/nid.pl\/en\/2024\/11\/26\/seminarium-konfrontacje-konserwatorskie\/","title":{"rendered":"Seminarium \u201eKonfrontacje konserwatorskie \u2013 architektura i budownictwo drewniane\u201d\u00a0\u00a0"},"content":{"rendered":"<p><\/p>\n\n\n\n<p class=\"has-medium-font-size\"><strong>Zapraszamy na seminarium konserwatorskie, kt\u00f3re odb\u0119dzie si\u0119 4 grudnia br. w pa\u0142acu w Mierz\u0119cinie. Spotkanie przeznaczone jest dla in\u017cynier\u00f3w, konstruktor\u00f3w, architekt\u00f3w i budowniczych pracuj\u0105cych z historyczn\u0105 architektur\u0105 drewnian\u0105. Seminarium po\u015bwi\u0119cone b\u0119dzie w szczeg\u00f3lno\u015bci pracom projektowym oraz realizacjom prowadzonym w obr\u0119bie historycznej architektury drewnianej.<\/strong>\u00a0<\/p>\n\n\n\n<p>W ramach seminarium zaplanowali\u015bmy dwie sesje. Podczas pierwszej z nich om\u00f3wione zostan\u0105 najwa\u017cniejsze zagadnienia dotycz\u0105ce remont\u00f3w konstrukcji drewnianych, a referaty wyg\u0142osz\u0105 m.in. dr hab. in\u017c. Dariusz Bajno, prof. PWr,&nbsp; mgr B\u0142a\u017cej Skazi\u0144ski, mgr in\u017c. Beata Piaskowska, dr in\u017c. Krzysztof Raszczuk, dr in\u017c. Krzysztof A\u0142ykow, mgr in\u017c. Przemys\u0142aw Puchalski oraz mgr in\u017c. arch. Krzysztof Tymbarski.&nbsp;&nbsp;<\/p>\n\n\n\n<p>Sesj\u0119 drug\u0105 po\u015bwi\u0119cimy prezentacji zg\u0142oszonych problem\u00f3w konserwatorskich: wprowadzonych b\u0105d\u017a planowanych rozwi\u0105za\u0144 konstrukcyjnych w obr\u0119bie historycznego budownictwa drewnianego.&nbsp;&nbsp;Wydarzenie zako\u0144czymy debat\u0105 nad przedstawionymi wcze\u015bniej zagadnieniami i podzielimy si\u0119 do\u015bwiadczeniami zwi\u0105zanymi z prac\u0105 przy zabytkowej architekturze drewnianej.&nbsp;<\/p>\n\n\n\n<p><strong>Data: <\/strong>4 grudnia 2024<br><strong>Miejsce:<\/strong> Pa\u0142ac Mierz\u0119cin, <a href=\"https:\/\/www.palacmierzecin.pl\/poznaj-palac-mierzecin\/mapa-interaktywna-osrodka\" target=\"_blank\" rel=\"noreferrer noopener\">Obiekt &#8211; 9 Centrum Konferencyjne II<\/a>; Mierz\u0119cin 1, 66-520 Dobiegniew, woj. lubuskie<\/p>\n\n\n\n<p><\/p>\n\n\n\n<p><strong>Program wydarzenia<\/strong>&nbsp;<\/p>\n\n\n\n<p>10.00 &#8211; rozpocz\u0119cie wydarzenia i wyst\u0105pienia otwieraj\u0105ce&nbsp;<\/p>\n\n\n\n<p><strong>Sesja I&nbsp;<\/strong>&nbsp;<\/p>\n\n\n\n<p>10.20 \u2013 10.45 &#8211; <em>Historyczne konstrukcje drewniane: postrzeganie, diagnozowanie i sposoby napraw \u2013 na przyk\u0142adzie wybranych obiekt\u00f3w<\/em>, dr hab. in\u017c. Dariusz Bajno | prof. Politechniki Wroc\u0142awskiej, rzeczoznawca Ministra Kultury i Dziedzictwa Narodowego, rzeczoznawca budowlany&nbsp;<\/p>\n\n\n\n<p>10.45 \u2013 11.10 &#8211; <em>Przygotowanie i realizacja prac przy zabytku architektury drewnianej<\/em>, mgr B\u0142a\u017cej Skazi\u0144ski | Wojew\u00f3dzki Urz\u0105d Ochrony Zabytk\u00f3w w Zielonej G\u00f3rze Delegatura w Gorzowie Wielkopolski, SARP Gorz\u00f3w Wielkopolski&nbsp;&nbsp;<\/p>\n\n\n\n<p>11.10 \u2013 11.35 &#8211; <em>Translokacja obiekt\u00f3w drewnianych &#8211; problematyka konserwatorska i projektowa<\/em>, mgr in\u017c. Beata Piaskowska | Uniwersytet im. Miko\u0142aja Kopernika, Wydzia\u0142 Sztuk Pi\u0119knych&nbsp;<\/p>\n\n\n\n<p>11.35 \u2013 12.15 &#8211; przerwa <\/p>\n\n\n\n<p>12.15 \u2013 12.40 &#8211; <em>Analiza deformacji i badania architektoniczne jako podstawa doboru rozwi\u0105za\u0144 budowlano \u2013 konserwatorskich w historycznych obiektach o konstrukcji drewnianej<\/em>, dr in\u017c. Krzysztof Raszczuk | Politechnika Wroc\u0142awska, Wydzia\u0142 Budownictwa L\u0105dowego i Wodnego&nbsp;<\/p>\n\n\n\n<p>12.40 \u2013 13.05 &#8211; <em>Diagnostyka konstrukcji drewnianych na przyk\u0142adzie architektury G\u00f3rnych \u0141u\u017cyc<\/em>, dr in\u017c. Krzysztof A\u0142ykow | rzeczoznawca Ministra Kultury i Dziedzictwa Narodowego, rzeczoznawca budowlany Polskiej Izby In\u017cynier\u00f3w Budownictwa, rzeczoznawca Stowarzyszenia Konserwator\u00f3w Zabytk\u00f3w&nbsp;<\/p>\n\n\n\n<p>13.05 \u2013 13.30 &#8211;<em> Niewprawne remonty w zabytkach budownictwa drewnianego i ich wp\u0142yw na destrukcj\u0119 ustroju drewnianego<\/em>, mgr in\u017c. Przemys\u0142aw Puchalski | Budowlane Biuro In\u017cynierskie Przemys\u0142aw Puchalski&nbsp;<\/p>\n\n\n\n<p>13.30 \u2013 13.55 &#8211;<em> Ratowanie ryglowego dworu w Niepo\u0142cku \u2013 dzia\u0142ania maj\u0105ce na celu odtworzenie i ustabilizowanie konstrukcji szkieletowej budynku<\/em>, mgr in\u017c. arch. Krzysztof Tymbarski | Stowarzyszenie na Rzecz Ochrony Dziedzictwa \u201eM\u0142yn Papiernia\u201d&nbsp;<\/p>\n\n\n\n<p>14.00 \u2013 15.00 &#8211; przerwa <\/p>\n\n\n\n<p><strong>Sesja II&nbsp;<\/strong>&nbsp;<\/p>\n\n\n\n<p>15.00-15.20 &#8211;&nbsp;<em>Dlaczego lubimy zabytki drewniane, czyli emocjonalny aspekt procesu konserwatorskiego \u2013 seminarium<\/em>, dr Krzysztof Wieczorek | Stowarzyszenie&nbsp; Konserwator\u00f3w Zabytk\u00f3w Oddzia\u0142 Mazowiecki<\/p>\n\n\n\n<p>15.20-15.40 &#8211; <em>Nowoczesne metody konserwacji struktury drewnianych belkowych strop\u00f3w z polichromi\u0105<\/em>, dr in\u017c. Eugeniusz Zawa\u0142e\u0144 | Biuro projektowe. Center-Projekt Sp. Komandytowa \/ Konserwacja Dzie\u0142 Sztuki dr Ma\u0142gorzata Dawidiuk<\/p>\n\n\n\n<p>15.40-16.10 &#8211; <em>Historyczne konstrukcje dom\u00f3w przys\u0142upowych i wsp\u00f3\u0142praca mi\u0119dzyuczelniana<\/em>, dr in\u017c. arch. Agnieszka Nowicka, mgr in\u017c. arch. Krzysztof Hendel | Politechnika Wroc\u0142awska<\/p>\n\n\n\n<p>16.10-16.30 &#8211;&nbsp;<em>Remont dworca w Celestynowie (woj. mazowieckie, pow. otwocki), czyli z problem\u00f3w akulturacji doktryny konserwatorskiej,&nbsp;<\/em>Micha\u0142 Gniadek Zieli\u0144ski | Uniwersytet Warszawski<\/p>\n\n\n\n<p>16.30-18.00 &#8211; <em>Debata<\/em> \u2013 konfrontacja oraz zwiedzanie zakamark\u00f3w Pa\u0142acu Mierz\u0119cin, prowadzi B\u0142a\u017cej Skazi\u0144ski |Wojew\u00f3dzki Urz\u0105d Ochrony Zabytk\u00f3w w Zielonej G\u00f3rze Delegatura w Gorzowie Wielkopolskim, SARP Gorz\u00f3w Wielkopolski<\/p>\n\n\n\n<p><strong>Rejestracja zosta\u0142a zako\u0144czona z powodu zape\u0142nienia limitu os\u00f3b.<em>\u00a0<\/em><\/strong><br>Do udzia\u0142u w wydarzeniu zapraszamy wszystkie zarejestrowane osoby.<br><\/p>\n\n\n\n<p><\/p>\n\n\n\n<p><\/p>\n\n\n\n<figure data-wp-context=\"{&quot;imageId&quot;:&quot;69f1255e4867d&quot;}\" data-wp-interactive=\"core\/image\" data-wp-key=\"69f1255e4867d\" class=\"wp-block-image aligncenter size-large is-resized wp-lightbox-container\"><img loading=\"lazy\" decoding=\"async\" width=\"724\" height=\"1024\" data-wp-class--hide=\"state.isContentHidden\" data-wp-class--show=\"state.isContentVisible\" data-wp-init=\"callbacks.setButtonStyles\" data-wp-on--click=\"actions.showLightbox\" data-wp-on--load=\"callbacks.setButtonStyles\" data-wp-on-window--resize=\"callbacks.setButtonStyles\" src=\"https:\/\/nid.pl\/wp-content\/uploads\/2024\/11\/2024-Konfrontacje-konserwatorskie-architektura-i-budownictwo-drewniane-724x1024.jpg\" alt=\"\" class=\"wp-image-24086\" style=\"width:516px;height:auto\"\/><button\n\t\t\tclass=\"lightbox-trigger\"\n\t\t\ttype=\"button\"\n\t\t\taria-haspopup=\"dialog\"\n\t\t\taria-label=\"Enlarge\"\n\t\t\tdata-wp-init=\"callbacks.initTriggerButton\"\n\t\t\tdata-wp-on--click=\"actions.showLightbox\"\n\t\t\tdata-wp-style--right=\"state.imageButtonRight\"\n\t\t\tdata-wp-style--top=\"state.imageButtonTop\"\n\t\t>\n\t\t\t<svg xmlns=\"http:\/\/www.w3.org\/2000\/svg\" width=\"12\" height=\"12\" fill=\"none\" viewbox=\"0 0 12 12\">\n\t\t\t\t<path fill=\"#fff\" d=\"M2 0a2 2 0 0 0-2 2v2h1.5V2a.5.5 0 0 1 .5-.5h2V0H2Zm2 10.5H2a.5.5 0 0 1-.5-.5V8H0v2a2 2 0 0 0 2 2h2v-1.5ZM8 12v-1.5h2a.5.5 0 0 0 .5-.5V8H12v2a2 2 0 0 1-2 2H8Zm2-12a2 2 0 0 1 2 2v2h-1.5V2a.5.5 0 0 0-.5-.5H8V0h2Z\" \/>\n\t\t\t<\/svg>\n\t\t<\/button><\/figure>","protected":false},"excerpt":{"rendered":"<p>Zapraszamy na seminarium konserwatorskie, kt\u00f3re odb\u0119dzie si\u0119 4 grudnia br. w pa\u0142acu w Mierz\u0119cinie. Spotkanie przeznaczone jest dla in\u017cynier\u00f3w, konstruktor\u00f3w, architekt\u00f3w i budowniczych pracuj\u0105cych z historyczn\u0105 architektur\u0105 drewnian\u0105. Seminarium po\u015bwi\u0119cone [&hellip;]<\/p>","protected":false},"author":7,"featured_media":23805,"comment_status":"closed","ping_status":"closed","sticky":false,"template":"","format":"standard","meta":{"_et_pb_use_builder":"off","_et_pb_old_content":"","_et_gb_content_width":"","_monsterinsights_skip_tracking":false,"_monsterinsights_sitenote_active":false,"_monsterinsights_sitenote_note":"","_monsterinsights_sitenote_category":0,"footnotes":""},"categories":[3,1,77],"tags":[],"class_list":["post-23804","post","type-post","status-publish","format-standard","has-post-thumbnail","hentry","category-aktualnosci","category-bez-kategorii","category-centrum-architektury-drewnianej"],"yoast_head":"<!-- This site is optimized with the Yoast SEO plugin v26.5 - https:\/\/yoast.com\/wordpress\/plugins\/seo\/ -->\n<title>Seminarium \u201eKonfrontacje konserwatorskie \u2013 architektura i budownictwo drewniane\u201d\u00a0\u00a0 - NID<\/title>\n<meta name=\"robots\" content=\"index, follow, max-snippet:-1, max-image-preview:large, max-video-preview:-1\" \/>\n<link rel=\"canonical\" href=\"https:\/\/nid.pl\/en\/2024\/11\/26\/seminarium-konfrontacje-konserwatorskie\/\" \/>\n<meta property=\"og:locale\" content=\"en_GB\" \/>\n<meta property=\"og:type\" content=\"article\" \/>\n<meta property=\"og:title\" content=\"Seminarium \u201eKonfrontacje konserwatorskie \u2013 architektura i budownictwo drewniane\u201d\u00a0\u00a0 - NID\" \/>\n<meta property=\"og:description\" content=\"Zapraszamy na seminarium konserwatorskie, kt\u00f3re odb\u0119dzie si\u0119 4 grudnia br. w pa\u0142acu w Mierz\u0119cinie. Spotkanie przeznaczone jest dla in\u017cynier\u00f3w, konstruktor\u00f3w, architekt\u00f3w i budowniczych pracuj\u0105cych z historyczn\u0105 architektur\u0105 drewnian\u0105. Seminarium po\u015bwi\u0119cone [&hellip;]\" \/>\n<meta property=\"og:url\" content=\"https:\/\/nid.pl\/en\/2024\/11\/26\/seminarium-konfrontacje-konserwatorskie\/\" \/>\n<meta property=\"og:site_name\" content=\"NID\" \/>\n<meta property=\"article:publisher\" content=\"https:\/\/www.facebook.com\/zabytek\" \/>\n<meta property=\"article:published_time\" content=\"2024-11-26T08:13:00+00:00\" \/>\n<meta property=\"article:modified_time\" content=\"2024-11-26T13:09:27+00:00\" \/>\n<meta property=\"og:image\" content=\"https:\/\/nid.pl\/wp-content\/uploads\/2024\/11\/miniatura.jpg\" \/>\n\t<meta property=\"og:image:width\" content=\"811\" \/>\n\t<meta property=\"og:image:height\" content=\"540\" \/>\n\t<meta property=\"og:image:type\" content=\"image\/jpeg\" \/>\n<meta name=\"author\" content=\"Barbara Halliop\" \/>\n<meta name=\"twitter:card\" content=\"summary_large_image\" \/>\n<meta name=\"twitter:creator\" content=\"@NarIDpl\" \/>\n<meta name=\"twitter:site\" content=\"@NarIDpl\" \/>\n<meta name=\"twitter:label1\" content=\"Written by\" \/>\n\t<meta name=\"twitter:data1\" content=\"Barbara Halliop\" \/>\n\t<meta name=\"twitter:label2\" content=\"Estimated reading time\" \/>\n\t<meta name=\"twitter:data2\" content=\"4 minutes\" \/>\n<script type=\"application\/ld+json\" class=\"yoast-schema-graph\">{\"@context\":\"https:\/\/schema.org\",\"@graph\":[{\"@type\":\"Article\",\"@id\":\"https:\/\/nid.pl\/2024\/11\/26\/seminarium-konfrontacje-konserwatorskie\/#article\",\"isPartOf\":{\"@id\":\"https:\/\/nid.pl\/2024\/11\/26\/seminarium-konfrontacje-konserwatorskie\/\"},\"author\":{\"name\":\"Barbara Halliop\",\"@id\":\"https:\/\/nid.pl\/#\/schema\/person\/1b690a8998a5111cfb9f0ffe24195a15\"},\"headline\":\"Seminarium \u201eKonfrontacje konserwatorskie \u2013 architektura i budownictwo drewniane\u201d\u00a0\u00a0\",\"datePublished\":\"2024-11-26T08:13:00+00:00\",\"dateModified\":\"2024-11-26T13:09:27+00:00\",\"mainEntityOfPage\":{\"@id\":\"https:\/\/nid.pl\/2024\/11\/26\/seminarium-konfrontacje-konserwatorskie\/\"},\"wordCount\":612,\"publisher\":{\"@id\":\"https:\/\/nid.pl\/#organization\"},\"image\":{\"@id\":\"https:\/\/nid.pl\/2024\/11\/26\/seminarium-konfrontacje-konserwatorskie\/#primaryimage\"},\"thumbnailUrl\":\"https:\/\/nid.pl\/wp-content\/uploads\/2024\/11\/miniatura.jpg\",\"articleSection\":[\"Aktualno\u015bci\",\"Bez kategorii\",\"Centrum Architektury Drewnianej\"],\"inLanguage\":\"en-GB\"},{\"@type\":\"WebPage\",\"@id\":\"https:\/\/nid.pl\/2024\/11\/26\/seminarium-konfrontacje-konserwatorskie\/\",\"url\":\"https:\/\/nid.pl\/2024\/11\/26\/seminarium-konfrontacje-konserwatorskie\/\",\"name\":\"Seminarium \u201eKonfrontacje konserwatorskie \u2013 architektura i budownictwo drewniane\u201d\u00a0\u00a0 - NID\",\"isPartOf\":{\"@id\":\"https:\/\/nid.pl\/#website\"},\"primaryImageOfPage\":{\"@id\":\"https:\/\/nid.pl\/2024\/11\/26\/seminarium-konfrontacje-konserwatorskie\/#primaryimage\"},\"image\":{\"@id\":\"https:\/\/nid.pl\/2024\/11\/26\/seminarium-konfrontacje-konserwatorskie\/#primaryimage\"},\"thumbnailUrl\":\"https:\/\/nid.pl\/wp-content\/uploads\/2024\/11\/miniatura.jpg\",\"datePublished\":\"2024-11-26T08:13:00+00:00\",\"dateModified\":\"2024-11-26T13:09:27+00:00\",\"breadcrumb\":{\"@id\":\"https:\/\/nid.pl\/2024\/11\/26\/seminarium-konfrontacje-konserwatorskie\/#breadcrumb\"},\"inLanguage\":\"en-GB\",\"potentialAction\":[{\"@type\":\"ReadAction\",\"target\":[\"https:\/\/nid.pl\/2024\/11\/26\/seminarium-konfrontacje-konserwatorskie\/\"]}]},{\"@type\":\"ImageObject\",\"inLanguage\":\"en-GB\",\"@id\":\"https:\/\/nid.pl\/2024\/11\/26\/seminarium-konfrontacje-konserwatorskie\/#primaryimage\",\"url\":\"https:\/\/nid.pl\/wp-content\/uploads\/2024\/11\/miniatura.jpg\",\"contentUrl\":\"https:\/\/nid.pl\/wp-content\/uploads\/2024\/11\/miniatura.jpg\",\"width\":811,\"height\":540,\"caption\":\"drewno\"},{\"@type\":\"BreadcrumbList\",\"@id\":\"https:\/\/nid.pl\/2024\/11\/26\/seminarium-konfrontacje-konserwatorskie\/#breadcrumb\",\"itemListElement\":[{\"@type\":\"ListItem\",\"position\":1,\"name\":\"Home\",\"item\":\"https:\/\/nid.pl\/\"},{\"@type\":\"ListItem\",\"position\":2,\"name\":\"Seminarium \u201eKonfrontacje konserwatorskie \u2013 architektura i budownictwo drewniane\u201d\u00a0\u00a0\"}]},{\"@type\":\"WebSite\",\"@id\":\"https:\/\/nid.pl\/#website\",\"url\":\"https:\/\/nid.pl\/\",\"name\":\"NID\",\"description\":\"Narodowy Instytut Dziedzictwa\",\"publisher\":{\"@id\":\"https:\/\/nid.pl\/#organization\"},\"potentialAction\":[{\"@type\":\"SearchAction\",\"target\":{\"@type\":\"EntryPoint\",\"urlTemplate\":\"https:\/\/nid.pl\/?s={search_term_string}\"},\"query-input\":{\"@type\":\"PropertyValueSpecification\",\"valueRequired\":true,\"valueName\":\"search_term_string\"}}],\"inLanguage\":\"en-GB\"},{\"@type\":\"Organization\",\"@id\":\"https:\/\/nid.pl\/#organization\",\"name\":\"Narodowy Instytut Dziedzictwa\",\"url\":\"https:\/\/nid.pl\/\",\"logo\":{\"@type\":\"ImageObject\",\"inLanguage\":\"en-GB\",\"@id\":\"https:\/\/nid.pl\/#\/schema\/logo\/image\/\",\"url\":\"https:\/\/nid.pl\/wp-content\/uploads\/2022\/10\/logoRedDark.png\",\"contentUrl\":\"https:\/\/nid.pl\/wp-content\/uploads\/2022\/10\/logoRedDark.png\",\"width\":200,\"height\":197,\"caption\":\"Narodowy Instytut Dziedzictwa\"},\"image\":{\"@id\":\"https:\/\/nid.pl\/#\/schema\/logo\/image\/\"},\"sameAs\":[\"https:\/\/www.facebook.com\/zabytek\",\"https:\/\/x.com\/NarIDpl\",\"https:\/\/www.instagram.com\/nid.pl\/?hl=pl\",\"https:\/\/www.linkedin.com\/company\/narodowy-instytut-dziedzictwa\",\"https:\/\/www.youtube.com\/channel\/UCQXuhKa2uHtmNvLRUSx40JA\"]},{\"@type\":\"Person\",\"@id\":\"https:\/\/nid.pl\/#\/schema\/person\/1b690a8998a5111cfb9f0ffe24195a15\",\"name\":\"Barbara Halliop\",\"image\":{\"@type\":\"ImageObject\",\"inLanguage\":\"en-GB\",\"@id\":\"https:\/\/nid.pl\/#\/schema\/person\/image\/\",\"url\":\"https:\/\/nid.pl\/wp-content\/litespeed\/avatar\/924046d17dd0c842c9fa9ccf489bc6dc.jpg?ver=1776840122\",\"contentUrl\":\"https:\/\/nid.pl\/wp-content\/litespeed\/avatar\/924046d17dd0c842c9fa9ccf489bc6dc.jpg?ver=1776840122\",\"caption\":\"Barbara Halliop\"},\"url\":\"https:\/\/nid.pl\/en\/author\/bhalliop\/\"}]}<\/script>\n<!-- \/ Yoast SEO plugin. -->","yoast_head_json":{"title":"Seminarium \u201eKonfrontacje konserwatorskie \u2013 architektura i budownictwo drewniane\u201d\u00a0\u00a0 - NID","robots":{"index":"index","follow":"follow","max-snippet":"max-snippet:-1","max-image-preview":"max-image-preview:large","max-video-preview":"max-video-preview:-1"},"canonical":"https:\/\/nid.pl\/en\/2024\/11\/26\/seminarium-konfrontacje-konserwatorskie\/","og_locale":"en_GB","og_type":"article","og_title":"Seminarium \u201eKonfrontacje konserwatorskie \u2013 architektura i budownictwo drewniane\u201d\u00a0\u00a0 - NID","og_description":"Zapraszamy na seminarium konserwatorskie, kt\u00f3re odb\u0119dzie si\u0119 4 grudnia br. w pa\u0142acu w Mierz\u0119cinie. Spotkanie przeznaczone jest dla in\u017cynier\u00f3w, konstruktor\u00f3w, architekt\u00f3w i budowniczych pracuj\u0105cych z historyczn\u0105 architektur\u0105 drewnian\u0105. Seminarium po\u015bwi\u0119cone [&hellip;]","og_url":"https:\/\/nid.pl\/en\/2024\/11\/26\/seminarium-konfrontacje-konserwatorskie\/","og_site_name":"NID","article_publisher":"https:\/\/www.facebook.com\/zabytek","article_published_time":"2024-11-26T08:13:00+00:00","article_modified_time":"2024-11-26T13:09:27+00:00","og_image":[{"width":811,"height":540,"url":"https:\/\/nid.pl\/wp-content\/uploads\/2024\/11\/miniatura.jpg","type":"image\/jpeg"}],"author":"Barbara Halliop","twitter_card":"summary_large_image","twitter_creator":"@NarIDpl","twitter_site":"@NarIDpl","twitter_misc":{"Written by":"Barbara Halliop","Estimated reading time":"4 minutes"},"schema":{"@context":"https:\/\/schema.org","@graph":[{"@type":"Article","@id":"https:\/\/nid.pl\/2024\/11\/26\/seminarium-konfrontacje-konserwatorskie\/#article","isPartOf":{"@id":"https:\/\/nid.pl\/2024\/11\/26\/seminarium-konfrontacje-konserwatorskie\/"},"author":{"name":"Barbara Halliop","@id":"https:\/\/nid.pl\/#\/schema\/person\/1b690a8998a5111cfb9f0ffe24195a15"},"headline":"Seminarium \u201eKonfrontacje konserwatorskie \u2013 architektura i budownictwo drewniane\u201d\u00a0\u00a0","datePublished":"2024-11-26T08:13:00+00:00","dateModified":"2024-11-26T13:09:27+00:00","mainEntityOfPage":{"@id":"https:\/\/nid.pl\/2024\/11\/26\/seminarium-konfrontacje-konserwatorskie\/"},"wordCount":612,"publisher":{"@id":"https:\/\/nid.pl\/#organization"},"image":{"@id":"https:\/\/nid.pl\/2024\/11\/26\/seminarium-konfrontacje-konserwatorskie\/#primaryimage"},"thumbnailUrl":"https:\/\/nid.pl\/wp-content\/uploads\/2024\/11\/miniatura.jpg","articleSection":["Aktualno\u015bci","Bez kategorii","Centrum Architektury Drewnianej"],"inLanguage":"en-GB"},{"@type":"WebPage","@id":"https:\/\/nid.pl\/2024\/11\/26\/seminarium-konfrontacje-konserwatorskie\/","url":"https:\/\/nid.pl\/2024\/11\/26\/seminarium-konfrontacje-konserwatorskie\/","name":"Seminarium \u201eKonfrontacje konserwatorskie \u2013 architektura i budownictwo drewniane\u201d\u00a0\u00a0 - NID","isPartOf":{"@id":"https:\/\/nid.pl\/#website"},"primaryImageOfPage":{"@id":"https:\/\/nid.pl\/2024\/11\/26\/seminarium-konfrontacje-konserwatorskie\/#primaryimage"},"image":{"@id":"https:\/\/nid.pl\/2024\/11\/26\/seminarium-konfrontacje-konserwatorskie\/#primaryimage"},"thumbnailUrl":"https:\/\/nid.pl\/wp-content\/uploads\/2024\/11\/miniatura.jpg","datePublished":"2024-11-26T08:13:00+00:00","dateModified":"2024-11-26T13:09:27+00:00","breadcrumb":{"@id":"https:\/\/nid.pl\/2024\/11\/26\/seminarium-konfrontacje-konserwatorskie\/#breadcrumb"},"inLanguage":"en-GB","potentialAction":[{"@type":"ReadAction","target":["https:\/\/nid.pl\/2024\/11\/26\/seminarium-konfrontacje-konserwatorskie\/"]}]},{"@type":"ImageObject","inLanguage":"en-GB","@id":"https:\/\/nid.pl\/2024\/11\/26\/seminarium-konfrontacje-konserwatorskie\/#primaryimage","url":"https:\/\/nid.pl\/wp-content\/uploads\/2024\/11\/miniatura.jpg","contentUrl":"https:\/\/nid.pl\/wp-content\/uploads\/2024\/11\/miniatura.jpg","width":811,"height":540,"caption":"drewno"},{"@type":"BreadcrumbList","@id":"https:\/\/nid.pl\/2024\/11\/26\/seminarium-konfrontacje-konserwatorskie\/#breadcrumb","itemListElement":[{"@type":"ListItem","position":1,"name":"Home","item":"https:\/\/nid.pl\/"},{"@type":"ListItem","position":2,"name":"Seminarium \u201eKonfrontacje konserwatorskie \u2013 architektura i budownictwo drewniane\u201d\u00a0\u00a0"}]},{"@type":"WebSite","@id":"https:\/\/nid.pl\/#website","url":"https:\/\/nid.pl\/","name":"NID","description":"Narodowy Instytut Dziedzictwa","publisher":{"@id":"https:\/\/nid.pl\/#organization"},"potentialAction":[{"@type":"SearchAction","target":{"@type":"EntryPoint","urlTemplate":"https:\/\/nid.pl\/?s={search_term_string}"},"query-input":{"@type":"PropertyValueSpecification","valueRequired":true,"valueName":"search_term_string"}}],"inLanguage":"en-GB"},{"@type":"Organization","@id":"https:\/\/nid.pl\/#organization","name":"Narodowy Instytut Dziedzictwa","url":"https:\/\/nid.pl\/","logo":{"@type":"ImageObject","inLanguage":"en-GB","@id":"https:\/\/nid.pl\/#\/schema\/logo\/image\/","url":"https:\/\/nid.pl\/wp-content\/uploads\/2022\/10\/logoRedDark.png","contentUrl":"https:\/\/nid.pl\/wp-content\/uploads\/2022\/10\/logoRedDark.png","width":200,"height":197,"caption":"Narodowy Instytut Dziedzictwa"},"image":{"@id":"https:\/\/nid.pl\/#\/schema\/logo\/image\/"},"sameAs":["https:\/\/www.facebook.com\/zabytek","https:\/\/x.com\/NarIDpl","https:\/\/www.instagram.com\/nid.pl\/?hl=pl","https:\/\/www.linkedin.com\/company\/narodowy-instytut-dziedzictwa","https:\/\/www.youtube.com\/channel\/UCQXuhKa2uHtmNvLRUSx40JA"]},{"@type":"Person","@id":"https:\/\/nid.pl\/#\/schema\/person\/1b690a8998a5111cfb9f0ffe24195a15","name":"Barbara Halliop","image":{"@type":"ImageObject","inLanguage":"en-GB","@id":"https:\/\/nid.pl\/#\/schema\/person\/image\/","url":"https:\/\/nid.pl\/wp-content\/litespeed\/avatar\/924046d17dd0c842c9fa9ccf489bc6dc.jpg?ver=1776840122","contentUrl":"https:\/\/nid.pl\/wp-content\/litespeed\/avatar\/924046d17dd0c842c9fa9ccf489bc6dc.jpg?ver=1776840122","caption":"Barbara Halliop"},"url":"https:\/\/nid.pl\/en\/author\/bhalliop\/"}]}},"_links":{"self":[{"href":"https:\/\/nid.pl\/en\/wp-json\/wp\/v2\/posts\/23804","targetHints":{"allow":["GET"]}}],"collection":[{"href":"https:\/\/nid.pl\/en\/wp-json\/wp\/v2\/posts"}],"about":[{"href":"https:\/\/nid.pl\/en\/wp-json\/wp\/v2\/types\/post"}],"author":[{"embeddable":true,"href":"https:\/\/nid.pl\/en\/wp-json\/wp\/v2\/users\/7"}],"replies":[{"embeddable":true,"href":"https:\/\/nid.pl\/en\/wp-json\/wp\/v2\/comments?post=23804"}],"version-history":[{"count":0,"href":"https:\/\/nid.pl\/en\/wp-json\/wp\/v2\/posts\/23804\/revisions"}],"wp:featuredmedia":[{"embeddable":true,"href":"https:\/\/nid.pl\/en\/wp-json\/wp\/v2\/media\/23805"}],"wp:attachment":[{"href":"https:\/\/nid.pl\/en\/wp-json\/wp\/v2\/media?parent=23804"}],"wp:term":[{"taxonomy":"category","embeddable":true,"href":"https:\/\/nid.pl\/en\/wp-json\/wp\/v2\/categories?post=23804"},{"taxonomy":"post_tag","embeddable":true,"href":"https:\/\/nid.pl\/en\/wp-json\/wp\/v2\/tags?post=23804"}],"curies":[{"name":"wp","href":"https:\/\/api.w.org\/{rel}","templated":true}]}}