{"id":23761,"date":"2024-11-13T15:24:29","date_gmt":"2024-11-13T14:24:29","guid":{"rendered":"https:\/\/nid.pl\/?p=23761"},"modified":"2024-11-13T16:19:39","modified_gmt":"2024-11-13T15:19:39","slug":"premiera-ksiazki-modernistyczna-willa-poradnik-dla-wlascicieli-i-uzytkownikow-katarzyny-lakomy","status":"publish","type":"post","link":"https:\/\/nid.pl\/en\/2024\/11\/13\/premiera-ksiazki-modernistyczna-willa-poradnik-dla-wlascicieli-i-uzytkownikow-katarzyny-lakomy\/","title":{"rendered":"Premiera ksi\u0105\u017cki Modernistyczna willa. Poradnik dla w\u0142a\u015bcicieli i u\u017cytkownik\u00f3w Katarzyny \u0141akomy\u00a0"},"content":{"rendered":"<p><strong>Zapraszamy na premier\u0119 ksi\u0105\u017cki <\/strong><strong><em>Modernistyczna willa. Poradnik dla w\u0142a\u015bcicieli i u\u017cytkownik\u00f3w<\/em><\/strong><strong> i spotkanie z autork\u0105, Katarzyn\u0105 \u0141akomy, kt\u00f3re odb\u0119d\u0105 si\u0119 podczas targ\u00f3w ksi\u0105\u017cek o architekturze <\/strong><strong>BAZARCH<\/strong><strong> w Warszawie 16 listopada o godz. 14.30. Wst\u0119p na wydarzenie jest wolny. Od tego dnia publikacja b\u0119dzie dost\u0119pna do bezp\u0142atnego pobrania w wersji cyfrowej lub do zakupienia w wersji papierowej.<\/strong>&nbsp;<\/p>\n\n\n\n<p><em>Modernistyczna willa. Poradnik dla w\u0142a\u015bcicieli i u\u017cytkownik\u00f3w<\/em> Katarzyny \u0141akomy to kompleksowy przewodnik po przedwojennych modernistycznych willach, napisany z my\u015bl\u0105 o w\u0142a\u015bcicielach i zarz\u0105dcach oraz wszystkich entuzjastach modernizmu, kt\u00f3ry w ostatnich latach prze\u017cywa sw\u00f3j renesans i przyci\u0105ga uwag\u0119 nie tylko profesjonalist\u00f3w, ale i szerokiego grona pasjonat\u00f3w.&nbsp;<\/p>\n\n\n\n<p><\/p>\n\n\n\n<p><\/p>\n\n\n\n<div class=\"wp-block-columns is-layout-flex wp-container-core-columns-is-layout-9d6595d7 wp-block-columns-is-layout-flex\">\n<div class=\"wp-block-column is-layout-flow wp-block-column-is-layout-flow\">\n<figure class=\"wp-block-image aligncenter size-large is-resized\"><img loading=\"lazy\" decoding=\"async\" width=\"1024\" height=\"1024\" src=\"https:\/\/nid.pl\/wp-content\/uploads\/2024\/11\/katarzyna-lakomy-foto-na-ww-1024x1024.jpg\" alt=\"\" class=\"wp-image-23762\" style=\"width:344px;height:auto\" srcset=\"https:\/\/nid.pl\/wp-content\/uploads\/2024\/11\/katarzyna-lakomy-foto-na-ww-1024x1024.jpg 1024w, https:\/\/nid.pl\/wp-content\/uploads\/2024\/11\/katarzyna-lakomy-foto-na-ww-980x980.jpg 980w, https:\/\/nid.pl\/wp-content\/uploads\/2024\/11\/katarzyna-lakomy-foto-na-ww-480x480.jpg 480w\" sizes=\"(min-width: 0px) and (max-width: 480px) 480px, (min-width: 481px) and (max-width: 980px) 980px, (min-width: 981px) 1024px, 100vw\" \/><\/figure>\n<\/div>\n\n\n\n<div class=\"wp-block-column is-vertically-aligned-center is-layout-flow wp-block-column-is-layout-flow\">\n<p><strong>Dr hab. Katarzyna \u0141akomy<\/strong>, prof. Politechniki Krakowskiej \u2013 to architektka i urbanistka, specjalizuj\u0105ca si\u0119 w zagadnieniach konserwacji i rewaloryzacji dziedzictwa kulturowego, w szczeg\u00f3lno\u015bci za\u0142o\u017ce\u0144 pa\u0142acowych i willowych, struktur miejskich i zieleni historycznej. W naszej najnowszej publikacji analizuje histori\u0119 i za\u0142o\u017cenia modernizmu oraz szczeg\u00f3\u0142owo opisuje modernistyczne wille, niezwykle cenne dziedzictwo mi\u0119dzywojennej Polski. Autorka zabiera nas w podr\u00f3\u017c do miast, w kt\u00f3rych znajduje si\u0119 szczeg\u00f3lnie wiele tych wyj\u0105tkowych zabytk\u00f3w \u2013 do Gdyni, Katowic, Krakowa, Lwowa, Warszawy i Wroc\u0142awia \u2013 a bogaty materia\u0142 ilustracyjny u\u0142atwia poznawanie modernistycznej estetyki.&nbsp;<\/p>\n\n\n\n<p>Bardzo wa\u017cn\u0105 cz\u0119\u015bci\u0105 publikacji jest om\u00f3wienie praktycznych aspekt\u00f3w utrzymania modernistycznych willi. Autorka opisuje problemy zwi\u0105zane z ich konserwacj\u0105, przedstawia zasady ochrony prawnej oraz proponuje rozwi\u0105zania dostosowuj\u0105ce budynki do wymaga\u0144 wsp\u00f3\u0142czesnych u\u017cytkownik\u00f3w, kt\u00f3re jednocze\u015bnie nie naruszaj\u0105 oryginalnego charakteru willi.&nbsp;<\/p>\n<\/div>\n<\/div>\n\n\n\n<p><\/p>\n\n\n\n<p><\/p>\n\n\n\n<p>Ju\u017c 16 listopada o godz. 14.30, na targach BAZARCH<strong> <\/strong>w Warszawie odb\u0119dzie si\u0119 premiera ksi\u0105\u017cki i spotkanie z autork\u0105. Wi\u0119cej informacji o wydarzeniu znajdziesz na naszym <a href=\"https:\/\/www.facebook.com\/events\/446796844744748?acontext=%7B%22event_action_history%22%3A[]%7D\" target=\"_blank\" rel=\"noreferrer noopener\">Facebooku.<\/a>&nbsp;<\/p>\n\n\n\n<p><strong><a href=\"https:\/\/komuna.warszawa.pl\/events\/bazarch\/\" target=\"_blank\" rel=\"noreferrer noopener\">Targi BAZARCH<\/a> <\/strong>odb\u0119d\u0105 si\u0119 w budynku Teatru Komuna Warszawa. Podczas wydarzenia mo\u017cna b\u0119dzie zobaczy\u0107 tak\u017ce inne nasze nowe wydawnictwa po\u015bwi\u0119cone architekturze, planowaniu przestrzennemu, ekologii, budownictwu, krajobrazowi, zabytkom czy sztuce w przestrzeni publicznej.&nbsp;<\/p>\n\n\n\n<p>Od 16 listopada na stronie <a href=\"https:\/\/ksiegarnia.nid.pl\/\" target=\"_blank\" rel=\"noreferrer noopener\"><strong>Ksi\u0119garni NID<\/strong><\/a> ksi\u0105\u017ck\u0119 <em>Modernistyczna willa. Poradnik dla w\u0142a\u015bcicieli i u\u017cytkownik\u00f3w <\/em>b\u0119dzie mo\u017cna bezp\u0142atnie pobra\u0107 lub \u2013 za op\u0142at\u0105 \u2013 zam\u00f3wi\u0107 w wersji papierowej.&nbsp;<\/p>\n\n\n\n<p><em>Modernistyczna willa<\/em> to publikacja obowi\u0105zkowa dla ka\u017cdego, kto chce pog\u0142\u0119bi\u0107 swoj\u0105 wiedz\u0119 o modernizmie i pragnie przyczyni\u0107 si\u0119 do zachowania tych wyj\u0105tkowych obiekt\u00f3w dla przysz\u0142ych pokole\u0144.&nbsp;<\/p>\n\n\n\n<p><\/p>\n\n\n\n<p><\/p>\n\n\n\n<figure class=\"wp-block-image size-large\"><img loading=\"lazy\" decoding=\"async\" width=\"1024\" height=\"256\" src=\"https:\/\/nid.pl\/wp-content\/uploads\/2024\/11\/grafika-na-www-NID-modernistyczna-willa-3-1024x256.jpg\" alt=\"\" class=\"wp-image-23787\" srcset=\"https:\/\/nid.pl\/wp-content\/uploads\/2024\/11\/grafika-na-www-NID-modernistyczna-willa-3-980x245.jpg 980w, https:\/\/nid.pl\/wp-content\/uploads\/2024\/11\/grafika-na-www-NID-modernistyczna-willa-3-480x120.jpg 480w\" sizes=\"(min-width: 0px) and (max-width: 480px) 480px, (min-width: 481px) and (max-width: 980px) 980px, (min-width: 981px) 1024px, 100vw\" \/><\/figure>\n\n\n\n<p><\/p>\n\n\n\n<p><\/p>","protected":false},"excerpt":{"rendered":"<p>Zapraszamy na premier\u0119 ksi\u0105\u017cki Modernistyczna willa. Poradnik dla w\u0142a\u015bcicieli i u\u017cytkownik\u00f3w i spotkanie z autork\u0105, Katarzyn\u0105 \u0141akomy, kt\u00f3re odb\u0119d\u0105 si\u0119 podczas targ\u00f3w ksi\u0105\u017cek o architekturze BAZARCH w Warszawie 16 listopada [&hellip;]<\/p>","protected":false},"author":15,"featured_media":23775,"comment_status":"closed","ping_status":"closed","sticky":false,"template":"","format":"standard","meta":{"_et_pb_use_builder":"off","_et_pb_old_content":"","_et_gb_content_width":"","_monsterinsights_skip_tracking":false,"_monsterinsights_sitenote_active":false,"_monsterinsights_sitenote_note":"","_monsterinsights_sitenote_category":0,"footnotes":""},"categories":[3],"tags":[],"class_list":["post-23761","post","type-post","status-publish","format-standard","has-post-thumbnail","hentry","category-aktualnosci"],"yoast_head":"<!-- This site is optimized with the Yoast SEO plugin v26.5 - https:\/\/yoast.com\/wordpress\/plugins\/seo\/ -->\n<title>Premiera ksi\u0105\u017cki Modernistyczna willa. Poradnik dla w\u0142a\u015bcicieli i u\u017cytkownik\u00f3w Katarzyny \u0141akomy\u00a0 - NID<\/title>\n<meta name=\"robots\" content=\"index, follow, max-snippet:-1, max-image-preview:large, max-video-preview:-1\" \/>\n<link rel=\"canonical\" href=\"https:\/\/nid.pl\/en\/2024\/11\/13\/premiera-ksiazki-modernistyczna-willa-poradnik-dla-wlascicieli-i-uzytkownikow-katarzyny-lakomy\/\" \/>\n<meta property=\"og:locale\" content=\"en_GB\" \/>\n<meta property=\"og:type\" content=\"article\" \/>\n<meta property=\"og:title\" content=\"Premiera ksi\u0105\u017cki Modernistyczna willa. Poradnik dla w\u0142a\u015bcicieli i u\u017cytkownik\u00f3w Katarzyny \u0141akomy\u00a0 - NID\" \/>\n<meta property=\"og:description\" content=\"Zapraszamy na premier\u0119 ksi\u0105\u017cki Modernistyczna willa. Poradnik dla w\u0142a\u015bcicieli i u\u017cytkownik\u00f3w i spotkanie z autork\u0105, Katarzyn\u0105 \u0141akomy, kt\u00f3re odb\u0119d\u0105 si\u0119 podczas targ\u00f3w ksi\u0105\u017cek o architekturze BAZARCH w Warszawie 16 listopada [&hellip;]\" \/>\n<meta property=\"og:url\" content=\"https:\/\/nid.pl\/en\/2024\/11\/13\/premiera-ksiazki-modernistyczna-willa-poradnik-dla-wlascicieli-i-uzytkownikow-katarzyny-lakomy\/\" \/>\n<meta property=\"og:site_name\" content=\"NID\" \/>\n<meta property=\"article:publisher\" content=\"https:\/\/www.facebook.com\/zabytek\" \/>\n<meta property=\"article:published_time\" content=\"2024-11-13T14:24:29+00:00\" \/>\n<meta property=\"article:modified_time\" content=\"2024-11-13T15:19:39+00:00\" \/>\n<meta property=\"og:image\" content=\"https:\/\/nid.pl\/wp-content\/uploads\/2024\/11\/miniaturka-Modernistyczna-willa-bez-tekstu.jpg\" \/>\n\t<meta property=\"og:image:width\" content=\"1857\" \/>\n\t<meta property=\"og:image:height\" content=\"1238\" \/>\n\t<meta property=\"og:image:type\" content=\"image\/jpeg\" \/>\n<meta name=\"author\" content=\"Monika Ciura\" \/>\n<meta name=\"twitter:card\" content=\"summary_large_image\" \/>\n<meta name=\"twitter:creator\" content=\"@NarIDpl\" \/>\n<meta name=\"twitter:site\" content=\"@NarIDpl\" \/>\n<meta name=\"twitter:label1\" content=\"Written by\" \/>\n\t<meta name=\"twitter:data1\" content=\"Monika Ciura\" \/>\n\t<meta name=\"twitter:label2\" content=\"Estimated reading time\" \/>\n\t<meta name=\"twitter:data2\" content=\"3 minutes\" \/>\n<script type=\"application\/ld+json\" class=\"yoast-schema-graph\">{\"@context\":\"https:\/\/schema.org\",\"@graph\":[{\"@type\":\"Article\",\"@id\":\"https:\/\/nid.pl\/2024\/11\/13\/premiera-ksiazki-modernistyczna-willa-poradnik-dla-wlascicieli-i-uzytkownikow-katarzyny-lakomy\/#article\",\"isPartOf\":{\"@id\":\"https:\/\/nid.pl\/2024\/11\/13\/premiera-ksiazki-modernistyczna-willa-poradnik-dla-wlascicieli-i-uzytkownikow-katarzyny-lakomy\/\"},\"author\":{\"name\":\"Monika Ciura\",\"@id\":\"https:\/\/nid.pl\/#\/schema\/person\/ab9abea4caecdccde4fb0d555271145f\"},\"headline\":\"Premiera ksi\u0105\u017cki Modernistyczna willa. Poradnik dla w\u0142a\u015bcicieli i u\u017cytkownik\u00f3w Katarzyny \u0141akomy\u00a0\",\"datePublished\":\"2024-11-13T14:24:29+00:00\",\"dateModified\":\"2024-11-13T15:19:39+00:00\",\"mainEntityOfPage\":{\"@id\":\"https:\/\/nid.pl\/2024\/11\/13\/premiera-ksiazki-modernistyczna-willa-poradnik-dla-wlascicieli-i-uzytkownikow-katarzyny-lakomy\/\"},\"wordCount\":432,\"publisher\":{\"@id\":\"https:\/\/nid.pl\/#organization\"},\"image\":{\"@id\":\"https:\/\/nid.pl\/2024\/11\/13\/premiera-ksiazki-modernistyczna-willa-poradnik-dla-wlascicieli-i-uzytkownikow-katarzyny-lakomy\/#primaryimage\"},\"thumbnailUrl\":\"https:\/\/nid.pl\/wp-content\/uploads\/2024\/11\/miniaturka-Modernistyczna-willa-bez-tekstu.jpg\",\"articleSection\":[\"Aktualno\u015bci\"],\"inLanguage\":\"en-GB\"},{\"@type\":\"WebPage\",\"@id\":\"https:\/\/nid.pl\/2024\/11\/13\/premiera-ksiazki-modernistyczna-willa-poradnik-dla-wlascicieli-i-uzytkownikow-katarzyny-lakomy\/\",\"url\":\"https:\/\/nid.pl\/2024\/11\/13\/premiera-ksiazki-modernistyczna-willa-poradnik-dla-wlascicieli-i-uzytkownikow-katarzyny-lakomy\/\",\"name\":\"Premiera ksi\u0105\u017cki Modernistyczna willa. Poradnik dla w\u0142a\u015bcicieli i u\u017cytkownik\u00f3w Katarzyny \u0141akomy\u00a0 - NID\",\"isPartOf\":{\"@id\":\"https:\/\/nid.pl\/#website\"},\"primaryImageOfPage\":{\"@id\":\"https:\/\/nid.pl\/2024\/11\/13\/premiera-ksiazki-modernistyczna-willa-poradnik-dla-wlascicieli-i-uzytkownikow-katarzyny-lakomy\/#primaryimage\"},\"image\":{\"@id\":\"https:\/\/nid.pl\/2024\/11\/13\/premiera-ksiazki-modernistyczna-willa-poradnik-dla-wlascicieli-i-uzytkownikow-katarzyny-lakomy\/#primaryimage\"},\"thumbnailUrl\":\"https:\/\/nid.pl\/wp-content\/uploads\/2024\/11\/miniaturka-Modernistyczna-willa-bez-tekstu.jpg\",\"datePublished\":\"2024-11-13T14:24:29+00:00\",\"dateModified\":\"2024-11-13T15:19:39+00:00\",\"breadcrumb\":{\"@id\":\"https:\/\/nid.pl\/2024\/11\/13\/premiera-ksiazki-modernistyczna-willa-poradnik-dla-wlascicieli-i-uzytkownikow-katarzyny-lakomy\/#breadcrumb\"},\"inLanguage\":\"en-GB\",\"potentialAction\":[{\"@type\":\"ReadAction\",\"target\":[\"https:\/\/nid.pl\/2024\/11\/13\/premiera-ksiazki-modernistyczna-willa-poradnik-dla-wlascicieli-i-uzytkownikow-katarzyny-lakomy\/\"]}]},{\"@type\":\"ImageObject\",\"inLanguage\":\"en-GB\",\"@id\":\"https:\/\/nid.pl\/2024\/11\/13\/premiera-ksiazki-modernistyczna-willa-poradnik-dla-wlascicieli-i-uzytkownikow-katarzyny-lakomy\/#primaryimage\",\"url\":\"https:\/\/nid.pl\/wp-content\/uploads\/2024\/11\/miniaturka-Modernistyczna-willa-bez-tekstu.jpg\",\"contentUrl\":\"https:\/\/nid.pl\/wp-content\/uploads\/2024\/11\/miniaturka-Modernistyczna-willa-bez-tekstu.jpg\",\"width\":1857,\"height\":1238,\"caption\":\"miniaturka Modernistyczna willa\"},{\"@type\":\"BreadcrumbList\",\"@id\":\"https:\/\/nid.pl\/2024\/11\/13\/premiera-ksiazki-modernistyczna-willa-poradnik-dla-wlascicieli-i-uzytkownikow-katarzyny-lakomy\/#breadcrumb\",\"itemListElement\":[{\"@type\":\"ListItem\",\"position\":1,\"name\":\"Home\",\"item\":\"https:\/\/nid.pl\/\"},{\"@type\":\"ListItem\",\"position\":2,\"name\":\"Premiera ksi\u0105\u017cki Modernistyczna willa. Poradnik dla w\u0142a\u015bcicieli i u\u017cytkownik\u00f3w Katarzyny \u0141akomy\u00a0\"}]},{\"@type\":\"WebSite\",\"@id\":\"https:\/\/nid.pl\/#website\",\"url\":\"https:\/\/nid.pl\/\",\"name\":\"NID\",\"description\":\"Narodowy Instytut Dziedzictwa\",\"publisher\":{\"@id\":\"https:\/\/nid.pl\/#organization\"},\"potentialAction\":[{\"@type\":\"SearchAction\",\"target\":{\"@type\":\"EntryPoint\",\"urlTemplate\":\"https:\/\/nid.pl\/?s={search_term_string}\"},\"query-input\":{\"@type\":\"PropertyValueSpecification\",\"valueRequired\":true,\"valueName\":\"search_term_string\"}}],\"inLanguage\":\"en-GB\"},{\"@type\":\"Organization\",\"@id\":\"https:\/\/nid.pl\/#organization\",\"name\":\"Narodowy Instytut Dziedzictwa\",\"url\":\"https:\/\/nid.pl\/\",\"logo\":{\"@type\":\"ImageObject\",\"inLanguage\":\"en-GB\",\"@id\":\"https:\/\/nid.pl\/#\/schema\/logo\/image\/\",\"url\":\"https:\/\/nid.pl\/wp-content\/uploads\/2022\/10\/logoRedDark.png\",\"contentUrl\":\"https:\/\/nid.pl\/wp-content\/uploads\/2022\/10\/logoRedDark.png\",\"width\":200,\"height\":197,\"caption\":\"Narodowy Instytut Dziedzictwa\"},\"image\":{\"@id\":\"https:\/\/nid.pl\/#\/schema\/logo\/image\/\"},\"sameAs\":[\"https:\/\/www.facebook.com\/zabytek\",\"https:\/\/x.com\/NarIDpl\",\"https:\/\/www.instagram.com\/nid.pl\/?hl=pl\",\"https:\/\/www.linkedin.com\/company\/narodowy-instytut-dziedzictwa\",\"https:\/\/www.youtube.com\/channel\/UCQXuhKa2uHtmNvLRUSx40JA\"]},{\"@type\":\"Person\",\"@id\":\"https:\/\/nid.pl\/#\/schema\/person\/ab9abea4caecdccde4fb0d555271145f\",\"name\":\"Monika Ciura\",\"image\":{\"@type\":\"ImageObject\",\"inLanguage\":\"en-GB\",\"@id\":\"https:\/\/nid.pl\/#\/schema\/person\/image\/\",\"url\":\"https:\/\/nid.pl\/wp-content\/litespeed\/avatar\/bfdb15d1cc317fac4b66bdc91090ff11.jpg?ver=1777445370\",\"contentUrl\":\"https:\/\/nid.pl\/wp-content\/litespeed\/avatar\/bfdb15d1cc317fac4b66bdc91090ff11.jpg?ver=1777445370\",\"caption\":\"Monika Ciura\"},\"url\":\"https:\/\/nid.pl\/en\/author\/mciura\/\"}]}<\/script>\n<!-- \/ Yoast SEO plugin. -->","yoast_head_json":{"title":"Premiera ksi\u0105\u017cki Modernistyczna willa. Poradnik dla w\u0142a\u015bcicieli i u\u017cytkownik\u00f3w Katarzyny \u0141akomy\u00a0 - NID","robots":{"index":"index","follow":"follow","max-snippet":"max-snippet:-1","max-image-preview":"max-image-preview:large","max-video-preview":"max-video-preview:-1"},"canonical":"https:\/\/nid.pl\/en\/2024\/11\/13\/premiera-ksiazki-modernistyczna-willa-poradnik-dla-wlascicieli-i-uzytkownikow-katarzyny-lakomy\/","og_locale":"en_GB","og_type":"article","og_title":"Premiera ksi\u0105\u017cki Modernistyczna willa. Poradnik dla w\u0142a\u015bcicieli i u\u017cytkownik\u00f3w Katarzyny \u0141akomy\u00a0 - NID","og_description":"Zapraszamy na premier\u0119 ksi\u0105\u017cki Modernistyczna willa. Poradnik dla w\u0142a\u015bcicieli i u\u017cytkownik\u00f3w i spotkanie z autork\u0105, Katarzyn\u0105 \u0141akomy, kt\u00f3re odb\u0119d\u0105 si\u0119 podczas targ\u00f3w ksi\u0105\u017cek o architekturze BAZARCH w Warszawie 16 listopada [&hellip;]","og_url":"https:\/\/nid.pl\/en\/2024\/11\/13\/premiera-ksiazki-modernistyczna-willa-poradnik-dla-wlascicieli-i-uzytkownikow-katarzyny-lakomy\/","og_site_name":"NID","article_publisher":"https:\/\/www.facebook.com\/zabytek","article_published_time":"2024-11-13T14:24:29+00:00","article_modified_time":"2024-11-13T15:19:39+00:00","og_image":[{"width":1857,"height":1238,"url":"https:\/\/nid.pl\/wp-content\/uploads\/2024\/11\/miniaturka-Modernistyczna-willa-bez-tekstu.jpg","type":"image\/jpeg"}],"author":"Monika Ciura","twitter_card":"summary_large_image","twitter_creator":"@NarIDpl","twitter_site":"@NarIDpl","twitter_misc":{"Written by":"Monika Ciura","Estimated reading time":"3 minutes"},"schema":{"@context":"https:\/\/schema.org","@graph":[{"@type":"Article","@id":"https:\/\/nid.pl\/2024\/11\/13\/premiera-ksiazki-modernistyczna-willa-poradnik-dla-wlascicieli-i-uzytkownikow-katarzyny-lakomy\/#article","isPartOf":{"@id":"https:\/\/nid.pl\/2024\/11\/13\/premiera-ksiazki-modernistyczna-willa-poradnik-dla-wlascicieli-i-uzytkownikow-katarzyny-lakomy\/"},"author":{"name":"Monika Ciura","@id":"https:\/\/nid.pl\/#\/schema\/person\/ab9abea4caecdccde4fb0d555271145f"},"headline":"Premiera ksi\u0105\u017cki Modernistyczna willa. Poradnik dla w\u0142a\u015bcicieli i u\u017cytkownik\u00f3w Katarzyny \u0141akomy\u00a0","datePublished":"2024-11-13T14:24:29+00:00","dateModified":"2024-11-13T15:19:39+00:00","mainEntityOfPage":{"@id":"https:\/\/nid.pl\/2024\/11\/13\/premiera-ksiazki-modernistyczna-willa-poradnik-dla-wlascicieli-i-uzytkownikow-katarzyny-lakomy\/"},"wordCount":432,"publisher":{"@id":"https:\/\/nid.pl\/#organization"},"image":{"@id":"https:\/\/nid.pl\/2024\/11\/13\/premiera-ksiazki-modernistyczna-willa-poradnik-dla-wlascicieli-i-uzytkownikow-katarzyny-lakomy\/#primaryimage"},"thumbnailUrl":"https:\/\/nid.pl\/wp-content\/uploads\/2024\/11\/miniaturka-Modernistyczna-willa-bez-tekstu.jpg","articleSection":["Aktualno\u015bci"],"inLanguage":"en-GB"},{"@type":"WebPage","@id":"https:\/\/nid.pl\/2024\/11\/13\/premiera-ksiazki-modernistyczna-willa-poradnik-dla-wlascicieli-i-uzytkownikow-katarzyny-lakomy\/","url":"https:\/\/nid.pl\/2024\/11\/13\/premiera-ksiazki-modernistyczna-willa-poradnik-dla-wlascicieli-i-uzytkownikow-katarzyny-lakomy\/","name":"Premiera ksi\u0105\u017cki Modernistyczna willa. Poradnik dla w\u0142a\u015bcicieli i u\u017cytkownik\u00f3w Katarzyny \u0141akomy\u00a0 - NID","isPartOf":{"@id":"https:\/\/nid.pl\/#website"},"primaryImageOfPage":{"@id":"https:\/\/nid.pl\/2024\/11\/13\/premiera-ksiazki-modernistyczna-willa-poradnik-dla-wlascicieli-i-uzytkownikow-katarzyny-lakomy\/#primaryimage"},"image":{"@id":"https:\/\/nid.pl\/2024\/11\/13\/premiera-ksiazki-modernistyczna-willa-poradnik-dla-wlascicieli-i-uzytkownikow-katarzyny-lakomy\/#primaryimage"},"thumbnailUrl":"https:\/\/nid.pl\/wp-content\/uploads\/2024\/11\/miniaturka-Modernistyczna-willa-bez-tekstu.jpg","datePublished":"2024-11-13T14:24:29+00:00","dateModified":"2024-11-13T15:19:39+00:00","breadcrumb":{"@id":"https:\/\/nid.pl\/2024\/11\/13\/premiera-ksiazki-modernistyczna-willa-poradnik-dla-wlascicieli-i-uzytkownikow-katarzyny-lakomy\/#breadcrumb"},"inLanguage":"en-GB","potentialAction":[{"@type":"ReadAction","target":["https:\/\/nid.pl\/2024\/11\/13\/premiera-ksiazki-modernistyczna-willa-poradnik-dla-wlascicieli-i-uzytkownikow-katarzyny-lakomy\/"]}]},{"@type":"ImageObject","inLanguage":"en-GB","@id":"https:\/\/nid.pl\/2024\/11\/13\/premiera-ksiazki-modernistyczna-willa-poradnik-dla-wlascicieli-i-uzytkownikow-katarzyny-lakomy\/#primaryimage","url":"https:\/\/nid.pl\/wp-content\/uploads\/2024\/11\/miniaturka-Modernistyczna-willa-bez-tekstu.jpg","contentUrl":"https:\/\/nid.pl\/wp-content\/uploads\/2024\/11\/miniaturka-Modernistyczna-willa-bez-tekstu.jpg","width":1857,"height":1238,"caption":"miniaturka Modernistyczna willa"},{"@type":"BreadcrumbList","@id":"https:\/\/nid.pl\/2024\/11\/13\/premiera-ksiazki-modernistyczna-willa-poradnik-dla-wlascicieli-i-uzytkownikow-katarzyny-lakomy\/#breadcrumb","itemListElement":[{"@type":"ListItem","position":1,"name":"Home","item":"https:\/\/nid.pl\/"},{"@type":"ListItem","position":2,"name":"Premiera ksi\u0105\u017cki Modernistyczna willa. Poradnik dla w\u0142a\u015bcicieli i u\u017cytkownik\u00f3w Katarzyny \u0141akomy\u00a0"}]},{"@type":"WebSite","@id":"https:\/\/nid.pl\/#website","url":"https:\/\/nid.pl\/","name":"NID","description":"Narodowy Instytut Dziedzictwa","publisher":{"@id":"https:\/\/nid.pl\/#organization"},"potentialAction":[{"@type":"SearchAction","target":{"@type":"EntryPoint","urlTemplate":"https:\/\/nid.pl\/?s={search_term_string}"},"query-input":{"@type":"PropertyValueSpecification","valueRequired":true,"valueName":"search_term_string"}}],"inLanguage":"en-GB"},{"@type":"Organization","@id":"https:\/\/nid.pl\/#organization","name":"Narodowy Instytut Dziedzictwa","url":"https:\/\/nid.pl\/","logo":{"@type":"ImageObject","inLanguage":"en-GB","@id":"https:\/\/nid.pl\/#\/schema\/logo\/image\/","url":"https:\/\/nid.pl\/wp-content\/uploads\/2022\/10\/logoRedDark.png","contentUrl":"https:\/\/nid.pl\/wp-content\/uploads\/2022\/10\/logoRedDark.png","width":200,"height":197,"caption":"Narodowy Instytut Dziedzictwa"},"image":{"@id":"https:\/\/nid.pl\/#\/schema\/logo\/image\/"},"sameAs":["https:\/\/www.facebook.com\/zabytek","https:\/\/x.com\/NarIDpl","https:\/\/www.instagram.com\/nid.pl\/?hl=pl","https:\/\/www.linkedin.com\/company\/narodowy-instytut-dziedzictwa","https:\/\/www.youtube.com\/channel\/UCQXuhKa2uHtmNvLRUSx40JA"]},{"@type":"Person","@id":"https:\/\/nid.pl\/#\/schema\/person\/ab9abea4caecdccde4fb0d555271145f","name":"Monika Ciura","image":{"@type":"ImageObject","inLanguage":"en-GB","@id":"https:\/\/nid.pl\/#\/schema\/person\/image\/","url":"https:\/\/nid.pl\/wp-content\/litespeed\/avatar\/bfdb15d1cc317fac4b66bdc91090ff11.jpg?ver=1777445370","contentUrl":"https:\/\/nid.pl\/wp-content\/litespeed\/avatar\/bfdb15d1cc317fac4b66bdc91090ff11.jpg?ver=1777445370","caption":"Monika Ciura"},"url":"https:\/\/nid.pl\/en\/author\/mciura\/"}]}},"_links":{"self":[{"href":"https:\/\/nid.pl\/en\/wp-json\/wp\/v2\/posts\/23761","targetHints":{"allow":["GET"]}}],"collection":[{"href":"https:\/\/nid.pl\/en\/wp-json\/wp\/v2\/posts"}],"about":[{"href":"https:\/\/nid.pl\/en\/wp-json\/wp\/v2\/types\/post"}],"author":[{"embeddable":true,"href":"https:\/\/nid.pl\/en\/wp-json\/wp\/v2\/users\/15"}],"replies":[{"embeddable":true,"href":"https:\/\/nid.pl\/en\/wp-json\/wp\/v2\/comments?post=23761"}],"version-history":[{"count":0,"href":"https:\/\/nid.pl\/en\/wp-json\/wp\/v2\/posts\/23761\/revisions"}],"wp:featuredmedia":[{"embeddable":true,"href":"https:\/\/nid.pl\/en\/wp-json\/wp\/v2\/media\/23775"}],"wp:attachment":[{"href":"https:\/\/nid.pl\/en\/wp-json\/wp\/v2\/media?parent=23761"}],"wp:term":[{"taxonomy":"category","embeddable":true,"href":"https:\/\/nid.pl\/en\/wp-json\/wp\/v2\/categories?post=23761"},{"taxonomy":"post_tag","embeddable":true,"href":"https:\/\/nid.pl\/en\/wp-json\/wp\/v2\/tags?post=23761"}],"curies":[{"name":"wp","href":"https:\/\/api.w.org\/{rel}","templated":true}]}}