{"id":23330,"date":"2024-10-23T16:28:01","date_gmt":"2024-10-23T14:28:01","guid":{"rendered":"https:\/\/nid.pl\/?p=23330"},"modified":"2024-10-23T16:39:04","modified_gmt":"2024-10-23T14:39:04","slug":"kongres-kultury-regionow","status":"publish","type":"post","link":"https:\/\/nid.pl\/en\/2024\/10\/23\/kongres-kultury-regionow\/","title":{"rendered":"X Kongres Kultury Region\u00f3w"},"content":{"rendered":"<p><strong>22 pa\u017adziernika 2024 roku w Nowym S\u0105czu zainaugurowano X Kongres Kultury Region\u00f3w, wydarzenie po\u015bwi\u0119cone ochronie niematerialnego dziedzictwa kulturowego. Kongres stanowi forum wymiany idei, kt\u00f3re promuje wiedz\u0119 o kulturze region\u00f3w. Co roku gromadzi oko\u0142o 350 uczestnik\u00f3w z ca\u0142ej Polski, w tym regionalist\u00f3w, znawc\u00f3w kultury, artyst\u00f3w, naukowc\u00f3w, a tak\u017ce dziennikarzy i tw\u00f3rc\u00f3w kultury.<\/strong><\/p>\n\n\n\n<p>Na dziedzi\u0144cu Ma\u0142opolskiego Centrum Kultury SOK\u00d3\u0141 d\u017awi\u0119k trombity Krzysztofa Trebuni-Tutki og\u0142osi\u0142 rozpocz\u0119cie jubileuszowego X Kongresu Kultury Region\u00f3w. Nast\u0119pnie swoim \u015bpiewem uraczy\u0142 chorwacki zesp\u00f3\u0142 <strong>Kud Bokolje.<\/strong><strong> <\/strong>Chwil\u0119 p\u00f3\u017aniej uczestnicy tegorocznej edycji Kongresu zaproszeni zostali do sali im. Lucjana Lipi\u0144skiego, gdzie rozpocz\u0119\u0142a si\u0119 oficjalna cz\u0119\u015b\u0107 uroczystej inauguracji Kongresu.<\/p>\n\n\n\n<blockquote class=\"wp-block-quote is-layout-flow wp-block-quote-is-layout-flow\">\n<p><strong>\u201eCieszymy si\u0119, \u017ce jako Narodowy Instytut Dziedzictwa mo\u017cemy by\u0107 cz\u0119\u015bci\u0105 Kongresowej rodziny. \u017bycz\u0119 Pa\u0144stwu dobrych rozm\u00f3w oraz spotka\u0144, z kt\u00f3rych na pewno wykie\u0142kuj\u0105 nowe pomys\u0142y na przysz\u0142e lata\u2019\u2019\u2013 podkre\u015bli\u0142a wicedyrektorka Narodowego Instytutu Dziedzictwa Anna Zawadzka.<\/strong><\/p>\n<\/blockquote>\n\n\n\n<p>Jubileuszowy X Kongres Kultury Region\u00f3w jest jednocze\u015bnie czwartym w cyklu <em>\u017bywio\u0142y Dziedzictwa<\/em>, obejmuj\u0105cym refleksj\u0105 ziemi\u0119 i odbywaj\u0105cy si\u0119 pod has\u0142em \u201eKie\u0142kowanie\u201d. Poza powszechnymi w\u0105tkami kulturowymi (Ziemia \u2013 Matka, \u017cywicielka, rytua\u0142y zapewniaj\u0105ce p\u0142odno\u015b\u0107, ale tak\u017ce miejsca obumierania i odradzania), organizatorzy pragn\u0105 zainicjowa\u0107 dyskusj\u0119 o wsp\u00f3\u0142czesnych wyzwaniach wynikaj\u0105cych z naszego \u201eposiadania\u201d ziemi. Wynikaj\u0105ce z tradycji umi\u0142owanie ziemi warto przek\u0142ada\u0107 na wsp\u00f3\u0142czesne postawy s\u0142u\u017c\u0105ce jej ochronie.<\/p>\n\n\n\n<p>Podczas X Kongresu Kultury Region\u00f3w uczestnicy b\u0119d\u0105 mieli okazj\u0119 wzi\u0105\u0107 udzia\u0142 w wyj\u0105tkowych warsztatach, kt\u00f3re po\u0142\u0105cz\u0105 tradycje ludowe z nowoczesnymi formami artystycznego wyrazu. Od gry na instrumentach recyklingowych, przez taniec inspirowany \u017cywio\u0142ami, po japo\u0144sk\u0105 sztuk\u0119 kokedamy \u2013 zaj\u0119cia, prowadzone przez ekspert\u00f3w, wprowadz\u0105 uczestnik\u00f3w w \u015bwiat tw\u00f3rczej pracy z cia\u0142em, d\u017awi\u0119kiem i natur\u0105.<\/p>\n\n\n\n<p>Jednym z towarzysz\u0105cych wydarze\u0144 jest mapping \u2013 multimedialne widowisko na historycznej fasadzie budynku MCK SOK\u00d3\u0141, kt\u00f3re opowiada o Ziemi w r\u00f3\u017cnych wymiarach, ukazuj\u0105c historie i idee, jakie MCK SOK\u00d3\u0141 piel\u0119gnuje od lat siedemdziesi\u0105tych.<\/p>\n\n\n\n<p>W tym roku program Kongresu obejmuje r\u00f3wnie\u017c trzy panele \u2013 dwa tematyczne i jeden dyskusyjny. Eksperci i uczestnicy porusz\u0105 kwestie zwi\u0105zane z pami\u0119ci\u0105 kulturow\u0105, materialnymi \u015bladami minionych cywilizacji oraz tym, co pozostawimy po sobie dla przysz\u0142ych pokole\u0144. Om\u00f3wione zostan\u0105 tak\u017ce sposoby wykorzystania nowoczesnych narz\u0119dzi komunikacyjnych do promowania lokalnych kultur w globalnym kontek\u015bcie oraz eksploracja przyziemno\u015bci i nieziemsko\u015bci w codziennym \u017cyciu, zar\u00f3wno z perspektywy praktycznej, jak i tw\u00f3rczej.<\/p>\n\n\n\n<p>Organizatorami X Kongresu Kultury Region\u00f3w s\u0105 Ma\u0142opolskie Centrum Kultury SOK\u00d3\u0141 oraz Urz\u0105d Marsza\u0142kowski Wojew\u00f3dztwa Ma\u0142opolskiego. Patronat honorowy nad wydarzeniem obj\u0105\u0142 Narodowy Instytut Dziedzictwa, kt\u00f3ry wspiera Kongres Kultury Region\u00f3w od 9 lat.<\/p>\n\n\n\n<p><\/p>\n\n\n\n<div class=\"wp-block-divi-layout\">[et_pb_section fb_built=&#8221;1&#8243; _builder_version=&#8221;4.27.2&#8243; _module_preset=&#8221;default&#8221; hover_enabled=&#8221;0&#8243; global_colors_info=&#8221;{}&#8221; sticky_enabled=&#8221;0&#8243;][et_pb_row _builder_version=&#8221;4.27.2&#8243; _module_preset=&#8221;default&#8221; global_colors_info=&#8221;{}&#8221;][et_pb_column type=&#8221;4_4&#8243; _builder_version=&#8221;4.27.2&#8243; _module_preset=&#8221;default&#8221; global_colors_info=&#8221;{}&#8221;][et_pb_gallery gallery_ids=&#8221;23300,23341,23296,23304,23299,23301,23303,23335,23343&#8243; fullwidth=&#8221;on&#8221; _builder_version=&#8221;4.27.2&#8243; _module_preset=&#8221;default&#8221; hover_enabled=&#8221;0&#8243; global_colors_info=&#8221;{}&#8221; auto=&#8221;on&#8221; auto_speed=&#8221;1500&#8243; sticky_enabled=&#8221;0&#8243;][\/et_pb_gallery][\/et_pb_column][\/et_pb_row][\/et_pb_section]<\/div>\n\n\n\n<div class=\"wp-block-divi-layout\">[et_pb_section admin_label=&#8221;section&#8221;][et_pb_row admin_label=&#8221;row&#8221;][\/et_pb_row][\/et_pb_section]<\/div>","protected":false},"excerpt":{"rendered":"<p>22 pa\u017adziernika 2024 roku w Nowym S\u0105czu zainaugurowano X Kongres Kultury Region\u00f3w, wydarzenie po\u015bwi\u0119cone ochronie niematerialnego dziedzictwa kulturowego. Kongres stanowi forum wymiany idei, kt\u00f3re promuje wiedz\u0119 o kulturze region\u00f3w. Co [&hellip;]<\/p>","protected":false},"author":7,"featured_media":23298,"comment_status":"closed","ping_status":"closed","sticky":false,"template":"","format":"standard","meta":{"_et_pb_use_builder":"off","_et_pb_old_content":"","_et_gb_content_width":"","_monsterinsights_skip_tracking":false,"_monsterinsights_sitenote_active":false,"_monsterinsights_sitenote_note":"","_monsterinsights_sitenote_category":0,"footnotes":""},"categories":[3],"tags":[],"class_list":["post-23330","post","type-post","status-publish","format-standard","has-post-thumbnail","hentry","category-aktualnosci"],"yoast_head":"<!-- This site is optimized with the Yoast SEO plugin v26.5 - https:\/\/yoast.com\/wordpress\/plugins\/seo\/ -->\n<title>X Kongres Kultury Region\u00f3w - NID<\/title>\n<meta name=\"robots\" content=\"index, follow, max-snippet:-1, max-image-preview:large, max-video-preview:-1\" \/>\n<link rel=\"canonical\" href=\"https:\/\/nid.pl\/en\/2024\/10\/23\/kongres-kultury-regionow\/\" \/>\n<meta property=\"og:locale\" content=\"en_GB\" \/>\n<meta property=\"og:type\" content=\"article\" \/>\n<meta property=\"og:title\" content=\"X Kongres Kultury Region\u00f3w - NID\" \/>\n<meta property=\"og:description\" content=\"22 pa\u017adziernika 2024 roku w Nowym S\u0105czu zainaugurowano X Kongres Kultury Region\u00f3w, wydarzenie po\u015bwi\u0119cone ochronie niematerialnego dziedzictwa kulturowego. Kongres stanowi forum wymiany idei, kt\u00f3re promuje wiedz\u0119 o kulturze region\u00f3w. Co [&hellip;]\" \/>\n<meta property=\"og:url\" content=\"https:\/\/nid.pl\/en\/2024\/10\/23\/kongres-kultury-regionow\/\" \/>\n<meta property=\"og:site_name\" content=\"NID\" \/>\n<meta property=\"article:publisher\" content=\"https:\/\/www.facebook.com\/zabytek\" \/>\n<meta property=\"article:published_time\" content=\"2024-10-23T14:28:01+00:00\" \/>\n<meta property=\"article:modified_time\" content=\"2024-10-23T14:39:04+00:00\" \/>\n<meta property=\"og:image\" content=\"https:\/\/nid.pl\/wp-content\/uploads\/2024\/10\/X-Kongres-Kultury-Regionow-fot.-NID-Tobiasz-Bulynko.jpg\" \/>\n\t<meta property=\"og:image:width\" content=\"1850\" \/>\n\t<meta property=\"og:image:height\" content=\"1238\" \/>\n\t<meta property=\"og:image:type\" content=\"image\/jpeg\" \/>\n<meta name=\"author\" content=\"Barbara Halliop\" \/>\n<meta name=\"twitter:card\" content=\"summary_large_image\" \/>\n<meta name=\"twitter:creator\" content=\"@NarIDpl\" \/>\n<meta name=\"twitter:site\" content=\"@NarIDpl\" \/>\n<meta name=\"twitter:label1\" content=\"Written by\" \/>\n\t<meta name=\"twitter:data1\" content=\"Barbara Halliop\" \/>\n\t<meta name=\"twitter:label2\" content=\"Estimated reading time\" \/>\n\t<meta name=\"twitter:data2\" content=\"3 minutes\" \/>\n<script type=\"application\/ld+json\" class=\"yoast-schema-graph\">{\"@context\":\"https:\/\/schema.org\",\"@graph\":[{\"@type\":\"Article\",\"@id\":\"https:\/\/nid.pl\/2024\/10\/23\/kongres-kultury-regionow\/#article\",\"isPartOf\":{\"@id\":\"https:\/\/nid.pl\/2024\/10\/23\/kongres-kultury-regionow\/\"},\"author\":{\"name\":\"Barbara Halliop\",\"@id\":\"https:\/\/nid.pl\/#\/schema\/person\/1b690a8998a5111cfb9f0ffe24195a15\"},\"headline\":\"X Kongres Kultury Region\u00f3w\",\"datePublished\":\"2024-10-23T14:28:01+00:00\",\"dateModified\":\"2024-10-23T14:39:04+00:00\",\"mainEntityOfPage\":{\"@id\":\"https:\/\/nid.pl\/2024\/10\/23\/kongres-kultury-regionow\/\"},\"wordCount\":566,\"publisher\":{\"@id\":\"https:\/\/nid.pl\/#organization\"},\"image\":{\"@id\":\"https:\/\/nid.pl\/2024\/10\/23\/kongres-kultury-regionow\/#primaryimage\"},\"thumbnailUrl\":\"https:\/\/nid.pl\/wp-content\/uploads\/2024\/10\/X-Kongres-Kultury-Regionow-fot.-NID-Tobiasz-Bulynko.jpg\",\"articleSection\":[\"Aktualno\u015bci\"],\"inLanguage\":\"en-GB\"},{\"@type\":\"WebPage\",\"@id\":\"https:\/\/nid.pl\/2024\/10\/23\/kongres-kultury-regionow\/\",\"url\":\"https:\/\/nid.pl\/2024\/10\/23\/kongres-kultury-regionow\/\",\"name\":\"X Kongres Kultury Region\u00f3w - NID\",\"isPartOf\":{\"@id\":\"https:\/\/nid.pl\/#website\"},\"primaryImageOfPage\":{\"@id\":\"https:\/\/nid.pl\/2024\/10\/23\/kongres-kultury-regionow\/#primaryimage\"},\"image\":{\"@id\":\"https:\/\/nid.pl\/2024\/10\/23\/kongres-kultury-regionow\/#primaryimage\"},\"thumbnailUrl\":\"https:\/\/nid.pl\/wp-content\/uploads\/2024\/10\/X-Kongres-Kultury-Regionow-fot.-NID-Tobiasz-Bulynko.jpg\",\"datePublished\":\"2024-10-23T14:28:01+00:00\",\"dateModified\":\"2024-10-23T14:39:04+00:00\",\"breadcrumb\":{\"@id\":\"https:\/\/nid.pl\/2024\/10\/23\/kongres-kultury-regionow\/#breadcrumb\"},\"inLanguage\":\"en-GB\",\"potentialAction\":[{\"@type\":\"ReadAction\",\"target\":[\"https:\/\/nid.pl\/2024\/10\/23\/kongres-kultury-regionow\/\"]}]},{\"@type\":\"ImageObject\",\"inLanguage\":\"en-GB\",\"@id\":\"https:\/\/nid.pl\/2024\/10\/23\/kongres-kultury-regionow\/#primaryimage\",\"url\":\"https:\/\/nid.pl\/wp-content\/uploads\/2024\/10\/X-Kongres-Kultury-Regionow-fot.-NID-Tobiasz-Bulynko.jpg\",\"contentUrl\":\"https:\/\/nid.pl\/wp-content\/uploads\/2024\/10\/X-Kongres-Kultury-Regionow-fot.-NID-Tobiasz-Bulynko.jpg\",\"width\":1850,\"height\":1238,\"caption\":\"X Kongres Kultury Region\u00f3w, fot. NID Tobiasz Bu\u0142ynko\"},{\"@type\":\"BreadcrumbList\",\"@id\":\"https:\/\/nid.pl\/2024\/10\/23\/kongres-kultury-regionow\/#breadcrumb\",\"itemListElement\":[{\"@type\":\"ListItem\",\"position\":1,\"name\":\"Home\",\"item\":\"https:\/\/nid.pl\/\"},{\"@type\":\"ListItem\",\"position\":2,\"name\":\"X Kongres Kultury Region\u00f3w\"}]},{\"@type\":\"WebSite\",\"@id\":\"https:\/\/nid.pl\/#website\",\"url\":\"https:\/\/nid.pl\/\",\"name\":\"NID\",\"description\":\"Narodowy Instytut Dziedzictwa\",\"publisher\":{\"@id\":\"https:\/\/nid.pl\/#organization\"},\"potentialAction\":[{\"@type\":\"SearchAction\",\"target\":{\"@type\":\"EntryPoint\",\"urlTemplate\":\"https:\/\/nid.pl\/?s={search_term_string}\"},\"query-input\":{\"@type\":\"PropertyValueSpecification\",\"valueRequired\":true,\"valueName\":\"search_term_string\"}}],\"inLanguage\":\"en-GB\"},{\"@type\":\"Organization\",\"@id\":\"https:\/\/nid.pl\/#organization\",\"name\":\"Narodowy Instytut Dziedzictwa\",\"url\":\"https:\/\/nid.pl\/\",\"logo\":{\"@type\":\"ImageObject\",\"inLanguage\":\"en-GB\",\"@id\":\"https:\/\/nid.pl\/#\/schema\/logo\/image\/\",\"url\":\"https:\/\/nid.pl\/wp-content\/uploads\/2022\/10\/logoRedDark.png\",\"contentUrl\":\"https:\/\/nid.pl\/wp-content\/uploads\/2022\/10\/logoRedDark.png\",\"width\":200,\"height\":197,\"caption\":\"Narodowy Instytut Dziedzictwa\"},\"image\":{\"@id\":\"https:\/\/nid.pl\/#\/schema\/logo\/image\/\"},\"sameAs\":[\"https:\/\/www.facebook.com\/zabytek\",\"https:\/\/x.com\/NarIDpl\",\"https:\/\/www.instagram.com\/nid.pl\/?hl=pl\",\"https:\/\/www.linkedin.com\/company\/narodowy-instytut-dziedzictwa\",\"https:\/\/www.youtube.com\/channel\/UCQXuhKa2uHtmNvLRUSx40JA\"]},{\"@type\":\"Person\",\"@id\":\"https:\/\/nid.pl\/#\/schema\/person\/1b690a8998a5111cfb9f0ffe24195a15\",\"name\":\"Barbara Halliop\",\"image\":{\"@type\":\"ImageObject\",\"inLanguage\":\"en-GB\",\"@id\":\"https:\/\/nid.pl\/#\/schema\/person\/image\/\",\"url\":\"https:\/\/nid.pl\/wp-content\/litespeed\/avatar\/924046d17dd0c842c9fa9ccf489bc6dc.jpg?ver=1777444967\",\"contentUrl\":\"https:\/\/nid.pl\/wp-content\/litespeed\/avatar\/924046d17dd0c842c9fa9ccf489bc6dc.jpg?ver=1777444967\",\"caption\":\"Barbara Halliop\"},\"url\":\"https:\/\/nid.pl\/en\/author\/bhalliop\/\"}]}<\/script>\n<!-- \/ Yoast SEO plugin. -->","yoast_head_json":{"title":"X Kongres Kultury Region\u00f3w - NID","robots":{"index":"index","follow":"follow","max-snippet":"max-snippet:-1","max-image-preview":"max-image-preview:large","max-video-preview":"max-video-preview:-1"},"canonical":"https:\/\/nid.pl\/en\/2024\/10\/23\/kongres-kultury-regionow\/","og_locale":"en_GB","og_type":"article","og_title":"X Kongres Kultury Region\u00f3w - NID","og_description":"22 pa\u017adziernika 2024 roku w Nowym S\u0105czu zainaugurowano X Kongres Kultury Region\u00f3w, wydarzenie po\u015bwi\u0119cone ochronie niematerialnego dziedzictwa kulturowego. Kongres stanowi forum wymiany idei, kt\u00f3re promuje wiedz\u0119 o kulturze region\u00f3w. Co [&hellip;]","og_url":"https:\/\/nid.pl\/en\/2024\/10\/23\/kongres-kultury-regionow\/","og_site_name":"NID","article_publisher":"https:\/\/www.facebook.com\/zabytek","article_published_time":"2024-10-23T14:28:01+00:00","article_modified_time":"2024-10-23T14:39:04+00:00","og_image":[{"width":1850,"height":1238,"url":"https:\/\/nid.pl\/wp-content\/uploads\/2024\/10\/X-Kongres-Kultury-Regionow-fot.-NID-Tobiasz-Bulynko.jpg","type":"image\/jpeg"}],"author":"Barbara Halliop","twitter_card":"summary_large_image","twitter_creator":"@NarIDpl","twitter_site":"@NarIDpl","twitter_misc":{"Written by":"Barbara Halliop","Estimated reading time":"3 minutes"},"schema":{"@context":"https:\/\/schema.org","@graph":[{"@type":"Article","@id":"https:\/\/nid.pl\/2024\/10\/23\/kongres-kultury-regionow\/#article","isPartOf":{"@id":"https:\/\/nid.pl\/2024\/10\/23\/kongres-kultury-regionow\/"},"author":{"name":"Barbara Halliop","@id":"https:\/\/nid.pl\/#\/schema\/person\/1b690a8998a5111cfb9f0ffe24195a15"},"headline":"X Kongres Kultury Region\u00f3w","datePublished":"2024-10-23T14:28:01+00:00","dateModified":"2024-10-23T14:39:04+00:00","mainEntityOfPage":{"@id":"https:\/\/nid.pl\/2024\/10\/23\/kongres-kultury-regionow\/"},"wordCount":566,"publisher":{"@id":"https:\/\/nid.pl\/#organization"},"image":{"@id":"https:\/\/nid.pl\/2024\/10\/23\/kongres-kultury-regionow\/#primaryimage"},"thumbnailUrl":"https:\/\/nid.pl\/wp-content\/uploads\/2024\/10\/X-Kongres-Kultury-Regionow-fot.-NID-Tobiasz-Bulynko.jpg","articleSection":["Aktualno\u015bci"],"inLanguage":"en-GB"},{"@type":"WebPage","@id":"https:\/\/nid.pl\/2024\/10\/23\/kongres-kultury-regionow\/","url":"https:\/\/nid.pl\/2024\/10\/23\/kongres-kultury-regionow\/","name":"X Kongres Kultury Region\u00f3w - NID","isPartOf":{"@id":"https:\/\/nid.pl\/#website"},"primaryImageOfPage":{"@id":"https:\/\/nid.pl\/2024\/10\/23\/kongres-kultury-regionow\/#primaryimage"},"image":{"@id":"https:\/\/nid.pl\/2024\/10\/23\/kongres-kultury-regionow\/#primaryimage"},"thumbnailUrl":"https:\/\/nid.pl\/wp-content\/uploads\/2024\/10\/X-Kongres-Kultury-Regionow-fot.-NID-Tobiasz-Bulynko.jpg","datePublished":"2024-10-23T14:28:01+00:00","dateModified":"2024-10-23T14:39:04+00:00","breadcrumb":{"@id":"https:\/\/nid.pl\/2024\/10\/23\/kongres-kultury-regionow\/#breadcrumb"},"inLanguage":"en-GB","potentialAction":[{"@type":"ReadAction","target":["https:\/\/nid.pl\/2024\/10\/23\/kongres-kultury-regionow\/"]}]},{"@type":"ImageObject","inLanguage":"en-GB","@id":"https:\/\/nid.pl\/2024\/10\/23\/kongres-kultury-regionow\/#primaryimage","url":"https:\/\/nid.pl\/wp-content\/uploads\/2024\/10\/X-Kongres-Kultury-Regionow-fot.-NID-Tobiasz-Bulynko.jpg","contentUrl":"https:\/\/nid.pl\/wp-content\/uploads\/2024\/10\/X-Kongres-Kultury-Regionow-fot.-NID-Tobiasz-Bulynko.jpg","width":1850,"height":1238,"caption":"X Kongres Kultury Region\u00f3w, fot. NID Tobiasz Bu\u0142ynko"},{"@type":"BreadcrumbList","@id":"https:\/\/nid.pl\/2024\/10\/23\/kongres-kultury-regionow\/#breadcrumb","itemListElement":[{"@type":"ListItem","position":1,"name":"Home","item":"https:\/\/nid.pl\/"},{"@type":"ListItem","position":2,"name":"X Kongres Kultury Region\u00f3w"}]},{"@type":"WebSite","@id":"https:\/\/nid.pl\/#website","url":"https:\/\/nid.pl\/","name":"NID","description":"Narodowy Instytut Dziedzictwa","publisher":{"@id":"https:\/\/nid.pl\/#organization"},"potentialAction":[{"@type":"SearchAction","target":{"@type":"EntryPoint","urlTemplate":"https:\/\/nid.pl\/?s={search_term_string}"},"query-input":{"@type":"PropertyValueSpecification","valueRequired":true,"valueName":"search_term_string"}}],"inLanguage":"en-GB"},{"@type":"Organization","@id":"https:\/\/nid.pl\/#organization","name":"Narodowy Instytut Dziedzictwa","url":"https:\/\/nid.pl\/","logo":{"@type":"ImageObject","inLanguage":"en-GB","@id":"https:\/\/nid.pl\/#\/schema\/logo\/image\/","url":"https:\/\/nid.pl\/wp-content\/uploads\/2022\/10\/logoRedDark.png","contentUrl":"https:\/\/nid.pl\/wp-content\/uploads\/2022\/10\/logoRedDark.png","width":200,"height":197,"caption":"Narodowy Instytut Dziedzictwa"},"image":{"@id":"https:\/\/nid.pl\/#\/schema\/logo\/image\/"},"sameAs":["https:\/\/www.facebook.com\/zabytek","https:\/\/x.com\/NarIDpl","https:\/\/www.instagram.com\/nid.pl\/?hl=pl","https:\/\/www.linkedin.com\/company\/narodowy-instytut-dziedzictwa","https:\/\/www.youtube.com\/channel\/UCQXuhKa2uHtmNvLRUSx40JA"]},{"@type":"Person","@id":"https:\/\/nid.pl\/#\/schema\/person\/1b690a8998a5111cfb9f0ffe24195a15","name":"Barbara Halliop","image":{"@type":"ImageObject","inLanguage":"en-GB","@id":"https:\/\/nid.pl\/#\/schema\/person\/image\/","url":"https:\/\/nid.pl\/wp-content\/litespeed\/avatar\/924046d17dd0c842c9fa9ccf489bc6dc.jpg?ver=1777444967","contentUrl":"https:\/\/nid.pl\/wp-content\/litespeed\/avatar\/924046d17dd0c842c9fa9ccf489bc6dc.jpg?ver=1777444967","caption":"Barbara Halliop"},"url":"https:\/\/nid.pl\/en\/author\/bhalliop\/"}]}},"_links":{"self":[{"href":"https:\/\/nid.pl\/en\/wp-json\/wp\/v2\/posts\/23330","targetHints":{"allow":["GET"]}}],"collection":[{"href":"https:\/\/nid.pl\/en\/wp-json\/wp\/v2\/posts"}],"about":[{"href":"https:\/\/nid.pl\/en\/wp-json\/wp\/v2\/types\/post"}],"author":[{"embeddable":true,"href":"https:\/\/nid.pl\/en\/wp-json\/wp\/v2\/users\/7"}],"replies":[{"embeddable":true,"href":"https:\/\/nid.pl\/en\/wp-json\/wp\/v2\/comments?post=23330"}],"version-history":[{"count":0,"href":"https:\/\/nid.pl\/en\/wp-json\/wp\/v2\/posts\/23330\/revisions"}],"wp:featuredmedia":[{"embeddable":true,"href":"https:\/\/nid.pl\/en\/wp-json\/wp\/v2\/media\/23298"}],"wp:attachment":[{"href":"https:\/\/nid.pl\/en\/wp-json\/wp\/v2\/media?parent=23330"}],"wp:term":[{"taxonomy":"category","embeddable":true,"href":"https:\/\/nid.pl\/en\/wp-json\/wp\/v2\/categories?post=23330"},{"taxonomy":"post_tag","embeddable":true,"href":"https:\/\/nid.pl\/en\/wp-json\/wp\/v2\/tags?post=23330"}],"curies":[{"name":"wp","href":"https:\/\/api.w.org\/{rel}","templated":true}]}}