{"id":22890,"date":"2024-10-11T14:57:16","date_gmt":"2024-10-11T12:57:16","guid":{"rendered":"https:\/\/nid.pl\/?p=22890"},"modified":"2024-10-11T15:01:03","modified_gmt":"2024-10-11T13:01:03","slug":"czy-parki-kulturowe-chronia-zabytki-iii-forum-wokol-parkow-kulturowych","status":"publish","type":"post","link":"https:\/\/nid.pl\/en\/2024\/10\/11\/czy-parki-kulturowe-chronia-zabytki-iii-forum-wokol-parkow-kulturowych\/","title":{"rendered":"Czy parki kulturowe chroni\u0105 zabytki? III Forum wok\u00f3\u0142 Park\u00f3w Kulturowych"},"content":{"rendered":"<p><strong>Wsp\u00f3lnie z Instytutem im. Wojciecha Korfantego zapraszamy do Katowic na III Forum wok\u00f3\u0142 Park\u00f3w Kulturowych.<\/strong> <strong>Wydarzenie odb\u0119dzie si\u0119 w najbli\u017cszy wtorek &#8211; 15 pa\u017adziernika.<\/strong><\/p>\n\n\n\n<p><\/p>\n\n\n\n<p>Instytut im. Wojciecha Korfantego, od 2019 roku poprzez swoje ekspertki i ekspert\u00f3w wspiera\u0142 samorz\u0105dy wojew\u00f3dztwa \u015bl\u0105skiego (Ruda \u015al\u0105ska, Racib\u00f3rz, Rybnik) w tworzeniu warunk\u00f3w prawnych i spo\u0142ecznych, pozwalaj\u0105cych przygotowa\u0107 uchwa\u0142y o parku kulturowym na danym terenie. Dzia\u0142ania te pozwoli\u0142y na zainaugurowanie w 2022 roku podczas \u201eI Forum wok\u00f3\u0142 Park\u00f3w Kulturowych\u201d &#8211; wielow\u0105tkowej debaty na temat teorii i codziennej praktyki funkcjonowania Park\u00f3w Kulturowych w wojew\u00f3dztwie \u015bl\u0105skim oraz w innych lokalizacjach w Polsce.<\/p>\n\n\n\n<p>Wnioski p\u0142yn\u0105ce z kolejnych spotka\u0144 potwierdzi\u0142y, \u017ce na drodze do uchwalania i wprowadzania park\u00f3w pojawiaj\u0105 si\u0119 cz\u0119sto podobne bariery, m.in. obawy o nieuszanowanie prywatnej w\u0142asno\u015bci, strach przed gentryfikacj\u0105, l\u0119k przed zbyt inwazyjnymi zmianami budowlanymi (konserwatorskimi)<br>lub wzrostem warto\u015bci ekonomicznej danego obszaru. A tak\u017ce \u2013 mentalno\u015bciowe i kulturowe \u2013 w tym op\u00f3r spo\u0142eczno\u015bci lokalnych wynikaj\u0105cy z niezrozumienia idei Park\u00f3w Kulturowych. Od samej nazwy \u201ePark Kulturowy\u201d pocz\u0105wszy. Jest to jednak najmniejszy problem, bo to co najbardziej utrudnia dzia\u0142anie samorz\u0105dowcom i konserwatorom, to k\u0142opoty p\u0142yn\u0105ce z zaba\u0142aganionego s\u0142ownika prawnego, meandr\u00f3w samorz\u0105dowej i centralnej polityki, a tak\u017ce zmieniaj\u0105ce si\u0119 bardzo szybko<br>w Polsce strategie rozwojowe. Do listy tej nale\u017cy koniecznie doda\u0107 szeroki kontekst nak\u0142adaj\u0105cych si\u0119 kryzys\u00f3w \u2013 przede wszystkim klimatycznego, ale tak\u017ce kulturowego i migracyjnego.<\/p>\n\n\n\n<p>Krytyczna i tw\u00f3rcza rewizja funkcjonowania istniej\u0105cych i potencjalnych Park\u00f3w Kulturowych jest nam dzi\u015b bardzo potrzebna, tym bardziej, \u017ce s\u0142ycha\u0107 j\u0105 tak\u017ce w g\u0142osach p\u0142yn\u0105cych ze \u015brodowisk konserwatorskich, samorz\u0105dowych (w tym od spo\u0142eczno\u015bci lokalnych) oraz prawnych.<br>Jednym z wa\u017cniejszych postulat\u00f3w poprawy procedury powo\u0142ywania Park\u00f3w Kulturowych jest zdiagnozowana konieczno\u015b\u0107 organizowania rozbudowanych i rzetelnych kampanii informacyjnych<br>(z my\u015bl\u0105 o beneficjentach przysz\u0142ego parku kulturowego), wyd\u0142u\u017cenia czasu konsultacji oraz zwi\u0119kszenia nak\u0142ad\u00f3w na edukacj\u0119 regionaln\u0105 i programy popularyzacji wiedzy o dziedzictwie materialnym i niematerialnym.<\/p>\n\n\n\n<p>Podczas III FORUM 15 pa\u017adziernika w Katowicach zestawimy interdyscyplinarne perspektywy, po czym spr\u00f3bujemy podyskutowa\u0107 o aktualno\u015bci zapis\u00f3w ustawy o obszarowej ochronie zabytk\u00f3w i opiece nad zabytkami. B\u0119dzie to tak\u017ce okazja do wys\u0142uchania ekspert\u00f3w, kt\u00f3rzy zwracaj\u0105 uwag\u0119 na nierzadko wykluczaj\u0105ce si\u0119 przepisy uchwa\u0142y krajobrazowej, miejscowego planu rewitalizacji, uchwa\u0142 o parkach krajobrazowych i audyt\u00f3w krajobrazowych.<\/p>\n\n\n\n<p>Jako cel makro III FORUM wyznaczamy sobie zapocz\u0105tkowanie og\u00f3lnopolskiej medialnej, spo\u0142ecznej<br>i eksperckiej dyskusji nad rewizj\u0105 przepis\u00f3w o parkach kulturowych jako o narz\u0119dziu maj\u0105cym szczeg\u00f3lne uwarunkowania. Dodajmy \u2013 narz\u0119dziu, kt\u00f3re wymaga unowocze\u015bnienia, ale kt\u00f3re \u2013 dzi\u0119ki tw\u00f3rcom \u2013\u00a0 zawiera w sobie wci\u0105\u017c progresywny potencja\u0142 rozwojowy i ideowy. Potwierdza to tak\u017ce 20-letnia praktyka stosowania tej formy ochrony.<br>Nie zapominajmy, \u017ce te dwie ostatnie dekady, to jednocze\u015bnie r\u00f3wnoleg\u0142y okres dynamicznych zmian w zarz\u0105dzaniu rewitalizacj\u0105 miast oraz zarz\u0105dzaniu jako takim. Dzi\u015b my\u015blimy ju\u017c nie o miastach ponowoczesnych, ale o miastach przysz\u0142o\u015bci, rezylientnych, uruchamiaj\u0105cych strategie regeneracyjne ze wzgl\u0119du na kryzys klimatyczny, migracyjny, czy ze wzgl\u0119du na powr\u00f3t dyskursu militarnego. Konieczne jest wypracowanie w tym kontek\u015bcie rekomendacji na temat park\u00f3w kulturowych dla Narodowego Instytutu Dziedzictwa oraz Ministerstwa Kultury i Dziedzictwa Narodowego, czego chcemy si\u0119 podj\u0105\u0107 jako Instytut im. Wojciecha Korfantego organizuj\u0105c IV Forum wok\u00f3\u0142 Park\u00f3w Kulturowych w marcu 2025 roku.<\/p>\n\n\n\n<p><\/p>\n\n\n\n<figure class=\"wp-block-image aligncenter size-full is-resized\"><img loading=\"lazy\" decoding=\"async\" width=\"900\" height=\"600\" src=\"https:\/\/nid.pl\/wp-content\/uploads\/2024\/10\/Parki-Kulturowe-III-15.10.24-900x600-01.png\" alt=\"\" class=\"wp-image-22892\" style=\"width:735px;height:auto\" srcset=\"https:\/\/nid.pl\/wp-content\/uploads\/2024\/10\/Parki-Kulturowe-III-15.10.24-900x600-01.png 900w, https:\/\/nid.pl\/wp-content\/uploads\/2024\/10\/Parki-Kulturowe-III-15.10.24-900x600-01-480x320.png 480w\" sizes=\"(min-width: 0px) and (max-width: 480px) 480px, (min-width: 481px) 900px, 100vw\" \/><\/figure>","protected":false},"excerpt":{"rendered":"<p>Wsp\u00f3lnie z Instytutem im. Wojciecha Korfantego zapraszamy do Katowic na III Forum wok\u00f3\u0142 Park\u00f3w Kulturowych. Wydarzenie odb\u0119dzie si\u0119 w najbli\u017cszy wtorek &#8211; 15 pa\u017adziernika. Instytut im. Wojciecha Korfantego, od 2019 [&hellip;]<\/p>","protected":false},"author":7,"featured_media":22893,"comment_status":"closed","ping_status":"closed","sticky":false,"template":"","format":"standard","meta":{"_et_pb_use_builder":"off","_et_pb_old_content":"","_et_gb_content_width":"","_monsterinsights_skip_tracking":false,"_monsterinsights_sitenote_active":false,"_monsterinsights_sitenote_note":"","_monsterinsights_sitenote_category":0,"footnotes":""},"categories":[28],"tags":[],"class_list":["post-22890","post","type-post","status-publish","format-standard","has-post-thumbnail","hentry","category-patronaty"],"yoast_head":"<!-- This site is optimized with the Yoast SEO plugin v26.5 - https:\/\/yoast.com\/wordpress\/plugins\/seo\/ -->\n<title>Czy parki kulturowe chroni\u0105 zabytki? III Forum wok\u00f3\u0142 Park\u00f3w Kulturowych - NID<\/title>\n<meta name=\"robots\" content=\"index, follow, max-snippet:-1, max-image-preview:large, max-video-preview:-1\" \/>\n<link rel=\"canonical\" href=\"https:\/\/nid.pl\/en\/2024\/10\/11\/czy-parki-kulturowe-chronia-zabytki-iii-forum-wokol-parkow-kulturowych\/\" \/>\n<meta property=\"og:locale\" content=\"en_GB\" \/>\n<meta property=\"og:type\" content=\"article\" \/>\n<meta property=\"og:title\" content=\"Czy parki kulturowe chroni\u0105 zabytki? III Forum wok\u00f3\u0142 Park\u00f3w Kulturowych - NID\" \/>\n<meta property=\"og:description\" content=\"Wsp\u00f3lnie z Instytutem im. Wojciecha Korfantego zapraszamy do Katowic na III Forum wok\u00f3\u0142 Park\u00f3w Kulturowych. Wydarzenie odb\u0119dzie si\u0119 w najbli\u017cszy wtorek &#8211; 15 pa\u017adziernika. Instytut im. Wojciecha Korfantego, od 2019 [&hellip;]\" \/>\n<meta property=\"og:url\" content=\"https:\/\/nid.pl\/en\/2024\/10\/11\/czy-parki-kulturowe-chronia-zabytki-iii-forum-wokol-parkow-kulturowych\/\" \/>\n<meta property=\"og:site_name\" content=\"NID\" \/>\n<meta property=\"article:publisher\" content=\"https:\/\/www.facebook.com\/zabytek\" \/>\n<meta property=\"article:published_time\" content=\"2024-10-11T12:57:16+00:00\" \/>\n<meta property=\"article:modified_time\" content=\"2024-10-11T13:01:03+00:00\" \/>\n<meta property=\"og:image\" content=\"https:\/\/nid.pl\/wp-content\/uploads\/2024\/10\/Patronaty-NID-dobre.jpg\" \/>\n\t<meta property=\"og:image:width\" content=\"1400\" \/>\n\t<meta property=\"og:image:height\" content=\"875\" \/>\n\t<meta property=\"og:image:type\" content=\"image\/jpeg\" \/>\n<meta name=\"author\" content=\"Barbara Halliop\" \/>\n<meta name=\"twitter:card\" content=\"summary_large_image\" \/>\n<meta name=\"twitter:creator\" content=\"@NarIDpl\" \/>\n<meta name=\"twitter:site\" content=\"@NarIDpl\" \/>\n<meta name=\"twitter:label1\" content=\"Written by\" \/>\n\t<meta name=\"twitter:data1\" content=\"Barbara Halliop\" \/>\n\t<meta name=\"twitter:label2\" content=\"Estimated reading time\" \/>\n\t<meta name=\"twitter:data2\" content=\"4 minutes\" \/>\n<script type=\"application\/ld+json\" class=\"yoast-schema-graph\">{\"@context\":\"https:\/\/schema.org\",\"@graph\":[{\"@type\":\"Article\",\"@id\":\"https:\/\/nid.pl\/2024\/10\/11\/czy-parki-kulturowe-chronia-zabytki-iii-forum-wokol-parkow-kulturowych\/#article\",\"isPartOf\":{\"@id\":\"https:\/\/nid.pl\/2024\/10\/11\/czy-parki-kulturowe-chronia-zabytki-iii-forum-wokol-parkow-kulturowych\/\"},\"author\":{\"name\":\"Barbara Halliop\",\"@id\":\"https:\/\/nid.pl\/#\/schema\/person\/1b690a8998a5111cfb9f0ffe24195a15\"},\"headline\":\"Czy parki kulturowe chroni\u0105 zabytki? III Forum wok\u00f3\u0142 Park\u00f3w Kulturowych\",\"datePublished\":\"2024-10-11T12:57:16+00:00\",\"dateModified\":\"2024-10-11T13:01:03+00:00\",\"mainEntityOfPage\":{\"@id\":\"https:\/\/nid.pl\/2024\/10\/11\/czy-parki-kulturowe-chronia-zabytki-iii-forum-wokol-parkow-kulturowych\/\"},\"wordCount\":610,\"publisher\":{\"@id\":\"https:\/\/nid.pl\/#organization\"},\"image\":{\"@id\":\"https:\/\/nid.pl\/2024\/10\/11\/czy-parki-kulturowe-chronia-zabytki-iii-forum-wokol-parkow-kulturowych\/#primaryimage\"},\"thumbnailUrl\":\"https:\/\/nid.pl\/wp-content\/uploads\/2024\/10\/Patronaty-NID-dobre.jpg\",\"articleSection\":[\"Patronaty\"],\"inLanguage\":\"en-GB\"},{\"@type\":\"WebPage\",\"@id\":\"https:\/\/nid.pl\/2024\/10\/11\/czy-parki-kulturowe-chronia-zabytki-iii-forum-wokol-parkow-kulturowych\/\",\"url\":\"https:\/\/nid.pl\/2024\/10\/11\/czy-parki-kulturowe-chronia-zabytki-iii-forum-wokol-parkow-kulturowych\/\",\"name\":\"Czy parki kulturowe chroni\u0105 zabytki? III Forum wok\u00f3\u0142 Park\u00f3w Kulturowych - NID\",\"isPartOf\":{\"@id\":\"https:\/\/nid.pl\/#website\"},\"primaryImageOfPage\":{\"@id\":\"https:\/\/nid.pl\/2024\/10\/11\/czy-parki-kulturowe-chronia-zabytki-iii-forum-wokol-parkow-kulturowych\/#primaryimage\"},\"image\":{\"@id\":\"https:\/\/nid.pl\/2024\/10\/11\/czy-parki-kulturowe-chronia-zabytki-iii-forum-wokol-parkow-kulturowych\/#primaryimage\"},\"thumbnailUrl\":\"https:\/\/nid.pl\/wp-content\/uploads\/2024\/10\/Patronaty-NID-dobre.jpg\",\"datePublished\":\"2024-10-11T12:57:16+00:00\",\"dateModified\":\"2024-10-11T13:01:03+00:00\",\"breadcrumb\":{\"@id\":\"https:\/\/nid.pl\/2024\/10\/11\/czy-parki-kulturowe-chronia-zabytki-iii-forum-wokol-parkow-kulturowych\/#breadcrumb\"},\"inLanguage\":\"en-GB\",\"potentialAction\":[{\"@type\":\"ReadAction\",\"target\":[\"https:\/\/nid.pl\/2024\/10\/11\/czy-parki-kulturowe-chronia-zabytki-iii-forum-wokol-parkow-kulturowych\/\"]}]},{\"@type\":\"ImageObject\",\"inLanguage\":\"en-GB\",\"@id\":\"https:\/\/nid.pl\/2024\/10\/11\/czy-parki-kulturowe-chronia-zabytki-iii-forum-wokol-parkow-kulturowych\/#primaryimage\",\"url\":\"https:\/\/nid.pl\/wp-content\/uploads\/2024\/10\/Patronaty-NID-dobre.jpg\",\"contentUrl\":\"https:\/\/nid.pl\/wp-content\/uploads\/2024\/10\/Patronaty-NID-dobre.jpg\",\"width\":1400,\"height\":875,\"caption\":\"grafika\"},{\"@type\":\"BreadcrumbList\",\"@id\":\"https:\/\/nid.pl\/2024\/10\/11\/czy-parki-kulturowe-chronia-zabytki-iii-forum-wokol-parkow-kulturowych\/#breadcrumb\",\"itemListElement\":[{\"@type\":\"ListItem\",\"position\":1,\"name\":\"Home\",\"item\":\"https:\/\/nid.pl\/\"},{\"@type\":\"ListItem\",\"position\":2,\"name\":\"Czy parki kulturowe chroni\u0105 zabytki? III Forum wok\u00f3\u0142 Park\u00f3w Kulturowych\"}]},{\"@type\":\"WebSite\",\"@id\":\"https:\/\/nid.pl\/#website\",\"url\":\"https:\/\/nid.pl\/\",\"name\":\"NID\",\"description\":\"Narodowy Instytut Dziedzictwa\",\"publisher\":{\"@id\":\"https:\/\/nid.pl\/#organization\"},\"potentialAction\":[{\"@type\":\"SearchAction\",\"target\":{\"@type\":\"EntryPoint\",\"urlTemplate\":\"https:\/\/nid.pl\/?s={search_term_string}\"},\"query-input\":{\"@type\":\"PropertyValueSpecification\",\"valueRequired\":true,\"valueName\":\"search_term_string\"}}],\"inLanguage\":\"en-GB\"},{\"@type\":\"Organization\",\"@id\":\"https:\/\/nid.pl\/#organization\",\"name\":\"Narodowy Instytut Dziedzictwa\",\"url\":\"https:\/\/nid.pl\/\",\"logo\":{\"@type\":\"ImageObject\",\"inLanguage\":\"en-GB\",\"@id\":\"https:\/\/nid.pl\/#\/schema\/logo\/image\/\",\"url\":\"https:\/\/nid.pl\/wp-content\/uploads\/2022\/10\/logoRedDark.png\",\"contentUrl\":\"https:\/\/nid.pl\/wp-content\/uploads\/2022\/10\/logoRedDark.png\",\"width\":200,\"height\":197,\"caption\":\"Narodowy Instytut Dziedzictwa\"},\"image\":{\"@id\":\"https:\/\/nid.pl\/#\/schema\/logo\/image\/\"},\"sameAs\":[\"https:\/\/www.facebook.com\/zabytek\",\"https:\/\/x.com\/NarIDpl\",\"https:\/\/www.instagram.com\/nid.pl\/?hl=pl\",\"https:\/\/www.linkedin.com\/company\/narodowy-instytut-dziedzictwa\",\"https:\/\/www.youtube.com\/channel\/UCQXuhKa2uHtmNvLRUSx40JA\"]},{\"@type\":\"Person\",\"@id\":\"https:\/\/nid.pl\/#\/schema\/person\/1b690a8998a5111cfb9f0ffe24195a15\",\"name\":\"Barbara Halliop\",\"image\":{\"@type\":\"ImageObject\",\"inLanguage\":\"en-GB\",\"@id\":\"https:\/\/nid.pl\/#\/schema\/person\/image\/\",\"url\":\"https:\/\/nid.pl\/wp-content\/litespeed\/avatar\/924046d17dd0c842c9fa9ccf489bc6dc.jpg?ver=1777444967\",\"contentUrl\":\"https:\/\/nid.pl\/wp-content\/litespeed\/avatar\/924046d17dd0c842c9fa9ccf489bc6dc.jpg?ver=1777444967\",\"caption\":\"Barbara Halliop\"},\"url\":\"https:\/\/nid.pl\/en\/author\/bhalliop\/\"}]}<\/script>\n<!-- \/ Yoast SEO plugin. -->","yoast_head_json":{"title":"Czy parki kulturowe chroni\u0105 zabytki? III Forum wok\u00f3\u0142 Park\u00f3w Kulturowych - NID","robots":{"index":"index","follow":"follow","max-snippet":"max-snippet:-1","max-image-preview":"max-image-preview:large","max-video-preview":"max-video-preview:-1"},"canonical":"https:\/\/nid.pl\/en\/2024\/10\/11\/czy-parki-kulturowe-chronia-zabytki-iii-forum-wokol-parkow-kulturowych\/","og_locale":"en_GB","og_type":"article","og_title":"Czy parki kulturowe chroni\u0105 zabytki? III Forum wok\u00f3\u0142 Park\u00f3w Kulturowych - NID","og_description":"Wsp\u00f3lnie z Instytutem im. Wojciecha Korfantego zapraszamy do Katowic na III Forum wok\u00f3\u0142 Park\u00f3w Kulturowych. Wydarzenie odb\u0119dzie si\u0119 w najbli\u017cszy wtorek &#8211; 15 pa\u017adziernika. Instytut im. Wojciecha Korfantego, od 2019 [&hellip;]","og_url":"https:\/\/nid.pl\/en\/2024\/10\/11\/czy-parki-kulturowe-chronia-zabytki-iii-forum-wokol-parkow-kulturowych\/","og_site_name":"NID","article_publisher":"https:\/\/www.facebook.com\/zabytek","article_published_time":"2024-10-11T12:57:16+00:00","article_modified_time":"2024-10-11T13:01:03+00:00","og_image":[{"width":1400,"height":875,"url":"https:\/\/nid.pl\/wp-content\/uploads\/2024\/10\/Patronaty-NID-dobre.jpg","type":"image\/jpeg"}],"author":"Barbara Halliop","twitter_card":"summary_large_image","twitter_creator":"@NarIDpl","twitter_site":"@NarIDpl","twitter_misc":{"Written by":"Barbara Halliop","Estimated reading time":"4 minutes"},"schema":{"@context":"https:\/\/schema.org","@graph":[{"@type":"Article","@id":"https:\/\/nid.pl\/2024\/10\/11\/czy-parki-kulturowe-chronia-zabytki-iii-forum-wokol-parkow-kulturowych\/#article","isPartOf":{"@id":"https:\/\/nid.pl\/2024\/10\/11\/czy-parki-kulturowe-chronia-zabytki-iii-forum-wokol-parkow-kulturowych\/"},"author":{"name":"Barbara Halliop","@id":"https:\/\/nid.pl\/#\/schema\/person\/1b690a8998a5111cfb9f0ffe24195a15"},"headline":"Czy parki kulturowe chroni\u0105 zabytki? III Forum wok\u00f3\u0142 Park\u00f3w Kulturowych","datePublished":"2024-10-11T12:57:16+00:00","dateModified":"2024-10-11T13:01:03+00:00","mainEntityOfPage":{"@id":"https:\/\/nid.pl\/2024\/10\/11\/czy-parki-kulturowe-chronia-zabytki-iii-forum-wokol-parkow-kulturowych\/"},"wordCount":610,"publisher":{"@id":"https:\/\/nid.pl\/#organization"},"image":{"@id":"https:\/\/nid.pl\/2024\/10\/11\/czy-parki-kulturowe-chronia-zabytki-iii-forum-wokol-parkow-kulturowych\/#primaryimage"},"thumbnailUrl":"https:\/\/nid.pl\/wp-content\/uploads\/2024\/10\/Patronaty-NID-dobre.jpg","articleSection":["Patronaty"],"inLanguage":"en-GB"},{"@type":"WebPage","@id":"https:\/\/nid.pl\/2024\/10\/11\/czy-parki-kulturowe-chronia-zabytki-iii-forum-wokol-parkow-kulturowych\/","url":"https:\/\/nid.pl\/2024\/10\/11\/czy-parki-kulturowe-chronia-zabytki-iii-forum-wokol-parkow-kulturowych\/","name":"Czy parki kulturowe chroni\u0105 zabytki? III Forum wok\u00f3\u0142 Park\u00f3w Kulturowych - NID","isPartOf":{"@id":"https:\/\/nid.pl\/#website"},"primaryImageOfPage":{"@id":"https:\/\/nid.pl\/2024\/10\/11\/czy-parki-kulturowe-chronia-zabytki-iii-forum-wokol-parkow-kulturowych\/#primaryimage"},"image":{"@id":"https:\/\/nid.pl\/2024\/10\/11\/czy-parki-kulturowe-chronia-zabytki-iii-forum-wokol-parkow-kulturowych\/#primaryimage"},"thumbnailUrl":"https:\/\/nid.pl\/wp-content\/uploads\/2024\/10\/Patronaty-NID-dobre.jpg","datePublished":"2024-10-11T12:57:16+00:00","dateModified":"2024-10-11T13:01:03+00:00","breadcrumb":{"@id":"https:\/\/nid.pl\/2024\/10\/11\/czy-parki-kulturowe-chronia-zabytki-iii-forum-wokol-parkow-kulturowych\/#breadcrumb"},"inLanguage":"en-GB","potentialAction":[{"@type":"ReadAction","target":["https:\/\/nid.pl\/2024\/10\/11\/czy-parki-kulturowe-chronia-zabytki-iii-forum-wokol-parkow-kulturowych\/"]}]},{"@type":"ImageObject","inLanguage":"en-GB","@id":"https:\/\/nid.pl\/2024\/10\/11\/czy-parki-kulturowe-chronia-zabytki-iii-forum-wokol-parkow-kulturowych\/#primaryimage","url":"https:\/\/nid.pl\/wp-content\/uploads\/2024\/10\/Patronaty-NID-dobre.jpg","contentUrl":"https:\/\/nid.pl\/wp-content\/uploads\/2024\/10\/Patronaty-NID-dobre.jpg","width":1400,"height":875,"caption":"grafika"},{"@type":"BreadcrumbList","@id":"https:\/\/nid.pl\/2024\/10\/11\/czy-parki-kulturowe-chronia-zabytki-iii-forum-wokol-parkow-kulturowych\/#breadcrumb","itemListElement":[{"@type":"ListItem","position":1,"name":"Home","item":"https:\/\/nid.pl\/"},{"@type":"ListItem","position":2,"name":"Czy parki kulturowe chroni\u0105 zabytki? III Forum wok\u00f3\u0142 Park\u00f3w Kulturowych"}]},{"@type":"WebSite","@id":"https:\/\/nid.pl\/#website","url":"https:\/\/nid.pl\/","name":"NID","description":"Narodowy Instytut Dziedzictwa","publisher":{"@id":"https:\/\/nid.pl\/#organization"},"potentialAction":[{"@type":"SearchAction","target":{"@type":"EntryPoint","urlTemplate":"https:\/\/nid.pl\/?s={search_term_string}"},"query-input":{"@type":"PropertyValueSpecification","valueRequired":true,"valueName":"search_term_string"}}],"inLanguage":"en-GB"},{"@type":"Organization","@id":"https:\/\/nid.pl\/#organization","name":"Narodowy Instytut Dziedzictwa","url":"https:\/\/nid.pl\/","logo":{"@type":"ImageObject","inLanguage":"en-GB","@id":"https:\/\/nid.pl\/#\/schema\/logo\/image\/","url":"https:\/\/nid.pl\/wp-content\/uploads\/2022\/10\/logoRedDark.png","contentUrl":"https:\/\/nid.pl\/wp-content\/uploads\/2022\/10\/logoRedDark.png","width":200,"height":197,"caption":"Narodowy Instytut Dziedzictwa"},"image":{"@id":"https:\/\/nid.pl\/#\/schema\/logo\/image\/"},"sameAs":["https:\/\/www.facebook.com\/zabytek","https:\/\/x.com\/NarIDpl","https:\/\/www.instagram.com\/nid.pl\/?hl=pl","https:\/\/www.linkedin.com\/company\/narodowy-instytut-dziedzictwa","https:\/\/www.youtube.com\/channel\/UCQXuhKa2uHtmNvLRUSx40JA"]},{"@type":"Person","@id":"https:\/\/nid.pl\/#\/schema\/person\/1b690a8998a5111cfb9f0ffe24195a15","name":"Barbara Halliop","image":{"@type":"ImageObject","inLanguage":"en-GB","@id":"https:\/\/nid.pl\/#\/schema\/person\/image\/","url":"https:\/\/nid.pl\/wp-content\/litespeed\/avatar\/924046d17dd0c842c9fa9ccf489bc6dc.jpg?ver=1777444967","contentUrl":"https:\/\/nid.pl\/wp-content\/litespeed\/avatar\/924046d17dd0c842c9fa9ccf489bc6dc.jpg?ver=1777444967","caption":"Barbara Halliop"},"url":"https:\/\/nid.pl\/en\/author\/bhalliop\/"}]}},"_links":{"self":[{"href":"https:\/\/nid.pl\/en\/wp-json\/wp\/v2\/posts\/22890","targetHints":{"allow":["GET"]}}],"collection":[{"href":"https:\/\/nid.pl\/en\/wp-json\/wp\/v2\/posts"}],"about":[{"href":"https:\/\/nid.pl\/en\/wp-json\/wp\/v2\/types\/post"}],"author":[{"embeddable":true,"href":"https:\/\/nid.pl\/en\/wp-json\/wp\/v2\/users\/7"}],"replies":[{"embeddable":true,"href":"https:\/\/nid.pl\/en\/wp-json\/wp\/v2\/comments?post=22890"}],"version-history":[{"count":0,"href":"https:\/\/nid.pl\/en\/wp-json\/wp\/v2\/posts\/22890\/revisions"}],"wp:featuredmedia":[{"embeddable":true,"href":"https:\/\/nid.pl\/en\/wp-json\/wp\/v2\/media\/22893"}],"wp:attachment":[{"href":"https:\/\/nid.pl\/en\/wp-json\/wp\/v2\/media?parent=22890"}],"wp:term":[{"taxonomy":"category","embeddable":true,"href":"https:\/\/nid.pl\/en\/wp-json\/wp\/v2\/categories?post=22890"},{"taxonomy":"post_tag","embeddable":true,"href":"https:\/\/nid.pl\/en\/wp-json\/wp\/v2\/tags?post=22890"}],"curies":[{"name":"wp","href":"https:\/\/api.w.org\/{rel}","templated":true}]}}