{"id":22582,"date":"2024-09-30T16:13:56","date_gmt":"2024-09-30T14:13:56","guid":{"rendered":"https:\/\/nid.pl\/?p=22582"},"modified":"2024-09-30T16:23:03","modified_gmt":"2024-09-30T14:23:03","slug":"piknik-archeologiczny-w-smuszewie-czyli-archeologia-z-powietrza-i-w-wodzie","status":"publish","type":"post","link":"https:\/\/nid.pl\/en\/2024\/09\/30\/piknik-archeologiczny-w-smuszewie-czyli-archeologia-z-powietrza-i-w-wodzie\/","title":{"rendered":"Piknik archeologiczny w Smuszewie, czyli archeologia z powietrza i w wodzie"},"content":{"rendered":"<p><strong>21 wrze\u015bnia, w Smuszewie, w okolicach relikt\u00f3w osady obronnej z epoki br\u0105zu,&nbsp;odby\u0142 si\u0119 archeologiczny piknik naukowy. Wydarzenie przybli\u017caj\u0105ce lokalnej spo\u0142eczno\u015bci prac\u0119 i wyzwania archeolog\u00f3w zosta\u0142o zorganizowane przez&nbsp;Narodowy Instytut Dziedzictwa, Uniwersytet im. Adama Mickiewicza w Poznaniu i Urz\u0105d Gminy w Damas\u0142awku w ramach realizacji projektu TRIQUETRA.<\/strong>&nbsp;<\/p>\n\n\n\n<p>Stanowisko w<strong> Smuszewie<\/strong> jest jednym z 8 pilota\u017cowych stanowisk archeologicznych badanych w ramach projektu<a href=\"https:\/\/nid.pl\/en\/projekt-triquetra\/\" target=\"_blank\" rel=\"noreferrer noopener\"> <strong>TRIQUETRA. <em>Toolbox for assessing and mitigating Climate Change risks and natural hazards threatening Cultural Heritage<\/em><\/strong><\/a><strong><em>,<\/em><\/strong> finansowanego z unijnego programu Horyzont Europa w zakresie bada\u0144 i innowacji na podstawie umowy nr 101094818. Projekt\u00a0realizowany jest przez Narodowy Instytut Dziedzictwa, wraz z Uniwersytetem im. Adama Mickiewicza w Poznaniu oraz 19 europejskimi partnerami.\u00a0<\/p>\n\n\n\n<p>Celem projektu TRIQUETRA jest wypracowanie narz\u0119dzi do <strong>oceny i minimalizowania zagro\u017ce\u0144 zwi\u0105zanych ze skutkami zmian klimatycznych<\/strong>, kt\u00f3re mog\u0105 mie\u0107 negatywny wp\u0142yw na dziedzictwo kulturowe. Badane s\u0105&nbsp;trzy typy stanowisk archeologicznych szczeg\u00f3lnie podatnych na zagro\u017cenia: po\u0142o\u017conych na terenach rolniczych, na wybrze\u017cach oraz stanowisk podwodnych.&nbsp;<\/p>\n\n\n\n<p>Relikty osady obronnej w Smuszewie, podobnie jak te w Biskupinie, s\u0105 zwi\u0105zane z<strong> kultur\u0105 \u0142u\u017cyck\u0105<\/strong>. Analizy dendrochronologiczne przeprowadzone przez Instytut Archeologii UMK w Toruniu wykaza\u0142y, \u017ce osady te funkcjonowa\u0142y <strong>w drugiej po\u0142owie VIII wieku p.n.e<\/strong>. Dzi\u0119ki pomiarom geomagnetycznym ustalono, \u017ce osada by\u0142a regularnie zabudowana, z drewnianymi domostwami i ulicami. Badania prowadzone przez Muzeum Archeologiczne w Poznaniu w latach 1959-1966 potwierdzi\u0142y <strong>wyj\u0105tkowy stan zachowania drewnianych konstrukcji.<\/strong> Wi\u0119kszo\u015b\u0107 z nich pozostaje pod ziemi\u0105 i wod\u0105, co daje szans\u0119 na ich zachowanie, o ile uda si\u0119 przeciwdzia\u0142a\u0107 <strong>zagro\u017ceniom<\/strong> zwi\u0105zanym ze zmianami klimatu i wilgotno\u015bci. &nbsp;<\/p>\n\n\n\n<p><\/p>\n\n\n\n<p><\/p>\n\n\n\n<figure class=\"wp-block-image aligncenter size-large\"><img loading=\"lazy\" decoding=\"async\" width=\"1024\" height=\"576\" src=\"https:\/\/nid.pl\/wp-content\/uploads\/2024\/09\/YUN_13139-1024x576.jpg\" alt=\"\" class=\"wp-image-22583\" srcset=\"https:\/\/nid.pl\/wp-content\/uploads\/2024\/09\/YUN_13139-980x551.jpg 980w, https:\/\/nid.pl\/wp-content\/uploads\/2024\/09\/YUN_13139-480x270.jpg 480w\" sizes=\"(min-width: 0px) and (max-width: 480px) 480px, (min-width: 481px) and (max-width: 980px) 980px, (min-width: 981px) 1024px, 100vw\" \/><figcaption class=\"wp-element-caption\">zdj\u0119cie grodziska w Smuszewie z powietrza, fot. UAM\/dr. hab. S\u0142awomir Kr\u00f3lewicz<\/figcaption><\/figure>\n\n\n\n<p><\/p>\n\n\n\n<p><\/p>\n\n\n\n<p><\/p>\n\n\n\n<p><\/p>\n\n\n\n<div class=\"wp-block-columns is-layout-flex wp-container-core-columns-is-layout-9d6595d7 wp-block-columns-is-layout-flex\">\n<div class=\"wp-block-column is-vertically-aligned-center is-layout-flow wp-block-column-is-layout-flow\">\n<p class=\"has-text-align-left\">Czynnikiem, kt\u00f3ry mo\u017ce prowadzi\u0107 do degradacji lub przeciwnie, lepszej ochrony stanowisk archeologicznych, jest dzia\u0142alno\u015b\u0107 cz\u0142owieka, dlatego w ramach projektu TRIQUETRA odbywaj\u0105 si\u0119 konsultacje, warsztaty i imprezy<strong> anga\u017cuj\u0105ce lokaln\u0105 spo\u0142eczno\u015b\u0107<\/strong>, t\u0142umacz\u0105ce warto\u015b\u0107 dziedzictwa archeologicznego. Takim wydarzeniem by\u0142 piknik zorganizowany przez Narodowy Instytut Dziedzictwa we wsp\u00f3\u0142pracy z\u00a0Uniwersytetem im. Adama Mickiewicza,\u00a0Gmin\u0105 w Damas\u0142awku\u00a0oraz\u00a0Ko\u0142em Gospody\u0144 Wiejskich w Smuszewie. Piknik przyci\u0105gn\u0105\u0142 ponad 300 os\u00f3b, co \u015bwiadczy o skuteczno\u015bci takiej formy opowiadania o dziedzictwie.\u00a0<\/p>\n<\/div>\n\n\n\n<div class=\"wp-block-column is-layout-flow wp-block-column-is-layout-flow\">\n<figure class=\"wp-block-image size-large\"><img loading=\"lazy\" decoding=\"async\" width=\"1024\" height=\"683\" src=\"https:\/\/nid.pl\/wp-content\/uploads\/2024\/09\/3L5A2706-1024x683.jpg\" alt=\"\" class=\"wp-image-22584\" srcset=\"https:\/\/nid.pl\/wp-content\/uploads\/2024\/09\/3L5A2706-980x653.jpg 980w, https:\/\/nid.pl\/wp-content\/uploads\/2024\/09\/3L5A2706-480x320.jpg 480w\" sizes=\"(min-width: 0px) and (max-width: 480px) 480px, (min-width: 481px) and (max-width: 980px) 980px, (min-width: 981px) 1024px, 100vw\" \/><figcaption class=\"wp-element-caption\">piknik archeologiczny w Smuszewie, fot. NID\/Agnieszka Makowska<\/figcaption><\/figure>\n<\/div>\n<\/div>\n\n\n\n<p><\/p>\n\n\n\n<p>Podczas pikniku badacze z Wydzia\u0142u Archeologii UAM, Instytutu\u00a0Geografii\u00a0Fizycznej i\u00a0Kszta\u0142towania\u00a0\u015arodowiska\u00a0Przyrodniczego UAM, Instytutu Archeologii UMK, Muzeum w Biskupinie, Muzeum w W\u0105growcu oraz Narodowego Instytutu Dziedzictwa opowiedzieli o <strong>archeologii lotniczej<\/strong> i nieinwazyjnych metodach badania dziedzictwa, o <strong>archeologii podwodnej<\/strong> oraz o\u00a0zagro\u017ceniach, na kt\u00f3re nara\u017cone s\u0105 jeziora, r\u00f3wnie\u017c zwi\u0105zanych ze zmianami klimatu.\u00a0<\/p>\n\n\n\n<p><\/p>\n\n\n\n<p><\/p>\n\n\n\n<p><\/p>\n\n\n\n<div class=\"wp-block-columns is-layout-flex wp-container-core-columns-is-layout-9d6595d7 wp-block-columns-is-layout-flex\">\n<div class=\"wp-block-column is-layout-flow wp-block-column-is-layout-flow\">\n<figure data-wp-context=\"{&quot;imageId&quot;:&quot;69f5dae19f40b&quot;}\" data-wp-interactive=\"core\/image\" data-wp-key=\"69f5dae19f40b\" class=\"wp-block-image size-large wp-lightbox-container\"><img loading=\"lazy\" decoding=\"async\" width=\"683\" height=\"1024\" data-wp-class--hide=\"state.isContentHidden\" data-wp-class--show=\"state.isContentVisible\" data-wp-init=\"callbacks.setButtonStyles\" data-wp-on--click=\"actions.showLightbox\" data-wp-on--load=\"callbacks.setButtonStyles\" data-wp-on-window--resize=\"callbacks.setButtonStyles\" src=\"https:\/\/nid.pl\/wp-content\/uploads\/2024\/09\/3L5A2673-683x1024.jpg\" alt=\"\" class=\"wp-image-22585\"\/><button\n\t\t\tclass=\"lightbox-trigger\"\n\t\t\ttype=\"button\"\n\t\t\taria-haspopup=\"dialog\"\n\t\t\taria-label=\"Enlarge\"\n\t\t\tdata-wp-init=\"callbacks.initTriggerButton\"\n\t\t\tdata-wp-on--click=\"actions.showLightbox\"\n\t\t\tdata-wp-style--right=\"state.imageButtonRight\"\n\t\t\tdata-wp-style--top=\"state.imageButtonTop\"\n\t\t>\n\t\t\t<svg xmlns=\"http:\/\/www.w3.org\/2000\/svg\" width=\"12\" height=\"12\" fill=\"none\" viewbox=\"0 0 12 12\">\n\t\t\t\t<path fill=\"#fff\" d=\"M2 0a2 2 0 0 0-2 2v2h1.5V2a.5.5 0 0 1 .5-.5h2V0H2Zm2 10.5H2a.5.5 0 0 1-.5-.5V8H0v2a2 2 0 0 0 2 2h2v-1.5ZM8 12v-1.5h2a.5.5 0 0 0 .5-.5V8H12v2a2 2 0 0 1-2 2H8Zm2-12a2 2 0 0 1 2 2v2h-1.5V2a.5.5 0 0 0-.5-.5H8V0h2Z\" \/>\n\t\t\t<\/svg>\n\t\t<\/button><figcaption class=\"wp-element-caption\">Strefa ZIEMI: Warsztat br\u0105zownika  przygotowany przez Muzeum Archeologiczne w Biskupinie, fot. NID\/Agnieszka Makowska<\/figcaption><\/figure>\n<\/div>\n\n\n\n<div class=\"wp-block-column is-layout-flow wp-block-column-is-layout-flow\">\n<figure data-wp-context=\"{&quot;imageId&quot;:&quot;69f5dae19f864&quot;}\" data-wp-interactive=\"core\/image\" data-wp-key=\"69f5dae19f864\" class=\"wp-block-image size-large wp-lightbox-container\"><img loading=\"lazy\" decoding=\"async\" width=\"1706\" height=\"2560\" data-wp-class--hide=\"state.isContentHidden\" data-wp-class--show=\"state.isContentVisible\" data-wp-init=\"callbacks.setButtonStyles\" data-wp-on--click=\"actions.showLightbox\" data-wp-on--load=\"callbacks.setButtonStyles\" data-wp-on-window--resize=\"callbacks.setButtonStyles\" src=\"https:\/\/nid.pl\/wp-content\/uploads\/2024\/09\/3L5A2646-edited-scaled.jpg\" alt=\"\" class=\"wp-image-22589\" srcset=\"https:\/\/nid.pl\/wp-content\/uploads\/2024\/09\/3L5A2646-edited-scaled.jpg 1706w, https:\/\/nid.pl\/wp-content\/uploads\/2024\/09\/3L5A2646-edited-1280x1921.jpg 1280w, https:\/\/nid.pl\/wp-content\/uploads\/2024\/09\/3L5A2646-edited-980x1471.jpg 980w, https:\/\/nid.pl\/wp-content\/uploads\/2024\/09\/3L5A2646-edited-480x720.jpg 480w\" sizes=\"(min-width: 0px) and (max-width: 480px) 480px, (min-width: 481px) and (max-width: 980px) 980px, (min-width: 981px) and (max-width: 1280px) 1280px, (min-width: 1281px) 1706px, 100vw\" \/><button\n\t\t\tclass=\"lightbox-trigger\"\n\t\t\ttype=\"button\"\n\t\t\taria-haspopup=\"dialog\"\n\t\t\taria-label=\"Enlarge\"\n\t\t\tdata-wp-init=\"callbacks.initTriggerButton\"\n\t\t\tdata-wp-on--click=\"actions.showLightbox\"\n\t\t\tdata-wp-style--right=\"state.imageButtonRight\"\n\t\t\tdata-wp-style--top=\"state.imageButtonTop\"\n\t\t>\n\t\t\t<svg xmlns=\"http:\/\/www.w3.org\/2000\/svg\" width=\"12\" height=\"12\" fill=\"none\" viewbox=\"0 0 12 12\">\n\t\t\t\t<path fill=\"#fff\" d=\"M2 0a2 2 0 0 0-2 2v2h1.5V2a.5.5 0 0 1 .5-.5h2V0H2Zm2 10.5H2a.5.5 0 0 1-.5-.5V8H0v2a2 2 0 0 0 2 2h2v-1.5ZM8 12v-1.5h2a.5.5 0 0 0 .5-.5V8H12v2a2 2 0 0 1-2 2H8Zm2-12a2 2 0 0 1 2 2v2h-1.5V2a.5.5 0 0 0-.5-.5H8V0h2Z\" \/>\n\t\t\t<\/svg>\n\t\t<\/button><figcaption class=\"wp-element-caption\">Strefa ZIEMI: Warsztaty lepienia naczy\u0144 z gliny, przygotowane przez Muzeum Archeologiczne w Biskupinie, warsztaty prowadzi\u0142a Kamila Przewoda, fot. NID\/Agnieszka Makowska<\/figcaption><\/figure>\n<\/div>\n\n\n\n<div class=\"wp-block-column is-layout-flow wp-block-column-is-layout-flow\">\n<figure data-wp-context=\"{&quot;imageId&quot;:&quot;69f5dae19fbfa&quot;}\" data-wp-interactive=\"core\/image\" data-wp-key=\"69f5dae19fbfa\" class=\"wp-block-image size-large wp-lightbox-container\"><img loading=\"lazy\" decoding=\"async\" width=\"1708\" height=\"2560\" data-wp-class--hide=\"state.isContentHidden\" data-wp-class--show=\"state.isContentVisible\" data-wp-init=\"callbacks.setButtonStyles\" data-wp-on--click=\"actions.showLightbox\" data-wp-on--load=\"callbacks.setButtonStyles\" data-wp-on-window--resize=\"callbacks.setButtonStyles\" src=\"https:\/\/nid.pl\/wp-content\/uploads\/2024\/09\/3L5A2661-edited-scaled.jpg\" alt=\"\" class=\"wp-image-22590\" srcset=\"https:\/\/nid.pl\/wp-content\/uploads\/2024\/09\/3L5A2661-edited-scaled.jpg 1708w, https:\/\/nid.pl\/wp-content\/uploads\/2024\/09\/3L5A2661-edited-1280x1919.jpg 1280w, https:\/\/nid.pl\/wp-content\/uploads\/2024\/09\/3L5A2661-edited-980x1469.jpg 980w, https:\/\/nid.pl\/wp-content\/uploads\/2024\/09\/3L5A2661-edited-480x719.jpg 480w\" sizes=\"(min-width: 0px) and (max-width: 480px) 480px, (min-width: 481px) and (max-width: 980px) 980px, (min-width: 981px) and (max-width: 1280px) 1280px, (min-width: 1281px) 1708px, 100vw\" \/><button\n\t\t\tclass=\"lightbox-trigger\"\n\t\t\ttype=\"button\"\n\t\t\taria-haspopup=\"dialog\"\n\t\t\taria-label=\"Enlarge\"\n\t\t\tdata-wp-init=\"callbacks.initTriggerButton\"\n\t\t\tdata-wp-on--click=\"actions.showLightbox\"\n\t\t\tdata-wp-style--right=\"state.imageButtonRight\"\n\t\t\tdata-wp-style--top=\"state.imageButtonTop\"\n\t\t>\n\t\t\t<svg xmlns=\"http:\/\/www.w3.org\/2000\/svg\" width=\"12\" height=\"12\" fill=\"none\" viewbox=\"0 0 12 12\">\n\t\t\t\t<path fill=\"#fff\" d=\"M2 0a2 2 0 0 0-2 2v2h1.5V2a.5.5 0 0 1 .5-.5h2V0H2Zm2 10.5H2a.5.5 0 0 1-.5-.5V8H0v2a2 2 0 0 0 2 2h2v-1.5ZM8 12v-1.5h2a.5.5 0 0 0 .5-.5V8H12v2a2 2 0 0 1-2 2H8Zm2-12a2 2 0 0 1 2 2v2h-1.5V2a.5.5 0 0 0-.5-.5H8V0h2Z\" \/>\n\t\t\t<\/svg>\n\t\t<\/button><figcaption class=\"wp-element-caption\">Strefa WODY: pokazy i warsztaty dotycz\u0105ce roli, zagro\u017ce\u0144 i ochrony jezior, i zwi\u0105zkach archeologii z hydrologi\u0105  przygotowane przez Uniwersytet im. Adama Mickiewicza w Poznaniu \u2013 na zdj\u0119ciu prof. UAM dr hab. Renata Graf, fot. NID\/Agnieszka Makowska<\/figcaption><\/figure>\n<\/div>\n<\/div>\n\n\n\n<p><\/p>\n\n\n\n<p>Muzeum Archeologiczne w Biskupinie przygotowa\u0142o <strong>prezentacje r\u00f3\u017cnych technik rzemios\u0142a pradziejowego <\/strong>\u2013 uczestnicy pikniku mogli dowiedzie\u0107 si\u0119, jak wytwarzano br\u0105z, w jaki spos\u00f3b odlewano bro\u0144, narz\u0119dzia i ozdoby oraz czym si\u0119 charakteryzowa\u0142y przedmioty z br\u0105zu. Du\u017cym powodzeniem cieszy\u0142o si\u0119 stanowisko Muzeum Archeologicznego w Biskupinie, na kt\u00f3rym zorganizowano pokazy garncarstwa z epoki br\u0105zu i warsztaty dla dzieci, kt\u00f3re mog\u0142y wypr\u00f3bowa\u0107 swoich si\u0142 w lepieniu z gliny i ozdabianiu naczy\u0144 w stylu \u0142u\u017cyckim.&nbsp;<\/p>\n\n\n\n<p>Narodowy Instytut Dziedzictwa&nbsp;przeprowadzi\u0142 <strong>pokazy prowadzenia archeologicznych bada\u0144 powierzchniowych<\/strong>, daj\u0105c uczestnikom pikniku mo\u017cliwo\u015b\u0107 udzia\u0142u w poszukiwaniach fragment\u00f3w ceramiki na wyznaczonej powierzchni i ich dokumentowaniem. Najm\u0142odsi uczestnicy mogli si\u0119 zaj\u0105\u0107&nbsp;budow\u0105 grodu z klock\u00f3w. Na stanowisku NID mo\u017cna by\u0142o dowiedzie\u0107 si\u0119 r\u00f3wnie\u017c, jakie przepisy obowi\u0105zuj\u0105 w ochronie zabytk\u00f3w i co zrobi\u0107, w przypadku znalezienia zabytku.&nbsp;<\/p>\n\n\n\n<p><\/p>\n\n\n\n<p><\/p>\n\n\n\n<p><\/p>\n\n\n\n<div class=\"wp-block-columns is-layout-flex wp-container-core-columns-is-layout-9d6595d7 wp-block-columns-is-layout-flex\">\n<div class=\"wp-block-column is-layout-flow wp-block-column-is-layout-flow\">\n<figure data-wp-context=\"{&quot;imageId&quot;:&quot;69f5dae1a0089&quot;}\" data-wp-interactive=\"core\/image\" data-wp-key=\"69f5dae1a0089\" class=\"wp-block-image size-large wp-lightbox-container\"><img loading=\"lazy\" decoding=\"async\" width=\"1024\" height=\"683\" data-wp-class--hide=\"state.isContentHidden\" data-wp-class--show=\"state.isContentVisible\" data-wp-init=\"callbacks.setButtonStyles\" data-wp-on--click=\"actions.showLightbox\" data-wp-on--load=\"callbacks.setButtonStyles\" data-wp-on-window--resize=\"callbacks.setButtonStyles\" src=\"https:\/\/nid.pl\/wp-content\/uploads\/2024\/09\/3L5A2614-1024x683.jpg\" alt=\"\" class=\"wp-image-22591\" srcset=\"https:\/\/nid.pl\/wp-content\/uploads\/2024\/09\/3L5A2614-980x653.jpg 980w, https:\/\/nid.pl\/wp-content\/uploads\/2024\/09\/3L5A2614-480x320.jpg 480w\" sizes=\"(min-width: 0px) and (max-width: 480px) 480px, (min-width: 481px) and (max-width: 980px) 980px, (min-width: 981px) 1024px, 100vw\" \/><button\n\t\t\tclass=\"lightbox-trigger\"\n\t\t\ttype=\"button\"\n\t\t\taria-haspopup=\"dialog\"\n\t\t\taria-label=\"Enlarge\"\n\t\t\tdata-wp-init=\"callbacks.initTriggerButton\"\n\t\t\tdata-wp-on--click=\"actions.showLightbox\"\n\t\t\tdata-wp-style--right=\"state.imageButtonRight\"\n\t\t\tdata-wp-style--top=\"state.imageButtonTop\"\n\t\t>\n\t\t\t<svg xmlns=\"http:\/\/www.w3.org\/2000\/svg\" width=\"12\" height=\"12\" fill=\"none\" viewbox=\"0 0 12 12\">\n\t\t\t\t<path fill=\"#fff\" d=\"M2 0a2 2 0 0 0-2 2v2h1.5V2a.5.5 0 0 1 .5-.5h2V0H2Zm2 10.5H2a.5.5 0 0 1-.5-.5V8H0v2a2 2 0 0 0 2 2h2v-1.5ZM8 12v-1.5h2a.5.5 0 0 0 .5-.5V8H12v2a2 2 0 0 1-2 2H8Zm2-12a2 2 0 0 1 2 2v2h-1.5V2a.5.5 0 0 0-.5-.5H8V0h2Z\" \/>\n\t\t\t<\/svg>\n\t\t<\/button><figcaption class=\"wp-element-caption\">Georadarem po wa\u0142ach wraz ze specjalist\u0105 z IAE PAN &#8211; Robertem Ryndziewiczem, fot. NID\/Agnieszka Makowska<\/figcaption><\/figure>\n<\/div>\n\n\n\n<div class=\"wp-block-column is-layout-flow wp-block-column-is-layout-flow\">\n<figure data-wp-context=\"{&quot;imageId&quot;:&quot;69f5dae1a0369&quot;}\" data-wp-interactive=\"core\/image\" data-wp-key=\"69f5dae1a0369\" class=\"wp-block-image size-large wp-lightbox-container\"><img loading=\"lazy\" decoding=\"async\" width=\"1024\" height=\"683\" data-wp-class--hide=\"state.isContentHidden\" data-wp-class--show=\"state.isContentVisible\" data-wp-init=\"callbacks.setButtonStyles\" data-wp-on--click=\"actions.showLightbox\" data-wp-on--load=\"callbacks.setButtonStyles\" data-wp-on-window--resize=\"callbacks.setButtonStyles\" src=\"https:\/\/nid.pl\/wp-content\/uploads\/2024\/09\/3L5A2601-1024x683.jpg\" alt=\"\" class=\"wp-image-22594\" srcset=\"https:\/\/nid.pl\/wp-content\/uploads\/2024\/09\/3L5A2601-980x653.jpg 980w, https:\/\/nid.pl\/wp-content\/uploads\/2024\/09\/3L5A2601-480x320.jpg 480w\" sizes=\"(min-width: 0px) and (max-width: 480px) 480px, (min-width: 481px) and (max-width: 980px) 980px, (min-width: 981px) 1024px, 100vw\" \/><button\n\t\t\tclass=\"lightbox-trigger\"\n\t\t\ttype=\"button\"\n\t\t\taria-haspopup=\"dialog\"\n\t\t\taria-label=\"Enlarge\"\n\t\t\tdata-wp-init=\"callbacks.initTriggerButton\"\n\t\t\tdata-wp-on--click=\"actions.showLightbox\"\n\t\t\tdata-wp-style--right=\"state.imageButtonRight\"\n\t\t\tdata-wp-style--top=\"state.imageButtonTop\"\n\t\t>\n\t\t\t<svg xmlns=\"http:\/\/www.w3.org\/2000\/svg\" width=\"12\" height=\"12\" fill=\"none\" viewbox=\"0 0 12 12\">\n\t\t\t\t<path fill=\"#fff\" d=\"M2 0a2 2 0 0 0-2 2v2h1.5V2a.5.5 0 0 1 .5-.5h2V0H2Zm2 10.5H2a.5.5 0 0 1-.5-.5V8H0v2a2 2 0 0 0 2 2h2v-1.5ZM8 12v-1.5h2a.5.5 0 0 0 .5-.5V8H12v2a2 2 0 0 1-2 2H8Zm2-12a2 2 0 0 1 2 2v2h-1.5V2a.5.5 0 0 0-.5-.5H8V0h2Z\" \/>\n\t\t\t<\/svg>\n\t\t<\/button><figcaption class=\"wp-element-caption\">Strefa ZIEMI: o badaniach powierzchniowych opowiadaj\u0105 pracownicy Narodowego Instytutu Dziedzictwa, Micha\u0142 Seku\u0142a i Jakub Wrzosek, fot. NID\/Agnieszka Makowska<\/figcaption><\/figure>\n<\/div>\n<\/div>\n\n\n\n<div class=\"wp-block-columns is-layout-flex wp-container-core-columns-is-layout-9d6595d7 wp-block-columns-is-layout-flex\">\n<div class=\"wp-block-column is-layout-flow wp-block-column-is-layout-flow\">\n<figure data-wp-context=\"{&quot;imageId&quot;:&quot;69f5dae1a07ad&quot;}\" data-wp-interactive=\"core\/image\" data-wp-key=\"69f5dae1a07ad\" class=\"wp-block-image size-large wp-lightbox-container\"><img loading=\"lazy\" decoding=\"async\" width=\"1024\" height=\"683\" data-wp-class--hide=\"state.isContentHidden\" data-wp-class--show=\"state.isContentVisible\" data-wp-init=\"callbacks.setButtonStyles\" data-wp-on--click=\"actions.showLightbox\" data-wp-on--load=\"callbacks.setButtonStyles\" data-wp-on-window--resize=\"callbacks.setButtonStyles\" src=\"https:\/\/nid.pl\/wp-content\/uploads\/2024\/09\/3L5A2587-1024x683.jpg\" alt=\"\" class=\"wp-image-22607\" srcset=\"https:\/\/nid.pl\/wp-content\/uploads\/2024\/09\/3L5A2587-980x653.jpg 980w, https:\/\/nid.pl\/wp-content\/uploads\/2024\/09\/3L5A2587-480x320.jpg 480w\" sizes=\"(min-width: 0px) and (max-width: 480px) 480px, (min-width: 481px) and (max-width: 980px) 980px, (min-width: 981px) 1024px, 100vw\" \/><button\n\t\t\tclass=\"lightbox-trigger\"\n\t\t\ttype=\"button\"\n\t\t\taria-haspopup=\"dialog\"\n\t\t\taria-label=\"Enlarge\"\n\t\t\tdata-wp-init=\"callbacks.initTriggerButton\"\n\t\t\tdata-wp-on--click=\"actions.showLightbox\"\n\t\t\tdata-wp-style--right=\"state.imageButtonRight\"\n\t\t\tdata-wp-style--top=\"state.imageButtonTop\"\n\t\t>\n\t\t\t<svg xmlns=\"http:\/\/www.w3.org\/2000\/svg\" width=\"12\" height=\"12\" fill=\"none\" viewbox=\"0 0 12 12\">\n\t\t\t\t<path fill=\"#fff\" d=\"M2 0a2 2 0 0 0-2 2v2h1.5V2a.5.5 0 0 1 .5-.5h2V0H2Zm2 10.5H2a.5.5 0 0 1-.5-.5V8H0v2a2 2 0 0 0 2 2h2v-1.5ZM8 12v-1.5h2a.5.5 0 0 0 .5-.5V8H12v2a2 2 0 0 1-2 2H8Zm2-12a2 2 0 0 1 2 2v2h-1.5V2a.5.5 0 0 0-.5-.5H8V0h2Z\" \/>\n\t\t\t<\/svg>\n\t\t<\/button><figcaption class=\"wp-element-caption\">Strefa ZIEMI: spacery po grodzisku z przewodniczk\u0105 \u2013 Agat\u0105 Byszewsk\u0105-\u0141asi\u0144sk\u0105 z Narodowego Instytutu Dziedzictwa, fot. NID\/Agnieszka Makowska<\/figcaption><\/figure>\n<\/div>\n\n\n\n<div class=\"wp-block-column is-layout-flow wp-block-column-is-layout-flow\">\n<figure data-wp-context=\"{&quot;imageId&quot;:&quot;69f5dae1a0b17&quot;}\" data-wp-interactive=\"core\/image\" data-wp-key=\"69f5dae1a0b17\" class=\"wp-block-image size-large wp-lightbox-container\"><img loading=\"lazy\" decoding=\"async\" width=\"1024\" height=\"683\" data-wp-class--hide=\"state.isContentHidden\" data-wp-class--show=\"state.isContentVisible\" data-wp-init=\"callbacks.setButtonStyles\" data-wp-on--click=\"actions.showLightbox\" data-wp-on--load=\"callbacks.setButtonStyles\" data-wp-on-window--resize=\"callbacks.setButtonStyles\" src=\"https:\/\/nid.pl\/wp-content\/uploads\/2024\/09\/3L5A2777-1024x683.jpg\" alt=\"\" class=\"wp-image-22608\" srcset=\"https:\/\/nid.pl\/wp-content\/uploads\/2024\/09\/3L5A2777-980x653.jpg 980w, https:\/\/nid.pl\/wp-content\/uploads\/2024\/09\/3L5A2777-480x320.jpg 480w\" sizes=\"(min-width: 0px) and (max-width: 480px) 480px, (min-width: 481px) and (max-width: 980px) 980px, (min-width: 981px) 1024px, 100vw\" \/><button\n\t\t\tclass=\"lightbox-trigger\"\n\t\t\ttype=\"button\"\n\t\t\taria-haspopup=\"dialog\"\n\t\t\taria-label=\"Enlarge\"\n\t\t\tdata-wp-init=\"callbacks.initTriggerButton\"\n\t\t\tdata-wp-on--click=\"actions.showLightbox\"\n\t\t\tdata-wp-style--right=\"state.imageButtonRight\"\n\t\t\tdata-wp-style--top=\"state.imageButtonTop\"\n\t\t>\n\t\t\t<svg xmlns=\"http:\/\/www.w3.org\/2000\/svg\" width=\"12\" height=\"12\" fill=\"none\" viewbox=\"0 0 12 12\">\n\t\t\t\t<path fill=\"#fff\" d=\"M2 0a2 2 0 0 0-2 2v2h1.5V2a.5.5 0 0 1 .5-.5h2V0H2Zm2 10.5H2a.5.5 0 0 1-.5-.5V8H0v2a2 2 0 0 0 2 2h2v-1.5ZM8 12v-1.5h2a.5.5 0 0 0 .5-.5V8H12v2a2 2 0 0 1-2 2H8Zm2-12a2 2 0 0 1 2 2v2h-1.5V2a.5.5 0 0 0-.5-.5H8V0h2Z\" \/>\n\t\t\t<\/svg>\n\t\t<\/button><figcaption class=\"wp-element-caption\">Strefa POWIETRZA \u2013 o podstawach metod teledetekcyjnych w archeologii (Uniwersytet im. Adama Mickiewicza w Poznaniu) \u2013 na zdj\u0119ciu dr Lidia \u017buk, fot. NID\/Agnieszka Makowska\n<\/figcaption><\/figure>\n<\/div>\n<\/div>\n\n\n\n<p><\/p>\n\n\n\n<p>Projekt \u201eTRIQUETRA. Toolbox for assessing and mitigating Climate Change risks and natural hazards threatening Cultural Heritage\u201d finansowany jest z unijnego programu Horyzont Europa w zakresie bada\u0144 i innowacji na podstawie umowy nr 101094818.<\/p>\n\n\n\n<p><\/p>\n\n\n\n<p><\/p>\n\n\n\n<div class=\"wp-block-columns is-layout-flex wp-container-core-columns-is-layout-9d6595d7 wp-block-columns-is-layout-flex\">\n<div class=\"wp-block-column is-layout-flow wp-block-column-is-layout-flow\">\n<figure class=\"wp-block-image size-large is-resized\"><img loading=\"lazy\" decoding=\"async\" width=\"1024\" height=\"136\" src=\"https:\/\/nid.pl\/wp-content\/uploads\/2024\/05\/PL-Finansowane-przez-Unie-Europejska_triquetra-1024x136.jpg\" alt=\"\" class=\"wp-image-18936\" style=\"width:703px;height:auto\" srcset=\"https:\/\/nid.pl\/wp-content\/uploads\/2024\/05\/PL-Finansowane-przez-Unie-Europejska_triquetra-980x130.jpg 980w, https:\/\/nid.pl\/wp-content\/uploads\/2024\/05\/PL-Finansowane-przez-Unie-Europejska_triquetra-480x64.jpg 480w\" sizes=\"(min-width: 0px) and (max-width: 480px) 480px, (min-width: 481px) and (max-width: 980px) 980px, (min-width: 981px) 1024px, 100vw\" \/><\/figure>\n<\/div>\n<\/div>","protected":false},"excerpt":{"rendered":"<p>21 wrze\u015bnia, w Smuszewie, w okolicach relikt\u00f3w osady obronnej z epoki br\u0105zu,&nbsp;odby\u0142 si\u0119 archeologiczny piknik naukowy. Wydarzenie przybli\u017caj\u0105ce lokalnej spo\u0142eczno\u015bci prac\u0119 i wyzwania archeolog\u00f3w zosta\u0142o zorganizowane przez&nbsp;Narodowy Instytut Dziedzictwa, Uniwersytet [&hellip;]<\/p>","protected":false},"author":15,"featured_media":22599,"comment_status":"closed","ping_status":"closed","sticky":false,"template":"","format":"standard","meta":{"_et_pb_use_builder":"off","_et_pb_old_content":"","_et_gb_content_width":"","_monsterinsights_skip_tracking":false,"_monsterinsights_sitenote_active":false,"_monsterinsights_sitenote_note":"","_monsterinsights_sitenote_category":0,"footnotes":""},"categories":[3],"tags":[],"class_list":["post-22582","post","type-post","status-publish","format-standard","has-post-thumbnail","hentry","category-aktualnosci"],"yoast_head":"<!-- This site is optimized with the Yoast SEO plugin v26.5 - https:\/\/yoast.com\/wordpress\/plugins\/seo\/ -->\n<title>Piknik archeologiczny w Smuszewie, czyli archeologia z powietrza i w wodzie - NID<\/title>\n<meta name=\"robots\" content=\"index, follow, max-snippet:-1, max-image-preview:large, max-video-preview:-1\" \/>\n<link rel=\"canonical\" href=\"https:\/\/nid.pl\/en\/2024\/09\/30\/piknik-archeologiczny-w-smuszewie-czyli-archeologia-z-powietrza-i-w-wodzie\/\" \/>\n<meta property=\"og:locale\" content=\"en_GB\" \/>\n<meta property=\"og:type\" content=\"article\" \/>\n<meta property=\"og:title\" content=\"Piknik archeologiczny w Smuszewie, czyli archeologia z powietrza i w wodzie - NID\" \/>\n<meta property=\"og:description\" content=\"21 wrze\u015bnia, w Smuszewie, w okolicach relikt\u00f3w osady obronnej z epoki br\u0105zu,&nbsp;odby\u0142 si\u0119 archeologiczny piknik naukowy. Wydarzenie przybli\u017caj\u0105ce lokalnej spo\u0142eczno\u015bci prac\u0119 i wyzwania archeolog\u00f3w zosta\u0142o zorganizowane przez&nbsp;Narodowy Instytut Dziedzictwa, Uniwersytet [&hellip;]\" \/>\n<meta property=\"og:url\" content=\"https:\/\/nid.pl\/en\/2024\/09\/30\/piknik-archeologiczny-w-smuszewie-czyli-archeologia-z-powietrza-i-w-wodzie\/\" \/>\n<meta property=\"og:site_name\" content=\"NID\" \/>\n<meta property=\"article:publisher\" content=\"https:\/\/www.facebook.com\/zabytek\" \/>\n<meta property=\"article:published_time\" content=\"2024-09-30T14:13:56+00:00\" \/>\n<meta property=\"article:modified_time\" content=\"2024-09-30T14:23:03+00:00\" \/>\n<meta property=\"og:image\" content=\"https:\/\/nid.pl\/wp-content\/uploads\/2024\/09\/Miniaturka-piknik-archeologiczny.jpg\" \/>\n\t<meta property=\"og:image:width\" content=\"1857\" \/>\n\t<meta property=\"og:image:height\" content=\"1238\" \/>\n\t<meta property=\"og:image:type\" content=\"image\/jpeg\" \/>\n<meta name=\"author\" content=\"Monika Ciura\" \/>\n<meta name=\"twitter:card\" content=\"summary_large_image\" \/>\n<meta name=\"twitter:creator\" content=\"@NarIDpl\" \/>\n<meta name=\"twitter:site\" content=\"@NarIDpl\" \/>\n<meta name=\"twitter:label1\" content=\"Written by\" \/>\n\t<meta name=\"twitter:data1\" content=\"Monika Ciura\" \/>\n\t<meta name=\"twitter:label2\" content=\"Estimated reading time\" \/>\n\t<meta name=\"twitter:data2\" content=\"7 minutes\" \/>\n<script type=\"application\/ld+json\" class=\"yoast-schema-graph\">{\"@context\":\"https:\/\/schema.org\",\"@graph\":[{\"@type\":\"Article\",\"@id\":\"https:\/\/nid.pl\/2024\/09\/30\/piknik-archeologiczny-w-smuszewie-czyli-archeologia-z-powietrza-i-w-wodzie\/#article\",\"isPartOf\":{\"@id\":\"https:\/\/nid.pl\/2024\/09\/30\/piknik-archeologiczny-w-smuszewie-czyli-archeologia-z-powietrza-i-w-wodzie\/\"},\"author\":{\"name\":\"Monika Ciura\",\"@id\":\"https:\/\/nid.pl\/#\/schema\/person\/ab9abea4caecdccde4fb0d555271145f\"},\"headline\":\"Piknik archeologiczny w Smuszewie, czyli archeologia z powietrza i w wodzie\",\"datePublished\":\"2024-09-30T14:13:56+00:00\",\"dateModified\":\"2024-09-30T14:23:03+00:00\",\"mainEntityOfPage\":{\"@id\":\"https:\/\/nid.pl\/2024\/09\/30\/piknik-archeologiczny-w-smuszewie-czyli-archeologia-z-powietrza-i-w-wodzie\/\"},\"wordCount\":810,\"publisher\":{\"@id\":\"https:\/\/nid.pl\/#organization\"},\"image\":{\"@id\":\"https:\/\/nid.pl\/2024\/09\/30\/piknik-archeologiczny-w-smuszewie-czyli-archeologia-z-powietrza-i-w-wodzie\/#primaryimage\"},\"thumbnailUrl\":\"https:\/\/nid.pl\/wp-content\/uploads\/2024\/09\/Miniaturka-piknik-archeologiczny.jpg\",\"articleSection\":[\"Aktualno\u015bci\"],\"inLanguage\":\"en-GB\"},{\"@type\":\"WebPage\",\"@id\":\"https:\/\/nid.pl\/2024\/09\/30\/piknik-archeologiczny-w-smuszewie-czyli-archeologia-z-powietrza-i-w-wodzie\/\",\"url\":\"https:\/\/nid.pl\/2024\/09\/30\/piknik-archeologiczny-w-smuszewie-czyli-archeologia-z-powietrza-i-w-wodzie\/\",\"name\":\"Piknik archeologiczny w Smuszewie, czyli archeologia z powietrza i w wodzie - NID\",\"isPartOf\":{\"@id\":\"https:\/\/nid.pl\/#website\"},\"primaryImageOfPage\":{\"@id\":\"https:\/\/nid.pl\/2024\/09\/30\/piknik-archeologiczny-w-smuszewie-czyli-archeologia-z-powietrza-i-w-wodzie\/#primaryimage\"},\"image\":{\"@id\":\"https:\/\/nid.pl\/2024\/09\/30\/piknik-archeologiczny-w-smuszewie-czyli-archeologia-z-powietrza-i-w-wodzie\/#primaryimage\"},\"thumbnailUrl\":\"https:\/\/nid.pl\/wp-content\/uploads\/2024\/09\/Miniaturka-piknik-archeologiczny.jpg\",\"datePublished\":\"2024-09-30T14:13:56+00:00\",\"dateModified\":\"2024-09-30T14:23:03+00:00\",\"breadcrumb\":{\"@id\":\"https:\/\/nid.pl\/2024\/09\/30\/piknik-archeologiczny-w-smuszewie-czyli-archeologia-z-powietrza-i-w-wodzie\/#breadcrumb\"},\"inLanguage\":\"en-GB\",\"potentialAction\":[{\"@type\":\"ReadAction\",\"target\":[\"https:\/\/nid.pl\/2024\/09\/30\/piknik-archeologiczny-w-smuszewie-czyli-archeologia-z-powietrza-i-w-wodzie\/\"]}]},{\"@type\":\"ImageObject\",\"inLanguage\":\"en-GB\",\"@id\":\"https:\/\/nid.pl\/2024\/09\/30\/piknik-archeologiczny-w-smuszewie-czyli-archeologia-z-powietrza-i-w-wodzie\/#primaryimage\",\"url\":\"https:\/\/nid.pl\/wp-content\/uploads\/2024\/09\/Miniaturka-piknik-archeologiczny.jpg\",\"contentUrl\":\"https:\/\/nid.pl\/wp-content\/uploads\/2024\/09\/Miniaturka-piknik-archeologiczny.jpg\",\"width\":1857,\"height\":1238},{\"@type\":\"BreadcrumbList\",\"@id\":\"https:\/\/nid.pl\/2024\/09\/30\/piknik-archeologiczny-w-smuszewie-czyli-archeologia-z-powietrza-i-w-wodzie\/#breadcrumb\",\"itemListElement\":[{\"@type\":\"ListItem\",\"position\":1,\"name\":\"Home\",\"item\":\"https:\/\/nid.pl\/\"},{\"@type\":\"ListItem\",\"position\":2,\"name\":\"Piknik archeologiczny w Smuszewie, czyli archeologia z powietrza i w wodzie\"}]},{\"@type\":\"WebSite\",\"@id\":\"https:\/\/nid.pl\/#website\",\"url\":\"https:\/\/nid.pl\/\",\"name\":\"NID\",\"description\":\"Narodowy Instytut Dziedzictwa\",\"publisher\":{\"@id\":\"https:\/\/nid.pl\/#organization\"},\"potentialAction\":[{\"@type\":\"SearchAction\",\"target\":{\"@type\":\"EntryPoint\",\"urlTemplate\":\"https:\/\/nid.pl\/?s={search_term_string}\"},\"query-input\":{\"@type\":\"PropertyValueSpecification\",\"valueRequired\":true,\"valueName\":\"search_term_string\"}}],\"inLanguage\":\"en-GB\"},{\"@type\":\"Organization\",\"@id\":\"https:\/\/nid.pl\/#organization\",\"name\":\"Narodowy Instytut Dziedzictwa\",\"url\":\"https:\/\/nid.pl\/\",\"logo\":{\"@type\":\"ImageObject\",\"inLanguage\":\"en-GB\",\"@id\":\"https:\/\/nid.pl\/#\/schema\/logo\/image\/\",\"url\":\"https:\/\/nid.pl\/wp-content\/uploads\/2022\/10\/logoRedDark.png\",\"contentUrl\":\"https:\/\/nid.pl\/wp-content\/uploads\/2022\/10\/logoRedDark.png\",\"width\":200,\"height\":197,\"caption\":\"Narodowy Instytut Dziedzictwa\"},\"image\":{\"@id\":\"https:\/\/nid.pl\/#\/schema\/logo\/image\/\"},\"sameAs\":[\"https:\/\/www.facebook.com\/zabytek\",\"https:\/\/x.com\/NarIDpl\",\"https:\/\/www.instagram.com\/nid.pl\/?hl=pl\",\"https:\/\/www.linkedin.com\/company\/narodowy-instytut-dziedzictwa\",\"https:\/\/www.youtube.com\/channel\/UCQXuhKa2uHtmNvLRUSx40JA\"]},{\"@type\":\"Person\",\"@id\":\"https:\/\/nid.pl\/#\/schema\/person\/ab9abea4caecdccde4fb0d555271145f\",\"name\":\"Monika Ciura\",\"image\":{\"@type\":\"ImageObject\",\"inLanguage\":\"en-GB\",\"@id\":\"https:\/\/nid.pl\/#\/schema\/person\/image\/\",\"url\":\"https:\/\/nid.pl\/wp-content\/litespeed\/avatar\/bfdb15d1cc317fac4b66bdc91090ff11.jpg?ver=1777445370\",\"contentUrl\":\"https:\/\/nid.pl\/wp-content\/litespeed\/avatar\/bfdb15d1cc317fac4b66bdc91090ff11.jpg?ver=1777445370\",\"caption\":\"Monika Ciura\"},\"url\":\"https:\/\/nid.pl\/en\/author\/mciura\/\"}]}<\/script>\n<!-- \/ Yoast SEO plugin. -->","yoast_head_json":{"title":"Piknik archeologiczny w Smuszewie, czyli archeologia z powietrza i w wodzie - NID","robots":{"index":"index","follow":"follow","max-snippet":"max-snippet:-1","max-image-preview":"max-image-preview:large","max-video-preview":"max-video-preview:-1"},"canonical":"https:\/\/nid.pl\/en\/2024\/09\/30\/piknik-archeologiczny-w-smuszewie-czyli-archeologia-z-powietrza-i-w-wodzie\/","og_locale":"en_GB","og_type":"article","og_title":"Piknik archeologiczny w Smuszewie, czyli archeologia z powietrza i w wodzie - NID","og_description":"21 wrze\u015bnia, w Smuszewie, w okolicach relikt\u00f3w osady obronnej z epoki br\u0105zu,&nbsp;odby\u0142 si\u0119 archeologiczny piknik naukowy. Wydarzenie przybli\u017caj\u0105ce lokalnej spo\u0142eczno\u015bci prac\u0119 i wyzwania archeolog\u00f3w zosta\u0142o zorganizowane przez&nbsp;Narodowy Instytut Dziedzictwa, Uniwersytet [&hellip;]","og_url":"https:\/\/nid.pl\/en\/2024\/09\/30\/piknik-archeologiczny-w-smuszewie-czyli-archeologia-z-powietrza-i-w-wodzie\/","og_site_name":"NID","article_publisher":"https:\/\/www.facebook.com\/zabytek","article_published_time":"2024-09-30T14:13:56+00:00","article_modified_time":"2024-09-30T14:23:03+00:00","og_image":[{"width":1857,"height":1238,"url":"https:\/\/nid.pl\/wp-content\/uploads\/2024\/09\/Miniaturka-piknik-archeologiczny.jpg","type":"image\/jpeg"}],"author":"Monika Ciura","twitter_card":"summary_large_image","twitter_creator":"@NarIDpl","twitter_site":"@NarIDpl","twitter_misc":{"Written by":"Monika Ciura","Estimated reading time":"7 minutes"},"schema":{"@context":"https:\/\/schema.org","@graph":[{"@type":"Article","@id":"https:\/\/nid.pl\/2024\/09\/30\/piknik-archeologiczny-w-smuszewie-czyli-archeologia-z-powietrza-i-w-wodzie\/#article","isPartOf":{"@id":"https:\/\/nid.pl\/2024\/09\/30\/piknik-archeologiczny-w-smuszewie-czyli-archeologia-z-powietrza-i-w-wodzie\/"},"author":{"name":"Monika Ciura","@id":"https:\/\/nid.pl\/#\/schema\/person\/ab9abea4caecdccde4fb0d555271145f"},"headline":"Piknik archeologiczny w Smuszewie, czyli archeologia z powietrza i w wodzie","datePublished":"2024-09-30T14:13:56+00:00","dateModified":"2024-09-30T14:23:03+00:00","mainEntityOfPage":{"@id":"https:\/\/nid.pl\/2024\/09\/30\/piknik-archeologiczny-w-smuszewie-czyli-archeologia-z-powietrza-i-w-wodzie\/"},"wordCount":810,"publisher":{"@id":"https:\/\/nid.pl\/#organization"},"image":{"@id":"https:\/\/nid.pl\/2024\/09\/30\/piknik-archeologiczny-w-smuszewie-czyli-archeologia-z-powietrza-i-w-wodzie\/#primaryimage"},"thumbnailUrl":"https:\/\/nid.pl\/wp-content\/uploads\/2024\/09\/Miniaturka-piknik-archeologiczny.jpg","articleSection":["Aktualno\u015bci"],"inLanguage":"en-GB"},{"@type":"WebPage","@id":"https:\/\/nid.pl\/2024\/09\/30\/piknik-archeologiczny-w-smuszewie-czyli-archeologia-z-powietrza-i-w-wodzie\/","url":"https:\/\/nid.pl\/2024\/09\/30\/piknik-archeologiczny-w-smuszewie-czyli-archeologia-z-powietrza-i-w-wodzie\/","name":"Piknik archeologiczny w Smuszewie, czyli archeologia z powietrza i w wodzie - NID","isPartOf":{"@id":"https:\/\/nid.pl\/#website"},"primaryImageOfPage":{"@id":"https:\/\/nid.pl\/2024\/09\/30\/piknik-archeologiczny-w-smuszewie-czyli-archeologia-z-powietrza-i-w-wodzie\/#primaryimage"},"image":{"@id":"https:\/\/nid.pl\/2024\/09\/30\/piknik-archeologiczny-w-smuszewie-czyli-archeologia-z-powietrza-i-w-wodzie\/#primaryimage"},"thumbnailUrl":"https:\/\/nid.pl\/wp-content\/uploads\/2024\/09\/Miniaturka-piknik-archeologiczny.jpg","datePublished":"2024-09-30T14:13:56+00:00","dateModified":"2024-09-30T14:23:03+00:00","breadcrumb":{"@id":"https:\/\/nid.pl\/2024\/09\/30\/piknik-archeologiczny-w-smuszewie-czyli-archeologia-z-powietrza-i-w-wodzie\/#breadcrumb"},"inLanguage":"en-GB","potentialAction":[{"@type":"ReadAction","target":["https:\/\/nid.pl\/2024\/09\/30\/piknik-archeologiczny-w-smuszewie-czyli-archeologia-z-powietrza-i-w-wodzie\/"]}]},{"@type":"ImageObject","inLanguage":"en-GB","@id":"https:\/\/nid.pl\/2024\/09\/30\/piknik-archeologiczny-w-smuszewie-czyli-archeologia-z-powietrza-i-w-wodzie\/#primaryimage","url":"https:\/\/nid.pl\/wp-content\/uploads\/2024\/09\/Miniaturka-piknik-archeologiczny.jpg","contentUrl":"https:\/\/nid.pl\/wp-content\/uploads\/2024\/09\/Miniaturka-piknik-archeologiczny.jpg","width":1857,"height":1238},{"@type":"BreadcrumbList","@id":"https:\/\/nid.pl\/2024\/09\/30\/piknik-archeologiczny-w-smuszewie-czyli-archeologia-z-powietrza-i-w-wodzie\/#breadcrumb","itemListElement":[{"@type":"ListItem","position":1,"name":"Home","item":"https:\/\/nid.pl\/"},{"@type":"ListItem","position":2,"name":"Piknik archeologiczny w Smuszewie, czyli archeologia z powietrza i w wodzie"}]},{"@type":"WebSite","@id":"https:\/\/nid.pl\/#website","url":"https:\/\/nid.pl\/","name":"NID","description":"Narodowy Instytut Dziedzictwa","publisher":{"@id":"https:\/\/nid.pl\/#organization"},"potentialAction":[{"@type":"SearchAction","target":{"@type":"EntryPoint","urlTemplate":"https:\/\/nid.pl\/?s={search_term_string}"},"query-input":{"@type":"PropertyValueSpecification","valueRequired":true,"valueName":"search_term_string"}}],"inLanguage":"en-GB"},{"@type":"Organization","@id":"https:\/\/nid.pl\/#organization","name":"Narodowy Instytut Dziedzictwa","url":"https:\/\/nid.pl\/","logo":{"@type":"ImageObject","inLanguage":"en-GB","@id":"https:\/\/nid.pl\/#\/schema\/logo\/image\/","url":"https:\/\/nid.pl\/wp-content\/uploads\/2022\/10\/logoRedDark.png","contentUrl":"https:\/\/nid.pl\/wp-content\/uploads\/2022\/10\/logoRedDark.png","width":200,"height":197,"caption":"Narodowy Instytut Dziedzictwa"},"image":{"@id":"https:\/\/nid.pl\/#\/schema\/logo\/image\/"},"sameAs":["https:\/\/www.facebook.com\/zabytek","https:\/\/x.com\/NarIDpl","https:\/\/www.instagram.com\/nid.pl\/?hl=pl","https:\/\/www.linkedin.com\/company\/narodowy-instytut-dziedzictwa","https:\/\/www.youtube.com\/channel\/UCQXuhKa2uHtmNvLRUSx40JA"]},{"@type":"Person","@id":"https:\/\/nid.pl\/#\/schema\/person\/ab9abea4caecdccde4fb0d555271145f","name":"Monika Ciura","image":{"@type":"ImageObject","inLanguage":"en-GB","@id":"https:\/\/nid.pl\/#\/schema\/person\/image\/","url":"https:\/\/nid.pl\/wp-content\/litespeed\/avatar\/bfdb15d1cc317fac4b66bdc91090ff11.jpg?ver=1777445370","contentUrl":"https:\/\/nid.pl\/wp-content\/litespeed\/avatar\/bfdb15d1cc317fac4b66bdc91090ff11.jpg?ver=1777445370","caption":"Monika Ciura"},"url":"https:\/\/nid.pl\/en\/author\/mciura\/"}]}},"_links":{"self":[{"href":"https:\/\/nid.pl\/en\/wp-json\/wp\/v2\/posts\/22582","targetHints":{"allow":["GET"]}}],"collection":[{"href":"https:\/\/nid.pl\/en\/wp-json\/wp\/v2\/posts"}],"about":[{"href":"https:\/\/nid.pl\/en\/wp-json\/wp\/v2\/types\/post"}],"author":[{"embeddable":true,"href":"https:\/\/nid.pl\/en\/wp-json\/wp\/v2\/users\/15"}],"replies":[{"embeddable":true,"href":"https:\/\/nid.pl\/en\/wp-json\/wp\/v2\/comments?post=22582"}],"version-history":[{"count":0,"href":"https:\/\/nid.pl\/en\/wp-json\/wp\/v2\/posts\/22582\/revisions"}],"wp:featuredmedia":[{"embeddable":true,"href":"https:\/\/nid.pl\/en\/wp-json\/wp\/v2\/media\/22599"}],"wp:attachment":[{"href":"https:\/\/nid.pl\/en\/wp-json\/wp\/v2\/media?parent=22582"}],"wp:term":[{"taxonomy":"category","embeddable":true,"href":"https:\/\/nid.pl\/en\/wp-json\/wp\/v2\/categories?post=22582"},{"taxonomy":"post_tag","embeddable":true,"href":"https:\/\/nid.pl\/en\/wp-json\/wp\/v2\/tags?post=22582"}],"curies":[{"name":"wp","href":"https:\/\/api.w.org\/{rel}","templated":true}]}}