{"id":22441,"date":"2024-09-20T17:37:35","date_gmt":"2024-09-20T15:37:35","guid":{"rendered":"https:\/\/nid.pl\/?p=22441"},"modified":"2024-09-23T12:21:43","modified_gmt":"2024-09-23T10:21:43","slug":"xxvi-ogolnopolski-zlot-szkol-reymontowskich-w-kolaczkowie","status":"publish","type":"post","link":"https:\/\/nid.pl\/en\/2024\/09\/20\/xxvi-ogolnopolski-zlot-szkol-reymontowskich-w-kolaczkowie\/","title":{"rendered":"XXVI Og\u00f3lnopolski Zlot Szk\u00f3\u0142 Reymontowskich w Ko\u0142aczkowie\u00a0"},"content":{"rendered":"<p><strong>Z okazji 100. rocznicy przyznania W\u0142adys\u0142awowi Reymontowi Literackiej Nagrody Nobla za powie\u015b\u0107 \u201eCh\u0142opi\u201d, Narodowy Instytut Dziedzictwa wsp\u00f3\u0142organizuje tegoroczny <\/strong><strong>Og\u00f3lnopolski Zlot Szk\u00f3\u0142 Reymontowskich w Ko\u0142aczkowie. Specjali\u015bci NID przygotowali na t\u0119 okazj\u0119 specjalny program edukacyjny sk\u0142adaj\u0105cy si\u0119 z warsztat\u00f3w i pokaz\u00f3w. Zaj\u0119cia poprowadz\u0105 <\/strong><strong>depozytariusze niematerialnego dziedzictwa wojew\u00f3dztwa wielkopolskiego.<\/strong>&nbsp;<\/p>\n\n\n\n<p>Co roku, zgodnie z wieloletni\u0105 tradycj\u0105, <strong>w Ko\u0142aczkowie organizowany jest Zlot Szk\u00f3\u0142 Reymontowskich<\/strong>. Ju\u017c dzisiaj przyjechali tam uczniowie z ca\u0142ej Polski, na co dzie\u0144 ucz\u0119szczaj\u0105cy do licznych szk\u00f3\u0142 nosz\u0105cych im. W\u0142adys\u0142awa Reymonta. Ko\u0142aczkowo, po\u0142o\u017cone w Wielkopolsce, to miejsce szczeg\u00f3lne dla zachowania pami\u0119ci o tym wybitnym polskim pisarzu. W\u00a01920 r. naby\u0142 on zesp\u00f3\u0142 <a href=\"https:\/\/zabytek.pl\/pl\/obiekty\/zespol-palacowo-folwarcz-791139\" target=\"_blank\" rel=\"noreferrer noopener\">parkowo-pa\u0142acowy w Ko\u0142aczkowie,<\/a> kt\u00f3ry nast\u0119pie zamieszkiwa\u0142.\u00a0\u00a0<br><br>20 wrze\u015bnia, podczas uroczystej inauguracji XXVI Og\u00f3lnopolskiego Zlotu Szk\u00f3\u0142 Reymontowskich,<strong> sekretarz stanu w Ministerstwie Kultury i Dziedzictwa Narodowego, Generalna Konserwator Zabytk\u00f3w, Bo\u017cena \u017belazowsk<\/strong>a w odczytanym przez prof. Artura Krajewskiego li\u015bcie wyrazi\u0142a uznanie dla\u00a0wieloletniej tradycji upami\u0119tniania polskiego noblisty poprzez\u00a0organizacj\u0119 Zlotu Szk\u00f3\u0142 Reymontowskich. \u00a0<\/p>\n\n\n\n<p><em>\u201cXXVI Og\u00f3lnopolski Zlot Szk\u00f3\u0142 Reymontowskich w Ko\u0142aczkowie to inicjatywa oddolna o 26-letniej tradycji, kt\u00f3ra przybli\u017cy\u0142a wybitnego tw\u00f3rc\u0119 literatury m\u0142odym pokoleniom uczni\u00f3w wychowanych pod jego patronatem. (&#8230;) Wyra\u017cam dum\u0119 z dzia\u0142a\u0144 tak zwanej Rodziny Reymontowskiej, kt\u00f3ra sk\u0142ada si\u0119 ze szk\u00f3\u0142, kt\u00f3rym patronuje nasz noblista, organizacji pozarz\u0105dowych, przyjaci\u00f3\u0142 i pasjonat\u00f3w\u201d<\/em>.&nbsp;<\/p>\n\n\n\n<p><strong>Narodowy Instytut Dziedzictwa <\/strong>jako wyspecjalizowana instytucja zajmuj\u0105ca si\u0119 nie tylko ochron\u0105 zabytk\u00f3w, ale tak\u017ce dziedzictwem niematerialnym, aktywnie w\u0142\u0105czy\u0142a si\u0119 w obchody <strong>100. rocznicy przyznania Reymontowi Literackiej Nagrody Nobla<\/strong>. Kierowniczka oddzia\u0142u terenowego NID, Teresa Palacz odczyta\u0142a <strong>list dyrektorki Instytutu, Marleny Happach<\/strong>, kt\u00f3ra podkre\u015bli\u0142a znaczenie dziedzictwa niematerialnego.&nbsp;<\/p>\n\n\n\n<blockquote class=\"wp-block-quote is-layout-flow wp-block-quote-is-layout-flow\">\n<p><em>\u201cG\u0142\u00f3wnym zadaniem Narodowego Instytutu Dziedzictwa \u2013 instytucji z ponad 60-letni\u0105 misj\u0105 &#8211; jest badanie i dokumentacja zachowanych skarb\u00f3w kulturowych. S\u0105 nimi nie tylko zabytki architektury i sztuki, archeologiczne znaleziska czy przekszta\u0142cone r\u0119k\u0105 cz\u0142owieka przyrodnicze krajobrazy. Bardzo wa\u017cn\u0105 cz\u0119\u015b\u0107 dziedzictwa stanowi\u0105 jego zjawiska niematerialne, na przyk\u0142ad gwara czy obyczaje, obrz\u0119dy i praktyki. W tym w\u0142a\u015bnie sensie jeste\u015bmy kontynuatorami wielkiej misji W\u0142adys\u0142awa Reymonta\u201d. <\/em>&nbsp;<\/p>\n<\/blockquote>\n\n\n\n<p>Z okazji 100. rocznicy przyznania W\u0142adys\u0142awowi Reymontowi Literackiej Nagrody Nobla za powie\u015b\u0107 \u201eCh\u0142opi\u201d, Narodowy Instytut Dziedzictwa zorganizowa\u0142 specjalny program edukacyjny dla uczestnik\u00f3w Zlotu. W sobot\u0119, podczas drugiego dnia wydarzenia, <strong>depozytariusze niematerialnego dziedzictwa<\/strong> wojew\u00f3dztwa wielkopolskiego przeprowadzili <strong>warsztaty,<\/strong> a szko\u0142y otrzyma\u0142y bezp\u0142atne egzemplarze powie\u015bci \u201eCh\u0142opi\u201d oraz zeszyty edukacyjne dla uczni\u00f3w. Zaj\u0119cia dla dzieci i m\u0142odzie\u017cy przedstawi\u0142y tradycje z Wielkopolski wpisane na <a href=\"https:\/\/niematerialne.nid.pl\/niematerialne-dziedzictwo-kulturowe\/krajowa-lista-niematerialnego-dziedzictwa-kulturowego\/\"><strong>Krajow\u0105 list\u0119 niematerialnego dziedzictwa kulturowego<\/strong><\/a>. By\u0142y to warsztaty z wykonywania snutki goli\u0144skiej oraz pokaz-koncert wielkopolskich tradycji dudziarskich.\u00a0<\/p>\n\n\n\n<p><strong>Snutka goli\u0144ska<\/strong> to regionalny rodzaj haftu, kt\u00f3rego historia si\u0119ga XV wieku. Haft snutkowy to rodzaj haftu dziurkowanego, kt\u00f3ry wykonuje si\u0119 w kilku etapach. Najpierw projektuje si\u0119 wz\u00f3r na papierze lub korzysta z gotowego, kt\u00f3ry przenosi si\u0119 na bia\u0142e p\u0142\u00f3tno za pomoc\u0105 kalki. Nast\u0119pnie ca\u0142y wz\u00f3r wzmacnia si\u0119 fastryg\u0105. Kolejnym krokiem jest nasnuwanie nitek na p\u0142\u00f3tnie mi\u0119dzy motywami, tworz\u0105c tzw. \u201eSnutki\u201d.&nbsp;Po wyhaftowaniu ca\u0142ego wzoru trzeba powycina\u0107 p\u0142\u00f3tno znajduj\u0105ce si\u0119 pod nasnutymi nitkami.&nbsp;Proces ten jest czasoch\u0142onny i wymaga du\u017cej precyzji oraz cierpliwo\u015bci. Gotowy haft nale\u017cy wypra\u0107, nakrochmali\u0107, naci\u0105gn\u0105\u0107, wyprasowa\u0107, a na ko\u0144cu obci\u0105\u0107 nadmiar p\u0142\u00f3tna na brzegach.&nbsp;<\/p>\n\n\n\n<p>Z kolei <strong>tradycje dudziarskie wielkopolski<\/strong> wyr\u00f3\u017cnia unikatowe instrumentarium, na kt\u00f3re sk\u0142ada si\u0119 a\u017c pi\u0119\u0107 odmian dud, a tak\u017ce system przekazu wiedzy i umiej\u0119tno\u015bci z zakresu praktyki muzycznej, czyli sposobu gry, manier wykonawczych, repertuaru, jak i budowy wspomnianych instrument\u00f3w. W wielkopolskiej kulturze ludowej repertuar kapel dudziarskich zwi\u0105zany jest przede wszystkim z ta\u0144cami i jednog\u0142osowym repertuarem przy\u015bpiewek czy obrz\u0119dowych pie\u015bni nierozerwalnie zwi\u0105zanych z muzyk\u0105 dudziarsk\u0105.&nbsp;<\/p>\n\n\n\n<p>Opr\u00f3cz warsztat\u00f3w i pokazu, w sobot\u0119 odby\u0142y si\u0119 m.in. XVIII Og\u00f3lnopolski Konkurs Recytatorski ,,M\u00f3wimy Reymontem\u201d, spacer po Parku Reymonta przy Pa\u0142acu, ogl\u0105danie\u00a0wystawy okoliczno\u015bciowej w Dworku Reymonta oraz pokaz filmu przygotowanego przez uczni\u00f3w ze Szko\u0142y Podstawowej im. W\u0142adys\u0142awa Stanis\u0142awa Reymonta w Ko\u0142aczkowie ,,Odczarowa\u0107 Reymonta\u201d.\u00a0<\/p>\n\n\n\n<p>Wszystkim uczestnikom Zlotu \u017cyczymy wielu wra\u017ce\u0144, radosnych spotka\u0144 i mamy nadziej\u0119, \u017ce kontakt z \u017cywym dziedzictwem przekazywanym s\u0142owami Reymonta, zainspiruje kolejne pokolenie. &nbsp;<\/p>\n\n\n\n<p><\/p>\n\n\n\n<figure class=\"wp-block-image aligncenter size-large is-resized\"><img loading=\"lazy\" decoding=\"async\" width=\"1024\" height=\"768\" src=\"https:\/\/nid.pl\/wp-content\/uploads\/2024\/09\/IMG_8380-1024x768.jpeg\" alt=\"\" class=\"wp-image-22450\" style=\"width:703px;height:auto\" srcset=\"https:\/\/nid.pl\/wp-content\/uploads\/2024\/09\/IMG_8380-980x735.jpeg 980w, https:\/\/nid.pl\/wp-content\/uploads\/2024\/09\/IMG_8380-480x360.jpeg 480w\" sizes=\"(min-width: 0px) and (max-width: 480px) 480px, (min-width: 481px) and (max-width: 980px) 980px, (min-width: 981px) 1024px, 100vw\" \/><figcaption class=\"wp-element-caption\">kierowniczka oddzia\u0142u terenowego NID w Poznaniu, Teresa Palacz odczytuje list od dyrektorki NID, Marleny Happach, fot. NID\/Patrycja Adamczyk<\/figcaption><\/figure>\n\n\n\n<p><\/p>\n\n\n\n<figure class=\"wp-block-image aligncenter size-large is-resized\"><img loading=\"lazy\" decoding=\"async\" width=\"1024\" height=\"768\" src=\"https:\/\/nid.pl\/wp-content\/uploads\/2024\/09\/IMG_8373-1024x768.jpeg\" alt=\"\" class=\"wp-image-22451\" style=\"width:707px;height:auto\" srcset=\"https:\/\/nid.pl\/wp-content\/uploads\/2024\/09\/IMG_8373-980x735.jpeg 980w, https:\/\/nid.pl\/wp-content\/uploads\/2024\/09\/IMG_8373-480x360.jpeg 480w\" sizes=\"(min-width: 0px) and (max-width: 480px) 480px, (min-width: 481px) and (max-width: 980px) 980px, (min-width: 981px) 1024px, 100vw\" \/><figcaption class=\"wp-element-caption\">prof. Artur Krajewski odczytuje list od sekretarz stanu w Ministerstwie Kultury i Dziedzictwa Narodowego, Generalnej Konserwator Zabytk\u00f3w, Bo\u017ceny \u017belazowskiej, fot. NID\/Patrycja Adamczyk<\/figcaption><\/figure>\n\n\n\n<figure class=\"wp-block-image aligncenter size-large is-resized\"><img loading=\"lazy\" decoding=\"async\" width=\"1024\" height=\"768\" src=\"https:\/\/nid.pl\/wp-content\/uploads\/2024\/09\/IMG-20240920-WA0017-1024x768.jpg\" alt=\"Inauguracja XXVI Og\u00f3lnopolskiego Zlotu Szk\u00f3\u0142 Reymontowskich\" class=\"wp-image-22453\" style=\"width:711px;height:auto\" srcset=\"https:\/\/nid.pl\/wp-content\/uploads\/2024\/09\/IMG-20240920-WA0017-980x735.jpg 980w, https:\/\/nid.pl\/wp-content\/uploads\/2024\/09\/IMG-20240920-WA0017-480x360.jpg 480w\" sizes=\"(min-width: 0px) and (max-width: 480px) 480px, (min-width: 481px) and (max-width: 980px) 980px, (min-width: 981px) 1024px, 100vw\" \/><figcaption class=\"wp-element-caption\">Inauguracja XXVI Og\u00f3lnopolskiego Zlotu Szk\u00f3\u0142 Reymontowskich fot. NID\/Patrycja Adamczyk<\/figcaption><\/figure>\n\n\n\n<p><\/p>\n\n\n\n<figure class=\"wp-block-image aligncenter size-large is-resized\"><img loading=\"lazy\" decoding=\"async\" width=\"1024\" height=\"719\" src=\"https:\/\/nid.pl\/wp-content\/uploads\/2024\/09\/DSC07815-1024x719.jpg\" alt=\"dzieci ze szko\u0142y podstawowej ucz\u0105 si\u0119 wykonywania snutki goli\u0144skiej\" class=\"wp-image-22467\" style=\"width:705px;height:auto\" srcset=\"https:\/\/nid.pl\/wp-content\/uploads\/2024\/09\/DSC07815-980x688.jpg 980w, https:\/\/nid.pl\/wp-content\/uploads\/2024\/09\/DSC07815-480x337.jpg 480w\" sizes=\"(min-width: 0px) and (max-width: 480px) 480px, (min-width: 481px) and (max-width: 980px) 980px, (min-width: 981px) 1024px, 100vw\" \/><figcaption class=\"wp-element-caption\">Warsztaty z wykonywania snutki goli\u0144skiej, fot. NID\/Tomasz \u0141uczak<\/figcaption><\/figure>\n\n\n\n<p><\/p>\n\n\n\n<figure class=\"wp-block-image aligncenter size-large is-resized\"><img loading=\"lazy\" decoding=\"async\" width=\"1024\" height=\"761\" src=\"https:\/\/nid.pl\/wp-content\/uploads\/2024\/09\/DSC07845-1024x761.jpg\" alt=\"koncert zespo\u0142u prezentuj\u0105cego tradycyjn\u0105 muzyk\u0119 wielkopolsk\u0105 wykorzystuj\u0105c\u0105 dudy\" class=\"wp-image-22466\" style=\"width:727px;height:auto\" srcset=\"https:\/\/nid.pl\/wp-content\/uploads\/2024\/09\/DSC07845-980x728.jpg 980w, https:\/\/nid.pl\/wp-content\/uploads\/2024\/09\/DSC07845-480x357.jpg 480w\" sizes=\"(min-width: 0px) and (max-width: 480px) 480px, (min-width: 481px) and (max-width: 980px) 980px, (min-width: 981px) 1024px, 100vw\" \/><figcaption class=\"wp-element-caption\">Pokaz &#8211; koncert tradycji dudziarskich, fot. NID\/Tomasz \u0141uczak<\/figcaption><\/figure>","protected":false},"excerpt":{"rendered":"<p>Z okazji 100. rocznicy przyznania W\u0142adys\u0142awowi Reymontowi Literackiej Nagrody Nobla za powie\u015b\u0107 \u201eCh\u0142opi\u201d, Narodowy Instytut Dziedzictwa wsp\u00f3\u0142organizuje tegoroczny Og\u00f3lnopolski Zlot Szk\u00f3\u0142 Reymontowskich w Ko\u0142aczkowie. Specjali\u015bci NID przygotowali na t\u0119 okazj\u0119 [&hellip;]<\/p>","protected":false},"author":15,"featured_media":22449,"comment_status":"closed","ping_status":"closed","sticky":false,"template":"","format":"standard","meta":{"_et_pb_use_builder":"off","_et_pb_old_content":"","_et_gb_content_width":"","_monsterinsights_skip_tracking":false,"_monsterinsights_sitenote_active":false,"_monsterinsights_sitenote_note":"","_monsterinsights_sitenote_category":0,"footnotes":""},"categories":[3],"tags":[],"class_list":["post-22441","post","type-post","status-publish","format-standard","has-post-thumbnail","hentry","category-aktualnosci"],"yoast_head":"<!-- This site is optimized with the Yoast SEO plugin v26.5 - https:\/\/yoast.com\/wordpress\/plugins\/seo\/ -->\n<title>XXVI Og\u00f3lnopolski Zlot Szk\u00f3\u0142 Reymontowskich w Ko\u0142aczkowie\u00a0 - NID<\/title>\n<meta name=\"robots\" content=\"index, follow, max-snippet:-1, max-image-preview:large, max-video-preview:-1\" \/>\n<link rel=\"canonical\" href=\"https:\/\/nid.pl\/en\/2024\/09\/20\/xxvi-ogolnopolski-zlot-szkol-reymontowskich-w-kolaczkowie\/\" \/>\n<meta property=\"og:locale\" content=\"en_GB\" \/>\n<meta property=\"og:type\" content=\"article\" \/>\n<meta property=\"og:title\" content=\"XXVI Og\u00f3lnopolski Zlot Szk\u00f3\u0142 Reymontowskich w Ko\u0142aczkowie\u00a0 - NID\" \/>\n<meta property=\"og:description\" content=\"Z okazji 100. rocznicy przyznania W\u0142adys\u0142awowi Reymontowi Literackiej Nagrody Nobla za powie\u015b\u0107 \u201eCh\u0142opi\u201d, Narodowy Instytut Dziedzictwa wsp\u00f3\u0142organizuje tegoroczny Og\u00f3lnopolski Zlot Szk\u00f3\u0142 Reymontowskich w Ko\u0142aczkowie. Specjali\u015bci NID przygotowali na t\u0119 okazj\u0119 [&hellip;]\" \/>\n<meta property=\"og:url\" content=\"https:\/\/nid.pl\/en\/2024\/09\/20\/xxvi-ogolnopolski-zlot-szkol-reymontowskich-w-kolaczkowie\/\" \/>\n<meta property=\"og:site_name\" content=\"NID\" \/>\n<meta property=\"article:publisher\" content=\"https:\/\/www.facebook.com\/zabytek\" \/>\n<meta property=\"article:published_time\" content=\"2024-09-20T15:37:35+00:00\" \/>\n<meta property=\"article:modified_time\" content=\"2024-09-23T10:21:43+00:00\" \/>\n<meta property=\"og:image\" content=\"https:\/\/nid.pl\/wp-content\/uploads\/2024\/09\/miniatura-zlot-szkol-reymontowskich.jpg\" \/>\n\t<meta property=\"og:image:width\" content=\"1857\" \/>\n\t<meta property=\"og:image:height\" content=\"1238\" \/>\n\t<meta property=\"og:image:type\" content=\"image\/jpeg\" \/>\n<meta name=\"author\" content=\"Monika Ciura\" \/>\n<meta name=\"twitter:card\" content=\"summary_large_image\" \/>\n<meta name=\"twitter:creator\" content=\"@NarIDpl\" \/>\n<meta name=\"twitter:site\" content=\"@NarIDpl\" \/>\n<meta name=\"twitter:label1\" content=\"Written by\" \/>\n\t<meta name=\"twitter:data1\" content=\"Monika Ciura\" \/>\n\t<meta name=\"twitter:label2\" content=\"Estimated reading time\" \/>\n\t<meta name=\"twitter:data2\" content=\"5 minutes\" \/>\n<script type=\"application\/ld+json\" class=\"yoast-schema-graph\">{\"@context\":\"https:\/\/schema.org\",\"@graph\":[{\"@type\":\"Article\",\"@id\":\"https:\/\/nid.pl\/2024\/09\/20\/xxvi-ogolnopolski-zlot-szkol-reymontowskich-w-kolaczkowie\/#article\",\"isPartOf\":{\"@id\":\"https:\/\/nid.pl\/2024\/09\/20\/xxvi-ogolnopolski-zlot-szkol-reymontowskich-w-kolaczkowie\/\"},\"author\":{\"name\":\"Monika Ciura\",\"@id\":\"https:\/\/nid.pl\/#\/schema\/person\/ab9abea4caecdccde4fb0d555271145f\"},\"headline\":\"XXVI Og\u00f3lnopolski Zlot Szk\u00f3\u0142 Reymontowskich w Ko\u0142aczkowie\u00a0\",\"datePublished\":\"2024-09-20T15:37:35+00:00\",\"dateModified\":\"2024-09-23T10:21:43+00:00\",\"mainEntityOfPage\":{\"@id\":\"https:\/\/nid.pl\/2024\/09\/20\/xxvi-ogolnopolski-zlot-szkol-reymontowskich-w-kolaczkowie\/\"},\"wordCount\":836,\"publisher\":{\"@id\":\"https:\/\/nid.pl\/#organization\"},\"image\":{\"@id\":\"https:\/\/nid.pl\/2024\/09\/20\/xxvi-ogolnopolski-zlot-szkol-reymontowskich-w-kolaczkowie\/#primaryimage\"},\"thumbnailUrl\":\"https:\/\/nid.pl\/wp-content\/uploads\/2024\/09\/miniatura-zlot-szkol-reymontowskich.jpg\",\"articleSection\":[\"Aktualno\u015bci\"],\"inLanguage\":\"en-GB\"},{\"@type\":\"WebPage\",\"@id\":\"https:\/\/nid.pl\/2024\/09\/20\/xxvi-ogolnopolski-zlot-szkol-reymontowskich-w-kolaczkowie\/\",\"url\":\"https:\/\/nid.pl\/2024\/09\/20\/xxvi-ogolnopolski-zlot-szkol-reymontowskich-w-kolaczkowie\/\",\"name\":\"XXVI Og\u00f3lnopolski Zlot Szk\u00f3\u0142 Reymontowskich w Ko\u0142aczkowie\u00a0 - NID\",\"isPartOf\":{\"@id\":\"https:\/\/nid.pl\/#website\"},\"primaryImageOfPage\":{\"@id\":\"https:\/\/nid.pl\/2024\/09\/20\/xxvi-ogolnopolski-zlot-szkol-reymontowskich-w-kolaczkowie\/#primaryimage\"},\"image\":{\"@id\":\"https:\/\/nid.pl\/2024\/09\/20\/xxvi-ogolnopolski-zlot-szkol-reymontowskich-w-kolaczkowie\/#primaryimage\"},\"thumbnailUrl\":\"https:\/\/nid.pl\/wp-content\/uploads\/2024\/09\/miniatura-zlot-szkol-reymontowskich.jpg\",\"datePublished\":\"2024-09-20T15:37:35+00:00\",\"dateModified\":\"2024-09-23T10:21:43+00:00\",\"breadcrumb\":{\"@id\":\"https:\/\/nid.pl\/2024\/09\/20\/xxvi-ogolnopolski-zlot-szkol-reymontowskich-w-kolaczkowie\/#breadcrumb\"},\"inLanguage\":\"en-GB\",\"potentialAction\":[{\"@type\":\"ReadAction\",\"target\":[\"https:\/\/nid.pl\/2024\/09\/20\/xxvi-ogolnopolski-zlot-szkol-reymontowskich-w-kolaczkowie\/\"]}]},{\"@type\":\"ImageObject\",\"inLanguage\":\"en-GB\",\"@id\":\"https:\/\/nid.pl\/2024\/09\/20\/xxvi-ogolnopolski-zlot-szkol-reymontowskich-w-kolaczkowie\/#primaryimage\",\"url\":\"https:\/\/nid.pl\/wp-content\/uploads\/2024\/09\/miniatura-zlot-szkol-reymontowskich.jpg\",\"contentUrl\":\"https:\/\/nid.pl\/wp-content\/uploads\/2024\/09\/miniatura-zlot-szkol-reymontowskich.jpg\",\"width\":1857,\"height\":1238},{\"@type\":\"BreadcrumbList\",\"@id\":\"https:\/\/nid.pl\/2024\/09\/20\/xxvi-ogolnopolski-zlot-szkol-reymontowskich-w-kolaczkowie\/#breadcrumb\",\"itemListElement\":[{\"@type\":\"ListItem\",\"position\":1,\"name\":\"Home\",\"item\":\"https:\/\/nid.pl\/\"},{\"@type\":\"ListItem\",\"position\":2,\"name\":\"XXVI Og\u00f3lnopolski Zlot Szk\u00f3\u0142 Reymontowskich w Ko\u0142aczkowie\u00a0\"}]},{\"@type\":\"WebSite\",\"@id\":\"https:\/\/nid.pl\/#website\",\"url\":\"https:\/\/nid.pl\/\",\"name\":\"NID\",\"description\":\"Narodowy Instytut Dziedzictwa\",\"publisher\":{\"@id\":\"https:\/\/nid.pl\/#organization\"},\"potentialAction\":[{\"@type\":\"SearchAction\",\"target\":{\"@type\":\"EntryPoint\",\"urlTemplate\":\"https:\/\/nid.pl\/?s={search_term_string}\"},\"query-input\":{\"@type\":\"PropertyValueSpecification\",\"valueRequired\":true,\"valueName\":\"search_term_string\"}}],\"inLanguage\":\"en-GB\"},{\"@type\":\"Organization\",\"@id\":\"https:\/\/nid.pl\/#organization\",\"name\":\"Narodowy Instytut Dziedzictwa\",\"url\":\"https:\/\/nid.pl\/\",\"logo\":{\"@type\":\"ImageObject\",\"inLanguage\":\"en-GB\",\"@id\":\"https:\/\/nid.pl\/#\/schema\/logo\/image\/\",\"url\":\"https:\/\/nid.pl\/wp-content\/uploads\/2022\/10\/logoRedDark.png\",\"contentUrl\":\"https:\/\/nid.pl\/wp-content\/uploads\/2022\/10\/logoRedDark.png\",\"width\":200,\"height\":197,\"caption\":\"Narodowy Instytut Dziedzictwa\"},\"image\":{\"@id\":\"https:\/\/nid.pl\/#\/schema\/logo\/image\/\"},\"sameAs\":[\"https:\/\/www.facebook.com\/zabytek\",\"https:\/\/x.com\/NarIDpl\",\"https:\/\/www.instagram.com\/nid.pl\/?hl=pl\",\"https:\/\/www.linkedin.com\/company\/narodowy-instytut-dziedzictwa\",\"https:\/\/www.youtube.com\/channel\/UCQXuhKa2uHtmNvLRUSx40JA\"]},{\"@type\":\"Person\",\"@id\":\"https:\/\/nid.pl\/#\/schema\/person\/ab9abea4caecdccde4fb0d555271145f\",\"name\":\"Monika Ciura\",\"image\":{\"@type\":\"ImageObject\",\"inLanguage\":\"en-GB\",\"@id\":\"https:\/\/nid.pl\/#\/schema\/person\/image\/\",\"url\":\"https:\/\/nid.pl\/wp-content\/litespeed\/avatar\/bfdb15d1cc317fac4b66bdc91090ff11.jpg?ver=1777445370\",\"contentUrl\":\"https:\/\/nid.pl\/wp-content\/litespeed\/avatar\/bfdb15d1cc317fac4b66bdc91090ff11.jpg?ver=1777445370\",\"caption\":\"Monika Ciura\"},\"url\":\"https:\/\/nid.pl\/en\/author\/mciura\/\"}]}<\/script>\n<!-- \/ Yoast SEO plugin. -->","yoast_head_json":{"title":"XXVI Og\u00f3lnopolski Zlot Szk\u00f3\u0142 Reymontowskich w Ko\u0142aczkowie\u00a0 - NID","robots":{"index":"index","follow":"follow","max-snippet":"max-snippet:-1","max-image-preview":"max-image-preview:large","max-video-preview":"max-video-preview:-1"},"canonical":"https:\/\/nid.pl\/en\/2024\/09\/20\/xxvi-ogolnopolski-zlot-szkol-reymontowskich-w-kolaczkowie\/","og_locale":"en_GB","og_type":"article","og_title":"XXVI Og\u00f3lnopolski Zlot Szk\u00f3\u0142 Reymontowskich w Ko\u0142aczkowie\u00a0 - NID","og_description":"Z okazji 100. rocznicy przyznania W\u0142adys\u0142awowi Reymontowi Literackiej Nagrody Nobla za powie\u015b\u0107 \u201eCh\u0142opi\u201d, Narodowy Instytut Dziedzictwa wsp\u00f3\u0142organizuje tegoroczny Og\u00f3lnopolski Zlot Szk\u00f3\u0142 Reymontowskich w Ko\u0142aczkowie. Specjali\u015bci NID przygotowali na t\u0119 okazj\u0119 [&hellip;]","og_url":"https:\/\/nid.pl\/en\/2024\/09\/20\/xxvi-ogolnopolski-zlot-szkol-reymontowskich-w-kolaczkowie\/","og_site_name":"NID","article_publisher":"https:\/\/www.facebook.com\/zabytek","article_published_time":"2024-09-20T15:37:35+00:00","article_modified_time":"2024-09-23T10:21:43+00:00","og_image":[{"width":1857,"height":1238,"url":"https:\/\/nid.pl\/wp-content\/uploads\/2024\/09\/miniatura-zlot-szkol-reymontowskich.jpg","type":"image\/jpeg"}],"author":"Monika Ciura","twitter_card":"summary_large_image","twitter_creator":"@NarIDpl","twitter_site":"@NarIDpl","twitter_misc":{"Written by":"Monika Ciura","Estimated reading time":"5 minutes"},"schema":{"@context":"https:\/\/schema.org","@graph":[{"@type":"Article","@id":"https:\/\/nid.pl\/2024\/09\/20\/xxvi-ogolnopolski-zlot-szkol-reymontowskich-w-kolaczkowie\/#article","isPartOf":{"@id":"https:\/\/nid.pl\/2024\/09\/20\/xxvi-ogolnopolski-zlot-szkol-reymontowskich-w-kolaczkowie\/"},"author":{"name":"Monika Ciura","@id":"https:\/\/nid.pl\/#\/schema\/person\/ab9abea4caecdccde4fb0d555271145f"},"headline":"XXVI Og\u00f3lnopolski Zlot Szk\u00f3\u0142 Reymontowskich w Ko\u0142aczkowie\u00a0","datePublished":"2024-09-20T15:37:35+00:00","dateModified":"2024-09-23T10:21:43+00:00","mainEntityOfPage":{"@id":"https:\/\/nid.pl\/2024\/09\/20\/xxvi-ogolnopolski-zlot-szkol-reymontowskich-w-kolaczkowie\/"},"wordCount":836,"publisher":{"@id":"https:\/\/nid.pl\/#organization"},"image":{"@id":"https:\/\/nid.pl\/2024\/09\/20\/xxvi-ogolnopolski-zlot-szkol-reymontowskich-w-kolaczkowie\/#primaryimage"},"thumbnailUrl":"https:\/\/nid.pl\/wp-content\/uploads\/2024\/09\/miniatura-zlot-szkol-reymontowskich.jpg","articleSection":["Aktualno\u015bci"],"inLanguage":"en-GB"},{"@type":"WebPage","@id":"https:\/\/nid.pl\/2024\/09\/20\/xxvi-ogolnopolski-zlot-szkol-reymontowskich-w-kolaczkowie\/","url":"https:\/\/nid.pl\/2024\/09\/20\/xxvi-ogolnopolski-zlot-szkol-reymontowskich-w-kolaczkowie\/","name":"XXVI Og\u00f3lnopolski Zlot Szk\u00f3\u0142 Reymontowskich w Ko\u0142aczkowie\u00a0 - NID","isPartOf":{"@id":"https:\/\/nid.pl\/#website"},"primaryImageOfPage":{"@id":"https:\/\/nid.pl\/2024\/09\/20\/xxvi-ogolnopolski-zlot-szkol-reymontowskich-w-kolaczkowie\/#primaryimage"},"image":{"@id":"https:\/\/nid.pl\/2024\/09\/20\/xxvi-ogolnopolski-zlot-szkol-reymontowskich-w-kolaczkowie\/#primaryimage"},"thumbnailUrl":"https:\/\/nid.pl\/wp-content\/uploads\/2024\/09\/miniatura-zlot-szkol-reymontowskich.jpg","datePublished":"2024-09-20T15:37:35+00:00","dateModified":"2024-09-23T10:21:43+00:00","breadcrumb":{"@id":"https:\/\/nid.pl\/2024\/09\/20\/xxvi-ogolnopolski-zlot-szkol-reymontowskich-w-kolaczkowie\/#breadcrumb"},"inLanguage":"en-GB","potentialAction":[{"@type":"ReadAction","target":["https:\/\/nid.pl\/2024\/09\/20\/xxvi-ogolnopolski-zlot-szkol-reymontowskich-w-kolaczkowie\/"]}]},{"@type":"ImageObject","inLanguage":"en-GB","@id":"https:\/\/nid.pl\/2024\/09\/20\/xxvi-ogolnopolski-zlot-szkol-reymontowskich-w-kolaczkowie\/#primaryimage","url":"https:\/\/nid.pl\/wp-content\/uploads\/2024\/09\/miniatura-zlot-szkol-reymontowskich.jpg","contentUrl":"https:\/\/nid.pl\/wp-content\/uploads\/2024\/09\/miniatura-zlot-szkol-reymontowskich.jpg","width":1857,"height":1238},{"@type":"BreadcrumbList","@id":"https:\/\/nid.pl\/2024\/09\/20\/xxvi-ogolnopolski-zlot-szkol-reymontowskich-w-kolaczkowie\/#breadcrumb","itemListElement":[{"@type":"ListItem","position":1,"name":"Home","item":"https:\/\/nid.pl\/"},{"@type":"ListItem","position":2,"name":"XXVI Og\u00f3lnopolski Zlot Szk\u00f3\u0142 Reymontowskich w Ko\u0142aczkowie\u00a0"}]},{"@type":"WebSite","@id":"https:\/\/nid.pl\/#website","url":"https:\/\/nid.pl\/","name":"NID","description":"Narodowy Instytut Dziedzictwa","publisher":{"@id":"https:\/\/nid.pl\/#organization"},"potentialAction":[{"@type":"SearchAction","target":{"@type":"EntryPoint","urlTemplate":"https:\/\/nid.pl\/?s={search_term_string}"},"query-input":{"@type":"PropertyValueSpecification","valueRequired":true,"valueName":"search_term_string"}}],"inLanguage":"en-GB"},{"@type":"Organization","@id":"https:\/\/nid.pl\/#organization","name":"Narodowy Instytut Dziedzictwa","url":"https:\/\/nid.pl\/","logo":{"@type":"ImageObject","inLanguage":"en-GB","@id":"https:\/\/nid.pl\/#\/schema\/logo\/image\/","url":"https:\/\/nid.pl\/wp-content\/uploads\/2022\/10\/logoRedDark.png","contentUrl":"https:\/\/nid.pl\/wp-content\/uploads\/2022\/10\/logoRedDark.png","width":200,"height":197,"caption":"Narodowy Instytut Dziedzictwa"},"image":{"@id":"https:\/\/nid.pl\/#\/schema\/logo\/image\/"},"sameAs":["https:\/\/www.facebook.com\/zabytek","https:\/\/x.com\/NarIDpl","https:\/\/www.instagram.com\/nid.pl\/?hl=pl","https:\/\/www.linkedin.com\/company\/narodowy-instytut-dziedzictwa","https:\/\/www.youtube.com\/channel\/UCQXuhKa2uHtmNvLRUSx40JA"]},{"@type":"Person","@id":"https:\/\/nid.pl\/#\/schema\/person\/ab9abea4caecdccde4fb0d555271145f","name":"Monika Ciura","image":{"@type":"ImageObject","inLanguage":"en-GB","@id":"https:\/\/nid.pl\/#\/schema\/person\/image\/","url":"https:\/\/nid.pl\/wp-content\/litespeed\/avatar\/bfdb15d1cc317fac4b66bdc91090ff11.jpg?ver=1777445370","contentUrl":"https:\/\/nid.pl\/wp-content\/litespeed\/avatar\/bfdb15d1cc317fac4b66bdc91090ff11.jpg?ver=1777445370","caption":"Monika Ciura"},"url":"https:\/\/nid.pl\/en\/author\/mciura\/"}]}},"_links":{"self":[{"href":"https:\/\/nid.pl\/en\/wp-json\/wp\/v2\/posts\/22441","targetHints":{"allow":["GET"]}}],"collection":[{"href":"https:\/\/nid.pl\/en\/wp-json\/wp\/v2\/posts"}],"about":[{"href":"https:\/\/nid.pl\/en\/wp-json\/wp\/v2\/types\/post"}],"author":[{"embeddable":true,"href":"https:\/\/nid.pl\/en\/wp-json\/wp\/v2\/users\/15"}],"replies":[{"embeddable":true,"href":"https:\/\/nid.pl\/en\/wp-json\/wp\/v2\/comments?post=22441"}],"version-history":[{"count":0,"href":"https:\/\/nid.pl\/en\/wp-json\/wp\/v2\/posts\/22441\/revisions"}],"wp:featuredmedia":[{"embeddable":true,"href":"https:\/\/nid.pl\/en\/wp-json\/wp\/v2\/media\/22449"}],"wp:attachment":[{"href":"https:\/\/nid.pl\/en\/wp-json\/wp\/v2\/media?parent=22441"}],"wp:term":[{"taxonomy":"category","embeddable":true,"href":"https:\/\/nid.pl\/en\/wp-json\/wp\/v2\/categories?post=22441"},{"taxonomy":"post_tag","embeddable":true,"href":"https:\/\/nid.pl\/en\/wp-json\/wp\/v2\/tags?post=22441"}],"curies":[{"name":"wp","href":"https:\/\/api.w.org\/{rel}","templated":true}]}}