{"id":22363,"date":"2024-09-17T15:59:39","date_gmt":"2024-09-17T13:59:39","guid":{"rendered":"https:\/\/nid.pl\/?p=22363"},"modified":"2025-01-02T14:21:34","modified_gmt":"2025-01-02T13:21:34","slug":"zabytek-zadbany-2024-wreczono-nagrody-dla-laureatow-i-wyroznionych","status":"publish","type":"post","link":"https:\/\/nid.pl\/en\/2024\/09\/17\/zabytek-zadbany-2024-wreczono-nagrody-dla-laureatow-i-wyroznionych\/","title":{"rendered":"Zabytek Zadbany 2024 &#8211; wr\u0119czono nagrody dla laureat\u00f3w i wyr\u00f3\u017cnionych\u00a0\u00a0"},"content":{"rendered":"<p><strong>Dzi\u015b, 17 wrze\u015bnia, odby\u0142a si\u0119 uroczysta gala wr\u0119czenia nagr\u00f3d w og\u00f3lnopolskim konkursie &#8220;Zabytek Zadbany&#8221;&nbsp;instytucjom i osobom, kt\u00f3re wyr\u00f3\u017cni\u0142y si\u0119 w opiece, konserwacji czy adaptacji budynk\u00f3w zabytkowych. W wydarzeniu wzi\u0119\u0142a udzia\u0142 dyrektorka NID, Marlena Happach oraz sekretarz stanu w Ministerstwie Kultury i Dziedzictwa Narodowego, Generalna Konserwator Zabytk\u00f3w, Bo\u017cena \u017belazowska.&nbsp;<\/strong>&nbsp;<\/p>\n\n\n\n<p>W konkursie \u201cZabytek Zadbany\u201d ocenie podlega poziom i zakres bada\u0144 konserwatorskich, program prac konserwatorskich, forma i poziom wykonanych prac, zachowanie integralno\u015bci i utrwalenie autentyzmu substancji zabytkowej oraz stan obiektu po dzia\u0142aniach konserwatorskich i adaptacyjnych. Nagradzani mog\u0105 by\u0107 w\u0142a\u015bciciele, posiadacze i zarz\u0105dcy obiekt\u00f3w zabytkowych wpisanych do rejestru zabytk\u00f3w nieruchomych.&nbsp;<\/p>\n\n\n\n<p>Konkurs ma d\u0142ug\u0105 histori\u0119, odbywa od 1975 r., a po raz 14 realizowany jest przez Narodowy Instytut Dziedzictwa, w imieniu Generalnego Konserwatora Zabytk\u00f3w oraz Ministra Kultury i Dziedzictwa Narodowego. Podczas poprzednich 13 edycji nagrodzono 260 obiekt\u00f3w, o kt\u00f3rych przeczyta\u0107 mo\u017cna w <a href=\"https:\/\/ksiegarnia.nid.pl\/produkt\/zabytek-zadbany-seria-wydawnicza\/\" target=\"_blank\" rel=\"noreferrer noopener\">serii wydawniczej NID \u201cZabytek Zadbany\u201d.<\/a>&nbsp;&nbsp;Nagradzane realizacje to skarbnica dobrych praktyk i do\u015bwiadcze\u0144 dla kolejnych opiekun\u00f3w zabytk\u00f3w podejmuj\u0105cych wyzwania zwi\u0105zane z remontem czy adaptacj\u0105 zabytk\u00f3w.<\/p>\n\n\n\n<p>Do tegorocznej edycji konkursu \u201cZabytek Zadbany\u201d zg\u0142oszono 78 zabytk\u00f3w, 67 z nich przesz\u0142o pierwszy etap oceny formalnej, nast\u0119pnie wy\u0142oniono z nich 8 laureat\u00f3w, a 10 zosta\u0142o wyr\u00f3\u017cnionych.&nbsp;<\/p>\n\n\n\n<p>W tym roku Jury obradowa\u0142o w sk\u0142adzie:&nbsp;&nbsp;<\/p>\n\n\n\n<ul class=\"wp-block-list\">\n<li>prof. dr hab. in\u017c. arch. Ma\u0142gorzata Rozbicka, przewodnicz\u0105ca&nbsp;&nbsp;<\/li>\n\n\n\n<li>dr hab. Monika Bogdanowska, wiceprzewodnicz\u0105ca&nbsp;&nbsp;<\/li>\n\n\n\n<li>dr Ma\u0142gorzata Gwiazdowska&nbsp;&nbsp;<\/li>\n\n\n\n<li>dr Jerzy Ilkosz&nbsp;&nbsp;<\/li>\n\n\n\n<li>dr Maciej Prarat&nbsp;&nbsp;<\/li>\n\n\n\n<li>dr hab. Miron Urbaniak&nbsp;<\/li>\n<\/ul>\n\n\n\n<p><\/p>\n\n\n\n<p><\/p>\n\n\n\n<p><strong>Gala wr\u0119czenia nagr\u00f3d w konkursie \u201eZabytek Zadbany\u201d<\/strong>&nbsp;<\/p>\n\n\n\n<p>Uroczyste wr\u0119czenie nagr\u00f3d w konkursie \u201cZabytek Zadbany\u201d odby\u0142o si\u0119 17 wrze\u015bnia 2024 roku, podczas gali w auli Departamentu Ochrony Zabytk\u00f3w, w Ministerstwie Kultury i Dziedzictwa Narodowego.&nbsp;&nbsp;<\/p>\n\n\n\n<p>Oficjaln\u0105 cz\u0119\u015b\u0107 wydarzenia otworzy\u0142o przem\u00f3wienie sekretarz stanu w Ministerstwie Kultury i Dziedzictwa Narodowego, Generalnej Konserwator Zabytk\u00f3w, Bo\u017ceny \u017belazowskiej <\/p>\n\n\n\n<blockquote class=\"wp-block-quote is-layout-flow wp-block-quote-is-layout-flow\">\n<p><em>\u201eCiesz\u0119 si\u0119, \u017ce b\u0119dziemy nagradza\u0107 osoby, kt\u00f3re dbaj\u0105 o zabytki, dzi\u0119kuj\u0119 za trosk\u0119 i ogromny, wieloletni wk\u0142ad pracy na rzecz naszego dziedzictwa. Mia\u0142am przyjemno\u015b\u0107 zobaczy\u0107 z jak ogromnym kunsztem konserwatorskim wyr\u00f3\u017cnione dzisiaj zabytki by\u0142y odnawiane. Dzi\u0119kuj\u0119 wszystkim, kt\u00f3rzy si\u0119 do tego przyczynili. \u017bycz\u0119 udanego \u015bwi\u0119towania, mimo sytuacji, jaka ma miejsce w naszym kraju i powodzi, kt\u00f3ra zabiera wielopokoleniowy dobytek oraz niszczy nasze zabytki.&nbsp;Jako Generalny Konserwator Zabytk\u00f3w razem z zespo\u0142em monitorujemy sytuacj\u0119 zabytk\u00f3w w Polsce i zastanawiamy si\u0119, jak pom\u00f3c s\u0142u\u017cbom konserwatorskim, samorz\u0105dom i osobom prywatnym\u201d.<\/em><\/p>\n<\/blockquote>\n\n\n\n<p>Dyrektorka NID, Marlena Happach pogratulowa\u0142a wszystkim nagrodzonym oraz podzi\u0119kowa\u0142a za wk\u0142ad pracy ekspert\u00f3w NID w prowadzeniu procedury konkursowej<\/p>\n\n\n\n<blockquote class=\"wp-block-quote is-layout-flow wp-block-quote-is-layout-flow\">\n<p>&#8220;<em>Mamy dzisiaj mo\u017cliwo\u015b\u0107 docenienia obiekt\u00f3w wyremontowanych, odnowionych w taki spos\u00f3b, \u017ce zachowana zosta\u0142a ich najistotniejsza warto\u015b\u0107 \u2013 substancja historyczna. Jako architektka doceniam to, jakiego kunsztu wymaga nadanie obiektowi nowych funkcji, kt\u00f3re jednocze\u015bnie t\u0105 warto\u015b\u0107 historyczn\u0105 wydobywaj\u0105. Eksperci NID weryfikuj\u0105 i opiniuj\u0105 zg\u0142oszenia konkursowe, w tym roku by\u0142o to ponad 70 obiekt\u00f3w zg\u0142oszonych, ogl\u0105daj\u0105 je od piwnic po dachy, \u017ceby wspiera\u0107 jury w ocenie. Mam nadziej\u0119, \u017ce kolejnych 50 edycji konkursu jeszcze przed nami<\/em>&#8220;.<\/p>\n<\/blockquote>\n\n\n\n<p>G\u0142os zabra\u0142a r\u00f3wnie\u017c przewodnicz\u0105ca jury konkursowego prof. dr hab. in\u017c. arch. Ma\u0142gorzata Rozbicka <\/p>\n\n\n\n<blockquote class=\"wp-block-quote is-layout-flow wp-block-quote-is-layout-flow\">\n<p><em>\u201eJest to konkurs szczeg\u00f3lny, o wieloletniej historii i jeden z nielicznych, kt\u00f3re doceniaj\u0105 rzeteln\u0105 prac\u0119 przy r\u00f3\u017cnorodnych zabytkach. Patrz\u0105c na obiekty nagrodzone, mam nadziej\u0119, \u017ce lata po\u015bwi\u0119cone pracy przy ich konserwacji b\u0119d\u0105 procentowa\u0107 i \u017ce coraz wi\u0119cej os\u00f3b dostrze\u017ce pi\u0119kno i sens zajmowania si\u0119 te\u017c zabytkami, niekoniecznie tylko tymi najbardziej spektakularnymi. Dzi\u0119kuj\u0119 wszystkim, kt\u00f3rzy przeszli przez ten trud, dzi\u0119ki kt\u00f3remu mo\u017cemy lepiej chroni\u0107 nasze dziedzictwo\u201d<\/em>.<\/p>\n<\/blockquote>\n\n\n\n<p>Sekretarz stanu w Ministerstwie Kultury i Dziedzictwa Narodowego, Generalna Konserwator Zabytk\u00f3w Bo\u017cena \u017belazowska wr\u0119czy\u0142a laureatom i wyr\u00f3\u017cnionym dyplomy oraz tablice, kt\u00f3re mog\u0105 by\u0107 p\u00f3\u017aniej umieszczone na zabytkach. Na tablicach widnieje charakterystyczny bia\u0142o-niebieski znak zwany \u201cB\u0142\u0119kitn\u0105 Tarcz\u0105\u201d lub \u201etarcz\u0105 Zachwatowicza\u201d oraz nazwa i data edycji konkursu \u201eZabytek Zadbany\u201d. Tablice te, symbolizuj\u0105ce uznanie dla starannie przeprowadzonych prac konserwatorskich, restauratorskich czy adaptacyjnych, mo\u017cna zobaczy\u0107 na wielu obiektach w ca\u0142ej Polsce, zar\u00f3wno tych znanych, jak Muzeum Emigracji w Gdyni czy muzeum Zamek w \u0141a\u0144cucie, jak i mniej znanych, ale r\u00f3wnie cennych, jak most kolejowy w Bytowie czy dawny dworzec cesarski w Gumniskach Ma\u0142ych.&nbsp;<\/p>\n\n\n\n<p>Spotkanie by\u0142o te\u017c okazj\u0105 do wr\u0119czenia z\u0142otej odznaki &#8220;Za opiek\u0119 nad zabytkami&#8221;, kt\u00f3r\u0105 z r\u0105k sekretarz stanu w Ministerstwie Kultury i Dziedzictwa Narodowego, Generalnej Konserwator Zabytk\u00f3w, Bo\u017ceny \u017belazowskiej otrzyma\u0142a Anna \u0141opuska, konserwatorka zabytk\u00f3w. <\/p>\n\n\n\n<p><\/p>\n\n\n\n<p><\/p>\n\n\n\n<p><strong>Laureaci i wyr\u00f3\u017cnieni w konkursie \u201cZabytek Zadbany\u201d 2024<\/strong><\/p>\n\n\n\n<p><\/p>\n\n\n\n<p><\/p>\n\n\n\n<p><strong>Kategoria utrwalenia warto\u015bci zabytkowej obiektu<\/strong>&nbsp;<\/p>\n\n\n\n<p>Dwa r\u00f3wnorz\u0119dne tytu\u0142y laureat\u00f3w przyznano:&nbsp;<\/p>\n\n\n\n<ul class=\"wp-block-list\">\n<li><strong>Miastu Jelenia G\u00f3ra<\/strong> za kompleksowe prace konserwatorskie w zespole willi secesyjnej Maxa Erfurta w Jeleniej G\u00f3rze, wykonane na podstawie wszechstronnych bada\u0144 konserwatorskich, kt\u00f3re pozwoli\u0142y na wydobycie i zachowanie wysokich walor\u00f3w architektonicznych i artystycznych zespo\u0142u.&nbsp;<\/li>\n<\/ul>\n\n\n\n<ul class=\"wp-block-list\">\n<li><strong>Miastu Nowy Dw\u00f3r Mazowiecki<\/strong> za kompleksowe prace budowlane i konserwatorskie przeprowadzone z pe\u0142nym poszanowaniem substancji zabytkowej i formy architektonicznej kasyna oficerskiego w Twierdzy Modlin oraz za staranno\u015b\u0107 i konsekwencj\u0119 w przywracaniu historycznej kompozycji jego elewacji i wystroju wn\u0119trz.&nbsp;<\/li>\n<\/ul>\n\n\n\n<p>Wyr\u00f3\u017cnienia w kategorii utrwalenia warto\u015bci zabytkowej obiektu przyznano:&nbsp;<\/p>\n\n\n\n<ul class=\"wp-block-list\">\n<li><strong>Miastu \u0141\u00f3d\u017a<\/strong> za prace konserwatorskie przeprowadzone z pe\u0142nym poszanowaniem oryginalnej substancji kamienicy rezydencjonalnej Hilarego Majewskiego w \u0141odzi, w wyniku kt\u00f3rych uratowano zdekapitalizowany obiekt wraz z jego wystrojem i wyeksponowano walory artystyczne zabytku.&nbsp;<\/li>\n<\/ul>\n\n\n\n<ul class=\"wp-block-list\">\n<li><strong>Zborowi w Szczecinie Ko\u015bcio\u0142a Chrze\u015bcijan Baptyst\u00f3w Rzeczypospolitej Polskiej<\/strong> za prace budowlane i konserwatorskie przeprowadzone w budynku z kaplic\u0105 baptyst\u00f3w w Szczecinie, kt\u00f3re pozwoli\u0142y na zachowanie integralno\u015bci zabytku oraz wydobycie jego walor\u00f3w artystycznych i u\u017cytkowych.&nbsp;<\/li>\n<\/ul>\n\n\n\n<p><\/p>\n\n\n\n<p><strong>Kategoria rewaloryzacji przestrzeni kulturowej i krajobrazu<\/strong>&nbsp;<\/p>\n\n\n\n<p>Tytu\u0142 laureata przyznano:&nbsp;<\/p>\n\n\n\n<ul class=\"wp-block-list\">\n<li><strong>Muzeum w Lewkowie \u2013 Zespo\u0142owi Pa\u0142acowo-Parkowego<\/strong> za kompleksowe prace budowlane, konserwatorskie i rewaloryzacyjne przeprowadzone w cennym zespole pa\u0142acowo-parkowym doby klasycyzmu w Lewkowie, kt\u00f3re przywr\u00f3ci\u0142y mu dawn\u0105 \u015bwietno\u015b\u0107 i pozwoli\u0142y na ca\u0142o\u015bciowe udost\u0119pnienie mieszka\u0144com i turystom.\u00a0<\/li>\n<\/ul>\n\n\n\n<p>Wyr\u00f3\u017cnienia w kategorii rewaloryzacji przestrzeni kulturowej i krajobrazu przyznano:&nbsp;<\/p>\n\n\n\n<ul class=\"wp-block-list\">\n<li><strong>Gminie Twardog\u00f3ra<\/strong> za przeprowadzenie prac zabezpieczaj\u0105cych i restauratorskich, dzi\u0119ki kt\u00f3rym zachowano zgodnie z zasadami konserwatorskimi oryginaln\u0105 substancj\u0119 i form\u0119 trwa\u0142ej ruiny pa\u0142acu w zespole pa\u0142acowo-parkowym w Goszczu oraz w pe\u0142ni udost\u0119pniono obiekt zwiedzaj\u0105cym&nbsp;<\/li>\n<\/ul>\n\n\n\n<ul class=\"wp-block-list\">\n<li><strong>Muzeum Ma\u0142opolski Zachodniej w Wygie\u0142zowie<\/strong> za konsekwentn\u0105, etapow\u0105 realizacj\u0119 prac, dzi\u0119ki kt\u00f3rym zabezpieczono i udost\u0119pniono ruiny zamku Lipowiec w Babicach oraz utrwalono je w miejscowym krajobrazie kulturowym.&nbsp;<\/li>\n<\/ul>\n\n\n\n<p><strong>Kategoria adaptacji obiekt\u00f3w zabytkowych<\/strong>&nbsp;<\/p>\n\n\n\n<p>Tytu\u0142 laureata przyznano:&nbsp;<\/p>\n\n\n\n<ul class=\"wp-block-list\">\n<li><strong>Euro Styl Montownia \u2013 Sp\u00f3\u0142ce z ograniczon\u0105 odpowiedzialno\u015bci\u0105<\/strong> za prace konserwatorskie i adaptacyjne przeprowadzone z szacunkiem dla historycznych nawarstwie\u0144 oryginalnej formy architektonicznej i substancji materialnej magazynu na terenie dawnej Stoczni Gda\u0144skiej, obecnie Montowni Lofts &amp; Experience oraz licznych oryginalnych detali i urz\u0105dze\u0144 budynku.\u00a0<\/li>\n<\/ul>\n\n\n\n<p>Wyr\u00f3\u017cnienia w kategorii adaptacji obiekt\u00f3w zabytkowych przyznano:&nbsp;<\/p>\n\n\n\n<ul class=\"wp-block-list\">\n<li><strong>Kampinoskiemu Parkowi Narodowemu<\/strong> za przywr\u00f3cenie w\u0142a\u015bciwego stanu technicznego, zachowanie historycznego charakteru i formy architektonicznej zespo\u0142u drewnianej zabudowy le\u015bnicz\u00f3wki w Granicy oraz dostosowanie go do wsp\u00f3\u0142czesnych funkcji u\u017cytkowych.\u00a0<\/li>\n<\/ul>\n\n\n\n<ul class=\"wp-block-list\">\n<li><strong>Gminie Olkusz<\/strong> za wysoki poziom wykonanych prac budowlanych i konserwatorskich oraz udan\u0105 adaptacj\u0119 do nowych funkcji budynku dawnego starostwa \u2013 wraz z piwnicami kwarta\u0142u kr\u00f3lewskiego \u2013 i gotyckich piwnic ratuszowych w Olkuszu.&nbsp;<\/li>\n<\/ul>\n\n\n\n<ul class=\"wp-block-list\">\n<li><strong>Uniwersytetowi WSB Merito w Poznaniu<\/strong> za prace budowlane i konserwatorskie oraz przystosowanie historycznych budynk\u00f3w pokoszarowych przy ul. Franciszka Ratajczaka 1 i 3 w Poznaniu do nowej funkcji biurowo-dydaktycznej i wsp\u00f3\u0142czesnych wymog\u00f3w funkcjonalno-u\u017cytkowych.&nbsp;<\/li>\n<\/ul>\n\n\n\n<p><strong>Kategoria architektury i budownictwa drewnianego<\/strong>&nbsp;<\/p>\n\n\n\n<p>Tytu\u0142 laureata przyznano:&nbsp;<\/p>\n\n\n\n<ul class=\"wp-block-list\">\n<li><strong>Parafii Rzymskokatolickiej Naj\u015bwi\u0119tszego Serca Pana Jezusa w Rzepinie<\/strong> za pe\u0142ne rozpoznanie badawcze, wzorcowe prace konserwatorsko-restauratorskie przeprowadzone z wykorzystaniem tradycyjnych technik budowlanych i za zachowanie autentyzmu substancji zabytkowej ko\u015bcio\u0142a filialnego Podwy\u017cszenia Krzy\u017ca \u015awi\u0119tego w Lubiechni Ma\u0142ej.&nbsp;<\/li>\n<\/ul>\n\n\n\n<p>Wyr\u00f3\u017cnienia w kategorii architektury i budownictwa drewnianego przyznano:&nbsp;<\/p>\n\n\n\n<ul class=\"wp-block-list\">\n<li><strong>Uzdrowisku Gocza\u0142kowice-Zdr\u00f3j \u2013 Sp\u00f3\u0142ce z ograniczon\u0105 odpowiedzialno\u015bci\u0105 <\/strong>za uczytelnienie warto\u015bci zabytkowych, przywr\u00f3cenie pierwotnej funkcji i\u00a0 \u00a0walor\u00f3w estetycznych oraz popraw\u0119 stanu technicznego pawilonu Starej Pijalni w Gocza\u0142kowicach-Zdroju\u00a0<\/li>\n<\/ul>\n\n\n\n<ul class=\"wp-block-list\">\n<li><strong>Lasom Miejskim \u2013 Warszawa<\/strong> za prace budowlane i konserwatorskie wykonane z zastosowaniem dawnych rozwi\u0105za\u0144 materia\u0142owych i konstrukcyjnych, z poszanowaniem pierwotnej formy, wystroju i wyposa\u017cenia wn\u0119trz le\u015bnicz\u00f3wki przy ul. Rydzowej 1 w Warszawie,&nbsp;<\/li>\n<\/ul>\n\n\n\n<ul class=\"wp-block-list\">\n<li><strong>Parafii Rzymskokatolickiej \u015awi\u0119tej Anny w Jaktorowie<\/strong> za prace budowlane i konserwatorskie w ko\u015bciele parafialnym \u015awi\u0119tej Anny w Jaktorowie, w wyniku kt\u00f3rych zatrzymano procesy destrukcji nietypowej zdwojonej konstrukcji \u015bcian oraz wyeksponowano warto\u015bci estetyczne i artystyczne obiektu.&nbsp;<\/li>\n<\/ul>\n\n\n\n<p><strong>Kategoria zabytk\u00f3w techniki<\/strong>&nbsp;<\/p>\n\n\n\n<p>Tytu\u0142 laureata przyznano:&nbsp;<\/p>\n\n\n\n<ul class=\"wp-block-list\">\n<li><strong>Zabytkowej Kopalni Ignacy w Rybniku<\/strong> za staranne prace budowlane i konserwatorskie, przeprowadzone z poszanowaniem historycznej substancji i formy budowlanej nadszybia i maszynowni szybu Ko\u015bciuszko oraz za zachowanie i przywr\u00f3cenie do pe\u0142nej sprawno\u015bci unikatowego wyposa\u017cenia technologicznego.&nbsp;<\/li>\n<\/ul>\n\n\n\n<p><strong>Kategoria specjalna w\u0142a\u015bciwego u\u017cytkowania i sta\u0142ej opieki nad zabytkiem<\/strong>&nbsp;<\/p>\n\n\n\n<p>Dwa r\u00f3wnorz\u0119dne tytu\u0142y laureat\u00f3w przyznano:&nbsp;<\/p>\n\n\n\n<ul class=\"wp-block-list\">\n<li><strong>Marianowi Wo\u0142kowskiemu-Wolskiemu<\/strong> za pieczo\u0142owite przebadanie, rozpoznanie, konserwacj\u0119 i restauracj\u0119 lamusa dworskiego \u2013 parteru dawnego dworu wie\u017cowego w Haw\u0142owicach G\u00f3rnych, dzi\u0119ki czemu ocalono przed zniszczeniem oraz ujawniono wyj\u0105tkow\u0105 warto\u015b\u0107 historyczn\u0105 i artystyczn\u0105 obiektu, a zabytek udost\u0119pniono zwiedzaj\u0105cym&nbsp;<\/li>\n<\/ul>\n\n\n\n<ul class=\"wp-block-list\">\n<li><strong>Gminnemu O\u015brodkowi Kultury w Pszczewie<\/strong> za wieloletni\u0105, systematyczn\u0105 opiek\u0119 oraz anga\u017cowanie lokalnej spo\u0142eczno\u015bci w zabezpieczenie i utrwalenie warto\u015bci Domu Szewca, zabytku wyj\u0105tkowego w krajobrazie architektonicznym Pszczewa.<\/li>\n<\/ul>\n\n\n\n<p>Zobacz galeri\u0119 zdj\u0119\u0107 nagrodzonych realizacji <a href=\"https:\/\/nid.pl\/en\/2024\/06\/30\/znamy-wyniki-konkursu-zz-2024\/\" target=\"_blank\" rel=\"noreferrer noopener\">&#8211; tutaj.<\/a><\/p>\n\n\n\n<p>Wszystkim laureatom i wyr\u00f3\u017cnionym serdecznie gratulujemy! &nbsp;<\/p>\n\n\n\n<p><\/p>\n\n\n\n<p><\/p>\n\n\n\n<p><\/p>\n\n\n\n<figure class=\"wp-block-image aligncenter size-large is-resized\"><img loading=\"lazy\" decoding=\"async\" width=\"1024\" height=\"683\" src=\"https:\/\/nid.pl\/wp-content\/uploads\/2024\/09\/IMG_0529-1024x683.jpg\" alt=\"\" class=\"wp-image-22375\" style=\"width:677px;height:auto\" srcset=\"https:\/\/nid.pl\/wp-content\/uploads\/2024\/09\/IMG_0529-980x653.jpg 980w, https:\/\/nid.pl\/wp-content\/uploads\/2024\/09\/IMG_0529-480x320.jpg 480w\" sizes=\"(min-width: 0px) and (max-width: 480px) 480px, (min-width: 481px) and (max-width: 980px) 980px, (min-width: 981px) 1024px, 100vw\" \/><figcaption class=\"wp-element-caption\">Gala wr\u0119czenia nagr\u00f3d w konkursie &#8220;Zabytek Zadbany &#8211; przem\u00f3wienie sekretarz stanu w Ministerstwie Kultury i Dziedzictwa Narodowego, Generalnej Konserwator Zabytk\u00f3w, Bo\u017ceny \u017belazowskiej, fot. Magda Starowieyska<\/figcaption><\/figure>\n\n\n\n<p><\/p>\n\n\n\n<figure class=\"wp-block-image aligncenter size-large is-resized\"><img loading=\"lazy\" decoding=\"async\" width=\"1024\" height=\"683\" src=\"https:\/\/nid.pl\/wp-content\/uploads\/2024\/09\/17_09_2024_fot_Magda_Starowieyska-21-1024x683.jpg\" alt=\"\" class=\"wp-image-22395\" style=\"width:671px;height:auto\" srcset=\"https:\/\/nid.pl\/wp-content\/uploads\/2024\/09\/17_09_2024_fot_Magda_Starowieyska-21-980x653.jpg 980w, https:\/\/nid.pl\/wp-content\/uploads\/2024\/09\/17_09_2024_fot_Magda_Starowieyska-21-480x320.jpg 480w\" sizes=\"(min-width: 0px) and (max-width: 480px) 480px, (min-width: 481px) and (max-width: 980px) 980px, (min-width: 981px) 1024px, 100vw\" \/><figcaption class=\"wp-element-caption\">Gala wr\u0119czenia nagr\u00f3d w konkursie &#8220;Zabytek Zadbany &#8211; przem\u00f3wienie sekretarz stanu w Ministerstwie Kultury i Dziedzictwa Narodowego, Generalnej Konserwator Zabytk\u00f3w, Bo\u017ceny \u017belazowskiej, fot. Magda Starowieyska<\/figcaption><\/figure>\n\n\n\n<p><\/p>\n\n\n\n<figure class=\"wp-block-image aligncenter size-large is-resized\"><img loading=\"lazy\" decoding=\"async\" width=\"1024\" height=\"683\" src=\"https:\/\/nid.pl\/wp-content\/uploads\/2024\/09\/IMG_0563-1024x683.jpg\" alt=\"\" class=\"wp-image-22376\" style=\"width:665px;height:auto\" srcset=\"https:\/\/nid.pl\/wp-content\/uploads\/2024\/09\/IMG_0563-980x653.jpg 980w, https:\/\/nid.pl\/wp-content\/uploads\/2024\/09\/IMG_0563-480x320.jpg 480w\" sizes=\"(min-width: 0px) and (max-width: 480px) 480px, (min-width: 481px) and (max-width: 980px) 980px, (min-width: 981px) 1024px, 100vw\" \/><figcaption class=\"wp-element-caption\">Gala wr\u0119czenia nagr\u00f3d w konkursie &#8220;Zabytek Zadbany &#8211; przem\u00f3wienie dyrektorki NID, Marleny Happach, fot. Magda Starowieyska<\/figcaption><\/figure>\n\n\n\n<p><\/p>\n\n\n\n<figure class=\"wp-block-image aligncenter size-large is-resized\"><img loading=\"lazy\" decoding=\"async\" width=\"1024\" height=\"683\" src=\"https:\/\/nid.pl\/wp-content\/uploads\/2024\/09\/IMG_0594-1024x683.jpg\" alt=\"\" class=\"wp-image-22377\" style=\"width:661px;height:auto\" srcset=\"https:\/\/nid.pl\/wp-content\/uploads\/2024\/09\/IMG_0594-980x653.jpg 980w, https:\/\/nid.pl\/wp-content\/uploads\/2024\/09\/IMG_0594-480x320.jpg 480w\" sizes=\"(min-width: 0px) and (max-width: 480px) 480px, (min-width: 481px) and (max-width: 980px) 980px, (min-width: 981px) 1024px, 100vw\" \/><figcaption class=\"wp-element-caption\">Gala wr\u0119czenia nagr\u00f3d w konkursie &#8220;Zabytek Zadbany &#8211; przem\u00f3wienie prof. dr hab. in\u017c. arch. Ma\u0142gorzaty Rozbickiej, przewodnicz\u0105cej jury konkursowego, fot. Magda Starowieyska<\/figcaption><\/figure>\n\n\n\n<p><\/p>\n\n\n\n<figure class=\"wp-block-image aligncenter size-large is-resized\"><img loading=\"lazy\" decoding=\"async\" width=\"1024\" height=\"683\" src=\"https:\/\/nid.pl\/wp-content\/uploads\/2024\/09\/IMG_0697-1024x683.jpg\" alt=\"\" class=\"wp-image-22378\" style=\"width:661px;height:auto\" srcset=\"https:\/\/nid.pl\/wp-content\/uploads\/2024\/09\/IMG_0697-980x653.jpg 980w, https:\/\/nid.pl\/wp-content\/uploads\/2024\/09\/IMG_0697-480x320.jpg 480w\" sizes=\"(min-width: 0px) and (max-width: 480px) 480px, (min-width: 481px) and (max-width: 980px) 980px, (min-width: 981px) 1024px, 100vw\" \/><figcaption class=\"wp-element-caption\">Gala wr\u0119czenia nagr\u00f3d w konkursie &#8220;Zabytek Zadbany&#8221; &#8211; prof. dr hab. in\u017c. arch. Ma\u0142gorzata Rozbicka, przewodnicz\u0105ca&nbsp;&nbsp;jury konkursowego,  Marlena Happach, dyrektorka NID, Bo\u017cena \u017belazowska, sekretarz stanu w Ministerstwie Kultury i Dziedzictwa Narodowego, Generalna Konserwator Zabytk\u00f3w, Jakub Makowski, dyrektor Departamentu Ochrony Zabytk\u00f3w w Ministerstwie Kultury i Dziedzictwa Narodowego, fot. Magda Starowieyska<\/figcaption><\/figure>\n\n\n\n<figure class=\"wp-block-image aligncenter size-large is-resized\"><img loading=\"lazy\" decoding=\"async\" width=\"1024\" height=\"683\" src=\"https:\/\/nid.pl\/wp-content\/uploads\/2024\/09\/17_09_2024_fot_Magda_Starowieyska-55-1024x683.jpg\" alt=\"Laureat w kategorii utrwalenia warto\u015bci zabytkowej obiektu - Miasto Nowy Dw\u00f3r Mazowiecki, fot. Magda Starowieyska\" class=\"wp-image-22400\" style=\"width:681px;height:auto\" srcset=\"https:\/\/nid.pl\/wp-content\/uploads\/2024\/09\/17_09_2024_fot_Magda_Starowieyska-55-980x653.jpg 980w, https:\/\/nid.pl\/wp-content\/uploads\/2024\/09\/17_09_2024_fot_Magda_Starowieyska-55-480x320.jpg 480w\" sizes=\"(min-width: 0px) and (max-width: 480px) 480px, (min-width: 481px) and (max-width: 980px) 980px, (min-width: 981px) 1024px, 100vw\" \/><figcaption class=\"wp-element-caption\">Laureat w kategorii utrwalenia warto\u015bci zabytkowej obiektu &#8211; Miasto Nowy Dw\u00f3r Mazowiecki, fot. Magda Starowieyska<\/figcaption><\/figure>\n\n\n\n<figure class=\"wp-block-image aligncenter size-large is-resized\"><img loading=\"lazy\" decoding=\"async\" width=\"1024\" height=\"683\" src=\"https:\/\/nid.pl\/wp-content\/uploads\/2024\/09\/17_09_2024_fot_Magda_Starowieyska-67-1024x683.jpg\" alt=\"Wyr\u00f3\u017cnienie w kategorii utrwalenia warto\u015bci zabytkowej obiektu - Zb\u00f3r w Szczecinie Ko\u015bcio\u0142a Chrze\u015bcijan Baptyst\u00f3w Rzeczpospolitej Polskiej, fot. Magda Starowieyska\" class=\"wp-image-22402\" style=\"width:691px;height:auto\" srcset=\"https:\/\/nid.pl\/wp-content\/uploads\/2024\/09\/17_09_2024_fot_Magda_Starowieyska-67-980x653.jpg 980w, https:\/\/nid.pl\/wp-content\/uploads\/2024\/09\/17_09_2024_fot_Magda_Starowieyska-67-480x320.jpg 480w\" sizes=\"(min-width: 0px) and (max-width: 480px) 480px, (min-width: 481px) and (max-width: 980px) 980px, (min-width: 981px) 1024px, 100vw\" \/><figcaption class=\"wp-element-caption\">Wyr\u00f3\u017cnienie w kategorii utrwalenia warto\u015bci zabytkowej obiektu &#8211; Zb\u00f3r w Szczecinie Ko\u015bcio\u0142a Chrze\u015bcijan Baptyst\u00f3w Rzeczpospolitej Polskiej, fot. Magda Starowieyska<\/figcaption><\/figure>\n\n\n\n<figure class=\"wp-block-image aligncenter size-large is-resized\"><img loading=\"lazy\" decoding=\"async\" width=\"1024\" height=\"683\" src=\"https:\/\/nid.pl\/wp-content\/uploads\/2024\/09\/17_09_2024_fot_Magda_Starowieyska-61-1024x683.jpg\" alt=\"Wyr\u00f3\u017cnienie w kategorii utrwalenia warto\u015bci zabytkowej obiektu - Miasto \u0141\u00f3d\u017a, fot. Magda Starowieyska\" class=\"wp-image-22420\" style=\"width:701px;height:auto\" srcset=\"https:\/\/nid.pl\/wp-content\/uploads\/2024\/09\/17_09_2024_fot_Magda_Starowieyska-61-980x653.jpg 980w, https:\/\/nid.pl\/wp-content\/uploads\/2024\/09\/17_09_2024_fot_Magda_Starowieyska-61-480x320.jpg 480w\" sizes=\"(min-width: 0px) and (max-width: 480px) 480px, (min-width: 481px) and (max-width: 980px) 980px, (min-width: 981px) 1024px, 100vw\" \/><figcaption class=\"wp-element-caption\">Wyr\u00f3\u017cnienie w kategorii utrwalenia warto\u015bci zabytkowej obiektu &#8211; Miasto \u0141\u00f3d\u017a, fot. Magda Starowieyska<\/figcaption><\/figure>\n\n\n\n<figure class=\"wp-block-image aligncenter size-large is-resized\"><img loading=\"lazy\" decoding=\"async\" width=\"1024\" height=\"683\" src=\"https:\/\/nid.pl\/wp-content\/uploads\/2024\/09\/17_09_2024_fot_Magda_Starowieyska-75-1024x683.jpg\" alt=\"Laureat w kategorii rewaloryzacji przestrzeni kulturowej i krajobrazu - Muzeum w Lewkowie - Zesp\u00f3\u0142 Pa\u0142acowo-Parkowy, fot. Magda Starowieyska\" class=\"wp-image-22403\" style=\"width:681px;height:auto\" srcset=\"https:\/\/nid.pl\/wp-content\/uploads\/2024\/09\/17_09_2024_fot_Magda_Starowieyska-75-980x653.jpg 980w, https:\/\/nid.pl\/wp-content\/uploads\/2024\/09\/17_09_2024_fot_Magda_Starowieyska-75-480x320.jpg 480w\" sizes=\"(min-width: 0px) and (max-width: 480px) 480px, (min-width: 481px) and (max-width: 980px) 980px, (min-width: 981px) 1024px, 100vw\" \/><figcaption class=\"wp-element-caption\">Laureat w kategorii rewaloryzacji przestrzeni kulturowej i krajobrazu &#8211; Muzeum w Lewkowie &#8211; Zesp\u00f3\u0142 Pa\u0142acowo-Parkowy, fot. Magda Starowieyska<\/figcaption><\/figure>\n\n\n\n<figure class=\"wp-block-image aligncenter size-large is-resized\"><img loading=\"lazy\" decoding=\"async\" width=\"1024\" height=\"683\" src=\"https:\/\/nid.pl\/wp-content\/uploads\/2024\/09\/17_09_2024_fot_Magda_Starowieyska-82-1024x683.jpg\" alt=\"Wyr\u00f3\u017cnienie w kategorii rewaloryzacji przestrzeni kulturowej i krajobrazu - Gmina Twardog\u00f3ra, fot. Magda Starowieyska\" class=\"wp-image-22404\" style=\"width:681px;height:auto\" srcset=\"https:\/\/nid.pl\/wp-content\/uploads\/2024\/09\/17_09_2024_fot_Magda_Starowieyska-82-980x653.jpg 980w, https:\/\/nid.pl\/wp-content\/uploads\/2024\/09\/17_09_2024_fot_Magda_Starowieyska-82-480x320.jpg 480w\" sizes=\"(min-width: 0px) and (max-width: 480px) 480px, (min-width: 481px) and (max-width: 980px) 980px, (min-width: 981px) 1024px, 100vw\" \/><figcaption class=\"wp-element-caption\">Wyr\u00f3\u017cnienie w kategorii rewaloryzacji przestrzeni kulturowej i krajobrazu &#8211; Gmina Twardog\u00f3ra, fot. Magda Starowieyska<\/figcaption><\/figure>\n\n\n\n<figure class=\"wp-block-image aligncenter size-large is-resized\"><img loading=\"lazy\" decoding=\"async\" width=\"1024\" height=\"683\" src=\"https:\/\/nid.pl\/wp-content\/uploads\/2024\/09\/17_09_2024_fot_Magda_Starowieyska-87-1024x683.jpg\" alt=\"Wyr\u00f3\u017cnienie w kategorii rewaloryzacji przestrzeni kulturowej i krajobrazu - Muzeum Ma\u0142opolski Zachodniej w Wygie\u0142zowie, fot. Magda Starowieyska\" class=\"wp-image-22421\" style=\"width:681px;height:auto\" srcset=\"https:\/\/nid.pl\/wp-content\/uploads\/2024\/09\/17_09_2024_fot_Magda_Starowieyska-87-980x653.jpg 980w, https:\/\/nid.pl\/wp-content\/uploads\/2024\/09\/17_09_2024_fot_Magda_Starowieyska-87-480x320.jpg 480w\" sizes=\"(min-width: 0px) and (max-width: 480px) 480px, (min-width: 481px) and (max-width: 980px) 980px, (min-width: 981px) 1024px, 100vw\" \/><figcaption class=\"wp-element-caption\">Wyr\u00f3\u017cnienie w kategorii rewaloryzacji przestrzeni kulturowej i krajobrazu &#8211; Muzeum Ma\u0142opolski Zachodniej w Wygie\u0142zowie, fot. Magda Starowieyska<\/figcaption><\/figure>\n\n\n\n<figure class=\"wp-block-image aligncenter size-large is-resized\"><img loading=\"lazy\" decoding=\"async\" width=\"1024\" height=\"683\" src=\"https:\/\/nid.pl\/wp-content\/uploads\/2024\/09\/17_09_2024_fot_Magda_Starowieyska-90-1024x683.jpg\" alt=\"Laureat w kategorii adaptacja obiekt\u00f3w zabytkowych - Euro Styl Montownia - Sp. z o.o. fot. Magda Starowieyska\" class=\"wp-image-22415\" style=\"width:673px;height:auto\" srcset=\"https:\/\/nid.pl\/wp-content\/uploads\/2024\/09\/17_09_2024_fot_Magda_Starowieyska-90-980x653.jpg 980w, https:\/\/nid.pl\/wp-content\/uploads\/2024\/09\/17_09_2024_fot_Magda_Starowieyska-90-480x320.jpg 480w\" sizes=\"(min-width: 0px) and (max-width: 480px) 480px, (min-width: 481px) and (max-width: 980px) 980px, (min-width: 981px) 1024px, 100vw\" \/><figcaption class=\"wp-element-caption\">Laureat w kategorii adaptacja obiekt\u00f3w zabytkowych &#8211; Euro Styl Montownia &#8211; Sp. z o.o. fot. Magda Starowieyska<\/figcaption><\/figure>\n\n\n\n<figure class=\"wp-block-image aligncenter size-large is-resized\"><img loading=\"lazy\" decoding=\"async\" width=\"1024\" height=\"683\" src=\"https:\/\/nid.pl\/wp-content\/uploads\/2024\/09\/17_09_2024_fot_Magda_Starowieyska-92-1024x683.jpg\" alt=\"Wyr\u00f3\u017cnienie w kategorii adaptacji obiekt\u00f3w zabytkowych - Uniwersytet WSB Merito w Poznaniu, fot. Magda Starowieyska\" class=\"wp-image-22406\" style=\"width:673px;height:auto\" srcset=\"https:\/\/nid.pl\/wp-content\/uploads\/2024\/09\/17_09_2024_fot_Magda_Starowieyska-92-980x653.jpg 980w, https:\/\/nid.pl\/wp-content\/uploads\/2024\/09\/17_09_2024_fot_Magda_Starowieyska-92-480x320.jpg 480w\" sizes=\"(min-width: 0px) and (max-width: 480px) 480px, (min-width: 481px) and (max-width: 980px) 980px, (min-width: 981px) 1024px, 100vw\" \/><figcaption class=\"wp-element-caption\">Wyr\u00f3\u017cnienie w kategorii adaptacji obiekt\u00f3w zabytkowych &#8211; Uniwersytet WSB Merito w Poznaniu, fot. Magda Starowieyska<\/figcaption><\/figure>\n\n\n\n<figure class=\"wp-block-image aligncenter size-large is-resized\"><img loading=\"lazy\" decoding=\"async\" width=\"1024\" height=\"683\" src=\"https:\/\/nid.pl\/wp-content\/uploads\/2024\/09\/17_09_2024_fot_Magda_Starowieyska-104-1024x683.jpg\" alt=\"Wyr\u00f3\u017cnienie w kategorii adaptacji obiekt\u00f3w zabytkowych - Kampinoski Park Narodowy, fot. Magda Starowieyska\" class=\"wp-image-22408\" style=\"width:675px;height:auto\" srcset=\"https:\/\/nid.pl\/wp-content\/uploads\/2024\/09\/17_09_2024_fot_Magda_Starowieyska-104-980x653.jpg 980w, https:\/\/nid.pl\/wp-content\/uploads\/2024\/09\/17_09_2024_fot_Magda_Starowieyska-104-480x320.jpg 480w\" sizes=\"(min-width: 0px) and (max-width: 480px) 480px, (min-width: 481px) and (max-width: 980px) 980px, (min-width: 981px) 1024px, 100vw\" \/><figcaption class=\"wp-element-caption\">Wyr\u00f3\u017cnienie w kategorii adaptacji obiekt\u00f3w zabytkowych &#8211; Kampinoski Park Narodowy, fot. Magda Starowieyska<\/figcaption><\/figure>\n\n\n\n<figure class=\"wp-block-image aligncenter size-large is-resized\"><img loading=\"lazy\" decoding=\"async\" width=\"1024\" height=\"683\" src=\"https:\/\/nid.pl\/wp-content\/uploads\/2024\/09\/17_09_2024_fot_Magda_Starowieyska-98-1024x683.jpg\" alt=\"Wyr\u00f3\u017cnienie w kategorii adaptacji obiekt\u00f3w zabytkowych - Gmina Olkusz, fot. Magda Starowieyska\" class=\"wp-image-22417\" style=\"width:677px;height:auto\" srcset=\"https:\/\/nid.pl\/wp-content\/uploads\/2024\/09\/17_09_2024_fot_Magda_Starowieyska-98-980x653.jpg 980w, https:\/\/nid.pl\/wp-content\/uploads\/2024\/09\/17_09_2024_fot_Magda_Starowieyska-98-480x320.jpg 480w\" sizes=\"(min-width: 0px) and (max-width: 480px) 480px, (min-width: 481px) and (max-width: 980px) 980px, (min-width: 981px) 1024px, 100vw\" \/><figcaption class=\"wp-element-caption\">Wyr\u00f3\u017cnienie w kategorii adaptacji obiekt\u00f3w zabytkowych &#8211; Gmina Olkusz, fot. Magda Starowieyska<\/figcaption><\/figure>\n\n\n\n<figure class=\"wp-block-image aligncenter size-large is-resized\"><img loading=\"lazy\" decoding=\"async\" width=\"1024\" height=\"683\" src=\"https:\/\/nid.pl\/wp-content\/uploads\/2024\/09\/17_09_2024_fot_Magda_Starowieyska-107-1024x683.jpg\" alt=\"Laureat w kategorii architektury i budownictwa drewnianego - Parafia Rzymskokatolicka Naj\u015bwi\u0119tszego Serca Pana Jezusa w Rzepinie, fot. Magda Starowieyska\" class=\"wp-image-22409\" style=\"width:675px;height:auto\" srcset=\"https:\/\/nid.pl\/wp-content\/uploads\/2024\/09\/17_09_2024_fot_Magda_Starowieyska-107-980x653.jpg 980w, https:\/\/nid.pl\/wp-content\/uploads\/2024\/09\/17_09_2024_fot_Magda_Starowieyska-107-480x320.jpg 480w\" sizes=\"(min-width: 0px) and (max-width: 480px) 480px, (min-width: 481px) and (max-width: 980px) 980px, (min-width: 981px) 1024px, 100vw\" \/><figcaption class=\"wp-element-caption\">Laureat w kategorii architektury i budownictwa drewnianego &#8211; Parafia Rzymskokatolicka Naj\u015bwi\u0119tszego Serca Pana Jezusa w Rzepinie, fot. Magda Starowieyska<\/figcaption><\/figure>\n\n\n\n<figure class=\"wp-block-image aligncenter size-large is-resized\"><img loading=\"lazy\" decoding=\"async\" width=\"1024\" height=\"683\" src=\"https:\/\/nid.pl\/wp-content\/uploads\/2024\/09\/17_09_2024_fot_Magda_Starowieyska-121-1024x683.jpg\" alt=\"Wyr\u00f3\u017cnienie w kategorii architektury i budownictwa drewnianego - Uzdrowisko Gocza\u0142kowice-Zdr\u00f3j Sp. z o.o. fot. Magda Starowieyska\" class=\"wp-image-22391\" style=\"width:673px;height:auto\" srcset=\"https:\/\/nid.pl\/wp-content\/uploads\/2024\/09\/17_09_2024_fot_Magda_Starowieyska-121-980x653.jpg 980w, https:\/\/nid.pl\/wp-content\/uploads\/2024\/09\/17_09_2024_fot_Magda_Starowieyska-121-480x320.jpg 480w\" sizes=\"(min-width: 0px) and (max-width: 480px) 480px, (min-width: 481px) and (max-width: 980px) 980px, (min-width: 981px) 1024px, 100vw\" \/><figcaption class=\"wp-element-caption\">Wyr\u00f3\u017cnienie w kategorii architektury i budownictwa drewnianego &#8211; Uzdrowisko Gocza\u0142kowice-Zdr\u00f3j Sp. z o.o. fot. Magda Starowieyska<\/figcaption><\/figure>\n\n\n\n<figure class=\"wp-block-image aligncenter size-large is-resized\"><img loading=\"lazy\" decoding=\"async\" width=\"1024\" height=\"683\" src=\"https:\/\/nid.pl\/wp-content\/uploads\/2024\/09\/17_09_2024_fot_Magda_Starowieyska-110-1024x683.jpg\" alt=\"Wyr\u00f3\u017cnienie w kategorii architektury i budownictwa drewnianego - Parafia Rzymskokatolicka \u015awi\u0119tej Anny w Jaktorowie, fot. Magda Starowieyska\" class=\"wp-image-22410\" style=\"width:673px;height:auto\" srcset=\"https:\/\/nid.pl\/wp-content\/uploads\/2024\/09\/17_09_2024_fot_Magda_Starowieyska-110-980x653.jpg 980w, https:\/\/nid.pl\/wp-content\/uploads\/2024\/09\/17_09_2024_fot_Magda_Starowieyska-110-480x320.jpg 480w\" sizes=\"(min-width: 0px) and (max-width: 480px) 480px, (min-width: 481px) and (max-width: 980px) 980px, (min-width: 981px) 1024px, 100vw\" \/><figcaption class=\"wp-element-caption\">Wyr\u00f3\u017cnienie w kategorii architektury i budownictwa drewnianego &#8211; Parafia Rzymskokatolicka \u015awi\u0119tej Anny w Jaktorowie, fot. Magda Starowieyska<\/figcaption><\/figure>\n\n\n\n<figure class=\"wp-block-image aligncenter size-large is-resized\"><img loading=\"lazy\" decoding=\"async\" width=\"1024\" height=\"683\" src=\"https:\/\/nid.pl\/wp-content\/uploads\/2024\/09\/17_09_2024_fot_Magda_Starowieyska-118-1024x683.jpg\" alt=\"Wyr\u00f3\u017cnienie w kategorii architektury i budownictwa drewnianego - Lasy Miejskie - Warszawa, fot. Magda Starowieyska\" class=\"wp-image-22419\" style=\"width:675px;height:auto\" srcset=\"https:\/\/nid.pl\/wp-content\/uploads\/2024\/09\/17_09_2024_fot_Magda_Starowieyska-118-980x653.jpg 980w, https:\/\/nid.pl\/wp-content\/uploads\/2024\/09\/17_09_2024_fot_Magda_Starowieyska-118-480x320.jpg 480w\" sizes=\"(min-width: 0px) and (max-width: 480px) 480px, (min-width: 481px) and (max-width: 980px) 980px, (min-width: 981px) 1024px, 100vw\" \/><figcaption class=\"wp-element-caption\">Wyr\u00f3\u017cnienie w kategorii architektury i budownictwa drewnianego &#8211; Lasy Miejskie &#8211; Warszawa, fot. Magda Starowieyska<\/figcaption><\/figure>\n\n\n\n<figure class=\"wp-block-image aligncenter size-large is-resized\"><img loading=\"lazy\" decoding=\"async\" width=\"1024\" height=\"683\" src=\"https:\/\/nid.pl\/wp-content\/uploads\/2024\/09\/17_09_2024_fot_Magda_Starowieyska-125-1024x683.jpg\" alt=\"laureat nagrody w kategorii zabytk\u00f3w techniki - Zabytkowa Kopalnia Ignacy w Rybniku, fot. Magda Starowieyska\" class=\"wp-image-22392\" style=\"width:683px;height:auto\" srcset=\"https:\/\/nid.pl\/wp-content\/uploads\/2024\/09\/17_09_2024_fot_Magda_Starowieyska-125-980x653.jpg 980w, https:\/\/nid.pl\/wp-content\/uploads\/2024\/09\/17_09_2024_fot_Magda_Starowieyska-125-480x320.jpg 480w\" sizes=\"(min-width: 0px) and (max-width: 480px) 480px, (min-width: 481px) and (max-width: 980px) 980px, (min-width: 981px) 1024px, 100vw\" \/><figcaption class=\"wp-element-caption\">Laureat nagrody w kategorii zabytk\u00f3w techniki &#8211; Zabytkowa Kopalnia Ignacy w Rybniku, fot. Magda Starowieyska<\/figcaption><\/figure>\n\n\n\n<figure class=\"wp-block-image aligncenter size-large is-resized\"><img loading=\"lazy\" decoding=\"async\" width=\"1024\" height=\"683\" src=\"https:\/\/nid.pl\/wp-content\/uploads\/2024\/09\/17_09_2024_fot_Magda_Starowieyska-41-1024x683.jpg\" alt=\"laureat nagrody w kategorii specjalnej - Gminny O\u015brodek Kultury w Pszczewie, fot. Magda Starowieyska\" class=\"wp-image-22398\" style=\"width:681px;height:auto\" srcset=\"https:\/\/nid.pl\/wp-content\/uploads\/2024\/09\/17_09_2024_fot_Magda_Starowieyska-41-980x653.jpg 980w, https:\/\/nid.pl\/wp-content\/uploads\/2024\/09\/17_09_2024_fot_Magda_Starowieyska-41-480x320.jpg 480w\" sizes=\"(min-width: 0px) and (max-width: 480px) 480px, (min-width: 481px) and (max-width: 980px) 980px, (min-width: 981px) 1024px, 100vw\" \/><figcaption class=\"wp-element-caption\">Laureat nagrody w kategorii specjalnej &#8211; Gminny O\u015brodek Kultury w Pszczewie, fot. Magda Starowieyska<\/figcaption><\/figure>\n\n\n\n<figure class=\"wp-block-image aligncenter size-large is-resized\"><img loading=\"lazy\" decoding=\"async\" width=\"1024\" height=\"683\" src=\"https:\/\/nid.pl\/wp-content\/uploads\/2024\/09\/17_09_2024_fot_Magda_Starowieyska-50-1024x683.jpg\" alt=\"Laureat nagrody w kategorii specjalnej - Marian Wo\u0142kowski-Wolski, fot. Magda Starowieyska\" class=\"wp-image-22399\" style=\"width:679px;height:auto\" srcset=\"https:\/\/nid.pl\/wp-content\/uploads\/2024\/09\/17_09_2024_fot_Magda_Starowieyska-50-980x653.jpg 980w, https:\/\/nid.pl\/wp-content\/uploads\/2024\/09\/17_09_2024_fot_Magda_Starowieyska-50-480x320.jpg 480w\" sizes=\"(min-width: 0px) and (max-width: 480px) 480px, (min-width: 481px) and (max-width: 980px) 980px, (min-width: 981px) 1024px, 100vw\" \/><figcaption class=\"wp-element-caption\">Laureat nagrody w kategorii specjalnej &#8211; Marian Wo\u0142kowski-Wolski, fot. Magda Starowieyska<\/figcaption><\/figure>\n\n\n\n<figure class=\"wp-block-image aligncenter size-large is-resized\"><img loading=\"lazy\" decoding=\"async\" width=\"1024\" height=\"683\" src=\"https:\/\/nid.pl\/wp-content\/uploads\/2024\/09\/IMG_1013-1024x683.jpg\" alt=\"\" class=\"wp-image-22372\" style=\"width:691px;height:auto\" srcset=\"https:\/\/nid.pl\/wp-content\/uploads\/2024\/09\/IMG_1013-980x653.jpg 980w, https:\/\/nid.pl\/wp-content\/uploads\/2024\/09\/IMG_1013-480x320.jpg 480w\" sizes=\"(min-width: 0px) and (max-width: 480px) 480px, (min-width: 481px) and (max-width: 980px) 980px, (min-width: 981px) 1024px, 100vw\" \/><figcaption class=\"wp-element-caption\">Gala wr\u0119czenia nagr\u00f3d w konkursie &#8220;Zabytek Zadbany&#8221; &#8211; laureaci tegorocznej edycji, fot. Magda Starowieyska<\/figcaption><\/figure>","protected":false},"excerpt":{"rendered":"<p>Dzi\u015b, 17 wrze\u015bnia, odby\u0142a si\u0119 uroczysta gala wr\u0119czenia nagr\u00f3d w og\u00f3lnopolskim konkursie &#8220;Zabytek Zadbany&#8221;&nbsp;instytucjom i osobom, kt\u00f3re wyr\u00f3\u017cni\u0142y si\u0119 w opiece, konserwacji czy adaptacji budynk\u00f3w zabytkowych. W wydarzeniu wzi\u0119\u0142a udzia\u0142 [&hellip;]<\/p>","protected":false},"author":15,"featured_media":22380,"comment_status":"closed","ping_status":"closed","sticky":false,"template":"","format":"standard","meta":{"_et_pb_use_builder":"off","_et_pb_old_content":"<!-- wp:paragraph -->\n<p><strong>Dzi\u015b, 17 wrze\u015bnia, odby\u0142a si\u0119 uroczysta gala wr\u0119czenia nagr\u00f3d w og\u00f3lnopolskim konkursie \"Zabytek Zadbany\"&nbsp;instytucjom i osobom, kt\u00f3re wyr\u00f3\u017cni\u0142y si\u0119 w opiece, konserwacji czy adaptacji budynk\u00f3w zabytkowych. W wydarzeniu wzi\u0119\u0142a udzia\u0142 dyrektorka NID, Marlena Happach oraz sekretarz stanu w Ministerstwie Kultury i Dziedzictwa Narodowego, Generalna Konserwator Zabytk\u00f3w, Bo\u017cena \u017belazowska.&nbsp;<\/strong>&nbsp;<\/p>\n<!-- \/wp:paragraph -->\n\n<!-- wp:paragraph -->\n<p>W konkursie \u201cZabytek Zadbany\u201d ocenie podlega poziom i zakres bada\u0144 konserwatorskich, program prac konserwatorskich, forma i poziom wykonanych prac, zachowanie integralno\u015bci i utrwalenie autentyzmu substancji zabytkowej oraz stan obiektu po dzia\u0142aniach konserwatorskich i adaptacyjnych. Nagradzani mog\u0105 by\u0107 w\u0142a\u015bciciele, posiadacze i zarz\u0105dcy obiekt\u00f3w zabytkowych wpisanych do rejestru zabytk\u00f3w nieruchomych.&nbsp;<\/p>\n<!-- \/wp:paragraph -->\n\n<!-- wp:paragraph -->\n<p>Konkurs ma d\u0142ug\u0105 histori\u0119, odbywa od 1975 r., a po raz 14 realizowany jest przez Narodowy Instytut Dziedzictwa, w imieniu Generalnego Konserwatora Zabytk\u00f3w oraz Ministra Kultury i Dziedzictwa Narodowego. Podczas poprzednich 13 edycji nagrodzono 260 obiekt\u00f3w, o kt\u00f3rych przeczyta\u0107 mo\u017cna w <a href=\"https:\/\/ksiegarnia.nid.pl\/produkt\/zabytek-zadbany-seria-wydawnicza\/\" target=\"_blank\" rel=\"noreferrer noopener\">serii wydawniczej NID \u201cZabytek Zadbany\u201d.<\/a>&nbsp;&nbsp;Nagradzane realizacje to skarbnica dobrych praktyk i do\u015bwiadcze\u0144 dla kolejnych opiekun\u00f3w zabytk\u00f3w podejmuj\u0105cych wyzwania zwi\u0105zane z remontem czy adaptacj\u0105 zabytk\u00f3w.<\/p>\n<!-- \/wp:paragraph -->\n\n<!-- wp:paragraph -->\n<p>Do tegorocznej edycji konkursu \u201cZabytek Zadbany\u201d zg\u0142oszono 78 zabytk\u00f3w, 67 z nich przesz\u0142o pierwszy etap oceny formalnej, nast\u0119pnie wy\u0142oniono z nich 8 laureat\u00f3w, a 10 zosta\u0142o wyr\u00f3\u017cnionych.&nbsp;<\/p>\n<!-- \/wp:paragraph -->\n\n<!-- wp:paragraph -->\n<p>W tym roku Jury obradowa\u0142o w sk\u0142adzie:&nbsp;&nbsp;<\/p>\n<!-- \/wp:paragraph -->\n\n<!-- wp:list -->\n<ul class=\"wp-block-list\"><!-- wp:list-item -->\n<li>prof. dr hab. in\u017c. arch. Ma\u0142gorzata Rozbicka, przewodnicz\u0105ca&nbsp;&nbsp;<\/li>\n<!-- \/wp:list-item -->\n\n<!-- wp:list-item -->\n<li>dr hab. Monika Bogdanowska, wiceprzewodnicz\u0105ca&nbsp;&nbsp;<\/li>\n<!-- \/wp:list-item -->\n\n<!-- wp:list-item -->\n<li>dr Ma\u0142gorzata Gwiazdowska&nbsp;&nbsp;<\/li>\n<!-- \/wp:list-item -->\n\n<!-- wp:list-item -->\n<li>dr Jerzy Ilkosz&nbsp;&nbsp;<\/li>\n<!-- \/wp:list-item -->\n\n<!-- wp:list-item -->\n<li>dr Maciej Prarat&nbsp;&nbsp;<\/li>\n<!-- \/wp:list-item -->\n\n<!-- wp:list-item -->\n<li>dr hab. Miron Urbaniak&nbsp;<\/li>\n<!-- \/wp:list-item --><\/ul>\n<!-- \/wp:list -->\n\n<!-- wp:paragraph -->\n<p><\/p>\n<!-- \/wp:paragraph -->\n\n<!-- wp:paragraph -->\n<p><\/p>\n<!-- \/wp:paragraph -->\n\n<!-- wp:paragraph -->\n<p><strong>Gala wr\u0119czenia nagr\u00f3d w konkursie \u201eZabytek Zadbany\u201d<\/strong>&nbsp;<\/p>\n<!-- \/wp:paragraph -->\n\n<!-- wp:paragraph -->\n<p>Uroczyste wr\u0119czenie nagr\u00f3d w konkursie \u201cZabytek Zadbany\u201d odby\u0142o si\u0119 17 wrze\u015bnia 2024 roku, podczas gali w auli Departamentu Ochrony Zabytk\u00f3w, w Ministerstwie Kultury i Dziedzictwa Narodowego.&nbsp;&nbsp;<\/p>\n<!-- \/wp:paragraph -->\n\n<!-- wp:paragraph -->\n<p>Oficjaln\u0105 cz\u0119\u015b\u0107 wydarzenia otworzy\u0142o przem\u00f3wienie sekretarz stanu w Ministerstwie Kultury i Dziedzictwa Narodowego, Generalnej Konserwator Zabytk\u00f3w, Bo\u017ceny \u017belazowskiej <\/p>\n<!-- \/wp:paragraph -->\n\n<!-- wp:quote -->\n<blockquote class=\"wp-block-quote\"><!-- wp:paragraph -->\n<p><em>\u201eCiesz\u0119 si\u0119, \u017ce b\u0119dziemy nagradza\u0107 osoby, kt\u00f3re dbaj\u0105 o zabytki, dzi\u0119kuj\u0119 za trosk\u0119 i ogromny, wieloletni wk\u0142ad pracy na rzecz naszego dziedzictwa. Mia\u0142am przyjemno\u015b\u0107 zobaczy\u0107 z jak ogromnym kunsztem konserwatorskim wyr\u00f3\u017cnione dzisiaj zabytki by\u0142y odnawiane. Dzi\u0119kuj\u0119 wszystkim, kt\u00f3rzy si\u0119 do tego przyczynili. \u017bycz\u0119 udanego \u015bwi\u0119towania, mimo sytuacji, jaka ma miejsce w naszym kraju i powodzi, kt\u00f3ra zabiera wielopokoleniowy dobytek oraz niszczy nasze zabytki.&nbsp;Jako Generalny Konserwator Zabytk\u00f3w razem z zespo\u0142em monitorujemy sytuacj\u0119 zabytk\u00f3w w Polsce i zastanawiamy si\u0119, jak pom\u00f3c s\u0142u\u017cbom konserwatorskim, samorz\u0105dom i osobom prywatnym\u201d.<\/em><\/p>\n<!-- \/wp:paragraph --><\/blockquote>\n<!-- \/wp:quote -->\n\n<!-- wp:paragraph -->\n<p>Dyrektorka NID, Marlena Happach pogratulowa\u0142a wszystkim nagrodzonym oraz podzi\u0119kowa\u0142a za wk\u0142ad pracy ekspert\u00f3w NID w prowadzeniu procedury konkursowej<\/p>\n<!-- \/wp:paragraph -->\n\n<!-- wp:quote -->\n<blockquote class=\"wp-block-quote\"><!-- wp:paragraph -->\n<p>\"<em>Mamy dzisiaj mo\u017cliwo\u015b\u0107 docenienia obiekt\u00f3w wyremontowanych, odnowionych w taki spos\u00f3b, \u017ce zachowana zosta\u0142a ich najistotniejsza warto\u015b\u0107 \u2013 substancja historyczna. Jako architektka doceniam to, jakiego kunsztu wymaga nadanie obiektowi nowych funkcji, kt\u00f3re jednocze\u015bnie t\u0105 warto\u015b\u0107 historyczn\u0105 wydobywaj\u0105. Eksperci NID weryfikuj\u0105 i opiniuj\u0105 zg\u0142oszenia konkursowe, w tym roku by\u0142o to ponad 70 obiekt\u00f3w zg\u0142oszonych, ogl\u0105daj\u0105 je od piwnic po dachy, \u017ceby wspiera\u0107 jury w ocenie. Mam nadziej\u0119, \u017ce kolejnych 50 edycji konkursu jeszcze przed nami<\/em>\".<\/p>\n<!-- \/wp:paragraph --><\/blockquote>\n<!-- \/wp:quote -->\n\n<!-- wp:paragraph -->\n<p>G\u0142os zabra\u0142a r\u00f3wnie\u017c przewodnicz\u0105ca jury konkursowego prof. dr hab. in\u017c. arch. Ma\u0142gorzata Rozbicka <\/p>\n<!-- \/wp:paragraph -->\n\n<!-- wp:quote -->\n<blockquote class=\"wp-block-quote\"><!-- wp:paragraph -->\n<p><em>\u201eJest to konkurs szczeg\u00f3lny, o wieloletniej historii i jeden z nielicznych, kt\u00f3re doceniaj\u0105 rzeteln\u0105 prac\u0119 przy r\u00f3\u017cnorodnych zabytkach. Patrz\u0105c na obiekty nagrodzone, mam nadziej\u0119, \u017ce lata po\u015bwi\u0119cone pracy przy ich konserwacji b\u0119d\u0105 procentowa\u0107 i \u017ce coraz wi\u0119cej os\u00f3b dostrze\u017ce pi\u0119kno i sens zajmowania si\u0119 te\u017c zabytkami, niekoniecznie tylko tymi najbardziej spektakularnymi. Dzi\u0119kuj\u0119 wszystkim, kt\u00f3rzy przeszli przez ten trud, dzi\u0119ki kt\u00f3remu mo\u017cemy lepiej chroni\u0107 nasze dziedzictwo\u201d<\/em>.<\/p>\n<!-- \/wp:paragraph --><\/blockquote>\n<!-- \/wp:quote -->\n\n<!-- wp:paragraph -->\n<p>Sekretarz stanu w Ministerstwie Kultury i Dziedzictwa Narodowego, Generalna Konserwator Zabytk\u00f3w Bo\u017cena \u017belazowska wr\u0119czy\u0142a laureatom i wyr\u00f3\u017cnionym dyplomy oraz tablice, kt\u00f3re mog\u0105 by\u0107 p\u00f3\u017aniej umieszczone na zabytkach. Na tablicach widnieje charakterystyczny bia\u0142o-niebieski znak zwany \u201cB\u0142\u0119kitn\u0105 Tarcz\u0105\u201d lub \u201etarcz\u0105 Zachwatowicza\u201d oraz nazwa i data edycji konkursu \u201eZabytek Zadbany\u201d. Tablice te, symbolizuj\u0105ce uznanie dla starannie przeprowadzonych prac konserwatorskich, restauratorskich czy adaptacyjnych, mo\u017cna zobaczy\u0107 na wielu obiektach w ca\u0142ej Polsce, zar\u00f3wno tych znanych, jak Muzeum Emigracji w Gdyni czy muzeum Zamek w \u0141a\u0144cucie, jak i mniej znanych, ale r\u00f3wnie cennych, jak most kolejowy w Bytowie czy dawny dworzec cesarski w Gumniskach Ma\u0142ych.&nbsp;<\/p>\n<!-- \/wp:paragraph -->\n\n<!-- wp:paragraph -->\n<p>Spotkanie by\u0142o te\u017c okazj\u0105 do wr\u0119czenia z\u0142otej odznaki \"Za opiek\u0119 nad zabytkami\", kt\u00f3r\u0105 z r\u0105k sekretarz stanu w Ministerstwie Kultury i Dziedzictwa Narodowego, Generalnej Konserwator Zabytk\u00f3w, Bo\u017ceny \u017belazowskiej otrzyma\u0142a Anna \u0141opuska, konserwatorka zabytk\u00f3w. <\/p>\n<!-- \/wp:paragraph -->\n\n<!-- wp:paragraph -->\n<p><\/p>\n<!-- \/wp:paragraph -->\n\n<!-- wp:paragraph -->\n<p><\/p>\n<!-- \/wp:paragraph -->\n\n<!-- wp:paragraph -->\n<p><strong>Laureaci i wyr\u00f3\u017cnieni w konkursie \u201cZabytek Zadbany\u201d 2024<\/strong><\/p>\n<!-- \/wp:paragraph -->\n\n<!-- wp:paragraph -->\n<p><\/p>\n<!-- \/wp:paragraph -->\n\n<!-- wp:paragraph -->\n<p><\/p>\n<!-- \/wp:paragraph -->\n\n<!-- wp:paragraph -->\n<p><strong>Kategoria utrwalenia warto\u015bci zabytkowej obiektu<\/strong>&nbsp;<\/p>\n<!-- \/wp:paragraph -->\n\n<!-- wp:paragraph -->\n<p>Dwa r\u00f3wnorz\u0119dne tytu\u0142y laureat\u00f3w przyznano:&nbsp;<\/p>\n<!-- \/wp:paragraph -->\n\n<!-- wp:list -->\n<ul class=\"wp-block-list\"><!-- wp:list-item -->\n<li><strong>Miastu Jelenia G\u00f3ra<\/strong> za kompleksowe prace konserwatorskie w zespole willi secesyjnej Maxa Erfurta w Jeleniej G\u00f3rze, wykonane na podstawie wszechstronnych bada\u0144 konserwatorskich, kt\u00f3re pozwoli\u0142y na wydobycie i zachowanie wysokich walor\u00f3w architektonicznych i artystycznych zespo\u0142u.&nbsp;<\/li>\n<!-- \/wp:list-item --><\/ul>\n<!-- \/wp:list -->\n\n<!-- wp:list -->\n<ul class=\"wp-block-list\"><!-- wp:list-item -->\n<li><strong>Miastu Nowy Dw\u00f3r Mazowiecki<\/strong> za kompleksowe prace budowlane i konserwatorskie przeprowadzone z pe\u0142nym poszanowaniem substancji zabytkowej i formy architektonicznej kasyna oficerskiego w Twierdzy Modlin oraz za staranno\u015b\u0107 i konsekwencj\u0119 w przywracaniu historycznej kompozycji jego elewacji i wystroju wn\u0119trz.&nbsp;<\/li>\n<!-- \/wp:list-item --><\/ul>\n<!-- \/wp:list -->\n\n<!-- wp:paragraph -->\n<p>Wyr\u00f3\u017cnienia w kategorii utrwalenia warto\u015bci zabytkowej obiektu przyznano:&nbsp;<\/p>\n<!-- \/wp:paragraph -->\n\n<!-- wp:list -->\n<ul class=\"wp-block-list\"><!-- wp:list-item -->\n<li><strong>Miastu \u0141\u00f3d\u017a<\/strong> za prace konserwatorskie przeprowadzone z pe\u0142nym poszanowaniem oryginalnej substancji kamienicy rezydencjonalnej Hilarego Majewskiego w \u0141odzi, w wyniku kt\u00f3rych uratowano zdekapitalizowany obiekt wraz z jego wystrojem i wyeksponowano walory artystyczne zabytku.&nbsp;<\/li>\n<!-- \/wp:list-item --><\/ul>\n<!-- \/wp:list -->\n\n<!-- wp:list -->\n<ul class=\"wp-block-list\"><!-- wp:list-item -->\n<li><strong>Zborowi w Szczecinie Ko\u015bcio\u0142a Chrze\u015bcijan Baptyst\u00f3w Rzeczypospolitej Polskiej<\/strong> za prace budowlane i konserwatorskie przeprowadzone w budynku z kaplic\u0105 baptyst\u00f3w w Szczecinie, kt\u00f3re pozwoli\u0142y na zachowanie integralno\u015bci zabytku oraz wydobycie jego walor\u00f3w artystycznych i u\u017cytkowych.&nbsp;<\/li>\n<!-- \/wp:list-item --><\/ul>\n<!-- \/wp:list -->\n\n<!-- wp:paragraph -->\n<p><\/p>\n<!-- \/wp:paragraph -->\n\n<!-- wp:paragraph -->\n<p><strong>Kategoria rewaloryzacji przestrzeni kulturowej i krajobrazu<\/strong>&nbsp;<\/p>\n<!-- \/wp:paragraph -->\n\n<!-- wp:paragraph -->\n<p>Tytu\u0142 laureata przyznano:&nbsp;<\/p>\n<!-- \/wp:paragraph -->\n\n<!-- wp:list -->\n<ul class=\"wp-block-list\"><!-- wp:list-item -->\n<li><strong>Muzeum w Lewkowie \u2013 Zespo\u0142owi Pa\u0142acowo-Parkowego<\/strong> za kompleksowe prace budowlane, konserwatorskie i rewaloryzacyjne w cennym zespole pa\u0142acowo-parkowym doby klasycyzmu w Lewkowie, kt\u00f3re przywr\u00f3ci\u0142y mu dawn\u0105 \u015bwietno\u015b\u0107 i pozwoli\u0142y na ca\u0142o\u015bciowe udost\u0119pnienie mieszka\u0144com i turystom.&nbsp;<\/li>\n<!-- \/wp:list-item --><\/ul>\n<!-- \/wp:list -->\n\n<!-- wp:paragraph -->\n<p>Wyr\u00f3\u017cnienia w kategorii rewaloryzacji przestrzeni kulturowej i krajobrazu przyznano:&nbsp;<\/p>\n<!-- \/wp:paragraph -->\n\n<!-- wp:list -->\n<ul class=\"wp-block-list\"><!-- wp:list-item -->\n<li><strong>Gminie Twardog\u00f3ra<\/strong> za przeprowadzenie prac zabezpieczaj\u0105cych i restauratorskich, dzi\u0119ki kt\u00f3rym zachowano zgodnie z zasadami konserwatorskimi oryginaln\u0105 substancj\u0119 i form\u0119 trwa\u0142ej ruiny pa\u0142acu w zespole pa\u0142acowo-parkowym w Goszczu oraz w pe\u0142ni udost\u0119pniono obiekt zwiedzaj\u0105cym&nbsp;<\/li>\n<!-- \/wp:list-item --><\/ul>\n<!-- \/wp:list -->\n\n<!-- wp:list -->\n<ul class=\"wp-block-list\"><!-- wp:list-item -->\n<li><strong>Muzeum Ma\u0142opolski Zachodniej w Wygie\u0142zowie<\/strong> za konsekwentn\u0105, etapow\u0105 realizacj\u0119 prac, dzi\u0119ki kt\u00f3rym zabezpieczono i udost\u0119pniono ruiny zamku Lipowiec w Babicach oraz utrwalono je w miejscowym krajobrazie kulturowym.&nbsp;<\/li>\n<!-- \/wp:list-item --><\/ul>\n<!-- \/wp:list -->\n\n<!-- wp:paragraph -->\n<p><strong>Kategoria adaptacji obiekt\u00f3w zabytkowych<\/strong>&nbsp;<\/p>\n<!-- \/wp:paragraph -->\n\n<!-- wp:paragraph -->\n<p>Tytu\u0142 laureata przyznano:&nbsp;<\/p>\n<!-- \/wp:paragraph -->\n\n<!-- wp:list -->\n<ul class=\"wp-block-list\"><!-- wp:list-item -->\n<li><strong>Euro Styl Montownia \u2013 Sp\u00f3\u0142ce z ograniczon\u0105 odpowiedzialno\u015bci\u0105<\/strong> za prace konserwatorskie i adaptacyjne przeprowadzone z du\u017cym szacunkiem dla oryginalnej formy architektonicznej i substancji materialnej budynku produkcyjno-magazynowego na terenie dawnej Stoczni Gda\u0144skiej, obecnie Montowni Lofts &amp; Experience, z zachowaniem w obiekcie historycznych nawarstwie\u0144 oraz licznych oryginalnych detali i urz\u0105dze\u0144.&nbsp;<\/li>\n<!-- \/wp:list-item --><\/ul>\n<!-- \/wp:list -->\n\n<!-- wp:paragraph -->\n<p>Wyr\u00f3\u017cnienia w kategorii adaptacji obiekt\u00f3w zabytkowych przyznano:&nbsp;<\/p>\n<!-- \/wp:paragraph -->\n\n<!-- wp:list -->\n<ul class=\"wp-block-list\"><!-- wp:list-item -->\n<li><strong>Kampinoskiemu Parkowi Narodowemu<\/strong> za przywr\u00f3cenie w\u0142a\u015bciwego stanu technicznego, zachowanie historycznego charakteru i formy architektonicznej zespo\u0142u drewnianej zabudowy le\u015bnicz\u00f3wki w Granicy oraz nadanie mu nowych funkcji u\u017cytkowych.&nbsp;<\/li>\n<!-- \/wp:list-item --><\/ul>\n<!-- \/wp:list -->\n\n<!-- wp:list -->\n<ul class=\"wp-block-list\"><!-- wp:list-item -->\n<li><strong>Gminie Olkusz<\/strong> za wysoki poziom wykonanych prac budowlanych i konserwatorskich oraz udan\u0105 adaptacj\u0119 do nowych funkcji budynku dawnego starostwa \u2013 wraz z piwnicami kwarta\u0142u kr\u00f3lewskiego \u2013 i gotyckich piwnic ratuszowych w Olkuszu.&nbsp;<\/li>\n<!-- \/wp:list-item --><\/ul>\n<!-- \/wp:list -->\n\n<!-- wp:list -->\n<ul class=\"wp-block-list\"><!-- wp:list-item -->\n<li><strong>Uniwersytetowi WSB Merito w Poznaniu<\/strong> za prace budowlane i konserwatorskie oraz przystosowanie historycznych budynk\u00f3w pokoszarowych przy ul. Franciszka Ratajczaka 1 i 3 w Poznaniu do nowej funkcji biurowo-dydaktycznej i wsp\u00f3\u0142czesnych wymog\u00f3w funkcjonalno-u\u017cytkowych.&nbsp;<\/li>\n<!-- \/wp:list-item --><\/ul>\n<!-- \/wp:list -->\n\n<!-- wp:paragraph -->\n<p><strong>Kategoria architektury i budownictwa drewnianego<\/strong>&nbsp;<\/p>\n<!-- \/wp:paragraph -->\n\n<!-- wp:paragraph -->\n<p>Tytu\u0142 laureata przyznano:&nbsp;<\/p>\n<!-- \/wp:paragraph -->\n\n<!-- wp:list -->\n<ul class=\"wp-block-list\"><!-- wp:list-item -->\n<li><strong>Parafii Rzymskokatolickiej Naj\u015bwi\u0119tszego Serca Pana Jezusa w Rzepinie<\/strong> za pe\u0142ne rozpoznanie badawcze, wzorcowe prace konserwatorsko-restauratorskie przeprowadzone z wykorzystaniem tradycyjnych technik budowlanych i za zachowanie autentyzmu substancji zabytkowej ko\u015bcio\u0142a filialnego Podwy\u017cszenia Krzy\u017ca \u015awi\u0119tego w Lubiechni Ma\u0142ej.&nbsp;<\/li>\n<!-- \/wp:list-item --><\/ul>\n<!-- \/wp:list -->\n\n<!-- wp:paragraph -->\n<p>Wyr\u00f3\u017cnienia w kategorii architektury i budownictwa drewnianego przyznano:&nbsp;<\/p>\n<!-- \/wp:paragraph -->\n\n<!-- wp:list -->\n<ul class=\"wp-block-list\"><!-- wp:list-item -->\n<li><strong>Uzdrowisku Gocza\u0142kowice-Zdr\u00f3j \u2013 Sp\u00f3\u0142ce z ograniczon\u0105 odpowiedzialno\u015bci\u0105 za<\/strong> uczytelnienie warto\u015bci zabytkowych, przywr\u00f3cenie pierwotnej funkcji oraz popraw\u0119 stanu technicznego i walor\u00f3w estetycznych pawilonu Starej Pijalni w Gocza\u0142kowicach-Zdroju&nbsp;<\/li>\n<!-- \/wp:list-item --><\/ul>\n<!-- \/wp:list -->\n\n<!-- wp:list -->\n<ul class=\"wp-block-list\"><!-- wp:list-item -->\n<li><strong>Lasom Miejskim \u2013 Warszawa<\/strong> za prace budowlane i konserwatorskie wykonane z zastosowaniem dawnych rozwi\u0105za\u0144 materia\u0142owych i konstrukcyjnych, z poszanowaniem pierwotnej formy, wystroju i wyposa\u017cenia wn\u0119trz le\u015bnicz\u00f3wki przy ul. Rydzowej 1 w Warszawie,&nbsp;<\/li>\n<!-- \/wp:list-item --><\/ul>\n<!-- \/wp:list -->\n\n<!-- wp:list -->\n<ul class=\"wp-block-list\"><!-- wp:list-item -->\n<li><strong>Parafii Rzymskokatolickiej \u015awi\u0119tej Anny w Jaktorowie<\/strong> za prace budowlane i konserwatorskie w ko\u015bciele parafialnym \u015awi\u0119tej Anny w Jaktorowie, w wyniku kt\u00f3rych zatrzymano procesy destrukcji nietypowej zdwojonej konstrukcji \u015bcian oraz wyeksponowano warto\u015bci estetyczne i artystyczne obiektu.&nbsp;<\/li>\n<!-- \/wp:list-item --><\/ul>\n<!-- \/wp:list -->\n\n<!-- wp:paragraph -->\n<p><strong>Kategoria zabytk\u00f3w techniki<\/strong>&nbsp;<\/p>\n<!-- \/wp:paragraph -->\n\n<!-- wp:paragraph -->\n<p>Tytu\u0142 laureata przyznano:&nbsp;<\/p>\n<!-- \/wp:paragraph -->\n\n<!-- wp:list -->\n<ul class=\"wp-block-list\"><!-- wp:list-item -->\n<li><strong>Zabytkowej Kopalni Ignacy w Rybniku<\/strong> za staranne prace budowlane i konserwatorskie, przeprowadzone z poszanowaniem historycznej substancji i formy budowlanej nadszybia i maszynowni szybu Ko\u015bciuszko oraz za zachowanie i przywr\u00f3cenie do pe\u0142nej sprawno\u015bci unikatowego wyposa\u017cenia technologicznego.&nbsp;<\/li>\n<!-- \/wp:list-item --><\/ul>\n<!-- \/wp:list -->\n\n<!-- wp:paragraph -->\n<p><strong>Kategoria specjalna w\u0142a\u015bciwego u\u017cytkowania i sta\u0142ej opieki nad zabytkiem<\/strong>&nbsp;<\/p>\n<!-- \/wp:paragraph -->\n\n<!-- wp:paragraph -->\n<p>Dwa r\u00f3wnorz\u0119dne tytu\u0142y laureat\u00f3w przyznano:&nbsp;<\/p>\n<!-- \/wp:paragraph -->\n\n<!-- wp:list -->\n<ul class=\"wp-block-list\"><!-- wp:list-item -->\n<li><strong>Marianowi Wo\u0142kowskiemu-Wolskiemu<\/strong> za pieczo\u0142owite przebadanie, rozpoznanie, konserwacj\u0119 i restauracj\u0119 lamusa dworskiego \u2013 parteru dawnego dworu wie\u017cowego w Haw\u0142owicach G\u00f3rnych, dzi\u0119ki czemu ocalono przed zniszczeniem oraz ujawniono wyj\u0105tkow\u0105 warto\u015b\u0107 historyczn\u0105 i artystyczn\u0105 obiektu, a zabytek udost\u0119pniono zwiedzaj\u0105cym&nbsp;<\/li>\n<!-- \/wp:list-item --><\/ul>\n<!-- \/wp:list -->\n\n<!-- wp:list -->\n<ul class=\"wp-block-list\"><!-- wp:list-item -->\n<li><strong>Gminnemu O\u015brodkowi Kultury w Pszczewie<\/strong> za wieloletni\u0105, systematyczn\u0105 opiek\u0119 oraz anga\u017cowanie lokalnej spo\u0142eczno\u015bci w zabezpieczenie i utrwalenie warto\u015bci Domu Szewca, zabytku wyj\u0105tkowego w krajobrazie architektonicznym Pszczewa.<\/li>\n<!-- \/wp:list-item --><\/ul>\n<!-- \/wp:list -->\n\n<!-- wp:paragraph -->\n<p>Zobacz galeri\u0119 zdj\u0119\u0107 nagrodzonych realizacji <a href=\"https:\/\/nid.pl\/2024\/06\/30\/znamy-wyniki-konkursu-zz-2024\/\" target=\"_blank\" rel=\"noreferrer noopener\">- tutaj.<\/a><\/p>\n<!-- \/wp:paragraph -->\n\n<!-- wp:paragraph -->\n<p>Wszystkim laureatom i wyr\u00f3\u017cnionym serdecznie gratulujemy! &nbsp;<\/p>\n<!-- \/wp:paragraph -->\n\n<!-- wp:paragraph -->\n<p><\/p>\n<!-- \/wp:paragraph -->\n\n<!-- wp:paragraph -->\n<p><\/p>\n<!-- \/wp:paragraph -->\n\n<!-- wp:paragraph -->\n<p><\/p>\n<!-- \/wp:paragraph -->\n\n<!-- wp:image {\"id\":22375,\"width\":\"677px\",\"height\":\"auto\",\"sizeSlug\":\"large\",\"linkDestination\":\"none\",\"align\":\"center\"} -->\n<figure class=\"wp-block-image aligncenter size-large is-resized\"><img src=\"https:\/\/nid.pl\/wp-content\/uploads\/2024\/09\/IMG_0529-1024x683.jpg\" alt=\"\" class=\"wp-image-22375\" style=\"width:677px;height:auto\"\/><figcaption class=\"wp-element-caption\">Gala wr\u0119czenia nagr\u00f3d w konkursie \"Zabytek Zadbany - przem\u00f3wienie sekretarz stanu w Ministerstwie Kultury i Dziedzictwa Narodowego, Generalnej Konserwator Zabytk\u00f3w, Bo\u017ceny \u017belazowskiej, fot. Magda Starowieyska<\/figcaption><\/figure>\n<!-- \/wp:image -->\n\n<!-- wp:paragraph -->\n<p><\/p>\n<!-- \/wp:paragraph -->\n\n<!-- wp:image {\"id\":22395,\"width\":\"671px\",\"height\":\"auto\",\"sizeSlug\":\"large\",\"linkDestination\":\"none\",\"align\":\"center\"} -->\n<figure class=\"wp-block-image aligncenter size-large is-resized\"><img src=\"https:\/\/nid.pl\/wp-content\/uploads\/2024\/09\/17_09_2024_fot_Magda_Starowieyska-21-1024x683.jpg\" alt=\"\" class=\"wp-image-22395\" style=\"width:671px;height:auto\"\/><figcaption class=\"wp-element-caption\">Gala wr\u0119czenia nagr\u00f3d w konkursie \"Zabytek Zadbany - przem\u00f3wienie sekretarz stanu w Ministerstwie Kultury i Dziedzictwa Narodowego, Generalnej Konserwator Zabytk\u00f3w, Bo\u017ceny \u017belazowskiej, fot. Magda Starowieyska<\/figcaption><\/figure>\n<!-- \/wp:image -->\n\n<!-- wp:paragraph -->\n<p><\/p>\n<!-- \/wp:paragraph -->\n\n<!-- wp:image {\"id\":22376,\"width\":\"665px\",\"height\":\"auto\",\"sizeSlug\":\"large\",\"linkDestination\":\"none\",\"align\":\"center\"} -->\n<figure class=\"wp-block-image aligncenter size-large is-resized\"><img src=\"https:\/\/nid.pl\/wp-content\/uploads\/2024\/09\/IMG_0563-1024x683.jpg\" alt=\"\" class=\"wp-image-22376\" style=\"width:665px;height:auto\"\/><figcaption class=\"wp-element-caption\">Gala wr\u0119czenia nagr\u00f3d w konkursie \"Zabytek Zadbany - przem\u00f3wienie dyrektorki NID, Marleny Happach, fot. Magda Starowieyska<\/figcaption><\/figure>\n<!-- \/wp:image -->\n\n<!-- wp:paragraph -->\n<p><\/p>\n<!-- \/wp:paragraph -->\n\n<!-- wp:image {\"id\":22377,\"width\":\"661px\",\"height\":\"auto\",\"sizeSlug\":\"large\",\"linkDestination\":\"none\",\"align\":\"center\"} -->\n<figure class=\"wp-block-image aligncenter size-large is-resized\"><img src=\"https:\/\/nid.pl\/wp-content\/uploads\/2024\/09\/IMG_0594-1024x683.jpg\" alt=\"\" class=\"wp-image-22377\" style=\"width:661px;height:auto\"\/><figcaption class=\"wp-element-caption\">Gala wr\u0119czenia nagr\u00f3d w konkursie \"Zabytek Zadbany - przem\u00f3wienie prof. dr hab. in\u017c. arch. Ma\u0142gorzaty Rozbickiej, przewodnicz\u0105cej jury konkursowego, fot. Magda Starowieyska<\/figcaption><\/figure>\n<!-- \/wp:image -->\n\n<!-- wp:paragraph -->\n<p><\/p>\n<!-- \/wp:paragraph -->\n\n<!-- wp:image {\"id\":22378,\"width\":\"661px\",\"height\":\"auto\",\"sizeSlug\":\"large\",\"linkDestination\":\"none\",\"align\":\"center\"} -->\n<figure class=\"wp-block-image aligncenter size-large is-resized\"><img src=\"https:\/\/nid.pl\/wp-content\/uploads\/2024\/09\/IMG_0697-1024x683.jpg\" alt=\"\" class=\"wp-image-22378\" style=\"width:661px;height:auto\"\/><figcaption class=\"wp-element-caption\">Gala wr\u0119czenia nagr\u00f3d w konkursie \"Zabytek Zadbany\" - prof. dr hab. in\u017c. arch. Ma\u0142gorzata Rozbicka, przewodnicz\u0105ca&nbsp;&nbsp;jury konkursowego,  Marlena Happach, dyrektorka NID, Bo\u017cena \u017belazowska, sekretarz stanu w Ministerstwie Kultury i Dziedzictwa Narodowego, Generalna Konserwator Zabytk\u00f3w, Jakub Makowski, dyrektor Departamentu Ochrony Zabytk\u00f3w w Ministerstwie Kultury i Dziedzictwa Narodowego, fot. Magda Starowieyska<\/figcaption><\/figure>\n<!-- \/wp:image -->\n\n<!-- wp:image {\"id\":22400,\"width\":\"681px\",\"height\":\"auto\",\"sizeSlug\":\"large\",\"linkDestination\":\"none\",\"align\":\"center\"} -->\n<figure class=\"wp-block-image aligncenter size-large is-resized\"><img src=\"https:\/\/nid.pl\/wp-content\/uploads\/2024\/09\/17_09_2024_fot_Magda_Starowieyska-55-1024x683.jpg\" alt=\"Laureat w kategorii utrwalenia warto\u015bci zabytkowej obiektu - Miasto Nowy Dw\u00f3r Mazowiecki, fot. Magda Starowieyska\" class=\"wp-image-22400\" style=\"width:681px;height:auto\"\/><figcaption class=\"wp-element-caption\">Laureat w kategorii utrwalenia warto\u015bci zabytkowej obiektu - Miasto Nowy Dw\u00f3r Mazowiecki, fot. Magda Starowieyska<\/figcaption><\/figure>\n<!-- \/wp:image -->\n\n<!-- wp:image {\"id\":22402,\"width\":\"691px\",\"height\":\"auto\",\"sizeSlug\":\"large\",\"linkDestination\":\"none\",\"align\":\"center\"} -->\n<figure class=\"wp-block-image aligncenter size-large is-resized\"><img src=\"https:\/\/nid.pl\/wp-content\/uploads\/2024\/09\/17_09_2024_fot_Magda_Starowieyska-67-1024x683.jpg\" alt=\"Wyr\u00f3\u017cnienie w kategorii utrwalenia warto\u015bci zabytkowej obiektu - Zb\u00f3r w Szczecinie Ko\u015bcio\u0142a Chrze\u015bcijan Baptyst\u00f3w Rzeczpospolitej Polskiej, fot. Magda Starowieyska\" class=\"wp-image-22402\" style=\"width:691px;height:auto\"\/><figcaption class=\"wp-element-caption\">Wyr\u00f3\u017cnienie w kategorii utrwalenia warto\u015bci zabytkowej obiektu - Zb\u00f3r w Szczecinie Ko\u015bcio\u0142a Chrze\u015bcijan Baptyst\u00f3w Rzeczpospolitej Polskiej, fot. Magda Starowieyska<\/figcaption><\/figure>\n<!-- \/wp:image -->\n\n<!-- wp:image {\"id\":22420,\"width\":\"701px\",\"height\":\"auto\",\"sizeSlug\":\"large\",\"linkDestination\":\"none\",\"align\":\"center\"} -->\n<figure class=\"wp-block-image aligncenter size-large is-resized\"><img src=\"https:\/\/nid.pl\/wp-content\/uploads\/2024\/09\/17_09_2024_fot_Magda_Starowieyska-61-1024x683.jpg\" alt=\"Wyr\u00f3\u017cnienie w kategorii utrwalenia warto\u015bci zabytkowej obiektu - Miasto \u0141\u00f3d\u017a, fot. Magda Starowieyska\" class=\"wp-image-22420\" style=\"width:701px;height:auto\"\/><figcaption class=\"wp-element-caption\">Wyr\u00f3\u017cnienie w kategorii utrwalenia warto\u015bci zabytkowej obiektu - Miasto \u0141\u00f3d\u017a, fot. Magda Starowieyska<\/figcaption><\/figure>\n<!-- \/wp:image -->\n\n<!-- wp:image {\"id\":22403,\"width\":\"681px\",\"height\":\"auto\",\"sizeSlug\":\"large\",\"linkDestination\":\"none\",\"align\":\"center\"} -->\n<figure class=\"wp-block-image aligncenter size-large is-resized\"><img src=\"https:\/\/nid.pl\/wp-content\/uploads\/2024\/09\/17_09_2024_fot_Magda_Starowieyska-75-1024x683.jpg\" alt=\"Laureat w kategorii rewaloryzacji przestrzeni kulturowej i krajobrazu - Muzeum w Lewkowie - Zesp\u00f3\u0142 Pa\u0142acowo-Parkowy, fot. Magda Starowieyska\" class=\"wp-image-22403\" style=\"width:681px;height:auto\"\/><figcaption class=\"wp-element-caption\">Laureat w kategorii rewaloryzacji przestrzeni kulturowej i krajobrazu - Muzeum w Lewkowie - Zesp\u00f3\u0142 Pa\u0142acowo-Parkowy, fot. Magda Starowieyska<\/figcaption><\/figure>\n<!-- \/wp:image -->\n\n<!-- wp:image {\"id\":22404,\"width\":\"681px\",\"height\":\"auto\",\"sizeSlug\":\"large\",\"linkDestination\":\"none\",\"align\":\"center\"} -->\n<figure class=\"wp-block-image aligncenter size-large is-resized\"><img src=\"https:\/\/nid.pl\/wp-content\/uploads\/2024\/09\/17_09_2024_fot_Magda_Starowieyska-82-1024x683.jpg\" alt=\"Wyr\u00f3\u017cnienie w kategorii rewaloryzacji przestrzeni kulturowej i krajobrazu - Gmina Twardog\u00f3ra, fot. Magda Starowieyska\" class=\"wp-image-22404\" style=\"width:681px;height:auto\"\/><figcaption class=\"wp-element-caption\">Wyr\u00f3\u017cnienie w kategorii rewaloryzacji przestrzeni kulturowej i krajobrazu - Gmina Twardog\u00f3ra, fot. Magda Starowieyska<\/figcaption><\/figure>\n<!-- \/wp:image -->\n\n<!-- wp:image {\"id\":22421,\"width\":\"681px\",\"height\":\"auto\",\"sizeSlug\":\"large\",\"linkDestination\":\"none\",\"align\":\"center\"} -->\n<figure class=\"wp-block-image aligncenter size-large is-resized\"><img src=\"https:\/\/nid.pl\/wp-content\/uploads\/2024\/09\/17_09_2024_fot_Magda_Starowieyska-87-1024x683.jpg\" alt=\"Wyr\u00f3\u017cnienie w kategorii rewaloryzacji przestrzeni kulturowej i krajobrazu - Muzeum Ma\u0142opolski Zachodniej w Wygie\u0142zowie, fot. Magda Starowieyska\" class=\"wp-image-22421\" style=\"width:681px;height:auto\"\/><figcaption class=\"wp-element-caption\">Wyr\u00f3\u017cnienie w kategorii rewaloryzacji przestrzeni kulturowej i krajobrazu - Muzeum Ma\u0142opolski Zachodniej w Wygie\u0142zowie, fot. Magda Starowieyska<\/figcaption><\/figure>\n<!-- \/wp:image -->\n\n<!-- wp:image {\"id\":22415,\"width\":\"673px\",\"height\":\"auto\",\"sizeSlug\":\"large\",\"linkDestination\":\"none\",\"align\":\"center\"} -->\n<figure class=\"wp-block-image aligncenter size-large is-resized\"><img src=\"https:\/\/nid.pl\/wp-content\/uploads\/2024\/09\/17_09_2024_fot_Magda_Starowieyska-90-1024x683.jpg\" alt=\"Laureat w kategorii adaptacja obiekt\u00f3w zabytkowych - Euro Styl Montownia - Sp. z o.o. fot. Magda Starowieyska\" class=\"wp-image-22415\" style=\"width:673px;height:auto\"\/><figcaption class=\"wp-element-caption\">Laureat w kategorii adaptacja obiekt\u00f3w zabytkowych - Euro Styl Montownia - Sp. z o.o. fot. Magda Starowieyska<\/figcaption><\/figure>\n<!-- \/wp:image -->\n\n<!-- wp:image {\"id\":22406,\"width\":\"673px\",\"height\":\"auto\",\"sizeSlug\":\"large\",\"linkDestination\":\"none\",\"align\":\"center\"} -->\n<figure class=\"wp-block-image aligncenter size-large is-resized\"><img src=\"https:\/\/nid.pl\/wp-content\/uploads\/2024\/09\/17_09_2024_fot_Magda_Starowieyska-92-1024x683.jpg\" alt=\"Wyr\u00f3\u017cnienie w kategorii adaptacji obiekt\u00f3w zabytkowych - Uniwersytet WSB Merito w Poznaniu, fot. Magda Starowieyska\" class=\"wp-image-22406\" style=\"width:673px;height:auto\"\/><figcaption class=\"wp-element-caption\">Wyr\u00f3\u017cnienie w kategorii adaptacji obiekt\u00f3w zabytkowych - Uniwersytet WSB Merito w Poznaniu, fot. Magda Starowieyska<\/figcaption><\/figure>\n<!-- \/wp:image -->\n\n<!-- wp:image {\"id\":22408,\"width\":\"675px\",\"height\":\"auto\",\"sizeSlug\":\"large\",\"linkDestination\":\"none\",\"align\":\"center\"} -->\n<figure class=\"wp-block-image aligncenter size-large is-resized\"><img src=\"https:\/\/nid.pl\/wp-content\/uploads\/2024\/09\/17_09_2024_fot_Magda_Starowieyska-104-1024x683.jpg\" alt=\"Wyr\u00f3\u017cnienie w kategorii adaptacji obiekt\u00f3w zabytkowych - Kampinoski Park Narodowy, fot. Magda Starowieyska\" class=\"wp-image-22408\" style=\"width:675px;height:auto\"\/><figcaption class=\"wp-element-caption\">Wyr\u00f3\u017cnienie w kategorii adaptacji obiekt\u00f3w zabytkowych - Kampinoski Park Narodowy, fot. Magda Starowieyska<\/figcaption><\/figure>\n<!-- \/wp:image -->\n\n<!-- wp:image {\"id\":22417,\"width\":\"677px\",\"height\":\"auto\",\"sizeSlug\":\"large\",\"linkDestination\":\"none\",\"align\":\"center\"} -->\n<figure class=\"wp-block-image aligncenter size-large is-resized\"><img src=\"https:\/\/nid.pl\/wp-content\/uploads\/2024\/09\/17_09_2024_fot_Magda_Starowieyska-98-1024x683.jpg\" alt=\"Wyr\u00f3\u017cnienie w kategorii adaptacji obiekt\u00f3w zabytkowych - Gmina Olkusz, fot. Magda Starowieyska\" class=\"wp-image-22417\" style=\"width:677px;height:auto\"\/><figcaption class=\"wp-element-caption\">Wyr\u00f3\u017cnienie w kategorii adaptacji obiekt\u00f3w zabytkowych - Gmina Olkusz, fot. Magda Starowieyska<\/figcaption><\/figure>\n<!-- \/wp:image -->\n\n<!-- wp:image {\"id\":22409,\"width\":\"675px\",\"height\":\"auto\",\"sizeSlug\":\"large\",\"linkDestination\":\"none\",\"align\":\"center\"} -->\n<figure class=\"wp-block-image aligncenter size-large is-resized\"><img src=\"https:\/\/nid.pl\/wp-content\/uploads\/2024\/09\/17_09_2024_fot_Magda_Starowieyska-107-1024x683.jpg\" alt=\"Laureat w kategorii architektury i budownictwa drewnianego - Parafia Rzymskokatolicka Naj\u015bwi\u0119tszego Serca Pana Jezusa w Rzepinie, fot. Magda Starowieyska\" class=\"wp-image-22409\" style=\"width:675px;height:auto\"\/><figcaption class=\"wp-element-caption\">Laureat w kategorii architektury i budownictwa drewnianego - Parafia Rzymskokatolicka Naj\u015bwi\u0119tszego Serca Pana Jezusa w Rzepinie, fot. Magda Starowieyska<\/figcaption><\/figure>\n<!-- \/wp:image -->\n\n<!-- wp:image {\"id\":22391,\"width\":\"673px\",\"height\":\"auto\",\"sizeSlug\":\"large\",\"linkDestination\":\"none\",\"align\":\"center\"} -->\n<figure class=\"wp-block-image aligncenter size-large is-resized\"><img src=\"https:\/\/nid.pl\/wp-content\/uploads\/2024\/09\/17_09_2024_fot_Magda_Starowieyska-121-1024x683.jpg\" alt=\"Wyr\u00f3\u017cnienie w kategorii architektury i budownictwa drewnianego - Uzdrowisko Gocza\u0142kowice-Zdr\u00f3j Sp. z o.o. fot. Magda Starowieyska\" class=\"wp-image-22391\" style=\"width:673px;height:auto\"\/><figcaption class=\"wp-element-caption\">Wyr\u00f3\u017cnienie w kategorii architektury i budownictwa drewnianego - Uzdrowisko Gocza\u0142kowice-Zdr\u00f3j Sp. z o.o. fot. Magda Starowieyska<\/figcaption><\/figure>\n<!-- \/wp:image -->\n\n<!-- wp:image {\"id\":22410,\"width\":\"673px\",\"height\":\"auto\",\"sizeSlug\":\"large\",\"linkDestination\":\"none\",\"align\":\"center\"} -->\n<figure class=\"wp-block-image aligncenter size-large is-resized\"><img src=\"https:\/\/nid.pl\/wp-content\/uploads\/2024\/09\/17_09_2024_fot_Magda_Starowieyska-110-1024x683.jpg\" alt=\"Wyr\u00f3\u017cnienie w kategorii architektury i budownictwa drewnianego - Parafia Rzymskokatolicka \u015awi\u0119tej Anny w Jaktorowie, fot. Magda Starowieyska\" class=\"wp-image-22410\" style=\"width:673px;height:auto\"\/><figcaption class=\"wp-element-caption\">Wyr\u00f3\u017cnienie w kategorii architektury i budownictwa drewnianego - Parafia Rzymskokatolicka \u015awi\u0119tej Anny w Jaktorowie, fot. Magda Starowieyska<\/figcaption><\/figure>\n<!-- \/wp:image -->\n\n<!-- wp:image {\"id\":22419,\"width\":\"675px\",\"height\":\"auto\",\"sizeSlug\":\"large\",\"linkDestination\":\"none\",\"align\":\"center\"} -->\n<figure class=\"wp-block-image aligncenter size-large is-resized\"><img src=\"https:\/\/nid.pl\/wp-content\/uploads\/2024\/09\/17_09_2024_fot_Magda_Starowieyska-118-1024x683.jpg\" alt=\"Wyr\u00f3\u017cnienie w kategorii architektury i budownictwa drewnianego - Lasy Miejskie - Warszawa, fot. Magda Starowieyska\" class=\"wp-image-22419\" style=\"width:675px;height:auto\"\/><figcaption class=\"wp-element-caption\">Wyr\u00f3\u017cnienie w kategorii architektury i budownictwa drewnianego - Lasy Miejskie - Warszawa, fot. Magda Starowieyska<\/figcaption><\/figure>\n<!-- \/wp:image -->\n\n<!-- wp:image {\"id\":22392,\"width\":\"683px\",\"height\":\"auto\",\"sizeSlug\":\"large\",\"linkDestination\":\"none\",\"align\":\"center\"} -->\n<figure class=\"wp-block-image aligncenter size-large is-resized\"><img src=\"https:\/\/nid.pl\/wp-content\/uploads\/2024\/09\/17_09_2024_fot_Magda_Starowieyska-125-1024x683.jpg\" alt=\"laureat nagrody w kategorii zabytk\u00f3w techniki - Zabytkowa Kopalnia Ignacy w Rybniku, fot. Magda Starowieyska\" class=\"wp-image-22392\" style=\"width:683px;height:auto\"\/><figcaption class=\"wp-element-caption\">Laureat nagrody w kategorii zabytk\u00f3w techniki - Zabytkowa Kopalnia Ignacy w Rybniku, fot. Magda Starowieyska<\/figcaption><\/figure>\n<!-- \/wp:image -->\n\n<!-- wp:image {\"id\":22398,\"width\":\"681px\",\"height\":\"auto\",\"sizeSlug\":\"large\",\"linkDestination\":\"none\",\"align\":\"center\"} -->\n<figure class=\"wp-block-image aligncenter size-large is-resized\"><img src=\"https:\/\/nid.pl\/wp-content\/uploads\/2024\/09\/17_09_2024_fot_Magda_Starowieyska-41-1024x683.jpg\" alt=\"laureat nagrody w kategorii specjalnej - Gminny O\u015brodek Kultury w Pszczewie, fot. Magda Starowieyska\" class=\"wp-image-22398\" style=\"width:681px;height:auto\"\/><figcaption class=\"wp-element-caption\">Laureat nagrody w kategorii specjalnej - Gminny O\u015brodek Kultury w Pszczewie, fot. Magda Starowieyska<\/figcaption><\/figure>\n<!-- \/wp:image -->\n\n<!-- wp:image {\"id\":22399,\"width\":\"679px\",\"height\":\"auto\",\"sizeSlug\":\"large\",\"linkDestination\":\"none\",\"align\":\"center\"} -->\n<figure class=\"wp-block-image aligncenter size-large is-resized\"><img src=\"https:\/\/nid.pl\/wp-content\/uploads\/2024\/09\/17_09_2024_fot_Magda_Starowieyska-50-1024x683.jpg\" alt=\"Laureat nagrody w kategorii specjalnej - Marian Wo\u0142kowski-Wolski, fot. Magda Starowieyska\" class=\"wp-image-22399\" style=\"width:679px;height:auto\"\/><figcaption class=\"wp-element-caption\">Laureat nagrody w kategorii specjalnej - Marian Wo\u0142kowski-Wolski, fot. Magda Starowieyska<\/figcaption><\/figure>\n<!-- \/wp:image -->\n\n<!-- wp:image {\"id\":22372,\"width\":\"691px\",\"height\":\"auto\",\"sizeSlug\":\"large\",\"linkDestination\":\"none\",\"align\":\"center\"} -->\n<figure class=\"wp-block-image aligncenter size-large is-resized\"><img src=\"https:\/\/nid.pl\/wp-content\/uploads\/2024\/09\/IMG_1013-1024x683.jpg\" alt=\"\" class=\"wp-image-22372\" style=\"width:691px;height:auto\"\/><figcaption class=\"wp-element-caption\">Gala wr\u0119czenia nagr\u00f3d w konkursie \"Zabytek Zadbany\" - laureaci tegorocznej edycji, fot. Magda Starowieyska<\/figcaption><\/figure>\n<!-- \/wp:image -->","_et_gb_content_width":"","_monsterinsights_skip_tracking":false,"_monsterinsights_sitenote_active":false,"_monsterinsights_sitenote_note":"","_monsterinsights_sitenote_category":0,"footnotes":""},"categories":[3,31],"tags":[],"class_list":["post-22363","post","type-post","status-publish","format-standard","has-post-thumbnail","hentry","category-aktualnosci","category-zabytek-zadbany"],"yoast_head":"<!-- This site is optimized with the Yoast SEO plugin v26.5 - https:\/\/yoast.com\/wordpress\/plugins\/seo\/ -->\n<title>Zabytek Zadbany 2024 - wr\u0119czono nagrody dla laureat\u00f3w i wyr\u00f3\u017cnionych\u00a0\u00a0 - NID<\/title>\n<meta name=\"robots\" content=\"index, follow, max-snippet:-1, max-image-preview:large, max-video-preview:-1\" \/>\n<link rel=\"canonical\" href=\"https:\/\/nid.pl\/en\/2024\/09\/17\/zabytek-zadbany-2024-wreczono-nagrody-dla-laureatow-i-wyroznionych\/\" \/>\n<meta property=\"og:locale\" content=\"en_GB\" \/>\n<meta property=\"og:type\" content=\"article\" \/>\n<meta property=\"og:title\" content=\"Zabytek Zadbany 2024 - wr\u0119czono nagrody dla laureat\u00f3w i wyr\u00f3\u017cnionych\u00a0\u00a0 - NID\" \/>\n<meta property=\"og:description\" content=\"Dzi\u015b, 17 wrze\u015bnia, odby\u0142a si\u0119 uroczysta gala wr\u0119czenia nagr\u00f3d w og\u00f3lnopolskim konkursie &#8220;Zabytek Zadbany&#8221;&nbsp;instytucjom i osobom, kt\u00f3re wyr\u00f3\u017cni\u0142y si\u0119 w opiece, konserwacji czy adaptacji budynk\u00f3w zabytkowych. W wydarzeniu wzi\u0119\u0142a udzia\u0142 [&hellip;]\" \/>\n<meta property=\"og:url\" content=\"https:\/\/nid.pl\/en\/2024\/09\/17\/zabytek-zadbany-2024-wreczono-nagrody-dla-laureatow-i-wyroznionych\/\" \/>\n<meta property=\"og:site_name\" content=\"NID\" \/>\n<meta property=\"article:publisher\" content=\"https:\/\/www.facebook.com\/zabytek\" \/>\n<meta property=\"article:published_time\" content=\"2024-09-17T13:59:39+00:00\" \/>\n<meta property=\"article:modified_time\" content=\"2025-01-02T13:21:34+00:00\" \/>\n<meta property=\"og:image\" content=\"https:\/\/nid.pl\/wp-content\/uploads\/2024\/09\/miniatura-gala-zabytek-zadbany.jpg\" \/>\n\t<meta property=\"og:image:width\" content=\"1857\" \/>\n\t<meta property=\"og:image:height\" content=\"1238\" \/>\n\t<meta property=\"og:image:type\" content=\"image\/jpeg\" \/>\n<meta name=\"author\" content=\"Monika Ciura\" \/>\n<meta name=\"twitter:card\" content=\"summary_large_image\" \/>\n<meta name=\"twitter:creator\" content=\"@NarIDpl\" \/>\n<meta name=\"twitter:site\" content=\"@NarIDpl\" \/>\n<meta name=\"twitter:label1\" content=\"Written by\" \/>\n\t<meta name=\"twitter:data1\" content=\"Monika Ciura\" \/>\n\t<meta name=\"twitter:label2\" content=\"Estimated reading time\" \/>\n\t<meta name=\"twitter:data2\" content=\"14 minutes\" \/>\n<script type=\"application\/ld+json\" class=\"yoast-schema-graph\">{\"@context\":\"https:\/\/schema.org\",\"@graph\":[{\"@type\":\"Article\",\"@id\":\"https:\/\/nid.pl\/2024\/09\/17\/zabytek-zadbany-2024-wreczono-nagrody-dla-laureatow-i-wyroznionych\/#article\",\"isPartOf\":{\"@id\":\"https:\/\/nid.pl\/2024\/09\/17\/zabytek-zadbany-2024-wreczono-nagrody-dla-laureatow-i-wyroznionych\/\"},\"author\":{\"name\":\"Monika Ciura\",\"@id\":\"https:\/\/nid.pl\/#\/schema\/person\/ab9abea4caecdccde4fb0d555271145f\"},\"headline\":\"Zabytek Zadbany 2024 &#8211; wr\u0119czono nagrody dla laureat\u00f3w i wyr\u00f3\u017cnionych\u00a0\u00a0\",\"datePublished\":\"2024-09-17T13:59:39+00:00\",\"dateModified\":\"2025-01-02T13:21:34+00:00\",\"mainEntityOfPage\":{\"@id\":\"https:\/\/nid.pl\/2024\/09\/17\/zabytek-zadbany-2024-wreczono-nagrody-dla-laureatow-i-wyroznionych\/\"},\"wordCount\":2151,\"publisher\":{\"@id\":\"https:\/\/nid.pl\/#organization\"},\"image\":{\"@id\":\"https:\/\/nid.pl\/2024\/09\/17\/zabytek-zadbany-2024-wreczono-nagrody-dla-laureatow-i-wyroznionych\/#primaryimage\"},\"thumbnailUrl\":\"https:\/\/nid.pl\/wp-content\/uploads\/2024\/09\/miniatura-gala-zabytek-zadbany.jpg\",\"articleSection\":[\"Aktualno\u015bci\",\"Zabytek Zadbany\"],\"inLanguage\":\"en-GB\"},{\"@type\":\"WebPage\",\"@id\":\"https:\/\/nid.pl\/2024\/09\/17\/zabytek-zadbany-2024-wreczono-nagrody-dla-laureatow-i-wyroznionych\/\",\"url\":\"https:\/\/nid.pl\/2024\/09\/17\/zabytek-zadbany-2024-wreczono-nagrody-dla-laureatow-i-wyroznionych\/\",\"name\":\"Zabytek Zadbany 2024 - wr\u0119czono nagrody dla laureat\u00f3w i wyr\u00f3\u017cnionych\u00a0\u00a0 - NID\",\"isPartOf\":{\"@id\":\"https:\/\/nid.pl\/#website\"},\"primaryImageOfPage\":{\"@id\":\"https:\/\/nid.pl\/2024\/09\/17\/zabytek-zadbany-2024-wreczono-nagrody-dla-laureatow-i-wyroznionych\/#primaryimage\"},\"image\":{\"@id\":\"https:\/\/nid.pl\/2024\/09\/17\/zabytek-zadbany-2024-wreczono-nagrody-dla-laureatow-i-wyroznionych\/#primaryimage\"},\"thumbnailUrl\":\"https:\/\/nid.pl\/wp-content\/uploads\/2024\/09\/miniatura-gala-zabytek-zadbany.jpg\",\"datePublished\":\"2024-09-17T13:59:39+00:00\",\"dateModified\":\"2025-01-02T13:21:34+00:00\",\"breadcrumb\":{\"@id\":\"https:\/\/nid.pl\/2024\/09\/17\/zabytek-zadbany-2024-wreczono-nagrody-dla-laureatow-i-wyroznionych\/#breadcrumb\"},\"inLanguage\":\"en-GB\",\"potentialAction\":[{\"@type\":\"ReadAction\",\"target\":[\"https:\/\/nid.pl\/2024\/09\/17\/zabytek-zadbany-2024-wreczono-nagrody-dla-laureatow-i-wyroznionych\/\"]}]},{\"@type\":\"ImageObject\",\"inLanguage\":\"en-GB\",\"@id\":\"https:\/\/nid.pl\/2024\/09\/17\/zabytek-zadbany-2024-wreczono-nagrody-dla-laureatow-i-wyroznionych\/#primaryimage\",\"url\":\"https:\/\/nid.pl\/wp-content\/uploads\/2024\/09\/miniatura-gala-zabytek-zadbany.jpg\",\"contentUrl\":\"https:\/\/nid.pl\/wp-content\/uploads\/2024\/09\/miniatura-gala-zabytek-zadbany.jpg\",\"width\":1857,\"height\":1238},{\"@type\":\"BreadcrumbList\",\"@id\":\"https:\/\/nid.pl\/2024\/09\/17\/zabytek-zadbany-2024-wreczono-nagrody-dla-laureatow-i-wyroznionych\/#breadcrumb\",\"itemListElement\":[{\"@type\":\"ListItem\",\"position\":1,\"name\":\"Home\",\"item\":\"https:\/\/nid.pl\/\"},{\"@type\":\"ListItem\",\"position\":2,\"name\":\"Zabytek Zadbany 2024 &#8211; wr\u0119czono nagrody dla laureat\u00f3w i wyr\u00f3\u017cnionych\u00a0\u00a0\"}]},{\"@type\":\"WebSite\",\"@id\":\"https:\/\/nid.pl\/#website\",\"url\":\"https:\/\/nid.pl\/\",\"name\":\"NID\",\"description\":\"Narodowy Instytut Dziedzictwa\",\"publisher\":{\"@id\":\"https:\/\/nid.pl\/#organization\"},\"potentialAction\":[{\"@type\":\"SearchAction\",\"target\":{\"@type\":\"EntryPoint\",\"urlTemplate\":\"https:\/\/nid.pl\/?s={search_term_string}\"},\"query-input\":{\"@type\":\"PropertyValueSpecification\",\"valueRequired\":true,\"valueName\":\"search_term_string\"}}],\"inLanguage\":\"en-GB\"},{\"@type\":\"Organization\",\"@id\":\"https:\/\/nid.pl\/#organization\",\"name\":\"Narodowy Instytut Dziedzictwa\",\"url\":\"https:\/\/nid.pl\/\",\"logo\":{\"@type\":\"ImageObject\",\"inLanguage\":\"en-GB\",\"@id\":\"https:\/\/nid.pl\/#\/schema\/logo\/image\/\",\"url\":\"https:\/\/nid.pl\/wp-content\/uploads\/2022\/10\/logoRedDark.png\",\"contentUrl\":\"https:\/\/nid.pl\/wp-content\/uploads\/2022\/10\/logoRedDark.png\",\"width\":200,\"height\":197,\"caption\":\"Narodowy Instytut Dziedzictwa\"},\"image\":{\"@id\":\"https:\/\/nid.pl\/#\/schema\/logo\/image\/\"},\"sameAs\":[\"https:\/\/www.facebook.com\/zabytek\",\"https:\/\/x.com\/NarIDpl\",\"https:\/\/www.instagram.com\/nid.pl\/?hl=pl\",\"https:\/\/www.linkedin.com\/company\/narodowy-instytut-dziedzictwa\",\"https:\/\/www.youtube.com\/channel\/UCQXuhKa2uHtmNvLRUSx40JA\"]},{\"@type\":\"Person\",\"@id\":\"https:\/\/nid.pl\/#\/schema\/person\/ab9abea4caecdccde4fb0d555271145f\",\"name\":\"Monika Ciura\",\"image\":{\"@type\":\"ImageObject\",\"inLanguage\":\"en-GB\",\"@id\":\"https:\/\/nid.pl\/#\/schema\/person\/image\/\",\"url\":\"https:\/\/nid.pl\/wp-content\/litespeed\/avatar\/bfdb15d1cc317fac4b66bdc91090ff11.jpg?ver=1776840533\",\"contentUrl\":\"https:\/\/nid.pl\/wp-content\/litespeed\/avatar\/bfdb15d1cc317fac4b66bdc91090ff11.jpg?ver=1776840533\",\"caption\":\"Monika Ciura\"},\"url\":\"https:\/\/nid.pl\/en\/author\/mciura\/\"}]}<\/script>\n<!-- \/ Yoast SEO plugin. -->","yoast_head_json":{"title":"Zabytek Zadbany 2024 - wr\u0119czono nagrody dla laureat\u00f3w i wyr\u00f3\u017cnionych\u00a0\u00a0 - NID","robots":{"index":"index","follow":"follow","max-snippet":"max-snippet:-1","max-image-preview":"max-image-preview:large","max-video-preview":"max-video-preview:-1"},"canonical":"https:\/\/nid.pl\/en\/2024\/09\/17\/zabytek-zadbany-2024-wreczono-nagrody-dla-laureatow-i-wyroznionych\/","og_locale":"en_GB","og_type":"article","og_title":"Zabytek Zadbany 2024 - wr\u0119czono nagrody dla laureat\u00f3w i wyr\u00f3\u017cnionych\u00a0\u00a0 - NID","og_description":"Dzi\u015b, 17 wrze\u015bnia, odby\u0142a si\u0119 uroczysta gala wr\u0119czenia nagr\u00f3d w og\u00f3lnopolskim konkursie &#8220;Zabytek Zadbany&#8221;&nbsp;instytucjom i osobom, kt\u00f3re wyr\u00f3\u017cni\u0142y si\u0119 w opiece, konserwacji czy adaptacji budynk\u00f3w zabytkowych. W wydarzeniu wzi\u0119\u0142a udzia\u0142 [&hellip;]","og_url":"https:\/\/nid.pl\/en\/2024\/09\/17\/zabytek-zadbany-2024-wreczono-nagrody-dla-laureatow-i-wyroznionych\/","og_site_name":"NID","article_publisher":"https:\/\/www.facebook.com\/zabytek","article_published_time":"2024-09-17T13:59:39+00:00","article_modified_time":"2025-01-02T13:21:34+00:00","og_image":[{"width":1857,"height":1238,"url":"https:\/\/nid.pl\/wp-content\/uploads\/2024\/09\/miniatura-gala-zabytek-zadbany.jpg","type":"image\/jpeg"}],"author":"Monika Ciura","twitter_card":"summary_large_image","twitter_creator":"@NarIDpl","twitter_site":"@NarIDpl","twitter_misc":{"Written by":"Monika Ciura","Estimated reading time":"14 minutes"},"schema":{"@context":"https:\/\/schema.org","@graph":[{"@type":"Article","@id":"https:\/\/nid.pl\/2024\/09\/17\/zabytek-zadbany-2024-wreczono-nagrody-dla-laureatow-i-wyroznionych\/#article","isPartOf":{"@id":"https:\/\/nid.pl\/2024\/09\/17\/zabytek-zadbany-2024-wreczono-nagrody-dla-laureatow-i-wyroznionych\/"},"author":{"name":"Monika Ciura","@id":"https:\/\/nid.pl\/#\/schema\/person\/ab9abea4caecdccde4fb0d555271145f"},"headline":"Zabytek Zadbany 2024 &#8211; wr\u0119czono nagrody dla laureat\u00f3w i wyr\u00f3\u017cnionych\u00a0\u00a0","datePublished":"2024-09-17T13:59:39+00:00","dateModified":"2025-01-02T13:21:34+00:00","mainEntityOfPage":{"@id":"https:\/\/nid.pl\/2024\/09\/17\/zabytek-zadbany-2024-wreczono-nagrody-dla-laureatow-i-wyroznionych\/"},"wordCount":2151,"publisher":{"@id":"https:\/\/nid.pl\/#organization"},"image":{"@id":"https:\/\/nid.pl\/2024\/09\/17\/zabytek-zadbany-2024-wreczono-nagrody-dla-laureatow-i-wyroznionych\/#primaryimage"},"thumbnailUrl":"https:\/\/nid.pl\/wp-content\/uploads\/2024\/09\/miniatura-gala-zabytek-zadbany.jpg","articleSection":["Aktualno\u015bci","Zabytek Zadbany"],"inLanguage":"en-GB"},{"@type":"WebPage","@id":"https:\/\/nid.pl\/2024\/09\/17\/zabytek-zadbany-2024-wreczono-nagrody-dla-laureatow-i-wyroznionych\/","url":"https:\/\/nid.pl\/2024\/09\/17\/zabytek-zadbany-2024-wreczono-nagrody-dla-laureatow-i-wyroznionych\/","name":"Zabytek Zadbany 2024 - wr\u0119czono nagrody dla laureat\u00f3w i wyr\u00f3\u017cnionych\u00a0\u00a0 - NID","isPartOf":{"@id":"https:\/\/nid.pl\/#website"},"primaryImageOfPage":{"@id":"https:\/\/nid.pl\/2024\/09\/17\/zabytek-zadbany-2024-wreczono-nagrody-dla-laureatow-i-wyroznionych\/#primaryimage"},"image":{"@id":"https:\/\/nid.pl\/2024\/09\/17\/zabytek-zadbany-2024-wreczono-nagrody-dla-laureatow-i-wyroznionych\/#primaryimage"},"thumbnailUrl":"https:\/\/nid.pl\/wp-content\/uploads\/2024\/09\/miniatura-gala-zabytek-zadbany.jpg","datePublished":"2024-09-17T13:59:39+00:00","dateModified":"2025-01-02T13:21:34+00:00","breadcrumb":{"@id":"https:\/\/nid.pl\/2024\/09\/17\/zabytek-zadbany-2024-wreczono-nagrody-dla-laureatow-i-wyroznionych\/#breadcrumb"},"inLanguage":"en-GB","potentialAction":[{"@type":"ReadAction","target":["https:\/\/nid.pl\/2024\/09\/17\/zabytek-zadbany-2024-wreczono-nagrody-dla-laureatow-i-wyroznionych\/"]}]},{"@type":"ImageObject","inLanguage":"en-GB","@id":"https:\/\/nid.pl\/2024\/09\/17\/zabytek-zadbany-2024-wreczono-nagrody-dla-laureatow-i-wyroznionych\/#primaryimage","url":"https:\/\/nid.pl\/wp-content\/uploads\/2024\/09\/miniatura-gala-zabytek-zadbany.jpg","contentUrl":"https:\/\/nid.pl\/wp-content\/uploads\/2024\/09\/miniatura-gala-zabytek-zadbany.jpg","width":1857,"height":1238},{"@type":"BreadcrumbList","@id":"https:\/\/nid.pl\/2024\/09\/17\/zabytek-zadbany-2024-wreczono-nagrody-dla-laureatow-i-wyroznionych\/#breadcrumb","itemListElement":[{"@type":"ListItem","position":1,"name":"Home","item":"https:\/\/nid.pl\/"},{"@type":"ListItem","position":2,"name":"Zabytek Zadbany 2024 &#8211; wr\u0119czono nagrody dla laureat\u00f3w i wyr\u00f3\u017cnionych\u00a0\u00a0"}]},{"@type":"WebSite","@id":"https:\/\/nid.pl\/#website","url":"https:\/\/nid.pl\/","name":"NID","description":"Narodowy Instytut Dziedzictwa","publisher":{"@id":"https:\/\/nid.pl\/#organization"},"potentialAction":[{"@type":"SearchAction","target":{"@type":"EntryPoint","urlTemplate":"https:\/\/nid.pl\/?s={search_term_string}"},"query-input":{"@type":"PropertyValueSpecification","valueRequired":true,"valueName":"search_term_string"}}],"inLanguage":"en-GB"},{"@type":"Organization","@id":"https:\/\/nid.pl\/#organization","name":"Narodowy Instytut Dziedzictwa","url":"https:\/\/nid.pl\/","logo":{"@type":"ImageObject","inLanguage":"en-GB","@id":"https:\/\/nid.pl\/#\/schema\/logo\/image\/","url":"https:\/\/nid.pl\/wp-content\/uploads\/2022\/10\/logoRedDark.png","contentUrl":"https:\/\/nid.pl\/wp-content\/uploads\/2022\/10\/logoRedDark.png","width":200,"height":197,"caption":"Narodowy Instytut Dziedzictwa"},"image":{"@id":"https:\/\/nid.pl\/#\/schema\/logo\/image\/"},"sameAs":["https:\/\/www.facebook.com\/zabytek","https:\/\/x.com\/NarIDpl","https:\/\/www.instagram.com\/nid.pl\/?hl=pl","https:\/\/www.linkedin.com\/company\/narodowy-instytut-dziedzictwa","https:\/\/www.youtube.com\/channel\/UCQXuhKa2uHtmNvLRUSx40JA"]},{"@type":"Person","@id":"https:\/\/nid.pl\/#\/schema\/person\/ab9abea4caecdccde4fb0d555271145f","name":"Monika Ciura","image":{"@type":"ImageObject","inLanguage":"en-GB","@id":"https:\/\/nid.pl\/#\/schema\/person\/image\/","url":"https:\/\/nid.pl\/wp-content\/litespeed\/avatar\/bfdb15d1cc317fac4b66bdc91090ff11.jpg?ver=1776840533","contentUrl":"https:\/\/nid.pl\/wp-content\/litespeed\/avatar\/bfdb15d1cc317fac4b66bdc91090ff11.jpg?ver=1776840533","caption":"Monika Ciura"},"url":"https:\/\/nid.pl\/en\/author\/mciura\/"}]}},"_links":{"self":[{"href":"https:\/\/nid.pl\/en\/wp-json\/wp\/v2\/posts\/22363","targetHints":{"allow":["GET"]}}],"collection":[{"href":"https:\/\/nid.pl\/en\/wp-json\/wp\/v2\/posts"}],"about":[{"href":"https:\/\/nid.pl\/en\/wp-json\/wp\/v2\/types\/post"}],"author":[{"embeddable":true,"href":"https:\/\/nid.pl\/en\/wp-json\/wp\/v2\/users\/15"}],"replies":[{"embeddable":true,"href":"https:\/\/nid.pl\/en\/wp-json\/wp\/v2\/comments?post=22363"}],"version-history":[{"count":0,"href":"https:\/\/nid.pl\/en\/wp-json\/wp\/v2\/posts\/22363\/revisions"}],"wp:featuredmedia":[{"embeddable":true,"href":"https:\/\/nid.pl\/en\/wp-json\/wp\/v2\/media\/22380"}],"wp:attachment":[{"href":"https:\/\/nid.pl\/en\/wp-json\/wp\/v2\/media?parent=22363"}],"wp:term":[{"taxonomy":"category","embeddable":true,"href":"https:\/\/nid.pl\/en\/wp-json\/wp\/v2\/categories?post=22363"},{"taxonomy":"post_tag","embeddable":true,"href":"https:\/\/nid.pl\/en\/wp-json\/wp\/v2\/tags?post=22363"}],"curies":[{"name":"wp","href":"https:\/\/api.w.org\/{rel}","templated":true}]}}