{"id":22207,"date":"2024-09-12T13:19:38","date_gmt":"2024-09-12T11:19:38","guid":{"rendered":"https:\/\/nid.pl\/?p=22207"},"modified":"2024-09-13T10:47:31","modified_gmt":"2024-09-13T08:47:31","slug":"wreczenie-nagrod-zz-2024","status":"publish","type":"post","link":"https:\/\/nid.pl\/en\/2024\/09\/12\/wreczenie-nagrod-zz-2024\/","title":{"rendered":"Zabytek Zadbany 2024"},"content":{"rendered":"<p><strong>17 wrze\u015bnia odb\u0119dzie si\u0119 uroczysta gala, podczas kt\u00f3rej zostan\u0105 wr\u0119czone nagrody w ramach og\u00f3lnopolskiego konkursu \u201eZabytek Zadbany\u201d, kt\u00f3rego zadaniem jest docenienie i wyr\u00f3\u017cnienie najlepszych przyk\u0142ad\u00f3w opieki, konserwacji oraz adaptacji zabytk\u00f3w na terenie Polski. W tegorocznej edycji oceniono 67 zabytk\u00f3w, z kt\u00f3rych 8 otrzyma\u0142o tytu\u0142 laureata, a 10 zosta\u0142o wyr\u00f3\u017cnionych.<\/strong><\/p>\n\n\n\n<p>\u201eZabytek Zadbany\u201d to og\u00f3lnopolski konkurs Ministra Kultury i Dziedzictwa Narodowego oraz Generalnego Konserwatora Zabytk\u00f3w, kt\u00f3rego procedur\u0119 organizacyjn\u0105 prowadzi Narodowy Instytut Dziedzictwa. Konkurs ma na celu promowanie i nagradzanie najlepszych praktyk w zakresie ochrony, konserwacji i adaptacji zabytk\u00f3w, podkre\u015blaj\u0105c tym samym znaczenie dba\u0142o\u015bci o narodowe dziedzictwo kulturowe.<\/p>\n\n\n\n<p><\/p>\n\n\n\n<p><strong>Nagrody przyznawane s\u0105 w siedmiu kategoriach:<\/strong><\/p>\n\n\n\n<ul class=\"wp-block-list\">\n<li>Utrwalenie warto\u015bci zabytkowej obiektu,<\/li>\n\n\n\n<li>Rewaloryzacja przestrzeni kulturowej i krajobrazu,<\/li>\n\n\n\n<li>Adaptacja obiekt\u00f3w zabytkowych,<\/li>\n\n\n\n<li>Architektura i budownictwo drewniane,<\/li>\n\n\n\n<li>Zabytki techniki,<\/li>\n\n\n\n<li>Zabytek dost\u0119pny,<\/li>\n\n\n\n<li>W\u0142a\u015bciwe u\u017cytkowanie i sta\u0142a opieka nad zabytkiem (kategoria specjalna).<\/li>\n<\/ul>\n\n\n\n<p><strong>W tegorocznej edycji jury obradowa\u0142o w sk\u0142adzie:<\/strong><\/p>\n\n\n\n<ul class=\"wp-block-list\">\n<li><strong>prof. dr hab. arch. Ma\u0142gorzata Rozbicka<\/strong>, architekt, w latach 2013-2017 dyrektor Narodowego Instytutu Dziedzictwa, wyk\u0142adowca Wydzia\u0142u Architektury Politechniki Warszawskiej, przewodnicz\u0105ca jury;<\/li>\n\n\n\n<li><strong>dr hab. szt. Monika Bogdanowska<\/strong>, prof.,&nbsp; konserwator dzie\u0142 sztuki, wyk\u0142adowca Wydzia\u0142u Architektury Politechniki Krakowskiej im. Tadeusza Ko\u015bciuszki, wiceprzewodnicz\u0105ca jury;<\/li>\n\n\n\n<li><strong>dr Ma\u0142gorzata Gwiazdowska<\/strong>, historyk sztuki, w latach 1996-2018 Miejski Konserwator Zabytk\u00f3w w Szczecinie;<\/li>\n\n\n\n<li><strong>dr Jerzy Ilkosz<\/strong>, historyk sztuki, w latach 2000-2022 dyrektor Muzeum Architektury we Wroc\u0142awiu;<\/li>\n\n\n\n<li><strong>dr Maciej Prarat<\/strong>, konserwator zabytkoznawca, wyk\u0142adowca Wydzia\u0142u Sztuk Pi\u0119knych Uniwersytetu Miko\u0142aja Kopernika w Toruniu;<\/li>\n\n\n\n<li><strong>dr hab. Miron Urbaniak, prof. UWr<\/strong>, zast\u0119pca dyrektora Instytutu Historycznego Uniwersytetu Wroc\u0142awskiego, ekspert w dziedzinie zabytk\u00f3w techniki.<\/li>\n<\/ul>\n\n\n\n<p>Tegoroczne jury oceni\u0142o zg\u0142oszone projekty pod k\u0105tem ich wk\u0142adu w ochron\u0119 dziedzictwa kulturowego oraz innowacyjno\u015bci w podej\u015bciu do konserwacji i adaptacji zabytk\u00f3w. <\/p>\n\n\n\n<p><br>Poni\u017cej przedstawiamy list\u0119 laureat\u00f3w i wyr\u00f3\u017cnionych obiekt\u00f3w.<\/p>\n\n\n\n<p><\/p>\n\n\n\n<p><strong>Kategoria utrwalenia warto\u015bci zabytkowej obiektu<\/strong><\/p>\n\n\n\n<p>Dwa r\u00f3wnorz\u0119dne tytu\u0142y laureat\u00f3w przyznano:<\/p>\n\n\n\n<ul class=\"wp-block-list\">\n<li><strong>Miastu Jelenia G\u00f3ra<\/strong> za kompleksowe prace konserwatorskie w zespole willi secesyjnej Maxa Erfurta w Jeleniej G\u00f3rze, wykonane na podstawie wszechstronnych bada\u0144 konserwatorskich, kt\u00f3re pozwoli\u0142y na wydobycie i zachowanie wysokich walor\u00f3w architektonicznych i artystycznych zespo\u0142u,<\/li>\n<\/ul>\n\n\n\n<figure class=\"wp-block-gallery has-nested-images columns-default is-cropped wp-block-gallery-1 is-layout-flex wp-block-gallery-is-layout-flex\">\n<figure data-wp-context=\"{&quot;imageId&quot;:&quot;69f71ab330564&quot;}\" data-wp-interactive=\"core\/image\" data-wp-key=\"69f71ab330564\" class=\"wp-block-image aligncenter size-large wp-lightbox-container\"><img loading=\"lazy\" decoding=\"async\" width=\"1024\" height=\"682\" data-wp-class--hide=\"state.isContentHidden\" data-wp-class--show=\"state.isContentVisible\" data-wp-init=\"callbacks.setButtonStyles\" data-wp-on--click=\"actions.showLightbox\" data-wp-on--load=\"callbacks.setButtonStyles\" data-wp-on-window--resize=\"callbacks.setButtonStyles\" data-id=\"22217\" src=\"https:\/\/nid.pl\/wp-content\/uploads\/2024\/09\/ZZ-2024-Jelenia-Gora-po-1024x682.jpg\" alt=\"\" class=\"wp-image-22217\" srcset=\"https:\/\/nid.pl\/wp-content\/uploads\/2024\/09\/ZZ-2024-Jelenia-Gora-po-980x653.jpg 980w, https:\/\/nid.pl\/wp-content\/uploads\/2024\/09\/ZZ-2024-Jelenia-Gora-po-480x320.jpg 480w\" sizes=\"(min-width: 0px) and (max-width: 480px) 480px, (min-width: 481px) and (max-width: 980px) 980px, (min-width: 981px) 1024px, 100vw\" \/><button\n\t\t\tclass=\"lightbox-trigger\"\n\t\t\ttype=\"button\"\n\t\t\taria-haspopup=\"dialog\"\n\t\t\taria-label=\"Enlarge\"\n\t\t\tdata-wp-init=\"callbacks.initTriggerButton\"\n\t\t\tdata-wp-on--click=\"actions.showLightbox\"\n\t\t\tdata-wp-style--right=\"state.imageButtonRight\"\n\t\t\tdata-wp-style--top=\"state.imageButtonTop\"\n\t\t>\n\t\t\t<svg xmlns=\"http:\/\/www.w3.org\/2000\/svg\" width=\"12\" height=\"12\" fill=\"none\" viewbox=\"0 0 12 12\">\n\t\t\t\t<path fill=\"#fff\" d=\"M2 0a2 2 0 0 0-2 2v2h1.5V2a.5.5 0 0 1 .5-.5h2V0H2Zm2 10.5H2a.5.5 0 0 1-.5-.5V8H0v2a2 2 0 0 0 2 2h2v-1.5ZM8 12v-1.5h2a.5.5 0 0 0 .5-.5V8H12v2a2 2 0 0 1-2 2H8Zm2-12a2 2 0 0 1 2 2v2h-1.5V2a.5.5 0 0 0-.5-.5H8V0h2Z\" \/>\n\t\t\t<\/svg>\n\t\t<\/button><figcaption class=\"wp-element-caption\">(obiekt po) fot. Micha\u0142 Kryla, Urz\u0105d Miasta Jeleniej G\u00f3ry<\/figcaption><\/figure>\n\n\n\n<figure data-wp-context=\"{&quot;imageId&quot;:&quot;69f71ab330a46&quot;}\" data-wp-interactive=\"core\/image\" data-wp-key=\"69f71ab330a46\" class=\"wp-block-image aligncenter size-large wp-lightbox-container\"><img loading=\"lazy\" decoding=\"async\" width=\"768\" height=\"1024\" data-wp-class--hide=\"state.isContentHidden\" data-wp-class--show=\"state.isContentVisible\" data-wp-init=\"callbacks.setButtonStyles\" data-wp-on--click=\"actions.showLightbox\" data-wp-on--load=\"callbacks.setButtonStyles\" data-wp-on-window--resize=\"callbacks.setButtonStyles\" data-id=\"22216\" src=\"https:\/\/nid.pl\/wp-content\/uploads\/2024\/09\/ZZ-2024-Jelenia-Gora-przed-768x1024.jpg\" alt=\"Zesp\u00f3\u0142 willi Maxa Erfurt\" class=\"wp-image-22216\"\/><button\n\t\t\tclass=\"lightbox-trigger\"\n\t\t\ttype=\"button\"\n\t\t\taria-haspopup=\"dialog\"\n\t\t\taria-label=\"Enlarge\"\n\t\t\tdata-wp-init=\"callbacks.initTriggerButton\"\n\t\t\tdata-wp-on--click=\"actions.showLightbox\"\n\t\t\tdata-wp-style--right=\"state.imageButtonRight\"\n\t\t\tdata-wp-style--top=\"state.imageButtonTop\"\n\t\t>\n\t\t\t<svg xmlns=\"http:\/\/www.w3.org\/2000\/svg\" width=\"12\" height=\"12\" fill=\"none\" viewbox=\"0 0 12 12\">\n\t\t\t\t<path fill=\"#fff\" d=\"M2 0a2 2 0 0 0-2 2v2h1.5V2a.5.5 0 0 1 .5-.5h2V0H2Zm2 10.5H2a.5.5 0 0 1-.5-.5V8H0v2a2 2 0 0 0 2 2h2v-1.5ZM8 12v-1.5h2a.5.5 0 0 0 .5-.5V8H12v2a2 2 0 0 1-2 2H8Zm2-12a2 2 0 0 1 2 2v2h-1.5V2a.5.5 0 0 0-.5-.5H8V0h2Z\" \/>\n\t\t\t<\/svg>\n\t\t<\/button><figcaption class=\"wp-element-caption\">(obiekt przed) fot. Piotr Roczek, NID \/ ZZ OT Wroc\u0142aw<\/figcaption><\/figure>\n<\/figure>\n\n\n\n<p><\/p>\n\n\n\n<p><\/p>\n\n\n\n<ul class=\"wp-block-list\">\n<li><strong>Miastu Nowy Dw\u00f3r Mazowiecki<\/strong> za kompleksowe prace budowlane i konserwatorskie przeprowadzone z pe\u0142nym poszanowaniem substancji zabytkowej i formy architektonicznej kasyna oficerskiego w Twierdzy Modlin oraz za staranno\u015b\u0107 i konsekwencj\u0119 w przywracaniu historycznej kompozycji jego elewacji i wystroju wn\u0119trz.<\/li>\n<\/ul>\n\n\n\n<figure class=\"wp-block-gallery has-nested-images columns-default is-cropped wp-block-gallery-2 is-layout-flex wp-block-gallery-is-layout-flex\">\n<figure data-wp-context=\"{&quot;imageId&quot;:&quot;69f71ab331d29&quot;}\" data-wp-interactive=\"core\/image\" data-wp-key=\"69f71ab331d29\" class=\"wp-block-image aligncenter size-large wp-lightbox-container\"><img loading=\"lazy\" decoding=\"async\" width=\"1024\" height=\"683\" data-wp-class--hide=\"state.isContentHidden\" data-wp-class--show=\"state.isContentVisible\" data-wp-init=\"callbacks.setButtonStyles\" data-wp-on--click=\"actions.showLightbox\" data-wp-on--load=\"callbacks.setButtonStyles\" data-wp-on-window--resize=\"callbacks.setButtonStyles\" data-id=\"22222\" src=\"https:\/\/nid.pl\/wp-content\/uploads\/2024\/09\/ZZ-2024-Modlin-po-1024x683.jpg\" alt=\"Kasyno oficerskie w Twierdzy Modlin\" class=\"wp-image-22222\" srcset=\"https:\/\/nid.pl\/wp-content\/uploads\/2024\/09\/ZZ-2024-Modlin-po-980x653.jpg 980w, https:\/\/nid.pl\/wp-content\/uploads\/2024\/09\/ZZ-2024-Modlin-po-480x320.jpg 480w\" sizes=\"(min-width: 0px) and (max-width: 480px) 480px, (min-width: 481px) and (max-width: 980px) 980px, (min-width: 981px) 1024px, 100vw\" \/><button\n\t\t\tclass=\"lightbox-trigger\"\n\t\t\ttype=\"button\"\n\t\t\taria-haspopup=\"dialog\"\n\t\t\taria-label=\"Enlarge\"\n\t\t\tdata-wp-init=\"callbacks.initTriggerButton\"\n\t\t\tdata-wp-on--click=\"actions.showLightbox\"\n\t\t\tdata-wp-style--right=\"state.imageButtonRight\"\n\t\t\tdata-wp-style--top=\"state.imageButtonTop\"\n\t\t>\n\t\t\t<svg xmlns=\"http:\/\/www.w3.org\/2000\/svg\" width=\"12\" height=\"12\" fill=\"none\" viewbox=\"0 0 12 12\">\n\t\t\t\t<path fill=\"#fff\" d=\"M2 0a2 2 0 0 0-2 2v2h1.5V2a.5.5 0 0 1 .5-.5h2V0H2Zm2 10.5H2a.5.5 0 0 1-.5-.5V8H0v2a2 2 0 0 0 2 2h2v-1.5ZM8 12v-1.5h2a.5.5 0 0 0 .5-.5V8H12v2a2 2 0 0 1-2 2H8Zm2-12a2 2 0 0 1 2 2v2h-1.5V2a.5.5 0 0 0-.5-.5H8V0h2Z\" \/>\n\t\t\t<\/svg>\n\t\t<\/button><figcaption class=\"wp-element-caption\">(obiekt po) fot. Archiwum UM Nowy Dw\u00f3r Mazowiecki<\/figcaption><\/figure>\n\n\n\n<figure data-wp-context=\"{&quot;imageId&quot;:&quot;69f71ab332130&quot;}\" data-wp-interactive=\"core\/image\" data-wp-key=\"69f71ab332130\" class=\"wp-block-image aligncenter size-large wp-lightbox-container\"><img loading=\"lazy\" decoding=\"async\" width=\"1024\" height=\"768\" data-wp-class--hide=\"state.isContentHidden\" data-wp-class--show=\"state.isContentVisible\" data-wp-init=\"callbacks.setButtonStyles\" data-wp-on--click=\"actions.showLightbox\" data-wp-on--load=\"callbacks.setButtonStyles\" data-wp-on-window--resize=\"callbacks.setButtonStyles\" data-id=\"22221\" src=\"https:\/\/nid.pl\/wp-content\/uploads\/2024\/09\/ZZ-2024-Modlin-przed-1024x768.jpg\" alt=\"Kasyno oficerskie w Twierdzy Modlin\" class=\"wp-image-22221\" srcset=\"https:\/\/nid.pl\/wp-content\/uploads\/2024\/09\/ZZ-2024-Modlin-przed-980x735.jpg 980w, https:\/\/nid.pl\/wp-content\/uploads\/2024\/09\/ZZ-2024-Modlin-przed-480x360.jpg 480w\" sizes=\"(min-width: 0px) and (max-width: 480px) 480px, (min-width: 481px) and (max-width: 980px) 980px, (min-width: 981px) 1024px, 100vw\" \/><button\n\t\t\tclass=\"lightbox-trigger\"\n\t\t\ttype=\"button\"\n\t\t\taria-haspopup=\"dialog\"\n\t\t\taria-label=\"Enlarge\"\n\t\t\tdata-wp-init=\"callbacks.initTriggerButton\"\n\t\t\tdata-wp-on--click=\"actions.showLightbox\"\n\t\t\tdata-wp-style--right=\"state.imageButtonRight\"\n\t\t\tdata-wp-style--top=\"state.imageButtonTop\"\n\t\t>\n\t\t\t<svg xmlns=\"http:\/\/www.w3.org\/2000\/svg\" width=\"12\" height=\"12\" fill=\"none\" viewbox=\"0 0 12 12\">\n\t\t\t\t<path fill=\"#fff\" d=\"M2 0a2 2 0 0 0-2 2v2h1.5V2a.5.5 0 0 1 .5-.5h2V0H2Zm2 10.5H2a.5.5 0 0 1-.5-.5V8H0v2a2 2 0 0 0 2 2h2v-1.5ZM8 12v-1.5h2a.5.5 0 0 0 .5-.5V8H12v2a2 2 0 0 1-2 2H8Zm2-12a2 2 0 0 1 2 2v2h-1.5V2a.5.5 0 0 0-.5-.5H8V0h2Z\" \/>\n\t\t\t<\/svg>\n\t\t<\/button><figcaption class=\"wp-element-caption\">(obiekt przed) fot. Archiwum UM Nowy Dw\u00f3r Mazowiecki<\/figcaption><\/figure>\n<\/figure>\n\n\n\n<p><\/p>\n\n\n\n<p><\/p>\n\n\n\n<p>Wyr\u00f3\u017cnienia w kategorii utrwalenia warto\u015bci zabytkowej obiektu przyznano:<\/p>\n\n\n\n<ul class=\"wp-block-list\">\n<li><strong>Miastu \u0141\u00f3d\u017a<\/strong> za prace konserwatorskie przeprowadzone z pe\u0142nym poszanowaniem oryginalnej substancji kamienicy rezydencjonalnej Hilarego Majewskiego w \u0141odzi, w wyniku kt\u00f3rych uratowano zdekapitalizowany obiekt wraz z jego wystrojem i wyeksponowano walory artystyczne zabytku,<\/li>\n<\/ul>\n\n\n\n<figure class=\"wp-block-gallery has-nested-images columns-default is-cropped wp-block-gallery-3 is-layout-flex wp-block-gallery-is-layout-flex\">\n<figure data-wp-context=\"{&quot;imageId&quot;:&quot;69f71ab33295c&quot;}\" data-wp-interactive=\"core\/image\" data-wp-key=\"69f71ab33295c\" class=\"wp-block-image aligncenter size-large wp-lightbox-container\"><img loading=\"lazy\" decoding=\"async\" width=\"693\" height=\"1024\" data-wp-class--hide=\"state.isContentHidden\" data-wp-class--show=\"state.isContentVisible\" data-wp-init=\"callbacks.setButtonStyles\" data-wp-on--click=\"actions.showLightbox\" data-wp-on--load=\"callbacks.setButtonStyles\" data-wp-on-window--resize=\"callbacks.setButtonStyles\" data-id=\"22228\" src=\"https:\/\/nid.pl\/wp-content\/uploads\/2024\/09\/ZZ-2024-Lodz-po-693x1024.jpg\" alt=\"Kamienica rezydencjonalna Hilarego Majewskiego w \u0141odzi\" class=\"wp-image-22228\"\/><button\n\t\t\tclass=\"lightbox-trigger\"\n\t\t\ttype=\"button\"\n\t\t\taria-haspopup=\"dialog\"\n\t\t\taria-label=\"Enlarge\"\n\t\t\tdata-wp-init=\"callbacks.initTriggerButton\"\n\t\t\tdata-wp-on--click=\"actions.showLightbox\"\n\t\t\tdata-wp-style--right=\"state.imageButtonRight\"\n\t\t\tdata-wp-style--top=\"state.imageButtonTop\"\n\t\t>\n\t\t\t<svg xmlns=\"http:\/\/www.w3.org\/2000\/svg\" width=\"12\" height=\"12\" fill=\"none\" viewbox=\"0 0 12 12\">\n\t\t\t\t<path fill=\"#fff\" d=\"M2 0a2 2 0 0 0-2 2v2h1.5V2a.5.5 0 0 1 .5-.5h2V0H2Zm2 10.5H2a.5.5 0 0 1-.5-.5V8H0v2a2 2 0 0 0 2 2h2v-1.5ZM8 12v-1.5h2a.5.5 0 0 0 .5-.5V8H12v2a2 2 0 0 1-2 2H8Zm2-12a2 2 0 0 1 2 2v2h-1.5V2a.5.5 0 0 0-.5-.5H8V0h2Z\" \/>\n\t\t\t<\/svg>\n\t\t<\/button><figcaption class=\"wp-element-caption\">(zdj\u0119cie po) fot. Archiwum WUOZ w \u0141odzi<\/figcaption><\/figure>\n\n\n\n<figure data-wp-context=\"{&quot;imageId&quot;:&quot;69f71ab332e2c&quot;}\" data-wp-interactive=\"core\/image\" data-wp-key=\"69f71ab332e2c\" class=\"wp-block-image aligncenter size-large wp-lightbox-container\"><img loading=\"lazy\" decoding=\"async\" width=\"683\" height=\"1024\" data-wp-class--hide=\"state.isContentHidden\" data-wp-class--show=\"state.isContentVisible\" data-wp-init=\"callbacks.setButtonStyles\" data-wp-on--click=\"actions.showLightbox\" data-wp-on--load=\"callbacks.setButtonStyles\" data-wp-on-window--resize=\"callbacks.setButtonStyles\" data-id=\"22225\" src=\"https:\/\/nid.pl\/wp-content\/uploads\/2024\/09\/ZZ-2024-Lodz-przed-683x1024.jpg\" alt=\"Kamienica rezydencjonalna Hilarego Majewskiego w \u0141odzi\" class=\"wp-image-22225\"\/><button\n\t\t\tclass=\"lightbox-trigger\"\n\t\t\ttype=\"button\"\n\t\t\taria-haspopup=\"dialog\"\n\t\t\taria-label=\"Enlarge\"\n\t\t\tdata-wp-init=\"callbacks.initTriggerButton\"\n\t\t\tdata-wp-on--click=\"actions.showLightbox\"\n\t\t\tdata-wp-style--right=\"state.imageButtonRight\"\n\t\t\tdata-wp-style--top=\"state.imageButtonTop\"\n\t\t>\n\t\t\t<svg xmlns=\"http:\/\/www.w3.org\/2000\/svg\" width=\"12\" height=\"12\" fill=\"none\" viewbox=\"0 0 12 12\">\n\t\t\t\t<path fill=\"#fff\" d=\"M2 0a2 2 0 0 0-2 2v2h1.5V2a.5.5 0 0 1 .5-.5h2V0H2Zm2 10.5H2a.5.5 0 0 1-.5-.5V8H0v2a2 2 0 0 0 2 2h2v-1.5ZM8 12v-1.5h2a.5.5 0 0 0 .5-.5V8H12v2a2 2 0 0 1-2 2H8Zm2-12a2 2 0 0 1 2 2v2h-1.5V2a.5.5 0 0 0-.5-.5H8V0h2Z\" \/>\n\t\t\t<\/svg>\n\t\t<\/button><figcaption class=\"wp-element-caption\">(obiekt przed) fot. Archiwum WUOZ w \u0141odzi<\/figcaption><\/figure>\n<\/figure>\n\n\n\n<p><\/p>\n\n\n\n<p><\/p>\n\n\n\n<ul class=\"wp-block-list\">\n<li><strong>Zborowi w Szczecinie Ko\u015bcio\u0142a Chrze\u015bcijan Baptyst\u00f3w Rzeczypospolitej Polskiej<\/strong> za prace budowlane i konserwatorskie przeprowadzone w budynku z kaplic\u0105 baptyst\u00f3w w Szczecinie, kt\u00f3re pozwoli\u0142y na zachowanie integralno\u015bci zabytku oraz wydobycie jego walor\u00f3w artystycznych i u\u017cytkowych.<\/li>\n<\/ul>\n\n\n\n<figure class=\"wp-block-gallery has-nested-images columns-default is-cropped wp-block-gallery-4 is-layout-flex wp-block-gallery-is-layout-flex\">\n<figure data-wp-context=\"{&quot;imageId&quot;:&quot;69f71ab3335db&quot;}\" data-wp-interactive=\"core\/image\" data-wp-key=\"69f71ab3335db\" class=\"wp-block-image aligncenter size-large wp-lightbox-container\"><img loading=\"lazy\" decoding=\"async\" width=\"1024\" height=\"680\" data-wp-class--hide=\"state.isContentHidden\" data-wp-class--show=\"state.isContentVisible\" data-wp-init=\"callbacks.setButtonStyles\" data-wp-on--click=\"actions.showLightbox\" data-wp-on--load=\"callbacks.setButtonStyles\" data-wp-on-window--resize=\"callbacks.setButtonStyles\" data-id=\"22233\" src=\"https:\/\/nid.pl\/wp-content\/uploads\/2024\/09\/ZZ-2024-Szczecin-po-1024x680.jpg\" alt=\"Budynek z kaplic\u0105 baptyst\u00f3w w Szczecinie\" class=\"wp-image-22233\" srcset=\"https:\/\/nid.pl\/wp-content\/uploads\/2024\/09\/ZZ-2024-Szczecin-po-980x651.jpg 980w, https:\/\/nid.pl\/wp-content\/uploads\/2024\/09\/ZZ-2024-Szczecin-po-480x319.jpg 480w\" sizes=\"(min-width: 0px) and (max-width: 480px) 480px, (min-width: 481px) and (max-width: 980px) 980px, (min-width: 981px) 1024px, 100vw\" \/><button\n\t\t\tclass=\"lightbox-trigger\"\n\t\t\ttype=\"button\"\n\t\t\taria-haspopup=\"dialog\"\n\t\t\taria-label=\"Enlarge\"\n\t\t\tdata-wp-init=\"callbacks.initTriggerButton\"\n\t\t\tdata-wp-on--click=\"actions.showLightbox\"\n\t\t\tdata-wp-style--right=\"state.imageButtonRight\"\n\t\t\tdata-wp-style--top=\"state.imageButtonTop\"\n\t\t>\n\t\t\t<svg xmlns=\"http:\/\/www.w3.org\/2000\/svg\" width=\"12\" height=\"12\" fill=\"none\" viewbox=\"0 0 12 12\">\n\t\t\t\t<path fill=\"#fff\" d=\"M2 0a2 2 0 0 0-2 2v2h1.5V2a.5.5 0 0 1 .5-.5h2V0H2Zm2 10.5H2a.5.5 0 0 1-.5-.5V8H0v2a2 2 0 0 0 2 2h2v-1.5ZM8 12v-1.5h2a.5.5 0 0 0 .5-.5V8H12v2a2 2 0 0 1-2 2H8Zm2-12a2 2 0 0 1 2 2v2h-1.5V2a.5.5 0 0 0-.5-.5H8V0h2Z\" \/>\n\t\t\t<\/svg>\n\t\t<\/button><figcaption class=\"wp-element-caption\">(zdj\u0119cie po) fot. Rados\u0142aw Walkiewicz, NID \/ ZZ OT Szczecin <\/figcaption><\/figure>\n\n\n\n<figure data-wp-context=\"{&quot;imageId&quot;:&quot;69f71ab333906&quot;}\" data-wp-interactive=\"core\/image\" data-wp-key=\"69f71ab333906\" class=\"wp-block-image aligncenter size-large wp-lightbox-container\"><img loading=\"lazy\" decoding=\"async\" width=\"1024\" height=\"768\" data-wp-class--hide=\"state.isContentHidden\" data-wp-class--show=\"state.isContentVisible\" data-wp-init=\"callbacks.setButtonStyles\" data-wp-on--click=\"actions.showLightbox\" data-wp-on--load=\"callbacks.setButtonStyles\" data-wp-on-window--resize=\"callbacks.setButtonStyles\" data-id=\"22231\" src=\"https:\/\/nid.pl\/wp-content\/uploads\/2024\/09\/ZZ-2024-Szczecin-przed-1024x768.jpg\" alt=\"Budynek z kaplic\u0105 baptyst\u00f3w w Szczecinie\" class=\"wp-image-22231\" srcset=\"https:\/\/nid.pl\/wp-content\/uploads\/2024\/09\/ZZ-2024-Szczecin-przed-980x735.jpg 980w, https:\/\/nid.pl\/wp-content\/uploads\/2024\/09\/ZZ-2024-Szczecin-przed-480x360.jpg 480w\" sizes=\"(min-width: 0px) and (max-width: 480px) 480px, (min-width: 481px) and (max-width: 980px) 980px, (min-width: 981px) 1024px, 100vw\" \/><button\n\t\t\tclass=\"lightbox-trigger\"\n\t\t\ttype=\"button\"\n\t\t\taria-haspopup=\"dialog\"\n\t\t\taria-label=\"Enlarge\"\n\t\t\tdata-wp-init=\"callbacks.initTriggerButton\"\n\t\t\tdata-wp-on--click=\"actions.showLightbox\"\n\t\t\tdata-wp-style--right=\"state.imageButtonRight\"\n\t\t\tdata-wp-style--top=\"state.imageButtonTop\"\n\t\t>\n\t\t\t<svg xmlns=\"http:\/\/www.w3.org\/2000\/svg\" width=\"12\" height=\"12\" fill=\"none\" viewbox=\"0 0 12 12\">\n\t\t\t\t<path fill=\"#fff\" d=\"M2 0a2 2 0 0 0-2 2v2h1.5V2a.5.5 0 0 1 .5-.5h2V0H2Zm2 10.5H2a.5.5 0 0 1-.5-.5V8H0v2a2 2 0 0 0 2 2h2v-1.5ZM8 12v-1.5h2a.5.5 0 0 0 .5-.5V8H12v2a2 2 0 0 1-2 2H8Zm2-12a2 2 0 0 1 2 2v2h-1.5V2a.5.5 0 0 0-.5-.5H8V0h2Z\" \/>\n\t\t\t<\/svg>\n\t\t<\/button><figcaption class=\"wp-element-caption\">(obiekt przed) fot. Wojciech Kokowski<\/figcaption><\/figure>\n<\/figure>\n\n\n\n<p><\/p>\n\n\n\n<p><\/p>\n\n\n\n<p><strong>Kategoria rewaloryzacji przestrzeni kulturowej i krajobrazu<\/strong><\/p>\n\n\n\n<p>Tytu\u0142 laureata przyznano:<\/p>\n\n\n\n<ul class=\"wp-block-list\">\n<li><strong>Muzeum w Lewkowie \u2013 Zespo\u0142owi Pa\u0142acowo-Parkowemu<\/strong> za kompleksowe prace budowlane, konserwatorskie i rewaloryzacyjne w cennym zespole pa\u0142acowo-parkowym doby klasycyzmu w Lewkowie, kt\u00f3re przywr\u00f3ci\u0142y mu dawn\u0105 \u015bwietno\u015b\u0107 i pozwoli\u0142y na ca\u0142o\u015bciowe udost\u0119pnienie mieszka\u0144com i turystom.<\/li>\n<\/ul>\n\n\n\n<figure class=\"wp-block-gallery has-nested-images columns-default is-cropped wp-block-gallery-5 is-layout-flex wp-block-gallery-is-layout-flex\">\n<figure data-wp-context=\"{&quot;imageId&quot;:&quot;69f71ab333ea4&quot;}\" data-wp-interactive=\"core\/image\" data-wp-key=\"69f71ab333ea4\" class=\"wp-block-image aligncenter size-large wp-lightbox-container\"><img loading=\"lazy\" decoding=\"async\" width=\"1024\" height=\"683\" data-wp-class--hide=\"state.isContentHidden\" data-wp-class--show=\"state.isContentVisible\" data-wp-init=\"callbacks.setButtonStyles\" data-wp-on--click=\"actions.showLightbox\" data-wp-on--load=\"callbacks.setButtonStyles\" data-wp-on-window--resize=\"callbacks.setButtonStyles\" data-id=\"22237\" src=\"https:\/\/nid.pl\/wp-content\/uploads\/2024\/09\/ZZ-2024-Lewkow-po-1024x683.jpg\" alt=\"Zesp\u00f3\u0142 pa\u0142acowo-parkowy w Lewkowie\" class=\"wp-image-22237\" srcset=\"https:\/\/nid.pl\/wp-content\/uploads\/2024\/09\/ZZ-2024-Lewkow-po-980x653.jpg 980w, https:\/\/nid.pl\/wp-content\/uploads\/2024\/09\/ZZ-2024-Lewkow-po-480x320.jpg 480w\" sizes=\"(min-width: 0px) and (max-width: 480px) 480px, (min-width: 481px) and (max-width: 980px) 980px, (min-width: 981px) 1024px, 100vw\" \/><button\n\t\t\tclass=\"lightbox-trigger\"\n\t\t\ttype=\"button\"\n\t\t\taria-haspopup=\"dialog\"\n\t\t\taria-label=\"Enlarge\"\n\t\t\tdata-wp-init=\"callbacks.initTriggerButton\"\n\t\t\tdata-wp-on--click=\"actions.showLightbox\"\n\t\t\tdata-wp-style--right=\"state.imageButtonRight\"\n\t\t\tdata-wp-style--top=\"state.imageButtonTop\"\n\t\t>\n\t\t\t<svg xmlns=\"http:\/\/www.w3.org\/2000\/svg\" width=\"12\" height=\"12\" fill=\"none\" viewbox=\"0 0 12 12\">\n\t\t\t\t<path fill=\"#fff\" d=\"M2 0a2 2 0 0 0-2 2v2h1.5V2a.5.5 0 0 1 .5-.5h2V0H2Zm2 10.5H2a.5.5 0 0 1-.5-.5V8H0v2a2 2 0 0 0 2 2h2v-1.5ZM8 12v-1.5h2a.5.5 0 0 0 .5-.5V8H12v2a2 2 0 0 1-2 2H8Zm2-12a2 2 0 0 1 2 2v2h-1.5V2a.5.5 0 0 0-.5-.5H8V0h2Z\" \/>\n\t\t\t<\/svg>\n\t\t<\/button><figcaption class=\"wp-element-caption\">(obiekt po) fot. Zbigniew Ka\u0144czukowski, Archiwum Muzeum w Lewkowie \u2013 Zespo\u0142u Pa\u0142acowo-Parkowego<\/figcaption><\/figure>\n\n\n\n<figure data-wp-context=\"{&quot;imageId&quot;:&quot;69f71ab33419c&quot;}\" data-wp-interactive=\"core\/image\" data-wp-key=\"69f71ab33419c\" class=\"wp-block-image aligncenter size-large wp-lightbox-container\"><img loading=\"lazy\" decoding=\"async\" width=\"1024\" height=\"681\" data-wp-class--hide=\"state.isContentHidden\" data-wp-class--show=\"state.isContentVisible\" data-wp-init=\"callbacks.setButtonStyles\" data-wp-on--click=\"actions.showLightbox\" data-wp-on--load=\"callbacks.setButtonStyles\" data-wp-on-window--resize=\"callbacks.setButtonStyles\" data-id=\"22235\" src=\"https:\/\/nid.pl\/wp-content\/uploads\/2024\/09\/ZZ-2024-Lewkow-przed-1024x681.jpg\" alt=\"Zesp\u00f3\u0142 pa\u0142acowo-parkowy w Lewkowie\" class=\"wp-image-22235\" srcset=\"https:\/\/nid.pl\/wp-content\/uploads\/2024\/09\/ZZ-2024-Lewkow-przed-980x652.jpg 980w, https:\/\/nid.pl\/wp-content\/uploads\/2024\/09\/ZZ-2024-Lewkow-przed-480x320.jpg 480w\" sizes=\"(min-width: 0px) and (max-width: 480px) 480px, (min-width: 481px) and (max-width: 980px) 980px, (min-width: 981px) 1024px, 100vw\" \/><button\n\t\t\tclass=\"lightbox-trigger\"\n\t\t\ttype=\"button\"\n\t\t\taria-haspopup=\"dialog\"\n\t\t\taria-label=\"Enlarge\"\n\t\t\tdata-wp-init=\"callbacks.initTriggerButton\"\n\t\t\tdata-wp-on--click=\"actions.showLightbox\"\n\t\t\tdata-wp-style--right=\"state.imageButtonRight\"\n\t\t\tdata-wp-style--top=\"state.imageButtonTop\"\n\t\t>\n\t\t\t<svg xmlns=\"http:\/\/www.w3.org\/2000\/svg\" width=\"12\" height=\"12\" fill=\"none\" viewbox=\"0 0 12 12\">\n\t\t\t\t<path fill=\"#fff\" d=\"M2 0a2 2 0 0 0-2 2v2h1.5V2a.5.5 0 0 1 .5-.5h2V0H2Zm2 10.5H2a.5.5 0 0 1-.5-.5V8H0v2a2 2 0 0 0 2 2h2v-1.5ZM8 12v-1.5h2a.5.5 0 0 0 .5-.5V8H12v2a2 2 0 0 1-2 2H8Zm2-12a2 2 0 0 1 2 2v2h-1.5V2a.5.5 0 0 0-.5-.5H8V0h2Z\" \/>\n\t\t\t<\/svg>\n\t\t<\/button><figcaption class=\"wp-element-caption\">(obiekt przed) fot. Zbigniew Ka\u0144czukowski, Archiwum Muzeum w Lewkowie \u2013 Zespo\u0142u Pa\u0142acowo-Parkowego<\/figcaption><\/figure>\n<\/figure>\n\n\n\n<p><\/p>\n\n\n\n<p><\/p>\n\n\n\n<p>Wyr\u00f3\u017cnienia w kategorii rewaloryzacji przestrzeni kulturowej i krajobrazu przyznano:<\/p>\n\n\n\n<ul class=\"wp-block-list\">\n<li><strong>Gminie Twardog\u00f3ra<\/strong> za przeprowadzenie prac zabezpieczaj\u0105cych i restauratorskich, dzi\u0119ki kt\u00f3rym zachowano zgodnie z zasadami konserwatorskimi oryginaln\u0105 substancj\u0119 i form\u0119 trwa\u0142ej ruiny pa\u0142acu w zespole pa\u0142acowo-parkowym w Goszczu oraz w pe\u0142ni udost\u0119pniono obiekt zwiedzaj\u0105cym,<\/li>\n<\/ul>\n\n\n\n<figure class=\"wp-block-gallery has-nested-images columns-default is-cropped wp-block-gallery-6 is-layout-flex wp-block-gallery-is-layout-flex\">\n<figure data-wp-context=\"{&quot;imageId&quot;:&quot;69f71ab3346b9&quot;}\" data-wp-interactive=\"core\/image\" data-wp-key=\"69f71ab3346b9\" class=\"wp-block-image aligncenter size-large wp-lightbox-container\"><img loading=\"lazy\" decoding=\"async\" width=\"1024\" height=\"682\" data-wp-class--hide=\"state.isContentHidden\" data-wp-class--show=\"state.isContentVisible\" data-wp-init=\"callbacks.setButtonStyles\" data-wp-on--click=\"actions.showLightbox\" data-wp-on--load=\"callbacks.setButtonStyles\" data-wp-on-window--resize=\"callbacks.setButtonStyles\" data-id=\"22241\" src=\"https:\/\/nid.pl\/wp-content\/uploads\/2024\/09\/ZZ-2024-Goszcz-po-1024x682.jpg\" alt=\"Trwa\u0142a ruina pa\u0142acu w zespole pa\u0142acowo-parkowym w Goszczu\" class=\"wp-image-22241\" srcset=\"https:\/\/nid.pl\/wp-content\/uploads\/2024\/09\/ZZ-2024-Goszcz-po-980x653.jpg 980w, https:\/\/nid.pl\/wp-content\/uploads\/2024\/09\/ZZ-2024-Goszcz-po-480x320.jpg 480w\" sizes=\"(min-width: 0px) and (max-width: 480px) 480px, (min-width: 481px) and (max-width: 980px) 980px, (min-width: 981px) 1024px, 100vw\" \/><button\n\t\t\tclass=\"lightbox-trigger\"\n\t\t\ttype=\"button\"\n\t\t\taria-haspopup=\"dialog\"\n\t\t\taria-label=\"Enlarge\"\n\t\t\tdata-wp-init=\"callbacks.initTriggerButton\"\n\t\t\tdata-wp-on--click=\"actions.showLightbox\"\n\t\t\tdata-wp-style--right=\"state.imageButtonRight\"\n\t\t\tdata-wp-style--top=\"state.imageButtonTop\"\n\t\t>\n\t\t\t<svg xmlns=\"http:\/\/www.w3.org\/2000\/svg\" width=\"12\" height=\"12\" fill=\"none\" viewbox=\"0 0 12 12\">\n\t\t\t\t<path fill=\"#fff\" d=\"M2 0a2 2 0 0 0-2 2v2h1.5V2a.5.5 0 0 1 .5-.5h2V0H2Zm2 10.5H2a.5.5 0 0 1-.5-.5V8H0v2a2 2 0 0 0 2 2h2v-1.5ZM8 12v-1.5h2a.5.5 0 0 0 .5-.5V8H12v2a2 2 0 0 1-2 2H8Zm2-12a2 2 0 0 1 2 2v2h-1.5V2a.5.5 0 0 0-.5-.5H8V0h2Z\" \/>\n\t\t\t<\/svg>\n\t\t<\/button><figcaption class=\"wp-element-caption\">(obiekt po) fot. Marcin Wrze\u015bniacki, Archiwum UMiG Twardog\u00f3ra<\/figcaption><\/figure>\n\n\n\n<figure data-wp-context=\"{&quot;imageId&quot;:&quot;69f71ab3349ea&quot;}\" data-wp-interactive=\"core\/image\" data-wp-key=\"69f71ab3349ea\" class=\"wp-block-image aligncenter size-large wp-lightbox-container\"><img loading=\"lazy\" decoding=\"async\" width=\"1024\" height=\"682\" data-wp-class--hide=\"state.isContentHidden\" data-wp-class--show=\"state.isContentVisible\" data-wp-init=\"callbacks.setButtonStyles\" data-wp-on--click=\"actions.showLightbox\" data-wp-on--load=\"callbacks.setButtonStyles\" data-wp-on-window--resize=\"callbacks.setButtonStyles\" data-id=\"22239\" src=\"https:\/\/nid.pl\/wp-content\/uploads\/2024\/09\/ZZ-2024-Goszcz-przed-1024x682.jpg\" alt=\"Trwa\u0142a ruina pa\u0142acu w zespole pa\u0142acowo-parkowym w Goszczu\" class=\"wp-image-22239\" srcset=\"https:\/\/nid.pl\/wp-content\/uploads\/2024\/09\/ZZ-2024-Goszcz-przed-980x653.jpg 980w, https:\/\/nid.pl\/wp-content\/uploads\/2024\/09\/ZZ-2024-Goszcz-przed-480x320.jpg 480w\" sizes=\"(min-width: 0px) and (max-width: 480px) 480px, (min-width: 481px) and (max-width: 980px) 980px, (min-width: 981px) 1024px, 100vw\" \/><button\n\t\t\tclass=\"lightbox-trigger\"\n\t\t\ttype=\"button\"\n\t\t\taria-haspopup=\"dialog\"\n\t\t\taria-label=\"Enlarge\"\n\t\t\tdata-wp-init=\"callbacks.initTriggerButton\"\n\t\t\tdata-wp-on--click=\"actions.showLightbox\"\n\t\t\tdata-wp-style--right=\"state.imageButtonRight\"\n\t\t\tdata-wp-style--top=\"state.imageButtonTop\"\n\t\t>\n\t\t\t<svg xmlns=\"http:\/\/www.w3.org\/2000\/svg\" width=\"12\" height=\"12\" fill=\"none\" viewbox=\"0 0 12 12\">\n\t\t\t\t<path fill=\"#fff\" d=\"M2 0a2 2 0 0 0-2 2v2h1.5V2a.5.5 0 0 1 .5-.5h2V0H2Zm2 10.5H2a.5.5 0 0 1-.5-.5V8H0v2a2 2 0 0 0 2 2h2v-1.5ZM8 12v-1.5h2a.5.5 0 0 0 .5-.5V8H12v2a2 2 0 0 1-2 2H8Zm2-12a2 2 0 0 1 2 2v2h-1.5V2a.5.5 0 0 0-.5-.5H8V0h2Z\" \/>\n\t\t\t<\/svg>\n\t\t<\/button><figcaption class=\"wp-element-caption\">(obiekt przed) fot. Marcin Wrze\u015bniacki, Archiwum UMiG Twardog\u00f3ra<\/figcaption><\/figure>\n<\/figure>\n\n\n\n<p><\/p>\n\n\n\n<p><\/p>\n\n\n\n<ul class=\"wp-block-list\">\n<li><strong>Muzeum Ma\u0142opolski Zachodniej w Wygie\u0142zowie<\/strong> za konsekwentn\u0105, etapow\u0105 realizacj\u0119 prac, dzi\u0119ki kt\u00f3rym zabezpieczono i udost\u0119pniono ruiny zamku Lipowiec w Babicach oraz utrwalono je w miejscowym krajobrazie kulturowym.<\/li>\n<\/ul>\n\n\n\n<figure class=\"wp-block-gallery has-nested-images columns-default is-cropped wp-block-gallery-7 is-layout-flex wp-block-gallery-is-layout-flex\">\n<figure data-wp-context=\"{&quot;imageId&quot;:&quot;69f71ab334ec5&quot;}\" data-wp-interactive=\"core\/image\" data-wp-key=\"69f71ab334ec5\" class=\"wp-block-image aligncenter size-large wp-lightbox-container\"><img loading=\"lazy\" decoding=\"async\" width=\"1024\" height=\"681\" data-wp-class--hide=\"state.isContentHidden\" data-wp-class--show=\"state.isContentVisible\" data-wp-init=\"callbacks.setButtonStyles\" data-wp-on--click=\"actions.showLightbox\" data-wp-on--load=\"callbacks.setButtonStyles\" data-wp-on-window--resize=\"callbacks.setButtonStyles\" data-id=\"22247\" src=\"https:\/\/nid.pl\/wp-content\/uploads\/2024\/09\/ZZ-2024-Lipowiec-po-1024x681.jpg\" alt=\"Zamek Lipowiec w Babicach\" class=\"wp-image-22247\" srcset=\"https:\/\/nid.pl\/wp-content\/uploads\/2024\/09\/ZZ-2024-Lipowiec-po-980x652.jpg 980w, https:\/\/nid.pl\/wp-content\/uploads\/2024\/09\/ZZ-2024-Lipowiec-po-480x319.jpg 480w\" sizes=\"(min-width: 0px) and (max-width: 480px) 480px, (min-width: 481px) and (max-width: 980px) 980px, (min-width: 981px) 1024px, 100vw\" \/><button\n\t\t\tclass=\"lightbox-trigger\"\n\t\t\ttype=\"button\"\n\t\t\taria-haspopup=\"dialog\"\n\t\t\taria-label=\"Enlarge\"\n\t\t\tdata-wp-init=\"callbacks.initTriggerButton\"\n\t\t\tdata-wp-on--click=\"actions.showLightbox\"\n\t\t\tdata-wp-style--right=\"state.imageButtonRight\"\n\t\t\tdata-wp-style--top=\"state.imageButtonTop\"\n\t\t>\n\t\t\t<svg xmlns=\"http:\/\/www.w3.org\/2000\/svg\" width=\"12\" height=\"12\" fill=\"none\" viewbox=\"0 0 12 12\">\n\t\t\t\t<path fill=\"#fff\" d=\"M2 0a2 2 0 0 0-2 2v2h1.5V2a.5.5 0 0 1 .5-.5h2V0H2Zm2 10.5H2a.5.5 0 0 1-.5-.5V8H0v2a2 2 0 0 0 2 2h2v-1.5ZM8 12v-1.5h2a.5.5 0 0 0 .5-.5V8H12v2a2 2 0 0 1-2 2H8Zm2-12a2 2 0 0 1 2 2v2h-1.5V2a.5.5 0 0 0-.5-.5H8V0h2Z\" \/>\n\t\t\t<\/svg>\n\t\t<\/button><figcaption class=\"wp-element-caption\">(obiekt po) fot. Micha\u0142 Wolarek, Mkropka Pracownia Fotograficzna<\/figcaption><\/figure>\n\n\n\n<figure data-wp-context=\"{&quot;imageId&quot;:&quot;69f71ab335282&quot;}\" data-wp-interactive=\"core\/image\" data-wp-key=\"69f71ab335282\" class=\"wp-block-image aligncenter size-large wp-lightbox-container\"><img loading=\"lazy\" decoding=\"async\" width=\"1024\" height=\"768\" data-wp-class--hide=\"state.isContentHidden\" data-wp-class--show=\"state.isContentVisible\" data-wp-init=\"callbacks.setButtonStyles\" data-wp-on--click=\"actions.showLightbox\" data-wp-on--load=\"callbacks.setButtonStyles\" data-wp-on-window--resize=\"callbacks.setButtonStyles\" data-id=\"22244\" src=\"https:\/\/nid.pl\/wp-content\/uploads\/2024\/09\/ZZ-2024-Lipowiec-przed-1024x768.jpg\" alt=\"Zamek Lipowiec w Babicach\" class=\"wp-image-22244\" srcset=\"https:\/\/nid.pl\/wp-content\/uploads\/2024\/09\/ZZ-2024-Lipowiec-przed-980x735.jpg 980w, https:\/\/nid.pl\/wp-content\/uploads\/2024\/09\/ZZ-2024-Lipowiec-przed-480x360.jpg 480w\" sizes=\"(min-width: 0px) and (max-width: 480px) 480px, (min-width: 481px) and (max-width: 980px) 980px, (min-width: 981px) 1024px, 100vw\" \/><button\n\t\t\tclass=\"lightbox-trigger\"\n\t\t\ttype=\"button\"\n\t\t\taria-haspopup=\"dialog\"\n\t\t\taria-label=\"Enlarge\"\n\t\t\tdata-wp-init=\"callbacks.initTriggerButton\"\n\t\t\tdata-wp-on--click=\"actions.showLightbox\"\n\t\t\tdata-wp-style--right=\"state.imageButtonRight\"\n\t\t\tdata-wp-style--top=\"state.imageButtonTop\"\n\t\t>\n\t\t\t<svg xmlns=\"http:\/\/www.w3.org\/2000\/svg\" width=\"12\" height=\"12\" fill=\"none\" viewbox=\"0 0 12 12\">\n\t\t\t\t<path fill=\"#fff\" d=\"M2 0a2 2 0 0 0-2 2v2h1.5V2a.5.5 0 0 1 .5-.5h2V0H2Zm2 10.5H2a.5.5 0 0 1-.5-.5V8H0v2a2 2 0 0 0 2 2h2v-1.5ZM8 12v-1.5h2a.5.5 0 0 0 .5-.5V8H12v2a2 2 0 0 1-2 2H8Zm2-12a2 2 0 0 1 2 2v2h-1.5V2a.5.5 0 0 0-.5-.5H8V0h2Z\" \/>\n\t\t\t<\/svg>\n\t\t<\/button><figcaption class=\"wp-element-caption\">(obiekt przed) fot. Archiwum MMZ w Wygie\u0142zowie<\/figcaption><\/figure>\n<\/figure>\n\n\n\n<p><\/p>\n\n\n\n<p><\/p>\n\n\n\n<p><strong>Kategoria adaptacji obiekt\u00f3w zabytkowych<\/strong><\/p>\n\n\n\n<p>Tytu\u0142 laureata przyznano:<\/p>\n\n\n\n<ul class=\"wp-block-list\">\n<li><strong>Euro Styl Montownia &#8211; Sp\u00f3\u0142ce z ograniczon\u0105 odpowiedzialno\u015bci\u0105<\/strong> za prace konserwatorskie i adaptacyjne przeprowadzone z szacunkiem dla oryginalnej formy architektonicznej i substancji materialnej magazynu na terenie dawnej Stoczni Gda\u0144skiej, obecnie Montowni Lofts &amp; Experience, z zachowaniem w obiekcie historycznych nawarstwie\u0144 oraz licznych oryginalnych detali i urz\u0105dze\u0144.<\/li>\n<\/ul>\n\n\n\n<figure class=\"wp-block-gallery has-nested-images columns-default is-cropped wp-block-gallery-8 is-layout-flex wp-block-gallery-is-layout-flex\">\n<figure data-wp-context=\"{&quot;imageId&quot;:&quot;69f71ab33586b&quot;}\" data-wp-interactive=\"core\/image\" data-wp-key=\"69f71ab33586b\" class=\"wp-block-image aligncenter size-large wp-lightbox-container\"><img loading=\"lazy\" decoding=\"async\" width=\"1024\" height=\"575\" data-wp-class--hide=\"state.isContentHidden\" data-wp-class--show=\"state.isContentVisible\" data-wp-init=\"callbacks.setButtonStyles\" data-wp-on--click=\"actions.showLightbox\" data-wp-on--load=\"callbacks.setButtonStyles\" data-wp-on-window--resize=\"callbacks.setButtonStyles\" data-id=\"22252\" src=\"https:\/\/nid.pl\/wp-content\/uploads\/2024\/09\/ZZ-2024-Gdansk-po-1024x575.jpg\" alt=\"Magazyn, obecnie obiekt hotelowo-konferencyjny i gastronomiczny Montownia Lofts &amp; Experience na terenie dawnej Stoczni Gda\u0144skiej\" class=\"wp-image-22252\" srcset=\"https:\/\/nid.pl\/wp-content\/uploads\/2024\/09\/ZZ-2024-Gdansk-po-980x550.jpg 980w, https:\/\/nid.pl\/wp-content\/uploads\/2024\/09\/ZZ-2024-Gdansk-po-480x270.jpg 480w\" sizes=\"(min-width: 0px) and (max-width: 480px) 480px, (min-width: 481px) and (max-width: 980px) 980px, (min-width: 981px) 1024px, 100vw\" \/><button\n\t\t\tclass=\"lightbox-trigger\"\n\t\t\ttype=\"button\"\n\t\t\taria-haspopup=\"dialog\"\n\t\t\taria-label=\"Enlarge\"\n\t\t\tdata-wp-init=\"callbacks.initTriggerButton\"\n\t\t\tdata-wp-on--click=\"actions.showLightbox\"\n\t\t\tdata-wp-style--right=\"state.imageButtonRight\"\n\t\t\tdata-wp-style--top=\"state.imageButtonTop\"\n\t\t>\n\t\t\t<svg xmlns=\"http:\/\/www.w3.org\/2000\/svg\" width=\"12\" height=\"12\" fill=\"none\" viewbox=\"0 0 12 12\">\n\t\t\t\t<path fill=\"#fff\" d=\"M2 0a2 2 0 0 0-2 2v2h1.5V2a.5.5 0 0 1 .5-.5h2V0H2Zm2 10.5H2a.5.5 0 0 1-.5-.5V8H0v2a2 2 0 0 0 2 2h2v-1.5ZM8 12v-1.5h2a.5.5 0 0 0 .5-.5V8H12v2a2 2 0 0 1-2 2H8Zm2-12a2 2 0 0 1 2 2v2h-1.5V2a.5.5 0 0 0-.5-.5H8V0h2Z\" \/>\n\t\t\t<\/svg>\n\t\t<\/button><figcaption class=\"wp-element-caption\">(obiekt po) fot. Archiwum Euro Styl S.A.<\/figcaption><\/figure>\n\n\n\n<figure data-wp-context=\"{&quot;imageId&quot;:&quot;69f71ab335c1a&quot;}\" data-wp-interactive=\"core\/image\" data-wp-key=\"69f71ab335c1a\" class=\"wp-block-image aligncenter size-large wp-lightbox-container\"><img loading=\"lazy\" decoding=\"async\" width=\"1024\" height=\"768\" data-wp-class--hide=\"state.isContentHidden\" data-wp-class--show=\"state.isContentVisible\" data-wp-init=\"callbacks.setButtonStyles\" data-wp-on--click=\"actions.showLightbox\" data-wp-on--load=\"callbacks.setButtonStyles\" data-wp-on-window--resize=\"callbacks.setButtonStyles\" data-id=\"22250\" src=\"https:\/\/nid.pl\/wp-content\/uploads\/2024\/09\/ZZ-2024-Gdansk-przed-1024x768.jpg\" alt=\"Magazyn, obecnie obiekt hotelowo-konferencyjny i gastronomiczny Montownia Lofts &amp; Experience na terenie dawnej Stoczni Gda\u0144skiej\" class=\"wp-image-22250\" srcset=\"https:\/\/nid.pl\/wp-content\/uploads\/2024\/09\/ZZ-2024-Gdansk-przed-980x735.jpg 980w, https:\/\/nid.pl\/wp-content\/uploads\/2024\/09\/ZZ-2024-Gdansk-przed-480x360.jpg 480w\" sizes=\"(min-width: 0px) and (max-width: 480px) 480px, (min-width: 481px) and (max-width: 980px) 980px, (min-width: 981px) 1024px, 100vw\" \/><button\n\t\t\tclass=\"lightbox-trigger\"\n\t\t\ttype=\"button\"\n\t\t\taria-haspopup=\"dialog\"\n\t\t\taria-label=\"Enlarge\"\n\t\t\tdata-wp-init=\"callbacks.initTriggerButton\"\n\t\t\tdata-wp-on--click=\"actions.showLightbox\"\n\t\t\tdata-wp-style--right=\"state.imageButtonRight\"\n\t\t\tdata-wp-style--top=\"state.imageButtonTop\"\n\t\t>\n\t\t\t<svg xmlns=\"http:\/\/www.w3.org\/2000\/svg\" width=\"12\" height=\"12\" fill=\"none\" viewbox=\"0 0 12 12\">\n\t\t\t\t<path fill=\"#fff\" d=\"M2 0a2 2 0 0 0-2 2v2h1.5V2a.5.5 0 0 1 .5-.5h2V0H2Zm2 10.5H2a.5.5 0 0 1-.5-.5V8H0v2a2 2 0 0 0 2 2h2v-1.5ZM8 12v-1.5h2a.5.5 0 0 0 .5-.5V8H12v2a2 2 0 0 1-2 2H8Zm2-12a2 2 0 0 1 2 2v2h-1.5V2a.5.5 0 0 0-.5-.5H8V0h2Z\" \/>\n\t\t\t<\/svg>\n\t\t<\/button><figcaption class=\"wp-element-caption\">(obiekt przed) fot. Archiwum Euro Styl S.A.<\/figcaption><\/figure>\n<\/figure>\n\n\n\n<p><\/p>\n\n\n\n<p><\/p>\n\n\n\n<p>Wyr\u00f3\u017cnienia w kategorii adaptacji obiekt\u00f3w zabytkowych przyznano:<\/p>\n\n\n\n<ul class=\"wp-block-list\">\n<li><strong>Kampinoskiemu Parkowi Narodowemu<\/strong> za przywr\u00f3cenie w\u0142a\u015bciwego stanu technicznego, zachowanie historycznego charakteru i formy architektonicznej zespo\u0142u drewnianej zabudowy le\u015bnicz\u00f3wki w Granicy oraz nadanie mu nowych funkcji u\u017cytkowych,<\/li>\n<\/ul>\n\n\n\n<figure class=\"wp-block-gallery has-nested-images columns-default is-cropped wp-block-gallery-9 is-layout-flex wp-block-gallery-is-layout-flex\">\n<figure data-wp-context=\"{&quot;imageId&quot;:&quot;69f71ab336314&quot;}\" data-wp-interactive=\"core\/image\" data-wp-key=\"69f71ab336314\" class=\"wp-block-image aligncenter size-large wp-lightbox-container\"><img loading=\"lazy\" decoding=\"async\" width=\"1024\" height=\"768\" data-wp-class--hide=\"state.isContentHidden\" data-wp-class--show=\"state.isContentVisible\" data-wp-init=\"callbacks.setButtonStyles\" data-wp-on--click=\"actions.showLightbox\" data-wp-on--load=\"callbacks.setButtonStyles\" data-wp-on-window--resize=\"callbacks.setButtonStyles\" data-id=\"22256\" src=\"https:\/\/nid.pl\/wp-content\/uploads\/2024\/09\/ZZ-2024-Granica-po-1024x768.jpg\" alt=\"Zesp\u00f3\u0142 le\u015bnicz\u00f3wki, obecnie O\u015brodek Dydaktyczno-Muzealny Kampinoskiego Parku Narodowego w Granicy\" class=\"wp-image-22256\" srcset=\"https:\/\/nid.pl\/wp-content\/uploads\/2024\/09\/ZZ-2024-Granica-po-980x735.jpg 980w, https:\/\/nid.pl\/wp-content\/uploads\/2024\/09\/ZZ-2024-Granica-po-480x360.jpg 480w\" sizes=\"(min-width: 0px) and (max-width: 480px) 480px, (min-width: 481px) and (max-width: 980px) 980px, (min-width: 981px) 1024px, 100vw\" \/><button\n\t\t\tclass=\"lightbox-trigger\"\n\t\t\ttype=\"button\"\n\t\t\taria-haspopup=\"dialog\"\n\t\t\taria-label=\"Enlarge\"\n\t\t\tdata-wp-init=\"callbacks.initTriggerButton\"\n\t\t\tdata-wp-on--click=\"actions.showLightbox\"\n\t\t\tdata-wp-style--right=\"state.imageButtonRight\"\n\t\t\tdata-wp-style--top=\"state.imageButtonTop\"\n\t\t>\n\t\t\t<svg xmlns=\"http:\/\/www.w3.org\/2000\/svg\" width=\"12\" height=\"12\" fill=\"none\" viewbox=\"0 0 12 12\">\n\t\t\t\t<path fill=\"#fff\" d=\"M2 0a2 2 0 0 0-2 2v2h1.5V2a.5.5 0 0 1 .5-.5h2V0H2Zm2 10.5H2a.5.5 0 0 1-.5-.5V8H0v2a2 2 0 0 0 2 2h2v-1.5ZM8 12v-1.5h2a.5.5 0 0 0 .5-.5V8H12v2a2 2 0 0 1-2 2H8Zm2-12a2 2 0 0 1 2 2v2h-1.5V2a.5.5 0 0 0-.5-.5H8V0h2Z\" \/>\n\t\t\t<\/svg>\n\t\t<\/button><figcaption class=\"wp-element-caption\">(obiekt po), fot. Maciej Warcho\u0142, NID \/ ZZ OT Warszawa<\/figcaption><\/figure>\n\n\n\n<figure data-wp-context=\"{&quot;imageId&quot;:&quot;69f71ab3366ec&quot;}\" data-wp-interactive=\"core\/image\" data-wp-key=\"69f71ab3366ec\" class=\"wp-block-image aligncenter size-large wp-lightbox-container\"><img loading=\"lazy\" decoding=\"async\" width=\"1024\" height=\"768\" data-wp-class--hide=\"state.isContentHidden\" data-wp-class--show=\"state.isContentVisible\" data-wp-init=\"callbacks.setButtonStyles\" data-wp-on--click=\"actions.showLightbox\" data-wp-on--load=\"callbacks.setButtonStyles\" data-wp-on-window--resize=\"callbacks.setButtonStyles\" data-id=\"22254\" src=\"https:\/\/nid.pl\/wp-content\/uploads\/2024\/09\/ZZ-2024-Granica-przed-1024x768.jpg\" alt=\"Zesp\u00f3\u0142 le\u015bnicz\u00f3wki, obecnie O\u015brodek Dydaktyczno-Muzealny Kampinoskiego Parku Narodowego w Granicy\" class=\"wp-image-22254\" srcset=\"https:\/\/nid.pl\/wp-content\/uploads\/2024\/09\/ZZ-2024-Granica-przed-980x735.jpg 980w, https:\/\/nid.pl\/wp-content\/uploads\/2024\/09\/ZZ-2024-Granica-przed-480x360.jpg 480w\" sizes=\"(min-width: 0px) and (max-width: 480px) 480px, (min-width: 481px) and (max-width: 980px) 980px, (min-width: 981px) 1024px, 100vw\" \/><button\n\t\t\tclass=\"lightbox-trigger\"\n\t\t\ttype=\"button\"\n\t\t\taria-haspopup=\"dialog\"\n\t\t\taria-label=\"Enlarge\"\n\t\t\tdata-wp-init=\"callbacks.initTriggerButton\"\n\t\t\tdata-wp-on--click=\"actions.showLightbox\"\n\t\t\tdata-wp-style--right=\"state.imageButtonRight\"\n\t\t\tdata-wp-style--top=\"state.imageButtonTop\"\n\t\t>\n\t\t\t<svg xmlns=\"http:\/\/www.w3.org\/2000\/svg\" width=\"12\" height=\"12\" fill=\"none\" viewbox=\"0 0 12 12\">\n\t\t\t\t<path fill=\"#fff\" d=\"M2 0a2 2 0 0 0-2 2v2h1.5V2a.5.5 0 0 1 .5-.5h2V0H2Zm2 10.5H2a.5.5 0 0 1-.5-.5V8H0v2a2 2 0 0 0 2 2h2v-1.5ZM8 12v-1.5h2a.5.5 0 0 0 .5-.5V8H12v2a2 2 0 0 1-2 2H8Zm2-12a2 2 0 0 1 2 2v2h-1.5V2a.5.5 0 0 0-.5-.5H8V0h2Z\" \/>\n\t\t\t<\/svg>\n\t\t<\/button><figcaption class=\"wp-element-caption\">(obiekt przed) fot. Archiwum WUOZ w Warszawie<\/figcaption><\/figure>\n<\/figure>\n\n\n\n<p><\/p>\n\n\n\n<p><\/p>\n\n\n\n<ul class=\"wp-block-list\">\n<li><strong>Gminie Olkusz<\/strong> za wysoki poziom wykonanych prac budowlanych i konserwatorskich oraz udan\u0105 adaptacj\u0119 do nowych funkcji budynku dawnego starostwa \u2013 wraz z piwnicami kwarta\u0142u kr\u00f3lewskiego \u2013 i gotyckich piwnic ratuszowych w Olkuszu,<\/li>\n<\/ul>\n\n\n\n<figure class=\"wp-block-gallery has-nested-images columns-default is-cropped wp-block-gallery-10 is-layout-flex wp-block-gallery-is-layout-flex\">\n<figure data-wp-context=\"{&quot;imageId&quot;:&quot;69f71ab336cbf&quot;}\" data-wp-interactive=\"core\/image\" data-wp-key=\"69f71ab336cbf\" class=\"wp-block-image aligncenter size-large wp-lightbox-container\"><img loading=\"lazy\" decoding=\"async\" width=\"1024\" height=\"683\" data-wp-class--hide=\"state.isContentHidden\" data-wp-class--show=\"state.isContentVisible\" data-wp-init=\"callbacks.setButtonStyles\" data-wp-on--click=\"actions.showLightbox\" data-wp-on--load=\"callbacks.setButtonStyles\" data-wp-on-window--resize=\"callbacks.setButtonStyles\" data-id=\"22260\" src=\"https:\/\/nid.pl\/wp-content\/uploads\/2024\/09\/ZZ-2024-Olkusz-po-1024x683.jpg\" alt=\"Budynek starostwa, piwnice kwarta\u0142u kr\u00f3lewskiego oraz piwnice ratuszowe, obecnie siedziba Miejskiego O\u015brodka Kultury i podziemna trasa muzealno-turystyczna\" class=\"wp-image-22260\" srcset=\"https:\/\/nid.pl\/wp-content\/uploads\/2024\/09\/ZZ-2024-Olkusz-po-980x653.jpg 980w, https:\/\/nid.pl\/wp-content\/uploads\/2024\/09\/ZZ-2024-Olkusz-po-480x320.jpg 480w\" sizes=\"(min-width: 0px) and (max-width: 480px) 480px, (min-width: 481px) and (max-width: 980px) 980px, (min-width: 981px) 1024px, 100vw\" \/><button\n\t\t\tclass=\"lightbox-trigger\"\n\t\t\ttype=\"button\"\n\t\t\taria-haspopup=\"dialog\"\n\t\t\taria-label=\"Enlarge\"\n\t\t\tdata-wp-init=\"callbacks.initTriggerButton\"\n\t\t\tdata-wp-on--click=\"actions.showLightbox\"\n\t\t\tdata-wp-style--right=\"state.imageButtonRight\"\n\t\t\tdata-wp-style--top=\"state.imageButtonTop\"\n\t\t>\n\t\t\t<svg xmlns=\"http:\/\/www.w3.org\/2000\/svg\" width=\"12\" height=\"12\" fill=\"none\" viewbox=\"0 0 12 12\">\n\t\t\t\t<path fill=\"#fff\" d=\"M2 0a2 2 0 0 0-2 2v2h1.5V2a.5.5 0 0 1 .5-.5h2V0H2Zm2 10.5H2a.5.5 0 0 1-.5-.5V8H0v2a2 2 0 0 0 2 2h2v-1.5ZM8 12v-1.5h2a.5.5 0 0 0 .5-.5V8H12v2a2 2 0 0 1-2 2H8Zm2-12a2 2 0 0 1 2 2v2h-1.5V2a.5.5 0 0 0-.5-.5H8V0h2Z\" \/>\n\t\t\t<\/svg>\n\t\t<\/button><figcaption class=\"wp-element-caption\">(obiekt po) fot. \u0141ukasz Dwornik, Archiwum UMiG Olkusz<\/figcaption><\/figure>\n\n\n\n<figure data-wp-context=\"{&quot;imageId&quot;:&quot;69f71ab337016&quot;}\" data-wp-interactive=\"core\/image\" data-wp-key=\"69f71ab337016\" class=\"wp-block-image aligncenter size-large wp-lightbox-container\"><img loading=\"lazy\" decoding=\"async\" width=\"1024\" height=\"768\" data-wp-class--hide=\"state.isContentHidden\" data-wp-class--show=\"state.isContentVisible\" data-wp-init=\"callbacks.setButtonStyles\" data-wp-on--click=\"actions.showLightbox\" data-wp-on--load=\"callbacks.setButtonStyles\" data-wp-on-window--resize=\"callbacks.setButtonStyles\" data-id=\"22258\" src=\"https:\/\/nid.pl\/wp-content\/uploads\/2024\/09\/ZZ-2024-Olkusz-przed-1024x768.jpg\" alt=\"Budynek starostwa, piwnice kwarta\u0142u kr\u00f3lewskiego oraz piwnice ratuszowe, obecnie siedziba Miejskiego O\u015brodka Kultury i podziemna trasa muzealno-turystyczna\" class=\"wp-image-22258\" srcset=\"https:\/\/nid.pl\/wp-content\/uploads\/2024\/09\/ZZ-2024-Olkusz-przed-980x735.jpg 980w, https:\/\/nid.pl\/wp-content\/uploads\/2024\/09\/ZZ-2024-Olkusz-przed-480x360.jpg 480w\" sizes=\"(min-width: 0px) and (max-width: 480px) 480px, (min-width: 481px) and (max-width: 980px) 980px, (min-width: 981px) 1024px, 100vw\" \/><button\n\t\t\tclass=\"lightbox-trigger\"\n\t\t\ttype=\"button\"\n\t\t\taria-haspopup=\"dialog\"\n\t\t\taria-label=\"Enlarge\"\n\t\t\tdata-wp-init=\"callbacks.initTriggerButton\"\n\t\t\tdata-wp-on--click=\"actions.showLightbox\"\n\t\t\tdata-wp-style--right=\"state.imageButtonRight\"\n\t\t\tdata-wp-style--top=\"state.imageButtonTop\"\n\t\t>\n\t\t\t<svg xmlns=\"http:\/\/www.w3.org\/2000\/svg\" width=\"12\" height=\"12\" fill=\"none\" viewbox=\"0 0 12 12\">\n\t\t\t\t<path fill=\"#fff\" d=\"M2 0a2 2 0 0 0-2 2v2h1.5V2a.5.5 0 0 1 .5-.5h2V0H2Zm2 10.5H2a.5.5 0 0 1-.5-.5V8H0v2a2 2 0 0 0 2 2h2v-1.5ZM8 12v-1.5h2a.5.5 0 0 0 .5-.5V8H12v2a2 2 0 0 1-2 2H8Zm2-12a2 2 0 0 1 2 2v2h-1.5V2a.5.5 0 0 0-.5-.5H8V0h2Z\" \/>\n\t\t\t<\/svg>\n\t\t<\/button><figcaption class=\"wp-element-caption\">(obiekt przed) fot. Agnieszka Kaczmarczyk, UMiG Olkusz<\/figcaption><\/figure>\n<\/figure>\n\n\n\n<p><\/p>\n\n\n\n<p><\/p>\n\n\n\n<ul class=\"wp-block-list\">\n<li><strong>Uniwersytetowi WSB Merito w Poznaniu<\/strong> za prace budowlane i konserwatorskie oraz przystosowanie historycznych budynk\u00f3w pokoszarowych przy ul. Franciszka Ratajczaka 1 i 3 w Poznaniu do nowej funkcji biurowo-dydaktycznej i wsp\u00f3\u0142czesnych wymog\u00f3w funkcjonalno-u\u017cytkowych.<\/li>\n<\/ul>\n\n\n\n<figure class=\"wp-block-gallery has-nested-images columns-default is-cropped wp-block-gallery-11 is-layout-flex wp-block-gallery-is-layout-flex\">\n<figure data-wp-context=\"{&quot;imageId&quot;:&quot;69f71ab3374f4&quot;}\" data-wp-interactive=\"core\/image\" data-wp-key=\"69f71ab3374f4\" class=\"wp-block-image aligncenter size-large wp-lightbox-container\"><img loading=\"lazy\" decoding=\"async\" width=\"1024\" height=\"682\" data-wp-class--hide=\"state.isContentHidden\" data-wp-class--show=\"state.isContentVisible\" data-wp-init=\"callbacks.setButtonStyles\" data-wp-on--click=\"actions.showLightbox\" data-wp-on--load=\"callbacks.setButtonStyles\" data-wp-on-window--resize=\"callbacks.setButtonStyles\" data-id=\"22264\" src=\"https:\/\/nid.pl\/wp-content\/uploads\/2024\/09\/ZZ-2024-Poznan-po-1024x682.jpg\" alt=\"Budynki koszarowe przy ulicy Franciszka Ratajczaka 1 i 3, obecnie siedziba Uniwersytetu WSB Merito w Poznaniu\" class=\"wp-image-22264\" srcset=\"https:\/\/nid.pl\/wp-content\/uploads\/2024\/09\/ZZ-2024-Poznan-po-980x653.jpg 980w, https:\/\/nid.pl\/wp-content\/uploads\/2024\/09\/ZZ-2024-Poznan-po-480x320.jpg 480w\" sizes=\"(min-width: 0px) and (max-width: 480px) 480px, (min-width: 481px) and (max-width: 980px) 980px, (min-width: 981px) 1024px, 100vw\" \/><button\n\t\t\tclass=\"lightbox-trigger\"\n\t\t\ttype=\"button\"\n\t\t\taria-haspopup=\"dialog\"\n\t\t\taria-label=\"Enlarge\"\n\t\t\tdata-wp-init=\"callbacks.initTriggerButton\"\n\t\t\tdata-wp-on--click=\"actions.showLightbox\"\n\t\t\tdata-wp-style--right=\"state.imageButtonRight\"\n\t\t\tdata-wp-style--top=\"state.imageButtonTop\"\n\t\t>\n\t\t\t<svg xmlns=\"http:\/\/www.w3.org\/2000\/svg\" width=\"12\" height=\"12\" fill=\"none\" viewbox=\"0 0 12 12\">\n\t\t\t\t<path fill=\"#fff\" d=\"M2 0a2 2 0 0 0-2 2v2h1.5V2a.5.5 0 0 1 .5-.5h2V0H2Zm2 10.5H2a.5.5 0 0 1-.5-.5V8H0v2a2 2 0 0 0 2 2h2v-1.5ZM8 12v-1.5h2a.5.5 0 0 0 .5-.5V8H12v2a2 2 0 0 1-2 2H8Zm2-12a2 2 0 0 1 2 2v2h-1.5V2a.5.5 0 0 0-.5-.5H8V0h2Z\" \/>\n\t\t\t<\/svg>\n\t\t<\/button><figcaption class=\"wp-element-caption\">(obiekt po) fot. Grzegorz Niklas Foto<\/figcaption><\/figure>\n\n\n\n<figure data-wp-context=\"{&quot;imageId&quot;:&quot;69f71ab3377c7&quot;}\" data-wp-interactive=\"core\/image\" data-wp-key=\"69f71ab3377c7\" class=\"wp-block-image aligncenter size-large wp-lightbox-container\"><img loading=\"lazy\" decoding=\"async\" width=\"1024\" height=\"683\" data-wp-class--hide=\"state.isContentHidden\" data-wp-class--show=\"state.isContentVisible\" data-wp-init=\"callbacks.setButtonStyles\" data-wp-on--click=\"actions.showLightbox\" data-wp-on--load=\"callbacks.setButtonStyles\" data-wp-on-window--resize=\"callbacks.setButtonStyles\" data-id=\"22262\" src=\"https:\/\/nid.pl\/wp-content\/uploads\/2024\/09\/ZZ-2024-Poznan-przed-1024x683.jpg\" alt=\"Budynki koszarowe przy ulicy Franciszka Ratajczaka 1 i 3, obecnie siedziba Uniwersytetu WSB Merito w Poznaniu\" class=\"wp-image-22262\" srcset=\"https:\/\/nid.pl\/wp-content\/uploads\/2024\/09\/ZZ-2024-Poznan-przed-980x654.jpg 980w, https:\/\/nid.pl\/wp-content\/uploads\/2024\/09\/ZZ-2024-Poznan-przed-480x320.jpg 480w\" sizes=\"(min-width: 0px) and (max-width: 480px) 480px, (min-width: 481px) and (max-width: 980px) 980px, (min-width: 981px) 1024px, 100vw\" \/><button\n\t\t\tclass=\"lightbox-trigger\"\n\t\t\ttype=\"button\"\n\t\t\taria-haspopup=\"dialog\"\n\t\t\taria-label=\"Enlarge\"\n\t\t\tdata-wp-init=\"callbacks.initTriggerButton\"\n\t\t\tdata-wp-on--click=\"actions.showLightbox\"\n\t\t\tdata-wp-style--right=\"state.imageButtonRight\"\n\t\t\tdata-wp-style--top=\"state.imageButtonTop\"\n\t\t>\n\t\t\t<svg xmlns=\"http:\/\/www.w3.org\/2000\/svg\" width=\"12\" height=\"12\" fill=\"none\" viewbox=\"0 0 12 12\">\n\t\t\t\t<path fill=\"#fff\" d=\"M2 0a2 2 0 0 0-2 2v2h1.5V2a.5.5 0 0 1 .5-.5h2V0H2Zm2 10.5H2a.5.5 0 0 1-.5-.5V8H0v2a2 2 0 0 0 2 2h2v-1.5ZM8 12v-1.5h2a.5.5 0 0 0 .5-.5V8H12v2a2 2 0 0 1-2 2H8Zm2-12a2 2 0 0 1 2 2v2h-1.5V2a.5.5 0 0 0-.5-.5H8V0h2Z\" \/>\n\t\t\t<\/svg>\n\t\t<\/button><figcaption class=\"wp-element-caption\">(obiekt przed) fot. Grzegorz Niklas Foto<\/figcaption><\/figure>\n<\/figure>\n\n\n\n<p><\/p>\n\n\n\n<p><\/p>\n\n\n\n<p><strong>Kategoria architektury i budownictwa drewnianego<\/strong><\/p>\n\n\n\n<p>Tytu\u0142 laureata przyznano:<\/p>\n\n\n\n<ul class=\"wp-block-list\">\n<li><strong>Parafii Rzymskokatolickiej Naj\u015bwi\u0119tszego Serca Pana Jezusa w Rzepinie<\/strong> za pe\u0142ne rozpoznanie badawcze, wzorcowe prace konserwatorsko-restauratorskie przeprowadzone z wykorzystaniem tradycyjnych technik budowlanych i za zachowanie autentyzmu substancji zabytkowej ko\u015bcio\u0142a filialnego Podwy\u017cszenia Krzy\u017ca \u015awi\u0119tego w Lubiechni Ma\u0142ej.<\/li>\n<\/ul>\n\n\n\n<figure class=\"wp-block-gallery has-nested-images columns-default is-cropped wp-block-gallery-12 is-layout-flex wp-block-gallery-is-layout-flex\">\n<figure data-wp-context=\"{&quot;imageId&quot;:&quot;69f71ab337ce6&quot;}\" data-wp-interactive=\"core\/image\" data-wp-key=\"69f71ab337ce6\" class=\"wp-block-image aligncenter size-large wp-lightbox-container\"><img loading=\"lazy\" decoding=\"async\" width=\"1024\" height=\"768\" data-wp-class--hide=\"state.isContentHidden\" data-wp-class--show=\"state.isContentVisible\" data-wp-init=\"callbacks.setButtonStyles\" data-wp-on--click=\"actions.showLightbox\" data-wp-on--load=\"callbacks.setButtonStyles\" data-wp-on-window--resize=\"callbacks.setButtonStyles\" data-id=\"22268\" src=\"https:\/\/nid.pl\/wp-content\/uploads\/2024\/09\/ZZ-2024-Lubiechnia-po-1024x768.jpg\" alt=\"Ko\u015bci\u00f3\u0142 filialny Podwy\u017cszenia Krzy\u017ca \u015awi\u0119tego w Lubiechni Ma\u0142ej\" class=\"wp-image-22268\" srcset=\"https:\/\/nid.pl\/wp-content\/uploads\/2024\/09\/ZZ-2024-Lubiechnia-po-980x735.jpg 980w, https:\/\/nid.pl\/wp-content\/uploads\/2024\/09\/ZZ-2024-Lubiechnia-po-480x360.jpg 480w\" sizes=\"(min-width: 0px) and (max-width: 480px) 480px, (min-width: 481px) and (max-width: 980px) 980px, (min-width: 981px) 1024px, 100vw\" \/><button\n\t\t\tclass=\"lightbox-trigger\"\n\t\t\ttype=\"button\"\n\t\t\taria-haspopup=\"dialog\"\n\t\t\taria-label=\"Enlarge\"\n\t\t\tdata-wp-init=\"callbacks.initTriggerButton\"\n\t\t\tdata-wp-on--click=\"actions.showLightbox\"\n\t\t\tdata-wp-style--right=\"state.imageButtonRight\"\n\t\t\tdata-wp-style--top=\"state.imageButtonTop\"\n\t\t>\n\t\t\t<svg xmlns=\"http:\/\/www.w3.org\/2000\/svg\" width=\"12\" height=\"12\" fill=\"none\" viewbox=\"0 0 12 12\">\n\t\t\t\t<path fill=\"#fff\" d=\"M2 0a2 2 0 0 0-2 2v2h1.5V2a.5.5 0 0 1 .5-.5h2V0H2Zm2 10.5H2a.5.5 0 0 1-.5-.5V8H0v2a2 2 0 0 0 2 2h2v-1.5ZM8 12v-1.5h2a.5.5 0 0 0 .5-.5V8H12v2a2 2 0 0 1-2 2H8Zm2-12a2 2 0 0 1 2 2v2h-1.5V2a.5.5 0 0 0-.5-.5H8V0h2Z\" \/>\n\t\t\t<\/svg>\n\t\t<\/button><figcaption class=\"wp-element-caption\">(obiekt po) fot. Micha\u0142 Jarosi\u0144ski, Archiwum WUOZ w Zielonej G\u00f3rze Delegatury w Gorzowie Wielkopolskim<\/figcaption><\/figure>\n\n\n\n<figure data-wp-context=\"{&quot;imageId&quot;:&quot;69f71ab337fa9&quot;}\" data-wp-interactive=\"core\/image\" data-wp-key=\"69f71ab337fa9\" class=\"wp-block-image aligncenter size-large wp-lightbox-container\"><img loading=\"lazy\" decoding=\"async\" width=\"1024\" height=\"682\" data-wp-class--hide=\"state.isContentHidden\" data-wp-class--show=\"state.isContentVisible\" data-wp-init=\"callbacks.setButtonStyles\" data-wp-on--click=\"actions.showLightbox\" data-wp-on--load=\"callbacks.setButtonStyles\" data-wp-on-window--resize=\"callbacks.setButtonStyles\" data-id=\"22266\" src=\"https:\/\/nid.pl\/wp-content\/uploads\/2024\/09\/ZZ-2024-Lubiechnia-przed-1024x682.jpg\" alt=\"Ko\u015bci\u00f3\u0142 filialny Podwy\u017cszenia Krzy\u017ca \u015awi\u0119tego w Lubiechni Ma\u0142ej\" class=\"wp-image-22266\" srcset=\"https:\/\/nid.pl\/wp-content\/uploads\/2024\/09\/ZZ-2024-Lubiechnia-przed-1024x682.jpg 1024w, https:\/\/nid.pl\/wp-content\/uploads\/2024\/09\/ZZ-2024-Lubiechnia-przed-980x652.jpg 980w, https:\/\/nid.pl\/wp-content\/uploads\/2024\/09\/ZZ-2024-Lubiechnia-przed-480x319.jpg 480w\" sizes=\"(min-width: 0px) and (max-width: 480px) 480px, (min-width: 481px) and (max-width: 980px) 980px, (min-width: 981px) 1024px, 100vw\" \/><button\n\t\t\tclass=\"lightbox-trigger\"\n\t\t\ttype=\"button\"\n\t\t\taria-haspopup=\"dialog\"\n\t\t\taria-label=\"Enlarge\"\n\t\t\tdata-wp-init=\"callbacks.initTriggerButton\"\n\t\t\tdata-wp-on--click=\"actions.showLightbox\"\n\t\t\tdata-wp-style--right=\"state.imageButtonRight\"\n\t\t\tdata-wp-style--top=\"state.imageButtonTop\"\n\t\t>\n\t\t\t<svg xmlns=\"http:\/\/www.w3.org\/2000\/svg\" width=\"12\" height=\"12\" fill=\"none\" viewbox=\"0 0 12 12\">\n\t\t\t\t<path fill=\"#fff\" d=\"M2 0a2 2 0 0 0-2 2v2h1.5V2a.5.5 0 0 1 .5-.5h2V0H2Zm2 10.5H2a.5.5 0 0 1-.5-.5V8H0v2a2 2 0 0 0 2 2h2v-1.5ZM8 12v-1.5h2a.5.5 0 0 0 .5-.5V8H12v2a2 2 0 0 1-2 2H8Zm2-12a2 2 0 0 1 2 2v2h-1.5V2a.5.5 0 0 0-.5-.5H8V0h2Z\" \/>\n\t\t\t<\/svg>\n\t\t<\/button><figcaption class=\"wp-element-caption\">(obiekt przed) fot. Micha\u0142 Jarosi\u0144ski<\/figcaption><\/figure>\n<\/figure>\n\n\n\n<p><\/p>\n\n\n\n<p><\/p>\n\n\n\n<p>Wyr\u00f3\u017cnienia w kategorii architektury i budownictwa drewnianego przyznano:<\/p>\n\n\n\n<ul class=\"wp-block-list\">\n<li><strong>Uzdrowisku Gocza\u0142kowice-Zdr\u00f3j &#8211; Sp\u00f3\u0142ce z ograniczon\u0105 odpowiedzialno\u015bci\u0105 <\/strong>za uczytelnienie warto\u015bci zabytkowych, przywr\u00f3cenie pierwotnej funkcji oraz popraw\u0119 stanu technicznego i walor\u00f3w estetycznych pawilonu Starej Pijalni w Gocza\u0142kowicach-Zdroju,<\/li>\n<\/ul>\n\n\n\n<figure class=\"wp-block-gallery has-nested-images columns-default is-cropped wp-block-gallery-13 is-layout-flex wp-block-gallery-is-layout-flex\">\n<figure data-wp-context=\"{&quot;imageId&quot;:&quot;69f71ab338464&quot;}\" data-wp-interactive=\"core\/image\" data-wp-key=\"69f71ab338464\" class=\"wp-block-image aligncenter size-large wp-lightbox-container\"><img loading=\"lazy\" decoding=\"async\" width=\"1024\" height=\"682\" data-wp-class--hide=\"state.isContentHidden\" data-wp-class--show=\"state.isContentVisible\" data-wp-init=\"callbacks.setButtonStyles\" data-wp-on--click=\"actions.showLightbox\" data-wp-on--load=\"callbacks.setButtonStyles\" data-wp-on-window--resize=\"callbacks.setButtonStyles\" data-id=\"22273\" src=\"https:\/\/nid.pl\/wp-content\/uploads\/2024\/09\/ZZ-2024-Goczalkowice-po-1024x682.jpg\" alt=\"Pawilon Starej Pijalni w Gocza\u0142kowicach-Zdroju\" class=\"wp-image-22273\" srcset=\"https:\/\/nid.pl\/wp-content\/uploads\/2024\/09\/ZZ-2024-Goczalkowice-po-980x652.jpg 980w, https:\/\/nid.pl\/wp-content\/uploads\/2024\/09\/ZZ-2024-Goczalkowice-po-480x319.jpg 480w\" sizes=\"(min-width: 0px) and (max-width: 480px) 480px, (min-width: 481px) and (max-width: 980px) 980px, (min-width: 981px) 1024px, 100vw\" \/><button\n\t\t\tclass=\"lightbox-trigger\"\n\t\t\ttype=\"button\"\n\t\t\taria-haspopup=\"dialog\"\n\t\t\taria-label=\"Enlarge\"\n\t\t\tdata-wp-init=\"callbacks.initTriggerButton\"\n\t\t\tdata-wp-on--click=\"actions.showLightbox\"\n\t\t\tdata-wp-style--right=\"state.imageButtonRight\"\n\t\t\tdata-wp-style--top=\"state.imageButtonTop\"\n\t\t>\n\t\t\t<svg xmlns=\"http:\/\/www.w3.org\/2000\/svg\" width=\"12\" height=\"12\" fill=\"none\" viewbox=\"0 0 12 12\">\n\t\t\t\t<path fill=\"#fff\" d=\"M2 0a2 2 0 0 0-2 2v2h1.5V2a.5.5 0 0 1 .5-.5h2V0H2Zm2 10.5H2a.5.5 0 0 1-.5-.5V8H0v2a2 2 0 0 0 2 2h2v-1.5ZM8 12v-1.5h2a.5.5 0 0 0 .5-.5V8H12v2a2 2 0 0 1-2 2H8Zm2-12a2 2 0 0 1 2 2v2h-1.5V2a.5.5 0 0 0-.5-.5H8V0h2Z\" \/>\n\t\t\t<\/svg>\n\t\t<\/button><figcaption class=\"wp-element-caption\">(obiekt po) fot. Kacper Krz\u0119towski, Archiwum Uzdrowiska Gocza\u0142kowice-Zdr\u00f3j Sp. z o.o.<\/figcaption><\/figure>\n\n\n\n<figure data-wp-context=\"{&quot;imageId&quot;:&quot;69f71ab338719&quot;}\" data-wp-interactive=\"core\/image\" data-wp-key=\"69f71ab338719\" class=\"wp-block-image aligncenter size-large wp-lightbox-container\"><img loading=\"lazy\" decoding=\"async\" width=\"1024\" height=\"706\" data-wp-class--hide=\"state.isContentHidden\" data-wp-class--show=\"state.isContentVisible\" data-wp-init=\"callbacks.setButtonStyles\" data-wp-on--click=\"actions.showLightbox\" data-wp-on--load=\"callbacks.setButtonStyles\" data-wp-on-window--resize=\"callbacks.setButtonStyles\" data-id=\"22271\" src=\"https:\/\/nid.pl\/wp-content\/uploads\/2024\/09\/ZZ-2024-Goczalkowice-przed-1024x706.jpg\" alt=\"Pawilon Starej Pijalni w Gocza\u0142kowicach-Zdroju\" class=\"wp-image-22271\" srcset=\"https:\/\/nid.pl\/wp-content\/uploads\/2024\/09\/ZZ-2024-Goczalkowice-przed-1024x706.jpg 1024w, https:\/\/nid.pl\/wp-content\/uploads\/2024\/09\/ZZ-2024-Goczalkowice-przed-980x676.jpg 980w, https:\/\/nid.pl\/wp-content\/uploads\/2024\/09\/ZZ-2024-Goczalkowice-przed-480x331.jpg 480w\" sizes=\"(min-width: 0px) and (max-width: 480px) 480px, (min-width: 481px) and (max-width: 980px) 980px, (min-width: 981px) 1024px, 100vw\" \/><button\n\t\t\tclass=\"lightbox-trigger\"\n\t\t\ttype=\"button\"\n\t\t\taria-haspopup=\"dialog\"\n\t\t\taria-label=\"Enlarge\"\n\t\t\tdata-wp-init=\"callbacks.initTriggerButton\"\n\t\t\tdata-wp-on--click=\"actions.showLightbox\"\n\t\t\tdata-wp-style--right=\"state.imageButtonRight\"\n\t\t\tdata-wp-style--top=\"state.imageButtonTop\"\n\t\t>\n\t\t\t<svg xmlns=\"http:\/\/www.w3.org\/2000\/svg\" width=\"12\" height=\"12\" fill=\"none\" viewbox=\"0 0 12 12\">\n\t\t\t\t<path fill=\"#fff\" d=\"M2 0a2 2 0 0 0-2 2v2h1.5V2a.5.5 0 0 1 .5-.5h2V0H2Zm2 10.5H2a.5.5 0 0 1-.5-.5V8H0v2a2 2 0 0 0 2 2h2v-1.5ZM8 12v-1.5h2a.5.5 0 0 0 .5-.5V8H12v2a2 2 0 0 1-2 2H8Zm2-12a2 2 0 0 1 2 2v2h-1.5V2a.5.5 0 0 0-.5-.5H8V0h2Z\" \/>\n\t\t\t<\/svg>\n\t\t<\/button><figcaption class=\"wp-element-caption\">(obiekt przed) fot. \u0141ukasz Drobiec, Micha\u0142 Bitner<\/figcaption><\/figure>\n<\/figure>\n\n\n\n<p><\/p>\n\n\n\n<p><\/p>\n\n\n\n<ul class=\"wp-block-list\">\n<li><strong>Lasom Miejskim \u2013 Warszawa<\/strong> za prace budowlane i konserwatorskie wykonane z zastosowaniem dawnych rozwi\u0105za\u0144 materia\u0142owych i konstrukcyjnych, z poszanowaniem pierwotnej formy, wystroju i wyposa\u017cenia wn\u0119trz le\u015bnicz\u00f3wki przy ul. Rydzowej 1 w Warszawie,<\/li>\n<\/ul>\n\n\n\n<figure class=\"wp-block-gallery has-nested-images columns-default is-cropped wp-block-gallery-14 is-layout-flex wp-block-gallery-is-layout-flex\">\n<figure data-wp-context=\"{&quot;imageId&quot;:&quot;69f71ab338bb7&quot;}\" data-wp-interactive=\"core\/image\" data-wp-key=\"69f71ab338bb7\" class=\"wp-block-image aligncenter size-large wp-lightbox-container\"><img loading=\"lazy\" decoding=\"async\" width=\"1024\" height=\"683\" data-wp-class--hide=\"state.isContentHidden\" data-wp-class--show=\"state.isContentVisible\" data-wp-init=\"callbacks.setButtonStyles\" data-wp-on--click=\"actions.showLightbox\" data-wp-on--load=\"callbacks.setButtonStyles\" data-wp-on-window--resize=\"callbacks.setButtonStyles\" data-id=\"22277\" src=\"https:\/\/nid.pl\/wp-content\/uploads\/2024\/09\/ZZ-2024-Warszawa-po-1024x683.jpg\" alt=\"Le\u015bnicz\u00f3wka przy ul. Rydzowej 1 w Warszawie\" class=\"wp-image-22277\" srcset=\"https:\/\/nid.pl\/wp-content\/uploads\/2024\/09\/ZZ-2024-Warszawa-po-980x653.jpg 980w, https:\/\/nid.pl\/wp-content\/uploads\/2024\/09\/ZZ-2024-Warszawa-po-480x320.jpg 480w\" sizes=\"(min-width: 0px) and (max-width: 480px) 480px, (min-width: 481px) and (max-width: 980px) 980px, (min-width: 981px) 1024px, 100vw\" \/><button\n\t\t\tclass=\"lightbox-trigger\"\n\t\t\ttype=\"button\"\n\t\t\taria-haspopup=\"dialog\"\n\t\t\taria-label=\"Enlarge\"\n\t\t\tdata-wp-init=\"callbacks.initTriggerButton\"\n\t\t\tdata-wp-on--click=\"actions.showLightbox\"\n\t\t\tdata-wp-style--right=\"state.imageButtonRight\"\n\t\t\tdata-wp-style--top=\"state.imageButtonTop\"\n\t\t>\n\t\t\t<svg xmlns=\"http:\/\/www.w3.org\/2000\/svg\" width=\"12\" height=\"12\" fill=\"none\" viewbox=\"0 0 12 12\">\n\t\t\t\t<path fill=\"#fff\" d=\"M2 0a2 2 0 0 0-2 2v2h1.5V2a.5.5 0 0 1 .5-.5h2V0H2Zm2 10.5H2a.5.5 0 0 1-.5-.5V8H0v2a2 2 0 0 0 2 2h2v-1.5ZM8 12v-1.5h2a.5.5 0 0 0 .5-.5V8H12v2a2 2 0 0 1-2 2H8Zm2-12a2 2 0 0 1 2 2v2h-1.5V2a.5.5 0 0 0-.5-.5H8V0h2Z\" \/>\n\t\t\t<\/svg>\n\t\t<\/button><figcaption class=\"wp-element-caption\">(obiekt po) fot. Archiwum Miasta Sto\u0142ecznego Warszawa \/ Good Wood Szymon Jaraczewski<\/figcaption><\/figure>\n\n\n\n<figure data-wp-context=\"{&quot;imageId&quot;:&quot;69f71ab338e72&quot;}\" data-wp-interactive=\"core\/image\" data-wp-key=\"69f71ab338e72\" class=\"wp-block-image aligncenter size-large wp-lightbox-container\"><img loading=\"lazy\" decoding=\"async\" width=\"1024\" height=\"768\" data-wp-class--hide=\"state.isContentHidden\" data-wp-class--show=\"state.isContentVisible\" data-wp-init=\"callbacks.setButtonStyles\" data-wp-on--click=\"actions.showLightbox\" data-wp-on--load=\"callbacks.setButtonStyles\" data-wp-on-window--resize=\"callbacks.setButtonStyles\" data-id=\"22275\" src=\"https:\/\/nid.pl\/wp-content\/uploads\/2024\/09\/ZZ-2024-Warszawa-przed-1024x768.jpg\" alt=\"Le\u015bnicz\u00f3wka przy ul. Rydzowej 1 w Warszawie\" class=\"wp-image-22275\" srcset=\"https:\/\/nid.pl\/wp-content\/uploads\/2024\/09\/ZZ-2024-Warszawa-przed-980x735.jpg 980w, https:\/\/nid.pl\/wp-content\/uploads\/2024\/09\/ZZ-2024-Warszawa-przed-480x360.jpg 480w\" sizes=\"(min-width: 0px) and (max-width: 480px) 480px, (min-width: 481px) and (max-width: 980px) 980px, (min-width: 981px) 1024px, 100vw\" \/><button\n\t\t\tclass=\"lightbox-trigger\"\n\t\t\ttype=\"button\"\n\t\t\taria-haspopup=\"dialog\"\n\t\t\taria-label=\"Enlarge\"\n\t\t\tdata-wp-init=\"callbacks.initTriggerButton\"\n\t\t\tdata-wp-on--click=\"actions.showLightbox\"\n\t\t\tdata-wp-style--right=\"state.imageButtonRight\"\n\t\t\tdata-wp-style--top=\"state.imageButtonTop\"\n\t\t>\n\t\t\t<svg xmlns=\"http:\/\/www.w3.org\/2000\/svg\" width=\"12\" height=\"12\" fill=\"none\" viewbox=\"0 0 12 12\">\n\t\t\t\t<path fill=\"#fff\" d=\"M2 0a2 2 0 0 0-2 2v2h1.5V2a.5.5 0 0 1 .5-.5h2V0H2Zm2 10.5H2a.5.5 0 0 1-.5-.5V8H0v2a2 2 0 0 0 2 2h2v-1.5ZM8 12v-1.5h2a.5.5 0 0 0 .5-.5V8H12v2a2 2 0 0 1-2 2H8Zm2-12a2 2 0 0 1 2 2v2h-1.5V2a.5.5 0 0 0-.5-.5H8V0h2Z\" \/>\n\t\t\t<\/svg>\n\t\t<\/button><figcaption class=\"wp-element-caption\">(obiekt przed) fot. Archiwum Miasta Sto\u0142ecznego Warszawa \/ Good Wood Szymon Jaraczewski<\/figcaption><\/figure>\n<\/figure>\n\n\n\n<p><\/p>\n\n\n\n<p><\/p>\n\n\n\n<ul class=\"wp-block-list\">\n<li><strong>Parafii Rzymskokatolickiej \u015awi\u0119tej Anny w Jaktorowie<\/strong> za prace budowlane i konserwatorskie w ko\u015bciele parafialnym \u015awi\u0119tej Anny w Jaktorowie, w wyniku kt\u00f3rych zatrzymano procesy destrukcji nietypowej zdwojonej konstrukcji \u015bcian oraz wyeksponowano warto\u015bci estetyczne i artystyczne obiektu.<\/li>\n<\/ul>\n\n\n\n<figure class=\"wp-block-gallery has-nested-images columns-default is-cropped wp-block-gallery-15 is-layout-flex wp-block-gallery-is-layout-flex\">\n<figure data-wp-context=\"{&quot;imageId&quot;:&quot;69f71ab3392fe&quot;}\" data-wp-interactive=\"core\/image\" data-wp-key=\"69f71ab3392fe\" class=\"wp-block-image aligncenter size-large wp-lightbox-container\"><img loading=\"lazy\" decoding=\"async\" width=\"576\" height=\"1024\" data-wp-class--hide=\"state.isContentHidden\" data-wp-class--show=\"state.isContentVisible\" data-wp-init=\"callbacks.setButtonStyles\" data-wp-on--click=\"actions.showLightbox\" data-wp-on--load=\"callbacks.setButtonStyles\" data-wp-on-window--resize=\"callbacks.setButtonStyles\" data-id=\"22282\" src=\"https:\/\/nid.pl\/wp-content\/uploads\/2024\/09\/ZZ-2024-Jaktorowo-po-576x1024.jpg\" alt=\"Ko\u015bci\u00f3\u0142 parafialny \u015awi\u0119tej Anny w Jaktorowie\" class=\"wp-image-22282\"\/><button\n\t\t\tclass=\"lightbox-trigger\"\n\t\t\ttype=\"button\"\n\t\t\taria-haspopup=\"dialog\"\n\t\t\taria-label=\"Enlarge\"\n\t\t\tdata-wp-init=\"callbacks.initTriggerButton\"\n\t\t\tdata-wp-on--click=\"actions.showLightbox\"\n\t\t\tdata-wp-style--right=\"state.imageButtonRight\"\n\t\t\tdata-wp-style--top=\"state.imageButtonTop\"\n\t\t>\n\t\t\t<svg xmlns=\"http:\/\/www.w3.org\/2000\/svg\" width=\"12\" height=\"12\" fill=\"none\" viewbox=\"0 0 12 12\">\n\t\t\t\t<path fill=\"#fff\" d=\"M2 0a2 2 0 0 0-2 2v2h1.5V2a.5.5 0 0 1 .5-.5h2V0H2Zm2 10.5H2a.5.5 0 0 1-.5-.5V8H0v2a2 2 0 0 0 2 2h2v-1.5ZM8 12v-1.5h2a.5.5 0 0 0 .5-.5V8H12v2a2 2 0 0 1-2 2H8Zm2-12a2 2 0 0 1 2 2v2h-1.5V2a.5.5 0 0 0-.5-.5H8V0h2Z\" \/>\n\t\t\t<\/svg>\n\t\t<\/button><figcaption class=\"wp-element-caption\">(obiekt po) fot. Iwona \u017berebi\u0142o, WUOZ w Poznaniu Delegatura w Pile<\/figcaption><\/figure>\n\n\n\n<figure data-wp-context=\"{&quot;imageId&quot;:&quot;69f71ab3395aa&quot;}\" data-wp-interactive=\"core\/image\" data-wp-key=\"69f71ab3395aa\" class=\"wp-block-image aligncenter size-large wp-lightbox-container\"><img loading=\"lazy\" decoding=\"async\" width=\"1024\" height=\"768\" data-wp-class--hide=\"state.isContentHidden\" data-wp-class--show=\"state.isContentVisible\" data-wp-init=\"callbacks.setButtonStyles\" data-wp-on--click=\"actions.showLightbox\" data-wp-on--load=\"callbacks.setButtonStyles\" data-wp-on-window--resize=\"callbacks.setButtonStyles\" data-id=\"22279\" src=\"https:\/\/nid.pl\/wp-content\/uploads\/2024\/09\/ZZ-2024-Jaktorowo-przed-1024x768.jpg\" alt=\"Ko\u015bci\u00f3\u0142 parafialny \u015awi\u0119tej Anny w Jaktorowie\" class=\"wp-image-22279\" srcset=\"https:\/\/nid.pl\/wp-content\/uploads\/2024\/09\/ZZ-2024-Jaktorowo-przed-980x735.jpg 980w, https:\/\/nid.pl\/wp-content\/uploads\/2024\/09\/ZZ-2024-Jaktorowo-przed-480x360.jpg 480w\" sizes=\"(min-width: 0px) and (max-width: 480px) 480px, (min-width: 481px) and (max-width: 980px) 980px, (min-width: 981px) 1024px, 100vw\" \/><button\n\t\t\tclass=\"lightbox-trigger\"\n\t\t\ttype=\"button\"\n\t\t\taria-haspopup=\"dialog\"\n\t\t\taria-label=\"Enlarge\"\n\t\t\tdata-wp-init=\"callbacks.initTriggerButton\"\n\t\t\tdata-wp-on--click=\"actions.showLightbox\"\n\t\t\tdata-wp-style--right=\"state.imageButtonRight\"\n\t\t\tdata-wp-style--top=\"state.imageButtonTop\"\n\t\t>\n\t\t\t<svg xmlns=\"http:\/\/www.w3.org\/2000\/svg\" width=\"12\" height=\"12\" fill=\"none\" viewbox=\"0 0 12 12\">\n\t\t\t\t<path fill=\"#fff\" d=\"M2 0a2 2 0 0 0-2 2v2h1.5V2a.5.5 0 0 1 .5-.5h2V0H2Zm2 10.5H2a.5.5 0 0 1-.5-.5V8H0v2a2 2 0 0 0 2 2h2v-1.5ZM8 12v-1.5h2a.5.5 0 0 0 .5-.5V8H12v2a2 2 0 0 1-2 2H8Zm2-12a2 2 0 0 1 2 2v2h-1.5V2a.5.5 0 0 0-.5-.5H8V0h2Z\" \/>\n\t\t\t<\/svg>\n\t\t<\/button><figcaption class=\"wp-element-caption\">(obiekt przed) fot. Iwona \u017berebi\u0142o, WUOZ w Poznaniu Delegatura w Pile<\/figcaption><\/figure>\n<\/figure>\n\n\n\n<p><\/p>\n\n\n\n<p><\/p>\n\n\n\n<p><strong>Kategoria zabytk\u00f3w techniki<\/strong><\/p>\n\n\n\n<p>Tytu\u0142 laureata przyznano:<\/p>\n\n\n\n<ul class=\"wp-block-list\">\n<li><strong>Zabytkowej Kopalni Ignacy w Rybniku<\/strong> za staranne prace budowlane i konserwatorskie, przeprowadzone z poszanowaniem historycznej substancji i formy budowlanej nadszybia i maszynowni szybu Ko\u015bciuszko oraz za zachowanie i przywr\u00f3cenie do pe\u0142nej sprawno\u015bci unikatowego wyposa\u017cenia technologicznego.<\/li>\n<\/ul>\n\n\n\n<figure class=\"wp-block-gallery has-nested-images columns-default is-cropped wp-block-gallery-16 is-layout-flex wp-block-gallery-is-layout-flex\">\n<figure data-wp-context=\"{&quot;imageId&quot;:&quot;69f71ab339aa1&quot;}\" data-wp-interactive=\"core\/image\" data-wp-key=\"69f71ab339aa1\" class=\"wp-block-image aligncenter size-large wp-lightbox-container\"><img loading=\"lazy\" decoding=\"async\" width=\"1024\" height=\"683\" data-wp-class--hide=\"state.isContentHidden\" data-wp-class--show=\"state.isContentVisible\" data-wp-init=\"callbacks.setButtonStyles\" data-wp-on--click=\"actions.showLightbox\" data-wp-on--load=\"callbacks.setButtonStyles\" data-wp-on-window--resize=\"callbacks.setButtonStyles\" data-id=\"22287\" src=\"https:\/\/nid.pl\/wp-content\/uploads\/2024\/09\/ZZ-2024-Rybnik-po-1024x683.jpg\" alt=\"Budynki nadszybia i maszynowni szybu Ko\u015bciuszko kopalni Ignacy w Rybniku\" class=\"wp-image-22287\" srcset=\"https:\/\/nid.pl\/wp-content\/uploads\/2024\/09\/ZZ-2024-Rybnik-po-980x653.jpg 980w, https:\/\/nid.pl\/wp-content\/uploads\/2024\/09\/ZZ-2024-Rybnik-po-480x320.jpg 480w\" sizes=\"(min-width: 0px) and (max-width: 480px) 480px, (min-width: 481px) and (max-width: 980px) 980px, (min-width: 981px) 1024px, 100vw\" \/><button\n\t\t\tclass=\"lightbox-trigger\"\n\t\t\ttype=\"button\"\n\t\t\taria-haspopup=\"dialog\"\n\t\t\taria-label=\"Enlarge\"\n\t\t\tdata-wp-init=\"callbacks.initTriggerButton\"\n\t\t\tdata-wp-on--click=\"actions.showLightbox\"\n\t\t\tdata-wp-style--right=\"state.imageButtonRight\"\n\t\t\tdata-wp-style--top=\"state.imageButtonTop\"\n\t\t>\n\t\t\t<svg xmlns=\"http:\/\/www.w3.org\/2000\/svg\" width=\"12\" height=\"12\" fill=\"none\" viewbox=\"0 0 12 12\">\n\t\t\t\t<path fill=\"#fff\" d=\"M2 0a2 2 0 0 0-2 2v2h1.5V2a.5.5 0 0 1 .5-.5h2V0H2Zm2 10.5H2a.5.5 0 0 1-.5-.5V8H0v2a2 2 0 0 0 2 2h2v-1.5ZM8 12v-1.5h2a.5.5 0 0 0 .5-.5V8H12v2a2 2 0 0 1-2 2H8Zm2-12a2 2 0 0 1 2 2v2h-1.5V2a.5.5 0 0 0-.5-.5H8V0h2Z\" \/>\n\t\t\t<\/svg>\n\t\t<\/button><figcaption class=\"wp-element-caption\">(obiekt po) fot. Dorota Bajowska, NID \/ ZZ OT Katowice<\/figcaption><\/figure>\n\n\n\n<figure data-wp-context=\"{&quot;imageId&quot;:&quot;69f71ab339d4c&quot;}\" data-wp-interactive=\"core\/image\" data-wp-key=\"69f71ab339d4c\" class=\"wp-block-image aligncenter size-large wp-lightbox-container\"><img loading=\"lazy\" decoding=\"async\" width=\"1024\" height=\"683\" data-wp-class--hide=\"state.isContentHidden\" data-wp-class--show=\"state.isContentVisible\" data-wp-init=\"callbacks.setButtonStyles\" data-wp-on--click=\"actions.showLightbox\" data-wp-on--load=\"callbacks.setButtonStyles\" data-wp-on-window--resize=\"callbacks.setButtonStyles\" data-id=\"22285\" src=\"https:\/\/nid.pl\/wp-content\/uploads\/2024\/09\/ZZ-2024-Rybnik-przed-1024x683.jpg\" alt=\"Budynki nadszybia i maszynowni szybu Ko\u015bciuszko kopalni Ignacy w Rybniku\" class=\"wp-image-22285\" srcset=\"https:\/\/nid.pl\/wp-content\/uploads\/2024\/09\/ZZ-2024-Rybnik-przed-980x653.jpg 980w, https:\/\/nid.pl\/wp-content\/uploads\/2024\/09\/ZZ-2024-Rybnik-przed-480x320.jpg 480w\" sizes=\"(min-width: 0px) and (max-width: 480px) 480px, (min-width: 481px) and (max-width: 980px) 980px, (min-width: 981px) 1024px, 100vw\" \/><button\n\t\t\tclass=\"lightbox-trigger\"\n\t\t\ttype=\"button\"\n\t\t\taria-haspopup=\"dialog\"\n\t\t\taria-label=\"Enlarge\"\n\t\t\tdata-wp-init=\"callbacks.initTriggerButton\"\n\t\t\tdata-wp-on--click=\"actions.showLightbox\"\n\t\t\tdata-wp-style--right=\"state.imageButtonRight\"\n\t\t\tdata-wp-style--top=\"state.imageButtonTop\"\n\t\t>\n\t\t\t<svg xmlns=\"http:\/\/www.w3.org\/2000\/svg\" width=\"12\" height=\"12\" fill=\"none\" viewbox=\"0 0 12 12\">\n\t\t\t\t<path fill=\"#fff\" d=\"M2 0a2 2 0 0 0-2 2v2h1.5V2a.5.5 0 0 1 .5-.5h2V0H2Zm2 10.5H2a.5.5 0 0 1-.5-.5V8H0v2a2 2 0 0 0 2 2h2v-1.5ZM8 12v-1.5h2a.5.5 0 0 0 .5-.5V8H12v2a2 2 0 0 1-2 2H8Zm2-12a2 2 0 0 1 2 2v2h-1.5V2a.5.5 0 0 0-.5-.5H8V0h2Z\" \/>\n\t\t\t<\/svg>\n\t\t<\/button><figcaption class=\"wp-element-caption\">(obiekt przed) fot. Dominik Gajda, UM Rybnik<\/figcaption><\/figure>\n<\/figure>\n\n\n\n<p><\/p>\n\n\n\n<p><\/p>\n\n\n\n<p><strong>Kategoria specjalna w\u0142a\u015bciwego u\u017cytkowania i sta\u0142ej opieki nad zabytkiem<\/strong><\/p>\n\n\n\n<p>Dwa r\u00f3wnorz\u0119dne tytu\u0142y laureat\u00f3w przyznano:<\/p>\n\n\n\n<ul class=\"wp-block-list\">\n<li><strong>Marianowi Wo\u0142kowskiemu-Wolskiemu<\/strong> za pieczo\u0142owite przebadanie, rozpoznanie, konserwacj\u0119 i restauracj\u0119 lamusa dworskiego \u2013 parteru dawnego dworu wie\u017cowego w Haw\u0142owicach G\u00f3rnych, dzi\u0119ki czemu ocalono przed zniszczeniem oraz ujawniono wyj\u0105tkow\u0105 warto\u015b\u0107 historyczn\u0105 i artystyczn\u0105 obiektu, a zabytek udost\u0119pniono zwiedzaj\u0105cym,<\/li>\n<\/ul>\n\n\n\n<figure class=\"wp-block-gallery has-nested-images columns-default is-cropped wp-block-gallery-17 is-layout-flex wp-block-gallery-is-layout-flex\">\n<figure data-wp-context=\"{&quot;imageId&quot;:&quot;69f71ab33a207&quot;}\" data-wp-interactive=\"core\/image\" data-wp-key=\"69f71ab33a207\" class=\"wp-block-image aligncenter size-large wp-lightbox-container\"><img loading=\"lazy\" decoding=\"async\" width=\"1024\" height=\"683\" data-wp-class--hide=\"state.isContentHidden\" data-wp-class--show=\"state.isContentVisible\" data-wp-init=\"callbacks.setButtonStyles\" data-wp-on--click=\"actions.showLightbox\" data-wp-on--load=\"callbacks.setButtonStyles\" data-wp-on-window--resize=\"callbacks.setButtonStyles\" data-id=\"22292\" src=\"https:\/\/nid.pl\/wp-content\/uploads\/2024\/09\/ZZ-2024-Hawlowice-Gorne-po-1024x683.jpg\" alt=\"Lamus dworski \u2013 parter dawnego dworu wie\u017cowego w Haw\u0142owicach G\u00f3rnych\" class=\"wp-image-22292\" srcset=\"https:\/\/nid.pl\/wp-content\/uploads\/2024\/09\/ZZ-2024-Hawlowice-Gorne-po-980x653.jpg 980w, https:\/\/nid.pl\/wp-content\/uploads\/2024\/09\/ZZ-2024-Hawlowice-Gorne-po-480x320.jpg 480w\" sizes=\"(min-width: 0px) and (max-width: 480px) 480px, (min-width: 481px) and (max-width: 980px) 980px, (min-width: 981px) 1024px, 100vw\" \/><button\n\t\t\tclass=\"lightbox-trigger\"\n\t\t\ttype=\"button\"\n\t\t\taria-haspopup=\"dialog\"\n\t\t\taria-label=\"Enlarge\"\n\t\t\tdata-wp-init=\"callbacks.initTriggerButton\"\n\t\t\tdata-wp-on--click=\"actions.showLightbox\"\n\t\t\tdata-wp-style--right=\"state.imageButtonRight\"\n\t\t\tdata-wp-style--top=\"state.imageButtonTop\"\n\t\t>\n\t\t\t<svg xmlns=\"http:\/\/www.w3.org\/2000\/svg\" width=\"12\" height=\"12\" fill=\"none\" viewbox=\"0 0 12 12\">\n\t\t\t\t<path fill=\"#fff\" d=\"M2 0a2 2 0 0 0-2 2v2h1.5V2a.5.5 0 0 1 .5-.5h2V0H2Zm2 10.5H2a.5.5 0 0 1-.5-.5V8H0v2a2 2 0 0 0 2 2h2v-1.5ZM8 12v-1.5h2a.5.5 0 0 0 .5-.5V8H12v2a2 2 0 0 1-2 2H8Zm2-12a2 2 0 0 1 2 2v2h-1.5V2a.5.5 0 0 0-.5-.5H8V0h2Z\" \/>\n\t\t\t<\/svg>\n\t\t<\/button><figcaption class=\"wp-element-caption\">(obiekt po) fot. Przemys\u0142aw G\u0119siorski, WUOZ w Przemy\u015blu<\/figcaption><\/figure>\n\n\n\n<figure data-wp-context=\"{&quot;imageId&quot;:&quot;69f71ab33a4f8&quot;}\" data-wp-interactive=\"core\/image\" data-wp-key=\"69f71ab33a4f8\" class=\"wp-block-image aligncenter size-large wp-lightbox-container\"><img loading=\"lazy\" decoding=\"async\" width=\"1024\" height=\"768\" data-wp-class--hide=\"state.isContentHidden\" data-wp-class--show=\"state.isContentVisible\" data-wp-init=\"callbacks.setButtonStyles\" data-wp-on--click=\"actions.showLightbox\" data-wp-on--load=\"callbacks.setButtonStyles\" data-wp-on-window--resize=\"callbacks.setButtonStyles\" data-id=\"22290\" src=\"https:\/\/nid.pl\/wp-content\/uploads\/2024\/09\/ZZ-2024-Hawlowice-Gorne-przed-1024x768.jpg\" alt=\"Lamus dworski \u2013 parter dawnego dworu wie\u017cowego w Haw\u0142owicach G\u00f3rnych\" class=\"wp-image-22290\" srcset=\"https:\/\/nid.pl\/wp-content\/uploads\/2024\/09\/ZZ-2024-Hawlowice-Gorne-przed-980x735.jpg 980w, https:\/\/nid.pl\/wp-content\/uploads\/2024\/09\/ZZ-2024-Hawlowice-Gorne-przed-480x360.jpg 480w\" sizes=\"(min-width: 0px) and (max-width: 480px) 480px, (min-width: 481px) and (max-width: 980px) 980px, (min-width: 981px) 1024px, 100vw\" \/><button\n\t\t\tclass=\"lightbox-trigger\"\n\t\t\ttype=\"button\"\n\t\t\taria-haspopup=\"dialog\"\n\t\t\taria-label=\"Enlarge\"\n\t\t\tdata-wp-init=\"callbacks.initTriggerButton\"\n\t\t\tdata-wp-on--click=\"actions.showLightbox\"\n\t\t\tdata-wp-style--right=\"state.imageButtonRight\"\n\t\t\tdata-wp-style--top=\"state.imageButtonTop\"\n\t\t>\n\t\t\t<svg xmlns=\"http:\/\/www.w3.org\/2000\/svg\" width=\"12\" height=\"12\" fill=\"none\" viewbox=\"0 0 12 12\">\n\t\t\t\t<path fill=\"#fff\" d=\"M2 0a2 2 0 0 0-2 2v2h1.5V2a.5.5 0 0 1 .5-.5h2V0H2Zm2 10.5H2a.5.5 0 0 1-.5-.5V8H0v2a2 2 0 0 0 2 2h2v-1.5ZM8 12v-1.5h2a.5.5 0 0 0 .5-.5V8H12v2a2 2 0 0 1-2 2H8Zm2-12a2 2 0 0 1 2 2v2h-1.5V2a.5.5 0 0 0-.5-.5H8V0h2Z\" \/>\n\t\t\t<\/svg>\n\t\t<\/button><figcaption class=\"wp-element-caption\">(obiekt przed) fot. Marian Wo\u0142kowski-Wolski<\/figcaption><\/figure>\n<\/figure>\n\n\n\n<p><\/p>\n\n\n\n<p><\/p>\n\n\n\n<ul class=\"wp-block-list\">\n<li><strong>Gminnemu O\u015brodkowi Kultury w Pszczewie<\/strong> za wieloletni\u0105, systematyczn\u0105 opiek\u0119 oraz anga\u017cowanie lokalnej spo\u0142eczno\u015bci w zabezpieczenie i utrwalenie warto\u015bci Domu Szewca, zabytku wyj\u0105tkowego w krajobrazie architektonicznym Pszczewa.<\/li>\n<\/ul>\n\n\n\n<figure class=\"wp-block-gallery has-nested-images columns-default is-cropped wp-block-gallery-18 is-layout-flex wp-block-gallery-is-layout-flex\">\n<figure data-wp-context=\"{&quot;imageId&quot;:&quot;69f71ab33a96b&quot;}\" data-wp-interactive=\"core\/image\" data-wp-key=\"69f71ab33a96b\" class=\"wp-block-image aligncenter size-large wp-lightbox-container\"><img loading=\"lazy\" decoding=\"async\" width=\"1024\" height=\"683\" data-wp-class--hide=\"state.isContentHidden\" data-wp-class--show=\"state.isContentVisible\" data-wp-init=\"callbacks.setButtonStyles\" data-wp-on--click=\"actions.showLightbox\" data-wp-on--load=\"callbacks.setButtonStyles\" data-wp-on-window--resize=\"callbacks.setButtonStyles\" data-id=\"22296\" src=\"https:\/\/nid.pl\/wp-content\/uploads\/2024\/09\/ZZ-2024-Pszczew-po-1024x683.jpg\" alt=\"Dom Szewca w Pszczewie\" class=\"wp-image-22296\" srcset=\"https:\/\/nid.pl\/wp-content\/uploads\/2024\/09\/ZZ-2024-Pszczew-po-980x653.jpg 980w, https:\/\/nid.pl\/wp-content\/uploads\/2024\/09\/ZZ-2024-Pszczew-po-480x320.jpg 480w\" sizes=\"(min-width: 0px) and (max-width: 480px) 480px, (min-width: 481px) and (max-width: 980px) 980px, (min-width: 981px) 1024px, 100vw\" \/><button\n\t\t\tclass=\"lightbox-trigger\"\n\t\t\ttype=\"button\"\n\t\t\taria-haspopup=\"dialog\"\n\t\t\taria-label=\"Enlarge\"\n\t\t\tdata-wp-init=\"callbacks.initTriggerButton\"\n\t\t\tdata-wp-on--click=\"actions.showLightbox\"\n\t\t\tdata-wp-style--right=\"state.imageButtonRight\"\n\t\t\tdata-wp-style--top=\"state.imageButtonTop\"\n\t\t>\n\t\t\t<svg xmlns=\"http:\/\/www.w3.org\/2000\/svg\" width=\"12\" height=\"12\" fill=\"none\" viewbox=\"0 0 12 12\">\n\t\t\t\t<path fill=\"#fff\" d=\"M2 0a2 2 0 0 0-2 2v2h1.5V2a.5.5 0 0 1 .5-.5h2V0H2Zm2 10.5H2a.5.5 0 0 1-.5-.5V8H0v2a2 2 0 0 0 2 2h2v-1.5ZM8 12v-1.5h2a.5.5 0 0 0 .5-.5V8H12v2a2 2 0 0 1-2 2H8Zm2-12a2 2 0 0 1 2 2v2h-1.5V2a.5.5 0 0 0-.5-.5H8V0h2Z\" \/>\n\t\t\t<\/svg>\n\t\t<\/button><figcaption class=\"wp-element-caption\">(obiekt po) fot. Archiwum GOK w Pszczewie<\/figcaption><\/figure>\n\n\n\n<figure data-wp-context=\"{&quot;imageId&quot;:&quot;69f71ab33abff&quot;}\" data-wp-interactive=\"core\/image\" data-wp-key=\"69f71ab33abff\" class=\"wp-block-image aligncenter size-large wp-lightbox-container\"><img loading=\"lazy\" decoding=\"async\" width=\"893\" height=\"632\" data-wp-class--hide=\"state.isContentHidden\" data-wp-class--show=\"state.isContentVisible\" data-wp-init=\"callbacks.setButtonStyles\" data-wp-on--click=\"actions.showLightbox\" data-wp-on--load=\"callbacks.setButtonStyles\" data-wp-on-window--resize=\"callbacks.setButtonStyles\" data-id=\"22294\" src=\"https:\/\/nid.pl\/wp-content\/uploads\/2024\/09\/ZZ-2024-Pszczew-przed.jpg\" alt=\"Dom Szewca w Pszczewie\" class=\"wp-image-22294\" srcset=\"https:\/\/nid.pl\/wp-content\/uploads\/2024\/09\/ZZ-2024-Pszczew-przed.jpg 893w, https:\/\/nid.pl\/wp-content\/uploads\/2024\/09\/ZZ-2024-Pszczew-przed-480x340.jpg 480w\" sizes=\"(min-width: 0px) and (max-width: 480px) 480px, (min-width: 481px) 893px, 100vw\" \/><button\n\t\t\tclass=\"lightbox-trigger\"\n\t\t\ttype=\"button\"\n\t\t\taria-haspopup=\"dialog\"\n\t\t\taria-label=\"Enlarge\"\n\t\t\tdata-wp-init=\"callbacks.initTriggerButton\"\n\t\t\tdata-wp-on--click=\"actions.showLightbox\"\n\t\t\tdata-wp-style--right=\"state.imageButtonRight\"\n\t\t\tdata-wp-style--top=\"state.imageButtonTop\"\n\t\t>\n\t\t\t<svg xmlns=\"http:\/\/www.w3.org\/2000\/svg\" width=\"12\" height=\"12\" fill=\"none\" viewbox=\"0 0 12 12\">\n\t\t\t\t<path fill=\"#fff\" d=\"M2 0a2 2 0 0 0-2 2v2h1.5V2a.5.5 0 0 1 .5-.5h2V0H2Zm2 10.5H2a.5.5 0 0 1-.5-.5V8H0v2a2 2 0 0 0 2 2h2v-1.5ZM8 12v-1.5h2a.5.5 0 0 0 .5-.5V8H12v2a2 2 0 0 1-2 2H8Zm2-12a2 2 0 0 1 2 2v2h-1.5V2a.5.5 0 0 0-.5-.5H8V0h2Z\" \/>\n\t\t\t<\/svg>\n\t\t<\/button><figcaption class=\"wp-element-caption\">(obiekt przed) fot. Archiwum UG Pszczew<\/figcaption><\/figure>\n<\/figure>\n\n\n\n<p><\/p>\n\n\n\n<p><\/p>\n\n\n\n<p><strong>Gala wr\u0119czenia nagr\u00f3d w konkursie \u201eZabytek Zadbany\u201d<\/strong><\/p>\n\n\n\n<p>Podczas gali odb\u0119dzie si\u0119 uroczyste wr\u0119czenie nagr\u00f3d przez sekretarz stanu w Ministerstwie Kultury i Dziedzictwa Narodowego, Generaln\u0105 Konserwator Zabytk\u00f3w Bo\u017cen\u0119 \u017belazowsk\u0105. Laureaci otrzymaj\u0105 dyplomy oraz tablice, kt\u00f3re mog\u0105 by\u0107 p\u00f3\u017aniej umieszczone na zabytkach. Na tablicach widnieje charakterystyczny bia\u0142o-niebieski znak zwany \u201etarcz\u0105 Zachwatowicza\u201d oraz nazwa i data edycji konkursu \u201eZabytek Zadbany\u201d. Tablice te, symbolizuj\u0105ce uznanie dla starannie przeprowadzonych prac konserwatorskich, restauratorskich czy adaptacyjnych, mo\u017cna zobaczy\u0107 na wielu obiektach w ca\u0142ej Polsce, zar\u00f3wno tych znanych, jak Muzeum Emigracji w Gdyni, jak i mniej znanych, ale r\u00f3wnie cennych, jak most kolejowy w Bytowie czy ko\u015bci\u00f3\u0142 Matki Boskiej R\u00f3\u017ca\u0144cowej w Koszalinie-Jamnie.<\/p>\n\n\n\n<p>W trakcie wydarzenia laureaci oraz wyr\u00f3\u017cnieni przedstawi\u0105 tak\u017ce swoje projekty i podziel\u0105 si\u0119 do\u015bwiadczeniami zwi\u0105zanymi z opiek\u0105 nad zabytkami. B\u0119dzie to r\u00f3wnie\u017c okazja do dyskusji na temat skomplikowanych prac badawczych, konserwatorskich i adaptacyjnych, jakie by\u0142y przeprowadzane przy zabytkach. Laureaci i wyr\u00f3\u017cnieni opiekunowie om\u00f3wi\u0105 wyzwania, jakie napotkali w trakcie realizacji projekt\u00f3w oraz przedstawi\u0105 plany na przysz\u0142o\u015b\u0107, w tym kontynuacj\u0119 dzia\u0142a\u0144 przy innych obiektach.<\/p>\n\n\n\n<p>W\u015br\u00f3d nagrodzonych znajduj\u0105 si\u0119 przedstawiciele samorz\u0105d\u00f3w, muze\u00f3w, parafii, przedsi\u0119biorstw oraz osoby prywatne z ca\u0142ej Polski, zar\u00f3wno z du\u017cych miast, jak i mniejszych miejscowo\u015bci.<\/p>\n\n\n\n<p><\/p>\n\n\n\n<p><\/p>","protected":false},"excerpt":{"rendered":"<p>17 wrze\u015bnia odb\u0119dzie si\u0119 uroczysta gala, podczas kt\u00f3rej zostan\u0105 wr\u0119czone nagrody w ramach og\u00f3lnopolskiego konkursu \u201eZabytek Zadbany\u201d, kt\u00f3rego zadaniem jest docenienie i wyr\u00f3\u017cnienie najlepszych przyk\u0142ad\u00f3w opieki, konserwacji oraz adaptacji zabytk\u00f3w [&hellip;]<\/p>","protected":false},"author":7,"featured_media":22328,"comment_status":"closed","ping_status":"closed","sticky":false,"template":"","format":"standard","meta":{"_et_pb_use_builder":"off","_et_pb_old_content":"<!-- wp:paragraph -->\n<p><strong>17 wrze\u015bnia odb\u0119dzie si\u0119 uroczysta gala, podczas kt\u00f3rej zostan\u0105 wr\u0119czone nagrody w ramach og\u00f3lnopolskiego konkursu \u201eZabytek Zadbany\u201d, kt\u00f3rego zadaniem jest docenienie i wyr\u00f3\u017cnienie najlepszych przyk\u0142ad\u00f3w opieki, konserwacji oraz adaptacji zabytk\u00f3w na terenie Polski. W tegorocznej edycji oceniono 67 zabytk\u00f3w, z kt\u00f3rych 8 otrzyma\u0142o tytu\u0142 laureata, a 10 zosta\u0142o wyr\u00f3\u017cnionych.<\/strong><\/p>\n<!-- \/wp:paragraph -->\n\n<!-- wp:paragraph -->\n<p>\u201eZabytek Zadbany\u201d to og\u00f3lnopolski konkurs Ministra Kultury i Dziedzictwa Narodowego oraz Generalnego Konserwatora Zabytk\u00f3w, kt\u00f3rego procedur\u0119 organizacyjn\u0105 prowadzi Narodowy Instytut Dziedzictwa. Konkurs ma na celu promowanie i nagradzanie najlepszych praktyk w zakresie ochrony, konserwacji i adaptacji zabytk\u00f3w, podkre\u015blaj\u0105c tym samym znaczenie dba\u0142o\u015bci o narodowe dziedzictwo kulturowe.<\/p>\n<!-- \/wp:paragraph -->\n\n<!-- wp:paragraph -->\n<p><\/p>\n<!-- \/wp:paragraph -->\n\n<!-- wp:paragraph -->\n<p><strong>Nagrody przyznawane s\u0105 w siedmiu kategoriach:<\/strong><\/p>\n<!-- \/wp:paragraph -->\n\n<!-- wp:list -->\n<ul class=\"wp-block-list\"><!-- wp:list-item -->\n<li>Utrwalenie warto\u015bci zabytkowej obiektu,<\/li>\n<!-- \/wp:list-item -->\n\n<!-- wp:list-item -->\n<li>Rewaloryzacja przestrzeni kulturowej i krajobrazu,<\/li>\n<!-- \/wp:list-item -->\n\n<!-- wp:list-item -->\n<li>Adaptacja obiekt\u00f3w zabytkowych,<\/li>\n<!-- \/wp:list-item -->\n\n<!-- wp:list-item -->\n<li>Architektura i budownictwo drewniane,<\/li>\n<!-- \/wp:list-item -->\n\n<!-- wp:list-item -->\n<li>Zabytki techniki,<\/li>\n<!-- \/wp:list-item -->\n\n<!-- wp:list-item -->\n<li>Zabytek dost\u0119pny,<\/li>\n<!-- \/wp:list-item -->\n\n<!-- wp:list-item -->\n<li>W\u0142a\u015bciwe u\u017cytkowanie i sta\u0142a opieka nad zabytkiem (kategoria specjalna).<\/li>\n<!-- \/wp:list-item --><\/ul>\n<!-- \/wp:list -->\n\n<!-- wp:paragraph -->\n<p><strong>W tegorocznej edycji jury obradowa\u0142o w sk\u0142adzie:<\/strong><\/p>\n<!-- \/wp:paragraph -->\n\n<!-- wp:list -->\n<ul class=\"wp-block-list\"><!-- wp:list-item -->\n<li><strong>prof. dr hab. arch. Ma\u0142gorzata Rozbicka<\/strong>, architekt, w latach 2013-2017 dyrektor Narodowego Instytutu Dziedzictwa, wyk\u0142adowca Wydzia\u0142u Architektury Politechniki Warszawskiej, przewodnicz\u0105ca jury;<\/li>\n<!-- \/wp:list-item -->\n\n<!-- wp:list-item -->\n<li><strong>dr hab. szt. Monika Bogdanowska<\/strong>, prof.,&nbsp; konserwator dzie\u0142 sztuki, wyk\u0142adowca Wydzia\u0142u Architektury Politechniki Krakowskiej im. Tadeusza Ko\u015bciuszki, wiceprzewodnicz\u0105ca jury;<\/li>\n<!-- \/wp:list-item -->\n\n<!-- wp:list-item -->\n<li><strong>dr Ma\u0142gorzata Gwiazdowska<\/strong>, historyk sztuki, w latach 1996-2018 Miejski Konserwator Zabytk\u00f3w w Szczecinie;<\/li>\n<!-- \/wp:list-item -->\n\n<!-- wp:list-item -->\n<li><strong>dr Jerzy Ilkosz<\/strong>, historyk sztuki, w latach 2000-2022 dyrektor Muzeum Architektury we Wroc\u0142awiu;<\/li>\n<!-- \/wp:list-item -->\n\n<!-- wp:list-item -->\n<li><strong>dr Maciej Prarat<\/strong>, konserwator zabytkoznawca, wyk\u0142adowca Wydzia\u0142u Sztuk Pi\u0119knych Uniwersytetu Miko\u0142aja Kopernika w Toruniu;<\/li>\n<!-- \/wp:list-item -->\n\n<!-- wp:list-item -->\n<li><strong>dr hab. Miron Urbaniak, prof. UWr<\/strong>, zast\u0119pca dyrektora Instytutu Historycznego Uniwersytetu Wroc\u0142awskiego, ekspert w dziedzinie zabytk\u00f3w techniki.<\/li>\n<!-- \/wp:list-item --><\/ul>\n<!-- \/wp:list -->\n\n<!-- wp:paragraph -->\n<p>Tegoroczne jury oceni\u0142o zg\u0142oszone projekty pod k\u0105tem ich wk\u0142adu w ochron\u0119 dziedzictwa kulturowego oraz innowacyjno\u015bci w podej\u015bciu do konserwacji i adaptacji zabytk\u00f3w. Lista &nbsp;laureat\u00f3w oraz wyr\u00f3\u017cnionych obiekt\u00f3w dost\u0119pna jest&nbsp; <a href=\"https:\/\/nid.pl\/2024\/06\/30\/znamy-wyniki-konkursu-zz-2024\/\">&lt;tutaj<\/a><a href=\"https:\/\/nid.pl\/2024\/06\/30\/znamy-wyniki-konkursu-zz-2024\/\" target=\"_blank\" rel=\"noreferrer noopener\">&gt;<\/a>.<\/p>\n<!-- \/wp:paragraph -->\n\n<!-- wp:paragraph -->\n<p><\/p>\n<!-- \/wp:paragraph -->\n\n<!-- wp:paragraph -->\n<p><strong>Kategoria utrwalenia warto\u015bci zabytkowej obiektu<\/strong><\/p>\n<!-- \/wp:paragraph -->\n\n<!-- wp:paragraph -->\n<p>Dwa r\u00f3wnorz\u0119dne tytu\u0142y laureat\u00f3w przyznano:<\/p>\n<!-- \/wp:paragraph -->\n\n<!-- wp:list -->\n<ul class=\"wp-block-list\"><!-- wp:list-item -->\n<li><strong>Miastu Jelenia G\u00f3ra<\/strong> za kompleksowe prace konserwatorskie w zespole willi secesyjnej Maxa Erfurta w Jeleniej G\u00f3rze, wykonane na podstawie wszechstronnych bada\u0144 konserwatorskich, kt\u00f3re pozwoli\u0142y na wydobycie i zachowanie wysokich walor\u00f3w architektonicznych i artystycznych zespo\u0142u.<\/li>\n<!-- \/wp:list-item --><\/ul>\n<!-- \/wp:list -->\n\n<!-- wp:paragraph -->\n<p><\/p>\n<!-- \/wp:paragraph -->\n\n<!-- wp:paragraph -->\n<p><\/p>\n<!-- \/wp:paragraph -->\n\n<!-- wp:paragraph -->\n<p><\/p>\n<!-- \/wp:paragraph -->\n\n<!-- wp:divi\/layout -->\n<div class=\"wp-block-divi-layout\">[et_pb_section fb_built=\"1\" theme_builder_area=\"post_content\" _builder_version=\"4.27.0\" _module_preset=\"default\"][et_pb_row _builder_version=\"4.27.0\" _module_preset=\"default\" column_structure=\"1_2,1_2\" theme_builder_area=\"post_content\"][et_pb_column _builder_version=\"4.27.0\" _module_preset=\"default\" type=\"1_2\" theme_builder_area=\"post_content\"][et_pb_gallery _builder_version=\"4.27.0\" _module_preset=\"default\" theme_builder_area=\"post_content\" posts_number=\"2\" gallery_ids=\"22216,22217\" hover_enabled=\"0\" sticky_enabled=\"0\"][\/et_pb_gallery][\/et_pb_column][et_pb_column _builder_version=\"4.27.0\" _module_preset=\"default\" type=\"1_2\" theme_builder_area=\"post_content\"][\/et_pb_column][\/et_pb_row][\/et_pb_section]<\/div>\n<!-- \/wp:divi\/layout -->\n\n<!-- wp:list -->\n<ul class=\"wp-block-list\"><!-- wp:list-item -->\n<li><strong>Miastu Nowy Dw\u00f3r Mazowiecki<\/strong> za kompleksowe prace budowlane i konserwatorskie przeprowadzone z pe\u0142nym poszanowaniem substancji zabytkowej i formy architektonicznej kasyna oficerskiego w Twierdzy Modlin oraz za staranno\u015b\u0107 i konsekwencj\u0119 w przywracaniu historycznej kompozycji jego elewacji i wystroju wn\u0119trz.<\/li>\n<!-- \/wp:list-item --><\/ul>\n<!-- \/wp:list -->\n\n<!-- wp:paragraph -->\n<p>Wyr\u00f3\u017cnienia w kategorii utrwalenia warto\u015bci zabytkowej obiektu&nbsp; przyznano:<\/p>\n<!-- \/wp:paragraph -->\n\n<!-- wp:list -->\n<ul class=\"wp-block-list\"><!-- wp:list-item -->\n<li><strong>Miastu \u0141\u00f3d\u017a<\/strong> za prace konserwatorskie przeprowadzone z pe\u0142nym poszanowaniem oryginalnej substancji kamienicy rezydencjonalnej Hilarego Majewskiego w \u0141odzi, w wyniku kt\u00f3rych uratowano zdekapitalizowany obiekt wraz z jego wystrojem i wyeksponowano walory artystyczne zabytku,<\/li>\n<!-- \/wp:list-item -->\n\n<!-- wp:list-item -->\n<li><strong>Zborowi w Szczecinie Ko\u015bcio\u0142a Chrze\u015bcijan Baptyst\u00f3w Rzeczypospolitej Polskiej<\/strong> za prace budowlane i konserwatorskie przeprowadzone w budynku z kaplic\u0105 baptyst\u00f3w w Szczecinie, kt\u00f3re pozwoli\u0142y na zachowanie integralno\u015bci zabytku oraz wydobycie jego walor\u00f3w artystycznych i u\u017cytkowych.<\/li>\n<!-- \/wp:list-item --><\/ul>\n<!-- \/wp:list -->\n\n<!-- wp:paragraph -->\n<p><strong>Kategoria rewaloryzacji przestrzeni kulturowej i krajobrazu<\/strong><\/p>\n<!-- \/wp:paragraph -->\n\n<!-- wp:paragraph -->\n<p>Tytu\u0142 laureata przyznano:<\/p>\n<!-- \/wp:paragraph -->\n\n<!-- wp:list -->\n<ul class=\"wp-block-list\"><!-- wp:list-item -->\n<li><strong>Muzeum w Lewkowie \u2013 Zespo\u0142owi Pa\u0142acowo-<\/strong>Parkowego za kompleksowe prace budowlane, konserwatorskie i rewaloryzacyjne w cennym zespole pa\u0142acowo-parkowym doby klasycyzmu w Lewkowie, kt\u00f3re przywr\u00f3ci\u0142y mu dawn\u0105 \u015bwietno\u015b\u0107 i pozwoli\u0142y na ca\u0142o\u015bciowe udost\u0119pnienie mieszka\u0144com i turystom.<\/li>\n<!-- \/wp:list-item --><\/ul>\n<!-- \/wp:list -->\n\n<!-- wp:paragraph -->\n<p>Wyr\u00f3\u017cnienia w kategorii rewaloryzacji przestrzeni kulturowej i krajobrazu przyznano:<\/p>\n<!-- \/wp:paragraph -->\n\n<!-- wp:list -->\n<ul class=\"wp-block-list\"><!-- wp:list-item -->\n<li><strong>Gminie Twardog\u00f3ra<\/strong> za przeprowadzenie prac zabezpieczaj\u0105cych i restauratorskich, dzi\u0119ki kt\u00f3rym zachowano zgodnie z zasadami konserwatorskimi oryginaln\u0105 substancj\u0119 i form\u0119 trwa\u0142ej ruiny pa\u0142acu w zespole pa\u0142acowo-parkowym w Goszczu oraz w pe\u0142ni udost\u0119pniono obiekt zwiedzaj\u0105cym,<\/li>\n<!-- \/wp:list-item -->\n\n<!-- wp:list-item -->\n<li><strong>Muzeum Ma\u0142opolski Zachodniej w Wygie\u0142zowie<\/strong> za konsekwentn\u0105, etapow\u0105 realizacj\u0119 prac, dzi\u0119ki kt\u00f3rym zabezpieczono i udost\u0119pniono ruiny zamku Lipowiec w Babicach oraz utrwalono je w miejscowym krajobrazie kulturowym.<\/li>\n<!-- \/wp:list-item --><\/ul>\n<!-- \/wp:list -->\n\n<!-- wp:paragraph -->\n<p><strong>Kategoria adaptacji obiekt\u00f3w zabytkowych<\/strong><\/p>\n<!-- \/wp:paragraph -->\n\n<!-- wp:paragraph -->\n<p>Tytu\u0142 laureata przyznano:<\/p>\n<!-- \/wp:paragraph -->\n\n<!-- wp:list -->\n<ul class=\"wp-block-list\"><!-- wp:list-item -->\n<li><strong>Euro Styl Montownia - Sp\u00f3\u0142ce z ograniczon\u0105 odpowiedzialno\u015bci\u0105<\/strong> za prace konserwatorskie i adaptacyjne przeprowadzone z du\u017cym szacunkiem dla oryginalnej formy architektonicznej i substancji materialnej budynku produkcyjno-magazynowego na terenie dawnej Stoczni Gda\u0144skiej, obecnie Montowni Lofts &amp; Experience, z zachowaniem w obiekcie historycznych nawarstwie\u0144 oraz licznych oryginalnych detali i urz\u0105dze\u0144.<\/li>\n<!-- \/wp:list-item --><\/ul>\n<!-- \/wp:list -->\n\n<!-- wp:paragraph -->\n<p>Wyr\u00f3\u017cnienia w kategorii adaptacji obiekt\u00f3w zabytkowych przyznano:<\/p>\n<!-- \/wp:paragraph -->\n\n<!-- wp:list -->\n<ul class=\"wp-block-list\"><!-- wp:list-item -->\n<li><strong>Kampinoskiemu Parkowi Narodowemu<\/strong> za przywr\u00f3cenie w\u0142a\u015bciwego stanu technicznego, zachowanie historycznego charakteru i formy architektonicznej zespo\u0142u drewnianej zabudowy le\u015bnicz\u00f3wki w Granicy oraz nadanie mu nowych funkcji u\u017cytkowych,<\/li>\n<!-- \/wp:list-item -->\n\n<!-- wp:list-item -->\n<li><strong>Gminie Olkusz<\/strong> za wysoki poziom wykonanych prac budowlanych i konserwatorskich oraz udan\u0105 adaptacj\u0119 do nowych funkcji budynku dawnego starostwa \u2013 wraz z piwnicami kwarta\u0142u kr\u00f3lewskiego \u2013 i gotyckich piwnic ratuszowych w Olkuszu,<\/li>\n<!-- \/wp:list-item -->\n\n<!-- wp:list-item -->\n<li><strong>Uniwersytetowi WSB Merito w Poznaniu<\/strong> za prace budowlane i konserwatorskie oraz przystosowanie historycznych budynk\u00f3w pokoszarowych przy ul. Franciszka Ratajczaka 1 i 3 w Poznaniu do nowej funkcji biurowo-dydaktycznej i wsp\u00f3\u0142czesnych wymog\u00f3w funkcjonalno-u\u017cytkowych.<\/li>\n<!-- \/wp:list-item --><\/ul>\n<!-- \/wp:list -->\n\n<!-- wp:paragraph -->\n<p><strong>Kategoria architektury i budownictwa drewnianego<\/strong><\/p>\n<!-- \/wp:paragraph -->\n\n<!-- wp:paragraph -->\n<p>Tytu\u0142 laureata przyznano:<\/p>\n<!-- \/wp:paragraph -->\n\n<!-- wp:list -->\n<ul class=\"wp-block-list\"><!-- wp:list-item -->\n<li><strong>Parafii Rzymskokatolickiej Naj\u015bwi\u0119tszego Serca Pana Jezusa w Rzepinie<\/strong> za pe\u0142ne rozpoznanie badawcze, wzorcowe prace konserwatorsko-restauratorskie przeprowadzone z wykorzystaniem tradycyjnych technik budowlanych i za zachowanie autentyzmu substancji zabytkowej ko\u015bcio\u0142a filialnego Podwy\u017cszenia Krzy\u017ca \u015awi\u0119tego w Lubiechni Ma\u0142ej.<\/li>\n<!-- \/wp:list-item --><\/ul>\n<!-- \/wp:list -->\n\n<!-- wp:paragraph -->\n<p>Wyr\u00f3\u017cnienia w kategorii architektury i budownictwa drewnianego przyznano:<\/p>\n<!-- \/wp:paragraph -->\n\n<!-- wp:list -->\n<ul class=\"wp-block-list\"><!-- wp:list-item -->\n<li><strong>Uzdrowisku Gocza\u0142kowice-Zdr\u00f3j - Sp\u00f3\u0142ce z ograniczon\u0105 odpowiedzialno\u015bci\u0105 za<\/strong> uczytelnienie warto\u015bci zabytkowych, przywr\u00f3cenie pierwotnej funkcji oraz popraw\u0119 stanu technicznego i walor\u00f3w estetycznych pawilonu Starej Pijalni w Gocza\u0142kowicach-Zdroju,<\/li>\n<!-- \/wp:list-item -->\n\n<!-- wp:list-item -->\n<li><strong>Lasom Miejskim \u2013 Warszawa<\/strong> za prace budowlane i konserwatorskie wykonane z zastosowaniem dawnych rozwi\u0105za\u0144 materia\u0142owych i konstrukcyjnych, z poszanowaniem pierwotnej formy, wystroju i wyposa\u017cenia wn\u0119trz le\u015bnicz\u00f3wki przy ul. Rydzowej 1 w Warszawie,<\/li>\n<!-- \/wp:list-item -->\n\n<!-- wp:list-item -->\n<li><strong>Parafii Rzymskokatolickiej \u015awi\u0119tej Anny w Jaktorowie<\/strong> za prace budowlane i konserwatorskie w ko\u015bciele parafialnym \u015awi\u0119tej Anny w Jaktorowie, w wyniku kt\u00f3rych zatrzymano procesy destrukcji nietypowej zdwojonej konstrukcji \u015bcian oraz wyeksponowano warto\u015bci estetyczne i artystyczne obiektu.<\/li>\n<!-- \/wp:list-item --><\/ul>\n<!-- \/wp:list -->\n\n<!-- wp:paragraph -->\n<p><strong>Kategoria zabytk\u00f3w techniki<\/strong><\/p>\n<!-- \/wp:paragraph -->\n\n<!-- wp:paragraph -->\n<p>Tytu\u0142 laureata&nbsp; przyznano:<\/p>\n<!-- \/wp:paragraph -->\n\n<!-- wp:list -->\n<ul class=\"wp-block-list\"><!-- wp:list-item -->\n<li><strong>Zabytkowej Kopalni Ignacy w Rybniku<\/strong> za staranne prace budowlane i konserwatorskie, przeprowadzone z poszanowaniem historycznej substancji i formy budowlanej nadszybia i maszynowni szybu Ko\u015bciuszko oraz za zachowanie i przywr\u00f3cenie do pe\u0142nej sprawno\u015bci unikatowego wyposa\u017cenia technologicznego.<\/li>\n<!-- \/wp:list-item --><\/ul>\n<!-- \/wp:list -->\n\n<!-- wp:paragraph -->\n<p><strong>Kategoria specjalna w\u0142a\u015bciwego u\u017cytkowania i sta\u0142ej opieki nad zabytkiem<\/strong><\/p>\n<!-- \/wp:paragraph -->\n\n<!-- wp:paragraph -->\n<p>Dwa r\u00f3wnorz\u0119dne tytu\u0142y laureat\u00f3w przyznano:<\/p>\n<!-- \/wp:paragraph -->\n\n<!-- wp:list -->\n<ul class=\"wp-block-list\"><!-- wp:list-item -->\n<li><strong>Marianowi Wo\u0142kowskiemu-Wolskiemu<\/strong> za pieczo\u0142owite przebadanie, rozpoznanie, konserwacj\u0119 i restauracj\u0119 lamusa dworskiego \u2013 parteru dawnego dworu wie\u017cowego w Haw\u0142owicach G\u00f3rnych, dzi\u0119ki czemu ocalono przed zniszczeniem oraz ujawniono wyj\u0105tkow\u0105 warto\u015b\u0107 historyczn\u0105 i artystyczn\u0105 obiektu, a zabytek udost\u0119pniono zwiedzaj\u0105cym,<\/li>\n<!-- \/wp:list-item -->\n\n<!-- wp:list-item -->\n<li><strong>Gminnemu O\u015brodkowi Kultury w Pszczewie<\/strong> za wieloletni\u0105, systematyczn\u0105 opiek\u0119 oraz anga\u017cowanie lokalnej spo\u0142eczno\u015bci w zabezpieczenie i utrwalenie warto\u015bci Domu Szewca, zabytku wyj\u0105tkowego w krajobrazie architektonicznym Pszczewa.<\/li>\n<!-- \/wp:list-item --><\/ul>\n<!-- \/wp:list -->\n\n<!-- wp:paragraph -->\n<p>Jury nie przyzna\u0142o nagr\u00f3d w nowo utworzonej kategorii \u201eZabytek dost\u0119pny\u201d, kt\u00f3ra pojawi\u0142a si\u0119 po raz pierwszy w tegorocznej edycji Konkursu.<\/p>\n<!-- \/wp:paragraph -->\n\n<!-- wp:paragraph -->\n<p><\/p>\n<!-- \/wp:paragraph -->\n\n<!-- wp:paragraph -->\n<p><strong>Gala wr\u0119czenia nagr\u00f3d w konkursie \u201eZabytek Zadbany\u201d<\/strong><\/p>\n<!-- \/wp:paragraph -->\n\n<!-- wp:paragraph -->\n<p>Podczas gali odb\u0119dzie si\u0119 uroczyste wr\u0119czenie nagr\u00f3d przez sekretarz stanu w Ministerstwie Kultury i Dziedzictwa Narodowego, Generaln\u0105 Konserwator Zabytk\u00f3w Bo\u017cen\u0119 \u017belazowsk\u0105. Laureaci otrzymaj\u0105 dyplomy oraz tablice, kt\u00f3re mog\u0105 by\u0107 p\u00f3\u017aniej umieszczone na zabytkach. Na tablicach widnieje charakterystyczny bia\u0142o-niebieski znak zwany \u201etarcz\u0105 Zachwatowicza\u201d oraz nazwa i data edycji konkursu \u201eZabytek Zadbany\u201d. Tablice te, symbolizuj\u0105ce uznanie dla starannie przeprowadzonych prac konserwatorskich, restauratorskich czy adaptacyjnych, mo\u017cna zobaczy\u0107 na wielu obiektach w ca\u0142ej Polsce, zar\u00f3wno tych znanych, jak Muzeum Emigracji w Gdyni, jak i mniej znanych, ale r\u00f3wnie cennych, jak most kolejowy w Bytowie czy ko\u015bci\u00f3\u0142 Matki Boskiej R\u00f3\u017ca\u0144cowej w Koszalinie-Jamnie.<\/p>\n<!-- \/wp:paragraph -->\n\n<!-- wp:paragraph -->\n<p>W trakcie wydarzenia laureaci oraz wyr\u00f3\u017cnieni przedstawi\u0105 tak\u017ce swoje projekty i podziel\u0105 si\u0119 do\u015bwiadczeniami zwi\u0105zanymi z opiek\u0105 nad zabytkami. B\u0119dzie to r\u00f3wnie\u017c okazja do dyskusji na temat skomplikowanych prac badawczych, konserwatorskich i adaptacyjnych, jakie by\u0142y przeprowadzane przy zabytkach. Laureaci i wyr\u00f3\u017cnieni opiekunowie om\u00f3wi\u0105 wyzwania, jakie napotkali w trakcie realizacji projekt\u00f3w oraz przedstawi\u0105 plany na przysz\u0142o\u015b\u0107, w tym kontynuacj\u0119 dzia\u0142a\u0144 przy innych obiektach.<\/p>\n<!-- \/wp:paragraph -->\n\n<!-- wp:paragraph -->\n<p>W\u015br\u00f3d nagrodzonych znajduj\u0105 si\u0119 przedstawiciele samorz\u0105d\u00f3w, muze\u00f3w, parafii, przedsi\u0119biorstw oraz osoby prywatne z ca\u0142ej Polski, zar\u00f3wno z du\u017cych miast, jak i mniejszych miejscowo\u015bci.<\/p>\n<!-- \/wp:paragraph -->\n\n<!-- wp:paragraph -->\n<p><\/p>\n<!-- \/wp:paragraph -->\n\n<!-- wp:paragraph -->\n<p><\/p>\n<!-- \/wp:paragraph -->","_et_gb_content_width":"","_monsterinsights_skip_tracking":false,"_monsterinsights_sitenote_active":false,"_monsterinsights_sitenote_note":"","_monsterinsights_sitenote_category":0,"footnotes":""},"categories":[3,31],"tags":[],"class_list":["post-22207","post","type-post","status-publish","format-standard","has-post-thumbnail","hentry","category-aktualnosci","category-zabytek-zadbany"],"yoast_head":"<!-- This site is optimized with the Yoast SEO plugin v26.5 - https:\/\/yoast.com\/wordpress\/plugins\/seo\/ -->\n<title>Zabytek Zadbany 2024 - NID<\/title>\n<meta name=\"robots\" content=\"index, follow, max-snippet:-1, max-image-preview:large, max-video-preview:-1\" \/>\n<link rel=\"canonical\" href=\"https:\/\/nid.pl\/en\/2024\/09\/12\/wreczenie-nagrod-zz-2024\/\" \/>\n<meta property=\"og:locale\" content=\"en_GB\" \/>\n<meta property=\"og:type\" content=\"article\" \/>\n<meta property=\"og:title\" content=\"Zabytek Zadbany 2024 - NID\" \/>\n<meta property=\"og:description\" content=\"17 wrze\u015bnia odb\u0119dzie si\u0119 uroczysta gala, podczas kt\u00f3rej zostan\u0105 wr\u0119czone nagrody w ramach og\u00f3lnopolskiego konkursu \u201eZabytek Zadbany\u201d, kt\u00f3rego zadaniem jest docenienie i wyr\u00f3\u017cnienie najlepszych przyk\u0142ad\u00f3w opieki, konserwacji oraz adaptacji zabytk\u00f3w [&hellip;]\" \/>\n<meta property=\"og:url\" content=\"https:\/\/nid.pl\/en\/2024\/09\/12\/wreczenie-nagrod-zz-2024\/\" \/>\n<meta property=\"og:site_name\" content=\"NID\" \/>\n<meta property=\"article:publisher\" content=\"https:\/\/www.facebook.com\/zabytek\" \/>\n<meta property=\"article:published_time\" content=\"2024-09-12T11:19:38+00:00\" \/>\n<meta property=\"article:modified_time\" content=\"2024-09-13T08:47:31+00:00\" \/>\n<meta property=\"og:image\" content=\"https:\/\/nid.pl\/wp-content\/uploads\/2024\/09\/miniatura_ZZ-2024.jpg\" \/>\n\t<meta property=\"og:image:width\" content=\"1850\" \/>\n\t<meta property=\"og:image:height\" content=\"1238\" \/>\n\t<meta property=\"og:image:type\" content=\"image\/jpeg\" \/>\n<meta name=\"author\" content=\"Barbara Halliop\" \/>\n<meta name=\"twitter:card\" content=\"summary_large_image\" \/>\n<meta name=\"twitter:creator\" content=\"@NarIDpl\" \/>\n<meta name=\"twitter:site\" content=\"@NarIDpl\" \/>\n<meta name=\"twitter:label1\" content=\"Written by\" \/>\n\t<meta name=\"twitter:data1\" content=\"Barbara Halliop\" \/>\n\t<meta name=\"twitter:label2\" content=\"Estimated reading time\" \/>\n\t<meta name=\"twitter:data2\" content=\"16 minutes\" \/>\n<script type=\"application\/ld+json\" class=\"yoast-schema-graph\">{\"@context\":\"https:\/\/schema.org\",\"@graph\":[{\"@type\":\"Article\",\"@id\":\"https:\/\/nid.pl\/2024\/09\/12\/wreczenie-nagrod-zz-2024\/#article\",\"isPartOf\":{\"@id\":\"https:\/\/nid.pl\/2024\/09\/12\/wreczenie-nagrod-zz-2024\/\"},\"author\":{\"name\":\"Barbara Halliop\",\"@id\":\"https:\/\/nid.pl\/#\/schema\/person\/1b690a8998a5111cfb9f0ffe24195a15\"},\"headline\":\"Zabytek Zadbany 2024\",\"datePublished\":\"2024-09-12T11:19:38+00:00\",\"dateModified\":\"2024-09-13T08:47:31+00:00\",\"mainEntityOfPage\":{\"@id\":\"https:\/\/nid.pl\/2024\/09\/12\/wreczenie-nagrod-zz-2024\/\"},\"wordCount\":1687,\"publisher\":{\"@id\":\"https:\/\/nid.pl\/#organization\"},\"image\":{\"@id\":\"https:\/\/nid.pl\/2024\/09\/12\/wreczenie-nagrod-zz-2024\/#primaryimage\"},\"thumbnailUrl\":\"https:\/\/nid.pl\/wp-content\/uploads\/2024\/09\/miniatura_ZZ-2024.jpg\",\"articleSection\":[\"Aktualno\u015bci\",\"Zabytek Zadbany\"],\"inLanguage\":\"en-GB\"},{\"@type\":\"WebPage\",\"@id\":\"https:\/\/nid.pl\/2024\/09\/12\/wreczenie-nagrod-zz-2024\/\",\"url\":\"https:\/\/nid.pl\/2024\/09\/12\/wreczenie-nagrod-zz-2024\/\",\"name\":\"Zabytek Zadbany 2024 - NID\",\"isPartOf\":{\"@id\":\"https:\/\/nid.pl\/#website\"},\"primaryImageOfPage\":{\"@id\":\"https:\/\/nid.pl\/2024\/09\/12\/wreczenie-nagrod-zz-2024\/#primaryimage\"},\"image\":{\"@id\":\"https:\/\/nid.pl\/2024\/09\/12\/wreczenie-nagrod-zz-2024\/#primaryimage\"},\"thumbnailUrl\":\"https:\/\/nid.pl\/wp-content\/uploads\/2024\/09\/miniatura_ZZ-2024.jpg\",\"datePublished\":\"2024-09-12T11:19:38+00:00\",\"dateModified\":\"2024-09-13T08:47:31+00:00\",\"breadcrumb\":{\"@id\":\"https:\/\/nid.pl\/2024\/09\/12\/wreczenie-nagrod-zz-2024\/#breadcrumb\"},\"inLanguage\":\"en-GB\",\"potentialAction\":[{\"@type\":\"ReadAction\",\"target\":[\"https:\/\/nid.pl\/2024\/09\/12\/wreczenie-nagrod-zz-2024\/\"]}]},{\"@type\":\"ImageObject\",\"inLanguage\":\"en-GB\",\"@id\":\"https:\/\/nid.pl\/2024\/09\/12\/wreczenie-nagrod-zz-2024\/#primaryimage\",\"url\":\"https:\/\/nid.pl\/wp-content\/uploads\/2024\/09\/miniatura_ZZ-2024.jpg\",\"contentUrl\":\"https:\/\/nid.pl\/wp-content\/uploads\/2024\/09\/miniatura_ZZ-2024.jpg\",\"width\":1850,\"height\":1238,\"caption\":\"drewno\"},{\"@type\":\"BreadcrumbList\",\"@id\":\"https:\/\/nid.pl\/2024\/09\/12\/wreczenie-nagrod-zz-2024\/#breadcrumb\",\"itemListElement\":[{\"@type\":\"ListItem\",\"position\":1,\"name\":\"Home\",\"item\":\"https:\/\/nid.pl\/\"},{\"@type\":\"ListItem\",\"position\":2,\"name\":\"Zabytek Zadbany 2024\"}]},{\"@type\":\"WebSite\",\"@id\":\"https:\/\/nid.pl\/#website\",\"url\":\"https:\/\/nid.pl\/\",\"name\":\"NID\",\"description\":\"Narodowy Instytut Dziedzictwa\",\"publisher\":{\"@id\":\"https:\/\/nid.pl\/#organization\"},\"potentialAction\":[{\"@type\":\"SearchAction\",\"target\":{\"@type\":\"EntryPoint\",\"urlTemplate\":\"https:\/\/nid.pl\/?s={search_term_string}\"},\"query-input\":{\"@type\":\"PropertyValueSpecification\",\"valueRequired\":true,\"valueName\":\"search_term_string\"}}],\"inLanguage\":\"en-GB\"},{\"@type\":\"Organization\",\"@id\":\"https:\/\/nid.pl\/#organization\",\"name\":\"Narodowy Instytut Dziedzictwa\",\"url\":\"https:\/\/nid.pl\/\",\"logo\":{\"@type\":\"ImageObject\",\"inLanguage\":\"en-GB\",\"@id\":\"https:\/\/nid.pl\/#\/schema\/logo\/image\/\",\"url\":\"https:\/\/nid.pl\/wp-content\/uploads\/2022\/10\/logoRedDark.png\",\"contentUrl\":\"https:\/\/nid.pl\/wp-content\/uploads\/2022\/10\/logoRedDark.png\",\"width\":200,\"height\":197,\"caption\":\"Narodowy Instytut Dziedzictwa\"},\"image\":{\"@id\":\"https:\/\/nid.pl\/#\/schema\/logo\/image\/\"},\"sameAs\":[\"https:\/\/www.facebook.com\/zabytek\",\"https:\/\/x.com\/NarIDpl\",\"https:\/\/www.instagram.com\/nid.pl\/?hl=pl\",\"https:\/\/www.linkedin.com\/company\/narodowy-instytut-dziedzictwa\",\"https:\/\/www.youtube.com\/channel\/UCQXuhKa2uHtmNvLRUSx40JA\"]},{\"@type\":\"Person\",\"@id\":\"https:\/\/nid.pl\/#\/schema\/person\/1b690a8998a5111cfb9f0ffe24195a15\",\"name\":\"Barbara Halliop\",\"image\":{\"@type\":\"ImageObject\",\"inLanguage\":\"en-GB\",\"@id\":\"https:\/\/nid.pl\/#\/schema\/person\/image\/\",\"url\":\"https:\/\/nid.pl\/wp-content\/litespeed\/avatar\/924046d17dd0c842c9fa9ccf489bc6dc.jpg?ver=1777444967\",\"contentUrl\":\"https:\/\/nid.pl\/wp-content\/litespeed\/avatar\/924046d17dd0c842c9fa9ccf489bc6dc.jpg?ver=1777444967\",\"caption\":\"Barbara Halliop\"},\"url\":\"https:\/\/nid.pl\/en\/author\/bhalliop\/\"}]}<\/script>\n<!-- \/ Yoast SEO plugin. -->","yoast_head_json":{"title":"Zabytek Zadbany 2024 - NID","robots":{"index":"index","follow":"follow","max-snippet":"max-snippet:-1","max-image-preview":"max-image-preview:large","max-video-preview":"max-video-preview:-1"},"canonical":"https:\/\/nid.pl\/en\/2024\/09\/12\/wreczenie-nagrod-zz-2024\/","og_locale":"en_GB","og_type":"article","og_title":"Zabytek Zadbany 2024 - NID","og_description":"17 wrze\u015bnia odb\u0119dzie si\u0119 uroczysta gala, podczas kt\u00f3rej zostan\u0105 wr\u0119czone nagrody w ramach og\u00f3lnopolskiego konkursu \u201eZabytek Zadbany\u201d, kt\u00f3rego zadaniem jest docenienie i wyr\u00f3\u017cnienie najlepszych przyk\u0142ad\u00f3w opieki, konserwacji oraz adaptacji zabytk\u00f3w [&hellip;]","og_url":"https:\/\/nid.pl\/en\/2024\/09\/12\/wreczenie-nagrod-zz-2024\/","og_site_name":"NID","article_publisher":"https:\/\/www.facebook.com\/zabytek","article_published_time":"2024-09-12T11:19:38+00:00","article_modified_time":"2024-09-13T08:47:31+00:00","og_image":[{"width":1850,"height":1238,"url":"https:\/\/nid.pl\/wp-content\/uploads\/2024\/09\/miniatura_ZZ-2024.jpg","type":"image\/jpeg"}],"author":"Barbara Halliop","twitter_card":"summary_large_image","twitter_creator":"@NarIDpl","twitter_site":"@NarIDpl","twitter_misc":{"Written by":"Barbara Halliop","Estimated reading time":"16 minutes"},"schema":{"@context":"https:\/\/schema.org","@graph":[{"@type":"Article","@id":"https:\/\/nid.pl\/2024\/09\/12\/wreczenie-nagrod-zz-2024\/#article","isPartOf":{"@id":"https:\/\/nid.pl\/2024\/09\/12\/wreczenie-nagrod-zz-2024\/"},"author":{"name":"Barbara Halliop","@id":"https:\/\/nid.pl\/#\/schema\/person\/1b690a8998a5111cfb9f0ffe24195a15"},"headline":"Zabytek Zadbany 2024","datePublished":"2024-09-12T11:19:38+00:00","dateModified":"2024-09-13T08:47:31+00:00","mainEntityOfPage":{"@id":"https:\/\/nid.pl\/2024\/09\/12\/wreczenie-nagrod-zz-2024\/"},"wordCount":1687,"publisher":{"@id":"https:\/\/nid.pl\/#organization"},"image":{"@id":"https:\/\/nid.pl\/2024\/09\/12\/wreczenie-nagrod-zz-2024\/#primaryimage"},"thumbnailUrl":"https:\/\/nid.pl\/wp-content\/uploads\/2024\/09\/miniatura_ZZ-2024.jpg","articleSection":["Aktualno\u015bci","Zabytek Zadbany"],"inLanguage":"en-GB"},{"@type":"WebPage","@id":"https:\/\/nid.pl\/2024\/09\/12\/wreczenie-nagrod-zz-2024\/","url":"https:\/\/nid.pl\/2024\/09\/12\/wreczenie-nagrod-zz-2024\/","name":"Zabytek Zadbany 2024 - NID","isPartOf":{"@id":"https:\/\/nid.pl\/#website"},"primaryImageOfPage":{"@id":"https:\/\/nid.pl\/2024\/09\/12\/wreczenie-nagrod-zz-2024\/#primaryimage"},"image":{"@id":"https:\/\/nid.pl\/2024\/09\/12\/wreczenie-nagrod-zz-2024\/#primaryimage"},"thumbnailUrl":"https:\/\/nid.pl\/wp-content\/uploads\/2024\/09\/miniatura_ZZ-2024.jpg","datePublished":"2024-09-12T11:19:38+00:00","dateModified":"2024-09-13T08:47:31+00:00","breadcrumb":{"@id":"https:\/\/nid.pl\/2024\/09\/12\/wreczenie-nagrod-zz-2024\/#breadcrumb"},"inLanguage":"en-GB","potentialAction":[{"@type":"ReadAction","target":["https:\/\/nid.pl\/2024\/09\/12\/wreczenie-nagrod-zz-2024\/"]}]},{"@type":"ImageObject","inLanguage":"en-GB","@id":"https:\/\/nid.pl\/2024\/09\/12\/wreczenie-nagrod-zz-2024\/#primaryimage","url":"https:\/\/nid.pl\/wp-content\/uploads\/2024\/09\/miniatura_ZZ-2024.jpg","contentUrl":"https:\/\/nid.pl\/wp-content\/uploads\/2024\/09\/miniatura_ZZ-2024.jpg","width":1850,"height":1238,"caption":"drewno"},{"@type":"BreadcrumbList","@id":"https:\/\/nid.pl\/2024\/09\/12\/wreczenie-nagrod-zz-2024\/#breadcrumb","itemListElement":[{"@type":"ListItem","position":1,"name":"Home","item":"https:\/\/nid.pl\/"},{"@type":"ListItem","position":2,"name":"Zabytek Zadbany 2024"}]},{"@type":"WebSite","@id":"https:\/\/nid.pl\/#website","url":"https:\/\/nid.pl\/","name":"NID","description":"Narodowy Instytut Dziedzictwa","publisher":{"@id":"https:\/\/nid.pl\/#organization"},"potentialAction":[{"@type":"SearchAction","target":{"@type":"EntryPoint","urlTemplate":"https:\/\/nid.pl\/?s={search_term_string}"},"query-input":{"@type":"PropertyValueSpecification","valueRequired":true,"valueName":"search_term_string"}}],"inLanguage":"en-GB"},{"@type":"Organization","@id":"https:\/\/nid.pl\/#organization","name":"Narodowy Instytut Dziedzictwa","url":"https:\/\/nid.pl\/","logo":{"@type":"ImageObject","inLanguage":"en-GB","@id":"https:\/\/nid.pl\/#\/schema\/logo\/image\/","url":"https:\/\/nid.pl\/wp-content\/uploads\/2022\/10\/logoRedDark.png","contentUrl":"https:\/\/nid.pl\/wp-content\/uploads\/2022\/10\/logoRedDark.png","width":200,"height":197,"caption":"Narodowy Instytut Dziedzictwa"},"image":{"@id":"https:\/\/nid.pl\/#\/schema\/logo\/image\/"},"sameAs":["https:\/\/www.facebook.com\/zabytek","https:\/\/x.com\/NarIDpl","https:\/\/www.instagram.com\/nid.pl\/?hl=pl","https:\/\/www.linkedin.com\/company\/narodowy-instytut-dziedzictwa","https:\/\/www.youtube.com\/channel\/UCQXuhKa2uHtmNvLRUSx40JA"]},{"@type":"Person","@id":"https:\/\/nid.pl\/#\/schema\/person\/1b690a8998a5111cfb9f0ffe24195a15","name":"Barbara Halliop","image":{"@type":"ImageObject","inLanguage":"en-GB","@id":"https:\/\/nid.pl\/#\/schema\/person\/image\/","url":"https:\/\/nid.pl\/wp-content\/litespeed\/avatar\/924046d17dd0c842c9fa9ccf489bc6dc.jpg?ver=1777444967","contentUrl":"https:\/\/nid.pl\/wp-content\/litespeed\/avatar\/924046d17dd0c842c9fa9ccf489bc6dc.jpg?ver=1777444967","caption":"Barbara Halliop"},"url":"https:\/\/nid.pl\/en\/author\/bhalliop\/"}]}},"_links":{"self":[{"href":"https:\/\/nid.pl\/en\/wp-json\/wp\/v2\/posts\/22207","targetHints":{"allow":["GET"]}}],"collection":[{"href":"https:\/\/nid.pl\/en\/wp-json\/wp\/v2\/posts"}],"about":[{"href":"https:\/\/nid.pl\/en\/wp-json\/wp\/v2\/types\/post"}],"author":[{"embeddable":true,"href":"https:\/\/nid.pl\/en\/wp-json\/wp\/v2\/users\/7"}],"replies":[{"embeddable":true,"href":"https:\/\/nid.pl\/en\/wp-json\/wp\/v2\/comments?post=22207"}],"version-history":[{"count":0,"href":"https:\/\/nid.pl\/en\/wp-json\/wp\/v2\/posts\/22207\/revisions"}],"wp:featuredmedia":[{"embeddable":true,"href":"https:\/\/nid.pl\/en\/wp-json\/wp\/v2\/media\/22328"}],"wp:attachment":[{"href":"https:\/\/nid.pl\/en\/wp-json\/wp\/v2\/media?parent=22207"}],"wp:term":[{"taxonomy":"category","embeddable":true,"href":"https:\/\/nid.pl\/en\/wp-json\/wp\/v2\/categories?post=22207"},{"taxonomy":"post_tag","embeddable":true,"href":"https:\/\/nid.pl\/en\/wp-json\/wp\/v2\/tags?post=22207"}],"curies":[{"name":"wp","href":"https:\/\/api.w.org\/{rel}","templated":true}]}}