{"id":22116,"date":"2024-09-05T15:54:41","date_gmt":"2024-09-05T13:54:41","guid":{"rendered":"https:\/\/nid.pl\/?p=22116"},"modified":"2024-09-05T16:58:19","modified_gmt":"2024-09-05T14:58:19","slug":"32-edycja-europejskich-dni-dziedzictwa","status":"publish","type":"post","link":"https:\/\/nid.pl\/en\/2024\/09\/05\/32-edycja-europejskich-dni-dziedzictwa\/","title":{"rendered":"32. edycja Europejskich Dni Dziedzictwa"},"content":{"rendered":"<p><strong>Przez ca\u0142y wrzesie\u0144 w Polsce i 48 krajach Europy odbywaj\u0105 si\u0119 Europejskie Dni Dziedzictwa (#EDD). To wyj\u0105tkowa okazja, aby bezp\u0142atnie odwiedzi\u0107 interesuj\u0105ce zabytki w okolicy i wzi\u0105\u0107 udzia\u0142 w wielu wydarzeniach kulturalnych oraz edukacyjnych. Tegoroczna, 32. edycja w Polsce, realizowana jest pod has\u0142em \u201eSzlaki.Sieci.Po\u0142\u0105czenia.\u201d i trwa przez ca\u0142y miesi\u0105c, z g\u0142\u00f3wnymi wydarzeniami w weekendy 7-8 oraz 14-15 wrze\u015bnia. Narodowy Instytut Dziedzictwa, jako krajowy koordynator tego najwi\u0119kszego europejskiego projektu, zaprasza do uczestnictwa.<\/strong><\/p>\n\n\n\n<p><\/p>\n\n\n\n<p><strong>Setki wydarze\u0144 i wyj\u0105tkowe miejsca w ca\u0142ej Polsce<\/strong><\/p>\n\n\n\n<p>Ka\u017cdego roku w EDD bierze udzia\u0142 oko\u0142o 500 r\u00f3\u017cnych instytucji \u2013 od muze\u00f3w, przez stowarzyszenia, po prywatnych w\u0142a\u015bcicieli zabytk\u00f3w. Na uczestnik\u00f3w czeka szeroki wachlarz atrakcji, takich jak warsztaty, wystawy, koncerty, wycieczki czy spotkania z przewodnikami. Wydarzenia odbywaj\u0105 si\u0119 nie tylko w du\u017cych miastach, ale i w mniejszych miejscowo\u015bciach, takich jak Supra\u015bl, Koz\u0142\u00f3wka czy Rzucewo. Wszystkie wydarzenia mo\u017cna znale\u017a\u0107 na stronie internetowej <a href=\"https:\/\/edd.nid.pl\/wydarzenia\/\">Europejskich Dni Dziedzictwa<\/a>.<\/p>\n\n\n\n<p>Zach\u0119camy do zapoznania si\u0119 z tekstem, w kt\u00f3rym prezentujemy wybrane wydarzenia w ramach EDD 2024: <a href=\"https:\/\/nid.pl\/en\/2024\/08\/29\/europejskie-dni-dziedzictwa-co-nas-czeka-w-ramach-tegorocznej-edycji\/\">&lt;tutaj&gt;<\/a>.<\/p>\n\n\n\n<p><strong>Odkryj kulturowe szlaki Europy<\/strong><\/p>\n\n\n\n<p>Has\u0142o \u201eSzlaki.Sieci.Po\u0142\u0105czenia.\u201d odwo\u0142uje si\u0119 do Szlak\u00f3w Kulturowych Rady Europy, zainicjowanych w 1987 r. przez Rad\u0119 Europy. Projekt tworzy obecnie lista 47 tras i jednoczy r\u00f3\u017cne kraje i regiony, promuj\u0105c wsp\u00f3lne dziedzictwo. Od 2017 r. Polska aktywnie uczestniczy w tej inicjatywie, a na jej terenie znajduje si\u0119 a\u017c 17 tras, kt\u00f3re \u0142\u0105cz\u0105 r\u00f3\u017cnorodne aspekty kultury i historii. W\u015br\u00f3d nich znajduj\u0105 si\u0119 takie szlaki, jak pielgrzymkowa trasa do Santiago de Compostela, szlak pisarek, w tym Marii Konopnickiej, czy Europejski Szlak Ceramiki.<\/p>\n\n\n\n<p><strong>Dziedzictwo w sieci \u2013 nowe mo\u017cliwo\u015bci odkrywania historii<\/strong><\/p>\n\n\n\n<p>W ramach EDD podkre\u015blana jest r\u00f3wnie\u017c rola nowoczesnych technologii. Coraz wi\u0119cej szlak\u00f3w i zabytk\u00f3w mo\u017cna odkrywa\u0107 wirtualnie za pomoc\u0105 specjalnych aplikacji i portali, jak np. zabytek.pl czy aplikacja MonumentApp, kt\u00f3re pozwalaj\u0105 tworzy\u0107 w\u0142asne trasy zwiedzania.<\/p>\n\n\n\n<p><strong>Do\u0142\u0105cz do organizator\u00f3w Europejskich Dni Dziedzictwa<\/strong><\/p>\n\n\n\n<p>Je\u015bli chcesz w\u0142\u0105czy\u0107 si\u0119 w tegoroczn\u0105 edycj\u0119, wystarczy zarejestrowa\u0107 swoje wydarzenie poprzez formularz dost\u0119pny na stronie <a href=\"https:\/\/edd.nid.pl\/formularz-zgloszeniowy\/\">edd.nid.pl<\/a>. Organizatorzy maj\u0105 tak\u017ce mo\u017cliwo\u015b\u0107 skonsultowania si\u0119 z regionalnymi koordynatorami, kt\u00f3rzy pomog\u0105 w przygotowaniu atrakcji. Razem mo\u017cemy tworzy\u0107 przestrze\u0144 do odkrywania i promowania dziedzictwa, zar\u00f3wno na poziomie lokalnym, jak i mi\u0119dzynarodowym.<\/p>\n\n\n\n<p>Wi\u0119cej informacji o Europejskich Dniach Dziedzictwa publikujemy na stronie <a href=\"https:\/\/edd.nid.pl\/\">&lt;tutaj&gt;.<\/a><\/p>\n\n\n\n<p><\/p>","protected":false},"excerpt":{"rendered":"<p>Przez ca\u0142y wrzesie\u0144 w Polsce i 48 krajach Europy odbywaj\u0105 si\u0119 Europejskie Dni Dziedzictwa (#EDD). To wyj\u0105tkowa okazja, aby bezp\u0142atnie odwiedzi\u0107 interesuj\u0105ce zabytki w okolicy i wzi\u0105\u0107 udzia\u0142 w wielu [&hellip;]<\/p>","protected":false},"author":7,"featured_media":22118,"comment_status":"closed","ping_status":"closed","sticky":false,"template":"","format":"standard","meta":{"_et_pb_use_builder":"off","_et_pb_old_content":"","_et_gb_content_width":"","_monsterinsights_skip_tracking":false,"_monsterinsights_sitenote_active":false,"_monsterinsights_sitenote_note":"","_monsterinsights_sitenote_category":0,"footnotes":""},"categories":[3,89],"tags":[],"class_list":["post-22116","post","type-post","status-publish","format-standard","has-post-thumbnail","hentry","category-aktualnosci","category-europejskie-dni-dziedzictwa"],"yoast_head":"<!-- This site is optimized with the Yoast SEO plugin v26.5 - https:\/\/yoast.com\/wordpress\/plugins\/seo\/ -->\n<title>32. edycja Europejskich Dni Dziedzictwa - NID<\/title>\n<meta name=\"robots\" content=\"index, follow, max-snippet:-1, max-image-preview:large, max-video-preview:-1\" \/>\n<link rel=\"canonical\" href=\"https:\/\/nid.pl\/en\/2024\/09\/05\/32-edycja-europejskich-dni-dziedzictwa\/\" \/>\n<meta property=\"og:locale\" content=\"en_GB\" \/>\n<meta property=\"og:type\" content=\"article\" \/>\n<meta property=\"og:title\" content=\"32. edycja Europejskich Dni Dziedzictwa - NID\" \/>\n<meta property=\"og:description\" content=\"Przez ca\u0142y wrzesie\u0144 w Polsce i 48 krajach Europy odbywaj\u0105 si\u0119 Europejskie Dni Dziedzictwa (#EDD). To wyj\u0105tkowa okazja, aby bezp\u0142atnie odwiedzi\u0107 interesuj\u0105ce zabytki w okolicy i wzi\u0105\u0107 udzia\u0142 w wielu [&hellip;]\" \/>\n<meta property=\"og:url\" content=\"https:\/\/nid.pl\/en\/2024\/09\/05\/32-edycja-europejskich-dni-dziedzictwa\/\" \/>\n<meta property=\"og:site_name\" content=\"NID\" \/>\n<meta property=\"article:publisher\" content=\"https:\/\/www.facebook.com\/zabytek\" \/>\n<meta property=\"article:published_time\" content=\"2024-09-05T13:54:41+00:00\" \/>\n<meta property=\"article:modified_time\" content=\"2024-09-05T14:58:19+00:00\" \/>\n<meta property=\"og:image\" content=\"https:\/\/nid.pl\/wp-content\/uploads\/2024\/09\/EDD-fot.-NID-Tomasz-Bulynko.jpg\" \/>\n\t<meta property=\"og:image:width\" content=\"1850\" \/>\n\t<meta property=\"og:image:height\" content=\"1238\" \/>\n\t<meta property=\"og:image:type\" content=\"image\/jpeg\" \/>\n<meta name=\"author\" content=\"Barbara Halliop\" \/>\n<meta name=\"twitter:card\" content=\"summary_large_image\" \/>\n<meta name=\"twitter:creator\" content=\"@NarIDpl\" \/>\n<meta name=\"twitter:site\" content=\"@NarIDpl\" \/>\n<meta name=\"twitter:label1\" content=\"Written by\" \/>\n\t<meta name=\"twitter:data1\" content=\"Barbara Halliop\" \/>\n\t<meta name=\"twitter:label2\" content=\"Estimated reading time\" \/>\n\t<meta name=\"twitter:data2\" content=\"3 minutes\" \/>\n<script type=\"application\/ld+json\" class=\"yoast-schema-graph\">{\"@context\":\"https:\/\/schema.org\",\"@graph\":[{\"@type\":\"Article\",\"@id\":\"https:\/\/nid.pl\/2024\/09\/05\/32-edycja-europejskich-dni-dziedzictwa\/#article\",\"isPartOf\":{\"@id\":\"https:\/\/nid.pl\/2024\/09\/05\/32-edycja-europejskich-dni-dziedzictwa\/\"},\"author\":{\"name\":\"Barbara Halliop\",\"@id\":\"https:\/\/nid.pl\/#\/schema\/person\/1b690a8998a5111cfb9f0ffe24195a15\"},\"headline\":\"32. edycja Europejskich Dni Dziedzictwa\",\"datePublished\":\"2024-09-05T13:54:41+00:00\",\"dateModified\":\"2024-09-05T14:58:19+00:00\",\"mainEntityOfPage\":{\"@id\":\"https:\/\/nid.pl\/2024\/09\/05\/32-edycja-europejskich-dni-dziedzictwa\/\"},\"wordCount\":414,\"publisher\":{\"@id\":\"https:\/\/nid.pl\/#organization\"},\"image\":{\"@id\":\"https:\/\/nid.pl\/2024\/09\/05\/32-edycja-europejskich-dni-dziedzictwa\/#primaryimage\"},\"thumbnailUrl\":\"https:\/\/nid.pl\/wp-content\/uploads\/2024\/09\/EDD-fot.-NID-Tomasz-Bulynko.jpg\",\"articleSection\":[\"Aktualno\u015bci\",\"EDD\"],\"inLanguage\":\"en-GB\"},{\"@type\":\"WebPage\",\"@id\":\"https:\/\/nid.pl\/2024\/09\/05\/32-edycja-europejskich-dni-dziedzictwa\/\",\"url\":\"https:\/\/nid.pl\/2024\/09\/05\/32-edycja-europejskich-dni-dziedzictwa\/\",\"name\":\"32. edycja Europejskich Dni Dziedzictwa - NID\",\"isPartOf\":{\"@id\":\"https:\/\/nid.pl\/#website\"},\"primaryImageOfPage\":{\"@id\":\"https:\/\/nid.pl\/2024\/09\/05\/32-edycja-europejskich-dni-dziedzictwa\/#primaryimage\"},\"image\":{\"@id\":\"https:\/\/nid.pl\/2024\/09\/05\/32-edycja-europejskich-dni-dziedzictwa\/#primaryimage\"},\"thumbnailUrl\":\"https:\/\/nid.pl\/wp-content\/uploads\/2024\/09\/EDD-fot.-NID-Tomasz-Bulynko.jpg\",\"datePublished\":\"2024-09-05T13:54:41+00:00\",\"dateModified\":\"2024-09-05T14:58:19+00:00\",\"breadcrumb\":{\"@id\":\"https:\/\/nid.pl\/2024\/09\/05\/32-edycja-europejskich-dni-dziedzictwa\/#breadcrumb\"},\"inLanguage\":\"en-GB\",\"potentialAction\":[{\"@type\":\"ReadAction\",\"target\":[\"https:\/\/nid.pl\/2024\/09\/05\/32-edycja-europejskich-dni-dziedzictwa\/\"]}]},{\"@type\":\"ImageObject\",\"inLanguage\":\"en-GB\",\"@id\":\"https:\/\/nid.pl\/2024\/09\/05\/32-edycja-europejskich-dni-dziedzictwa\/#primaryimage\",\"url\":\"https:\/\/nid.pl\/wp-content\/uploads\/2024\/09\/EDD-fot.-NID-Tomasz-Bulynko.jpg\",\"contentUrl\":\"https:\/\/nid.pl\/wp-content\/uploads\/2024\/09\/EDD-fot.-NID-Tomasz-Bulynko.jpg\",\"width\":1850,\"height\":1238,\"caption\":\"Europejskie Dni Dziedzictwa\"},{\"@type\":\"BreadcrumbList\",\"@id\":\"https:\/\/nid.pl\/2024\/09\/05\/32-edycja-europejskich-dni-dziedzictwa\/#breadcrumb\",\"itemListElement\":[{\"@type\":\"ListItem\",\"position\":1,\"name\":\"Home\",\"item\":\"https:\/\/nid.pl\/\"},{\"@type\":\"ListItem\",\"position\":2,\"name\":\"32. edycja Europejskich Dni Dziedzictwa\"}]},{\"@type\":\"WebSite\",\"@id\":\"https:\/\/nid.pl\/#website\",\"url\":\"https:\/\/nid.pl\/\",\"name\":\"NID\",\"description\":\"Narodowy Instytut Dziedzictwa\",\"publisher\":{\"@id\":\"https:\/\/nid.pl\/#organization\"},\"potentialAction\":[{\"@type\":\"SearchAction\",\"target\":{\"@type\":\"EntryPoint\",\"urlTemplate\":\"https:\/\/nid.pl\/?s={search_term_string}\"},\"query-input\":{\"@type\":\"PropertyValueSpecification\",\"valueRequired\":true,\"valueName\":\"search_term_string\"}}],\"inLanguage\":\"en-GB\"},{\"@type\":\"Organization\",\"@id\":\"https:\/\/nid.pl\/#organization\",\"name\":\"Narodowy Instytut Dziedzictwa\",\"url\":\"https:\/\/nid.pl\/\",\"logo\":{\"@type\":\"ImageObject\",\"inLanguage\":\"en-GB\",\"@id\":\"https:\/\/nid.pl\/#\/schema\/logo\/image\/\",\"url\":\"https:\/\/nid.pl\/wp-content\/uploads\/2022\/10\/logoRedDark.png\",\"contentUrl\":\"https:\/\/nid.pl\/wp-content\/uploads\/2022\/10\/logoRedDark.png\",\"width\":200,\"height\":197,\"caption\":\"Narodowy Instytut Dziedzictwa\"},\"image\":{\"@id\":\"https:\/\/nid.pl\/#\/schema\/logo\/image\/\"},\"sameAs\":[\"https:\/\/www.facebook.com\/zabytek\",\"https:\/\/x.com\/NarIDpl\",\"https:\/\/www.instagram.com\/nid.pl\/?hl=pl\",\"https:\/\/www.linkedin.com\/company\/narodowy-instytut-dziedzictwa\",\"https:\/\/www.youtube.com\/channel\/UCQXuhKa2uHtmNvLRUSx40JA\"]},{\"@type\":\"Person\",\"@id\":\"https:\/\/nid.pl\/#\/schema\/person\/1b690a8998a5111cfb9f0ffe24195a15\",\"name\":\"Barbara Halliop\",\"image\":{\"@type\":\"ImageObject\",\"inLanguage\":\"en-GB\",\"@id\":\"https:\/\/nid.pl\/#\/schema\/person\/image\/\",\"url\":\"https:\/\/nid.pl\/wp-content\/litespeed\/avatar\/924046d17dd0c842c9fa9ccf489bc6dc.jpg?ver=1777444967\",\"contentUrl\":\"https:\/\/nid.pl\/wp-content\/litespeed\/avatar\/924046d17dd0c842c9fa9ccf489bc6dc.jpg?ver=1777444967\",\"caption\":\"Barbara Halliop\"},\"url\":\"https:\/\/nid.pl\/en\/author\/bhalliop\/\"}]}<\/script>\n<!-- \/ Yoast SEO plugin. -->","yoast_head_json":{"title":"32. edycja Europejskich Dni Dziedzictwa - NID","robots":{"index":"index","follow":"follow","max-snippet":"max-snippet:-1","max-image-preview":"max-image-preview:large","max-video-preview":"max-video-preview:-1"},"canonical":"https:\/\/nid.pl\/en\/2024\/09\/05\/32-edycja-europejskich-dni-dziedzictwa\/","og_locale":"en_GB","og_type":"article","og_title":"32. edycja Europejskich Dni Dziedzictwa - NID","og_description":"Przez ca\u0142y wrzesie\u0144 w Polsce i 48 krajach Europy odbywaj\u0105 si\u0119 Europejskie Dni Dziedzictwa (#EDD). To wyj\u0105tkowa okazja, aby bezp\u0142atnie odwiedzi\u0107 interesuj\u0105ce zabytki w okolicy i wzi\u0105\u0107 udzia\u0142 w wielu [&hellip;]","og_url":"https:\/\/nid.pl\/en\/2024\/09\/05\/32-edycja-europejskich-dni-dziedzictwa\/","og_site_name":"NID","article_publisher":"https:\/\/www.facebook.com\/zabytek","article_published_time":"2024-09-05T13:54:41+00:00","article_modified_time":"2024-09-05T14:58:19+00:00","og_image":[{"width":1850,"height":1238,"url":"https:\/\/nid.pl\/wp-content\/uploads\/2024\/09\/EDD-fot.-NID-Tomasz-Bulynko.jpg","type":"image\/jpeg"}],"author":"Barbara Halliop","twitter_card":"summary_large_image","twitter_creator":"@NarIDpl","twitter_site":"@NarIDpl","twitter_misc":{"Written by":"Barbara Halliop","Estimated reading time":"3 minutes"},"schema":{"@context":"https:\/\/schema.org","@graph":[{"@type":"Article","@id":"https:\/\/nid.pl\/2024\/09\/05\/32-edycja-europejskich-dni-dziedzictwa\/#article","isPartOf":{"@id":"https:\/\/nid.pl\/2024\/09\/05\/32-edycja-europejskich-dni-dziedzictwa\/"},"author":{"name":"Barbara Halliop","@id":"https:\/\/nid.pl\/#\/schema\/person\/1b690a8998a5111cfb9f0ffe24195a15"},"headline":"32. edycja Europejskich Dni Dziedzictwa","datePublished":"2024-09-05T13:54:41+00:00","dateModified":"2024-09-05T14:58:19+00:00","mainEntityOfPage":{"@id":"https:\/\/nid.pl\/2024\/09\/05\/32-edycja-europejskich-dni-dziedzictwa\/"},"wordCount":414,"publisher":{"@id":"https:\/\/nid.pl\/#organization"},"image":{"@id":"https:\/\/nid.pl\/2024\/09\/05\/32-edycja-europejskich-dni-dziedzictwa\/#primaryimage"},"thumbnailUrl":"https:\/\/nid.pl\/wp-content\/uploads\/2024\/09\/EDD-fot.-NID-Tomasz-Bulynko.jpg","articleSection":["Aktualno\u015bci","EDD"],"inLanguage":"en-GB"},{"@type":"WebPage","@id":"https:\/\/nid.pl\/2024\/09\/05\/32-edycja-europejskich-dni-dziedzictwa\/","url":"https:\/\/nid.pl\/2024\/09\/05\/32-edycja-europejskich-dni-dziedzictwa\/","name":"32. edycja Europejskich Dni Dziedzictwa - NID","isPartOf":{"@id":"https:\/\/nid.pl\/#website"},"primaryImageOfPage":{"@id":"https:\/\/nid.pl\/2024\/09\/05\/32-edycja-europejskich-dni-dziedzictwa\/#primaryimage"},"image":{"@id":"https:\/\/nid.pl\/2024\/09\/05\/32-edycja-europejskich-dni-dziedzictwa\/#primaryimage"},"thumbnailUrl":"https:\/\/nid.pl\/wp-content\/uploads\/2024\/09\/EDD-fot.-NID-Tomasz-Bulynko.jpg","datePublished":"2024-09-05T13:54:41+00:00","dateModified":"2024-09-05T14:58:19+00:00","breadcrumb":{"@id":"https:\/\/nid.pl\/2024\/09\/05\/32-edycja-europejskich-dni-dziedzictwa\/#breadcrumb"},"inLanguage":"en-GB","potentialAction":[{"@type":"ReadAction","target":["https:\/\/nid.pl\/2024\/09\/05\/32-edycja-europejskich-dni-dziedzictwa\/"]}]},{"@type":"ImageObject","inLanguage":"en-GB","@id":"https:\/\/nid.pl\/2024\/09\/05\/32-edycja-europejskich-dni-dziedzictwa\/#primaryimage","url":"https:\/\/nid.pl\/wp-content\/uploads\/2024\/09\/EDD-fot.-NID-Tomasz-Bulynko.jpg","contentUrl":"https:\/\/nid.pl\/wp-content\/uploads\/2024\/09\/EDD-fot.-NID-Tomasz-Bulynko.jpg","width":1850,"height":1238,"caption":"Europejskie Dni Dziedzictwa"},{"@type":"BreadcrumbList","@id":"https:\/\/nid.pl\/2024\/09\/05\/32-edycja-europejskich-dni-dziedzictwa\/#breadcrumb","itemListElement":[{"@type":"ListItem","position":1,"name":"Home","item":"https:\/\/nid.pl\/"},{"@type":"ListItem","position":2,"name":"32. edycja Europejskich Dni Dziedzictwa"}]},{"@type":"WebSite","@id":"https:\/\/nid.pl\/#website","url":"https:\/\/nid.pl\/","name":"NID","description":"Narodowy Instytut Dziedzictwa","publisher":{"@id":"https:\/\/nid.pl\/#organization"},"potentialAction":[{"@type":"SearchAction","target":{"@type":"EntryPoint","urlTemplate":"https:\/\/nid.pl\/?s={search_term_string}"},"query-input":{"@type":"PropertyValueSpecification","valueRequired":true,"valueName":"search_term_string"}}],"inLanguage":"en-GB"},{"@type":"Organization","@id":"https:\/\/nid.pl\/#organization","name":"Narodowy Instytut Dziedzictwa","url":"https:\/\/nid.pl\/","logo":{"@type":"ImageObject","inLanguage":"en-GB","@id":"https:\/\/nid.pl\/#\/schema\/logo\/image\/","url":"https:\/\/nid.pl\/wp-content\/uploads\/2022\/10\/logoRedDark.png","contentUrl":"https:\/\/nid.pl\/wp-content\/uploads\/2022\/10\/logoRedDark.png","width":200,"height":197,"caption":"Narodowy Instytut Dziedzictwa"},"image":{"@id":"https:\/\/nid.pl\/#\/schema\/logo\/image\/"},"sameAs":["https:\/\/www.facebook.com\/zabytek","https:\/\/x.com\/NarIDpl","https:\/\/www.instagram.com\/nid.pl\/?hl=pl","https:\/\/www.linkedin.com\/company\/narodowy-instytut-dziedzictwa","https:\/\/www.youtube.com\/channel\/UCQXuhKa2uHtmNvLRUSx40JA"]},{"@type":"Person","@id":"https:\/\/nid.pl\/#\/schema\/person\/1b690a8998a5111cfb9f0ffe24195a15","name":"Barbara Halliop","image":{"@type":"ImageObject","inLanguage":"en-GB","@id":"https:\/\/nid.pl\/#\/schema\/person\/image\/","url":"https:\/\/nid.pl\/wp-content\/litespeed\/avatar\/924046d17dd0c842c9fa9ccf489bc6dc.jpg?ver=1777444967","contentUrl":"https:\/\/nid.pl\/wp-content\/litespeed\/avatar\/924046d17dd0c842c9fa9ccf489bc6dc.jpg?ver=1777444967","caption":"Barbara Halliop"},"url":"https:\/\/nid.pl\/en\/author\/bhalliop\/"}]}},"_links":{"self":[{"href":"https:\/\/nid.pl\/en\/wp-json\/wp\/v2\/posts\/22116","targetHints":{"allow":["GET"]}}],"collection":[{"href":"https:\/\/nid.pl\/en\/wp-json\/wp\/v2\/posts"}],"about":[{"href":"https:\/\/nid.pl\/en\/wp-json\/wp\/v2\/types\/post"}],"author":[{"embeddable":true,"href":"https:\/\/nid.pl\/en\/wp-json\/wp\/v2\/users\/7"}],"replies":[{"embeddable":true,"href":"https:\/\/nid.pl\/en\/wp-json\/wp\/v2\/comments?post=22116"}],"version-history":[{"count":0,"href":"https:\/\/nid.pl\/en\/wp-json\/wp\/v2\/posts\/22116\/revisions"}],"wp:featuredmedia":[{"embeddable":true,"href":"https:\/\/nid.pl\/en\/wp-json\/wp\/v2\/media\/22118"}],"wp:attachment":[{"href":"https:\/\/nid.pl\/en\/wp-json\/wp\/v2\/media?parent=22116"}],"wp:term":[{"taxonomy":"category","embeddable":true,"href":"https:\/\/nid.pl\/en\/wp-json\/wp\/v2\/categories?post=22116"},{"taxonomy":"post_tag","embeddable":true,"href":"https:\/\/nid.pl\/en\/wp-json\/wp\/v2\/tags?post=22116"}],"curies":[{"name":"wp","href":"https:\/\/api.w.org\/{rel}","templated":true}]}}