{"id":22071,"date":"2024-08-30T14:20:17","date_gmt":"2024-08-30T12:20:17","guid":{"rendered":"https:\/\/nid.pl\/?p=22071"},"modified":"2024-09-01T15:50:03","modified_gmt":"2024-09-01T13:50:03","slug":"rozpoczal-sie-14-weekend-architektury-w-gdyni","status":"publish","type":"post","link":"https:\/\/nid.pl\/en\/2024\/08\/30\/rozpoczal-sie-14-weekend-architektury-w-gdyni\/","title":{"rendered":"Rozpocz\u0105\u0142 si\u0119 14. Weekend Architektury w Gdyni"},"content":{"rendered":"<p><strong>Do 1 wrze\u015bnia trwa Weekend Architektury w Gdyni pod has\u0142em \u201cEKSPERTYMENT | Miasto, ludzie i architektura\u201d. To okazja to do zag\u0142\u0119bienia si\u0119 w modernistycznym mie\u015bcie, spojrzenia na budynki z perspektywy artystycznej oraz wzi\u0119cia udzia\u0142u w prelekcjach i debatach o wsp\u00f3\u0142czesnych i przysz\u0142ych funkcjach miast. Jednym z pierwszych wydarze\u0144 odbywaj\u0105cych si\u0119 w ramach 14. Weekendu Architektury by\u0142 wernisa\u017c <\/strong><a href=\"https:\/\/nid.pl\/en\/2024\/08\/26\/wystawa-marii-kiesner-modernizmy-14-wa-w-gdyni\/\"><strong>wystawy malarstwa Marii Kiesner pt. \u201cModernizmy\u201d,<\/strong><\/a><strong> kt\u00f3rej NID jest partnerem. Wystaw\u0119 zainaugurowali wczoraj: dyrektorka NID, Marlena Happach, kuratorka wystawy i koordynatorka ds. projekt\u00f3w edukacyjnych w NID, Patrycja Jastrz\u0119bska, prezes Infobox\u2019u i prezes Agencji Rozwoju Gdyni, Markos Pagudis oraz artystka, Maria Kiesner.<\/strong><\/p>\n\n\n\n<p><\/p>\n\n\n\n<p><strong>O wystawie \u201cModernizmy\u201d<\/strong><\/p>\n\n\n\n<p>Artystka operuj\u0105c wyabstrahowanymi bry\u0142ami obiekt\u00f3w proponuje spojrzenie na architektur\u0119 modernistyczn\u0105 jako na geometri\u0119 form i rytm\u00f3w. Wystawa prezentuje kilkana\u015bcie obraz\u00f3w przedstawiaj\u0105cych przyk\u0142ady modernistycznej architektury z r\u00f3\u017cnych miast Polski oraz innych kraj\u00f3w, m.in. ikony gdy\u0144skiej architektury &#8211; biurowiec ZUS-u, will\u0119 \u201e\u0141osi\u00f3wk\u0119\u201d czy will\u0119 Rubla. Partnerami wystawy s\u0105 Narodowy Instytut Dziedzictwa, Agencja Rozwoju Gdyni oraz Weekend Architektury w Gdyni, a kuratork\u0105 jest Patrycja Jastrz\u0119bska, koordynatorka ds. projekt\u00f3w edukacyjnych w NID.<\/p>\n\n\n\n<p>Wernisa\u017c wystawy odby\u0142 si\u0119 29 sierpnia 2024 r. w Infoboxie, w Gdyni. Jak podkre\u015bla kuratorka wystawy, prace malarskie Marii Kiesner doskonale egzemplifikuj\u0105 mi\u0119dzynarodowy charakter architektury modernistycznej, s\u0105 pr\u00f3b\u0105 uchwycenia jej istoty w obrazie. <\/p>\n\n\n\n<blockquote class=\"wp-block-quote is-layout-flow wp-block-quote-is-layout-flow\">\n<p>&#8220;<em>Na wystawie \u201eModernizmy\u201d nie zobaczymy reporta\u017cu o modernistycznej architekturze. Wybrane przez kuratork\u0119 &#8211; Patrycj\u0119 Jastrz\u0119bsk\u0105 &#8211; obrazy Marii Kiesner to raczej reprezentacja marzenia o modernizmie. I mo\u017ce w\u0142a\u015bnie ta gra \u015bwiat\u0142a i cienia, czysta forma, idealne proporcje to esencja modernizmu, kt\u00f3rej szukamy i kt\u00f3r\u0105 pragniemy zachowa\u0107<\/em>&#8221; &#8211; powiedzia\u0142a podczas otwarcia wystawy Marlena Happach, dyrektorka Narodowego Instytutu Dziedzictwa.<\/p>\n<\/blockquote>\n\n\n\n<p>Uczestnicy wernisa\u017cu mieli okazj\u0119 skonfrontowa\u0107 swoje do\u015bwiadczenia z artystyczn\u0105 wizj\u0105 architektury oraz spotka\u0107 si\u0119 malark\u0105. Wystaw\u0119 mo\u017cna ogl\u0105da\u0107 do 30 wrze\u015bnia 2024 r.<\/p>\n\n\n\n<p><\/p>\n\n\n\n<p><strong>14. Weekend Architektury w Gdyni \u2013 wydarzenia z udzia\u0142em Narodowego Instytutu Dziedzictwa<\/strong><\/p>\n\n\n\n<p>Weekend Architektury w Gdyni to cykliczne wydarzenie skierowane do mi\u0142o\u015bnik\u00f3w i ekspert\u00f3w architektury wsp\u00f3\u0142czesnej, fotografii, kina dokumentalnego, animator\u00f3w i specjalist\u00f3w ds. planowania i rozwoju miast.&nbsp;<\/p>\n\n\n\n<p>Tegoroczna edycja wydarzenia, odbywaj\u0105ca si\u0119 pod has\u0142em \u201cEKSPERTYMENT | Miasto, ludzie i architektura\u201d, podejmuje zagadnienia zwi\u0105zane z napraw\u0105, do\u015bwiadczaniem, empati\u0105 i zaanga\u017cowaniem, stawiaj\u0105c cz\u0142owieka i relacje spo\u0142eczne kszta\u0142towane przez przestrze\u0144 w centrum zainteresowania. Nie zabraknie rozm\u00f3w o nowoczesnych technologiach, ochronie klimatu, a tak\u017ce edukacji, pami\u0119ci i dziedzictwie architektonicznym. S\u0142owo \u201ceksperyment\u201d towarzyszy wielu prelekcjom i debatom, spogl\u0105daj\u0105cym zar\u00f3wno na te przesz\u0142e, mniej lub bardziej udane pr\u00f3by porzucenia schemat\u00f3w, jak i na przysz\u0142e wyzwania, przed kt\u00f3rymi stoj\u0105 architekci, urbani\u015bci i zarz\u0105dzaj\u0105cy przestrzeniami miejskimi.<\/p>\n\n\n\n<p>Narodowy Instytut Dziedzictwa jest jednym z partner\u00f3w wydarzenia, uzupe\u0142niaj\u0105c dyskusje o architekturze perspektyw\u0105 historyczn\u0105, \u015bwiadcz\u0105c\u0105 o stylu \u017cycia, wyborach i warto\u015bciach poprzednich pokole\u0144. W sobot\u0119, w Archi Dyskusji pt. \u201eJak architekci zaprojektuj\u0105 nasz\u0105 przysz\u0142o\u015b\u0107? Czy eksperymenty w architekturze mog\u0105 zmieni\u0107 przysz\u0142e pokolenia?\u201d wzi\u0119\u0142a udzia\u0142 dyrektorka NID, Marlena Happach, podkre\u015blaj\u0105c, \u017ce ochrona dziedzictwa to nie tylko spojrzenie wstecz  &#8211; <\/p>\n\n\n\n<blockquote class=\"wp-block-quote is-layout-flow wp-block-quote-is-layout-flow\">\n<p>&#8220;<em>Wbrew prostym skojarzeniom, ochrona dziedzictwa nie przeczy wsp\u00f3\u0142czesnym kierunkom architektury. W\u015br\u00f3d wsp\u00f3lnych mianownik\u00f3w mamy szukanie to\u017csamo\u015bci, lokalno\u015bci a przede wszystkim rozw\u00f3j zr\u00f3wnowa\u017cony. W ko\u0144cu najbardziej zielony budynek to taki, kt\u00f3ry ju\u017c istnieje<\/em>&#8220;.<\/p>\n<\/blockquote>\n\n\n\n<p><\/p>\n\n\n\n<p>O Muranowie, jako powojennym eksperymencie, opowie w niedziel\u0119 Patrycja Jastrz\u0119bska, kt\u00f3ra we\u017amie te\u017c udzia\u0142 Archi Dyskusji pt. \u201cCzy architekci i arty\u015bci pomog\u0105 nam ocali\u0107 i utrwali\u0107 pami\u0119\u0107 miejsc i wydarze\u0144?\u201d. W trakcie Weekendu Architektury odbywaj\u0105 si\u0119 r\u00f3wnie\u017c spacery, wystawy i pokazy film\u00f3w. Pe\u0142en program oraz rejestracja na wydarzenia dost\u0119pne s\u0105 na stronie: <a href=\"https:\/\/www.weekendarchitektury.pl\/\">https:\/\/www.weekendarchitektury.pl\/<\/a><\/p>\n\n\n\n<p><\/p>\n\n\n\n<figure class=\"wp-block-image size-large\"><img loading=\"lazy\" decoding=\"async\" width=\"1024\" height=\"683\" src=\"https:\/\/nid.pl\/wp-content\/uploads\/2024\/08\/Oficjalne-otwarcie-wystawy-Marii-Kiesner-Modernizmy-Infobox-Gdynia-fot.-Przemyslaw-Kozlowski-1024x683.jpg\" alt=\"\" class=\"wp-image-22079\" srcset=\"https:\/\/nid.pl\/wp-content\/uploads\/2024\/08\/Oficjalne-otwarcie-wystawy-Marii-Kiesner-Modernizmy-Infobox-Gdynia-fot.-Przemyslaw-Kozlowski-980x653.jpg 980w, https:\/\/nid.pl\/wp-content\/uploads\/2024\/08\/Oficjalne-otwarcie-wystawy-Marii-Kiesner-Modernizmy-Infobox-Gdynia-fot.-Przemyslaw-Kozlowski-480x320.jpg 480w\" sizes=\"(min-width: 0px) and (max-width: 480px) 480px, (min-width: 481px) and (max-width: 980px) 980px, (min-width: 981px) 1024px, 100vw\" \/><figcaption class=\"wp-element-caption\">Oficjalne otwarcie wystawy Marii Kiesner &#8220;Modernizmy&#8221;, Infobox, Gdynia, fot. Przemys\u0142aw Koz\u0142owski<\/figcaption><\/figure>\n\n\n\n<p><\/p>\n\n\n\n<figure class=\"wp-block-image size-large\"><img loading=\"lazy\" decoding=\"async\" width=\"1024\" height=\"683\" src=\"https:\/\/nid.pl\/wp-content\/uploads\/2024\/08\/PJ-MH-Markos-Pagudis-i-Maria-Kiesner-otwieraja-wystawe-Modernizmy-1024x683.jpg\" alt=\"\" class=\"wp-image-22074\" srcset=\"https:\/\/nid.pl\/wp-content\/uploads\/2024\/08\/PJ-MH-Markos-Pagudis-i-Maria-Kiesner-otwieraja-wystawe-Modernizmy-980x653.jpg 980w, https:\/\/nid.pl\/wp-content\/uploads\/2024\/08\/PJ-MH-Markos-Pagudis-i-Maria-Kiesner-otwieraja-wystawe-Modernizmy-480x320.jpg 480w\" sizes=\"(min-width: 0px) and (max-width: 480px) 480px, (min-width: 481px) and (max-width: 980px) 980px, (min-width: 981px) 1024px, 100vw\" \/><figcaption class=\"wp-element-caption\">Patrycja Jastrz\u0119bska, kuratorka wystawy, Marlena Happach, dyrektorka NID, Markos Pagudis, prezes Infobox&#8217;u i Agencji Rozwoju Gdyni i Maria Kiesner, autorka prac otwieraj\u0105 wystaw\u0119 &#8220;Modernizmy&#8221;, fot. Przemys\u0142aw Koz\u0142owski<\/figcaption><\/figure>\n\n\n\n<p><\/p>\n\n\n\n<figure class=\"wp-block-image size-large\"><img loading=\"lazy\" decoding=\"async\" width=\"1024\" height=\"683\" src=\"https:\/\/nid.pl\/wp-content\/uploads\/2024\/08\/Oficjalne-otwarcie-wystawy-Marii-Kiesner-Modernizmy-Infobox-Gdynia-fot.-Przemysla-1024x683.jpg\" alt=\"\" class=\"wp-image-22073\" srcset=\"https:\/\/nid.pl\/wp-content\/uploads\/2024\/08\/Oficjalne-otwarcie-wystawy-Marii-Kiesner-Modernizmy-Infobox-Gdynia-fot.-Przemysla-980x653.jpg 980w, https:\/\/nid.pl\/wp-content\/uploads\/2024\/08\/Oficjalne-otwarcie-wystawy-Marii-Kiesner-Modernizmy-Infobox-Gdynia-fot.-Przemysla-480x320.jpg 480w\" sizes=\"(min-width: 0px) and (max-width: 480px) 480px, (min-width: 481px) and (max-width: 980px) 980px, (min-width: 981px) 1024px, 100vw\" \/><figcaption class=\"wp-element-caption\">Oficjalne otwarcie wystawy Marii Kiesner &#8220;Modernizmy&#8221;, Infobox, Gdynia, fot. Przemys\u0142aw Koz\u0142owski<\/figcaption><\/figure>\n\n\n\n<p><\/p>\n\n\n\n<figure class=\"wp-block-image size-large\"><img loading=\"lazy\" decoding=\"async\" width=\"1024\" height=\"683\" src=\"https:\/\/nid.pl\/wp-content\/uploads\/2024\/08\/Oficjalne-otwarcie-wystawy-Marii-Kiesner-Modernizmy-Infobox-Gdynia-fot.-Przemyslaw-Kozlowski-2-1024x683.jpg\" alt=\"\" class=\"wp-image-22078\" srcset=\"https:\/\/nid.pl\/wp-content\/uploads\/2024\/08\/Oficjalne-otwarcie-wystawy-Marii-Kiesner-Modernizmy-Infobox-Gdynia-fot.-Przemyslaw-Kozlowski-2-980x653.jpg 980w, https:\/\/nid.pl\/wp-content\/uploads\/2024\/08\/Oficjalne-otwarcie-wystawy-Marii-Kiesner-Modernizmy-Infobox-Gdynia-fot.-Przemyslaw-Kozlowski-2-480x320.jpg 480w\" sizes=\"(min-width: 0px) and (max-width: 480px) 480px, (min-width: 481px) and (max-width: 980px) 980px, (min-width: 981px) 1024px, 100vw\" \/><figcaption class=\"wp-element-caption\">Oficjalne otwarcie wystawy Marii Kiesner &#8220;Modernizmy&#8221;, Infobox, Gdynia, fot. Przemys\u0142aw Koz\u0142owski<\/figcaption><\/figure>\n\n\n\n<p><\/p>\n\n\n\n<figure class=\"wp-block-image size-large\"><img loading=\"lazy\" decoding=\"async\" width=\"1024\" height=\"683\" src=\"https:\/\/nid.pl\/wp-content\/uploads\/2024\/08\/Oficjalne-otwarcie-wystawy-Marii-Kiesner-Modernizmy-Infobox-Gdynia-fot.-Przemysl-1024x683.jpg\" alt=\"\" class=\"wp-image-22070\" srcset=\"https:\/\/nid.pl\/wp-content\/uploads\/2024\/08\/Oficjalne-otwarcie-wystawy-Marii-Kiesner-Modernizmy-Infobox-Gdynia-fot.-Przemysl-980x653.jpg 980w, https:\/\/nid.pl\/wp-content\/uploads\/2024\/08\/Oficjalne-otwarcie-wystawy-Marii-Kiesner-Modernizmy-Infobox-Gdynia-fot.-Przemysl-480x320.jpg 480w\" sizes=\"(min-width: 0px) and (max-width: 480px) 480px, (min-width: 481px) and (max-width: 980px) 980px, (min-width: 981px) 1024px, 100vw\" \/><figcaption class=\"wp-element-caption\">Oficjalne otwarcie wystawy Marii Kiesner &#8220;Modernizmy&#8221;, Infobox, Gdynia, fot. Przemys\u0142aw Koz\u0142owski<\/figcaption><\/figure>\n\n\n\n<p><\/p>\n\n\n\n<p><\/p>\n\n\n\n<figure class=\"wp-block-image size-large\"><img loading=\"lazy\" decoding=\"async\" width=\"1024\" height=\"683\" src=\"https:\/\/nid.pl\/wp-content\/uploads\/2024\/08\/Maria-Kiesner-wstawa-Modernizmy-Infobox-Gdynia-fot.-Przemysla-1024x683.jpg\" alt=\"\" class=\"wp-image-22069\" srcset=\"https:\/\/nid.pl\/wp-content\/uploads\/2024\/08\/Maria-Kiesner-wstawa-Modernizmy-Infobox-Gdynia-fot.-Przemysla-980x653.jpg 980w, https:\/\/nid.pl\/wp-content\/uploads\/2024\/08\/Maria-Kiesner-wstawa-Modernizmy-Infobox-Gdynia-fot.-Przemysla-480x320.jpg 480w\" sizes=\"(min-width: 0px) and (max-width: 480px) 480px, (min-width: 481px) and (max-width: 980px) 980px, (min-width: 981px) 1024px, 100vw\" \/><figcaption class=\"wp-element-caption\">Maria Kiesner &#8211; autorka prac, wstawa &#8220;Modernizmy&#8221;, Infobox, Gdynia fot. Przemys\u0142aw Koz\u0142owski<\/figcaption><\/figure>","protected":false},"excerpt":{"rendered":"<p>Do 1 wrze\u015bnia trwa Weekend Architektury w Gdyni pod has\u0142em \u201cEKSPERTYMENT | Miasto, ludzie i architektura\u201d. To okazja to do zag\u0142\u0119bienia si\u0119 w modernistycznym mie\u015bcie, spojrzenia na budynki z perspektywy [&hellip;]<\/p>","protected":false},"author":7,"featured_media":22076,"comment_status":"closed","ping_status":"closed","sticky":false,"template":"","format":"standard","meta":{"_et_pb_use_builder":"off","_et_pb_old_content":"","_et_gb_content_width":"","_monsterinsights_skip_tracking":false,"_monsterinsights_sitenote_active":false,"_monsterinsights_sitenote_note":"","_monsterinsights_sitenote_category":0,"footnotes":""},"categories":[3],"tags":[],"class_list":["post-22071","post","type-post","status-publish","format-standard","has-post-thumbnail","hentry","category-aktualnosci"],"yoast_head":"<!-- This site is optimized with the Yoast SEO plugin v26.5 - https:\/\/yoast.com\/wordpress\/plugins\/seo\/ -->\n<title>Rozpocz\u0105\u0142 si\u0119 14. Weekend Architektury w Gdyni - NID<\/title>\n<meta name=\"robots\" content=\"index, follow, max-snippet:-1, max-image-preview:large, max-video-preview:-1\" \/>\n<link rel=\"canonical\" href=\"https:\/\/nid.pl\/en\/2024\/08\/30\/rozpoczal-sie-14-weekend-architektury-w-gdyni\/\" \/>\n<meta property=\"og:locale\" content=\"en_GB\" \/>\n<meta property=\"og:type\" content=\"article\" \/>\n<meta property=\"og:title\" content=\"Rozpocz\u0105\u0142 si\u0119 14. Weekend Architektury w Gdyni - NID\" \/>\n<meta property=\"og:description\" content=\"Do 1 wrze\u015bnia trwa Weekend Architektury w Gdyni pod has\u0142em \u201cEKSPERTYMENT | Miasto, ludzie i architektura\u201d. To okazja to do zag\u0142\u0119bienia si\u0119 w modernistycznym mie\u015bcie, spojrzenia na budynki z perspektywy [&hellip;]\" \/>\n<meta property=\"og:url\" content=\"https:\/\/nid.pl\/en\/2024\/08\/30\/rozpoczal-sie-14-weekend-architektury-w-gdyni\/\" \/>\n<meta property=\"og:site_name\" content=\"NID\" \/>\n<meta property=\"article:publisher\" content=\"https:\/\/www.facebook.com\/zabytek\" \/>\n<meta property=\"article:published_time\" content=\"2024-08-30T12:20:17+00:00\" \/>\n<meta property=\"article:modified_time\" content=\"2024-09-01T13:50:03+00:00\" \/>\n<meta property=\"og:image\" content=\"https:\/\/nid.pl\/wp-content\/uploads\/2024\/08\/miniaturka-weekend-architektury-wernisaz.jpg\" \/>\n\t<meta property=\"og:image:width\" content=\"1857\" \/>\n\t<meta property=\"og:image:height\" content=\"1238\" \/>\n\t<meta property=\"og:image:type\" content=\"image\/jpeg\" \/>\n<meta name=\"author\" content=\"Barbara Halliop\" \/>\n<meta name=\"twitter:card\" content=\"summary_large_image\" \/>\n<meta name=\"twitter:creator\" content=\"@NarIDpl\" \/>\n<meta name=\"twitter:site\" content=\"@NarIDpl\" \/>\n<meta name=\"twitter:label1\" content=\"Written by\" \/>\n\t<meta name=\"twitter:data1\" content=\"Barbara Halliop\" \/>\n\t<meta name=\"twitter:label2\" content=\"Estimated reading time\" \/>\n\t<meta name=\"twitter:data2\" content=\"5 minutes\" \/>\n<script type=\"application\/ld+json\" class=\"yoast-schema-graph\">{\"@context\":\"https:\/\/schema.org\",\"@graph\":[{\"@type\":\"Article\",\"@id\":\"https:\/\/nid.pl\/2024\/08\/30\/rozpoczal-sie-14-weekend-architektury-w-gdyni\/#article\",\"isPartOf\":{\"@id\":\"https:\/\/nid.pl\/2024\/08\/30\/rozpoczal-sie-14-weekend-architektury-w-gdyni\/\"},\"author\":{\"name\":\"Barbara Halliop\",\"@id\":\"https:\/\/nid.pl\/#\/schema\/person\/1b690a8998a5111cfb9f0ffe24195a15\"},\"headline\":\"Rozpocz\u0105\u0142 si\u0119 14. Weekend Architektury w Gdyni\",\"datePublished\":\"2024-08-30T12:20:17+00:00\",\"dateModified\":\"2024-09-01T13:50:03+00:00\",\"mainEntityOfPage\":{\"@id\":\"https:\/\/nid.pl\/2024\/08\/30\/rozpoczal-sie-14-weekend-architektury-w-gdyni\/\"},\"wordCount\":747,\"publisher\":{\"@id\":\"https:\/\/nid.pl\/#organization\"},\"image\":{\"@id\":\"https:\/\/nid.pl\/2024\/08\/30\/rozpoczal-sie-14-weekend-architektury-w-gdyni\/#primaryimage\"},\"thumbnailUrl\":\"https:\/\/nid.pl\/wp-content\/uploads\/2024\/08\/miniaturka-weekend-architektury-wernisaz.jpg\",\"articleSection\":[\"Aktualno\u015bci\"],\"inLanguage\":\"en-GB\"},{\"@type\":\"WebPage\",\"@id\":\"https:\/\/nid.pl\/2024\/08\/30\/rozpoczal-sie-14-weekend-architektury-w-gdyni\/\",\"url\":\"https:\/\/nid.pl\/2024\/08\/30\/rozpoczal-sie-14-weekend-architektury-w-gdyni\/\",\"name\":\"Rozpocz\u0105\u0142 si\u0119 14. Weekend Architektury w Gdyni - NID\",\"isPartOf\":{\"@id\":\"https:\/\/nid.pl\/#website\"},\"primaryImageOfPage\":{\"@id\":\"https:\/\/nid.pl\/2024\/08\/30\/rozpoczal-sie-14-weekend-architektury-w-gdyni\/#primaryimage\"},\"image\":{\"@id\":\"https:\/\/nid.pl\/2024\/08\/30\/rozpoczal-sie-14-weekend-architektury-w-gdyni\/#primaryimage\"},\"thumbnailUrl\":\"https:\/\/nid.pl\/wp-content\/uploads\/2024\/08\/miniaturka-weekend-architektury-wernisaz.jpg\",\"datePublished\":\"2024-08-30T12:20:17+00:00\",\"dateModified\":\"2024-09-01T13:50:03+00:00\",\"breadcrumb\":{\"@id\":\"https:\/\/nid.pl\/2024\/08\/30\/rozpoczal-sie-14-weekend-architektury-w-gdyni\/#breadcrumb\"},\"inLanguage\":\"en-GB\",\"potentialAction\":[{\"@type\":\"ReadAction\",\"target\":[\"https:\/\/nid.pl\/2024\/08\/30\/rozpoczal-sie-14-weekend-architektury-w-gdyni\/\"]}]},{\"@type\":\"ImageObject\",\"inLanguage\":\"en-GB\",\"@id\":\"https:\/\/nid.pl\/2024\/08\/30\/rozpoczal-sie-14-weekend-architektury-w-gdyni\/#primaryimage\",\"url\":\"https:\/\/nid.pl\/wp-content\/uploads\/2024\/08\/miniaturka-weekend-architektury-wernisaz.jpg\",\"contentUrl\":\"https:\/\/nid.pl\/wp-content\/uploads\/2024\/08\/miniaturka-weekend-architektury-wernisaz.jpg\",\"width\":1857,\"height\":1238,\"caption\":\"otwarcie wystawy Marii Kiesner \\\"Modernizmy\\\", Infobox, Gdynia, uczestnicy wydarzenia\"},{\"@type\":\"BreadcrumbList\",\"@id\":\"https:\/\/nid.pl\/2024\/08\/30\/rozpoczal-sie-14-weekend-architektury-w-gdyni\/#breadcrumb\",\"itemListElement\":[{\"@type\":\"ListItem\",\"position\":1,\"name\":\"Home\",\"item\":\"https:\/\/nid.pl\/\"},{\"@type\":\"ListItem\",\"position\":2,\"name\":\"Rozpocz\u0105\u0142 si\u0119 14. Weekend Architektury w Gdyni\"}]},{\"@type\":\"WebSite\",\"@id\":\"https:\/\/nid.pl\/#website\",\"url\":\"https:\/\/nid.pl\/\",\"name\":\"NID\",\"description\":\"Narodowy Instytut Dziedzictwa\",\"publisher\":{\"@id\":\"https:\/\/nid.pl\/#organization\"},\"potentialAction\":[{\"@type\":\"SearchAction\",\"target\":{\"@type\":\"EntryPoint\",\"urlTemplate\":\"https:\/\/nid.pl\/?s={search_term_string}\"},\"query-input\":{\"@type\":\"PropertyValueSpecification\",\"valueRequired\":true,\"valueName\":\"search_term_string\"}}],\"inLanguage\":\"en-GB\"},{\"@type\":\"Organization\",\"@id\":\"https:\/\/nid.pl\/#organization\",\"name\":\"Narodowy Instytut Dziedzictwa\",\"url\":\"https:\/\/nid.pl\/\",\"logo\":{\"@type\":\"ImageObject\",\"inLanguage\":\"en-GB\",\"@id\":\"https:\/\/nid.pl\/#\/schema\/logo\/image\/\",\"url\":\"https:\/\/nid.pl\/wp-content\/uploads\/2022\/10\/logoRedDark.png\",\"contentUrl\":\"https:\/\/nid.pl\/wp-content\/uploads\/2022\/10\/logoRedDark.png\",\"width\":200,\"height\":197,\"caption\":\"Narodowy Instytut Dziedzictwa\"},\"image\":{\"@id\":\"https:\/\/nid.pl\/#\/schema\/logo\/image\/\"},\"sameAs\":[\"https:\/\/www.facebook.com\/zabytek\",\"https:\/\/x.com\/NarIDpl\",\"https:\/\/www.instagram.com\/nid.pl\/?hl=pl\",\"https:\/\/www.linkedin.com\/company\/narodowy-instytut-dziedzictwa\",\"https:\/\/www.youtube.com\/channel\/UCQXuhKa2uHtmNvLRUSx40JA\"]},{\"@type\":\"Person\",\"@id\":\"https:\/\/nid.pl\/#\/schema\/person\/1b690a8998a5111cfb9f0ffe24195a15\",\"name\":\"Barbara Halliop\",\"image\":{\"@type\":\"ImageObject\",\"inLanguage\":\"en-GB\",\"@id\":\"https:\/\/nid.pl\/#\/schema\/person\/image\/\",\"url\":\"https:\/\/nid.pl\/wp-content\/litespeed\/avatar\/924046d17dd0c842c9fa9ccf489bc6dc.jpg?ver=1777444967\",\"contentUrl\":\"https:\/\/nid.pl\/wp-content\/litespeed\/avatar\/924046d17dd0c842c9fa9ccf489bc6dc.jpg?ver=1777444967\",\"caption\":\"Barbara Halliop\"},\"url\":\"https:\/\/nid.pl\/en\/author\/bhalliop\/\"}]}<\/script>\n<!-- \/ Yoast SEO plugin. -->","yoast_head_json":{"title":"Rozpocz\u0105\u0142 si\u0119 14. Weekend Architektury w Gdyni - NID","robots":{"index":"index","follow":"follow","max-snippet":"max-snippet:-1","max-image-preview":"max-image-preview:large","max-video-preview":"max-video-preview:-1"},"canonical":"https:\/\/nid.pl\/en\/2024\/08\/30\/rozpoczal-sie-14-weekend-architektury-w-gdyni\/","og_locale":"en_GB","og_type":"article","og_title":"Rozpocz\u0105\u0142 si\u0119 14. Weekend Architektury w Gdyni - NID","og_description":"Do 1 wrze\u015bnia trwa Weekend Architektury w Gdyni pod has\u0142em \u201cEKSPERTYMENT | Miasto, ludzie i architektura\u201d. To okazja to do zag\u0142\u0119bienia si\u0119 w modernistycznym mie\u015bcie, spojrzenia na budynki z perspektywy [&hellip;]","og_url":"https:\/\/nid.pl\/en\/2024\/08\/30\/rozpoczal-sie-14-weekend-architektury-w-gdyni\/","og_site_name":"NID","article_publisher":"https:\/\/www.facebook.com\/zabytek","article_published_time":"2024-08-30T12:20:17+00:00","article_modified_time":"2024-09-01T13:50:03+00:00","og_image":[{"width":1857,"height":1238,"url":"https:\/\/nid.pl\/wp-content\/uploads\/2024\/08\/miniaturka-weekend-architektury-wernisaz.jpg","type":"image\/jpeg"}],"author":"Barbara Halliop","twitter_card":"summary_large_image","twitter_creator":"@NarIDpl","twitter_site":"@NarIDpl","twitter_misc":{"Written by":"Barbara Halliop","Estimated reading time":"5 minutes"},"schema":{"@context":"https:\/\/schema.org","@graph":[{"@type":"Article","@id":"https:\/\/nid.pl\/2024\/08\/30\/rozpoczal-sie-14-weekend-architektury-w-gdyni\/#article","isPartOf":{"@id":"https:\/\/nid.pl\/2024\/08\/30\/rozpoczal-sie-14-weekend-architektury-w-gdyni\/"},"author":{"name":"Barbara Halliop","@id":"https:\/\/nid.pl\/#\/schema\/person\/1b690a8998a5111cfb9f0ffe24195a15"},"headline":"Rozpocz\u0105\u0142 si\u0119 14. Weekend Architektury w Gdyni","datePublished":"2024-08-30T12:20:17+00:00","dateModified":"2024-09-01T13:50:03+00:00","mainEntityOfPage":{"@id":"https:\/\/nid.pl\/2024\/08\/30\/rozpoczal-sie-14-weekend-architektury-w-gdyni\/"},"wordCount":747,"publisher":{"@id":"https:\/\/nid.pl\/#organization"},"image":{"@id":"https:\/\/nid.pl\/2024\/08\/30\/rozpoczal-sie-14-weekend-architektury-w-gdyni\/#primaryimage"},"thumbnailUrl":"https:\/\/nid.pl\/wp-content\/uploads\/2024\/08\/miniaturka-weekend-architektury-wernisaz.jpg","articleSection":["Aktualno\u015bci"],"inLanguage":"en-GB"},{"@type":"WebPage","@id":"https:\/\/nid.pl\/2024\/08\/30\/rozpoczal-sie-14-weekend-architektury-w-gdyni\/","url":"https:\/\/nid.pl\/2024\/08\/30\/rozpoczal-sie-14-weekend-architektury-w-gdyni\/","name":"Rozpocz\u0105\u0142 si\u0119 14. Weekend Architektury w Gdyni - NID","isPartOf":{"@id":"https:\/\/nid.pl\/#website"},"primaryImageOfPage":{"@id":"https:\/\/nid.pl\/2024\/08\/30\/rozpoczal-sie-14-weekend-architektury-w-gdyni\/#primaryimage"},"image":{"@id":"https:\/\/nid.pl\/2024\/08\/30\/rozpoczal-sie-14-weekend-architektury-w-gdyni\/#primaryimage"},"thumbnailUrl":"https:\/\/nid.pl\/wp-content\/uploads\/2024\/08\/miniaturka-weekend-architektury-wernisaz.jpg","datePublished":"2024-08-30T12:20:17+00:00","dateModified":"2024-09-01T13:50:03+00:00","breadcrumb":{"@id":"https:\/\/nid.pl\/2024\/08\/30\/rozpoczal-sie-14-weekend-architektury-w-gdyni\/#breadcrumb"},"inLanguage":"en-GB","potentialAction":[{"@type":"ReadAction","target":["https:\/\/nid.pl\/2024\/08\/30\/rozpoczal-sie-14-weekend-architektury-w-gdyni\/"]}]},{"@type":"ImageObject","inLanguage":"en-GB","@id":"https:\/\/nid.pl\/2024\/08\/30\/rozpoczal-sie-14-weekend-architektury-w-gdyni\/#primaryimage","url":"https:\/\/nid.pl\/wp-content\/uploads\/2024\/08\/miniaturka-weekend-architektury-wernisaz.jpg","contentUrl":"https:\/\/nid.pl\/wp-content\/uploads\/2024\/08\/miniaturka-weekend-architektury-wernisaz.jpg","width":1857,"height":1238,"caption":"otwarcie wystawy Marii Kiesner \"Modernizmy\", Infobox, Gdynia, uczestnicy wydarzenia"},{"@type":"BreadcrumbList","@id":"https:\/\/nid.pl\/2024\/08\/30\/rozpoczal-sie-14-weekend-architektury-w-gdyni\/#breadcrumb","itemListElement":[{"@type":"ListItem","position":1,"name":"Home","item":"https:\/\/nid.pl\/"},{"@type":"ListItem","position":2,"name":"Rozpocz\u0105\u0142 si\u0119 14. Weekend Architektury w Gdyni"}]},{"@type":"WebSite","@id":"https:\/\/nid.pl\/#website","url":"https:\/\/nid.pl\/","name":"NID","description":"Narodowy Instytut Dziedzictwa","publisher":{"@id":"https:\/\/nid.pl\/#organization"},"potentialAction":[{"@type":"SearchAction","target":{"@type":"EntryPoint","urlTemplate":"https:\/\/nid.pl\/?s={search_term_string}"},"query-input":{"@type":"PropertyValueSpecification","valueRequired":true,"valueName":"search_term_string"}}],"inLanguage":"en-GB"},{"@type":"Organization","@id":"https:\/\/nid.pl\/#organization","name":"Narodowy Instytut Dziedzictwa","url":"https:\/\/nid.pl\/","logo":{"@type":"ImageObject","inLanguage":"en-GB","@id":"https:\/\/nid.pl\/#\/schema\/logo\/image\/","url":"https:\/\/nid.pl\/wp-content\/uploads\/2022\/10\/logoRedDark.png","contentUrl":"https:\/\/nid.pl\/wp-content\/uploads\/2022\/10\/logoRedDark.png","width":200,"height":197,"caption":"Narodowy Instytut Dziedzictwa"},"image":{"@id":"https:\/\/nid.pl\/#\/schema\/logo\/image\/"},"sameAs":["https:\/\/www.facebook.com\/zabytek","https:\/\/x.com\/NarIDpl","https:\/\/www.instagram.com\/nid.pl\/?hl=pl","https:\/\/www.linkedin.com\/company\/narodowy-instytut-dziedzictwa","https:\/\/www.youtube.com\/channel\/UCQXuhKa2uHtmNvLRUSx40JA"]},{"@type":"Person","@id":"https:\/\/nid.pl\/#\/schema\/person\/1b690a8998a5111cfb9f0ffe24195a15","name":"Barbara Halliop","image":{"@type":"ImageObject","inLanguage":"en-GB","@id":"https:\/\/nid.pl\/#\/schema\/person\/image\/","url":"https:\/\/nid.pl\/wp-content\/litespeed\/avatar\/924046d17dd0c842c9fa9ccf489bc6dc.jpg?ver=1777444967","contentUrl":"https:\/\/nid.pl\/wp-content\/litespeed\/avatar\/924046d17dd0c842c9fa9ccf489bc6dc.jpg?ver=1777444967","caption":"Barbara Halliop"},"url":"https:\/\/nid.pl\/en\/author\/bhalliop\/"}]}},"_links":{"self":[{"href":"https:\/\/nid.pl\/en\/wp-json\/wp\/v2\/posts\/22071","targetHints":{"allow":["GET"]}}],"collection":[{"href":"https:\/\/nid.pl\/en\/wp-json\/wp\/v2\/posts"}],"about":[{"href":"https:\/\/nid.pl\/en\/wp-json\/wp\/v2\/types\/post"}],"author":[{"embeddable":true,"href":"https:\/\/nid.pl\/en\/wp-json\/wp\/v2\/users\/7"}],"replies":[{"embeddable":true,"href":"https:\/\/nid.pl\/en\/wp-json\/wp\/v2\/comments?post=22071"}],"version-history":[{"count":0,"href":"https:\/\/nid.pl\/en\/wp-json\/wp\/v2\/posts\/22071\/revisions"}],"wp:featuredmedia":[{"embeddable":true,"href":"https:\/\/nid.pl\/en\/wp-json\/wp\/v2\/media\/22076"}],"wp:attachment":[{"href":"https:\/\/nid.pl\/en\/wp-json\/wp\/v2\/media?parent=22071"}],"wp:term":[{"taxonomy":"category","embeddable":true,"href":"https:\/\/nid.pl\/en\/wp-json\/wp\/v2\/categories?post=22071"},{"taxonomy":"post_tag","embeddable":true,"href":"https:\/\/nid.pl\/en\/wp-json\/wp\/v2\/tags?post=22071"}],"curies":[{"name":"wp","href":"https:\/\/api.w.org\/{rel}","templated":true}]}}