{"id":22055,"date":"2024-08-29T14:22:18","date_gmt":"2024-08-29T12:22:18","guid":{"rendered":"https:\/\/nid.pl\/?p=22055"},"modified":"2024-08-29T14:23:57","modified_gmt":"2024-08-29T12:23:57","slug":"europejskie-dni-dziedzictwa-co-nas-czeka-w-ramach-tegorocznej-edycji","status":"publish","type":"post","link":"https:\/\/nid.pl\/en\/2024\/08\/29\/europejskie-dni-dziedzictwa-co-nas-czeka-w-ramach-tegorocznej-edycji\/","title":{"rendered":"Europejskie Dni Dziedzictwa \u2013 co nas czeka w ramach tegorocznej edycji?"},"content":{"rendered":"<p><strong>Ju\u017c na pocz\u0105tku wrze\u015bnia rozpoczynaj\u0105 si\u0119 32. Europejskie Dni Dziedzictwa, w tym roku<u> <\/u>pod has\u0142em <em>Szlaki.Sieci.Po\u0142\u0105czenia.<\/em> Wydarzenia organizowane w ramach tegorocznej edycji b\u0119d\u0119 si\u0119 odbywa\u0107 przez ca\u0142y miesi\u0105c, ze szczeg\u00f3lnym uwzgl\u0119dnieniem dw\u00f3ch weekend\u00f3w: 7-8 i 14-15 wrze\u015bnia. Narodowy Instytut Dziedzictwa pe\u0142ni rol\u0119 og\u00f3lnopolskiego koordynatora, a wydarzenia, takie jak warsztaty, prelekcje czy spacery przygotowuj\u0105 liczne instytucje z ca\u0142ego kraju, a tak\u017ce osoby prywatne.<\/strong><\/p>\n\n\n\n<p><\/p>\n\n\n\n<p><strong>EDD &#8211; promocja r\u00f3\u017cnorodno\u015bci regionalnego dziedzictwa i podkre\u015blenie wsp\u00f3lnych korzeni<\/strong><\/p>\n\n\n\n<p>Europejskie Dni Dziedzictwa to cykliczny projekt kulturalny, spo\u0142eczny i edukacyjny o wyj\u0105tkowej skali i zasi\u0119gu. Co roku we wrze\u015bniu, w ca\u0142ej Europie mo\u017cna bezp\u0142atnie zwiedzi\u0107 najciekawsze zabytki oraz wzi\u0105\u0107 udzia\u0142 w wydarzeniach przygotowanych z tej okazji przez instytucje, o\u015brodki kultur, stowarzyszenia i osoby prywatne.&nbsp; W zesz\u0142ym roku, w Polsce odby\u0142o si\u0119 ich prawie 1500. Inicjatywa ma na celu promowanie r\u00f3\u017cnorodno\u015bci dziedzictwa kulturowego, podkre\u015blenie wsp\u00f3lnych korzeni kultury europejskiej oraz propagowanie dialogu mi\u0119dzykulturowego. Opr\u00f3cz obcowania z zabytkami, czasami niedost\u0119pnymi na co dzie\u0144, EDD to r\u00f3wnie\u017c spotkania z depozytariuszami dziedzictwa niematerialnego i okazja do popularyzowania regionalnych tradycji i zwyczaj\u00f3w.<\/p>\n\n\n\n<p><strong>Wydarzenia w ramach EDD 2024<\/strong><\/p>\n\n\n\n<p>W ramach EDD organizatorzy przygotowuj\u0105 r\u00f3\u017cnorodne wydarzenia, z kt\u00f3rych ka\u017cdy wybierze co\u015b dla siebie. S\u0105 one skierowane do r\u00f3\u017cnych grup wiekowych, a wiele z nich jest dostosowanych do potrzeb os\u00f3b z niepe\u0142nosprawno\u015bciami. Odbywaj\u0105 si\u0119 w du\u017cych miastach i w ma\u0142ych miejscowo\u015bciach, pozwalaj\u0105c dostrzec r\u00f3\u017cnorodno\u015b\u0107 dziedzictwa kulturowego naszego kraju.<\/p>\n\n\n\n<p>W programie EDD znalaz\u0142y si\u0119 prelekcje, wystawy i wyk\u0142ady, np.:<\/p>\n\n\n\n<ul class=\"wp-block-list\">\n<li><a href=\"https:\/\/edd.nid.pl\/wydarzenia\/prelekcja-wawrzynca-orlinskiego-pt-archeologiczne-spojrzenie-na-gmine-serock\/\" target=\"_blank\" rel=\"noreferrer noopener\">Prelekcja Wawrzy\u0144ca Orli\u0144skiego pt. &#8220;Archeologiczne spojrzenie na gmin\u0119 Serock&#8221; w Legionowie<\/a><\/li>\n\n\n\n<li><a href=\"https:\/\/edd.nid.pl\/wydarzenia\/szlaki-nieoczywiste-wedrowki-dalekie-i-bliskie-w-swiecie-ksiazek-i-dokumentow\/\" target=\"_blank\" rel=\"noreferrer noopener\">\u201eSzlaki nieoczywiste. W\u0119dr\u00f3wki dalekie i bliskie w \u015bwiecie ksi\u0105\u017cek I dokument\u00f3w\u201d w Szczecinie<\/a><\/li>\n\n\n\n<li><a href=\"https:\/\/edd.nid.pl\/wydarzenia\/miasto-przez-emigrantow-budowane-wyklad-i-wycieczka-rowerowa\/\" target=\"_blank\" rel=\"noreferrer noopener\">Miasto przez emigrant\u00f3w budowane &#8211; wyk\u0142ad i wycieczka rowerowa w Zdu\u0144skiej Woli<\/a><\/li>\n\n\n\n<li><a href=\"http:\/\/xn--tkactwo-c46c\/POEZJA%201844\/2024:%20wsp%C3%B3lne%20w%C4%85tki%22%20-%20Czytanie%20historycznej%20i%20wsp%C3%B3%C5%82czesnej%20poezji%20inspirowanej%20tkackim%20dziedzictwem%20regionu%20w%20Kamiennej%20G%C3%B3rze\">\u201eTKACTWO\/POEZJA 1844\/2024: wsp\u00f3lne w\u0105tki&#8221; &#8211; Czytanie historycznej i wsp\u00f3\u0142czesnej poezji inspirowanej tkackim dziedzictwem regionu w Kamiennej G\u00f3rze<\/a><\/li>\n\n\n\n<li><a href=\"https:\/\/edd.nid.pl\/wydarzenia\/europejskie-dni-dziedzictwa-szlaki-sieci-polaczenia-bierzwnik-2024-r\/\" target=\"_blank\" rel=\"noreferrer noopener\">&#8220;Szlaki.Sieci.Po\u0142\u0105czenia&#8221; &#8211; wyk\u0142ady i wystawy w Bierzwniku<\/a><\/li>\n<\/ul>\n\n\n\n<p><\/p>\n\n\n\n<p>W ofercie wydarze\u0144 EDD s\u0105 te\u017c koncerty i spektakle w zabytkowych przestrzeniach, np.:<\/p>\n\n\n\n<ul class=\"wp-block-list\">\n<li><a href=\"https:\/\/edd.nid.pl\/wydarzenia\/europejskie-dni-dziedzictwa-na-zamku-w-liwie-3\/\" target=\"_blank\" rel=\"noreferrer noopener\">Spektakl Bona na Jazzowo na Zamku w Liwie<\/a><\/li>\n\n\n\n<li><a href=\"https:\/\/edd.nid.pl\/wydarzenia\/edd-w-palacu-struga-spektakl-nie-antygona-i-wernisaz-wystawy-polaczenia\/\" target=\"_blank\" rel=\"noreferrer noopener\">Spektakl &#8220;(NIE) Antygona&#8221; i wernisa\u017c wystawy &#8220;Po\u0142\u0105czenia&#8221; w Pa\u0142acu Struga<\/a><\/li>\n\n\n\n<li><a href=\"https:\/\/edd.nid.pl\/wydarzenia\/koncert-muzyki-sredniowiecznej-in-via-stellae-el-camino\/\" target=\"_blank\" rel=\"noreferrer noopener\">Koncert muzyki \u015bredniowiecznej: &#8220;In via stellae. El Camino&#8221; we Wroc\u0142awiu<\/a><\/li>\n\n\n\n<li><a href=\"https:\/\/edd.nid.pl\/wydarzenia\/koncert-kameralny\/\" target=\"_blank\" rel=\"noreferrer noopener\">Koncert kameralny w Filharmonii Opolskiej<\/a><\/li>\n\n\n\n<li><a href=\"https:\/\/edd.nid.pl\/wydarzenia\/czesc-kazdej-piesni\/\" target=\"_blank\" rel=\"noreferrer noopener\">CZE\u015a\u0106 ka\u017cdej PIE\u015aNI! &#8211; wyst\u0119py ch\u00f3r\u00f3w w Katowicach<\/a><\/li>\n<\/ul>\n\n\n\n<p>Dla tych, kt\u00f3rzy chc\u0105 przenie\u015b\u0107 si\u0119 w czasie, przygotowano rekonstrukcje i inscenizacje historyczne, np.:<\/p>\n\n\n\n<ul class=\"wp-block-list\">\n<li><a href=\"https:\/\/edd.nid.pl\/wydarzenia\/rzeczpospolita-przez-wieki\/\" target=\"_blank\" rel=\"noreferrer noopener\">\u201cRzeczpospolita Przez Wieki\u201d, festiwal historyczny w Supra\u015blu<\/a><\/li>\n\n\n\n<li><a href=\"https:\/\/edd.nid.pl\/wydarzenia\/turniej-rycerski-o-pierscien-ksieznej-danuty\/\" target=\"_blank\" rel=\"noreferrer noopener\">Turniej Rycerski o Pier\u015bcie\u0144 Ksi\u0119\u017cnej Danuty nad Ha\u0144cz\u0105<\/a><\/li>\n\n\n\n<li><a href=\"https:\/\/edd.nid.pl\/wydarzenia\/pochod-gwarkowski-w-tarnowskich-goach\/\" target=\"_blank\" rel=\"noreferrer noopener\">Poch\u00f3d Gwarkowski w Tarnowskich G\u00f3rach<\/a><\/li>\n<\/ul>\n\n\n\n<p>Okazj\u0105 do kontaktu z dziedzictwem niematerialnym b\u0119d\u0105 pokazy tradycyjnego rzemios\u0142a i r\u0119kodzie\u0142a, takie jak:<\/p>\n\n\n\n<ul class=\"wp-block-list\">\n<li><a href=\"https:\/\/edd.nid.pl\/wydarzenia\/krolewski-festiwal-rzemiosl-2\/\" target=\"_blank\" rel=\"noreferrer noopener\">Kr\u00f3lewski Festiwal Rzemios\u0142 w Muzeum Pa\u0142acu Kr\u00f3la Jana III w Wilanowie<\/a><\/li>\n\n\n\n<li><a href=\"https:\/\/edd.nid.pl\/wydarzenia\/pokaz-haftu-kurpiowskiego-z-puszczy-bialej-2\/\" target=\"_blank\" rel=\"noreferrer noopener\">Pokaz haftu kurpiowskiego z Puszczy Bia\u0142ej w Broku<\/a><\/li>\n\n\n\n<li><a href=\"https:\/\/edd.nid.pl\/wydarzenia\/w-sieci-nici-warsztaty-tradycyjnego-zieloneckiego-haftu\/\" target=\"_blank\" rel=\"noreferrer noopener\">\u201cW sieci nici\u201d \u2013 warsztaty tradycyjnego zieloneckiego haftu w Zielonkach<\/a><\/li>\n<\/ul>\n\n\n\n<p>Osoby lubi\u0105ce sp\u0119dza\u0107 czas aktywnie zapraszamy do uczestnictwa w wycieczkach, spacerach, rajdach rowerowych i grach terenowych, np.:<\/p>\n\n\n\n<ul class=\"wp-block-list\">\n<li><a href=\"https:\/\/edd.nid.pl\/wydarzenia\/z-rzymianami-po-bursztyn-i-wojownikow-wycieczka-kujawskim-odcinkiem-szlaku-bursztynowego\/\" target=\"_blank\" rel=\"noreferrer noopener\">\u201eZ Rzymianami po bursztyn i wojownik\u00f3w\u201d. Wycieczka kujawskim odcinkiem szlaku bursztynowego w Gniewkowie<\/a><\/li>\n\n\n\n<li><a href=\"https:\/\/edd.nid.pl\/wydarzenia\/rajd-rowerowy-szlakiem-templariuszy\/\" target=\"_blank\" rel=\"noreferrer noopener\">Rajd rowerowy &#8220;Szlakiem Templariuszy&#8221; w D\u0119bnie<\/a><\/li>\n\n\n\n<li><a href=\"https:\/\/edd.nid.pl\/wydarzenia\/niezle-ziolko-aktywne-rodzinne-oprowadzanie-po-cytadeli-warszawskiej\/\" target=\"_blank\" rel=\"noreferrer noopener\">Niez\u0142e zi\u00f3\u0142ko \u2013 aktywne rodzinne oprowadzanie po Cytadeli Warszawskiej <\/a><\/li>\n\n\n\n<li><a href=\"https:\/\/edd.nid.pl\/wydarzenia\/gra-terenowa-rzemieslnicy\/\" target=\"_blank\" rel=\"noreferrer noopener\">Gra terenowa &#8220;Rzemie\u015blnicy&#8221; &#8211; Europejskie Dni Dziedzictwa w Tczewie<\/a><\/li>\n\n\n\n<li><a href=\"https:\/\/edd.nid.pl\/wydarzenia\/na-krzemiennym-szlaku\/\" target=\"_blank\" rel=\"noreferrer noopener\">Na krzemiennym szlaku &#8211; w Muzeum Archeologicznym i Rezerwacie Krzemionki<\/a><\/li>\n\n\n\n<li><a href=\"https:\/\/edd.nid.pl\/wydarzenia\/walbrzyskie-trakty-i-podziemne-sciezki\/\" target=\"_blank\" rel=\"noreferrer noopener\">Wa\u0142brzyskie trakty i podziemne \u015bcie\u017cki<\/a><\/li>\n<\/ul>\n\n\n\n<p>Mi\u0142o\u015bnikom kulinari\u00f3w proponujemy biesiady i festyny, na kt\u00f3rych b\u0119dzie mo\u017cna spr\u00f3bowa\u0107 regionalnych, tradycyjnych potraw:<\/p>\n\n\n\n<ul class=\"wp-block-list\">\n<li><a href=\"https:\/\/edd.nid.pl\/wydarzenia\/jarmark-ziemi-kluczborsko-oleskiej-miodowo-mleczne-smaki-3\/\" target=\"_blank\" rel=\"noreferrer noopener\">Jarmark Ziemi Kluczborsko-Oleskiej &#8220;Miodowo-mleczne smaki&#8221;<\/a><\/li>\n\n\n\n<li><a href=\"https:\/\/edd.nid.pl\/wydarzenia\/cud-miod-posmakuj-darow-lata-szlakiem-kaszubskich-smakow\/\" target=\"_blank\" rel=\"noreferrer noopener\">CUD MI\u00d3D. Posmakuj dar\u00f3w lata. Szlakiem kaszubskich smak\u00f3w &#8211; kiermasz w L\u0119borku<\/a><\/li>\n\n\n\n<li><a href=\"https:\/\/edd.nid.pl\/wydarzenia\/swieto-owocow-plenerowy-festiwal-kultur-lokalnych-poludniowej-malopolski-w-raciechowicach\/\" target=\"_blank\" rel=\"noreferrer noopener\">&#8220;\u015awi\u0119to Owoc\u00f3w&#8221; &#8211; plenerowy festiwal kultur lokalnych po\u0142udniowej Ma\u0142opolski w Raciechowicach<\/a><\/li>\n\n\n\n<li><a href=\"https:\/\/edd.nid.pl\/wydarzenia\/smaki-podlasia-tradycje-kulinarne\/\" target=\"_blank\" rel=\"noreferrer noopener\">Smaki Podlasia &#8211; tradycje kulinarne- Inauguracja EDD 2024 w wojew\u00f3dztwie podlaskim<\/a><\/li>\n<\/ul>\n\n\n\n<p>To tylko u\u0142amek wszystkich wydarze\u0144 zaplanowanych na wrze\u015bniowe weekendy, a ich liczba stale ro\u015bnie. Szukaj ich na stronie <a href=\"https:\/\/edd.nid.pl\/wydarzenia\/\">Wydarzenia &#8211; Europejskie Dni Dziedzictwa.<\/a><\/p>\n\n\n\n<p><\/p>\n\n\n\n<p><strong>32. Edycja Europejskich Dni Dziedzictwa<\/strong><\/p>\n\n\n\n<p>Tegoroczne has\u0142o <em>Szlaki. Sieci. Po\u0142\u0105czenia.<\/em> bezpo\u015brednio odwo\u0142uje si\u0119 do projektu Szlak\u00f3w Kulturowych Rady Europy, zainicjowanego w 1987 r. przez Rad\u0119 Europy. Obecnie kontynent przecina 47 tras, a 17 z nich przechodzi przez Polsk\u0119.<\/p>\n\n\n\n<p>Narodowy Instytut Dziedzictwa jest og\u00f3lnopolskim koordynatorem obchod\u00f3w Europejskich Dni Dziedzictwa. Za po\u015brednictwem 16 koordynator\u00f3w regionalnych przygotowuje i upowszechnia ofert\u0119 przygotowanych wydarze\u0144.&nbsp; <\/p>\n\n\n\n<p>NID od lat tworzy w Polsce rozwi\u0105zania systemowe \u0142\u0105cz\u0105c zarz\u0105dc\u00f3w dziedzictwa o niezwyk\u0142ej warto\u015bci w skali kraju. Jednym z naszych dzia\u0142a\u0144 jest nadzorowanie w imieniu Ministra Kultury i Dziedzictwa Narodowego procedury wpisu na <a href=\"https:\/\/nid.pl\/en\/pomniki-historii\/\">list\u0119 pomnik\u00f3w historii.<\/a> Aktualnie liczy ona 129 zabytk\u00f3w. Wa\u017cn\u0105 sieci\u0105 s\u0105 tak\u017ce obiekty zabytkowe wpisane na list\u0119 \u015bwiatowego dziedzictwa UNESCO. Temat przewodni tegorocznych EDD daje r\u00f3wnie\u017c mo\u017cliwo\u015b\u0107 pokazania r\u00f3\u017cnorodno\u015bci dziedzictwa niematerialnego, w tym zjawisk wpisanych na <a href=\"https:\/\/niematerialne.nid.pl\/\">Krajow\u0105 list\u0119 niematerialnego dziedzictwa kulturowego.<\/a><\/p>\n\n\n\n<p><\/p>\n\n\n\n<p><\/p>","protected":false},"excerpt":{"rendered":"<p>Ju\u017c na pocz\u0105tku wrze\u015bnia rozpoczynaj\u0105 si\u0119 32. Europejskie Dni Dziedzictwa, w tym roku pod has\u0142em Szlaki.Sieci.Po\u0142\u0105czenia. Wydarzenia organizowane w ramach tegorocznej edycji b\u0119d\u0119 si\u0119 odbywa\u0107 przez ca\u0142y miesi\u0105c, ze szczeg\u00f3lnym [&hellip;]<\/p>","protected":false},"author":7,"featured_media":22057,"comment_status":"closed","ping_status":"closed","sticky":false,"template":"","format":"standard","meta":{"_et_pb_use_builder":"off","_et_pb_old_content":"","_et_gb_content_width":"","_monsterinsights_skip_tracking":false,"_monsterinsights_sitenote_active":false,"_monsterinsights_sitenote_note":"","_monsterinsights_sitenote_category":0,"footnotes":""},"categories":[3,1,89],"tags":[],"class_list":["post-22055","post","type-post","status-publish","format-standard","has-post-thumbnail","hentry","category-aktualnosci","category-bez-kategorii","category-europejskie-dni-dziedzictwa"],"yoast_head":"<!-- This site is optimized with the Yoast SEO plugin v26.5 - https:\/\/yoast.com\/wordpress\/plugins\/seo\/ -->\n<title>Europejskie Dni Dziedzictwa \u2013 co nas czeka w ramach tegorocznej edycji? - NID<\/title>\n<meta name=\"robots\" content=\"index, follow, max-snippet:-1, max-image-preview:large, max-video-preview:-1\" \/>\n<link rel=\"canonical\" href=\"https:\/\/nid.pl\/en\/2024\/08\/29\/europejskie-dni-dziedzictwa-co-nas-czeka-w-ramach-tegorocznej-edycji\/\" \/>\n<meta property=\"og:locale\" content=\"en_GB\" \/>\n<meta property=\"og:type\" content=\"article\" \/>\n<meta property=\"og:title\" content=\"Europejskie Dni Dziedzictwa \u2013 co nas czeka w ramach tegorocznej edycji? - NID\" \/>\n<meta property=\"og:description\" content=\"Ju\u017c na pocz\u0105tku wrze\u015bnia rozpoczynaj\u0105 si\u0119 32. Europejskie Dni Dziedzictwa, w tym roku pod has\u0142em Szlaki.Sieci.Po\u0142\u0105czenia. Wydarzenia organizowane w ramach tegorocznej edycji b\u0119d\u0119 si\u0119 odbywa\u0107 przez ca\u0142y miesi\u0105c, ze szczeg\u00f3lnym [&hellip;]\" \/>\n<meta property=\"og:url\" content=\"https:\/\/nid.pl\/en\/2024\/08\/29\/europejskie-dni-dziedzictwa-co-nas-czeka-w-ramach-tegorocznej-edycji\/\" \/>\n<meta property=\"og:site_name\" content=\"NID\" \/>\n<meta property=\"article:publisher\" content=\"https:\/\/www.facebook.com\/zabytek\" \/>\n<meta property=\"article:published_time\" content=\"2024-08-29T12:22:18+00:00\" \/>\n<meta property=\"article:modified_time\" content=\"2024-08-29T12:23:57+00:00\" \/>\n<meta property=\"og:image\" content=\"https:\/\/nid.pl\/wp-content\/uploads\/2024\/08\/miniaturka-EDD-wydarzenia.jpg\" \/>\n\t<meta property=\"og:image:width\" content=\"1857\" \/>\n\t<meta property=\"og:image:height\" content=\"1238\" \/>\n\t<meta property=\"og:image:type\" content=\"image\/jpeg\" \/>\n<meta name=\"author\" content=\"Barbara Halliop\" \/>\n<meta name=\"twitter:card\" content=\"summary_large_image\" \/>\n<meta name=\"twitter:creator\" content=\"@NarIDpl\" \/>\n<meta name=\"twitter:site\" content=\"@NarIDpl\" \/>\n<meta name=\"twitter:label1\" content=\"Written by\" \/>\n\t<meta name=\"twitter:data1\" content=\"Barbara Halliop\" \/>\n\t<meta name=\"twitter:label2\" content=\"Estimated reading time\" \/>\n\t<meta name=\"twitter:data2\" content=\"5 minutes\" \/>\n<script type=\"application\/ld+json\" class=\"yoast-schema-graph\">{\"@context\":\"https:\/\/schema.org\",\"@graph\":[{\"@type\":\"Article\",\"@id\":\"https:\/\/nid.pl\/2024\/08\/29\/europejskie-dni-dziedzictwa-co-nas-czeka-w-ramach-tegorocznej-edycji\/#article\",\"isPartOf\":{\"@id\":\"https:\/\/nid.pl\/2024\/08\/29\/europejskie-dni-dziedzictwa-co-nas-czeka-w-ramach-tegorocznej-edycji\/\"},\"author\":{\"name\":\"Barbara Halliop\",\"@id\":\"https:\/\/nid.pl\/#\/schema\/person\/1b690a8998a5111cfb9f0ffe24195a15\"},\"headline\":\"Europejskie Dni Dziedzictwa \u2013 co nas czeka w ramach tegorocznej edycji?\",\"datePublished\":\"2024-08-29T12:22:18+00:00\",\"dateModified\":\"2024-08-29T12:23:57+00:00\",\"mainEntityOfPage\":{\"@id\":\"https:\/\/nid.pl\/2024\/08\/29\/europejskie-dni-dziedzictwa-co-nas-czeka-w-ramach-tegorocznej-edycji\/\"},\"wordCount\":847,\"publisher\":{\"@id\":\"https:\/\/nid.pl\/#organization\"},\"image\":{\"@id\":\"https:\/\/nid.pl\/2024\/08\/29\/europejskie-dni-dziedzictwa-co-nas-czeka-w-ramach-tegorocznej-edycji\/#primaryimage\"},\"thumbnailUrl\":\"https:\/\/nid.pl\/wp-content\/uploads\/2024\/08\/miniaturka-EDD-wydarzenia.jpg\",\"articleSection\":[\"Aktualno\u015bci\",\"Bez kategorii\",\"EDD\"],\"inLanguage\":\"en-GB\"},{\"@type\":\"WebPage\",\"@id\":\"https:\/\/nid.pl\/2024\/08\/29\/europejskie-dni-dziedzictwa-co-nas-czeka-w-ramach-tegorocznej-edycji\/\",\"url\":\"https:\/\/nid.pl\/2024\/08\/29\/europejskie-dni-dziedzictwa-co-nas-czeka-w-ramach-tegorocznej-edycji\/\",\"name\":\"Europejskie Dni Dziedzictwa \u2013 co nas czeka w ramach tegorocznej edycji? - NID\",\"isPartOf\":{\"@id\":\"https:\/\/nid.pl\/#website\"},\"primaryImageOfPage\":{\"@id\":\"https:\/\/nid.pl\/2024\/08\/29\/europejskie-dni-dziedzictwa-co-nas-czeka-w-ramach-tegorocznej-edycji\/#primaryimage\"},\"image\":{\"@id\":\"https:\/\/nid.pl\/2024\/08\/29\/europejskie-dni-dziedzictwa-co-nas-czeka-w-ramach-tegorocznej-edycji\/#primaryimage\"},\"thumbnailUrl\":\"https:\/\/nid.pl\/wp-content\/uploads\/2024\/08\/miniaturka-EDD-wydarzenia.jpg\",\"datePublished\":\"2024-08-29T12:22:18+00:00\",\"dateModified\":\"2024-08-29T12:23:57+00:00\",\"breadcrumb\":{\"@id\":\"https:\/\/nid.pl\/2024\/08\/29\/europejskie-dni-dziedzictwa-co-nas-czeka-w-ramach-tegorocznej-edycji\/#breadcrumb\"},\"inLanguage\":\"en-GB\",\"potentialAction\":[{\"@type\":\"ReadAction\",\"target\":[\"https:\/\/nid.pl\/2024\/08\/29\/europejskie-dni-dziedzictwa-co-nas-czeka-w-ramach-tegorocznej-edycji\/\"]}]},{\"@type\":\"ImageObject\",\"inLanguage\":\"en-GB\",\"@id\":\"https:\/\/nid.pl\/2024\/08\/29\/europejskie-dni-dziedzictwa-co-nas-czeka-w-ramach-tegorocznej-edycji\/#primaryimage\",\"url\":\"https:\/\/nid.pl\/wp-content\/uploads\/2024\/08\/miniaturka-EDD-wydarzenia.jpg\",\"contentUrl\":\"https:\/\/nid.pl\/wp-content\/uploads\/2024\/08\/miniaturka-EDD-wydarzenia.jpg\",\"width\":1857,\"height\":1238,\"caption\":\"Europejskie Dni Dziedzictwa\"},{\"@type\":\"BreadcrumbList\",\"@id\":\"https:\/\/nid.pl\/2024\/08\/29\/europejskie-dni-dziedzictwa-co-nas-czeka-w-ramach-tegorocznej-edycji\/#breadcrumb\",\"itemListElement\":[{\"@type\":\"ListItem\",\"position\":1,\"name\":\"Home\",\"item\":\"https:\/\/nid.pl\/\"},{\"@type\":\"ListItem\",\"position\":2,\"name\":\"Europejskie Dni Dziedzictwa \u2013 co nas czeka w ramach tegorocznej edycji?\"}]},{\"@type\":\"WebSite\",\"@id\":\"https:\/\/nid.pl\/#website\",\"url\":\"https:\/\/nid.pl\/\",\"name\":\"NID\",\"description\":\"Narodowy Instytut Dziedzictwa\",\"publisher\":{\"@id\":\"https:\/\/nid.pl\/#organization\"},\"potentialAction\":[{\"@type\":\"SearchAction\",\"target\":{\"@type\":\"EntryPoint\",\"urlTemplate\":\"https:\/\/nid.pl\/?s={search_term_string}\"},\"query-input\":{\"@type\":\"PropertyValueSpecification\",\"valueRequired\":true,\"valueName\":\"search_term_string\"}}],\"inLanguage\":\"en-GB\"},{\"@type\":\"Organization\",\"@id\":\"https:\/\/nid.pl\/#organization\",\"name\":\"Narodowy Instytut Dziedzictwa\",\"url\":\"https:\/\/nid.pl\/\",\"logo\":{\"@type\":\"ImageObject\",\"inLanguage\":\"en-GB\",\"@id\":\"https:\/\/nid.pl\/#\/schema\/logo\/image\/\",\"url\":\"https:\/\/nid.pl\/wp-content\/uploads\/2022\/10\/logoRedDark.png\",\"contentUrl\":\"https:\/\/nid.pl\/wp-content\/uploads\/2022\/10\/logoRedDark.png\",\"width\":200,\"height\":197,\"caption\":\"Narodowy Instytut Dziedzictwa\"},\"image\":{\"@id\":\"https:\/\/nid.pl\/#\/schema\/logo\/image\/\"},\"sameAs\":[\"https:\/\/www.facebook.com\/zabytek\",\"https:\/\/x.com\/NarIDpl\",\"https:\/\/www.instagram.com\/nid.pl\/?hl=pl\",\"https:\/\/www.linkedin.com\/company\/narodowy-instytut-dziedzictwa\",\"https:\/\/www.youtube.com\/channel\/UCQXuhKa2uHtmNvLRUSx40JA\"]},{\"@type\":\"Person\",\"@id\":\"https:\/\/nid.pl\/#\/schema\/person\/1b690a8998a5111cfb9f0ffe24195a15\",\"name\":\"Barbara Halliop\",\"image\":{\"@type\":\"ImageObject\",\"inLanguage\":\"en-GB\",\"@id\":\"https:\/\/nid.pl\/#\/schema\/person\/image\/\",\"url\":\"https:\/\/nid.pl\/wp-content\/litespeed\/avatar\/924046d17dd0c842c9fa9ccf489bc6dc.jpg?ver=1777444967\",\"contentUrl\":\"https:\/\/nid.pl\/wp-content\/litespeed\/avatar\/924046d17dd0c842c9fa9ccf489bc6dc.jpg?ver=1777444967\",\"caption\":\"Barbara Halliop\"},\"url\":\"https:\/\/nid.pl\/en\/author\/bhalliop\/\"}]}<\/script>\n<!-- \/ Yoast SEO plugin. -->","yoast_head_json":{"title":"Europejskie Dni Dziedzictwa \u2013 co nas czeka w ramach tegorocznej edycji? - NID","robots":{"index":"index","follow":"follow","max-snippet":"max-snippet:-1","max-image-preview":"max-image-preview:large","max-video-preview":"max-video-preview:-1"},"canonical":"https:\/\/nid.pl\/en\/2024\/08\/29\/europejskie-dni-dziedzictwa-co-nas-czeka-w-ramach-tegorocznej-edycji\/","og_locale":"en_GB","og_type":"article","og_title":"Europejskie Dni Dziedzictwa \u2013 co nas czeka w ramach tegorocznej edycji? - NID","og_description":"Ju\u017c na pocz\u0105tku wrze\u015bnia rozpoczynaj\u0105 si\u0119 32. Europejskie Dni Dziedzictwa, w tym roku pod has\u0142em Szlaki.Sieci.Po\u0142\u0105czenia. Wydarzenia organizowane w ramach tegorocznej edycji b\u0119d\u0119 si\u0119 odbywa\u0107 przez ca\u0142y miesi\u0105c, ze szczeg\u00f3lnym [&hellip;]","og_url":"https:\/\/nid.pl\/en\/2024\/08\/29\/europejskie-dni-dziedzictwa-co-nas-czeka-w-ramach-tegorocznej-edycji\/","og_site_name":"NID","article_publisher":"https:\/\/www.facebook.com\/zabytek","article_published_time":"2024-08-29T12:22:18+00:00","article_modified_time":"2024-08-29T12:23:57+00:00","og_image":[{"width":1857,"height":1238,"url":"https:\/\/nid.pl\/wp-content\/uploads\/2024\/08\/miniaturka-EDD-wydarzenia.jpg","type":"image\/jpeg"}],"author":"Barbara Halliop","twitter_card":"summary_large_image","twitter_creator":"@NarIDpl","twitter_site":"@NarIDpl","twitter_misc":{"Written by":"Barbara Halliop","Estimated reading time":"5 minutes"},"schema":{"@context":"https:\/\/schema.org","@graph":[{"@type":"Article","@id":"https:\/\/nid.pl\/2024\/08\/29\/europejskie-dni-dziedzictwa-co-nas-czeka-w-ramach-tegorocznej-edycji\/#article","isPartOf":{"@id":"https:\/\/nid.pl\/2024\/08\/29\/europejskie-dni-dziedzictwa-co-nas-czeka-w-ramach-tegorocznej-edycji\/"},"author":{"name":"Barbara Halliop","@id":"https:\/\/nid.pl\/#\/schema\/person\/1b690a8998a5111cfb9f0ffe24195a15"},"headline":"Europejskie Dni Dziedzictwa \u2013 co nas czeka w ramach tegorocznej edycji?","datePublished":"2024-08-29T12:22:18+00:00","dateModified":"2024-08-29T12:23:57+00:00","mainEntityOfPage":{"@id":"https:\/\/nid.pl\/2024\/08\/29\/europejskie-dni-dziedzictwa-co-nas-czeka-w-ramach-tegorocznej-edycji\/"},"wordCount":847,"publisher":{"@id":"https:\/\/nid.pl\/#organization"},"image":{"@id":"https:\/\/nid.pl\/2024\/08\/29\/europejskie-dni-dziedzictwa-co-nas-czeka-w-ramach-tegorocznej-edycji\/#primaryimage"},"thumbnailUrl":"https:\/\/nid.pl\/wp-content\/uploads\/2024\/08\/miniaturka-EDD-wydarzenia.jpg","articleSection":["Aktualno\u015bci","Bez kategorii","EDD"],"inLanguage":"en-GB"},{"@type":"WebPage","@id":"https:\/\/nid.pl\/2024\/08\/29\/europejskie-dni-dziedzictwa-co-nas-czeka-w-ramach-tegorocznej-edycji\/","url":"https:\/\/nid.pl\/2024\/08\/29\/europejskie-dni-dziedzictwa-co-nas-czeka-w-ramach-tegorocznej-edycji\/","name":"Europejskie Dni Dziedzictwa \u2013 co nas czeka w ramach tegorocznej edycji? - NID","isPartOf":{"@id":"https:\/\/nid.pl\/#website"},"primaryImageOfPage":{"@id":"https:\/\/nid.pl\/2024\/08\/29\/europejskie-dni-dziedzictwa-co-nas-czeka-w-ramach-tegorocznej-edycji\/#primaryimage"},"image":{"@id":"https:\/\/nid.pl\/2024\/08\/29\/europejskie-dni-dziedzictwa-co-nas-czeka-w-ramach-tegorocznej-edycji\/#primaryimage"},"thumbnailUrl":"https:\/\/nid.pl\/wp-content\/uploads\/2024\/08\/miniaturka-EDD-wydarzenia.jpg","datePublished":"2024-08-29T12:22:18+00:00","dateModified":"2024-08-29T12:23:57+00:00","breadcrumb":{"@id":"https:\/\/nid.pl\/2024\/08\/29\/europejskie-dni-dziedzictwa-co-nas-czeka-w-ramach-tegorocznej-edycji\/#breadcrumb"},"inLanguage":"en-GB","potentialAction":[{"@type":"ReadAction","target":["https:\/\/nid.pl\/2024\/08\/29\/europejskie-dni-dziedzictwa-co-nas-czeka-w-ramach-tegorocznej-edycji\/"]}]},{"@type":"ImageObject","inLanguage":"en-GB","@id":"https:\/\/nid.pl\/2024\/08\/29\/europejskie-dni-dziedzictwa-co-nas-czeka-w-ramach-tegorocznej-edycji\/#primaryimage","url":"https:\/\/nid.pl\/wp-content\/uploads\/2024\/08\/miniaturka-EDD-wydarzenia.jpg","contentUrl":"https:\/\/nid.pl\/wp-content\/uploads\/2024\/08\/miniaturka-EDD-wydarzenia.jpg","width":1857,"height":1238,"caption":"Europejskie Dni Dziedzictwa"},{"@type":"BreadcrumbList","@id":"https:\/\/nid.pl\/2024\/08\/29\/europejskie-dni-dziedzictwa-co-nas-czeka-w-ramach-tegorocznej-edycji\/#breadcrumb","itemListElement":[{"@type":"ListItem","position":1,"name":"Home","item":"https:\/\/nid.pl\/"},{"@type":"ListItem","position":2,"name":"Europejskie Dni Dziedzictwa \u2013 co nas czeka w ramach tegorocznej edycji?"}]},{"@type":"WebSite","@id":"https:\/\/nid.pl\/#website","url":"https:\/\/nid.pl\/","name":"NID","description":"Narodowy Instytut Dziedzictwa","publisher":{"@id":"https:\/\/nid.pl\/#organization"},"potentialAction":[{"@type":"SearchAction","target":{"@type":"EntryPoint","urlTemplate":"https:\/\/nid.pl\/?s={search_term_string}"},"query-input":{"@type":"PropertyValueSpecification","valueRequired":true,"valueName":"search_term_string"}}],"inLanguage":"en-GB"},{"@type":"Organization","@id":"https:\/\/nid.pl\/#organization","name":"Narodowy Instytut Dziedzictwa","url":"https:\/\/nid.pl\/","logo":{"@type":"ImageObject","inLanguage":"en-GB","@id":"https:\/\/nid.pl\/#\/schema\/logo\/image\/","url":"https:\/\/nid.pl\/wp-content\/uploads\/2022\/10\/logoRedDark.png","contentUrl":"https:\/\/nid.pl\/wp-content\/uploads\/2022\/10\/logoRedDark.png","width":200,"height":197,"caption":"Narodowy Instytut Dziedzictwa"},"image":{"@id":"https:\/\/nid.pl\/#\/schema\/logo\/image\/"},"sameAs":["https:\/\/www.facebook.com\/zabytek","https:\/\/x.com\/NarIDpl","https:\/\/www.instagram.com\/nid.pl\/?hl=pl","https:\/\/www.linkedin.com\/company\/narodowy-instytut-dziedzictwa","https:\/\/www.youtube.com\/channel\/UCQXuhKa2uHtmNvLRUSx40JA"]},{"@type":"Person","@id":"https:\/\/nid.pl\/#\/schema\/person\/1b690a8998a5111cfb9f0ffe24195a15","name":"Barbara Halliop","image":{"@type":"ImageObject","inLanguage":"en-GB","@id":"https:\/\/nid.pl\/#\/schema\/person\/image\/","url":"https:\/\/nid.pl\/wp-content\/litespeed\/avatar\/924046d17dd0c842c9fa9ccf489bc6dc.jpg?ver=1777444967","contentUrl":"https:\/\/nid.pl\/wp-content\/litespeed\/avatar\/924046d17dd0c842c9fa9ccf489bc6dc.jpg?ver=1777444967","caption":"Barbara Halliop"},"url":"https:\/\/nid.pl\/en\/author\/bhalliop\/"}]}},"_links":{"self":[{"href":"https:\/\/nid.pl\/en\/wp-json\/wp\/v2\/posts\/22055","targetHints":{"allow":["GET"]}}],"collection":[{"href":"https:\/\/nid.pl\/en\/wp-json\/wp\/v2\/posts"}],"about":[{"href":"https:\/\/nid.pl\/en\/wp-json\/wp\/v2\/types\/post"}],"author":[{"embeddable":true,"href":"https:\/\/nid.pl\/en\/wp-json\/wp\/v2\/users\/7"}],"replies":[{"embeddable":true,"href":"https:\/\/nid.pl\/en\/wp-json\/wp\/v2\/comments?post=22055"}],"version-history":[{"count":0,"href":"https:\/\/nid.pl\/en\/wp-json\/wp\/v2\/posts\/22055\/revisions"}],"wp:featuredmedia":[{"embeddable":true,"href":"https:\/\/nid.pl\/en\/wp-json\/wp\/v2\/media\/22057"}],"wp:attachment":[{"href":"https:\/\/nid.pl\/en\/wp-json\/wp\/v2\/media?parent=22055"}],"wp:term":[{"taxonomy":"category","embeddable":true,"href":"https:\/\/nid.pl\/en\/wp-json\/wp\/v2\/categories?post=22055"},{"taxonomy":"post_tag","embeddable":true,"href":"https:\/\/nid.pl\/en\/wp-json\/wp\/v2\/tags?post=22055"}],"curies":[{"name":"wp","href":"https:\/\/api.w.org\/{rel}","templated":true}]}}