{"id":22019,"date":"2024-08-28T13:25:28","date_gmt":"2024-08-28T11:25:28","guid":{"rendered":"https:\/\/nid.pl\/?p=22019"},"modified":"2024-08-29T08:26:22","modified_gmt":"2024-08-29T06:26:22","slug":"andrzej-nitsch-architekt-z-aparatem","status":"publish","type":"post","link":"https:\/\/nid.pl\/en\/2024\/08\/28\/andrzej-nitsch-architekt-z-aparatem\/","title":{"rendered":"Andrzej Nitsch &#8211; architekt z aparatem"},"content":{"rendered":"<p><strong>28 sierpnia 1911 roku urodzi\u0142 si\u0119 Andrzej Nitsch \u2013 architekt, cz\u0142onek SARP, dokumentalista dziej\u00f3w rodzinnych oraz badacz historii architekt\u00f3w dzia\u0142aj\u0105cych w Polsce. Archiwum Narodowego Instytut Dziedzictwa posiada zdj\u0119cia, kt\u00f3re zrobi\u0142 w Warszawie po Powstaniu Warszawskim.<\/strong><\/p>\n\n\n\n<p>Andrzej Leonard Nitsch przyszed\u0142 na \u015bwiat w znanej, krakowskiej rodzinie \u2013 jego ojciec by\u0142 in\u017cynierem, przedsi\u0119biorc\u0105 specjalizuj\u0105cym si\u0119 w instalacjach sanitarnych. W 1937 roku, Andrzej Nitsch sko\u0144czy\u0142 Wydzia\u0142 Architektury Politechniki Lwowskiej id\u0105c w \u015blady dziadka, architekta Maksymiliana Nitscha. Z tego okresu zachowa\u0142y si\u0119 studenckie projekty modernistycznych dom\u00f3w \u2013 obecnie znajduj\u0105ce si\u0119 w zbiorach Muzeum Architektury we Wroc\u0142awiu.<\/p>\n\n\n\n<p>By\u0142 cz\u0142onkiem warszawskiego oddzia\u0142u Stowarzyszenia Architekt\u00f3w Polskich, a tak\u017ce jednym z redaktor\u00f3w czasopisma \u201cArchitektura\u201d &#8211; miesi\u0119cznika stowarzyszenia. Zawodowo zajmowa\u0142 si\u0119 budownictwem na cele s\u0142u\u017cby zdrowia \u2013 szpitalami i uzdrowiskami. Mia\u0142 te\u017c wyj\u0105tkow\u0105 pasj\u0119 do historii &#8211; zar\u00f3wno tej rodzinnej, jak i zwi\u0105zanej z wykszta\u0142ceniem, kt\u00f3r\u0105 realizowa\u0142 poprzez opracowanie <em>Leksykonu architekt\u00f3w i budowniczych Polak\u00f3w i cudzoziemc\u00f3w w Polsce dzia\u0142aj\u0105cych<\/em>. Dzie\u0142o to nie doczeka\u0142o si\u0119 jednak publikacji, istnieje w formie maszynopisu przechowywanego przez IS PAN oraz SARP.<\/p>\n\n\n\n<p>Spisywa\u0142 dzieje rodziny swojej oraz rod\u00f3w spokrewnionych. Jedna z rodzinnych legend dotyczy\u0142a nierozstrzygni\u0119tej kwestii spadku po Kazimierzu Pu\u0142askim &#8211; bohaterze wojny o niepodleg\u0142o\u015b\u0107 Stan\u00f3w Zjednoczonych. Grunty pono\u0107 nadane Pu\u0142askiemu, po jego \u015bmierci mia\u0142y przypa\u015b\u0107 rodzinie W\u0119gierskich, jednak ostatecznie zosta\u0142y sprzedane i zbudowano na nich Chicago<sup data-fn=\"fb12012f-b3d0-4e48-8b18-40776f5c16f2\" class=\"fn\"><a id=\"fb12012f-b3d0-4e48-8b18-40776f5c16f2-link\" href=\"#fb12012f-b3d0-4e48-8b18-40776f5c16f2\">1<\/a><\/sup>. Andrzej Nitsch, spokrewniony z W\u0119gierskimi, wzi\u0105\u0142 t\u0119 spraw\u0119 na warsztat, jednak jego dochodzenie nie przynios\u0142o spodziewanego rezultatu. Legendy do tej pory nie zweryfikowano, a kwestia spadku po Pu\u0142askim pozostaje spowita mg\u0142\u0105 dziej\u00f3w.<\/p>\n\n\n\n<p>Andrzej Nitsch pozostawi\u0142 po sobie wiele zdj\u0119\u0107, rozproszonych obecnie po polskich archiwach. W centrum jego zainteresowania znajdowa\u0142a si\u0119 architektura &#8211; fotografowa\u0142 m.in. cerkwie \u0142emkowskie<sup data-fn=\"b764d290-aac4-4c05-9a7f-40a624815eca\" class=\"fn\"><a id=\"b764d290-aac4-4c05-9a7f-40a624815eca-link\" href=\"#b764d290-aac4-4c05-9a7f-40a624815eca\">2<\/a><\/sup>, krakowsk\u0105 dzielnic\u0119 \u017cydowsk\u0105 Kazimierz, synagogi, ko\u015bcio\u0142y, dwory, zamki. W Archiwum NID znajduje si\u0119 cz\u0119\u015b\u0107 prywatnej kolekcji architekta &#8211; fotografie dokumentuj\u0105ce zniszczenia Warszawy dokonane przez Niemc\u00f3w w toku Powstania Warszawskiego (wybrane z nich prezentujemy poni\u017cej).<\/p>\n\n\n\n<p>Andrzej Nitsch by\u0142 cz\u0142onkiem honorowym Towarzystwa Przyja\u017ani Polsko-Fi\u0144skiej i zosta\u0142 odznaczony Orderem Bia\u0142ej R\u00f3\u017cy Finlandii I klasy<sup data-fn=\"83d38f02-e7ba-4f84-9453-460af97fe7b3\" class=\"fn\"><a href=\"#83d38f02-e7ba-4f84-9453-460af97fe7b3\" id=\"83d38f02-e7ba-4f84-9453-460af97fe7b3-link\">3<\/a><\/sup>. Otrzyma\u0142 srebrn\u0105 i z\u0142ot\u0105 odznak\u0119 SARP. Zmar\u0142 23 kwietnia 2002 roku.<\/p>\n\n\n\n<p><\/p>\n\n\n\n<div class=\"wp-block-columns is-layout-flex wp-container-core-columns-is-layout-9d6595d7 wp-block-columns-is-layout-flex\">\n<div class=\"wp-block-column is-layout-flow wp-block-column-is-layout-flow\">\n<figure data-wp-context=\"{&quot;imageId&quot;:&quot;69f5cb2ce18e1&quot;}\" data-wp-interactive=\"core\/image\" data-wp-key=\"69f5cb2ce18e1\" class=\"wp-block-image aligncenter size-full is-resized wp-lightbox-container\"><img loading=\"lazy\" decoding=\"async\" width=\"571\" height=\"856\" data-wp-class--hide=\"state.isContentHidden\" data-wp-class--show=\"state.isContentVisible\" data-wp-init=\"callbacks.setButtonStyles\" data-wp-on--click=\"actions.showLightbox\" data-wp-on--load=\"callbacks.setButtonStyles\" data-wp-on-window--resize=\"callbacks.setButtonStyles\" src=\"https:\/\/nid.pl\/wp-content\/uploads\/2024\/08\/Chmielna-7-1946-fot.-Andrzej-Nitsch-Archiwum-NID-2-1.jpg\" alt=\"\" class=\"wp-image-22026\" style=\"width:348px;height:auto\" srcset=\"https:\/\/nid.pl\/wp-content\/uploads\/2024\/08\/Chmielna-7-1946-fot.-Andrzej-Nitsch-Archiwum-NID-2-1.jpg 571w, https:\/\/nid.pl\/wp-content\/uploads\/2024\/08\/Chmielna-7-1946-fot.-Andrzej-Nitsch-Archiwum-NID-2-1-480x720.jpg 480w\" sizes=\"(min-width: 0px) and (max-width: 480px) 480px, (min-width: 481px) 571px, 100vw\" \/><button\n\t\t\tclass=\"lightbox-trigger\"\n\t\t\ttype=\"button\"\n\t\t\taria-haspopup=\"dialog\"\n\t\t\taria-label=\"Enlarge\"\n\t\t\tdata-wp-init=\"callbacks.initTriggerButton\"\n\t\t\tdata-wp-on--click=\"actions.showLightbox\"\n\t\t\tdata-wp-style--right=\"state.imageButtonRight\"\n\t\t\tdata-wp-style--top=\"state.imageButtonTop\"\n\t\t>\n\t\t\t<svg xmlns=\"http:\/\/www.w3.org\/2000\/svg\" width=\"12\" height=\"12\" fill=\"none\" viewbox=\"0 0 12 12\">\n\t\t\t\t<path fill=\"#fff\" d=\"M2 0a2 2 0 0 0-2 2v2h1.5V2a.5.5 0 0 1 .5-.5h2V0H2Zm2 10.5H2a.5.5 0 0 1-.5-.5V8H0v2a2 2 0 0 0 2 2h2v-1.5ZM8 12v-1.5h2a.5.5 0 0 0 .5-.5V8H12v2a2 2 0 0 1-2 2H8Zm2-12a2 2 0 0 1 2 2v2h-1.5V2a.5.5 0 0 0-.5-.5H8V0h2Z\" \/>\n\t\t\t<\/svg>\n\t\t<\/button><figcaption class=\"wp-element-caption\">Chmielna 7, Warszawa 1946, fot. Andrzej Nitsch, Archiwum NID<\/figcaption><\/figure>\n<\/div>\n\n\n\n<div class=\"wp-block-column is-layout-flow wp-block-column-is-layout-flow\">\n<figure data-wp-context=\"{&quot;imageId&quot;:&quot;69f5cb2ce2643&quot;}\" data-wp-interactive=\"core\/image\" data-wp-key=\"69f5cb2ce2643\" class=\"wp-block-image aligncenter size-full is-resized wp-lightbox-container\"><img loading=\"lazy\" decoding=\"async\" width=\"573\" height=\"860\" data-wp-class--hide=\"state.isContentHidden\" data-wp-class--show=\"state.isContentVisible\" data-wp-init=\"callbacks.setButtonStyles\" data-wp-on--click=\"actions.showLightbox\" data-wp-on--load=\"callbacks.setButtonStyles\" data-wp-on-window--resize=\"callbacks.setButtonStyles\" src=\"https:\/\/nid.pl\/wp-content\/uploads\/2024\/08\/Chmielna-7-1946-fot.-Andrzej-Nitsch-Archiwum-NID-1.jpg\" alt=\"\" class=\"wp-image-22027\" style=\"width:348px;height:auto\" srcset=\"https:\/\/nid.pl\/wp-content\/uploads\/2024\/08\/Chmielna-7-1946-fot.-Andrzej-Nitsch-Archiwum-NID-1.jpg 573w, https:\/\/nid.pl\/wp-content\/uploads\/2024\/08\/Chmielna-7-1946-fot.-Andrzej-Nitsch-Archiwum-NID-1-480x720.jpg 480w\" sizes=\"(min-width: 0px) and (max-width: 480px) 480px, (min-width: 481px) 573px, 100vw\" \/><button\n\t\t\tclass=\"lightbox-trigger\"\n\t\t\ttype=\"button\"\n\t\t\taria-haspopup=\"dialog\"\n\t\t\taria-label=\"Enlarge\"\n\t\t\tdata-wp-init=\"callbacks.initTriggerButton\"\n\t\t\tdata-wp-on--click=\"actions.showLightbox\"\n\t\t\tdata-wp-style--right=\"state.imageButtonRight\"\n\t\t\tdata-wp-style--top=\"state.imageButtonTop\"\n\t\t>\n\t\t\t<svg xmlns=\"http:\/\/www.w3.org\/2000\/svg\" width=\"12\" height=\"12\" fill=\"none\" viewbox=\"0 0 12 12\">\n\t\t\t\t<path fill=\"#fff\" d=\"M2 0a2 2 0 0 0-2 2v2h1.5V2a.5.5 0 0 1 .5-.5h2V0H2Zm2 10.5H2a.5.5 0 0 1-.5-.5V8H0v2a2 2 0 0 0 2 2h2v-1.5ZM8 12v-1.5h2a.5.5 0 0 0 .5-.5V8H12v2a2 2 0 0 1-2 2H8Zm2-12a2 2 0 0 1 2 2v2h-1.5V2a.5.5 0 0 0-.5-.5H8V0h2Z\" \/>\n\t\t\t<\/svg>\n\t\t<\/button><figcaption class=\"wp-element-caption\">Chmielna 7, Warszawa 1946, fot. Andrzej Nitsch, Archiwum NID<\/figcaption><\/figure>\n\n\n\n<p><\/p>\n<\/div>\n<\/div>\n\n\n\n<div class=\"wp-block-columns is-layout-flex wp-container-core-columns-is-layout-9d6595d7 wp-block-columns-is-layout-flex\">\n<div class=\"wp-block-column is-layout-flow wp-block-column-is-layout-flow\">\n<figure data-wp-context=\"{&quot;imageId&quot;:&quot;69f5cb2ce2a77&quot;}\" data-wp-interactive=\"core\/image\" data-wp-key=\"69f5cb2ce2a77\" class=\"wp-block-image aligncenter size-full is-resized wp-lightbox-container\"><img loading=\"lazy\" decoding=\"async\" width=\"573\" height=\"860\" data-wp-class--hide=\"state.isContentHidden\" data-wp-class--show=\"state.isContentVisible\" data-wp-init=\"callbacks.setButtonStyles\" data-wp-on--click=\"actions.showLightbox\" data-wp-on--load=\"callbacks.setButtonStyles\" data-wp-on-window--resize=\"callbacks.setButtonStyles\" src=\"https:\/\/nid.pl\/wp-content\/uploads\/2024\/08\/Krzywe-Kolo-14-1947-r.-fot.-Andrzej-Nitsch-Archiwum-NID.jpg\" alt=\"\" class=\"wp-image-22030\" style=\"width:346px;height:auto\" srcset=\"https:\/\/nid.pl\/wp-content\/uploads\/2024\/08\/Krzywe-Kolo-14-1947-r.-fot.-Andrzej-Nitsch-Archiwum-NID.jpg 573w, https:\/\/nid.pl\/wp-content\/uploads\/2024\/08\/Krzywe-Kolo-14-1947-r.-fot.-Andrzej-Nitsch-Archiwum-NID-480x720.jpg 480w\" sizes=\"(min-width: 0px) and (max-width: 480px) 480px, (min-width: 481px) 573px, 100vw\" \/><button\n\t\t\tclass=\"lightbox-trigger\"\n\t\t\ttype=\"button\"\n\t\t\taria-haspopup=\"dialog\"\n\t\t\taria-label=\"Enlarge\"\n\t\t\tdata-wp-init=\"callbacks.initTriggerButton\"\n\t\t\tdata-wp-on--click=\"actions.showLightbox\"\n\t\t\tdata-wp-style--right=\"state.imageButtonRight\"\n\t\t\tdata-wp-style--top=\"state.imageButtonTop\"\n\t\t>\n\t\t\t<svg xmlns=\"http:\/\/www.w3.org\/2000\/svg\" width=\"12\" height=\"12\" fill=\"none\" viewbox=\"0 0 12 12\">\n\t\t\t\t<path fill=\"#fff\" d=\"M2 0a2 2 0 0 0-2 2v2h1.5V2a.5.5 0 0 1 .5-.5h2V0H2Zm2 10.5H2a.5.5 0 0 1-.5-.5V8H0v2a2 2 0 0 0 2 2h2v-1.5ZM8 12v-1.5h2a.5.5 0 0 0 .5-.5V8H12v2a2 2 0 0 1-2 2H8Zm2-12a2 2 0 0 1 2 2v2h-1.5V2a.5.5 0 0 0-.5-.5H8V0h2Z\" \/>\n\t\t\t<\/svg>\n\t\t<\/button><figcaption class=\"wp-element-caption\">Krzywe Ko\u0142o 14, Warszawa 1947 r., fot. Andrzej Nitsch, Archiwum NID<\/figcaption><\/figure>\n<\/div>\n\n\n\n<div class=\"wp-block-column is-layout-flow wp-block-column-is-layout-flow\">\n<figure data-wp-context=\"{&quot;imageId&quot;:&quot;69f5cb2ce2d79&quot;}\" data-wp-interactive=\"core\/image\" data-wp-key=\"69f5cb2ce2d79\" class=\"wp-block-image aligncenter size-full is-resized wp-lightbox-container\"><img loading=\"lazy\" decoding=\"async\" width=\"554\" height=\"831\" data-wp-class--hide=\"state.isContentHidden\" data-wp-class--show=\"state.isContentVisible\" data-wp-init=\"callbacks.setButtonStyles\" data-wp-on--click=\"actions.showLightbox\" data-wp-on--load=\"callbacks.setButtonStyles\" data-wp-on-window--resize=\"callbacks.setButtonStyles\" src=\"https:\/\/nid.pl\/wp-content\/uploads\/2024\/08\/ul.-Marszalkowska-1945-r.-fot.-Andrzej-Nitsch-Archiwum-NID.jpg\" alt=\"\" class=\"wp-image-22031\" style=\"width:346px;height:auto\" srcset=\"https:\/\/nid.pl\/wp-content\/uploads\/2024\/08\/ul.-Marszalkowska-1945-r.-fot.-Andrzej-Nitsch-Archiwum-NID.jpg 554w, https:\/\/nid.pl\/wp-content\/uploads\/2024\/08\/ul.-Marszalkowska-1945-r.-fot.-Andrzej-Nitsch-Archiwum-NID-480x720.jpg 480w\" sizes=\"(min-width: 0px) and (max-width: 480px) 480px, (min-width: 481px) 554px, 100vw\" \/><button\n\t\t\tclass=\"lightbox-trigger\"\n\t\t\ttype=\"button\"\n\t\t\taria-haspopup=\"dialog\"\n\t\t\taria-label=\"Enlarge\"\n\t\t\tdata-wp-init=\"callbacks.initTriggerButton\"\n\t\t\tdata-wp-on--click=\"actions.showLightbox\"\n\t\t\tdata-wp-style--right=\"state.imageButtonRight\"\n\t\t\tdata-wp-style--top=\"state.imageButtonTop\"\n\t\t>\n\t\t\t<svg xmlns=\"http:\/\/www.w3.org\/2000\/svg\" width=\"12\" height=\"12\" fill=\"none\" viewbox=\"0 0 12 12\">\n\t\t\t\t<path fill=\"#fff\" d=\"M2 0a2 2 0 0 0-2 2v2h1.5V2a.5.5 0 0 1 .5-.5h2V0H2Zm2 10.5H2a.5.5 0 0 1-.5-.5V8H0v2a2 2 0 0 0 2 2h2v-1.5ZM8 12v-1.5h2a.5.5 0 0 0 .5-.5V8H12v2a2 2 0 0 1-2 2H8Zm2-12a2 2 0 0 1 2 2v2h-1.5V2a.5.5 0 0 0-.5-.5H8V0h2Z\" \/>\n\t\t\t<\/svg>\n\t\t<\/button><figcaption class=\"wp-element-caption\">ul. Marsza\u0142kowska, Warszawa 1945 r., fot. Andrzej Nitsch, Archiwum NID<\/figcaption><\/figure>\n<\/div>\n<\/div>\n\n\n<ol class=\"wp-block-footnotes\"><li id=\"fb12012f-b3d0-4e48-8b18-40776f5c16f2\"><em>Na naszych gruntach stoi Chicago, czyli z rodzinnych legend, <\/em>tekst z archiwum rodziny Urba\u0144czyk\u00f3w dost\u0119pny online:\u00a0 <a href=\"https:\/\/www.zrobtosam.com\/PulsPol\/Puls\/pdf\/NaNaszychGruntachStoiChicago-AndrzejNitsch.pdf\">NaNaszychGruntachStoiChicago-AndrzejNitsch.pdf (zrobtosam.com)<\/a> <a href=\"#fb12012f-b3d0-4e48-8b18-40776f5c16f2-link\" aria-label=\"Jump to footnote reference 1\">\u21a9\ufe0e<\/a><\/li><li id=\"b764d290-aac4-4c05-9a7f-40a624815eca\">P. Wierzbicki, Cerkwie \u0142emkowskie z okolic Muszyny w zbiorach IS PAN, <em>Almanach Muszyny, <\/em>2009 <a href=\"#b764d290-aac4-4c05-9a7f-40a624815eca-link\" aria-label=\"Jump to footnote reference 2\">\u21a9\ufe0e<\/a><\/li><li id=\"83d38f02-e7ba-4f84-9453-460af97fe7b3\">archiwum rodzinne, dost\u0119pne pod adresem: <a href=\"https:\/\/home.cyf-kr.edu.pl\/~z4urbanc\/litera\/ostatnie5.html#3b\">Kazek Urba\u0144czyk &#8211; Wiadomo\u015bci rodzinne 2002 (cyf-kr.edu.pl)\\<\/a>. <a href=\"#83d38f02-e7ba-4f84-9453-460af97fe7b3-link\" aria-label=\"Jump to footnote reference 3\">\u21a9\ufe0e<\/a><\/li><\/ol>","protected":false},"excerpt":{"rendered":"<p>28 sierpnia 1911 roku urodzi\u0142 si\u0119 Andrzej Nitsch \u2013 architekt, cz\u0142onek SARP, dokumentalista dziej\u00f3w rodzinnych oraz badacz historii architekt\u00f3w dzia\u0142aj\u0105cych w Polsce. Archiwum Narodowego Instytut Dziedzictwa posiada zdj\u0119cia, kt\u00f3re zrobi\u0142 [&hellip;]<\/p>","protected":false},"author":7,"featured_media":22033,"comment_status":"closed","ping_status":"closed","sticky":false,"template":"","format":"standard","meta":{"_et_pb_use_builder":"off","_et_pb_old_content":"","_et_gb_content_width":"","_monsterinsights_skip_tracking":false,"_monsterinsights_sitenote_active":false,"_monsterinsights_sitenote_note":"","_monsterinsights_sitenote_category":0,"footnotes":"[{\"content\":\"<em>Na naszych gruntach stoi Chicago, czyli z rodzinnych legend, <\/em>tekst z archiwum rodziny Urba\u0144czyk\u00f3w dost\u0119pny online:\u00a0 <a href=\\\"https:\/\/www.zrobtosam.com\/PulsPol\/Puls\/pdf\/NaNaszychGruntachStoiChicago-AndrzejNitsch.pdf\\\">NaNaszychGruntachStoiChicago-AndrzejNitsch.pdf (zrobtosam.com)<\/a>\",\"id\":\"fb12012f-b3d0-4e48-8b18-40776f5c16f2\"},{\"content\":\"P. Wierzbicki, Cerkwie \u0142emkowskie z okolic Muszyny w zbiorach IS PAN, <em>Almanach Muszyny, <\/em>2009\",\"id\":\"b764d290-aac4-4c05-9a7f-40a624815eca\"},{\"content\":\"archiwum rodzinne, dost\u0119pne pod adresem: <a href=\\\"https:\/\/home.cyf-kr.edu.pl\/~z4urbanc\/litera\/ostatnie5.html#3b\\\">Kazek Urba\u0144czyk - Wiadomo\u015bci rodzinne 2002 (cyf-kr.edu.pl)\\\\<\/a>.\",\"id\":\"83d38f02-e7ba-4f84-9453-460af97fe7b3\"}]"},"categories":[3,120],"tags":[],"class_list":["post-22019","post","type-post","status-publish","format-standard","has-post-thumbnail","hentry","category-aktualnosci","category-sylwetki"],"yoast_head":"<!-- This site is optimized with the Yoast SEO plugin v26.5 - https:\/\/yoast.com\/wordpress\/plugins\/seo\/ -->\n<title>Andrzej Nitsch - architekt z aparatem - NID<\/title>\n<meta name=\"robots\" content=\"index, follow, max-snippet:-1, max-image-preview:large, max-video-preview:-1\" \/>\n<link rel=\"canonical\" href=\"https:\/\/nid.pl\/en\/2024\/08\/28\/andrzej-nitsch-architekt-z-aparatem\/\" \/>\n<meta property=\"og:locale\" content=\"en_GB\" \/>\n<meta property=\"og:type\" content=\"article\" \/>\n<meta property=\"og:title\" content=\"Andrzej Nitsch - architekt z aparatem - NID\" \/>\n<meta property=\"og:description\" content=\"28 sierpnia 1911 roku urodzi\u0142 si\u0119 Andrzej Nitsch \u2013 architekt, cz\u0142onek SARP, dokumentalista dziej\u00f3w rodzinnych oraz badacz historii architekt\u00f3w dzia\u0142aj\u0105cych w Polsce. Archiwum Narodowego Instytut Dziedzictwa posiada zdj\u0119cia, kt\u00f3re zrobi\u0142 [&hellip;]\" \/>\n<meta property=\"og:url\" content=\"https:\/\/nid.pl\/en\/2024\/08\/28\/andrzej-nitsch-architekt-z-aparatem\/\" \/>\n<meta property=\"og:site_name\" content=\"NID\" \/>\n<meta property=\"article:publisher\" content=\"https:\/\/www.facebook.com\/zabytek\" \/>\n<meta property=\"article:published_time\" content=\"2024-08-28T11:25:28+00:00\" \/>\n<meta property=\"article:modified_time\" content=\"2024-08-29T06:26:22+00:00\" \/>\n<meta property=\"og:image\" content=\"https:\/\/nid.pl\/wp-content\/uploads\/2024\/08\/Krzywe-Kolo-14-Warszawa-1947-r.-fot.-Andrzej-Nitsch.jpg\" \/>\n\t<meta property=\"og:image:width\" content=\"1857\" \/>\n\t<meta property=\"og:image:height\" content=\"1238\" \/>\n\t<meta property=\"og:image:type\" content=\"image\/jpeg\" \/>\n<meta name=\"author\" content=\"Barbara Halliop\" \/>\n<meta name=\"twitter:card\" content=\"summary_large_image\" \/>\n<meta name=\"twitter:creator\" content=\"@NarIDpl\" \/>\n<meta name=\"twitter:site\" content=\"@NarIDpl\" \/>\n<meta name=\"twitter:label1\" content=\"Written by\" \/>\n\t<meta name=\"twitter:data1\" content=\"Barbara Halliop\" \/>\n\t<meta name=\"twitter:label2\" content=\"Estimated reading time\" \/>\n\t<meta name=\"twitter:data2\" content=\"4 minutes\" \/>\n<script type=\"application\/ld+json\" class=\"yoast-schema-graph\">{\"@context\":\"https:\/\/schema.org\",\"@graph\":[{\"@type\":\"Article\",\"@id\":\"https:\/\/nid.pl\/2024\/08\/28\/andrzej-nitsch-architekt-z-aparatem\/#article\",\"isPartOf\":{\"@id\":\"https:\/\/nid.pl\/2024\/08\/28\/andrzej-nitsch-architekt-z-aparatem\/\"},\"author\":{\"name\":\"Barbara Halliop\",\"@id\":\"https:\/\/nid.pl\/#\/schema\/person\/1b690a8998a5111cfb9f0ffe24195a15\"},\"headline\":\"Andrzej Nitsch &#8211; architekt z aparatem\",\"datePublished\":\"2024-08-28T11:25:28+00:00\",\"dateModified\":\"2024-08-29T06:26:22+00:00\",\"mainEntityOfPage\":{\"@id\":\"https:\/\/nid.pl\/2024\/08\/28\/andrzej-nitsch-architekt-z-aparatem\/\"},\"wordCount\":424,\"publisher\":{\"@id\":\"https:\/\/nid.pl\/#organization\"},\"image\":{\"@id\":\"https:\/\/nid.pl\/2024\/08\/28\/andrzej-nitsch-architekt-z-aparatem\/#primaryimage\"},\"thumbnailUrl\":\"https:\/\/nid.pl\/wp-content\/uploads\/2024\/08\/Krzywe-Kolo-14-Warszawa-1947-r.-fot.-Andrzej-Nitsch.jpg\",\"articleSection\":[\"Aktualno\u015bci\",\"Sylwetki\"],\"inLanguage\":\"en-GB\"},{\"@type\":\"WebPage\",\"@id\":\"https:\/\/nid.pl\/2024\/08\/28\/andrzej-nitsch-architekt-z-aparatem\/\",\"url\":\"https:\/\/nid.pl\/2024\/08\/28\/andrzej-nitsch-architekt-z-aparatem\/\",\"name\":\"Andrzej Nitsch - architekt z aparatem - NID\",\"isPartOf\":{\"@id\":\"https:\/\/nid.pl\/#website\"},\"primaryImageOfPage\":{\"@id\":\"https:\/\/nid.pl\/2024\/08\/28\/andrzej-nitsch-architekt-z-aparatem\/#primaryimage\"},\"image\":{\"@id\":\"https:\/\/nid.pl\/2024\/08\/28\/andrzej-nitsch-architekt-z-aparatem\/#primaryimage\"},\"thumbnailUrl\":\"https:\/\/nid.pl\/wp-content\/uploads\/2024\/08\/Krzywe-Kolo-14-Warszawa-1947-r.-fot.-Andrzej-Nitsch.jpg\",\"datePublished\":\"2024-08-28T11:25:28+00:00\",\"dateModified\":\"2024-08-29T06:26:22+00:00\",\"breadcrumb\":{\"@id\":\"https:\/\/nid.pl\/2024\/08\/28\/andrzej-nitsch-architekt-z-aparatem\/#breadcrumb\"},\"inLanguage\":\"en-GB\",\"potentialAction\":[{\"@type\":\"ReadAction\",\"target\":[\"https:\/\/nid.pl\/2024\/08\/28\/andrzej-nitsch-architekt-z-aparatem\/\"]}]},{\"@type\":\"ImageObject\",\"inLanguage\":\"en-GB\",\"@id\":\"https:\/\/nid.pl\/2024\/08\/28\/andrzej-nitsch-architekt-z-aparatem\/#primaryimage\",\"url\":\"https:\/\/nid.pl\/wp-content\/uploads\/2024\/08\/Krzywe-Kolo-14-Warszawa-1947-r.-fot.-Andrzej-Nitsch.jpg\",\"contentUrl\":\"https:\/\/nid.pl\/wp-content\/uploads\/2024\/08\/Krzywe-Kolo-14-Warszawa-1947-r.-fot.-Andrzej-Nitsch.jpg\",\"width\":1857,\"height\":1238,\"caption\":\"zdj\u0119cie z 1947 roku przedstawiaj\u0105ce zniszczon\u0105 ulic\u0119 Krzywe Ko\u0142o w Warszawie.\"},{\"@type\":\"BreadcrumbList\",\"@id\":\"https:\/\/nid.pl\/2024\/08\/28\/andrzej-nitsch-architekt-z-aparatem\/#breadcrumb\",\"itemListElement\":[{\"@type\":\"ListItem\",\"position\":1,\"name\":\"Home\",\"item\":\"https:\/\/nid.pl\/\"},{\"@type\":\"ListItem\",\"position\":2,\"name\":\"Andrzej Nitsch &#8211; architekt z aparatem\"}]},{\"@type\":\"WebSite\",\"@id\":\"https:\/\/nid.pl\/#website\",\"url\":\"https:\/\/nid.pl\/\",\"name\":\"NID\",\"description\":\"Narodowy Instytut Dziedzictwa\",\"publisher\":{\"@id\":\"https:\/\/nid.pl\/#organization\"},\"potentialAction\":[{\"@type\":\"SearchAction\",\"target\":{\"@type\":\"EntryPoint\",\"urlTemplate\":\"https:\/\/nid.pl\/?s={search_term_string}\"},\"query-input\":{\"@type\":\"PropertyValueSpecification\",\"valueRequired\":true,\"valueName\":\"search_term_string\"}}],\"inLanguage\":\"en-GB\"},{\"@type\":\"Organization\",\"@id\":\"https:\/\/nid.pl\/#organization\",\"name\":\"Narodowy Instytut Dziedzictwa\",\"url\":\"https:\/\/nid.pl\/\",\"logo\":{\"@type\":\"ImageObject\",\"inLanguage\":\"en-GB\",\"@id\":\"https:\/\/nid.pl\/#\/schema\/logo\/image\/\",\"url\":\"https:\/\/nid.pl\/wp-content\/uploads\/2022\/10\/logoRedDark.png\",\"contentUrl\":\"https:\/\/nid.pl\/wp-content\/uploads\/2022\/10\/logoRedDark.png\",\"width\":200,\"height\":197,\"caption\":\"Narodowy Instytut Dziedzictwa\"},\"image\":{\"@id\":\"https:\/\/nid.pl\/#\/schema\/logo\/image\/\"},\"sameAs\":[\"https:\/\/www.facebook.com\/zabytek\",\"https:\/\/x.com\/NarIDpl\",\"https:\/\/www.instagram.com\/nid.pl\/?hl=pl\",\"https:\/\/www.linkedin.com\/company\/narodowy-instytut-dziedzictwa\",\"https:\/\/www.youtube.com\/channel\/UCQXuhKa2uHtmNvLRUSx40JA\"]},{\"@type\":\"Person\",\"@id\":\"https:\/\/nid.pl\/#\/schema\/person\/1b690a8998a5111cfb9f0ffe24195a15\",\"name\":\"Barbara Halliop\",\"image\":{\"@type\":\"ImageObject\",\"inLanguage\":\"en-GB\",\"@id\":\"https:\/\/nid.pl\/#\/schema\/person\/image\/\",\"url\":\"https:\/\/nid.pl\/wp-content\/litespeed\/avatar\/924046d17dd0c842c9fa9ccf489bc6dc.jpg?ver=1777444967\",\"contentUrl\":\"https:\/\/nid.pl\/wp-content\/litespeed\/avatar\/924046d17dd0c842c9fa9ccf489bc6dc.jpg?ver=1777444967\",\"caption\":\"Barbara Halliop\"},\"url\":\"https:\/\/nid.pl\/en\/author\/bhalliop\/\"}]}<\/script>\n<!-- \/ Yoast SEO plugin. -->","yoast_head_json":{"title":"Andrzej Nitsch - architekt z aparatem - NID","robots":{"index":"index","follow":"follow","max-snippet":"max-snippet:-1","max-image-preview":"max-image-preview:large","max-video-preview":"max-video-preview:-1"},"canonical":"https:\/\/nid.pl\/en\/2024\/08\/28\/andrzej-nitsch-architekt-z-aparatem\/","og_locale":"en_GB","og_type":"article","og_title":"Andrzej Nitsch - architekt z aparatem - NID","og_description":"28 sierpnia 1911 roku urodzi\u0142 si\u0119 Andrzej Nitsch \u2013 architekt, cz\u0142onek SARP, dokumentalista dziej\u00f3w rodzinnych oraz badacz historii architekt\u00f3w dzia\u0142aj\u0105cych w Polsce. Archiwum Narodowego Instytut Dziedzictwa posiada zdj\u0119cia, kt\u00f3re zrobi\u0142 [&hellip;]","og_url":"https:\/\/nid.pl\/en\/2024\/08\/28\/andrzej-nitsch-architekt-z-aparatem\/","og_site_name":"NID","article_publisher":"https:\/\/www.facebook.com\/zabytek","article_published_time":"2024-08-28T11:25:28+00:00","article_modified_time":"2024-08-29T06:26:22+00:00","og_image":[{"width":1857,"height":1238,"url":"https:\/\/nid.pl\/wp-content\/uploads\/2024\/08\/Krzywe-Kolo-14-Warszawa-1947-r.-fot.-Andrzej-Nitsch.jpg","type":"image\/jpeg"}],"author":"Barbara Halliop","twitter_card":"summary_large_image","twitter_creator":"@NarIDpl","twitter_site":"@NarIDpl","twitter_misc":{"Written by":"Barbara Halliop","Estimated reading time":"4 minutes"},"schema":{"@context":"https:\/\/schema.org","@graph":[{"@type":"Article","@id":"https:\/\/nid.pl\/2024\/08\/28\/andrzej-nitsch-architekt-z-aparatem\/#article","isPartOf":{"@id":"https:\/\/nid.pl\/2024\/08\/28\/andrzej-nitsch-architekt-z-aparatem\/"},"author":{"name":"Barbara Halliop","@id":"https:\/\/nid.pl\/#\/schema\/person\/1b690a8998a5111cfb9f0ffe24195a15"},"headline":"Andrzej Nitsch &#8211; architekt z aparatem","datePublished":"2024-08-28T11:25:28+00:00","dateModified":"2024-08-29T06:26:22+00:00","mainEntityOfPage":{"@id":"https:\/\/nid.pl\/2024\/08\/28\/andrzej-nitsch-architekt-z-aparatem\/"},"wordCount":424,"publisher":{"@id":"https:\/\/nid.pl\/#organization"},"image":{"@id":"https:\/\/nid.pl\/2024\/08\/28\/andrzej-nitsch-architekt-z-aparatem\/#primaryimage"},"thumbnailUrl":"https:\/\/nid.pl\/wp-content\/uploads\/2024\/08\/Krzywe-Kolo-14-Warszawa-1947-r.-fot.-Andrzej-Nitsch.jpg","articleSection":["Aktualno\u015bci","Sylwetki"],"inLanguage":"en-GB"},{"@type":"WebPage","@id":"https:\/\/nid.pl\/2024\/08\/28\/andrzej-nitsch-architekt-z-aparatem\/","url":"https:\/\/nid.pl\/2024\/08\/28\/andrzej-nitsch-architekt-z-aparatem\/","name":"Andrzej Nitsch - architekt z aparatem - NID","isPartOf":{"@id":"https:\/\/nid.pl\/#website"},"primaryImageOfPage":{"@id":"https:\/\/nid.pl\/2024\/08\/28\/andrzej-nitsch-architekt-z-aparatem\/#primaryimage"},"image":{"@id":"https:\/\/nid.pl\/2024\/08\/28\/andrzej-nitsch-architekt-z-aparatem\/#primaryimage"},"thumbnailUrl":"https:\/\/nid.pl\/wp-content\/uploads\/2024\/08\/Krzywe-Kolo-14-Warszawa-1947-r.-fot.-Andrzej-Nitsch.jpg","datePublished":"2024-08-28T11:25:28+00:00","dateModified":"2024-08-29T06:26:22+00:00","breadcrumb":{"@id":"https:\/\/nid.pl\/2024\/08\/28\/andrzej-nitsch-architekt-z-aparatem\/#breadcrumb"},"inLanguage":"en-GB","potentialAction":[{"@type":"ReadAction","target":["https:\/\/nid.pl\/2024\/08\/28\/andrzej-nitsch-architekt-z-aparatem\/"]}]},{"@type":"ImageObject","inLanguage":"en-GB","@id":"https:\/\/nid.pl\/2024\/08\/28\/andrzej-nitsch-architekt-z-aparatem\/#primaryimage","url":"https:\/\/nid.pl\/wp-content\/uploads\/2024\/08\/Krzywe-Kolo-14-Warszawa-1947-r.-fot.-Andrzej-Nitsch.jpg","contentUrl":"https:\/\/nid.pl\/wp-content\/uploads\/2024\/08\/Krzywe-Kolo-14-Warszawa-1947-r.-fot.-Andrzej-Nitsch.jpg","width":1857,"height":1238,"caption":"zdj\u0119cie z 1947 roku przedstawiaj\u0105ce zniszczon\u0105 ulic\u0119 Krzywe Ko\u0142o w Warszawie."},{"@type":"BreadcrumbList","@id":"https:\/\/nid.pl\/2024\/08\/28\/andrzej-nitsch-architekt-z-aparatem\/#breadcrumb","itemListElement":[{"@type":"ListItem","position":1,"name":"Home","item":"https:\/\/nid.pl\/"},{"@type":"ListItem","position":2,"name":"Andrzej Nitsch &#8211; architekt z aparatem"}]},{"@type":"WebSite","@id":"https:\/\/nid.pl\/#website","url":"https:\/\/nid.pl\/","name":"NID","description":"Narodowy Instytut Dziedzictwa","publisher":{"@id":"https:\/\/nid.pl\/#organization"},"potentialAction":[{"@type":"SearchAction","target":{"@type":"EntryPoint","urlTemplate":"https:\/\/nid.pl\/?s={search_term_string}"},"query-input":{"@type":"PropertyValueSpecification","valueRequired":true,"valueName":"search_term_string"}}],"inLanguage":"en-GB"},{"@type":"Organization","@id":"https:\/\/nid.pl\/#organization","name":"Narodowy Instytut Dziedzictwa","url":"https:\/\/nid.pl\/","logo":{"@type":"ImageObject","inLanguage":"en-GB","@id":"https:\/\/nid.pl\/#\/schema\/logo\/image\/","url":"https:\/\/nid.pl\/wp-content\/uploads\/2022\/10\/logoRedDark.png","contentUrl":"https:\/\/nid.pl\/wp-content\/uploads\/2022\/10\/logoRedDark.png","width":200,"height":197,"caption":"Narodowy Instytut Dziedzictwa"},"image":{"@id":"https:\/\/nid.pl\/#\/schema\/logo\/image\/"},"sameAs":["https:\/\/www.facebook.com\/zabytek","https:\/\/x.com\/NarIDpl","https:\/\/www.instagram.com\/nid.pl\/?hl=pl","https:\/\/www.linkedin.com\/company\/narodowy-instytut-dziedzictwa","https:\/\/www.youtube.com\/channel\/UCQXuhKa2uHtmNvLRUSx40JA"]},{"@type":"Person","@id":"https:\/\/nid.pl\/#\/schema\/person\/1b690a8998a5111cfb9f0ffe24195a15","name":"Barbara Halliop","image":{"@type":"ImageObject","inLanguage":"en-GB","@id":"https:\/\/nid.pl\/#\/schema\/person\/image\/","url":"https:\/\/nid.pl\/wp-content\/litespeed\/avatar\/924046d17dd0c842c9fa9ccf489bc6dc.jpg?ver=1777444967","contentUrl":"https:\/\/nid.pl\/wp-content\/litespeed\/avatar\/924046d17dd0c842c9fa9ccf489bc6dc.jpg?ver=1777444967","caption":"Barbara Halliop"},"url":"https:\/\/nid.pl\/en\/author\/bhalliop\/"}]}},"_links":{"self":[{"href":"https:\/\/nid.pl\/en\/wp-json\/wp\/v2\/posts\/22019","targetHints":{"allow":["GET"]}}],"collection":[{"href":"https:\/\/nid.pl\/en\/wp-json\/wp\/v2\/posts"}],"about":[{"href":"https:\/\/nid.pl\/en\/wp-json\/wp\/v2\/types\/post"}],"author":[{"embeddable":true,"href":"https:\/\/nid.pl\/en\/wp-json\/wp\/v2\/users\/7"}],"replies":[{"embeddable":true,"href":"https:\/\/nid.pl\/en\/wp-json\/wp\/v2\/comments?post=22019"}],"version-history":[{"count":0,"href":"https:\/\/nid.pl\/en\/wp-json\/wp\/v2\/posts\/22019\/revisions"}],"wp:featuredmedia":[{"embeddable":true,"href":"https:\/\/nid.pl\/en\/wp-json\/wp\/v2\/media\/22033"}],"wp:attachment":[{"href":"https:\/\/nid.pl\/en\/wp-json\/wp\/v2\/media?parent=22019"}],"wp:term":[{"taxonomy":"category","embeddable":true,"href":"https:\/\/nid.pl\/en\/wp-json\/wp\/v2\/categories?post=22019"},{"taxonomy":"post_tag","embeddable":true,"href":"https:\/\/nid.pl\/en\/wp-json\/wp\/v2\/tags?post=22019"}],"curies":[{"name":"wp","href":"https:\/\/api.w.org\/{rel}","templated":true}]}}