{"id":21864,"date":"2024-08-26T15:19:04","date_gmt":"2024-08-26T13:19:04","guid":{"rendered":"https:\/\/nid.pl\/?p=21864"},"modified":"2024-08-27T15:08:10","modified_gmt":"2024-08-27T13:08:10","slug":"szkola-letnia-icomos-2024-za-nami","status":"publish","type":"post","link":"https:\/\/nid.pl\/en\/2024\/08\/26\/szkola-letnia-icomos-2024-za-nami\/","title":{"rendered":"Szko\u0142a Letnia ICOMOS 2024 za nami\u00a0"},"content":{"rendered":"<p><strong>3 dni spotka\u0144, 5 wizyt studyjnych, ponad 40 os\u00f3b uczestnicz\u0105cych &#8211; Szko\u0142a Letnia ICOMOS, kt\u00f3ra w tym roku odby\u0142a si\u0119 w \u0141odzi pod has\u0142em \u201eWrzeciono czasu \u2013 dziedzictwo przemys\u0142owe regionu \u0142\u00f3dzkiego\u201d, dobieg\u0142a ko\u0144ca.<\/strong> <strong>Wydarzenie zosta\u0142o zorganizowane przez PKN ICOMOS, Instytut Architektury i Urbanistyki Politechniki \u0141\u00f3dzkiej oraz Narodowy Instytut Dziedzictwa.&nbsp;&nbsp;&nbsp;<\/strong>&nbsp;<\/p>\n\n\n\n<p>Tegoroczna <strong>10. Szko\u0142a Letnia ICOMOS<\/strong> po\u015bwi\u0119cona by\u0142a dziedzictwu poprzemys\u0142owemu \u0141odzi \u2013 jego konserwacji i adaptacji. Wzi\u0119\u0142o w niej udzia\u0142 ponad czterdzie\u015bci os\u00f3b zwi\u0105zanych zawodowo z badaniem i ochron\u0105 zabytk\u00f3w.<strong> <a href=\"https:\/\/nid.pl\/en\/2024\/08\/21\/szkola-letnia-icomos-2024\/\" target=\"_blank\" rel=\"noreferrer noopener\">Oficjalne otwarcie<\/a><\/strong> odby\u0142o si\u0119 w \u015brod\u0119, 21 sierpnia i wzi\u0119\u0142a w nim udzia\u0142 <strong>dyrektorka NID, Marlena Happach<\/strong>. W drugiej po\u0142owie dnia mia\u0142y miejsce dwie sesje, podczas kt\u00f3rych eksperci PKN ICOMOS, Polskiego Komitetu Ochrony Dziedzictwa Przemys\u0142owego, Instytutu Architektury i Urbanistyki Politechniki \u0141\u00f3dzkiej i Urz\u0119du Miasta \u0141odzi przedstawili zagadnienia zwi\u0105zane z zarz\u0105dzaniem oraz\u00a0konserwacj\u0105 dziedzictwa przemys\u0142owego, a tak\u017ce jego wykorzystaniem do cel\u00f3w kulturalnych. Dzie\u0144 zako\u0144czy\u0142 si\u0119 zwiedzaniem i spacerem po otoczeniu<strong> Elektrowni Scheiblera<\/strong> &#8211; kompleksu, kt\u00f3ry niedawno przeszed\u0142 remont i zosta\u0142 zaadaptowany do cel\u00f3w mieszkalnych, us\u0142ugowych i rozrywkowych.\u00a0\u00a0<\/p>\n\n\n\n<p><\/p>\n\n\n\n<div class=\"wp-block-columns are-vertically-aligned-center is-layout-flex wp-container-core-columns-is-layout-9d6595d7 wp-block-columns-is-layout-flex\">\n<div class=\"wp-block-column is-vertically-aligned-center is-layout-flow wp-block-column-is-layout-flow\">\n<p>Drugiego dnia uczestniczki i uczestnicy Szko\u0142y Letniej ICOMOS mieli okazj\u0119 zetkn\u0105\u0107 si\u0119 z kolejnymi przyk\u0142adami adaptacji obiekt\u00f3w pofabrycznych \u2013 odwiedzili <strong>Centralne Muzeum W\u0142\u00f3kiennictwa,<\/strong> kt\u00f3re od lat 50. XX wieku znajduje si\u0119 w klasycystycznych budynkach Bia\u0142ej Fabryki Ludwika Geyera, <strong>Fabryk\u0119 Sztuki<\/strong>, centrum artystyczne umiejscowione w dawnych Zak\u0142adach Przemys\u0142owych Karola Scheiblera i Ludwika Grohmana S.A., <strong>Lapidarium Detalu Architektonicznego<\/strong> w budynku domu handlowego Zofii Hirszbergowej oraz kompleks<strong> EC1 \u0141\u00f3d\u017a &#8211; Miasto Kultury<\/strong>, czyli elektrowni\u0119 zaadaptowan\u0105 na centrum naukowo \u2013 kulturalne.&nbsp;&nbsp;<\/p>\n<\/div>\n\n\n\n<div class=\"wp-block-column is-vertically-aligned-center is-layout-flow wp-block-column-is-layout-flow\">\n<figure data-wp-context=\"{&quot;imageId&quot;:&quot;69f5cb5a4a39c&quot;}\" data-wp-interactive=\"core\/image\" data-wp-key=\"69f5cb5a4a39c\" class=\"wp-block-image aligncenter size-large is-resized wp-lightbox-container\"><img loading=\"lazy\" decoding=\"async\" width=\"768\" height=\"1024\" data-wp-class--hide=\"state.isContentHidden\" data-wp-class--show=\"state.isContentVisible\" data-wp-init=\"callbacks.setButtonStyles\" data-wp-on--click=\"actions.showLightbox\" data-wp-on--load=\"callbacks.setButtonStyles\" data-wp-on-window--resize=\"callbacks.setButtonStyles\" src=\"https:\/\/nid.pl\/wp-content\/uploads\/2024\/08\/CMW-768x1024.jpg\" alt=\"zdj\u0119cie przedstawia grupk\u0119 os\u00f3b - uczestnik\u00f3w Szko\u0142y Letniej ICOMOS 2024 w trakcie wizyty w Centralnym Muzeum W\u0142\u00f3kiennictwa w \u0141odzi - wn\u0119trze budynku i maszyny do produkcji tekstylnej\" class=\"wp-image-21870\" style=\"width:362px;height:auto\"\/><button\n\t\t\tclass=\"lightbox-trigger\"\n\t\t\ttype=\"button\"\n\t\t\taria-haspopup=\"dialog\"\n\t\t\taria-label=\"Enlarge\"\n\t\t\tdata-wp-init=\"callbacks.initTriggerButton\"\n\t\t\tdata-wp-on--click=\"actions.showLightbox\"\n\t\t\tdata-wp-style--right=\"state.imageButtonRight\"\n\t\t\tdata-wp-style--top=\"state.imageButtonTop\"\n\t\t>\n\t\t\t<svg xmlns=\"http:\/\/www.w3.org\/2000\/svg\" width=\"12\" height=\"12\" fill=\"none\" viewbox=\"0 0 12 12\">\n\t\t\t\t<path fill=\"#fff\" d=\"M2 0a2 2 0 0 0-2 2v2h1.5V2a.5.5 0 0 1 .5-.5h2V0H2Zm2 10.5H2a.5.5 0 0 1-.5-.5V8H0v2a2 2 0 0 0 2 2h2v-1.5ZM8 12v-1.5h2a.5.5 0 0 0 .5-.5V8H12v2a2 2 0 0 1-2 2H8Zm2-12a2 2 0 0 1 2 2v2h-1.5V2a.5.5 0 0 0-.5-.5H8V0h2Z\" \/>\n\t\t\t<\/svg>\n\t\t<\/button><figcaption class=\"wp-element-caption\">Wizyta z Centralnym Muzeum W\u0142\u00f3kiennictwa w \u0141odzi, fot. NID\/Sylwia Bielicka<\/figcaption><\/figure>\n<\/div>\n<\/div>\n\n\n\n<p><\/p>\n\n\n\n<div class=\"wp-block-columns is-layout-flex wp-container-core-columns-is-layout-9d6595d7 wp-block-columns-is-layout-flex\">\n<div class=\"wp-block-column is-layout-flow wp-block-column-is-layout-flow\">\n<figure data-wp-context=\"{&quot;imageId&quot;:&quot;69f5cb5a4a7b7&quot;}\" data-wp-interactive=\"core\/image\" data-wp-key=\"69f5cb5a4a7b7\" class=\"wp-block-image size-large wp-lightbox-container\"><img loading=\"lazy\" decoding=\"async\" width=\"768\" height=\"1024\" data-wp-class--hide=\"state.isContentHidden\" data-wp-class--show=\"state.isContentVisible\" data-wp-init=\"callbacks.setButtonStyles\" data-wp-on--click=\"actions.showLightbox\" data-wp-on--load=\"callbacks.setButtonStyles\" data-wp-on-window--resize=\"callbacks.setButtonStyles\" src=\"https:\/\/nid.pl\/wp-content\/uploads\/2024\/08\/Centralne-Muzeum-Wlokiennictwa-768x1024.jpg\" alt=\"zdj\u0119cie przedstawia grupk\u0119 os\u00f3b - uczestnik\u00f3w Szko\u0142y Letniej ICOMOS 2024 w trakcie wizyty w Centralnym Muzeum W\u0142\u00f3kiennictwa w \u0141odzi - na brukowanej ulicy, po bokach drewniane domy\" class=\"wp-image-21869\"\/><button\n\t\t\tclass=\"lightbox-trigger\"\n\t\t\ttype=\"button\"\n\t\t\taria-haspopup=\"dialog\"\n\t\t\taria-label=\"Enlarge\"\n\t\t\tdata-wp-init=\"callbacks.initTriggerButton\"\n\t\t\tdata-wp-on--click=\"actions.showLightbox\"\n\t\t\tdata-wp-style--right=\"state.imageButtonRight\"\n\t\t\tdata-wp-style--top=\"state.imageButtonTop\"\n\t\t>\n\t\t\t<svg xmlns=\"http:\/\/www.w3.org\/2000\/svg\" width=\"12\" height=\"12\" fill=\"none\" viewbox=\"0 0 12 12\">\n\t\t\t\t<path fill=\"#fff\" d=\"M2 0a2 2 0 0 0-2 2v2h1.5V2a.5.5 0 0 1 .5-.5h2V0H2Zm2 10.5H2a.5.5 0 0 1-.5-.5V8H0v2a2 2 0 0 0 2 2h2v-1.5ZM8 12v-1.5h2a.5.5 0 0 0 .5-.5V8H12v2a2 2 0 0 1-2 2H8Zm2-12a2 2 0 0 1 2 2v2h-1.5V2a.5.5 0 0 0-.5-.5H8V0h2Z\" \/>\n\t\t\t<\/svg>\n\t\t<\/button><figcaption class=\"wp-element-caption\">Wizyta z Centralnym Muzeum W\u0142\u00f3kiennictwa w \u0141odzi, fot. NID\/Sylwia Bielicka<\/figcaption><\/figure>\n<\/div>\n\n\n\n<div class=\"wp-block-column is-layout-flow wp-block-column-is-layout-flow\">\n<figure data-wp-context=\"{&quot;imageId&quot;:&quot;69f5cb5a4aa87&quot;}\" data-wp-interactive=\"core\/image\" data-wp-key=\"69f5cb5a4aa87\" class=\"wp-block-image size-large wp-lightbox-container\"><img loading=\"lazy\" decoding=\"async\" width=\"768\" height=\"1024\" data-wp-class--hide=\"state.isContentHidden\" data-wp-class--show=\"state.isContentVisible\" data-wp-init=\"callbacks.setButtonStyles\" data-wp-on--click=\"actions.showLightbox\" data-wp-on--load=\"callbacks.setButtonStyles\" data-wp-on-window--resize=\"callbacks.setButtonStyles\" src=\"https:\/\/nid.pl\/wp-content\/uploads\/2024\/08\/Fabryka-Sztuki-768x1024.jpg\" alt=\"zdj\u0119cie grupy uczestnik\u00f3w Szko\u0142y Letniej ICOMOS 2024 w hallu budynku Fabryki Sztuki w \u0141odzi - wida\u0107 dwie wysokie elewacje ceglanych pofabrycznych budynk\u00f3w po\u0142\u0105czone przeszklon\u0105 \u015bcian\u0105 i dachem\" class=\"wp-image-21871\"\/><button\n\t\t\tclass=\"lightbox-trigger\"\n\t\t\ttype=\"button\"\n\t\t\taria-haspopup=\"dialog\"\n\t\t\taria-label=\"Enlarge\"\n\t\t\tdata-wp-init=\"callbacks.initTriggerButton\"\n\t\t\tdata-wp-on--click=\"actions.showLightbox\"\n\t\t\tdata-wp-style--right=\"state.imageButtonRight\"\n\t\t\tdata-wp-style--top=\"state.imageButtonTop\"\n\t\t>\n\t\t\t<svg xmlns=\"http:\/\/www.w3.org\/2000\/svg\" width=\"12\" height=\"12\" fill=\"none\" viewbox=\"0 0 12 12\">\n\t\t\t\t<path fill=\"#fff\" d=\"M2 0a2 2 0 0 0-2 2v2h1.5V2a.5.5 0 0 1 .5-.5h2V0H2Zm2 10.5H2a.5.5 0 0 1-.5-.5V8H0v2a2 2 0 0 0 2 2h2v-1.5ZM8 12v-1.5h2a.5.5 0 0 0 .5-.5V8H12v2a2 2 0 0 1-2 2H8Zm2-12a2 2 0 0 1 2 2v2h-1.5V2a.5.5 0 0 0-.5-.5H8V0h2Z\" \/>\n\t\t\t<\/svg>\n\t\t<\/button><figcaption class=\"wp-element-caption\">Wizyta z Fabryce Sztuki w \u0141odzi, fot. NID\/Sylwia Bielicka<\/figcaption><\/figure>\n<\/div>\n\n\n\n<div class=\"wp-block-column is-layout-flow wp-block-column-is-layout-flow\">\n<figure data-wp-context=\"{&quot;imageId&quot;:&quot;69f5cb5a4ad3f&quot;}\" data-wp-interactive=\"core\/image\" data-wp-key=\"69f5cb5a4ad3f\" class=\"wp-block-image size-large wp-lightbox-container\"><img loading=\"lazy\" decoding=\"async\" width=\"768\" height=\"1024\" data-wp-class--hide=\"state.isContentHidden\" data-wp-class--show=\"state.isContentVisible\" data-wp-init=\"callbacks.setButtonStyles\" data-wp-on--click=\"actions.showLightbox\" data-wp-on--load=\"callbacks.setButtonStyles\" data-wp-on-window--resize=\"callbacks.setButtonStyles\" src=\"https:\/\/nid.pl\/wp-content\/uploads\/2024\/08\/Lapidarium-Detalu-Architektonicznego-768x1024.jpg\" alt=\"Zdj\u0119cie przedstawia uczestnik\u00f3w Szko\u0142y Letniej ICOMOS 2024 zgromadzonych naoko\u0142o makiety miasta \u0141odzi w Lapidarium Detalu Architektonicznego\" class=\"wp-image-21872\"\/><button\n\t\t\tclass=\"lightbox-trigger\"\n\t\t\ttype=\"button\"\n\t\t\taria-haspopup=\"dialog\"\n\t\t\taria-label=\"Enlarge\"\n\t\t\tdata-wp-init=\"callbacks.initTriggerButton\"\n\t\t\tdata-wp-on--click=\"actions.showLightbox\"\n\t\t\tdata-wp-style--right=\"state.imageButtonRight\"\n\t\t\tdata-wp-style--top=\"state.imageButtonTop\"\n\t\t>\n\t\t\t<svg xmlns=\"http:\/\/www.w3.org\/2000\/svg\" width=\"12\" height=\"12\" fill=\"none\" viewbox=\"0 0 12 12\">\n\t\t\t\t<path fill=\"#fff\" d=\"M2 0a2 2 0 0 0-2 2v2h1.5V2a.5.5 0 0 1 .5-.5h2V0H2Zm2 10.5H2a.5.5 0 0 1-.5-.5V8H0v2a2 2 0 0 0 2 2h2v-1.5ZM8 12v-1.5h2a.5.5 0 0 0 .5-.5V8H12v2a2 2 0 0 1-2 2H8Zm2-12a2 2 0 0 1 2 2v2h-1.5V2a.5.5 0 0 0-.5-.5H8V0h2Z\" \/>\n\t\t\t<\/svg>\n\t\t<\/button><figcaption class=\"wp-element-caption\">Wizyta w Lapidarium Detalu Architektonicznego, fot NID\/Sylwia Bielicka<\/figcaption><\/figure>\n<\/div>\n<\/div>\n\n\n\n<div class=\"wp-block-columns is-layout-flex wp-container-core-columns-is-layout-9d6595d7 wp-block-columns-is-layout-flex\">\n<div class=\"wp-block-column is-vertically-aligned-center is-layout-flow wp-block-column-is-layout-flow\">\n<p>Ostatni dzie\u0144 po\u015bwi\u0119cony by\u0142 wizytom w miejscowo\u015bciach aglomeracji \u0142\u00f3dzkiej &#8211; <strong>Zgierzu i Pabianicach<\/strong>, gdzie opr\u00f3cz zwiedzania Fabryki We\u0142ny, obecnie hotelu, odby\u0142o si\u0119 oficjalne podsumowanie Szko\u0142y Letniej oraz wr\u0119czenie dyplom\u00f3w osobom uczestnicz\u0105cym<strong> z udzia\u0142em Grzegorza Mackiewicza,\u00a0prezydenta Pabianic.\u00a0\u00a0<\/strong><\/p>\n\n\n\n<p><strong>Dzi\u0119kujemy <\/strong>wszystkim zaanga\u017cowanym w prezentacj\u0119 zabytk\u00f3w przemys\u0142u \u0141odzi i okolic oraz mamy nadziej\u0119, \u017ce do\u015bwiadczenia zebrane przez nowe pokolenie os\u00f3b zwi\u0105zanych z ochron\u0105 dziedzictwa zaowocuj\u0105 w przysz\u0142o\u015bci jeszcze lepszym rozpoznaniem warto\u015bci i potencja\u0142u tego typu obiekt\u00f3w nie tylko w \u0141odzi, ale i w ca\u0142ej Polsce.&nbsp;&nbsp;<\/p>\n<\/div>\n\n\n\n<div class=\"wp-block-column is-layout-flow wp-block-column-is-layout-flow\">\n<figure data-wp-context=\"{&quot;imageId&quot;:&quot;69f5cb5a4b137&quot;}\" data-wp-interactive=\"core\/image\" data-wp-key=\"69f5cb5a4b137\" class=\"wp-block-image aligncenter size-large is-resized wp-lightbox-container\"><img loading=\"lazy\" decoding=\"async\" width=\"768\" height=\"1024\" data-wp-class--hide=\"state.isContentHidden\" data-wp-class--show=\"state.isContentVisible\" data-wp-init=\"callbacks.setButtonStyles\" data-wp-on--click=\"actions.showLightbox\" data-wp-on--load=\"callbacks.setButtonStyles\" data-wp-on-window--resize=\"callbacks.setButtonStyles\" src=\"https:\/\/nid.pl\/wp-content\/uploads\/2024\/08\/Muzeum-Miasta-Pabianic-768x1024.jpg\" alt=\"zdj\u0119cie przedstawia uczestnik\u00f3w szko\u0142y letniej icomos siedz\u0105cych w sali Muzeum Miasta Pabianic, gdzie odby\u0142o si\u0119 uroczyste zako\u0144czenie wydarzenia\" class=\"wp-image-21868\" style=\"width:329px;height:auto\"\/><button\n\t\t\tclass=\"lightbox-trigger\"\n\t\t\ttype=\"button\"\n\t\t\taria-haspopup=\"dialog\"\n\t\t\taria-label=\"Enlarge\"\n\t\t\tdata-wp-init=\"callbacks.initTriggerButton\"\n\t\t\tdata-wp-on--click=\"actions.showLightbox\"\n\t\t\tdata-wp-style--right=\"state.imageButtonRight\"\n\t\t\tdata-wp-style--top=\"state.imageButtonTop\"\n\t\t>\n\t\t\t<svg xmlns=\"http:\/\/www.w3.org\/2000\/svg\" width=\"12\" height=\"12\" fill=\"none\" viewbox=\"0 0 12 12\">\n\t\t\t\t<path fill=\"#fff\" d=\"M2 0a2 2 0 0 0-2 2v2h1.5V2a.5.5 0 0 1 .5-.5h2V0H2Zm2 10.5H2a.5.5 0 0 1-.5-.5V8H0v2a2 2 0 0 0 2 2h2v-1.5ZM8 12v-1.5h2a.5.5 0 0 0 .5-.5V8H12v2a2 2 0 0 1-2 2H8Zm2-12a2 2 0 0 1 2 2v2h-1.5V2a.5.5 0 0 0-.5-.5H8V0h2Z\" \/>\n\t\t\t<\/svg>\n\t\t<\/button><figcaption class=\"wp-element-caption\">oficjalne zako\u0144czenie Szko\u0142y Letniej ICOMOS 2024 w Muzeum Miasta Pabianice z udzia\u0142em Grzegorza Mackiewicza, prezydenta Pabianic, fot. NID\/Sylwia Bielicka<\/figcaption><\/figure>\n<\/div>\n<\/div>\n\n\n\n<div class=\"wp-block-columns is-layout-flex wp-container-core-columns-is-layout-9d6595d7 wp-block-columns-is-layout-flex\">\n<div class=\"wp-block-column is-layout-flow wp-block-column-is-layout-flow\">\n<figure data-wp-context=\"{&quot;imageId&quot;:&quot;69f5cb5a4b49c&quot;}\" data-wp-interactive=\"core\/image\" data-wp-key=\"69f5cb5a4b49c\" class=\"wp-block-image size-large wp-lightbox-container\"><img loading=\"lazy\" decoding=\"async\" width=\"768\" height=\"1024\" data-wp-class--hide=\"state.isContentHidden\" data-wp-class--show=\"state.isContentVisible\" data-wp-init=\"callbacks.setButtonStyles\" data-wp-on--click=\"actions.showLightbox\" data-wp-on--load=\"callbacks.setButtonStyles\" data-wp-on-window--resize=\"callbacks.setButtonStyles\" src=\"https:\/\/nid.pl\/wp-content\/uploads\/2024\/08\/Zgierz-2-2-768x1024.jpg\" alt=\"zdj\u0119cie przedstawia grup\u0119 uczestnik\u00f3w Szko\u0142y Letniej ICOMOS 2024 na ulicy w Zgierzu- widoczny wyremontowany ceglany budynek poprzemys\u0142owy\" class=\"wp-image-21874\"\/><button\n\t\t\tclass=\"lightbox-trigger\"\n\t\t\ttype=\"button\"\n\t\t\taria-haspopup=\"dialog\"\n\t\t\taria-label=\"Enlarge\"\n\t\t\tdata-wp-init=\"callbacks.initTriggerButton\"\n\t\t\tdata-wp-on--click=\"actions.showLightbox\"\n\t\t\tdata-wp-style--right=\"state.imageButtonRight\"\n\t\t\tdata-wp-style--top=\"state.imageButtonTop\"\n\t\t>\n\t\t\t<svg xmlns=\"http:\/\/www.w3.org\/2000\/svg\" width=\"12\" height=\"12\" fill=\"none\" viewbox=\"0 0 12 12\">\n\t\t\t\t<path fill=\"#fff\" d=\"M2 0a2 2 0 0 0-2 2v2h1.5V2a.5.5 0 0 1 .5-.5h2V0H2Zm2 10.5H2a.5.5 0 0 1-.5-.5V8H0v2a2 2 0 0 0 2 2h2v-1.5ZM8 12v-1.5h2a.5.5 0 0 0 .5-.5V8H12v2a2 2 0 0 1-2 2H8Zm2-12a2 2 0 0 1 2 2v2h-1.5V2a.5.5 0 0 0-.5-.5H8V0h2Z\" \/>\n\t\t\t<\/svg>\n\t\t<\/button><figcaption class=\"wp-element-caption\">Wizyta w Zgierzu, fot. NID\/Sylwia Bielicka<\/figcaption><\/figure>\n<\/div>\n\n\n\n<div class=\"wp-block-column is-layout-flow wp-block-column-is-layout-flow\">\n<figure data-wp-context=\"{&quot;imageId&quot;:&quot;69f5cb5a4b757&quot;}\" data-wp-interactive=\"core\/image\" data-wp-key=\"69f5cb5a4b757\" class=\"wp-block-image size-large wp-lightbox-container\"><img loading=\"lazy\" decoding=\"async\" width=\"768\" height=\"1024\" data-wp-class--hide=\"state.isContentHidden\" data-wp-class--show=\"state.isContentVisible\" data-wp-init=\"callbacks.setButtonStyles\" data-wp-on--click=\"actions.showLightbox\" data-wp-on--load=\"callbacks.setButtonStyles\" data-wp-on-window--resize=\"callbacks.setButtonStyles\" src=\"https:\/\/nid.pl\/wp-content\/uploads\/2024\/08\/Zgierz-768x1024.jpg\" alt=\"zdj\u0119cie przedstawia grup\u0119 uczestnik\u00f3w Szko\u0142y Letniej ICOMOS 2024 na ulicy w Zgierzu- widoczny drewniany dom\" class=\"wp-image-21873\"\/><button\n\t\t\tclass=\"lightbox-trigger\"\n\t\t\ttype=\"button\"\n\t\t\taria-haspopup=\"dialog\"\n\t\t\taria-label=\"Enlarge\"\n\t\t\tdata-wp-init=\"callbacks.initTriggerButton\"\n\t\t\tdata-wp-on--click=\"actions.showLightbox\"\n\t\t\tdata-wp-style--right=\"state.imageButtonRight\"\n\t\t\tdata-wp-style--top=\"state.imageButtonTop\"\n\t\t>\n\t\t\t<svg xmlns=\"http:\/\/www.w3.org\/2000\/svg\" width=\"12\" height=\"12\" fill=\"none\" viewbox=\"0 0 12 12\">\n\t\t\t\t<path fill=\"#fff\" d=\"M2 0a2 2 0 0 0-2 2v2h1.5V2a.5.5 0 0 1 .5-.5h2V0H2Zm2 10.5H2a.5.5 0 0 1-.5-.5V8H0v2a2 2 0 0 0 2 2h2v-1.5ZM8 12v-1.5h2a.5.5 0 0 0 .5-.5V8H12v2a2 2 0 0 1-2 2H8Zm2-12a2 2 0 0 1 2 2v2h-1.5V2a.5.5 0 0 0-.5-.5H8V0h2Z\" \/>\n\t\t\t<\/svg>\n\t\t<\/button><figcaption class=\"wp-element-caption\">Wizyta w Zgierzu, fot. NID\/Sylwia Bielicka<\/figcaption><\/figure>\n<\/div>\n<\/div>\n\n\n\n<figure data-wp-context=\"{&quot;imageId&quot;:&quot;69f5cb5a4ba9b&quot;}\" data-wp-interactive=\"core\/image\" data-wp-key=\"69f5cb5a4ba9b\" class=\"wp-block-image aligncenter size-large wp-lightbox-container\"><img loading=\"lazy\" decoding=\"async\" width=\"768\" height=\"1024\" data-wp-class--hide=\"state.isContentHidden\" data-wp-class--show=\"state.isContentVisible\" data-wp-init=\"callbacks.setButtonStyles\" data-wp-on--click=\"actions.showLightbox\" data-wp-on--load=\"callbacks.setButtonStyles\" data-wp-on-window--resize=\"callbacks.setButtonStyles\" src=\"https:\/\/nid.pl\/wp-content\/uploads\/2024\/08\/Fabryka-Welny-Pabianice-768x1024.jpg\" alt=\"zdj\u0119cie przedstawia grup\u0119 uczestnik\u00f3w Szko\u0142y Letniej ICOMOS 2024 przed budynkiem Fabryki We\u0142ny w Pabianicach, przed uczestnikami ceglana elewacja budynku pofabrycznego po\u0142\u0105czona z przeszklon\u0105 cz\u0119\u015bci\u0105 budynku\" class=\"wp-image-21875\"\/><button\n\t\t\tclass=\"lightbox-trigger\"\n\t\t\ttype=\"button\"\n\t\t\taria-haspopup=\"dialog\"\n\t\t\taria-label=\"Enlarge\"\n\t\t\tdata-wp-init=\"callbacks.initTriggerButton\"\n\t\t\tdata-wp-on--click=\"actions.showLightbox\"\n\t\t\tdata-wp-style--right=\"state.imageButtonRight\"\n\t\t\tdata-wp-style--top=\"state.imageButtonTop\"\n\t\t>\n\t\t\t<svg xmlns=\"http:\/\/www.w3.org\/2000\/svg\" width=\"12\" height=\"12\" fill=\"none\" viewbox=\"0 0 12 12\">\n\t\t\t\t<path fill=\"#fff\" d=\"M2 0a2 2 0 0 0-2 2v2h1.5V2a.5.5 0 0 1 .5-.5h2V0H2Zm2 10.5H2a.5.5 0 0 1-.5-.5V8H0v2a2 2 0 0 0 2 2h2v-1.5ZM8 12v-1.5h2a.5.5 0 0 0 .5-.5V8H12v2a2 2 0 0 1-2 2H8Zm2-12a2 2 0 0 1 2 2v2h-1.5V2a.5.5 0 0 0-.5-.5H8V0h2Z\" \/>\n\t\t\t<\/svg>\n\t\t<\/button><figcaption class=\"wp-element-caption\">Wizyta w Fabryce We\u0142ny w Pabianicach, fot. NID\/Sylwia Bielicka<\/figcaption><\/figure>\n\n\n\n<p><\/p>\n\n\n\n<p>Szko\u0142a Letnia ICOMOS 2024 jest finansowana ze \u015brodk\u00f3w Ministra Kultury i Dziedzictwa Narodowego w ramach dzia\u0142a\u0144 Narodowego Instytutu Dziedzictwa, wcze\u015bniej Narodowego Instytutu Konserwacji Zabytk\u00f3w<\/p>\n\n\n\n<p><\/p>\n\n\n\n<p><\/p>\n\n\n\n<p><\/p>","protected":false},"excerpt":{"rendered":"<p>3 dni spotka\u0144, 5 wizyt studyjnych, ponad 40 os\u00f3b uczestnicz\u0105cych &#8211; Szko\u0142a Letnia ICOMOS, kt\u00f3ra w tym roku odby\u0142a si\u0119 w \u0141odzi pod has\u0142em \u201eWrzeciono czasu \u2013 dziedzictwo przemys\u0142owe regionu [&hellip;]<\/p>","protected":false},"author":15,"featured_media":21887,"comment_status":"closed","ping_status":"closed","sticky":false,"template":"","format":"standard","meta":{"_et_pb_use_builder":"off","_et_pb_old_content":"","_et_gb_content_width":"","_monsterinsights_skip_tracking":false,"_monsterinsights_sitenote_active":false,"_monsterinsights_sitenote_note":"","_monsterinsights_sitenote_category":0,"footnotes":""},"categories":[3],"tags":[],"class_list":["post-21864","post","type-post","status-publish","format-standard","has-post-thumbnail","hentry","category-aktualnosci"],"yoast_head":"<!-- This site is optimized with the Yoast SEO plugin v26.5 - https:\/\/yoast.com\/wordpress\/plugins\/seo\/ -->\n<title>Szko\u0142a Letnia ICOMOS 2024 za nami\u00a0 - NID<\/title>\n<meta name=\"robots\" content=\"index, follow, max-snippet:-1, max-image-preview:large, max-video-preview:-1\" \/>\n<link rel=\"canonical\" href=\"https:\/\/nid.pl\/en\/2024\/08\/26\/szkola-letnia-icomos-2024-za-nami\/\" \/>\n<meta property=\"og:locale\" content=\"en_GB\" \/>\n<meta property=\"og:type\" content=\"article\" \/>\n<meta property=\"og:title\" content=\"Szko\u0142a Letnia ICOMOS 2024 za nami\u00a0 - NID\" \/>\n<meta property=\"og:description\" content=\"3 dni spotka\u0144, 5 wizyt studyjnych, ponad 40 os\u00f3b uczestnicz\u0105cych &#8211; Szko\u0142a Letnia ICOMOS, kt\u00f3ra w tym roku odby\u0142a si\u0119 w \u0141odzi pod has\u0142em \u201eWrzeciono czasu \u2013 dziedzictwo przemys\u0142owe regionu [&hellip;]\" \/>\n<meta property=\"og:url\" content=\"https:\/\/nid.pl\/en\/2024\/08\/26\/szkola-letnia-icomos-2024-za-nami\/\" \/>\n<meta property=\"og:site_name\" content=\"NID\" \/>\n<meta property=\"article:publisher\" content=\"https:\/\/www.facebook.com\/zabytek\" \/>\n<meta property=\"article:published_time\" content=\"2024-08-26T13:19:04+00:00\" \/>\n<meta property=\"article:modified_time\" content=\"2024-08-27T13:08:10+00:00\" \/>\n<meta property=\"og:image\" content=\"https:\/\/nid.pl\/wp-content\/uploads\/2024\/08\/miniaturka-icomos-3.jpg\" \/>\n\t<meta property=\"og:image:width\" content=\"1857\" \/>\n\t<meta property=\"og:image:height\" content=\"1238\" \/>\n\t<meta property=\"og:image:type\" content=\"image\/jpeg\" \/>\n<meta name=\"author\" content=\"Monika Ciura\" \/>\n<meta name=\"twitter:card\" content=\"summary_large_image\" \/>\n<meta name=\"twitter:creator\" content=\"@NarIDpl\" \/>\n<meta name=\"twitter:site\" content=\"@NarIDpl\" \/>\n<meta name=\"twitter:label1\" content=\"Written by\" \/>\n\t<meta name=\"twitter:data1\" content=\"Monika Ciura\" \/>\n\t<meta name=\"twitter:label2\" content=\"Estimated reading time\" \/>\n\t<meta name=\"twitter:data2\" content=\"5 minutes\" \/>\n<script type=\"application\/ld+json\" class=\"yoast-schema-graph\">{\"@context\":\"https:\/\/schema.org\",\"@graph\":[{\"@type\":\"Article\",\"@id\":\"https:\/\/nid.pl\/2024\/08\/26\/szkola-letnia-icomos-2024-za-nami\/#article\",\"isPartOf\":{\"@id\":\"https:\/\/nid.pl\/2024\/08\/26\/szkola-letnia-icomos-2024-za-nami\/\"},\"author\":{\"name\":\"Monika Ciura\",\"@id\":\"https:\/\/nid.pl\/#\/schema\/person\/ab9abea4caecdccde4fb0d555271145f\"},\"headline\":\"Szko\u0142a Letnia ICOMOS 2024 za nami\u00a0\",\"datePublished\":\"2024-08-26T13:19:04+00:00\",\"dateModified\":\"2024-08-27T13:08:10+00:00\",\"mainEntityOfPage\":{\"@id\":\"https:\/\/nid.pl\/2024\/08\/26\/szkola-letnia-icomos-2024-za-nami\/\"},\"wordCount\":514,\"publisher\":{\"@id\":\"https:\/\/nid.pl\/#organization\"},\"image\":{\"@id\":\"https:\/\/nid.pl\/2024\/08\/26\/szkola-letnia-icomos-2024-za-nami\/#primaryimage\"},\"thumbnailUrl\":\"https:\/\/nid.pl\/wp-content\/uploads\/2024\/08\/miniaturka-icomos-3.jpg\",\"articleSection\":[\"Aktualno\u015bci\"],\"inLanguage\":\"en-GB\"},{\"@type\":\"WebPage\",\"@id\":\"https:\/\/nid.pl\/2024\/08\/26\/szkola-letnia-icomos-2024-za-nami\/\",\"url\":\"https:\/\/nid.pl\/2024\/08\/26\/szkola-letnia-icomos-2024-za-nami\/\",\"name\":\"Szko\u0142a Letnia ICOMOS 2024 za nami\u00a0 - NID\",\"isPartOf\":{\"@id\":\"https:\/\/nid.pl\/#website\"},\"primaryImageOfPage\":{\"@id\":\"https:\/\/nid.pl\/2024\/08\/26\/szkola-letnia-icomos-2024-za-nami\/#primaryimage\"},\"image\":{\"@id\":\"https:\/\/nid.pl\/2024\/08\/26\/szkola-letnia-icomos-2024-za-nami\/#primaryimage\"},\"thumbnailUrl\":\"https:\/\/nid.pl\/wp-content\/uploads\/2024\/08\/miniaturka-icomos-3.jpg\",\"datePublished\":\"2024-08-26T13:19:04+00:00\",\"dateModified\":\"2024-08-27T13:08:10+00:00\",\"breadcrumb\":{\"@id\":\"https:\/\/nid.pl\/2024\/08\/26\/szkola-letnia-icomos-2024-za-nami\/#breadcrumb\"},\"inLanguage\":\"en-GB\",\"potentialAction\":[{\"@type\":\"ReadAction\",\"target\":[\"https:\/\/nid.pl\/2024\/08\/26\/szkola-letnia-icomos-2024-za-nami\/\"]}]},{\"@type\":\"ImageObject\",\"inLanguage\":\"en-GB\",\"@id\":\"https:\/\/nid.pl\/2024\/08\/26\/szkola-letnia-icomos-2024-za-nami\/#primaryimage\",\"url\":\"https:\/\/nid.pl\/wp-content\/uploads\/2024\/08\/miniaturka-icomos-3.jpg\",\"contentUrl\":\"https:\/\/nid.pl\/wp-content\/uploads\/2024\/08\/miniaturka-icomos-3.jpg\",\"width\":1857,\"height\":1238,\"caption\":\"miniatura do tekstu, grupa uczestnik\u00f3w Szko\u0142y Letniej ICOMOS 2024 przed budynkiem Fabryki We\u0142ny w Pabianicach, przed uczestnikami ceglana elewacja budynku pofabrycznego po\u0142\u0105czona z przeszklon\u0105 cz\u0119\u015bci\u0105 budynku\"},{\"@type\":\"BreadcrumbList\",\"@id\":\"https:\/\/nid.pl\/2024\/08\/26\/szkola-letnia-icomos-2024-za-nami\/#breadcrumb\",\"itemListElement\":[{\"@type\":\"ListItem\",\"position\":1,\"name\":\"Home\",\"item\":\"https:\/\/nid.pl\/\"},{\"@type\":\"ListItem\",\"position\":2,\"name\":\"Szko\u0142a Letnia ICOMOS 2024 za nami\u00a0\"}]},{\"@type\":\"WebSite\",\"@id\":\"https:\/\/nid.pl\/#website\",\"url\":\"https:\/\/nid.pl\/\",\"name\":\"NID\",\"description\":\"Narodowy Instytut Dziedzictwa\",\"publisher\":{\"@id\":\"https:\/\/nid.pl\/#organization\"},\"potentialAction\":[{\"@type\":\"SearchAction\",\"target\":{\"@type\":\"EntryPoint\",\"urlTemplate\":\"https:\/\/nid.pl\/?s={search_term_string}\"},\"query-input\":{\"@type\":\"PropertyValueSpecification\",\"valueRequired\":true,\"valueName\":\"search_term_string\"}}],\"inLanguage\":\"en-GB\"},{\"@type\":\"Organization\",\"@id\":\"https:\/\/nid.pl\/#organization\",\"name\":\"Narodowy Instytut Dziedzictwa\",\"url\":\"https:\/\/nid.pl\/\",\"logo\":{\"@type\":\"ImageObject\",\"inLanguage\":\"en-GB\",\"@id\":\"https:\/\/nid.pl\/#\/schema\/logo\/image\/\",\"url\":\"https:\/\/nid.pl\/wp-content\/uploads\/2022\/10\/logoRedDark.png\",\"contentUrl\":\"https:\/\/nid.pl\/wp-content\/uploads\/2022\/10\/logoRedDark.png\",\"width\":200,\"height\":197,\"caption\":\"Narodowy Instytut Dziedzictwa\"},\"image\":{\"@id\":\"https:\/\/nid.pl\/#\/schema\/logo\/image\/\"},\"sameAs\":[\"https:\/\/www.facebook.com\/zabytek\",\"https:\/\/x.com\/NarIDpl\",\"https:\/\/www.instagram.com\/nid.pl\/?hl=pl\",\"https:\/\/www.linkedin.com\/company\/narodowy-instytut-dziedzictwa\",\"https:\/\/www.youtube.com\/channel\/UCQXuhKa2uHtmNvLRUSx40JA\"]},{\"@type\":\"Person\",\"@id\":\"https:\/\/nid.pl\/#\/schema\/person\/ab9abea4caecdccde4fb0d555271145f\",\"name\":\"Monika Ciura\",\"image\":{\"@type\":\"ImageObject\",\"inLanguage\":\"en-GB\",\"@id\":\"https:\/\/nid.pl\/#\/schema\/person\/image\/\",\"url\":\"https:\/\/nid.pl\/wp-content\/litespeed\/avatar\/bfdb15d1cc317fac4b66bdc91090ff11.jpg?ver=1777445370\",\"contentUrl\":\"https:\/\/nid.pl\/wp-content\/litespeed\/avatar\/bfdb15d1cc317fac4b66bdc91090ff11.jpg?ver=1777445370\",\"caption\":\"Monika Ciura\"},\"url\":\"https:\/\/nid.pl\/en\/author\/mciura\/\"}]}<\/script>\n<!-- \/ Yoast SEO plugin. -->","yoast_head_json":{"title":"Szko\u0142a Letnia ICOMOS 2024 za nami\u00a0 - NID","robots":{"index":"index","follow":"follow","max-snippet":"max-snippet:-1","max-image-preview":"max-image-preview:large","max-video-preview":"max-video-preview:-1"},"canonical":"https:\/\/nid.pl\/en\/2024\/08\/26\/szkola-letnia-icomos-2024-za-nami\/","og_locale":"en_GB","og_type":"article","og_title":"Szko\u0142a Letnia ICOMOS 2024 za nami\u00a0 - NID","og_description":"3 dni spotka\u0144, 5 wizyt studyjnych, ponad 40 os\u00f3b uczestnicz\u0105cych &#8211; Szko\u0142a Letnia ICOMOS, kt\u00f3ra w tym roku odby\u0142a si\u0119 w \u0141odzi pod has\u0142em \u201eWrzeciono czasu \u2013 dziedzictwo przemys\u0142owe regionu [&hellip;]","og_url":"https:\/\/nid.pl\/en\/2024\/08\/26\/szkola-letnia-icomos-2024-za-nami\/","og_site_name":"NID","article_publisher":"https:\/\/www.facebook.com\/zabytek","article_published_time":"2024-08-26T13:19:04+00:00","article_modified_time":"2024-08-27T13:08:10+00:00","og_image":[{"width":1857,"height":1238,"url":"https:\/\/nid.pl\/wp-content\/uploads\/2024\/08\/miniaturka-icomos-3.jpg","type":"image\/jpeg"}],"author":"Monika Ciura","twitter_card":"summary_large_image","twitter_creator":"@NarIDpl","twitter_site":"@NarIDpl","twitter_misc":{"Written by":"Monika Ciura","Estimated reading time":"5 minutes"},"schema":{"@context":"https:\/\/schema.org","@graph":[{"@type":"Article","@id":"https:\/\/nid.pl\/2024\/08\/26\/szkola-letnia-icomos-2024-za-nami\/#article","isPartOf":{"@id":"https:\/\/nid.pl\/2024\/08\/26\/szkola-letnia-icomos-2024-za-nami\/"},"author":{"name":"Monika Ciura","@id":"https:\/\/nid.pl\/#\/schema\/person\/ab9abea4caecdccde4fb0d555271145f"},"headline":"Szko\u0142a Letnia ICOMOS 2024 za nami\u00a0","datePublished":"2024-08-26T13:19:04+00:00","dateModified":"2024-08-27T13:08:10+00:00","mainEntityOfPage":{"@id":"https:\/\/nid.pl\/2024\/08\/26\/szkola-letnia-icomos-2024-za-nami\/"},"wordCount":514,"publisher":{"@id":"https:\/\/nid.pl\/#organization"},"image":{"@id":"https:\/\/nid.pl\/2024\/08\/26\/szkola-letnia-icomos-2024-za-nami\/#primaryimage"},"thumbnailUrl":"https:\/\/nid.pl\/wp-content\/uploads\/2024\/08\/miniaturka-icomos-3.jpg","articleSection":["Aktualno\u015bci"],"inLanguage":"en-GB"},{"@type":"WebPage","@id":"https:\/\/nid.pl\/2024\/08\/26\/szkola-letnia-icomos-2024-za-nami\/","url":"https:\/\/nid.pl\/2024\/08\/26\/szkola-letnia-icomos-2024-za-nami\/","name":"Szko\u0142a Letnia ICOMOS 2024 za nami\u00a0 - NID","isPartOf":{"@id":"https:\/\/nid.pl\/#website"},"primaryImageOfPage":{"@id":"https:\/\/nid.pl\/2024\/08\/26\/szkola-letnia-icomos-2024-za-nami\/#primaryimage"},"image":{"@id":"https:\/\/nid.pl\/2024\/08\/26\/szkola-letnia-icomos-2024-za-nami\/#primaryimage"},"thumbnailUrl":"https:\/\/nid.pl\/wp-content\/uploads\/2024\/08\/miniaturka-icomos-3.jpg","datePublished":"2024-08-26T13:19:04+00:00","dateModified":"2024-08-27T13:08:10+00:00","breadcrumb":{"@id":"https:\/\/nid.pl\/2024\/08\/26\/szkola-letnia-icomos-2024-za-nami\/#breadcrumb"},"inLanguage":"en-GB","potentialAction":[{"@type":"ReadAction","target":["https:\/\/nid.pl\/2024\/08\/26\/szkola-letnia-icomos-2024-za-nami\/"]}]},{"@type":"ImageObject","inLanguage":"en-GB","@id":"https:\/\/nid.pl\/2024\/08\/26\/szkola-letnia-icomos-2024-za-nami\/#primaryimage","url":"https:\/\/nid.pl\/wp-content\/uploads\/2024\/08\/miniaturka-icomos-3.jpg","contentUrl":"https:\/\/nid.pl\/wp-content\/uploads\/2024\/08\/miniaturka-icomos-3.jpg","width":1857,"height":1238,"caption":"miniatura do tekstu, grupa uczestnik\u00f3w Szko\u0142y Letniej ICOMOS 2024 przed budynkiem Fabryki We\u0142ny w Pabianicach, przed uczestnikami ceglana elewacja budynku pofabrycznego po\u0142\u0105czona z przeszklon\u0105 cz\u0119\u015bci\u0105 budynku"},{"@type":"BreadcrumbList","@id":"https:\/\/nid.pl\/2024\/08\/26\/szkola-letnia-icomos-2024-za-nami\/#breadcrumb","itemListElement":[{"@type":"ListItem","position":1,"name":"Home","item":"https:\/\/nid.pl\/"},{"@type":"ListItem","position":2,"name":"Szko\u0142a Letnia ICOMOS 2024 za nami\u00a0"}]},{"@type":"WebSite","@id":"https:\/\/nid.pl\/#website","url":"https:\/\/nid.pl\/","name":"NID","description":"Narodowy Instytut Dziedzictwa","publisher":{"@id":"https:\/\/nid.pl\/#organization"},"potentialAction":[{"@type":"SearchAction","target":{"@type":"EntryPoint","urlTemplate":"https:\/\/nid.pl\/?s={search_term_string}"},"query-input":{"@type":"PropertyValueSpecification","valueRequired":true,"valueName":"search_term_string"}}],"inLanguage":"en-GB"},{"@type":"Organization","@id":"https:\/\/nid.pl\/#organization","name":"Narodowy Instytut Dziedzictwa","url":"https:\/\/nid.pl\/","logo":{"@type":"ImageObject","inLanguage":"en-GB","@id":"https:\/\/nid.pl\/#\/schema\/logo\/image\/","url":"https:\/\/nid.pl\/wp-content\/uploads\/2022\/10\/logoRedDark.png","contentUrl":"https:\/\/nid.pl\/wp-content\/uploads\/2022\/10\/logoRedDark.png","width":200,"height":197,"caption":"Narodowy Instytut Dziedzictwa"},"image":{"@id":"https:\/\/nid.pl\/#\/schema\/logo\/image\/"},"sameAs":["https:\/\/www.facebook.com\/zabytek","https:\/\/x.com\/NarIDpl","https:\/\/www.instagram.com\/nid.pl\/?hl=pl","https:\/\/www.linkedin.com\/company\/narodowy-instytut-dziedzictwa","https:\/\/www.youtube.com\/channel\/UCQXuhKa2uHtmNvLRUSx40JA"]},{"@type":"Person","@id":"https:\/\/nid.pl\/#\/schema\/person\/ab9abea4caecdccde4fb0d555271145f","name":"Monika Ciura","image":{"@type":"ImageObject","inLanguage":"en-GB","@id":"https:\/\/nid.pl\/#\/schema\/person\/image\/","url":"https:\/\/nid.pl\/wp-content\/litespeed\/avatar\/bfdb15d1cc317fac4b66bdc91090ff11.jpg?ver=1777445370","contentUrl":"https:\/\/nid.pl\/wp-content\/litespeed\/avatar\/bfdb15d1cc317fac4b66bdc91090ff11.jpg?ver=1777445370","caption":"Monika Ciura"},"url":"https:\/\/nid.pl\/en\/author\/mciura\/"}]}},"_links":{"self":[{"href":"https:\/\/nid.pl\/en\/wp-json\/wp\/v2\/posts\/21864","targetHints":{"allow":["GET"]}}],"collection":[{"href":"https:\/\/nid.pl\/en\/wp-json\/wp\/v2\/posts"}],"about":[{"href":"https:\/\/nid.pl\/en\/wp-json\/wp\/v2\/types\/post"}],"author":[{"embeddable":true,"href":"https:\/\/nid.pl\/en\/wp-json\/wp\/v2\/users\/15"}],"replies":[{"embeddable":true,"href":"https:\/\/nid.pl\/en\/wp-json\/wp\/v2\/comments?post=21864"}],"version-history":[{"count":0,"href":"https:\/\/nid.pl\/en\/wp-json\/wp\/v2\/posts\/21864\/revisions"}],"wp:featuredmedia":[{"embeddable":true,"href":"https:\/\/nid.pl\/en\/wp-json\/wp\/v2\/media\/21887"}],"wp:attachment":[{"href":"https:\/\/nid.pl\/en\/wp-json\/wp\/v2\/media?parent=21864"}],"wp:term":[{"taxonomy":"category","embeddable":true,"href":"https:\/\/nid.pl\/en\/wp-json\/wp\/v2\/categories?post=21864"},{"taxonomy":"post_tag","embeddable":true,"href":"https:\/\/nid.pl\/en\/wp-json\/wp\/v2\/tags?post=21864"}],"curies":[{"name":"wp","href":"https:\/\/api.w.org\/{rel}","templated":true}]}}