{"id":21175,"date":"2024-08-09T11:26:18","date_gmt":"2024-08-09T09:26:18","guid":{"rendered":"https:\/\/nid.pl\/?p=21175"},"modified":"2024-08-09T11:44:51","modified_gmt":"2024-08-09T09:44:51","slug":"ofkpia-2024","status":"publish","type":"post","link":"https:\/\/nid.pl\/en\/2024\/08\/09\/ofkpia-2024\/","title":{"rendered":"Ostrowiecki Festiwal Kultury Prehistorycznej i Antycznej"},"content":{"rendered":"<p><strong>Przed nami pokazy archeologii eksperymentalnej, happeningi, warsztaty edukacyjne i inscenizacje. Wraz z Muzeum Archeologicznym i Rezerwatem Krzemionki zapraszamy na podr\u00f3\u017c w czasie! W dniach 16 &#8211; 18 sierpnia odb\u0119dzie si\u0119 czwarta edycja Ostrowieckiego Festiwalu Kultury Prehistorycznej i Antycznej.<\/strong><\/p>\n\n\n\n<p><\/p>\n\n\n\n<div class=\"wp-block-columns is-layout-flex wp-container-core-columns-is-layout-9d6595d7 wp-block-columns-is-layout-flex\">\n<div class=\"wp-block-column is-layout-flow wp-block-column-is-layout-flow\">\n<p>Ostrowiecki Festiwal Kultury Prehistorycznej i Antycznej to po\u0142\u0105czenie idei przy\u015bwiecaj\u0105cej Krzemionkowskim Spotkaniom z Epok\u0105 Kamienia z projektem <em>Cz\u0142owiek i \u017belazo w pierwszych wiekach naszej ery<\/em> realizowanym przez \u015awi\u0119tokrzyskie Stowarzyszenie Dziedzictwa Przemys\u0142owego. Formu\u0142a festiwalu s\u0142u\u017cy konfrontacji dorobku ludno\u015bci zamieszkuj\u0105cej okolice Ostrowca w r\u00f3\u017cnych epokach: kamienia, br\u0105zu i \u017celaza.<\/p>\n\n\n\n<p>Podr\u00f3\u017c w czasie umo\u017cliwiaj\u0105 rekonstruktorzy z ca\u0142ej Polski, ale te\u017c z zagranicy, m.in. z Czech i Ukrainy. Poza warsztatami i\u00a0spotkaniami z publiczno\u015bci\u0105 w obozach i na poszczeg\u00f3lnych stanowiskach rekonstrukcyjnych w programie znajduj\u0105 si\u0119 gremialne prezentacje, m.in.: pokaz mody prehistorycznej i\u00a0antycznej, walk gladiatorskich, rzymskiej rywalizacji sportowej czy symulowanych star\u0107 pomi\u0119dzy barbarzy\u0144cami a Rzymianami. Na szczeg\u00f3ln\u0105 uwag\u0119 zas\u0142uguj\u0105 pokazy pracy i\u00a0spektakularnej rozbi\u00f3rki piec\u00f3w s\u0142u\u017c\u0105cych uzyskiwaniu \u017celaza oraz obkuwanie dymarskiego \u017celaza i jego kszta\u0142towanie na stanowisku kowalskim. Niezwykle widowiskowy jest r\u00f3wnie\u017c bursztynowy fireshow.<\/p>\n\n\n\n<p>Szczeg\u00f3\u0142owy program wydarzenia dost\u0119pny jest na <a href=\"https:\/\/muzeumostrowiec.pl\/wydarzenia-2024-w-krzemionki\/\">stronie internetowej<\/a> Organizatora.<\/p>\n\n\n\n<p>Przybywajcie! \u2013 16, 17 i 18 sierpnia 2024 r. \u2013 Muzeum Archeologiczne i Rezerwat Krzemionki!<\/p>\n<\/div>\n\n\n\n<div class=\"wp-block-column is-layout-flow wp-block-column-is-layout-flow\">\n<figure class=\"wp-block-image aligncenter size-large is-resized\"><a href=\"https:\/\/nid.pl\/wp-content\/uploads\/2024\/08\/Patronat-Ostrowiecki-Festiwal-Kultury-Prehistorycznej-i-Antycznej-2024.png\"><img loading=\"lazy\" decoding=\"async\" width=\"731\" height=\"1024\" src=\"https:\/\/nid.pl\/wp-content\/uploads\/2024\/08\/Patronat-Ostrowiecki-Festiwal-Kultury-Prehistorycznej-i-Antycznej-2024-731x1024.png\" alt=\"\" class=\"wp-image-21181\" style=\"width:329px;height:auto\"\/><\/a><figcaption class=\"wp-element-caption\">Kliknij aby powi\u0119kszy\u0107<\/figcaption><\/figure>\n<\/div>\n<\/div>\n\n\n\n<p><\/p>\n\n\n\n<p><\/p>\n\n\n\n<p><\/p>","protected":false},"excerpt":{"rendered":"<p>Przed nami pokazy archeologii eksperymentalnej, happeningi, warsztaty edukacyjne i inscenizacje. Wraz z Muzeum Archeologicznym i Rezerwatem Krzemionki zapraszamy na podr\u00f3\u017c w czasie! W dniach 16 &#8211; 18 sierpnia odb\u0119dzie si\u0119 [&hellip;]<\/p>","protected":false},"author":7,"featured_media":21188,"comment_status":"closed","ping_status":"closed","sticky":false,"template":"","format":"standard","meta":{"_et_pb_use_builder":"off","_et_pb_old_content":"","_et_gb_content_width":"","_monsterinsights_skip_tracking":false,"_monsterinsights_sitenote_active":false,"_monsterinsights_sitenote_note":"","_monsterinsights_sitenote_category":0,"footnotes":""},"categories":[28],"tags":[],"class_list":["post-21175","post","type-post","status-publish","format-standard","has-post-thumbnail","hentry","category-patronaty"],"yoast_head":"<!-- This site is optimized with the Yoast SEO plugin v26.5 - https:\/\/yoast.com\/wordpress\/plugins\/seo\/ -->\n<title>Ostrowiecki Festiwal Kultury Prehistorycznej i Antycznej - NID<\/title>\n<meta name=\"robots\" content=\"index, follow, max-snippet:-1, max-image-preview:large, max-video-preview:-1\" \/>\n<link rel=\"canonical\" href=\"https:\/\/nid.pl\/en\/2024\/08\/09\/ofkpia-2024\/\" \/>\n<meta property=\"og:locale\" content=\"en_GB\" \/>\n<meta property=\"og:type\" content=\"article\" \/>\n<meta property=\"og:title\" content=\"Ostrowiecki Festiwal Kultury Prehistorycznej i Antycznej - NID\" \/>\n<meta property=\"og:description\" content=\"Przed nami pokazy archeologii eksperymentalnej, happeningi, warsztaty edukacyjne i inscenizacje. Wraz z Muzeum Archeologicznym i Rezerwatem Krzemionki zapraszamy na podr\u00f3\u017c w czasie! W dniach 16 &#8211; 18 sierpnia odb\u0119dzie si\u0119 [&hellip;]\" \/>\n<meta property=\"og:url\" content=\"https:\/\/nid.pl\/en\/2024\/08\/09\/ofkpia-2024\/\" \/>\n<meta property=\"og:site_name\" content=\"NID\" \/>\n<meta property=\"article:publisher\" content=\"https:\/\/www.facebook.com\/zabytek\" \/>\n<meta property=\"article:published_time\" content=\"2024-08-09T09:26:18+00:00\" \/>\n<meta property=\"article:modified_time\" content=\"2024-08-09T09:44:51+00:00\" \/>\n<meta property=\"og:image\" content=\"https:\/\/nid.pl\/wp-content\/uploads\/2024\/08\/Patronaty-NID-dobre.jpg\" \/>\n\t<meta property=\"og:image:width\" content=\"1400\" \/>\n\t<meta property=\"og:image:height\" content=\"875\" \/>\n\t<meta property=\"og:image:type\" content=\"image\/jpeg\" \/>\n<meta name=\"author\" content=\"Barbara Halliop\" \/>\n<meta name=\"twitter:card\" content=\"summary_large_image\" \/>\n<meta name=\"twitter:creator\" content=\"@NarIDpl\" \/>\n<meta name=\"twitter:site\" content=\"@NarIDpl\" \/>\n<meta name=\"twitter:label1\" content=\"Written by\" \/>\n\t<meta name=\"twitter:data1\" content=\"Barbara Halliop\" \/>\n\t<meta name=\"twitter:label2\" content=\"Estimated reading time\" \/>\n\t<meta name=\"twitter:data2\" content=\"2 minutes\" \/>\n<script type=\"application\/ld+json\" class=\"yoast-schema-graph\">{\"@context\":\"https:\/\/schema.org\",\"@graph\":[{\"@type\":\"Article\",\"@id\":\"https:\/\/nid.pl\/2024\/08\/09\/ofkpia-2024\/#article\",\"isPartOf\":{\"@id\":\"https:\/\/nid.pl\/2024\/08\/09\/ofkpia-2024\/\"},\"author\":{\"name\":\"Barbara Halliop\",\"@id\":\"https:\/\/nid.pl\/#\/schema\/person\/1b690a8998a5111cfb9f0ffe24195a15\"},\"headline\":\"Ostrowiecki Festiwal Kultury Prehistorycznej i Antycznej\",\"datePublished\":\"2024-08-09T09:26:18+00:00\",\"dateModified\":\"2024-08-09T09:44:51+00:00\",\"mainEntityOfPage\":{\"@id\":\"https:\/\/nid.pl\/2024\/08\/09\/ofkpia-2024\/\"},\"wordCount\":226,\"publisher\":{\"@id\":\"https:\/\/nid.pl\/#organization\"},\"image\":{\"@id\":\"https:\/\/nid.pl\/2024\/08\/09\/ofkpia-2024\/#primaryimage\"},\"thumbnailUrl\":\"https:\/\/nid.pl\/wp-content\/uploads\/2024\/08\/Patronaty-NID-dobre.jpg\",\"articleSection\":[\"Patronaty\"],\"inLanguage\":\"en-GB\"},{\"@type\":\"WebPage\",\"@id\":\"https:\/\/nid.pl\/2024\/08\/09\/ofkpia-2024\/\",\"url\":\"https:\/\/nid.pl\/2024\/08\/09\/ofkpia-2024\/\",\"name\":\"Ostrowiecki Festiwal Kultury Prehistorycznej i Antycznej - NID\",\"isPartOf\":{\"@id\":\"https:\/\/nid.pl\/#website\"},\"primaryImageOfPage\":{\"@id\":\"https:\/\/nid.pl\/2024\/08\/09\/ofkpia-2024\/#primaryimage\"},\"image\":{\"@id\":\"https:\/\/nid.pl\/2024\/08\/09\/ofkpia-2024\/#primaryimage\"},\"thumbnailUrl\":\"https:\/\/nid.pl\/wp-content\/uploads\/2024\/08\/Patronaty-NID-dobre.jpg\",\"datePublished\":\"2024-08-09T09:26:18+00:00\",\"dateModified\":\"2024-08-09T09:44:51+00:00\",\"breadcrumb\":{\"@id\":\"https:\/\/nid.pl\/2024\/08\/09\/ofkpia-2024\/#breadcrumb\"},\"inLanguage\":\"en-GB\",\"potentialAction\":[{\"@type\":\"ReadAction\",\"target\":[\"https:\/\/nid.pl\/2024\/08\/09\/ofkpia-2024\/\"]}]},{\"@type\":\"ImageObject\",\"inLanguage\":\"en-GB\",\"@id\":\"https:\/\/nid.pl\/2024\/08\/09\/ofkpia-2024\/#primaryimage\",\"url\":\"https:\/\/nid.pl\/wp-content\/uploads\/2024\/08\/Patronaty-NID-dobre.jpg\",\"contentUrl\":\"https:\/\/nid.pl\/wp-content\/uploads\/2024\/08\/Patronaty-NID-dobre.jpg\",\"width\":1400,\"height\":875,\"caption\":\"Ostrowiecki Festiwal Kultury Prehistorycznej i Antycznej\"},{\"@type\":\"BreadcrumbList\",\"@id\":\"https:\/\/nid.pl\/2024\/08\/09\/ofkpia-2024\/#breadcrumb\",\"itemListElement\":[{\"@type\":\"ListItem\",\"position\":1,\"name\":\"Home\",\"item\":\"https:\/\/nid.pl\/\"},{\"@type\":\"ListItem\",\"position\":2,\"name\":\"Ostrowiecki Festiwal Kultury Prehistorycznej i Antycznej\"}]},{\"@type\":\"WebSite\",\"@id\":\"https:\/\/nid.pl\/#website\",\"url\":\"https:\/\/nid.pl\/\",\"name\":\"NID\",\"description\":\"Narodowy Instytut Dziedzictwa\",\"publisher\":{\"@id\":\"https:\/\/nid.pl\/#organization\"},\"potentialAction\":[{\"@type\":\"SearchAction\",\"target\":{\"@type\":\"EntryPoint\",\"urlTemplate\":\"https:\/\/nid.pl\/?s={search_term_string}\"},\"query-input\":{\"@type\":\"PropertyValueSpecification\",\"valueRequired\":true,\"valueName\":\"search_term_string\"}}],\"inLanguage\":\"en-GB\"},{\"@type\":\"Organization\",\"@id\":\"https:\/\/nid.pl\/#organization\",\"name\":\"Narodowy Instytut Dziedzictwa\",\"url\":\"https:\/\/nid.pl\/\",\"logo\":{\"@type\":\"ImageObject\",\"inLanguage\":\"en-GB\",\"@id\":\"https:\/\/nid.pl\/#\/schema\/logo\/image\/\",\"url\":\"https:\/\/nid.pl\/wp-content\/uploads\/2022\/10\/logoRedDark.png\",\"contentUrl\":\"https:\/\/nid.pl\/wp-content\/uploads\/2022\/10\/logoRedDark.png\",\"width\":200,\"height\":197,\"caption\":\"Narodowy Instytut Dziedzictwa\"},\"image\":{\"@id\":\"https:\/\/nid.pl\/#\/schema\/logo\/image\/\"},\"sameAs\":[\"https:\/\/www.facebook.com\/zabytek\",\"https:\/\/x.com\/NarIDpl\",\"https:\/\/www.instagram.com\/nid.pl\/?hl=pl\",\"https:\/\/www.linkedin.com\/company\/narodowy-instytut-dziedzictwa\",\"https:\/\/www.youtube.com\/channel\/UCQXuhKa2uHtmNvLRUSx40JA\"]},{\"@type\":\"Person\",\"@id\":\"https:\/\/nid.pl\/#\/schema\/person\/1b690a8998a5111cfb9f0ffe24195a15\",\"name\":\"Barbara Halliop\",\"image\":{\"@type\":\"ImageObject\",\"inLanguage\":\"en-GB\",\"@id\":\"https:\/\/nid.pl\/#\/schema\/person\/image\/\",\"url\":\"https:\/\/nid.pl\/wp-content\/litespeed\/avatar\/924046d17dd0c842c9fa9ccf489bc6dc.jpg?ver=1777444967\",\"contentUrl\":\"https:\/\/nid.pl\/wp-content\/litespeed\/avatar\/924046d17dd0c842c9fa9ccf489bc6dc.jpg?ver=1777444967\",\"caption\":\"Barbara Halliop\"},\"url\":\"https:\/\/nid.pl\/en\/author\/bhalliop\/\"}]}<\/script>\n<!-- \/ Yoast SEO plugin. -->","yoast_head_json":{"title":"Ostrowiecki Festiwal Kultury Prehistorycznej i Antycznej - NID","robots":{"index":"index","follow":"follow","max-snippet":"max-snippet:-1","max-image-preview":"max-image-preview:large","max-video-preview":"max-video-preview:-1"},"canonical":"https:\/\/nid.pl\/en\/2024\/08\/09\/ofkpia-2024\/","og_locale":"en_GB","og_type":"article","og_title":"Ostrowiecki Festiwal Kultury Prehistorycznej i Antycznej - NID","og_description":"Przed nami pokazy archeologii eksperymentalnej, happeningi, warsztaty edukacyjne i inscenizacje. Wraz z Muzeum Archeologicznym i Rezerwatem Krzemionki zapraszamy na podr\u00f3\u017c w czasie! W dniach 16 &#8211; 18 sierpnia odb\u0119dzie si\u0119 [&hellip;]","og_url":"https:\/\/nid.pl\/en\/2024\/08\/09\/ofkpia-2024\/","og_site_name":"NID","article_publisher":"https:\/\/www.facebook.com\/zabytek","article_published_time":"2024-08-09T09:26:18+00:00","article_modified_time":"2024-08-09T09:44:51+00:00","og_image":[{"width":1400,"height":875,"url":"https:\/\/nid.pl\/wp-content\/uploads\/2024\/08\/Patronaty-NID-dobre.jpg","type":"image\/jpeg"}],"author":"Barbara Halliop","twitter_card":"summary_large_image","twitter_creator":"@NarIDpl","twitter_site":"@NarIDpl","twitter_misc":{"Written by":"Barbara Halliop","Estimated reading time":"2 minutes"},"schema":{"@context":"https:\/\/schema.org","@graph":[{"@type":"Article","@id":"https:\/\/nid.pl\/2024\/08\/09\/ofkpia-2024\/#article","isPartOf":{"@id":"https:\/\/nid.pl\/2024\/08\/09\/ofkpia-2024\/"},"author":{"name":"Barbara Halliop","@id":"https:\/\/nid.pl\/#\/schema\/person\/1b690a8998a5111cfb9f0ffe24195a15"},"headline":"Ostrowiecki Festiwal Kultury Prehistorycznej i Antycznej","datePublished":"2024-08-09T09:26:18+00:00","dateModified":"2024-08-09T09:44:51+00:00","mainEntityOfPage":{"@id":"https:\/\/nid.pl\/2024\/08\/09\/ofkpia-2024\/"},"wordCount":226,"publisher":{"@id":"https:\/\/nid.pl\/#organization"},"image":{"@id":"https:\/\/nid.pl\/2024\/08\/09\/ofkpia-2024\/#primaryimage"},"thumbnailUrl":"https:\/\/nid.pl\/wp-content\/uploads\/2024\/08\/Patronaty-NID-dobre.jpg","articleSection":["Patronaty"],"inLanguage":"en-GB"},{"@type":"WebPage","@id":"https:\/\/nid.pl\/2024\/08\/09\/ofkpia-2024\/","url":"https:\/\/nid.pl\/2024\/08\/09\/ofkpia-2024\/","name":"Ostrowiecki Festiwal Kultury Prehistorycznej i Antycznej - NID","isPartOf":{"@id":"https:\/\/nid.pl\/#website"},"primaryImageOfPage":{"@id":"https:\/\/nid.pl\/2024\/08\/09\/ofkpia-2024\/#primaryimage"},"image":{"@id":"https:\/\/nid.pl\/2024\/08\/09\/ofkpia-2024\/#primaryimage"},"thumbnailUrl":"https:\/\/nid.pl\/wp-content\/uploads\/2024\/08\/Patronaty-NID-dobre.jpg","datePublished":"2024-08-09T09:26:18+00:00","dateModified":"2024-08-09T09:44:51+00:00","breadcrumb":{"@id":"https:\/\/nid.pl\/2024\/08\/09\/ofkpia-2024\/#breadcrumb"},"inLanguage":"en-GB","potentialAction":[{"@type":"ReadAction","target":["https:\/\/nid.pl\/2024\/08\/09\/ofkpia-2024\/"]}]},{"@type":"ImageObject","inLanguage":"en-GB","@id":"https:\/\/nid.pl\/2024\/08\/09\/ofkpia-2024\/#primaryimage","url":"https:\/\/nid.pl\/wp-content\/uploads\/2024\/08\/Patronaty-NID-dobre.jpg","contentUrl":"https:\/\/nid.pl\/wp-content\/uploads\/2024\/08\/Patronaty-NID-dobre.jpg","width":1400,"height":875,"caption":"Ostrowiecki Festiwal Kultury Prehistorycznej i Antycznej"},{"@type":"BreadcrumbList","@id":"https:\/\/nid.pl\/2024\/08\/09\/ofkpia-2024\/#breadcrumb","itemListElement":[{"@type":"ListItem","position":1,"name":"Home","item":"https:\/\/nid.pl\/"},{"@type":"ListItem","position":2,"name":"Ostrowiecki Festiwal Kultury Prehistorycznej i Antycznej"}]},{"@type":"WebSite","@id":"https:\/\/nid.pl\/#website","url":"https:\/\/nid.pl\/","name":"NID","description":"Narodowy Instytut Dziedzictwa","publisher":{"@id":"https:\/\/nid.pl\/#organization"},"potentialAction":[{"@type":"SearchAction","target":{"@type":"EntryPoint","urlTemplate":"https:\/\/nid.pl\/?s={search_term_string}"},"query-input":{"@type":"PropertyValueSpecification","valueRequired":true,"valueName":"search_term_string"}}],"inLanguage":"en-GB"},{"@type":"Organization","@id":"https:\/\/nid.pl\/#organization","name":"Narodowy Instytut Dziedzictwa","url":"https:\/\/nid.pl\/","logo":{"@type":"ImageObject","inLanguage":"en-GB","@id":"https:\/\/nid.pl\/#\/schema\/logo\/image\/","url":"https:\/\/nid.pl\/wp-content\/uploads\/2022\/10\/logoRedDark.png","contentUrl":"https:\/\/nid.pl\/wp-content\/uploads\/2022\/10\/logoRedDark.png","width":200,"height":197,"caption":"Narodowy Instytut Dziedzictwa"},"image":{"@id":"https:\/\/nid.pl\/#\/schema\/logo\/image\/"},"sameAs":["https:\/\/www.facebook.com\/zabytek","https:\/\/x.com\/NarIDpl","https:\/\/www.instagram.com\/nid.pl\/?hl=pl","https:\/\/www.linkedin.com\/company\/narodowy-instytut-dziedzictwa","https:\/\/www.youtube.com\/channel\/UCQXuhKa2uHtmNvLRUSx40JA"]},{"@type":"Person","@id":"https:\/\/nid.pl\/#\/schema\/person\/1b690a8998a5111cfb9f0ffe24195a15","name":"Barbara Halliop","image":{"@type":"ImageObject","inLanguage":"en-GB","@id":"https:\/\/nid.pl\/#\/schema\/person\/image\/","url":"https:\/\/nid.pl\/wp-content\/litespeed\/avatar\/924046d17dd0c842c9fa9ccf489bc6dc.jpg?ver=1777444967","contentUrl":"https:\/\/nid.pl\/wp-content\/litespeed\/avatar\/924046d17dd0c842c9fa9ccf489bc6dc.jpg?ver=1777444967","caption":"Barbara Halliop"},"url":"https:\/\/nid.pl\/en\/author\/bhalliop\/"}]}},"_links":{"self":[{"href":"https:\/\/nid.pl\/en\/wp-json\/wp\/v2\/posts\/21175","targetHints":{"allow":["GET"]}}],"collection":[{"href":"https:\/\/nid.pl\/en\/wp-json\/wp\/v2\/posts"}],"about":[{"href":"https:\/\/nid.pl\/en\/wp-json\/wp\/v2\/types\/post"}],"author":[{"embeddable":true,"href":"https:\/\/nid.pl\/en\/wp-json\/wp\/v2\/users\/7"}],"replies":[{"embeddable":true,"href":"https:\/\/nid.pl\/en\/wp-json\/wp\/v2\/comments?post=21175"}],"version-history":[{"count":0,"href":"https:\/\/nid.pl\/en\/wp-json\/wp\/v2\/posts\/21175\/revisions"}],"wp:featuredmedia":[{"embeddable":true,"href":"https:\/\/nid.pl\/en\/wp-json\/wp\/v2\/media\/21188"}],"wp:attachment":[{"href":"https:\/\/nid.pl\/en\/wp-json\/wp\/v2\/media?parent=21175"}],"wp:term":[{"taxonomy":"category","embeddable":true,"href":"https:\/\/nid.pl\/en\/wp-json\/wp\/v2\/categories?post=21175"},{"taxonomy":"post_tag","embeddable":true,"href":"https:\/\/nid.pl\/en\/wp-json\/wp\/v2\/tags?post=21175"}],"curies":[{"name":"wp","href":"https:\/\/api.w.org\/{rel}","templated":true}]}}