{"id":21006,"date":"2024-08-06T11:04:17","date_gmt":"2024-08-06T09:04:17","guid":{"rendered":"https:\/\/nid.pl\/?p=21006"},"modified":"2024-08-06T11:11:19","modified_gmt":"2024-08-06T09:11:19","slug":"barok-na-spiszu-niedzica-2024","status":"publish","type":"post","link":"https:\/\/nid.pl\/en\/2024\/08\/06\/barok-na-spiszu-niedzica-2024\/","title":{"rendered":"XII festiwal \u201eBarok na Spiszu&#8221; Niedzica 2024"},"content":{"rendered":"<p><strong>Ambitny program, premiery przygotowane specjalnie dla Festiwalu, promocja kultury polskiej, wsp\u00f3\u0142praca z muzykologami w celu aktywnego poszukiwania wartych propagowania dzie\u0142 epoki baroku &#8211; jeszcze nie odkrytych b\u0105d\u017a spoczywaj\u0105cych dot\u0105d w archiwach, promocja zabytk\u00f3w architektury \u2013 to oblicze festiwalu Barok na Spiszu, wydarzenia niezwykle cenionego zar\u00f3wno w \u015brodowisku muzycznym, jak i w\u015br\u00f3d mieszka\u0144c\u00f3w regionu. Tytu\u0142 tegorocznego Festiwalu odb\u0119dzie si\u0119 pod has\u0142em \u201eMuzyczne ekstrawagancje\u201d. Dwunasta edycja nad kt\u00f3r\u0105 patronat obj\u0105\u0142 Narodowy Instytut Dziedzictwa, odb\u0119dzie si\u0119 w dniach 15 \u2013 24 sierpnia 2024 roku w polskich miastach i miasteczkach malowniczego Spisza.<\/strong><\/p>\n\n\n\n<p>Festiwal <strong>Barok na Spiszu<\/strong> odbywa si\u0119 w niezwykle ciekawych historycznie i przyrodniczo miejscach, wartych odwiedzenia szczeg\u00f3lnie latem. Wystr\u00f3j ko\u015bcio\u0142\u00f3w w Niedzicy, \u0141apszach Ni\u017cnych, \u0141apszach Wy\u017cnych, Kacwinie, Frydmanie, Krempachach, Trybszu, Nowej Bia\u0142ej i Jurgowie, to prawdziwe barokowe pere\u0142ki, w kt\u00f3rych co roku rozbrzmiewa muzyka barokowa w najlepszych wykonaniach.<\/p>\n\n\n\n<p>W tym roku po raz pierwszy Festiwal zago\u015bci na Orawie w przepi\u0119knym drewnianym ko\u015bciele \u015bw. Jana Chrzciciela w Orawce, w kt\u00f3rym znajduj\u0105 si\u0119 wyj\u0105tkowe zabytkowe organy z 1670 roku. Zagra na nich i opowie o i ich historii Ma\u0142gorzata Trzaskalik-Wyrwa &#8211; organistka, wyk\u0142adowczyni i kierownik Zespo\u0142u Zadaniowego ds. organ\u00f3w historycznych w Narodowym Instytucie Dziedzictwa. Koncert zorganizowany zostanie dzi\u0119ki wsp\u00f3\u0142pracy w Parafi\u0105 orawcza\u0144sk\u0105 i zaanga\u017cowaniu Proboszcza, Ksi\u0119dza Wojciecha Mozdyniewicza. Na ten koncert, b\u0119d\u0105cy prologiem festiwalu Organizatorzy zapraszaj\u0105 15 sierpnia.<\/p>\n\n\n\n<p>Kolejnego dnia &#8211; 16 sierpnia, Festiwal rozpocznie si\u0119 w Jurgowie koncertem \u201eAnio\u0142y zza klasztornej kraty\u201d, podczas kt\u00f3rego zesp\u00f3\u0142 Donne Armoniche wraz ze Scepus Baroque w sk\u0142adzie \u017ce\u0144skim wykonaj\u0105 niezwykle rzadko prezentowane utwory barokowych w\u0142oskich i polskich kompozytorek zakonnych. Kolejny wiecz\u00f3r b\u0119dzie po\u015bwi\u0119cony violi da gamba. 17 sierpnia w uroczym ko\u015bciele \u015bw. Walentego w Krempachach uczestnicy zanurz\u0105 si\u0119 w sam\u0105 g\u0142\u0119bi\u0119 pi\u0119kna zabytkowego obiektu podczas koncertu duetu gambowego Justyny i Piotra M\u0142ynarczyk\u00f3w.<\/p>\n\n\n\n<p>Drugi tydzie\u0144 festiwalowy to energia i rytm. 22 sierpnia w ko\u015bciele \u015bw. Bart\u0142omieja w&nbsp;Niedzicy wyst\u0105pi zesp\u00f3\u0142 Tubicinatores Gedanenses z Gda\u0144ska z repertuarzem hejnalist\u00f3w i piszczk\u00f3w wie\u017cowych. Na fina\u0142 Festiwalu Organizatorzy zapraszaj\u0105 do Frydmana, gdzie 24 sierpnia zesp\u00f3\u0142 Cornu Copiae (R\u00f3g Obfito\u015bci) porwie nas w obj\u0119cia rytmu.<\/p>\n\n\n\n<p>Tradycyjnie przed ka\u017cdym koncertem odb\u0119dzie si\u0119 zwiedzanie ko\u015bcio\u0142a z miejscowymi przewodnikami, a w tajniki poszczeg\u00f3lnych program\u00f3w tradycyjnie wprowadz\u0105 mini-wyk\u0142ady, kt\u00f3re pos\u0142u\u017c\u0105 publiczno\u015bci niczym dobry przewodnik na szlaku.<\/p>\n\n\n\n<p>Zapowiada si\u0119 zatem wspania\u0142a przygoda muzyczno-historyczno-krajoznawcza, festiwalowe wieczory z pewno\u015bci\u0105 pozostawi\u0105 pi\u0119kne wspomnienia.<\/p>\n\n\n\n<p>Festiwal odbywa si\u0119 dzi\u0119ki wsparciu i wsp\u00f3\u0142organizacji nast\u0119puj\u0105cych podmiot\u00f3w: Wojew\u00f3dztwo Ma\u0142opolskie, Powiat Nowotarski, ZEW Niedzica SA, Bank Sp\u00f3\u0142dzielczy Karpatia, Jurg\u00f3w Ski, Kotelnica Bia\u0142cza\u0144ska, Orle Gniazdo, Muzeum-Zamek w Niedzicy, Stowarzyszenie Historyk\u00f3w Sztuki, Wydawnictwo Astraia oraz Gmina \u0141apsze Ni\u017cne i Gminny O\u015brodek Kultury w&nbsp;Niedzicy.<\/p>\n\n\n\n<p><strong>Download<\/strong> <a href=\"https:\/\/nid.pl\/wp-content\/uploads\/2024\/08\/Patronaty-NID-program-BnS-2024.pdf\">Program festiwalu Barok na Spisz<\/a><a href=\"https:\/\/nid.pl\/wp-content\/uploads\/2024\/08\/Patronaty-NID-program-BnS-2024.pdf\" target=\"_blank\" rel=\"noreferrer noopener\">u<\/a><\/p>\n\n\n\n<p>Patronat honorowy nad festiwalem obj\u0119li:<\/p>\n\n\n\n<ul class=\"wp-block-list\">\n<li>Ministerstwo Kultury i Dziedzictwa Narodowego,<\/li>\n\n\n\n<li>Narodowy Instytut Dziedzictwa,<\/li>\n\n\n\n<li>\u0141ukasz Sm\u00f3\u0142ka \u2013 Marsza\u0142ek Wojew\u00f3dztwa Ma\u0142opolskiego,<\/li>\n\n\n\n<li>Tomasz Hamerski \u2013 Starosta Powiatu Nowotarskiego,<\/li>\n\n\n\n<li>Grzegorz Biedro\u0144 \u2013 Prezes Ma\u0142opolskiej Organizacji Turystycznej.<\/li>\n<\/ul>\n\n\n\n<figure class=\"wp-block-image aligncenter size-large is-resized\"><a href=\"https:\/\/nid.pl\/wp-content\/uploads\/2024\/08\/Patronat-NID-plakat-Barok-na-Spiszu-scaled.jpg\"><img loading=\"lazy\" decoding=\"async\" width=\"724\" height=\"1024\" src=\"https:\/\/nid.pl\/wp-content\/uploads\/2024\/08\/plakat-A-BnS-2024-m-724x1024.jpg\" alt=\"\" class=\"wp-image-21009\" style=\"width:518px;height:auto\"\/><\/a><figcaption class=\"wp-element-caption\">Kliknij aby powi\u0119kszy\u0107<\/figcaption><\/figure>\n\n\n\n<p><\/p>\n\n\n\n<p>Zapraszamy na barokowy Spisz!<\/p>\n\n\n\n<p><\/p>","protected":false},"excerpt":{"rendered":"<p>Ambitny program, premiery przygotowane specjalnie dla Festiwalu, promocja kultury polskiej, wsp\u00f3\u0142praca z muzykologami w celu aktywnego poszukiwania wartych propagowania dzie\u0142 epoki baroku &#8211; jeszcze nie odkrytych b\u0105d\u017a spoczywaj\u0105cych dot\u0105d w [&hellip;]<\/p>","protected":false},"author":7,"featured_media":21011,"comment_status":"closed","ping_status":"closed","sticky":false,"template":"","format":"standard","meta":{"_et_pb_use_builder":"off","_et_pb_old_content":"","_et_gb_content_width":"","_monsterinsights_skip_tracking":false,"_monsterinsights_sitenote_active":false,"_monsterinsights_sitenote_note":"","_monsterinsights_sitenote_category":0,"footnotes":""},"categories":[28],"tags":[],"class_list":["post-21006","post","type-post","status-publish","format-standard","has-post-thumbnail","hentry","category-patronaty"],"yoast_head":"<!-- This site is optimized with the Yoast SEO plugin v26.5 - https:\/\/yoast.com\/wordpress\/plugins\/seo\/ -->\n<title>XII festiwal \u201eBarok na Spiszu&quot; Niedzica 2024 - NID<\/title>\n<meta name=\"robots\" content=\"index, follow, max-snippet:-1, max-image-preview:large, max-video-preview:-1\" \/>\n<link rel=\"canonical\" href=\"https:\/\/nid.pl\/en\/2024\/08\/06\/barok-na-spiszu-niedzica-2024\/\" \/>\n<meta property=\"og:locale\" content=\"en_GB\" \/>\n<meta property=\"og:type\" content=\"article\" \/>\n<meta property=\"og:title\" content=\"XII festiwal \u201eBarok na Spiszu&quot; Niedzica 2024 - NID\" \/>\n<meta property=\"og:description\" content=\"Ambitny program, premiery przygotowane specjalnie dla Festiwalu, promocja kultury polskiej, wsp\u00f3\u0142praca z muzykologami w celu aktywnego poszukiwania wartych propagowania dzie\u0142 epoki baroku &#8211; jeszcze nie odkrytych b\u0105d\u017a spoczywaj\u0105cych dot\u0105d w [&hellip;]\" \/>\n<meta property=\"og:url\" content=\"https:\/\/nid.pl\/en\/2024\/08\/06\/barok-na-spiszu-niedzica-2024\/\" \/>\n<meta property=\"og:site_name\" content=\"NID\" \/>\n<meta property=\"article:publisher\" content=\"https:\/\/www.facebook.com\/zabytek\" \/>\n<meta property=\"article:published_time\" content=\"2024-08-06T09:04:17+00:00\" \/>\n<meta property=\"article:modified_time\" content=\"2024-08-06T09:11:19+00:00\" \/>\n<meta property=\"og:image\" content=\"https:\/\/nid.pl\/wp-content\/uploads\/2024\/08\/Patronaty-NID-Barok-na-Spiszu.jpg\" \/>\n\t<meta property=\"og:image:width\" content=\"1400\" \/>\n\t<meta property=\"og:image:height\" content=\"875\" \/>\n\t<meta property=\"og:image:type\" content=\"image\/jpeg\" \/>\n<meta name=\"author\" content=\"Barbara Halliop\" \/>\n<meta name=\"twitter:card\" content=\"summary_large_image\" \/>\n<meta name=\"twitter:creator\" content=\"@NarIDpl\" \/>\n<meta name=\"twitter:site\" content=\"@NarIDpl\" \/>\n<meta name=\"twitter:label1\" content=\"Written by\" \/>\n\t<meta name=\"twitter:data1\" content=\"Barbara Halliop\" \/>\n\t<meta name=\"twitter:label2\" content=\"Estimated reading time\" \/>\n\t<meta name=\"twitter:data2\" content=\"4 minutes\" \/>\n<script type=\"application\/ld+json\" class=\"yoast-schema-graph\">{\"@context\":\"https:\/\/schema.org\",\"@graph\":[{\"@type\":\"Article\",\"@id\":\"https:\/\/nid.pl\/2024\/08\/06\/barok-na-spiszu-niedzica-2024\/#article\",\"isPartOf\":{\"@id\":\"https:\/\/nid.pl\/2024\/08\/06\/barok-na-spiszu-niedzica-2024\/\"},\"author\":{\"name\":\"Barbara Halliop\",\"@id\":\"https:\/\/nid.pl\/#\/schema\/person\/1b690a8998a5111cfb9f0ffe24195a15\"},\"headline\":\"XII festiwal \u201eBarok na Spiszu&#8221; Niedzica 2024\",\"datePublished\":\"2024-08-06T09:04:17+00:00\",\"dateModified\":\"2024-08-06T09:11:19+00:00\",\"mainEntityOfPage\":{\"@id\":\"https:\/\/nid.pl\/2024\/08\/06\/barok-na-spiszu-niedzica-2024\/\"},\"wordCount\":552,\"publisher\":{\"@id\":\"https:\/\/nid.pl\/#organization\"},\"image\":{\"@id\":\"https:\/\/nid.pl\/2024\/08\/06\/barok-na-spiszu-niedzica-2024\/#primaryimage\"},\"thumbnailUrl\":\"https:\/\/nid.pl\/wp-content\/uploads\/2024\/08\/Patronaty-NID-Barok-na-Spiszu.jpg\",\"articleSection\":[\"Patronaty\"],\"inLanguage\":\"en-GB\"},{\"@type\":\"WebPage\",\"@id\":\"https:\/\/nid.pl\/2024\/08\/06\/barok-na-spiszu-niedzica-2024\/\",\"url\":\"https:\/\/nid.pl\/2024\/08\/06\/barok-na-spiszu-niedzica-2024\/\",\"name\":\"XII festiwal \u201eBarok na Spiszu\\\" Niedzica 2024 - NID\",\"isPartOf\":{\"@id\":\"https:\/\/nid.pl\/#website\"},\"primaryImageOfPage\":{\"@id\":\"https:\/\/nid.pl\/2024\/08\/06\/barok-na-spiszu-niedzica-2024\/#primaryimage\"},\"image\":{\"@id\":\"https:\/\/nid.pl\/2024\/08\/06\/barok-na-spiszu-niedzica-2024\/#primaryimage\"},\"thumbnailUrl\":\"https:\/\/nid.pl\/wp-content\/uploads\/2024\/08\/Patronaty-NID-Barok-na-Spiszu.jpg\",\"datePublished\":\"2024-08-06T09:04:17+00:00\",\"dateModified\":\"2024-08-06T09:11:19+00:00\",\"breadcrumb\":{\"@id\":\"https:\/\/nid.pl\/2024\/08\/06\/barok-na-spiszu-niedzica-2024\/#breadcrumb\"},\"inLanguage\":\"en-GB\",\"potentialAction\":[{\"@type\":\"ReadAction\",\"target\":[\"https:\/\/nid.pl\/2024\/08\/06\/barok-na-spiszu-niedzica-2024\/\"]}]},{\"@type\":\"ImageObject\",\"inLanguage\":\"en-GB\",\"@id\":\"https:\/\/nid.pl\/2024\/08\/06\/barok-na-spiszu-niedzica-2024\/#primaryimage\",\"url\":\"https:\/\/nid.pl\/wp-content\/uploads\/2024\/08\/Patronaty-NID-Barok-na-Spiszu.jpg\",\"contentUrl\":\"https:\/\/nid.pl\/wp-content\/uploads\/2024\/08\/Patronaty-NID-Barok-na-Spiszu.jpg\",\"width\":1400,\"height\":875,\"caption\":\"Zapraszamy na wydarzenie \u201eBarok na Spiszu\\\"\"},{\"@type\":\"BreadcrumbList\",\"@id\":\"https:\/\/nid.pl\/2024\/08\/06\/barok-na-spiszu-niedzica-2024\/#breadcrumb\",\"itemListElement\":[{\"@type\":\"ListItem\",\"position\":1,\"name\":\"Home\",\"item\":\"https:\/\/nid.pl\/\"},{\"@type\":\"ListItem\",\"position\":2,\"name\":\"XII festiwal \u201eBarok na Spiszu&#8221; Niedzica 2024\"}]},{\"@type\":\"WebSite\",\"@id\":\"https:\/\/nid.pl\/#website\",\"url\":\"https:\/\/nid.pl\/\",\"name\":\"NID\",\"description\":\"Narodowy Instytut Dziedzictwa\",\"publisher\":{\"@id\":\"https:\/\/nid.pl\/#organization\"},\"potentialAction\":[{\"@type\":\"SearchAction\",\"target\":{\"@type\":\"EntryPoint\",\"urlTemplate\":\"https:\/\/nid.pl\/?s={search_term_string}\"},\"query-input\":{\"@type\":\"PropertyValueSpecification\",\"valueRequired\":true,\"valueName\":\"search_term_string\"}}],\"inLanguage\":\"en-GB\"},{\"@type\":\"Organization\",\"@id\":\"https:\/\/nid.pl\/#organization\",\"name\":\"Narodowy Instytut Dziedzictwa\",\"url\":\"https:\/\/nid.pl\/\",\"logo\":{\"@type\":\"ImageObject\",\"inLanguage\":\"en-GB\",\"@id\":\"https:\/\/nid.pl\/#\/schema\/logo\/image\/\",\"url\":\"https:\/\/nid.pl\/wp-content\/uploads\/2022\/10\/logoRedDark.png\",\"contentUrl\":\"https:\/\/nid.pl\/wp-content\/uploads\/2022\/10\/logoRedDark.png\",\"width\":200,\"height\":197,\"caption\":\"Narodowy Instytut Dziedzictwa\"},\"image\":{\"@id\":\"https:\/\/nid.pl\/#\/schema\/logo\/image\/\"},\"sameAs\":[\"https:\/\/www.facebook.com\/zabytek\",\"https:\/\/x.com\/NarIDpl\",\"https:\/\/www.instagram.com\/nid.pl\/?hl=pl\",\"https:\/\/www.linkedin.com\/company\/narodowy-instytut-dziedzictwa\",\"https:\/\/www.youtube.com\/channel\/UCQXuhKa2uHtmNvLRUSx40JA\"]},{\"@type\":\"Person\",\"@id\":\"https:\/\/nid.pl\/#\/schema\/person\/1b690a8998a5111cfb9f0ffe24195a15\",\"name\":\"Barbara Halliop\",\"image\":{\"@type\":\"ImageObject\",\"inLanguage\":\"en-GB\",\"@id\":\"https:\/\/nid.pl\/#\/schema\/person\/image\/\",\"url\":\"https:\/\/nid.pl\/wp-content\/litespeed\/avatar\/924046d17dd0c842c9fa9ccf489bc6dc.jpg?ver=1777444967\",\"contentUrl\":\"https:\/\/nid.pl\/wp-content\/litespeed\/avatar\/924046d17dd0c842c9fa9ccf489bc6dc.jpg?ver=1777444967\",\"caption\":\"Barbara Halliop\"},\"url\":\"https:\/\/nid.pl\/en\/author\/bhalliop\/\"}]}<\/script>\n<!-- \/ Yoast SEO plugin. -->","yoast_head_json":{"title":"XII festiwal \u201eBarok na Spiszu\" Niedzica 2024 - NID","robots":{"index":"index","follow":"follow","max-snippet":"max-snippet:-1","max-image-preview":"max-image-preview:large","max-video-preview":"max-video-preview:-1"},"canonical":"https:\/\/nid.pl\/en\/2024\/08\/06\/barok-na-spiszu-niedzica-2024\/","og_locale":"en_GB","og_type":"article","og_title":"XII festiwal \u201eBarok na Spiszu\" Niedzica 2024 - NID","og_description":"Ambitny program, premiery przygotowane specjalnie dla Festiwalu, promocja kultury polskiej, wsp\u00f3\u0142praca z muzykologami w celu aktywnego poszukiwania wartych propagowania dzie\u0142 epoki baroku &#8211; jeszcze nie odkrytych b\u0105d\u017a spoczywaj\u0105cych dot\u0105d w [&hellip;]","og_url":"https:\/\/nid.pl\/en\/2024\/08\/06\/barok-na-spiszu-niedzica-2024\/","og_site_name":"NID","article_publisher":"https:\/\/www.facebook.com\/zabytek","article_published_time":"2024-08-06T09:04:17+00:00","article_modified_time":"2024-08-06T09:11:19+00:00","og_image":[{"width":1400,"height":875,"url":"https:\/\/nid.pl\/wp-content\/uploads\/2024\/08\/Patronaty-NID-Barok-na-Spiszu.jpg","type":"image\/jpeg"}],"author":"Barbara Halliop","twitter_card":"summary_large_image","twitter_creator":"@NarIDpl","twitter_site":"@NarIDpl","twitter_misc":{"Written by":"Barbara Halliop","Estimated reading time":"4 minutes"},"schema":{"@context":"https:\/\/schema.org","@graph":[{"@type":"Article","@id":"https:\/\/nid.pl\/2024\/08\/06\/barok-na-spiszu-niedzica-2024\/#article","isPartOf":{"@id":"https:\/\/nid.pl\/2024\/08\/06\/barok-na-spiszu-niedzica-2024\/"},"author":{"name":"Barbara Halliop","@id":"https:\/\/nid.pl\/#\/schema\/person\/1b690a8998a5111cfb9f0ffe24195a15"},"headline":"XII festiwal \u201eBarok na Spiszu&#8221; Niedzica 2024","datePublished":"2024-08-06T09:04:17+00:00","dateModified":"2024-08-06T09:11:19+00:00","mainEntityOfPage":{"@id":"https:\/\/nid.pl\/2024\/08\/06\/barok-na-spiszu-niedzica-2024\/"},"wordCount":552,"publisher":{"@id":"https:\/\/nid.pl\/#organization"},"image":{"@id":"https:\/\/nid.pl\/2024\/08\/06\/barok-na-spiszu-niedzica-2024\/#primaryimage"},"thumbnailUrl":"https:\/\/nid.pl\/wp-content\/uploads\/2024\/08\/Patronaty-NID-Barok-na-Spiszu.jpg","articleSection":["Patronaty"],"inLanguage":"en-GB"},{"@type":"WebPage","@id":"https:\/\/nid.pl\/2024\/08\/06\/barok-na-spiszu-niedzica-2024\/","url":"https:\/\/nid.pl\/2024\/08\/06\/barok-na-spiszu-niedzica-2024\/","name":"XII festiwal \u201eBarok na Spiszu\" Niedzica 2024 - NID","isPartOf":{"@id":"https:\/\/nid.pl\/#website"},"primaryImageOfPage":{"@id":"https:\/\/nid.pl\/2024\/08\/06\/barok-na-spiszu-niedzica-2024\/#primaryimage"},"image":{"@id":"https:\/\/nid.pl\/2024\/08\/06\/barok-na-spiszu-niedzica-2024\/#primaryimage"},"thumbnailUrl":"https:\/\/nid.pl\/wp-content\/uploads\/2024\/08\/Patronaty-NID-Barok-na-Spiszu.jpg","datePublished":"2024-08-06T09:04:17+00:00","dateModified":"2024-08-06T09:11:19+00:00","breadcrumb":{"@id":"https:\/\/nid.pl\/2024\/08\/06\/barok-na-spiszu-niedzica-2024\/#breadcrumb"},"inLanguage":"en-GB","potentialAction":[{"@type":"ReadAction","target":["https:\/\/nid.pl\/2024\/08\/06\/barok-na-spiszu-niedzica-2024\/"]}]},{"@type":"ImageObject","inLanguage":"en-GB","@id":"https:\/\/nid.pl\/2024\/08\/06\/barok-na-spiszu-niedzica-2024\/#primaryimage","url":"https:\/\/nid.pl\/wp-content\/uploads\/2024\/08\/Patronaty-NID-Barok-na-Spiszu.jpg","contentUrl":"https:\/\/nid.pl\/wp-content\/uploads\/2024\/08\/Patronaty-NID-Barok-na-Spiszu.jpg","width":1400,"height":875,"caption":"Zapraszamy na wydarzenie \u201eBarok na Spiszu\""},{"@type":"BreadcrumbList","@id":"https:\/\/nid.pl\/2024\/08\/06\/barok-na-spiszu-niedzica-2024\/#breadcrumb","itemListElement":[{"@type":"ListItem","position":1,"name":"Home","item":"https:\/\/nid.pl\/"},{"@type":"ListItem","position":2,"name":"XII festiwal \u201eBarok na Spiszu&#8221; Niedzica 2024"}]},{"@type":"WebSite","@id":"https:\/\/nid.pl\/#website","url":"https:\/\/nid.pl\/","name":"NID","description":"Narodowy Instytut Dziedzictwa","publisher":{"@id":"https:\/\/nid.pl\/#organization"},"potentialAction":[{"@type":"SearchAction","target":{"@type":"EntryPoint","urlTemplate":"https:\/\/nid.pl\/?s={search_term_string}"},"query-input":{"@type":"PropertyValueSpecification","valueRequired":true,"valueName":"search_term_string"}}],"inLanguage":"en-GB"},{"@type":"Organization","@id":"https:\/\/nid.pl\/#organization","name":"Narodowy Instytut Dziedzictwa","url":"https:\/\/nid.pl\/","logo":{"@type":"ImageObject","inLanguage":"en-GB","@id":"https:\/\/nid.pl\/#\/schema\/logo\/image\/","url":"https:\/\/nid.pl\/wp-content\/uploads\/2022\/10\/logoRedDark.png","contentUrl":"https:\/\/nid.pl\/wp-content\/uploads\/2022\/10\/logoRedDark.png","width":200,"height":197,"caption":"Narodowy Instytut Dziedzictwa"},"image":{"@id":"https:\/\/nid.pl\/#\/schema\/logo\/image\/"},"sameAs":["https:\/\/www.facebook.com\/zabytek","https:\/\/x.com\/NarIDpl","https:\/\/www.instagram.com\/nid.pl\/?hl=pl","https:\/\/www.linkedin.com\/company\/narodowy-instytut-dziedzictwa","https:\/\/www.youtube.com\/channel\/UCQXuhKa2uHtmNvLRUSx40JA"]},{"@type":"Person","@id":"https:\/\/nid.pl\/#\/schema\/person\/1b690a8998a5111cfb9f0ffe24195a15","name":"Barbara Halliop","image":{"@type":"ImageObject","inLanguage":"en-GB","@id":"https:\/\/nid.pl\/#\/schema\/person\/image\/","url":"https:\/\/nid.pl\/wp-content\/litespeed\/avatar\/924046d17dd0c842c9fa9ccf489bc6dc.jpg?ver=1777444967","contentUrl":"https:\/\/nid.pl\/wp-content\/litespeed\/avatar\/924046d17dd0c842c9fa9ccf489bc6dc.jpg?ver=1777444967","caption":"Barbara Halliop"},"url":"https:\/\/nid.pl\/en\/author\/bhalliop\/"}]}},"_links":{"self":[{"href":"https:\/\/nid.pl\/en\/wp-json\/wp\/v2\/posts\/21006","targetHints":{"allow":["GET"]}}],"collection":[{"href":"https:\/\/nid.pl\/en\/wp-json\/wp\/v2\/posts"}],"about":[{"href":"https:\/\/nid.pl\/en\/wp-json\/wp\/v2\/types\/post"}],"author":[{"embeddable":true,"href":"https:\/\/nid.pl\/en\/wp-json\/wp\/v2\/users\/7"}],"replies":[{"embeddable":true,"href":"https:\/\/nid.pl\/en\/wp-json\/wp\/v2\/comments?post=21006"}],"version-history":[{"count":0,"href":"https:\/\/nid.pl\/en\/wp-json\/wp\/v2\/posts\/21006\/revisions"}],"wp:featuredmedia":[{"embeddable":true,"href":"https:\/\/nid.pl\/en\/wp-json\/wp\/v2\/media\/21011"}],"wp:attachment":[{"href":"https:\/\/nid.pl\/en\/wp-json\/wp\/v2\/media?parent=21006"}],"wp:term":[{"taxonomy":"category","embeddable":true,"href":"https:\/\/nid.pl\/en\/wp-json\/wp\/v2\/categories?post=21006"},{"taxonomy":"post_tag","embeddable":true,"href":"https:\/\/nid.pl\/en\/wp-json\/wp\/v2\/tags?post=21006"}],"curies":[{"name":"wp","href":"https:\/\/api.w.org\/{rel}","templated":true}]}}