{"id":20898,"date":"2024-07-26T15:47:33","date_gmt":"2024-07-26T13:47:33","guid":{"rendered":"https:\/\/nid.pl\/?p=20898"},"modified":"2024-07-26T15:47:34","modified_gmt":"2024-07-26T13:47:34","slug":"mikstacki-odpust-ku-czci-sw-rocha-z-blogoslawienstwem-zwierzat-2","status":"publish","type":"post","link":"https:\/\/nid.pl\/en\/2024\/07\/26\/mikstacki-odpust-ku-czci-sw-rocha-z-blogoslawienstwem-zwierzat-2\/","title":{"rendered":"Mikstacki odpust ku czci \u015bw. Rocha z b\u0142ogos\u0142awie\u0144stwem zwierz\u0105t"},"content":{"rendered":"<p><strong>W dniach 15-16 sierpnia w Diecezjalnym Sanktuarium Mikstacie uroczysto\u015bci odpustowe ku czci \u015bw. Rocha z obrz\u0119dem b\u0142ogos\u0142awie\u0144stwa zwierz\u0105t. Wydarzenie odb\u0119dzie si\u0119 pod patronatem Narodowego Instytutu Dziedzictwa.<\/strong><\/p>\n\n\n\n<p>W Mikstacie, miasteczku po\u0142o\u017conym w Po\u0142udniowej Wielkopolsce, na Wzg\u00f3rzu Cmentarnym w\u015br\u00f3d starych drzew znajduje si\u0119 niewielki, zabytkowy, drewniany ko\u015bci\u00f3\u0142 pw. \u015awi\u0119tego Rocha, wybudowany jako wotum dzi\u0119kczynne za ocalenie mieszka\u0144c\u00f3w w czasie epidemii cholery. Tu nieprzerwanie od ponad trzystu lat odbywaj\u0105 si\u0119 uroczysto\u015bci odpustowe ku czci \u015bw. Rocha po\u0142\u0105czone z obrz\u0119dem b\u0142ogos\u0142awie\u0144stwa zwierz\u0105t. Mieszka\u0144cy miasta wierz\u0105 i t\u0119 wiar\u0119 przekazuj\u0105 kolejnym pokoleniom, \u017ce ich przodkowie dzi\u0119ki wstawiennictwu \u015bw. Rocha zostali ocaleni przed \u015bmierci\u0105 w czasie epidemii.<\/p>\n\n\n\n<p>\u015awi\u0119ty Roch jest patronem ko\u015bcio\u0142a, ale tak\u017ce uwa\u017cany jest za patrona chroni\u0105cego przed chorobami zara\u017aliwymi. Patronuje tak\u017ce pielgrzymom, wi\u0119\u017aniom, aptekarzom, lekarzom weterynarii. Jest opiekunem zwierz\u0105t domowych. Od 2007 roku jest patronem niebieskim miasta Mikstat.<\/p>\n\n\n\n<p>Uroczysto\u015bci odpustowe ku czci \u015bw. Rocha z obrz\u0119dem b\u0142ogos\u0142awie\u0144stwa zwierz\u0105t s\u0105 okazj\u0105 do uczczenie \u015bw. Rocha, kontynuacji i przekazu tradycji odpustowych kolejnym pokoleniom, w czym pomocne s\u0105 organizowane w dniach przedodpustowych spotkania dla m\u0142odych Mikstaczan w Szkole \u015awi\u0119tego Rocha. W tym roku odb\u0119dzie si\u0119 XIII edycja.<\/p>\n\n\n\n<p>Organizowane co roku uroczysto\u015bci s\u0105 okazj\u0105 dla pielgrzym\u00f3w, ale tak\u017ce coraz liczniej przyje\u017cd\u017caj\u0105cych turyst\u00f3w do obejrzenia zapomnianej w innych regionach tradycji. Uroczysto\u015bci odpustowe s\u0105 wa\u017cnym elementem kszta\u0142tuj\u0105cym poczucie to\u017csamo\u015bci lokalnej mieszka\u0144c\u00f3w.<\/p>\n\n\n\n<p>W 2015 roku uroczysto\u015bci odpustowe ku czci \u015bw. Rocha z obrz\u0119dem b\u0142ogos\u0142awie\u0144stwa zwierz\u0105t zosta\u0142y wpisane na Krajow\u0105 List\u0119 niematerialnego dziedzictwa kulturowego.<\/p>\n\n\n\n<p><\/p>\n\n\n\n<p><em>Oprac. Ma\u0142gorzata Strzelec<br>ks. Krzysztof Ordziniak<\/em><\/p>\n\n\n\n<figure class=\"wp-block-image aligncenter size-large is-resized\"><img loading=\"lazy\" decoding=\"async\" width=\"726\" height=\"1024\" src=\"https:\/\/nid.pl\/wp-content\/uploads\/2024\/07\/Mikstat_A3-2024-726x1024.jpg\" alt=\"\" class=\"wp-image-20900\" style=\"width:743px;height:auto\"\/><\/figure>\n\n\n\n<p><\/p>","protected":false},"excerpt":{"rendered":"<p>W dniach 15-16 sierpnia w Diecezjalnym Sanktuarium Mikstacie uroczysto\u015bci odpustowe ku czci \u015bw. Rocha z obrz\u0119dem b\u0142ogos\u0142awie\u0144stwa zwierz\u0105t. Wydarzenie odb\u0119dzie si\u0119 pod patronatem Narodowego Instytutu Dziedzictwa. W Mikstacie, miasteczku po\u0142o\u017conym [&hellip;]<\/p>","protected":false},"author":7,"featured_media":20901,"comment_status":"closed","ping_status":"closed","sticky":false,"template":"","format":"standard","meta":{"_et_pb_use_builder":"off","_et_pb_old_content":"","_et_gb_content_width":"","_monsterinsights_skip_tracking":false,"_monsterinsights_sitenote_active":false,"_monsterinsights_sitenote_note":"","_monsterinsights_sitenote_category":0,"footnotes":""},"categories":[28],"tags":[],"class_list":["post-20898","post","type-post","status-publish","format-standard","has-post-thumbnail","hentry","category-patronaty"],"yoast_head":"<!-- This site is optimized with the Yoast SEO plugin v26.5 - https:\/\/yoast.com\/wordpress\/plugins\/seo\/ -->\n<title>Mikstacki odpust ku czci \u015bw. Rocha z b\u0142ogos\u0142awie\u0144stwem zwierz\u0105t - NID<\/title>\n<meta name=\"robots\" content=\"index, follow, max-snippet:-1, max-image-preview:large, max-video-preview:-1\" \/>\n<link rel=\"canonical\" href=\"https:\/\/nid.pl\/en\/2024\/07\/26\/mikstacki-odpust-ku-czci-sw-rocha-z-blogoslawienstwem-zwierzat-2\/\" \/>\n<meta property=\"og:locale\" content=\"en_GB\" \/>\n<meta property=\"og:type\" content=\"article\" \/>\n<meta property=\"og:title\" content=\"Mikstacki odpust ku czci \u015bw. Rocha z b\u0142ogos\u0142awie\u0144stwem zwierz\u0105t - NID\" \/>\n<meta property=\"og:description\" content=\"W dniach 15-16 sierpnia w Diecezjalnym Sanktuarium Mikstacie uroczysto\u015bci odpustowe ku czci \u015bw. Rocha z obrz\u0119dem b\u0142ogos\u0142awie\u0144stwa zwierz\u0105t. Wydarzenie odb\u0119dzie si\u0119 pod patronatem Narodowego Instytutu Dziedzictwa. W Mikstacie, miasteczku po\u0142o\u017conym [&hellip;]\" \/>\n<meta property=\"og:url\" content=\"https:\/\/nid.pl\/en\/2024\/07\/26\/mikstacki-odpust-ku-czci-sw-rocha-z-blogoslawienstwem-zwierzat-2\/\" \/>\n<meta property=\"og:site_name\" content=\"NID\" \/>\n<meta property=\"article:publisher\" content=\"https:\/\/www.facebook.com\/zabytek\" \/>\n<meta property=\"article:published_time\" content=\"2024-07-26T13:47:33+00:00\" \/>\n<meta property=\"article:modified_time\" content=\"2024-07-26T13:47:34+00:00\" \/>\n<meta property=\"og:image\" content=\"https:\/\/nid.pl\/wp-content\/uploads\/2024\/07\/Uroczystosci-odpustowe-ku-czci-sw.-Rocha-w-Mikstacie.jpg\" \/>\n\t<meta property=\"og:image:width\" content=\"1400\" \/>\n\t<meta property=\"og:image:height\" content=\"875\" \/>\n\t<meta property=\"og:image:type\" content=\"image\/jpeg\" \/>\n<meta name=\"author\" content=\"Barbara Halliop\" \/>\n<meta name=\"twitter:card\" content=\"summary_large_image\" \/>\n<meta name=\"twitter:creator\" content=\"@NarIDpl\" \/>\n<meta name=\"twitter:site\" content=\"@NarIDpl\" \/>\n<meta name=\"twitter:label1\" content=\"Written by\" \/>\n\t<meta name=\"twitter:data1\" content=\"Barbara Halliop\" \/>\n\t<meta name=\"twitter:label2\" content=\"Estimated reading time\" \/>\n\t<meta name=\"twitter:data2\" content=\"2 minutes\" \/>\n<script type=\"application\/ld+json\" class=\"yoast-schema-graph\">{\"@context\":\"https:\/\/schema.org\",\"@graph\":[{\"@type\":\"Article\",\"@id\":\"https:\/\/nid.pl\/2024\/07\/26\/mikstacki-odpust-ku-czci-sw-rocha-z-blogoslawienstwem-zwierzat-2\/#article\",\"isPartOf\":{\"@id\":\"https:\/\/nid.pl\/2024\/07\/26\/mikstacki-odpust-ku-czci-sw-rocha-z-blogoslawienstwem-zwierzat-2\/\"},\"author\":{\"name\":\"Barbara Halliop\",\"@id\":\"https:\/\/nid.pl\/#\/schema\/person\/1b690a8998a5111cfb9f0ffe24195a15\"},\"headline\":\"Mikstacki odpust ku czci \u015bw. Rocha z b\u0142ogos\u0142awie\u0144stwem zwierz\u0105t\",\"datePublished\":\"2024-07-26T13:47:33+00:00\",\"dateModified\":\"2024-07-26T13:47:34+00:00\",\"mainEntityOfPage\":{\"@id\":\"https:\/\/nid.pl\/2024\/07\/26\/mikstacki-odpust-ku-czci-sw-rocha-z-blogoslawienstwem-zwierzat-2\/\"},\"wordCount\":318,\"publisher\":{\"@id\":\"https:\/\/nid.pl\/#organization\"},\"image\":{\"@id\":\"https:\/\/nid.pl\/2024\/07\/26\/mikstacki-odpust-ku-czci-sw-rocha-z-blogoslawienstwem-zwierzat-2\/#primaryimage\"},\"thumbnailUrl\":\"https:\/\/nid.pl\/wp-content\/uploads\/2024\/07\/Uroczystosci-odpustowe-ku-czci-sw.-Rocha-w-Mikstacie.jpg\",\"articleSection\":[\"Patronaty\"],\"inLanguage\":\"en-GB\"},{\"@type\":\"WebPage\",\"@id\":\"https:\/\/nid.pl\/2024\/07\/26\/mikstacki-odpust-ku-czci-sw-rocha-z-blogoslawienstwem-zwierzat-2\/\",\"url\":\"https:\/\/nid.pl\/2024\/07\/26\/mikstacki-odpust-ku-czci-sw-rocha-z-blogoslawienstwem-zwierzat-2\/\",\"name\":\"Mikstacki odpust ku czci \u015bw. Rocha z b\u0142ogos\u0142awie\u0144stwem zwierz\u0105t - NID\",\"isPartOf\":{\"@id\":\"https:\/\/nid.pl\/#website\"},\"primaryImageOfPage\":{\"@id\":\"https:\/\/nid.pl\/2024\/07\/26\/mikstacki-odpust-ku-czci-sw-rocha-z-blogoslawienstwem-zwierzat-2\/#primaryimage\"},\"image\":{\"@id\":\"https:\/\/nid.pl\/2024\/07\/26\/mikstacki-odpust-ku-czci-sw-rocha-z-blogoslawienstwem-zwierzat-2\/#primaryimage\"},\"thumbnailUrl\":\"https:\/\/nid.pl\/wp-content\/uploads\/2024\/07\/Uroczystosci-odpustowe-ku-czci-sw.-Rocha-w-Mikstacie.jpg\",\"datePublished\":\"2024-07-26T13:47:33+00:00\",\"dateModified\":\"2024-07-26T13:47:34+00:00\",\"breadcrumb\":{\"@id\":\"https:\/\/nid.pl\/2024\/07\/26\/mikstacki-odpust-ku-czci-sw-rocha-z-blogoslawienstwem-zwierzat-2\/#breadcrumb\"},\"inLanguage\":\"en-GB\",\"potentialAction\":[{\"@type\":\"ReadAction\",\"target\":[\"https:\/\/nid.pl\/2024\/07\/26\/mikstacki-odpust-ku-czci-sw-rocha-z-blogoslawienstwem-zwierzat-2\/\"]}]},{\"@type\":\"ImageObject\",\"inLanguage\":\"en-GB\",\"@id\":\"https:\/\/nid.pl\/2024\/07\/26\/mikstacki-odpust-ku-czci-sw-rocha-z-blogoslawienstwem-zwierzat-2\/#primaryimage\",\"url\":\"https:\/\/nid.pl\/wp-content\/uploads\/2024\/07\/Uroczystosci-odpustowe-ku-czci-sw.-Rocha-w-Mikstacie.jpg\",\"contentUrl\":\"https:\/\/nid.pl\/wp-content\/uploads\/2024\/07\/Uroczystosci-odpustowe-ku-czci-sw.-Rocha-w-Mikstacie.jpg\",\"width\":1400,\"height\":875,\"caption\":\"uroczysto\u015bci odpustowe ku czci \u015bw. Rocha z b\u0142ogos\u0142awie\u0144stwem zwierz\u0105t w Mikstacie\"},{\"@type\":\"BreadcrumbList\",\"@id\":\"https:\/\/nid.pl\/2024\/07\/26\/mikstacki-odpust-ku-czci-sw-rocha-z-blogoslawienstwem-zwierzat-2\/#breadcrumb\",\"itemListElement\":[{\"@type\":\"ListItem\",\"position\":1,\"name\":\"Home\",\"item\":\"https:\/\/nid.pl\/\"},{\"@type\":\"ListItem\",\"position\":2,\"name\":\"Mikstacki odpust ku czci \u015bw. Rocha z b\u0142ogos\u0142awie\u0144stwem zwierz\u0105t\"}]},{\"@type\":\"WebSite\",\"@id\":\"https:\/\/nid.pl\/#website\",\"url\":\"https:\/\/nid.pl\/\",\"name\":\"NID\",\"description\":\"Narodowy Instytut Dziedzictwa\",\"publisher\":{\"@id\":\"https:\/\/nid.pl\/#organization\"},\"potentialAction\":[{\"@type\":\"SearchAction\",\"target\":{\"@type\":\"EntryPoint\",\"urlTemplate\":\"https:\/\/nid.pl\/?s={search_term_string}\"},\"query-input\":{\"@type\":\"PropertyValueSpecification\",\"valueRequired\":true,\"valueName\":\"search_term_string\"}}],\"inLanguage\":\"en-GB\"},{\"@type\":\"Organization\",\"@id\":\"https:\/\/nid.pl\/#organization\",\"name\":\"Narodowy Instytut Dziedzictwa\",\"url\":\"https:\/\/nid.pl\/\",\"logo\":{\"@type\":\"ImageObject\",\"inLanguage\":\"en-GB\",\"@id\":\"https:\/\/nid.pl\/#\/schema\/logo\/image\/\",\"url\":\"https:\/\/nid.pl\/wp-content\/uploads\/2022\/10\/logoRedDark.png\",\"contentUrl\":\"https:\/\/nid.pl\/wp-content\/uploads\/2022\/10\/logoRedDark.png\",\"width\":200,\"height\":197,\"caption\":\"Narodowy Instytut Dziedzictwa\"},\"image\":{\"@id\":\"https:\/\/nid.pl\/#\/schema\/logo\/image\/\"},\"sameAs\":[\"https:\/\/www.facebook.com\/zabytek\",\"https:\/\/x.com\/NarIDpl\",\"https:\/\/www.instagram.com\/nid.pl\/?hl=pl\",\"https:\/\/www.linkedin.com\/company\/narodowy-instytut-dziedzictwa\",\"https:\/\/www.youtube.com\/channel\/UCQXuhKa2uHtmNvLRUSx40JA\"]},{\"@type\":\"Person\",\"@id\":\"https:\/\/nid.pl\/#\/schema\/person\/1b690a8998a5111cfb9f0ffe24195a15\",\"name\":\"Barbara Halliop\",\"image\":{\"@type\":\"ImageObject\",\"inLanguage\":\"en-GB\",\"@id\":\"https:\/\/nid.pl\/#\/schema\/person\/image\/\",\"url\":\"https:\/\/nid.pl\/wp-content\/litespeed\/avatar\/924046d17dd0c842c9fa9ccf489bc6dc.jpg?ver=1777444967\",\"contentUrl\":\"https:\/\/nid.pl\/wp-content\/litespeed\/avatar\/924046d17dd0c842c9fa9ccf489bc6dc.jpg?ver=1777444967\",\"caption\":\"Barbara Halliop\"},\"url\":\"https:\/\/nid.pl\/en\/author\/bhalliop\/\"}]}<\/script>\n<!-- \/ Yoast SEO plugin. -->","yoast_head_json":{"title":"Mikstacki odpust ku czci \u015bw. Rocha z b\u0142ogos\u0142awie\u0144stwem zwierz\u0105t - NID","robots":{"index":"index","follow":"follow","max-snippet":"max-snippet:-1","max-image-preview":"max-image-preview:large","max-video-preview":"max-video-preview:-1"},"canonical":"https:\/\/nid.pl\/en\/2024\/07\/26\/mikstacki-odpust-ku-czci-sw-rocha-z-blogoslawienstwem-zwierzat-2\/","og_locale":"en_GB","og_type":"article","og_title":"Mikstacki odpust ku czci \u015bw. Rocha z b\u0142ogos\u0142awie\u0144stwem zwierz\u0105t - NID","og_description":"W dniach 15-16 sierpnia w Diecezjalnym Sanktuarium Mikstacie uroczysto\u015bci odpustowe ku czci \u015bw. Rocha z obrz\u0119dem b\u0142ogos\u0142awie\u0144stwa zwierz\u0105t. Wydarzenie odb\u0119dzie si\u0119 pod patronatem Narodowego Instytutu Dziedzictwa. W Mikstacie, miasteczku po\u0142o\u017conym [&hellip;]","og_url":"https:\/\/nid.pl\/en\/2024\/07\/26\/mikstacki-odpust-ku-czci-sw-rocha-z-blogoslawienstwem-zwierzat-2\/","og_site_name":"NID","article_publisher":"https:\/\/www.facebook.com\/zabytek","article_published_time":"2024-07-26T13:47:33+00:00","article_modified_time":"2024-07-26T13:47:34+00:00","og_image":[{"width":1400,"height":875,"url":"https:\/\/nid.pl\/wp-content\/uploads\/2024\/07\/Uroczystosci-odpustowe-ku-czci-sw.-Rocha-w-Mikstacie.jpg","type":"image\/jpeg"}],"author":"Barbara Halliop","twitter_card":"summary_large_image","twitter_creator":"@NarIDpl","twitter_site":"@NarIDpl","twitter_misc":{"Written by":"Barbara Halliop","Estimated reading time":"2 minutes"},"schema":{"@context":"https:\/\/schema.org","@graph":[{"@type":"Article","@id":"https:\/\/nid.pl\/2024\/07\/26\/mikstacki-odpust-ku-czci-sw-rocha-z-blogoslawienstwem-zwierzat-2\/#article","isPartOf":{"@id":"https:\/\/nid.pl\/2024\/07\/26\/mikstacki-odpust-ku-czci-sw-rocha-z-blogoslawienstwem-zwierzat-2\/"},"author":{"name":"Barbara Halliop","@id":"https:\/\/nid.pl\/#\/schema\/person\/1b690a8998a5111cfb9f0ffe24195a15"},"headline":"Mikstacki odpust ku czci \u015bw. Rocha z b\u0142ogos\u0142awie\u0144stwem zwierz\u0105t","datePublished":"2024-07-26T13:47:33+00:00","dateModified":"2024-07-26T13:47:34+00:00","mainEntityOfPage":{"@id":"https:\/\/nid.pl\/2024\/07\/26\/mikstacki-odpust-ku-czci-sw-rocha-z-blogoslawienstwem-zwierzat-2\/"},"wordCount":318,"publisher":{"@id":"https:\/\/nid.pl\/#organization"},"image":{"@id":"https:\/\/nid.pl\/2024\/07\/26\/mikstacki-odpust-ku-czci-sw-rocha-z-blogoslawienstwem-zwierzat-2\/#primaryimage"},"thumbnailUrl":"https:\/\/nid.pl\/wp-content\/uploads\/2024\/07\/Uroczystosci-odpustowe-ku-czci-sw.-Rocha-w-Mikstacie.jpg","articleSection":["Patronaty"],"inLanguage":"en-GB"},{"@type":"WebPage","@id":"https:\/\/nid.pl\/2024\/07\/26\/mikstacki-odpust-ku-czci-sw-rocha-z-blogoslawienstwem-zwierzat-2\/","url":"https:\/\/nid.pl\/2024\/07\/26\/mikstacki-odpust-ku-czci-sw-rocha-z-blogoslawienstwem-zwierzat-2\/","name":"Mikstacki odpust ku czci \u015bw. Rocha z b\u0142ogos\u0142awie\u0144stwem zwierz\u0105t - NID","isPartOf":{"@id":"https:\/\/nid.pl\/#website"},"primaryImageOfPage":{"@id":"https:\/\/nid.pl\/2024\/07\/26\/mikstacki-odpust-ku-czci-sw-rocha-z-blogoslawienstwem-zwierzat-2\/#primaryimage"},"image":{"@id":"https:\/\/nid.pl\/2024\/07\/26\/mikstacki-odpust-ku-czci-sw-rocha-z-blogoslawienstwem-zwierzat-2\/#primaryimage"},"thumbnailUrl":"https:\/\/nid.pl\/wp-content\/uploads\/2024\/07\/Uroczystosci-odpustowe-ku-czci-sw.-Rocha-w-Mikstacie.jpg","datePublished":"2024-07-26T13:47:33+00:00","dateModified":"2024-07-26T13:47:34+00:00","breadcrumb":{"@id":"https:\/\/nid.pl\/2024\/07\/26\/mikstacki-odpust-ku-czci-sw-rocha-z-blogoslawienstwem-zwierzat-2\/#breadcrumb"},"inLanguage":"en-GB","potentialAction":[{"@type":"ReadAction","target":["https:\/\/nid.pl\/2024\/07\/26\/mikstacki-odpust-ku-czci-sw-rocha-z-blogoslawienstwem-zwierzat-2\/"]}]},{"@type":"ImageObject","inLanguage":"en-GB","@id":"https:\/\/nid.pl\/2024\/07\/26\/mikstacki-odpust-ku-czci-sw-rocha-z-blogoslawienstwem-zwierzat-2\/#primaryimage","url":"https:\/\/nid.pl\/wp-content\/uploads\/2024\/07\/Uroczystosci-odpustowe-ku-czci-sw.-Rocha-w-Mikstacie.jpg","contentUrl":"https:\/\/nid.pl\/wp-content\/uploads\/2024\/07\/Uroczystosci-odpustowe-ku-czci-sw.-Rocha-w-Mikstacie.jpg","width":1400,"height":875,"caption":"uroczysto\u015bci odpustowe ku czci \u015bw. Rocha z b\u0142ogos\u0142awie\u0144stwem zwierz\u0105t w Mikstacie"},{"@type":"BreadcrumbList","@id":"https:\/\/nid.pl\/2024\/07\/26\/mikstacki-odpust-ku-czci-sw-rocha-z-blogoslawienstwem-zwierzat-2\/#breadcrumb","itemListElement":[{"@type":"ListItem","position":1,"name":"Home","item":"https:\/\/nid.pl\/"},{"@type":"ListItem","position":2,"name":"Mikstacki odpust ku czci \u015bw. Rocha z b\u0142ogos\u0142awie\u0144stwem zwierz\u0105t"}]},{"@type":"WebSite","@id":"https:\/\/nid.pl\/#website","url":"https:\/\/nid.pl\/","name":"NID","description":"Narodowy Instytut Dziedzictwa","publisher":{"@id":"https:\/\/nid.pl\/#organization"},"potentialAction":[{"@type":"SearchAction","target":{"@type":"EntryPoint","urlTemplate":"https:\/\/nid.pl\/?s={search_term_string}"},"query-input":{"@type":"PropertyValueSpecification","valueRequired":true,"valueName":"search_term_string"}}],"inLanguage":"en-GB"},{"@type":"Organization","@id":"https:\/\/nid.pl\/#organization","name":"Narodowy Instytut Dziedzictwa","url":"https:\/\/nid.pl\/","logo":{"@type":"ImageObject","inLanguage":"en-GB","@id":"https:\/\/nid.pl\/#\/schema\/logo\/image\/","url":"https:\/\/nid.pl\/wp-content\/uploads\/2022\/10\/logoRedDark.png","contentUrl":"https:\/\/nid.pl\/wp-content\/uploads\/2022\/10\/logoRedDark.png","width":200,"height":197,"caption":"Narodowy Instytut Dziedzictwa"},"image":{"@id":"https:\/\/nid.pl\/#\/schema\/logo\/image\/"},"sameAs":["https:\/\/www.facebook.com\/zabytek","https:\/\/x.com\/NarIDpl","https:\/\/www.instagram.com\/nid.pl\/?hl=pl","https:\/\/www.linkedin.com\/company\/narodowy-instytut-dziedzictwa","https:\/\/www.youtube.com\/channel\/UCQXuhKa2uHtmNvLRUSx40JA"]},{"@type":"Person","@id":"https:\/\/nid.pl\/#\/schema\/person\/1b690a8998a5111cfb9f0ffe24195a15","name":"Barbara Halliop","image":{"@type":"ImageObject","inLanguage":"en-GB","@id":"https:\/\/nid.pl\/#\/schema\/person\/image\/","url":"https:\/\/nid.pl\/wp-content\/litespeed\/avatar\/924046d17dd0c842c9fa9ccf489bc6dc.jpg?ver=1777444967","contentUrl":"https:\/\/nid.pl\/wp-content\/litespeed\/avatar\/924046d17dd0c842c9fa9ccf489bc6dc.jpg?ver=1777444967","caption":"Barbara Halliop"},"url":"https:\/\/nid.pl\/en\/author\/bhalliop\/"}]}},"_links":{"self":[{"href":"https:\/\/nid.pl\/en\/wp-json\/wp\/v2\/posts\/20898","targetHints":{"allow":["GET"]}}],"collection":[{"href":"https:\/\/nid.pl\/en\/wp-json\/wp\/v2\/posts"}],"about":[{"href":"https:\/\/nid.pl\/en\/wp-json\/wp\/v2\/types\/post"}],"author":[{"embeddable":true,"href":"https:\/\/nid.pl\/en\/wp-json\/wp\/v2\/users\/7"}],"replies":[{"embeddable":true,"href":"https:\/\/nid.pl\/en\/wp-json\/wp\/v2\/comments?post=20898"}],"version-history":[{"count":0,"href":"https:\/\/nid.pl\/en\/wp-json\/wp\/v2\/posts\/20898\/revisions"}],"wp:featuredmedia":[{"embeddable":true,"href":"https:\/\/nid.pl\/en\/wp-json\/wp\/v2\/media\/20901"}],"wp:attachment":[{"href":"https:\/\/nid.pl\/en\/wp-json\/wp\/v2\/media?parent=20898"}],"wp:term":[{"taxonomy":"category","embeddable":true,"href":"https:\/\/nid.pl\/en\/wp-json\/wp\/v2\/categories?post=20898"},{"taxonomy":"post_tag","embeddable":true,"href":"https:\/\/nid.pl\/en\/wp-json\/wp\/v2\/tags?post=20898"}],"curies":[{"name":"wp","href":"https:\/\/api.w.org\/{rel}","templated":true}]}}