{"id":20618,"date":"2024-07-11T09:29:50","date_gmt":"2024-07-11T07:29:50","guid":{"rendered":"https:\/\/nid.pl\/?p=20618"},"modified":"2024-07-11T09:29:51","modified_gmt":"2024-07-11T07:29:51","slug":"krzemionkowskie-spotkania-z-epoka-kamienia","status":"publish","type":"post","link":"https:\/\/nid.pl\/en\/2024\/07\/11\/krzemionkowskie-spotkania-z-epoka-kamienia\/","title":{"rendered":"Krzemionkowskie Spotkania z Epok\u0105 Kamienia"},"content":{"rendered":"<p>Zapraszamy na piknik archeologiczny organizowany przez Muzeum Archeologiczne i Rezerwat Krzemionki. 20 i 21 lipca na terenie pradziejowej osady odb\u0119dzie si\u0119 dwunasta edycja tego wydarzenia.<\/p>\n\n\n\n<p>Co czeka na go\u015bci?<\/p>\n\n\n\n<p>Warsztaty i pokazy archeologii eksperymentalnej zwi\u0105zane z r\u00f3\u017cnymi pradziejowymi rzemios\u0142ami, takimi jak obr\u00f3bka krzemienia, ko\u015bci i bursztynu, tkactwo, \u0142ucznictwo, a tak\u017ce ukazuj\u0105ce zagadnienia zwi\u0105zane z rozpalaniem ognia, ceramik\u0105, kuchni\u0105, wierzeniami i sztuk\u0105. Zaplanowano r\u00f3wnie\u017c koncert eksperymentalnej muzyki etnicznej oraz pokaz specjalny.<\/p>\n\n\n\n<p>Nie zabraknie laboratori\u00f3w popularno-naukowych prezentuj\u0105cych archeologi\u0119 i\u00a0nauki pomocnicze. Badacze z r\u00f3\u017cnych stron kraju wprowadz\u0105 w \u015bwiat archeolozoologii, traseologii, antropologii, malakologii, botaniki, geoarcheologii oraz dokumentacji 3D zabytk\u00f3w.<\/p>\n\n\n\n<p>Udzia\u0142 w Krzemionkowskich Spotkaniach z Epok\u0105 Kamienia to niezwyk\u0142a okazja, by\u00a0do\u015bwiadczy\u0107 \u017cycia codziennego prehistorycznych spo\u0142eczno\u015bci zamieszkuj\u0105cych niegdy\u015b dolin\u0119 rzeki Kamiennej.<\/p>\n\n\n\n<p>Patronat honorowy nad wydarzeniem obj\u0119li: Minister Kultury i Dziedzictwa Narodowego, Narodowy Instytut Dziedzictwa, Narodowy Instytut Muze\u00f3w, Marsza\u0142ek Wojew\u00f3dztwa \u015awi\u0119tokrzyskiego oraz Starosta Ostrowiecki.<\/p>\n\n\n\n<p>Szczeg\u00f3\u0142owy <strong>program wydarzenia<\/strong> dost\u0119pny jest na stronie <a href=\"https:\/\/muzeumostrowiec.pl\/wydarzenia-2024-w-krzemionki\/\">Organizatora<\/a>.<\/p>\n\n\n\n<p>Do zobaczenia w epoce kamienia!<\/p>\n\n\n\n<p><\/p>\n\n\n\n<figure class=\"wp-block-image aligncenter size-large is-resized\"><img loading=\"lazy\" decoding=\"async\" width=\"724\" height=\"1024\" src=\"https:\/\/nid.pl\/wp-content\/uploads\/2024\/07\/KSzEK_plakat_maly-724x1024.png\" alt=\"\" class=\"wp-image-20620\" style=\"width:602px;height:auto\"\/><\/figure>","protected":false},"excerpt":{"rendered":"<p>Zapraszamy na piknik archeologiczny organizowany przez Muzeum Archeologiczne i Rezerwat Krzemionki. 20 i 21 lipca na terenie pradziejowej osady odb\u0119dzie si\u0119 dwunasta edycja tego wydarzenia. Co czeka na go\u015bci? Warsztaty [&hellip;]<\/p>","protected":false},"author":7,"featured_media":20621,"comment_status":"closed","ping_status":"closed","sticky":false,"template":"","format":"standard","meta":{"_et_pb_use_builder":"off","_et_pb_old_content":"","_et_gb_content_width":"","_monsterinsights_skip_tracking":false,"_monsterinsights_sitenote_active":false,"_monsterinsights_sitenote_note":"","_monsterinsights_sitenote_category":0,"footnotes":""},"categories":[28],"tags":[],"class_list":["post-20618","post","type-post","status-publish","format-standard","has-post-thumbnail","hentry","category-patronaty"],"yoast_head":"<!-- This site is optimized with the Yoast SEO plugin v26.5 - https:\/\/yoast.com\/wordpress\/plugins\/seo\/ -->\n<title>Krzemionkowskie Spotkania z Epok\u0105 Kamienia - NID<\/title>\n<meta name=\"robots\" content=\"index, follow, max-snippet:-1, max-image-preview:large, max-video-preview:-1\" \/>\n<link rel=\"canonical\" href=\"https:\/\/nid.pl\/en\/2024\/07\/11\/krzemionkowskie-spotkania-z-epoka-kamienia\/\" \/>\n<meta property=\"og:locale\" content=\"en_GB\" \/>\n<meta property=\"og:type\" content=\"article\" \/>\n<meta property=\"og:title\" content=\"Krzemionkowskie Spotkania z Epok\u0105 Kamienia - NID\" \/>\n<meta property=\"og:description\" content=\"Zapraszamy na piknik archeologiczny organizowany przez Muzeum Archeologiczne i Rezerwat Krzemionki. 20 i 21 lipca na terenie pradziejowej osady odb\u0119dzie si\u0119 dwunasta edycja tego wydarzenia. Co czeka na go\u015bci? Warsztaty [&hellip;]\" \/>\n<meta property=\"og:url\" content=\"https:\/\/nid.pl\/en\/2024\/07\/11\/krzemionkowskie-spotkania-z-epoka-kamienia\/\" \/>\n<meta property=\"og:site_name\" content=\"NID\" \/>\n<meta property=\"article:publisher\" content=\"https:\/\/www.facebook.com\/zabytek\" \/>\n<meta property=\"article:published_time\" content=\"2024-07-11T07:29:50+00:00\" \/>\n<meta property=\"article:modified_time\" content=\"2024-07-11T07:29:51+00:00\" \/>\n<meta property=\"og:image\" content=\"https:\/\/nid.pl\/wp-content\/uploads\/2024\/07\/Patronaty-miniatura_Krzemionki2024.jpg\" \/>\n\t<meta property=\"og:image:width\" content=\"1400\" \/>\n\t<meta property=\"og:image:height\" content=\"875\" \/>\n\t<meta property=\"og:image:type\" content=\"image\/jpeg\" \/>\n<meta name=\"author\" content=\"Barbara Halliop\" \/>\n<meta name=\"twitter:card\" content=\"summary_large_image\" \/>\n<meta name=\"twitter:creator\" content=\"@NarIDpl\" \/>\n<meta name=\"twitter:site\" content=\"@NarIDpl\" \/>\n<meta name=\"twitter:label1\" content=\"Written by\" \/>\n\t<meta name=\"twitter:data1\" content=\"Barbara Halliop\" \/>\n\t<meta name=\"twitter:label2\" content=\"Estimated reading time\" \/>\n\t<meta name=\"twitter:data2\" content=\"2 minutes\" \/>\n<script type=\"application\/ld+json\" class=\"yoast-schema-graph\">{\"@context\":\"https:\/\/schema.org\",\"@graph\":[{\"@type\":\"Article\",\"@id\":\"https:\/\/nid.pl\/2024\/07\/11\/krzemionkowskie-spotkania-z-epoka-kamienia\/#article\",\"isPartOf\":{\"@id\":\"https:\/\/nid.pl\/2024\/07\/11\/krzemionkowskie-spotkania-z-epoka-kamienia\/\"},\"author\":{\"name\":\"Barbara Halliop\",\"@id\":\"https:\/\/nid.pl\/#\/schema\/person\/1b690a8998a5111cfb9f0ffe24195a15\"},\"headline\":\"Krzemionkowskie Spotkania z Epok\u0105 Kamienia\",\"datePublished\":\"2024-07-11T07:29:50+00:00\",\"dateModified\":\"2024-07-11T07:29:51+00:00\",\"mainEntityOfPage\":{\"@id\":\"https:\/\/nid.pl\/2024\/07\/11\/krzemionkowskie-spotkania-z-epoka-kamienia\/\"},\"wordCount\":183,\"publisher\":{\"@id\":\"https:\/\/nid.pl\/#organization\"},\"image\":{\"@id\":\"https:\/\/nid.pl\/2024\/07\/11\/krzemionkowskie-spotkania-z-epoka-kamienia\/#primaryimage\"},\"thumbnailUrl\":\"https:\/\/nid.pl\/wp-content\/uploads\/2024\/07\/Patronaty-miniatura_Krzemionki2024.jpg\",\"articleSection\":[\"Patronaty\"],\"inLanguage\":\"en-GB\"},{\"@type\":\"WebPage\",\"@id\":\"https:\/\/nid.pl\/2024\/07\/11\/krzemionkowskie-spotkania-z-epoka-kamienia\/\",\"url\":\"https:\/\/nid.pl\/2024\/07\/11\/krzemionkowskie-spotkania-z-epoka-kamienia\/\",\"name\":\"Krzemionkowskie Spotkania z Epok\u0105 Kamienia - NID\",\"isPartOf\":{\"@id\":\"https:\/\/nid.pl\/#website\"},\"primaryImageOfPage\":{\"@id\":\"https:\/\/nid.pl\/2024\/07\/11\/krzemionkowskie-spotkania-z-epoka-kamienia\/#primaryimage\"},\"image\":{\"@id\":\"https:\/\/nid.pl\/2024\/07\/11\/krzemionkowskie-spotkania-z-epoka-kamienia\/#primaryimage\"},\"thumbnailUrl\":\"https:\/\/nid.pl\/wp-content\/uploads\/2024\/07\/Patronaty-miniatura_Krzemionki2024.jpg\",\"datePublished\":\"2024-07-11T07:29:50+00:00\",\"dateModified\":\"2024-07-11T07:29:51+00:00\",\"breadcrumb\":{\"@id\":\"https:\/\/nid.pl\/2024\/07\/11\/krzemionkowskie-spotkania-z-epoka-kamienia\/#breadcrumb\"},\"inLanguage\":\"en-GB\",\"potentialAction\":[{\"@type\":\"ReadAction\",\"target\":[\"https:\/\/nid.pl\/2024\/07\/11\/krzemionkowskie-spotkania-z-epoka-kamienia\/\"]}]},{\"@type\":\"ImageObject\",\"inLanguage\":\"en-GB\",\"@id\":\"https:\/\/nid.pl\/2024\/07\/11\/krzemionkowskie-spotkania-z-epoka-kamienia\/#primaryimage\",\"url\":\"https:\/\/nid.pl\/wp-content\/uploads\/2024\/07\/Patronaty-miniatura_Krzemionki2024.jpg\",\"contentUrl\":\"https:\/\/nid.pl\/wp-content\/uploads\/2024\/07\/Patronaty-miniatura_Krzemionki2024.jpg\",\"width\":1400,\"height\":875,\"caption\":\"krzemie\u0144\"},{\"@type\":\"BreadcrumbList\",\"@id\":\"https:\/\/nid.pl\/2024\/07\/11\/krzemionkowskie-spotkania-z-epoka-kamienia\/#breadcrumb\",\"itemListElement\":[{\"@type\":\"ListItem\",\"position\":1,\"name\":\"Home\",\"item\":\"https:\/\/nid.pl\/\"},{\"@type\":\"ListItem\",\"position\":2,\"name\":\"Krzemionkowskie Spotkania z Epok\u0105 Kamienia\"}]},{\"@type\":\"WebSite\",\"@id\":\"https:\/\/nid.pl\/#website\",\"url\":\"https:\/\/nid.pl\/\",\"name\":\"NID\",\"description\":\"Narodowy Instytut Dziedzictwa\",\"publisher\":{\"@id\":\"https:\/\/nid.pl\/#organization\"},\"potentialAction\":[{\"@type\":\"SearchAction\",\"target\":{\"@type\":\"EntryPoint\",\"urlTemplate\":\"https:\/\/nid.pl\/?s={search_term_string}\"},\"query-input\":{\"@type\":\"PropertyValueSpecification\",\"valueRequired\":true,\"valueName\":\"search_term_string\"}}],\"inLanguage\":\"en-GB\"},{\"@type\":\"Organization\",\"@id\":\"https:\/\/nid.pl\/#organization\",\"name\":\"Narodowy Instytut Dziedzictwa\",\"url\":\"https:\/\/nid.pl\/\",\"logo\":{\"@type\":\"ImageObject\",\"inLanguage\":\"en-GB\",\"@id\":\"https:\/\/nid.pl\/#\/schema\/logo\/image\/\",\"url\":\"https:\/\/nid.pl\/wp-content\/uploads\/2022\/10\/logoRedDark.png\",\"contentUrl\":\"https:\/\/nid.pl\/wp-content\/uploads\/2022\/10\/logoRedDark.png\",\"width\":200,\"height\":197,\"caption\":\"Narodowy Instytut Dziedzictwa\"},\"image\":{\"@id\":\"https:\/\/nid.pl\/#\/schema\/logo\/image\/\"},\"sameAs\":[\"https:\/\/www.facebook.com\/zabytek\",\"https:\/\/x.com\/NarIDpl\",\"https:\/\/www.instagram.com\/nid.pl\/?hl=pl\",\"https:\/\/www.linkedin.com\/company\/narodowy-instytut-dziedzictwa\",\"https:\/\/www.youtube.com\/channel\/UCQXuhKa2uHtmNvLRUSx40JA\"]},{\"@type\":\"Person\",\"@id\":\"https:\/\/nid.pl\/#\/schema\/person\/1b690a8998a5111cfb9f0ffe24195a15\",\"name\":\"Barbara Halliop\",\"image\":{\"@type\":\"ImageObject\",\"inLanguage\":\"en-GB\",\"@id\":\"https:\/\/nid.pl\/#\/schema\/person\/image\/\",\"url\":\"https:\/\/nid.pl\/wp-content\/litespeed\/avatar\/924046d17dd0c842c9fa9ccf489bc6dc.jpg?ver=1777444967\",\"contentUrl\":\"https:\/\/nid.pl\/wp-content\/litespeed\/avatar\/924046d17dd0c842c9fa9ccf489bc6dc.jpg?ver=1777444967\",\"caption\":\"Barbara Halliop\"},\"url\":\"https:\/\/nid.pl\/en\/author\/bhalliop\/\"}]}<\/script>\n<!-- \/ Yoast SEO plugin. -->","yoast_head_json":{"title":"Krzemionkowskie Spotkania z Epok\u0105 Kamienia - NID","robots":{"index":"index","follow":"follow","max-snippet":"max-snippet:-1","max-image-preview":"max-image-preview:large","max-video-preview":"max-video-preview:-1"},"canonical":"https:\/\/nid.pl\/en\/2024\/07\/11\/krzemionkowskie-spotkania-z-epoka-kamienia\/","og_locale":"en_GB","og_type":"article","og_title":"Krzemionkowskie Spotkania z Epok\u0105 Kamienia - NID","og_description":"Zapraszamy na piknik archeologiczny organizowany przez Muzeum Archeologiczne i Rezerwat Krzemionki. 20 i 21 lipca na terenie pradziejowej osady odb\u0119dzie si\u0119 dwunasta edycja tego wydarzenia. Co czeka na go\u015bci? Warsztaty [&hellip;]","og_url":"https:\/\/nid.pl\/en\/2024\/07\/11\/krzemionkowskie-spotkania-z-epoka-kamienia\/","og_site_name":"NID","article_publisher":"https:\/\/www.facebook.com\/zabytek","article_published_time":"2024-07-11T07:29:50+00:00","article_modified_time":"2024-07-11T07:29:51+00:00","og_image":[{"width":1400,"height":875,"url":"https:\/\/nid.pl\/wp-content\/uploads\/2024\/07\/Patronaty-miniatura_Krzemionki2024.jpg","type":"image\/jpeg"}],"author":"Barbara Halliop","twitter_card":"summary_large_image","twitter_creator":"@NarIDpl","twitter_site":"@NarIDpl","twitter_misc":{"Written by":"Barbara Halliop","Estimated reading time":"2 minutes"},"schema":{"@context":"https:\/\/schema.org","@graph":[{"@type":"Article","@id":"https:\/\/nid.pl\/2024\/07\/11\/krzemionkowskie-spotkania-z-epoka-kamienia\/#article","isPartOf":{"@id":"https:\/\/nid.pl\/2024\/07\/11\/krzemionkowskie-spotkania-z-epoka-kamienia\/"},"author":{"name":"Barbara Halliop","@id":"https:\/\/nid.pl\/#\/schema\/person\/1b690a8998a5111cfb9f0ffe24195a15"},"headline":"Krzemionkowskie Spotkania z Epok\u0105 Kamienia","datePublished":"2024-07-11T07:29:50+00:00","dateModified":"2024-07-11T07:29:51+00:00","mainEntityOfPage":{"@id":"https:\/\/nid.pl\/2024\/07\/11\/krzemionkowskie-spotkania-z-epoka-kamienia\/"},"wordCount":183,"publisher":{"@id":"https:\/\/nid.pl\/#organization"},"image":{"@id":"https:\/\/nid.pl\/2024\/07\/11\/krzemionkowskie-spotkania-z-epoka-kamienia\/#primaryimage"},"thumbnailUrl":"https:\/\/nid.pl\/wp-content\/uploads\/2024\/07\/Patronaty-miniatura_Krzemionki2024.jpg","articleSection":["Patronaty"],"inLanguage":"en-GB"},{"@type":"WebPage","@id":"https:\/\/nid.pl\/2024\/07\/11\/krzemionkowskie-spotkania-z-epoka-kamienia\/","url":"https:\/\/nid.pl\/2024\/07\/11\/krzemionkowskie-spotkania-z-epoka-kamienia\/","name":"Krzemionkowskie Spotkania z Epok\u0105 Kamienia - NID","isPartOf":{"@id":"https:\/\/nid.pl\/#website"},"primaryImageOfPage":{"@id":"https:\/\/nid.pl\/2024\/07\/11\/krzemionkowskie-spotkania-z-epoka-kamienia\/#primaryimage"},"image":{"@id":"https:\/\/nid.pl\/2024\/07\/11\/krzemionkowskie-spotkania-z-epoka-kamienia\/#primaryimage"},"thumbnailUrl":"https:\/\/nid.pl\/wp-content\/uploads\/2024\/07\/Patronaty-miniatura_Krzemionki2024.jpg","datePublished":"2024-07-11T07:29:50+00:00","dateModified":"2024-07-11T07:29:51+00:00","breadcrumb":{"@id":"https:\/\/nid.pl\/2024\/07\/11\/krzemionkowskie-spotkania-z-epoka-kamienia\/#breadcrumb"},"inLanguage":"en-GB","potentialAction":[{"@type":"ReadAction","target":["https:\/\/nid.pl\/2024\/07\/11\/krzemionkowskie-spotkania-z-epoka-kamienia\/"]}]},{"@type":"ImageObject","inLanguage":"en-GB","@id":"https:\/\/nid.pl\/2024\/07\/11\/krzemionkowskie-spotkania-z-epoka-kamienia\/#primaryimage","url":"https:\/\/nid.pl\/wp-content\/uploads\/2024\/07\/Patronaty-miniatura_Krzemionki2024.jpg","contentUrl":"https:\/\/nid.pl\/wp-content\/uploads\/2024\/07\/Patronaty-miniatura_Krzemionki2024.jpg","width":1400,"height":875,"caption":"krzemie\u0144"},{"@type":"BreadcrumbList","@id":"https:\/\/nid.pl\/2024\/07\/11\/krzemionkowskie-spotkania-z-epoka-kamienia\/#breadcrumb","itemListElement":[{"@type":"ListItem","position":1,"name":"Home","item":"https:\/\/nid.pl\/"},{"@type":"ListItem","position":2,"name":"Krzemionkowskie Spotkania z Epok\u0105 Kamienia"}]},{"@type":"WebSite","@id":"https:\/\/nid.pl\/#website","url":"https:\/\/nid.pl\/","name":"NID","description":"Narodowy Instytut Dziedzictwa","publisher":{"@id":"https:\/\/nid.pl\/#organization"},"potentialAction":[{"@type":"SearchAction","target":{"@type":"EntryPoint","urlTemplate":"https:\/\/nid.pl\/?s={search_term_string}"},"query-input":{"@type":"PropertyValueSpecification","valueRequired":true,"valueName":"search_term_string"}}],"inLanguage":"en-GB"},{"@type":"Organization","@id":"https:\/\/nid.pl\/#organization","name":"Narodowy Instytut Dziedzictwa","url":"https:\/\/nid.pl\/","logo":{"@type":"ImageObject","inLanguage":"en-GB","@id":"https:\/\/nid.pl\/#\/schema\/logo\/image\/","url":"https:\/\/nid.pl\/wp-content\/uploads\/2022\/10\/logoRedDark.png","contentUrl":"https:\/\/nid.pl\/wp-content\/uploads\/2022\/10\/logoRedDark.png","width":200,"height":197,"caption":"Narodowy Instytut Dziedzictwa"},"image":{"@id":"https:\/\/nid.pl\/#\/schema\/logo\/image\/"},"sameAs":["https:\/\/www.facebook.com\/zabytek","https:\/\/x.com\/NarIDpl","https:\/\/www.instagram.com\/nid.pl\/?hl=pl","https:\/\/www.linkedin.com\/company\/narodowy-instytut-dziedzictwa","https:\/\/www.youtube.com\/channel\/UCQXuhKa2uHtmNvLRUSx40JA"]},{"@type":"Person","@id":"https:\/\/nid.pl\/#\/schema\/person\/1b690a8998a5111cfb9f0ffe24195a15","name":"Barbara Halliop","image":{"@type":"ImageObject","inLanguage":"en-GB","@id":"https:\/\/nid.pl\/#\/schema\/person\/image\/","url":"https:\/\/nid.pl\/wp-content\/litespeed\/avatar\/924046d17dd0c842c9fa9ccf489bc6dc.jpg?ver=1777444967","contentUrl":"https:\/\/nid.pl\/wp-content\/litespeed\/avatar\/924046d17dd0c842c9fa9ccf489bc6dc.jpg?ver=1777444967","caption":"Barbara Halliop"},"url":"https:\/\/nid.pl\/en\/author\/bhalliop\/"}]}},"_links":{"self":[{"href":"https:\/\/nid.pl\/en\/wp-json\/wp\/v2\/posts\/20618","targetHints":{"allow":["GET"]}}],"collection":[{"href":"https:\/\/nid.pl\/en\/wp-json\/wp\/v2\/posts"}],"about":[{"href":"https:\/\/nid.pl\/en\/wp-json\/wp\/v2\/types\/post"}],"author":[{"embeddable":true,"href":"https:\/\/nid.pl\/en\/wp-json\/wp\/v2\/users\/7"}],"replies":[{"embeddable":true,"href":"https:\/\/nid.pl\/en\/wp-json\/wp\/v2\/comments?post=20618"}],"version-history":[{"count":0,"href":"https:\/\/nid.pl\/en\/wp-json\/wp\/v2\/posts\/20618\/revisions"}],"wp:featuredmedia":[{"embeddable":true,"href":"https:\/\/nid.pl\/en\/wp-json\/wp\/v2\/media\/20621"}],"wp:attachment":[{"href":"https:\/\/nid.pl\/en\/wp-json\/wp\/v2\/media?parent=20618"}],"wp:term":[{"taxonomy":"category","embeddable":true,"href":"https:\/\/nid.pl\/en\/wp-json\/wp\/v2\/categories?post=20618"},{"taxonomy":"post_tag","embeddable":true,"href":"https:\/\/nid.pl\/en\/wp-json\/wp\/v2\/tags?post=20618"}],"curies":[{"name":"wp","href":"https:\/\/api.w.org\/{rel}","templated":true}]}}