{"id":20392,"date":"2024-06-30T09:00:00","date_gmt":"2024-06-30T07:00:00","guid":{"rendered":"https:\/\/nid.pl\/?p=20392"},"modified":"2024-07-25T12:55:16","modified_gmt":"2024-07-25T10:55:16","slug":"znamy-wyniki-konkursu-zz-2024","status":"publish","type":"post","link":"https:\/\/nid.pl\/en\/2024\/06\/30\/znamy-wyniki-konkursu-zz-2024\/","title":{"rendered":"Znamy wyniki konkursu \u201eZabytek Zadbany\u201d 2024"},"content":{"rendered":"<p><strong>24 czerwca 2024 roku rozstrzygni\u0119to tegoroczn\u0105 edycj\u0119 konkursu Ministra Kultury i Dziedzictwa Narodowego oraz Generalnego Konserwatora Zabytk\u00f3w \u201eZabytek Zadbany\u201d. Jury konkursu, na podstawie zg\u0142osze\u0144, zweryfikowanych przez pracownik\u00f3w Narodowego Instytutu Dziedzictwa, dokona\u0142o oceny i wyboru nagrodzonych obiekt\u00f3w. W tegorocznej edycji konkursu zosta\u0142o ocenionych 67 zabytk\u00f3w<\/strong>, <strong>18 z nich zosta\u0142o nagrodzonych. &nbsp;<\/strong><\/p>\n\n\n\n<p>\u201eZabytek Zadbany\u201d to og\u00f3lnopolski konkurs Ministra Kultury i Dziedzictwa Narodowego oraz Generalnego Konserwatora Zabytk\u00f3w, kt\u00f3rego procedur\u0119 organizacyjn\u0105 prowadzi Narodowy Instytut Dziedzictwa. Jego g\u0142\u00f3wnym celem jest promocja i upowszechnianie najlepszych prac konserwatorskich, budowlanych, rewitalizacyjnych i adaptacyjnych zrealizowanych zgodnie z najwa\u017cniejszymi standardami badawczymi i wykonawczymi.<\/p>\n\n\n\n<p>Konkurs szczyci si\u0119 wieloletni\u0105 tradycj\u0105 \u2013 rozstrzygany jest corocznie od prawie 50 lat. O miano laureat\u00f3w i wyr\u00f3\u017cnionych ubiega\u0107 si\u0119 mog\u0105 w\u0142a\u015bciciele i zarz\u0105dcy zabytkowych nieruchomo\u015bci, kt\u00f3rzy wzorowo i konsekwentnie prowadz\u0105 dzia\u0142ania \u2013 badawcze, rewitalizacyjne, konserwatorskie i budowlane. Pracownicy Narodowego Instytutu Dziedzictwa przeprowadzaj\u0105 ocen\u0119 zg\u0142osze\u0144 oraz przygotowuj\u0105 eksperckie opinie. Ostatecznej oceny dokonuje Jury konkursu powo\u0142ane przez Generalnego Konserwatora Zabytk\u00f3w, w kt\u00f3rego sk\u0142ad wchodz\u0105 &nbsp;specjali\u015bci w dziedzinie konserwacji i ochrony zabytk\u00f3w.<\/p>\n\n\n\n<p>Konkurs rozstrzygany jest w siedmiu kategoriach:<\/p>\n\n\n\n<p>a) utrwalenie warto\u015bci zabytkowej obiektu,<br>b) rewaloryzacja przestrzeni kulturowej i krajobrazu (w tym za\u0142o\u017cenia dworskie<br>i pa\u0142acowe),<br>c) adaptacja obiekt\u00f3w zabytkowych,<br>d) architektura i budownictwo drewniane,<br>e) zabytki techniki (w tym budownictwo przemys\u0142owe i in\u017cynieryjne),<br>f) zabytek dost\u0119pny,<br>g) kategoria specjalna: w\u0142a\u015bciwe u\u017cytkowanie i sta\u0142a opieka nad zabytkiem.<\/p>\n\n\n\n<p>W 2024 roku zosta\u0142a wprowadzona do konkursu nowa kategoria \u201ezabytek dost\u0119pny\u201d, kt\u00f3ra dedykowana jest pracom przeprowadzonym z uwzgl\u0119dnieniem rozwi\u0105za\u0144 s\u0142u\u017c\u0105cych przystosowaniu zabytk\u00f3w dla os\u00f3b ze szczeg\u00f3lnymi potrzebami.<\/p>\n\n\n\n<p>W tegorocznej edycji konkursu \u201eZabytek Zadbany\u201d zg\u0142oszono 78 obiekt\u00f3w \u2013 67 z nich przesz\u0142o etap oceny formalnej. Przeprowadzone przy nich prace badawcze, konserwatorskie, adaptacyjne i piel\u0119gnacyjno-porz\u0105dkowe zosta\u0142y poddane ocenie merytorycznej przez specjalist\u00f3w NID, a w nowo wprowadzonej kategorii \u201eZabytku dost\u0119pnego\u201d tak\u017ce przez specjalist\u00f3w Ministerstwa Funduszy i Polityki Regionalnej (w zakresie rozwi\u0105za\u0144 dla os\u00f3b ze szczeg\u00f3lnymi potrzebami).<\/p>\n\n\n\n<p>Ostateczn\u0105 ocen\u0119 zg\u0142oszonych do konkursu prac i werdykt o przyznaniu nagr\u00f3d \u201eZabytek Zadbany\u201d podejmuje Jury konkursu powo\u0142ane przez Generalnego Konserwatora Zabytk\u00f3w. Jury sk\u0142ada ze specjalist\u00f3w w dziedzinie konserwacji i ochrony zabytk\u00f3w.<\/p>\n\n\n\n<p><strong>Jury konkursu \u201eZabytek Zadbany\u201d w edycji 2024<\/strong>:<\/p>\n\n\n\n<ul class=\"wp-block-list\">\n<li>prof. dr hab. arch. Ma\u0142gorzata Rozbicka, architekt, w latach 2013-2017 dyrektor Narodowego Instytutu Dziedzictwa, wyk\u0142adowca Wydzia\u0142u Architektury Politechniki Warszawskiej, przewodnicz\u0105ca Jury<\/li>\n<\/ul>\n\n\n\n<ul class=\"wp-block-list\">\n<li>dr hab. szt. Monika Bogdanowska, prof. PK, konserwator dzie\u0142 sztuki, zast\u0119pca dyrektora Narodowego Instytutu Dziedzictwa, wyk\u0142adowca Wydzia\u0142u Architektury Politechniki Krakowskiej im. Tadeusza Ko\u015bciuszki, wiceprzewodnicz\u0105ca Jury<\/li>\n<\/ul>\n\n\n\n<ul class=\"wp-block-list\">\n<li>dr hab. in\u017c. Wojciech Eckert, prof. UZ, in\u017cynier budownictwa, wyk\u0142adowca Wydzia\u0142u Budownictwa, Architektury i In\u017cynierii \u015arodowiska Uniwersytetu Zielonog\u00f3rskiego, do 2023 roku kierownik NID Oddzia\u0142u Terenowego w Zielonej G\u00f3rze<\/li>\n<\/ul>\n\n\n\n<ul class=\"wp-block-list\">\n<li>dr Ma\u0142gorzata Gwiazdowska, historyk sztuki, w latach 1996-2018 Miejski Konserwator Zabytk\u00f3w w Szczecinie<\/li>\n<\/ul>\n\n\n\n<ul class=\"wp-block-list\">\n<li>dr Jerzy Ilkosz, historyk sztuki, w latach 2000-2022 dyrektor Muzeum Architektury we Wroc\u0142awiu<\/li>\n<\/ul>\n\n\n\n<ul class=\"wp-block-list\">\n<li>dr Maciej Prarat, konserwator zabytkoznawca, wyk\u0142adowca Wydzia\u0142u Sztuk Pi\u0119knych Uniwersytetu Miko\u0142aja Kopernika w Toruniu<\/li>\n<\/ul>\n\n\n\n<ul class=\"wp-block-list\">\n<li>dr hab. Miron Urbaniak, prof. UWr, zast\u0119pca dyrektora Instytutu Historycznego Uniwersytetu Wroc\u0142awskiego, ekspert w dziedzinie zabytk\u00f3w techniki<\/li>\n<\/ul>\n\n\n\n<p><strong>W tegorocznej edycji Jury obradowa\u0142o w sk\u0142adzie:<\/strong><\/p>\n\n\n\n<ul class=\"wp-block-list\">\n<li>prof. dr hab. in\u017c. arch. Ma\u0142gorzata Rozbicka, przewodnicz\u0105ca<\/li>\n\n\n\n<li>dr hab. Monika Bogdanowska, wiceprzewodnicz\u0105ca<\/li>\n\n\n\n<li>dr Ma\u0142gorzata Gwiazdowska<\/li>\n\n\n\n<li>dr Jerzy Ilkosz<\/li>\n\n\n\n<li>dr Maciej Prarat<\/li>\n\n\n\n<li>dr hab. Miron Urbaniak<\/li>\n<\/ul>\n\n\n\n<p>W 2024 roku przyznano 18 nagr\u00f3d w 6 kategoriach. 8 zabytk\u00f3w otrzyma\u0142o tytu\u0142 laureata konkursu \u201eZabytek Zadbany\u201d. Wyr\u00f3\u017cnienia przyznano 10 obiektom.<\/p>\n\n\n\n<p><strong>Kategoria utrwalenia warto\u015bci zabytkowej obiektu<\/strong><\/p>\n\n\n\n<p>Dwa r\u00f3wnorz\u0119dne tytu\u0142y laureat\u00f3w przyznano:<\/p>\n\n\n\n<ul class=\"wp-block-list\">\n<li><strong>Miastu Jelenia G\u00f3ra<\/strong> za kompleksowe prace konserwatorskie w zespole willi secesyjnej Maxa Erfurta w Jeleniej G\u00f3rze, wykonane na podstawie wszechstronnych bada\u0144 konserwatorskich, kt\u00f3re pozwoli\u0142y na wydobycie i zachowanie wysokich walor\u00f3w architektonicznych i artystycznych zespo\u0142u<\/li>\n<\/ul>\n\n\n\n<p><\/p>\n\n\n\n<figure class=\"wp-block-image aligncenter size-large\"><img loading=\"lazy\" decoding=\"async\" width=\"1024\" height=\"681\" src=\"https:\/\/nid.pl\/wp-content\/uploads\/2024\/07\/Kategoria-utrwalenia-wartosci-zabytkowej-obiektu-laureat-Miasto-Jelenia-Gora-fot.-NID-OT-Wroclaw-1024x681.jpg\" alt=\"\" class=\"wp-image-20428\" srcset=\"https:\/\/nid.pl\/wp-content\/uploads\/2024\/07\/Kategoria-utrwalenia-wartosci-zabytkowej-obiektu-laureat-Miasto-Jelenia-Gora-fot.-NID-OT-Wroclaw-980x652.jpg 980w, https:\/\/nid.pl\/wp-content\/uploads\/2024\/07\/Kategoria-utrwalenia-wartosci-zabytkowej-obiektu-laureat-Miasto-Jelenia-Gora-fot.-NID-OT-Wroclaw-480x319.jpg 480w\" sizes=\"(min-width: 0px) and (max-width: 480px) 480px, (min-width: 481px) and (max-width: 980px) 980px, (min-width: 981px) 1024px, 100vw\" \/><figcaption class=\"wp-element-caption\">Kategoria utrwalenia warto\u015bci zabytkowej obiektu, laureat Miasto Jelenia G\u00f3ra, fot. NID\/ ZZ OT Wroc\u0142aw<\/figcaption><\/figure>\n\n\n\n<figure class=\"wp-block-image aligncenter size-large\"><img loading=\"lazy\" decoding=\"async\" width=\"1024\" height=\"681\" src=\"https:\/\/nid.pl\/wp-content\/uploads\/2024\/07\/Kategoria-utrwalenia-wartosci-zabytkowej-obiektu-laureat-Miasto-Jelenia-Gora-fot.-NID-OT-Wroclaw-2-1024x681.jpg\" alt=\"\" class=\"wp-image-20430\" srcset=\"https:\/\/nid.pl\/wp-content\/uploads\/2024\/07\/Kategoria-utrwalenia-wartosci-zabytkowej-obiektu-laureat-Miasto-Jelenia-Gora-fot.-NID-OT-Wroclaw-2-980x652.jpg 980w, https:\/\/nid.pl\/wp-content\/uploads\/2024\/07\/Kategoria-utrwalenia-wartosci-zabytkowej-obiektu-laureat-Miasto-Jelenia-Gora-fot.-NID-OT-Wroclaw-2-480x319.jpg 480w\" sizes=\"(min-width: 0px) and (max-width: 480px) 480px, (min-width: 481px) and (max-width: 980px) 980px, (min-width: 981px) 1024px, 100vw\" \/><figcaption class=\"wp-element-caption\">Kategoria utrwalenia warto\u015bci zabytkowej obiektu, laureat Miasto Jelenia G\u00f3ra, fot. NID\/ ZZ OT Wroc\u0142aw<\/figcaption><\/figure>\n\n\n\n<ul class=\"wp-block-list\">\n<li><strong>Miastu Nowy Dw\u00f3r Mazowiecki<\/strong> za kompleksowe prace budowlane i konserwatorskie przeprowadzone z pe\u0142nym poszanowaniem substancji zabytkowej i formy architektonicznej kasyna oficerskiego w Twierdzy Modlin oraz za staranno\u015b\u0107 i konsekwencj\u0119 w przywracaniu historycznej kompozycji jego elewacji i wystroju wn\u0119trz<\/li>\n<\/ul>\n\n\n\n<figure class=\"wp-block-image aligncenter size-large\"><img loading=\"lazy\" decoding=\"async\" width=\"1024\" height=\"683\" src=\"https:\/\/nid.pl\/wp-content\/uploads\/2024\/07\/Kategoria-utrwalenia-wartosci-zabytkowej-obiektu-laureat-Miasto-Nowy-Dwor-Mazowiecki-fot.-NID-OT-Warszawa-1024x683.jpg\" alt=\"\" class=\"wp-image-20431\" srcset=\"https:\/\/nid.pl\/wp-content\/uploads\/2024\/07\/Kategoria-utrwalenia-wartosci-zabytkowej-obiektu-laureat-Miasto-Nowy-Dwor-Mazowiecki-fot.-NID-OT-Warszawa-980x653.jpg 980w, https:\/\/nid.pl\/wp-content\/uploads\/2024\/07\/Kategoria-utrwalenia-wartosci-zabytkowej-obiektu-laureat-Miasto-Nowy-Dwor-Mazowiecki-fot.-NID-OT-Warszawa-480x320.jpg 480w\" sizes=\"(min-width: 0px) and (max-width: 480px) 480px, (min-width: 481px) and (max-width: 980px) 980px, (min-width: 981px) 1024px, 100vw\" \/><figcaption class=\"wp-element-caption\">Kategoria utrwalenia warto\u015bci zabytkowej obiektu, laureat Miasto Nowy Dw\u00f3r Mazowiecki, fot. NID\/ ZZ OT Warszawa<\/figcaption><\/figure>\n\n\n\n<figure class=\"wp-block-image aligncenter size-large\"><img loading=\"lazy\" decoding=\"async\" width=\"1024\" height=\"683\" src=\"https:\/\/nid.pl\/wp-content\/uploads\/2024\/07\/A_laur_Nowy-Dwor-Maz_kasyno_fot-Miasto-Nowy-Dwor-Mazowiecki-1024x683.jpg\" alt=\"Kategoria utrwalenia warto\u015bci zabytkowej obiektu, laureat Miasto Nowy Dw\u00f3r Mazowiecki, fot. Miasto Nowy Dw\u00f3r Mazowiecki\" class=\"wp-image-20525\" srcset=\"https:\/\/nid.pl\/wp-content\/uploads\/2024\/07\/A_laur_Nowy-Dwor-Maz_kasyno_fot-Miasto-Nowy-Dwor-Mazowiecki-980x653.jpg 980w, https:\/\/nid.pl\/wp-content\/uploads\/2024\/07\/A_laur_Nowy-Dwor-Maz_kasyno_fot-Miasto-Nowy-Dwor-Mazowiecki-480x320.jpg 480w\" sizes=\"(min-width: 0px) and (max-width: 480px) 480px, (min-width: 481px) and (max-width: 980px) 980px, (min-width: 981px) 1024px, 100vw\" \/><figcaption class=\"wp-element-caption\">Kategoria utrwalenia warto\u015bci zabytkowej obiektu, laureat Miasto Nowy Dw\u00f3r Mazowiecki, fot. Miasto Nowy Dw\u00f3r Mazowiecki<\/figcaption><\/figure>\n\n\n\n<p>Wyr\u00f3\u017cnienia w kategorii utrwalenia warto\u015bci zabytkowej obiektu&nbsp;przyznano:<\/p>\n\n\n\n<ul class=\"wp-block-list\">\n<li><strong>Miastu \u0141\u00f3d\u017a<\/strong> za prace konserwatorskie przeprowadzone z pe\u0142nym poszanowaniem oryginalnej substancji kamienicy rezydencjonalnej Hilarego Majewskiego w \u0141odzi, w wyniku kt\u00f3rych uratowano zdekapitalizowany obiekt wraz z jego wystrojem i wyeksponowano walory artystyczne zabytku<\/li>\n<\/ul>\n\n\n\n<figure class=\"wp-block-image aligncenter size-large\"><img loading=\"lazy\" decoding=\"async\" width=\"683\" height=\"1024\" src=\"https:\/\/nid.pl\/wp-content\/uploads\/2024\/07\/Kategoria-utrwalenia-wartosci-zabytkowej-obiektu-wyroznienie-Miasto-Lodz-fot.-NID-OT-Lodz-683x1024.jpg\" alt=\"\" class=\"wp-image-20435\"\/><figcaption class=\"wp-element-caption\">Kategoria utrwalenia warto\u015bci zabytkowej obiektu, wyr\u00f3\u017cnienie Miasto \u0141\u00f3d\u017a, fot. Miasto \u0141\u00f3d\u017a<\/figcaption><\/figure>\n\n\n\n<figure class=\"wp-block-image aligncenter size-large\"><img loading=\"lazy\" decoding=\"async\" width=\"1024\" height=\"683\" src=\"https:\/\/nid.pl\/wp-content\/uploads\/2024\/07\/Kategoria-utrwalenia-wartosci-zabytkowej-obiektu-wyroznienie-Miasto-Lodz-fot.-Miasto-Lodz-1024x683.jpg\" alt=\"\" class=\"wp-image-20434\" srcset=\"https:\/\/nid.pl\/wp-content\/uploads\/2024\/07\/Kategoria-utrwalenia-wartosci-zabytkowej-obiektu-wyroznienie-Miasto-Lodz-fot.-Miasto-Lodz-980x653.jpg 980w, https:\/\/nid.pl\/wp-content\/uploads\/2024\/07\/Kategoria-utrwalenia-wartosci-zabytkowej-obiektu-wyroznienie-Miasto-Lodz-fot.-Miasto-Lodz-480x320.jpg 480w\" sizes=\"(min-width: 0px) and (max-width: 480px) 480px, (min-width: 481px) and (max-width: 980px) 980px, (min-width: 981px) 1024px, 100vw\" \/><figcaption class=\"wp-element-caption\">Kategoria utrwalenia warto\u015bci zabytkowej obiektu, wyr\u00f3\u017cnienie Miasto \u0141\u00f3d\u017a, fot. Miasto \u0141\u00f3d\u017a<\/figcaption><\/figure>\n\n\n\n<ul class=\"wp-block-list\">\n<li><strong>Zborowi w Szczecinie Ko\u015bcio\u0142a Chrze\u015bcijan Baptyst\u00f3w Rzeczypospolitej Polskiej<\/strong> za prace budowlane i konserwatorskie przeprowadzone w budynku z kaplic\u0105 baptyst\u00f3w w Szczecinie, kt\u00f3re pozwoli\u0142y na zachowanie integralno\u015bci zabytku oraz wydobycie jego walor\u00f3w artystycznych i u\u017cytkowych.<\/li>\n<\/ul>\n\n\n\n<figure class=\"wp-block-image aligncenter size-large\"><img loading=\"lazy\" decoding=\"async\" width=\"1024\" height=\"680\" src=\"https:\/\/nid.pl\/wp-content\/uploads\/2024\/07\/Kategoria-utrwalenia-wartosci-zabytkowej-obiektu-wyroznienie-Zbor-w-Szczecinie-Kosciola-Chrzescijan-Baptystow-Rzeczypospolitej-Polskiej-fot.-NID-OT-Szczecin-1024x680.jpg\" alt=\"\" class=\"wp-image-20436\" srcset=\"https:\/\/nid.pl\/wp-content\/uploads\/2024\/07\/Kategoria-utrwalenia-wartosci-zabytkowej-obiektu-wyroznienie-Zbor-w-Szczecinie-Kosciola-Chrzescijan-Baptystow-Rzeczypospolitej-Polskiej-fot.-NID-OT-Szczecin-980x651.jpg 980w, https:\/\/nid.pl\/wp-content\/uploads\/2024\/07\/Kategoria-utrwalenia-wartosci-zabytkowej-obiektu-wyroznienie-Zbor-w-Szczecinie-Kosciola-Chrzescijan-Baptystow-Rzeczypospolitej-Polskiej-fot.-NID-OT-Szczecin-480x319.jpg 480w\" sizes=\"(min-width: 0px) and (max-width: 480px) 480px, (min-width: 481px) and (max-width: 980px) 980px, (min-width: 981px) 1024px, 100vw\" \/><figcaption class=\"wp-element-caption\">Kategoria utrwalenia warto\u015bci zabytkowej obiektu, wyr\u00f3\u017cnienie Zb\u00f3r w Szczecinie Ko\u015bcio\u0142a Chrze\u015bcijan Baptyst\u00f3w Rzeczypospolitej Polskiej, fot. NID\/ ZZ OT Szczecin<\/figcaption><\/figure>\n\n\n\n<figure class=\"wp-block-image aligncenter size-large\"><img loading=\"lazy\" decoding=\"async\" width=\"1024\" height=\"680\" src=\"https:\/\/nid.pl\/wp-content\/uploads\/2024\/07\/Kategoria-utrwalenia-wartosci-zabytkowej-obiektu-wyroznienie-Zbor-w-Szczecinie-Kosciola-Chrzescijan-Baptystow-Rzeczypospolitej-Polskiej-fot.-NID-OT-Szczecin-2-1024x680.jpg\" alt=\"\" class=\"wp-image-20437\" srcset=\"https:\/\/nid.pl\/wp-content\/uploads\/2024\/07\/Kategoria-utrwalenia-wartosci-zabytkowej-obiektu-wyroznienie-Zbor-w-Szczecinie-Kosciola-Chrzescijan-Baptystow-Rzeczypospolitej-Polskiej-fot.-NID-OT-Szczecin-2-980x651.jpg 980w, https:\/\/nid.pl\/wp-content\/uploads\/2024\/07\/Kategoria-utrwalenia-wartosci-zabytkowej-obiektu-wyroznienie-Zbor-w-Szczecinie-Kosciola-Chrzescijan-Baptystow-Rzeczypospolitej-Polskiej-fot.-NID-OT-Szczecin-2-480x319.jpg 480w\" sizes=\"(min-width: 0px) and (max-width: 480px) 480px, (min-width: 481px) and (max-width: 980px) 980px, (min-width: 981px) 1024px, 100vw\" \/><figcaption class=\"wp-element-caption\">Kategoria utrwalenia warto\u015bci zabytkowej obiektu, wyr\u00f3\u017cnienie Zb\u00f3r w Szczecinie Ko\u015bcio\u0142a Chrze\u015bcijan Baptyst\u00f3w Rzeczypospolitej Polskiej, fot. NID\/ ZZ OT Szczecin<\/figcaption><\/figure>\n\n\n\n<p><strong>Kategoria rewaloryzacji przestrzeni kulturowej i krajobrazu<\/strong><\/p>\n\n\n\n<p>Tytu\u0142 laureata przyznano:<\/p>\n\n\n\n<ul class=\"wp-block-list\">\n<li><strong>Muzeum w Lewkowie \u2013 Zespo\u0142owi Pa\u0142acowo-Parkowego<\/strong> za kompleksowe prace budowlane, konserwatorskie i rewaloryzacyjne w cennym zespole pa\u0142acowo-parkowym doby klasycyzmu w Lewkowie, kt\u00f3re przywr\u00f3ci\u0142y mu dawn\u0105 \u015bwietno\u015b\u0107 i pozwoli\u0142y na ca\u0142o\u015bciowe udost\u0119pnienie mieszka\u0144com i turystom.<\/li>\n<\/ul>\n\n\n\n<figure class=\"wp-block-image aligncenter size-large\"><img loading=\"lazy\" decoding=\"async\" width=\"1024\" height=\"683\" src=\"https:\/\/nid.pl\/wp-content\/uploads\/2024\/07\/Kategoria-rewaloryzacji-przestrzeni-kulturowej-i-krajobrazu-laureat-Muzeum-w-Lewkowie-Zespol-Palacowo-Parkowy-fot.-NID-OT-Poznan-1024x683.jpg\" alt=\"\" class=\"wp-image-20438\" srcset=\"https:\/\/nid.pl\/wp-content\/uploads\/2024\/07\/Kategoria-rewaloryzacji-przestrzeni-kulturowej-i-krajobrazu-laureat-Muzeum-w-Lewkowie-Zespol-Palacowo-Parkowy-fot.-NID-OT-Poznan-980x653.jpg 980w, https:\/\/nid.pl\/wp-content\/uploads\/2024\/07\/Kategoria-rewaloryzacji-przestrzeni-kulturowej-i-krajobrazu-laureat-Muzeum-w-Lewkowie-Zespol-Palacowo-Parkowy-fot.-NID-OT-Poznan-480x320.jpg 480w\" sizes=\"(min-width: 0px) and (max-width: 480px) 480px, (min-width: 481px) and (max-width: 980px) 980px, (min-width: 981px) 1024px, 100vw\" \/><figcaption class=\"wp-element-caption\">Kategoria rewaloryzacji przestrzeni kulturowej i krajobrazu, laureat Muzeum w Lewkowie &#8211; Zesp\u00f3\u0142 Pa\u0142acowo-Parkowy, <br>fot. NID\/ ZZ OT Pozna\u0144<\/figcaption><\/figure>\n\n\n\n<figure class=\"wp-block-image aligncenter size-large\"><img loading=\"lazy\" decoding=\"async\" width=\"1024\" height=\"683\" src=\"https:\/\/nid.pl\/wp-content\/uploads\/2024\/07\/Kategoria-rewaloryzacji-przestrzeni-kulturowej-i-krajobrazu-laureat-Muzeum-w-Lewkowie-Zespol-Palacowo-Parkowy-fot.-NID-OT-Poznan-2-1024x683.jpg\" alt=\"\" class=\"wp-image-20439\" srcset=\"https:\/\/nid.pl\/wp-content\/uploads\/2024\/07\/Kategoria-rewaloryzacji-przestrzeni-kulturowej-i-krajobrazu-laureat-Muzeum-w-Lewkowie-Zespol-Palacowo-Parkowy-fot.-NID-OT-Poznan-2-980x653.jpg 980w, https:\/\/nid.pl\/wp-content\/uploads\/2024\/07\/Kategoria-rewaloryzacji-przestrzeni-kulturowej-i-krajobrazu-laureat-Muzeum-w-Lewkowie-Zespol-Palacowo-Parkowy-fot.-NID-OT-Poznan-2-480x320.jpg 480w\" sizes=\"(min-width: 0px) and (max-width: 480px) 480px, (min-width: 481px) and (max-width: 980px) 980px, (min-width: 981px) 1024px, 100vw\" \/><figcaption class=\"wp-element-caption\">Kategoria rewaloryzacji przestrzeni kulturowej i krajobrazu, laureat Muzeum w Lewkowie &#8211; Zesp\u00f3\u0142 Pa\u0142acowo-Parkowy, <br>fot. NID\/ ZZ OT Pozna\u0144<\/figcaption><\/figure>\n\n\n\n<p>Wyr\u00f3\u017cnienia w kategorii rewaloryzacji przestrzeni kulturowej i krajobrazu przyznano:<\/p>\n\n\n\n<ul class=\"wp-block-list\">\n<li><strong>Gminie Twardog\u00f3ra<\/strong> za przeprowadzenie prac zabezpieczaj\u0105cych i restauratorskich, dzi\u0119ki kt\u00f3rym zachowano zgodnie z zasadami konserwatorskimi oryginaln\u0105 substancj\u0119 i form\u0119 trwa\u0142ej ruiny pa\u0142acu w zespole pa\u0142acowo-parkowym w Goszczu oraz w pe\u0142ni udost\u0119pniono obiekt zwiedzaj\u0105cym<\/li>\n<\/ul>\n\n\n\n<figure class=\"wp-block-image aligncenter size-large\"><img loading=\"lazy\" decoding=\"async\" width=\"1024\" height=\"681\" src=\"https:\/\/nid.pl\/wp-content\/uploads\/2024\/07\/Kategoria-rewaloryzacji-przestrzeni-kulturowej-i-krajobrazu-wyroznienie-Gmina-Twardogora-fot.-NID-OT-Wroclaw-1024x681.jpg\" alt=\"\" class=\"wp-image-20440\" srcset=\"https:\/\/nid.pl\/wp-content\/uploads\/2024\/07\/Kategoria-rewaloryzacji-przestrzeni-kulturowej-i-krajobrazu-wyroznienie-Gmina-Twardogora-fot.-NID-OT-Wroclaw-980x652.jpg 980w, https:\/\/nid.pl\/wp-content\/uploads\/2024\/07\/Kategoria-rewaloryzacji-przestrzeni-kulturowej-i-krajobrazu-wyroznienie-Gmina-Twardogora-fot.-NID-OT-Wroclaw-480x319.jpg 480w\" sizes=\"(min-width: 0px) and (max-width: 480px) 480px, (min-width: 481px) and (max-width: 980px) 980px, (min-width: 981px) 1024px, 100vw\" \/><figcaption class=\"wp-element-caption\">Kategoria rewaloryzacji przestrzeni kulturowej i krajobrazu, wyr\u00f3\u017cnienie Gmina Twardog\u00f3ra, fot. NID\/ ZZ OT Wroc\u0142aw<\/figcaption><\/figure>\n\n\n\n<figure class=\"wp-block-image aligncenter size-large\"><img loading=\"lazy\" decoding=\"async\" width=\"1024\" height=\"660\" src=\"https:\/\/nid.pl\/wp-content\/uploads\/2024\/07\/Kategoria-rewaloryzacji-przestrzeni-kulturowej-i-krajobrazu-wyroznienie-Gmina-Twardogora-fot.-NID-OT-Wroclaw-2-1024x660.jpg\" alt=\"\" class=\"wp-image-20441\" srcset=\"https:\/\/nid.pl\/wp-content\/uploads\/2024\/07\/Kategoria-rewaloryzacji-przestrzeni-kulturowej-i-krajobrazu-wyroznienie-Gmina-Twardogora-fot.-NID-OT-Wroclaw-2-980x632.jpg 980w, https:\/\/nid.pl\/wp-content\/uploads\/2024\/07\/Kategoria-rewaloryzacji-przestrzeni-kulturowej-i-krajobrazu-wyroznienie-Gmina-Twardogora-fot.-NID-OT-Wroclaw-2-480x309.jpg 480w\" sizes=\"(min-width: 0px) and (max-width: 480px) 480px, (min-width: 481px) and (max-width: 980px) 980px, (min-width: 981px) 1024px, 100vw\" \/><figcaption class=\"wp-element-caption\">Kategoria rewaloryzacji przestrzeni kulturowej i krajobrazu, wyr\u00f3\u017cnienie Gmina Twardog\u00f3ra, fot. NID\/ ZZ OT Wroc\u0142aw<\/figcaption><\/figure>\n\n\n\n<ul class=\"wp-block-list\">\n<li><strong>Muzeum Ma\u0142opolski Zachodniej w Wygie\u0142zowie<\/strong> za konsekwentn\u0105, etapow\u0105 realizacj\u0119 prac, dzi\u0119ki kt\u00f3rym zabezpieczono i udost\u0119pniono ruiny zamku Lipowiec w Babicach oraz utrwalono je w miejscowym krajobrazie kulturowym.<\/li>\n<\/ul>\n\n\n\n<figure class=\"wp-block-image aligncenter size-large\"><img loading=\"lazy\" decoding=\"async\" width=\"1024\" height=\"683\" src=\"https:\/\/nid.pl\/wp-content\/uploads\/2024\/07\/Kategoria-rewaloryzacji-przestrzeni-kulturowej-i-krajobrazu-wyroznienie-Muzeum-Malopolski-Zachodniej-w-Wygielzowie-fot.-NID-OT-Krakow-1024x683.jpg\" alt=\"\" class=\"wp-image-20442\" srcset=\"https:\/\/nid.pl\/wp-content\/uploads\/2024\/07\/Kategoria-rewaloryzacji-przestrzeni-kulturowej-i-krajobrazu-wyroznienie-Muzeum-Malopolski-Zachodniej-w-Wygielzowie-fot.-NID-OT-Krakow-980x653.jpg 980w, https:\/\/nid.pl\/wp-content\/uploads\/2024\/07\/Kategoria-rewaloryzacji-przestrzeni-kulturowej-i-krajobrazu-wyroznienie-Muzeum-Malopolski-Zachodniej-w-Wygielzowie-fot.-NID-OT-Krakow-480x320.jpg 480w\" sizes=\"(min-width: 0px) and (max-width: 480px) 480px, (min-width: 481px) and (max-width: 980px) 980px, (min-width: 981px) 1024px, 100vw\" \/><figcaption class=\"wp-element-caption\">Kategoria rewaloryzacji przestrzeni kulturowej i krajobrazu, wyr\u00f3\u017cnienie Muzeum Ma\u0142opolski Zachodniej w Wygie\u0142zowie, <br>fot. NID\/ ZZ OT Krak\u00f3w<\/figcaption><\/figure>\n\n\n\n<figure class=\"wp-block-image aligncenter size-large\"><img loading=\"lazy\" decoding=\"async\" width=\"1024\" height=\"681\" src=\"https:\/\/nid.pl\/wp-content\/uploads\/2024\/07\/B_wyroz_Lipowiec_zamek_fot-Michal-Wolarek-1024x681.jpg\" alt=\"Kategoria rewaloryzacji przestrzeni kulturowej i krajobrazu, wyr\u00f3\u017cnienie Muzeum Ma\u0142opolski Zachodniej w Wygie\u0142zowie, fot. Micha\u0142 Wolarek \" class=\"wp-image-20528\" srcset=\"https:\/\/nid.pl\/wp-content\/uploads\/2024\/07\/B_wyroz_Lipowiec_zamek_fot-Michal-Wolarek-980x652.jpg 980w, https:\/\/nid.pl\/wp-content\/uploads\/2024\/07\/B_wyroz_Lipowiec_zamek_fot-Michal-Wolarek-480x319.jpg 480w\" sizes=\"(min-width: 0px) and (max-width: 480px) 480px, (min-width: 481px) and (max-width: 980px) 980px, (min-width: 981px) 1024px, 100vw\" \/><figcaption class=\"wp-element-caption\">Kategoria rewaloryzacji przestrzeni kulturowej i krajobrazu, wyr\u00f3\u017cnienie Muzeum Ma\u0142opolski Zachodniej w Wygie\u0142zowie, <br>fot. Micha\u0142 Wolarek <\/figcaption><\/figure>\n\n\n\n<p><strong>Kategoria adaptacji obiekt\u00f3w zabytkowych<\/strong><\/p>\n\n\n\n<p>Tytu\u0142 laureata przyznano:<\/p>\n\n\n\n<ul class=\"wp-block-list\">\n<li><strong>Euro Styl Montownia &#8211; Sp\u00f3\u0142ce z ograniczon\u0105 odpowiedzialno\u015bci\u0105<\/strong> za prace konserwatorskie i adaptacyjne przeprowadzone z du\u017cym szacunkiem dla oryginalnej formy architektonicznej i substancji materialnej budynku produkcyjno-magazynowego na terenie dawnej Stoczni Gda\u0144skiej, obecnie Montowni Lofts &amp; Experience, z zachowaniem w obiekcie historycznych nawarstwie\u0144 oraz licznych oryginalnych detali i urz\u0105dze\u0144.<\/li>\n<\/ul>\n\n\n\n<figure class=\"wp-block-image aligncenter size-large\"><img loading=\"lazy\" decoding=\"async\" width=\"1024\" height=\"737\" src=\"https:\/\/nid.pl\/wp-content\/uploads\/2024\/07\/Kategoria-adaptacji-obiektow-zabyktowych-laureat-Euro-Styl-Montownia-Spolka-z-ograniczona-odpowiedzialnoscia-fot.-Euro-Styl-Montownia-Spolka-z-ograniczona-odpowiedzialnoscia-2-1024x737.jpg\" alt=\"\" class=\"wp-image-20446\" srcset=\"https:\/\/nid.pl\/wp-content\/uploads\/2024\/07\/Kategoria-adaptacji-obiektow-zabyktowych-laureat-Euro-Styl-Montownia-Spolka-z-ograniczona-odpowiedzialnoscia-fot.-Euro-Styl-Montownia-Spolka-z-ograniczona-odpowiedzialnoscia-2-980x705.jpg 980w, https:\/\/nid.pl\/wp-content\/uploads\/2024\/07\/Kategoria-adaptacji-obiektow-zabyktowych-laureat-Euro-Styl-Montownia-Spolka-z-ograniczona-odpowiedzialnoscia-fot.-Euro-Styl-Montownia-Spolka-z-ograniczona-odpowiedzialnoscia-2-480x345.jpg 480w\" sizes=\"(min-width: 0px) and (max-width: 480px) 480px, (min-width: 481px) and (max-width: 980px) 980px, (min-width: 981px) 1024px, 100vw\" \/><figcaption class=\"wp-element-caption\">Kategoria adaptacji obiekt\u00f3w zabytkowych, laureat Euro Styl Montownia &#8211; Sp\u00f3\u0142ka z ograniczon\u0105 odpowiedzialno\u015bci\u0105, <br>fot. Euro Styl Montownia &#8211; Sp\u00f3\u0142ka z o.o.<\/figcaption><\/figure>\n\n\n\n<figure class=\"wp-block-image aligncenter size-large\"><img loading=\"lazy\" decoding=\"async\" width=\"1024\" height=\"683\" src=\"https:\/\/nid.pl\/wp-content\/uploads\/2024\/07\/Kategoria-adaptacji-obiektow-zabyktowych-laureat-Euro-Styl-Montownia-Spolka-z-ograniczona-odpowiedzialnoscia-fot.-Euro-Styl-Montownia-Spolka-z-ograniczona-odpowiedzialnoscia-1024x683.jpg\" alt=\"\" class=\"wp-image-20444\" srcset=\"https:\/\/nid.pl\/wp-content\/uploads\/2024\/07\/Kategoria-adaptacji-obiektow-zabyktowych-laureat-Euro-Styl-Montownia-Spolka-z-ograniczona-odpowiedzialnoscia-fot.-Euro-Styl-Montownia-Spolka-z-ograniczona-odpowiedzialnoscia-980x653.jpg 980w, https:\/\/nid.pl\/wp-content\/uploads\/2024\/07\/Kategoria-adaptacji-obiektow-zabyktowych-laureat-Euro-Styl-Montownia-Spolka-z-ograniczona-odpowiedzialnoscia-fot.-Euro-Styl-Montownia-Spolka-z-ograniczona-odpowiedzialnoscia-480x320.jpg 480w\" sizes=\"(min-width: 0px) and (max-width: 480px) 480px, (min-width: 481px) and (max-width: 980px) 980px, (min-width: 981px) 1024px, 100vw\" \/><figcaption class=\"wp-element-caption\">Kategoria adaptacji obiekt\u00f3w zabytkowych, laureat Euro Styl Montownia &#8211; Sp\u00f3\u0142ka z ograniczon\u0105 odpowiedzialno\u015bci\u0105, <br>fot. Euro Styl Montownia &#8211; Sp\u00f3\u0142ka z o.o.<\/figcaption><\/figure>\n\n\n\n<p>Wyr\u00f3\u017cnienia w kategorii adaptacji obiekt\u00f3w zabytkowych przyznano:<\/p>\n\n\n\n<ul class=\"wp-block-list\">\n<li><strong>Kampinoskiemu Parkowi Narodowemu<\/strong> za przywr\u00f3cenie w\u0142a\u015bciwego stanu technicznego, zachowanie historycznego charakteru i formy architektonicznej zespo\u0142u drewnianej zabudowy le\u015bnicz\u00f3wki w Granicy oraz nadanie mu nowych funkcji u\u017cytkowych<\/li>\n<\/ul>\n\n\n\n<figure class=\"wp-block-image aligncenter size-large\"><img loading=\"lazy\" decoding=\"async\" width=\"1024\" height=\"768\" src=\"https:\/\/nid.pl\/wp-content\/uploads\/2024\/07\/Kategoria-adaptacji-obiektow-zabyktowych-wyroznienie-Kampinoski-Park-Narodowy-fot.-NID-OT-Warszawa-1024x768.jpg\" alt=\"\" class=\"wp-image-20447\" srcset=\"https:\/\/nid.pl\/wp-content\/uploads\/2024\/07\/Kategoria-adaptacji-obiektow-zabyktowych-wyroznienie-Kampinoski-Park-Narodowy-fot.-NID-OT-Warszawa-980x735.jpg 980w, https:\/\/nid.pl\/wp-content\/uploads\/2024\/07\/Kategoria-adaptacji-obiektow-zabyktowych-wyroznienie-Kampinoski-Park-Narodowy-fot.-NID-OT-Warszawa-480x360.jpg 480w\" sizes=\"(min-width: 0px) and (max-width: 480px) 480px, (min-width: 481px) and (max-width: 980px) 980px, (min-width: 981px) 1024px, 100vw\" \/><figcaption class=\"wp-element-caption\">Kategoria adaptacji obiekt\u00f3w zabytkowych, wyr\u00f3\u017cnienie Kampinoski Park Narodowy, fot. NID\/ ZZ OT Warszawa<\/figcaption><\/figure>\n\n\n\n<figure class=\"wp-block-image aligncenter size-large\"><img loading=\"lazy\" decoding=\"async\" width=\"1024\" height=\"768\" src=\"https:\/\/nid.pl\/wp-content\/uploads\/2024\/07\/Kategoria-adaptacji-obiektow-zabyktowych-wyroznienie-Kampinoski-Park-Narodowy-fot.-NID-OT-Warszawa-2-1024x768.jpg\" alt=\"\" class=\"wp-image-20448\" srcset=\"https:\/\/nid.pl\/wp-content\/uploads\/2024\/07\/Kategoria-adaptacji-obiektow-zabyktowych-wyroznienie-Kampinoski-Park-Narodowy-fot.-NID-OT-Warszawa-2-980x735.jpg 980w, https:\/\/nid.pl\/wp-content\/uploads\/2024\/07\/Kategoria-adaptacji-obiektow-zabyktowych-wyroznienie-Kampinoski-Park-Narodowy-fot.-NID-OT-Warszawa-2-480x360.jpg 480w\" sizes=\"(min-width: 0px) and (max-width: 480px) 480px, (min-width: 481px) and (max-width: 980px) 980px, (min-width: 981px) 1024px, 100vw\" \/><figcaption class=\"wp-element-caption\">Kategoria adaptacji obiekt\u00f3w zabytkowych, wyr\u00f3\u017cnienie Kampinoski Park Narodowy, fot. NID\/ ZZ OT Warszawa<\/figcaption><\/figure>\n\n\n\n<ul class=\"wp-block-list\">\n<li><strong>Gminie Olkusz<\/strong> za wysoki poziom wykonanych prac budowlanych i konserwatorskich oraz udan\u0105 adaptacj\u0119 do nowych funkcji budynku dawnego starostwa \u2013 wraz z piwnicami kwarta\u0142u kr\u00f3lewskiego \u2013 i gotyckich piwnic ratuszowych w Olkuszu,<\/li>\n<\/ul>\n\n\n\n<figure class=\"wp-block-image aligncenter size-large\"><img loading=\"lazy\" decoding=\"async\" width=\"1024\" height=\"682\" src=\"https:\/\/nid.pl\/wp-content\/uploads\/2024\/07\/C_wyroz_Olkusz-fot-Gmina-Olkusz-1024x682.jpg\" alt=\"Kategoria adaptacji obiekt\u00f3w zabytkowych, wyr\u00f3\u017cnienie Gmina Olkusz, fot. Gmina Olkusz\" class=\"wp-image-20472\" srcset=\"https:\/\/nid.pl\/wp-content\/uploads\/2024\/07\/C_wyroz_Olkusz-fot-Gmina-Olkusz-1024x682.jpg 1024w, https:\/\/nid.pl\/wp-content\/uploads\/2024\/07\/C_wyroz_Olkusz-fot-Gmina-Olkusz-980x653.jpg 980w, https:\/\/nid.pl\/wp-content\/uploads\/2024\/07\/C_wyroz_Olkusz-fot-Gmina-Olkusz-480x320.jpg 480w\" sizes=\"(min-width: 0px) and (max-width: 480px) 480px, (min-width: 481px) and (max-width: 980px) 980px, (min-width: 981px) 1024px, 100vw\" \/><figcaption class=\"wp-element-caption\">Kategoria adaptacji obiekt\u00f3w zabytkowych, wyr\u00f3\u017cnienie Gmina Olkusz, fot. Gmina Olkusz<\/figcaption><\/figure>\n\n\n\n<figure class=\"wp-block-image aligncenter size-large\"><img loading=\"lazy\" decoding=\"async\" width=\"1024\" height=\"1024\" src=\"https:\/\/nid.pl\/wp-content\/uploads\/2024\/07\/Kategoria-adaptacji-obiektow-zabyktowych-wyroznienie-Gmina-Olkusz-fot.-NID-OT-Krakow-2-1024x1024.jpg\" alt=\"\" class=\"wp-image-20450\" srcset=\"https:\/\/nid.pl\/wp-content\/uploads\/2024\/07\/Kategoria-adaptacji-obiektow-zabyktowych-wyroznienie-Gmina-Olkusz-fot.-NID-OT-Krakow-2-980x980.jpg 980w, https:\/\/nid.pl\/wp-content\/uploads\/2024\/07\/Kategoria-adaptacji-obiektow-zabyktowych-wyroznienie-Gmina-Olkusz-fot.-NID-OT-Krakow-2-480x480.jpg 480w\" sizes=\"(min-width: 0px) and (max-width: 480px) 480px, (min-width: 481px) and (max-width: 980px) 980px, (min-width: 981px) 1024px, 100vw\" \/><figcaption class=\"wp-element-caption\">Kategoria adaptacji obiekt\u00f3w zabytkowych, wyr\u00f3\u017cnienie Gmina Olkusz, fot. NID\/ ZZ OT Krak\u00f3w<\/figcaption><\/figure>\n\n\n\n<ul class=\"wp-block-list\">\n<li><strong>Uniwersytetowi WSB Merito w Poznaniu<\/strong> za prace budowlane i konserwatorskie oraz przystosowanie historycznych budynk\u00f3w pokoszarowych przy ul. Franciszka Ratajczaka 1 i 3 w Poznaniu do nowej funkcji biurowo-dydaktycznej i wsp\u00f3\u0142czesnych wymog\u00f3w funkcjonalno-u\u017cytkowych.<\/li>\n<\/ul>\n\n\n\n<figure class=\"wp-block-image size-large\"><img loading=\"lazy\" decoding=\"async\" width=\"1024\" height=\"683\" src=\"https:\/\/nid.pl\/wp-content\/uploads\/2024\/07\/Kategoria-adaptacji-obiektow-zabyktowych-wyroznienie-Gmina-Olkusz-fot.-NID-OT-Krakow-3-1-1024x683.jpg\" alt=\"Kategoria adaptacji obiekt\u00f3w zabytkowych, wyr\u00f3\u017cnienie Uniwersytet WSB Merito w Poznaniu, fot. NID\/ ZZ OT Pozna\u0144\" class=\"wp-image-20476\" srcset=\"https:\/\/nid.pl\/wp-content\/uploads\/2024\/07\/Kategoria-adaptacji-obiektow-zabyktowych-wyroznienie-Gmina-Olkusz-fot.-NID-OT-Krakow-3-1-980x654.jpg 980w, https:\/\/nid.pl\/wp-content\/uploads\/2024\/07\/Kategoria-adaptacji-obiektow-zabyktowych-wyroznienie-Gmina-Olkusz-fot.-NID-OT-Krakow-3-1-480x320.jpg 480w\" sizes=\"(min-width: 0px) and (max-width: 480px) 480px, (min-width: 481px) and (max-width: 980px) 980px, (min-width: 981px) 1024px, 100vw\" \/><figcaption class=\"wp-element-caption\">Kategoria adaptacji obiekt\u00f3w zabytkowych, wyr\u00f3\u017cnienie Uniwersytet WSB Merito w Poznaniu, fot. NID\/ ZZ OT Pozna\u0144<\/figcaption><\/figure>\n\n\n\n<figure class=\"wp-block-image aligncenter size-large\"><img loading=\"lazy\" decoding=\"async\" width=\"1024\" height=\"1024\" src=\"https:\/\/nid.pl\/wp-content\/uploads\/2024\/07\/Kategoria-adaptacji-obiektow-zabyktowych-wyroznienie-Uniwersytet-WSB-Merito-w-Poznaniu-fot.-NID-1024x1024.jpg\" alt=\"\" class=\"wp-image-20452\" srcset=\"https:\/\/nid.pl\/wp-content\/uploads\/2024\/07\/Kategoria-adaptacji-obiektow-zabyktowych-wyroznienie-Uniwersytet-WSB-Merito-w-Poznaniu-fot.-NID-980x980.jpg 980w, https:\/\/nid.pl\/wp-content\/uploads\/2024\/07\/Kategoria-adaptacji-obiektow-zabyktowych-wyroznienie-Uniwersytet-WSB-Merito-w-Poznaniu-fot.-NID-480x480.jpg 480w\" sizes=\"(min-width: 0px) and (max-width: 480px) 480px, (min-width: 481px) and (max-width: 980px) 980px, (min-width: 981px) 1024px, 100vw\" \/><figcaption class=\"wp-element-caption\">Kategoria adaptacji obiekt\u00f3w zabytkowych, wyr\u00f3\u017cnienie Uniwersytet WSB Merito w Poznaniu, fot. NID\/ ZZ OT Pozna\u0144<\/figcaption><\/figure>\n\n\n\n<p><strong>Kategoria architektury i budownictwa drewnianego<\/strong><\/p>\n\n\n\n<p>Tytu\u0142 laureata przyznano:<\/p>\n\n\n\n<ul class=\"wp-block-list\">\n<li><strong>Parafii Rzymskokatolickiej Naj\u015bwi\u0119tszego Serca Pana Jezusa w Rzepinie<\/strong> za pe\u0142ne rozpoznanie badawcze, wzorcowe prace konserwatorsko-restauratorskie przeprowadzone z wykorzystaniem tradycyjnych technik budowlanych i za zachowanie autentyzmu substancji zabytkowej ko\u015bcio\u0142a filialnego Podwy\u017cszenia Krzy\u017ca \u015awi\u0119tego w Lubiechni Ma\u0142ej.<\/li>\n<\/ul>\n\n\n\n<figure class=\"wp-block-image aligncenter size-large\"><img loading=\"lazy\" decoding=\"async\" width=\"1024\" height=\"680\" src=\"https:\/\/nid.pl\/wp-content\/uploads\/2024\/07\/Kategoria-architektury-i-budownictwa-drewnianego-laureat-Parafia-Rzymskokatolicka-Najswietszego-Serca-Pana-Jezusa-w-Rzepinie-fot.-NID-OT-Zielona-Gora-1024x680.jpg\" alt=\"\" class=\"wp-image-20453\" srcset=\"https:\/\/nid.pl\/wp-content\/uploads\/2024\/07\/Kategoria-architektury-i-budownictwa-drewnianego-laureat-Parafia-Rzymskokatolicka-Najswietszego-Serca-Pana-Jezusa-w-Rzepinie-fot.-NID-OT-Zielona-Gora-980x651.jpg 980w, https:\/\/nid.pl\/wp-content\/uploads\/2024\/07\/Kategoria-architektury-i-budownictwa-drewnianego-laureat-Parafia-Rzymskokatolicka-Najswietszego-Serca-Pana-Jezusa-w-Rzepinie-fot.-NID-OT-Zielona-Gora-480x319.jpg 480w\" sizes=\"(min-width: 0px) and (max-width: 480px) 480px, (min-width: 481px) and (max-width: 980px) 980px, (min-width: 981px) 1024px, 100vw\" \/><figcaption class=\"wp-element-caption\">Kategoria architektury i budownictwa drewnianego, laureat Parafia Rzymskokatolicka Naj\u015bwi\u0119tszego Serca Pana Jezusa w Rzepinie, <br>fot. NID\/ ZZ OT Zielona G\u00f3ra<\/figcaption><\/figure>\n\n\n\n<figure class=\"wp-block-image aligncenter size-large\"><img loading=\"lazy\" decoding=\"async\" width=\"1024\" height=\"680\" src=\"https:\/\/nid.pl\/wp-content\/uploads\/2024\/07\/Kategoria-architektury-i-budownictwa-drewnianego-laureat-Parafia-Rzymskokatolicka-Najswietszego-Serca-Pana-Jezusa-w-Rzepinie-fot.-NID-OT-Zielona-Gora-2-1024x680.jpg\" alt=\"\" class=\"wp-image-20454\" srcset=\"https:\/\/nid.pl\/wp-content\/uploads\/2024\/07\/Kategoria-architektury-i-budownictwa-drewnianego-laureat-Parafia-Rzymskokatolicka-Najswietszego-Serca-Pana-Jezusa-w-Rzepinie-fot.-NID-OT-Zielona-Gora-2-980x651.jpg 980w, https:\/\/nid.pl\/wp-content\/uploads\/2024\/07\/Kategoria-architektury-i-budownictwa-drewnianego-laureat-Parafia-Rzymskokatolicka-Najswietszego-Serca-Pana-Jezusa-w-Rzepinie-fot.-NID-OT-Zielona-Gora-2-480x319.jpg 480w\" sizes=\"(min-width: 0px) and (max-width: 480px) 480px, (min-width: 481px) and (max-width: 980px) 980px, (min-width: 981px) 1024px, 100vw\" \/><figcaption class=\"wp-element-caption\">Kategoria architektury i budownictwa drewnianego, laureat Parafia Rzymskokatolicka Naj\u015bwi\u0119tszego Serca Pana Jezusa w Rzepinie, <br>fot. NID\/ ZZ OT Zielona G\u00f3ra<\/figcaption><\/figure>\n\n\n\n<p>Wyr\u00f3\u017cnienia w kategorii architektury i budownictwa drewnianego przyznano:<\/p>\n\n\n\n<ul class=\"wp-block-list\">\n<li><strong>Uzdrowisku Gocza\u0142kowice-Zdr\u00f3j &#8211; Sp\u00f3\u0142ce z ograniczon\u0105 odpowiedzialno\u015bci\u0105 za<\/strong> uczytelnienie warto\u015bci zabytkowych, przywr\u00f3cenie pierwotnej funkcji oraz popraw\u0119 stanu technicznego i walor\u00f3w estetycznych pawilonu Starej Pijalni w Gocza\u0142kowicach-Zdroju<\/li>\n<\/ul>\n\n\n\n<figure class=\"wp-block-image aligncenter size-large\"><img loading=\"lazy\" decoding=\"async\" width=\"1024\" height=\"683\" src=\"https:\/\/nid.pl\/wp-content\/uploads\/2024\/07\/Kategoria-architektury-i-budownictwa-drewnianego-wyroznienie-Uzdrowisko-Goczalkowice-Zdroj-Spolka-z-ograniczona-odpowiedzialnoscia-fot.-NID-OT-Katowice-1024x683.jpg\" alt=\"\" class=\"wp-image-20455\" srcset=\"https:\/\/nid.pl\/wp-content\/uploads\/2024\/07\/Kategoria-architektury-i-budownictwa-drewnianego-wyroznienie-Uzdrowisko-Goczalkowice-Zdroj-Spolka-z-ograniczona-odpowiedzialnoscia-fot.-NID-OT-Katowice-980x654.jpg 980w, https:\/\/nid.pl\/wp-content\/uploads\/2024\/07\/Kategoria-architektury-i-budownictwa-drewnianego-wyroznienie-Uzdrowisko-Goczalkowice-Zdroj-Spolka-z-ograniczona-odpowiedzialnoscia-fot.-NID-OT-Katowice-480x320.jpg 480w\" sizes=\"(min-width: 0px) and (max-width: 480px) 480px, (min-width: 481px) and (max-width: 980px) 980px, (min-width: 981px) 1024px, 100vw\" \/><figcaption class=\"wp-element-caption\">Kategoria architektury i budownictwa drewnianego, wyr\u00f3\u017cnienie Uzdrowisko Gocza\u0142kowice-Zdr\u00f3j &#8211; Sp\u00f3\u0142ka z o.o., <br>fot. NID\/ ZZ OT Katowice<\/figcaption><\/figure>\n\n\n\n<figure class=\"wp-block-image aligncenter size-large\"><img loading=\"lazy\" decoding=\"async\" width=\"1024\" height=\"683\" src=\"https:\/\/nid.pl\/wp-content\/uploads\/2024\/07\/Kategoria-architektury-i-budownictwa-drewnianego-wyroznienie-Uzdrowisko-Goczalkowice-Zdroj-Spolka-z-ograniczona-odpowiedzialnoscia-fot.-NID-OT-Katowice-2-1024x683.jpg\" alt=\"\" class=\"wp-image-20456\" srcset=\"https:\/\/nid.pl\/wp-content\/uploads\/2024\/07\/Kategoria-architektury-i-budownictwa-drewnianego-wyroznienie-Uzdrowisko-Goczalkowice-Zdroj-Spolka-z-ograniczona-odpowiedzialnoscia-fot.-NID-OT-Katowice-2-980x654.jpg 980w, https:\/\/nid.pl\/wp-content\/uploads\/2024\/07\/Kategoria-architektury-i-budownictwa-drewnianego-wyroznienie-Uzdrowisko-Goczalkowice-Zdroj-Spolka-z-ograniczona-odpowiedzialnoscia-fot.-NID-OT-Katowice-2-480x320.jpg 480w\" sizes=\"(min-width: 0px) and (max-width: 480px) 480px, (min-width: 481px) and (max-width: 980px) 980px, (min-width: 981px) 1024px, 100vw\" \/><figcaption class=\"wp-element-caption\">Kategoria architektury i budownictwa drewnianego, wyr\u00f3\u017cnienie Uzdrowisko Gocza\u0142kowice-Zdr\u00f3j &#8211; Sp\u00f3\u0142ka z o.o., <br>fot. NID\/ ZZ OT Katowice<\/figcaption><\/figure>\n\n\n\n<ul class=\"wp-block-list\">\n<li><strong>Lasom Miejskim \u2013 Warszawa<\/strong> za prace budowlane i konserwatorskie wykonane z zastosowaniem dawnych rozwi\u0105za\u0144 materia\u0142owych i konstrukcyjnych, z poszanowaniem pierwotnej formy, wystroju i wyposa\u017cenia wn\u0119trz le\u015bnicz\u00f3wki przy ul. Rydzowej 1 w Warszawie,<\/li>\n<\/ul>\n\n\n\n<figure class=\"wp-block-image aligncenter size-large\"><img loading=\"lazy\" decoding=\"async\" width=\"1024\" height=\"768\" src=\"https:\/\/nid.pl\/wp-content\/uploads\/2024\/07\/Kategoria-architektury-i-budownictwa-drewnianego-wyroznienie-Lasy-Miejskie-Warszawa-fot.-NID-OT-Warszawa-1024x768.jpg\" alt=\"\" class=\"wp-image-20457\" srcset=\"https:\/\/nid.pl\/wp-content\/uploads\/2024\/07\/Kategoria-architektury-i-budownictwa-drewnianego-wyroznienie-Lasy-Miejskie-Warszawa-fot.-NID-OT-Warszawa-980x735.jpg 980w, https:\/\/nid.pl\/wp-content\/uploads\/2024\/07\/Kategoria-architektury-i-budownictwa-drewnianego-wyroznienie-Lasy-Miejskie-Warszawa-fot.-NID-OT-Warszawa-480x360.jpg 480w\" sizes=\"(min-width: 0px) and (max-width: 480px) 480px, (min-width: 481px) and (max-width: 980px) 980px, (min-width: 981px) 1024px, 100vw\" \/><figcaption class=\"wp-element-caption\">Kategoria architektury i budownictwa drewnianego, wyr\u00f3\u017cnienie Lasy Miejskie &#8211; Warszawa, fot. NID\/ ZZ OT Warszawa<\/figcaption><\/figure>\n\n\n\n<figure class=\"wp-block-image aligncenter size-large\"><img loading=\"lazy\" decoding=\"async\" width=\"768\" height=\"1024\" src=\"https:\/\/nid.pl\/wp-content\/uploads\/2024\/07\/Kategoria-architektury-i-budownictwa-drewnianego-wyroznienie-Lasy-Miejskie-Warszawa-fot.-NID-OT-Warszawa-2-768x1024.jpg\" alt=\"\" class=\"wp-image-20458\"\/><figcaption class=\"wp-element-caption\">Kategoria architektury i budownictwa drewnianego, wyr\u00f3\u017cnienie Lasy Miejskie &#8211; Warszawa, fot. NID\/ ZZ OT Warszawa<\/figcaption><\/figure>\n\n\n\n<ul class=\"wp-block-list\">\n<li><strong>Parafii Rzymskokatolickiej \u015awi\u0119tej Anny w Jaktorowie<\/strong> za prace budowlane i konserwatorskie w ko\u015bciele parafialnym \u015awi\u0119tej Anny w Jaktorowie, w wyniku kt\u00f3rych zatrzymano procesy destrukcji nietypowej zdwojonej konstrukcji \u015bcian oraz wyeksponowano warto\u015bci estetyczne i artystyczne obiektu.<\/li>\n<\/ul>\n\n\n\n<figure class=\"wp-block-image aligncenter size-large\"><img loading=\"lazy\" decoding=\"async\" width=\"683\" height=\"1024\" src=\"https:\/\/nid.pl\/wp-content\/uploads\/2024\/07\/Kategoria-architektury-i-budownictwa-drewnianego-wyroznienie-Parafia-Rzymskokatolicka-Swietej-Anny-w-Jaktorowie-fot.-Iwona-Zerebilo-683x1024.jpg\" alt=\"\" class=\"wp-image-20459\"\/><figcaption class=\"wp-element-caption\">Kategoria architektury i budownictwa drewnianego, wyr\u00f3\u017cnienie Parafia Rzymskokatolicka \u015awi\u0119tej Anny <br>w Jaktorowie, fot. Iwona \u017berebi\u0142o<\/figcaption><\/figure>\n\n\n\n<figure class=\"wp-block-image aligncenter size-large\"><img loading=\"lazy\" decoding=\"async\" width=\"1024\" height=\"576\" src=\"https:\/\/nid.pl\/wp-content\/uploads\/2024\/07\/Kategoria-architektury-i-budownictwa-drewnianego-wyroznienie-Parafia-Rzymskokatolicka-Swietej-Anny-w-Jaktorowie-fot.-Iwona-Zerebilo-2-1024x576.jpg\" alt=\"\" class=\"wp-image-20460\" srcset=\"https:\/\/nid.pl\/wp-content\/uploads\/2024\/07\/Kategoria-architektury-i-budownictwa-drewnianego-wyroznienie-Parafia-Rzymskokatolicka-Swietej-Anny-w-Jaktorowie-fot.-Iwona-Zerebilo-2-980x551.jpg 980w, https:\/\/nid.pl\/wp-content\/uploads\/2024\/07\/Kategoria-architektury-i-budownictwa-drewnianego-wyroznienie-Parafia-Rzymskokatolicka-Swietej-Anny-w-Jaktorowie-fot.-Iwona-Zerebilo-2-480x270.jpg 480w\" sizes=\"(min-width: 0px) and (max-width: 480px) 480px, (min-width: 481px) and (max-width: 980px) 980px, (min-width: 981px) 1024px, 100vw\" \/><figcaption class=\"wp-element-caption\">Kategoria architektury i budownictwa drewnianego, wyr\u00f3\u017cnienie Parafia Rzymskokatolicka \u015awi\u0119tej Anny w Jaktorowie, <br>fot. Iwona \u017berebi\u0142o<\/figcaption><\/figure>\n\n\n\n<p><strong>Kategoria zabytk\u00f3w techniki<\/strong><\/p>\n\n\n\n<p>Tytu\u0142 laureata&nbsp; przyznano:<\/p>\n\n\n\n<ul class=\"wp-block-list\">\n<li><strong>Zabytkowej Kopalni Ignacy w Rybniku<\/strong> za staranne prace budowlane i konserwatorskie, przeprowadzone z poszanowaniem historycznej substancji i formy budowlanej nadszybia i maszynowni szybu Ko\u015bciuszko oraz za zachowanie i przywr\u00f3cenie do pe\u0142nej sprawno\u015bci unikatowego wyposa\u017cenia technologicznego.<\/li>\n<\/ul>\n\n\n\n<figure class=\"wp-block-image aligncenter size-large\"><img loading=\"lazy\" decoding=\"async\" width=\"1024\" height=\"683\" src=\"https:\/\/nid.pl\/wp-content\/uploads\/2024\/07\/Kategoria-zabytkow-techniki-laureat-Zabytkowa-Kopalnia-Ignacy-w-Rybniku-fot.-NID-OT-Katowice-1024x683.jpg\" alt=\"\" class=\"wp-image-20461\" srcset=\"https:\/\/nid.pl\/wp-content\/uploads\/2024\/07\/Kategoria-zabytkow-techniki-laureat-Zabytkowa-Kopalnia-Ignacy-w-Rybniku-fot.-NID-OT-Katowice-980x653.jpg 980w, https:\/\/nid.pl\/wp-content\/uploads\/2024\/07\/Kategoria-zabytkow-techniki-laureat-Zabytkowa-Kopalnia-Ignacy-w-Rybniku-fot.-NID-OT-Katowice-480x320.jpg 480w\" sizes=\"(min-width: 0px) and (max-width: 480px) 480px, (min-width: 481px) and (max-width: 980px) 980px, (min-width: 981px) 1024px, 100vw\" \/><figcaption class=\"wp-element-caption\">Kategoria zabytk\u00f3w techniki, laureat Zabytkowa Kopalnia Ignacy w Rybniku, fot. NID\/ ZZ OT Katowice<\/figcaption><\/figure>\n\n\n\n<figure class=\"wp-block-image aligncenter size-large\"><img loading=\"lazy\" decoding=\"async\" width=\"1024\" height=\"683\" src=\"https:\/\/nid.pl\/wp-content\/uploads\/2024\/07\/Kategoria-zabytkow-techniki-laureat-Zabytkowa-Kopalnia-Ignacy-w-Rybniku-fot.-NID-OT-Katowice-2-1024x683.jpg\" alt=\"\" class=\"wp-image-20462\" srcset=\"https:\/\/nid.pl\/wp-content\/uploads\/2024\/07\/Kategoria-zabytkow-techniki-laureat-Zabytkowa-Kopalnia-Ignacy-w-Rybniku-fot.-NID-OT-Katowice-2-980x653.jpg 980w, https:\/\/nid.pl\/wp-content\/uploads\/2024\/07\/Kategoria-zabytkow-techniki-laureat-Zabytkowa-Kopalnia-Ignacy-w-Rybniku-fot.-NID-OT-Katowice-2-480x320.jpg 480w\" sizes=\"(min-width: 0px) and (max-width: 480px) 480px, (min-width: 481px) and (max-width: 980px) 980px, (min-width: 981px) 1024px, 100vw\" \/><figcaption class=\"wp-element-caption\">Kategoria zabytk\u00f3w techniki, laureat Zabytkowa Kopalnia Ignacy w Rybniku, fot. NID\/ ZZ OT Katowice<\/figcaption><\/figure>\n\n\n\n<p><strong>Kategoria specjalna w\u0142a\u015bciwego u\u017cytkowania i sta\u0142ej opieki nad zabytkiem<\/strong><\/p>\n\n\n\n<p>Dwa r\u00f3wnorz\u0119dne tytu\u0142y laureat\u00f3w przyznano:<\/p>\n\n\n\n<ul class=\"wp-block-list\">\n<li><strong>Marianowi Wo\u0142kowskiemu-Wolskiemu<\/strong> za pieczo\u0142owite przebadanie, rozpoznanie, konserwacj\u0119 i restauracj\u0119 lamusa dworskiego \u2013 parteru dawnego dworu wie\u017cowego w Haw\u0142owicach G\u00f3rnych, dzi\u0119ki czemu ocalono przed zniszczeniem oraz ujawniono wyj\u0105tkow\u0105 warto\u015b\u0107 historyczn\u0105 i artystyczn\u0105 obiektu, a zabytek udost\u0119pniono zwiedzaj\u0105cym<\/li>\n<\/ul>\n\n\n\n<figure class=\"wp-block-image aligncenter size-large\"><img loading=\"lazy\" decoding=\"async\" width=\"1024\" height=\"683\" src=\"https:\/\/nid.pl\/wp-content\/uploads\/2024\/07\/G_laur_Hawlowice_lamus_fot-WUOZ-Przemysl-1024x683.jpg\" alt=\"Kategoria specjalna w\u0142a\u015bciwego u\u017cytkowania i sta\u0142ej opieki nad zabytkami, laureat Marian Wo\u0142kowski-Wolski, Haw\u0142owice G\u00f3rne, fot. WUOZ Przemy\u015bl\" class=\"wp-image-20526\" srcset=\"https:\/\/nid.pl\/wp-content\/uploads\/2024\/07\/G_laur_Hawlowice_lamus_fot-WUOZ-Przemysl-980x653.jpg 980w, https:\/\/nid.pl\/wp-content\/uploads\/2024\/07\/G_laur_Hawlowice_lamus_fot-WUOZ-Przemysl-480x320.jpg 480w\" sizes=\"(min-width: 0px) and (max-width: 480px) 480px, (min-width: 481px) and (max-width: 980px) 980px, (min-width: 981px) 1024px, 100vw\" \/><figcaption class=\"wp-element-caption\">Kategoria specjalna w\u0142a\u015bciwego u\u017cytkowania i sta\u0142ej opieki nad zabytkami, laureat Marian Wo\u0142kowski-Wolski, Haw\u0142owice G\u00f3rne, <br>fot. WUOZ Przemy\u015bl<\/figcaption><\/figure>\n\n\n\n<figure class=\"wp-block-image aligncenter size-large\"><img loading=\"lazy\" decoding=\"async\" width=\"1024\" height=\"683\" src=\"https:\/\/nid.pl\/wp-content\/uploads\/2024\/07\/Kategoria-specjalna-wlasciwego-uzytkowania-i-stalej-opieki-nad-zabytkami-laureat-Marian-Wolkowski-Wolski-Hawlowice-Gorne-fot.-NID-OT-Rzeszow-2-1024x683.jpg\" alt=\"\" class=\"wp-image-20464\" srcset=\"https:\/\/nid.pl\/wp-content\/uploads\/2024\/07\/Kategoria-specjalna-wlasciwego-uzytkowania-i-stalej-opieki-nad-zabytkami-laureat-Marian-Wolkowski-Wolski-Hawlowice-Gorne-fot.-NID-OT-Rzeszow-2-980x653.jpg 980w, https:\/\/nid.pl\/wp-content\/uploads\/2024\/07\/Kategoria-specjalna-wlasciwego-uzytkowania-i-stalej-opieki-nad-zabytkami-laureat-Marian-Wolkowski-Wolski-Hawlowice-Gorne-fot.-NID-OT-Rzeszow-2-480x320.jpg 480w\" sizes=\"(min-width: 0px) and (max-width: 480px) 480px, (min-width: 481px) and (max-width: 980px) 980px, (min-width: 981px) 1024px, 100vw\" \/><figcaption class=\"wp-element-caption\">Kategoria specjalna w\u0142a\u015bciwego u\u017cytkowania i sta\u0142ej opieki nad zabytkami, laureat Marian Wo\u0142kowski-Wolski, Haw\u0142owice G\u00f3rne, <br>fot. NID\/ ZZ OT Rzesz\u00f3w <\/figcaption><\/figure>\n\n\n\n<ul class=\"wp-block-list\">\n<li><strong>Gminnemu O\u015brodkowi Kultury w Pszczewie<\/strong> za wieloletni\u0105, systematyczn\u0105 opiek\u0119 oraz anga\u017cowanie lokalnej spo\u0142eczno\u015bci w zabezpieczenie i utrwalenie warto\u015bci Domu Szewca, zabytku wyj\u0105tkowego w krajobrazie architektonicznym Pszczewa.<\/li>\n<\/ul>\n\n\n\n<figure class=\"wp-block-image aligncenter size-large\"><img loading=\"lazy\" decoding=\"async\" width=\"680\" height=\"1024\" src=\"https:\/\/nid.pl\/wp-content\/uploads\/2024\/07\/Kategoria-specjalna-wlasciwego-uzytkowania-i-stalej-opieki-nad-zabytkami-laureat-Gminny-Osrodek-Kuktury-w-Pszczewie-fot.-NID-OT-Zielona-Gora-680x1024.jpg\" alt=\"\" class=\"wp-image-20465\"\/><figcaption class=\"wp-element-caption\">Kategoria specjalna w\u0142a\u015bciwego u\u017cytkowania i sta\u0142ej opieki nad zabytkami, laureat Gminny O\u015brodek Kultury w Pszczewie, fot. NID\/ ZZ OT Zielona G\u00f3ra<\/figcaption><\/figure>\n\n\n\n<figure class=\"wp-block-image aligncenter size-large\"><img loading=\"lazy\" decoding=\"async\" width=\"1024\" height=\"680\" src=\"https:\/\/nid.pl\/wp-content\/uploads\/2024\/07\/Kategoria-specjalna-wlasciwego-uzytkowania-i-stalej-opieki-nad-zabytkami-laureat-Gminny-Osrodek-Kuktury-w-Pszczewie-fot.-NID-OT-Zielona-Gora-2-1024x680.jpg\" alt=\"\" class=\"wp-image-20466\" srcset=\"https:\/\/nid.pl\/wp-content\/uploads\/2024\/07\/Kategoria-specjalna-wlasciwego-uzytkowania-i-stalej-opieki-nad-zabytkami-laureat-Gminny-Osrodek-Kuktury-w-Pszczewie-fot.-NID-OT-Zielona-Gora-2-980x651.jpg 980w, https:\/\/nid.pl\/wp-content\/uploads\/2024\/07\/Kategoria-specjalna-wlasciwego-uzytkowania-i-stalej-opieki-nad-zabytkami-laureat-Gminny-Osrodek-Kuktury-w-Pszczewie-fot.-NID-OT-Zielona-Gora-2-480x319.jpg 480w\" sizes=\"(min-width: 0px) and (max-width: 480px) 480px, (min-width: 481px) and (max-width: 980px) 980px, (min-width: 981px) 1024px, 100vw\" \/><figcaption class=\"wp-element-caption\">Kategoria specjalna w\u0142a\u015bciwego u\u017cytkowania i sta\u0142ej opieki nad zabytkami, laureat Gminny O\u015brodek Kultury w Pszczewie, <br>fot. NID\/ ZZ OT Zielona G\u00f3ra<\/figcaption><\/figure>\n\n\n\n<p>Jury nie przyzna\u0142o nagr\u00f3d w nowo utworzonej kategorii \u201eZabytek dost\u0119pny\u201d, kt\u00f3ra pojawi\u0142a si\u0119 po raz pierwszy w tegorocznej edycji Konkursu.<\/p>\n\n\n\n<p>Informujemy, \u017ce w zwi\u0105zku ze zmian\u0105 regulaminu konkursu w edycji 2024 uroczysta gala wr\u0119czenia nagr\u00f3d odb\u0119dzie si\u0119 w terminie do 30 wrze\u015bnia bie\u017c\u0105cego roku. Wi\u0119cej informacji o konkursie publikujemy na stronie: <a href=\"https:\/\/nid.pl\/en\/konkursy\/zabytek-zadbany\/\">https:\/\/nid.pl\/konkursy\/zabytek-zadbany\/<\/a><\/p>\n\n\n\n<p>Wszystkim nagrodzonym serdecznie gratulujemy!<\/p>\n\n\n\n<p>Za\u0142\u0105cznik: <a href=\"https:\/\/nid.pl\/wp-content\/uploads\/2024\/06\/Zabytek-Zadbany_2024_regulamin_-gala-do-30.09.docx\">Regulamin ko<\/a><a href=\"https:\/\/nid.pl\/wp-content\/uploads\/2024\/07\/Zabytek-Zadbany_2024_Regulamin.docx\">nkursu<\/a><\/p>","protected":false},"excerpt":{"rendered":"<p>24 czerwca 2024 roku rozstrzygni\u0119to tegoroczn\u0105 edycj\u0119 konkursu Ministra Kultury i Dziedzictwa Narodowego oraz Generalnego Konserwatora Zabytk\u00f3w \u201eZabytek Zadbany\u201d. Jury konkursu, na podstawie zg\u0142osze\u0144, zweryfikowanych przez pracownik\u00f3w Narodowego Instytutu Dziedzictwa, [&hellip;]<\/p>","protected":false},"author":7,"featured_media":20510,"comment_status":"closed","ping_status":"closed","sticky":false,"template":"","format":"standard","meta":{"_et_pb_use_builder":"off","_et_pb_old_content":"","_et_gb_content_width":"","_monsterinsights_skip_tracking":false,"_monsterinsights_sitenote_active":false,"_monsterinsights_sitenote_note":"","_monsterinsights_sitenote_category":0,"footnotes":""},"categories":[3,31],"tags":[],"class_list":["post-20392","post","type-post","status-publish","format-standard","has-post-thumbnail","hentry","category-aktualnosci","category-zabytek-zadbany"],"yoast_head":"<!-- This site is optimized with the Yoast SEO plugin v26.5 - https:\/\/yoast.com\/wordpress\/plugins\/seo\/ -->\n<title>Znamy wyniki konkursu \u201eZabytek Zadbany\u201d 2024 - NID<\/title>\n<meta name=\"robots\" content=\"index, follow, max-snippet:-1, max-image-preview:large, max-video-preview:-1\" \/>\n<link rel=\"canonical\" href=\"https:\/\/nid.pl\/en\/2024\/06\/30\/znamy-wyniki-konkursu-zz-2024\/\" \/>\n<meta property=\"og:locale\" content=\"en_GB\" \/>\n<meta property=\"og:type\" content=\"article\" \/>\n<meta property=\"og:title\" content=\"Znamy wyniki konkursu \u201eZabytek Zadbany\u201d 2024 - NID\" \/>\n<meta property=\"og:description\" content=\"24 czerwca 2024 roku rozstrzygni\u0119to tegoroczn\u0105 edycj\u0119 konkursu Ministra Kultury i Dziedzictwa Narodowego oraz Generalnego Konserwatora Zabytk\u00f3w \u201eZabytek Zadbany\u201d. Jury konkursu, na podstawie zg\u0142osze\u0144, zweryfikowanych przez pracownik\u00f3w Narodowego Instytutu Dziedzictwa, [&hellip;]\" \/>\n<meta property=\"og:url\" content=\"https:\/\/nid.pl\/en\/2024\/06\/30\/znamy-wyniki-konkursu-zz-2024\/\" \/>\n<meta property=\"og:site_name\" content=\"NID\" \/>\n<meta property=\"article:publisher\" content=\"https:\/\/www.facebook.com\/zabytek\" \/>\n<meta property=\"article:published_time\" content=\"2024-06-30T07:00:00+00:00\" \/>\n<meta property=\"article:modified_time\" content=\"2024-07-25T10:55:16+00:00\" \/>\n<meta property=\"og:image\" content=\"https:\/\/nid.pl\/wp-content\/uploads\/2024\/06\/miniatura-Zabytek-Zadbany.jpg\" \/>\n\t<meta property=\"og:image:width\" content=\"1850\" \/>\n\t<meta property=\"og:image:height\" content=\"1238\" \/>\n\t<meta property=\"og:image:type\" content=\"image\/jpeg\" \/>\n<meta name=\"author\" content=\"Barbara Halliop\" \/>\n<meta name=\"twitter:card\" content=\"summary_large_image\" \/>\n<meta name=\"twitter:creator\" content=\"@NarIDpl\" \/>\n<meta name=\"twitter:site\" content=\"@NarIDpl\" \/>\n<meta name=\"twitter:label1\" content=\"Written by\" \/>\n\t<meta name=\"twitter:data1\" content=\"Barbara Halliop\" \/>\n\t<meta name=\"twitter:label2\" content=\"Estimated reading time\" \/>\n\t<meta name=\"twitter:data2\" content=\"19 minutes\" \/>\n<script type=\"application\/ld+json\" class=\"yoast-schema-graph\">{\"@context\":\"https:\/\/schema.org\",\"@graph\":[{\"@type\":\"Article\",\"@id\":\"https:\/\/nid.pl\/2024\/06\/30\/znamy-wyniki-konkursu-zz-2024\/#article\",\"isPartOf\":{\"@id\":\"https:\/\/nid.pl\/2024\/06\/30\/znamy-wyniki-konkursu-zz-2024\/\"},\"author\":{\"name\":\"Barbara Halliop\",\"@id\":\"https:\/\/nid.pl\/#\/schema\/person\/1b690a8998a5111cfb9f0ffe24195a15\"},\"headline\":\"Znamy wyniki konkursu \u201eZabytek Zadbany\u201d 2024\",\"datePublished\":\"2024-06-30T07:00:00+00:00\",\"dateModified\":\"2024-07-25T10:55:16+00:00\",\"mainEntityOfPage\":{\"@id\":\"https:\/\/nid.pl\/2024\/06\/30\/znamy-wyniki-konkursu-zz-2024\/\"},\"wordCount\":2196,\"publisher\":{\"@id\":\"https:\/\/nid.pl\/#organization\"},\"image\":{\"@id\":\"https:\/\/nid.pl\/2024\/06\/30\/znamy-wyniki-konkursu-zz-2024\/#primaryimage\"},\"thumbnailUrl\":\"https:\/\/nid.pl\/wp-content\/uploads\/2024\/06\/miniatura-Zabytek-Zadbany.jpg\",\"articleSection\":[\"Aktualno\u015bci\",\"Zabytek Zadbany\"],\"inLanguage\":\"en-GB\"},{\"@type\":\"WebPage\",\"@id\":\"https:\/\/nid.pl\/2024\/06\/30\/znamy-wyniki-konkursu-zz-2024\/\",\"url\":\"https:\/\/nid.pl\/2024\/06\/30\/znamy-wyniki-konkursu-zz-2024\/\",\"name\":\"Znamy wyniki konkursu \u201eZabytek Zadbany\u201d 2024 - NID\",\"isPartOf\":{\"@id\":\"https:\/\/nid.pl\/#website\"},\"primaryImageOfPage\":{\"@id\":\"https:\/\/nid.pl\/2024\/06\/30\/znamy-wyniki-konkursu-zz-2024\/#primaryimage\"},\"image\":{\"@id\":\"https:\/\/nid.pl\/2024\/06\/30\/znamy-wyniki-konkursu-zz-2024\/#primaryimage\"},\"thumbnailUrl\":\"https:\/\/nid.pl\/wp-content\/uploads\/2024\/06\/miniatura-Zabytek-Zadbany.jpg\",\"datePublished\":\"2024-06-30T07:00:00+00:00\",\"dateModified\":\"2024-07-25T10:55:16+00:00\",\"breadcrumb\":{\"@id\":\"https:\/\/nid.pl\/2024\/06\/30\/znamy-wyniki-konkursu-zz-2024\/#breadcrumb\"},\"inLanguage\":\"en-GB\",\"potentialAction\":[{\"@type\":\"ReadAction\",\"target\":[\"https:\/\/nid.pl\/2024\/06\/30\/znamy-wyniki-konkursu-zz-2024\/\"]}]},{\"@type\":\"ImageObject\",\"inLanguage\":\"en-GB\",\"@id\":\"https:\/\/nid.pl\/2024\/06\/30\/znamy-wyniki-konkursu-zz-2024\/#primaryimage\",\"url\":\"https:\/\/nid.pl\/wp-content\/uploads\/2024\/06\/miniatura-Zabytek-Zadbany.jpg\",\"contentUrl\":\"https:\/\/nid.pl\/wp-content\/uploads\/2024\/06\/miniatura-Zabytek-Zadbany.jpg\",\"width\":1850,\"height\":1238,\"caption\":\"grafika Zabytek Zadbany\"},{\"@type\":\"BreadcrumbList\",\"@id\":\"https:\/\/nid.pl\/2024\/06\/30\/znamy-wyniki-konkursu-zz-2024\/#breadcrumb\",\"itemListElement\":[{\"@type\":\"ListItem\",\"position\":1,\"name\":\"Home\",\"item\":\"https:\/\/nid.pl\/\"},{\"@type\":\"ListItem\",\"position\":2,\"name\":\"Znamy wyniki konkursu \u201eZabytek Zadbany\u201d 2024\"}]},{\"@type\":\"WebSite\",\"@id\":\"https:\/\/nid.pl\/#website\",\"url\":\"https:\/\/nid.pl\/\",\"name\":\"NID\",\"description\":\"Narodowy Instytut Dziedzictwa\",\"publisher\":{\"@id\":\"https:\/\/nid.pl\/#organization\"},\"potentialAction\":[{\"@type\":\"SearchAction\",\"target\":{\"@type\":\"EntryPoint\",\"urlTemplate\":\"https:\/\/nid.pl\/?s={search_term_string}\"},\"query-input\":{\"@type\":\"PropertyValueSpecification\",\"valueRequired\":true,\"valueName\":\"search_term_string\"}}],\"inLanguage\":\"en-GB\"},{\"@type\":\"Organization\",\"@id\":\"https:\/\/nid.pl\/#organization\",\"name\":\"Narodowy Instytut Dziedzictwa\",\"url\":\"https:\/\/nid.pl\/\",\"logo\":{\"@type\":\"ImageObject\",\"inLanguage\":\"en-GB\",\"@id\":\"https:\/\/nid.pl\/#\/schema\/logo\/image\/\",\"url\":\"https:\/\/nid.pl\/wp-content\/uploads\/2022\/10\/logoRedDark.png\",\"contentUrl\":\"https:\/\/nid.pl\/wp-content\/uploads\/2022\/10\/logoRedDark.png\",\"width\":200,\"height\":197,\"caption\":\"Narodowy Instytut Dziedzictwa\"},\"image\":{\"@id\":\"https:\/\/nid.pl\/#\/schema\/logo\/image\/\"},\"sameAs\":[\"https:\/\/www.facebook.com\/zabytek\",\"https:\/\/x.com\/NarIDpl\",\"https:\/\/www.instagram.com\/nid.pl\/?hl=pl\",\"https:\/\/www.linkedin.com\/company\/narodowy-instytut-dziedzictwa\",\"https:\/\/www.youtube.com\/channel\/UCQXuhKa2uHtmNvLRUSx40JA\"]},{\"@type\":\"Person\",\"@id\":\"https:\/\/nid.pl\/#\/schema\/person\/1b690a8998a5111cfb9f0ffe24195a15\",\"name\":\"Barbara Halliop\",\"image\":{\"@type\":\"ImageObject\",\"inLanguage\":\"en-GB\",\"@id\":\"https:\/\/nid.pl\/#\/schema\/person\/image\/\",\"url\":\"https:\/\/nid.pl\/wp-content\/litespeed\/avatar\/924046d17dd0c842c9fa9ccf489bc6dc.jpg?ver=1776840122\",\"contentUrl\":\"https:\/\/nid.pl\/wp-content\/litespeed\/avatar\/924046d17dd0c842c9fa9ccf489bc6dc.jpg?ver=1776840122\",\"caption\":\"Barbara Halliop\"},\"url\":\"https:\/\/nid.pl\/en\/author\/bhalliop\/\"}]}<\/script>\n<!-- \/ Yoast SEO plugin. -->","yoast_head_json":{"title":"Znamy wyniki konkursu \u201eZabytek Zadbany\u201d 2024 - NID","robots":{"index":"index","follow":"follow","max-snippet":"max-snippet:-1","max-image-preview":"max-image-preview:large","max-video-preview":"max-video-preview:-1"},"canonical":"https:\/\/nid.pl\/en\/2024\/06\/30\/znamy-wyniki-konkursu-zz-2024\/","og_locale":"en_GB","og_type":"article","og_title":"Znamy wyniki konkursu \u201eZabytek Zadbany\u201d 2024 - NID","og_description":"24 czerwca 2024 roku rozstrzygni\u0119to tegoroczn\u0105 edycj\u0119 konkursu Ministra Kultury i Dziedzictwa Narodowego oraz Generalnego Konserwatora Zabytk\u00f3w \u201eZabytek Zadbany\u201d. Jury konkursu, na podstawie zg\u0142osze\u0144, zweryfikowanych przez pracownik\u00f3w Narodowego Instytutu Dziedzictwa, [&hellip;]","og_url":"https:\/\/nid.pl\/en\/2024\/06\/30\/znamy-wyniki-konkursu-zz-2024\/","og_site_name":"NID","article_publisher":"https:\/\/www.facebook.com\/zabytek","article_published_time":"2024-06-30T07:00:00+00:00","article_modified_time":"2024-07-25T10:55:16+00:00","og_image":[{"width":1850,"height":1238,"url":"https:\/\/nid.pl\/wp-content\/uploads\/2024\/06\/miniatura-Zabytek-Zadbany.jpg","type":"image\/jpeg"}],"author":"Barbara Halliop","twitter_card":"summary_large_image","twitter_creator":"@NarIDpl","twitter_site":"@NarIDpl","twitter_misc":{"Written by":"Barbara Halliop","Estimated reading time":"19 minutes"},"schema":{"@context":"https:\/\/schema.org","@graph":[{"@type":"Article","@id":"https:\/\/nid.pl\/2024\/06\/30\/znamy-wyniki-konkursu-zz-2024\/#article","isPartOf":{"@id":"https:\/\/nid.pl\/2024\/06\/30\/znamy-wyniki-konkursu-zz-2024\/"},"author":{"name":"Barbara Halliop","@id":"https:\/\/nid.pl\/#\/schema\/person\/1b690a8998a5111cfb9f0ffe24195a15"},"headline":"Znamy wyniki konkursu \u201eZabytek Zadbany\u201d 2024","datePublished":"2024-06-30T07:00:00+00:00","dateModified":"2024-07-25T10:55:16+00:00","mainEntityOfPage":{"@id":"https:\/\/nid.pl\/2024\/06\/30\/znamy-wyniki-konkursu-zz-2024\/"},"wordCount":2196,"publisher":{"@id":"https:\/\/nid.pl\/#organization"},"image":{"@id":"https:\/\/nid.pl\/2024\/06\/30\/znamy-wyniki-konkursu-zz-2024\/#primaryimage"},"thumbnailUrl":"https:\/\/nid.pl\/wp-content\/uploads\/2024\/06\/miniatura-Zabytek-Zadbany.jpg","articleSection":["Aktualno\u015bci","Zabytek Zadbany"],"inLanguage":"en-GB"},{"@type":"WebPage","@id":"https:\/\/nid.pl\/2024\/06\/30\/znamy-wyniki-konkursu-zz-2024\/","url":"https:\/\/nid.pl\/2024\/06\/30\/znamy-wyniki-konkursu-zz-2024\/","name":"Znamy wyniki konkursu \u201eZabytek Zadbany\u201d 2024 - NID","isPartOf":{"@id":"https:\/\/nid.pl\/#website"},"primaryImageOfPage":{"@id":"https:\/\/nid.pl\/2024\/06\/30\/znamy-wyniki-konkursu-zz-2024\/#primaryimage"},"image":{"@id":"https:\/\/nid.pl\/2024\/06\/30\/znamy-wyniki-konkursu-zz-2024\/#primaryimage"},"thumbnailUrl":"https:\/\/nid.pl\/wp-content\/uploads\/2024\/06\/miniatura-Zabytek-Zadbany.jpg","datePublished":"2024-06-30T07:00:00+00:00","dateModified":"2024-07-25T10:55:16+00:00","breadcrumb":{"@id":"https:\/\/nid.pl\/2024\/06\/30\/znamy-wyniki-konkursu-zz-2024\/#breadcrumb"},"inLanguage":"en-GB","potentialAction":[{"@type":"ReadAction","target":["https:\/\/nid.pl\/2024\/06\/30\/znamy-wyniki-konkursu-zz-2024\/"]}]},{"@type":"ImageObject","inLanguage":"en-GB","@id":"https:\/\/nid.pl\/2024\/06\/30\/znamy-wyniki-konkursu-zz-2024\/#primaryimage","url":"https:\/\/nid.pl\/wp-content\/uploads\/2024\/06\/miniatura-Zabytek-Zadbany.jpg","contentUrl":"https:\/\/nid.pl\/wp-content\/uploads\/2024\/06\/miniatura-Zabytek-Zadbany.jpg","width":1850,"height":1238,"caption":"grafika Zabytek Zadbany"},{"@type":"BreadcrumbList","@id":"https:\/\/nid.pl\/2024\/06\/30\/znamy-wyniki-konkursu-zz-2024\/#breadcrumb","itemListElement":[{"@type":"ListItem","position":1,"name":"Home","item":"https:\/\/nid.pl\/"},{"@type":"ListItem","position":2,"name":"Znamy wyniki konkursu \u201eZabytek Zadbany\u201d 2024"}]},{"@type":"WebSite","@id":"https:\/\/nid.pl\/#website","url":"https:\/\/nid.pl\/","name":"NID","description":"Narodowy Instytut Dziedzictwa","publisher":{"@id":"https:\/\/nid.pl\/#organization"},"potentialAction":[{"@type":"SearchAction","target":{"@type":"EntryPoint","urlTemplate":"https:\/\/nid.pl\/?s={search_term_string}"},"query-input":{"@type":"PropertyValueSpecification","valueRequired":true,"valueName":"search_term_string"}}],"inLanguage":"en-GB"},{"@type":"Organization","@id":"https:\/\/nid.pl\/#organization","name":"Narodowy Instytut Dziedzictwa","url":"https:\/\/nid.pl\/","logo":{"@type":"ImageObject","inLanguage":"en-GB","@id":"https:\/\/nid.pl\/#\/schema\/logo\/image\/","url":"https:\/\/nid.pl\/wp-content\/uploads\/2022\/10\/logoRedDark.png","contentUrl":"https:\/\/nid.pl\/wp-content\/uploads\/2022\/10\/logoRedDark.png","width":200,"height":197,"caption":"Narodowy Instytut Dziedzictwa"},"image":{"@id":"https:\/\/nid.pl\/#\/schema\/logo\/image\/"},"sameAs":["https:\/\/www.facebook.com\/zabytek","https:\/\/x.com\/NarIDpl","https:\/\/www.instagram.com\/nid.pl\/?hl=pl","https:\/\/www.linkedin.com\/company\/narodowy-instytut-dziedzictwa","https:\/\/www.youtube.com\/channel\/UCQXuhKa2uHtmNvLRUSx40JA"]},{"@type":"Person","@id":"https:\/\/nid.pl\/#\/schema\/person\/1b690a8998a5111cfb9f0ffe24195a15","name":"Barbara Halliop","image":{"@type":"ImageObject","inLanguage":"en-GB","@id":"https:\/\/nid.pl\/#\/schema\/person\/image\/","url":"https:\/\/nid.pl\/wp-content\/litespeed\/avatar\/924046d17dd0c842c9fa9ccf489bc6dc.jpg?ver=1776840122","contentUrl":"https:\/\/nid.pl\/wp-content\/litespeed\/avatar\/924046d17dd0c842c9fa9ccf489bc6dc.jpg?ver=1776840122","caption":"Barbara Halliop"},"url":"https:\/\/nid.pl\/en\/author\/bhalliop\/"}]}},"_links":{"self":[{"href":"https:\/\/nid.pl\/en\/wp-json\/wp\/v2\/posts\/20392","targetHints":{"allow":["GET"]}}],"collection":[{"href":"https:\/\/nid.pl\/en\/wp-json\/wp\/v2\/posts"}],"about":[{"href":"https:\/\/nid.pl\/en\/wp-json\/wp\/v2\/types\/post"}],"author":[{"embeddable":true,"href":"https:\/\/nid.pl\/en\/wp-json\/wp\/v2\/users\/7"}],"replies":[{"embeddable":true,"href":"https:\/\/nid.pl\/en\/wp-json\/wp\/v2\/comments?post=20392"}],"version-history":[{"count":0,"href":"https:\/\/nid.pl\/en\/wp-json\/wp\/v2\/posts\/20392\/revisions"}],"wp:featuredmedia":[{"embeddable":true,"href":"https:\/\/nid.pl\/en\/wp-json\/wp\/v2\/media\/20510"}],"wp:attachment":[{"href":"https:\/\/nid.pl\/en\/wp-json\/wp\/v2\/media?parent=20392"}],"wp:term":[{"taxonomy":"category","embeddable":true,"href":"https:\/\/nid.pl\/en\/wp-json\/wp\/v2\/categories?post=20392"},{"taxonomy":"post_tag","embeddable":true,"href":"https:\/\/nid.pl\/en\/wp-json\/wp\/v2\/tags?post=20392"}],"curies":[{"name":"wp","href":"https:\/\/api.w.org\/{rel}","templated":true}]}}