{"id":20374,"date":"2024-06-28T14:12:24","date_gmt":"2024-06-28T12:12:24","guid":{"rendered":"https:\/\/nid.pl\/?p=20374"},"modified":"2024-06-28T14:19:11","modified_gmt":"2024-06-28T12:19:11","slug":"szlak-napoleonski","status":"publish","type":"post","link":"https:\/\/nid.pl\/en\/2024\/06\/28\/szlak-napoleonski\/","title":{"rendered":"Szlak Napoleo\u0144ski"},"content":{"rendered":"<p><strong>Okres napoleo\u0144ski to czas formowania si\u0119 koncepcji narodu, demokratyzacji spo\u0142ecze\u0144stwa oraz dramatycznych bitew. W 2004 roku Charles Bonaparte zainicjowa\u0142 powstanie Europejskiej Federacji Miast Napoleo\u0144skich, kt\u00f3ra zrzesza ponad 50 o\u015brodk\u00f3w zwi\u0105zanych z dziejami napoleo\u0144skimi. W ramach cyklu #Szlaki Kulturowe EDD przybli\u017camy histori\u0119 i dzia\u0142anie Szlaku Napoleo\u0144skiego, kt\u00f3ry w 2015 roku otrzyma\u0142 certyfikacj\u0119 Szlaku Kulturowego Rady Europy.<\/strong><\/p>\n\n\n\n<p>Napoleon Bonaparte (1769\u20131821) by\u0142 wybitnym przyw\u00f3dc\u0105 politycznym, kt\u00f3ry jako w\u0142adca Francji przez ponad dekad\u0119 wywiera\u0142 znacz\u0105cy wp\u0142yw na dzieje Europy.<\/p>\n\n\n\n<p>Rada Europy tak uzasadnia certyfikacj\u0119 Szlaku Napoleo\u0144skiego:<\/p>\n\n\n\n<blockquote class=\"wp-block-quote is-layout-flow wp-block-quote-is-layout-flow\">\n<p><em>\u201eDziedzictwo historyczne epoki napoleo\u0144skiej ma charakter og\u00f3lnoeuropejski, zawsze by\u0142o bliskie wi\u0119kszo\u015bci kraj\u00f3w kontynentu. W znacznym stopniu przyczyni\u0142o si\u0119 do ukszta\u0142towania obecnego uk\u0142adu geopolitycznego oraz rozwoju &lt;&lt;idei europejskiej>>\u201d.<\/em><\/p>\n<\/blockquote>\n\n\n\n<p>W sk\u0142ad Szlaku wchodzi obecnie oko\u0142o 50 miast w ponad 10 krajach. W projekcie uczestnicz\u0105 trzy, polskie miasta: Pu\u0142tusk, Lidzbark Warmi\u0144ski oraz Boles\u0142awiec.<\/p>\n\n\n\n<p>W Pu\u0142tusku mia\u0142a miejsce bitwa podczas wojny z IV koalicj\u0105 (1806 \u2013 1807 r.), kiedy to korpus marsza\u0142ka Lanessa dwukrotnie zmusi\u0142 si\u0142y rosyjskie do odwrotu. Mimo \u017ce bitwa nie by\u0142a rozstrzygaj\u0105ca, nazwa miasta znalaz\u0142a si\u0119 na \u0141uku Tryumfalnym w Pary\u017cu. Napoleon Bonaparte go\u015bci\u0142 w Pu\u0142tusku dwukrotnie: od 29 grudnia 1806 r. do 1 stycznia 1807 r. i 30 stycznia 1807 r. Do dzi\u015b istnieje dom przy ul. Rynek 29, w kt\u00f3rym nocowa\u0142. Druga bitwa pod Pu\u0142tuskiem, stoczona 16 maja 1807 r. przez korpus bawarski z Rosjanami, by\u0142a mniej znacz\u0105ca, ale tak\u017ce pomy\u015blna dla wojsk napoleo\u0144skich.<\/p>\n\n\n\n<p>Lidzbark Warmi\u0144ski r\u00f3wnie\u017c ma swoje miejsce w historii napoleo\u0144skiej. Bitwa, kt\u00f3ra odby\u0142a si\u0119 tam 10 czerwca 1807 r. \u2013 znana jako bitwa pod Heilsbergiem (dawna nazwa Lidzbarka) \u2013 by\u0142a najwi\u0119kszym starciem napoleo\u0144skim na terenach dzisiejszej Polski. Wojska Napoleona pokona\u0142y si\u0142y prusko-rosyjskie genera\u0142a Bennigsena. Bitwa nie przynios\u0142a rozstrzygni\u0119cia, obie strony ponios\u0142y du\u017ce straty, jednak nazwa miasta Heilsberg r\u00f3wnie\u017c znalaz\u0142a si\u0119 na \u0141uku Tryumfalnym w Pary\u017cu. <\/p>\n\n\n\n<p>Dzieje napoleo\u0144skie \u0142\u0105cz\u0105 si\u0119 te\u017c z Boles\u0142awcem. Napoleon Bonaparte zatrzymywa\u0142 si\u0119 tam pi\u0119ciokrotnie: 16 lipca 1807 r. \u2013 po zwyci\u0119skiej kampanii pruskiej; 29 maja 1812 r. i 13 grudnia 1812 r. \u2013 w zwi\u0105zku z kampani\u0105 rosyjsk\u0105 oraz 25-26 maja 1813 r. i 7 czerwca 1813 r. w trakcie kampanii sasko-\u015bl\u0105skiej. Nocowa\u0142 w kamienicy przy ul. Rynek 28 oraz w hotelu \u201ePod Czarnym Or\u0142em\u201d (obecnie zrekonstruowany). O czasach napoleo\u0144skich w Boles\u0142awcu przypominaj\u0105 r\u00f3wnie\u017c pomniki rosyjskiego feldmarsza\u0142ka Kutuzowa, kt\u00f3ry zmar\u0142 tu w 1813 r. oraz upami\u0119tnienie Rosalie von Bonin, kt\u00f3ra w 1807 r. pojma\u0142a francuskiego genera\u0142a.<\/p>\n\n\n\n<p>Tury\u015bci w\u0119druj\u0105c po Szlaku Napoleo\u0144skim maj\u0105 okazj\u0119 pozna\u0107 zr\u00f3\u017cnicowanie geograficzne tego dziedzictwa oraz jego warto\u015b\u0107 historyczn\u0105, kulturow\u0105 i wsp\u00f3lnotow\u0105. Szlak ma na celu integrowa\u0107 europejskie miasta, w kt\u00f3rych organizowane b\u0119d\u0105 r\u00f3\u017cnego rodzaju atrakcje m.in. wystawy, wycieczki, prelekcje dla dzieci i m\u0142odzie\u017cy.<\/p>\n\n\n\n<p><\/p>\n\n\n\n<p><\/p>\n\n\n\n<figure class=\"wp-block-image aligncenter size-large is-resized\"><img loading=\"lazy\" decoding=\"async\" width=\"1024\" height=\"683\" src=\"https:\/\/nid.pl\/wp-content\/uploads\/2024\/06\/fot.-Muzeum-Ceramiki-w-Boleslawcu-1-1024x683.jpg\" alt=\"zdj\u0119cie przedstawia rekonstrukcj\u0119 bitwy Napoleo\u0144skiej\" class=\"wp-image-20384\" style=\"width:727px;height:auto\" srcset=\"https:\/\/nid.pl\/wp-content\/uploads\/2024\/06\/fot.-Muzeum-Ceramiki-w-Boleslawcu-1-980x654.jpg 980w, https:\/\/nid.pl\/wp-content\/uploads\/2024\/06\/fot.-Muzeum-Ceramiki-w-Boleslawcu-1-480x320.jpg 480w\" sizes=\"(min-width: 0px) and (max-width: 480px) 480px, (min-width: 481px) and (max-width: 980px) 980px, (min-width: 981px) 1024px, 100vw\" \/><figcaption class=\"wp-element-caption\">Szlak Napoleo\u0144ski, fot. Muzeum Ceramiki w Boles\u0142awcu<\/figcaption><\/figure>\n\n\n\n<p><\/p>\n\n\n\n<figure class=\"wp-block-image aligncenter size-large is-resized\"><img loading=\"lazy\" decoding=\"async\" width=\"1024\" height=\"576\" src=\"https:\/\/nid.pl\/wp-content\/uploads\/2024\/06\/fot.-Muzeum-Ceramiki-w-Boleslawcu-4-1024x576.jpg\" alt=\"zdj\u0119cie przedstawia ekspozycj\u0119 muzealn\u0105, na pierwszym planie armata, w tle manekin w mundurze napoleo\u0144skim\" class=\"wp-image-20379\" style=\"width:721px;height:auto\" srcset=\"https:\/\/nid.pl\/wp-content\/uploads\/2024\/06\/fot.-Muzeum-Ceramiki-w-Boleslawcu-4-980x551.jpg 980w, https:\/\/nid.pl\/wp-content\/uploads\/2024\/06\/fot.-Muzeum-Ceramiki-w-Boleslawcu-4-480x270.jpg 480w\" sizes=\"(min-width: 0px) and (max-width: 480px) 480px, (min-width: 481px) and (max-width: 980px) 980px, (min-width: 981px) 1024px, 100vw\" \/><figcaption class=\"wp-element-caption\">Szlak Napoleo\u0144ski, fot. Muzeum Ceramiki w Boles\u0142awcu<\/figcaption><\/figure>\n\n\n\n<p><\/p>\n\n\n\n<figure class=\"wp-block-image aligncenter size-large is-resized\"><img loading=\"lazy\" decoding=\"async\" width=\"1024\" height=\"576\" src=\"https:\/\/nid.pl\/wp-content\/uploads\/2024\/06\/fot.-Muzeum-Ceramiki-w-Boleslawcu-2-1024x576.jpg\" alt=\"zdj\u0119cie przedstawia makiet\u0119 Boles\u0142awca\" class=\"wp-image-20378\" style=\"width:719px;height:auto\" srcset=\"https:\/\/nid.pl\/wp-content\/uploads\/2024\/06\/fot.-Muzeum-Ceramiki-w-Boleslawcu-2-980x551.jpg 980w, https:\/\/nid.pl\/wp-content\/uploads\/2024\/06\/fot.-Muzeum-Ceramiki-w-Boleslawcu-2-480x270.jpg 480w\" sizes=\"(min-width: 0px) and (max-width: 480px) 480px, (min-width: 481px) and (max-width: 980px) 980px, (min-width: 981px) 1024px, 100vw\" \/><figcaption class=\"wp-element-caption\">Szlak Napoleo\u0144ski, fot. Muzeum Ceramiki w Boles\u0142awcu<\/figcaption><\/figure>\n\n\n\n<p><\/p>\n\n\n\n<figure class=\"wp-block-image aligncenter size-full is-resized\"><img loading=\"lazy\" decoding=\"async\" width=\"600\" height=\"445\" src=\"https:\/\/nid.pl\/wp-content\/uploads\/2024\/06\/fot.-Muzeum-Regionalne-w-Pultusku.jpg\" alt=\"rycina przedstawiaj\u0105ca Napoleona podczas bitwy\" class=\"wp-image-20377\" style=\"width:710px;height:auto\" srcset=\"https:\/\/nid.pl\/wp-content\/uploads\/2024\/06\/fot.-Muzeum-Regionalne-w-Pultusku.jpg 600w, https:\/\/nid.pl\/wp-content\/uploads\/2024\/06\/fot.-Muzeum-Regionalne-w-Pultusku-480x356.jpg 480w\" sizes=\"(min-width: 0px) and (max-width: 480px) 480px, (min-width: 481px) 600px, 100vw\" \/><figcaption class=\"wp-element-caption\">Szlak Napoleo\u0144ski, fot. Muzeum Regionalne w Pu\u0142tusku<\/figcaption><\/figure>\n\n\n\n<p><\/p>\n\n\n\n<p><\/p>","protected":false},"excerpt":{"rendered":"<p>Okres napoleo\u0144ski to czas formowania si\u0119 koncepcji narodu, demokratyzacji spo\u0142ecze\u0144stwa oraz dramatycznych bitew. W 2004 roku Charles Bonaparte zainicjowa\u0142 powstanie Europejskiej Federacji Miast Napoleo\u0144skich, kt\u00f3ra zrzesza ponad 50 o\u015brodk\u00f3w zwi\u0105zanych [&hellip;]<\/p>","protected":false},"author":15,"featured_media":20387,"comment_status":"closed","ping_status":"closed","sticky":false,"template":"","format":"standard","meta":{"_et_pb_use_builder":"off","_et_pb_old_content":"","_et_gb_content_width":"","_monsterinsights_skip_tracking":false,"_monsterinsights_sitenote_active":false,"_monsterinsights_sitenote_note":"","_monsterinsights_sitenote_category":0,"footnotes":""},"categories":[89],"tags":[],"class_list":["post-20374","post","type-post","status-publish","format-standard","has-post-thumbnail","hentry","category-europejskie-dni-dziedzictwa"],"yoast_head":"<!-- This site is optimized with the Yoast SEO plugin v26.5 - https:\/\/yoast.com\/wordpress\/plugins\/seo\/ -->\n<title>Szlak Napoleo\u0144ski - NID<\/title>\n<meta name=\"robots\" content=\"index, follow, max-snippet:-1, max-image-preview:large, max-video-preview:-1\" \/>\n<link rel=\"canonical\" href=\"https:\/\/nid.pl\/en\/2024\/06\/28\/szlak-napoleonski\/\" \/>\n<meta property=\"og:locale\" content=\"en_GB\" \/>\n<meta property=\"og:type\" content=\"article\" \/>\n<meta property=\"og:title\" content=\"Szlak Napoleo\u0144ski - NID\" \/>\n<meta property=\"og:description\" content=\"Okres napoleo\u0144ski to czas formowania si\u0119 koncepcji narodu, demokratyzacji spo\u0142ecze\u0144stwa oraz dramatycznych bitew. W 2004 roku Charles Bonaparte zainicjowa\u0142 powstanie Europejskiej Federacji Miast Napoleo\u0144skich, kt\u00f3ra zrzesza ponad 50 o\u015brodk\u00f3w zwi\u0105zanych [&hellip;]\" \/>\n<meta property=\"og:url\" content=\"https:\/\/nid.pl\/en\/2024\/06\/28\/szlak-napoleonski\/\" \/>\n<meta property=\"og:site_name\" content=\"NID\" \/>\n<meta property=\"article:publisher\" content=\"https:\/\/www.facebook.com\/zabytek\" \/>\n<meta property=\"article:published_time\" content=\"2024-06-28T12:12:24+00:00\" \/>\n<meta property=\"article:modified_time\" content=\"2024-06-28T12:19:11+00:00\" \/>\n<meta property=\"og:image\" content=\"https:\/\/nid.pl\/wp-content\/uploads\/2024\/06\/miniaturka-Szlak-Napoleonski-EDD-1.jpg\" \/>\n\t<meta property=\"og:image:width\" content=\"1857\" \/>\n\t<meta property=\"og:image:height\" content=\"1238\" \/>\n\t<meta property=\"og:image:type\" content=\"image\/jpeg\" \/>\n<meta name=\"author\" content=\"Monika Ciura\" \/>\n<meta name=\"twitter:card\" content=\"summary_large_image\" \/>\n<meta name=\"twitter:creator\" content=\"@NarIDpl\" \/>\n<meta name=\"twitter:site\" content=\"@NarIDpl\" \/>\n<meta name=\"twitter:label1\" content=\"Written by\" \/>\n\t<meta name=\"twitter:data1\" content=\"Monika Ciura\" \/>\n\t<meta name=\"twitter:label2\" content=\"Estimated reading time\" \/>\n\t<meta name=\"twitter:data2\" content=\"4 minutes\" \/>\n<script type=\"application\/ld+json\" class=\"yoast-schema-graph\">{\"@context\":\"https:\/\/schema.org\",\"@graph\":[{\"@type\":\"Article\",\"@id\":\"https:\/\/nid.pl\/2024\/06\/28\/szlak-napoleonski\/#article\",\"isPartOf\":{\"@id\":\"https:\/\/nid.pl\/2024\/06\/28\/szlak-napoleonski\/\"},\"author\":{\"name\":\"Monika Ciura\",\"@id\":\"https:\/\/nid.pl\/#\/schema\/person\/ab9abea4caecdccde4fb0d555271145f\"},\"headline\":\"Szlak Napoleo\u0144ski\",\"datePublished\":\"2024-06-28T12:12:24+00:00\",\"dateModified\":\"2024-06-28T12:19:11+00:00\",\"mainEntityOfPage\":{\"@id\":\"https:\/\/nid.pl\/2024\/06\/28\/szlak-napoleonski\/\"},\"wordCount\":529,\"publisher\":{\"@id\":\"https:\/\/nid.pl\/#organization\"},\"image\":{\"@id\":\"https:\/\/nid.pl\/2024\/06\/28\/szlak-napoleonski\/#primaryimage\"},\"thumbnailUrl\":\"https:\/\/nid.pl\/wp-content\/uploads\/2024\/06\/miniaturka-Szlak-Napoleonski-EDD-1.jpg\",\"articleSection\":[\"EDD\"],\"inLanguage\":\"en-GB\"},{\"@type\":\"WebPage\",\"@id\":\"https:\/\/nid.pl\/2024\/06\/28\/szlak-napoleonski\/\",\"url\":\"https:\/\/nid.pl\/2024\/06\/28\/szlak-napoleonski\/\",\"name\":\"Szlak Napoleo\u0144ski - NID\",\"isPartOf\":{\"@id\":\"https:\/\/nid.pl\/#website\"},\"primaryImageOfPage\":{\"@id\":\"https:\/\/nid.pl\/2024\/06\/28\/szlak-napoleonski\/#primaryimage\"},\"image\":{\"@id\":\"https:\/\/nid.pl\/2024\/06\/28\/szlak-napoleonski\/#primaryimage\"},\"thumbnailUrl\":\"https:\/\/nid.pl\/wp-content\/uploads\/2024\/06\/miniaturka-Szlak-Napoleonski-EDD-1.jpg\",\"datePublished\":\"2024-06-28T12:12:24+00:00\",\"dateModified\":\"2024-06-28T12:19:11+00:00\",\"breadcrumb\":{\"@id\":\"https:\/\/nid.pl\/2024\/06\/28\/szlak-napoleonski\/#breadcrumb\"},\"inLanguage\":\"en-GB\",\"potentialAction\":[{\"@type\":\"ReadAction\",\"target\":[\"https:\/\/nid.pl\/2024\/06\/28\/szlak-napoleonski\/\"]}]},{\"@type\":\"ImageObject\",\"inLanguage\":\"en-GB\",\"@id\":\"https:\/\/nid.pl\/2024\/06\/28\/szlak-napoleonski\/#primaryimage\",\"url\":\"https:\/\/nid.pl\/wp-content\/uploads\/2024\/06\/miniaturka-Szlak-Napoleonski-EDD-1.jpg\",\"contentUrl\":\"https:\/\/nid.pl\/wp-content\/uploads\/2024\/06\/miniaturka-Szlak-Napoleonski-EDD-1.jpg\",\"width\":1857,\"height\":1238,\"caption\":\"zdj\u0119cie przedstawia rekonstrukcj\u0119 bitwy Napoleo\u0144skiej\"},{\"@type\":\"BreadcrumbList\",\"@id\":\"https:\/\/nid.pl\/2024\/06\/28\/szlak-napoleonski\/#breadcrumb\",\"itemListElement\":[{\"@type\":\"ListItem\",\"position\":1,\"name\":\"Home\",\"item\":\"https:\/\/nid.pl\/\"},{\"@type\":\"ListItem\",\"position\":2,\"name\":\"Szlak Napoleo\u0144ski\"}]},{\"@type\":\"WebSite\",\"@id\":\"https:\/\/nid.pl\/#website\",\"url\":\"https:\/\/nid.pl\/\",\"name\":\"NID\",\"description\":\"Narodowy Instytut Dziedzictwa\",\"publisher\":{\"@id\":\"https:\/\/nid.pl\/#organization\"},\"potentialAction\":[{\"@type\":\"SearchAction\",\"target\":{\"@type\":\"EntryPoint\",\"urlTemplate\":\"https:\/\/nid.pl\/?s={search_term_string}\"},\"query-input\":{\"@type\":\"PropertyValueSpecification\",\"valueRequired\":true,\"valueName\":\"search_term_string\"}}],\"inLanguage\":\"en-GB\"},{\"@type\":\"Organization\",\"@id\":\"https:\/\/nid.pl\/#organization\",\"name\":\"Narodowy Instytut Dziedzictwa\",\"url\":\"https:\/\/nid.pl\/\",\"logo\":{\"@type\":\"ImageObject\",\"inLanguage\":\"en-GB\",\"@id\":\"https:\/\/nid.pl\/#\/schema\/logo\/image\/\",\"url\":\"https:\/\/nid.pl\/wp-content\/uploads\/2022\/10\/logoRedDark.png\",\"contentUrl\":\"https:\/\/nid.pl\/wp-content\/uploads\/2022\/10\/logoRedDark.png\",\"width\":200,\"height\":197,\"caption\":\"Narodowy Instytut Dziedzictwa\"},\"image\":{\"@id\":\"https:\/\/nid.pl\/#\/schema\/logo\/image\/\"},\"sameAs\":[\"https:\/\/www.facebook.com\/zabytek\",\"https:\/\/x.com\/NarIDpl\",\"https:\/\/www.instagram.com\/nid.pl\/?hl=pl\",\"https:\/\/www.linkedin.com\/company\/narodowy-instytut-dziedzictwa\",\"https:\/\/www.youtube.com\/channel\/UCQXuhKa2uHtmNvLRUSx40JA\"]},{\"@type\":\"Person\",\"@id\":\"https:\/\/nid.pl\/#\/schema\/person\/ab9abea4caecdccde4fb0d555271145f\",\"name\":\"Monika Ciura\",\"image\":{\"@type\":\"ImageObject\",\"inLanguage\":\"en-GB\",\"@id\":\"https:\/\/nid.pl\/#\/schema\/person\/image\/\",\"url\":\"https:\/\/nid.pl\/wp-content\/litespeed\/avatar\/bfdb15d1cc317fac4b66bdc91090ff11.jpg?ver=1777445370\",\"contentUrl\":\"https:\/\/nid.pl\/wp-content\/litespeed\/avatar\/bfdb15d1cc317fac4b66bdc91090ff11.jpg?ver=1777445370\",\"caption\":\"Monika Ciura\"},\"url\":\"https:\/\/nid.pl\/en\/author\/mciura\/\"}]}<\/script>\n<!-- \/ Yoast SEO plugin. -->","yoast_head_json":{"title":"Szlak Napoleo\u0144ski - NID","robots":{"index":"index","follow":"follow","max-snippet":"max-snippet:-1","max-image-preview":"max-image-preview:large","max-video-preview":"max-video-preview:-1"},"canonical":"https:\/\/nid.pl\/en\/2024\/06\/28\/szlak-napoleonski\/","og_locale":"en_GB","og_type":"article","og_title":"Szlak Napoleo\u0144ski - NID","og_description":"Okres napoleo\u0144ski to czas formowania si\u0119 koncepcji narodu, demokratyzacji spo\u0142ecze\u0144stwa oraz dramatycznych bitew. W 2004 roku Charles Bonaparte zainicjowa\u0142 powstanie Europejskiej Federacji Miast Napoleo\u0144skich, kt\u00f3ra zrzesza ponad 50 o\u015brodk\u00f3w zwi\u0105zanych [&hellip;]","og_url":"https:\/\/nid.pl\/en\/2024\/06\/28\/szlak-napoleonski\/","og_site_name":"NID","article_publisher":"https:\/\/www.facebook.com\/zabytek","article_published_time":"2024-06-28T12:12:24+00:00","article_modified_time":"2024-06-28T12:19:11+00:00","og_image":[{"width":1857,"height":1238,"url":"https:\/\/nid.pl\/wp-content\/uploads\/2024\/06\/miniaturka-Szlak-Napoleonski-EDD-1.jpg","type":"image\/jpeg"}],"author":"Monika Ciura","twitter_card":"summary_large_image","twitter_creator":"@NarIDpl","twitter_site":"@NarIDpl","twitter_misc":{"Written by":"Monika Ciura","Estimated reading time":"4 minutes"},"schema":{"@context":"https:\/\/schema.org","@graph":[{"@type":"Article","@id":"https:\/\/nid.pl\/2024\/06\/28\/szlak-napoleonski\/#article","isPartOf":{"@id":"https:\/\/nid.pl\/2024\/06\/28\/szlak-napoleonski\/"},"author":{"name":"Monika Ciura","@id":"https:\/\/nid.pl\/#\/schema\/person\/ab9abea4caecdccde4fb0d555271145f"},"headline":"Szlak Napoleo\u0144ski","datePublished":"2024-06-28T12:12:24+00:00","dateModified":"2024-06-28T12:19:11+00:00","mainEntityOfPage":{"@id":"https:\/\/nid.pl\/2024\/06\/28\/szlak-napoleonski\/"},"wordCount":529,"publisher":{"@id":"https:\/\/nid.pl\/#organization"},"image":{"@id":"https:\/\/nid.pl\/2024\/06\/28\/szlak-napoleonski\/#primaryimage"},"thumbnailUrl":"https:\/\/nid.pl\/wp-content\/uploads\/2024\/06\/miniaturka-Szlak-Napoleonski-EDD-1.jpg","articleSection":["EDD"],"inLanguage":"en-GB"},{"@type":"WebPage","@id":"https:\/\/nid.pl\/2024\/06\/28\/szlak-napoleonski\/","url":"https:\/\/nid.pl\/2024\/06\/28\/szlak-napoleonski\/","name":"Szlak Napoleo\u0144ski - NID","isPartOf":{"@id":"https:\/\/nid.pl\/#website"},"primaryImageOfPage":{"@id":"https:\/\/nid.pl\/2024\/06\/28\/szlak-napoleonski\/#primaryimage"},"image":{"@id":"https:\/\/nid.pl\/2024\/06\/28\/szlak-napoleonski\/#primaryimage"},"thumbnailUrl":"https:\/\/nid.pl\/wp-content\/uploads\/2024\/06\/miniaturka-Szlak-Napoleonski-EDD-1.jpg","datePublished":"2024-06-28T12:12:24+00:00","dateModified":"2024-06-28T12:19:11+00:00","breadcrumb":{"@id":"https:\/\/nid.pl\/2024\/06\/28\/szlak-napoleonski\/#breadcrumb"},"inLanguage":"en-GB","potentialAction":[{"@type":"ReadAction","target":["https:\/\/nid.pl\/2024\/06\/28\/szlak-napoleonski\/"]}]},{"@type":"ImageObject","inLanguage":"en-GB","@id":"https:\/\/nid.pl\/2024\/06\/28\/szlak-napoleonski\/#primaryimage","url":"https:\/\/nid.pl\/wp-content\/uploads\/2024\/06\/miniaturka-Szlak-Napoleonski-EDD-1.jpg","contentUrl":"https:\/\/nid.pl\/wp-content\/uploads\/2024\/06\/miniaturka-Szlak-Napoleonski-EDD-1.jpg","width":1857,"height":1238,"caption":"zdj\u0119cie przedstawia rekonstrukcj\u0119 bitwy Napoleo\u0144skiej"},{"@type":"BreadcrumbList","@id":"https:\/\/nid.pl\/2024\/06\/28\/szlak-napoleonski\/#breadcrumb","itemListElement":[{"@type":"ListItem","position":1,"name":"Home","item":"https:\/\/nid.pl\/"},{"@type":"ListItem","position":2,"name":"Szlak Napoleo\u0144ski"}]},{"@type":"WebSite","@id":"https:\/\/nid.pl\/#website","url":"https:\/\/nid.pl\/","name":"NID","description":"Narodowy Instytut Dziedzictwa","publisher":{"@id":"https:\/\/nid.pl\/#organization"},"potentialAction":[{"@type":"SearchAction","target":{"@type":"EntryPoint","urlTemplate":"https:\/\/nid.pl\/?s={search_term_string}"},"query-input":{"@type":"PropertyValueSpecification","valueRequired":true,"valueName":"search_term_string"}}],"inLanguage":"en-GB"},{"@type":"Organization","@id":"https:\/\/nid.pl\/#organization","name":"Narodowy Instytut Dziedzictwa","url":"https:\/\/nid.pl\/","logo":{"@type":"ImageObject","inLanguage":"en-GB","@id":"https:\/\/nid.pl\/#\/schema\/logo\/image\/","url":"https:\/\/nid.pl\/wp-content\/uploads\/2022\/10\/logoRedDark.png","contentUrl":"https:\/\/nid.pl\/wp-content\/uploads\/2022\/10\/logoRedDark.png","width":200,"height":197,"caption":"Narodowy Instytut Dziedzictwa"},"image":{"@id":"https:\/\/nid.pl\/#\/schema\/logo\/image\/"},"sameAs":["https:\/\/www.facebook.com\/zabytek","https:\/\/x.com\/NarIDpl","https:\/\/www.instagram.com\/nid.pl\/?hl=pl","https:\/\/www.linkedin.com\/company\/narodowy-instytut-dziedzictwa","https:\/\/www.youtube.com\/channel\/UCQXuhKa2uHtmNvLRUSx40JA"]},{"@type":"Person","@id":"https:\/\/nid.pl\/#\/schema\/person\/ab9abea4caecdccde4fb0d555271145f","name":"Monika Ciura","image":{"@type":"ImageObject","inLanguage":"en-GB","@id":"https:\/\/nid.pl\/#\/schema\/person\/image\/","url":"https:\/\/nid.pl\/wp-content\/litespeed\/avatar\/bfdb15d1cc317fac4b66bdc91090ff11.jpg?ver=1777445370","contentUrl":"https:\/\/nid.pl\/wp-content\/litespeed\/avatar\/bfdb15d1cc317fac4b66bdc91090ff11.jpg?ver=1777445370","caption":"Monika Ciura"},"url":"https:\/\/nid.pl\/en\/author\/mciura\/"}]}},"_links":{"self":[{"href":"https:\/\/nid.pl\/en\/wp-json\/wp\/v2\/posts\/20374","targetHints":{"allow":["GET"]}}],"collection":[{"href":"https:\/\/nid.pl\/en\/wp-json\/wp\/v2\/posts"}],"about":[{"href":"https:\/\/nid.pl\/en\/wp-json\/wp\/v2\/types\/post"}],"author":[{"embeddable":true,"href":"https:\/\/nid.pl\/en\/wp-json\/wp\/v2\/users\/15"}],"replies":[{"embeddable":true,"href":"https:\/\/nid.pl\/en\/wp-json\/wp\/v2\/comments?post=20374"}],"version-history":[{"count":0,"href":"https:\/\/nid.pl\/en\/wp-json\/wp\/v2\/posts\/20374\/revisions"}],"wp:featuredmedia":[{"embeddable":true,"href":"https:\/\/nid.pl\/en\/wp-json\/wp\/v2\/media\/20387"}],"wp:attachment":[{"href":"https:\/\/nid.pl\/en\/wp-json\/wp\/v2\/media?parent=20374"}],"wp:term":[{"taxonomy":"category","embeddable":true,"href":"https:\/\/nid.pl\/en\/wp-json\/wp\/v2\/categories?post=20374"},{"taxonomy":"post_tag","embeddable":true,"href":"https:\/\/nid.pl\/en\/wp-json\/wp\/v2\/tags?post=20374"}],"curies":[{"name":"wp","href":"https:\/\/api.w.org\/{rel}","templated":true}]}}