{"id":20196,"date":"2024-06-21T14:09:00","date_gmt":"2024-06-21T12:09:00","guid":{"rendered":"https:\/\/nid.pl\/?p=20196"},"modified":"2024-06-24T10:11:05","modified_gmt":"2024-06-24T08:11:05","slug":"mierzwa-i-srebro-xiii-wieczny-gdansk-jakiego-nie-znacie-ma-w-gdansku","status":"publish","type":"post","link":"https:\/\/nid.pl\/en\/2024\/06\/21\/mierzwa-i-srebro-xiii-wieczny-gdansk-jakiego-nie-znacie-ma-w-gdansku\/","title":{"rendered":"\u201eMierzwa i srebro\u201d \u2013 XIII-wieczny Gda\u0144sk, jakiego nie znacie. Zapraszamy na now\u0105 wystaw\u0119 Muzeum Archeologicznego w Gda\u0144sku"},"content":{"rendered":"<p><strong>Gda\u0144sk obdarzy\u0142 nas zabytkami, kt\u00f3re s\u0105 wyj\u0105tkowe \u2013 nie tylko w skali Pomorza, ale ca\u0142ej Polski. <strong>Co odkryli archeolodzy na wykopaliskach mi\u0119dzy ulicami Tartaczn\u0105 i Panie\u0144sk\u0105<\/strong>? 28 czerwca zapraszamy do Spichlerzu B\u0142\u0119kitny Baranek na now\u0105 wystaw\u0119: <\/strong><a href=\"https:\/\/archeologia.pl\/wystawy\/wystawy-czasowe\/blekitny-baranek-wystawy-czasowe\/mierzwa-i-srebro\/\"><strong>\u201cMierzwa i srebro. Gda\u0144sk w XIII wieku\u201d<\/strong><\/a><strong>, nad kt\u00f3r\u0105 Narodowy Instytut Dziedzictwa obj\u0105\u0142 patronat.<\/strong><\/p>\n\n\n\n<p><strong>Niezwyk\u0142e znaleziska<\/strong> \u015bwiadcz\u0105 o szerokich, mi\u0119dzynarodowych kontaktach mieszka\u0144c\u00f3w gda\u0144skiej osady oraz \u2013 to mo\u017ce wywo\u0142a\u0107 poruszenie \u2013 <strong>wnosz\u0105 do historii powstania Gda\u0144ska zupe\u0142nie nowe fakty<\/strong>.<\/p>\n\n\n\n<p>Codzienne przedmioty stanowi\u0105 t\u0142o dla wydarze\u0144 naszego \u017cycia. Podobnie zabytki \u2013 przechowuj\u0105 wspomnienia o pierwszych u\u017cytkownikach. Podpowiadaj\u0105 nam, jak wygl\u0105da\u0142 ich dzie\u0144, z czym si\u0119 zmagali i o czym marzyli.<\/p>\n\n\n\n<p>Moc opowiadania historii jest zakl\u0119ta w niepozornych rzeczach, osobistych bibelotach. Odnalezione przez archeolog\u00f3w w miejscach nieoczywistych \u2013 g\u0142\u0119bokich b\u0142otach otaczaj\u0105cych dawne domy, czyli w <strong>mierzwie<\/strong>, s\u0105 dla badaczy r\u00f3wnie warto\u015bciowe co \u015bredniowieczne <strong>srebro<\/strong>.<\/p>\n\n\n\n<p>Snuj\u0105 bowiem opowie\u015b\u0107 o zwyk\u0142ych ludziach \u2013 kupcach, rybakach i tkaczkach, \u017cyj\u0105cych w czasach przeobra\u017ce\u0144: gdy tereny dzisiejszego Gda\u0144ska nie by\u0142y jeszcze cz\u0119\u015bci\u0105 miejskiego krajobrazu. Opowie\u015bci te bywaj\u0105 zaskakuj\u0105ce \u2013 <strong>w dawnej s\u0142omianej \u015bci\u00f3\u0142ce odnajdujemy unikaty na skal\u0119 kraju, \u015blady styku kultur Wschodu i Zachodu<\/strong>. Dzi\u0119ki nim wiemy, \u017ce dawni mieszka\u0144cy kwarta\u0142u ograniczonego dzisiaj ulicami Tartaczn\u0105 i Panie\u0144sk\u0105 byli podobni do nas. Pod\u0105\u017cali za aktualnymi trendami, interesowa\u0142 ich \u015bwiat \u2013 dowiadywali si\u0119 o nim od podr\u00f3\u017cnik\u00f3w, kupc\u00f3w i wojownik\u00f3w. Bez Internetu, bez ksi\u0105\u017cek i dalekich podr\u00f3\u017cy odcisn\u0119li sw\u00f3j \u015blad w materialnej kulturze \u015bredniowiecznej Europy.<\/p>\n\n\n\n<p>Bliskie s\u0105 nam aspiracje wczesno\u015bredniowiecznego cz\u0142owieka: mie\u0107 to, co wyj\u0105tkowe i rzadkie. Realizowano je na miar\u0119 posiadanych zasob\u00f3w \u2013 poprzez na\u015bladownictwo, sprytne imitacje, w ramach dost\u0119pnych surowc\u00f3w. I cho\u0107 cyna zast\u0105pi\u0142a srebro, a szklane paciorki klejnoty, to nie spos\u00f3b odm\u00f3wi\u0107 tym zabytkom nieoczywistego pi\u0119kna.<\/p>\n\n\n\n<p>Przedmioty odnalezione w trakcie bada\u0144 archeologicznych prowadzonych przy ul. Tartacznej zwiastuj\u0105 to, czym stanie si\u0119 Gda\u0144sk, jaki znamy dzisiaj: miejscem spotka\u0144 wielu kultur i narod\u00f3w, stref\u0105 krzy\u017cowania si\u0119 wp\u0142yw\u00f3w i \u017ar\u00f3d\u0142em inspiracji.<\/p>\n\n\n\n<p>Na wystaw\u0119 \u201eMierzwa i srebro\u201d trafi\u0142y pere\u0142ki \u2013 <strong>najwa\u017cniejsze spo\u015br\u00f3d tysi\u0119cy odkrytych zabytk\u00f3w<\/strong>. To wyb\u00f3r przedmiot\u00f3w najlepiej ilustruj\u0105cych bogaty i wci\u0105\u017c badany zbi\u00f3r, z\u0142o\u017cony m.in. z bi\u017cuterii, ceramiki, rzadkich zabytk\u00f3w organicznych i monet.<\/p>\n\n\n\n<p><\/p>\n\n\n\n<p><strong>Miejsce: <\/strong>Spichlerz B\u0142\u0119kitny Baranek \u2013 Gda\u0144sk, ul. Chmielna 53<br><strong>Kuratorka wystawy:<\/strong> Ewelina Drozd-Wadyl<br>Pos\u0142uchaj: <a href=\"https:\/\/nid.pl\/wp-content\/uploads\/2024\/06\/Mierzwa-i-srebro-zaproszenie-kuratorki-wystawy.mp3\">&lt;Zaproszenie na wydarzenie><\/a><\/p>\n\n\n\n<p><strong>Otwarcie wystawy:<\/strong> 28 czerwca 2024 r., godz. 17:00 (na otwarcie &#8211; wst\u0119p wolny)<br><strong>Wystawa czasowa:<\/strong> od 28 czerwca (otwarcie o godz. 17:00) do 8 grudnia 2024 r.<br>Zwiedzanie biletowane zgodnie z <a href=\"https:\/\/archeologia.pl\/archeologia_oddzialy\/blekitny-baranek\/\">cennikiem<\/a> Spichlerza B\u0142\u0119kitny Baranek.<\/p>\n\n\n\n<p><strong>ORGANIZATOR:<\/strong> Muzeum Archeologiczne w Gda\u0144sku<\/p>\n\n\n\n<p><strong>PATRONI HONOROWI:<\/strong><br>Mieczys\u0142aw Struk &#8211; Marsza\u0142ek Wojew\u00f3dztwa Pomorskiego<br>Aleksandra Dulkiewicz &#8211; Prezydent Miasta Gda\u0144ska<\/p>\n\n\n\n<p><strong>PATRON INSTYTUCJONALNY:<\/strong> Narodowy Instytut Dziedzictwa<\/p>\n\n\n\n<p><strong>PATRONI MEDIALNI:<\/strong><br>Trojmiasto.pl<br>Archeologia \u017bywa<br>gdansk.pl<\/p>\n\n\n\n<p><\/p>\n\n\n\n<figure class=\"wp-block-image aligncenter size-large is-resized\"><img loading=\"lazy\" decoding=\"async\" width=\"724\" height=\"1024\" src=\"https:\/\/nid.pl\/wp-content\/uploads\/2024\/06\/Mierzwa-i-srebro-plakat-724x1024.png\" alt=\"\" class=\"wp-image-20198\" style=\"width:618px;height:auto\"\/><\/figure>","protected":false},"excerpt":{"rendered":"<p>Gda\u0144sk obdarzy\u0142 nas zabytkami, kt\u00f3re s\u0105 wyj\u0105tkowe \u2013 nie tylko w skali Pomorza, ale ca\u0142ej Polski. Co odkryli archeolodzy na wykopaliskach mi\u0119dzy ulicami Tartaczn\u0105 i Panie\u0144sk\u0105? 28 czerwca zapraszamy do [&hellip;]<\/p>","protected":false},"author":7,"featured_media":20200,"comment_status":"closed","ping_status":"closed","sticky":false,"template":"","format":"standard","meta":{"_et_pb_use_builder":"off","_et_pb_old_content":"","_et_gb_content_width":"","_monsterinsights_skip_tracking":false,"_monsterinsights_sitenote_active":false,"_monsterinsights_sitenote_note":"","_monsterinsights_sitenote_category":0,"footnotes":""},"categories":[28],"tags":[],"class_list":["post-20196","post","type-post","status-publish","format-standard","has-post-thumbnail","hentry","category-patronaty"],"yoast_head":"<!-- This site is optimized with the Yoast SEO plugin v26.5 - https:\/\/yoast.com\/wordpress\/plugins\/seo\/ -->\n<title>\u201eMierzwa i srebro\u201d \u2013 XIII-wieczny Gda\u0144sk, jakiego nie znacie. Zapraszamy na now\u0105 wystaw\u0119 Muzeum Archeologicznego w Gda\u0144sku - NID<\/title>\n<meta name=\"robots\" content=\"index, follow, max-snippet:-1, max-image-preview:large, max-video-preview:-1\" \/>\n<link rel=\"canonical\" href=\"https:\/\/nid.pl\/en\/2024\/06\/21\/mierzwa-i-srebro-xiii-wieczny-gdansk-jakiego-nie-znacie-ma-w-gdansku\/\" \/>\n<meta property=\"og:locale\" content=\"en_GB\" \/>\n<meta property=\"og:type\" content=\"article\" \/>\n<meta property=\"og:title\" content=\"\u201eMierzwa i srebro\u201d \u2013 XIII-wieczny Gda\u0144sk, jakiego nie znacie. Zapraszamy na now\u0105 wystaw\u0119 Muzeum Archeologicznego w Gda\u0144sku - NID\" \/>\n<meta property=\"og:description\" content=\"Gda\u0144sk obdarzy\u0142 nas zabytkami, kt\u00f3re s\u0105 wyj\u0105tkowe \u2013 nie tylko w skali Pomorza, ale ca\u0142ej Polski. Co odkryli archeolodzy na wykopaliskach mi\u0119dzy ulicami Tartaczn\u0105 i Panie\u0144sk\u0105? 28 czerwca zapraszamy do [&hellip;]\" \/>\n<meta property=\"og:url\" content=\"https:\/\/nid.pl\/en\/2024\/06\/21\/mierzwa-i-srebro-xiii-wieczny-gdansk-jakiego-nie-znacie-ma-w-gdansku\/\" \/>\n<meta property=\"og:site_name\" content=\"NID\" \/>\n<meta property=\"article:publisher\" content=\"https:\/\/www.facebook.com\/zabytek\" \/>\n<meta property=\"article:published_time\" content=\"2024-06-21T12:09:00+00:00\" \/>\n<meta property=\"article:modified_time\" content=\"2024-06-24T08:11:05+00:00\" \/>\n<meta property=\"og:image\" content=\"https:\/\/nid.pl\/wp-content\/uploads\/2024\/06\/Patronaty-NID-dobre.jpg\" \/>\n\t<meta property=\"og:image:width\" content=\"1400\" \/>\n\t<meta property=\"og:image:height\" content=\"875\" \/>\n\t<meta property=\"og:image:type\" content=\"image\/jpeg\" \/>\n<meta name=\"author\" content=\"Barbara Halliop\" \/>\n<meta name=\"twitter:card\" content=\"summary_large_image\" \/>\n<meta name=\"twitter:creator\" content=\"@NarIDpl\" \/>\n<meta name=\"twitter:site\" content=\"@NarIDpl\" \/>\n<meta name=\"twitter:label1\" content=\"Written by\" \/>\n\t<meta name=\"twitter:data1\" content=\"Barbara Halliop\" \/>\n\t<meta name=\"twitter:label2\" content=\"Estimated reading time\" \/>\n\t<meta name=\"twitter:data2\" content=\"3 minutes\" \/>\n<script type=\"application\/ld+json\" class=\"yoast-schema-graph\">{\"@context\":\"https:\/\/schema.org\",\"@graph\":[{\"@type\":\"Article\",\"@id\":\"https:\/\/nid.pl\/2024\/06\/21\/mierzwa-i-srebro-xiii-wieczny-gdansk-jakiego-nie-znacie-ma-w-gdansku\/#article\",\"isPartOf\":{\"@id\":\"https:\/\/nid.pl\/2024\/06\/21\/mierzwa-i-srebro-xiii-wieczny-gdansk-jakiego-nie-znacie-ma-w-gdansku\/\"},\"author\":{\"name\":\"Barbara Halliop\",\"@id\":\"https:\/\/nid.pl\/#\/schema\/person\/1b690a8998a5111cfb9f0ffe24195a15\"},\"headline\":\"\u201eMierzwa i srebro\u201d \u2013 XIII-wieczny Gda\u0144sk, jakiego nie znacie. Zapraszamy na now\u0105 wystaw\u0119 Muzeum Archeologicznego w Gda\u0144sku\",\"datePublished\":\"2024-06-21T12:09:00+00:00\",\"dateModified\":\"2024-06-24T08:11:05+00:00\",\"mainEntityOfPage\":{\"@id\":\"https:\/\/nid.pl\/2024\/06\/21\/mierzwa-i-srebro-xiii-wieczny-gdansk-jakiego-nie-znacie-ma-w-gdansku\/\"},\"wordCount\":516,\"publisher\":{\"@id\":\"https:\/\/nid.pl\/#organization\"},\"image\":{\"@id\":\"https:\/\/nid.pl\/2024\/06\/21\/mierzwa-i-srebro-xiii-wieczny-gdansk-jakiego-nie-znacie-ma-w-gdansku\/#primaryimage\"},\"thumbnailUrl\":\"https:\/\/nid.pl\/wp-content\/uploads\/2024\/06\/Patronaty-NID-dobre.jpg\",\"articleSection\":[\"Patronaty\"],\"inLanguage\":\"en-GB\"},{\"@type\":\"WebPage\",\"@id\":\"https:\/\/nid.pl\/2024\/06\/21\/mierzwa-i-srebro-xiii-wieczny-gdansk-jakiego-nie-znacie-ma-w-gdansku\/\",\"url\":\"https:\/\/nid.pl\/2024\/06\/21\/mierzwa-i-srebro-xiii-wieczny-gdansk-jakiego-nie-znacie-ma-w-gdansku\/\",\"name\":\"\u201eMierzwa i srebro\u201d \u2013 XIII-wieczny Gda\u0144sk, jakiego nie znacie. Zapraszamy na now\u0105 wystaw\u0119 Muzeum Archeologicznego w Gda\u0144sku - NID\",\"isPartOf\":{\"@id\":\"https:\/\/nid.pl\/#website\"},\"primaryImageOfPage\":{\"@id\":\"https:\/\/nid.pl\/2024\/06\/21\/mierzwa-i-srebro-xiii-wieczny-gdansk-jakiego-nie-znacie-ma-w-gdansku\/#primaryimage\"},\"image\":{\"@id\":\"https:\/\/nid.pl\/2024\/06\/21\/mierzwa-i-srebro-xiii-wieczny-gdansk-jakiego-nie-znacie-ma-w-gdansku\/#primaryimage\"},\"thumbnailUrl\":\"https:\/\/nid.pl\/wp-content\/uploads\/2024\/06\/Patronaty-NID-dobre.jpg\",\"datePublished\":\"2024-06-21T12:09:00+00:00\",\"dateModified\":\"2024-06-24T08:11:05+00:00\",\"breadcrumb\":{\"@id\":\"https:\/\/nid.pl\/2024\/06\/21\/mierzwa-i-srebro-xiii-wieczny-gdansk-jakiego-nie-znacie-ma-w-gdansku\/#breadcrumb\"},\"inLanguage\":\"en-GB\",\"potentialAction\":[{\"@type\":\"ReadAction\",\"target\":[\"https:\/\/nid.pl\/2024\/06\/21\/mierzwa-i-srebro-xiii-wieczny-gdansk-jakiego-nie-znacie-ma-w-gdansku\/\"]}]},{\"@type\":\"ImageObject\",\"inLanguage\":\"en-GB\",\"@id\":\"https:\/\/nid.pl\/2024\/06\/21\/mierzwa-i-srebro-xiii-wieczny-gdansk-jakiego-nie-znacie-ma-w-gdansku\/#primaryimage\",\"url\":\"https:\/\/nid.pl\/wp-content\/uploads\/2024\/06\/Patronaty-NID-dobre.jpg\",\"contentUrl\":\"https:\/\/nid.pl\/wp-content\/uploads\/2024\/06\/Patronaty-NID-dobre.jpg\",\"width\":1400,\"height\":875,\"caption\":\"Ilustracja przedstawia kola\u017c zdj\u0119\u0107 zabytk\u00f3w odnalezionych podczas wykopalisk na ulicy Tartacznej i Panie\u0144skiej w Gda\u0144sku.\"},{\"@type\":\"BreadcrumbList\",\"@id\":\"https:\/\/nid.pl\/2024\/06\/21\/mierzwa-i-srebro-xiii-wieczny-gdansk-jakiego-nie-znacie-ma-w-gdansku\/#breadcrumb\",\"itemListElement\":[{\"@type\":\"ListItem\",\"position\":1,\"name\":\"Home\",\"item\":\"https:\/\/nid.pl\/\"},{\"@type\":\"ListItem\",\"position\":2,\"name\":\"\u201eMierzwa i srebro\u201d \u2013 XIII-wieczny Gda\u0144sk, jakiego nie znacie. Zapraszamy na now\u0105 wystaw\u0119 Muzeum Archeologicznego w Gda\u0144sku\"}]},{\"@type\":\"WebSite\",\"@id\":\"https:\/\/nid.pl\/#website\",\"url\":\"https:\/\/nid.pl\/\",\"name\":\"NID\",\"description\":\"Narodowy Instytut Dziedzictwa\",\"publisher\":{\"@id\":\"https:\/\/nid.pl\/#organization\"},\"potentialAction\":[{\"@type\":\"SearchAction\",\"target\":{\"@type\":\"EntryPoint\",\"urlTemplate\":\"https:\/\/nid.pl\/?s={search_term_string}\"},\"query-input\":{\"@type\":\"PropertyValueSpecification\",\"valueRequired\":true,\"valueName\":\"search_term_string\"}}],\"inLanguage\":\"en-GB\"},{\"@type\":\"Organization\",\"@id\":\"https:\/\/nid.pl\/#organization\",\"name\":\"Narodowy Instytut Dziedzictwa\",\"url\":\"https:\/\/nid.pl\/\",\"logo\":{\"@type\":\"ImageObject\",\"inLanguage\":\"en-GB\",\"@id\":\"https:\/\/nid.pl\/#\/schema\/logo\/image\/\",\"url\":\"https:\/\/nid.pl\/wp-content\/uploads\/2022\/10\/logoRedDark.png\",\"contentUrl\":\"https:\/\/nid.pl\/wp-content\/uploads\/2022\/10\/logoRedDark.png\",\"width\":200,\"height\":197,\"caption\":\"Narodowy Instytut Dziedzictwa\"},\"image\":{\"@id\":\"https:\/\/nid.pl\/#\/schema\/logo\/image\/\"},\"sameAs\":[\"https:\/\/www.facebook.com\/zabytek\",\"https:\/\/x.com\/NarIDpl\",\"https:\/\/www.instagram.com\/nid.pl\/?hl=pl\",\"https:\/\/www.linkedin.com\/company\/narodowy-instytut-dziedzictwa\",\"https:\/\/www.youtube.com\/channel\/UCQXuhKa2uHtmNvLRUSx40JA\"]},{\"@type\":\"Person\",\"@id\":\"https:\/\/nid.pl\/#\/schema\/person\/1b690a8998a5111cfb9f0ffe24195a15\",\"name\":\"Barbara Halliop\",\"image\":{\"@type\":\"ImageObject\",\"inLanguage\":\"en-GB\",\"@id\":\"https:\/\/nid.pl\/#\/schema\/person\/image\/\",\"url\":\"https:\/\/nid.pl\/wp-content\/litespeed\/avatar\/924046d17dd0c842c9fa9ccf489bc6dc.jpg?ver=1777444967\",\"contentUrl\":\"https:\/\/nid.pl\/wp-content\/litespeed\/avatar\/924046d17dd0c842c9fa9ccf489bc6dc.jpg?ver=1777444967\",\"caption\":\"Barbara Halliop\"},\"url\":\"https:\/\/nid.pl\/en\/author\/bhalliop\/\"}]}<\/script>\n<!-- \/ Yoast SEO plugin. -->","yoast_head_json":{"title":"\u201eMierzwa i srebro\u201d \u2013 XIII-wieczny Gda\u0144sk, jakiego nie znacie. Zapraszamy na now\u0105 wystaw\u0119 Muzeum Archeologicznego w Gda\u0144sku - NID","robots":{"index":"index","follow":"follow","max-snippet":"max-snippet:-1","max-image-preview":"max-image-preview:large","max-video-preview":"max-video-preview:-1"},"canonical":"https:\/\/nid.pl\/en\/2024\/06\/21\/mierzwa-i-srebro-xiii-wieczny-gdansk-jakiego-nie-znacie-ma-w-gdansku\/","og_locale":"en_GB","og_type":"article","og_title":"\u201eMierzwa i srebro\u201d \u2013 XIII-wieczny Gda\u0144sk, jakiego nie znacie. Zapraszamy na now\u0105 wystaw\u0119 Muzeum Archeologicznego w Gda\u0144sku - NID","og_description":"Gda\u0144sk obdarzy\u0142 nas zabytkami, kt\u00f3re s\u0105 wyj\u0105tkowe \u2013 nie tylko w skali Pomorza, ale ca\u0142ej Polski. Co odkryli archeolodzy na wykopaliskach mi\u0119dzy ulicami Tartaczn\u0105 i Panie\u0144sk\u0105? 28 czerwca zapraszamy do [&hellip;]","og_url":"https:\/\/nid.pl\/en\/2024\/06\/21\/mierzwa-i-srebro-xiii-wieczny-gdansk-jakiego-nie-znacie-ma-w-gdansku\/","og_site_name":"NID","article_publisher":"https:\/\/www.facebook.com\/zabytek","article_published_time":"2024-06-21T12:09:00+00:00","article_modified_time":"2024-06-24T08:11:05+00:00","og_image":[{"width":1400,"height":875,"url":"https:\/\/nid.pl\/wp-content\/uploads\/2024\/06\/Patronaty-NID-dobre.jpg","type":"image\/jpeg"}],"author":"Barbara Halliop","twitter_card":"summary_large_image","twitter_creator":"@NarIDpl","twitter_site":"@NarIDpl","twitter_misc":{"Written by":"Barbara Halliop","Estimated reading time":"3 minutes"},"schema":{"@context":"https:\/\/schema.org","@graph":[{"@type":"Article","@id":"https:\/\/nid.pl\/2024\/06\/21\/mierzwa-i-srebro-xiii-wieczny-gdansk-jakiego-nie-znacie-ma-w-gdansku\/#article","isPartOf":{"@id":"https:\/\/nid.pl\/2024\/06\/21\/mierzwa-i-srebro-xiii-wieczny-gdansk-jakiego-nie-znacie-ma-w-gdansku\/"},"author":{"name":"Barbara Halliop","@id":"https:\/\/nid.pl\/#\/schema\/person\/1b690a8998a5111cfb9f0ffe24195a15"},"headline":"\u201eMierzwa i srebro\u201d \u2013 XIII-wieczny Gda\u0144sk, jakiego nie znacie. Zapraszamy na now\u0105 wystaw\u0119 Muzeum Archeologicznego w Gda\u0144sku","datePublished":"2024-06-21T12:09:00+00:00","dateModified":"2024-06-24T08:11:05+00:00","mainEntityOfPage":{"@id":"https:\/\/nid.pl\/2024\/06\/21\/mierzwa-i-srebro-xiii-wieczny-gdansk-jakiego-nie-znacie-ma-w-gdansku\/"},"wordCount":516,"publisher":{"@id":"https:\/\/nid.pl\/#organization"},"image":{"@id":"https:\/\/nid.pl\/2024\/06\/21\/mierzwa-i-srebro-xiii-wieczny-gdansk-jakiego-nie-znacie-ma-w-gdansku\/#primaryimage"},"thumbnailUrl":"https:\/\/nid.pl\/wp-content\/uploads\/2024\/06\/Patronaty-NID-dobre.jpg","articleSection":["Patronaty"],"inLanguage":"en-GB"},{"@type":"WebPage","@id":"https:\/\/nid.pl\/2024\/06\/21\/mierzwa-i-srebro-xiii-wieczny-gdansk-jakiego-nie-znacie-ma-w-gdansku\/","url":"https:\/\/nid.pl\/2024\/06\/21\/mierzwa-i-srebro-xiii-wieczny-gdansk-jakiego-nie-znacie-ma-w-gdansku\/","name":"\u201eMierzwa i srebro\u201d \u2013 XIII-wieczny Gda\u0144sk, jakiego nie znacie. Zapraszamy na now\u0105 wystaw\u0119 Muzeum Archeologicznego w Gda\u0144sku - NID","isPartOf":{"@id":"https:\/\/nid.pl\/#website"},"primaryImageOfPage":{"@id":"https:\/\/nid.pl\/2024\/06\/21\/mierzwa-i-srebro-xiii-wieczny-gdansk-jakiego-nie-znacie-ma-w-gdansku\/#primaryimage"},"image":{"@id":"https:\/\/nid.pl\/2024\/06\/21\/mierzwa-i-srebro-xiii-wieczny-gdansk-jakiego-nie-znacie-ma-w-gdansku\/#primaryimage"},"thumbnailUrl":"https:\/\/nid.pl\/wp-content\/uploads\/2024\/06\/Patronaty-NID-dobre.jpg","datePublished":"2024-06-21T12:09:00+00:00","dateModified":"2024-06-24T08:11:05+00:00","breadcrumb":{"@id":"https:\/\/nid.pl\/2024\/06\/21\/mierzwa-i-srebro-xiii-wieczny-gdansk-jakiego-nie-znacie-ma-w-gdansku\/#breadcrumb"},"inLanguage":"en-GB","potentialAction":[{"@type":"ReadAction","target":["https:\/\/nid.pl\/2024\/06\/21\/mierzwa-i-srebro-xiii-wieczny-gdansk-jakiego-nie-znacie-ma-w-gdansku\/"]}]},{"@type":"ImageObject","inLanguage":"en-GB","@id":"https:\/\/nid.pl\/2024\/06\/21\/mierzwa-i-srebro-xiii-wieczny-gdansk-jakiego-nie-znacie-ma-w-gdansku\/#primaryimage","url":"https:\/\/nid.pl\/wp-content\/uploads\/2024\/06\/Patronaty-NID-dobre.jpg","contentUrl":"https:\/\/nid.pl\/wp-content\/uploads\/2024\/06\/Patronaty-NID-dobre.jpg","width":1400,"height":875,"caption":"Ilustracja przedstawia kola\u017c zdj\u0119\u0107 zabytk\u00f3w odnalezionych podczas wykopalisk na ulicy Tartacznej i Panie\u0144skiej w Gda\u0144sku."},{"@type":"BreadcrumbList","@id":"https:\/\/nid.pl\/2024\/06\/21\/mierzwa-i-srebro-xiii-wieczny-gdansk-jakiego-nie-znacie-ma-w-gdansku\/#breadcrumb","itemListElement":[{"@type":"ListItem","position":1,"name":"Home","item":"https:\/\/nid.pl\/"},{"@type":"ListItem","position":2,"name":"\u201eMierzwa i srebro\u201d \u2013 XIII-wieczny Gda\u0144sk, jakiego nie znacie. Zapraszamy na now\u0105 wystaw\u0119 Muzeum Archeologicznego w Gda\u0144sku"}]},{"@type":"WebSite","@id":"https:\/\/nid.pl\/#website","url":"https:\/\/nid.pl\/","name":"NID","description":"Narodowy Instytut Dziedzictwa","publisher":{"@id":"https:\/\/nid.pl\/#organization"},"potentialAction":[{"@type":"SearchAction","target":{"@type":"EntryPoint","urlTemplate":"https:\/\/nid.pl\/?s={search_term_string}"},"query-input":{"@type":"PropertyValueSpecification","valueRequired":true,"valueName":"search_term_string"}}],"inLanguage":"en-GB"},{"@type":"Organization","@id":"https:\/\/nid.pl\/#organization","name":"Narodowy Instytut Dziedzictwa","url":"https:\/\/nid.pl\/","logo":{"@type":"ImageObject","inLanguage":"en-GB","@id":"https:\/\/nid.pl\/#\/schema\/logo\/image\/","url":"https:\/\/nid.pl\/wp-content\/uploads\/2022\/10\/logoRedDark.png","contentUrl":"https:\/\/nid.pl\/wp-content\/uploads\/2022\/10\/logoRedDark.png","width":200,"height":197,"caption":"Narodowy Instytut Dziedzictwa"},"image":{"@id":"https:\/\/nid.pl\/#\/schema\/logo\/image\/"},"sameAs":["https:\/\/www.facebook.com\/zabytek","https:\/\/x.com\/NarIDpl","https:\/\/www.instagram.com\/nid.pl\/?hl=pl","https:\/\/www.linkedin.com\/company\/narodowy-instytut-dziedzictwa","https:\/\/www.youtube.com\/channel\/UCQXuhKa2uHtmNvLRUSx40JA"]},{"@type":"Person","@id":"https:\/\/nid.pl\/#\/schema\/person\/1b690a8998a5111cfb9f0ffe24195a15","name":"Barbara Halliop","image":{"@type":"ImageObject","inLanguage":"en-GB","@id":"https:\/\/nid.pl\/#\/schema\/person\/image\/","url":"https:\/\/nid.pl\/wp-content\/litespeed\/avatar\/924046d17dd0c842c9fa9ccf489bc6dc.jpg?ver=1777444967","contentUrl":"https:\/\/nid.pl\/wp-content\/litespeed\/avatar\/924046d17dd0c842c9fa9ccf489bc6dc.jpg?ver=1777444967","caption":"Barbara Halliop"},"url":"https:\/\/nid.pl\/en\/author\/bhalliop\/"}]}},"_links":{"self":[{"href":"https:\/\/nid.pl\/en\/wp-json\/wp\/v2\/posts\/20196","targetHints":{"allow":["GET"]}}],"collection":[{"href":"https:\/\/nid.pl\/en\/wp-json\/wp\/v2\/posts"}],"about":[{"href":"https:\/\/nid.pl\/en\/wp-json\/wp\/v2\/types\/post"}],"author":[{"embeddable":true,"href":"https:\/\/nid.pl\/en\/wp-json\/wp\/v2\/users\/7"}],"replies":[{"embeddable":true,"href":"https:\/\/nid.pl\/en\/wp-json\/wp\/v2\/comments?post=20196"}],"version-history":[{"count":0,"href":"https:\/\/nid.pl\/en\/wp-json\/wp\/v2\/posts\/20196\/revisions"}],"wp:featuredmedia":[{"embeddable":true,"href":"https:\/\/nid.pl\/en\/wp-json\/wp\/v2\/media\/20200"}],"wp:attachment":[{"href":"https:\/\/nid.pl\/en\/wp-json\/wp\/v2\/media?parent=20196"}],"wp:term":[{"taxonomy":"category","embeddable":true,"href":"https:\/\/nid.pl\/en\/wp-json\/wp\/v2\/categories?post=20196"},{"taxonomy":"post_tag","embeddable":true,"href":"https:\/\/nid.pl\/en\/wp-json\/wp\/v2\/tags?post=20196"}],"curies":[{"name":"wp","href":"https:\/\/api.w.org\/{rel}","templated":true}]}}