{"id":19847,"date":"2024-06-14T16:46:45","date_gmt":"2024-06-14T14:46:45","guid":{"rendered":"https:\/\/nid.pl\/?p=19847"},"modified":"2024-06-14T17:04:52","modified_gmt":"2024-06-14T15:04:52","slug":"europejskie-dni-archeologii-2024-spotkanie-prasowe","status":"publish","type":"post","link":"https:\/\/nid.pl\/en\/2024\/06\/14\/europejskie-dni-archeologii-2024-spotkanie-prasowe\/","title":{"rendered":"Europejskie Dni Archeologii 2024 \u2013 spotkanie prasowe\u00a0"},"content":{"rendered":"<p><strong>Ju\u017c dzisiaj, 14 czerwca rozpocz\u0105\u0142 si\u0119 \u201cweekend archeologii\u201d, czyli corocznie odbywaj\u0105ce si\u0119 Europejskie Dni Archeologii. Z tej okazji, Narodowy Instytut Dziedzictwa, og\u00f3lnopolski koordynator EDA, zorganizowa\u0142 spotkanie prasowe.<\/strong>&nbsp;<\/p>\n\n\n\n<p>14 czerwca, w<strong> Galerii Faras Muzeum Narodowego w Warszawie<\/strong>\u00a0odby\u0142o si\u0119 spotkanie prasowe z okazji rozpocz\u0119cia Europejskich Dni Archeologii 2024. \u00a0<\/p>\n\n\n\n<p>To \u015bwi\u0119to archeologii odbywa si\u0119 Polsce po raz sz\u00f3sty, a z ka\u017cd\u0105 kolejn\u0105 edycj\u0105 ro\u015bnie liczba zaplanowanych w jego ramach atrakcji. W tym roku pad\u0142 kolejny rekord, 60 organizator\u00f3w przygotowa\u0142o ponad 150 wydarze\u0144.\u00a0<\/p>\n\n\n\n<p>Ju\u017c dzi\u015b wiele instytucji kultury, edukacji i nauki zaprosi\u0142o dzieci, m\u0142odzie\u017c, rodziny i pasjonat\u00f3w archeologii na\u00a0pierwsze warsztaty, lekcje czy wyk\u0142ady w ramach EDA 2024. \u201cWeekend archeologii\u201d trwa\u0107 b\u0119dzie do 16 czerwca.\u00a0<\/p>\n\n\n\n<p><strong>Spotkanie prasowe EDA 2024<\/strong><\/p>\n\n\n\n<p>Jako pierwsza uczestnik\u00f3w spotkania powita\u0142a przedstawicielka gospodarza, <strong>Ma\u0142gorzata \u0141obocka, zast\u0119pczyni dyrektora ds. komunikacji i edukacji Muzeum Narodowego w Warszawie,<\/strong> kt\u00f3ra odnios\u0142a si\u0119 do dzia\u0142a\u0144 Muzeum w zakresie edukacji i popularyzacji dziedzictwa archeologicznego:<\/p>\n\n\n\n<blockquote class=\"wp-block-quote is-layout-flow wp-block-quote-is-layout-flow\">\n<p>&#8220;<em>Tutaj, w Galerii Faras jeste\u015bmy dzi\u0119ki pracy naszych specjalist\u00f3w, to w\u0142a\u015bnie w tym muzeum pracowa\u0142 profesor Kazimierz Micha\u0142owski, kierownik misji archeologicznej, kt\u00f3ra odkry\u0142a malowid\u0142a w katedrze w Faras. (&#8230;) W Muzeum Narodowym  w Warszawie mamy ogromn\u0105 \u015bwiadomo\u015b\u0107 tego, jak wa\u017cne jest opowiadanie o archeologii przysz\u0142ym pokoleniom, dlatego skupiamy si\u0119 na dzia\u0142alno\u015bci edukacyjnej. Tylko w zesz\u0142ym roku, 124 000 os\u00f3b skorzysta\u0142o z naszej oferty edukacyjnej, a galerie, kt\u00f3re prezentuj\u0105 dziedzictwo archeologiczne odwiedzi\u0142o 270 000 os\u00f3b<\/em>&#8220;.<\/p>\n<\/blockquote>\n\n\n\n<p>Nast\u0119pnie <strong>Marlena Happach<\/strong> przywita\u0142a wszystkich w nowej roli &#8211;  <strong>dyrektorki nowej instytucji, powsta\u0142ej w wyniku po\u0142\u0105czenia Narodowego Instytutu Dziedzictwa i Narodowego Instytutu Konserwacji Zabytk\u00f3w<\/strong> i podkre\u015bli\u0142a:<\/p>\n\n\n\n<blockquote class=\"wp-block-quote is-layout-flow wp-block-quote-is-layout-flow\">\n<p><em>&#8221; NID jako nowo powo\u0142ana instytucja czerpie z do\u015bwiadczenia dw\u00f3ch instytut\u00f3w &#8211; Narodowego Instytutu Dziedzictwa i Narodowego Instytutu Konserwacji Zabytk\u00f3w. (&#8230;) Dzi\u0119ki wzajemnej synergii, inspiracji i wsp\u00f3\u0142pracy wierz\u0119, \u017ce uda nam si\u0119 osi\u0105gn\u0105\u0107 jeszcze lepsz\u0105 jako\u015b\u0107 dzia\u0142a\u0144 w zakresie ochrony dziedzictwa<\/em>&#8220;.<\/p>\n<\/blockquote>\n\n\n\n<p>Dyrektorka NID nawi\u0105za\u0142a r\u00f3wnie\u017c do g\u0142\u00f3wnego celu Europejskich Dni Archeologii, jakim jest upowszechnianie wiedzy o dziedzictwie archeologicznym:<\/p>\n\n\n\n<blockquote class=\"wp-block-quote is-layout-flow wp-block-quote-is-layout-flow\">\n<p>&#8220;<em>Wa\u017cne, by specjalistyczne i hermetyczne odkrycia przet\u0142umaczy\u0107 na j\u0119zyk dla nas wszystkich zrozumia\u0142y, dzi\u0119ki czemu mo\u017cemy odczyta\u0107 komunikat z przesz\u0142o\u015bci, niezwykle istotny r\u00f3wnie\u017c dzisiaj<\/em>&#8220;.<\/p>\n<\/blockquote>\n\n\n\n<p>Na koniec wyst\u0105pi\u0142a<strong> dr Nina Gli\u0144ska, koordynatorka Europejskich Dni Archeologii z Narodowego Instytutu Dziedzictwa<\/strong>, kt\u00f3ra zaprezentowa\u0142a ide\u0119 \u015bwi\u0119ta archeologii oraz charakter wydarze\u0144 organizowanych w jego ramach w Polsce:<\/p>\n\n\n\n<blockquote class=\"wp-block-quote is-layout-flow wp-block-quote-is-layout-flow\">\n<p><em>&#8220;Europejskie Dni Archeologii to wyj\u0105tkowe wydarzenie, kt\u00f3re ma na celu przede wszystkim edukacj\u0119 o archeologii, a w d\u0142u\u017cszej perspektywie ochron\u0119 dziedzictwa. Jako archeolodzy, na co dzie\u0144 publikuj\u0105c wyniki swoich bada\u0144, pos\u0142ugujemy si\u0119 specjalistycznym j\u0119zykiem, a zabytki archeologiczne s\u0105 cz\u0119sto niewidoczne. Chcemy wi\u0119c pokaza\u0107 to, czego nie wida\u0107, przybli\u017cy\u0107 specyfik\u0119 pracy archeologa, opowiedzie\u0107, co dziej\u0119 si\u0119 z zabytkami po ich odkryciu&#8221;.<\/em><\/p>\n<\/blockquote>\n\n\n\n<p>Uczestnicy spotkania mieli r\u00f3wnie\u017c okazj\u0119 zwiedzi\u0107 Galeri\u0119 Faras, po kt\u00f3rej oprowadzi\u0142a kuratorka wystawy, prof. Aleksandra Sulikowska.<\/p>\n\n\n\n<p><strong>EDA 2024 \u2013 jakie atrakcje czekaj\u0105 w Twojej okolicy?<\/strong><\/p>\n\n\n\n<p>Celem Europejskich Dni Archeologii jest popularyzacja dziedzictwa archeologicznego, zach\u0119cenie do jego odkrywania i uwra\u017cliwienie na kwesti\u0119 jego ochrony. Organizatorzy wydarze\u0144 proponuj\u0105 atrakcje skierowane do r\u00f3\u017cnorodnych grup: dzieci, rodzin, student\u00f3w i mi\u0142o\u015bnik\u00f3w dziedzictwa. Niekt\u00f3re z nich odbywaj\u0105 si\u0119 w muzeach i instytucjach, kt\u00f3re otwieraj\u0105 pracownie, gdzie mo\u017cna spotka\u0107 si\u0119 z archeologami, konserwatorami i muzealnikami. S\u0105 te\u017c pikniki, festyny, pokazy czy warsztaty organizowane na \u015bwie\u017cym powietrzu, nierzadko w okolicach stanowisk archeologicznych, dzi\u0119ki czemu uczestnicy mog\u0105 bezpo\u015brednio obcowa\u0107 z tym cz\u0119sto niewidocznym na pierwszy rzut oka dziedzictwem. &nbsp;<\/p>\n\n\n\n<p>Jako krajowy koordynator EDA, Narodowy Instytut Dziedzictwa z ogromn\u0105 satysfakcj\u0105 obserwuje, jak inicjatywa ta rozszerza si\u0119 na coraz wi\u0119cej miejscowo\u015bci, daj\u0105c coraz wi\u0119kszemu gronu os\u00f3b szans\u0119 na budowanie relacji z lokalnym dziedzictwem.\u00a0<\/p>\n\n\n\n<p><strong>Zach\u0119camy do zapoznania si\u0119 z wybranymi wydarzeniami \u2013 <\/strong><a href=\"https:\/\/nid.pl\/en\/2024\/06\/11\/eda-2024-juz-w-ten-weekend-sprawdz-polecane-wydarzenia\/\" target=\"_blank\" rel=\"noreferrer noopener\"><strong>tutaj.<\/strong><\/a>&nbsp;<\/p>\n\n\n\n<p><a href=\"https:\/\/nid.pl\/wp-content\/uploads\/2024\/06\/Program-EDA-2024-110624.pdf\" target=\"_blank\" rel=\"noreferrer noopener\"><strong>Program wydarze\u0144 organizowanych\u00a0w dniach 14-16 czerwca w Polsce (stan na 11.06.2024 r.)\u00a0<\/strong><\/a><strong>\u2013 do pobrania.<\/strong>\u00a0<\/p>\n\n\n\n<p>Mapa organizator\u00f3w wydarze\u0144 w ramach EDA 2024 w Polsce (stan na 10.06.2024 r.).<\/p>\n\n\n\n<figure class=\"wp-block-image aligncenter size-full\"><img loading=\"lazy\" decoding=\"async\" width=\"595\" height=\"506\" src=\"https:\/\/nid.pl\/wp-content\/uploads\/2024\/06\/mapa-EDA-2024-Polska.png\" alt=\"mapa wydarze\u0144 Europejskie Dni Archeologii 2024, Polska\" class=\"wp-image-19853\" srcset=\"https:\/\/nid.pl\/wp-content\/uploads\/2024\/06\/mapa-EDA-2024-Polska.png 595w, https:\/\/nid.pl\/wp-content\/uploads\/2024\/06\/mapa-EDA-2024-Polska-480x408.png 480w\" sizes=\"(min-width: 0px) and (max-width: 480px) 480px, (min-width: 481px) 595px, 100vw\" \/><\/figure>\n\n\n\n<p><\/p>\n\n\n\n<figure class=\"wp-block-image aligncenter size-large is-resized\"><img loading=\"lazy\" decoding=\"async\" width=\"1024\" height=\"682\" src=\"https:\/\/nid.pl\/wp-content\/uploads\/2024\/06\/nid-konferencja-prasowa-14-06-24_-1-1024x682.jpg\" alt=\"\" class=\"wp-image-19879\" style=\"width:703px;height:auto\" srcset=\"https:\/\/nid.pl\/wp-content\/uploads\/2024\/06\/nid-konferencja-prasowa-14-06-24_-1-980x653.jpg 980w, https:\/\/nid.pl\/wp-content\/uploads\/2024\/06\/nid-konferencja-prasowa-14-06-24_-1-480x320.jpg 480w\" sizes=\"(min-width: 0px) and (max-width: 480px) 480px, (min-width: 481px) and (max-width: 980px) 980px, (min-width: 981px) 1024px, 100vw\" \/><figcaption class=\"wp-element-caption\">Anna  \u015amigielska z Narodowego Instytutu Dziedzictwa prowadzi spotkanie prasowe EDA 2024, fot. NID\/Tobiasz Bu\u0142ynko<\/figcaption><\/figure>\n\n\n\n<figure class=\"wp-block-image aligncenter size-large is-resized\"><img loading=\"lazy\" decoding=\"async\" width=\"1024\" height=\"682\" src=\"https:\/\/nid.pl\/wp-content\/uploads\/2024\/06\/nid-konferencja-prasowa-14-06-24_-3-1024x682.jpg\" alt=\"\" class=\"wp-image-19880\" style=\"width:699px;height:auto\" srcset=\"https:\/\/nid.pl\/wp-content\/uploads\/2024\/06\/nid-konferencja-prasowa-14-06-24_-3-980x653.jpg 980w, https:\/\/nid.pl\/wp-content\/uploads\/2024\/06\/nid-konferencja-prasowa-14-06-24_-3-480x320.jpg 480w\" sizes=\"(min-width: 0px) and (max-width: 480px) 480px, (min-width: 481px) and (max-width: 980px) 980px, (min-width: 981px) 1024px, 100vw\" \/><figcaption class=\"wp-element-caption\">Ma\u0142gorzata \u0141obocka, zast\u0119pczyni dyrektora ds. komunikacji i edukacji Muzeum Narodowego w Warszawie, spotkanie prasowa EDA 2024, fot. NID\/Tobiasz Bu\u0142ynko<\/figcaption><\/figure>\n\n\n\n<figure class=\"wp-block-image aligncenter size-large is-resized\"><img loading=\"lazy\" decoding=\"async\" width=\"1024\" height=\"682\" src=\"https:\/\/nid.pl\/wp-content\/uploads\/2024\/06\/nid-konferencja-prasowa-14-06-24_-5-1024x682.jpg\" alt=\"\" class=\"wp-image-19882\" style=\"width:707px;height:auto\" srcset=\"https:\/\/nid.pl\/wp-content\/uploads\/2024\/06\/nid-konferencja-prasowa-14-06-24_-5-980x653.jpg 980w, https:\/\/nid.pl\/wp-content\/uploads\/2024\/06\/nid-konferencja-prasowa-14-06-24_-5-480x320.jpg 480w\" sizes=\"(min-width: 0px) and (max-width: 480px) 480px, (min-width: 481px) and (max-width: 980px) 980px, (min-width: 981px) 1024px, 100vw\" \/><figcaption class=\"wp-element-caption\">Marlena Happach, dyrektorka Narodowego Instytutu Dziedzictwa, spotkanie prasowe EDA 2024, fot. NID\/Tobiasz Bu\u0142ynko<\/figcaption><\/figure>\n\n\n\n<figure class=\"wp-block-image aligncenter size-large is-resized\"><img loading=\"lazy\" decoding=\"async\" width=\"1024\" height=\"682\" src=\"https:\/\/nid.pl\/wp-content\/uploads\/2024\/06\/nid-konferencja-prasowa-14-06-24_-7-1024x682.jpg\" alt=\"\" class=\"wp-image-19883\" style=\"width:715px;height:auto\" srcset=\"https:\/\/nid.pl\/wp-content\/uploads\/2024\/06\/nid-konferencja-prasowa-14-06-24_-7-980x653.jpg 980w, https:\/\/nid.pl\/wp-content\/uploads\/2024\/06\/nid-konferencja-prasowa-14-06-24_-7-480x320.jpg 480w\" sizes=\"(min-width: 0px) and (max-width: 480px) 480px, (min-width: 481px) and (max-width: 980px) 980px, (min-width: 981px) 1024px, 100vw\" \/><figcaption class=\"wp-element-caption\">dr Nina Gli\u0144ska, koordynatorka Europejskich Dni Archeologii z Narodowego Instytutu Dziedzictwa, spotkanie prasowe EDA 2024, fot. NID\/Tobiasz Bu\u0142ynko<\/figcaption><\/figure>\n\n\n\n<figure class=\"wp-block-image aligncenter size-large is-resized\"><img loading=\"lazy\" decoding=\"async\" width=\"1024\" height=\"682\" src=\"https:\/\/nid.pl\/wp-content\/uploads\/2024\/06\/nid-konferencja-prasowa-14-06-24_-4-1024x682.jpg\" alt=\"\" class=\"wp-image-19881\" style=\"width:725px;height:auto\" srcset=\"https:\/\/nid.pl\/wp-content\/uploads\/2024\/06\/nid-konferencja-prasowa-14-06-24_-4-980x653.jpg 980w, https:\/\/nid.pl\/wp-content\/uploads\/2024\/06\/nid-konferencja-prasowa-14-06-24_-4-480x320.jpg 480w\" sizes=\"(min-width: 0px) and (max-width: 480px) 480px, (min-width: 481px) and (max-width: 980px) 980px, (min-width: 981px) 1024px, 100vw\" \/><figcaption class=\"wp-element-caption\">spotkanie prasowe EDA 2024, w pierwszym rz\u0119dzie siedz\u0105 dr Nina Gli\u0144ska i Marlena Happach, dyrektorka NID, fot. NID\/Tobiasz Bu\u0142ynko<\/figcaption><\/figure>\n\n\n\n<figure class=\"wp-block-image aligncenter size-large is-resized\"><img loading=\"lazy\" decoding=\"async\" width=\"1024\" height=\"682\" src=\"https:\/\/nid.pl\/wp-content\/uploads\/2024\/06\/nid-konferencja-prasowa-14-06-24_-20-1024x682.jpg\" alt=\"\" class=\"wp-image-19885\" style=\"width:729px;height:auto\" srcset=\"https:\/\/nid.pl\/wp-content\/uploads\/2024\/06\/nid-konferencja-prasowa-14-06-24_-20-980x653.jpg 980w, https:\/\/nid.pl\/wp-content\/uploads\/2024\/06\/nid-konferencja-prasowa-14-06-24_-20-480x320.jpg 480w\" sizes=\"(min-width: 0px) and (max-width: 480px) 480px, (min-width: 481px) and (max-width: 980px) 980px, (min-width: 981px) 1024px, 100vw\" \/><figcaption class=\"wp-element-caption\">oprowadzanie po Galerii Faras przez kuratork\u0119 prof. Aleksandr\u0119 Sulikowsk\u0105, fot. NID\/Tobiasz Bu\u0142ynko<\/figcaption><\/figure>\n\n\n\n<figure class=\"wp-block-image aligncenter size-large is-resized\"><img loading=\"lazy\" decoding=\"async\" width=\"1024\" height=\"682\" src=\"https:\/\/nid.pl\/wp-content\/uploads\/2024\/06\/nid-konferencja-prasowa-14-06-24_-22-1024x682.jpg\" alt=\"\" class=\"wp-image-19886\" style=\"width:733px;height:auto\" srcset=\"https:\/\/nid.pl\/wp-content\/uploads\/2024\/06\/nid-konferencja-prasowa-14-06-24_-22-980x653.jpg 980w, https:\/\/nid.pl\/wp-content\/uploads\/2024\/06\/nid-konferencja-prasowa-14-06-24_-22-480x320.jpg 480w\" sizes=\"(min-width: 0px) and (max-width: 480px) 480px, (min-width: 481px) and (max-width: 980px) 980px, (min-width: 981px) 1024px, 100vw\" \/><figcaption class=\"wp-element-caption\">oprowadzanie po Galerii Faras przez kuratork\u0119 prof. Aleksandr\u0119 Sulikowsk\u0105, fot. NID\/Tobiasz Bu\u0142ynko<\/figcaption><\/figure>\n\n\n\n<p><strong>Patronami medialnymi Europejskich Dni Archeologii s\u0105: Polskie Radio S.A. i Archeologia \u017bywa.<\/strong><\/p>\n\n\n\n<figure class=\"wp-block-image size-large is-resized\"><img loading=\"lazy\" decoding=\"async\" width=\"1024\" height=\"406\" src=\"https:\/\/nid.pl\/wp-content\/uploads\/2024\/06\/EDA-2024-baner-1024x406.jpg\" alt=\"\" class=\"wp-image-19682\" style=\"width:823px;height:auto\" srcset=\"https:\/\/nid.pl\/wp-content\/uploads\/2024\/06\/EDA-2024-baner-980x388.jpg 980w, https:\/\/nid.pl\/wp-content\/uploads\/2024\/06\/EDA-2024-baner-480x190.jpg 480w\" sizes=\"(min-width: 0px) and (max-width: 480px) 480px, (min-width: 481px) and (max-width: 980px) 980px, (min-width: 981px) 1024px, 100vw\" \/><\/figure>\n\n\n\n<p><\/p>","protected":false},"excerpt":{"rendered":"<p>Ju\u017c dzisiaj, 14 czerwca rozpocz\u0105\u0142 si\u0119 \u201cweekend archeologii\u201d, czyli corocznie odbywaj\u0105ce si\u0119 Europejskie Dni Archeologii. Z tej okazji, Narodowy Instytut Dziedzictwa, og\u00f3lnopolski koordynator EDA, zorganizowa\u0142 spotkanie prasowe.&nbsp; 14 czerwca, w [&hellip;]<\/p>","protected":false},"author":15,"featured_media":19878,"comment_status":"closed","ping_status":"closed","sticky":false,"template":"","format":"standard","meta":{"_et_pb_use_builder":"off","_et_pb_old_content":"","_et_gb_content_width":"","_monsterinsights_skip_tracking":false,"_monsterinsights_sitenote_active":false,"_monsterinsights_sitenote_note":"","_monsterinsights_sitenote_category":0,"footnotes":""},"categories":[3,79],"tags":[],"class_list":["post-19847","post","type-post","status-publish","format-standard","has-post-thumbnail","hentry","category-aktualnosci","category-europejskie-dni-archeologii"],"yoast_head":"<!-- This site is optimized with the Yoast SEO plugin v26.5 - https:\/\/yoast.com\/wordpress\/plugins\/seo\/ -->\n<title>Europejskie Dni Archeologii 2024 \u2013 spotkanie prasowe\u00a0 - NID<\/title>\n<meta name=\"robots\" content=\"index, follow, max-snippet:-1, max-image-preview:large, max-video-preview:-1\" \/>\n<link rel=\"canonical\" href=\"https:\/\/nid.pl\/en\/2024\/06\/14\/europejskie-dni-archeologii-2024-spotkanie-prasowe\/\" \/>\n<meta property=\"og:locale\" content=\"en_GB\" \/>\n<meta property=\"og:type\" content=\"article\" \/>\n<meta property=\"og:title\" content=\"Europejskie Dni Archeologii 2024 \u2013 spotkanie prasowe\u00a0 - NID\" \/>\n<meta property=\"og:description\" content=\"Ju\u017c dzisiaj, 14 czerwca rozpocz\u0105\u0142 si\u0119 \u201cweekend archeologii\u201d, czyli corocznie odbywaj\u0105ce si\u0119 Europejskie Dni Archeologii. Z tej okazji, Narodowy Instytut Dziedzictwa, og\u00f3lnopolski koordynator EDA, zorganizowa\u0142 spotkanie prasowe.&nbsp; 14 czerwca, w [&hellip;]\" \/>\n<meta property=\"og:url\" content=\"https:\/\/nid.pl\/en\/2024\/06\/14\/europejskie-dni-archeologii-2024-spotkanie-prasowe\/\" \/>\n<meta property=\"og:site_name\" content=\"NID\" \/>\n<meta property=\"article:publisher\" content=\"https:\/\/www.facebook.com\/zabytek\" \/>\n<meta property=\"article:published_time\" content=\"2024-06-14T14:46:45+00:00\" \/>\n<meta property=\"article:modified_time\" content=\"2024-06-14T15:04:52+00:00\" \/>\n<meta property=\"og:image\" content=\"https:\/\/nid.pl\/wp-content\/uploads\/2024\/06\/aktualnosci_1.jpg\" \/>\n\t<meta property=\"og:image:width\" content=\"1500\" \/>\n\t<meta property=\"og:image:height\" content=\"1000\" \/>\n\t<meta property=\"og:image:type\" content=\"image\/jpeg\" \/>\n<meta name=\"author\" content=\"Monika Ciura\" \/>\n<meta name=\"twitter:card\" content=\"summary_large_image\" \/>\n<meta name=\"twitter:creator\" content=\"@NarIDpl\" \/>\n<meta name=\"twitter:site\" content=\"@NarIDpl\" \/>\n<meta name=\"twitter:label1\" content=\"Written by\" \/>\n\t<meta name=\"twitter:data1\" content=\"Monika Ciura\" \/>\n\t<meta name=\"twitter:label2\" content=\"Estimated reading time\" \/>\n\t<meta name=\"twitter:data2\" content=\"6 minutes\" \/>\n<script type=\"application\/ld+json\" class=\"yoast-schema-graph\">{\"@context\":\"https:\/\/schema.org\",\"@graph\":[{\"@type\":\"Article\",\"@id\":\"https:\/\/nid.pl\/2024\/06\/14\/europejskie-dni-archeologii-2024-spotkanie-prasowe\/#article\",\"isPartOf\":{\"@id\":\"https:\/\/nid.pl\/2024\/06\/14\/europejskie-dni-archeologii-2024-spotkanie-prasowe\/\"},\"author\":{\"name\":\"Monika Ciura\",\"@id\":\"https:\/\/nid.pl\/#\/schema\/person\/ab9abea4caecdccde4fb0d555271145f\"},\"headline\":\"Europejskie Dni Archeologii 2024 \u2013 spotkanie prasowe\u00a0\",\"datePublished\":\"2024-06-14T14:46:45+00:00\",\"dateModified\":\"2024-06-14T15:04:52+00:00\",\"mainEntityOfPage\":{\"@id\":\"https:\/\/nid.pl\/2024\/06\/14\/europejskie-dni-archeologii-2024-spotkanie-prasowe\/\"},\"wordCount\":827,\"publisher\":{\"@id\":\"https:\/\/nid.pl\/#organization\"},\"image\":{\"@id\":\"https:\/\/nid.pl\/2024\/06\/14\/europejskie-dni-archeologii-2024-spotkanie-prasowe\/#primaryimage\"},\"thumbnailUrl\":\"https:\/\/nid.pl\/wp-content\/uploads\/2024\/06\/aktualnosci_1.jpg\",\"articleSection\":[\"Aktualno\u015bci\",\"EDA\"],\"inLanguage\":\"en-GB\"},{\"@type\":\"WebPage\",\"@id\":\"https:\/\/nid.pl\/2024\/06\/14\/europejskie-dni-archeologii-2024-spotkanie-prasowe\/\",\"url\":\"https:\/\/nid.pl\/2024\/06\/14\/europejskie-dni-archeologii-2024-spotkanie-prasowe\/\",\"name\":\"Europejskie Dni Archeologii 2024 \u2013 spotkanie prasowe\u00a0 - NID\",\"isPartOf\":{\"@id\":\"https:\/\/nid.pl\/#website\"},\"primaryImageOfPage\":{\"@id\":\"https:\/\/nid.pl\/2024\/06\/14\/europejskie-dni-archeologii-2024-spotkanie-prasowe\/#primaryimage\"},\"image\":{\"@id\":\"https:\/\/nid.pl\/2024\/06\/14\/europejskie-dni-archeologii-2024-spotkanie-prasowe\/#primaryimage\"},\"thumbnailUrl\":\"https:\/\/nid.pl\/wp-content\/uploads\/2024\/06\/aktualnosci_1.jpg\",\"datePublished\":\"2024-06-14T14:46:45+00:00\",\"dateModified\":\"2024-06-14T15:04:52+00:00\",\"breadcrumb\":{\"@id\":\"https:\/\/nid.pl\/2024\/06\/14\/europejskie-dni-archeologii-2024-spotkanie-prasowe\/#breadcrumb\"},\"inLanguage\":\"en-GB\",\"potentialAction\":[{\"@type\":\"ReadAction\",\"target\":[\"https:\/\/nid.pl\/2024\/06\/14\/europejskie-dni-archeologii-2024-spotkanie-prasowe\/\"]}]},{\"@type\":\"ImageObject\",\"inLanguage\":\"en-GB\",\"@id\":\"https:\/\/nid.pl\/2024\/06\/14\/europejskie-dni-archeologii-2024-spotkanie-prasowe\/#primaryimage\",\"url\":\"https:\/\/nid.pl\/wp-content\/uploads\/2024\/06\/aktualnosci_1.jpg\",\"contentUrl\":\"https:\/\/nid.pl\/wp-content\/uploads\/2024\/06\/aktualnosci_1.jpg\",\"width\":1500,\"height\":1000,\"caption\":\"Marlena Happach dyrektorka NID udziela wywiadu\"},{\"@type\":\"BreadcrumbList\",\"@id\":\"https:\/\/nid.pl\/2024\/06\/14\/europejskie-dni-archeologii-2024-spotkanie-prasowe\/#breadcrumb\",\"itemListElement\":[{\"@type\":\"ListItem\",\"position\":1,\"name\":\"Home\",\"item\":\"https:\/\/nid.pl\/\"},{\"@type\":\"ListItem\",\"position\":2,\"name\":\"Europejskie Dni Archeologii 2024 \u2013 spotkanie prasowe\u00a0\"}]},{\"@type\":\"WebSite\",\"@id\":\"https:\/\/nid.pl\/#website\",\"url\":\"https:\/\/nid.pl\/\",\"name\":\"NID\",\"description\":\"Narodowy Instytut Dziedzictwa\",\"publisher\":{\"@id\":\"https:\/\/nid.pl\/#organization\"},\"potentialAction\":[{\"@type\":\"SearchAction\",\"target\":{\"@type\":\"EntryPoint\",\"urlTemplate\":\"https:\/\/nid.pl\/?s={search_term_string}\"},\"query-input\":{\"@type\":\"PropertyValueSpecification\",\"valueRequired\":true,\"valueName\":\"search_term_string\"}}],\"inLanguage\":\"en-GB\"},{\"@type\":\"Organization\",\"@id\":\"https:\/\/nid.pl\/#organization\",\"name\":\"Narodowy Instytut Dziedzictwa\",\"url\":\"https:\/\/nid.pl\/\",\"logo\":{\"@type\":\"ImageObject\",\"inLanguage\":\"en-GB\",\"@id\":\"https:\/\/nid.pl\/#\/schema\/logo\/image\/\",\"url\":\"https:\/\/nid.pl\/wp-content\/uploads\/2022\/10\/logoRedDark.png\",\"contentUrl\":\"https:\/\/nid.pl\/wp-content\/uploads\/2022\/10\/logoRedDark.png\",\"width\":200,\"height\":197,\"caption\":\"Narodowy Instytut Dziedzictwa\"},\"image\":{\"@id\":\"https:\/\/nid.pl\/#\/schema\/logo\/image\/\"},\"sameAs\":[\"https:\/\/www.facebook.com\/zabytek\",\"https:\/\/x.com\/NarIDpl\",\"https:\/\/www.instagram.com\/nid.pl\/?hl=pl\",\"https:\/\/www.linkedin.com\/company\/narodowy-instytut-dziedzictwa\",\"https:\/\/www.youtube.com\/channel\/UCQXuhKa2uHtmNvLRUSx40JA\"]},{\"@type\":\"Person\",\"@id\":\"https:\/\/nid.pl\/#\/schema\/person\/ab9abea4caecdccde4fb0d555271145f\",\"name\":\"Monika Ciura\",\"image\":{\"@type\":\"ImageObject\",\"inLanguage\":\"en-GB\",\"@id\":\"https:\/\/nid.pl\/#\/schema\/person\/image\/\",\"url\":\"https:\/\/nid.pl\/wp-content\/litespeed\/avatar\/bfdb15d1cc317fac4b66bdc91090ff11.jpg?ver=1777445370\",\"contentUrl\":\"https:\/\/nid.pl\/wp-content\/litespeed\/avatar\/bfdb15d1cc317fac4b66bdc91090ff11.jpg?ver=1777445370\",\"caption\":\"Monika Ciura\"},\"url\":\"https:\/\/nid.pl\/en\/author\/mciura\/\"}]}<\/script>\n<!-- \/ Yoast SEO plugin. -->","yoast_head_json":{"title":"Europejskie Dni Archeologii 2024 \u2013 spotkanie prasowe\u00a0 - NID","robots":{"index":"index","follow":"follow","max-snippet":"max-snippet:-1","max-image-preview":"max-image-preview:large","max-video-preview":"max-video-preview:-1"},"canonical":"https:\/\/nid.pl\/en\/2024\/06\/14\/europejskie-dni-archeologii-2024-spotkanie-prasowe\/","og_locale":"en_GB","og_type":"article","og_title":"Europejskie Dni Archeologii 2024 \u2013 spotkanie prasowe\u00a0 - NID","og_description":"Ju\u017c dzisiaj, 14 czerwca rozpocz\u0105\u0142 si\u0119 \u201cweekend archeologii\u201d, czyli corocznie odbywaj\u0105ce si\u0119 Europejskie Dni Archeologii. Z tej okazji, Narodowy Instytut Dziedzictwa, og\u00f3lnopolski koordynator EDA, zorganizowa\u0142 spotkanie prasowe.&nbsp; 14 czerwca, w [&hellip;]","og_url":"https:\/\/nid.pl\/en\/2024\/06\/14\/europejskie-dni-archeologii-2024-spotkanie-prasowe\/","og_site_name":"NID","article_publisher":"https:\/\/www.facebook.com\/zabytek","article_published_time":"2024-06-14T14:46:45+00:00","article_modified_time":"2024-06-14T15:04:52+00:00","og_image":[{"width":1500,"height":1000,"url":"https:\/\/nid.pl\/wp-content\/uploads\/2024\/06\/aktualnosci_1.jpg","type":"image\/jpeg"}],"author":"Monika Ciura","twitter_card":"summary_large_image","twitter_creator":"@NarIDpl","twitter_site":"@NarIDpl","twitter_misc":{"Written by":"Monika Ciura","Estimated reading time":"6 minutes"},"schema":{"@context":"https:\/\/schema.org","@graph":[{"@type":"Article","@id":"https:\/\/nid.pl\/2024\/06\/14\/europejskie-dni-archeologii-2024-spotkanie-prasowe\/#article","isPartOf":{"@id":"https:\/\/nid.pl\/2024\/06\/14\/europejskie-dni-archeologii-2024-spotkanie-prasowe\/"},"author":{"name":"Monika Ciura","@id":"https:\/\/nid.pl\/#\/schema\/person\/ab9abea4caecdccde4fb0d555271145f"},"headline":"Europejskie Dni Archeologii 2024 \u2013 spotkanie prasowe\u00a0","datePublished":"2024-06-14T14:46:45+00:00","dateModified":"2024-06-14T15:04:52+00:00","mainEntityOfPage":{"@id":"https:\/\/nid.pl\/2024\/06\/14\/europejskie-dni-archeologii-2024-spotkanie-prasowe\/"},"wordCount":827,"publisher":{"@id":"https:\/\/nid.pl\/#organization"},"image":{"@id":"https:\/\/nid.pl\/2024\/06\/14\/europejskie-dni-archeologii-2024-spotkanie-prasowe\/#primaryimage"},"thumbnailUrl":"https:\/\/nid.pl\/wp-content\/uploads\/2024\/06\/aktualnosci_1.jpg","articleSection":["Aktualno\u015bci","EDA"],"inLanguage":"en-GB"},{"@type":"WebPage","@id":"https:\/\/nid.pl\/2024\/06\/14\/europejskie-dni-archeologii-2024-spotkanie-prasowe\/","url":"https:\/\/nid.pl\/2024\/06\/14\/europejskie-dni-archeologii-2024-spotkanie-prasowe\/","name":"Europejskie Dni Archeologii 2024 \u2013 spotkanie prasowe\u00a0 - NID","isPartOf":{"@id":"https:\/\/nid.pl\/#website"},"primaryImageOfPage":{"@id":"https:\/\/nid.pl\/2024\/06\/14\/europejskie-dni-archeologii-2024-spotkanie-prasowe\/#primaryimage"},"image":{"@id":"https:\/\/nid.pl\/2024\/06\/14\/europejskie-dni-archeologii-2024-spotkanie-prasowe\/#primaryimage"},"thumbnailUrl":"https:\/\/nid.pl\/wp-content\/uploads\/2024\/06\/aktualnosci_1.jpg","datePublished":"2024-06-14T14:46:45+00:00","dateModified":"2024-06-14T15:04:52+00:00","breadcrumb":{"@id":"https:\/\/nid.pl\/2024\/06\/14\/europejskie-dni-archeologii-2024-spotkanie-prasowe\/#breadcrumb"},"inLanguage":"en-GB","potentialAction":[{"@type":"ReadAction","target":["https:\/\/nid.pl\/2024\/06\/14\/europejskie-dni-archeologii-2024-spotkanie-prasowe\/"]}]},{"@type":"ImageObject","inLanguage":"en-GB","@id":"https:\/\/nid.pl\/2024\/06\/14\/europejskie-dni-archeologii-2024-spotkanie-prasowe\/#primaryimage","url":"https:\/\/nid.pl\/wp-content\/uploads\/2024\/06\/aktualnosci_1.jpg","contentUrl":"https:\/\/nid.pl\/wp-content\/uploads\/2024\/06\/aktualnosci_1.jpg","width":1500,"height":1000,"caption":"Marlena Happach dyrektorka NID udziela wywiadu"},{"@type":"BreadcrumbList","@id":"https:\/\/nid.pl\/2024\/06\/14\/europejskie-dni-archeologii-2024-spotkanie-prasowe\/#breadcrumb","itemListElement":[{"@type":"ListItem","position":1,"name":"Home","item":"https:\/\/nid.pl\/"},{"@type":"ListItem","position":2,"name":"Europejskie Dni Archeologii 2024 \u2013 spotkanie prasowe\u00a0"}]},{"@type":"WebSite","@id":"https:\/\/nid.pl\/#website","url":"https:\/\/nid.pl\/","name":"NID","description":"Narodowy Instytut Dziedzictwa","publisher":{"@id":"https:\/\/nid.pl\/#organization"},"potentialAction":[{"@type":"SearchAction","target":{"@type":"EntryPoint","urlTemplate":"https:\/\/nid.pl\/?s={search_term_string}"},"query-input":{"@type":"PropertyValueSpecification","valueRequired":true,"valueName":"search_term_string"}}],"inLanguage":"en-GB"},{"@type":"Organization","@id":"https:\/\/nid.pl\/#organization","name":"Narodowy Instytut Dziedzictwa","url":"https:\/\/nid.pl\/","logo":{"@type":"ImageObject","inLanguage":"en-GB","@id":"https:\/\/nid.pl\/#\/schema\/logo\/image\/","url":"https:\/\/nid.pl\/wp-content\/uploads\/2022\/10\/logoRedDark.png","contentUrl":"https:\/\/nid.pl\/wp-content\/uploads\/2022\/10\/logoRedDark.png","width":200,"height":197,"caption":"Narodowy Instytut Dziedzictwa"},"image":{"@id":"https:\/\/nid.pl\/#\/schema\/logo\/image\/"},"sameAs":["https:\/\/www.facebook.com\/zabytek","https:\/\/x.com\/NarIDpl","https:\/\/www.instagram.com\/nid.pl\/?hl=pl","https:\/\/www.linkedin.com\/company\/narodowy-instytut-dziedzictwa","https:\/\/www.youtube.com\/channel\/UCQXuhKa2uHtmNvLRUSx40JA"]},{"@type":"Person","@id":"https:\/\/nid.pl\/#\/schema\/person\/ab9abea4caecdccde4fb0d555271145f","name":"Monika Ciura","image":{"@type":"ImageObject","inLanguage":"en-GB","@id":"https:\/\/nid.pl\/#\/schema\/person\/image\/","url":"https:\/\/nid.pl\/wp-content\/litespeed\/avatar\/bfdb15d1cc317fac4b66bdc91090ff11.jpg?ver=1777445370","contentUrl":"https:\/\/nid.pl\/wp-content\/litespeed\/avatar\/bfdb15d1cc317fac4b66bdc91090ff11.jpg?ver=1777445370","caption":"Monika Ciura"},"url":"https:\/\/nid.pl\/en\/author\/mciura\/"}]}},"_links":{"self":[{"href":"https:\/\/nid.pl\/en\/wp-json\/wp\/v2\/posts\/19847","targetHints":{"allow":["GET"]}}],"collection":[{"href":"https:\/\/nid.pl\/en\/wp-json\/wp\/v2\/posts"}],"about":[{"href":"https:\/\/nid.pl\/en\/wp-json\/wp\/v2\/types\/post"}],"author":[{"embeddable":true,"href":"https:\/\/nid.pl\/en\/wp-json\/wp\/v2\/users\/15"}],"replies":[{"embeddable":true,"href":"https:\/\/nid.pl\/en\/wp-json\/wp\/v2\/comments?post=19847"}],"version-history":[{"count":0,"href":"https:\/\/nid.pl\/en\/wp-json\/wp\/v2\/posts\/19847\/revisions"}],"wp:featuredmedia":[{"embeddable":true,"href":"https:\/\/nid.pl\/en\/wp-json\/wp\/v2\/media\/19878"}],"wp:attachment":[{"href":"https:\/\/nid.pl\/en\/wp-json\/wp\/v2\/media?parent=19847"}],"wp:term":[{"taxonomy":"category","embeddable":true,"href":"https:\/\/nid.pl\/en\/wp-json\/wp\/v2\/categories?post=19847"},{"taxonomy":"post_tag","embeddable":true,"href":"https:\/\/nid.pl\/en\/wp-json\/wp\/v2\/tags?post=19847"}],"curies":[{"name":"wp","href":"https:\/\/api.w.org\/{rel}","templated":true}]}}