{"id":19749,"date":"2024-05-31T13:55:24","date_gmt":"2024-05-31T11:55:24","guid":{"rendered":"https:\/\/nid.pl\/?p=19749"},"modified":"2024-06-10T14:00:24","modified_gmt":"2024-06-10T12:00:24","slug":"szlak-kultury-woloskiej","status":"publish","type":"post","link":"https:\/\/nid.pl\/en\/2024\/05\/31\/szlak-kultury-woloskiej\/","title":{"rendered":"Szlak\u00a0Kultury Wo\u0142oskiej"},"content":{"rendered":"<p><strong>W ramach cyklu\u00a0#SzlakiKulturoweEDD\u00a0prezentujemy genez\u0119 powstania\u00a0Szlaku Kultury Wo\u0142oskiej, kt\u00f3ry ukazuje obecne \u015blady dzia\u0142alno\u015bci pasterskiej Wo\u0142och\u00f3w na obszarze Karpat, na pograniczu polsko-s\u0142owackim, gdzie przez setki lat wypas owiec by\u0142 kluczowym elementem gospodarki cz\u0142owieka.<\/strong><\/p>\n\n\n\n<p>G\u0142\u00f3wnym celem Szlaku Kultury Wo\u0142owskiej jest przywr\u00f3cenie lokalnego dziedzictwa historyczno-kulturowego poprzez inwentaryzacj\u0119 zasob\u00f3w, szkolenia, warsztaty, publikacje oraz wydarzenia bazuj\u0105ce na cyklu pasterskim i wypasie owiec.<\/p>\n\n\n\n<p>Poprzez promocj\u0119 regionalnych warto\u015bci kulturowych, szlak ten staje si\u0119 \u201e\u017cywym\u201c \u015bwiadectwem kultury pogranicza. Umo\u017cliwia lokalnym spo\u0142eczno\u015bciom tworzenie w\u0142asnej oferty kulturalnej, np. warsztat\u00f3w r\u0119kodzie\u0142a, lokalnych imprez czy produkcji ser\u00f3w.<\/p>\n\n\n\n<p>Szlak Kultury Wo\u0142oskiej \u0142\u0105czy ludzi g\u00f3r, kszta\u0142tuj\u0105c postawy otwarto\u015bci, buduj\u0105c wzajemne kontakty i wymian\u0119 do\u015bwiadcze\u0144. Przebiega wzd\u0142u\u017c \u0142uku Karpat, pod\u0105\u017caj\u0105c \u015bladami w\u0119dr\u00f3wek i osadnictwa wo\u0142oskiego, \u0142\u0105cz\u0105c miejsca o \u017cywych tradycjach pasterskich.<\/p>\n\n\n\n<p>Osadnictwo wo\u0142oskie zostawi\u0142o \u015blady w zdobnictwie oraz uk\u0142adzie przestrzennym wielu ma\u0142opolskich miejscowo\u015bci, takich jak Ochotnica, Zawoja czy Zubrzyca. Wp\u0142ywy te widoczne s\u0105 w architekturze i kszta\u0142towaniu krajobrazu. Prawo wo\u0142oskie regulowa\u0142o osadnictwo, spos\u00f3b gospodarowania i formy przestrzenne osad, charakterystyczne dla g\u00f3rzystych rejon\u00f3w po\u0142udniowej Ma\u0142opolski.<\/p>\n\n\n\n<p>W\u015br\u00f3d wsi lokowanych na prawie wo\u0142oskim s\u0105 m.in. Bodaki, Wierchomla Wielka, Lipnica Wielka i Ochotnica. Charakterystycznym uk\u0142adem przestrzennym by\u0142a \u0142a\u0144cuch\u00f3wka, z lu\u017an\u0105 zabudow\u0105 wzd\u0142u\u017c dolin oraz osadami \u015br\u00f3dle\u015bnymi i polaniarskimi. Unikatowe zespo\u0142y zabudowy wo\u0142oskiej znajduj\u0105 si\u0119 w Ochotnicy Dolnej, Ochotnicy G\u00f3rnej i innych miejscowo\u015bciach gorcza\u0144skich. Formy zdobnicze wo\u0142oskie, takie jak rozety, gwiazdy czy parzenice, zdobi\u0105 nie tylko architektur\u0119, ale r\u00f3wnie\u017c owcze sery.<\/p>\n\n\n\n<p>Opiek\u0119 nad promocj\u0105 Szlaku Kultury Wo\u0142oskiej sprawuje Stowarzyszenie na Rzecz Rozwoju i Promocji Podkarpacia \u201ePro Carpathia\u201d. W tym roku organizacja przygotowa\u0142a projekt\u00a0<strong><em>Na Wo\u0142oskim Szlaku \u2013 budowanie partnerstwa na rzecz Szlaku Kultury Wo\u0142oskiej oraz popularyzacja dziedzictwa wo\u0142oskiego.\u00a0<\/em><\/strong>Zadanie b\u0119dzie realizowane w szczeg\u00f3lno\u015bci w powiatach: nowotarskim, nowos\u0105deckim, gorlickim, tatrza\u0144skim, limanowskim i Nowym S\u0105czu.<\/p>\n\n\n\n<p>Wi\u0119cej na stronie \u2013&nbsp;<a href=\"https:\/\/szlakwoloski.eu\/kultura-woloska\">&lt;tutaj&gt;<\/a><\/p>\n\n\n\n<p>Wi\u0119cej na temat projektu \u2013\u00a0<a href=\"https:\/\/procarpathia.pl\/projekty\/projekty-krajowe\/na-woloskim-szlaku-budowanie-partnerstwa-na-rzecz-szlaku-kultury-woloskiej-oraz-popularyzacja-dziedzictwa-woloskiego\">&lt;tutaj><\/a><\/p>\n\n\n\n<p><\/p>\n\n\n\n<figure class=\"wp-block-image aligncenter size-large is-resized\"><img loading=\"lazy\" decoding=\"async\" width=\"1024\" height=\"577\" src=\"https:\/\/nid.pl\/wp-content\/uploads\/2024\/06\/Szlak-Kultury-Woloskiej-fot.-Szlak-Kultury-Woloskiej-Trasa-Valaskej-Kultury-2-1024x577.jpg\" alt=\"\" class=\"wp-image-19752\" style=\"width:683px;height:auto\" srcset=\"https:\/\/nid.pl\/wp-content\/uploads\/2024\/06\/Szlak-Kultury-Woloskiej-fot.-Szlak-Kultury-Woloskiej-Trasa-Valaskej-Kultury-2-980x552.jpg 980w, https:\/\/nid.pl\/wp-content\/uploads\/2024\/06\/Szlak-Kultury-Woloskiej-fot.-Szlak-Kultury-Woloskiej-Trasa-Valaskej-Kultury-2-480x270.jpg 480w\" sizes=\"(min-width: 0px) and (max-width: 480px) 480px, (min-width: 481px) and (max-width: 980px) 980px, (min-width: 981px) 1024px, 100vw\" \/><figcaption class=\"wp-element-caption\">Szlak Kultury Wo\u0142oskiej fot. Szlak Kultury Wo\u0142oskiej Trasa Valaskej Kult\u00fary<\/figcaption><\/figure>\n\n\n\n<figure class=\"wp-block-image aligncenter size-large is-resized\"><img loading=\"lazy\" decoding=\"async\" width=\"1024\" height=\"537\" src=\"https:\/\/nid.pl\/wp-content\/uploads\/2024\/06\/Szlak-Kultury-Woloskiej-tradycje-pasterskie-fot.-Jozef-Michalek-1024x537.jpg\" alt=\"\" class=\"wp-image-19759\" style=\"width:685px;height:auto\" srcset=\"https:\/\/nid.pl\/wp-content\/uploads\/2024\/06\/Szlak-Kultury-Woloskiej-tradycje-pasterskie-fot.-Jozef-Michalek-980x513.jpg 980w, https:\/\/nid.pl\/wp-content\/uploads\/2024\/06\/Szlak-Kultury-Woloskiej-tradycje-pasterskie-fot.-Jozef-Michalek-480x251.jpg 480w\" sizes=\"(min-width: 0px) and (max-width: 480px) 480px, (min-width: 481px) and (max-width: 980px) 980px, (min-width: 981px) 1024px, 100vw\" \/><figcaption class=\"wp-element-caption\">Szlak Kultury Wo\u0142oskiej &#8211; tradycje pasterskie, fot. J\u00f3zef Micha\u0142ek<\/figcaption><\/figure>\n\n\n\n<figure class=\"wp-block-image aligncenter size-large is-resized\"><img loading=\"lazy\" decoding=\"async\" width=\"1024\" height=\"577\" src=\"https:\/\/nid.pl\/wp-content\/uploads\/2024\/06\/Szlak-Kultury-Wolowskiej-fot.-Szlak-Kultury-Woloskiej-Trasa-Valaskej-Kultury-4-1024x577.jpg\" alt=\"\" class=\"wp-image-19753\" style=\"width:685px;height:auto\" srcset=\"https:\/\/nid.pl\/wp-content\/uploads\/2024\/06\/Szlak-Kultury-Wolowskiej-fot.-Szlak-Kultury-Woloskiej-Trasa-Valaskej-Kultury-4-980x552.jpg 980w, https:\/\/nid.pl\/wp-content\/uploads\/2024\/06\/Szlak-Kultury-Wolowskiej-fot.-Szlak-Kultury-Woloskiej-Trasa-Valaskej-Kultury-4-480x270.jpg 480w\" sizes=\"(min-width: 0px) and (max-width: 480px) 480px, (min-width: 481px) and (max-width: 980px) 980px, (min-width: 981px) 1024px, 100vw\" \/><figcaption class=\"wp-element-caption\">Szlak Kultury Wo\u0142owskiej fot. Szlak Kultury Wo\u0142oskiej Trasa Valaskej Kult\u00fary<\/figcaption><\/figure>","protected":false},"excerpt":{"rendered":"<p>W ramach cyklu\u00a0#SzlakiKulturoweEDD\u00a0prezentujemy genez\u0119 powstania\u00a0Szlaku Kultury Wo\u0142oskiej, kt\u00f3ry ukazuje obecne \u015blady dzia\u0142alno\u015bci pasterskiej Wo\u0142och\u00f3w na obszarze Karpat, na pograniczu polsko-s\u0142owackim, gdzie przez setki lat wypas owiec by\u0142 kluczowym elementem gospodarki [&hellip;]<\/p>","protected":false},"author":7,"featured_media":19756,"comment_status":"closed","ping_status":"closed","sticky":false,"template":"","format":"standard","meta":{"_et_pb_use_builder":"off","_et_pb_old_content":"","_et_gb_content_width":"","_monsterinsights_skip_tracking":false,"_monsterinsights_sitenote_active":false,"_monsterinsights_sitenote_note":"","_monsterinsights_sitenote_category":0,"footnotes":""},"categories":[89],"tags":[],"class_list":["post-19749","post","type-post","status-publish","format-standard","has-post-thumbnail","hentry","category-europejskie-dni-dziedzictwa"],"yoast_head":"<!-- This site is optimized with the Yoast SEO plugin v26.5 - https:\/\/yoast.com\/wordpress\/plugins\/seo\/ -->\n<title>Szlak\u00a0Kultury Wo\u0142oskiej - NID<\/title>\n<meta name=\"robots\" content=\"index, follow, max-snippet:-1, max-image-preview:large, max-video-preview:-1\" \/>\n<link rel=\"canonical\" href=\"https:\/\/nid.pl\/en\/2024\/05\/31\/szlak-kultury-woloskiej\/\" \/>\n<meta property=\"og:locale\" content=\"en_GB\" \/>\n<meta property=\"og:type\" content=\"article\" \/>\n<meta property=\"og:title\" content=\"Szlak\u00a0Kultury Wo\u0142oskiej - NID\" \/>\n<meta property=\"og:description\" content=\"W ramach cyklu\u00a0#SzlakiKulturoweEDD\u00a0prezentujemy genez\u0119 powstania\u00a0Szlaku Kultury Wo\u0142oskiej, kt\u00f3ry ukazuje obecne \u015blady dzia\u0142alno\u015bci pasterskiej Wo\u0142och\u00f3w na obszarze Karpat, na pograniczu polsko-s\u0142owackim, gdzie przez setki lat wypas owiec by\u0142 kluczowym elementem gospodarki [&hellip;]\" \/>\n<meta property=\"og:url\" content=\"https:\/\/nid.pl\/en\/2024\/05\/31\/szlak-kultury-woloskiej\/\" \/>\n<meta property=\"og:site_name\" content=\"NID\" \/>\n<meta property=\"article:publisher\" content=\"https:\/\/www.facebook.com\/zabytek\" \/>\n<meta property=\"article:published_time\" content=\"2024-05-31T11:55:24+00:00\" \/>\n<meta property=\"article:modified_time\" content=\"2024-06-10T12:00:24+00:00\" \/>\n<meta property=\"og:image\" content=\"https:\/\/nid.pl\/wp-content\/uploads\/2024\/06\/miniaturka-EDD-Szlak-Kultury-Wolowskiej.jpg\" \/>\n\t<meta property=\"og:image:width\" content=\"1850\" \/>\n\t<meta property=\"og:image:height\" content=\"1238\" \/>\n\t<meta property=\"og:image:type\" content=\"image\/jpeg\" \/>\n<meta name=\"author\" content=\"Barbara Halliop\" \/>\n<meta name=\"twitter:card\" content=\"summary_large_image\" \/>\n<meta name=\"twitter:creator\" content=\"@NarIDpl\" \/>\n<meta name=\"twitter:site\" content=\"@NarIDpl\" \/>\n<meta name=\"twitter:label1\" content=\"Written by\" \/>\n\t<meta name=\"twitter:data1\" content=\"Barbara Halliop\" \/>\n\t<meta name=\"twitter:label2\" content=\"Estimated reading time\" \/>\n\t<meta name=\"twitter:data2\" content=\"3 minutes\" \/>\n<script type=\"application\/ld+json\" class=\"yoast-schema-graph\">{\"@context\":\"https:\/\/schema.org\",\"@graph\":[{\"@type\":\"Article\",\"@id\":\"https:\/\/nid.pl\/2024\/05\/31\/szlak-kultury-woloskiej\/#article\",\"isPartOf\":{\"@id\":\"https:\/\/nid.pl\/2024\/05\/31\/szlak-kultury-woloskiej\/\"},\"author\":{\"name\":\"Barbara Halliop\",\"@id\":\"https:\/\/nid.pl\/#\/schema\/person\/1b690a8998a5111cfb9f0ffe24195a15\"},\"headline\":\"Szlak\u00a0Kultury Wo\u0142oskiej\",\"datePublished\":\"2024-05-31T11:55:24+00:00\",\"dateModified\":\"2024-06-10T12:00:24+00:00\",\"mainEntityOfPage\":{\"@id\":\"https:\/\/nid.pl\/2024\/05\/31\/szlak-kultury-woloskiej\/\"},\"wordCount\":411,\"publisher\":{\"@id\":\"https:\/\/nid.pl\/#organization\"},\"image\":{\"@id\":\"https:\/\/nid.pl\/2024\/05\/31\/szlak-kultury-woloskiej\/#primaryimage\"},\"thumbnailUrl\":\"https:\/\/nid.pl\/wp-content\/uploads\/2024\/06\/miniaturka-EDD-Szlak-Kultury-Wolowskiej.jpg\",\"articleSection\":[\"EDD\"],\"inLanguage\":\"en-GB\"},{\"@type\":\"WebPage\",\"@id\":\"https:\/\/nid.pl\/2024\/05\/31\/szlak-kultury-woloskiej\/\",\"url\":\"https:\/\/nid.pl\/2024\/05\/31\/szlak-kultury-woloskiej\/\",\"name\":\"Szlak\u00a0Kultury Wo\u0142oskiej - NID\",\"isPartOf\":{\"@id\":\"https:\/\/nid.pl\/#website\"},\"primaryImageOfPage\":{\"@id\":\"https:\/\/nid.pl\/2024\/05\/31\/szlak-kultury-woloskiej\/#primaryimage\"},\"image\":{\"@id\":\"https:\/\/nid.pl\/2024\/05\/31\/szlak-kultury-woloskiej\/#primaryimage\"},\"thumbnailUrl\":\"https:\/\/nid.pl\/wp-content\/uploads\/2024\/06\/miniaturka-EDD-Szlak-Kultury-Wolowskiej.jpg\",\"datePublished\":\"2024-05-31T11:55:24+00:00\",\"dateModified\":\"2024-06-10T12:00:24+00:00\",\"breadcrumb\":{\"@id\":\"https:\/\/nid.pl\/2024\/05\/31\/szlak-kultury-woloskiej\/#breadcrumb\"},\"inLanguage\":\"en-GB\",\"potentialAction\":[{\"@type\":\"ReadAction\",\"target\":[\"https:\/\/nid.pl\/2024\/05\/31\/szlak-kultury-woloskiej\/\"]}]},{\"@type\":\"ImageObject\",\"inLanguage\":\"en-GB\",\"@id\":\"https:\/\/nid.pl\/2024\/05\/31\/szlak-kultury-woloskiej\/#primaryimage\",\"url\":\"https:\/\/nid.pl\/wp-content\/uploads\/2024\/06\/miniaturka-EDD-Szlak-Kultury-Wolowskiej.jpg\",\"contentUrl\":\"https:\/\/nid.pl\/wp-content\/uploads\/2024\/06\/miniaturka-EDD-Szlak-Kultury-Wolowskiej.jpg\",\"width\":1850,\"height\":1238,\"caption\":\"pasterz z owcami na polanie, w tle las\"},{\"@type\":\"BreadcrumbList\",\"@id\":\"https:\/\/nid.pl\/2024\/05\/31\/szlak-kultury-woloskiej\/#breadcrumb\",\"itemListElement\":[{\"@type\":\"ListItem\",\"position\":1,\"name\":\"Home\",\"item\":\"https:\/\/nid.pl\/\"},{\"@type\":\"ListItem\",\"position\":2,\"name\":\"Szlak\u00a0Kultury Wo\u0142oskiej\"}]},{\"@type\":\"WebSite\",\"@id\":\"https:\/\/nid.pl\/#website\",\"url\":\"https:\/\/nid.pl\/\",\"name\":\"NID\",\"description\":\"Narodowy Instytut Dziedzictwa\",\"publisher\":{\"@id\":\"https:\/\/nid.pl\/#organization\"},\"potentialAction\":[{\"@type\":\"SearchAction\",\"target\":{\"@type\":\"EntryPoint\",\"urlTemplate\":\"https:\/\/nid.pl\/?s={search_term_string}\"},\"query-input\":{\"@type\":\"PropertyValueSpecification\",\"valueRequired\":true,\"valueName\":\"search_term_string\"}}],\"inLanguage\":\"en-GB\"},{\"@type\":\"Organization\",\"@id\":\"https:\/\/nid.pl\/#organization\",\"name\":\"Narodowy Instytut Dziedzictwa\",\"url\":\"https:\/\/nid.pl\/\",\"logo\":{\"@type\":\"ImageObject\",\"inLanguage\":\"en-GB\",\"@id\":\"https:\/\/nid.pl\/#\/schema\/logo\/image\/\",\"url\":\"https:\/\/nid.pl\/wp-content\/uploads\/2022\/10\/logoRedDark.png\",\"contentUrl\":\"https:\/\/nid.pl\/wp-content\/uploads\/2022\/10\/logoRedDark.png\",\"width\":200,\"height\":197,\"caption\":\"Narodowy Instytut Dziedzictwa\"},\"image\":{\"@id\":\"https:\/\/nid.pl\/#\/schema\/logo\/image\/\"},\"sameAs\":[\"https:\/\/www.facebook.com\/zabytek\",\"https:\/\/x.com\/NarIDpl\",\"https:\/\/www.instagram.com\/nid.pl\/?hl=pl\",\"https:\/\/www.linkedin.com\/company\/narodowy-instytut-dziedzictwa\",\"https:\/\/www.youtube.com\/channel\/UCQXuhKa2uHtmNvLRUSx40JA\"]},{\"@type\":\"Person\",\"@id\":\"https:\/\/nid.pl\/#\/schema\/person\/1b690a8998a5111cfb9f0ffe24195a15\",\"name\":\"Barbara Halliop\",\"image\":{\"@type\":\"ImageObject\",\"inLanguage\":\"en-GB\",\"@id\":\"https:\/\/nid.pl\/#\/schema\/person\/image\/\",\"url\":\"https:\/\/nid.pl\/wp-content\/litespeed\/avatar\/924046d17dd0c842c9fa9ccf489bc6dc.jpg?ver=1777444967\",\"contentUrl\":\"https:\/\/nid.pl\/wp-content\/litespeed\/avatar\/924046d17dd0c842c9fa9ccf489bc6dc.jpg?ver=1777444967\",\"caption\":\"Barbara Halliop\"},\"url\":\"https:\/\/nid.pl\/en\/author\/bhalliop\/\"}]}<\/script>\n<!-- \/ Yoast SEO plugin. -->","yoast_head_json":{"title":"Szlak\u00a0Kultury Wo\u0142oskiej - NID","robots":{"index":"index","follow":"follow","max-snippet":"max-snippet:-1","max-image-preview":"max-image-preview:large","max-video-preview":"max-video-preview:-1"},"canonical":"https:\/\/nid.pl\/en\/2024\/05\/31\/szlak-kultury-woloskiej\/","og_locale":"en_GB","og_type":"article","og_title":"Szlak\u00a0Kultury Wo\u0142oskiej - NID","og_description":"W ramach cyklu\u00a0#SzlakiKulturoweEDD\u00a0prezentujemy genez\u0119 powstania\u00a0Szlaku Kultury Wo\u0142oskiej, kt\u00f3ry ukazuje obecne \u015blady dzia\u0142alno\u015bci pasterskiej Wo\u0142och\u00f3w na obszarze Karpat, na pograniczu polsko-s\u0142owackim, gdzie przez setki lat wypas owiec by\u0142 kluczowym elementem gospodarki [&hellip;]","og_url":"https:\/\/nid.pl\/en\/2024\/05\/31\/szlak-kultury-woloskiej\/","og_site_name":"NID","article_publisher":"https:\/\/www.facebook.com\/zabytek","article_published_time":"2024-05-31T11:55:24+00:00","article_modified_time":"2024-06-10T12:00:24+00:00","og_image":[{"width":1850,"height":1238,"url":"https:\/\/nid.pl\/wp-content\/uploads\/2024\/06\/miniaturka-EDD-Szlak-Kultury-Wolowskiej.jpg","type":"image\/jpeg"}],"author":"Barbara Halliop","twitter_card":"summary_large_image","twitter_creator":"@NarIDpl","twitter_site":"@NarIDpl","twitter_misc":{"Written by":"Barbara Halliop","Estimated reading time":"3 minutes"},"schema":{"@context":"https:\/\/schema.org","@graph":[{"@type":"Article","@id":"https:\/\/nid.pl\/2024\/05\/31\/szlak-kultury-woloskiej\/#article","isPartOf":{"@id":"https:\/\/nid.pl\/2024\/05\/31\/szlak-kultury-woloskiej\/"},"author":{"name":"Barbara Halliop","@id":"https:\/\/nid.pl\/#\/schema\/person\/1b690a8998a5111cfb9f0ffe24195a15"},"headline":"Szlak\u00a0Kultury Wo\u0142oskiej","datePublished":"2024-05-31T11:55:24+00:00","dateModified":"2024-06-10T12:00:24+00:00","mainEntityOfPage":{"@id":"https:\/\/nid.pl\/2024\/05\/31\/szlak-kultury-woloskiej\/"},"wordCount":411,"publisher":{"@id":"https:\/\/nid.pl\/#organization"},"image":{"@id":"https:\/\/nid.pl\/2024\/05\/31\/szlak-kultury-woloskiej\/#primaryimage"},"thumbnailUrl":"https:\/\/nid.pl\/wp-content\/uploads\/2024\/06\/miniaturka-EDD-Szlak-Kultury-Wolowskiej.jpg","articleSection":["EDD"],"inLanguage":"en-GB"},{"@type":"WebPage","@id":"https:\/\/nid.pl\/2024\/05\/31\/szlak-kultury-woloskiej\/","url":"https:\/\/nid.pl\/2024\/05\/31\/szlak-kultury-woloskiej\/","name":"Szlak\u00a0Kultury Wo\u0142oskiej - NID","isPartOf":{"@id":"https:\/\/nid.pl\/#website"},"primaryImageOfPage":{"@id":"https:\/\/nid.pl\/2024\/05\/31\/szlak-kultury-woloskiej\/#primaryimage"},"image":{"@id":"https:\/\/nid.pl\/2024\/05\/31\/szlak-kultury-woloskiej\/#primaryimage"},"thumbnailUrl":"https:\/\/nid.pl\/wp-content\/uploads\/2024\/06\/miniaturka-EDD-Szlak-Kultury-Wolowskiej.jpg","datePublished":"2024-05-31T11:55:24+00:00","dateModified":"2024-06-10T12:00:24+00:00","breadcrumb":{"@id":"https:\/\/nid.pl\/2024\/05\/31\/szlak-kultury-woloskiej\/#breadcrumb"},"inLanguage":"en-GB","potentialAction":[{"@type":"ReadAction","target":["https:\/\/nid.pl\/2024\/05\/31\/szlak-kultury-woloskiej\/"]}]},{"@type":"ImageObject","inLanguage":"en-GB","@id":"https:\/\/nid.pl\/2024\/05\/31\/szlak-kultury-woloskiej\/#primaryimage","url":"https:\/\/nid.pl\/wp-content\/uploads\/2024\/06\/miniaturka-EDD-Szlak-Kultury-Wolowskiej.jpg","contentUrl":"https:\/\/nid.pl\/wp-content\/uploads\/2024\/06\/miniaturka-EDD-Szlak-Kultury-Wolowskiej.jpg","width":1850,"height":1238,"caption":"pasterz z owcami na polanie, w tle las"},{"@type":"BreadcrumbList","@id":"https:\/\/nid.pl\/2024\/05\/31\/szlak-kultury-woloskiej\/#breadcrumb","itemListElement":[{"@type":"ListItem","position":1,"name":"Home","item":"https:\/\/nid.pl\/"},{"@type":"ListItem","position":2,"name":"Szlak\u00a0Kultury Wo\u0142oskiej"}]},{"@type":"WebSite","@id":"https:\/\/nid.pl\/#website","url":"https:\/\/nid.pl\/","name":"NID","description":"Narodowy Instytut Dziedzictwa","publisher":{"@id":"https:\/\/nid.pl\/#organization"},"potentialAction":[{"@type":"SearchAction","target":{"@type":"EntryPoint","urlTemplate":"https:\/\/nid.pl\/?s={search_term_string}"},"query-input":{"@type":"PropertyValueSpecification","valueRequired":true,"valueName":"search_term_string"}}],"inLanguage":"en-GB"},{"@type":"Organization","@id":"https:\/\/nid.pl\/#organization","name":"Narodowy Instytut Dziedzictwa","url":"https:\/\/nid.pl\/","logo":{"@type":"ImageObject","inLanguage":"en-GB","@id":"https:\/\/nid.pl\/#\/schema\/logo\/image\/","url":"https:\/\/nid.pl\/wp-content\/uploads\/2022\/10\/logoRedDark.png","contentUrl":"https:\/\/nid.pl\/wp-content\/uploads\/2022\/10\/logoRedDark.png","width":200,"height":197,"caption":"Narodowy Instytut Dziedzictwa"},"image":{"@id":"https:\/\/nid.pl\/#\/schema\/logo\/image\/"},"sameAs":["https:\/\/www.facebook.com\/zabytek","https:\/\/x.com\/NarIDpl","https:\/\/www.instagram.com\/nid.pl\/?hl=pl","https:\/\/www.linkedin.com\/company\/narodowy-instytut-dziedzictwa","https:\/\/www.youtube.com\/channel\/UCQXuhKa2uHtmNvLRUSx40JA"]},{"@type":"Person","@id":"https:\/\/nid.pl\/#\/schema\/person\/1b690a8998a5111cfb9f0ffe24195a15","name":"Barbara Halliop","image":{"@type":"ImageObject","inLanguage":"en-GB","@id":"https:\/\/nid.pl\/#\/schema\/person\/image\/","url":"https:\/\/nid.pl\/wp-content\/litespeed\/avatar\/924046d17dd0c842c9fa9ccf489bc6dc.jpg?ver=1777444967","contentUrl":"https:\/\/nid.pl\/wp-content\/litespeed\/avatar\/924046d17dd0c842c9fa9ccf489bc6dc.jpg?ver=1777444967","caption":"Barbara Halliop"},"url":"https:\/\/nid.pl\/en\/author\/bhalliop\/"}]}},"_links":{"self":[{"href":"https:\/\/nid.pl\/en\/wp-json\/wp\/v2\/posts\/19749","targetHints":{"allow":["GET"]}}],"collection":[{"href":"https:\/\/nid.pl\/en\/wp-json\/wp\/v2\/posts"}],"about":[{"href":"https:\/\/nid.pl\/en\/wp-json\/wp\/v2\/types\/post"}],"author":[{"embeddable":true,"href":"https:\/\/nid.pl\/en\/wp-json\/wp\/v2\/users\/7"}],"replies":[{"embeddable":true,"href":"https:\/\/nid.pl\/en\/wp-json\/wp\/v2\/comments?post=19749"}],"version-history":[{"count":0,"href":"https:\/\/nid.pl\/en\/wp-json\/wp\/v2\/posts\/19749\/revisions"}],"wp:featuredmedia":[{"embeddable":true,"href":"https:\/\/nid.pl\/en\/wp-json\/wp\/v2\/media\/19756"}],"wp:attachment":[{"href":"https:\/\/nid.pl\/en\/wp-json\/wp\/v2\/media?parent=19749"}],"wp:term":[{"taxonomy":"category","embeddable":true,"href":"https:\/\/nid.pl\/en\/wp-json\/wp\/v2\/categories?post=19749"},{"taxonomy":"post_tag","embeddable":true,"href":"https:\/\/nid.pl\/en\/wp-json\/wp\/v2\/tags?post=19749"}],"curies":[{"name":"wp","href":"https:\/\/api.w.org\/{rel}","templated":true}]}}