{"id":19401,"date":"2024-05-17T15:20:22","date_gmt":"2024-05-17T13:20:22","guid":{"rendered":"https:\/\/nid.pl\/?p=19401"},"modified":"2024-05-29T15:26:34","modified_gmt":"2024-05-29T13:26:34","slug":"szlak-tkacki-rekawic-furmanskich","status":"publish","type":"post","link":"https:\/\/nid.pl\/en\/2024\/05\/17\/szlak-tkacki-rekawic-furmanskich\/","title":{"rendered":"Szlak\u00a0Tkacki R\u0119kawic Furma\u0144skich"},"content":{"rendered":"<p><strong>Furma\u0144skie r\u0119kawice tkane w Beskidzie S\u0105deckim to tradycyjne r\u0119kodzie\u0142o Czarnych G\u00f3rali, kt\u00f3re w 2022 roku uzyska\u0142o wpis na Krajow\u0105\u00a0List\u0119 Niematerialnego Dziedzictwa Kulturowego.<\/strong> <strong>W ramach cyklu #SzlakiKulturoweEDD prezentujemy histori\u0119 i dzia\u0142anie Szlaku Tkackiego R\u0119kawic Furma\u0144skich.<\/strong><\/p>\n\n\n\n<p>R\u0119kawice furma\u0144skie, zwane te\u017c \u0142apawicami, to tradycyjne r\u0119kodzie\u0142o Czarnych G\u00f3rali, zamieszkuj\u0105cych okolice Piwnicznej-Zdroju, gdzie spotykaj\u0105 si\u0119 trzy kultury: polska, s\u0142owacka i \u0142emkowska. Na Szlaku Tkackim R\u0119kawic Furma\u0144skich znajduje si\u0119 19 dom\u00f3w oznaczonych specjalnymi tabliczkami. Kultywowanie tego dziedzictwa odbywa si\u0119 na terenie gminy Piwniczna-Zdr\u00f3j i Muzeum Regionalnym w Piwnicznej-Zdroju.<\/p>\n\n\n\n<p>Pierwsze \u0142apawice wykonywane by\u0142y przez furman\u00f3w, kt\u00f3rzy nosili je podczas pracy w gospodarstwach oraz przy wycince i zw\u00f3zce drewna. R\u0119kawice te chroni\u0142y przed zimnem i wiatrem. Dawniej tkanie by\u0142o domen\u0105 m\u0119\u017cczyzn, kt\u00f3rzy przekazywali umiej\u0119tno\u015bci z pokolenia na pokolenie. Pozyskiwana od owiec we\u0142na by\u0142a niegdy\u015b, obok lnu, podstawowym \u017ar\u00f3d\u0142em surowca do tkania i szycia codziennych oraz od\u015bwi\u0119tnych stroj\u00f3w g\u00f3ralskich.<\/p>\n\n\n\n<p><\/p>\n\n\n\n<figure class=\"wp-block-image aligncenter size-full is-resized\"><img loading=\"lazy\" decoding=\"async\" width=\"800\" height=\"468\" src=\"https:\/\/nid.pl\/wp-content\/uploads\/2024\/05\/proces-tkania-rekawic-furmanskich-fot.-Towarzystwo-Milosnikow-Piwnicznej.jpg\" alt=\"\" class=\"wp-image-19404\" style=\"width:622px;height:auto\" srcset=\"https:\/\/nid.pl\/wp-content\/uploads\/2024\/05\/proces-tkania-rekawic-furmanskich-fot.-Towarzystwo-Milosnikow-Piwnicznej.jpg 800w, https:\/\/nid.pl\/wp-content\/uploads\/2024\/05\/proces-tkania-rekawic-furmanskich-fot.-Towarzystwo-Milosnikow-Piwnicznej-480x281.jpg 480w\" sizes=\"(min-width: 0px) and (max-width: 480px) 480px, (min-width: 481px) 800px, 100vw\" \/><figcaption class=\"wp-element-caption\">Proces tkania r\u0119kawic furma\u0144skich, fot. Towarzystwo Mi\u0142o\u015bnik\u00f3w Piwnicznej<\/figcaption><\/figure>\n\n\n\n<p>R\u0119kawice wykonywane s\u0105 z we\u0142ny polskich owiec g\u00f3rskich odmiany barwnej (tzw. czarnych owiec), dzi\u0119ki czemu s\u0105 spr\u0119\u017cyste, wytrzyma\u0142e, a ich we\u0142na nie wymaga farbowania, co zapobiega odbarwieniom i plamom od wody. Tkane s\u0105 na drewnianych formach, na kt\u00f3re naci\u0105ga si\u0119 osnow\u0119, a w\u0105tek przeplata wok\u00f3\u0142 niej. Niezawi\u0105zane ko\u0144c\u00f3wki we\u0142ny pozostaj\u0105 wewn\u0105trz r\u0119kawicy, tworz\u0105c warstw\u0119 izolacyjn\u0105. Wzory r\u0119kawic zale\u017c\u0105 od umiej\u0119tno\u015bci tkacza, a niekt\u00f3re z nich s\u0105 wyko\u0144czone fr\u0119dzlami.<\/p>\n\n\n\n<figure class=\"wp-block-image aligncenter size-full is-resized\"><img loading=\"lazy\" decoding=\"async\" width=\"800\" height=\"468\" src=\"https:\/\/nid.pl\/wp-content\/uploads\/2024\/05\/tkanie-rekawicy-furmanskiej-fot.-Towarzystwo-Milosnikow-Piwnicznej.jpg\" alt=\"\" class=\"wp-image-19405\" style=\"width:620px;height:auto\" srcset=\"https:\/\/nid.pl\/wp-content\/uploads\/2024\/05\/tkanie-rekawicy-furmanskiej-fot.-Towarzystwo-Milosnikow-Piwnicznej.jpg 800w, https:\/\/nid.pl\/wp-content\/uploads\/2024\/05\/tkanie-rekawicy-furmanskiej-fot.-Towarzystwo-Milosnikow-Piwnicznej-480x281.jpg 480w\" sizes=\"(min-width: 0px) and (max-width: 480px) 480px, (min-width: 481px) 800px, 100vw\" \/><figcaption class=\"wp-element-caption\">Tkanie r\u0119kawicy furma\u0144skiej, fot. Towarzystwo Mi\u0142o\u015bnik\u00f3w Piwnicznej<\/figcaption><\/figure>\n\n\n\n<p>Praktyk\u0119 przekaza\u0142 kolejnym pokoleniom kilka lat temu Micha\u0142 Nakielski, ostatni tkacz w regionie. Obecnie umiej\u0119tno\u015bci te s\u0105 nauczane na warsztatach i kultywowane w domach na Szlaku Tkackim.<\/p>\n\n\n\n<p>W ramach projektu EDD tkacze zaprosz\u0105 go\u015bci do swoich domostw na Szlaku Tkackim R\u0119kawic Furma\u0144skich (Piwniczna-Zdr\u00f3j, \u0141omnica-Zdr\u00f3j, Wierchomla Ma\u0142a). Uczestnicy b\u0119d\u0105 mogli m.in. pozna\u0107 tradycj\u0119, spr\u00f3bowa\u0107 samodzielnie utka\u0107 mini r\u0119kawiczk\u0119, ale tak\u017ce zaopatrzy\u0107 si\u0119 na zim\u0119 w tkane r\u0119kawice i czapki.<\/p>\n\n\n\n<figure class=\"wp-block-image aligncenter size-large is-resized\"><img loading=\"lazy\" decoding=\"async\" width=\"1024\" height=\"786\" src=\"https:\/\/nid.pl\/wp-content\/uploads\/2024\/05\/Szlak-Tkacki-Rekawic-Furmanskich-1024x786.png\" alt=\"\" class=\"wp-image-19403\" style=\"width:613px;height:auto\" srcset=\"https:\/\/nid.pl\/wp-content\/uploads\/2024\/05\/Szlak-Tkacki-Rekawic-Furmanskich-980x753.png 980w, https:\/\/nid.pl\/wp-content\/uploads\/2024\/05\/Szlak-Tkacki-Rekawic-Furmanskich-480x369.png 480w\" sizes=\"(min-width: 0px) and (max-width: 480px) 480px, (min-width: 481px) and (max-width: 980px) 980px, (min-width: 981px) 1024px, 100vw\" \/><figcaption class=\"wp-element-caption\">Szlak Tkacki R\u0119kawic Furma\u0144skich<\/figcaption><\/figure>\n\n\n\n<p>Szczeg\u00f3\u0142y wkr\u00f3tce na stronie\u00a0<a href=\"http:\/\/www.rekawicefurmanskie.pl\/\">www.rekawicefurmanskie.pl<\/a>\u00a0i na mediach spo\u0142eczno\u015bciowych\u00a0<a href=\"https:\/\/www.facebook.com\/Rekawicefurmanskie\/\">Przestrzenne tkactwo Czarnych G\u00f3rali<\/a><strong>.<\/strong><\/p>\n\n\n\n<p>Zach\u0119camy do zapoznania si\u0119 z filmem\u00a0<strong><em>R\u0119kawice Furma\u0144skie \u2013 utkane z pasji<\/em><\/strong>:<\/p>\n\n\n\n<p><\/p>\n\n\n\n<figure class=\"wp-block-embed is-type-video is-provider-youtube wp-block-embed-youtube wp-embed-aspect-16-9 wp-has-aspect-ratio\"><div class=\"wp-block-embed__wrapper\">\n<iframe loading=\"lazy\" title=\"R\u0119kawice Furma\u0144skie - utkane z pasji\" width=\"1080\" height=\"608\" src=\"https:\/\/www.youtube.com\/embed\/CdYCAkIzwrY?feature=oembed\"  allow=\"accelerometer; autoplay; clipboard-write; encrypted-media; gyroscope; picture-in-picture; web-share\" referrerpolicy=\"strict-origin-when-cross-origin\" allowfullscreen><\/iframe>\n<\/div><\/figure>","protected":false},"excerpt":{"rendered":"<p>Furma\u0144skie r\u0119kawice tkane w Beskidzie S\u0105deckim to tradycyjne r\u0119kodzie\u0142o Czarnych G\u00f3rali, kt\u00f3re w 2022 roku uzyska\u0142o wpis na Krajow\u0105\u00a0List\u0119 Niematerialnego Dziedzictwa Kulturowego. W ramach cyklu #SzlakiKulturoweEDD prezentujemy histori\u0119 i dzia\u0142anie [&hellip;]<\/p>","protected":false},"author":7,"featured_media":19406,"comment_status":"closed","ping_status":"closed","sticky":false,"template":"","format":"standard","meta":{"_et_pb_use_builder":"off","_et_pb_old_content":"","_et_gb_content_width":"","_monsterinsights_skip_tracking":false,"_monsterinsights_sitenote_active":false,"_monsterinsights_sitenote_note":"","_monsterinsights_sitenote_category":0,"footnotes":""},"categories":[89],"tags":[],"class_list":["post-19401","post","type-post","status-publish","format-standard","has-post-thumbnail","hentry","category-europejskie-dni-dziedzictwa"],"yoast_head":"<!-- This site is optimized with the Yoast SEO plugin v26.5 - https:\/\/yoast.com\/wordpress\/plugins\/seo\/ -->\n<title>Szlak\u00a0Tkacki R\u0119kawic Furma\u0144skich - NID<\/title>\n<meta name=\"robots\" content=\"index, follow, max-snippet:-1, max-image-preview:large, max-video-preview:-1\" \/>\n<link rel=\"canonical\" href=\"https:\/\/nid.pl\/en\/2024\/05\/17\/szlak-tkacki-rekawic-furmanskich\/\" \/>\n<meta property=\"og:locale\" content=\"en_GB\" \/>\n<meta property=\"og:type\" content=\"article\" \/>\n<meta property=\"og:title\" content=\"Szlak\u00a0Tkacki R\u0119kawic Furma\u0144skich - NID\" \/>\n<meta property=\"og:description\" content=\"Furma\u0144skie r\u0119kawice tkane w Beskidzie S\u0105deckim to tradycyjne r\u0119kodzie\u0142o Czarnych G\u00f3rali, kt\u00f3re w 2022 roku uzyska\u0142o wpis na Krajow\u0105\u00a0List\u0119 Niematerialnego Dziedzictwa Kulturowego. W ramach cyklu #SzlakiKulturoweEDD prezentujemy histori\u0119 i dzia\u0142anie [&hellip;]\" \/>\n<meta property=\"og:url\" content=\"https:\/\/nid.pl\/en\/2024\/05\/17\/szlak-tkacki-rekawic-furmanskich\/\" \/>\n<meta property=\"og:site_name\" content=\"NID\" \/>\n<meta property=\"article:publisher\" content=\"https:\/\/www.facebook.com\/zabytek\" \/>\n<meta property=\"article:published_time\" content=\"2024-05-17T13:20:22+00:00\" \/>\n<meta property=\"article:modified_time\" content=\"2024-05-29T13:26:34+00:00\" \/>\n<meta property=\"og:image\" content=\"https:\/\/nid.pl\/wp-content\/uploads\/2024\/05\/miniaturka-Rekawice-furmanskie-fot.-Marcelina-Kubiak.jpg\" \/>\n\t<meta property=\"og:image:width\" content=\"1850\" \/>\n\t<meta property=\"og:image:height\" content=\"1238\" \/>\n\t<meta property=\"og:image:type\" content=\"image\/jpeg\" \/>\n<meta name=\"author\" content=\"Barbara Halliop\" \/>\n<meta name=\"twitter:card\" content=\"summary_large_image\" \/>\n<meta name=\"twitter:creator\" content=\"@NarIDpl\" \/>\n<meta name=\"twitter:site\" content=\"@NarIDpl\" \/>\n<meta name=\"twitter:label1\" content=\"Written by\" \/>\n\t<meta name=\"twitter:data1\" content=\"Barbara Halliop\" \/>\n\t<meta name=\"twitter:label2\" content=\"Estimated reading time\" \/>\n\t<meta name=\"twitter:data2\" content=\"3 minutes\" \/>\n<script type=\"application\/ld+json\" class=\"yoast-schema-graph\">{\"@context\":\"https:\/\/schema.org\",\"@graph\":[{\"@type\":\"Article\",\"@id\":\"https:\/\/nid.pl\/2024\/05\/17\/szlak-tkacki-rekawic-furmanskich\/#article\",\"isPartOf\":{\"@id\":\"https:\/\/nid.pl\/2024\/05\/17\/szlak-tkacki-rekawic-furmanskich\/\"},\"author\":{\"name\":\"Barbara Halliop\",\"@id\":\"https:\/\/nid.pl\/#\/schema\/person\/1b690a8998a5111cfb9f0ffe24195a15\"},\"headline\":\"Szlak\u00a0Tkacki R\u0119kawic Furma\u0144skich\",\"datePublished\":\"2024-05-17T13:20:22+00:00\",\"dateModified\":\"2024-05-29T13:26:34+00:00\",\"mainEntityOfPage\":{\"@id\":\"https:\/\/nid.pl\/2024\/05\/17\/szlak-tkacki-rekawic-furmanskich\/\"},\"wordCount\":431,\"publisher\":{\"@id\":\"https:\/\/nid.pl\/#organization\"},\"image\":{\"@id\":\"https:\/\/nid.pl\/2024\/05\/17\/szlak-tkacki-rekawic-furmanskich\/#primaryimage\"},\"thumbnailUrl\":\"https:\/\/nid.pl\/wp-content\/uploads\/2024\/05\/miniaturka-Rekawice-furmanskie-fot.-Marcelina-Kubiak.jpg\",\"articleSection\":[\"EDD\"],\"inLanguage\":\"en-GB\"},{\"@type\":\"WebPage\",\"@id\":\"https:\/\/nid.pl\/2024\/05\/17\/szlak-tkacki-rekawic-furmanskich\/\",\"url\":\"https:\/\/nid.pl\/2024\/05\/17\/szlak-tkacki-rekawic-furmanskich\/\",\"name\":\"Szlak\u00a0Tkacki R\u0119kawic Furma\u0144skich - NID\",\"isPartOf\":{\"@id\":\"https:\/\/nid.pl\/#website\"},\"primaryImageOfPage\":{\"@id\":\"https:\/\/nid.pl\/2024\/05\/17\/szlak-tkacki-rekawic-furmanskich\/#primaryimage\"},\"image\":{\"@id\":\"https:\/\/nid.pl\/2024\/05\/17\/szlak-tkacki-rekawic-furmanskich\/#primaryimage\"},\"thumbnailUrl\":\"https:\/\/nid.pl\/wp-content\/uploads\/2024\/05\/miniaturka-Rekawice-furmanskie-fot.-Marcelina-Kubiak.jpg\",\"datePublished\":\"2024-05-17T13:20:22+00:00\",\"dateModified\":\"2024-05-29T13:26:34+00:00\",\"breadcrumb\":{\"@id\":\"https:\/\/nid.pl\/2024\/05\/17\/szlak-tkacki-rekawic-furmanskich\/#breadcrumb\"},\"inLanguage\":\"en-GB\",\"potentialAction\":[{\"@type\":\"ReadAction\",\"target\":[\"https:\/\/nid.pl\/2024\/05\/17\/szlak-tkacki-rekawic-furmanskich\/\"]}]},{\"@type\":\"ImageObject\",\"inLanguage\":\"en-GB\",\"@id\":\"https:\/\/nid.pl\/2024\/05\/17\/szlak-tkacki-rekawic-furmanskich\/#primaryimage\",\"url\":\"https:\/\/nid.pl\/wp-content\/uploads\/2024\/05\/miniaturka-Rekawice-furmanskie-fot.-Marcelina-Kubiak.jpg\",\"contentUrl\":\"https:\/\/nid.pl\/wp-content\/uploads\/2024\/05\/miniaturka-Rekawice-furmanskie-fot.-Marcelina-Kubiak.jpg\",\"width\":1850,\"height\":1238,\"caption\":\"R\u0119kawice furma\u0144skie\"},{\"@type\":\"BreadcrumbList\",\"@id\":\"https:\/\/nid.pl\/2024\/05\/17\/szlak-tkacki-rekawic-furmanskich\/#breadcrumb\",\"itemListElement\":[{\"@type\":\"ListItem\",\"position\":1,\"name\":\"Home\",\"item\":\"https:\/\/nid.pl\/\"},{\"@type\":\"ListItem\",\"position\":2,\"name\":\"Szlak\u00a0Tkacki R\u0119kawic Furma\u0144skich\"}]},{\"@type\":\"WebSite\",\"@id\":\"https:\/\/nid.pl\/#website\",\"url\":\"https:\/\/nid.pl\/\",\"name\":\"NID\",\"description\":\"Narodowy Instytut Dziedzictwa\",\"publisher\":{\"@id\":\"https:\/\/nid.pl\/#organization\"},\"potentialAction\":[{\"@type\":\"SearchAction\",\"target\":{\"@type\":\"EntryPoint\",\"urlTemplate\":\"https:\/\/nid.pl\/?s={search_term_string}\"},\"query-input\":{\"@type\":\"PropertyValueSpecification\",\"valueRequired\":true,\"valueName\":\"search_term_string\"}}],\"inLanguage\":\"en-GB\"},{\"@type\":\"Organization\",\"@id\":\"https:\/\/nid.pl\/#organization\",\"name\":\"Narodowy Instytut Dziedzictwa\",\"url\":\"https:\/\/nid.pl\/\",\"logo\":{\"@type\":\"ImageObject\",\"inLanguage\":\"en-GB\",\"@id\":\"https:\/\/nid.pl\/#\/schema\/logo\/image\/\",\"url\":\"https:\/\/nid.pl\/wp-content\/uploads\/2022\/10\/logoRedDark.png\",\"contentUrl\":\"https:\/\/nid.pl\/wp-content\/uploads\/2022\/10\/logoRedDark.png\",\"width\":200,\"height\":197,\"caption\":\"Narodowy Instytut Dziedzictwa\"},\"image\":{\"@id\":\"https:\/\/nid.pl\/#\/schema\/logo\/image\/\"},\"sameAs\":[\"https:\/\/www.facebook.com\/zabytek\",\"https:\/\/x.com\/NarIDpl\",\"https:\/\/www.instagram.com\/nid.pl\/?hl=pl\",\"https:\/\/www.linkedin.com\/company\/narodowy-instytut-dziedzictwa\",\"https:\/\/www.youtube.com\/channel\/UCQXuhKa2uHtmNvLRUSx40JA\"]},{\"@type\":\"Person\",\"@id\":\"https:\/\/nid.pl\/#\/schema\/person\/1b690a8998a5111cfb9f0ffe24195a15\",\"name\":\"Barbara Halliop\",\"image\":{\"@type\":\"ImageObject\",\"inLanguage\":\"en-GB\",\"@id\":\"https:\/\/nid.pl\/#\/schema\/person\/image\/\",\"url\":\"https:\/\/nid.pl\/wp-content\/litespeed\/avatar\/924046d17dd0c842c9fa9ccf489bc6dc.jpg?ver=1777444967\",\"contentUrl\":\"https:\/\/nid.pl\/wp-content\/litespeed\/avatar\/924046d17dd0c842c9fa9ccf489bc6dc.jpg?ver=1777444967\",\"caption\":\"Barbara Halliop\"},\"url\":\"https:\/\/nid.pl\/en\/author\/bhalliop\/\"}]}<\/script>\n<!-- \/ Yoast SEO plugin. -->","yoast_head_json":{"title":"Szlak\u00a0Tkacki R\u0119kawic Furma\u0144skich - NID","robots":{"index":"index","follow":"follow","max-snippet":"max-snippet:-1","max-image-preview":"max-image-preview:large","max-video-preview":"max-video-preview:-1"},"canonical":"https:\/\/nid.pl\/en\/2024\/05\/17\/szlak-tkacki-rekawic-furmanskich\/","og_locale":"en_GB","og_type":"article","og_title":"Szlak\u00a0Tkacki R\u0119kawic Furma\u0144skich - NID","og_description":"Furma\u0144skie r\u0119kawice tkane w Beskidzie S\u0105deckim to tradycyjne r\u0119kodzie\u0142o Czarnych G\u00f3rali, kt\u00f3re w 2022 roku uzyska\u0142o wpis na Krajow\u0105\u00a0List\u0119 Niematerialnego Dziedzictwa Kulturowego. W ramach cyklu #SzlakiKulturoweEDD prezentujemy histori\u0119 i dzia\u0142anie [&hellip;]","og_url":"https:\/\/nid.pl\/en\/2024\/05\/17\/szlak-tkacki-rekawic-furmanskich\/","og_site_name":"NID","article_publisher":"https:\/\/www.facebook.com\/zabytek","article_published_time":"2024-05-17T13:20:22+00:00","article_modified_time":"2024-05-29T13:26:34+00:00","og_image":[{"width":1850,"height":1238,"url":"https:\/\/nid.pl\/wp-content\/uploads\/2024\/05\/miniaturka-Rekawice-furmanskie-fot.-Marcelina-Kubiak.jpg","type":"image\/jpeg"}],"author":"Barbara Halliop","twitter_card":"summary_large_image","twitter_creator":"@NarIDpl","twitter_site":"@NarIDpl","twitter_misc":{"Written by":"Barbara Halliop","Estimated reading time":"3 minutes"},"schema":{"@context":"https:\/\/schema.org","@graph":[{"@type":"Article","@id":"https:\/\/nid.pl\/2024\/05\/17\/szlak-tkacki-rekawic-furmanskich\/#article","isPartOf":{"@id":"https:\/\/nid.pl\/2024\/05\/17\/szlak-tkacki-rekawic-furmanskich\/"},"author":{"name":"Barbara Halliop","@id":"https:\/\/nid.pl\/#\/schema\/person\/1b690a8998a5111cfb9f0ffe24195a15"},"headline":"Szlak\u00a0Tkacki R\u0119kawic Furma\u0144skich","datePublished":"2024-05-17T13:20:22+00:00","dateModified":"2024-05-29T13:26:34+00:00","mainEntityOfPage":{"@id":"https:\/\/nid.pl\/2024\/05\/17\/szlak-tkacki-rekawic-furmanskich\/"},"wordCount":431,"publisher":{"@id":"https:\/\/nid.pl\/#organization"},"image":{"@id":"https:\/\/nid.pl\/2024\/05\/17\/szlak-tkacki-rekawic-furmanskich\/#primaryimage"},"thumbnailUrl":"https:\/\/nid.pl\/wp-content\/uploads\/2024\/05\/miniaturka-Rekawice-furmanskie-fot.-Marcelina-Kubiak.jpg","articleSection":["EDD"],"inLanguage":"en-GB"},{"@type":"WebPage","@id":"https:\/\/nid.pl\/2024\/05\/17\/szlak-tkacki-rekawic-furmanskich\/","url":"https:\/\/nid.pl\/2024\/05\/17\/szlak-tkacki-rekawic-furmanskich\/","name":"Szlak\u00a0Tkacki R\u0119kawic Furma\u0144skich - NID","isPartOf":{"@id":"https:\/\/nid.pl\/#website"},"primaryImageOfPage":{"@id":"https:\/\/nid.pl\/2024\/05\/17\/szlak-tkacki-rekawic-furmanskich\/#primaryimage"},"image":{"@id":"https:\/\/nid.pl\/2024\/05\/17\/szlak-tkacki-rekawic-furmanskich\/#primaryimage"},"thumbnailUrl":"https:\/\/nid.pl\/wp-content\/uploads\/2024\/05\/miniaturka-Rekawice-furmanskie-fot.-Marcelina-Kubiak.jpg","datePublished":"2024-05-17T13:20:22+00:00","dateModified":"2024-05-29T13:26:34+00:00","breadcrumb":{"@id":"https:\/\/nid.pl\/2024\/05\/17\/szlak-tkacki-rekawic-furmanskich\/#breadcrumb"},"inLanguage":"en-GB","potentialAction":[{"@type":"ReadAction","target":["https:\/\/nid.pl\/2024\/05\/17\/szlak-tkacki-rekawic-furmanskich\/"]}]},{"@type":"ImageObject","inLanguage":"en-GB","@id":"https:\/\/nid.pl\/2024\/05\/17\/szlak-tkacki-rekawic-furmanskich\/#primaryimage","url":"https:\/\/nid.pl\/wp-content\/uploads\/2024\/05\/miniaturka-Rekawice-furmanskie-fot.-Marcelina-Kubiak.jpg","contentUrl":"https:\/\/nid.pl\/wp-content\/uploads\/2024\/05\/miniaturka-Rekawice-furmanskie-fot.-Marcelina-Kubiak.jpg","width":1850,"height":1238,"caption":"R\u0119kawice furma\u0144skie"},{"@type":"BreadcrumbList","@id":"https:\/\/nid.pl\/2024\/05\/17\/szlak-tkacki-rekawic-furmanskich\/#breadcrumb","itemListElement":[{"@type":"ListItem","position":1,"name":"Home","item":"https:\/\/nid.pl\/"},{"@type":"ListItem","position":2,"name":"Szlak\u00a0Tkacki R\u0119kawic Furma\u0144skich"}]},{"@type":"WebSite","@id":"https:\/\/nid.pl\/#website","url":"https:\/\/nid.pl\/","name":"NID","description":"Narodowy Instytut Dziedzictwa","publisher":{"@id":"https:\/\/nid.pl\/#organization"},"potentialAction":[{"@type":"SearchAction","target":{"@type":"EntryPoint","urlTemplate":"https:\/\/nid.pl\/?s={search_term_string}"},"query-input":{"@type":"PropertyValueSpecification","valueRequired":true,"valueName":"search_term_string"}}],"inLanguage":"en-GB"},{"@type":"Organization","@id":"https:\/\/nid.pl\/#organization","name":"Narodowy Instytut Dziedzictwa","url":"https:\/\/nid.pl\/","logo":{"@type":"ImageObject","inLanguage":"en-GB","@id":"https:\/\/nid.pl\/#\/schema\/logo\/image\/","url":"https:\/\/nid.pl\/wp-content\/uploads\/2022\/10\/logoRedDark.png","contentUrl":"https:\/\/nid.pl\/wp-content\/uploads\/2022\/10\/logoRedDark.png","width":200,"height":197,"caption":"Narodowy Instytut Dziedzictwa"},"image":{"@id":"https:\/\/nid.pl\/#\/schema\/logo\/image\/"},"sameAs":["https:\/\/www.facebook.com\/zabytek","https:\/\/x.com\/NarIDpl","https:\/\/www.instagram.com\/nid.pl\/?hl=pl","https:\/\/www.linkedin.com\/company\/narodowy-instytut-dziedzictwa","https:\/\/www.youtube.com\/channel\/UCQXuhKa2uHtmNvLRUSx40JA"]},{"@type":"Person","@id":"https:\/\/nid.pl\/#\/schema\/person\/1b690a8998a5111cfb9f0ffe24195a15","name":"Barbara Halliop","image":{"@type":"ImageObject","inLanguage":"en-GB","@id":"https:\/\/nid.pl\/#\/schema\/person\/image\/","url":"https:\/\/nid.pl\/wp-content\/litespeed\/avatar\/924046d17dd0c842c9fa9ccf489bc6dc.jpg?ver=1777444967","contentUrl":"https:\/\/nid.pl\/wp-content\/litespeed\/avatar\/924046d17dd0c842c9fa9ccf489bc6dc.jpg?ver=1777444967","caption":"Barbara Halliop"},"url":"https:\/\/nid.pl\/en\/author\/bhalliop\/"}]}},"_links":{"self":[{"href":"https:\/\/nid.pl\/en\/wp-json\/wp\/v2\/posts\/19401","targetHints":{"allow":["GET"]}}],"collection":[{"href":"https:\/\/nid.pl\/en\/wp-json\/wp\/v2\/posts"}],"about":[{"href":"https:\/\/nid.pl\/en\/wp-json\/wp\/v2\/types\/post"}],"author":[{"embeddable":true,"href":"https:\/\/nid.pl\/en\/wp-json\/wp\/v2\/users\/7"}],"replies":[{"embeddable":true,"href":"https:\/\/nid.pl\/en\/wp-json\/wp\/v2\/comments?post=19401"}],"version-history":[{"count":0,"href":"https:\/\/nid.pl\/en\/wp-json\/wp\/v2\/posts\/19401\/revisions"}],"wp:featuredmedia":[{"embeddable":true,"href":"https:\/\/nid.pl\/en\/wp-json\/wp\/v2\/media\/19406"}],"wp:attachment":[{"href":"https:\/\/nid.pl\/en\/wp-json\/wp\/v2\/media?parent=19401"}],"wp:term":[{"taxonomy":"category","embeddable":true,"href":"https:\/\/nid.pl\/en\/wp-json\/wp\/v2\/categories?post=19401"},{"taxonomy":"post_tag","embeddable":true,"href":"https:\/\/nid.pl\/en\/wp-json\/wp\/v2\/tags?post=19401"}],"curies":[{"name":"wp","href":"https:\/\/api.w.org\/{rel}","templated":true}]}}