{"id":19110,"date":"2024-05-17T13:49:11","date_gmt":"2024-05-17T11:49:11","guid":{"rendered":"https:\/\/nid.pl\/?p=19110"},"modified":"2024-05-17T14:51:21","modified_gmt":"2024-05-17T12:51:21","slug":"atrakcje-i-ciekawostki-wislicy","status":"publish","type":"post","link":"https:\/\/nid.pl\/en\/2024\/05\/17\/atrakcje-i-ciekawostki-wislicy\/","title":{"rendered":"Jakie atrakcje i ciekawostki skrywa Wi\u015blica?"},"content":{"rendered":"<p><strong>Samochodem prawdopodobnie przejedziecie j\u0105 w nieca\u0142\u0105 minut\u0119, gdy\u017c jest jednym z najmniejszych miast w Polsce. Nie przeszkadza to jednak Wi\u015blicy, b\u0119d\u0105cej jednym z pomnik\u00f3w historii, ze swoj\u0105 bogat\u0105 histori\u0105 i licznymi zabytkami, by\u0107 jedn\u0105 z najwi\u0119kszych atrakcji turystycznych regionu. Sprawd\u017a, co warto o niej wiedzie\u0107 i jakie ciekawostki skrywa?<\/strong><\/p>\n\n\n\n<p>Wi\u015blica to ma\u0142e miasteczko po\u0142o\u017cone w Ma\u0142opolsce, w dzisiejszym wojew\u00f3dztwie \u015bwi\u0119tokrzyskim, niedaleko Buska Zdroju. Dzi\u015b liczy ona oko\u0142o 600 mieszka\u0144c\u00f3w. Prawa miejskie, utracone w 1870 r. jako represje po powstaniu styczniowym, odzyska\u0142a w 2018 r., tym samym staj\u0105c si\u0119 jednym z najmniejszych miast w Polsce. Myli\u0142by si\u0119 jednak ten, kto nie doceni\u0142by jej walor\u00f3w. Wi\u015blica jest bowiem jednym z pomnik\u00f3w historii, a na jej terenie po\u0142o\u017conych jest\u00a0 <strong>13 obiekt\u00f3w wpisanych do rejestru zabytk\u00f3w<\/strong>\u00a0i kolejnych 10 widniej\u0105cych w ewidencji zabytk\u00f3w. Dawna \u015bwietno\u015b\u0107, bogata historia i du\u017ca liczba zabytk\u00f3w oraz korzystne po\u0142o\u017cenie przy drodze wojew\u00f3dzkiej nr 776 czyni z niej atrakcyjny cel turystyczny. Dodatkowym atutem s\u0105 te\u017c walory krajobrazowe oraz przyrodnicze. Wi\u015blica le\u017cy na malowniczym Ponidziu, w Nadnidzia\u0144skim Parku Krajobrazowym.<\/p>\n\n\n\n<p>Wi\u015blica s\u0142aw\u0119 zyska\u0142a w latach 60. XX w., kiedy to podczas szeroko zakrojonych prac archeologicznych prowadzonych w ramach tzw. bada\u0144 milenijnych (czyli wielkiej akcji badawczej zwi\u0105zanej z obchodami 1000-lecia Pa\u0144stwa Polskiego i 1000-lecia chrztu Polski) zacz\u0119\u0142y by\u0107 odkrywane kolejne, coraz bardziej <strong>spektakularne obiekty<\/strong>. Znaleziono wtedy m. in. tzw. P\u0142yt\u0119 Orant\u00f3w, tajemniczy obiekt zinterpretowany jako misa chrzcielna, relikty wczesno\u015bredniowiecznej rezydencji ksi\u0105\u017c\u0119cej, dwa grody, dwa skarby, pozosta\u0142o\u015bci 6 ko\u015bcio\u0142\u00f3w roma\u0144skich, 5 \u015bredniowiecznych cmentarzysk i dawne fortyfikacje miejskie.<\/p>\n\n\n\n<p>Bogactwo Wi\u015blicy sk\u0142ada si\u0119 jednak nie tylko z zabytk\u00f3w archeologicznych, ale mo\u017ce nawet przede wszystkim z zachowanego do dzi\u015b i stanowi\u0105cego dominant\u0119 w krajobrazie miasta \u2013 <strong>gotyckiego zespo\u0142u kolegiackiego<\/strong>, na kt\u00f3ry sk\u0142ada si\u0119: dwuhalowa kolegiata zdobiona niezwykle rzadkimi \u015bredniowiecznymi freskami bizantyjsko \u2013 ruskimi, ze skrywaj\u0105cymi archeologiczne skarby podziemiami; Dom D\u0142ugosza z zachowanymi gotyckimi malowid\u0142ami oraz dzwonnica.<\/p>\n\n\n\n<p>Jakie atrakcje i ciekawostki skrywa Wi\u015blica?<\/p>\n\n\n\n<ul class=\"wp-block-list\">\n<li>W podziemiach kolegiaty skrywaj\u0105 si\u0119 relikty dw\u00f3ch poprzedzaj\u0105cych j\u0105 ko\u015bcio\u0142\u00f3w oraz <strong>jeden z najcenniejszych zabytk\u00f3w polskiej sztuki roma\u0144skiej<\/strong>&nbsp;\u2013 tzw. P\u0142yta Orant\u00f3w. W Europie znanych jest tylko dziewi\u0119\u0107 zabytk\u00f3w podobnych pod wzgl\u0119dem wykonania i chronologii, \u017caden jednak nie zachowany tak dobrze i prezentowany in situ.<\/li>\n<\/ul>\n\n\n\n<figure class=\"wp-block-image aligncenter size-large is-resized\"><img loading=\"lazy\" decoding=\"async\" width=\"683\" height=\"1024\" src=\"https:\/\/nid.pl\/wp-content\/uploads\/2024\/05\/IMG_4377-683x1024.jpg\" alt=\"\" class=\"wp-image-19112\" style=\"width:491px;height:auto\"\/><figcaption class=\"wp-element-caption\">Bazylika kolegiacka Narodzenia Naj\u015bwi\u0119tszej Marii Panny w Wi\u015blicy, fot. NID<\/figcaption><\/figure>\n\n\n\n<p>Orant to osoba modl\u0105ca si\u0119 i wznosz\u0105ca b\u0142agalnie r\u0119ce do nieba. Nazwa P\u0142yty wywodzi si\u0119 od przedstawionych na niej modl\u0105cych si\u0119 os\u00f3b. Pierwotnie stanowi\u0142a ona posadzk\u0119 krypty najstarszego stoj\u0105cego w tym miejscu ko\u015bcio\u0142a. Ca\u0142a P\u0142yta ma wymiar religijny. Napis na niej umieszczony, kt\u00f3ry mo\u017cna t\u0142umaczy\u0107: \u201eCi pragn\u0105 by\u0107 podeptani, aby m\u00f3c si\u0119 wznie\u015b\u0107 do Gwiazd\u201d wskazuje na celowy zabieg \u2013 ludzie wyobra\u017ceni na posadzce mieli by\u0107 symbolicznie deptani, aby kiedy\u015b mogli zosta\u0107 zbawieni. Oddaje to dobrze religijnego ducha epoki.<br>Na posadzce przedstawiono sze\u015b\u0107 postaci. Jedn\u0105 z nich jest prawdopodobnie ksi\u0105\u017c\u0119 Henryk Sandomierski \u2013 jeden z syn\u00f3w Boles\u0142awa Krzywoustego, polski krzy\u017cowiec, kt\u00f3ry bra\u0142 udzia\u0142 w krucjacie w obronie Grobu Pa\u0144skiego, a potem zgin\u0105\u0142 w walce z poga\u0144skimi Prusami.<br>Pr\u00f3cz niego przedstawiono te\u017c jego brata i spadkobierc\u0119 \u2013 ksi\u0119cia Kazimierza Sprawiedliwego (w\u0142adc\u0119 wi\u015blickiego, sandomierskiego, a wreszcie krakowskiego) z \u017con\u0105 ksi\u0119\u017cn\u0105 Helen\u0105 oraz jego dw\u00f3ch syn\u00f3w Kazimierza i Boles\u0142awa. Obaj ksi\u0105\u017c\u0119ta zmarli m\u0142odo \u2013 Kazimierz jeszcze jako dziecko, a Boles\u0142aw przygnieciony przez drzewo w tragicznym wypadku u progu doros\u0142o\u015bci. Nie ma tu natomiast dw\u00f3ch kolejnych syn\u00f3w ksi\u0119cia, urodzonych znacznie p\u00f3\u017aniej: Leszka Bia\u0142ego, ksi\u0119cia krakowskiego zamordowanego na zje\u017adzie w G\u0105sawie i Konrada Mazowieckiego, znanego powszechnie g\u0142\u00f3wnie z faktu sprowadzenia Zakonu Krzy\u017cackiego do Polski.<\/p>\n\n\n\n<ul class=\"wp-block-list\">\n<li>Najs\u0142ynniejszym \u201ezabytkiem\u201d Wi\u015blicy jest tzw. misa chrzcielna. Jak dowiod\u0142y nowsze badania archeologicznie jest to struktura znacznie m\u0142odsza ni\u017c IX w., jak j\u0105 pocz\u0105tkowo datowano i nie maj\u0105ca nic wsp\u00f3lnego z baptysteriami. Mit o pierwszym chrzcie na ziemiach polskich w IX w. jest zatem fa\u0142szywy i nale\u017cy go w\u0142o\u017cy\u0107 mi\u0119dzy bajki. Opowiadaj\u0105c o Wi\u015blicy nie da si\u0119 jednak abstrahowa\u0107 od tej legendy, kt\u00f3ra uczyni\u0142a miasto s\u0142awnym. <\/li>\n<\/ul>\n\n\n\n<ul class=\"wp-block-list\">\n<li>Jednym z najcenniejszych stanowisk z okresu wczesnego \u015bredniowiecza w Polsce jest tzw. Regia w Wi\u015blicy. By\u0142 to jeden z dw\u00f3ch tutejszych grod\u00f3w, kt\u00f3ry w XI i XII w. pe\u0142ni\u0142 rol\u0119 siedziby ksi\u0105\u017c\u0119cej. Odkryto tutaj dwa zespo\u0142y architektoniczne sk\u0142adaj\u0105ce si\u0119 z pa\u0142acu (tzw. palatium) i rotundy (kaplicy pa\u0142acowej). Jest to jedyne miejsce w Polsce, w kt\u00f3rym zbudowano dwa palatia.<\/li>\n<\/ul>\n\n\n\n<figure class=\"wp-block-image aligncenter size-large is-resized\"><img loading=\"lazy\" decoding=\"async\" width=\"1024\" height=\"768\" src=\"https:\/\/nid.pl\/wp-content\/uploads\/2024\/05\/G0031762-1024x768.jpg\" alt=\"\" class=\"wp-image-19113\" style=\"width:685px;height:auto\" srcset=\"https:\/\/nid.pl\/wp-content\/uploads\/2024\/05\/G0031762-980x735.jpg 980w, https:\/\/nid.pl\/wp-content\/uploads\/2024\/05\/G0031762-480x360.jpg 480w\" sizes=\"(min-width: 0px) and (max-width: 480px) 480px, (min-width: 481px) and (max-width: 980px) 980px, (min-width: 981px) 1024px, 100vw\" \/><figcaption class=\"wp-element-caption\">Regia w Wi\u015blicy, fot. NID<\/figcaption><\/figure>\n\n\n\n<ul class=\"wp-block-list\">\n<li>W Wi\u015blicy by\u0142y dwa grody, kt\u00f3re najpewniej przez kr\u00f3tki okres czasu w XI w. i pocz\u0105tkach XII w. funkcjonowa\u0142y r\u00f3wnocze\u015bnie. Jest to niezwykle rzadkie w okresie wczesnego \u015bredniowiecza, bo na og\u00f3\u0142 w jednym o\u015brodku sta\u0142 jeden gr\u00f3d. Wi\u015blic\u0119 w tym okresie mo\u017cna por\u00f3wna\u0107 z Prag\u0105, w kt\u00f3rej pr\u00f3cz grodu na Hradczanach funkcjonowa\u0142a siedziba ksi\u0105\u017c\u0119ca na Wyszehradzie.<\/li>\n<\/ul>\n\n\n\n<ul class=\"wp-block-list\">\n<li>W Wi\u015blicy znaleziono dwa skarby. Pierwszy z nich, odkryty na \u201eGrodzisku\u201d sk\u0142ada\u0142 si\u0119 z ponad pi\u0119ciuset monet wybitych w trakcie panowania Boles\u0142awa Szczodrego i W\u0142adys\u0142awa Hermana. Bardzo ciekaw\u0105 monet\u0105 znalezion\u0105 wtedy jest denar z wyobra\u017ceniem siedz\u0105cego w\u0142adcy z mieczem na kolanach po jednej stronie i przedstawieniem pieszego rycerza z tarcz\u0105 i w\u0142\u00f3czni\u0105 w r\u0119kach, walcz\u0105cego ze smokiem na drugiej. W momencie jej odkrycia moneta ta by\u0142a pierwszym znanym okazem tego typu. Do dzi\u015b znaleziono jeszcze tylko jedn\u0105 tak\u0105 monet\u0119. Najprawdopodobniej jest to denar Boles\u0142awa Szczodrego. Skarb ukryty na prze\u0142omie XI i XII w. zosta\u0142 pogrzebany na kilka stuleciu w trakcie po\u017caru jakiego dozna\u0142 gr\u00f3d w XII w.<\/li>\n<\/ul>\n\n\n\n<figure class=\"wp-block-image aligncenter size-large is-resized\"><img loading=\"lazy\" decoding=\"async\" width=\"1024\" height=\"683\" src=\"https:\/\/nid.pl\/wp-content\/uploads\/2024\/05\/DSC03199-1024x683.jpg\" alt=\"\" class=\"wp-image-19114\" style=\"width:681px;height:auto\" srcset=\"https:\/\/nid.pl\/wp-content\/uploads\/2024\/05\/DSC03199-980x653.jpg 980w, https:\/\/nid.pl\/wp-content\/uploads\/2024\/05\/DSC03199-480x320.jpg 480w\" sizes=\"(min-width: 0px) and (max-width: 480px) 480px, (min-width: 481px) and (max-width: 980px) 980px, (min-width: 981px) 1024px, 100vw\" \/><\/figure>\n\n\n\n<p><\/p>\n\n\n\n<ul class=\"wp-block-list\">\n<li>Drugi skarb, odkryty tak\u017ce na \u201eGrodzisku\u201d, sk\u0142ada\u0142 si\u0119 ze <strong>z\u0142otych i srebrnych monet<\/strong>&nbsp;oraz przedmiot\u00f3w srebrnych. Zosta\u0142 on najpewniej zakopany w trakcie potopu szwedzkiego. Mo\u017cna tylko przypuszcza\u0107, \u017ce jego w\u0142a\u015bciciela spotka\u0142 z\u0142y los, skoro ju\u017c nigdy po niego nie wr\u00f3ci\u0142.<\/li>\n<\/ul>\n\n\n\n<ul class=\"wp-block-list\">\n<li>Bardzo frapuj\u0105cym zabytkiem jest te\u017c niewielka oprawka rogowa odkryta na \u201eGrodzisku\u201d. By\u0142a to najpewniej r\u0119koje\u015b\u0107 niewielkiego no\u017ca lub sierpa. W najszerszym miejscu przedmiot ten zdobi\u0142 fryz z przedstawieniem sze\u015bciu popiersi dziewcz\u0119cych. Z uwagi na to, \u017ce S\u0142owianie nie wykorzystywali zbyt cz\u0119sto w ornamentyce postaci ludzkiej, a znane przyk\u0142ady takich wyobra\u017ce\u0144 spotyka si\u0119 na pos\u0105gach b\u00f3stw, mo\u017cna przypuszcza\u0107, \u017ce i w tym wypadku przedmiot ten mia\u0142 zwi\u0105zek z wierzeniami poga\u0144skimi. By\u0107 mo\u017ce zosta\u0142y na nim przedstawione wi\u0142y, boginki, nimfy wodne, brzeginki lub rusa\u0142ki, czyli postaci z mitologii s\u0142owia\u0144skiej, a przedmiot ten mia\u0142 jak\u0105\u015b funkcj\u0119 zwi\u0105zan\u0105 ze stref\u0105 religijn\u0105 lub magiczn\u0105.<\/li>\n<\/ul>\n\n\n\n<ul class=\"wp-block-list\">\n<li>Wed\u0142ug legendy utrwalonej przez D\u0142ugosza, pos\u0105g wi\u015blickiej Madonny przem\u00f3wi\u0142 do W\u0142adys\u0142awa \u0141okietka, gdy ten modli\u0142 si\u0119 w krypcie ko\u015bcio\u0142a. \u0141okietek mia\u0142 si\u0119 tam ukrywa\u0107 w trakcie jego walk o zjednoczenie kr\u00f3lestwa, precyzyjnie w trakcie zmaga\u0144 o Ma\u0142opolsk\u0119. Dlatego po zwyci\u0119stwie pos\u0105g znalaz\u0142 si\u0119 w o\u0142tarzu g\u0142\u00f3wnym gotyckiej kolegiaty. Ciekawe jednak, i\u017c D\u0142ugosz wiedzia\u0142 o krypcie. Jedynym ko\u015bcio\u0142em, kt\u00f3ry mia\u0142 krypt\u0119 by\u0142 tzw. I ko\u015bci\u00f3\u0142 roma\u0144ski \u2013 ten z P\u0142yt\u0105 Orant\u00f3w. Krypta jednak w 1 po\u0142. XIII wieku zosta\u0142a jak i ca\u0142y ko\u015bci\u00f3\u0142 rozebrana i zasypana. Badania archeologiczne wykluczaj\u0105 mo\u017cliwo\u015b\u0107 jej wykorzystywania w czasach \u0141okietka.<\/li>\n<\/ul>\n\n\n\n<figure class=\"wp-block-image aligncenter size-large is-resized\"><img loading=\"lazy\" decoding=\"async\" width=\"683\" height=\"1024\" src=\"https:\/\/nid.pl\/wp-content\/uploads\/2024\/05\/17-683x1024.jpg\" alt=\"\" class=\"wp-image-19116\" style=\"width:489px;height:auto\"\/><figcaption class=\"wp-element-caption\">Bazylika kolegiacka Narodzenia Naj\u015bwi\u0119tszej Marii Panny w Wi\u015blicy, fot. NID<\/figcaption><\/figure>\n\n\n\n<p>Ciekawostk\u0105 jest te\u017c <strong>legenda zwi\u0105zana z tzw. wisielcem<\/strong>&nbsp;&#8211; p\u0142yt\u0105 grobow\u0105 z p\u0142askorze\u017abion\u0105 postaci\u0105 m\u0119\u017cczyzny. P\u0142yta pochodz\u0105ca z cmentarza zlokalizowanego przy ko\u015bciele roma\u0144skim z krypt\u0105 i P\u0142yt\u0105 Orant\u00f3w, zosta\u0142a p\u00f3\u017aniej wmurowana w p\u00f3\u0142nocn\u0105 wie\u017c\u0119 nast\u0119pnego ko\u015bcio\u0142a (tzw. ko\u015bcio\u0142a roma\u0144skiego II). Wie\u017ce zosta\u0142y w\u0142\u0105czone do kolegiaty wzniesionej za Kazimierza Wielkiego i sta\u0142y do zawalenia w 1915 r. Zgodnie z podaniem Kazimierz Wielki by\u0142 niezadowolony z post\u0119pu prac przy wznoszeniu kolegiaty oraz z wyboru miejsca pod budow\u0119. W gniewie kaza\u0142 powiesi\u0107 budowniczego ko\u015bcio\u0142a. Ten jednak postanowi\u0142 udobrucha\u0107 kr\u00f3la podst\u0119pem. W mury wie\u017cy wmurowano wi\u0119c p\u0142yt\u0119 z wyobra\u017ceniem \u201ewisielca\u201d. Gdy kr\u00f3lowi doniesiono o wisielcu na wie\u017cy ko\u015bcio\u0142a, po\u017ca\u0142owa\u0142 swojego rozkazu. Wtedy zdradzono mu prawd\u0119, a kr\u00f3l u\u0142askawi\u0142 nieszcz\u0119\u015bnika.<\/p>\n\n\n\n<figure class=\"wp-block-image aligncenter size-large is-resized\"><img loading=\"lazy\" decoding=\"async\" width=\"683\" height=\"1024\" src=\"https:\/\/nid.pl\/wp-content\/uploads\/2024\/05\/IMG_4360-683x1024.jpg\" alt=\"\" class=\"wp-image-19115\" style=\"width:489px;height:auto\"\/><figcaption class=\"wp-element-caption\">Bazylika kolegiacka Narodzenia Naj\u015bwi\u0119tszej Marii Panny w Wi\u015blicy, fot. NID<\/figcaption><\/figure>\n\n\n\n<p><\/p>\n\n\n\n<figure class=\"wp-block-image aligncenter size-large is-resized\"><img loading=\"lazy\" decoding=\"async\" width=\"1024\" height=\"683\" src=\"https:\/\/nid.pl\/wp-content\/uploads\/2024\/05\/IMG_7013-1024x683.jpg\" alt=\"\" class=\"wp-image-19117\" style=\"width:683px;height:auto\" srcset=\"https:\/\/nid.pl\/wp-content\/uploads\/2024\/05\/IMG_7013-980x653.jpg 980w, https:\/\/nid.pl\/wp-content\/uploads\/2024\/05\/IMG_7013-480x320.jpg 480w\" sizes=\"(min-width: 0px) and (max-width: 480px) 480px, (min-width: 481px) and (max-width: 980px) 980px, (min-width: 981px) 1024px, 100vw\" \/><figcaption class=\"wp-element-caption\">Bazylika kolegiacka Narodzenia Naj\u015bwi\u0119tszej Marii Panny w Wi\u015blicy, fot. NID<\/figcaption><\/figure>\n\n\n\n<figure class=\"wp-block-image aligncenter size-large is-resized\"><img loading=\"lazy\" decoding=\"async\" width=\"1024\" height=\"683\" src=\"https:\/\/nid.pl\/wp-content\/uploads\/2024\/05\/IMG_4460-1024x683.jpg\" alt=\"\" class=\"wp-image-19118\" style=\"width:683px;height:auto\" srcset=\"https:\/\/nid.pl\/wp-content\/uploads\/2024\/05\/IMG_4460-980x653.jpg 980w, https:\/\/nid.pl\/wp-content\/uploads\/2024\/05\/IMG_4460-480x320.jpg 480w\" sizes=\"(min-width: 0px) and (max-width: 480px) 480px, (min-width: 481px) and (max-width: 980px) 980px, (min-width: 981px) 1024px, 100vw\" \/><figcaption class=\"wp-element-caption\">Bazylika kolegiacka Narodzenia Naj\u015bwi\u0119tszej Marii Panny w Wi\u015blicy, fot. NID<\/figcaption><\/figure>\n\n\n\n<figure class=\"wp-block-image aligncenter size-large is-resized\"><img loading=\"lazy\" decoding=\"async\" width=\"1024\" height=\"683\" src=\"https:\/\/nid.pl\/wp-content\/uploads\/2024\/05\/IMG_6909-1024x683.jpg\" alt=\"\" class=\"wp-image-19120\" style=\"width:683px;height:auto\" srcset=\"https:\/\/nid.pl\/wp-content\/uploads\/2024\/05\/IMG_6909-980x653.jpg 980w, https:\/\/nid.pl\/wp-content\/uploads\/2024\/05\/IMG_6909-480x320.jpg 480w\" sizes=\"(min-width: 0px) and (max-width: 480px) 480px, (min-width: 481px) and (max-width: 980px) 980px, (min-width: 981px) 1024px, 100vw\" \/><figcaption class=\"wp-element-caption\">Bazylika kolegiacka Narodzenia Naj\u015bwi\u0119tszej Marii Panny w Wi\u015blicy, fot. NID<\/figcaption><\/figure>","protected":false},"excerpt":{"rendered":"<p>Samochodem prawdopodobnie przejedziecie j\u0105 w nieca\u0142\u0105 minut\u0119, gdy\u017c jest jednym z najmniejszych miast w Polsce. Nie przeszkadza to jednak Wi\u015blicy, b\u0119d\u0105cej jednym z pomnik\u00f3w historii, ze swoj\u0105 bogat\u0105 histori\u0105 i [&hellip;]<\/p>","protected":false},"author":7,"featured_media":19121,"comment_status":"closed","ping_status":"closed","sticky":false,"template":"","format":"standard","meta":{"_et_pb_use_builder":"off","_et_pb_old_content":"","_et_gb_content_width":"","_monsterinsights_skip_tracking":false,"_monsterinsights_sitenote_active":false,"_monsterinsights_sitenote_note":"","_monsterinsights_sitenote_category":0,"footnotes":""},"categories":[3],"tags":[],"class_list":["post-19110","post","type-post","status-publish","format-standard","has-post-thumbnail","hentry","category-aktualnosci"],"yoast_head":"<!-- This site is optimized with the Yoast SEO plugin v26.5 - https:\/\/yoast.com\/wordpress\/plugins\/seo\/ -->\n<title>Jakie atrakcje i ciekawostki skrywa Wi\u015blica? - NID<\/title>\n<meta name=\"robots\" content=\"index, follow, max-snippet:-1, max-image-preview:large, max-video-preview:-1\" \/>\n<link rel=\"canonical\" href=\"https:\/\/nid.pl\/en\/2024\/05\/17\/atrakcje-i-ciekawostki-wislicy\/\" \/>\n<meta property=\"og:locale\" content=\"en_GB\" \/>\n<meta property=\"og:type\" content=\"article\" \/>\n<meta property=\"og:title\" content=\"Jakie atrakcje i ciekawostki skrywa Wi\u015blica? - NID\" \/>\n<meta property=\"og:description\" content=\"Samochodem prawdopodobnie przejedziecie j\u0105 w nieca\u0142\u0105 minut\u0119, gdy\u017c jest jednym z najmniejszych miast w Polsce. Nie przeszkadza to jednak Wi\u015blicy, b\u0119d\u0105cej jednym z pomnik\u00f3w historii, ze swoj\u0105 bogat\u0105 histori\u0105 i [&hellip;]\" \/>\n<meta property=\"og:url\" content=\"https:\/\/nid.pl\/en\/2024\/05\/17\/atrakcje-i-ciekawostki-wislicy\/\" \/>\n<meta property=\"og:site_name\" content=\"NID\" \/>\n<meta property=\"article:publisher\" content=\"https:\/\/www.facebook.com\/zabytek\" \/>\n<meta property=\"article:published_time\" content=\"2024-05-17T11:49:11+00:00\" \/>\n<meta property=\"article:modified_time\" content=\"2024-05-17T12:51:21+00:00\" \/>\n<meta property=\"og:image\" content=\"https:\/\/nid.pl\/wp-content\/uploads\/2024\/05\/miniaturka-WIslica.jpg\" \/>\n\t<meta property=\"og:image:width\" content=\"1850\" \/>\n\t<meta property=\"og:image:height\" content=\"1238\" \/>\n\t<meta property=\"og:image:type\" content=\"image\/jpeg\" \/>\n<meta name=\"author\" content=\"Barbara Halliop\" \/>\n<meta name=\"twitter:card\" content=\"summary_large_image\" \/>\n<meta name=\"twitter:creator\" content=\"@NarIDpl\" \/>\n<meta name=\"twitter:site\" content=\"@NarIDpl\" \/>\n<meta name=\"twitter:label1\" content=\"Written by\" \/>\n\t<meta name=\"twitter:data1\" content=\"Barbara Halliop\" \/>\n\t<meta name=\"twitter:label2\" content=\"Estimated reading time\" \/>\n\t<meta name=\"twitter:data2\" content=\"10 minutes\" \/>\n<script type=\"application\/ld+json\" class=\"yoast-schema-graph\">{\"@context\":\"https:\/\/schema.org\",\"@graph\":[{\"@type\":\"Article\",\"@id\":\"https:\/\/nid.pl\/2024\/05\/17\/atrakcje-i-ciekawostki-wislicy\/#article\",\"isPartOf\":{\"@id\":\"https:\/\/nid.pl\/2024\/05\/17\/atrakcje-i-ciekawostki-wislicy\/\"},\"author\":{\"name\":\"Barbara Halliop\",\"@id\":\"https:\/\/nid.pl\/#\/schema\/person\/1b690a8998a5111cfb9f0ffe24195a15\"},\"headline\":\"Jakie atrakcje i ciekawostki skrywa Wi\u015blica?\",\"datePublished\":\"2024-05-17T11:49:11+00:00\",\"dateModified\":\"2024-05-17T12:51:21+00:00\",\"mainEntityOfPage\":{\"@id\":\"https:\/\/nid.pl\/2024\/05\/17\/atrakcje-i-ciekawostki-wislicy\/\"},\"wordCount\":1541,\"publisher\":{\"@id\":\"https:\/\/nid.pl\/#organization\"},\"image\":{\"@id\":\"https:\/\/nid.pl\/2024\/05\/17\/atrakcje-i-ciekawostki-wislicy\/#primaryimage\"},\"thumbnailUrl\":\"https:\/\/nid.pl\/wp-content\/uploads\/2024\/05\/miniaturka-WIslica.jpg\",\"articleSection\":[\"Aktualno\u015bci\"],\"inLanguage\":\"en-GB\"},{\"@type\":\"WebPage\",\"@id\":\"https:\/\/nid.pl\/2024\/05\/17\/atrakcje-i-ciekawostki-wislicy\/\",\"url\":\"https:\/\/nid.pl\/2024\/05\/17\/atrakcje-i-ciekawostki-wislicy\/\",\"name\":\"Jakie atrakcje i ciekawostki skrywa Wi\u015blica? - NID\",\"isPartOf\":{\"@id\":\"https:\/\/nid.pl\/#website\"},\"primaryImageOfPage\":{\"@id\":\"https:\/\/nid.pl\/2024\/05\/17\/atrakcje-i-ciekawostki-wislicy\/#primaryimage\"},\"image\":{\"@id\":\"https:\/\/nid.pl\/2024\/05\/17\/atrakcje-i-ciekawostki-wislicy\/#primaryimage\"},\"thumbnailUrl\":\"https:\/\/nid.pl\/wp-content\/uploads\/2024\/05\/miniaturka-WIslica.jpg\",\"datePublished\":\"2024-05-17T11:49:11+00:00\",\"dateModified\":\"2024-05-17T12:51:21+00:00\",\"breadcrumb\":{\"@id\":\"https:\/\/nid.pl\/2024\/05\/17\/atrakcje-i-ciekawostki-wislicy\/#breadcrumb\"},\"inLanguage\":\"en-GB\",\"potentialAction\":[{\"@type\":\"ReadAction\",\"target\":[\"https:\/\/nid.pl\/2024\/05\/17\/atrakcje-i-ciekawostki-wislicy\/\"]}]},{\"@type\":\"ImageObject\",\"inLanguage\":\"en-GB\",\"@id\":\"https:\/\/nid.pl\/2024\/05\/17\/atrakcje-i-ciekawostki-wislicy\/#primaryimage\",\"url\":\"https:\/\/nid.pl\/wp-content\/uploads\/2024\/05\/miniaturka-WIslica.jpg\",\"contentUrl\":\"https:\/\/nid.pl\/wp-content\/uploads\/2024\/05\/miniaturka-WIslica.jpg\",\"width\":1850,\"height\":1238,\"caption\":\"Wi\u015blica, fot. NID\"},{\"@type\":\"BreadcrumbList\",\"@id\":\"https:\/\/nid.pl\/2024\/05\/17\/atrakcje-i-ciekawostki-wislicy\/#breadcrumb\",\"itemListElement\":[{\"@type\":\"ListItem\",\"position\":1,\"name\":\"Home\",\"item\":\"https:\/\/nid.pl\/\"},{\"@type\":\"ListItem\",\"position\":2,\"name\":\"Jakie atrakcje i ciekawostki skrywa Wi\u015blica?\"}]},{\"@type\":\"WebSite\",\"@id\":\"https:\/\/nid.pl\/#website\",\"url\":\"https:\/\/nid.pl\/\",\"name\":\"NID\",\"description\":\"Narodowy Instytut Dziedzictwa\",\"publisher\":{\"@id\":\"https:\/\/nid.pl\/#organization\"},\"potentialAction\":[{\"@type\":\"SearchAction\",\"target\":{\"@type\":\"EntryPoint\",\"urlTemplate\":\"https:\/\/nid.pl\/?s={search_term_string}\"},\"query-input\":{\"@type\":\"PropertyValueSpecification\",\"valueRequired\":true,\"valueName\":\"search_term_string\"}}],\"inLanguage\":\"en-GB\"},{\"@type\":\"Organization\",\"@id\":\"https:\/\/nid.pl\/#organization\",\"name\":\"Narodowy Instytut Dziedzictwa\",\"url\":\"https:\/\/nid.pl\/\",\"logo\":{\"@type\":\"ImageObject\",\"inLanguage\":\"en-GB\",\"@id\":\"https:\/\/nid.pl\/#\/schema\/logo\/image\/\",\"url\":\"https:\/\/nid.pl\/wp-content\/uploads\/2022\/10\/logoRedDark.png\",\"contentUrl\":\"https:\/\/nid.pl\/wp-content\/uploads\/2022\/10\/logoRedDark.png\",\"width\":200,\"height\":197,\"caption\":\"Narodowy Instytut Dziedzictwa\"},\"image\":{\"@id\":\"https:\/\/nid.pl\/#\/schema\/logo\/image\/\"},\"sameAs\":[\"https:\/\/www.facebook.com\/zabytek\",\"https:\/\/x.com\/NarIDpl\",\"https:\/\/www.instagram.com\/nid.pl\/?hl=pl\",\"https:\/\/www.linkedin.com\/company\/narodowy-instytut-dziedzictwa\",\"https:\/\/www.youtube.com\/channel\/UCQXuhKa2uHtmNvLRUSx40JA\"]},{\"@type\":\"Person\",\"@id\":\"https:\/\/nid.pl\/#\/schema\/person\/1b690a8998a5111cfb9f0ffe24195a15\",\"name\":\"Barbara Halliop\",\"image\":{\"@type\":\"ImageObject\",\"inLanguage\":\"en-GB\",\"@id\":\"https:\/\/nid.pl\/#\/schema\/person\/image\/\",\"url\":\"https:\/\/nid.pl\/wp-content\/litespeed\/avatar\/924046d17dd0c842c9fa9ccf489bc6dc.jpg?ver=1777444967\",\"contentUrl\":\"https:\/\/nid.pl\/wp-content\/litespeed\/avatar\/924046d17dd0c842c9fa9ccf489bc6dc.jpg?ver=1777444967\",\"caption\":\"Barbara Halliop\"},\"url\":\"https:\/\/nid.pl\/en\/author\/bhalliop\/\"}]}<\/script>\n<!-- \/ Yoast SEO plugin. -->","yoast_head_json":{"title":"Jakie atrakcje i ciekawostki skrywa Wi\u015blica? - NID","robots":{"index":"index","follow":"follow","max-snippet":"max-snippet:-1","max-image-preview":"max-image-preview:large","max-video-preview":"max-video-preview:-1"},"canonical":"https:\/\/nid.pl\/en\/2024\/05\/17\/atrakcje-i-ciekawostki-wislicy\/","og_locale":"en_GB","og_type":"article","og_title":"Jakie atrakcje i ciekawostki skrywa Wi\u015blica? - NID","og_description":"Samochodem prawdopodobnie przejedziecie j\u0105 w nieca\u0142\u0105 minut\u0119, gdy\u017c jest jednym z najmniejszych miast w Polsce. Nie przeszkadza to jednak Wi\u015blicy, b\u0119d\u0105cej jednym z pomnik\u00f3w historii, ze swoj\u0105 bogat\u0105 histori\u0105 i [&hellip;]","og_url":"https:\/\/nid.pl\/en\/2024\/05\/17\/atrakcje-i-ciekawostki-wislicy\/","og_site_name":"NID","article_publisher":"https:\/\/www.facebook.com\/zabytek","article_published_time":"2024-05-17T11:49:11+00:00","article_modified_time":"2024-05-17T12:51:21+00:00","og_image":[{"width":1850,"height":1238,"url":"https:\/\/nid.pl\/wp-content\/uploads\/2024\/05\/miniaturka-WIslica.jpg","type":"image\/jpeg"}],"author":"Barbara Halliop","twitter_card":"summary_large_image","twitter_creator":"@NarIDpl","twitter_site":"@NarIDpl","twitter_misc":{"Written by":"Barbara Halliop","Estimated reading time":"10 minutes"},"schema":{"@context":"https:\/\/schema.org","@graph":[{"@type":"Article","@id":"https:\/\/nid.pl\/2024\/05\/17\/atrakcje-i-ciekawostki-wislicy\/#article","isPartOf":{"@id":"https:\/\/nid.pl\/2024\/05\/17\/atrakcje-i-ciekawostki-wislicy\/"},"author":{"name":"Barbara Halliop","@id":"https:\/\/nid.pl\/#\/schema\/person\/1b690a8998a5111cfb9f0ffe24195a15"},"headline":"Jakie atrakcje i ciekawostki skrywa Wi\u015blica?","datePublished":"2024-05-17T11:49:11+00:00","dateModified":"2024-05-17T12:51:21+00:00","mainEntityOfPage":{"@id":"https:\/\/nid.pl\/2024\/05\/17\/atrakcje-i-ciekawostki-wislicy\/"},"wordCount":1541,"publisher":{"@id":"https:\/\/nid.pl\/#organization"},"image":{"@id":"https:\/\/nid.pl\/2024\/05\/17\/atrakcje-i-ciekawostki-wislicy\/#primaryimage"},"thumbnailUrl":"https:\/\/nid.pl\/wp-content\/uploads\/2024\/05\/miniaturka-WIslica.jpg","articleSection":["Aktualno\u015bci"],"inLanguage":"en-GB"},{"@type":"WebPage","@id":"https:\/\/nid.pl\/2024\/05\/17\/atrakcje-i-ciekawostki-wislicy\/","url":"https:\/\/nid.pl\/2024\/05\/17\/atrakcje-i-ciekawostki-wislicy\/","name":"Jakie atrakcje i ciekawostki skrywa Wi\u015blica? - NID","isPartOf":{"@id":"https:\/\/nid.pl\/#website"},"primaryImageOfPage":{"@id":"https:\/\/nid.pl\/2024\/05\/17\/atrakcje-i-ciekawostki-wislicy\/#primaryimage"},"image":{"@id":"https:\/\/nid.pl\/2024\/05\/17\/atrakcje-i-ciekawostki-wislicy\/#primaryimage"},"thumbnailUrl":"https:\/\/nid.pl\/wp-content\/uploads\/2024\/05\/miniaturka-WIslica.jpg","datePublished":"2024-05-17T11:49:11+00:00","dateModified":"2024-05-17T12:51:21+00:00","breadcrumb":{"@id":"https:\/\/nid.pl\/2024\/05\/17\/atrakcje-i-ciekawostki-wislicy\/#breadcrumb"},"inLanguage":"en-GB","potentialAction":[{"@type":"ReadAction","target":["https:\/\/nid.pl\/2024\/05\/17\/atrakcje-i-ciekawostki-wislicy\/"]}]},{"@type":"ImageObject","inLanguage":"en-GB","@id":"https:\/\/nid.pl\/2024\/05\/17\/atrakcje-i-ciekawostki-wislicy\/#primaryimage","url":"https:\/\/nid.pl\/wp-content\/uploads\/2024\/05\/miniaturka-WIslica.jpg","contentUrl":"https:\/\/nid.pl\/wp-content\/uploads\/2024\/05\/miniaturka-WIslica.jpg","width":1850,"height":1238,"caption":"Wi\u015blica, fot. NID"},{"@type":"BreadcrumbList","@id":"https:\/\/nid.pl\/2024\/05\/17\/atrakcje-i-ciekawostki-wislicy\/#breadcrumb","itemListElement":[{"@type":"ListItem","position":1,"name":"Home","item":"https:\/\/nid.pl\/"},{"@type":"ListItem","position":2,"name":"Jakie atrakcje i ciekawostki skrywa Wi\u015blica?"}]},{"@type":"WebSite","@id":"https:\/\/nid.pl\/#website","url":"https:\/\/nid.pl\/","name":"NID","description":"Narodowy Instytut Dziedzictwa","publisher":{"@id":"https:\/\/nid.pl\/#organization"},"potentialAction":[{"@type":"SearchAction","target":{"@type":"EntryPoint","urlTemplate":"https:\/\/nid.pl\/?s={search_term_string}"},"query-input":{"@type":"PropertyValueSpecification","valueRequired":true,"valueName":"search_term_string"}}],"inLanguage":"en-GB"},{"@type":"Organization","@id":"https:\/\/nid.pl\/#organization","name":"Narodowy Instytut Dziedzictwa","url":"https:\/\/nid.pl\/","logo":{"@type":"ImageObject","inLanguage":"en-GB","@id":"https:\/\/nid.pl\/#\/schema\/logo\/image\/","url":"https:\/\/nid.pl\/wp-content\/uploads\/2022\/10\/logoRedDark.png","contentUrl":"https:\/\/nid.pl\/wp-content\/uploads\/2022\/10\/logoRedDark.png","width":200,"height":197,"caption":"Narodowy Instytut Dziedzictwa"},"image":{"@id":"https:\/\/nid.pl\/#\/schema\/logo\/image\/"},"sameAs":["https:\/\/www.facebook.com\/zabytek","https:\/\/x.com\/NarIDpl","https:\/\/www.instagram.com\/nid.pl\/?hl=pl","https:\/\/www.linkedin.com\/company\/narodowy-instytut-dziedzictwa","https:\/\/www.youtube.com\/channel\/UCQXuhKa2uHtmNvLRUSx40JA"]},{"@type":"Person","@id":"https:\/\/nid.pl\/#\/schema\/person\/1b690a8998a5111cfb9f0ffe24195a15","name":"Barbara Halliop","image":{"@type":"ImageObject","inLanguage":"en-GB","@id":"https:\/\/nid.pl\/#\/schema\/person\/image\/","url":"https:\/\/nid.pl\/wp-content\/litespeed\/avatar\/924046d17dd0c842c9fa9ccf489bc6dc.jpg?ver=1777444967","contentUrl":"https:\/\/nid.pl\/wp-content\/litespeed\/avatar\/924046d17dd0c842c9fa9ccf489bc6dc.jpg?ver=1777444967","caption":"Barbara Halliop"},"url":"https:\/\/nid.pl\/en\/author\/bhalliop\/"}]}},"_links":{"self":[{"href":"https:\/\/nid.pl\/en\/wp-json\/wp\/v2\/posts\/19110","targetHints":{"allow":["GET"]}}],"collection":[{"href":"https:\/\/nid.pl\/en\/wp-json\/wp\/v2\/posts"}],"about":[{"href":"https:\/\/nid.pl\/en\/wp-json\/wp\/v2\/types\/post"}],"author":[{"embeddable":true,"href":"https:\/\/nid.pl\/en\/wp-json\/wp\/v2\/users\/7"}],"replies":[{"embeddable":true,"href":"https:\/\/nid.pl\/en\/wp-json\/wp\/v2\/comments?post=19110"}],"version-history":[{"count":0,"href":"https:\/\/nid.pl\/en\/wp-json\/wp\/v2\/posts\/19110\/revisions"}],"wp:featuredmedia":[{"embeddable":true,"href":"https:\/\/nid.pl\/en\/wp-json\/wp\/v2\/media\/19121"}],"wp:attachment":[{"href":"https:\/\/nid.pl\/en\/wp-json\/wp\/v2\/media?parent=19110"}],"wp:term":[{"taxonomy":"category","embeddable":true,"href":"https:\/\/nid.pl\/en\/wp-json\/wp\/v2\/categories?post=19110"},{"taxonomy":"post_tag","embeddable":true,"href":"https:\/\/nid.pl\/en\/wp-json\/wp\/v2\/tags?post=19110"}],"curies":[{"name":"wp","href":"https:\/\/api.w.org\/{rel}","templated":true}]}}