{"id":19018,"date":"2024-05-14T11:56:55","date_gmt":"2024-05-14T09:56:55","guid":{"rendered":"https:\/\/nid.pl\/?p=19018"},"modified":"2024-05-14T13:21:45","modified_gmt":"2024-05-14T11:21:45","slug":"70-lecie-konwencji-o-ochronie-dk-w-razie-konfliktu-zbrojnego-z-14-maja-1954-roku","status":"publish","type":"post","link":"https:\/\/nid.pl\/en\/2024\/05\/14\/70-lecie-konwencji-o-ochronie-dk-w-razie-konfliktu-zbrojnego-z-14-maja-1954-roku\/","title":{"rendered":"70-lecie Konwencji o ochronie d\u00f3br kulturalnych w razie konfliktu zbrojnego z 14 maja 1954 roku"},"content":{"rendered":"<p><strong>Dzi\u015b mija 70 lat od podpisania w Hadze Konwencji o ochronie d\u00f3br kulturalnych w razie konfliktu zbrojnego. Dokument jest efektem podj\u0119tych dzia\u0142a\u0144 po II wojnie \u015bwiatowej, w celu stworzenia skuteczniejszego systemu ochrony dziedzictwa kulturowego na wypadek wojny. Niestety temat pozostaje aktualny, w wyniku kolejnych konflikt\u00f3w zbrojnych tracimy bezcenne dziedzictwo. Cz\u0119sto niszczone w spos\u00f3b celowy, w ramach wojny kulturowej. Od 2022 roku Narodowy Instytut Dziedzictwa prowadzi na Ukrainie projekt identyfikacji i dokumentacji zbrodni na dziedzictwie, w ramach dzia\u0142alno\u015bci powo\u0142anego Centrum Pomocy dla Kultury na Ukrainie.<\/strong><\/p>\n\n\n\n<p><strong>Konwencja o ochronie d\u00f3br kulturalnych w razie konfliktu zbrojnego<\/strong><\/p>\n\n\n\n<p>Konwencja o ochronie d\u00f3br kulturalnych w razie konfliktu zbrojnego zosta\u0142a podpisana podczas mi\u0119dzynarodowej konferencji, odbywaj\u0105cej si\u0119 od 21 kwietnia do 14 maja 1954 roku w Hadze, wraz z innymi dokumentami:<\/p>\n\n\n\n<ul class=\"wp-block-list\">\n<li>Regulaminem wykonawczym do tej Konwencji;<\/li>\n\n\n\n<li>Protoko\u0142em dotycz\u0105cym Konwencji o ochronie d\u00f3br kulturalnych w razie konfliktu zbrojnego.<\/li>\n<\/ul>\n\n\n\n<p>Konwencja stanowi akt ko\u0144cowy konferencji zwo\u0142anej przez Organizacj\u0119 Narod\u00f3w Zjednoczonych dla Wychowania, Nauki i Kultury.<\/p>\n\n\n\n<p>Konwencja wprowadzi\u0142a nakaz powstrzymywania si\u0119 stron uczestnicz\u0105cych w konflikcie zbrojnym od \u015bwiadomego niszczenia, dewastacji, bezprawnego przyw\u0142aszczania oraz stosowania jakichkolwiek \u015brodk\u00f3w odwetu skierowanych przeciwko dobrom kultury. Wyr\u00f3\u017cnione zosta\u0142y dwa poziomy ochrony \u2013 w czasie pokoju i wojny.<\/p>\n\n\n\n<p>Konwencja o ochronie d\u00f3br kulturalnych w razie konfliktu zbrojnego zdefiniowa\u0142a tak\u017ce czym s\u0105 dobra kulturalne, bez wzgl\u0119du na ich pochodzenie oraz na osob\u0119 ich w\u0142a\u015bciciela. S\u0105 to:<\/p>\n\n\n\n<p>\u201ea) dobra ruchome lub nieruchome, kt\u00f3re posiadaj\u0105 wielk\u0105 wag\u0119 dla dziedzictwa kulturalnego narodu, na przyk\u0142ad zabytki architektury, sztuki lub historii, zar\u00f3wno religijne, jak \u015bwieckie; stanowiska archeologiczne; zespo\u0142y budowlane posiadaj\u0105ce jako takie znaczenie historyczne lub artystyczne; dzie\u0142a sztuki, r\u0119kopisy, ksi\u0105\u017cki i inne przedmioty o znaczeniu artystycznym, historycznym lub archeologicznym, jak r\u00f3wnie\u017c zbiory naukowe i powa\u017cne zbiory ksi\u0105\u017cek, archiwali\u00f3w lub reprodukcyj wy\u017cej okre\u015blonych d\u00f3br;<\/p>\n\n\n\n<p>b) gmachy, kt\u00f3rych zasadniczym i stosowanym w praktyce przeznaczeniem jest przechowywanie lub wystawianie d\u00f3br kulturalnych ruchomych, okre\u015blonych pod lit. a), na przyk\u0142ad muzea, wielkie biblioteki, sk\u0142adnice archiwalne, jak r\u00f3wnie\u017c schrony maj\u0105ce na celu przechowywanie w razie konfliktu zbrojnego, d\u00f3br kulturalnych ruchomych, okre\u015blonych pod lit. a);<\/p>\n\n\n\n<p>c) o\u015brodki obejmuj\u0105ce znaczn\u0105 ilo\u015b\u0107 d\u00f3br kulturalnych okre\u015blonych pod lit. a) i b), zwane w dalszym ci\u0105gu &#8220;o\u015brodkami zabytkowymi&#8221;.\u201d (Dz. U. 1957, Nr 46, poz. 212, art. 1).<\/p>\n\n\n\n<p>W rozumieniu Konwencji, ochrona d\u00f3br kulturalnych obejmuje opiek\u0119 nad nimi oraz ich poszanowanie. Dokument informuje tak\u017ce o ochronie specjalnej, kt\u00f3r\u0105 mo\u017ce by\u0107 obj\u0119ta \u201eograniczona ilo\u015b\u0107 schron\u00f3w przeznaczonych do przechowywania d\u00f3br kulturalnych ruchomych w razie konfliktu zbrojnego oraz o\u015brodk\u00f3w zabytkowych i innych d\u00f3br kulturalnych nieruchomych o bardzo wielkim znaczeniu, pod warunkiem, \u017ce:<\/p>\n\n\n\n<p>a) znajduj\u0105 si\u0119 w dostatecznej odleg\u0142o\u015bci od wielkich o\u015brodk\u00f3w przemys\u0142owych oraz od wszelkich wa\u017cnych obiekt\u00f3w wojskowych stanowi\u0105cych punkty wra\u017cliwe, jak na przyk\u0142ad lotnisk, radiowych stacyj nadawczych, zak\u0142ad\u00f3w pracuj\u0105cych na rzecz obrony narodowej, port\u00f3w lub dworc\u00f3w kolejowych o pewnym znaczeniu, jak r\u00f3wnie\u017c wielkich linij komunikacyjnych;<\/p>\n\n\n\n<p>b) nie s\u0105 u\u017cytkowane do cel\u00f3w wojskowych.\u201d (Dz. U. 1957, Nr 46, poz. 212, art. 8).<\/p>\n\n\n\n<p>Wa\u017cn\u0105 rol\u0119 w rozwoju mi\u0119dzynarodowej ochrony d\u00f3br kultury i przyj\u0119ciu konwencji z 1954 r. odegra\u0142 przedstawiciel Polski \u2013 prof. Jan Zachwatowicz, kt\u00f3ry jest autorem \u00a0projektu na znak graficzny s\u0142u\u017c\u0105cy do oznaczania obiekt\u00f3w dziedzictwa, aby zapewni\u0107 im ochron\u0119 przed atakiem w razie konfliktu zbrojnego. Zwyci\u0119ska praca polskiego tw\u00f3rcy to znana dzisiaj na ca\u0142ym \u015bwiecie tzw. B\u0142\u0119kitna Tarcza.<\/p>\n\n\n\n<p><\/p>\n\n\n\n<figure class=\"wp-block-image aligncenter size-large is-resized\"><img loading=\"lazy\" decoding=\"async\" width=\"1024\" height=\"683\" src=\"https:\/\/nid.pl\/wp-content\/uploads\/2024\/05\/Zakroczymska_2_tablicaa-zrodlo-Wikipedia-1024x683.jpg\" alt=\"\" class=\"wp-image-19022\" style=\"width:555px;height:auto\" srcset=\"https:\/\/nid.pl\/wp-content\/uploads\/2024\/05\/Zakroczymska_2_tablicaa-zrodlo-Wikipedia-980x653.jpg 980w, https:\/\/nid.pl\/wp-content\/uploads\/2024\/05\/Zakroczymska_2_tablicaa-zrodlo-Wikipedia-480x320.jpg 480w\" sizes=\"(min-width: 0px) and (max-width: 480px) 480px, (min-width: 481px) and (max-width: 980px) 980px, (min-width: 981px) 1024px, 100vw\" \/><figcaption class=\"wp-element-caption\">tarcza Zachwatowicza, ul. Zakroczymska 2, \u017ar\u00f3d\u0142o Wikipedia<\/figcaption><\/figure>\n\n\n\n<p><strong>Centrum Pomocy dla Kultury na Ukrainie<\/strong><\/p>\n\n\n\n<p>Zapisy Konwencji o ochronie d\u00f3br kulturalnych w razie konfliktu zbrojnego s\u0105 dzisiaj szczeg\u00f3lnie wa\u017cne, w kontek\u015bcie aktualnej sytuacji za nasz\u0105 wschodni\u0105 granic\u0105. Warto przy jubileuszu 70-lecia Konwencji wspomnie\u0107 o Centrum Pomocy dla Kultury na Ukrainie, kt\u00f3re powsta\u0142o w ramach struktury Narodowego Instytutu Dziedzictwa. Zadaniem&nbsp; Centrum jest koordynowanie pomocy na rzecz ratowania ukrai\u0144skiego dziedzictwa kulturowego zagro\u017conego dzia\u0142aniami wojennymi. Od pierwszych dni wojny Centrum prowadzi dzia\u0142ania pomagaj\u0105ce chroni\u0107 instytucje kultury i ich zasoby przed skutkami rosyjskiej agresji. Jednym z realizowanych zada\u0144 jest gromadzenie informacji na temat zniszcze\u0144 ukrai\u0144skiego dziedzictwa kulturowego oraz strat poniesionych przez muzea, biblioteki i archiwa. Wiedza na ten temat jest upowszechniana przez pracownik\u00f3w Centrum w szczeg\u00f3lno\u015bci na gremiach mi\u0119dzynarodowych. Zwracaj\u0105c uwag\u0119 na zorganizowane niszczenie ukrai\u0144skiego dziedzictwa, dewastacj\u0119 stanowisk archeologicznych, grabie\u017c eksponat\u00f3w i w nast\u0119pstwie \u2013 nielegalny handel nimi, podkre\u015blamy, \u017ce ukrai\u0144ski dorobek kulturalny jest integralnym elementem dziedzictwa \u015bwiatowego nie tylko w zakresie kultury materialnej (w tym obiekt\u00f3w wpisanych na List\u0119 \u015bwiatowego dziedzictwa UNESCO), ale tak\u017ce \u2013 niematerialnej, a jego utrata by\u0142aby niepowetowan\u0105 strat\u0105 dla przysz\u0142ych pokole\u0144.<\/p>\n\n\n\n<p>Wi\u0119cej na temat zniszcze\u0144 oraz dzia\u0142alno\u015bci CPKU udost\u0119pniamy w raporcie \u201eOcali\u0107 dziedzictwo Ukrainy\u201d.<\/p>\n\n\n\n<p><\/p>\n\n\n\n<figure class=\"wp-block-image aligncenter size-large is-resized\"><a href=\"https:\/\/ksiegarnia.nid.pl\/wp-content\/uploads\/2024\/02\/Ocalic-dziedzictwo-Ukrainy-Raport-CPKU-2023.pdf\"><img loading=\"lazy\" decoding=\"async\" width=\"1004\" height=\"1024\" src=\"https:\/\/nid.pl\/wp-content\/uploads\/2024\/05\/70-lecie-Konewncji-Haskiej_miniaturka-1004x1024.jpg\" alt=\"\" class=\"wp-image-19021\" style=\"width:607px;height:auto\" srcset=\"https:\/\/nid.pl\/wp-content\/uploads\/2024\/05\/70-lecie-Konewncji-Haskiej_miniaturka-980x999.jpg 980w, https:\/\/nid.pl\/wp-content\/uploads\/2024\/05\/70-lecie-Konewncji-Haskiej_miniaturka-480x489.jpg 480w\" sizes=\"(min-width: 0px) and (max-width: 480px) 480px, (min-width: 481px) and (max-width: 980px) 980px, (min-width: 981px) 1004px, 100vw\" \/><\/a><\/figure>\n\n\n\n<p><\/p>","protected":false},"excerpt":{"rendered":"<p>Dzi\u015b mija 70 lat od podpisania w Hadze Konwencji o ochronie d\u00f3br kulturalnych w razie konfliktu zbrojnego. Dokument jest efektem podj\u0119tych dzia\u0142a\u0144 po II wojnie \u015bwiatowej, w celu stworzenia skuteczniejszego [&hellip;]<\/p>","protected":false},"author":7,"featured_media":19023,"comment_status":"closed","ping_status":"closed","sticky":false,"template":"","format":"standard","meta":{"_et_pb_use_builder":"off","_et_pb_old_content":"","_et_gb_content_width":"","_monsterinsights_skip_tracking":false,"_monsterinsights_sitenote_active":false,"_monsterinsights_sitenote_note":"","_monsterinsights_sitenote_category":0,"footnotes":""},"categories":[3],"tags":[],"class_list":["post-19018","post","type-post","status-publish","format-standard","has-post-thumbnail","hentry","category-aktualnosci"],"yoast_head":"<!-- This site is optimized with the Yoast SEO plugin v26.5 - https:\/\/yoast.com\/wordpress\/plugins\/seo\/ -->\n<title>70-lecie Konwencji o ochronie d\u00f3br kulturalnych w razie konfliktu zbrojnego z 14 maja 1954 roku - NID<\/title>\n<meta name=\"robots\" content=\"index, follow, max-snippet:-1, max-image-preview:large, max-video-preview:-1\" \/>\n<link rel=\"canonical\" href=\"https:\/\/nid.pl\/en\/2024\/05\/14\/70-lecie-konwencji-o-ochronie-dk-w-razie-konfliktu-zbrojnego-z-14-maja-1954-roku\/\" \/>\n<meta property=\"og:locale\" content=\"en_GB\" \/>\n<meta property=\"og:type\" content=\"article\" \/>\n<meta property=\"og:title\" content=\"70-lecie Konwencji o ochronie d\u00f3br kulturalnych w razie konfliktu zbrojnego z 14 maja 1954 roku - NID\" \/>\n<meta property=\"og:description\" content=\"Dzi\u015b mija 70 lat od podpisania w Hadze Konwencji o ochronie d\u00f3br kulturalnych w razie konfliktu zbrojnego. Dokument jest efektem podj\u0119tych dzia\u0142a\u0144 po II wojnie \u015bwiatowej, w celu stworzenia skuteczniejszego [&hellip;]\" \/>\n<meta property=\"og:url\" content=\"https:\/\/nid.pl\/en\/2024\/05\/14\/70-lecie-konwencji-o-ochronie-dk-w-razie-konfliktu-zbrojnego-z-14-maja-1954-roku\/\" \/>\n<meta property=\"og:site_name\" content=\"NID\" \/>\n<meta property=\"article:publisher\" content=\"https:\/\/www.facebook.com\/zabytek\" \/>\n<meta property=\"article:published_time\" content=\"2024-05-14T09:56:55+00:00\" \/>\n<meta property=\"article:modified_time\" content=\"2024-05-14T11:21:45+00:00\" \/>\n<meta property=\"og:image\" content=\"https:\/\/nid.pl\/wp-content\/uploads\/2024\/05\/miniaturka-AKTUALNOSCI-NID12.jpg\" \/>\n\t<meta property=\"og:image:width\" content=\"1850\" \/>\n\t<meta property=\"og:image:height\" content=\"1238\" \/>\n\t<meta property=\"og:image:type\" content=\"image\/jpeg\" \/>\n<meta name=\"author\" content=\"Barbara Halliop\" \/>\n<meta name=\"twitter:card\" content=\"summary_large_image\" \/>\n<meta name=\"twitter:creator\" content=\"@NarIDpl\" \/>\n<meta name=\"twitter:site\" content=\"@NarIDpl\" \/>\n<meta name=\"twitter:label1\" content=\"Written by\" \/>\n\t<meta name=\"twitter:data1\" content=\"Barbara Halliop\" \/>\n\t<meta name=\"twitter:label2\" content=\"Estimated reading time\" \/>\n\t<meta name=\"twitter:data2\" content=\"5 minutes\" \/>\n<script type=\"application\/ld+json\" class=\"yoast-schema-graph\">{\"@context\":\"https:\/\/schema.org\",\"@graph\":[{\"@type\":\"Article\",\"@id\":\"https:\/\/nid.pl\/2024\/05\/14\/70-lecie-konwencji-o-ochronie-dk-w-razie-konfliktu-zbrojnego-z-14-maja-1954-roku\/#article\",\"isPartOf\":{\"@id\":\"https:\/\/nid.pl\/2024\/05\/14\/70-lecie-konwencji-o-ochronie-dk-w-razie-konfliktu-zbrojnego-z-14-maja-1954-roku\/\"},\"author\":{\"name\":\"Barbara Halliop\",\"@id\":\"https:\/\/nid.pl\/#\/schema\/person\/1b690a8998a5111cfb9f0ffe24195a15\"},\"headline\":\"70-lecie Konwencji o ochronie d\u00f3br kulturalnych w razie konfliktu zbrojnego z 14 maja 1954 roku\",\"datePublished\":\"2024-05-14T09:56:55+00:00\",\"dateModified\":\"2024-05-14T11:21:45+00:00\",\"mainEntityOfPage\":{\"@id\":\"https:\/\/nid.pl\/2024\/05\/14\/70-lecie-konwencji-o-ochronie-dk-w-razie-konfliktu-zbrojnego-z-14-maja-1954-roku\/\"},\"wordCount\":842,\"publisher\":{\"@id\":\"https:\/\/nid.pl\/#organization\"},\"image\":{\"@id\":\"https:\/\/nid.pl\/2024\/05\/14\/70-lecie-konwencji-o-ochronie-dk-w-razie-konfliktu-zbrojnego-z-14-maja-1954-roku\/#primaryimage\"},\"thumbnailUrl\":\"https:\/\/nid.pl\/wp-content\/uploads\/2024\/05\/miniaturka-AKTUALNOSCI-NID12.jpg\",\"articleSection\":[\"Aktualno\u015bci\"],\"inLanguage\":\"en-GB\"},{\"@type\":\"WebPage\",\"@id\":\"https:\/\/nid.pl\/2024\/05\/14\/70-lecie-konwencji-o-ochronie-dk-w-razie-konfliktu-zbrojnego-z-14-maja-1954-roku\/\",\"url\":\"https:\/\/nid.pl\/2024\/05\/14\/70-lecie-konwencji-o-ochronie-dk-w-razie-konfliktu-zbrojnego-z-14-maja-1954-roku\/\",\"name\":\"70-lecie Konwencji o ochronie d\u00f3br kulturalnych w razie konfliktu zbrojnego z 14 maja 1954 roku - NID\",\"isPartOf\":{\"@id\":\"https:\/\/nid.pl\/#website\"},\"primaryImageOfPage\":{\"@id\":\"https:\/\/nid.pl\/2024\/05\/14\/70-lecie-konwencji-o-ochronie-dk-w-razie-konfliktu-zbrojnego-z-14-maja-1954-roku\/#primaryimage\"},\"image\":{\"@id\":\"https:\/\/nid.pl\/2024\/05\/14\/70-lecie-konwencji-o-ochronie-dk-w-razie-konfliktu-zbrojnego-z-14-maja-1954-roku\/#primaryimage\"},\"thumbnailUrl\":\"https:\/\/nid.pl\/wp-content\/uploads\/2024\/05\/miniaturka-AKTUALNOSCI-NID12.jpg\",\"datePublished\":\"2024-05-14T09:56:55+00:00\",\"dateModified\":\"2024-05-14T11:21:45+00:00\",\"breadcrumb\":{\"@id\":\"https:\/\/nid.pl\/2024\/05\/14\/70-lecie-konwencji-o-ochronie-dk-w-razie-konfliktu-zbrojnego-z-14-maja-1954-roku\/#breadcrumb\"},\"inLanguage\":\"en-GB\",\"potentialAction\":[{\"@type\":\"ReadAction\",\"target\":[\"https:\/\/nid.pl\/2024\/05\/14\/70-lecie-konwencji-o-ochronie-dk-w-razie-konfliktu-zbrojnego-z-14-maja-1954-roku\/\"]}]},{\"@type\":\"ImageObject\",\"inLanguage\":\"en-GB\",\"@id\":\"https:\/\/nid.pl\/2024\/05\/14\/70-lecie-konwencji-o-ochronie-dk-w-razie-konfliktu-zbrojnego-z-14-maja-1954-roku\/#primaryimage\",\"url\":\"https:\/\/nid.pl\/wp-content\/uploads\/2024\/05\/miniaturka-AKTUALNOSCI-NID12.jpg\",\"contentUrl\":\"https:\/\/nid.pl\/wp-content\/uploads\/2024\/05\/miniaturka-AKTUALNOSCI-NID12.jpg\",\"width\":1850,\"height\":1238,\"caption\":\"70-lecie Konwencji Haskiej\"},{\"@type\":\"BreadcrumbList\",\"@id\":\"https:\/\/nid.pl\/2024\/05\/14\/70-lecie-konwencji-o-ochronie-dk-w-razie-konfliktu-zbrojnego-z-14-maja-1954-roku\/#breadcrumb\",\"itemListElement\":[{\"@type\":\"ListItem\",\"position\":1,\"name\":\"Home\",\"item\":\"https:\/\/nid.pl\/\"},{\"@type\":\"ListItem\",\"position\":2,\"name\":\"70-lecie Konwencji o ochronie d\u00f3br kulturalnych w razie konfliktu zbrojnego z 14 maja 1954 roku\"}]},{\"@type\":\"WebSite\",\"@id\":\"https:\/\/nid.pl\/#website\",\"url\":\"https:\/\/nid.pl\/\",\"name\":\"NID\",\"description\":\"Narodowy Instytut Dziedzictwa\",\"publisher\":{\"@id\":\"https:\/\/nid.pl\/#organization\"},\"potentialAction\":[{\"@type\":\"SearchAction\",\"target\":{\"@type\":\"EntryPoint\",\"urlTemplate\":\"https:\/\/nid.pl\/?s={search_term_string}\"},\"query-input\":{\"@type\":\"PropertyValueSpecification\",\"valueRequired\":true,\"valueName\":\"search_term_string\"}}],\"inLanguage\":\"en-GB\"},{\"@type\":\"Organization\",\"@id\":\"https:\/\/nid.pl\/#organization\",\"name\":\"Narodowy Instytut Dziedzictwa\",\"url\":\"https:\/\/nid.pl\/\",\"logo\":{\"@type\":\"ImageObject\",\"inLanguage\":\"en-GB\",\"@id\":\"https:\/\/nid.pl\/#\/schema\/logo\/image\/\",\"url\":\"https:\/\/nid.pl\/wp-content\/uploads\/2022\/10\/logoRedDark.png\",\"contentUrl\":\"https:\/\/nid.pl\/wp-content\/uploads\/2022\/10\/logoRedDark.png\",\"width\":200,\"height\":197,\"caption\":\"Narodowy Instytut Dziedzictwa\"},\"image\":{\"@id\":\"https:\/\/nid.pl\/#\/schema\/logo\/image\/\"},\"sameAs\":[\"https:\/\/www.facebook.com\/zabytek\",\"https:\/\/x.com\/NarIDpl\",\"https:\/\/www.instagram.com\/nid.pl\/?hl=pl\",\"https:\/\/www.linkedin.com\/company\/narodowy-instytut-dziedzictwa\",\"https:\/\/www.youtube.com\/channel\/UCQXuhKa2uHtmNvLRUSx40JA\"]},{\"@type\":\"Person\",\"@id\":\"https:\/\/nid.pl\/#\/schema\/person\/1b690a8998a5111cfb9f0ffe24195a15\",\"name\":\"Barbara Halliop\",\"image\":{\"@type\":\"ImageObject\",\"inLanguage\":\"en-GB\",\"@id\":\"https:\/\/nid.pl\/#\/schema\/person\/image\/\",\"url\":\"https:\/\/nid.pl\/wp-content\/litespeed\/avatar\/924046d17dd0c842c9fa9ccf489bc6dc.jpg?ver=1777444967\",\"contentUrl\":\"https:\/\/nid.pl\/wp-content\/litespeed\/avatar\/924046d17dd0c842c9fa9ccf489bc6dc.jpg?ver=1777444967\",\"caption\":\"Barbara Halliop\"},\"url\":\"https:\/\/nid.pl\/en\/author\/bhalliop\/\"}]}<\/script>\n<!-- \/ Yoast SEO plugin. -->","yoast_head_json":{"title":"70-lecie Konwencji o ochronie d\u00f3br kulturalnych w razie konfliktu zbrojnego z 14 maja 1954 roku - NID","robots":{"index":"index","follow":"follow","max-snippet":"max-snippet:-1","max-image-preview":"max-image-preview:large","max-video-preview":"max-video-preview:-1"},"canonical":"https:\/\/nid.pl\/en\/2024\/05\/14\/70-lecie-konwencji-o-ochronie-dk-w-razie-konfliktu-zbrojnego-z-14-maja-1954-roku\/","og_locale":"en_GB","og_type":"article","og_title":"70-lecie Konwencji o ochronie d\u00f3br kulturalnych w razie konfliktu zbrojnego z 14 maja 1954 roku - NID","og_description":"Dzi\u015b mija 70 lat od podpisania w Hadze Konwencji o ochronie d\u00f3br kulturalnych w razie konfliktu zbrojnego. Dokument jest efektem podj\u0119tych dzia\u0142a\u0144 po II wojnie \u015bwiatowej, w celu stworzenia skuteczniejszego [&hellip;]","og_url":"https:\/\/nid.pl\/en\/2024\/05\/14\/70-lecie-konwencji-o-ochronie-dk-w-razie-konfliktu-zbrojnego-z-14-maja-1954-roku\/","og_site_name":"NID","article_publisher":"https:\/\/www.facebook.com\/zabytek","article_published_time":"2024-05-14T09:56:55+00:00","article_modified_time":"2024-05-14T11:21:45+00:00","og_image":[{"width":1850,"height":1238,"url":"https:\/\/nid.pl\/wp-content\/uploads\/2024\/05\/miniaturka-AKTUALNOSCI-NID12.jpg","type":"image\/jpeg"}],"author":"Barbara Halliop","twitter_card":"summary_large_image","twitter_creator":"@NarIDpl","twitter_site":"@NarIDpl","twitter_misc":{"Written by":"Barbara Halliop","Estimated reading time":"5 minutes"},"schema":{"@context":"https:\/\/schema.org","@graph":[{"@type":"Article","@id":"https:\/\/nid.pl\/2024\/05\/14\/70-lecie-konwencji-o-ochronie-dk-w-razie-konfliktu-zbrojnego-z-14-maja-1954-roku\/#article","isPartOf":{"@id":"https:\/\/nid.pl\/2024\/05\/14\/70-lecie-konwencji-o-ochronie-dk-w-razie-konfliktu-zbrojnego-z-14-maja-1954-roku\/"},"author":{"name":"Barbara Halliop","@id":"https:\/\/nid.pl\/#\/schema\/person\/1b690a8998a5111cfb9f0ffe24195a15"},"headline":"70-lecie Konwencji o ochronie d\u00f3br kulturalnych w razie konfliktu zbrojnego z 14 maja 1954 roku","datePublished":"2024-05-14T09:56:55+00:00","dateModified":"2024-05-14T11:21:45+00:00","mainEntityOfPage":{"@id":"https:\/\/nid.pl\/2024\/05\/14\/70-lecie-konwencji-o-ochronie-dk-w-razie-konfliktu-zbrojnego-z-14-maja-1954-roku\/"},"wordCount":842,"publisher":{"@id":"https:\/\/nid.pl\/#organization"},"image":{"@id":"https:\/\/nid.pl\/2024\/05\/14\/70-lecie-konwencji-o-ochronie-dk-w-razie-konfliktu-zbrojnego-z-14-maja-1954-roku\/#primaryimage"},"thumbnailUrl":"https:\/\/nid.pl\/wp-content\/uploads\/2024\/05\/miniaturka-AKTUALNOSCI-NID12.jpg","articleSection":["Aktualno\u015bci"],"inLanguage":"en-GB"},{"@type":"WebPage","@id":"https:\/\/nid.pl\/2024\/05\/14\/70-lecie-konwencji-o-ochronie-dk-w-razie-konfliktu-zbrojnego-z-14-maja-1954-roku\/","url":"https:\/\/nid.pl\/2024\/05\/14\/70-lecie-konwencji-o-ochronie-dk-w-razie-konfliktu-zbrojnego-z-14-maja-1954-roku\/","name":"70-lecie Konwencji o ochronie d\u00f3br kulturalnych w razie konfliktu zbrojnego z 14 maja 1954 roku - NID","isPartOf":{"@id":"https:\/\/nid.pl\/#website"},"primaryImageOfPage":{"@id":"https:\/\/nid.pl\/2024\/05\/14\/70-lecie-konwencji-o-ochronie-dk-w-razie-konfliktu-zbrojnego-z-14-maja-1954-roku\/#primaryimage"},"image":{"@id":"https:\/\/nid.pl\/2024\/05\/14\/70-lecie-konwencji-o-ochronie-dk-w-razie-konfliktu-zbrojnego-z-14-maja-1954-roku\/#primaryimage"},"thumbnailUrl":"https:\/\/nid.pl\/wp-content\/uploads\/2024\/05\/miniaturka-AKTUALNOSCI-NID12.jpg","datePublished":"2024-05-14T09:56:55+00:00","dateModified":"2024-05-14T11:21:45+00:00","breadcrumb":{"@id":"https:\/\/nid.pl\/2024\/05\/14\/70-lecie-konwencji-o-ochronie-dk-w-razie-konfliktu-zbrojnego-z-14-maja-1954-roku\/#breadcrumb"},"inLanguage":"en-GB","potentialAction":[{"@type":"ReadAction","target":["https:\/\/nid.pl\/2024\/05\/14\/70-lecie-konwencji-o-ochronie-dk-w-razie-konfliktu-zbrojnego-z-14-maja-1954-roku\/"]}]},{"@type":"ImageObject","inLanguage":"en-GB","@id":"https:\/\/nid.pl\/2024\/05\/14\/70-lecie-konwencji-o-ochronie-dk-w-razie-konfliktu-zbrojnego-z-14-maja-1954-roku\/#primaryimage","url":"https:\/\/nid.pl\/wp-content\/uploads\/2024\/05\/miniaturka-AKTUALNOSCI-NID12.jpg","contentUrl":"https:\/\/nid.pl\/wp-content\/uploads\/2024\/05\/miniaturka-AKTUALNOSCI-NID12.jpg","width":1850,"height":1238,"caption":"70-lecie Konwencji Haskiej"},{"@type":"BreadcrumbList","@id":"https:\/\/nid.pl\/2024\/05\/14\/70-lecie-konwencji-o-ochronie-dk-w-razie-konfliktu-zbrojnego-z-14-maja-1954-roku\/#breadcrumb","itemListElement":[{"@type":"ListItem","position":1,"name":"Home","item":"https:\/\/nid.pl\/"},{"@type":"ListItem","position":2,"name":"70-lecie Konwencji o ochronie d\u00f3br kulturalnych w razie konfliktu zbrojnego z 14 maja 1954 roku"}]},{"@type":"WebSite","@id":"https:\/\/nid.pl\/#website","url":"https:\/\/nid.pl\/","name":"NID","description":"Narodowy Instytut Dziedzictwa","publisher":{"@id":"https:\/\/nid.pl\/#organization"},"potentialAction":[{"@type":"SearchAction","target":{"@type":"EntryPoint","urlTemplate":"https:\/\/nid.pl\/?s={search_term_string}"},"query-input":{"@type":"PropertyValueSpecification","valueRequired":true,"valueName":"search_term_string"}}],"inLanguage":"en-GB"},{"@type":"Organization","@id":"https:\/\/nid.pl\/#organization","name":"Narodowy Instytut Dziedzictwa","url":"https:\/\/nid.pl\/","logo":{"@type":"ImageObject","inLanguage":"en-GB","@id":"https:\/\/nid.pl\/#\/schema\/logo\/image\/","url":"https:\/\/nid.pl\/wp-content\/uploads\/2022\/10\/logoRedDark.png","contentUrl":"https:\/\/nid.pl\/wp-content\/uploads\/2022\/10\/logoRedDark.png","width":200,"height":197,"caption":"Narodowy Instytut Dziedzictwa"},"image":{"@id":"https:\/\/nid.pl\/#\/schema\/logo\/image\/"},"sameAs":["https:\/\/www.facebook.com\/zabytek","https:\/\/x.com\/NarIDpl","https:\/\/www.instagram.com\/nid.pl\/?hl=pl","https:\/\/www.linkedin.com\/company\/narodowy-instytut-dziedzictwa","https:\/\/www.youtube.com\/channel\/UCQXuhKa2uHtmNvLRUSx40JA"]},{"@type":"Person","@id":"https:\/\/nid.pl\/#\/schema\/person\/1b690a8998a5111cfb9f0ffe24195a15","name":"Barbara Halliop","image":{"@type":"ImageObject","inLanguage":"en-GB","@id":"https:\/\/nid.pl\/#\/schema\/person\/image\/","url":"https:\/\/nid.pl\/wp-content\/litespeed\/avatar\/924046d17dd0c842c9fa9ccf489bc6dc.jpg?ver=1777444967","contentUrl":"https:\/\/nid.pl\/wp-content\/litespeed\/avatar\/924046d17dd0c842c9fa9ccf489bc6dc.jpg?ver=1777444967","caption":"Barbara Halliop"},"url":"https:\/\/nid.pl\/en\/author\/bhalliop\/"}]}},"_links":{"self":[{"href":"https:\/\/nid.pl\/en\/wp-json\/wp\/v2\/posts\/19018","targetHints":{"allow":["GET"]}}],"collection":[{"href":"https:\/\/nid.pl\/en\/wp-json\/wp\/v2\/posts"}],"about":[{"href":"https:\/\/nid.pl\/en\/wp-json\/wp\/v2\/types\/post"}],"author":[{"embeddable":true,"href":"https:\/\/nid.pl\/en\/wp-json\/wp\/v2\/users\/7"}],"replies":[{"embeddable":true,"href":"https:\/\/nid.pl\/en\/wp-json\/wp\/v2\/comments?post=19018"}],"version-history":[{"count":0,"href":"https:\/\/nid.pl\/en\/wp-json\/wp\/v2\/posts\/19018\/revisions"}],"wp:featuredmedia":[{"embeddable":true,"href":"https:\/\/nid.pl\/en\/wp-json\/wp\/v2\/media\/19023"}],"wp:attachment":[{"href":"https:\/\/nid.pl\/en\/wp-json\/wp\/v2\/media?parent=19018"}],"wp:term":[{"taxonomy":"category","embeddable":true,"href":"https:\/\/nid.pl\/en\/wp-json\/wp\/v2\/categories?post=19018"},{"taxonomy":"post_tag","embeddable":true,"href":"https:\/\/nid.pl\/en\/wp-json\/wp\/v2\/tags?post=19018"}],"curies":[{"name":"wp","href":"https:\/\/api.w.org\/{rel}","templated":true}]}}