{"id":19007,"date":"2024-05-13T12:23:54","date_gmt":"2024-05-13T10:23:54","guid":{"rendered":"https:\/\/nid.pl\/?p=19007"},"modified":"2024-05-13T12:24:21","modified_gmt":"2024-05-13T10:24:21","slug":"udostepnienie-danych-niezbednych-do-planow-ogolnych-gminy","status":"publish","type":"post","link":"https:\/\/nid.pl\/en\/2024\/05\/13\/udostepnienie-danych-niezbednych-do-planow-ogolnych-gminy\/","title":{"rendered":"Mo\u017cna wnioskowa\u0107 o udost\u0119pnienie danych niezb\u0119dnych do plan\u00f3w og\u00f3lnych gminy"},"content":{"rendered":"<p><strong>W zwi\u0105zku z wej\u015bciem w \u017cycie 24 wrze\u015bnia 2023 r. ustawy z dnia 7 lipca 2023 r. o zmianie ustawy o planowaniu i zagospodarowaniu przestrzennym oraz niekt\u00f3rych innych ustaw (Dz. U. 2023 r. poz. 1688), powsta\u0142 obowi\u0105zek uchwalenia przez gminy do dnia 31 grudnia 2025 r. nowego, obligatoryjnego dokumentu planistycznego \u2013 planu og\u00f3lnego gminy. Podmioty publiczne mog\u0105 teraz wnioskowa\u0107 do Narodowego Instytutu Dziedzictwa o udost\u0119pnienie danych do planu.<\/strong><\/p>\n\n\n\n<p>W zwi\u0105zku z podj\u0119ciem prac zwi\u0105zanych z przyst\u0105pieniem do sporz\u0105dzenia planu og\u00f3lnego, gminy mog\u0105 wnioskowa\u0107 do NID-u o udost\u0119pnienie danych wektorowych dotycz\u0105cych:<\/p>\n\n\n\n<ul class=\"wp-block-list\">\n<li>zabytk\u00f3w nieruchomych, w tym nieruchomych zabytk\u00f3w archeologicznych, wpisanych do rejestru zabytk\u00f3w;<\/li>\n\n\n\n<li>zabytk\u00f3w nieruchomych, w tym nieruchomych zabytk\u00f3w archeologicznych, uj\u0119tych w krajowej ewidencji zabytk\u00f3w;<\/li>\n\n\n\n<li>\u00a0zabytk\u00f3w uznanych na mocy rozporz\u0105dzenia Prezydenta RP za pomniki historii;<\/li>\n\n\n\n<li>obiekt\u00f3w wpisanych na List\u0119 \u015awiatowego Dziedzictwa UNESCO.<\/li>\n<\/ul>\n\n\n\n<p>NID udost\u0119pnia powy\u017csze dane podmiotom publicznym na podstawie art. 15 ust. 1 ustawy z dnia 17 lutego 2005 r. o informatyzacji dzia\u0142alno\u015bci podmiot\u00f3w realizuj\u0105cych zadania publiczne.<\/p>\n\n\n\n<p><strong>Sk\u0142adanie wniosk\u00f3w o udost\u0119pnienie danych<\/strong><\/p>\n\n\n\n<p>Aby uzyska\u0107 dane, nale\u017cy z\u0142o\u017cy\u0107 wniosek, kt\u00f3ry spe\u0142nia wymogi okre\u015blone w rozporz\u0105dzeniu Rady Ministr\u00f3w z dnia 27 wrze\u015bnia 2005 r. w sprawie sposobu, zakresu i trybu udost\u0119pniania danych zgromadzonych w rejestrze publicznym (Dz. U. Nr 205, poz.1692).<\/p>\n\n\n\n<p>Wniosek musi by\u0107 z\u0142o\u017cony w formie pisemnej albo elektronicznej, przy czym powinien zawiera\u0107 poszczeg\u00f3lne elementy wskazane w \u00a72 ust. 2, w tym powinien by\u0107 opatrzony w\u0142asnor\u0119cznym podpisem albo kwalifikowanym podpisem elektronicznym osoby reprezentuj\u0105cej podmiot ubiegaj\u0105cy si\u0119 o udost\u0119pnienie danych zgromadzonych w rejestrze (\u00a72 ust. 2 pkt 9).<\/p>\n\n\n\n<p>We wspomnianym wniosku nale\u017cy wskaza\u0107 realizowane zadanie publiczne, zas\u00f3b oraz zasi\u0119g danych niezb\u0119dny do realizacji zadania publicznego, a tak\u017ce precyzyjne wskazanie okresu udost\u0119pnienia danych poprzez podanie daty granicznej udost\u0119pnienia. Dane wektorowe udost\u0119pniane s\u0105 w formacie SHP w uk\u0142adzie PUWG 1992. Mo\u017cemy przekaza\u0107 dane w postaci linku do pobrania danych zabezpieczonego has\u0142em na adres mailowy wskazany we wniosku. Przy braku takiego zapisu dane b\u0119d\u0105 wys\u0142ane za po\u015brednictwem Poczty Polskiej na p\u0142ycie CD.<\/p>\n\n\n\n<p>W celu u\u0142atwienia sk\u0142adania wniosk\u00f3w udost\u0119pniamy dokument \u201eWz\u00f3r wniosku o udost\u0119pnienie danych zgromadzonych w rejestrze publicznym do planu og\u00f3lnego gminy\u201d, kt\u00f3ry zawiera ju\u017c opisane powy\u017cej informacje i nale\u017cy w nim uzupe\u0142ni\u0107 jedynie dane adresowe gminy:<\/p>\n\n\n\n<p>Download <strong><a href=\"https:\/\/nid.pl\/wp-content\/uploads\/2024\/05\/Wzor-wniosku-o-udostepnienie-danych-z-rejestru-publicznego-do-Planu-Ogolnego-Gminy.rtf\">Wz\u00f3r wniosku o udost\u0119pnienie danych zgromadzonych w rejestrze publicznym do planu og\u00f3lnego gminy<\/a><\/strong><\/p>\n\n\n\n<p>Narodowy Instytut Dziedzictwa prowadzi m.in. adresowany do samorz\u0105d\u00f3w portal tematyczny (<a href=\"https:\/\/samorzad.nid.pl\">https:\/\/samorzad.nid.pl<\/a>), kt\u00f3ry stanowi merytoryczn\u0105 baz\u0119 praktycznych informacji, artyku\u0142\u00f3w i publikacji dotycz\u0105cych ochrony i opieki nad zabytkami, kt\u00f3ra, zgodnie z art. 7 ust. 1 pkt 9 ustawy z dnia 8 marca 1990 r. o samorz\u0105dzie gminnym (tekst jedn. Dz. U. z 2024 r. poz. 609), nale\u017cy do zada\u0144 w\u0142asnych gminy. W\u015br\u00f3d nich s\u0105 te z zakresu: prawa, finans\u00f3w, planowania przestrzennego i rewitalizacji oraz zarz\u0105dzania dziedzictwem lokalnym.<\/p>\n\n\n\n<p>W kontek\u015bcie nowelizacji ustawy o planowaniu i zagospodarowaniu przestrzennym polecamy nagranie wyk\u0142adu dr Anny Fogel \u2013 dra nauk prawnych, G\u0142\u00f3wnego specjalisty w Dziale Zarz\u0105dzania Dziedzictwem i Analiz Wp\u0142ywu Zmian Klimatu na Dziedzictwo NID, po\u015bwi\u0119conego zmianom, kt\u00f3re niesie ona w kontek\u015bcie ochrony zabytk\u00f3w. Jego nagranie jest dost\u0119pne na kanale NID na YouTube:<\/p>\n\n\n\n<p><\/p>\n\n\n\n<figure class=\"wp-block-embed is-type-video is-provider-youtube wp-block-embed-youtube wp-embed-aspect-16-9 wp-has-aspect-ratio\"><div class=\"wp-block-embed__wrapper\">\n<iframe loading=\"lazy\" title=\"Wyk\u0142ad &quot;Zmiana ustawy o planowaniu i zagospodarowaniu przestrzennym w kontek\u015bcie ochrony zabytk\u00f3w&quot;\" width=\"1080\" height=\"608\" src=\"https:\/\/www.youtube.com\/embed\/rfm3ZN37V8M?feature=oembed\"  allow=\"accelerometer; autoplay; clipboard-write; encrypted-media; gyroscope; picture-in-picture; web-share\" referrerpolicy=\"strict-origin-when-cross-origin\" allowfullscreen><\/iframe>\n<\/div><\/figure>","protected":false},"excerpt":{"rendered":"<p>W zwi\u0105zku z wej\u015bciem w \u017cycie 24 wrze\u015bnia 2023 r. ustawy z dnia 7 lipca 2023 r. o zmianie ustawy o planowaniu i zagospodarowaniu przestrzennym oraz niekt\u00f3rych innych ustaw (Dz. [&hellip;]<\/p>","protected":false},"author":7,"featured_media":19011,"comment_status":"closed","ping_status":"closed","sticky":false,"template":"","format":"standard","meta":{"_et_pb_use_builder":"off","_et_pb_old_content":"","_et_gb_content_width":"","_monsterinsights_skip_tracking":false,"_monsterinsights_sitenote_active":false,"_monsterinsights_sitenote_note":"","_monsterinsights_sitenote_category":0,"footnotes":""},"categories":[3],"tags":[],"class_list":["post-19007","post","type-post","status-publish","format-standard","has-post-thumbnail","hentry","category-aktualnosci"],"yoast_head":"<!-- This site is optimized with the Yoast SEO plugin v26.5 - https:\/\/yoast.com\/wordpress\/plugins\/seo\/ -->\n<title>Mo\u017cna wnioskowa\u0107 o udost\u0119pnienie danych niezb\u0119dnych do plan\u00f3w og\u00f3lnych gminy - NID<\/title>\n<meta name=\"robots\" content=\"index, follow, max-snippet:-1, max-image-preview:large, max-video-preview:-1\" \/>\n<link rel=\"canonical\" href=\"https:\/\/nid.pl\/en\/2024\/05\/13\/udostepnienie-danych-niezbednych-do-planow-ogolnych-gminy\/\" \/>\n<meta property=\"og:locale\" content=\"en_GB\" \/>\n<meta property=\"og:type\" content=\"article\" \/>\n<meta property=\"og:title\" content=\"Mo\u017cna wnioskowa\u0107 o udost\u0119pnienie danych niezb\u0119dnych do plan\u00f3w og\u00f3lnych gminy - NID\" \/>\n<meta property=\"og:description\" content=\"W zwi\u0105zku z wej\u015bciem w \u017cycie 24 wrze\u015bnia 2023 r. ustawy z dnia 7 lipca 2023 r. o zmianie ustawy o planowaniu i zagospodarowaniu przestrzennym oraz niekt\u00f3rych innych ustaw (Dz. [&hellip;]\" \/>\n<meta property=\"og:url\" content=\"https:\/\/nid.pl\/en\/2024\/05\/13\/udostepnienie-danych-niezbednych-do-planow-ogolnych-gminy\/\" \/>\n<meta property=\"og:site_name\" content=\"NID\" \/>\n<meta property=\"article:publisher\" content=\"https:\/\/www.facebook.com\/zabytek\" \/>\n<meta property=\"article:published_time\" content=\"2024-05-13T10:23:54+00:00\" \/>\n<meta property=\"article:modified_time\" content=\"2024-05-13T10:24:21+00:00\" \/>\n<meta property=\"og:image\" content=\"https:\/\/nid.pl\/wp-content\/uploads\/2024\/05\/miniaturka-Chelmno-2018-rok-fot.-Piotr-Sekula.jpg\" \/>\n\t<meta property=\"og:image:width\" content=\"1850\" \/>\n\t<meta property=\"og:image:height\" content=\"1238\" \/>\n\t<meta property=\"og:image:type\" content=\"image\/jpeg\" \/>\n<meta name=\"author\" content=\"Barbara Halliop\" \/>\n<meta name=\"twitter:card\" content=\"summary_large_image\" \/>\n<meta name=\"twitter:creator\" content=\"@NarIDpl\" \/>\n<meta name=\"twitter:site\" content=\"@NarIDpl\" \/>\n<meta name=\"twitter:label1\" content=\"Written by\" \/>\n\t<meta name=\"twitter:data1\" content=\"Barbara Halliop\" \/>\n\t<meta name=\"twitter:label2\" content=\"Estimated reading time\" \/>\n\t<meta name=\"twitter:data2\" content=\"4 minutes\" \/>\n<script type=\"application\/ld+json\" class=\"yoast-schema-graph\">{\"@context\":\"https:\/\/schema.org\",\"@graph\":[{\"@type\":\"Article\",\"@id\":\"https:\/\/nid.pl\/2024\/05\/13\/udostepnienie-danych-niezbednych-do-planow-ogolnych-gminy\/#article\",\"isPartOf\":{\"@id\":\"https:\/\/nid.pl\/2024\/05\/13\/udostepnienie-danych-niezbednych-do-planow-ogolnych-gminy\/\"},\"author\":{\"name\":\"Barbara Halliop\",\"@id\":\"https:\/\/nid.pl\/#\/schema\/person\/1b690a8998a5111cfb9f0ffe24195a15\"},\"headline\":\"Mo\u017cna wnioskowa\u0107 o udost\u0119pnienie danych niezb\u0119dnych do plan\u00f3w og\u00f3lnych gminy\",\"datePublished\":\"2024-05-13T10:23:54+00:00\",\"dateModified\":\"2024-05-13T10:24:21+00:00\",\"mainEntityOfPage\":{\"@id\":\"https:\/\/nid.pl\/2024\/05\/13\/udostepnienie-danych-niezbednych-do-planow-ogolnych-gminy\/\"},\"wordCount\":596,\"publisher\":{\"@id\":\"https:\/\/nid.pl\/#organization\"},\"image\":{\"@id\":\"https:\/\/nid.pl\/2024\/05\/13\/udostepnienie-danych-niezbednych-do-planow-ogolnych-gminy\/#primaryimage\"},\"thumbnailUrl\":\"https:\/\/nid.pl\/wp-content\/uploads\/2024\/05\/miniaturka-Chelmno-2018-rok-fot.-Piotr-Sekula.jpg\",\"articleSection\":[\"Aktualno\u015bci\"],\"inLanguage\":\"en-GB\"},{\"@type\":\"WebPage\",\"@id\":\"https:\/\/nid.pl\/2024\/05\/13\/udostepnienie-danych-niezbednych-do-planow-ogolnych-gminy\/\",\"url\":\"https:\/\/nid.pl\/2024\/05\/13\/udostepnienie-danych-niezbednych-do-planow-ogolnych-gminy\/\",\"name\":\"Mo\u017cna wnioskowa\u0107 o udost\u0119pnienie danych niezb\u0119dnych do plan\u00f3w og\u00f3lnych gminy - NID\",\"isPartOf\":{\"@id\":\"https:\/\/nid.pl\/#website\"},\"primaryImageOfPage\":{\"@id\":\"https:\/\/nid.pl\/2024\/05\/13\/udostepnienie-danych-niezbednych-do-planow-ogolnych-gminy\/#primaryimage\"},\"image\":{\"@id\":\"https:\/\/nid.pl\/2024\/05\/13\/udostepnienie-danych-niezbednych-do-planow-ogolnych-gminy\/#primaryimage\"},\"thumbnailUrl\":\"https:\/\/nid.pl\/wp-content\/uploads\/2024\/05\/miniaturka-Chelmno-2018-rok-fot.-Piotr-Sekula.jpg\",\"datePublished\":\"2024-05-13T10:23:54+00:00\",\"dateModified\":\"2024-05-13T10:24:21+00:00\",\"breadcrumb\":{\"@id\":\"https:\/\/nid.pl\/2024\/05\/13\/udostepnienie-danych-niezbednych-do-planow-ogolnych-gminy\/#breadcrumb\"},\"inLanguage\":\"en-GB\",\"potentialAction\":[{\"@type\":\"ReadAction\",\"target\":[\"https:\/\/nid.pl\/2024\/05\/13\/udostepnienie-danych-niezbednych-do-planow-ogolnych-gminy\/\"]}]},{\"@type\":\"ImageObject\",\"inLanguage\":\"en-GB\",\"@id\":\"https:\/\/nid.pl\/2024\/05\/13\/udostepnienie-danych-niezbednych-do-planow-ogolnych-gminy\/#primaryimage\",\"url\":\"https:\/\/nid.pl\/wp-content\/uploads\/2024\/05\/miniaturka-Chelmno-2018-rok-fot.-Piotr-Sekula.jpg\",\"contentUrl\":\"https:\/\/nid.pl\/wp-content\/uploads\/2024\/05\/miniaturka-Chelmno-2018-rok-fot.-Piotr-Sekula.jpg\",\"width\":1850,\"height\":1238,\"caption\":\"Che\u0142mno, 2018 rok, fot. Piotr Seku\u0142a\"},{\"@type\":\"BreadcrumbList\",\"@id\":\"https:\/\/nid.pl\/2024\/05\/13\/udostepnienie-danych-niezbednych-do-planow-ogolnych-gminy\/#breadcrumb\",\"itemListElement\":[{\"@type\":\"ListItem\",\"position\":1,\"name\":\"Home\",\"item\":\"https:\/\/nid.pl\/\"},{\"@type\":\"ListItem\",\"position\":2,\"name\":\"Mo\u017cna wnioskowa\u0107 o udost\u0119pnienie danych niezb\u0119dnych do plan\u00f3w og\u00f3lnych gminy\"}]},{\"@type\":\"WebSite\",\"@id\":\"https:\/\/nid.pl\/#website\",\"url\":\"https:\/\/nid.pl\/\",\"name\":\"NID\",\"description\":\"Narodowy Instytut Dziedzictwa\",\"publisher\":{\"@id\":\"https:\/\/nid.pl\/#organization\"},\"potentialAction\":[{\"@type\":\"SearchAction\",\"target\":{\"@type\":\"EntryPoint\",\"urlTemplate\":\"https:\/\/nid.pl\/?s={search_term_string}\"},\"query-input\":{\"@type\":\"PropertyValueSpecification\",\"valueRequired\":true,\"valueName\":\"search_term_string\"}}],\"inLanguage\":\"en-GB\"},{\"@type\":\"Organization\",\"@id\":\"https:\/\/nid.pl\/#organization\",\"name\":\"Narodowy Instytut Dziedzictwa\",\"url\":\"https:\/\/nid.pl\/\",\"logo\":{\"@type\":\"ImageObject\",\"inLanguage\":\"en-GB\",\"@id\":\"https:\/\/nid.pl\/#\/schema\/logo\/image\/\",\"url\":\"https:\/\/nid.pl\/wp-content\/uploads\/2022\/10\/logoRedDark.png\",\"contentUrl\":\"https:\/\/nid.pl\/wp-content\/uploads\/2022\/10\/logoRedDark.png\",\"width\":200,\"height\":197,\"caption\":\"Narodowy Instytut Dziedzictwa\"},\"image\":{\"@id\":\"https:\/\/nid.pl\/#\/schema\/logo\/image\/\"},\"sameAs\":[\"https:\/\/www.facebook.com\/zabytek\",\"https:\/\/x.com\/NarIDpl\",\"https:\/\/www.instagram.com\/nid.pl\/?hl=pl\",\"https:\/\/www.linkedin.com\/company\/narodowy-instytut-dziedzictwa\",\"https:\/\/www.youtube.com\/channel\/UCQXuhKa2uHtmNvLRUSx40JA\"]},{\"@type\":\"Person\",\"@id\":\"https:\/\/nid.pl\/#\/schema\/person\/1b690a8998a5111cfb9f0ffe24195a15\",\"name\":\"Barbara Halliop\",\"image\":{\"@type\":\"ImageObject\",\"inLanguage\":\"en-GB\",\"@id\":\"https:\/\/nid.pl\/#\/schema\/person\/image\/\",\"url\":\"https:\/\/nid.pl\/wp-content\/litespeed\/avatar\/924046d17dd0c842c9fa9ccf489bc6dc.jpg?ver=1777444967\",\"contentUrl\":\"https:\/\/nid.pl\/wp-content\/litespeed\/avatar\/924046d17dd0c842c9fa9ccf489bc6dc.jpg?ver=1777444967\",\"caption\":\"Barbara Halliop\"},\"url\":\"https:\/\/nid.pl\/en\/author\/bhalliop\/\"}]}<\/script>\n<!-- \/ Yoast SEO plugin. -->","yoast_head_json":{"title":"Mo\u017cna wnioskowa\u0107 o udost\u0119pnienie danych niezb\u0119dnych do plan\u00f3w og\u00f3lnych gminy - NID","robots":{"index":"index","follow":"follow","max-snippet":"max-snippet:-1","max-image-preview":"max-image-preview:large","max-video-preview":"max-video-preview:-1"},"canonical":"https:\/\/nid.pl\/en\/2024\/05\/13\/udostepnienie-danych-niezbednych-do-planow-ogolnych-gminy\/","og_locale":"en_GB","og_type":"article","og_title":"Mo\u017cna wnioskowa\u0107 o udost\u0119pnienie danych niezb\u0119dnych do plan\u00f3w og\u00f3lnych gminy - NID","og_description":"W zwi\u0105zku z wej\u015bciem w \u017cycie 24 wrze\u015bnia 2023 r. ustawy z dnia 7 lipca 2023 r. o zmianie ustawy o planowaniu i zagospodarowaniu przestrzennym oraz niekt\u00f3rych innych ustaw (Dz. [&hellip;]","og_url":"https:\/\/nid.pl\/en\/2024\/05\/13\/udostepnienie-danych-niezbednych-do-planow-ogolnych-gminy\/","og_site_name":"NID","article_publisher":"https:\/\/www.facebook.com\/zabytek","article_published_time":"2024-05-13T10:23:54+00:00","article_modified_time":"2024-05-13T10:24:21+00:00","og_image":[{"width":1850,"height":1238,"url":"https:\/\/nid.pl\/wp-content\/uploads\/2024\/05\/miniaturka-Chelmno-2018-rok-fot.-Piotr-Sekula.jpg","type":"image\/jpeg"}],"author":"Barbara Halliop","twitter_card":"summary_large_image","twitter_creator":"@NarIDpl","twitter_site":"@NarIDpl","twitter_misc":{"Written by":"Barbara Halliop","Estimated reading time":"4 minutes"},"schema":{"@context":"https:\/\/schema.org","@graph":[{"@type":"Article","@id":"https:\/\/nid.pl\/2024\/05\/13\/udostepnienie-danych-niezbednych-do-planow-ogolnych-gminy\/#article","isPartOf":{"@id":"https:\/\/nid.pl\/2024\/05\/13\/udostepnienie-danych-niezbednych-do-planow-ogolnych-gminy\/"},"author":{"name":"Barbara Halliop","@id":"https:\/\/nid.pl\/#\/schema\/person\/1b690a8998a5111cfb9f0ffe24195a15"},"headline":"Mo\u017cna wnioskowa\u0107 o udost\u0119pnienie danych niezb\u0119dnych do plan\u00f3w og\u00f3lnych gminy","datePublished":"2024-05-13T10:23:54+00:00","dateModified":"2024-05-13T10:24:21+00:00","mainEntityOfPage":{"@id":"https:\/\/nid.pl\/2024\/05\/13\/udostepnienie-danych-niezbednych-do-planow-ogolnych-gminy\/"},"wordCount":596,"publisher":{"@id":"https:\/\/nid.pl\/#organization"},"image":{"@id":"https:\/\/nid.pl\/2024\/05\/13\/udostepnienie-danych-niezbednych-do-planow-ogolnych-gminy\/#primaryimage"},"thumbnailUrl":"https:\/\/nid.pl\/wp-content\/uploads\/2024\/05\/miniaturka-Chelmno-2018-rok-fot.-Piotr-Sekula.jpg","articleSection":["Aktualno\u015bci"],"inLanguage":"en-GB"},{"@type":"WebPage","@id":"https:\/\/nid.pl\/2024\/05\/13\/udostepnienie-danych-niezbednych-do-planow-ogolnych-gminy\/","url":"https:\/\/nid.pl\/2024\/05\/13\/udostepnienie-danych-niezbednych-do-planow-ogolnych-gminy\/","name":"Mo\u017cna wnioskowa\u0107 o udost\u0119pnienie danych niezb\u0119dnych do plan\u00f3w og\u00f3lnych gminy - NID","isPartOf":{"@id":"https:\/\/nid.pl\/#website"},"primaryImageOfPage":{"@id":"https:\/\/nid.pl\/2024\/05\/13\/udostepnienie-danych-niezbednych-do-planow-ogolnych-gminy\/#primaryimage"},"image":{"@id":"https:\/\/nid.pl\/2024\/05\/13\/udostepnienie-danych-niezbednych-do-planow-ogolnych-gminy\/#primaryimage"},"thumbnailUrl":"https:\/\/nid.pl\/wp-content\/uploads\/2024\/05\/miniaturka-Chelmno-2018-rok-fot.-Piotr-Sekula.jpg","datePublished":"2024-05-13T10:23:54+00:00","dateModified":"2024-05-13T10:24:21+00:00","breadcrumb":{"@id":"https:\/\/nid.pl\/2024\/05\/13\/udostepnienie-danych-niezbednych-do-planow-ogolnych-gminy\/#breadcrumb"},"inLanguage":"en-GB","potentialAction":[{"@type":"ReadAction","target":["https:\/\/nid.pl\/2024\/05\/13\/udostepnienie-danych-niezbednych-do-planow-ogolnych-gminy\/"]}]},{"@type":"ImageObject","inLanguage":"en-GB","@id":"https:\/\/nid.pl\/2024\/05\/13\/udostepnienie-danych-niezbednych-do-planow-ogolnych-gminy\/#primaryimage","url":"https:\/\/nid.pl\/wp-content\/uploads\/2024\/05\/miniaturka-Chelmno-2018-rok-fot.-Piotr-Sekula.jpg","contentUrl":"https:\/\/nid.pl\/wp-content\/uploads\/2024\/05\/miniaturka-Chelmno-2018-rok-fot.-Piotr-Sekula.jpg","width":1850,"height":1238,"caption":"Che\u0142mno, 2018 rok, fot. Piotr Seku\u0142a"},{"@type":"BreadcrumbList","@id":"https:\/\/nid.pl\/2024\/05\/13\/udostepnienie-danych-niezbednych-do-planow-ogolnych-gminy\/#breadcrumb","itemListElement":[{"@type":"ListItem","position":1,"name":"Home","item":"https:\/\/nid.pl\/"},{"@type":"ListItem","position":2,"name":"Mo\u017cna wnioskowa\u0107 o udost\u0119pnienie danych niezb\u0119dnych do plan\u00f3w og\u00f3lnych gminy"}]},{"@type":"WebSite","@id":"https:\/\/nid.pl\/#website","url":"https:\/\/nid.pl\/","name":"NID","description":"Narodowy Instytut Dziedzictwa","publisher":{"@id":"https:\/\/nid.pl\/#organization"},"potentialAction":[{"@type":"SearchAction","target":{"@type":"EntryPoint","urlTemplate":"https:\/\/nid.pl\/?s={search_term_string}"},"query-input":{"@type":"PropertyValueSpecification","valueRequired":true,"valueName":"search_term_string"}}],"inLanguage":"en-GB"},{"@type":"Organization","@id":"https:\/\/nid.pl\/#organization","name":"Narodowy Instytut Dziedzictwa","url":"https:\/\/nid.pl\/","logo":{"@type":"ImageObject","inLanguage":"en-GB","@id":"https:\/\/nid.pl\/#\/schema\/logo\/image\/","url":"https:\/\/nid.pl\/wp-content\/uploads\/2022\/10\/logoRedDark.png","contentUrl":"https:\/\/nid.pl\/wp-content\/uploads\/2022\/10\/logoRedDark.png","width":200,"height":197,"caption":"Narodowy Instytut Dziedzictwa"},"image":{"@id":"https:\/\/nid.pl\/#\/schema\/logo\/image\/"},"sameAs":["https:\/\/www.facebook.com\/zabytek","https:\/\/x.com\/NarIDpl","https:\/\/www.instagram.com\/nid.pl\/?hl=pl","https:\/\/www.linkedin.com\/company\/narodowy-instytut-dziedzictwa","https:\/\/www.youtube.com\/channel\/UCQXuhKa2uHtmNvLRUSx40JA"]},{"@type":"Person","@id":"https:\/\/nid.pl\/#\/schema\/person\/1b690a8998a5111cfb9f0ffe24195a15","name":"Barbara Halliop","image":{"@type":"ImageObject","inLanguage":"en-GB","@id":"https:\/\/nid.pl\/#\/schema\/person\/image\/","url":"https:\/\/nid.pl\/wp-content\/litespeed\/avatar\/924046d17dd0c842c9fa9ccf489bc6dc.jpg?ver=1777444967","contentUrl":"https:\/\/nid.pl\/wp-content\/litespeed\/avatar\/924046d17dd0c842c9fa9ccf489bc6dc.jpg?ver=1777444967","caption":"Barbara Halliop"},"url":"https:\/\/nid.pl\/en\/author\/bhalliop\/"}]}},"_links":{"self":[{"href":"https:\/\/nid.pl\/en\/wp-json\/wp\/v2\/posts\/19007","targetHints":{"allow":["GET"]}}],"collection":[{"href":"https:\/\/nid.pl\/en\/wp-json\/wp\/v2\/posts"}],"about":[{"href":"https:\/\/nid.pl\/en\/wp-json\/wp\/v2\/types\/post"}],"author":[{"embeddable":true,"href":"https:\/\/nid.pl\/en\/wp-json\/wp\/v2\/users\/7"}],"replies":[{"embeddable":true,"href":"https:\/\/nid.pl\/en\/wp-json\/wp\/v2\/comments?post=19007"}],"version-history":[{"count":0,"href":"https:\/\/nid.pl\/en\/wp-json\/wp\/v2\/posts\/19007\/revisions"}],"wp:featuredmedia":[{"embeddable":true,"href":"https:\/\/nid.pl\/en\/wp-json\/wp\/v2\/media\/19011"}],"wp:attachment":[{"href":"https:\/\/nid.pl\/en\/wp-json\/wp\/v2\/media?parent=19007"}],"wp:term":[{"taxonomy":"category","embeddable":true,"href":"https:\/\/nid.pl\/en\/wp-json\/wp\/v2\/categories?post=19007"},{"taxonomy":"post_tag","embeddable":true,"href":"https:\/\/nid.pl\/en\/wp-json\/wp\/v2\/tags?post=19007"}],"curies":[{"name":"wp","href":"https:\/\/api.w.org\/{rel}","templated":true}]}}