{"id":18999,"date":"2024-05-13T09:35:52","date_gmt":"2024-05-13T07:35:52","guid":{"rendered":"https:\/\/nid.pl\/?p=18999"},"modified":"2024-05-15T10:23:56","modified_gmt":"2024-05-15T08:23:56","slug":"znamy-wyniki-konkursu-heritagemakers","status":"publish","type":"post","link":"https:\/\/nid.pl\/en\/2024\/05\/13\/znamy-wyniki-konkursu-heritagemakers\/","title":{"rendered":"Znamy wyniki konkursu M\u0142odzi Europejscy Tw\u00f3rcy Dziedzictwa #HeritageMakers!"},"content":{"rendered":"<p><strong>Konkurs M\u0142odzi Europejscy Tw\u00f3rcy Dziedzictwa #HeritageMakers realizowany jest w ramach Europejskich Dni Dziedzictwa. Mi\u0142o nam poinformowa\u0107, \u017ce \u201eZwierciad\u0142o dziedzictwa\u201d po\u015bwi\u0119cone historii rynku w Solcu Kujawskim, w kt\u00f3rym wzi\u0119\u0142y udzia\u0142 dzieci w wieku 6-11 lat, znalaz\u0142o si\u0119 w gronie pi\u0119ciu najlepszych projekt\u00f3w w ca\u0142ej Europie.\u00a0\u00a0<\/strong><\/p>\n\n\n\n<p><strong>Celem konkursu Young European Heritage Makers jest:<\/strong><\/p>\n\n\n\n<ol class=\"wp-block-list\">\n<li>Zbieranie do\u015bwiadcze\u0144 i opowie\u015bci o tym, jak dzieci i m\u0142odzie\u017c rozumiej\u0105 europejski wymiar ich lokalnego dziedzictwa.<\/li>\n\n\n\n<li>Identyfikacja i zaprezentowanie prac m\u0142odych ludzi zainteresowanych dziedzictwem.<\/li>\n\n\n\n<li>Sieciowanie przysz\u0142ych #HeritageMakers z ich r\u00f3wie\u015bnikami z innych cz\u0119\u015bci Europy.<\/li>\n<\/ol>\n\n\n\n<p>Do konkursu sk\u0142adane by\u0142y materia\u0142y foto i\/lub wideo dokumentuj\u0105ce projekty zrealizowane z dzie\u0107mi (6\u201311 lat) lub m\u0142odzie\u017c\u0105 (11\u201317 lat) w oparciu o lokalne dziedzictwo kulturowe. Dzia\u0142ania te odbywa\u0142y si\u0119 w okresie od 1 wrze\u015bnia do 28 lutego.<\/p>\n\n\n\n<p>W 5. edycji M\u0142odzi Tw\u00f3rcy Dziedzictwa Europejskiego wzi\u0119li udzia\u0142 przedstawiciele r\u00f3\u017cnych kraj\u00f3w: Armenii, Finlandii, W\u0142och, Czarnog\u00f3ry, Macedonii P\u00f3\u0142nocnej, Polski, S\u0142owenii, Hiszpanii i Ukrainy. Dzieci wyruszy\u0142y w podr\u00f3\u017c, odkrywaj\u0105c historie i tradycje, kt\u00f3re definiuj\u0105 ich to\u017csamo\u015b\u0107 i wzbogacaj\u0105 ich dziedzictwo kulturowe.<\/p>\n\n\n\n<p><strong>Zwierciad\u0142o Dziedzictwa &#8211; Stowarzyszenie Rozwoju Solec Kujawski, Polska<\/strong><\/p>\n\n\n\n<p>Jak zmienia\u0142 si\u0119 nasz lokalny rynek na przestrzeni wiek\u00f3w? Jakie wydarzenia wi\u0105\u017c\u0105 si\u0119 z t\u0105 przestrzeni\u0105? Jakie budowle i pomniki mo\u017cemy teraz zobaczy\u0107? Jakie nowe funkcje warto nada\u0107 tej przestrzeni w przysz\u0142o\u015bci? Na te pytania pr\u00f3bowali odpowiedzie\u0107 #HeritageMakers w ramach projektu&nbsp;<strong>,,Zwierciad\u0142o Dziedzictwa\u2019\u2019.<\/strong><\/p>\n\n\n\n<p>M\u0142odzi #HeritageMakers zostali podzieleni na dwa zespo\u0142y:<\/p>\n\n\n\n<ul class=\"wp-block-list\">\n<li>grupa I korzystaj\u0105c ze starych map i dost\u0119pnych informacji, wykona\u0142a model historycznej wersji rynku oraz otaczaj\u0105cych go ulic i zabytk\u00f3w,<\/li>\n\n\n\n<li>grupa II skupi\u0142a si\u0119 na wsp\u00f3\u0142czesnym modelu Solca Kujawskiego.<\/li>\n<\/ul>\n\n\n\n<p>Zastosowane podej\u015bcie pozwoli\u0142o na por\u00f3wnanie wynik\u00f3w. Uczestnicy mogli opowiedzie\u0107 i podzieli\u0107 si\u0119 swoimi wra\u017ceniami, ale tak\u017ce uwagami na temat tego, jak postrzegaj\u0105 zmiany rynku i miasta. Projekt by\u0142 \u017cyw\u0105 lekcj\u0105 historii, sprzyjaj\u0105c\u0105 g\u0142\u0119bszemu zrozumieniu przesz\u0142o\u015bci i jej wp\u0142ywu na tera\u017aniejszo\u015b\u0107.<\/p>\n\n\n\n<p>W\u015br\u00f3d nagrodzonych w kategorii 6-11 lat znalaz\u0142y si\u0119 jeszcze zespo\u0142y z Hiszpanii, W\u0142och, S\u0142owenii i Ukrainy. Wi\u0119cej na temat projekt\u00f3w z innych pa\u0144stw na stronie &#8211; <a href=\"https:\/\/www.europeanheritagedays.com\/EHD-Programme\/Press-Corner\/News\/Empowering-Young-Minds-The-Young-European-Heritage-Makers-Selected?fbclid=IwZXh0bgNhZW0CMTEAAR1cwqf09xG1YgaHAAYicMuwUNRKKF770uFt7IMw0g_2V58CfWjTODaMu3o_aem_AdyQhYHvnPRh8I07Am06BsAyJtGOcsO66O-20kAMDKsnx_WWIR7son_z_8wbusKWFDyP7wp_JTl02JgY-zJLMp3W\">Empowering Young Minds: The Young European Heritage Makers Selected | European Heritage Days<\/a><\/p>\n\n\n\n<p>Zrealizowane projekty w ramach konkursu #HeritageMakres s\u0105 \u015bwiadectwem kreatywno\u015bci, pasji oraz po\u015bwi\u0119cenia dzieci i m\u0142odzie\u017cy w ca\u0142ej Europie. Poprzez nauk\u0119 i celebrowanie dziedzictwa inspiruj\u0105 nas wszystkich do piel\u0119gnowania przesz\u0142o\u015bci, tera\u017aniejszo\u015bci i kszta\u0142towania przysz\u0142o\u015bci dla przysz\u0142ych pokole\u0144.<\/p>\n\n\n\n<p>Zach\u0119camy do sk\u0142adania prac w kolejnej edycji konkursu, kt\u00f3ra zostanie og\u0142oszona ju\u017c w tym roku! Gratulujemy jeszcze raz!<\/p>\n\n\n\n<p><\/p>\n\n\n\n<figure class=\"wp-block-image aligncenter size-large is-resized\"><img loading=\"lazy\" decoding=\"async\" width=\"868\" height=\"1024\" src=\"https:\/\/nid.pl\/wp-content\/uploads\/2024\/05\/fot.-Stowarzyszenie-Rozwoju-Solca-Kujawskiego-868x1024.jpg\" alt=\"\" class=\"wp-image-19001\" style=\"width:553px;height:auto\"\/><figcaption class=\"wp-element-caption\">fot. Stowarzyszenie Rozwoju Solca Kujawskiego<\/figcaption><\/figure>\n\n\n\n<figure class=\"wp-block-image aligncenter size-large is-resized\"><img loading=\"lazy\" decoding=\"async\" width=\"1024\" height=\"768\" src=\"https:\/\/nid.pl\/wp-content\/uploads\/2024\/05\/fot.-Stowarzyszenie-Rozwoju-Solca-Kujawskiego-3-1024x768.jpg\" alt=\"\" class=\"wp-image-19002\" style=\"width:685px;height:auto\" srcset=\"https:\/\/nid.pl\/wp-content\/uploads\/2024\/05\/fot.-Stowarzyszenie-Rozwoju-Solca-Kujawskiego-3-980x735.jpg 980w, https:\/\/nid.pl\/wp-content\/uploads\/2024\/05\/fot.-Stowarzyszenie-Rozwoju-Solca-Kujawskiego-3-480x360.jpg 480w\" sizes=\"(min-width: 0px) and (max-width: 480px) 480px, (min-width: 481px) and (max-width: 980px) 980px, (min-width: 981px) 1024px, 100vw\" \/><figcaption class=\"wp-element-caption\">fot. Stowarzyszenie Rozwoju Solca Kujawskiego<\/figcaption><\/figure>\n\n\n\n<figure class=\"wp-block-image aligncenter size-large is-resized\"><img loading=\"lazy\" decoding=\"async\" width=\"771\" height=\"1024\" src=\"https:\/\/nid.pl\/wp-content\/uploads\/2024\/05\/fot.-Stowarzyszenie-Rozwoju-Solca-Kujawskiego-2-771x1024.jpg\" alt=\"\" class=\"wp-image-19003\" style=\"width:555px;height:auto\"\/><figcaption class=\"wp-element-caption\">fot. Stowarzyszenie Rozwoju Solca Kujawskiego<\/figcaption><\/figure>","protected":false},"excerpt":{"rendered":"<p>Konkurs M\u0142odzi Europejscy Tw\u00f3rcy Dziedzictwa #HeritageMakers realizowany jest w ramach Europejskich Dni Dziedzictwa. Mi\u0142o nam poinformowa\u0107, \u017ce \u201eZwierciad\u0142o dziedzictwa\u201d po\u015bwi\u0119cone historii rynku w Solcu Kujawskim, w kt\u00f3rym wzi\u0119\u0142y udzia\u0142 dzieci [&hellip;]<\/p>","protected":false},"author":7,"featured_media":19004,"comment_status":"closed","ping_status":"closed","sticky":false,"template":"","format":"standard","meta":{"_et_pb_use_builder":"off","_et_pb_old_content":"","_et_gb_content_width":"","_monsterinsights_skip_tracking":false,"_monsterinsights_sitenote_active":false,"_monsterinsights_sitenote_note":"","_monsterinsights_sitenote_category":0,"footnotes":""},"categories":[3,89],"tags":[],"class_list":["post-18999","post","type-post","status-publish","format-standard","has-post-thumbnail","hentry","category-aktualnosci","category-europejskie-dni-dziedzictwa"],"yoast_head":"<!-- This site is optimized with the Yoast SEO plugin v26.5 - https:\/\/yoast.com\/wordpress\/plugins\/seo\/ -->\n<title>Znamy wyniki konkursu M\u0142odzi Europejscy Tw\u00f3rcy Dziedzictwa #HeritageMakers! - NID<\/title>\n<meta name=\"robots\" content=\"index, follow, max-snippet:-1, max-image-preview:large, max-video-preview:-1\" \/>\n<link rel=\"canonical\" href=\"https:\/\/nid.pl\/en\/2024\/05\/13\/znamy-wyniki-konkursu-heritagemakers\/\" \/>\n<meta property=\"og:locale\" content=\"en_GB\" \/>\n<meta property=\"og:type\" content=\"article\" \/>\n<meta property=\"og:title\" content=\"Znamy wyniki konkursu M\u0142odzi Europejscy Tw\u00f3rcy Dziedzictwa #HeritageMakers! - NID\" \/>\n<meta property=\"og:description\" content=\"Konkurs M\u0142odzi Europejscy Tw\u00f3rcy Dziedzictwa #HeritageMakers realizowany jest w ramach Europejskich Dni Dziedzictwa. Mi\u0142o nam poinformowa\u0107, \u017ce \u201eZwierciad\u0142o dziedzictwa\u201d po\u015bwi\u0119cone historii rynku w Solcu Kujawskim, w kt\u00f3rym wzi\u0119\u0142y udzia\u0142 dzieci [&hellip;]\" \/>\n<meta property=\"og:url\" content=\"https:\/\/nid.pl\/en\/2024\/05\/13\/znamy-wyniki-konkursu-heritagemakers\/\" \/>\n<meta property=\"og:site_name\" content=\"NID\" \/>\n<meta property=\"article:publisher\" content=\"https:\/\/www.facebook.com\/zabytek\" \/>\n<meta property=\"article:published_time\" content=\"2024-05-13T07:35:52+00:00\" \/>\n<meta property=\"article:modified_time\" content=\"2024-05-15T08:23:56+00:00\" \/>\n<meta property=\"og:image\" content=\"https:\/\/nid.pl\/wp-content\/uploads\/2024\/05\/miniaturka-fot.-Stowarzyszenie-Rozwoju-Solca-Kujawskiego.jpg\" \/>\n\t<meta property=\"og:image:width\" content=\"1850\" \/>\n\t<meta property=\"og:image:height\" content=\"1238\" \/>\n\t<meta property=\"og:image:type\" content=\"image\/jpeg\" \/>\n<meta name=\"author\" content=\"Barbara Halliop\" \/>\n<meta name=\"twitter:card\" content=\"summary_large_image\" \/>\n<meta name=\"twitter:creator\" content=\"@NarIDpl\" \/>\n<meta name=\"twitter:site\" content=\"@NarIDpl\" \/>\n<meta name=\"twitter:label1\" content=\"Written by\" \/>\n\t<meta name=\"twitter:data1\" content=\"Barbara Halliop\" \/>\n\t<meta name=\"twitter:label2\" content=\"Estimated reading time\" \/>\n\t<meta name=\"twitter:data2\" content=\"4 minutes\" \/>\n<script type=\"application\/ld+json\" class=\"yoast-schema-graph\">{\"@context\":\"https:\/\/schema.org\",\"@graph\":[{\"@type\":\"Article\",\"@id\":\"https:\/\/nid.pl\/2024\/05\/13\/znamy-wyniki-konkursu-heritagemakers\/#article\",\"isPartOf\":{\"@id\":\"https:\/\/nid.pl\/2024\/05\/13\/znamy-wyniki-konkursu-heritagemakers\/\"},\"author\":{\"name\":\"Barbara Halliop\",\"@id\":\"https:\/\/nid.pl\/#\/schema\/person\/1b690a8998a5111cfb9f0ffe24195a15\"},\"headline\":\"Znamy wyniki konkursu M\u0142odzi Europejscy Tw\u00f3rcy Dziedzictwa #HeritageMakers!\",\"datePublished\":\"2024-05-13T07:35:52+00:00\",\"dateModified\":\"2024-05-15T08:23:56+00:00\",\"mainEntityOfPage\":{\"@id\":\"https:\/\/nid.pl\/2024\/05\/13\/znamy-wyniki-konkursu-heritagemakers\/\"},\"wordCount\":501,\"publisher\":{\"@id\":\"https:\/\/nid.pl\/#organization\"},\"image\":{\"@id\":\"https:\/\/nid.pl\/2024\/05\/13\/znamy-wyniki-konkursu-heritagemakers\/#primaryimage\"},\"thumbnailUrl\":\"https:\/\/nid.pl\/wp-content\/uploads\/2024\/05\/miniaturka-fot.-Stowarzyszenie-Rozwoju-Solca-Kujawskiego.jpg\",\"articleSection\":[\"Aktualno\u015bci\",\"EDD\"],\"inLanguage\":\"en-GB\"},{\"@type\":\"WebPage\",\"@id\":\"https:\/\/nid.pl\/2024\/05\/13\/znamy-wyniki-konkursu-heritagemakers\/\",\"url\":\"https:\/\/nid.pl\/2024\/05\/13\/znamy-wyniki-konkursu-heritagemakers\/\",\"name\":\"Znamy wyniki konkursu M\u0142odzi Europejscy Tw\u00f3rcy Dziedzictwa #HeritageMakers! - NID\",\"isPartOf\":{\"@id\":\"https:\/\/nid.pl\/#website\"},\"primaryImageOfPage\":{\"@id\":\"https:\/\/nid.pl\/2024\/05\/13\/znamy-wyniki-konkursu-heritagemakers\/#primaryimage\"},\"image\":{\"@id\":\"https:\/\/nid.pl\/2024\/05\/13\/znamy-wyniki-konkursu-heritagemakers\/#primaryimage\"},\"thumbnailUrl\":\"https:\/\/nid.pl\/wp-content\/uploads\/2024\/05\/miniaturka-fot.-Stowarzyszenie-Rozwoju-Solca-Kujawskiego.jpg\",\"datePublished\":\"2024-05-13T07:35:52+00:00\",\"dateModified\":\"2024-05-15T08:23:56+00:00\",\"breadcrumb\":{\"@id\":\"https:\/\/nid.pl\/2024\/05\/13\/znamy-wyniki-konkursu-heritagemakers\/#breadcrumb\"},\"inLanguage\":\"en-GB\",\"potentialAction\":[{\"@type\":\"ReadAction\",\"target\":[\"https:\/\/nid.pl\/2024\/05\/13\/znamy-wyniki-konkursu-heritagemakers\/\"]}]},{\"@type\":\"ImageObject\",\"inLanguage\":\"en-GB\",\"@id\":\"https:\/\/nid.pl\/2024\/05\/13\/znamy-wyniki-konkursu-heritagemakers\/#primaryimage\",\"url\":\"https:\/\/nid.pl\/wp-content\/uploads\/2024\/05\/miniaturka-fot.-Stowarzyszenie-Rozwoju-Solca-Kujawskiego.jpg\",\"contentUrl\":\"https:\/\/nid.pl\/wp-content\/uploads\/2024\/05\/miniaturka-fot.-Stowarzyszenie-Rozwoju-Solca-Kujawskiego.jpg\",\"width\":1850,\"height\":1238,\"caption\":\"fot. Stowarzyszenie Rozwoju Solca Kujawskiego\"},{\"@type\":\"BreadcrumbList\",\"@id\":\"https:\/\/nid.pl\/2024\/05\/13\/znamy-wyniki-konkursu-heritagemakers\/#breadcrumb\",\"itemListElement\":[{\"@type\":\"ListItem\",\"position\":1,\"name\":\"Home\",\"item\":\"https:\/\/nid.pl\/\"},{\"@type\":\"ListItem\",\"position\":2,\"name\":\"Znamy wyniki konkursu M\u0142odzi Europejscy Tw\u00f3rcy Dziedzictwa #HeritageMakers!\"}]},{\"@type\":\"WebSite\",\"@id\":\"https:\/\/nid.pl\/#website\",\"url\":\"https:\/\/nid.pl\/\",\"name\":\"NID\",\"description\":\"Narodowy Instytut Dziedzictwa\",\"publisher\":{\"@id\":\"https:\/\/nid.pl\/#organization\"},\"potentialAction\":[{\"@type\":\"SearchAction\",\"target\":{\"@type\":\"EntryPoint\",\"urlTemplate\":\"https:\/\/nid.pl\/?s={search_term_string}\"},\"query-input\":{\"@type\":\"PropertyValueSpecification\",\"valueRequired\":true,\"valueName\":\"search_term_string\"}}],\"inLanguage\":\"en-GB\"},{\"@type\":\"Organization\",\"@id\":\"https:\/\/nid.pl\/#organization\",\"name\":\"Narodowy Instytut Dziedzictwa\",\"url\":\"https:\/\/nid.pl\/\",\"logo\":{\"@type\":\"ImageObject\",\"inLanguage\":\"en-GB\",\"@id\":\"https:\/\/nid.pl\/#\/schema\/logo\/image\/\",\"url\":\"https:\/\/nid.pl\/wp-content\/uploads\/2022\/10\/logoRedDark.png\",\"contentUrl\":\"https:\/\/nid.pl\/wp-content\/uploads\/2022\/10\/logoRedDark.png\",\"width\":200,\"height\":197,\"caption\":\"Narodowy Instytut Dziedzictwa\"},\"image\":{\"@id\":\"https:\/\/nid.pl\/#\/schema\/logo\/image\/\"},\"sameAs\":[\"https:\/\/www.facebook.com\/zabytek\",\"https:\/\/x.com\/NarIDpl\",\"https:\/\/www.instagram.com\/nid.pl\/?hl=pl\",\"https:\/\/www.linkedin.com\/company\/narodowy-instytut-dziedzictwa\",\"https:\/\/www.youtube.com\/channel\/UCQXuhKa2uHtmNvLRUSx40JA\"]},{\"@type\":\"Person\",\"@id\":\"https:\/\/nid.pl\/#\/schema\/person\/1b690a8998a5111cfb9f0ffe24195a15\",\"name\":\"Barbara Halliop\",\"image\":{\"@type\":\"ImageObject\",\"inLanguage\":\"en-GB\",\"@id\":\"https:\/\/nid.pl\/#\/schema\/person\/image\/\",\"url\":\"https:\/\/nid.pl\/wp-content\/litespeed\/avatar\/924046d17dd0c842c9fa9ccf489bc6dc.jpg?ver=1777444967\",\"contentUrl\":\"https:\/\/nid.pl\/wp-content\/litespeed\/avatar\/924046d17dd0c842c9fa9ccf489bc6dc.jpg?ver=1777444967\",\"caption\":\"Barbara Halliop\"},\"url\":\"https:\/\/nid.pl\/en\/author\/bhalliop\/\"}]}<\/script>\n<!-- \/ Yoast SEO plugin. -->","yoast_head_json":{"title":"Znamy wyniki konkursu M\u0142odzi Europejscy Tw\u00f3rcy Dziedzictwa #HeritageMakers! - NID","robots":{"index":"index","follow":"follow","max-snippet":"max-snippet:-1","max-image-preview":"max-image-preview:large","max-video-preview":"max-video-preview:-1"},"canonical":"https:\/\/nid.pl\/en\/2024\/05\/13\/znamy-wyniki-konkursu-heritagemakers\/","og_locale":"en_GB","og_type":"article","og_title":"Znamy wyniki konkursu M\u0142odzi Europejscy Tw\u00f3rcy Dziedzictwa #HeritageMakers! - NID","og_description":"Konkurs M\u0142odzi Europejscy Tw\u00f3rcy Dziedzictwa #HeritageMakers realizowany jest w ramach Europejskich Dni Dziedzictwa. Mi\u0142o nam poinformowa\u0107, \u017ce \u201eZwierciad\u0142o dziedzictwa\u201d po\u015bwi\u0119cone historii rynku w Solcu Kujawskim, w kt\u00f3rym wzi\u0119\u0142y udzia\u0142 dzieci [&hellip;]","og_url":"https:\/\/nid.pl\/en\/2024\/05\/13\/znamy-wyniki-konkursu-heritagemakers\/","og_site_name":"NID","article_publisher":"https:\/\/www.facebook.com\/zabytek","article_published_time":"2024-05-13T07:35:52+00:00","article_modified_time":"2024-05-15T08:23:56+00:00","og_image":[{"width":1850,"height":1238,"url":"https:\/\/nid.pl\/wp-content\/uploads\/2024\/05\/miniaturka-fot.-Stowarzyszenie-Rozwoju-Solca-Kujawskiego.jpg","type":"image\/jpeg"}],"author":"Barbara Halliop","twitter_card":"summary_large_image","twitter_creator":"@NarIDpl","twitter_site":"@NarIDpl","twitter_misc":{"Written by":"Barbara Halliop","Estimated reading time":"4 minutes"},"schema":{"@context":"https:\/\/schema.org","@graph":[{"@type":"Article","@id":"https:\/\/nid.pl\/2024\/05\/13\/znamy-wyniki-konkursu-heritagemakers\/#article","isPartOf":{"@id":"https:\/\/nid.pl\/2024\/05\/13\/znamy-wyniki-konkursu-heritagemakers\/"},"author":{"name":"Barbara Halliop","@id":"https:\/\/nid.pl\/#\/schema\/person\/1b690a8998a5111cfb9f0ffe24195a15"},"headline":"Znamy wyniki konkursu M\u0142odzi Europejscy Tw\u00f3rcy Dziedzictwa #HeritageMakers!","datePublished":"2024-05-13T07:35:52+00:00","dateModified":"2024-05-15T08:23:56+00:00","mainEntityOfPage":{"@id":"https:\/\/nid.pl\/2024\/05\/13\/znamy-wyniki-konkursu-heritagemakers\/"},"wordCount":501,"publisher":{"@id":"https:\/\/nid.pl\/#organization"},"image":{"@id":"https:\/\/nid.pl\/2024\/05\/13\/znamy-wyniki-konkursu-heritagemakers\/#primaryimage"},"thumbnailUrl":"https:\/\/nid.pl\/wp-content\/uploads\/2024\/05\/miniaturka-fot.-Stowarzyszenie-Rozwoju-Solca-Kujawskiego.jpg","articleSection":["Aktualno\u015bci","EDD"],"inLanguage":"en-GB"},{"@type":"WebPage","@id":"https:\/\/nid.pl\/2024\/05\/13\/znamy-wyniki-konkursu-heritagemakers\/","url":"https:\/\/nid.pl\/2024\/05\/13\/znamy-wyniki-konkursu-heritagemakers\/","name":"Znamy wyniki konkursu M\u0142odzi Europejscy Tw\u00f3rcy Dziedzictwa #HeritageMakers! - NID","isPartOf":{"@id":"https:\/\/nid.pl\/#website"},"primaryImageOfPage":{"@id":"https:\/\/nid.pl\/2024\/05\/13\/znamy-wyniki-konkursu-heritagemakers\/#primaryimage"},"image":{"@id":"https:\/\/nid.pl\/2024\/05\/13\/znamy-wyniki-konkursu-heritagemakers\/#primaryimage"},"thumbnailUrl":"https:\/\/nid.pl\/wp-content\/uploads\/2024\/05\/miniaturka-fot.-Stowarzyszenie-Rozwoju-Solca-Kujawskiego.jpg","datePublished":"2024-05-13T07:35:52+00:00","dateModified":"2024-05-15T08:23:56+00:00","breadcrumb":{"@id":"https:\/\/nid.pl\/2024\/05\/13\/znamy-wyniki-konkursu-heritagemakers\/#breadcrumb"},"inLanguage":"en-GB","potentialAction":[{"@type":"ReadAction","target":["https:\/\/nid.pl\/2024\/05\/13\/znamy-wyniki-konkursu-heritagemakers\/"]}]},{"@type":"ImageObject","inLanguage":"en-GB","@id":"https:\/\/nid.pl\/2024\/05\/13\/znamy-wyniki-konkursu-heritagemakers\/#primaryimage","url":"https:\/\/nid.pl\/wp-content\/uploads\/2024\/05\/miniaturka-fot.-Stowarzyszenie-Rozwoju-Solca-Kujawskiego.jpg","contentUrl":"https:\/\/nid.pl\/wp-content\/uploads\/2024\/05\/miniaturka-fot.-Stowarzyszenie-Rozwoju-Solca-Kujawskiego.jpg","width":1850,"height":1238,"caption":"fot. Stowarzyszenie Rozwoju Solca Kujawskiego"},{"@type":"BreadcrumbList","@id":"https:\/\/nid.pl\/2024\/05\/13\/znamy-wyniki-konkursu-heritagemakers\/#breadcrumb","itemListElement":[{"@type":"ListItem","position":1,"name":"Home","item":"https:\/\/nid.pl\/"},{"@type":"ListItem","position":2,"name":"Znamy wyniki konkursu M\u0142odzi Europejscy Tw\u00f3rcy Dziedzictwa #HeritageMakers!"}]},{"@type":"WebSite","@id":"https:\/\/nid.pl\/#website","url":"https:\/\/nid.pl\/","name":"NID","description":"Narodowy Instytut Dziedzictwa","publisher":{"@id":"https:\/\/nid.pl\/#organization"},"potentialAction":[{"@type":"SearchAction","target":{"@type":"EntryPoint","urlTemplate":"https:\/\/nid.pl\/?s={search_term_string}"},"query-input":{"@type":"PropertyValueSpecification","valueRequired":true,"valueName":"search_term_string"}}],"inLanguage":"en-GB"},{"@type":"Organization","@id":"https:\/\/nid.pl\/#organization","name":"Narodowy Instytut Dziedzictwa","url":"https:\/\/nid.pl\/","logo":{"@type":"ImageObject","inLanguage":"en-GB","@id":"https:\/\/nid.pl\/#\/schema\/logo\/image\/","url":"https:\/\/nid.pl\/wp-content\/uploads\/2022\/10\/logoRedDark.png","contentUrl":"https:\/\/nid.pl\/wp-content\/uploads\/2022\/10\/logoRedDark.png","width":200,"height":197,"caption":"Narodowy Instytut Dziedzictwa"},"image":{"@id":"https:\/\/nid.pl\/#\/schema\/logo\/image\/"},"sameAs":["https:\/\/www.facebook.com\/zabytek","https:\/\/x.com\/NarIDpl","https:\/\/www.instagram.com\/nid.pl\/?hl=pl","https:\/\/www.linkedin.com\/company\/narodowy-instytut-dziedzictwa","https:\/\/www.youtube.com\/channel\/UCQXuhKa2uHtmNvLRUSx40JA"]},{"@type":"Person","@id":"https:\/\/nid.pl\/#\/schema\/person\/1b690a8998a5111cfb9f0ffe24195a15","name":"Barbara Halliop","image":{"@type":"ImageObject","inLanguage":"en-GB","@id":"https:\/\/nid.pl\/#\/schema\/person\/image\/","url":"https:\/\/nid.pl\/wp-content\/litespeed\/avatar\/924046d17dd0c842c9fa9ccf489bc6dc.jpg?ver=1777444967","contentUrl":"https:\/\/nid.pl\/wp-content\/litespeed\/avatar\/924046d17dd0c842c9fa9ccf489bc6dc.jpg?ver=1777444967","caption":"Barbara Halliop"},"url":"https:\/\/nid.pl\/en\/author\/bhalliop\/"}]}},"_links":{"self":[{"href":"https:\/\/nid.pl\/en\/wp-json\/wp\/v2\/posts\/18999","targetHints":{"allow":["GET"]}}],"collection":[{"href":"https:\/\/nid.pl\/en\/wp-json\/wp\/v2\/posts"}],"about":[{"href":"https:\/\/nid.pl\/en\/wp-json\/wp\/v2\/types\/post"}],"author":[{"embeddable":true,"href":"https:\/\/nid.pl\/en\/wp-json\/wp\/v2\/users\/7"}],"replies":[{"embeddable":true,"href":"https:\/\/nid.pl\/en\/wp-json\/wp\/v2\/comments?post=18999"}],"version-history":[{"count":0,"href":"https:\/\/nid.pl\/en\/wp-json\/wp\/v2\/posts\/18999\/revisions"}],"wp:featuredmedia":[{"embeddable":true,"href":"https:\/\/nid.pl\/en\/wp-json\/wp\/v2\/media\/19004"}],"wp:attachment":[{"href":"https:\/\/nid.pl\/en\/wp-json\/wp\/v2\/media?parent=18999"}],"wp:term":[{"taxonomy":"category","embeddable":true,"href":"https:\/\/nid.pl\/en\/wp-json\/wp\/v2\/categories?post=18999"},{"taxonomy":"post_tag","embeddable":true,"href":"https:\/\/nid.pl\/en\/wp-json\/wp\/v2\/tags?post=18999"}],"curies":[{"name":"wp","href":"https:\/\/api.w.org\/{rel}","templated":true}]}}