{"id":18956,"date":"2024-05-09T13:27:42","date_gmt":"2024-05-09T11:27:42","guid":{"rendered":"https:\/\/nid.pl\/?p=18956"},"modified":"2024-05-10T13:12:14","modified_gmt":"2024-05-10T11:12:14","slug":"otwarcie-wystawy-wycieczka-w-przeszlosc","status":"publish","type":"post","link":"https:\/\/nid.pl\/en\/2024\/05\/09\/otwarcie-wystawy-wycieczka-w-przeszlosc\/","title":{"rendered":"Otwarcie wystawy \u201eWycieczka w przesz\u0142o\u015b\u0107\u201d\u00a0 zorganizowanej przez Stowarzyszenie im. Ireneusza \u015alipka na rzecz dialogu polsko-\u017cydowskiego w Warcie"},"content":{"rendered":"<p><strong>06 maja 2024 r. w Warcie odby\u0142o si\u0119 uroczyste otwarcie wystawy \u201eWycieczka w przesz\u0142o\u015b\u0107\u201d. Wystaw\u0119 zorganizowa\u0142 Zarz\u0105d Stowarzyszenia im. Ireneusza \u015alipka na rzecz dialogu polsko-\u017cydowskiego w Warcie, kt\u00f3re wsp\u00f3\u0142pracuje z \u0142\u00f3dzkim Oddzia\u0142em Terenowym NID<\/strong>.<\/p>\n\n\n\n<p>Wystawa ma na celu przybli\u017cenie dziej\u00f3w spo\u0142eczno\u015bci \u017cydowskiej w Warcie oraz B\u0142aszkach. Stanowi pok\u0142osie z\u0142o\u017cenia na terenie tutejszego cmentarza \u017cydowskiego odnalezionych niedawno licznych fragment\u00f3w macew z nieistniej\u0105cych ju\u017c nekropolii b\u0142aszkowskich. Otwarciu wystawy towarzyszy\u0142o rozstrzygni\u0119cie IV Regionalnego Konkursu im. Ireneusza \u015alipka <em>pt. \u201eWarta \u2013 historia \u017cydowskiego miasteczka w obrazach \u2013 ilustracja do tekstu\u201d.<\/em><\/p>\n\n\n\n<p>W wydarzeniu udzia\u0142 wzi\u0119li cz\u0142onkowie rodziny patrona Stowarzyszenia \u2013 Ireneusza \u015alipka, burmistrzowie Warty i B\u0142aszek, m\u0142odzie\u017c z lokalnych szk\u00f3\u0142 wraz z opiekunami, spo\u0142ecznicy i mieszka\u0144cy miasta. Narodowy Instytut Dziedzictwa tego dnia reprezentowali pracownicy Oddzia\u0142u Terenowego w \u0141odzi.<\/p>\n\n\n\n<p>Ekspozycja ma charakter sta\u0142y, jest dost\u0119pna dla wszystkich zainteresowanych, plansze informacyjne umieszczono na zewn\u0119trznej stronie ogrodzenia cmentarza, kt\u00f3ry r\u00f3wnie\u017c warto zwiedzi\u0107. Mo\u017cna to zrobi\u0107 w towarzystwie spo\u0142ecznego opiekuna cmentarza (kontakt do os\u00f3b, kt\u00f3re oprowadzaj\u0105 po cmentarzu znajduje si\u0119 na tablicy informacyjnej przy wej\u015bciu na teren cmentarza).<br>Uroczysto\u015bci zako\u0144czy\u0142 wiecz\u00f3r pami\u0119ci o ofiarach II wojny \u015bwiatowej, kt\u00f3ry odby\u0142 si\u0119 na warckim rynku.<\/p>\n\n\n\n<p>Przybycie pierwszej wi\u0119kszej grupy ludno\u015bci \u017cydowskiej do Warty nast\u0105pi\u0142o w po\u0142owie XVI wieku. By\u0142a to grupa, kt\u00f3ra ucieka\u0142a z Czech przed kontrreformacj\u0105. Wkr\u00f3tce potem mia\u0142a powsta\u0107 gmina \u017cydowska. Stary cmentarz \u017cydowski w Warcie zlokalizowany by\u0142 w strefie \u015br\u00f3dmiejskiej, na p\u00f3\u0142noc od \u015bwi\u0105tyni. Kiedy liczba ludno\u015bci wyznania moj\u017ceszowego wzros\u0142a i odbywa\u0142o si\u0119 coraz wi\u0119cej poch\u00f3wk\u00f3w, zacz\u0119\u0142o brakowa\u0107 miejsca na kolejne groby. Ze wzgl\u0119du na otaczaj\u0105c\u0105 obiekt tkank\u0119 zabudowy miejskiej, jego granic nie mo\u017cna by\u0142o przesun\u0105\u0107. Wymusza\u0142o to otwarcie kolejnej nekropolii. W przypadku Warty przepe\u0142nienie nast\u0105pi\u0142o zapewne pod koniec XVIII w. Od pocz\u0105tku kolejnego stulecia pogrzeby odbywa\u0142y si\u0119 ju\u017c w nowej lokalizacji, przy ul. Deczy\u0144skiego. Najstarszy zachowany tam nagrobek pochodzi z 1812 r.&nbsp;<\/p>\n\n\n\n<p>Wi\u0119cej na temat historii cmentarzy \u017cydowskich w Warcie przeczytasz na portalu <a href=\"https:\/\/zabytek.pl\/pl\/obiekty\/cmentarz-zydowski-681612\">zabytek.pl<\/a>.<\/p>\n\n\n\n<p><\/p>\n\n\n\n<figure class=\"wp-block-image aligncenter size-large is-resized\"><img loading=\"lazy\" decoding=\"async\" width=\"768\" height=\"1024\" src=\"https:\/\/nid.pl\/wp-content\/uploads\/2024\/05\/otwarcie-wystawy-\u201eWycieczka-w-przeszlosc-fot.-NID-Anna-Michalska-768x1024.jpg\" alt=\"\" class=\"wp-image-18959\" style=\"width:586px;height:auto\" srcset=\"https:\/\/nid.pl\/wp-content\/uploads\/2024\/05\/otwarcie-wystawy-\u201eWycieczka-w-przeszlosc-fot.-NID-Anna-Michalska-768x1024.jpg 768w, https:\/\/nid.pl\/wp-content\/uploads\/2024\/05\/otwarcie-wystawy-\u201eWycieczka-w-przeszlosc-fot.-NID-Anna-Michalska-225x300.jpg 225w, https:\/\/nid.pl\/wp-content\/uploads\/2024\/05\/otwarcie-wystawy-\u201eWycieczka-w-przeszlosc-fot.-NID-Anna-Michalska-1152x1536.jpg 1152w, https:\/\/nid.pl\/wp-content\/uploads\/2024\/05\/otwarcie-wystawy-\u201eWycieczka-w-przeszlosc-fot.-NID-Anna-Michalska-1536x2048.jpg 1536w, https:\/\/nid.pl\/wp-content\/uploads\/2024\/05\/otwarcie-wystawy-\u201eWycieczka-w-przeszlosc-fot.-NID-Anna-Michalska-9x12.jpg 9w, https:\/\/nid.pl\/wp-content\/uploads\/2024\/05\/otwarcie-wystawy-\u201eWycieczka-w-przeszlosc-fot.-NID-Anna-Michalska-1080x1440.jpg 1080w, https:\/\/nid.pl\/wp-content\/uploads\/2024\/05\/otwarcie-wystawy-\u201eWycieczka-w-przeszlosc-fot.-NID-Anna-Michalska-1280x1707.jpg 1280w, https:\/\/nid.pl\/wp-content\/uploads\/2024\/05\/otwarcie-wystawy-\u201eWycieczka-w-przeszlosc-fot.-NID-Anna-Michalska-980x1307.jpg 980w, https:\/\/nid.pl\/wp-content\/uploads\/2024\/05\/otwarcie-wystawy-\u201eWycieczka-w-przeszlosc-fot.-NID-Anna-Michalska-480x640.jpg 480w, https:\/\/nid.pl\/wp-content\/uploads\/2024\/05\/otwarcie-wystawy-\u201eWycieczka-w-przeszlosc-fot.-NID-Anna-Michalska-scaled.jpg 1920w\" sizes=\"(max-width: 768px) 100vw, 768px\" \/><figcaption class=\"wp-element-caption\">Otwarcie wystawy \u201eWycieczka w przesz\u0142o\u015b\u0107\u201d, fot.\/ NID Anna Michalska<\/figcaption><\/figure>\n\n\n\n<figure class=\"wp-block-image aligncenter size-large is-resized\"><img loading=\"lazy\" decoding=\"async\" width=\"1024\" height=\"768\" src=\"https:\/\/nid.pl\/wp-content\/uploads\/2024\/05\/przemowienie-podczas-otwarcia-wystawy-fot.-NID-Anna-Michalska-1024x768.jpg\" alt=\"\" class=\"wp-image-18960\" style=\"width:683px;height:auto\" srcset=\"https:\/\/nid.pl\/wp-content\/uploads\/2024\/05\/przemowienie-podczas-otwarcia-wystawy-fot.-NID-Anna-Michalska-980x735.jpg 980w, https:\/\/nid.pl\/wp-content\/uploads\/2024\/05\/przemowienie-podczas-otwarcia-wystawy-fot.-NID-Anna-Michalska-480x360.jpg 480w\" sizes=\"(min-width: 0px) and (max-width: 480px) 480px, (min-width: 481px) and (max-width: 980px) 980px, (min-width: 981px) 1024px, 100vw\" \/><figcaption class=\"wp-element-caption\">Przem\u00f3wienie podczas otwarcia wystawy, fot. NID\/ Anna Michalska<\/figcaption><\/figure>\n\n\n\n<figure class=\"wp-block-image aligncenter size-large is-resized\"><img loading=\"lazy\" decoding=\"async\" width=\"1024\" height=\"768\" src=\"https:\/\/nid.pl\/wp-content\/uploads\/2024\/05\/rysunki-konkursowe-na-ogrodzeniu-cmentarza-zydowskiego-w-Warcie-fot.-NID-Anna-Michalska-1024x768.jpg\" alt=\"\" class=\"wp-image-18961\" style=\"width:683px;height:auto\" srcset=\"https:\/\/nid.pl\/wp-content\/uploads\/2024\/05\/rysunki-konkursowe-na-ogrodzeniu-cmentarza-zydowskiego-w-Warcie-fot.-NID-Anna-Michalska-980x735.jpg 980w, https:\/\/nid.pl\/wp-content\/uploads\/2024\/05\/rysunki-konkursowe-na-ogrodzeniu-cmentarza-zydowskiego-w-Warcie-fot.-NID-Anna-Michalska-480x360.jpg 480w\" sizes=\"(min-width: 0px) and (max-width: 480px) 480px, (min-width: 481px) and (max-width: 980px) 980px, (min-width: 981px) 1024px, 100vw\" \/><figcaption class=\"wp-element-caption\">Rysunki konkursowe na ogrodzeniu cmentarza \u017cydowskiego w Warcie, fot. NID\/ Anna Michalska<\/figcaption><\/figure>\n\n\n\n<figure class=\"wp-block-image aligncenter size-large is-resized\"><img loading=\"lazy\" decoding=\"async\" width=\"768\" height=\"1024\" src=\"https:\/\/nid.pl\/wp-content\/uploads\/2024\/05\/macewy-z-Blaszek-zlozone-na-cmentarzu-zydowskim-w-Warcie-fot.-NID-Anna-Michalska-768x1024.jpg\" alt=\"\" class=\"wp-image-18958\" style=\"width:588px;height:auto\"\/><figcaption class=\"wp-element-caption\">Macewy z B\u0142aszek z\u0142o\u017cone na cmentarzu \u017cydowskim w Warcie, fot. NID\/ Anna Michalska<\/figcaption><\/figure>","protected":false},"excerpt":{"rendered":"<p>06 maja 2024 r. w Warcie odby\u0142o si\u0119 uroczyste otwarcie wystawy \u201eWycieczka w przesz\u0142o\u015b\u0107\u201d. Wystaw\u0119 zorganizowa\u0142 Zarz\u0105d Stowarzyszenia im. Ireneusza \u015alipka na rzecz dialogu polsko-\u017cydowskiego w Warcie, kt\u00f3re wsp\u00f3\u0142pracuje z [&hellip;]<\/p>","protected":false},"author":7,"featured_media":18963,"comment_status":"closed","ping_status":"closed","sticky":false,"template":"","format":"standard","meta":{"_et_pb_use_builder":"off","_et_pb_old_content":"","_et_gb_content_width":"","_monsterinsights_skip_tracking":false,"_monsterinsights_sitenote_active":false,"_monsterinsights_sitenote_note":"","_monsterinsights_sitenote_category":0,"footnotes":""},"categories":[3],"tags":[],"class_list":["post-18956","post","type-post","status-publish","format-standard","has-post-thumbnail","hentry","category-aktualnosci"],"yoast_head":"<!-- This site is optimized with the Yoast SEO plugin v26.5 - https:\/\/yoast.com\/wordpress\/plugins\/seo\/ -->\n<title>Otwarcie wystawy \u201eWycieczka w przesz\u0142o\u015b\u0107\u201d\u00a0 zorganizowanej przez Stowarzyszenie im. Ireneusza \u015alipka na rzecz dialogu polsko-\u017cydowskiego w Warcie - NID<\/title>\n<meta name=\"robots\" content=\"index, follow, max-snippet:-1, max-image-preview:large, max-video-preview:-1\" \/>\n<link rel=\"canonical\" href=\"https:\/\/nid.pl\/en\/2024\/05\/09\/otwarcie-wystawy-wycieczka-w-przeszlosc\/\" \/>\n<meta property=\"og:locale\" content=\"en_GB\" \/>\n<meta property=\"og:type\" content=\"article\" \/>\n<meta property=\"og:title\" content=\"Otwarcie wystawy \u201eWycieczka w przesz\u0142o\u015b\u0107\u201d\u00a0 zorganizowanej przez Stowarzyszenie im. Ireneusza \u015alipka na rzecz dialogu polsko-\u017cydowskiego w Warcie - NID\" \/>\n<meta property=\"og:description\" content=\"06 maja 2024 r. w Warcie odby\u0142o si\u0119 uroczyste otwarcie wystawy \u201eWycieczka w przesz\u0142o\u015b\u0107\u201d. Wystaw\u0119 zorganizowa\u0142 Zarz\u0105d Stowarzyszenia im. Ireneusza \u015alipka na rzecz dialogu polsko-\u017cydowskiego w Warcie, kt\u00f3re wsp\u00f3\u0142pracuje z [&hellip;]\" \/>\n<meta property=\"og:url\" content=\"https:\/\/nid.pl\/en\/2024\/05\/09\/otwarcie-wystawy-wycieczka-w-przeszlosc\/\" \/>\n<meta property=\"og:site_name\" content=\"NID\" \/>\n<meta property=\"article:publisher\" content=\"https:\/\/www.facebook.com\/zabytek\" \/>\n<meta property=\"article:published_time\" content=\"2024-05-09T11:27:42+00:00\" \/>\n<meta property=\"article:modified_time\" content=\"2024-05-10T11:12:14+00:00\" \/>\n<meta property=\"og:image\" content=\"https:\/\/nid.pl\/wp-content\/uploads\/2024\/05\/miniaturka-tablice-informacyjne-na-ogrodzeniu-cmentarza-zydowskiego-w-Warcie.jpg\" \/>\n\t<meta property=\"og:image:width\" content=\"1850\" \/>\n\t<meta property=\"og:image:height\" content=\"1238\" \/>\n\t<meta property=\"og:image:type\" content=\"image\/jpeg\" \/>\n<meta name=\"author\" content=\"Barbara Halliop\" \/>\n<meta name=\"twitter:card\" content=\"summary_large_image\" \/>\n<meta name=\"twitter:creator\" content=\"@NarIDpl\" \/>\n<meta name=\"twitter:site\" content=\"@NarIDpl\" \/>\n<meta name=\"twitter:label1\" content=\"Written by\" \/>\n\t<meta name=\"twitter:data1\" content=\"Barbara Halliop\" \/>\n\t<meta name=\"twitter:label2\" content=\"Estimated reading time\" \/>\n\t<meta name=\"twitter:data2\" content=\"4 minutes\" \/>\n<script type=\"application\/ld+json\" class=\"yoast-schema-graph\">{\"@context\":\"https:\/\/schema.org\",\"@graph\":[{\"@type\":\"Article\",\"@id\":\"https:\/\/nid.pl\/2024\/05\/09\/otwarcie-wystawy-wycieczka-w-przeszlosc\/#article\",\"isPartOf\":{\"@id\":\"https:\/\/nid.pl\/2024\/05\/09\/otwarcie-wystawy-wycieczka-w-przeszlosc\/\"},\"author\":{\"name\":\"Barbara Halliop\",\"@id\":\"https:\/\/nid.pl\/#\/schema\/person\/1b690a8998a5111cfb9f0ffe24195a15\"},\"headline\":\"Otwarcie wystawy \u201eWycieczka w przesz\u0142o\u015b\u0107\u201d\u00a0 zorganizowanej przez Stowarzyszenie im. Ireneusza \u015alipka na rzecz dialogu polsko-\u017cydowskiego w Warcie\",\"datePublished\":\"2024-05-09T11:27:42+00:00\",\"dateModified\":\"2024-05-10T11:12:14+00:00\",\"mainEntityOfPage\":{\"@id\":\"https:\/\/nid.pl\/2024\/05\/09\/otwarcie-wystawy-wycieczka-w-przeszlosc\/\"},\"wordCount\":444,\"publisher\":{\"@id\":\"https:\/\/nid.pl\/#organization\"},\"image\":{\"@id\":\"https:\/\/nid.pl\/2024\/05\/09\/otwarcie-wystawy-wycieczka-w-przeszlosc\/#primaryimage\"},\"thumbnailUrl\":\"https:\/\/nid.pl\/wp-content\/uploads\/2024\/05\/miniaturka-tablice-informacyjne-na-ogrodzeniu-cmentarza-zydowskiego-w-Warcie.jpg\",\"articleSection\":[\"Aktualno\u015bci\"],\"inLanguage\":\"en-GB\"},{\"@type\":\"WebPage\",\"@id\":\"https:\/\/nid.pl\/2024\/05\/09\/otwarcie-wystawy-wycieczka-w-przeszlosc\/\",\"url\":\"https:\/\/nid.pl\/2024\/05\/09\/otwarcie-wystawy-wycieczka-w-przeszlosc\/\",\"name\":\"Otwarcie wystawy \u201eWycieczka w przesz\u0142o\u015b\u0107\u201d\u00a0 zorganizowanej przez Stowarzyszenie im. Ireneusza \u015alipka na rzecz dialogu polsko-\u017cydowskiego w Warcie - NID\",\"isPartOf\":{\"@id\":\"https:\/\/nid.pl\/#website\"},\"primaryImageOfPage\":{\"@id\":\"https:\/\/nid.pl\/2024\/05\/09\/otwarcie-wystawy-wycieczka-w-przeszlosc\/#primaryimage\"},\"image\":{\"@id\":\"https:\/\/nid.pl\/2024\/05\/09\/otwarcie-wystawy-wycieczka-w-przeszlosc\/#primaryimage\"},\"thumbnailUrl\":\"https:\/\/nid.pl\/wp-content\/uploads\/2024\/05\/miniaturka-tablice-informacyjne-na-ogrodzeniu-cmentarza-zydowskiego-w-Warcie.jpg\",\"datePublished\":\"2024-05-09T11:27:42+00:00\",\"dateModified\":\"2024-05-10T11:12:14+00:00\",\"breadcrumb\":{\"@id\":\"https:\/\/nid.pl\/2024\/05\/09\/otwarcie-wystawy-wycieczka-w-przeszlosc\/#breadcrumb\"},\"inLanguage\":\"en-GB\",\"potentialAction\":[{\"@type\":\"ReadAction\",\"target\":[\"https:\/\/nid.pl\/2024\/05\/09\/otwarcie-wystawy-wycieczka-w-przeszlosc\/\"]}]},{\"@type\":\"ImageObject\",\"inLanguage\":\"en-GB\",\"@id\":\"https:\/\/nid.pl\/2024\/05\/09\/otwarcie-wystawy-wycieczka-w-przeszlosc\/#primaryimage\",\"url\":\"https:\/\/nid.pl\/wp-content\/uploads\/2024\/05\/miniaturka-tablice-informacyjne-na-ogrodzeniu-cmentarza-zydowskiego-w-Warcie.jpg\",\"contentUrl\":\"https:\/\/nid.pl\/wp-content\/uploads\/2024\/05\/miniaturka-tablice-informacyjne-na-ogrodzeniu-cmentarza-zydowskiego-w-Warcie.jpg\",\"width\":1850,\"height\":1238,\"caption\":\"miniaturka tablice informacyjne na ogrodzeniu cmentarza \u017cydowskiego w Warcie, fot. NID\/ Anna Michalska\"},{\"@type\":\"BreadcrumbList\",\"@id\":\"https:\/\/nid.pl\/2024\/05\/09\/otwarcie-wystawy-wycieczka-w-przeszlosc\/#breadcrumb\",\"itemListElement\":[{\"@type\":\"ListItem\",\"position\":1,\"name\":\"Home\",\"item\":\"https:\/\/nid.pl\/\"},{\"@type\":\"ListItem\",\"position\":2,\"name\":\"Otwarcie wystawy \u201eWycieczka w przesz\u0142o\u015b\u0107\u201d\u00a0 zorganizowanej przez Stowarzyszenie im. Ireneusza \u015alipka na rzecz dialogu polsko-\u017cydowskiego w Warcie\"}]},{\"@type\":\"WebSite\",\"@id\":\"https:\/\/nid.pl\/#website\",\"url\":\"https:\/\/nid.pl\/\",\"name\":\"NID\",\"description\":\"Narodowy Instytut Dziedzictwa\",\"publisher\":{\"@id\":\"https:\/\/nid.pl\/#organization\"},\"potentialAction\":[{\"@type\":\"SearchAction\",\"target\":{\"@type\":\"EntryPoint\",\"urlTemplate\":\"https:\/\/nid.pl\/?s={search_term_string}\"},\"query-input\":{\"@type\":\"PropertyValueSpecification\",\"valueRequired\":true,\"valueName\":\"search_term_string\"}}],\"inLanguage\":\"en-GB\"},{\"@type\":\"Organization\",\"@id\":\"https:\/\/nid.pl\/#organization\",\"name\":\"Narodowy Instytut Dziedzictwa\",\"url\":\"https:\/\/nid.pl\/\",\"logo\":{\"@type\":\"ImageObject\",\"inLanguage\":\"en-GB\",\"@id\":\"https:\/\/nid.pl\/#\/schema\/logo\/image\/\",\"url\":\"https:\/\/nid.pl\/wp-content\/uploads\/2022\/10\/logoRedDark.png\",\"contentUrl\":\"https:\/\/nid.pl\/wp-content\/uploads\/2022\/10\/logoRedDark.png\",\"width\":200,\"height\":197,\"caption\":\"Narodowy Instytut Dziedzictwa\"},\"image\":{\"@id\":\"https:\/\/nid.pl\/#\/schema\/logo\/image\/\"},\"sameAs\":[\"https:\/\/www.facebook.com\/zabytek\",\"https:\/\/x.com\/NarIDpl\",\"https:\/\/www.instagram.com\/nid.pl\/?hl=pl\",\"https:\/\/www.linkedin.com\/company\/narodowy-instytut-dziedzictwa\",\"https:\/\/www.youtube.com\/channel\/UCQXuhKa2uHtmNvLRUSx40JA\"]},{\"@type\":\"Person\",\"@id\":\"https:\/\/nid.pl\/#\/schema\/person\/1b690a8998a5111cfb9f0ffe24195a15\",\"name\":\"Barbara Halliop\",\"image\":{\"@type\":\"ImageObject\",\"inLanguage\":\"en-GB\",\"@id\":\"https:\/\/nid.pl\/#\/schema\/person\/image\/\",\"url\":\"https:\/\/nid.pl\/wp-content\/litespeed\/avatar\/924046d17dd0c842c9fa9ccf489bc6dc.jpg?ver=1777444967\",\"contentUrl\":\"https:\/\/nid.pl\/wp-content\/litespeed\/avatar\/924046d17dd0c842c9fa9ccf489bc6dc.jpg?ver=1777444967\",\"caption\":\"Barbara Halliop\"},\"url\":\"https:\/\/nid.pl\/en\/author\/bhalliop\/\"}]}<\/script>\n<!-- \/ Yoast SEO plugin. -->","yoast_head_json":{"title":"Otwarcie wystawy \u201eWycieczka w przesz\u0142o\u015b\u0107\u201d\u00a0 zorganizowanej przez Stowarzyszenie im. Ireneusza \u015alipka na rzecz dialogu polsko-\u017cydowskiego w Warcie - NID","robots":{"index":"index","follow":"follow","max-snippet":"max-snippet:-1","max-image-preview":"max-image-preview:large","max-video-preview":"max-video-preview:-1"},"canonical":"https:\/\/nid.pl\/en\/2024\/05\/09\/otwarcie-wystawy-wycieczka-w-przeszlosc\/","og_locale":"en_GB","og_type":"article","og_title":"Otwarcie wystawy \u201eWycieczka w przesz\u0142o\u015b\u0107\u201d\u00a0 zorganizowanej przez Stowarzyszenie im. Ireneusza \u015alipka na rzecz dialogu polsko-\u017cydowskiego w Warcie - NID","og_description":"06 maja 2024 r. w Warcie odby\u0142o si\u0119 uroczyste otwarcie wystawy \u201eWycieczka w przesz\u0142o\u015b\u0107\u201d. Wystaw\u0119 zorganizowa\u0142 Zarz\u0105d Stowarzyszenia im. Ireneusza \u015alipka na rzecz dialogu polsko-\u017cydowskiego w Warcie, kt\u00f3re wsp\u00f3\u0142pracuje z [&hellip;]","og_url":"https:\/\/nid.pl\/en\/2024\/05\/09\/otwarcie-wystawy-wycieczka-w-przeszlosc\/","og_site_name":"NID","article_publisher":"https:\/\/www.facebook.com\/zabytek","article_published_time":"2024-05-09T11:27:42+00:00","article_modified_time":"2024-05-10T11:12:14+00:00","og_image":[{"width":1850,"height":1238,"url":"https:\/\/nid.pl\/wp-content\/uploads\/2024\/05\/miniaturka-tablice-informacyjne-na-ogrodzeniu-cmentarza-zydowskiego-w-Warcie.jpg","type":"image\/jpeg"}],"author":"Barbara Halliop","twitter_card":"summary_large_image","twitter_creator":"@NarIDpl","twitter_site":"@NarIDpl","twitter_misc":{"Written by":"Barbara Halliop","Estimated reading time":"4 minutes"},"schema":{"@context":"https:\/\/schema.org","@graph":[{"@type":"Article","@id":"https:\/\/nid.pl\/2024\/05\/09\/otwarcie-wystawy-wycieczka-w-przeszlosc\/#article","isPartOf":{"@id":"https:\/\/nid.pl\/2024\/05\/09\/otwarcie-wystawy-wycieczka-w-przeszlosc\/"},"author":{"name":"Barbara Halliop","@id":"https:\/\/nid.pl\/#\/schema\/person\/1b690a8998a5111cfb9f0ffe24195a15"},"headline":"Otwarcie wystawy \u201eWycieczka w przesz\u0142o\u015b\u0107\u201d\u00a0 zorganizowanej przez Stowarzyszenie im. Ireneusza \u015alipka na rzecz dialogu polsko-\u017cydowskiego w Warcie","datePublished":"2024-05-09T11:27:42+00:00","dateModified":"2024-05-10T11:12:14+00:00","mainEntityOfPage":{"@id":"https:\/\/nid.pl\/2024\/05\/09\/otwarcie-wystawy-wycieczka-w-przeszlosc\/"},"wordCount":444,"publisher":{"@id":"https:\/\/nid.pl\/#organization"},"image":{"@id":"https:\/\/nid.pl\/2024\/05\/09\/otwarcie-wystawy-wycieczka-w-przeszlosc\/#primaryimage"},"thumbnailUrl":"https:\/\/nid.pl\/wp-content\/uploads\/2024\/05\/miniaturka-tablice-informacyjne-na-ogrodzeniu-cmentarza-zydowskiego-w-Warcie.jpg","articleSection":["Aktualno\u015bci"],"inLanguage":"en-GB"},{"@type":"WebPage","@id":"https:\/\/nid.pl\/2024\/05\/09\/otwarcie-wystawy-wycieczka-w-przeszlosc\/","url":"https:\/\/nid.pl\/2024\/05\/09\/otwarcie-wystawy-wycieczka-w-przeszlosc\/","name":"Otwarcie wystawy \u201eWycieczka w przesz\u0142o\u015b\u0107\u201d\u00a0 zorganizowanej przez Stowarzyszenie im. Ireneusza \u015alipka na rzecz dialogu polsko-\u017cydowskiego w Warcie - NID","isPartOf":{"@id":"https:\/\/nid.pl\/#website"},"primaryImageOfPage":{"@id":"https:\/\/nid.pl\/2024\/05\/09\/otwarcie-wystawy-wycieczka-w-przeszlosc\/#primaryimage"},"image":{"@id":"https:\/\/nid.pl\/2024\/05\/09\/otwarcie-wystawy-wycieczka-w-przeszlosc\/#primaryimage"},"thumbnailUrl":"https:\/\/nid.pl\/wp-content\/uploads\/2024\/05\/miniaturka-tablice-informacyjne-na-ogrodzeniu-cmentarza-zydowskiego-w-Warcie.jpg","datePublished":"2024-05-09T11:27:42+00:00","dateModified":"2024-05-10T11:12:14+00:00","breadcrumb":{"@id":"https:\/\/nid.pl\/2024\/05\/09\/otwarcie-wystawy-wycieczka-w-przeszlosc\/#breadcrumb"},"inLanguage":"en-GB","potentialAction":[{"@type":"ReadAction","target":["https:\/\/nid.pl\/2024\/05\/09\/otwarcie-wystawy-wycieczka-w-przeszlosc\/"]}]},{"@type":"ImageObject","inLanguage":"en-GB","@id":"https:\/\/nid.pl\/2024\/05\/09\/otwarcie-wystawy-wycieczka-w-przeszlosc\/#primaryimage","url":"https:\/\/nid.pl\/wp-content\/uploads\/2024\/05\/miniaturka-tablice-informacyjne-na-ogrodzeniu-cmentarza-zydowskiego-w-Warcie.jpg","contentUrl":"https:\/\/nid.pl\/wp-content\/uploads\/2024\/05\/miniaturka-tablice-informacyjne-na-ogrodzeniu-cmentarza-zydowskiego-w-Warcie.jpg","width":1850,"height":1238,"caption":"miniaturka tablice informacyjne na ogrodzeniu cmentarza \u017cydowskiego w Warcie, fot. NID\/ Anna Michalska"},{"@type":"BreadcrumbList","@id":"https:\/\/nid.pl\/2024\/05\/09\/otwarcie-wystawy-wycieczka-w-przeszlosc\/#breadcrumb","itemListElement":[{"@type":"ListItem","position":1,"name":"Home","item":"https:\/\/nid.pl\/"},{"@type":"ListItem","position":2,"name":"Otwarcie wystawy \u201eWycieczka w przesz\u0142o\u015b\u0107\u201d\u00a0 zorganizowanej przez Stowarzyszenie im. Ireneusza \u015alipka na rzecz dialogu polsko-\u017cydowskiego w Warcie"}]},{"@type":"WebSite","@id":"https:\/\/nid.pl\/#website","url":"https:\/\/nid.pl\/","name":"NID","description":"Narodowy Instytut Dziedzictwa","publisher":{"@id":"https:\/\/nid.pl\/#organization"},"potentialAction":[{"@type":"SearchAction","target":{"@type":"EntryPoint","urlTemplate":"https:\/\/nid.pl\/?s={search_term_string}"},"query-input":{"@type":"PropertyValueSpecification","valueRequired":true,"valueName":"search_term_string"}}],"inLanguage":"en-GB"},{"@type":"Organization","@id":"https:\/\/nid.pl\/#organization","name":"Narodowy Instytut Dziedzictwa","url":"https:\/\/nid.pl\/","logo":{"@type":"ImageObject","inLanguage":"en-GB","@id":"https:\/\/nid.pl\/#\/schema\/logo\/image\/","url":"https:\/\/nid.pl\/wp-content\/uploads\/2022\/10\/logoRedDark.png","contentUrl":"https:\/\/nid.pl\/wp-content\/uploads\/2022\/10\/logoRedDark.png","width":200,"height":197,"caption":"Narodowy Instytut Dziedzictwa"},"image":{"@id":"https:\/\/nid.pl\/#\/schema\/logo\/image\/"},"sameAs":["https:\/\/www.facebook.com\/zabytek","https:\/\/x.com\/NarIDpl","https:\/\/www.instagram.com\/nid.pl\/?hl=pl","https:\/\/www.linkedin.com\/company\/narodowy-instytut-dziedzictwa","https:\/\/www.youtube.com\/channel\/UCQXuhKa2uHtmNvLRUSx40JA"]},{"@type":"Person","@id":"https:\/\/nid.pl\/#\/schema\/person\/1b690a8998a5111cfb9f0ffe24195a15","name":"Barbara Halliop","image":{"@type":"ImageObject","inLanguage":"en-GB","@id":"https:\/\/nid.pl\/#\/schema\/person\/image\/","url":"https:\/\/nid.pl\/wp-content\/litespeed\/avatar\/924046d17dd0c842c9fa9ccf489bc6dc.jpg?ver=1777444967","contentUrl":"https:\/\/nid.pl\/wp-content\/litespeed\/avatar\/924046d17dd0c842c9fa9ccf489bc6dc.jpg?ver=1777444967","caption":"Barbara Halliop"},"url":"https:\/\/nid.pl\/en\/author\/bhalliop\/"}]}},"_links":{"self":[{"href":"https:\/\/nid.pl\/en\/wp-json\/wp\/v2\/posts\/18956","targetHints":{"allow":["GET"]}}],"collection":[{"href":"https:\/\/nid.pl\/en\/wp-json\/wp\/v2\/posts"}],"about":[{"href":"https:\/\/nid.pl\/en\/wp-json\/wp\/v2\/types\/post"}],"author":[{"embeddable":true,"href":"https:\/\/nid.pl\/en\/wp-json\/wp\/v2\/users\/7"}],"replies":[{"embeddable":true,"href":"https:\/\/nid.pl\/en\/wp-json\/wp\/v2\/comments?post=18956"}],"version-history":[{"count":0,"href":"https:\/\/nid.pl\/en\/wp-json\/wp\/v2\/posts\/18956\/revisions"}],"wp:featuredmedia":[{"embeddable":true,"href":"https:\/\/nid.pl\/en\/wp-json\/wp\/v2\/media\/18963"}],"wp:attachment":[{"href":"https:\/\/nid.pl\/en\/wp-json\/wp\/v2\/media?parent=18956"}],"wp:term":[{"taxonomy":"category","embeddable":true,"href":"https:\/\/nid.pl\/en\/wp-json\/wp\/v2\/categories?post=18956"},{"taxonomy":"post_tag","embeddable":true,"href":"https:\/\/nid.pl\/en\/wp-json\/wp\/v2\/tags?post=18956"}],"curies":[{"name":"wp","href":"https:\/\/api.w.org\/{rel}","templated":true}]}}