{"id":18945,"date":"2024-05-08T09:27:05","date_gmt":"2024-05-08T07:27:05","guid":{"rendered":"https:\/\/nid.pl\/?p=18945"},"modified":"2024-05-08T12:57:02","modified_gmt":"2024-05-08T10:57:02","slug":"ii-forum-dziedzictwa-kultury-przemyslowej","status":"publish","type":"post","link":"https:\/\/nid.pl\/en\/2024\/05\/08\/ii-forum-dziedzictwa-kultury-przemyslowej\/","title":{"rendered":"II Forum Dziedzictwa Kultury Przemys\u0142owej"},"content":{"rendered":"<p><strong>Zapraszamy na konferencj\u0119 organizowan\u0105 przez Regionalny Instytut Kultury im. Wojciecha Korfantego. II Forum Dziedzictwa Kultury Przemys\u0142owej odb\u0119dzie si\u0119 w dn. 17 &#8211; 18 maja w Katowicach i Ostrawie. Patronat nad wydarzeniem obj\u0105\u0142 Narodowy Instytut Dziedzictwa.<\/strong><\/p>\n\n\n\n<p>\u2013 <em>Chcemy ponownie zwr\u00f3ci\u0107 uwag\u0119 na&nbsp;to, jak wielki potencja\u0142 kryje si\u0119 w&nbsp;dziedzictwie przemys\u0142owym, kt\u00f3re nie musi by\u0107 zawad\u0105, lecz wielk\u0105 szans\u0105 dla miast i&nbsp;region\u00f3w<\/em> \u2013 ide\u0119 Forum t\u0142umaczy <strong>Dorota Pociask-Fr\u0105cek<\/strong>, Dyrektor Instytutu im.&nbsp;Wojciecha Korfantego, pomys\u0142odawczyni projektu.<\/p>\n\n\n\n<p><strong>Program II edycji Forum obejmuje:<\/strong><\/p>\n\n\n\n<ul class=\"wp-block-list\">\n<li><strong>17\/05 Konferencja \u201ePi\u0119kno ocalone. Wsp\u00f3\u0142czesna architektura w&nbsp;zabytku postindustrialnym\u201d<\/strong><\/li>\n<\/ul>\n\n\n\n<p>10:00 \/ Prof.&nbsp;Irma Kozina:&nbsp;<em>Architektura wsp\u00f3\u0142czesna w&nbsp;zabytku postindustrialnym<\/em><br>10:45 \/ Robert Konieczny:&nbsp;<em>Dziedzictwo szans\u0105 na&nbsp;rozw\u00f3j i&nbsp;innowacyjno\u015b\u0107 na&nbsp;przyk\u0142adzie Galerii Sztuki Wsp\u00f3\u0142czesnej PLATO w&nbsp;Ostrawie<\/em><br>11:15 \/ Krzysztof Mycielski i&nbsp;Rafa\u0142 Zelent:&nbsp;<em>Zmiana standardu, przeznaczenia i&nbsp;odzia\u0142ywania budynku jako szansa na&nbsp;ocalenie genius locci<\/em><br>11:45 \/ Przerwa<br>12:15 \/ Jacek Friedrich:&nbsp;<em>NOMUS \u2013 sztuka na&nbsp;terenach postoczniowych<\/em><br>12:45 \/ Jacek Kurek:&nbsp;<em>W&nbsp;Kr\u00f3lestwie \u017belaza ogie\u0144 wci\u0105\u017c p\u0142onie<\/em><br>13:15 \/ Dyskusja ko\u0144cowa i&nbsp;podsumowanie obrad<br>Wst\u0119p na wydarzenie jest wolny.<\/p>\n\n\n\n<ul class=\"wp-block-list\">\n<li><strong>18\/05 Wizyta studyjna w\u00a0Galerii Sztuki Wsp\u00f3\u0142czesnej PLATO w\u00a0Ostrawie<\/strong><\/li>\n<\/ul>\n\n\n\n<p>9.30 zbi\u00f3rka &#8211; Mi\u0119dzynarodowy Dworzec Autobusowy &#8211; Centrum Przesiadkowe, Katowice ul.\u00a0 S\u0105dowa<br>10.00 &#8211; wyjazd do Ostrawy<br>11.30 \u00a0&#8211; oprowadzenie kuratorskie po Galerii Sztuki Wsp\u00f3\u0142czesnej PLATO z udzia\u0142em architekta Roberta Koniecznego<br>14.30 &#8211; wyjazd do Katowic<\/p>\n\n\n\n<p><strong>Bilety s\u0105 do nabycia w siedzibie Instytutu im. Wojciecha Korfantego<\/strong> (ul. Teatralna 4 w Katowicach) w godz. 9:00-15:30<br> (sklep &#8211; III pi\u0119tro). Cena biletu &#8211; 55 z\u0142. Ilo\u015b\u0107 miejsc jest ograniczona.<\/p>\n\n\n\n<p>Galeria Plato Ostrava to galeria sztuki wsp\u00f3\u0142czesnej, kt\u00f3ra powsta\u0142a w zmodernizowanych budynkach starej rze\u017ani. Autorem jej przebudowy i adaptacji jest pracownia KWK Promes Roberta Koniecznego. Projekt otrzyma\u0142 nominacj\u0119 do Nagrody im. Nagrody im. Miesa van der Rohe 2024.<\/p>\n\n\n\n<p>Wizyta studyjna odbywa si\u0119 w ramach II Forum Dziedzictwa Kultury Przemys\u0142owej jako przyk\u0142ad dobrej praktyki projektowej ukierunkowanej na modernizacj\u0119 zdewastowanych obiekt\u00f3w poprzemys\u0142owych.<\/p>\n\n\n\n<p>Forum Dziedzictwa Kultury Przemys\u0142owej to&nbsp;interdyscyplinarny projekt z&nbsp;zakresu upowszechnienia nowoczesnych form przekazu kulturowego z&nbsp;obszaru przemys\u0142u kreatywnego, w&nbsp;tym ochrony i&nbsp;promowania dziedzictwa kultury przemys\u0142owej jako elementu budowania marki miasta, regionu, pa\u0144stwa oraz&nbsp;kszta\u0142towania polskiej i&nbsp;europejskiej polityki turystki kulturowej.<\/p>\n\n\n\n<p>Konieczna jest ci\u0105g\u0142a dyskusja na&nbsp;temat rewitalizacji obiekt\u00f3w poprzemys\u0142owych i&nbsp;zaproponowania im nowych funkcji publiczno-kulturowo-handlowych, kt\u00f3re nie tylko urozmaic\u0105 krajobraz, ale&nbsp;wzbogac\u0105 infrastruktur\u0119 kulturow\u0105, co bezpo\u015brednio prze\u0142o\u017cy si\u0119 na&nbsp;dzia\u0142alno\u015b\u0107 gospodarcz\u0105.<\/p>\n\n\n\n<p><strong>Partnerami wydarzenia s\u0105<\/strong>: Narodowy Instytut Dziedzictwa i Galeria Sztuki Wsp\u00f3\u0142czesnej PLATO w Ostrawie.<\/p>\n\n\n\n<p><strong>Patronaty medialne&nbsp; sprawuj\u0105<\/strong>: TVP3 Katowice, Polskie Radio Katowice, \u015al\u0105zag.<\/p>\n\n\n\n<figure class=\"wp-block-image aligncenter size-large is-resized\"><img loading=\"lazy\" decoding=\"async\" width=\"1024\" height=\"576\" src=\"https:\/\/nid.pl\/wp-content\/uploads\/2024\/05\/II-FDKP-Plansza-NID-17-18.05.24-1920x1080-1-1024x576.png\" alt=\"\" class=\"wp-image-18947\" style=\"width:877px;height:auto\" srcset=\"https:\/\/nid.pl\/wp-content\/uploads\/2024\/05\/II-FDKP-Plansza-NID-17-18.05.24-1920x1080-1-980x551.png 980w, https:\/\/nid.pl\/wp-content\/uploads\/2024\/05\/II-FDKP-Plansza-NID-17-18.05.24-1920x1080-1-480x270.png 480w\" sizes=\"(min-width: 0px) and (max-width: 480px) 480px, (min-width: 481px) and (max-width: 980px) 980px, (min-width: 981px) 1024px, 100vw\" \/><\/figure>\n\n\n\n<figure class=\"wp-block-image aligncenter size-large is-resized\"><img loading=\"lazy\" decoding=\"async\" width=\"1024\" height=\"543\" src=\"https:\/\/nid.pl\/wp-content\/uploads\/2024\/05\/II-FDKP-zaproszenie-01-1024x543.png\" alt=\"\" class=\"wp-image-18948\" style=\"width:880px;height:auto\" srcset=\"https:\/\/nid.pl\/wp-content\/uploads\/2024\/05\/II-FDKP-zaproszenie-01-980x520.png 980w, https:\/\/nid.pl\/wp-content\/uploads\/2024\/05\/II-FDKP-zaproszenie-01-480x255.png 480w\" sizes=\"(min-width: 0px) and (max-width: 480px) 480px, (min-width: 481px) and (max-width: 980px) 980px, (min-width: 981px) 1024px, 100vw\" \/><\/figure>","protected":false},"excerpt":{"rendered":"<p>Zapraszamy na konferencj\u0119 organizowan\u0105 przez Regionalny Instytut Kultury im. Wojciecha Korfantego. II Forum Dziedzictwa Kultury Przemys\u0142owej odb\u0119dzie si\u0119 w dn. 17 &#8211; 18 maja w Katowicach i Ostrawie. Patronat nad [&hellip;]<\/p>","protected":false},"author":7,"featured_media":18949,"comment_status":"closed","ping_status":"closed","sticky":false,"template":"","format":"standard","meta":{"_et_pb_use_builder":"off","_et_pb_old_content":"","_et_gb_content_width":"","_monsterinsights_skip_tracking":false,"_monsterinsights_sitenote_active":false,"_monsterinsights_sitenote_note":"","_monsterinsights_sitenote_category":0,"footnotes":""},"categories":[28],"tags":[],"class_list":["post-18945","post","type-post","status-publish","format-standard","has-post-thumbnail","hentry","category-patronaty"],"yoast_head":"<!-- This site is optimized with the Yoast SEO plugin v26.5 - https:\/\/yoast.com\/wordpress\/plugins\/seo\/ -->\n<title>II Forum Dziedzictwa Kultury Przemys\u0142owej - NID<\/title>\n<meta name=\"robots\" content=\"index, follow, max-snippet:-1, max-image-preview:large, max-video-preview:-1\" \/>\n<link rel=\"canonical\" href=\"https:\/\/nid.pl\/en\/2024\/05\/08\/ii-forum-dziedzictwa-kultury-przemyslowej\/\" \/>\n<meta property=\"og:locale\" content=\"en_GB\" \/>\n<meta property=\"og:type\" content=\"article\" \/>\n<meta property=\"og:title\" content=\"II Forum Dziedzictwa Kultury Przemys\u0142owej - NID\" \/>\n<meta property=\"og:description\" content=\"Zapraszamy na konferencj\u0119 organizowan\u0105 przez Regionalny Instytut Kultury im. Wojciecha Korfantego. II Forum Dziedzictwa Kultury Przemys\u0142owej odb\u0119dzie si\u0119 w dn. 17 &#8211; 18 maja w Katowicach i Ostrawie. Patronat nad [&hellip;]\" \/>\n<meta property=\"og:url\" content=\"https:\/\/nid.pl\/en\/2024\/05\/08\/ii-forum-dziedzictwa-kultury-przemyslowej\/\" \/>\n<meta property=\"og:site_name\" content=\"NID\" \/>\n<meta property=\"article:publisher\" content=\"https:\/\/www.facebook.com\/zabytek\" \/>\n<meta property=\"article:published_time\" content=\"2024-05-08T07:27:05+00:00\" \/>\n<meta property=\"article:modified_time\" content=\"2024-05-08T10:57:02+00:00\" \/>\n<meta property=\"og:image\" content=\"https:\/\/nid.pl\/wp-content\/uploads\/2024\/05\/miniaturka-Patronaty-II-FDKP.jpg\" \/>\n\t<meta property=\"og:image:width\" content=\"1400\" \/>\n\t<meta property=\"og:image:height\" content=\"875\" \/>\n\t<meta property=\"og:image:type\" content=\"image\/jpeg\" \/>\n<meta name=\"author\" content=\"Barbara Halliop\" \/>\n<meta name=\"twitter:card\" content=\"summary_large_image\" \/>\n<meta name=\"twitter:creator\" content=\"@NarIDpl\" \/>\n<meta name=\"twitter:site\" content=\"@NarIDpl\" \/>\n<meta name=\"twitter:label1\" content=\"Written by\" \/>\n\t<meta name=\"twitter:data1\" content=\"Barbara Halliop\" \/>\n\t<meta name=\"twitter:label2\" content=\"Estimated reading time\" \/>\n\t<meta name=\"twitter:data2\" content=\"3 minutes\" \/>\n<script type=\"application\/ld+json\" class=\"yoast-schema-graph\">{\"@context\":\"https:\/\/schema.org\",\"@graph\":[{\"@type\":\"Article\",\"@id\":\"https:\/\/nid.pl\/2024\/05\/08\/ii-forum-dziedzictwa-kultury-przemyslowej\/#article\",\"isPartOf\":{\"@id\":\"https:\/\/nid.pl\/2024\/05\/08\/ii-forum-dziedzictwa-kultury-przemyslowej\/\"},\"author\":{\"name\":\"Barbara Halliop\",\"@id\":\"https:\/\/nid.pl\/#\/schema\/person\/1b690a8998a5111cfb9f0ffe24195a15\"},\"headline\":\"II Forum Dziedzictwa Kultury Przemys\u0142owej\",\"datePublished\":\"2024-05-08T07:27:05+00:00\",\"dateModified\":\"2024-05-08T10:57:02+00:00\",\"mainEntityOfPage\":{\"@id\":\"https:\/\/nid.pl\/2024\/05\/08\/ii-forum-dziedzictwa-kultury-przemyslowej\/\"},\"wordCount\":464,\"publisher\":{\"@id\":\"https:\/\/nid.pl\/#organization\"},\"image\":{\"@id\":\"https:\/\/nid.pl\/2024\/05\/08\/ii-forum-dziedzictwa-kultury-przemyslowej\/#primaryimage\"},\"thumbnailUrl\":\"https:\/\/nid.pl\/wp-content\/uploads\/2024\/05\/miniaturka-Patronaty-II-FDKP.jpg\",\"articleSection\":[\"Patronaty\"],\"inLanguage\":\"en-GB\"},{\"@type\":\"WebPage\",\"@id\":\"https:\/\/nid.pl\/2024\/05\/08\/ii-forum-dziedzictwa-kultury-przemyslowej\/\",\"url\":\"https:\/\/nid.pl\/2024\/05\/08\/ii-forum-dziedzictwa-kultury-przemyslowej\/\",\"name\":\"II Forum Dziedzictwa Kultury Przemys\u0142owej - NID\",\"isPartOf\":{\"@id\":\"https:\/\/nid.pl\/#website\"},\"primaryImageOfPage\":{\"@id\":\"https:\/\/nid.pl\/2024\/05\/08\/ii-forum-dziedzictwa-kultury-przemyslowej\/#primaryimage\"},\"image\":{\"@id\":\"https:\/\/nid.pl\/2024\/05\/08\/ii-forum-dziedzictwa-kultury-przemyslowej\/#primaryimage\"},\"thumbnailUrl\":\"https:\/\/nid.pl\/wp-content\/uploads\/2024\/05\/miniaturka-Patronaty-II-FDKP.jpg\",\"datePublished\":\"2024-05-08T07:27:05+00:00\",\"dateModified\":\"2024-05-08T10:57:02+00:00\",\"breadcrumb\":{\"@id\":\"https:\/\/nid.pl\/2024\/05\/08\/ii-forum-dziedzictwa-kultury-przemyslowej\/#breadcrumb\"},\"inLanguage\":\"en-GB\",\"potentialAction\":[{\"@type\":\"ReadAction\",\"target\":[\"https:\/\/nid.pl\/2024\/05\/08\/ii-forum-dziedzictwa-kultury-przemyslowej\/\"]}]},{\"@type\":\"ImageObject\",\"inLanguage\":\"en-GB\",\"@id\":\"https:\/\/nid.pl\/2024\/05\/08\/ii-forum-dziedzictwa-kultury-przemyslowej\/#primaryimage\",\"url\":\"https:\/\/nid.pl\/wp-content\/uploads\/2024\/05\/miniaturka-Patronaty-II-FDKP.jpg\",\"contentUrl\":\"https:\/\/nid.pl\/wp-content\/uploads\/2024\/05\/miniaturka-Patronaty-II-FDKP.jpg\",\"width\":1400,\"height\":875,\"caption\":\"Zapraszamy na II Forum Dziedzictwa Kultury Przemys\u0142owej\"},{\"@type\":\"BreadcrumbList\",\"@id\":\"https:\/\/nid.pl\/2024\/05\/08\/ii-forum-dziedzictwa-kultury-przemyslowej\/#breadcrumb\",\"itemListElement\":[{\"@type\":\"ListItem\",\"position\":1,\"name\":\"Home\",\"item\":\"https:\/\/nid.pl\/\"},{\"@type\":\"ListItem\",\"position\":2,\"name\":\"II Forum Dziedzictwa Kultury Przemys\u0142owej\"}]},{\"@type\":\"WebSite\",\"@id\":\"https:\/\/nid.pl\/#website\",\"url\":\"https:\/\/nid.pl\/\",\"name\":\"NID\",\"description\":\"Narodowy Instytut Dziedzictwa\",\"publisher\":{\"@id\":\"https:\/\/nid.pl\/#organization\"},\"potentialAction\":[{\"@type\":\"SearchAction\",\"target\":{\"@type\":\"EntryPoint\",\"urlTemplate\":\"https:\/\/nid.pl\/?s={search_term_string}\"},\"query-input\":{\"@type\":\"PropertyValueSpecification\",\"valueRequired\":true,\"valueName\":\"search_term_string\"}}],\"inLanguage\":\"en-GB\"},{\"@type\":\"Organization\",\"@id\":\"https:\/\/nid.pl\/#organization\",\"name\":\"Narodowy Instytut Dziedzictwa\",\"url\":\"https:\/\/nid.pl\/\",\"logo\":{\"@type\":\"ImageObject\",\"inLanguage\":\"en-GB\",\"@id\":\"https:\/\/nid.pl\/#\/schema\/logo\/image\/\",\"url\":\"https:\/\/nid.pl\/wp-content\/uploads\/2022\/10\/logoRedDark.png\",\"contentUrl\":\"https:\/\/nid.pl\/wp-content\/uploads\/2022\/10\/logoRedDark.png\",\"width\":200,\"height\":197,\"caption\":\"Narodowy Instytut Dziedzictwa\"},\"image\":{\"@id\":\"https:\/\/nid.pl\/#\/schema\/logo\/image\/\"},\"sameAs\":[\"https:\/\/www.facebook.com\/zabytek\",\"https:\/\/x.com\/NarIDpl\",\"https:\/\/www.instagram.com\/nid.pl\/?hl=pl\",\"https:\/\/www.linkedin.com\/company\/narodowy-instytut-dziedzictwa\",\"https:\/\/www.youtube.com\/channel\/UCQXuhKa2uHtmNvLRUSx40JA\"]},{\"@type\":\"Person\",\"@id\":\"https:\/\/nid.pl\/#\/schema\/person\/1b690a8998a5111cfb9f0ffe24195a15\",\"name\":\"Barbara Halliop\",\"image\":{\"@type\":\"ImageObject\",\"inLanguage\":\"en-GB\",\"@id\":\"https:\/\/nid.pl\/#\/schema\/person\/image\/\",\"url\":\"https:\/\/nid.pl\/wp-content\/litespeed\/avatar\/924046d17dd0c842c9fa9ccf489bc6dc.jpg?ver=1777444967\",\"contentUrl\":\"https:\/\/nid.pl\/wp-content\/litespeed\/avatar\/924046d17dd0c842c9fa9ccf489bc6dc.jpg?ver=1777444967\",\"caption\":\"Barbara Halliop\"},\"url\":\"https:\/\/nid.pl\/en\/author\/bhalliop\/\"}]}<\/script>\n<!-- \/ Yoast SEO plugin. -->","yoast_head_json":{"title":"II Forum Dziedzictwa Kultury Przemys\u0142owej - NID","robots":{"index":"index","follow":"follow","max-snippet":"max-snippet:-1","max-image-preview":"max-image-preview:large","max-video-preview":"max-video-preview:-1"},"canonical":"https:\/\/nid.pl\/en\/2024\/05\/08\/ii-forum-dziedzictwa-kultury-przemyslowej\/","og_locale":"en_GB","og_type":"article","og_title":"II Forum Dziedzictwa Kultury Przemys\u0142owej - NID","og_description":"Zapraszamy na konferencj\u0119 organizowan\u0105 przez Regionalny Instytut Kultury im. Wojciecha Korfantego. II Forum Dziedzictwa Kultury Przemys\u0142owej odb\u0119dzie si\u0119 w dn. 17 &#8211; 18 maja w Katowicach i Ostrawie. Patronat nad [&hellip;]","og_url":"https:\/\/nid.pl\/en\/2024\/05\/08\/ii-forum-dziedzictwa-kultury-przemyslowej\/","og_site_name":"NID","article_publisher":"https:\/\/www.facebook.com\/zabytek","article_published_time":"2024-05-08T07:27:05+00:00","article_modified_time":"2024-05-08T10:57:02+00:00","og_image":[{"width":1400,"height":875,"url":"https:\/\/nid.pl\/wp-content\/uploads\/2024\/05\/miniaturka-Patronaty-II-FDKP.jpg","type":"image\/jpeg"}],"author":"Barbara Halliop","twitter_card":"summary_large_image","twitter_creator":"@NarIDpl","twitter_site":"@NarIDpl","twitter_misc":{"Written by":"Barbara Halliop","Estimated reading time":"3 minutes"},"schema":{"@context":"https:\/\/schema.org","@graph":[{"@type":"Article","@id":"https:\/\/nid.pl\/2024\/05\/08\/ii-forum-dziedzictwa-kultury-przemyslowej\/#article","isPartOf":{"@id":"https:\/\/nid.pl\/2024\/05\/08\/ii-forum-dziedzictwa-kultury-przemyslowej\/"},"author":{"name":"Barbara Halliop","@id":"https:\/\/nid.pl\/#\/schema\/person\/1b690a8998a5111cfb9f0ffe24195a15"},"headline":"II Forum Dziedzictwa Kultury Przemys\u0142owej","datePublished":"2024-05-08T07:27:05+00:00","dateModified":"2024-05-08T10:57:02+00:00","mainEntityOfPage":{"@id":"https:\/\/nid.pl\/2024\/05\/08\/ii-forum-dziedzictwa-kultury-przemyslowej\/"},"wordCount":464,"publisher":{"@id":"https:\/\/nid.pl\/#organization"},"image":{"@id":"https:\/\/nid.pl\/2024\/05\/08\/ii-forum-dziedzictwa-kultury-przemyslowej\/#primaryimage"},"thumbnailUrl":"https:\/\/nid.pl\/wp-content\/uploads\/2024\/05\/miniaturka-Patronaty-II-FDKP.jpg","articleSection":["Patronaty"],"inLanguage":"en-GB"},{"@type":"WebPage","@id":"https:\/\/nid.pl\/2024\/05\/08\/ii-forum-dziedzictwa-kultury-przemyslowej\/","url":"https:\/\/nid.pl\/2024\/05\/08\/ii-forum-dziedzictwa-kultury-przemyslowej\/","name":"II Forum Dziedzictwa Kultury Przemys\u0142owej - NID","isPartOf":{"@id":"https:\/\/nid.pl\/#website"},"primaryImageOfPage":{"@id":"https:\/\/nid.pl\/2024\/05\/08\/ii-forum-dziedzictwa-kultury-przemyslowej\/#primaryimage"},"image":{"@id":"https:\/\/nid.pl\/2024\/05\/08\/ii-forum-dziedzictwa-kultury-przemyslowej\/#primaryimage"},"thumbnailUrl":"https:\/\/nid.pl\/wp-content\/uploads\/2024\/05\/miniaturka-Patronaty-II-FDKP.jpg","datePublished":"2024-05-08T07:27:05+00:00","dateModified":"2024-05-08T10:57:02+00:00","breadcrumb":{"@id":"https:\/\/nid.pl\/2024\/05\/08\/ii-forum-dziedzictwa-kultury-przemyslowej\/#breadcrumb"},"inLanguage":"en-GB","potentialAction":[{"@type":"ReadAction","target":["https:\/\/nid.pl\/2024\/05\/08\/ii-forum-dziedzictwa-kultury-przemyslowej\/"]}]},{"@type":"ImageObject","inLanguage":"en-GB","@id":"https:\/\/nid.pl\/2024\/05\/08\/ii-forum-dziedzictwa-kultury-przemyslowej\/#primaryimage","url":"https:\/\/nid.pl\/wp-content\/uploads\/2024\/05\/miniaturka-Patronaty-II-FDKP.jpg","contentUrl":"https:\/\/nid.pl\/wp-content\/uploads\/2024\/05\/miniaturka-Patronaty-II-FDKP.jpg","width":1400,"height":875,"caption":"Zapraszamy na II Forum Dziedzictwa Kultury Przemys\u0142owej"},{"@type":"BreadcrumbList","@id":"https:\/\/nid.pl\/2024\/05\/08\/ii-forum-dziedzictwa-kultury-przemyslowej\/#breadcrumb","itemListElement":[{"@type":"ListItem","position":1,"name":"Home","item":"https:\/\/nid.pl\/"},{"@type":"ListItem","position":2,"name":"II Forum Dziedzictwa Kultury Przemys\u0142owej"}]},{"@type":"WebSite","@id":"https:\/\/nid.pl\/#website","url":"https:\/\/nid.pl\/","name":"NID","description":"Narodowy Instytut Dziedzictwa","publisher":{"@id":"https:\/\/nid.pl\/#organization"},"potentialAction":[{"@type":"SearchAction","target":{"@type":"EntryPoint","urlTemplate":"https:\/\/nid.pl\/?s={search_term_string}"},"query-input":{"@type":"PropertyValueSpecification","valueRequired":true,"valueName":"search_term_string"}}],"inLanguage":"en-GB"},{"@type":"Organization","@id":"https:\/\/nid.pl\/#organization","name":"Narodowy Instytut Dziedzictwa","url":"https:\/\/nid.pl\/","logo":{"@type":"ImageObject","inLanguage":"en-GB","@id":"https:\/\/nid.pl\/#\/schema\/logo\/image\/","url":"https:\/\/nid.pl\/wp-content\/uploads\/2022\/10\/logoRedDark.png","contentUrl":"https:\/\/nid.pl\/wp-content\/uploads\/2022\/10\/logoRedDark.png","width":200,"height":197,"caption":"Narodowy Instytut Dziedzictwa"},"image":{"@id":"https:\/\/nid.pl\/#\/schema\/logo\/image\/"},"sameAs":["https:\/\/www.facebook.com\/zabytek","https:\/\/x.com\/NarIDpl","https:\/\/www.instagram.com\/nid.pl\/?hl=pl","https:\/\/www.linkedin.com\/company\/narodowy-instytut-dziedzictwa","https:\/\/www.youtube.com\/channel\/UCQXuhKa2uHtmNvLRUSx40JA"]},{"@type":"Person","@id":"https:\/\/nid.pl\/#\/schema\/person\/1b690a8998a5111cfb9f0ffe24195a15","name":"Barbara Halliop","image":{"@type":"ImageObject","inLanguage":"en-GB","@id":"https:\/\/nid.pl\/#\/schema\/person\/image\/","url":"https:\/\/nid.pl\/wp-content\/litespeed\/avatar\/924046d17dd0c842c9fa9ccf489bc6dc.jpg?ver=1777444967","contentUrl":"https:\/\/nid.pl\/wp-content\/litespeed\/avatar\/924046d17dd0c842c9fa9ccf489bc6dc.jpg?ver=1777444967","caption":"Barbara Halliop"},"url":"https:\/\/nid.pl\/en\/author\/bhalliop\/"}]}},"_links":{"self":[{"href":"https:\/\/nid.pl\/en\/wp-json\/wp\/v2\/posts\/18945","targetHints":{"allow":["GET"]}}],"collection":[{"href":"https:\/\/nid.pl\/en\/wp-json\/wp\/v2\/posts"}],"about":[{"href":"https:\/\/nid.pl\/en\/wp-json\/wp\/v2\/types\/post"}],"author":[{"embeddable":true,"href":"https:\/\/nid.pl\/en\/wp-json\/wp\/v2\/users\/7"}],"replies":[{"embeddable":true,"href":"https:\/\/nid.pl\/en\/wp-json\/wp\/v2\/comments?post=18945"}],"version-history":[{"count":0,"href":"https:\/\/nid.pl\/en\/wp-json\/wp\/v2\/posts\/18945\/revisions"}],"wp:featuredmedia":[{"embeddable":true,"href":"https:\/\/nid.pl\/en\/wp-json\/wp\/v2\/media\/18949"}],"wp:attachment":[{"href":"https:\/\/nid.pl\/en\/wp-json\/wp\/v2\/media?parent=18945"}],"wp:term":[{"taxonomy":"category","embeddable":true,"href":"https:\/\/nid.pl\/en\/wp-json\/wp\/v2\/categories?post=18945"},{"taxonomy":"post_tag","embeddable":true,"href":"https:\/\/nid.pl\/en\/wp-json\/wp\/v2\/tags?post=18945"}],"curies":[{"name":"wp","href":"https:\/\/api.w.org\/{rel}","templated":true}]}}