{"id":18906,"date":"2024-05-07T14:35:28","date_gmt":"2024-05-07T12:35:28","guid":{"rendered":"https:\/\/nid.pl\/?p=18906"},"modified":"2024-05-07T15:24:24","modified_gmt":"2024-05-07T13:24:24","slug":"spotkania-z-mieszkancami-gminy-damaslawek-triquetra","status":"publish","type":"post","link":"https:\/\/nid.pl\/en\/2024\/05\/07\/spotkania-z-mieszkancami-gminy-damaslawek-triquetra\/","title":{"rendered":"Spotkania archeologiczne z mieszka\u0144cami Gminy Damas\u0142awek w ramach projektu TRIQUETRA"},"content":{"rendered":"<p><strong>Projekt TRIQUETRA ma na celu wypracowanie narz\u0119dzi do oceny i minimalizowania zagro\u017ce\u0144 zwi\u0105zanych ze skutkami zmian klimatycznych, kt\u00f3re mog\u0105 mie\u0107 negatywny wp\u0142yw na dziedzictwo kulturowe. W ramach projektu organizowane s\u0105 r\u00f3wnie\u017c spotkania ze spo\u0142eczno\u015bciami lokalnymi.<\/strong><\/p>\n\n\n\n<p>Projekt <strong>TRIQUETRA. Toolbox for assessing and mitigating Climate Change risks and natural hazards threatening Cultural Heritage<\/strong> realizowany jest przez Narodowy Instytut Dziedzictwa, wraz z Uniwersytetem im. Adama Mickiewicza w Poznaniu oraz 19 europejskich partner\u00f3w.<br>Mo\u017cliwe rozwi\u0105zania testowane s\u0105 na o\u015bmiu pilota\u017cowych stanowiskach archeologicznych. Jedno z nich znajduje si\u0119 na terenie Polski, w <strong>Smuszewie<\/strong> (gm. Damas\u0142awek, cz\u0119\u015bciowo r\u00f3wnie\u017c w gm. Go\u0142a\u0144cz, woj. wielkopolskie), na wschodnim brzegu Jeziora Czeszewskiego. S\u0105 to relikty osady obronnej, zwi\u0105zanej, podobnie jak osada w nieodleg\u0142ym Biskupinie, z ludno\u015bci\u0105 kultury \u0142u\u017cyckiej.<\/p>\n\n\n\n<p>Pozosta\u0142e stanowiska projektowe znajduj\u0105 si\u0119 na terenie dzisiejszej Grecji, W\u0142och, Cypru, Szwajcarii i Niemiec (informacje na ich temat mo\u017cna znale\u017a\u0107 tu:&nbsp;<a href=\"https:\/\/triquetra-project.eu\/pilot-sites\/\" target=\"_blank\" rel=\"noreferrer noopener\">https:\/\/triquetra-project.eu\/pilot-sites\/<\/a>). Celem projektu jest wypracowanie metod do oceny i minimalizowania zagro\u017ce\u0144 zwi\u0105zanych ze skutkami zmian klimatycznych, kt\u00f3re mog\u0105 prowadzi\u0107 do niszczenia dziedzictwa kulturowego w Europie. Jednym z tworzonych narz\u0119dzi jest system informatyczny do gromadzenia i analizy danych dotycz\u0105cych warunk\u00f3w \u015brodowiskowych. Umo\u017cliwi on identyfikacj\u0119 zagro\u017ce\u0144 i podejmowanie decyzji zwi\u0105zanych z ochron\u0105 dziedzictwa. Do bada\u0144 i oceny zagro\u017ce\u0144 wykorzystywane s\u0105 najnowocze\u015bniejsze rozwi\u0105zania technologiczne i techniki pomiarowe, jak np. sonary wielowi\u0105zkowe, drony wyposa\u017cone w kamery wielospektralne (rejestruj\u0105ce promieniowanie w r\u00f3\u017cnych pasmach) oraz skanery LiDAR, fotogrametria podwodna czy modele symulacyjne. W badaniach tych czynny udzia\u0142 bior\u0105 specjali\u015bci z Uniwersytetu im. Adama Mickiewicza w Poznaniu. Jednym z cel\u00f3w strategicznych projektu TRIQUETRA jest te\u017c <strong>zwi\u0119kszanie zaanga\u017cowania spo\u0142ecznego oraz \u015bwiadomo\u015bci spo\u0142ecznej w zakresie zagro\u017ce\u0144 i ochrony dziedzictwa kulturowego<\/strong> jako warunk\u00f3w niezb\u0119dnych dla jego zachowania dla przysz\u0142ych pokole\u0144. Kszta\u0142towanie \u015bwiadomo\u015bci spo\u0142ecznej w tym zakresie oraz tworzenie podstaw dla jego zr\u00f3wnowa\u017conej ochrony s\u0105 jednymi z priorytet\u00f3w Narodowego Instytutu Dziedzictwa.<\/p>\n\n\n\n<p>W imieniu polskich partner\u00f3w projektu TRIQETRA, chcieliby\u015bmy podzi\u0119kowa\u0107 mieszka\u0144com gminy Damas\u0142awek za liczny udzia\u0142 w spotkaniu dotycz\u0105cym naszych dzia\u0142a\u0144 i zaanga\u017cowanie w dyskusj\u0119. G\u0142\u00f3wnym tematem naszych rozm\u00f3w by\u0142y relikty osady obronnej ludno\u015bci kultury \u0142u\u017cyckiej sprzed 2700 lat znajduj\u0105ce si\u0119 nad Jeziorem Czeszewskim. Wsp\u00f3lnie zastanawiali\u015bmy si\u0119, jak\u0105 maj\u0105 warto\u015b\u0107 dla os\u00f3b mieszkaj\u0105cych na terenie gminy, jak je chroni\u0107 i jak m\u0105drze wykorzysta\u0107 ich potencja\u0142 dla lokalnej spo\u0142eczno\u015bci. Uczestnicy spotkania zg\u0142aszali r\u00f3wnie\u017c swoje pomys\u0142y i potrzeby dotycz\u0105ce aktywno\u015bci zwi\u0105zanych z dziedzictwem archeologicznym. Niekt\u00f3re z postulat\u00f3w uda nam si\u0119 zrealizowa\u0107 ju\u017c w czerwcu &#8211; b\u0119d\u0105 to pierwsze z wielu planowanych warsztat\u00f3w archeologicznych. Wiedza i entuzjazm mieszka\u0144c\u00f3w gminy sprawiaj\u0105, \u017ce nie mo\u017cemy si\u0119 ju\u017c doczeka\u0107!&nbsp;<\/p>\n\n\n\n<p><strong>Szczeg\u00f3lne podzi\u0119kowania<\/strong> kierujemy w stron\u0119 aktywnie wspieraj\u0105cych nasze dzia\u0142ania W\u00f3jta Gminy Damas\u0142awek, pana Cypriana Wieczorka, pani Kingi Biniewskiej, autorki albumu i bloga \u201eSmuszewo \u2013 ocali\u0107 od zapomnienia\u201d oraz dr. Henryka P. D\u0105browskiego, dyrektora Muzeum Archeologicznego w Biskupinie, r\u00f3wnie\u017c obecnych na naszym spotkaniu.<\/p>\n\n\n\n<p><\/p>\n\n\n\n<figure class=\"wp-block-image aligncenter size-large is-resized\"><img loading=\"lazy\" decoding=\"async\" width=\"1024\" height=\"534\" src=\"https:\/\/nid.pl\/wp-content\/uploads\/2024\/05\/spotkanie-z-mieszkancami-Damaslawek-fot.-NID-Agata-Byszewska-Lasinska-1024x534.jpg\" alt=\"\" class=\"wp-image-18911\" style=\"width:653px;height:auto\" srcset=\"https:\/\/nid.pl\/wp-content\/uploads\/2024\/05\/spotkanie-z-mieszkancami-Damaslawek-fot.-NID-Agata-Byszewska-Lasinska-980x511.jpg 980w, https:\/\/nid.pl\/wp-content\/uploads\/2024\/05\/spotkanie-z-mieszkancami-Damaslawek-fot.-NID-Agata-Byszewska-Lasinska-480x250.jpg 480w\" sizes=\"(min-width: 0px) and (max-width: 480px) 480px, (min-width: 481px) and (max-width: 980px) 980px, (min-width: 981px) 1024px, 100vw\" \/><figcaption class=\"wp-element-caption\">Spotkanie z mieszka\u0144cami, Damas\u0142awek, fot. NID\/ Agata Byszewska-\u0141asi\u0144ska<\/figcaption><\/figure>\n\n\n\n<p><\/p>\n\n\n\n<p>Projekt \u201eTRIQUETRA. Toolbox for assessing and mitigating Climate Change risks and natural hazards threatening Cultural Heritage\u201d finansowany jest z unijnego programu Horyzont Europa w zakresie bada\u0144 i innowacji na podstawie umowy nr 101094818.<\/p>\n\n\n\n<p><\/p>\n\n\n\n<figure class=\"wp-block-image aligncenter size-large is-resized\"><img loading=\"lazy\" decoding=\"async\" width=\"1024\" height=\"136\" src=\"https:\/\/nid.pl\/wp-content\/uploads\/2024\/05\/PL-Finansowane-przez-Unie-Europejska_triquetra-1024x136.jpg\" alt=\"\" class=\"wp-image-18936\" style=\"width:735px;height:auto\" srcset=\"https:\/\/nid.pl\/wp-content\/uploads\/2024\/05\/PL-Finansowane-przez-Unie-Europejska_triquetra-980x130.jpg 980w, https:\/\/nid.pl\/wp-content\/uploads\/2024\/05\/PL-Finansowane-przez-Unie-Europejska_triquetra-480x64.jpg 480w\" sizes=\"(min-width: 0px) and (max-width: 480px) 480px, (min-width: 481px) and (max-width: 980px) 980px, (min-width: 981px) 1024px, 100vw\" \/><\/figure>","protected":false},"excerpt":{"rendered":"<p>Projekt TRIQUETRA ma na celu wypracowanie narz\u0119dzi do oceny i minimalizowania zagro\u017ce\u0144 zwi\u0105zanych ze skutkami zmian klimatycznych, kt\u00f3re mog\u0105 mie\u0107 negatywny wp\u0142yw na dziedzictwo kulturowe. W ramach projektu organizowane s\u0105 [&hellip;]<\/p>","protected":false},"author":7,"featured_media":18912,"comment_status":"closed","ping_status":"closed","sticky":false,"template":"","format":"standard","meta":{"_et_pb_use_builder":"off","_et_pb_old_content":"","_et_gb_content_width":"","_monsterinsights_skip_tracking":false,"_monsterinsights_sitenote_active":false,"_monsterinsights_sitenote_note":"","_monsterinsights_sitenote_category":0,"footnotes":""},"categories":[3],"tags":[],"class_list":["post-18906","post","type-post","status-publish","format-standard","has-post-thumbnail","hentry","category-aktualnosci"],"yoast_head":"<!-- This site is optimized with the Yoast SEO plugin v26.5 - https:\/\/yoast.com\/wordpress\/plugins\/seo\/ -->\n<title>Spotkania archeologiczne z mieszka\u0144cami Gminy Damas\u0142awek w ramach projektu TRIQUETRA - NID<\/title>\n<meta name=\"robots\" content=\"index, follow, max-snippet:-1, max-image-preview:large, max-video-preview:-1\" \/>\n<link rel=\"canonical\" href=\"https:\/\/nid.pl\/en\/2024\/05\/07\/spotkania-z-mieszkancami-gminy-damaslawek-triquetra\/\" \/>\n<meta property=\"og:locale\" content=\"en_GB\" \/>\n<meta property=\"og:type\" content=\"article\" \/>\n<meta property=\"og:title\" content=\"Spotkania archeologiczne z mieszka\u0144cami Gminy Damas\u0142awek w ramach projektu TRIQUETRA - NID\" \/>\n<meta property=\"og:description\" content=\"Projekt TRIQUETRA ma na celu wypracowanie narz\u0119dzi do oceny i minimalizowania zagro\u017ce\u0144 zwi\u0105zanych ze skutkami zmian klimatycznych, kt\u00f3re mog\u0105 mie\u0107 negatywny wp\u0142yw na dziedzictwo kulturowe. W ramach projektu organizowane s\u0105 [&hellip;]\" \/>\n<meta property=\"og:url\" content=\"https:\/\/nid.pl\/en\/2024\/05\/07\/spotkania-z-mieszkancami-gminy-damaslawek-triquetra\/\" \/>\n<meta property=\"og:site_name\" content=\"NID\" \/>\n<meta property=\"article:publisher\" content=\"https:\/\/www.facebook.com\/zabytek\" \/>\n<meta property=\"article:published_time\" content=\"2024-05-07T12:35:28+00:00\" \/>\n<meta property=\"article:modified_time\" content=\"2024-05-07T13:24:24+00:00\" \/>\n<meta property=\"og:image\" content=\"https:\/\/nid.pl\/wp-content\/uploads\/2024\/05\/miniaturka-grodzisko-Damaslawek-fot.-Wlodzimierz-Raczkowski.jpg\" \/>\n\t<meta property=\"og:image:width\" content=\"1850\" \/>\n\t<meta property=\"og:image:height\" content=\"1238\" \/>\n\t<meta property=\"og:image:type\" content=\"image\/jpeg\" \/>\n<meta name=\"author\" content=\"Barbara Halliop\" \/>\n<meta name=\"twitter:card\" content=\"summary_large_image\" \/>\n<meta name=\"twitter:creator\" content=\"@NarIDpl\" \/>\n<meta name=\"twitter:site\" content=\"@NarIDpl\" \/>\n<meta name=\"twitter:label1\" content=\"Written by\" \/>\n\t<meta name=\"twitter:data1\" content=\"Barbara Halliop\" \/>\n\t<meta name=\"twitter:label2\" content=\"Estimated reading time\" \/>\n\t<meta name=\"twitter:data2\" content=\"4 minutes\" \/>\n<script type=\"application\/ld+json\" class=\"yoast-schema-graph\">{\"@context\":\"https:\/\/schema.org\",\"@graph\":[{\"@type\":\"Article\",\"@id\":\"https:\/\/nid.pl\/2024\/05\/07\/spotkania-z-mieszkancami-gminy-damaslawek-triquetra\/#article\",\"isPartOf\":{\"@id\":\"https:\/\/nid.pl\/2024\/05\/07\/spotkania-z-mieszkancami-gminy-damaslawek-triquetra\/\"},\"author\":{\"name\":\"Barbara Halliop\",\"@id\":\"https:\/\/nid.pl\/#\/schema\/person\/1b690a8998a5111cfb9f0ffe24195a15\"},\"headline\":\"Spotkania archeologiczne z mieszka\u0144cami Gminy Damas\u0142awek w ramach projektu TRIQUETRA\",\"datePublished\":\"2024-05-07T12:35:28+00:00\",\"dateModified\":\"2024-05-07T13:24:24+00:00\",\"mainEntityOfPage\":{\"@id\":\"https:\/\/nid.pl\/2024\/05\/07\/spotkania-z-mieszkancami-gminy-damaslawek-triquetra\/\"},\"wordCount\":600,\"publisher\":{\"@id\":\"https:\/\/nid.pl\/#organization\"},\"image\":{\"@id\":\"https:\/\/nid.pl\/2024\/05\/07\/spotkania-z-mieszkancami-gminy-damaslawek-triquetra\/#primaryimage\"},\"thumbnailUrl\":\"https:\/\/nid.pl\/wp-content\/uploads\/2024\/05\/miniaturka-grodzisko-Damaslawek-fot.-Wlodzimierz-Raczkowski.jpg\",\"articleSection\":[\"Aktualno\u015bci\"],\"inLanguage\":\"en-GB\"},{\"@type\":\"WebPage\",\"@id\":\"https:\/\/nid.pl\/2024\/05\/07\/spotkania-z-mieszkancami-gminy-damaslawek-triquetra\/\",\"url\":\"https:\/\/nid.pl\/2024\/05\/07\/spotkania-z-mieszkancami-gminy-damaslawek-triquetra\/\",\"name\":\"Spotkania archeologiczne z mieszka\u0144cami Gminy Damas\u0142awek w ramach projektu TRIQUETRA - NID\",\"isPartOf\":{\"@id\":\"https:\/\/nid.pl\/#website\"},\"primaryImageOfPage\":{\"@id\":\"https:\/\/nid.pl\/2024\/05\/07\/spotkania-z-mieszkancami-gminy-damaslawek-triquetra\/#primaryimage\"},\"image\":{\"@id\":\"https:\/\/nid.pl\/2024\/05\/07\/spotkania-z-mieszkancami-gminy-damaslawek-triquetra\/#primaryimage\"},\"thumbnailUrl\":\"https:\/\/nid.pl\/wp-content\/uploads\/2024\/05\/miniaturka-grodzisko-Damaslawek-fot.-Wlodzimierz-Raczkowski.jpg\",\"datePublished\":\"2024-05-07T12:35:28+00:00\",\"dateModified\":\"2024-05-07T13:24:24+00:00\",\"breadcrumb\":{\"@id\":\"https:\/\/nid.pl\/2024\/05\/07\/spotkania-z-mieszkancami-gminy-damaslawek-triquetra\/#breadcrumb\"},\"inLanguage\":\"en-GB\",\"potentialAction\":[{\"@type\":\"ReadAction\",\"target\":[\"https:\/\/nid.pl\/2024\/05\/07\/spotkania-z-mieszkancami-gminy-damaslawek-triquetra\/\"]}]},{\"@type\":\"ImageObject\",\"inLanguage\":\"en-GB\",\"@id\":\"https:\/\/nid.pl\/2024\/05\/07\/spotkania-z-mieszkancami-gminy-damaslawek-triquetra\/#primaryimage\",\"url\":\"https:\/\/nid.pl\/wp-content\/uploads\/2024\/05\/miniaturka-grodzisko-Damaslawek-fot.-Wlodzimierz-Raczkowski.jpg\",\"contentUrl\":\"https:\/\/nid.pl\/wp-content\/uploads\/2024\/05\/miniaturka-grodzisko-Damaslawek-fot.-Wlodzimierz-Raczkowski.jpg\",\"width\":1850,\"height\":1238,\"caption\":\"grodzisko Damas\u0142awek, fot. W\u0142odzimierz R\u0105czkowski\"},{\"@type\":\"BreadcrumbList\",\"@id\":\"https:\/\/nid.pl\/2024\/05\/07\/spotkania-z-mieszkancami-gminy-damaslawek-triquetra\/#breadcrumb\",\"itemListElement\":[{\"@type\":\"ListItem\",\"position\":1,\"name\":\"Home\",\"item\":\"https:\/\/nid.pl\/\"},{\"@type\":\"ListItem\",\"position\":2,\"name\":\"Spotkania archeologiczne z mieszka\u0144cami Gminy Damas\u0142awek w ramach projektu TRIQUETRA\"}]},{\"@type\":\"WebSite\",\"@id\":\"https:\/\/nid.pl\/#website\",\"url\":\"https:\/\/nid.pl\/\",\"name\":\"NID\",\"description\":\"Narodowy Instytut Dziedzictwa\",\"publisher\":{\"@id\":\"https:\/\/nid.pl\/#organization\"},\"potentialAction\":[{\"@type\":\"SearchAction\",\"target\":{\"@type\":\"EntryPoint\",\"urlTemplate\":\"https:\/\/nid.pl\/?s={search_term_string}\"},\"query-input\":{\"@type\":\"PropertyValueSpecification\",\"valueRequired\":true,\"valueName\":\"search_term_string\"}}],\"inLanguage\":\"en-GB\"},{\"@type\":\"Organization\",\"@id\":\"https:\/\/nid.pl\/#organization\",\"name\":\"Narodowy Instytut Dziedzictwa\",\"url\":\"https:\/\/nid.pl\/\",\"logo\":{\"@type\":\"ImageObject\",\"inLanguage\":\"en-GB\",\"@id\":\"https:\/\/nid.pl\/#\/schema\/logo\/image\/\",\"url\":\"https:\/\/nid.pl\/wp-content\/uploads\/2022\/10\/logoRedDark.png\",\"contentUrl\":\"https:\/\/nid.pl\/wp-content\/uploads\/2022\/10\/logoRedDark.png\",\"width\":200,\"height\":197,\"caption\":\"Narodowy Instytut Dziedzictwa\"},\"image\":{\"@id\":\"https:\/\/nid.pl\/#\/schema\/logo\/image\/\"},\"sameAs\":[\"https:\/\/www.facebook.com\/zabytek\",\"https:\/\/x.com\/NarIDpl\",\"https:\/\/www.instagram.com\/nid.pl\/?hl=pl\",\"https:\/\/www.linkedin.com\/company\/narodowy-instytut-dziedzictwa\",\"https:\/\/www.youtube.com\/channel\/UCQXuhKa2uHtmNvLRUSx40JA\"]},{\"@type\":\"Person\",\"@id\":\"https:\/\/nid.pl\/#\/schema\/person\/1b690a8998a5111cfb9f0ffe24195a15\",\"name\":\"Barbara Halliop\",\"image\":{\"@type\":\"ImageObject\",\"inLanguage\":\"en-GB\",\"@id\":\"https:\/\/nid.pl\/#\/schema\/person\/image\/\",\"url\":\"https:\/\/nid.pl\/wp-content\/litespeed\/avatar\/924046d17dd0c842c9fa9ccf489bc6dc.jpg?ver=1777444967\",\"contentUrl\":\"https:\/\/nid.pl\/wp-content\/litespeed\/avatar\/924046d17dd0c842c9fa9ccf489bc6dc.jpg?ver=1777444967\",\"caption\":\"Barbara Halliop\"},\"url\":\"https:\/\/nid.pl\/en\/author\/bhalliop\/\"}]}<\/script>\n<!-- \/ Yoast SEO plugin. -->","yoast_head_json":{"title":"Spotkania archeologiczne z mieszka\u0144cami Gminy Damas\u0142awek w ramach projektu TRIQUETRA - NID","robots":{"index":"index","follow":"follow","max-snippet":"max-snippet:-1","max-image-preview":"max-image-preview:large","max-video-preview":"max-video-preview:-1"},"canonical":"https:\/\/nid.pl\/en\/2024\/05\/07\/spotkania-z-mieszkancami-gminy-damaslawek-triquetra\/","og_locale":"en_GB","og_type":"article","og_title":"Spotkania archeologiczne z mieszka\u0144cami Gminy Damas\u0142awek w ramach projektu TRIQUETRA - NID","og_description":"Projekt TRIQUETRA ma na celu wypracowanie narz\u0119dzi do oceny i minimalizowania zagro\u017ce\u0144 zwi\u0105zanych ze skutkami zmian klimatycznych, kt\u00f3re mog\u0105 mie\u0107 negatywny wp\u0142yw na dziedzictwo kulturowe. W ramach projektu organizowane s\u0105 [&hellip;]","og_url":"https:\/\/nid.pl\/en\/2024\/05\/07\/spotkania-z-mieszkancami-gminy-damaslawek-triquetra\/","og_site_name":"NID","article_publisher":"https:\/\/www.facebook.com\/zabytek","article_published_time":"2024-05-07T12:35:28+00:00","article_modified_time":"2024-05-07T13:24:24+00:00","og_image":[{"width":1850,"height":1238,"url":"https:\/\/nid.pl\/wp-content\/uploads\/2024\/05\/miniaturka-grodzisko-Damaslawek-fot.-Wlodzimierz-Raczkowski.jpg","type":"image\/jpeg"}],"author":"Barbara Halliop","twitter_card":"summary_large_image","twitter_creator":"@NarIDpl","twitter_site":"@NarIDpl","twitter_misc":{"Written by":"Barbara Halliop","Estimated reading time":"4 minutes"},"schema":{"@context":"https:\/\/schema.org","@graph":[{"@type":"Article","@id":"https:\/\/nid.pl\/2024\/05\/07\/spotkania-z-mieszkancami-gminy-damaslawek-triquetra\/#article","isPartOf":{"@id":"https:\/\/nid.pl\/2024\/05\/07\/spotkania-z-mieszkancami-gminy-damaslawek-triquetra\/"},"author":{"name":"Barbara Halliop","@id":"https:\/\/nid.pl\/#\/schema\/person\/1b690a8998a5111cfb9f0ffe24195a15"},"headline":"Spotkania archeologiczne z mieszka\u0144cami Gminy Damas\u0142awek w ramach projektu TRIQUETRA","datePublished":"2024-05-07T12:35:28+00:00","dateModified":"2024-05-07T13:24:24+00:00","mainEntityOfPage":{"@id":"https:\/\/nid.pl\/2024\/05\/07\/spotkania-z-mieszkancami-gminy-damaslawek-triquetra\/"},"wordCount":600,"publisher":{"@id":"https:\/\/nid.pl\/#organization"},"image":{"@id":"https:\/\/nid.pl\/2024\/05\/07\/spotkania-z-mieszkancami-gminy-damaslawek-triquetra\/#primaryimage"},"thumbnailUrl":"https:\/\/nid.pl\/wp-content\/uploads\/2024\/05\/miniaturka-grodzisko-Damaslawek-fot.-Wlodzimierz-Raczkowski.jpg","articleSection":["Aktualno\u015bci"],"inLanguage":"en-GB"},{"@type":"WebPage","@id":"https:\/\/nid.pl\/2024\/05\/07\/spotkania-z-mieszkancami-gminy-damaslawek-triquetra\/","url":"https:\/\/nid.pl\/2024\/05\/07\/spotkania-z-mieszkancami-gminy-damaslawek-triquetra\/","name":"Spotkania archeologiczne z mieszka\u0144cami Gminy Damas\u0142awek w ramach projektu TRIQUETRA - NID","isPartOf":{"@id":"https:\/\/nid.pl\/#website"},"primaryImageOfPage":{"@id":"https:\/\/nid.pl\/2024\/05\/07\/spotkania-z-mieszkancami-gminy-damaslawek-triquetra\/#primaryimage"},"image":{"@id":"https:\/\/nid.pl\/2024\/05\/07\/spotkania-z-mieszkancami-gminy-damaslawek-triquetra\/#primaryimage"},"thumbnailUrl":"https:\/\/nid.pl\/wp-content\/uploads\/2024\/05\/miniaturka-grodzisko-Damaslawek-fot.-Wlodzimierz-Raczkowski.jpg","datePublished":"2024-05-07T12:35:28+00:00","dateModified":"2024-05-07T13:24:24+00:00","breadcrumb":{"@id":"https:\/\/nid.pl\/2024\/05\/07\/spotkania-z-mieszkancami-gminy-damaslawek-triquetra\/#breadcrumb"},"inLanguage":"en-GB","potentialAction":[{"@type":"ReadAction","target":["https:\/\/nid.pl\/2024\/05\/07\/spotkania-z-mieszkancami-gminy-damaslawek-triquetra\/"]}]},{"@type":"ImageObject","inLanguage":"en-GB","@id":"https:\/\/nid.pl\/2024\/05\/07\/spotkania-z-mieszkancami-gminy-damaslawek-triquetra\/#primaryimage","url":"https:\/\/nid.pl\/wp-content\/uploads\/2024\/05\/miniaturka-grodzisko-Damaslawek-fot.-Wlodzimierz-Raczkowski.jpg","contentUrl":"https:\/\/nid.pl\/wp-content\/uploads\/2024\/05\/miniaturka-grodzisko-Damaslawek-fot.-Wlodzimierz-Raczkowski.jpg","width":1850,"height":1238,"caption":"grodzisko Damas\u0142awek, fot. W\u0142odzimierz R\u0105czkowski"},{"@type":"BreadcrumbList","@id":"https:\/\/nid.pl\/2024\/05\/07\/spotkania-z-mieszkancami-gminy-damaslawek-triquetra\/#breadcrumb","itemListElement":[{"@type":"ListItem","position":1,"name":"Home","item":"https:\/\/nid.pl\/"},{"@type":"ListItem","position":2,"name":"Spotkania archeologiczne z mieszka\u0144cami Gminy Damas\u0142awek w ramach projektu TRIQUETRA"}]},{"@type":"WebSite","@id":"https:\/\/nid.pl\/#website","url":"https:\/\/nid.pl\/","name":"NID","description":"Narodowy Instytut Dziedzictwa","publisher":{"@id":"https:\/\/nid.pl\/#organization"},"potentialAction":[{"@type":"SearchAction","target":{"@type":"EntryPoint","urlTemplate":"https:\/\/nid.pl\/?s={search_term_string}"},"query-input":{"@type":"PropertyValueSpecification","valueRequired":true,"valueName":"search_term_string"}}],"inLanguage":"en-GB"},{"@type":"Organization","@id":"https:\/\/nid.pl\/#organization","name":"Narodowy Instytut Dziedzictwa","url":"https:\/\/nid.pl\/","logo":{"@type":"ImageObject","inLanguage":"en-GB","@id":"https:\/\/nid.pl\/#\/schema\/logo\/image\/","url":"https:\/\/nid.pl\/wp-content\/uploads\/2022\/10\/logoRedDark.png","contentUrl":"https:\/\/nid.pl\/wp-content\/uploads\/2022\/10\/logoRedDark.png","width":200,"height":197,"caption":"Narodowy Instytut Dziedzictwa"},"image":{"@id":"https:\/\/nid.pl\/#\/schema\/logo\/image\/"},"sameAs":["https:\/\/www.facebook.com\/zabytek","https:\/\/x.com\/NarIDpl","https:\/\/www.instagram.com\/nid.pl\/?hl=pl","https:\/\/www.linkedin.com\/company\/narodowy-instytut-dziedzictwa","https:\/\/www.youtube.com\/channel\/UCQXuhKa2uHtmNvLRUSx40JA"]},{"@type":"Person","@id":"https:\/\/nid.pl\/#\/schema\/person\/1b690a8998a5111cfb9f0ffe24195a15","name":"Barbara Halliop","image":{"@type":"ImageObject","inLanguage":"en-GB","@id":"https:\/\/nid.pl\/#\/schema\/person\/image\/","url":"https:\/\/nid.pl\/wp-content\/litespeed\/avatar\/924046d17dd0c842c9fa9ccf489bc6dc.jpg?ver=1777444967","contentUrl":"https:\/\/nid.pl\/wp-content\/litespeed\/avatar\/924046d17dd0c842c9fa9ccf489bc6dc.jpg?ver=1777444967","caption":"Barbara Halliop"},"url":"https:\/\/nid.pl\/en\/author\/bhalliop\/"}]}},"_links":{"self":[{"href":"https:\/\/nid.pl\/en\/wp-json\/wp\/v2\/posts\/18906","targetHints":{"allow":["GET"]}}],"collection":[{"href":"https:\/\/nid.pl\/en\/wp-json\/wp\/v2\/posts"}],"about":[{"href":"https:\/\/nid.pl\/en\/wp-json\/wp\/v2\/types\/post"}],"author":[{"embeddable":true,"href":"https:\/\/nid.pl\/en\/wp-json\/wp\/v2\/users\/7"}],"replies":[{"embeddable":true,"href":"https:\/\/nid.pl\/en\/wp-json\/wp\/v2\/comments?post=18906"}],"version-history":[{"count":0,"href":"https:\/\/nid.pl\/en\/wp-json\/wp\/v2\/posts\/18906\/revisions"}],"wp:featuredmedia":[{"embeddable":true,"href":"https:\/\/nid.pl\/en\/wp-json\/wp\/v2\/media\/18912"}],"wp:attachment":[{"href":"https:\/\/nid.pl\/en\/wp-json\/wp\/v2\/media?parent=18906"}],"wp:term":[{"taxonomy":"category","embeddable":true,"href":"https:\/\/nid.pl\/en\/wp-json\/wp\/v2\/categories?post=18906"},{"taxonomy":"post_tag","embeddable":true,"href":"https:\/\/nid.pl\/en\/wp-json\/wp\/v2\/tags?post=18906"}],"curies":[{"name":"wp","href":"https:\/\/api.w.org\/{rel}","templated":true}]}}