{"id":18876,"date":"2024-05-07T12:05:37","date_gmt":"2024-05-07T10:05:37","guid":{"rendered":"https:\/\/nid.pl\/?p=18876"},"modified":"2024-05-13T15:21:49","modified_gmt":"2024-05-13T13:21:49","slug":"konferencja-icomos-60-lat-karty-weneckiej","status":"publish","type":"post","link":"https:\/\/nid.pl\/en\/2024\/05\/07\/konferencja-icomos-60-lat-karty-weneckiej\/","title":{"rendered":"Konferencja naukowa \u201ePodstawy teoretyczne ochrony zabytk\u00f3w \u2013 60 lat Karty Weneckiej\u201d ju\u017c wkr\u00f3tce!"},"content":{"rendered":"<p><strong>Zapraszamy na konferencj\u0119 naukow\u0105 <a>\u201ePodstawy teoretyczne ochrony zabytk\u00f3w \u2013 60 lat Karty Weneckiej\u201d<\/a>, kt\u00f3ra odb\u0119dzie si\u0119 w dniach od 13 do 14 maja w \u0141azienkach Kr\u00f3lewskich w Warszawie. Celem wydarzenia, organizowanego przez Polski Komitet Narodowy ICOMOS, Muzeum \u0141azienki Kr\u00f3lewskie w Warszawie, Zamek Kr\u00f3lewski w Warszawie oraz NID, jest dyskusja o kluczowych problemach wsp\u00f3\u0142czesnej teorii ochrony i konserwacji dziedzictwa.<\/strong><\/p>\n\n\n\n<p>Jak co roku w maju zapraszamy na konferencj\u0119 naukow\u0105 organizowan\u0105 przez Polski Komitet Narodowy ICOMOS, Narodowy Instytut Dziedzictwa, Muzeum \u0141azienki Kr\u00f3lewskie w Warszawie, oraz Zamek Kr\u00f3lewski w Warszawie. Przedmiotem konferencji \u201ePodstawy teoretyczne ochrony zabytk\u00f3w \u2013 60 lat Karty Weneckiej\u201d b\u0119dzie dyskusja o kluczowych problemach wsp\u00f3\u0142czesnej teorii ochrony i konserwacji dziedzictwa.<\/p>\n\n\n\n<p>Pierwszy dzie\u0144 konferencji, 13 maja, rozpocznie og\u0142oszenie wynik\u00f3w i wr\u0119czenie nagr\u00f3d w konkursie na najlepsze prace dyplomowe w zakresie ochrony i konserwacji zabytk\u00f3w im. prof. Jana Zachwatowicza za rok 2023.<\/p>\n\n\n\n<p>Obydwa dni zosta\u0142y podzielone na dwie sesje: podczas pierwszej przedstawiciele r\u00f3\u017cnych \u015brodowisk \u2013 teoretycy i praktycy &#8211; wyg\u0142osz\u0105 wyk\u0142ady, po kt\u00f3rych odb\u0119dzie si\u0119 panel dyskusyjny. Ka\u017cdy dzie\u0144 zako\u0144czy si\u0119 dyskusj\u0105, podczas kt\u00f3rej uczestnicy b\u0119d\u0105 stara\u0107 si\u0119 dokona\u0107 oceny roli i u\u017cyteczno\u015bci dokument\u00f3w doktrynalnych, a tak\u017ce wypracowa\u0107 wnioski dotycz\u0105ce kierunk\u00f3w rozwoju teorii konserwatorskiej.<\/p>\n\n\n\n<p><strong>Program konferencji<\/strong> publikujemy w kalendarzu <strong>&gt;<a href=\"https:\/\/nid.pl\/en\/wydarzenie\/konferencja-icomos-60-lat-karty-weneckiej\/\">tutaj<\/a>&lt;.<\/strong><br><strong>Termin:<\/strong>&nbsp;13 &#8211; 14 maja 2024 r.<br><strong>Miejsce:<\/strong>&nbsp; Pa\u0142ac na Wyspie, Muzeum \u0141azienki Kr\u00f3lewskie, ul. Agrykola 1, Warszawa<br><strong>Forma konferencji:<\/strong>&nbsp;Konferencja odb\u0119dzie si\u0119 stacjonarnie w Warszawie, w j\u0119zyku polskim.<\/p>\n\n\n\n<p><strong>Udzia\u0142 w konferencji<\/strong>:<\/p>\n\n\n\n<p>Obowi\u0105zuje rejestracja za po\u015brednictwem <a href=\"https:\/\/docs.google.com\/forms\/d\/e\/1FAIpQLSe5NAxrseMlI1R0offoDm3Yt8WYPAnaIsA_gm6REAAgdVIrbQ\/viewform\">formularza elektronicznego<\/a> lub zg\u0142oszenia w formie tradycyjnej do pobrania na stronie <a href=\"http:\/\/icomos-poland.org\/pl\/\">http:\/\/icomos-poland.org\/pl\/<\/a>.<\/p>\n\n\n\n<p>Uczestnictwo w konferencji jest p\u0142atne: 100 z\u0142 od osoby prywatnej oraz 300 z\u0142 od przedstawiciela instytucji. Dane do przelewu zostan\u0105 przes\u0142ane wraz z potwierdzeniem rejestracji.<\/p>\n\n\n\n<p>Uwaga! Liczba miejsc jest ograniczona &#8211; Organizatorzy zastrzegaj\u0105 sobie zamkni\u0119cie zapis\u00f3w po wyczerpaniu limitu miejsc.<\/p>\n\n\n\n<p>Konferencja b\u0119dzie transmitowana na kanale PKN ICOMOS na platformie <a href=\"https:\/\/www.youtube.com\/channel\/UC19ROd_g7JaUJYpSTcyWL3Q\">YouTube.<\/a><\/p>\n\n\n\n<p><strong>Patronat honorowy nad wydarzeniem<\/strong> obj\u0119\u0142a Bo\u017cena \u017belazowska, Generalny Konserwator Zabytk\u00f3w, Sekretarz Stanu w Ministerstwie Kultury i Dziedzictwa Narodowego.<\/p>\n\n\n\n<p>Konferencja dofinansowana ze \u015brodk\u00f3w Ministra Kultury i Dziedzictwa Narodowego, w ramach realizacji dzia\u0142a\u0144 Narodowego Instytutu Dziedzictwa.<\/p>\n\n\n\n<p><strong>O Karcie Weneckiej &nbsp;<\/strong><\/p>\n\n\n\n<p>W 1964 roku w Wenecji, podczas II Mi\u0119dzynarodowego Kongresu Architekt\u00f3w i Technik\u00f3w Zabytk\u00f3w, uchwalono tzw. Kart\u0119 Weneck\u0105. Stanowi ona mi\u0119dzynarodow\u0105 konwencj\u0119 okre\u015blaj\u0105c\u0105 zasady konserwacji i restauracji zabytk\u00f3w architektury oraz uznawana jest za najwa\u017cniejszy dokument ochrony i konserwacji zabytk\u00f3w.<\/p>\n\n\n\n<p>Od czasu uchwalenia Karty okoliczno\u015bci ochrony zabytk\u00f3w zmieni\u0142y si\u0119 diametralnie, dlatego jej za\u0142o\u017cenia by\u0142y w p\u00f3\u017aniejszych latach rozszerzane i adaptowane do wsp\u00f3\u0142czesnych problem\u00f3w. Pomimo tego, Karta Wenecka wci\u0105\u017c pozostaje do dzi\u015b zbiorem podstawowych wytycznych przy pracach nad budynkami o warto\u015bci historycznej.<\/p>\n\n\n\n<p><strong>Mi\u0119dzynarodowa Rada Ochrony Zabytk\u00f3w (ICOMOS)<\/strong><\/p>\n\n\n\n<p>Mi\u0119dzynarodowa Rada Ochrony Zabytk\u00f3w (pozarz\u0105dowa organizacja o zasi\u0119gu mi\u0119dzynarodowym, afiliowana przy UNESCO) zosta\u0142a powo\u0142ana do \u017cycia w 1965 roku na Kongresie za\u0142o\u017cycielskim w Warszawie. Uchwa\u0142a w tej sprawie zosta\u0142a podj\u0119ta w trakcie II Mi\u0119dzynarodowego Kongresu Architekt\u00f3w i Technik\u00f3w Zabytk\u00f3w w Wenecji rok wcze\u015bniej.&nbsp; Siedziba ICOMOS znajduje si\u0119 w Pary\u017cu.<\/p>\n\n\n\n<p>Do g\u0142\u00f3wnych zada\u0144 ICOMOS nale\u017cy rozpowszechnianie metod ochrony dziedzictwa kulturowego i konserwacji zabytk\u00f3w oraz wspieranie nowych bada\u0144 dotycz\u0105cych teorii i technologii s\u0142u\u017c\u0105cych przetrwaniu historycznego dziedzictwa: budowli i zespo\u0142\u00f3w architektonicznych, za\u0142o\u017ce\u0144 urbanistycznych i historycznych miast, za\u0142o\u017ce\u0144 pa\u0142acowo-ogrodowych i rezydencjonalnych oraz miejsc archeologicznych i krajobrazu kulturowego.<\/p>\n\n\n\n<p>Istotnym elementem dzia\u0142alno\u015bci Polskiego Komitetu Narodowego ICOMOS jest opiniowanie obiekt\u00f3w kandyduj\u0105cych do wpisu na List\u0119 \u015awiatowego Dziedzictwa Kulturalnego i Naturalnego oraz monitorowanie miast, miejsc i obiekt\u00f3w polskich znajduj\u0105cych si\u0119 na Li\u015bcie.<\/p>\n\n\n\n<p>Celem organizacji jest popularyzacja polskich osi\u0105gni\u0119\u0107 w dziedzinie ochrony zabytk\u00f3w za granic\u0105 oraz przeniesienie na grunt Polski najlepszych do\u015bwiadcze\u0144 zagranicznych.<\/p>\n\n\n\n<p>Mi\u0119dzynarodowa Rada Ochrony Zabytk\u00f3w zrzesza ok. 10 800 cz\u0142onk\u00f3w z ponad 110 kraj\u00f3w \u015bwiata, w tym: wybitnych ekspert\u00f3w w zakresie konserwacji i ochrony dziedzictwa, historyk\u00f3w, historyk\u00f3w sztuki, architektury czy urbanistyki, archeolog\u00f3w, geograf\u00f3w, antropolog\u00f3w i prawnik\u00f3w. Natomiast do PKN nale\u017cy ponad 220 najwybitniejszych polskich specjalist\u00f3w z zakresu ochrony dziedzictwa i konserwacji zabytk\u00f3w. Obecnie stanowisko prezesa PKN ICOMOS obejmuje Bogus\u0142aw Szmygin.&nbsp;<\/p>","protected":false},"excerpt":{"rendered":"<p>Zapraszamy na konferencj\u0119 naukow\u0105 \u201ePodstawy teoretyczne ochrony zabytk\u00f3w \u2013 60 lat Karty Weneckiej\u201d, kt\u00f3ra odb\u0119dzie si\u0119 w dniach od 13 do 14 maja w \u0141azienkach Kr\u00f3lewskich w Warszawie. Celem wydarzenia, [&hellip;]<\/p>","protected":false},"author":7,"featured_media":18878,"comment_status":"closed","ping_status":"closed","sticky":false,"template":"","format":"standard","meta":{"_et_pb_use_builder":"off","_et_pb_old_content":"","_et_gb_content_width":"","_monsterinsights_skip_tracking":false,"_monsterinsights_sitenote_active":false,"_monsterinsights_sitenote_note":"","_monsterinsights_sitenote_category":0,"footnotes":""},"categories":[3],"tags":[],"class_list":["post-18876","post","type-post","status-publish","format-standard","has-post-thumbnail","hentry","category-aktualnosci"],"yoast_head":"<!-- This site is optimized with the Yoast SEO plugin v26.5 - https:\/\/yoast.com\/wordpress\/plugins\/seo\/ -->\n<title>Konferencja naukowa \u201ePodstawy teoretyczne ochrony zabytk\u00f3w \u2013 60 lat Karty Weneckiej\u201d ju\u017c wkr\u00f3tce! - NID<\/title>\n<meta name=\"robots\" content=\"index, follow, max-snippet:-1, max-image-preview:large, max-video-preview:-1\" \/>\n<link rel=\"canonical\" href=\"https:\/\/nid.pl\/en\/2024\/05\/07\/konferencja-icomos-60-lat-karty-weneckiej\/\" \/>\n<meta property=\"og:locale\" content=\"en_GB\" \/>\n<meta property=\"og:type\" content=\"article\" \/>\n<meta property=\"og:title\" content=\"Konferencja naukowa \u201ePodstawy teoretyczne ochrony zabytk\u00f3w \u2013 60 lat Karty Weneckiej\u201d ju\u017c wkr\u00f3tce! - NID\" \/>\n<meta property=\"og:description\" content=\"Zapraszamy na konferencj\u0119 naukow\u0105 \u201ePodstawy teoretyczne ochrony zabytk\u00f3w \u2013 60 lat Karty Weneckiej\u201d, kt\u00f3ra odb\u0119dzie si\u0119 w dniach od 13 do 14 maja w \u0141azienkach Kr\u00f3lewskich w Warszawie. Celem wydarzenia, [&hellip;]\" \/>\n<meta property=\"og:url\" content=\"https:\/\/nid.pl\/en\/2024\/05\/07\/konferencja-icomos-60-lat-karty-weneckiej\/\" \/>\n<meta property=\"og:site_name\" content=\"NID\" \/>\n<meta property=\"article:publisher\" content=\"https:\/\/www.facebook.com\/zabytek\" \/>\n<meta property=\"article:published_time\" content=\"2024-05-07T10:05:37+00:00\" \/>\n<meta property=\"article:modified_time\" content=\"2024-05-13T13:21:49+00:00\" \/>\n<meta property=\"og:image\" content=\"https:\/\/nid.pl\/wp-content\/uploads\/2024\/05\/miniaturka-konferencja-naukowa-ICOMOS.jpg\" \/>\n\t<meta property=\"og:image:width\" content=\"1850\" \/>\n\t<meta property=\"og:image:height\" content=\"1238\" \/>\n\t<meta property=\"og:image:type\" content=\"image\/jpeg\" \/>\n<meta name=\"author\" content=\"Barbara Halliop\" \/>\n<meta name=\"twitter:card\" content=\"summary_large_image\" \/>\n<meta name=\"twitter:creator\" content=\"@NarIDpl\" \/>\n<meta name=\"twitter:site\" content=\"@NarIDpl\" \/>\n<meta name=\"twitter:label1\" content=\"Written by\" \/>\n\t<meta name=\"twitter:data1\" content=\"Barbara Halliop\" \/>\n\t<meta name=\"twitter:label2\" content=\"Estimated reading time\" \/>\n\t<meta name=\"twitter:data2\" content=\"4 minutes\" \/>\n<script type=\"application\/ld+json\" class=\"yoast-schema-graph\">{\"@context\":\"https:\/\/schema.org\",\"@graph\":[{\"@type\":\"Article\",\"@id\":\"https:\/\/nid.pl\/2024\/05\/07\/konferencja-icomos-60-lat-karty-weneckiej\/#article\",\"isPartOf\":{\"@id\":\"https:\/\/nid.pl\/2024\/05\/07\/konferencja-icomos-60-lat-karty-weneckiej\/\"},\"author\":{\"name\":\"Barbara Halliop\",\"@id\":\"https:\/\/nid.pl\/#\/schema\/person\/1b690a8998a5111cfb9f0ffe24195a15\"},\"headline\":\"Konferencja naukowa \u201ePodstawy teoretyczne ochrony zabytk\u00f3w \u2013 60 lat Karty Weneckiej\u201d ju\u017c wkr\u00f3tce!\",\"datePublished\":\"2024-05-07T10:05:37+00:00\",\"dateModified\":\"2024-05-13T13:21:49+00:00\",\"mainEntityOfPage\":{\"@id\":\"https:\/\/nid.pl\/2024\/05\/07\/konferencja-icomos-60-lat-karty-weneckiej\/\"},\"wordCount\":749,\"publisher\":{\"@id\":\"https:\/\/nid.pl\/#organization\"},\"image\":{\"@id\":\"https:\/\/nid.pl\/2024\/05\/07\/konferencja-icomos-60-lat-karty-weneckiej\/#primaryimage\"},\"thumbnailUrl\":\"https:\/\/nid.pl\/wp-content\/uploads\/2024\/05\/miniaturka-konferencja-naukowa-ICOMOS.jpg\",\"articleSection\":[\"Aktualno\u015bci\"],\"inLanguage\":\"en-GB\"},{\"@type\":\"WebPage\",\"@id\":\"https:\/\/nid.pl\/2024\/05\/07\/konferencja-icomos-60-lat-karty-weneckiej\/\",\"url\":\"https:\/\/nid.pl\/2024\/05\/07\/konferencja-icomos-60-lat-karty-weneckiej\/\",\"name\":\"Konferencja naukowa \u201ePodstawy teoretyczne ochrony zabytk\u00f3w \u2013 60 lat Karty Weneckiej\u201d ju\u017c wkr\u00f3tce! - NID\",\"isPartOf\":{\"@id\":\"https:\/\/nid.pl\/#website\"},\"primaryImageOfPage\":{\"@id\":\"https:\/\/nid.pl\/2024\/05\/07\/konferencja-icomos-60-lat-karty-weneckiej\/#primaryimage\"},\"image\":{\"@id\":\"https:\/\/nid.pl\/2024\/05\/07\/konferencja-icomos-60-lat-karty-weneckiej\/#primaryimage\"},\"thumbnailUrl\":\"https:\/\/nid.pl\/wp-content\/uploads\/2024\/05\/miniaturka-konferencja-naukowa-ICOMOS.jpg\",\"datePublished\":\"2024-05-07T10:05:37+00:00\",\"dateModified\":\"2024-05-13T13:21:49+00:00\",\"breadcrumb\":{\"@id\":\"https:\/\/nid.pl\/2024\/05\/07\/konferencja-icomos-60-lat-karty-weneckiej\/#breadcrumb\"},\"inLanguage\":\"en-GB\",\"potentialAction\":[{\"@type\":\"ReadAction\",\"target\":[\"https:\/\/nid.pl\/2024\/05\/07\/konferencja-icomos-60-lat-karty-weneckiej\/\"]}]},{\"@type\":\"ImageObject\",\"inLanguage\":\"en-GB\",\"@id\":\"https:\/\/nid.pl\/2024\/05\/07\/konferencja-icomos-60-lat-karty-weneckiej\/#primaryimage\",\"url\":\"https:\/\/nid.pl\/wp-content\/uploads\/2024\/05\/miniaturka-konferencja-naukowa-ICOMOS.jpg\",\"contentUrl\":\"https:\/\/nid.pl\/wp-content\/uploads\/2024\/05\/miniaturka-konferencja-naukowa-ICOMOS.jpg\",\"width\":1850,\"height\":1238,\"caption\":\"Konferencja naukowa \u201ePodstawy teoretyczne ochrony zabytk\u00f3w \u2013 60 lat Karty Weneckiej\u201d\"},{\"@type\":\"BreadcrumbList\",\"@id\":\"https:\/\/nid.pl\/2024\/05\/07\/konferencja-icomos-60-lat-karty-weneckiej\/#breadcrumb\",\"itemListElement\":[{\"@type\":\"ListItem\",\"position\":1,\"name\":\"Home\",\"item\":\"https:\/\/nid.pl\/\"},{\"@type\":\"ListItem\",\"position\":2,\"name\":\"Konferencja naukowa \u201ePodstawy teoretyczne ochrony zabytk\u00f3w \u2013 60 lat Karty Weneckiej\u201d ju\u017c wkr\u00f3tce!\"}]},{\"@type\":\"WebSite\",\"@id\":\"https:\/\/nid.pl\/#website\",\"url\":\"https:\/\/nid.pl\/\",\"name\":\"NID\",\"description\":\"Narodowy Instytut Dziedzictwa\",\"publisher\":{\"@id\":\"https:\/\/nid.pl\/#organization\"},\"potentialAction\":[{\"@type\":\"SearchAction\",\"target\":{\"@type\":\"EntryPoint\",\"urlTemplate\":\"https:\/\/nid.pl\/?s={search_term_string}\"},\"query-input\":{\"@type\":\"PropertyValueSpecification\",\"valueRequired\":true,\"valueName\":\"search_term_string\"}}],\"inLanguage\":\"en-GB\"},{\"@type\":\"Organization\",\"@id\":\"https:\/\/nid.pl\/#organization\",\"name\":\"Narodowy Instytut Dziedzictwa\",\"url\":\"https:\/\/nid.pl\/\",\"logo\":{\"@type\":\"ImageObject\",\"inLanguage\":\"en-GB\",\"@id\":\"https:\/\/nid.pl\/#\/schema\/logo\/image\/\",\"url\":\"https:\/\/nid.pl\/wp-content\/uploads\/2022\/10\/logoRedDark.png\",\"contentUrl\":\"https:\/\/nid.pl\/wp-content\/uploads\/2022\/10\/logoRedDark.png\",\"width\":200,\"height\":197,\"caption\":\"Narodowy Instytut Dziedzictwa\"},\"image\":{\"@id\":\"https:\/\/nid.pl\/#\/schema\/logo\/image\/\"},\"sameAs\":[\"https:\/\/www.facebook.com\/zabytek\",\"https:\/\/x.com\/NarIDpl\",\"https:\/\/www.instagram.com\/nid.pl\/?hl=pl\",\"https:\/\/www.linkedin.com\/company\/narodowy-instytut-dziedzictwa\",\"https:\/\/www.youtube.com\/channel\/UCQXuhKa2uHtmNvLRUSx40JA\"]},{\"@type\":\"Person\",\"@id\":\"https:\/\/nid.pl\/#\/schema\/person\/1b690a8998a5111cfb9f0ffe24195a15\",\"name\":\"Barbara Halliop\",\"image\":{\"@type\":\"ImageObject\",\"inLanguage\":\"en-GB\",\"@id\":\"https:\/\/nid.pl\/#\/schema\/person\/image\/\",\"url\":\"https:\/\/nid.pl\/wp-content\/litespeed\/avatar\/924046d17dd0c842c9fa9ccf489bc6dc.jpg?ver=1777444967\",\"contentUrl\":\"https:\/\/nid.pl\/wp-content\/litespeed\/avatar\/924046d17dd0c842c9fa9ccf489bc6dc.jpg?ver=1777444967\",\"caption\":\"Barbara Halliop\"},\"url\":\"https:\/\/nid.pl\/en\/author\/bhalliop\/\"}]}<\/script>\n<!-- \/ Yoast SEO plugin. -->","yoast_head_json":{"title":"Konferencja naukowa \u201ePodstawy teoretyczne ochrony zabytk\u00f3w \u2013 60 lat Karty Weneckiej\u201d ju\u017c wkr\u00f3tce! - NID","robots":{"index":"index","follow":"follow","max-snippet":"max-snippet:-1","max-image-preview":"max-image-preview:large","max-video-preview":"max-video-preview:-1"},"canonical":"https:\/\/nid.pl\/en\/2024\/05\/07\/konferencja-icomos-60-lat-karty-weneckiej\/","og_locale":"en_GB","og_type":"article","og_title":"Konferencja naukowa \u201ePodstawy teoretyczne ochrony zabytk\u00f3w \u2013 60 lat Karty Weneckiej\u201d ju\u017c wkr\u00f3tce! - NID","og_description":"Zapraszamy na konferencj\u0119 naukow\u0105 \u201ePodstawy teoretyczne ochrony zabytk\u00f3w \u2013 60 lat Karty Weneckiej\u201d, kt\u00f3ra odb\u0119dzie si\u0119 w dniach od 13 do 14 maja w \u0141azienkach Kr\u00f3lewskich w Warszawie. Celem wydarzenia, [&hellip;]","og_url":"https:\/\/nid.pl\/en\/2024\/05\/07\/konferencja-icomos-60-lat-karty-weneckiej\/","og_site_name":"NID","article_publisher":"https:\/\/www.facebook.com\/zabytek","article_published_time":"2024-05-07T10:05:37+00:00","article_modified_time":"2024-05-13T13:21:49+00:00","og_image":[{"width":1850,"height":1238,"url":"https:\/\/nid.pl\/wp-content\/uploads\/2024\/05\/miniaturka-konferencja-naukowa-ICOMOS.jpg","type":"image\/jpeg"}],"author":"Barbara Halliop","twitter_card":"summary_large_image","twitter_creator":"@NarIDpl","twitter_site":"@NarIDpl","twitter_misc":{"Written by":"Barbara Halliop","Estimated reading time":"4 minutes"},"schema":{"@context":"https:\/\/schema.org","@graph":[{"@type":"Article","@id":"https:\/\/nid.pl\/2024\/05\/07\/konferencja-icomos-60-lat-karty-weneckiej\/#article","isPartOf":{"@id":"https:\/\/nid.pl\/2024\/05\/07\/konferencja-icomos-60-lat-karty-weneckiej\/"},"author":{"name":"Barbara Halliop","@id":"https:\/\/nid.pl\/#\/schema\/person\/1b690a8998a5111cfb9f0ffe24195a15"},"headline":"Konferencja naukowa \u201ePodstawy teoretyczne ochrony zabytk\u00f3w \u2013 60 lat Karty Weneckiej\u201d ju\u017c wkr\u00f3tce!","datePublished":"2024-05-07T10:05:37+00:00","dateModified":"2024-05-13T13:21:49+00:00","mainEntityOfPage":{"@id":"https:\/\/nid.pl\/2024\/05\/07\/konferencja-icomos-60-lat-karty-weneckiej\/"},"wordCount":749,"publisher":{"@id":"https:\/\/nid.pl\/#organization"},"image":{"@id":"https:\/\/nid.pl\/2024\/05\/07\/konferencja-icomos-60-lat-karty-weneckiej\/#primaryimage"},"thumbnailUrl":"https:\/\/nid.pl\/wp-content\/uploads\/2024\/05\/miniaturka-konferencja-naukowa-ICOMOS.jpg","articleSection":["Aktualno\u015bci"],"inLanguage":"en-GB"},{"@type":"WebPage","@id":"https:\/\/nid.pl\/2024\/05\/07\/konferencja-icomos-60-lat-karty-weneckiej\/","url":"https:\/\/nid.pl\/2024\/05\/07\/konferencja-icomos-60-lat-karty-weneckiej\/","name":"Konferencja naukowa \u201ePodstawy teoretyczne ochrony zabytk\u00f3w \u2013 60 lat Karty Weneckiej\u201d ju\u017c wkr\u00f3tce! - NID","isPartOf":{"@id":"https:\/\/nid.pl\/#website"},"primaryImageOfPage":{"@id":"https:\/\/nid.pl\/2024\/05\/07\/konferencja-icomos-60-lat-karty-weneckiej\/#primaryimage"},"image":{"@id":"https:\/\/nid.pl\/2024\/05\/07\/konferencja-icomos-60-lat-karty-weneckiej\/#primaryimage"},"thumbnailUrl":"https:\/\/nid.pl\/wp-content\/uploads\/2024\/05\/miniaturka-konferencja-naukowa-ICOMOS.jpg","datePublished":"2024-05-07T10:05:37+00:00","dateModified":"2024-05-13T13:21:49+00:00","breadcrumb":{"@id":"https:\/\/nid.pl\/2024\/05\/07\/konferencja-icomos-60-lat-karty-weneckiej\/#breadcrumb"},"inLanguage":"en-GB","potentialAction":[{"@type":"ReadAction","target":["https:\/\/nid.pl\/2024\/05\/07\/konferencja-icomos-60-lat-karty-weneckiej\/"]}]},{"@type":"ImageObject","inLanguage":"en-GB","@id":"https:\/\/nid.pl\/2024\/05\/07\/konferencja-icomos-60-lat-karty-weneckiej\/#primaryimage","url":"https:\/\/nid.pl\/wp-content\/uploads\/2024\/05\/miniaturka-konferencja-naukowa-ICOMOS.jpg","contentUrl":"https:\/\/nid.pl\/wp-content\/uploads\/2024\/05\/miniaturka-konferencja-naukowa-ICOMOS.jpg","width":1850,"height":1238,"caption":"Konferencja naukowa \u201ePodstawy teoretyczne ochrony zabytk\u00f3w \u2013 60 lat Karty Weneckiej\u201d"},{"@type":"BreadcrumbList","@id":"https:\/\/nid.pl\/2024\/05\/07\/konferencja-icomos-60-lat-karty-weneckiej\/#breadcrumb","itemListElement":[{"@type":"ListItem","position":1,"name":"Home","item":"https:\/\/nid.pl\/"},{"@type":"ListItem","position":2,"name":"Konferencja naukowa \u201ePodstawy teoretyczne ochrony zabytk\u00f3w \u2013 60 lat Karty Weneckiej\u201d ju\u017c wkr\u00f3tce!"}]},{"@type":"WebSite","@id":"https:\/\/nid.pl\/#website","url":"https:\/\/nid.pl\/","name":"NID","description":"Narodowy Instytut Dziedzictwa","publisher":{"@id":"https:\/\/nid.pl\/#organization"},"potentialAction":[{"@type":"SearchAction","target":{"@type":"EntryPoint","urlTemplate":"https:\/\/nid.pl\/?s={search_term_string}"},"query-input":{"@type":"PropertyValueSpecification","valueRequired":true,"valueName":"search_term_string"}}],"inLanguage":"en-GB"},{"@type":"Organization","@id":"https:\/\/nid.pl\/#organization","name":"Narodowy Instytut Dziedzictwa","url":"https:\/\/nid.pl\/","logo":{"@type":"ImageObject","inLanguage":"en-GB","@id":"https:\/\/nid.pl\/#\/schema\/logo\/image\/","url":"https:\/\/nid.pl\/wp-content\/uploads\/2022\/10\/logoRedDark.png","contentUrl":"https:\/\/nid.pl\/wp-content\/uploads\/2022\/10\/logoRedDark.png","width":200,"height":197,"caption":"Narodowy Instytut Dziedzictwa"},"image":{"@id":"https:\/\/nid.pl\/#\/schema\/logo\/image\/"},"sameAs":["https:\/\/www.facebook.com\/zabytek","https:\/\/x.com\/NarIDpl","https:\/\/www.instagram.com\/nid.pl\/?hl=pl","https:\/\/www.linkedin.com\/company\/narodowy-instytut-dziedzictwa","https:\/\/www.youtube.com\/channel\/UCQXuhKa2uHtmNvLRUSx40JA"]},{"@type":"Person","@id":"https:\/\/nid.pl\/#\/schema\/person\/1b690a8998a5111cfb9f0ffe24195a15","name":"Barbara Halliop","image":{"@type":"ImageObject","inLanguage":"en-GB","@id":"https:\/\/nid.pl\/#\/schema\/person\/image\/","url":"https:\/\/nid.pl\/wp-content\/litespeed\/avatar\/924046d17dd0c842c9fa9ccf489bc6dc.jpg?ver=1777444967","contentUrl":"https:\/\/nid.pl\/wp-content\/litespeed\/avatar\/924046d17dd0c842c9fa9ccf489bc6dc.jpg?ver=1777444967","caption":"Barbara Halliop"},"url":"https:\/\/nid.pl\/en\/author\/bhalliop\/"}]}},"_links":{"self":[{"href":"https:\/\/nid.pl\/en\/wp-json\/wp\/v2\/posts\/18876","targetHints":{"allow":["GET"]}}],"collection":[{"href":"https:\/\/nid.pl\/en\/wp-json\/wp\/v2\/posts"}],"about":[{"href":"https:\/\/nid.pl\/en\/wp-json\/wp\/v2\/types\/post"}],"author":[{"embeddable":true,"href":"https:\/\/nid.pl\/en\/wp-json\/wp\/v2\/users\/7"}],"replies":[{"embeddable":true,"href":"https:\/\/nid.pl\/en\/wp-json\/wp\/v2\/comments?post=18876"}],"version-history":[{"count":0,"href":"https:\/\/nid.pl\/en\/wp-json\/wp\/v2\/posts\/18876\/revisions"}],"wp:featuredmedia":[{"embeddable":true,"href":"https:\/\/nid.pl\/en\/wp-json\/wp\/v2\/media\/18878"}],"wp:attachment":[{"href":"https:\/\/nid.pl\/en\/wp-json\/wp\/v2\/media?parent=18876"}],"wp:term":[{"taxonomy":"category","embeddable":true,"href":"https:\/\/nid.pl\/en\/wp-json\/wp\/v2\/categories?post=18876"},{"taxonomy":"post_tag","embeddable":true,"href":"https:\/\/nid.pl\/en\/wp-json\/wp\/v2\/tags?post=18876"}],"curies":[{"name":"wp","href":"https:\/\/api.w.org\/{rel}","templated":true}]}}