{"id":18356,"date":"2024-04-22T12:01:00","date_gmt":"2024-04-22T10:01:00","guid":{"rendered":"https:\/\/nid.pl\/?p=18356"},"modified":"2024-04-23T09:18:52","modified_gmt":"2024-04-23T07:18:52","slug":"nabor-wnioskow-do-programu-niematerialne-przekaz-dalej-2024","status":"publish","type":"post","link":"https:\/\/nid.pl\/en\/2024\/04\/22\/nabor-wnioskow-do-programu-niematerialne-przekaz-dalej-2024\/","title":{"rendered":"Nab\u00f3r wniosk\u00f3w do programu \u201eNiematerialne \u2013 przeka\u017c dalej\u201d 2024"},"content":{"rendered":"<p><strong>Od 22 kwietnia do 22 maja 2024 zapraszamy do sk\u0142adania wniosk\u00f3w do programu \u201eNiematerialne \u2013 przeka\u017c dalej\u201d na 2024 rok.<\/strong><\/p>\n\n\n\n<p>G\u0142\u00f3wnym celem programu dotacyjnego Narodowego Instytutu Dziedzictwa \u201eNiematerialne \u2013 przeka\u017c dalej\u201d jest wspieranie projekt\u00f3w dotycz\u0105cych zjawisk wpisanych na Krajow\u0105 list\u0119 niematerialnego dziedzictwa kulturowego oraz praktyk wpisanych do Krajowego rejestru dobrych praktyk w ochronie niematerialnego dziedzictwa kulturowego, s\u0142u\u017c\u0105cych wzmocnieniu przekazu pokoleniowego, ochrony i popularyzacji tych zjawisk.<\/p>\n\n\n\n<p>Program zosta\u0142 og\u0142oszony po raz pierwszy w 2023 r., w zwi\u0105zku z 20. rocznic\u0105 powstania Konwencji UNESCO w sprawie ochrony niematerialnego dziedzictwa kulturowego oraz 10. rocznic\u0105 Krajowej listy niematerialnego dziedzictwa kulturowego. W tym roku rusza druga edycja programu \u201eNiematerialne \u2013 przeka\u017c dalej\u201d. W tegorocznym regulaminie rozszerzony zosta\u0142 zakres rzeczowy programu, lista organizacji uprawnionych do ubiegania si\u0119 o dofinansowanie, wy\u017cszy jest tak\u017ce bud\u017cet programu \u2013 na dofinansowania przeznaczone b\u0119d\u0105 \u015brodki w wysoko\u015bci 500&nbsp;000 z\u0142.<\/p>\n\n\n\n<p>W ramach Programu uprawnieni Wnioskodawcy mog\u0105 ubiega\u0107 si\u0119 o dofinansowanie zada\u0144 zwi\u0105zanych ze zjawiskami wpisanymi na Krajow\u0105 list\u0119 niematerialnego dziedzictwa kulturowego oraz praktykami wpisanymi do Krajowego rejestru dobrych praktyk w ochronie niematerialnego dziedzictwa kulturowego, obejmuj\u0105cych:<\/p>\n\n\n\n<ul class=\"wp-block-list\">\n<li>projekty wspieraj\u0105ce mi\u0119dzypokoleniowy przekaz wiedzy i umiej\u0119tno\u015bci, prowadz\u0105ce do nabycia nowych kompetencji we wszystkich dziedzinach zwi\u0105zanych z danym zjawiskiem lub praktyk\u0105;<\/li>\n\n\n\n<li>dzia\u0142ania edukacyjne prowadz\u0105ce do wzmocnienia \u015bwiadomo\u015bci spo\u0142ecznej, szczeg\u00f3lnie w\u015br\u00f3d m\u0142odego pokolenia, na temat roli dziedzictwa niematerialnego w kulturze lokalnej i og\u00f3lnopolskiej;<\/li>\n\n\n\n<li>dzia\u0142ania zwi\u0105zane z dokumentowaniem element\u00f3w niematerialnego dziedzictwa prowadz\u0105ce do ich g\u0142\u0119bszego utrwalenia, zachowania dla kolejnych pokole\u0144 oraz popularyzuj\u0105ce lokalne niematerialne dziedzictwo.<\/li>\n<\/ul>\n\n\n\n<p>O dofinansowanie w ramach programu mog\u0105 ubiega\u0107 si\u0119:<\/p>\n\n\n\n<p>a) organizacje pozarz\u0105dowe b\u0119d\u0105ce podmiotami prawa polskiego,<br>b) samorz\u0105dowe instytucje kultury, z wy\u0142\u0105czeniem wsp\u00f3\u0142prowadzonych przez Ministra Kultury i Dziedzictwa Narodowego,<br>c) ko\u015bcio\u0142y i zwi\u0105zki wyznaniowe.<\/p>\n\n\n\n<p>Program \u201eNiematerialne \u2013 przeka\u017c dalej\u201d jest ukierunkowany na wsparcie Depozytariuszy wskazanych wy\u017cej zjawisk i dobrych praktyk, dlatego udzia\u0142 Depozytariuszy w realizacji zg\u0142aszanych do konkursu zada\u0144 jest jednym z warunk\u00f3w poprawno\u015bci wniosku o dofinansowanie.<\/p>\n\n\n\n<p>Bud\u017cet programu na 2024 r. wynosi 500 000 z\u0142. Dofinansowanie na realizacj\u0119 jednego zadania mo\u017ce wynie\u015b\u0107 od 5 000 z\u0142 do 40 000 z\u0142.<\/p>\n\n\n\n<p>Krajowa lista niematerialnego dziedzictwa kulturowego to spis przejaw\u00f3w \u017cywego dziedzictwa niematerialnego z terenu Polski oraz forma ochrony dziedzictwa kulturowego wynikaj\u0105ca z podpisanej przez Polsk\u0119 Konwencji UNESCO z 2003 r. w sprawie ochrony niematerialnego dziedzictwa kulturowego.<\/p>\n\n\n\n<p>Krajowy rejestr dobrych praktyk w ochronie niematerialnego dziedzictwa kulturowego to lista krajowych, regionalnych lub ponadregionalnych dzia\u0142a\u0144, kt\u00f3re s\u0142u\u017c\u0105 ochronie dziedzictwa i najlepiej odzwierciedlaj\u0105 zasady i cele Konwencji UNESCO.<\/p>\n\n\n\n<p>List\u0119 i Rejestr prowadzi minister kultury i dziedzictwa narodowego we wsp\u00f3\u0142pracy z Narodowym Instytutem Dziedzictwa.<\/p>\n\n\n\n<p>Aplikowanie do programu odbywa si\u0119 za pomoc\u0105 platformy <strong>Witkac <\/strong>\u2013 <a href=\"https:\/\/witkac.pl\/#contest\/view?id=31167\"><strong>Link do konkursu<\/strong><\/a><\/p>\n\n\n\n<p><strong>Wnioski mo\u017cna sk\u0142ada\u0107 do 22 maja 2024 r. do godz. 15.00.<\/strong><\/p>\n\n\n\n<p><\/p>\n\n\n\n<p><strong>Wi\u0119cej informacji:<\/strong> <a href=\"https:\/\/nid.pl\/en\/dotacje\/niematerialne-przekaz-dalej\/\" target=\"_blank\" rel=\"noreferrer noopener\">Dotacje\/ Niematerialne \u2013 przeka\u017c dalej<\/a><\/p>\n\n\n\n<p>Program \u201eNiematerialne \u2013 przeka\u017c dalej\u201d jest realizowany ze \u015brodk\u00f3w Ministra Kultury i Dziedzictwa Narodowego.<\/p>\n\n\n\n<figure class=\"wp-block-image size-full is-resized\"><img loading=\"lazy\" decoding=\"async\" width=\"602\" height=\"112\" src=\"https:\/\/nid.pl\/wp-content\/uploads\/2024\/04\/logotyp-MKiDN-i-NID.jpg\" alt=\"\" class=\"wp-image-18358\" style=\"width:447px;height:auto\"\/><\/figure>\n\n\n\n<p><\/p>","protected":false},"excerpt":{"rendered":"<p>Od 22 kwietnia do 22 maja 2024 zapraszamy do sk\u0142adania wniosk\u00f3w do programu \u201eNiematerialne \u2013 przeka\u017c dalej\u201d na 2024 rok. G\u0142\u00f3wnym celem programu dotacyjnego Narodowego Instytutu Dziedzictwa \u201eNiematerialne \u2013 przeka\u017c [&hellip;]<\/p>","protected":false},"author":7,"featured_media":18362,"comment_status":"closed","ping_status":"closed","sticky":false,"template":"","format":"standard","meta":{"_et_pb_use_builder":"off","_et_pb_old_content":"","_et_gb_content_width":"","_monsterinsights_skip_tracking":false,"_monsterinsights_sitenote_active":false,"_monsterinsights_sitenote_note":"","_monsterinsights_sitenote_category":0,"footnotes":""},"categories":[3,80],"tags":[],"class_list":["post-18356","post","type-post","status-publish","format-standard","has-post-thumbnail","hentry","category-aktualnosci","category-niematerialne-przekaz-dalej"],"yoast_head":"<!-- This site is optimized with the Yoast SEO plugin v26.5 - https:\/\/yoast.com\/wordpress\/plugins\/seo\/ -->\n<title>Nab\u00f3r wniosk\u00f3w do programu \u201eNiematerialne \u2013 przeka\u017c dalej\u201d 2024 - NID<\/title>\n<meta name=\"robots\" content=\"index, follow, max-snippet:-1, max-image-preview:large, max-video-preview:-1\" \/>\n<link rel=\"canonical\" href=\"https:\/\/nid.pl\/en\/2024\/04\/22\/nabor-wnioskow-do-programu-niematerialne-przekaz-dalej-2024\/\" \/>\n<meta property=\"og:locale\" content=\"en_GB\" \/>\n<meta property=\"og:type\" content=\"article\" \/>\n<meta property=\"og:title\" content=\"Nab\u00f3r wniosk\u00f3w do programu \u201eNiematerialne \u2013 przeka\u017c dalej\u201d 2024 - NID\" \/>\n<meta property=\"og:description\" content=\"Od 22 kwietnia do 22 maja 2024 zapraszamy do sk\u0142adania wniosk\u00f3w do programu \u201eNiematerialne \u2013 przeka\u017c dalej\u201d na 2024 rok. G\u0142\u00f3wnym celem programu dotacyjnego Narodowego Instytutu Dziedzictwa \u201eNiematerialne \u2013 przeka\u017c [&hellip;]\" \/>\n<meta property=\"og:url\" content=\"https:\/\/nid.pl\/en\/2024\/04\/22\/nabor-wnioskow-do-programu-niematerialne-przekaz-dalej-2024\/\" \/>\n<meta property=\"og:site_name\" content=\"NID\" \/>\n<meta property=\"article:publisher\" content=\"https:\/\/www.facebook.com\/zabytek\" \/>\n<meta property=\"article:published_time\" content=\"2024-04-22T10:01:00+00:00\" \/>\n<meta property=\"article:modified_time\" content=\"2024-04-23T07:18:52+00:00\" \/>\n<meta property=\"og:image\" content=\"https:\/\/nid.pl\/wp-content\/uploads\/2024\/04\/nabor-Niematerialne-przekaz-dalej.jpg\" \/>\n\t<meta property=\"og:image:width\" content=\"1857\" \/>\n\t<meta property=\"og:image:height\" content=\"1238\" \/>\n\t<meta property=\"og:image:type\" content=\"image\/jpeg\" \/>\n<meta name=\"author\" content=\"Barbara Halliop\" \/>\n<meta name=\"twitter:card\" content=\"summary_large_image\" \/>\n<meta name=\"twitter:creator\" content=\"@NarIDpl\" \/>\n<meta name=\"twitter:site\" content=\"@NarIDpl\" \/>\n<meta name=\"twitter:label1\" content=\"Written by\" \/>\n\t<meta name=\"twitter:data1\" content=\"Barbara Halliop\" \/>\n\t<meta name=\"twitter:label2\" content=\"Estimated reading time\" \/>\n\t<meta name=\"twitter:data2\" content=\"4 minutes\" \/>\n<script type=\"application\/ld+json\" class=\"yoast-schema-graph\">{\"@context\":\"https:\/\/schema.org\",\"@graph\":[{\"@type\":\"Article\",\"@id\":\"https:\/\/nid.pl\/2024\/04\/22\/nabor-wnioskow-do-programu-niematerialne-przekaz-dalej-2024\/#article\",\"isPartOf\":{\"@id\":\"https:\/\/nid.pl\/2024\/04\/22\/nabor-wnioskow-do-programu-niematerialne-przekaz-dalej-2024\/\"},\"author\":{\"name\":\"Barbara Halliop\",\"@id\":\"https:\/\/nid.pl\/#\/schema\/person\/1b690a8998a5111cfb9f0ffe24195a15\"},\"headline\":\"Nab\u00f3r wniosk\u00f3w do programu \u201eNiematerialne \u2013 przeka\u017c dalej\u201d 2024\",\"datePublished\":\"2024-04-22T10:01:00+00:00\",\"dateModified\":\"2024-04-23T07:18:52+00:00\",\"mainEntityOfPage\":{\"@id\":\"https:\/\/nid.pl\/2024\/04\/22\/nabor-wnioskow-do-programu-niematerialne-przekaz-dalej-2024\/\"},\"wordCount\":494,\"publisher\":{\"@id\":\"https:\/\/nid.pl\/#organization\"},\"image\":{\"@id\":\"https:\/\/nid.pl\/2024\/04\/22\/nabor-wnioskow-do-programu-niematerialne-przekaz-dalej-2024\/#primaryimage\"},\"thumbnailUrl\":\"https:\/\/nid.pl\/wp-content\/uploads\/2024\/04\/nabor-Niematerialne-przekaz-dalej.jpg\",\"articleSection\":[\"Aktualno\u015bci\",\"Niematerialne przeka\u017c dalej\"],\"inLanguage\":\"en-GB\"},{\"@type\":\"WebPage\",\"@id\":\"https:\/\/nid.pl\/2024\/04\/22\/nabor-wnioskow-do-programu-niematerialne-przekaz-dalej-2024\/\",\"url\":\"https:\/\/nid.pl\/2024\/04\/22\/nabor-wnioskow-do-programu-niematerialne-przekaz-dalej-2024\/\",\"name\":\"Nab\u00f3r wniosk\u00f3w do programu \u201eNiematerialne \u2013 przeka\u017c dalej\u201d 2024 - NID\",\"isPartOf\":{\"@id\":\"https:\/\/nid.pl\/#website\"},\"primaryImageOfPage\":{\"@id\":\"https:\/\/nid.pl\/2024\/04\/22\/nabor-wnioskow-do-programu-niematerialne-przekaz-dalej-2024\/#primaryimage\"},\"image\":{\"@id\":\"https:\/\/nid.pl\/2024\/04\/22\/nabor-wnioskow-do-programu-niematerialne-przekaz-dalej-2024\/#primaryimage\"},\"thumbnailUrl\":\"https:\/\/nid.pl\/wp-content\/uploads\/2024\/04\/nabor-Niematerialne-przekaz-dalej.jpg\",\"datePublished\":\"2024-04-22T10:01:00+00:00\",\"dateModified\":\"2024-04-23T07:18:52+00:00\",\"breadcrumb\":{\"@id\":\"https:\/\/nid.pl\/2024\/04\/22\/nabor-wnioskow-do-programu-niematerialne-przekaz-dalej-2024\/#breadcrumb\"},\"inLanguage\":\"en-GB\",\"potentialAction\":[{\"@type\":\"ReadAction\",\"target\":[\"https:\/\/nid.pl\/2024\/04\/22\/nabor-wnioskow-do-programu-niematerialne-przekaz-dalej-2024\/\"]}]},{\"@type\":\"ImageObject\",\"inLanguage\":\"en-GB\",\"@id\":\"https:\/\/nid.pl\/2024\/04\/22\/nabor-wnioskow-do-programu-niematerialne-przekaz-dalej-2024\/#primaryimage\",\"url\":\"https:\/\/nid.pl\/wp-content\/uploads\/2024\/04\/nabor-Niematerialne-przekaz-dalej.jpg\",\"contentUrl\":\"https:\/\/nid.pl\/wp-content\/uploads\/2024\/04\/nabor-Niematerialne-przekaz-dalej.jpg\",\"width\":1857,\"height\":1238,\"caption\":\"Niematerialne - przeka\u017c dalej\"},{\"@type\":\"BreadcrumbList\",\"@id\":\"https:\/\/nid.pl\/2024\/04\/22\/nabor-wnioskow-do-programu-niematerialne-przekaz-dalej-2024\/#breadcrumb\",\"itemListElement\":[{\"@type\":\"ListItem\",\"position\":1,\"name\":\"Home\",\"item\":\"https:\/\/nid.pl\/\"},{\"@type\":\"ListItem\",\"position\":2,\"name\":\"Nab\u00f3r wniosk\u00f3w do programu \u201eNiematerialne \u2013 przeka\u017c dalej\u201d 2024\"}]},{\"@type\":\"WebSite\",\"@id\":\"https:\/\/nid.pl\/#website\",\"url\":\"https:\/\/nid.pl\/\",\"name\":\"NID\",\"description\":\"Narodowy Instytut Dziedzictwa\",\"publisher\":{\"@id\":\"https:\/\/nid.pl\/#organization\"},\"potentialAction\":[{\"@type\":\"SearchAction\",\"target\":{\"@type\":\"EntryPoint\",\"urlTemplate\":\"https:\/\/nid.pl\/?s={search_term_string}\"},\"query-input\":{\"@type\":\"PropertyValueSpecification\",\"valueRequired\":true,\"valueName\":\"search_term_string\"}}],\"inLanguage\":\"en-GB\"},{\"@type\":\"Organization\",\"@id\":\"https:\/\/nid.pl\/#organization\",\"name\":\"Narodowy Instytut Dziedzictwa\",\"url\":\"https:\/\/nid.pl\/\",\"logo\":{\"@type\":\"ImageObject\",\"inLanguage\":\"en-GB\",\"@id\":\"https:\/\/nid.pl\/#\/schema\/logo\/image\/\",\"url\":\"https:\/\/nid.pl\/wp-content\/uploads\/2022\/10\/logoRedDark.png\",\"contentUrl\":\"https:\/\/nid.pl\/wp-content\/uploads\/2022\/10\/logoRedDark.png\",\"width\":200,\"height\":197,\"caption\":\"Narodowy Instytut Dziedzictwa\"},\"image\":{\"@id\":\"https:\/\/nid.pl\/#\/schema\/logo\/image\/\"},\"sameAs\":[\"https:\/\/www.facebook.com\/zabytek\",\"https:\/\/x.com\/NarIDpl\",\"https:\/\/www.instagram.com\/nid.pl\/?hl=pl\",\"https:\/\/www.linkedin.com\/company\/narodowy-instytut-dziedzictwa\",\"https:\/\/www.youtube.com\/channel\/UCQXuhKa2uHtmNvLRUSx40JA\"]},{\"@type\":\"Person\",\"@id\":\"https:\/\/nid.pl\/#\/schema\/person\/1b690a8998a5111cfb9f0ffe24195a15\",\"name\":\"Barbara Halliop\",\"image\":{\"@type\":\"ImageObject\",\"inLanguage\":\"en-GB\",\"@id\":\"https:\/\/nid.pl\/#\/schema\/person\/image\/\",\"url\":\"https:\/\/nid.pl\/wp-content\/litespeed\/avatar\/924046d17dd0c842c9fa9ccf489bc6dc.jpg?ver=1776840122\",\"contentUrl\":\"https:\/\/nid.pl\/wp-content\/litespeed\/avatar\/924046d17dd0c842c9fa9ccf489bc6dc.jpg?ver=1776840122\",\"caption\":\"Barbara Halliop\"},\"url\":\"https:\/\/nid.pl\/en\/author\/bhalliop\/\"}]}<\/script>\n<!-- \/ Yoast SEO plugin. -->","yoast_head_json":{"title":"Nab\u00f3r wniosk\u00f3w do programu \u201eNiematerialne \u2013 przeka\u017c dalej\u201d 2024 - NID","robots":{"index":"index","follow":"follow","max-snippet":"max-snippet:-1","max-image-preview":"max-image-preview:large","max-video-preview":"max-video-preview:-1"},"canonical":"https:\/\/nid.pl\/en\/2024\/04\/22\/nabor-wnioskow-do-programu-niematerialne-przekaz-dalej-2024\/","og_locale":"en_GB","og_type":"article","og_title":"Nab\u00f3r wniosk\u00f3w do programu \u201eNiematerialne \u2013 przeka\u017c dalej\u201d 2024 - NID","og_description":"Od 22 kwietnia do 22 maja 2024 zapraszamy do sk\u0142adania wniosk\u00f3w do programu \u201eNiematerialne \u2013 przeka\u017c dalej\u201d na 2024 rok. G\u0142\u00f3wnym celem programu dotacyjnego Narodowego Instytutu Dziedzictwa \u201eNiematerialne \u2013 przeka\u017c [&hellip;]","og_url":"https:\/\/nid.pl\/en\/2024\/04\/22\/nabor-wnioskow-do-programu-niematerialne-przekaz-dalej-2024\/","og_site_name":"NID","article_publisher":"https:\/\/www.facebook.com\/zabytek","article_published_time":"2024-04-22T10:01:00+00:00","article_modified_time":"2024-04-23T07:18:52+00:00","og_image":[{"width":1857,"height":1238,"url":"https:\/\/nid.pl\/wp-content\/uploads\/2024\/04\/nabor-Niematerialne-przekaz-dalej.jpg","type":"image\/jpeg"}],"author":"Barbara Halliop","twitter_card":"summary_large_image","twitter_creator":"@NarIDpl","twitter_site":"@NarIDpl","twitter_misc":{"Written by":"Barbara Halliop","Estimated reading time":"4 minutes"},"schema":{"@context":"https:\/\/schema.org","@graph":[{"@type":"Article","@id":"https:\/\/nid.pl\/2024\/04\/22\/nabor-wnioskow-do-programu-niematerialne-przekaz-dalej-2024\/#article","isPartOf":{"@id":"https:\/\/nid.pl\/2024\/04\/22\/nabor-wnioskow-do-programu-niematerialne-przekaz-dalej-2024\/"},"author":{"name":"Barbara Halliop","@id":"https:\/\/nid.pl\/#\/schema\/person\/1b690a8998a5111cfb9f0ffe24195a15"},"headline":"Nab\u00f3r wniosk\u00f3w do programu \u201eNiematerialne \u2013 przeka\u017c dalej\u201d 2024","datePublished":"2024-04-22T10:01:00+00:00","dateModified":"2024-04-23T07:18:52+00:00","mainEntityOfPage":{"@id":"https:\/\/nid.pl\/2024\/04\/22\/nabor-wnioskow-do-programu-niematerialne-przekaz-dalej-2024\/"},"wordCount":494,"publisher":{"@id":"https:\/\/nid.pl\/#organization"},"image":{"@id":"https:\/\/nid.pl\/2024\/04\/22\/nabor-wnioskow-do-programu-niematerialne-przekaz-dalej-2024\/#primaryimage"},"thumbnailUrl":"https:\/\/nid.pl\/wp-content\/uploads\/2024\/04\/nabor-Niematerialne-przekaz-dalej.jpg","articleSection":["Aktualno\u015bci","Niematerialne przeka\u017c dalej"],"inLanguage":"en-GB"},{"@type":"WebPage","@id":"https:\/\/nid.pl\/2024\/04\/22\/nabor-wnioskow-do-programu-niematerialne-przekaz-dalej-2024\/","url":"https:\/\/nid.pl\/2024\/04\/22\/nabor-wnioskow-do-programu-niematerialne-przekaz-dalej-2024\/","name":"Nab\u00f3r wniosk\u00f3w do programu \u201eNiematerialne \u2013 przeka\u017c dalej\u201d 2024 - NID","isPartOf":{"@id":"https:\/\/nid.pl\/#website"},"primaryImageOfPage":{"@id":"https:\/\/nid.pl\/2024\/04\/22\/nabor-wnioskow-do-programu-niematerialne-przekaz-dalej-2024\/#primaryimage"},"image":{"@id":"https:\/\/nid.pl\/2024\/04\/22\/nabor-wnioskow-do-programu-niematerialne-przekaz-dalej-2024\/#primaryimage"},"thumbnailUrl":"https:\/\/nid.pl\/wp-content\/uploads\/2024\/04\/nabor-Niematerialne-przekaz-dalej.jpg","datePublished":"2024-04-22T10:01:00+00:00","dateModified":"2024-04-23T07:18:52+00:00","breadcrumb":{"@id":"https:\/\/nid.pl\/2024\/04\/22\/nabor-wnioskow-do-programu-niematerialne-przekaz-dalej-2024\/#breadcrumb"},"inLanguage":"en-GB","potentialAction":[{"@type":"ReadAction","target":["https:\/\/nid.pl\/2024\/04\/22\/nabor-wnioskow-do-programu-niematerialne-przekaz-dalej-2024\/"]}]},{"@type":"ImageObject","inLanguage":"en-GB","@id":"https:\/\/nid.pl\/2024\/04\/22\/nabor-wnioskow-do-programu-niematerialne-przekaz-dalej-2024\/#primaryimage","url":"https:\/\/nid.pl\/wp-content\/uploads\/2024\/04\/nabor-Niematerialne-przekaz-dalej.jpg","contentUrl":"https:\/\/nid.pl\/wp-content\/uploads\/2024\/04\/nabor-Niematerialne-przekaz-dalej.jpg","width":1857,"height":1238,"caption":"Niematerialne - przeka\u017c dalej"},{"@type":"BreadcrumbList","@id":"https:\/\/nid.pl\/2024\/04\/22\/nabor-wnioskow-do-programu-niematerialne-przekaz-dalej-2024\/#breadcrumb","itemListElement":[{"@type":"ListItem","position":1,"name":"Home","item":"https:\/\/nid.pl\/"},{"@type":"ListItem","position":2,"name":"Nab\u00f3r wniosk\u00f3w do programu \u201eNiematerialne \u2013 przeka\u017c dalej\u201d 2024"}]},{"@type":"WebSite","@id":"https:\/\/nid.pl\/#website","url":"https:\/\/nid.pl\/","name":"NID","description":"Narodowy Instytut Dziedzictwa","publisher":{"@id":"https:\/\/nid.pl\/#organization"},"potentialAction":[{"@type":"SearchAction","target":{"@type":"EntryPoint","urlTemplate":"https:\/\/nid.pl\/?s={search_term_string}"},"query-input":{"@type":"PropertyValueSpecification","valueRequired":true,"valueName":"search_term_string"}}],"inLanguage":"en-GB"},{"@type":"Organization","@id":"https:\/\/nid.pl\/#organization","name":"Narodowy Instytut Dziedzictwa","url":"https:\/\/nid.pl\/","logo":{"@type":"ImageObject","inLanguage":"en-GB","@id":"https:\/\/nid.pl\/#\/schema\/logo\/image\/","url":"https:\/\/nid.pl\/wp-content\/uploads\/2022\/10\/logoRedDark.png","contentUrl":"https:\/\/nid.pl\/wp-content\/uploads\/2022\/10\/logoRedDark.png","width":200,"height":197,"caption":"Narodowy Instytut Dziedzictwa"},"image":{"@id":"https:\/\/nid.pl\/#\/schema\/logo\/image\/"},"sameAs":["https:\/\/www.facebook.com\/zabytek","https:\/\/x.com\/NarIDpl","https:\/\/www.instagram.com\/nid.pl\/?hl=pl","https:\/\/www.linkedin.com\/company\/narodowy-instytut-dziedzictwa","https:\/\/www.youtube.com\/channel\/UCQXuhKa2uHtmNvLRUSx40JA"]},{"@type":"Person","@id":"https:\/\/nid.pl\/#\/schema\/person\/1b690a8998a5111cfb9f0ffe24195a15","name":"Barbara Halliop","image":{"@type":"ImageObject","inLanguage":"en-GB","@id":"https:\/\/nid.pl\/#\/schema\/person\/image\/","url":"https:\/\/nid.pl\/wp-content\/litespeed\/avatar\/924046d17dd0c842c9fa9ccf489bc6dc.jpg?ver=1776840122","contentUrl":"https:\/\/nid.pl\/wp-content\/litespeed\/avatar\/924046d17dd0c842c9fa9ccf489bc6dc.jpg?ver=1776840122","caption":"Barbara Halliop"},"url":"https:\/\/nid.pl\/en\/author\/bhalliop\/"}]}},"_links":{"self":[{"href":"https:\/\/nid.pl\/en\/wp-json\/wp\/v2\/posts\/18356","targetHints":{"allow":["GET"]}}],"collection":[{"href":"https:\/\/nid.pl\/en\/wp-json\/wp\/v2\/posts"}],"about":[{"href":"https:\/\/nid.pl\/en\/wp-json\/wp\/v2\/types\/post"}],"author":[{"embeddable":true,"href":"https:\/\/nid.pl\/en\/wp-json\/wp\/v2\/users\/7"}],"replies":[{"embeddable":true,"href":"https:\/\/nid.pl\/en\/wp-json\/wp\/v2\/comments?post=18356"}],"version-history":[{"count":0,"href":"https:\/\/nid.pl\/en\/wp-json\/wp\/v2\/posts\/18356\/revisions"}],"wp:featuredmedia":[{"embeddable":true,"href":"https:\/\/nid.pl\/en\/wp-json\/wp\/v2\/media\/18362"}],"wp:attachment":[{"href":"https:\/\/nid.pl\/en\/wp-json\/wp\/v2\/media?parent=18356"}],"wp:term":[{"taxonomy":"category","embeddable":true,"href":"https:\/\/nid.pl\/en\/wp-json\/wp\/v2\/categories?post=18356"},{"taxonomy":"post_tag","embeddable":true,"href":"https:\/\/nid.pl\/en\/wp-json\/wp\/v2\/tags?post=18356"}],"curies":[{"name":"wp","href":"https:\/\/api.w.org\/{rel}","templated":true}]}}