{"id":18142,"date":"2024-04-16T12:38:02","date_gmt":"2024-04-16T10:38:02","guid":{"rendered":"https:\/\/nid.pl\/?p=18142"},"modified":"2024-04-16T12:44:05","modified_gmt":"2024-04-16T10:44:05","slug":"nid-na-pierwszym-posiedzeniu-rd-w-ii-kadencji","status":"publish","type":"post","link":"https:\/\/nid.pl\/en\/2024\/04\/16\/nid-na-pierwszym-posiedzeniu-rd-w-ii-kadencji\/","title":{"rendered":"Narodowy Instytut Dziedzictwa na pierwszym posiedzeniu Rady Dost\u0119pno\u015bci w II kadencji"},"content":{"rendered":"<p><strong>W pi\u0105tek, 12 kwietnia, odby\u0142o si\u0119 pierwsze w tej kadencji posiedzenie Rady Dost\u0119pno\u015bci przy Ministerstwie Funduszy i Polityki Regionalnej, w kt\u00f3rym udzia\u0142 wzi\u0119li przedstawiciele organizacji pozarz\u0105dowych, \u015brodowisk os\u00f3b z niepe\u0142nosprawno\u015bciami oraz instytucji pa\u0144stwowych, w tym Narodowego Instytutu Dziedzictwa.<\/strong><\/p>\n\n\n\n<p>Rada Dost\u0119pno\u015bci z\u0142o\u017cona jest z ekspert\u00f3w \u2013 praktyk\u00f3w oraz\u00a0 naukowc\u00f3w zajmuj\u0105cych si\u0119 doradztwem i opiniowaniem w zakresie wdra\u017cania zmian dotycz\u0105cych dost\u0119pno\u015bci dla os\u00f3b ze szczeg\u00f3lnymi potrzebami. Nale\u017c\u0105 do niej przedstawiciele administracji rz\u0105dowej, a tak\u017ce osoby z niepe\u0142nosprawno\u015bciami, kt\u00f3re dziel\u0105 si\u0119 swoj\u0105 wiedz\u0105 i do\u015bwiadczeniem oraz wsp\u00f3lnie debatuj\u0105 na temat mo\u017cliwych do wyeliminowania lub zminimalizowania barier architektonicznych, komunikacyjnych lub cyfrowych.<\/p>\n\n\n\n<p>Inauguracyjnemu posiedzeniu Rady Dost\u0119pno\u015bci przy Ministerstwie Funduszy i Polityki Regionalnej przewodniczy\u0142a wiceministra Monika Sikora. Tematem posiedzenia by\u0142o przedstawienie roli i zada\u0144 Rady Dost\u0119pno\u015bci w II kadencji, podsumowanie dotychczasowych osi\u0105gni\u0119\u0107 program\u00f3w Dost\u0119pno\u015b\u0107+ i wsp\u00f3\u0142finansowanych z Funduszu Europejskiego dla Rozwoju Spo\u0142ecznego (FERS) oraz zaprezentowanie tych planowanych w 2024 roku. Jednym z nich jest projekt opracowywany przez Dzia\u0142 Zarz\u0105dzania Dziedzictwem i Analiz Wp\u0142ywu Zmian Klimatu na Dziedzictwo Narodowego Instytutu Dziedzictwa \u2013 \u201eDost\u0119pno\u015b\u0107 i Dziedzictwo. Standardy dost\u0119pno\u015bci w zabytkach\u201d. Jego celem jest poprawa dost\u0119pno\u015bci architektonicznej obiekt\u00f3w zabytkowych pe\u0142ni\u0105cych funkcje publiczne poprzez zmniejszenie barier: prawnych, proceduralnych i metodologicznych, kt\u00f3re utrudniaj\u0105 skuteczne przeprowadzenie procesu inwestycyjnego zapewnienia dost\u0119pno\u015bci. Za\u0142o\u017cenia projektu zosta\u0142y zaprezentowane na posiedzeniu Rady przez Bogus\u0142awa Chmiela, zast\u0119pc\u0119 dyrektora Narodowego Instytut Dziedzictwa oraz doktor Ann\u0119 Fogel i Mart\u0119 Majewsk\u0105, reprezentuj\u0105ce zesp\u00f3\u0142 autorski projektu.<\/p>\n\n\n\n<p><\/p>\n\n\n\n<figure class=\"wp-block-image aligncenter size-large is-resized\"><img loading=\"lazy\" decoding=\"async\" width=\"1024\" height=\"683\" src=\"https:\/\/nid.pl\/wp-content\/uploads\/2024\/04\/Inauguracyjne-posiedzenie-Rady-Dostepnosci-1024x683.jpg\" alt=\"\" class=\"wp-image-18144\" style=\"width:669px;height:auto\" srcset=\"https:\/\/nid.pl\/wp-content\/uploads\/2024\/04\/Inauguracyjne-posiedzenie-Rady-Dostepnosci-980x653.jpg 980w, https:\/\/nid.pl\/wp-content\/uploads\/2024\/04\/Inauguracyjne-posiedzenie-Rady-Dostepnosci-480x320.jpg 480w\" sizes=\"(min-width: 0px) and (max-width: 480px) 480px, (min-width: 481px) and (max-width: 980px) 980px, (min-width: 981px) 1024px, 100vw\" \/><figcaption class=\"wp-element-caption\">Inauguracyjne posiedzenie Rady Dost\u0119pno\u015bci, fot. Ministerstwo Funduszy i Polityki Regionalnej<\/figcaption><\/figure>\n\n\n\n<figure class=\"wp-block-image aligncenter size-large is-resized\"><img loading=\"lazy\" decoding=\"async\" width=\"1024\" height=\"683\" src=\"https:\/\/nid.pl\/wp-content\/uploads\/2024\/04\/Inauguracyjne-posiedzenie-Rady-Dostepnosci-zdjecie-grupowe-czlonkow-Rady-1024x683.jpg\" alt=\"\" class=\"wp-image-18145\" style=\"width:669px;height:auto\" srcset=\"https:\/\/nid.pl\/wp-content\/uploads\/2024\/04\/Inauguracyjne-posiedzenie-Rady-Dostepnosci-zdjecie-grupowe-czlonkow-Rady-980x653.jpg 980w, https:\/\/nid.pl\/wp-content\/uploads\/2024\/04\/Inauguracyjne-posiedzenie-Rady-Dostepnosci-zdjecie-grupowe-czlonkow-Rady-480x320.jpg 480w\" sizes=\"(min-width: 0px) and (max-width: 480px) 480px, (min-width: 481px) and (max-width: 980px) 980px, (min-width: 981px) 1024px, 100vw\" \/><figcaption class=\"wp-element-caption\">Inauguracyjne posiedzenie Rady Dost\u0119pno\u015bci &#8211; zdj\u0119cie grupowe cz\u0142onk\u00f3w Rady, fot. Ministerstwo Funduszy i Polityki Regionalnej<\/figcaption><\/figure>","protected":false},"excerpt":{"rendered":"<p>W pi\u0105tek, 12 kwietnia, odby\u0142o si\u0119 pierwsze w tej kadencji posiedzenie Rady Dost\u0119pno\u015bci przy Ministerstwie Funduszy i Polityki Regionalnej, w kt\u00f3rym udzia\u0142 wzi\u0119li przedstawiciele organizacji pozarz\u0105dowych, \u015brodowisk os\u00f3b z niepe\u0142nosprawno\u015bciami [&hellip;]<\/p>","protected":false},"author":7,"featured_media":18148,"comment_status":"closed","ping_status":"closed","sticky":false,"template":"","format":"standard","meta":{"_et_pb_use_builder":"off","_et_pb_old_content":"","_et_gb_content_width":"","_monsterinsights_skip_tracking":false,"_monsterinsights_sitenote_active":false,"_monsterinsights_sitenote_note":"","_monsterinsights_sitenote_category":0,"footnotes":""},"categories":[3],"tags":[],"class_list":["post-18142","post","type-post","status-publish","format-standard","has-post-thumbnail","hentry","category-aktualnosci"],"yoast_head":"<!-- This site is optimized with the Yoast SEO plugin v26.5 - https:\/\/yoast.com\/wordpress\/plugins\/seo\/ -->\n<title>Narodowy Instytut Dziedzictwa na pierwszym posiedzeniu Rady Dost\u0119pno\u015bci w II kadencji - NID<\/title>\n<meta name=\"robots\" content=\"index, follow, max-snippet:-1, max-image-preview:large, max-video-preview:-1\" \/>\n<link rel=\"canonical\" href=\"https:\/\/nid.pl\/en\/2024\/04\/16\/nid-na-pierwszym-posiedzeniu-rd-w-ii-kadencji\/\" \/>\n<meta property=\"og:locale\" content=\"en_GB\" \/>\n<meta property=\"og:type\" content=\"article\" \/>\n<meta property=\"og:title\" content=\"Narodowy Instytut Dziedzictwa na pierwszym posiedzeniu Rady Dost\u0119pno\u015bci w II kadencji - NID\" \/>\n<meta property=\"og:description\" content=\"W pi\u0105tek, 12 kwietnia, odby\u0142o si\u0119 pierwsze w tej kadencji posiedzenie Rady Dost\u0119pno\u015bci przy Ministerstwie Funduszy i Polityki Regionalnej, w kt\u00f3rym udzia\u0142 wzi\u0119li przedstawiciele organizacji pozarz\u0105dowych, \u015brodowisk os\u00f3b z niepe\u0142nosprawno\u015bciami [&hellip;]\" \/>\n<meta property=\"og:url\" content=\"https:\/\/nid.pl\/en\/2024\/04\/16\/nid-na-pierwszym-posiedzeniu-rd-w-ii-kadencji\/\" \/>\n<meta property=\"og:site_name\" content=\"NID\" \/>\n<meta property=\"article:publisher\" content=\"https:\/\/www.facebook.com\/zabytek\" \/>\n<meta property=\"article:published_time\" content=\"2024-04-16T10:38:02+00:00\" \/>\n<meta property=\"article:modified_time\" content=\"2024-04-16T10:44:05+00:00\" \/>\n<meta property=\"og:image\" content=\"https:\/\/nid.pl\/wp-content\/uploads\/2024\/04\/miniaturka-Inauguracyjne-posiedzenie-Rady-Dostepnosci-zdjecie-grupowe-czlonkow-Rady.jpg\" \/>\n\t<meta property=\"og:image:width\" content=\"1850\" \/>\n\t<meta property=\"og:image:height\" content=\"1238\" \/>\n\t<meta property=\"og:image:type\" content=\"image\/jpeg\" \/>\n<meta name=\"author\" content=\"Barbara Halliop\" \/>\n<meta name=\"twitter:card\" content=\"summary_large_image\" \/>\n<meta name=\"twitter:creator\" content=\"@NarIDpl\" \/>\n<meta name=\"twitter:site\" content=\"@NarIDpl\" \/>\n<meta name=\"twitter:label1\" content=\"Written by\" \/>\n\t<meta name=\"twitter:data1\" content=\"Barbara Halliop\" \/>\n\t<meta name=\"twitter:label2\" content=\"Estimated reading time\" \/>\n\t<meta name=\"twitter:data2\" content=\"3 minutes\" \/>\n<script type=\"application\/ld+json\" class=\"yoast-schema-graph\">{\"@context\":\"https:\/\/schema.org\",\"@graph\":[{\"@type\":\"Article\",\"@id\":\"https:\/\/nid.pl\/2024\/04\/16\/nid-na-pierwszym-posiedzeniu-rd-w-ii-kadencji\/#article\",\"isPartOf\":{\"@id\":\"https:\/\/nid.pl\/2024\/04\/16\/nid-na-pierwszym-posiedzeniu-rd-w-ii-kadencji\/\"},\"author\":{\"name\":\"Barbara Halliop\",\"@id\":\"https:\/\/nid.pl\/#\/schema\/person\/1b690a8998a5111cfb9f0ffe24195a15\"},\"headline\":\"Narodowy Instytut Dziedzictwa na pierwszym posiedzeniu Rady Dost\u0119pno\u015bci w II kadencji\",\"datePublished\":\"2024-04-16T10:38:02+00:00\",\"dateModified\":\"2024-04-16T10:44:05+00:00\",\"mainEntityOfPage\":{\"@id\":\"https:\/\/nid.pl\/2024\/04\/16\/nid-na-pierwszym-posiedzeniu-rd-w-ii-kadencji\/\"},\"wordCount\":328,\"publisher\":{\"@id\":\"https:\/\/nid.pl\/#organization\"},\"image\":{\"@id\":\"https:\/\/nid.pl\/2024\/04\/16\/nid-na-pierwszym-posiedzeniu-rd-w-ii-kadencji\/#primaryimage\"},\"thumbnailUrl\":\"https:\/\/nid.pl\/wp-content\/uploads\/2024\/04\/miniaturka-Inauguracyjne-posiedzenie-Rady-Dostepnosci-zdjecie-grupowe-czlonkow-Rady.jpg\",\"articleSection\":[\"Aktualno\u015bci\"],\"inLanguage\":\"en-GB\"},{\"@type\":\"WebPage\",\"@id\":\"https:\/\/nid.pl\/2024\/04\/16\/nid-na-pierwszym-posiedzeniu-rd-w-ii-kadencji\/\",\"url\":\"https:\/\/nid.pl\/2024\/04\/16\/nid-na-pierwszym-posiedzeniu-rd-w-ii-kadencji\/\",\"name\":\"Narodowy Instytut Dziedzictwa na pierwszym posiedzeniu Rady Dost\u0119pno\u015bci w II kadencji - NID\",\"isPartOf\":{\"@id\":\"https:\/\/nid.pl\/#website\"},\"primaryImageOfPage\":{\"@id\":\"https:\/\/nid.pl\/2024\/04\/16\/nid-na-pierwszym-posiedzeniu-rd-w-ii-kadencji\/#primaryimage\"},\"image\":{\"@id\":\"https:\/\/nid.pl\/2024\/04\/16\/nid-na-pierwszym-posiedzeniu-rd-w-ii-kadencji\/#primaryimage\"},\"thumbnailUrl\":\"https:\/\/nid.pl\/wp-content\/uploads\/2024\/04\/miniaturka-Inauguracyjne-posiedzenie-Rady-Dostepnosci-zdjecie-grupowe-czlonkow-Rady.jpg\",\"datePublished\":\"2024-04-16T10:38:02+00:00\",\"dateModified\":\"2024-04-16T10:44:05+00:00\",\"breadcrumb\":{\"@id\":\"https:\/\/nid.pl\/2024\/04\/16\/nid-na-pierwszym-posiedzeniu-rd-w-ii-kadencji\/#breadcrumb\"},\"inLanguage\":\"en-GB\",\"potentialAction\":[{\"@type\":\"ReadAction\",\"target\":[\"https:\/\/nid.pl\/2024\/04\/16\/nid-na-pierwszym-posiedzeniu-rd-w-ii-kadencji\/\"]}]},{\"@type\":\"ImageObject\",\"inLanguage\":\"en-GB\",\"@id\":\"https:\/\/nid.pl\/2024\/04\/16\/nid-na-pierwszym-posiedzeniu-rd-w-ii-kadencji\/#primaryimage\",\"url\":\"https:\/\/nid.pl\/wp-content\/uploads\/2024\/04\/miniaturka-Inauguracyjne-posiedzenie-Rady-Dostepnosci-zdjecie-grupowe-czlonkow-Rady.jpg\",\"contentUrl\":\"https:\/\/nid.pl\/wp-content\/uploads\/2024\/04\/miniaturka-Inauguracyjne-posiedzenie-Rady-Dostepnosci-zdjecie-grupowe-czlonkow-Rady.jpg\",\"width\":1850,\"height\":1238,\"caption\":\"Inauguracyjne posiedzenie Rady Dost\u0119pno\u015bci - zdj\u0119cie grupowe cz\u0142onk\u00f3w Rady, fot. fot. Ministerstwo Funduszy i Polityki Regionalnej\"},{\"@type\":\"BreadcrumbList\",\"@id\":\"https:\/\/nid.pl\/2024\/04\/16\/nid-na-pierwszym-posiedzeniu-rd-w-ii-kadencji\/#breadcrumb\",\"itemListElement\":[{\"@type\":\"ListItem\",\"position\":1,\"name\":\"Home\",\"item\":\"https:\/\/nid.pl\/\"},{\"@type\":\"ListItem\",\"position\":2,\"name\":\"Narodowy Instytut Dziedzictwa na pierwszym posiedzeniu Rady Dost\u0119pno\u015bci w II kadencji\"}]},{\"@type\":\"WebSite\",\"@id\":\"https:\/\/nid.pl\/#website\",\"url\":\"https:\/\/nid.pl\/\",\"name\":\"NID\",\"description\":\"Narodowy Instytut Dziedzictwa\",\"publisher\":{\"@id\":\"https:\/\/nid.pl\/#organization\"},\"potentialAction\":[{\"@type\":\"SearchAction\",\"target\":{\"@type\":\"EntryPoint\",\"urlTemplate\":\"https:\/\/nid.pl\/?s={search_term_string}\"},\"query-input\":{\"@type\":\"PropertyValueSpecification\",\"valueRequired\":true,\"valueName\":\"search_term_string\"}}],\"inLanguage\":\"en-GB\"},{\"@type\":\"Organization\",\"@id\":\"https:\/\/nid.pl\/#organization\",\"name\":\"Narodowy Instytut Dziedzictwa\",\"url\":\"https:\/\/nid.pl\/\",\"logo\":{\"@type\":\"ImageObject\",\"inLanguage\":\"en-GB\",\"@id\":\"https:\/\/nid.pl\/#\/schema\/logo\/image\/\",\"url\":\"https:\/\/nid.pl\/wp-content\/uploads\/2022\/10\/logoRedDark.png\",\"contentUrl\":\"https:\/\/nid.pl\/wp-content\/uploads\/2022\/10\/logoRedDark.png\",\"width\":200,\"height\":197,\"caption\":\"Narodowy Instytut Dziedzictwa\"},\"image\":{\"@id\":\"https:\/\/nid.pl\/#\/schema\/logo\/image\/\"},\"sameAs\":[\"https:\/\/www.facebook.com\/zabytek\",\"https:\/\/x.com\/NarIDpl\",\"https:\/\/www.instagram.com\/nid.pl\/?hl=pl\",\"https:\/\/www.linkedin.com\/company\/narodowy-instytut-dziedzictwa\",\"https:\/\/www.youtube.com\/channel\/UCQXuhKa2uHtmNvLRUSx40JA\"]},{\"@type\":\"Person\",\"@id\":\"https:\/\/nid.pl\/#\/schema\/person\/1b690a8998a5111cfb9f0ffe24195a15\",\"name\":\"Barbara Halliop\",\"image\":{\"@type\":\"ImageObject\",\"inLanguage\":\"en-GB\",\"@id\":\"https:\/\/nid.pl\/#\/schema\/person\/image\/\",\"url\":\"https:\/\/nid.pl\/wp-content\/litespeed\/avatar\/924046d17dd0c842c9fa9ccf489bc6dc.jpg?ver=1777444967\",\"contentUrl\":\"https:\/\/nid.pl\/wp-content\/litespeed\/avatar\/924046d17dd0c842c9fa9ccf489bc6dc.jpg?ver=1777444967\",\"caption\":\"Barbara Halliop\"},\"url\":\"https:\/\/nid.pl\/en\/author\/bhalliop\/\"}]}<\/script>\n<!-- \/ Yoast SEO plugin. -->","yoast_head_json":{"title":"Narodowy Instytut Dziedzictwa na pierwszym posiedzeniu Rady Dost\u0119pno\u015bci w II kadencji - NID","robots":{"index":"index","follow":"follow","max-snippet":"max-snippet:-1","max-image-preview":"max-image-preview:large","max-video-preview":"max-video-preview:-1"},"canonical":"https:\/\/nid.pl\/en\/2024\/04\/16\/nid-na-pierwszym-posiedzeniu-rd-w-ii-kadencji\/","og_locale":"en_GB","og_type":"article","og_title":"Narodowy Instytut Dziedzictwa na pierwszym posiedzeniu Rady Dost\u0119pno\u015bci w II kadencji - NID","og_description":"W pi\u0105tek, 12 kwietnia, odby\u0142o si\u0119 pierwsze w tej kadencji posiedzenie Rady Dost\u0119pno\u015bci przy Ministerstwie Funduszy i Polityki Regionalnej, w kt\u00f3rym udzia\u0142 wzi\u0119li przedstawiciele organizacji pozarz\u0105dowych, \u015brodowisk os\u00f3b z niepe\u0142nosprawno\u015bciami [&hellip;]","og_url":"https:\/\/nid.pl\/en\/2024\/04\/16\/nid-na-pierwszym-posiedzeniu-rd-w-ii-kadencji\/","og_site_name":"NID","article_publisher":"https:\/\/www.facebook.com\/zabytek","article_published_time":"2024-04-16T10:38:02+00:00","article_modified_time":"2024-04-16T10:44:05+00:00","og_image":[{"width":1850,"height":1238,"url":"https:\/\/nid.pl\/wp-content\/uploads\/2024\/04\/miniaturka-Inauguracyjne-posiedzenie-Rady-Dostepnosci-zdjecie-grupowe-czlonkow-Rady.jpg","type":"image\/jpeg"}],"author":"Barbara Halliop","twitter_card":"summary_large_image","twitter_creator":"@NarIDpl","twitter_site":"@NarIDpl","twitter_misc":{"Written by":"Barbara Halliop","Estimated reading time":"3 minutes"},"schema":{"@context":"https:\/\/schema.org","@graph":[{"@type":"Article","@id":"https:\/\/nid.pl\/2024\/04\/16\/nid-na-pierwszym-posiedzeniu-rd-w-ii-kadencji\/#article","isPartOf":{"@id":"https:\/\/nid.pl\/2024\/04\/16\/nid-na-pierwszym-posiedzeniu-rd-w-ii-kadencji\/"},"author":{"name":"Barbara Halliop","@id":"https:\/\/nid.pl\/#\/schema\/person\/1b690a8998a5111cfb9f0ffe24195a15"},"headline":"Narodowy Instytut Dziedzictwa na pierwszym posiedzeniu Rady Dost\u0119pno\u015bci w II kadencji","datePublished":"2024-04-16T10:38:02+00:00","dateModified":"2024-04-16T10:44:05+00:00","mainEntityOfPage":{"@id":"https:\/\/nid.pl\/2024\/04\/16\/nid-na-pierwszym-posiedzeniu-rd-w-ii-kadencji\/"},"wordCount":328,"publisher":{"@id":"https:\/\/nid.pl\/#organization"},"image":{"@id":"https:\/\/nid.pl\/2024\/04\/16\/nid-na-pierwszym-posiedzeniu-rd-w-ii-kadencji\/#primaryimage"},"thumbnailUrl":"https:\/\/nid.pl\/wp-content\/uploads\/2024\/04\/miniaturka-Inauguracyjne-posiedzenie-Rady-Dostepnosci-zdjecie-grupowe-czlonkow-Rady.jpg","articleSection":["Aktualno\u015bci"],"inLanguage":"en-GB"},{"@type":"WebPage","@id":"https:\/\/nid.pl\/2024\/04\/16\/nid-na-pierwszym-posiedzeniu-rd-w-ii-kadencji\/","url":"https:\/\/nid.pl\/2024\/04\/16\/nid-na-pierwszym-posiedzeniu-rd-w-ii-kadencji\/","name":"Narodowy Instytut Dziedzictwa na pierwszym posiedzeniu Rady Dost\u0119pno\u015bci w II kadencji - NID","isPartOf":{"@id":"https:\/\/nid.pl\/#website"},"primaryImageOfPage":{"@id":"https:\/\/nid.pl\/2024\/04\/16\/nid-na-pierwszym-posiedzeniu-rd-w-ii-kadencji\/#primaryimage"},"image":{"@id":"https:\/\/nid.pl\/2024\/04\/16\/nid-na-pierwszym-posiedzeniu-rd-w-ii-kadencji\/#primaryimage"},"thumbnailUrl":"https:\/\/nid.pl\/wp-content\/uploads\/2024\/04\/miniaturka-Inauguracyjne-posiedzenie-Rady-Dostepnosci-zdjecie-grupowe-czlonkow-Rady.jpg","datePublished":"2024-04-16T10:38:02+00:00","dateModified":"2024-04-16T10:44:05+00:00","breadcrumb":{"@id":"https:\/\/nid.pl\/2024\/04\/16\/nid-na-pierwszym-posiedzeniu-rd-w-ii-kadencji\/#breadcrumb"},"inLanguage":"en-GB","potentialAction":[{"@type":"ReadAction","target":["https:\/\/nid.pl\/2024\/04\/16\/nid-na-pierwszym-posiedzeniu-rd-w-ii-kadencji\/"]}]},{"@type":"ImageObject","inLanguage":"en-GB","@id":"https:\/\/nid.pl\/2024\/04\/16\/nid-na-pierwszym-posiedzeniu-rd-w-ii-kadencji\/#primaryimage","url":"https:\/\/nid.pl\/wp-content\/uploads\/2024\/04\/miniaturka-Inauguracyjne-posiedzenie-Rady-Dostepnosci-zdjecie-grupowe-czlonkow-Rady.jpg","contentUrl":"https:\/\/nid.pl\/wp-content\/uploads\/2024\/04\/miniaturka-Inauguracyjne-posiedzenie-Rady-Dostepnosci-zdjecie-grupowe-czlonkow-Rady.jpg","width":1850,"height":1238,"caption":"Inauguracyjne posiedzenie Rady Dost\u0119pno\u015bci - zdj\u0119cie grupowe cz\u0142onk\u00f3w Rady, fot. fot. Ministerstwo Funduszy i Polityki Regionalnej"},{"@type":"BreadcrumbList","@id":"https:\/\/nid.pl\/2024\/04\/16\/nid-na-pierwszym-posiedzeniu-rd-w-ii-kadencji\/#breadcrumb","itemListElement":[{"@type":"ListItem","position":1,"name":"Home","item":"https:\/\/nid.pl\/"},{"@type":"ListItem","position":2,"name":"Narodowy Instytut Dziedzictwa na pierwszym posiedzeniu Rady Dost\u0119pno\u015bci w II kadencji"}]},{"@type":"WebSite","@id":"https:\/\/nid.pl\/#website","url":"https:\/\/nid.pl\/","name":"NID","description":"Narodowy Instytut Dziedzictwa","publisher":{"@id":"https:\/\/nid.pl\/#organization"},"potentialAction":[{"@type":"SearchAction","target":{"@type":"EntryPoint","urlTemplate":"https:\/\/nid.pl\/?s={search_term_string}"},"query-input":{"@type":"PropertyValueSpecification","valueRequired":true,"valueName":"search_term_string"}}],"inLanguage":"en-GB"},{"@type":"Organization","@id":"https:\/\/nid.pl\/#organization","name":"Narodowy Instytut Dziedzictwa","url":"https:\/\/nid.pl\/","logo":{"@type":"ImageObject","inLanguage":"en-GB","@id":"https:\/\/nid.pl\/#\/schema\/logo\/image\/","url":"https:\/\/nid.pl\/wp-content\/uploads\/2022\/10\/logoRedDark.png","contentUrl":"https:\/\/nid.pl\/wp-content\/uploads\/2022\/10\/logoRedDark.png","width":200,"height":197,"caption":"Narodowy Instytut Dziedzictwa"},"image":{"@id":"https:\/\/nid.pl\/#\/schema\/logo\/image\/"},"sameAs":["https:\/\/www.facebook.com\/zabytek","https:\/\/x.com\/NarIDpl","https:\/\/www.instagram.com\/nid.pl\/?hl=pl","https:\/\/www.linkedin.com\/company\/narodowy-instytut-dziedzictwa","https:\/\/www.youtube.com\/channel\/UCQXuhKa2uHtmNvLRUSx40JA"]},{"@type":"Person","@id":"https:\/\/nid.pl\/#\/schema\/person\/1b690a8998a5111cfb9f0ffe24195a15","name":"Barbara Halliop","image":{"@type":"ImageObject","inLanguage":"en-GB","@id":"https:\/\/nid.pl\/#\/schema\/person\/image\/","url":"https:\/\/nid.pl\/wp-content\/litespeed\/avatar\/924046d17dd0c842c9fa9ccf489bc6dc.jpg?ver=1777444967","contentUrl":"https:\/\/nid.pl\/wp-content\/litespeed\/avatar\/924046d17dd0c842c9fa9ccf489bc6dc.jpg?ver=1777444967","caption":"Barbara Halliop"},"url":"https:\/\/nid.pl\/en\/author\/bhalliop\/"}]}},"_links":{"self":[{"href":"https:\/\/nid.pl\/en\/wp-json\/wp\/v2\/posts\/18142","targetHints":{"allow":["GET"]}}],"collection":[{"href":"https:\/\/nid.pl\/en\/wp-json\/wp\/v2\/posts"}],"about":[{"href":"https:\/\/nid.pl\/en\/wp-json\/wp\/v2\/types\/post"}],"author":[{"embeddable":true,"href":"https:\/\/nid.pl\/en\/wp-json\/wp\/v2\/users\/7"}],"replies":[{"embeddable":true,"href":"https:\/\/nid.pl\/en\/wp-json\/wp\/v2\/comments?post=18142"}],"version-history":[{"count":0,"href":"https:\/\/nid.pl\/en\/wp-json\/wp\/v2\/posts\/18142\/revisions"}],"wp:featuredmedia":[{"embeddable":true,"href":"https:\/\/nid.pl\/en\/wp-json\/wp\/v2\/media\/18148"}],"wp:attachment":[{"href":"https:\/\/nid.pl\/en\/wp-json\/wp\/v2\/media?parent=18142"}],"wp:term":[{"taxonomy":"category","embeddable":true,"href":"https:\/\/nid.pl\/en\/wp-json\/wp\/v2\/categories?post=18142"},{"taxonomy":"post_tag","embeddable":true,"href":"https:\/\/nid.pl\/en\/wp-json\/wp\/v2\/tags?post=18142"}],"curies":[{"name":"wp","href":"https:\/\/api.w.org\/{rel}","templated":true}]}}