{"id":17898,"date":"2024-04-10T13:59:30","date_gmt":"2024-04-10T11:59:30","guid":{"rendered":"https:\/\/nid.pl\/?p=17898"},"modified":"2024-04-10T14:12:19","modified_gmt":"2024-04-10T12:12:19","slug":"europejski-szlak-ogrodow-historycznych","status":"publish","type":"post","link":"https:\/\/nid.pl\/en\/2024\/04\/10\/europejski-szlak-ogrodow-historycznych\/","title":{"rendered":"Europejski Szlak Ogrod\u00f3w Historycznych"},"content":{"rendered":"<p><strong>32. edycja Europejskich Dni Dziedzictwa odb\u0119dzie si\u0119 pod has\u0142em Szlaki.Sieci.Po\u0142\u0105czenia, kt\u00f3re jest bezpo\u015brednim nawi\u0105zaniem do Szlak\u00f3w Kulturowych Rady Europy. Rozpoczynamy nowy cykl #SzlakikulturoweEDD, w kt\u00f3rym jako pierwsze przybli\u017cymy malownicze ogrody, wchodz\u0105ce w sk\u0142ad Europejskiego Szlaku Ogrod\u00f3w Historycznych!<\/strong><\/p>\n\n\n\n<p>Europejski Szlak Ogrod\u00f3w Historycznych to sie\u0107 stworzona przez organizacj\u0119 European Network of Historic Gardens w 2020 roku. Ogrody s\u0105 zr\u00f3\u017cnicowane ze wzgl\u0119du na strefy geograficzne, ale tak\u017ce niezale\u017cnie od r\u00f3\u017cnic stanowi\u0105 kompozycj\u0119 \u0142\u0105cz\u0105c\u0105 pi\u0119kno natury i umiej\u0119tno\u015bci projektant\u00f3w.<\/p>\n\n\n\n<p>W\u0105tkiem przewodnim Europejskiego Szlaku Ogrod\u00f3w Historycznych jest definicja ogrodu historycznego z Karty Florenckiej, przyj\u0119tej przez Mi\u0119dzynarodowy Komitet Ogrod\u00f3w Historycznych ICOMOS-IFLA w 1981 r.,<\/p>\n\n\n\n<blockquote class=\"wp-block-quote is-layout-flow wp-block-quote-is-layout-flow\">\n<p><em><strong>\u201eOgr\u00f3d historyczny jest kompozycj\u0105 architektoniczn\u0105, kt\u00f3rej materia\u0142 podstawowy stanowi ro\u015blinno\u015b\u0107, a wi\u0119c materia\u0142 \u017cywy podlegaj\u0105cy zniszczeniu i odrodzeniu. Jego wygl\u0105d jest wynikiem sta\u0142ej r\u00f3wnowagi pomi\u0119dzy rozwojem i zanikaniem natury zgodnie z rytmem przemijania p\u00f3r roku, a wol\u0105 artysty i umiej\u0119tnym dzia\u0142aniem maj\u0105cym na celu jego utrwalenie\u201d.<\/strong><\/em><\/p>\n<\/blockquote>\n\n\n\n<p>Szlak tworzy 10 kraj\u00f3w, w tym Polska, kt\u00f3r\u0105 reprezentuje 6 ogrod\u00f3w:<\/p>\n\n\n\n<ul class=\"wp-block-list\">\n<li><strong>Muzeum Pa\u0142acu Kr\u00f3la Jana II w Wilanowie<\/strong> &#8211; pocz\u0105tki ogrodu si\u0119gaj\u0105 ko\u0144ca XVII wieku. Kompozycja jest kontynuacj\u0105 w\u0142oskiego stylu ogrodowego,<\/li>\n<\/ul>\n\n\n\n<figure class=\"wp-block-image size-large\"><img loading=\"lazy\" decoding=\"async\" width=\"1024\" height=\"808\" src=\"https:\/\/nid.pl\/wp-content\/uploads\/2024\/04\/1-fot.-Katarzyna-J.Kowalska-1024x808.jpg\" alt=\"Na pierwszym planie widok rze\u017aby przestawiaj\u0105cej kobiet\u0119-anio\u0142a . W tle fragment Pa\u0142acu Kr\u00f3la Jana II w Wilanowie\" class=\"wp-image-17900\" style=\"aspect-ratio:1.3333333333333333;object-fit:cover\" srcset=\"https:\/\/nid.pl\/wp-content\/uploads\/2024\/04\/1-fot.-Katarzyna-J.Kowalska-980x773.jpg 980w, https:\/\/nid.pl\/wp-content\/uploads\/2024\/04\/1-fot.-Katarzyna-J.Kowalska-480x379.jpg 480w\" sizes=\"(min-width: 0px) and (max-width: 480px) 480px, (min-width: 481px) and (max-width: 980px) 980px, (min-width: 981px) 1024px, 100vw\" \/><figcaption class=\"wp-element-caption\"><em>fot. Katarzyna J. Kowalska<\/em><\/figcaption><\/figure>\n\n\n\n<ul class=\"wp-block-list\">\n<li><strong>Zamek Kr\u00f3lewski<\/strong> &#8211; ogrody zajmuj\u0105 \u0142\u0105cznie ponad 2 hektary i sk\u0142adaj\u0105 si\u0119 z dw\u00f3ch podstawowych element\u00f3w: Ogrodu G\u00f3rnego po\u0142o\u017conego bli\u017cej rezydencji na dachu Arkad Kubickiego oraz Ogrodu Dolnego po\u0142o\u017conego poni\u017cej stoku zamkowego, na przedpolu Wis\u0142y,<\/li>\n<\/ul>\n\n\n\n<figure class=\"wp-block-image size-large\"><img loading=\"lazy\" decoding=\"async\" width=\"1024\" height=\"684\" src=\"https:\/\/nid.pl\/wp-content\/uploads\/2024\/04\/2-fot.-Zamek-Krolewski-w-Wraszawie-1024x684.jpg\" alt=\"Widok Zamku Kr\u00f3lewskiego w Warszawie od strony Arkad Kubickiego\" class=\"wp-image-17901\" style=\"aspect-ratio:4\/3;object-fit:cover\" srcset=\"https:\/\/nid.pl\/wp-content\/uploads\/2024\/04\/2-fot.-Zamek-Krolewski-w-Wraszawie-980x654.jpg 980w, https:\/\/nid.pl\/wp-content\/uploads\/2024\/04\/2-fot.-Zamek-Krolewski-w-Wraszawie-480x320.jpg 480w\" sizes=\"(min-width: 0px) and (max-width: 480px) 480px, (min-width: 481px) and (max-width: 980px) 980px, (min-width: 981px) 1024px, 100vw\" \/><figcaption class=\"wp-element-caption\"><em>fot. Zamek Kr\u00f3lewski<\/em><\/figcaption><\/figure>\n\n\n\n<ul class=\"wp-block-list\">\n<li><strong>Pa\u0142ac w Kamie\u0144cu <\/strong>&#8211; ogr\u00f3d pa\u0142acowy, kt\u00f3ry powsta\u0142 oko\u0142o 1780 roku podczas budowy barokowej posiad\u0142o\u015bci wiejskiej. Jego osiowy i prosty uk\u0142ad obejmowa\u0142 tak\u017ce kwatery warzywne i podstawowe partery ozdobne,<\/li>\n<\/ul>\n\n\n\n<figure class=\"wp-block-image size-large\"><img loading=\"lazy\" decoding=\"async\" width=\"1024\" height=\"682\" src=\"https:\/\/nid.pl\/wp-content\/uploads\/2024\/04\/3-fot.-Palac-Kamieniec-1024x682.jpg\" alt=\"\" class=\"wp-image-17906\" style=\"aspect-ratio:4\/3;object-fit:cover\" srcset=\"https:\/\/nid.pl\/wp-content\/uploads\/2024\/04\/3-fot.-Palac-Kamieniec-980x653.jpg 980w, https:\/\/nid.pl\/wp-content\/uploads\/2024\/04\/3-fot.-Palac-Kamieniec-480x320.jpg 480w\" sizes=\"(min-width: 0px) and (max-width: 480px) 480px, (min-width: 481px) and (max-width: 980px) 980px, (min-width: 981px) 1024px, 100vw\" \/><figcaption class=\"wp-element-caption\"><em>fot. Pa\u0142ac Kamieniec<\/em><\/figcaption><\/figure>\n\n\n\n<ul class=\"wp-block-list\">\n<li><strong>Zamek Sarny<\/strong> \u2013 jedna z najwi\u0119kszych rezydencji arystokratycznych z okresu p\u00f3\u017anego renesansu na Dolnym \u015al\u0105sku. Zosta\u0142 otwarty dla turyst\u00f3w w 2017 roku,<\/li>\n<\/ul>\n\n\n\n<figure class=\"wp-block-image size-large\"><img loading=\"lazy\" decoding=\"async\" width=\"1024\" height=\"683\" src=\"https:\/\/nid.pl\/wp-content\/uploads\/2024\/04\/4-fot.-Zamek-Sarny-1024x683.jpeg\" alt=\"Widok z Zamku Sarny otoczonego przez drzewa\" class=\"wp-image-17902\" style=\"aspect-ratio:4\/3;object-fit:cover\" srcset=\"https:\/\/nid.pl\/wp-content\/uploads\/2024\/04\/4-fot.-Zamek-Sarny-980x654.jpeg 980w, https:\/\/nid.pl\/wp-content\/uploads\/2024\/04\/4-fot.-Zamek-Sarny-480x320.jpeg 480w\" sizes=\"(min-width: 0px) and (max-width: 480px) 480px, (min-width: 481px) and (max-width: 980px) 980px, (min-width: 981px) 1024px, 100vw\" \/><figcaption class=\"wp-element-caption\"><em>fot. Zamek Sarny<\/em><\/figcaption><\/figure>\n\n\n\n<ul class=\"wp-block-list\">\n<li><strong>Zesp\u00f3\u0142 pa\u0142acowo-ogrodowy w Nieborowie i ogr\u00f3d sentymentalny w Arkadii<\/strong> &#8211; to przyk\u0142ady dawnych wiejskich rezydencji magnackich, kt\u00f3re tworz\u0105 uk\u0142ad architektoniczno-ogrodowy o wybitnych walorach kompozycyjnych, krajobrazowych, przyrodniczych, architektonicznych i artystycznych.<\/li>\n<\/ul>\n\n\n\n<figure class=\"wp-block-image size-large\"><img loading=\"lazy\" decoding=\"async\" width=\"1024\" height=\"576\" src=\"https:\/\/nid.pl\/wp-content\/uploads\/2024\/04\/5-fot.-Sylwester-Cichal-1024x576.jpg\" alt=\"Widok z lotu ptaka na Pa\u0142ac w Nieborowie otoczonego parkiem.\" class=\"wp-image-17903\" style=\"aspect-ratio:4\/3;object-fit:cover\" srcset=\"https:\/\/nid.pl\/wp-content\/uploads\/2024\/04\/5-fot.-Sylwester-Cichal-980x551.jpg 980w, https:\/\/nid.pl\/wp-content\/uploads\/2024\/04\/5-fot.-Sylwester-Cichal-480x270.jpg 480w\" sizes=\"(min-width: 0px) and (max-width: 480px) 480px, (min-width: 481px) and (max-width: 980px) 980px, (min-width: 981px) 1024px, 100vw\" \/><figcaption class=\"wp-element-caption\"><em>fot. Sylwester Cichal<\/em><\/figcaption><\/figure>\n\n\n\n<figure class=\"wp-block-image size-large\"><img loading=\"lazy\" decoding=\"async\" width=\"1024\" height=\"768\" src=\"https:\/\/nid.pl\/wp-content\/uploads\/2024\/04\/6-fot.-Monika-Antczak-1-1024x768.jpg\" alt=\"Ruiny otoczone drzewami\" class=\"wp-image-17905\" style=\"aspect-ratio:4\/3;object-fit:cover\" srcset=\"https:\/\/nid.pl\/wp-content\/uploads\/2024\/04\/6-fot.-Monika-Antczak-1-980x735.jpg 980w, https:\/\/nid.pl\/wp-content\/uploads\/2024\/04\/6-fot.-Monika-Antczak-1-480x360.jpg 480w\" sizes=\"(min-width: 0px) and (max-width: 480px) 480px, (min-width: 481px) and (max-width: 980px) 980px, (min-width: 981px) 1024px, 100vw\" \/><figcaption class=\"wp-element-caption\"><em>fot. Monika Antczak<\/em><\/figcaption><\/figure>\n\n\n\n<p>Cele Europejskiego Szlaku Ogrod\u00f3w Historycznych podkre\u015blono w definicji warto\u015bci szlaku:<\/p>\n\n\n\n<blockquote class=\"wp-block-quote is-layout-flow wp-block-quote-is-layout-flow\">\n<p><em><strong>\u201eEuropejski Szlak Ogrod\u00f3w Historycznych przyczynia si\u0119 do podnoszenia \u015bwiadomo\u015bci i wiedzy na temat wsp\u00f3lnego europejskiego dziedzictwa poprzez rozw\u00f3j wi\u0119zi kulturowych i dialogu mi\u0119dzy r\u00f3\u017cnymi krajami i regionami Europy. \/\u2026\/ trasa sprzyja tak\u017ce zr\u00f3wnowa\u017conemu rozwojowi naszej wsp\u00f3lnej przestrzeni poprzez promowanie wra\u017cliwo\u015bci na dziedzictwo naturalne i edukacj\u0119 poprzez rozw\u00f3j turystyki kulturowej.\u201d<\/strong><\/em><\/p>\n<\/blockquote>\n\n\n\n<p>Wszystkie wspomniane ogrody posiadaj\u0105 swoje warto\u015bci historyczne oraz sum\u0119 dzia\u0142a\u0144 konserwatorskich, kt\u00f3re przywr\u00f3ci\u0142y kompozycjom dawn\u0105 \u015bwietno\u015b\u0107. W tworzenie i utrzymanie szlaku anga\u017cuje si\u0119 Polskie Towarzystwo Dendrologiczne oraz Stowarzyszenie Architekt\u00f3w Krajobrazu.<\/p>\n\n\n\n<p>Ju\u017c dzisiaj zapraszamy na V Europejski Dzie\u0144 Ogrod\u00f3w Historycznych, kt\u00f3ry odb\u0119dzie si\u0119 26 kwietnia br. Pe\u0142ny program wydarze\u0144 jest dost\u0119pny na stronie <a href=\"https:\/\/europeanhistoricgardens.eu\/en\/\" target=\"_blank\" rel=\"noreferrer noopener\">https:\/\/europeanhistoricgardens.eu\/en\/<\/a>.<\/p>\n\n\n\n<figure class=\"wp-block-image size-large\"><img loading=\"lazy\" decoding=\"async\" width=\"1024\" height=\"538\" src=\"https:\/\/nid.pl\/wp-content\/uploads\/2024\/04\/v_europejski_dzien_ogrodow_historycznych-1024x538.png\" alt=\"plakat wydarzenia Europejskiego Dnia Ogrod\u00f3w Historycznych\" class=\"wp-image-17907\" srcset=\"https:\/\/nid.pl\/wp-content\/uploads\/2024\/04\/v_europejski_dzien_ogrodow_historycznych-1024x538.png 1024w, https:\/\/nid.pl\/wp-content\/uploads\/2024\/04\/v_europejski_dzien_ogrodow_historycznych-980x515.png 980w, https:\/\/nid.pl\/wp-content\/uploads\/2024\/04\/v_europejski_dzien_ogrodow_historycznych-480x252.png 480w\" sizes=\"(min-width: 0px) and (max-width: 480px) 480px, (min-width: 481px) and (max-width: 980px) 980px, (min-width: 981px) 1024px, 100vw\" \/><figcaption class=\"wp-element-caption\"><em>fot. European Route of Historic Gardens<\/em><\/figcaption><\/figure>\n\n\n\n<p><\/p>\n\n\n\n<p>Patronatem medialny Europejskich Dni Dziedzictwa jest Polskie Radio S.A.<\/p>","protected":false},"excerpt":{"rendered":"<p>32. edycja Europejskich Dni Dziedzictwa odb\u0119dzie si\u0119 pod has\u0142em Szlaki.Sieci.Po\u0142\u0105czenia, kt\u00f3re jest bezpo\u015brednim nawi\u0105zaniem do Szlak\u00f3w Kulturowych Rady Europy. Rozpoczynamy nowy cykl #SzlakikulturoweEDD, w kt\u00f3rym jako pierwsze przybli\u017cymy malownicze ogrody, [&hellip;]<\/p>","protected":false},"author":4,"featured_media":17924,"comment_status":"closed","ping_status":"closed","sticky":false,"template":"","format":"standard","meta":{"_et_pb_use_builder":"off","_et_pb_old_content":"","_et_gb_content_width":"","_monsterinsights_skip_tracking":false,"_monsterinsights_sitenote_active":false,"_monsterinsights_sitenote_note":"","_monsterinsights_sitenote_category":0,"footnotes":""},"categories":[89],"tags":[],"class_list":["post-17898","post","type-post","status-publish","format-standard","has-post-thumbnail","hentry","category-europejskie-dni-dziedzictwa"],"yoast_head":"<!-- This site is optimized with the Yoast SEO plugin v26.5 - https:\/\/yoast.com\/wordpress\/plugins\/seo\/ -->\n<title>Europejski Szlak Ogrod\u00f3w Historycznych - NID<\/title>\n<meta name=\"robots\" content=\"index, follow, max-snippet:-1, max-image-preview:large, max-video-preview:-1\" \/>\n<link rel=\"canonical\" href=\"https:\/\/nid.pl\/en\/2024\/04\/10\/europejski-szlak-ogrodow-historycznych\/\" \/>\n<meta property=\"og:locale\" content=\"en_GB\" \/>\n<meta property=\"og:type\" content=\"article\" \/>\n<meta property=\"og:title\" content=\"Europejski Szlak Ogrod\u00f3w Historycznych - NID\" \/>\n<meta property=\"og:description\" content=\"32. edycja Europejskich Dni Dziedzictwa odb\u0119dzie si\u0119 pod has\u0142em Szlaki.Sieci.Po\u0142\u0105czenia, kt\u00f3re jest bezpo\u015brednim nawi\u0105zaniem do Szlak\u00f3w Kulturowych Rady Europy. Rozpoczynamy nowy cykl #SzlakikulturoweEDD, w kt\u00f3rym jako pierwsze przybli\u017cymy malownicze ogrody, [&hellip;]\" \/>\n<meta property=\"og:url\" content=\"https:\/\/nid.pl\/en\/2024\/04\/10\/europejski-szlak-ogrodow-historycznych\/\" \/>\n<meta property=\"og:site_name\" content=\"NID\" \/>\n<meta property=\"article:publisher\" content=\"https:\/\/www.facebook.com\/zabytek\" \/>\n<meta property=\"article:published_time\" content=\"2024-04-10T11:59:30+00:00\" \/>\n<meta property=\"article:modified_time\" content=\"2024-04-10T12:12:19+00:00\" \/>\n<meta property=\"og:image\" content=\"https:\/\/nid.pl\/wp-content\/uploads\/2024\/04\/Europejski-Szlak-Ogrodow-Historycznych_aktualnosci.jpg\" \/>\n\t<meta property=\"og:image:width\" content=\"1857\" \/>\n\t<meta property=\"og:image:height\" content=\"1238\" \/>\n\t<meta property=\"og:image:type\" content=\"image\/jpeg\" \/>\n<meta name=\"author\" content=\"Marta Or\u0119ziak\" \/>\n<meta name=\"twitter:card\" content=\"summary_large_image\" \/>\n<meta name=\"twitter:creator\" content=\"@NarIDpl\" \/>\n<meta name=\"twitter:site\" content=\"@NarIDpl\" \/>\n<meta name=\"twitter:label1\" content=\"Written by\" \/>\n\t<meta name=\"twitter:data1\" content=\"Marta Or\u0119ziak\" \/>\n\t<meta name=\"twitter:label2\" content=\"Estimated reading time\" \/>\n\t<meta name=\"twitter:data2\" content=\"4 minutes\" \/>\n<script type=\"application\/ld+json\" class=\"yoast-schema-graph\">{\"@context\":\"https:\/\/schema.org\",\"@graph\":[{\"@type\":\"Article\",\"@id\":\"https:\/\/nid.pl\/2024\/04\/10\/europejski-szlak-ogrodow-historycznych\/#article\",\"isPartOf\":{\"@id\":\"https:\/\/nid.pl\/2024\/04\/10\/europejski-szlak-ogrodow-historycznych\/\"},\"author\":{\"name\":\"Marta Or\u0119ziak\",\"@id\":\"https:\/\/nid.pl\/#\/schema\/person\/9d848c4a54b78bc2a1461f1c5d8de615\"},\"headline\":\"Europejski Szlak Ogrod\u00f3w Historycznych\",\"datePublished\":\"2024-04-10T11:59:30+00:00\",\"dateModified\":\"2024-04-10T12:12:19+00:00\",\"mainEntityOfPage\":{\"@id\":\"https:\/\/nid.pl\/2024\/04\/10\/europejski-szlak-ogrodow-historycznych\/\"},\"wordCount\":548,\"publisher\":{\"@id\":\"https:\/\/nid.pl\/#organization\"},\"image\":{\"@id\":\"https:\/\/nid.pl\/2024\/04\/10\/europejski-szlak-ogrodow-historycznych\/#primaryimage\"},\"thumbnailUrl\":\"https:\/\/nid.pl\/wp-content\/uploads\/2024\/04\/Europejski-Szlak-Ogrodow-Historycznych_aktualnosci.jpg\",\"articleSection\":[\"EDD\"],\"inLanguage\":\"en-GB\"},{\"@type\":\"WebPage\",\"@id\":\"https:\/\/nid.pl\/2024\/04\/10\/europejski-szlak-ogrodow-historycznych\/\",\"url\":\"https:\/\/nid.pl\/2024\/04\/10\/europejski-szlak-ogrodow-historycznych\/\",\"name\":\"Europejski Szlak Ogrod\u00f3w Historycznych - NID\",\"isPartOf\":{\"@id\":\"https:\/\/nid.pl\/#website\"},\"primaryImageOfPage\":{\"@id\":\"https:\/\/nid.pl\/2024\/04\/10\/europejski-szlak-ogrodow-historycznych\/#primaryimage\"},\"image\":{\"@id\":\"https:\/\/nid.pl\/2024\/04\/10\/europejski-szlak-ogrodow-historycznych\/#primaryimage\"},\"thumbnailUrl\":\"https:\/\/nid.pl\/wp-content\/uploads\/2024\/04\/Europejski-Szlak-Ogrodow-Historycznych_aktualnosci.jpg\",\"datePublished\":\"2024-04-10T11:59:30+00:00\",\"dateModified\":\"2024-04-10T12:12:19+00:00\",\"breadcrumb\":{\"@id\":\"https:\/\/nid.pl\/2024\/04\/10\/europejski-szlak-ogrodow-historycznych\/#breadcrumb\"},\"inLanguage\":\"en-GB\",\"potentialAction\":[{\"@type\":\"ReadAction\",\"target\":[\"https:\/\/nid.pl\/2024\/04\/10\/europejski-szlak-ogrodow-historycznych\/\"]}]},{\"@type\":\"ImageObject\",\"inLanguage\":\"en-GB\",\"@id\":\"https:\/\/nid.pl\/2024\/04\/10\/europejski-szlak-ogrodow-historycznych\/#primaryimage\",\"url\":\"https:\/\/nid.pl\/wp-content\/uploads\/2024\/04\/Europejski-Szlak-Ogrodow-Historycznych_aktualnosci.jpg\",\"contentUrl\":\"https:\/\/nid.pl\/wp-content\/uploads\/2024\/04\/Europejski-Szlak-Ogrodow-Historycznych_aktualnosci.jpg\",\"width\":1857,\"height\":1238,\"caption\":\"magnolia rosn\u0105ca przez pa\u0142acem w Wilanowie\"},{\"@type\":\"BreadcrumbList\",\"@id\":\"https:\/\/nid.pl\/2024\/04\/10\/europejski-szlak-ogrodow-historycznych\/#breadcrumb\",\"itemListElement\":[{\"@type\":\"ListItem\",\"position\":1,\"name\":\"Home\",\"item\":\"https:\/\/nid.pl\/\"},{\"@type\":\"ListItem\",\"position\":2,\"name\":\"Europejski Szlak Ogrod\u00f3w Historycznych\"}]},{\"@type\":\"WebSite\",\"@id\":\"https:\/\/nid.pl\/#website\",\"url\":\"https:\/\/nid.pl\/\",\"name\":\"NID\",\"description\":\"Narodowy Instytut Dziedzictwa\",\"publisher\":{\"@id\":\"https:\/\/nid.pl\/#organization\"},\"potentialAction\":[{\"@type\":\"SearchAction\",\"target\":{\"@type\":\"EntryPoint\",\"urlTemplate\":\"https:\/\/nid.pl\/?s={search_term_string}\"},\"query-input\":{\"@type\":\"PropertyValueSpecification\",\"valueRequired\":true,\"valueName\":\"search_term_string\"}}],\"inLanguage\":\"en-GB\"},{\"@type\":\"Organization\",\"@id\":\"https:\/\/nid.pl\/#organization\",\"name\":\"Narodowy Instytut Dziedzictwa\",\"url\":\"https:\/\/nid.pl\/\",\"logo\":{\"@type\":\"ImageObject\",\"inLanguage\":\"en-GB\",\"@id\":\"https:\/\/nid.pl\/#\/schema\/logo\/image\/\",\"url\":\"https:\/\/nid.pl\/wp-content\/uploads\/2022\/10\/logoRedDark.png\",\"contentUrl\":\"https:\/\/nid.pl\/wp-content\/uploads\/2022\/10\/logoRedDark.png\",\"width\":200,\"height\":197,\"caption\":\"Narodowy Instytut Dziedzictwa\"},\"image\":{\"@id\":\"https:\/\/nid.pl\/#\/schema\/logo\/image\/\"},\"sameAs\":[\"https:\/\/www.facebook.com\/zabytek\",\"https:\/\/x.com\/NarIDpl\",\"https:\/\/www.instagram.com\/nid.pl\/?hl=pl\",\"https:\/\/www.linkedin.com\/company\/narodowy-instytut-dziedzictwa\",\"https:\/\/www.youtube.com\/channel\/UCQXuhKa2uHtmNvLRUSx40JA\"]},{\"@type\":\"Person\",\"@id\":\"https:\/\/nid.pl\/#\/schema\/person\/9d848c4a54b78bc2a1461f1c5d8de615\",\"name\":\"Marta Or\u0119ziak\",\"image\":{\"@type\":\"ImageObject\",\"inLanguage\":\"en-GB\",\"@id\":\"https:\/\/nid.pl\/#\/schema\/person\/image\/\",\"url\":\"https:\/\/nid.pl\/wp-content\/litespeed\/avatar\/3cdc296a7eb01425272974c992bee3ea.jpg?ver=1777445267\",\"contentUrl\":\"https:\/\/nid.pl\/wp-content\/litespeed\/avatar\/3cdc296a7eb01425272974c992bee3ea.jpg?ver=1777445267\",\"caption\":\"Marta Or\u0119ziak\"},\"url\":\"https:\/\/nid.pl\/en\/author\/moreziak\/\"}]}<\/script>\n<!-- \/ Yoast SEO plugin. -->","yoast_head_json":{"title":"Europejski Szlak Ogrod\u00f3w Historycznych - NID","robots":{"index":"index","follow":"follow","max-snippet":"max-snippet:-1","max-image-preview":"max-image-preview:large","max-video-preview":"max-video-preview:-1"},"canonical":"https:\/\/nid.pl\/en\/2024\/04\/10\/europejski-szlak-ogrodow-historycznych\/","og_locale":"en_GB","og_type":"article","og_title":"Europejski Szlak Ogrod\u00f3w Historycznych - NID","og_description":"32. edycja Europejskich Dni Dziedzictwa odb\u0119dzie si\u0119 pod has\u0142em Szlaki.Sieci.Po\u0142\u0105czenia, kt\u00f3re jest bezpo\u015brednim nawi\u0105zaniem do Szlak\u00f3w Kulturowych Rady Europy. Rozpoczynamy nowy cykl #SzlakikulturoweEDD, w kt\u00f3rym jako pierwsze przybli\u017cymy malownicze ogrody, [&hellip;]","og_url":"https:\/\/nid.pl\/en\/2024\/04\/10\/europejski-szlak-ogrodow-historycznych\/","og_site_name":"NID","article_publisher":"https:\/\/www.facebook.com\/zabytek","article_published_time":"2024-04-10T11:59:30+00:00","article_modified_time":"2024-04-10T12:12:19+00:00","og_image":[{"width":1857,"height":1238,"url":"https:\/\/nid.pl\/wp-content\/uploads\/2024\/04\/Europejski-Szlak-Ogrodow-Historycznych_aktualnosci.jpg","type":"image\/jpeg"}],"author":"Marta Or\u0119ziak","twitter_card":"summary_large_image","twitter_creator":"@NarIDpl","twitter_site":"@NarIDpl","twitter_misc":{"Written by":"Marta Or\u0119ziak","Estimated reading time":"4 minutes"},"schema":{"@context":"https:\/\/schema.org","@graph":[{"@type":"Article","@id":"https:\/\/nid.pl\/2024\/04\/10\/europejski-szlak-ogrodow-historycznych\/#article","isPartOf":{"@id":"https:\/\/nid.pl\/2024\/04\/10\/europejski-szlak-ogrodow-historycznych\/"},"author":{"name":"Marta Or\u0119ziak","@id":"https:\/\/nid.pl\/#\/schema\/person\/9d848c4a54b78bc2a1461f1c5d8de615"},"headline":"Europejski Szlak Ogrod\u00f3w Historycznych","datePublished":"2024-04-10T11:59:30+00:00","dateModified":"2024-04-10T12:12:19+00:00","mainEntityOfPage":{"@id":"https:\/\/nid.pl\/2024\/04\/10\/europejski-szlak-ogrodow-historycznych\/"},"wordCount":548,"publisher":{"@id":"https:\/\/nid.pl\/#organization"},"image":{"@id":"https:\/\/nid.pl\/2024\/04\/10\/europejski-szlak-ogrodow-historycznych\/#primaryimage"},"thumbnailUrl":"https:\/\/nid.pl\/wp-content\/uploads\/2024\/04\/Europejski-Szlak-Ogrodow-Historycznych_aktualnosci.jpg","articleSection":["EDD"],"inLanguage":"en-GB"},{"@type":"WebPage","@id":"https:\/\/nid.pl\/2024\/04\/10\/europejski-szlak-ogrodow-historycznych\/","url":"https:\/\/nid.pl\/2024\/04\/10\/europejski-szlak-ogrodow-historycznych\/","name":"Europejski Szlak Ogrod\u00f3w Historycznych - NID","isPartOf":{"@id":"https:\/\/nid.pl\/#website"},"primaryImageOfPage":{"@id":"https:\/\/nid.pl\/2024\/04\/10\/europejski-szlak-ogrodow-historycznych\/#primaryimage"},"image":{"@id":"https:\/\/nid.pl\/2024\/04\/10\/europejski-szlak-ogrodow-historycznych\/#primaryimage"},"thumbnailUrl":"https:\/\/nid.pl\/wp-content\/uploads\/2024\/04\/Europejski-Szlak-Ogrodow-Historycznych_aktualnosci.jpg","datePublished":"2024-04-10T11:59:30+00:00","dateModified":"2024-04-10T12:12:19+00:00","breadcrumb":{"@id":"https:\/\/nid.pl\/2024\/04\/10\/europejski-szlak-ogrodow-historycznych\/#breadcrumb"},"inLanguage":"en-GB","potentialAction":[{"@type":"ReadAction","target":["https:\/\/nid.pl\/2024\/04\/10\/europejski-szlak-ogrodow-historycznych\/"]}]},{"@type":"ImageObject","inLanguage":"en-GB","@id":"https:\/\/nid.pl\/2024\/04\/10\/europejski-szlak-ogrodow-historycznych\/#primaryimage","url":"https:\/\/nid.pl\/wp-content\/uploads\/2024\/04\/Europejski-Szlak-Ogrodow-Historycznych_aktualnosci.jpg","contentUrl":"https:\/\/nid.pl\/wp-content\/uploads\/2024\/04\/Europejski-Szlak-Ogrodow-Historycznych_aktualnosci.jpg","width":1857,"height":1238,"caption":"magnolia rosn\u0105ca przez pa\u0142acem w Wilanowie"},{"@type":"BreadcrumbList","@id":"https:\/\/nid.pl\/2024\/04\/10\/europejski-szlak-ogrodow-historycznych\/#breadcrumb","itemListElement":[{"@type":"ListItem","position":1,"name":"Home","item":"https:\/\/nid.pl\/"},{"@type":"ListItem","position":2,"name":"Europejski Szlak Ogrod\u00f3w Historycznych"}]},{"@type":"WebSite","@id":"https:\/\/nid.pl\/#website","url":"https:\/\/nid.pl\/","name":"NID","description":"Narodowy Instytut Dziedzictwa","publisher":{"@id":"https:\/\/nid.pl\/#organization"},"potentialAction":[{"@type":"SearchAction","target":{"@type":"EntryPoint","urlTemplate":"https:\/\/nid.pl\/?s={search_term_string}"},"query-input":{"@type":"PropertyValueSpecification","valueRequired":true,"valueName":"search_term_string"}}],"inLanguage":"en-GB"},{"@type":"Organization","@id":"https:\/\/nid.pl\/#organization","name":"Narodowy Instytut Dziedzictwa","url":"https:\/\/nid.pl\/","logo":{"@type":"ImageObject","inLanguage":"en-GB","@id":"https:\/\/nid.pl\/#\/schema\/logo\/image\/","url":"https:\/\/nid.pl\/wp-content\/uploads\/2022\/10\/logoRedDark.png","contentUrl":"https:\/\/nid.pl\/wp-content\/uploads\/2022\/10\/logoRedDark.png","width":200,"height":197,"caption":"Narodowy Instytut Dziedzictwa"},"image":{"@id":"https:\/\/nid.pl\/#\/schema\/logo\/image\/"},"sameAs":["https:\/\/www.facebook.com\/zabytek","https:\/\/x.com\/NarIDpl","https:\/\/www.instagram.com\/nid.pl\/?hl=pl","https:\/\/www.linkedin.com\/company\/narodowy-instytut-dziedzictwa","https:\/\/www.youtube.com\/channel\/UCQXuhKa2uHtmNvLRUSx40JA"]},{"@type":"Person","@id":"https:\/\/nid.pl\/#\/schema\/person\/9d848c4a54b78bc2a1461f1c5d8de615","name":"Marta Or\u0119ziak","image":{"@type":"ImageObject","inLanguage":"en-GB","@id":"https:\/\/nid.pl\/#\/schema\/person\/image\/","url":"https:\/\/nid.pl\/wp-content\/litespeed\/avatar\/3cdc296a7eb01425272974c992bee3ea.jpg?ver=1777445267","contentUrl":"https:\/\/nid.pl\/wp-content\/litespeed\/avatar\/3cdc296a7eb01425272974c992bee3ea.jpg?ver=1777445267","caption":"Marta Or\u0119ziak"},"url":"https:\/\/nid.pl\/en\/author\/moreziak\/"}]}},"_links":{"self":[{"href":"https:\/\/nid.pl\/en\/wp-json\/wp\/v2\/posts\/17898","targetHints":{"allow":["GET"]}}],"collection":[{"href":"https:\/\/nid.pl\/en\/wp-json\/wp\/v2\/posts"}],"about":[{"href":"https:\/\/nid.pl\/en\/wp-json\/wp\/v2\/types\/post"}],"author":[{"embeddable":true,"href":"https:\/\/nid.pl\/en\/wp-json\/wp\/v2\/users\/4"}],"replies":[{"embeddable":true,"href":"https:\/\/nid.pl\/en\/wp-json\/wp\/v2\/comments?post=17898"}],"version-history":[{"count":0,"href":"https:\/\/nid.pl\/en\/wp-json\/wp\/v2\/posts\/17898\/revisions"}],"wp:featuredmedia":[{"embeddable":true,"href":"https:\/\/nid.pl\/en\/wp-json\/wp\/v2\/media\/17924"}],"wp:attachment":[{"href":"https:\/\/nid.pl\/en\/wp-json\/wp\/v2\/media?parent=17898"}],"wp:term":[{"taxonomy":"category","embeddable":true,"href":"https:\/\/nid.pl\/en\/wp-json\/wp\/v2\/categories?post=17898"},{"taxonomy":"post_tag","embeddable":true,"href":"https:\/\/nid.pl\/en\/wp-json\/wp\/v2\/tags?post=17898"}],"curies":[{"name":"wp","href":"https:\/\/api.w.org\/{rel}","templated":true}]}}