{"id":17406,"date":"2024-03-22T13:20:00","date_gmt":"2024-03-22T12:20:00","guid":{"rendered":"https:\/\/nid.pl\/?p=17406"},"modified":"2024-04-03T14:20:20","modified_gmt":"2024-04-03T12:20:20","slug":"podsumowanie-ii-webinarium-dla-koordynatorow-regionalnych-i-organizatorow-wydarzen","status":"publish","type":"post","link":"https:\/\/nid.pl\/en\/2024\/03\/22\/podsumowanie-ii-webinarium-dla-koordynatorow-regionalnych-i-organizatorow-wydarzen\/","title":{"rendered":"Podsumowanie II webinarium dla koordynator\u00f3w regionalnych i organizator\u00f3w wydarze\u0144"},"content":{"rendered":"<p><strong>21 marca odby\u0142o si\u0119 II webinarium Narodowego Instytutu Dziedzictwa dla organizator\u00f3w wydarze\u0144 i koordynator\u00f3w regionalnych Europejskich Dni Dziedzictwa. Spotkanie online by\u0142o doskona\u0142\u0105 okazj\u0105 do zapoznania si\u0119 z projektem EDD 2024 z perspektywy polskiej i europejskiej, Europejskim Szlakiem Ogrod\u00f3w Historycznych, Muzeami na \u015bwie\u017cym powietrzu w Polsce oraz budow\u0105 wizerunku i marki EDD.<\/strong><\/p>\n\n\n\n<p>El\u017cbieta Ofat \u2013 wicedyrektor NID otwieraj\u0105c spotkanie przypomnia\u0142a tegoroczne has\u0142o EDD, kt\u00f3re brzmi: <strong>Szlaki. Sieci. Po\u0142\u0105czenia.<\/strong> i zach\u0119ca\u0142a uczestnik\u00f3w do organizacji wydarze\u0144 \u0142\u0105cz\u0105cych si\u0119 z tym has\u0142em we wrze\u015bniu. Nast\u0119pnie \u0141ukasz Przybylak \u2013 wiceprezydent ERHG, om\u00f3wi\u0142 <em>Europejski Szlak Ogrod\u00f3w Historycznych, <\/em>przedstawiaj\u0105c histori\u0119 za\u0142o\u017cenia stowarzyszenia, drog\u0119 do certyfikacji Szlaku przez Rad\u0119 Europy oraz wsp\u00f3\u0142prac\u0119 mi\u0119dzynarodow\u0105 instytucji tworz\u0105cych szlak. Obecnie na szlaku znajduje si\u0119 47 ogrod\u00f3w, w tym 6 z Polski.<\/p>\n\n\n\n<p>Rol\u0119 muze\u00f3w \u2013 skansen\u00f3w w \u017cyciu cz\u0142owieka, w tym poznawania dawnych tradycji, dziedzictwa materialnego oraz niematerialnego przedstawi\u0142 Zbigniew Skuza \u2013 Prezes Stowarzyszenia Muze\u00f3w na Wolnym Powietrzu w Polsce, wicedyrektor Muzeum Wsi Radomskiej. Wizerunek i marka EDD to temat, o kt\u00f3ry m\u00f3wi\u0142a Dorota Anna Wr\u00f3blewska \u2013 Mentor Marki.<\/p>\n\n\n\n<p><strong>Dzi\u0119kujemy licznemu gronu uczestnik\u00f3w za wsp\u00f3lne spotkanie, a prelegentom za podzielenie si\u0119 wiedz\u0105 i do\u015bwiadczeniem. Dzi\u0119ki webinarium temat tegorocznej edycji EDD \u2013 Szlaki. Sieci. Po\u0142\u0105czenia. \u2013 staje nam si\u0119 bli\u017cszy i ciekawszy. Zach\u0119camy do poznawania i odkrywania szlak\u00f3w kulturowych w ca\u0142ej Polsce!<\/strong><\/p>\n\n\n\n<p>Prezentacje udost\u0119pniane podczas webinarium: <a href=\"https:\/\/nidpolska-my.sharepoint.com\/:f:\/g\/personal\/padamczyk_nid_pl\/Eglgla4BxDJJuebcL1MxnwcBbJVYRbANE-5m-z7gh1B4iQ?e=MnloG9\">prezentacje II webinarium<\/a>.<\/p>\n\n\n\n<p><\/p>\n\n\n\n<p><strong><span style=\"font-size:11.0pt;font-family:&quot;Muli Light&quot;;mso-fareast-font-family:Calibri;mso-fareast-theme-font:minor-latin;mso-bidi-font-family:Calibri;mso-ligatures:standardcontextual;mso-ansi-language:PL;mso-fareast-language:EN-US;mso-bidi-language:AR-SA\">Patronat medialny Europejskich Dni Dziedzictwa obj\u0119\u0142o Polskie Radio S.A<\/span>.<\/strong><\/p>\n\n\n\n<figure class=\"wp-block-image size-large is-resized\"><img loading=\"lazy\" decoding=\"async\" width=\"1024\" height=\"363\" src=\"https:\/\/nid.pl\/wp-content\/uploads\/2024\/04\/Polskie-Radio_logotyp-1024x363.jpg\" alt=\"\" class=\"wp-image-17575\" style=\"width:123px;height:auto\" srcset=\"https:\/\/nid.pl\/wp-content\/uploads\/2024\/04\/Polskie-Radio_logotyp-980x347.jpg 980w, https:\/\/nid.pl\/wp-content\/uploads\/2024\/04\/Polskie-Radio_logotyp-480x170.jpg 480w\" sizes=\"(min-width: 0px) and (max-width: 480px) 480px, (min-width: 481px) and (max-width: 980px) 980px, (min-width: 981px) 1024px, 100vw\" \/><\/figure>","protected":false},"excerpt":{"rendered":"<p>21 marca odby\u0142o si\u0119 II webinarium Narodowego Instytutu Dziedzictwa dla organizator\u00f3w wydarze\u0144 i koordynator\u00f3w regionalnych Europejskich Dni Dziedzictwa. Spotkanie online by\u0142o doskona\u0142\u0105 okazj\u0105 do zapoznania si\u0119 z projektem EDD 2024 [&hellip;]<\/p>","protected":false},"author":7,"featured_media":17408,"comment_status":"closed","ping_status":"closed","sticky":false,"template":"","format":"standard","meta":{"_et_pb_use_builder":"off","_et_pb_old_content":"","_et_gb_content_width":"","_monsterinsights_skip_tracking":false,"_monsterinsights_sitenote_active":false,"_monsterinsights_sitenote_note":"","_monsterinsights_sitenote_category":0,"footnotes":""},"categories":[89],"tags":[],"class_list":["post-17406","post","type-post","status-publish","format-standard","has-post-thumbnail","hentry","category-europejskie-dni-dziedzictwa"],"yoast_head":"<!-- This site is optimized with the Yoast SEO plugin v26.5 - https:\/\/yoast.com\/wordpress\/plugins\/seo\/ -->\n<title>Podsumowanie II webinarium dla koordynator\u00f3w regionalnych i organizator\u00f3w wydarze\u0144 - NID<\/title>\n<meta name=\"robots\" content=\"index, follow, max-snippet:-1, max-image-preview:large, max-video-preview:-1\" \/>\n<link rel=\"canonical\" href=\"https:\/\/nid.pl\/en\/2024\/03\/22\/podsumowanie-ii-webinarium-dla-koordynatorow-regionalnych-i-organizatorow-wydarzen\/\" \/>\n<meta property=\"og:locale\" content=\"en_GB\" \/>\n<meta property=\"og:type\" content=\"article\" \/>\n<meta property=\"og:title\" content=\"Podsumowanie II webinarium dla koordynator\u00f3w regionalnych i organizator\u00f3w wydarze\u0144 - NID\" \/>\n<meta property=\"og:description\" content=\"21 marca odby\u0142o si\u0119 II webinarium Narodowego Instytutu Dziedzictwa dla organizator\u00f3w wydarze\u0144 i koordynator\u00f3w regionalnych Europejskich Dni Dziedzictwa. Spotkanie online by\u0142o doskona\u0142\u0105 okazj\u0105 do zapoznania si\u0119 z projektem EDD 2024 [&hellip;]\" \/>\n<meta property=\"og:url\" content=\"https:\/\/nid.pl\/en\/2024\/03\/22\/podsumowanie-ii-webinarium-dla-koordynatorow-regionalnych-i-organizatorow-wydarzen\/\" \/>\n<meta property=\"og:site_name\" content=\"NID\" \/>\n<meta property=\"article:publisher\" content=\"https:\/\/www.facebook.com\/zabytek\" \/>\n<meta property=\"article:published_time\" content=\"2024-03-22T12:20:00+00:00\" \/>\n<meta property=\"article:modified_time\" content=\"2024-04-03T12:20:20+00:00\" \/>\n<meta property=\"og:image\" content=\"https:\/\/nid.pl\/wp-content\/uploads\/2024\/03\/Podsumowanie-II-webinarium-dla-koordynatorow-regionalnych-i-organizatorow-wydarzen.jpg\" \/>\n\t<meta property=\"og:image:width\" content=\"1850\" \/>\n\t<meta property=\"og:image:height\" content=\"1238\" \/>\n\t<meta property=\"og:image:type\" content=\"image\/jpeg\" \/>\n<meta name=\"author\" content=\"Barbara Halliop\" \/>\n<meta name=\"twitter:card\" content=\"summary_large_image\" \/>\n<meta name=\"twitter:creator\" content=\"@NarIDpl\" \/>\n<meta name=\"twitter:site\" content=\"@NarIDpl\" \/>\n<meta name=\"twitter:label1\" content=\"Written by\" \/>\n\t<meta name=\"twitter:data1\" content=\"Barbara Halliop\" \/>\n\t<meta name=\"twitter:label2\" content=\"Estimated reading time\" \/>\n\t<meta name=\"twitter:data2\" content=\"2 minutes\" \/>\n<script type=\"application\/ld+json\" class=\"yoast-schema-graph\">{\"@context\":\"https:\/\/schema.org\",\"@graph\":[{\"@type\":\"Article\",\"@id\":\"https:\/\/nid.pl\/2024\/03\/22\/podsumowanie-ii-webinarium-dla-koordynatorow-regionalnych-i-organizatorow-wydarzen\/#article\",\"isPartOf\":{\"@id\":\"https:\/\/nid.pl\/2024\/03\/22\/podsumowanie-ii-webinarium-dla-koordynatorow-regionalnych-i-organizatorow-wydarzen\/\"},\"author\":{\"name\":\"Barbara Halliop\",\"@id\":\"https:\/\/nid.pl\/#\/schema\/person\/1b690a8998a5111cfb9f0ffe24195a15\"},\"headline\":\"Podsumowanie II webinarium dla koordynator\u00f3w regionalnych i organizator\u00f3w wydarze\u0144\",\"datePublished\":\"2024-03-22T12:20:00+00:00\",\"dateModified\":\"2024-04-03T12:20:20+00:00\",\"mainEntityOfPage\":{\"@id\":\"https:\/\/nid.pl\/2024\/03\/22\/podsumowanie-ii-webinarium-dla-koordynatorow-regionalnych-i-organizatorow-wydarzen\/\"},\"wordCount\":274,\"publisher\":{\"@id\":\"https:\/\/nid.pl\/#organization\"},\"image\":{\"@id\":\"https:\/\/nid.pl\/2024\/03\/22\/podsumowanie-ii-webinarium-dla-koordynatorow-regionalnych-i-organizatorow-wydarzen\/#primaryimage\"},\"thumbnailUrl\":\"https:\/\/nid.pl\/wp-content\/uploads\/2024\/03\/Podsumowanie-II-webinarium-dla-koordynatorow-regionalnych-i-organizatorow-wydarzen.jpg\",\"articleSection\":[\"EDD\"],\"inLanguage\":\"en-GB\"},{\"@type\":\"WebPage\",\"@id\":\"https:\/\/nid.pl\/2024\/03\/22\/podsumowanie-ii-webinarium-dla-koordynatorow-regionalnych-i-organizatorow-wydarzen\/\",\"url\":\"https:\/\/nid.pl\/2024\/03\/22\/podsumowanie-ii-webinarium-dla-koordynatorow-regionalnych-i-organizatorow-wydarzen\/\",\"name\":\"Podsumowanie II webinarium dla koordynator\u00f3w regionalnych i organizator\u00f3w wydarze\u0144 - NID\",\"isPartOf\":{\"@id\":\"https:\/\/nid.pl\/#website\"},\"primaryImageOfPage\":{\"@id\":\"https:\/\/nid.pl\/2024\/03\/22\/podsumowanie-ii-webinarium-dla-koordynatorow-regionalnych-i-organizatorow-wydarzen\/#primaryimage\"},\"image\":{\"@id\":\"https:\/\/nid.pl\/2024\/03\/22\/podsumowanie-ii-webinarium-dla-koordynatorow-regionalnych-i-organizatorow-wydarzen\/#primaryimage\"},\"thumbnailUrl\":\"https:\/\/nid.pl\/wp-content\/uploads\/2024\/03\/Podsumowanie-II-webinarium-dla-koordynatorow-regionalnych-i-organizatorow-wydarzen.jpg\",\"datePublished\":\"2024-03-22T12:20:00+00:00\",\"dateModified\":\"2024-04-03T12:20:20+00:00\",\"breadcrumb\":{\"@id\":\"https:\/\/nid.pl\/2024\/03\/22\/podsumowanie-ii-webinarium-dla-koordynatorow-regionalnych-i-organizatorow-wydarzen\/#breadcrumb\"},\"inLanguage\":\"en-GB\",\"potentialAction\":[{\"@type\":\"ReadAction\",\"target\":[\"https:\/\/nid.pl\/2024\/03\/22\/podsumowanie-ii-webinarium-dla-koordynatorow-regionalnych-i-organizatorow-wydarzen\/\"]}]},{\"@type\":\"ImageObject\",\"inLanguage\":\"en-GB\",\"@id\":\"https:\/\/nid.pl\/2024\/03\/22\/podsumowanie-ii-webinarium-dla-koordynatorow-regionalnych-i-organizatorow-wydarzen\/#primaryimage\",\"url\":\"https:\/\/nid.pl\/wp-content\/uploads\/2024\/03\/Podsumowanie-II-webinarium-dla-koordynatorow-regionalnych-i-organizatorow-wydarzen.jpg\",\"contentUrl\":\"https:\/\/nid.pl\/wp-content\/uploads\/2024\/03\/Podsumowanie-II-webinarium-dla-koordynatorow-regionalnych-i-organizatorow-wydarzen.jpg\",\"width\":1850,\"height\":1238,\"caption\":\"Podsumowanie II webinarium dla koordynator\u00f3w regionalnych i organizator\u00f3w wydarze\u0144\"},{\"@type\":\"BreadcrumbList\",\"@id\":\"https:\/\/nid.pl\/2024\/03\/22\/podsumowanie-ii-webinarium-dla-koordynatorow-regionalnych-i-organizatorow-wydarzen\/#breadcrumb\",\"itemListElement\":[{\"@type\":\"ListItem\",\"position\":1,\"name\":\"Home\",\"item\":\"https:\/\/nid.pl\/\"},{\"@type\":\"ListItem\",\"position\":2,\"name\":\"Podsumowanie II webinarium dla koordynator\u00f3w regionalnych i organizator\u00f3w wydarze\u0144\"}]},{\"@type\":\"WebSite\",\"@id\":\"https:\/\/nid.pl\/#website\",\"url\":\"https:\/\/nid.pl\/\",\"name\":\"NID\",\"description\":\"Narodowy Instytut Dziedzictwa\",\"publisher\":{\"@id\":\"https:\/\/nid.pl\/#organization\"},\"potentialAction\":[{\"@type\":\"SearchAction\",\"target\":{\"@type\":\"EntryPoint\",\"urlTemplate\":\"https:\/\/nid.pl\/?s={search_term_string}\"},\"query-input\":{\"@type\":\"PropertyValueSpecification\",\"valueRequired\":true,\"valueName\":\"search_term_string\"}}],\"inLanguage\":\"en-GB\"},{\"@type\":\"Organization\",\"@id\":\"https:\/\/nid.pl\/#organization\",\"name\":\"Narodowy Instytut Dziedzictwa\",\"url\":\"https:\/\/nid.pl\/\",\"logo\":{\"@type\":\"ImageObject\",\"inLanguage\":\"en-GB\",\"@id\":\"https:\/\/nid.pl\/#\/schema\/logo\/image\/\",\"url\":\"https:\/\/nid.pl\/wp-content\/uploads\/2022\/10\/logoRedDark.png\",\"contentUrl\":\"https:\/\/nid.pl\/wp-content\/uploads\/2022\/10\/logoRedDark.png\",\"width\":200,\"height\":197,\"caption\":\"Narodowy Instytut Dziedzictwa\"},\"image\":{\"@id\":\"https:\/\/nid.pl\/#\/schema\/logo\/image\/\"},\"sameAs\":[\"https:\/\/www.facebook.com\/zabytek\",\"https:\/\/x.com\/NarIDpl\",\"https:\/\/www.instagram.com\/nid.pl\/?hl=pl\",\"https:\/\/www.linkedin.com\/company\/narodowy-instytut-dziedzictwa\",\"https:\/\/www.youtube.com\/channel\/UCQXuhKa2uHtmNvLRUSx40JA\"]},{\"@type\":\"Person\",\"@id\":\"https:\/\/nid.pl\/#\/schema\/person\/1b690a8998a5111cfb9f0ffe24195a15\",\"name\":\"Barbara Halliop\",\"image\":{\"@type\":\"ImageObject\",\"inLanguage\":\"en-GB\",\"@id\":\"https:\/\/nid.pl\/#\/schema\/person\/image\/\",\"url\":\"https:\/\/nid.pl\/wp-content\/litespeed\/avatar\/924046d17dd0c842c9fa9ccf489bc6dc.jpg?ver=1777444967\",\"contentUrl\":\"https:\/\/nid.pl\/wp-content\/litespeed\/avatar\/924046d17dd0c842c9fa9ccf489bc6dc.jpg?ver=1777444967\",\"caption\":\"Barbara Halliop\"},\"url\":\"https:\/\/nid.pl\/en\/author\/bhalliop\/\"}]}<\/script>\n<!-- \/ Yoast SEO plugin. -->","yoast_head_json":{"title":"Podsumowanie II webinarium dla koordynator\u00f3w regionalnych i organizator\u00f3w wydarze\u0144 - NID","robots":{"index":"index","follow":"follow","max-snippet":"max-snippet:-1","max-image-preview":"max-image-preview:large","max-video-preview":"max-video-preview:-1"},"canonical":"https:\/\/nid.pl\/en\/2024\/03\/22\/podsumowanie-ii-webinarium-dla-koordynatorow-regionalnych-i-organizatorow-wydarzen\/","og_locale":"en_GB","og_type":"article","og_title":"Podsumowanie II webinarium dla koordynator\u00f3w regionalnych i organizator\u00f3w wydarze\u0144 - NID","og_description":"21 marca odby\u0142o si\u0119 II webinarium Narodowego Instytutu Dziedzictwa dla organizator\u00f3w wydarze\u0144 i koordynator\u00f3w regionalnych Europejskich Dni Dziedzictwa. Spotkanie online by\u0142o doskona\u0142\u0105 okazj\u0105 do zapoznania si\u0119 z projektem EDD 2024 [&hellip;]","og_url":"https:\/\/nid.pl\/en\/2024\/03\/22\/podsumowanie-ii-webinarium-dla-koordynatorow-regionalnych-i-organizatorow-wydarzen\/","og_site_name":"NID","article_publisher":"https:\/\/www.facebook.com\/zabytek","article_published_time":"2024-03-22T12:20:00+00:00","article_modified_time":"2024-04-03T12:20:20+00:00","og_image":[{"width":1850,"height":1238,"url":"https:\/\/nid.pl\/wp-content\/uploads\/2024\/03\/Podsumowanie-II-webinarium-dla-koordynatorow-regionalnych-i-organizatorow-wydarzen.jpg","type":"image\/jpeg"}],"author":"Barbara Halliop","twitter_card":"summary_large_image","twitter_creator":"@NarIDpl","twitter_site":"@NarIDpl","twitter_misc":{"Written by":"Barbara Halliop","Estimated reading time":"2 minutes"},"schema":{"@context":"https:\/\/schema.org","@graph":[{"@type":"Article","@id":"https:\/\/nid.pl\/2024\/03\/22\/podsumowanie-ii-webinarium-dla-koordynatorow-regionalnych-i-organizatorow-wydarzen\/#article","isPartOf":{"@id":"https:\/\/nid.pl\/2024\/03\/22\/podsumowanie-ii-webinarium-dla-koordynatorow-regionalnych-i-organizatorow-wydarzen\/"},"author":{"name":"Barbara Halliop","@id":"https:\/\/nid.pl\/#\/schema\/person\/1b690a8998a5111cfb9f0ffe24195a15"},"headline":"Podsumowanie II webinarium dla koordynator\u00f3w regionalnych i organizator\u00f3w wydarze\u0144","datePublished":"2024-03-22T12:20:00+00:00","dateModified":"2024-04-03T12:20:20+00:00","mainEntityOfPage":{"@id":"https:\/\/nid.pl\/2024\/03\/22\/podsumowanie-ii-webinarium-dla-koordynatorow-regionalnych-i-organizatorow-wydarzen\/"},"wordCount":274,"publisher":{"@id":"https:\/\/nid.pl\/#organization"},"image":{"@id":"https:\/\/nid.pl\/2024\/03\/22\/podsumowanie-ii-webinarium-dla-koordynatorow-regionalnych-i-organizatorow-wydarzen\/#primaryimage"},"thumbnailUrl":"https:\/\/nid.pl\/wp-content\/uploads\/2024\/03\/Podsumowanie-II-webinarium-dla-koordynatorow-regionalnych-i-organizatorow-wydarzen.jpg","articleSection":["EDD"],"inLanguage":"en-GB"},{"@type":"WebPage","@id":"https:\/\/nid.pl\/2024\/03\/22\/podsumowanie-ii-webinarium-dla-koordynatorow-regionalnych-i-organizatorow-wydarzen\/","url":"https:\/\/nid.pl\/2024\/03\/22\/podsumowanie-ii-webinarium-dla-koordynatorow-regionalnych-i-organizatorow-wydarzen\/","name":"Podsumowanie II webinarium dla koordynator\u00f3w regionalnych i organizator\u00f3w wydarze\u0144 - NID","isPartOf":{"@id":"https:\/\/nid.pl\/#website"},"primaryImageOfPage":{"@id":"https:\/\/nid.pl\/2024\/03\/22\/podsumowanie-ii-webinarium-dla-koordynatorow-regionalnych-i-organizatorow-wydarzen\/#primaryimage"},"image":{"@id":"https:\/\/nid.pl\/2024\/03\/22\/podsumowanie-ii-webinarium-dla-koordynatorow-regionalnych-i-organizatorow-wydarzen\/#primaryimage"},"thumbnailUrl":"https:\/\/nid.pl\/wp-content\/uploads\/2024\/03\/Podsumowanie-II-webinarium-dla-koordynatorow-regionalnych-i-organizatorow-wydarzen.jpg","datePublished":"2024-03-22T12:20:00+00:00","dateModified":"2024-04-03T12:20:20+00:00","breadcrumb":{"@id":"https:\/\/nid.pl\/2024\/03\/22\/podsumowanie-ii-webinarium-dla-koordynatorow-regionalnych-i-organizatorow-wydarzen\/#breadcrumb"},"inLanguage":"en-GB","potentialAction":[{"@type":"ReadAction","target":["https:\/\/nid.pl\/2024\/03\/22\/podsumowanie-ii-webinarium-dla-koordynatorow-regionalnych-i-organizatorow-wydarzen\/"]}]},{"@type":"ImageObject","inLanguage":"en-GB","@id":"https:\/\/nid.pl\/2024\/03\/22\/podsumowanie-ii-webinarium-dla-koordynatorow-regionalnych-i-organizatorow-wydarzen\/#primaryimage","url":"https:\/\/nid.pl\/wp-content\/uploads\/2024\/03\/Podsumowanie-II-webinarium-dla-koordynatorow-regionalnych-i-organizatorow-wydarzen.jpg","contentUrl":"https:\/\/nid.pl\/wp-content\/uploads\/2024\/03\/Podsumowanie-II-webinarium-dla-koordynatorow-regionalnych-i-organizatorow-wydarzen.jpg","width":1850,"height":1238,"caption":"Podsumowanie II webinarium dla koordynator\u00f3w regionalnych i organizator\u00f3w wydarze\u0144"},{"@type":"BreadcrumbList","@id":"https:\/\/nid.pl\/2024\/03\/22\/podsumowanie-ii-webinarium-dla-koordynatorow-regionalnych-i-organizatorow-wydarzen\/#breadcrumb","itemListElement":[{"@type":"ListItem","position":1,"name":"Home","item":"https:\/\/nid.pl\/"},{"@type":"ListItem","position":2,"name":"Podsumowanie II webinarium dla koordynator\u00f3w regionalnych i organizator\u00f3w wydarze\u0144"}]},{"@type":"WebSite","@id":"https:\/\/nid.pl\/#website","url":"https:\/\/nid.pl\/","name":"NID","description":"Narodowy Instytut Dziedzictwa","publisher":{"@id":"https:\/\/nid.pl\/#organization"},"potentialAction":[{"@type":"SearchAction","target":{"@type":"EntryPoint","urlTemplate":"https:\/\/nid.pl\/?s={search_term_string}"},"query-input":{"@type":"PropertyValueSpecification","valueRequired":true,"valueName":"search_term_string"}}],"inLanguage":"en-GB"},{"@type":"Organization","@id":"https:\/\/nid.pl\/#organization","name":"Narodowy Instytut Dziedzictwa","url":"https:\/\/nid.pl\/","logo":{"@type":"ImageObject","inLanguage":"en-GB","@id":"https:\/\/nid.pl\/#\/schema\/logo\/image\/","url":"https:\/\/nid.pl\/wp-content\/uploads\/2022\/10\/logoRedDark.png","contentUrl":"https:\/\/nid.pl\/wp-content\/uploads\/2022\/10\/logoRedDark.png","width":200,"height":197,"caption":"Narodowy Instytut Dziedzictwa"},"image":{"@id":"https:\/\/nid.pl\/#\/schema\/logo\/image\/"},"sameAs":["https:\/\/www.facebook.com\/zabytek","https:\/\/x.com\/NarIDpl","https:\/\/www.instagram.com\/nid.pl\/?hl=pl","https:\/\/www.linkedin.com\/company\/narodowy-instytut-dziedzictwa","https:\/\/www.youtube.com\/channel\/UCQXuhKa2uHtmNvLRUSx40JA"]},{"@type":"Person","@id":"https:\/\/nid.pl\/#\/schema\/person\/1b690a8998a5111cfb9f0ffe24195a15","name":"Barbara Halliop","image":{"@type":"ImageObject","inLanguage":"en-GB","@id":"https:\/\/nid.pl\/#\/schema\/person\/image\/","url":"https:\/\/nid.pl\/wp-content\/litespeed\/avatar\/924046d17dd0c842c9fa9ccf489bc6dc.jpg?ver=1777444967","contentUrl":"https:\/\/nid.pl\/wp-content\/litespeed\/avatar\/924046d17dd0c842c9fa9ccf489bc6dc.jpg?ver=1777444967","caption":"Barbara Halliop"},"url":"https:\/\/nid.pl\/en\/author\/bhalliop\/"}]}},"_links":{"self":[{"href":"https:\/\/nid.pl\/en\/wp-json\/wp\/v2\/posts\/17406","targetHints":{"allow":["GET"]}}],"collection":[{"href":"https:\/\/nid.pl\/en\/wp-json\/wp\/v2\/posts"}],"about":[{"href":"https:\/\/nid.pl\/en\/wp-json\/wp\/v2\/types\/post"}],"author":[{"embeddable":true,"href":"https:\/\/nid.pl\/en\/wp-json\/wp\/v2\/users\/7"}],"replies":[{"embeddable":true,"href":"https:\/\/nid.pl\/en\/wp-json\/wp\/v2\/comments?post=17406"}],"version-history":[{"count":0,"href":"https:\/\/nid.pl\/en\/wp-json\/wp\/v2\/posts\/17406\/revisions"}],"wp:featuredmedia":[{"embeddable":true,"href":"https:\/\/nid.pl\/en\/wp-json\/wp\/v2\/media\/17408"}],"wp:attachment":[{"href":"https:\/\/nid.pl\/en\/wp-json\/wp\/v2\/media?parent=17406"}],"wp:term":[{"taxonomy":"category","embeddable":true,"href":"https:\/\/nid.pl\/en\/wp-json\/wp\/v2\/categories?post=17406"},{"taxonomy":"post_tag","embeddable":true,"href":"https:\/\/nid.pl\/en\/wp-json\/wp\/v2\/tags?post=17406"}],"curies":[{"name":"wp","href":"https:\/\/api.w.org\/{rel}","templated":true}]}}